    {"id":10931,"date":"2018-03-27T13:00:35","date_gmt":"2018-03-27T16:00:35","guid":{"rendered":"https:\/\/gersonguelmann.com.br\/blog\/?p=10931"},"modified":"2018-03-27T12:23:38","modified_gmt":"2018-03-27T15:23:38","slug":"lula-ovos-fake","status":"publish","type":"post","link":"https:\/\/gersonguelmann.com.br\/blog\/lula-ovos-fake\/","title":{"rendered":"Lula e os Ovos Fake"},"content":{"rendered":"<p><span style=\"font-family: verdana, geneva, sans-serif; font-size: 14pt; color: #000000;\">Obriga\u00e7\u00e3o de Blogueiro \u00e9 pesquisar acerca do que publica.<\/span><\/p>\n<p><span style=\"font-family: verdana, geneva, sans-serif; font-size: 14pt; color: #000000;\">Posso at\u00e9 cometer um ou outro erro, mas n\u00e3o publico absolutamente nada sem pesquisar.<\/span><\/p>\n<p><span style=\"font-family: verdana, geneva, sans-serif; font-size: 14pt; color: #000000;\">Hoje comecei a receber uma foto mostrando o ex-presidente Lula atingido por ovos em Santa Catarina.\u00a0<\/span><\/p>\n<p><span style=\"font-family: verdana, geneva, sans-serif; font-size: 14pt; color: #000000;\">A foto \u00e9 esta:<\/span><\/p>\n<p style=\"text-align: center;\"><img data-recalc-dims=\"1\" fetchpriority=\"high\" decoding=\"async\" data-attachment-id=\"10932\" data-permalink=\"https:\/\/gersonguelmann.com.br\/blog\/lula-ovos-fake\/lula-4\/\" data-orig-file=\"https:\/\/i0.wp.com\/gersonguelmann.com.br\/blog\/wp-content\/uploads\/2018\/03\/Lula-3.jpg?fit=480%2C607&amp;ssl=1\" data-orig-size=\"480,607\" data-comments-opened=\"1\" data-image-meta=\"{&quot;aperture&quot;:&quot;0&quot;,&quot;credit&quot;:&quot;&quot;,&quot;camera&quot;:&quot;&quot;,&quot;caption&quot;:&quot;&quot;,&quot;created_timestamp&quot;:&quot;0&quot;,&quot;copyright&quot;:&quot;&quot;,&quot;focal_length&quot;:&quot;0&quot;,&quot;iso&quot;:&quot;0&quot;,&quot;shutter_speed&quot;:&quot;0&quot;,&quot;title&quot;:&quot;&quot;,&quot;orientation&quot;:&quot;0&quot;}\" data-image-title=\"Lula\" data-image-description=\"\" data-image-caption=\"\" data-medium-file=\"https:\/\/i0.wp.com\/gersonguelmann.com.br\/blog\/wp-content\/uploads\/2018\/03\/Lula-3.jpg?fit=237%2C300&amp;ssl=1\" data-large-file=\"https:\/\/i0.wp.com\/gersonguelmann.com.br\/blog\/wp-content\/uploads\/2018\/03\/Lula-3.jpg?fit=480%2C607&amp;ssl=1\" class=\"alignnone size-medium wp-image-10932\" src=\"https:\/\/i0.wp.com\/gersonguelmann.com.br\/blog\/wp-content\/uploads\/2018\/03\/Lula-3.jpg?resize=237%2C300&#038;ssl=1\" alt=\"\" width=\"237\" height=\"300\" srcset=\"https:\/\/i0.wp.com\/gersonguelmann.com.br\/blog\/wp-content\/uploads\/2018\/03\/Lula-3.jpg?resize=237%2C300&amp;ssl=1 237w, https:\/\/i0.wp.com\/gersonguelmann.com.br\/blog\/wp-content\/uploads\/2018\/03\/Lula-3.jpg?w=480&amp;ssl=1 480w\" sizes=\"(max-width: 237px) 100vw, 237px\" \/><\/p>\n<p><span style=\"font-family: verdana, geneva, sans-serif; font-size: 14pt; color: #000000;\">Desde que recebi a primeira mensagem me pareceu que havia algo errado com a imagem.<\/span><\/p>\n<p><span style=\"font-family: verdana, geneva, sans-serif; font-size: 14pt; color: #000000;\">Procurei na internet e n\u00e3o h\u00e1 nenhuma men\u00e7\u00e3o ao fato de ele ter sido atingido.<\/span><\/p>\n<p><span style=\"font-family: verdana, geneva, sans-serif; font-size: 14pt; color: #000000;\">Logo em seguida recebi a foto verdadeira:<\/span><\/p>\n<p style=\"text-align: center;\"><img data-recalc-dims=\"1\" decoding=\"async\" data-attachment-id=\"10933\" data-permalink=\"https:\/\/gersonguelmann.com.br\/blog\/lula-ovos-fake\/fake\/\" data-orig-file=\"https:\/\/i0.wp.com\/gersonguelmann.com.br\/blog\/wp-content\/uploads\/2018\/03\/Fake.jpg?fit=1007%2C1280&amp;ssl=1\" data-orig-size=\"1007,1280\" data-comments-opened=\"1\" data-image-meta=\"{&quot;aperture&quot;:&quot;0&quot;,&quot;credit&quot;:&quot;&quot;,&quot;camera&quot;:&quot;&quot;,&quot;caption&quot;:&quot;&quot;,&quot;created_timestamp&quot;:&quot;0&quot;,&quot;copyright&quot;:&quot;&quot;,&quot;focal_length&quot;:&quot;0&quot;,&quot;iso&quot;:&quot;0&quot;,&quot;shutter_speed&quot;:&quot;0&quot;,&quot;title&quot;:&quot;&quot;,&quot;orientation&quot;:&quot;0&quot;}\" data-image-title=\"Fake\" data-image-description=\"\" data-image-caption=\"\" data-medium-file=\"https:\/\/i0.wp.com\/gersonguelmann.com.br\/blog\/wp-content\/uploads\/2018\/03\/Fake.jpg?fit=236%2C300&amp;ssl=1\" data-large-file=\"https:\/\/i0.wp.com\/gersonguelmann.com.br\/blog\/wp-content\/uploads\/2018\/03\/Fake.jpg?fit=640%2C813&amp;ssl=1\" class=\"alignnone size-medium wp-image-10933\" src=\"https:\/\/i0.wp.com\/gersonguelmann.com.br\/blog\/wp-content\/uploads\/2018\/03\/Fake.jpg?resize=236%2C300&#038;ssl=1\" alt=\"\" width=\"236\" height=\"300\" srcset=\"https:\/\/i0.wp.com\/gersonguelmann.com.br\/blog\/wp-content\/uploads\/2018\/03\/Fake.jpg?resize=236%2C300&amp;ssl=1 236w, https:\/\/i0.wp.com\/gersonguelmann.com.br\/blog\/wp-content\/uploads\/2018\/03\/Fake.jpg?resize=768%2C976&amp;ssl=1 768w, https:\/\/i0.wp.com\/gersonguelmann.com.br\/blog\/wp-content\/uploads\/2018\/03\/Fake.jpg?resize=806%2C1024&amp;ssl=1 806w, https:\/\/i0.wp.com\/gersonguelmann.com.br\/blog\/wp-content\/uploads\/2018\/03\/Fake.jpg?w=1007&amp;ssl=1 1007w\" sizes=\"(max-width: 236px) 100vw, 236px\" \/><\/p>\n<p><span style=\"font-family: verdana, geneva, sans-serif; font-size: 14pt; color: #000000;\">N\u00e3o sei quem \u00e9. S\u00f3 espero apenas que n\u00e3o seja a fake do fake.<\/span><\/p>\n","protected":false},"excerpt":{"rendered":"<p>Obriga\u00e7\u00e3o de Blogueiro \u00e9 pesquisar acerca do que publica. Posso at\u00e9 cometer um ou outro erro, mas n\u00e3o publico absolutamente nada sem pesquisar. Hoje comecei a receber uma foto mostrando o ex-presidente Lula atingido por ovos em Santa Catarina.\u00a0 A foto \u00e9 esta: Desde que recebi a primeira mensagem me pareceu que havia algo errado [&hellip;]<\/p>\n","protected":false},"author":5,"featured_media":10932,"comment_status":"open","ping_status":"open","sticky":false,"template":"","format":"standard","meta":{"_acf_changed":false,"jetpack_post_was_ever_published":false,"_jetpack_newsletter_access":"","_jetpack_dont_email_post_to_subs":false,"_jetpack_newsletter_tier_id":0,"_jetpack_memberships_contains_paywalled_content":false,"_jetpack_memberships_contains_paid_content":false,"footnotes":"","jetpack_publicize_message":"","jetpack_publicize_feature_enabled":true,"jetpack_social_post_already_shared":true,"jetpack_social_options":{"image_generator_settings":{"template":"highway","default_image_id":0,"font":"","enabled":false},"version":2}},"categories":[1],"tags":[],"class_list":["post-10931","post","type-post","status-publish","format-standard","has-post-thumbnail","hentry","category-sem-categoria"],"acf":[],"yoast_head":"<!-- This site is optimized with the Yoast SEO plugin v27.3 - https:\/\/yoast.com\/product\/yoast-seo-wordpress\/ -->\n<title>Lula e os Ovos Fake | Blog do Guelmann<\/title>\n<meta name=\"robots\" content=\"index, follow, max-snippet:-1, max-image-preview:large, max-video-preview:-1\" \/>\n<link rel=\"canonical\" href=\"https:\/\/gersonguelmann.com.br\/blog\/lula-ovos-fake\/\" \/>\n<meta property=\"og:locale\" content=\"pt_BR\" \/>\n<meta property=\"og:type\" content=\"article\" \/>\n<meta property=\"og:title\" content=\"Lula e os Ovos Fake | Blog do Guelmann\" \/>\n<meta property=\"og:description\" content=\"Obriga\u00e7\u00e3o de Blogueiro \u00e9 pesquisar acerca do que publica. Posso at\u00e9 cometer um ou outro erro, mas n\u00e3o publico absolutamente nada sem pesquisar. Hoje comecei a receber uma foto mostrando o ex-presidente Lula atingido por ovos em Santa Catarina.\u00a0 A foto \u00e9 esta: Desde que recebi a primeira mensagem me pareceu que havia algo errado [&hellip;]\" \/>\n<meta property=\"og:url\" content=\"https:\/\/gersonguelmann.com.br\/blog\/lula-ovos-fake\/\" \/>\n<meta property=\"og:site_name\" content=\"Blog do Guelmann\" \/>\n<meta property=\"article:published_time\" content=\"2018-03-27T16:00:35+00:00\" \/>\n<meta property=\"og:image\" content=\"https:\/\/i0.wp.com\/gersonguelmann.com.br\/blog\/wp-content\/uploads\/2018\/03\/Lula-3.jpg?fit=480%2C607&ssl=1\" \/>\n\t<meta property=\"og:image:width\" content=\"480\" \/>\n\t<meta property=\"og:image:height\" content=\"607\" \/>\n\t<meta property=\"og:image:type\" content=\"image\/jpeg\" \/>\n<meta name=\"author\" content=\"Gerson Guelmann\" \/>\n<meta name=\"twitter:card\" content=\"summary_large_image\" \/>\n<meta name=\"twitter:label1\" content=\"Escrito por\" \/>\n\t<meta name=\"twitter:data1\" content=\"Gerson Guelmann\" \/>\n<script type=\"application\/ld+json\" class=\"yoast-schema-graph\">{\"@context\":\"https:\\\/\\\/schema.org\",\"@graph\":[{\"@type\":\"Article\",\"@id\":\"https:\\\/\\\/gersonguelmann.com.br\\\/blog\\\/lula-ovos-fake\\\/#article\",\"isPartOf\":{\"@id\":\"https:\\\/\\\/gersonguelmann.com.br\\\/blog\\\/lula-ovos-fake\\\/\"},\"author\":{\"name\":\"Gerson Guelmann\",\"@id\":\"https:\\\/\\\/gersonguelmann.com.br\\\/blog\\\/#\\\/schema\\\/person\\\/87e70e2a786888082f941a482c90569e\"},\"headline\":\"Lula e os Ovos Fake\",\"datePublished\":\"2018-03-27T16:00:35+00:00\",\"mainEntityOfPage\":{\"@id\":\"https:\\\/\\\/gersonguelmann.com.br\\\/blog\\\/lula-ovos-fake\\\/\"},\"wordCount\":102,\"commentCount\":2,\"image\":{\"@id\":\"https:\\\/\\\/gersonguelmann.com.br\\\/blog\\\/lula-ovos-fake\\\/#primaryimage\"},\"thumbnailUrl\":\"https:\\\/\\\/i0.wp.com\\\/gersonguelmann.com.br\\\/blog\\\/wp-content\\\/uploads\\\/2018\\\/03\\\/Lula-3.jpg?fit=480%2C607&ssl=1\",\"inLanguage\":\"pt-BR\",\"potentialAction\":[{\"@type\":\"CommentAction\",\"name\":\"Comment\",\"target\":[\"https:\\\/\\\/gersonguelmann.com.br\\\/blog\\\/lula-ovos-fake\\\/#respond\"]}]},{\"@type\":\"WebPage\",\"@id\":\"https:\\\/\\\/gersonguelmann.com.br\\\/blog\\\/lula-ovos-fake\\\/\",\"url\":\"https:\\\/\\\/gersonguelmann.com.br\\\/blog\\\/lula-ovos-fake\\\/\",\"name\":\"Lula e os Ovos Fake | Blog do Guelmann\",\"isPartOf\":{\"@id\":\"https:\\\/\\\/gersonguelmann.com.br\\\/blog\\\/#website\"},\"primaryImageOfPage\":{\"@id\":\"https:\\\/\\\/gersonguelmann.com.br\\\/blog\\\/lula-ovos-fake\\\/#primaryimage\"},\"image\":{\"@id\":\"https:\\\/\\\/gersonguelmann.com.br\\\/blog\\\/lula-ovos-fake\\\/#primaryimage\"},\"thumbnailUrl\":\"https:\\\/\\\/i0.wp.com\\\/gersonguelmann.com.br\\\/blog\\\/wp-content\\\/uploads\\\/2018\\\/03\\\/Lula-3.jpg?fit=480%2C607&ssl=1\",\"datePublished\":\"2018-03-27T16:00:35+00:00\",\"author\":{\"@id\":\"https:\\\/\\\/gersonguelmann.com.br\\\/blog\\\/#\\\/schema\\\/person\\\/87e70e2a786888082f941a482c90569e\"},\"inLanguage\":\"pt-BR\",\"potentialAction\":[{\"@type\":\"ReadAction\",\"target\":[\"https:\\\/\\\/gersonguelmann.com.br\\\/blog\\\/lula-ovos-fake\\\/\"]}]},{\"@type\":\"ImageObject\",\"inLanguage\":\"pt-BR\",\"@id\":\"https:\\\/\\\/gersonguelmann.com.br\\\/blog\\\/lula-ovos-fake\\\/#primaryimage\",\"url\":\"https:\\\/\\\/i0.wp.com\\\/gersonguelmann.com.br\\\/blog\\\/wp-content\\\/uploads\\\/2018\\\/03\\\/Lula-3.jpg?fit=480%2C607&ssl=1\",\"contentUrl\":\"https:\\\/\\\/i0.wp.com\\\/gersonguelmann.com.br\\\/blog\\\/wp-content\\\/uploads\\\/2018\\\/03\\\/Lula-3.jpg?fit=480%2C607&ssl=1\",\"width\":480,\"height\":607},{\"@type\":\"WebSite\",\"@id\":\"https:\\\/\\\/gersonguelmann.com.br\\\/blog\\\/#website\",\"url\":\"https:\\\/\\\/gersonguelmann.com.br\\\/blog\\\/\",\"name\":\"Blog do Guelmann\",\"description\":\"Pitadas da sabedoria e do humor judaicos, assuntos do momento e um pouco das hist\u00f3rias que vivi e testemunhei.\",\"potentialAction\":[{\"@type\":\"SearchAction\",\"target\":{\"@type\":\"EntryPoint\",\"urlTemplate\":\"https:\\\/\\\/gersonguelmann.com.br\\\/blog\\\/?s={search_term_string}\"},\"query-input\":{\"@type\":\"PropertyValueSpecification\",\"valueRequired\":true,\"valueName\":\"search_term_string\"}}],\"inLanguage\":\"pt-BR\"},{\"@type\":\"Person\",\"@id\":\"https:\\\/\\\/gersonguelmann.com.br\\\/blog\\\/#\\\/schema\\\/person\\\/87e70e2a786888082f941a482c90569e\",\"name\":\"Gerson Guelmann\",\"image\":{\"@type\":\"ImageObject\",\"inLanguage\":\"pt-BR\",\"@id\":\"https:\\\/\\\/i0.wp.com\\\/gersonguelmann.com.br\\\/blog\\\/wp-content\\\/uploads\\\/2021\\\/08\\\/BLOG.jpeg?fit=96%2C96&ssl=1\",\"url\":\"https:\\\/\\\/i0.wp.com\\\/gersonguelmann.com.br\\\/blog\\\/wp-content\\\/uploads\\\/2021\\\/08\\\/BLOG.jpeg?fit=96%2C96&ssl=1\",\"contentUrl\":\"https:\\\/\\\/i0.wp.com\\\/gersonguelmann.com.br\\\/blog\\\/wp-content\\\/uploads\\\/2021\\\/08\\\/BLOG.jpeg?fit=96%2C96&ssl=1\",\"caption\":\"Gerson Guelmann\"},\"description\":\"Pitadas da sabedoria e do humor judaicos, assuntos do momento e um pouco das hist\u00f3rias que vivi e testemunhei.\"}]}<\/script>\n<!-- \/ Yoast SEO plugin. -->","yoast_head_json":{"title":"Lula e os Ovos Fake | Blog do Guelmann","robots":{"index":"index","follow":"follow","max-snippet":"max-snippet:-1","max-image-preview":"max-image-preview:large","max-video-preview":"max-video-preview:-1"},"canonical":"https:\/\/gersonguelmann.com.br\/blog\/lula-ovos-fake\/","og_locale":"pt_BR","og_type":"article","og_title":"Lula e os Ovos Fake | Blog do Guelmann","og_description":"Obriga\u00e7\u00e3o de Blogueiro \u00e9 pesquisar acerca do que publica. Posso at\u00e9 cometer um ou outro erro, mas n\u00e3o publico absolutamente nada sem pesquisar. Hoje comecei a receber uma foto mostrando o ex-presidente Lula atingido por ovos em Santa Catarina.\u00a0 A foto \u00e9 esta: Desde que recebi a primeira mensagem me pareceu que havia algo errado [&hellip;]","og_url":"https:\/\/gersonguelmann.com.br\/blog\/lula-ovos-fake\/","og_site_name":"Blog do Guelmann","article_published_time":"2018-03-27T16:00:35+00:00","og_image":[{"width":480,"height":607,"url":"https:\/\/i0.wp.com\/gersonguelmann.com.br\/blog\/wp-content\/uploads\/2018\/03\/Lula-3.jpg?fit=480%2C607&ssl=1","type":"image\/jpeg"}],"author":"Gerson Guelmann","twitter_card":"summary_large_image","twitter_misc":{"Escrito por":"Gerson Guelmann"},"schema":{"@context":"https:\/\/schema.org","@graph":[{"@type":"Article","@id":"https:\/\/gersonguelmann.com.br\/blog\/lula-ovos-fake\/#article","isPartOf":{"@id":"https:\/\/gersonguelmann.com.br\/blog\/lula-ovos-fake\/"},"author":{"name":"Gerson Guelmann","@id":"https:\/\/gersonguelmann.com.br\/blog\/#\/schema\/person\/87e70e2a786888082f941a482c90569e"},"headline":"Lula e os Ovos Fake","datePublished":"2018-03-27T16:00:35+00:00","mainEntityOfPage":{"@id":"https:\/\/gersonguelmann.com.br\/blog\/lula-ovos-fake\/"},"wordCount":102,"commentCount":2,"image":{"@id":"https:\/\/gersonguelmann.com.br\/blog\/lula-ovos-fake\/#primaryimage"},"thumbnailUrl":"https:\/\/i0.wp.com\/gersonguelmann.com.br\/blog\/wp-content\/uploads\/2018\/03\/Lula-3.jpg?fit=480%2C607&ssl=1","inLanguage":"pt-BR","potentialAction":[{"@type":"CommentAction","name":"Comment","target":["https:\/\/gersonguelmann.com.br\/blog\/lula-ovos-fake\/#respond"]}]},{"@type":"WebPage","@id":"https:\/\/gersonguelmann.com.br\/blog\/lula-ovos-fake\/","url":"https:\/\/gersonguelmann.com.br\/blog\/lula-ovos-fake\/","name":"Lula e os Ovos Fake | Blog do Guelmann","isPartOf":{"@id":"https:\/\/gersonguelmann.com.br\/blog\/#website"},"primaryImageOfPage":{"@id":"https:\/\/gersonguelmann.com.br\/blog\/lula-ovos-fake\/#primaryimage"},"image":{"@id":"https:\/\/gersonguelmann.com.br\/blog\/lula-ovos-fake\/#primaryimage"},"thumbnailUrl":"https:\/\/i0.wp.com\/gersonguelmann.com.br\/blog\/wp-content\/uploads\/2018\/03\/Lula-3.jpg?fit=480%2C607&ssl=1","datePublished":"2018-03-27T16:00:35+00:00","author":{"@id":"https:\/\/gersonguelmann.com.br\/blog\/#\/schema\/person\/87e70e2a786888082f941a482c90569e"},"inLanguage":"pt-BR","potentialAction":[{"@type":"ReadAction","target":["https:\/\/gersonguelmann.com.br\/blog\/lula-ovos-fake\/"]}]},{"@type":"ImageObject","inLanguage":"pt-BR","@id":"https:\/\/gersonguelmann.com.br\/blog\/lula-ovos-fake\/#primaryimage","url":"https:\/\/i0.wp.com\/gersonguelmann.com.br\/blog\/wp-content\/uploads\/2018\/03\/Lula-3.jpg?fit=480%2C607&ssl=1","contentUrl":"https:\/\/i0.wp.com\/gersonguelmann.com.br\/blog\/wp-content\/uploads\/2018\/03\/Lula-3.jpg?fit=480%2C607&ssl=1","width":480,"height":607},{"@type":"WebSite","@id":"https:\/\/gersonguelmann.com.br\/blog\/#website","url":"https:\/\/gersonguelmann.com.br\/blog\/","name":"Blog do Guelmann","description":"Pitadas da sabedoria e do humor judaicos, assuntos do momento e um pouco das hist\u00f3rias que vivi e testemunhei.","potentialAction":[{"@type":"SearchAction","target":{"@type":"EntryPoint","urlTemplate":"https:\/\/gersonguelmann.com.br\/blog\/?s={search_term_string}"},"query-input":{"@type":"PropertyValueSpecification","valueRequired":true,"valueName":"search_term_string"}}],"inLanguage":"pt-BR"},{"@type":"Person","@id":"https:\/\/gersonguelmann.com.br\/blog\/#\/schema\/person\/87e70e2a786888082f941a482c90569e","name":"Gerson Guelmann","image":{"@type":"ImageObject","inLanguage":"pt-BR","@id":"https:\/\/i0.wp.com\/gersonguelmann.com.br\/blog\/wp-content\/uploads\/2021\/08\/BLOG.jpeg?fit=96%2C96&ssl=1","url":"https:\/\/i0.wp.com\/gersonguelmann.com.br\/blog\/wp-content\/uploads\/2021\/08\/BLOG.jpeg?fit=96%2C96&ssl=1","contentUrl":"https:\/\/i0.wp.com\/gersonguelmann.com.br\/blog\/wp-content\/uploads\/2021\/08\/BLOG.jpeg?fit=96%2C96&ssl=1","caption":"Gerson Guelmann"},"description":"Pitadas da sabedoria e do humor judaicos, assuntos do momento e um pouco das hist\u00f3rias que vivi e testemunhei."}]}},"views":32,"jetpack_publicize_connections":[],"jetpack_featured_media_url":"https:\/\/i0.wp.com\/gersonguelmann.com.br\/blog\/wp-content\/uploads\/2018\/03\/Lula-3.jpg?fit=480%2C607&ssl=1","jetpack_shortlink":"https:\/\/wp.me\/p96e7O-2Qj","jetpack-related-posts":[{"id":10711,"url":"https:\/\/gersonguelmann.com.br\/blog\/o-rabino-e-os-ovos\/","url_meta":{"origin":10931,"position":0},"title":"O Rabino e os Ovos","author":"Gerson Guelmann","date":"4 de abril de 2021","format":false,"excerpt":"O Rabino Yossel estava ajudando a esposa a limpar a casa e encontrou uma caixa que n\u00e3o lembrava de ter visto. Quando viu o que o marido havia achado, a esposa disse-lhe que a caixa tinha coisas pessoais, pediu que n\u00e3o a abrisse e a deixasse onde estava.\u00a0 O Rabino\u2026","rel":"","context":"Em &quot;Sem categoria&quot;","block_context":{"text":"Sem categoria","link":"https:\/\/gersonguelmann.com.br\/blog\/category\/sem-categoria\/"},"img":{"alt_text":"","src":"https:\/\/i0.wp.com\/gersonguelmann.com.br\/blog\/wp-content\/uploads\/2018\/03\/mockup-graphics-oDJxJb4y5tE-unsplash-scaled.jpg?fit=1200%2C1200&ssl=1&resize=350%2C200","width":350,"height":200,"srcset":"https:\/\/i0.wp.com\/gersonguelmann.com.br\/blog\/wp-content\/uploads\/2018\/03\/mockup-graphics-oDJxJb4y5tE-unsplash-scaled.jpg?fit=1200%2C1200&ssl=1&resize=350%2C200 1x, https:\/\/i0.wp.com\/gersonguelmann.com.br\/blog\/wp-content\/uploads\/2018\/03\/mockup-graphics-oDJxJb4y5tE-unsplash-scaled.jpg?fit=1200%2C1200&ssl=1&resize=525%2C300 1.5x, https:\/\/i0.wp.com\/gersonguelmann.com.br\/blog\/wp-content\/uploads\/2018\/03\/mockup-graphics-oDJxJb4y5tE-unsplash-scaled.jpg?fit=1200%2C1200&ssl=1&resize=700%2C400 2x, https:\/\/i0.wp.com\/gersonguelmann.com.br\/blog\/wp-content\/uploads\/2018\/03\/mockup-graphics-oDJxJb4y5tE-unsplash-scaled.jpg?fit=1200%2C1200&ssl=1&resize=1050%2C600 3x"},"classes":[]},{"id":8949,"url":"https:\/\/gersonguelmann.com.br\/blog\/o-vendedor-de-ovos-e-a-caridade-embrulhada\/","url_meta":{"origin":10931,"position":1},"title":"O Vendedor de Ovos e a Caridade Embrulhada","author":"Gerson Guelmann","date":"8 de julho de 2019","format":false,"excerpt":"Foto do site https:\/\/steemkr.com Voltou a circular uma hist\u00f3ria bem apropriada aos tempos atuais. O registro mais antigo que encontrei \u00e9 de um site que mencionarei abaixo. A publica\u00e7\u00e3o original \u00e9 em ingl\u00eas e \u00e9 a hist\u00f3ria de um idoso que estava na cal\u00e7ada vendendo ovos: \"Uma mo\u00e7a parou para\u2026","rel":"","context":"Em &quot;Sem categoria&quot;","block_context":{"text":"Sem categoria","link":"https:\/\/gersonguelmann.com.br\/blog\/category\/sem-categoria\/"},"img":{"alt_text":"","src":"https:\/\/i0.wp.com\/gersonguelmann.com.br\/blog\/wp-content\/uploads\/2018\/02\/old-man-selling-eggs.jpg?fit=887%2C1109&ssl=1&resize=350%2C200","width":350,"height":200,"srcset":"https:\/\/i0.wp.com\/gersonguelmann.com.br\/blog\/wp-content\/uploads\/2018\/02\/old-man-selling-eggs.jpg?fit=887%2C1109&ssl=1&resize=350%2C200 1x, https:\/\/i0.wp.com\/gersonguelmann.com.br\/blog\/wp-content\/uploads\/2018\/02\/old-man-selling-eggs.jpg?fit=887%2C1109&ssl=1&resize=525%2C300 1.5x, https:\/\/i0.wp.com\/gersonguelmann.com.br\/blog\/wp-content\/uploads\/2018\/02\/old-man-selling-eggs.jpg?fit=887%2C1109&ssl=1&resize=700%2C400 2x"},"classes":[]},{"id":8986,"url":"https:\/\/gersonguelmann.com.br\/blog\/granja-das-galinhas-felizes-sabia-que-existe\/","url_meta":{"origin":10931,"position":2},"title":"Granja das Galinhas Felizes. Sabia Que Existe?","author":"Gerson Guelmann","date":"3 de julho de 2019","format":false,"excerpt":"A Granja das Galinhas Felizes \u00e9 um dos desses achados que surpreendem aos que moram nos grandes centros e lembram ou ouviram falar de coisas da inf\u00e2ncia dos mais velhos. Essa maravilha est\u00e1 situada em Campina Grande do Sul, bem perto de Curitiba, e tem como prioridade a produ\u00e7\u00e3o de\u2026","rel":"","context":"Em &quot;Sem categoria&quot;","block_context":{"text":"Sem categoria","link":"https:\/\/gersonguelmann.com.br\/blog\/category\/sem-categoria\/"},"img":{"alt_text":"","src":"https:\/\/i0.wp.com\/gersonguelmann.com.br\/blog\/wp-content\/uploads\/2018\/02\/Granja.jpg?fit=1200%2C445&ssl=1&resize=350%2C200","width":350,"height":200,"srcset":"https:\/\/i0.wp.com\/gersonguelmann.com.br\/blog\/wp-content\/uploads\/2018\/02\/Granja.jpg?fit=1200%2C445&ssl=1&resize=350%2C200 1x, https:\/\/i0.wp.com\/gersonguelmann.com.br\/blog\/wp-content\/uploads\/2018\/02\/Granja.jpg?fit=1200%2C445&ssl=1&resize=525%2C300 1.5x, https:\/\/i0.wp.com\/gersonguelmann.com.br\/blog\/wp-content\/uploads\/2018\/02\/Granja.jpg?fit=1200%2C445&ssl=1&resize=700%2C400 2x, https:\/\/i0.wp.com\/gersonguelmann.com.br\/blog\/wp-content\/uploads\/2018\/02\/Granja.jpg?fit=1200%2C445&ssl=1&resize=1050%2C600 3x"},"classes":[]},{"id":14995,"url":"https:\/\/gersonguelmann.com.br\/blog\/no-frigir-dos-ovos-o-que-e-isso\/","url_meta":{"origin":10931,"position":3},"title":"No Frigir dos Ovos, o Que \u00e9 Isso?","author":"Gerson Guelmann","date":"2 de novembro de 2018","format":false,"excerpt":"Este \u00e9 um texto que pode ser chamado de delicioso, mesmo.\u00a0 Recebi em grupo do WhatsApp e em minha pesquisa n\u00e3o consegue identificar a autoria. H\u00e1 registros de publica\u00e7\u00f5es em Blogs a partir de 2012, todas sem o cr\u00e9dito. \u201cO que significa \u201cNo frigir dos ovos\u201d? N\u00e3o \u00e9 \u00e0 toa\u2026","rel":"","context":"Em &quot;Sem categoria&quot;","block_context":{"text":"Sem categoria","link":"https:\/\/gersonguelmann.com.br\/blog\/category\/sem-categoria\/"},"img":{"alt_text":"","src":"https:\/\/i0.wp.com\/gersonguelmann.com.br\/blog\/wp-content\/uploads\/2018\/11\/fried-eggs.jpg?fit=960%2C640&ssl=1&resize=350%2C200","width":350,"height":200,"srcset":"https:\/\/i0.wp.com\/gersonguelmann.com.br\/blog\/wp-content\/uploads\/2018\/11\/fried-eggs.jpg?fit=960%2C640&ssl=1&resize=350%2C200 1x, https:\/\/i0.wp.com\/gersonguelmann.com.br\/blog\/wp-content\/uploads\/2018\/11\/fried-eggs.jpg?fit=960%2C640&ssl=1&resize=525%2C300 1.5x, https:\/\/i0.wp.com\/gersonguelmann.com.br\/blog\/wp-content\/uploads\/2018\/11\/fried-eggs.jpg?fit=960%2C640&ssl=1&resize=700%2C400 2x"},"classes":[]},{"id":13633,"url":"https:\/\/gersonguelmann.com.br\/blog\/diogo-portugal-imigrante-salva-crianca-danny-glover-tenta-salvar-lula\/","url_meta":{"origin":10931,"position":4},"title":"Diogo Portugal: Imigrante Salva Crian\u00e7a, Danny Glover Tenta Salvar Lula","author":"Gerson Guelmann","date":"4 de junho de 2018","format":false,"excerpt":"Foto:\u00a0Ricardo Stuckert No \u00faltimo stand-up, o Diogo Portugal fala sobre temas que estiveram na m\u00eddia na \u00faltima semana: o imigrante que salvou uma crian\u00e7a em Paris, a visita do ator\u00a0Danny Glover ao ex-presidente Lula e a demiss\u00e3o de Pedro Parente da presid\u00eancia da Petrobras. https:\/\/www.youtube.com\/watch?v=Km500DcVw1w&feature=youtu.be","rel":"","context":"Em &quot;Sem categoria&quot;","block_context":{"text":"Sem categoria","link":"https:\/\/gersonguelmann.com.br\/blog\/category\/sem-categoria\/"},"img":{"alt_text":"","src":"https:\/\/i0.wp.com\/gersonguelmann.com.br\/blog\/wp-content\/uploads\/2018\/06\/DG.jpg?fit=900%2C506&ssl=1&resize=350%2C200","width":350,"height":200,"srcset":"https:\/\/i0.wp.com\/gersonguelmann.com.br\/blog\/wp-content\/uploads\/2018\/06\/DG.jpg?fit=900%2C506&ssl=1&resize=350%2C200 1x, https:\/\/i0.wp.com\/gersonguelmann.com.br\/blog\/wp-content\/uploads\/2018\/06\/DG.jpg?fit=900%2C506&ssl=1&resize=525%2C300 1.5x, https:\/\/i0.wp.com\/gersonguelmann.com.br\/blog\/wp-content\/uploads\/2018\/06\/DG.jpg?fit=900%2C506&ssl=1&resize=700%2C400 2x"},"classes":[]},{"id":23649,"url":"https:\/\/gersonguelmann.com.br\/blog\/tres-na-quarta-de-humor-judaico-9\/","url_meta":{"origin":10931,"position":5},"title":"Tr\u00eas na Quarta de Humor Judaico","author":"Gerson Guelmann","date":"30 de outubro de 2024","format":false,"excerpt":"O Rabino e o Desejo do Jovem Um jovem judeu procurou o Rabino da aldeia, que j\u00e1 havia passado dos 90 anos de idade, pedindo orienta\u00e7\u00e3o para viver bastante e, como ele disse, \u201ctalvez at\u00e9 n\u00e3o morrer.\u201d O velhinho pensou um pouco e disse: - \u201cMeu filho, eu acho que\u2026","rel":"","context":"Em &quot;Sem categoria&quot;","block_context":{"text":"Sem categoria","link":"https:\/\/gersonguelmann.com.br\/blog\/category\/sem-categoria\/"},"img":{"alt_text":"","src":"https:\/\/i0.wp.com\/gersonguelmann.com.br\/blog\/wp-content\/uploads\/2024\/10\/HojePR-11.jpg?fit=1200%2C800&ssl=1&resize=350%2C200","width":350,"height":200,"srcset":"https:\/\/i0.wp.com\/gersonguelmann.com.br\/blog\/wp-content\/uploads\/2024\/10\/HojePR-11.jpg?fit=1200%2C800&ssl=1&resize=350%2C200 1x, https:\/\/i0.wp.com\/gersonguelmann.com.br\/blog\/wp-content\/uploads\/2024\/10\/HojePR-11.jpg?fit=1200%2C800&ssl=1&resize=525%2C300 1.5x, https:\/\/i0.wp.com\/gersonguelmann.com.br\/blog\/wp-content\/uploads\/2024\/10\/HojePR-11.jpg?fit=1200%2C800&ssl=1&resize=700%2C400 2x, https:\/\/i0.wp.com\/gersonguelmann.com.br\/blog\/wp-content\/uploads\/2024\/10\/HojePR-11.jpg?fit=1200%2C800&ssl=1&resize=1050%2C600 3x"},"classes":[]}],"jetpack_sharing_enabled":true,"post_mailing_queue_ids":[],"_links":{"self":[{"href":"https:\/\/gersonguelmann.com.br\/blog\/wp-json\/wp\/v2\/posts\/10931","targetHints":{"allow":["GET"]}}],"collection":[{"href":"https:\/\/gersonguelmann.com.br\/blog\/wp-json\/wp\/v2\/posts"}],"about":[{"href":"https:\/\/gersonguelmann.com.br\/blog\/wp-json\/wp\/v2\/types\/post"}],"author":[{"embeddable":true,"href":"https:\/\/gersonguelmann.com.br\/blog\/wp-json\/wp\/v2\/users\/5"}],"replies":[{"embeddable":true,"href":"https:\/\/gersonguelmann.com.br\/blog\/wp-json\/wp\/v2\/comments?post=10931"}],"version-history":[{"count":0,"href":"https:\/\/gersonguelmann.com.br\/blog\/wp-json\/wp\/v2\/posts\/10931\/revisions"}],"wp:featuredmedia":[{"embeddable":true,"href":"https:\/\/gersonguelmann.com.br\/blog\/wp-json\/wp\/v2\/media\/10932"}],"wp:attachment":[{"href":"https:\/\/gersonguelmann.com.br\/blog\/wp-json\/wp\/v2\/media?parent=10931"}],"wp:term":[{"taxonomy":"category","embeddable":true,"href":"https:\/\/gersonguelmann.com.br\/blog\/wp-json\/wp\/v2\/categories?post=10931"},{"taxonomy":"post_tag","embeddable":true,"href":"https:\/\/gersonguelmann.com.br\/blog\/wp-json\/wp\/v2\/tags?post=10931"}],"curies":[{"name":"wp","href":"https:\/\/api.w.org\/{rel}","templated":true}]}}