    {"id":1153,"date":"2019-07-04T23:05:42","date_gmt":"2019-07-05T02:05:42","guid":{"rendered":"https:\/\/gersonguelmann.com.br\/blog\/?p=1153"},"modified":"2019-07-04T23:09:26","modified_gmt":"2019-07-05T02:09:26","slug":"grieg-para-encerrar-os-servicos-por-hoje","status":"publish","type":"post","link":"https:\/\/gersonguelmann.com.br\/blog\/grieg-para-encerrar-os-servicos-por-hoje\/","title":{"rendered":"Grieg, Para Encerrar os Servi\u00e7os Por Hoje"},"content":{"rendered":"<h1 class=\"watch-title-container\" style=\"text-align: center;\"><span id=\"eow-title\" class=\"watch-title\" dir=\"ltr\" title=\"Edvard Grieg, Concerto para piano em L\u00e1 menor, Op. 16, n\u00ba 1 (1\u00ba and.)\"><\/span><span id=\"eow-title\" class=\"watch-title\" dir=\"ltr\" title=\"Edvard Grieg, Concerto para piano em L\u00e1 menor, Op. 16, n\u00ba 1 (1\u00ba and.)\"><\/span><a style=\"font-size: 16px;\" href=\"https:\/\/www.youtube.com\/watch?v=x1ytkJXZT_M&amp;list=PLLrejdUWh-qA8bzKl8ocGOrHMyMslsH_Y&amp;index=29\"><img data-recalc-dims=\"1\" fetchpriority=\"high\" decoding=\"async\" data-attachment-id=\"1154\" data-permalink=\"https:\/\/gersonguelmann.com.br\/blog\/grieg-para-encerrar-os-servicos-por-hoje\/eg\/\" data-orig-file=\"https:\/\/i0.wp.com\/gersonguelmann.com.br\/blog\/wp-content\/uploads\/2017\/08\/EG.jpg?fit=900%2C750&amp;ssl=1\" data-orig-size=\"900,750\" data-comments-opened=\"1\" data-image-meta=\"{&quot;aperture&quot;:&quot;0&quot;,&quot;credit&quot;:&quot;&quot;,&quot;camera&quot;:&quot;&quot;,&quot;caption&quot;:&quot;&quot;,&quot;created_timestamp&quot;:&quot;0&quot;,&quot;copyright&quot;:&quot;&quot;,&quot;focal_length&quot;:&quot;0&quot;,&quot;iso&quot;:&quot;0&quot;,&quot;shutter_speed&quot;:&quot;0&quot;,&quot;title&quot;:&quot;&quot;,&quot;orientation&quot;:&quot;0&quot;}\" data-image-title=\"EG\" data-image-description=\"\" data-image-caption=\"\" data-medium-file=\"https:\/\/i0.wp.com\/gersonguelmann.com.br\/blog\/wp-content\/uploads\/2017\/08\/EG.jpg?fit=300%2C250&amp;ssl=1\" data-large-file=\"https:\/\/i0.wp.com\/gersonguelmann.com.br\/blog\/wp-content\/uploads\/2017\/08\/EG.jpg?fit=640%2C533&amp;ssl=1\" class=\"alignnone size-medium wp-image-1154\" src=\"https:\/\/i0.wp.com\/gersonguelmann.com.br\/blog\/wp-content\/uploads\/2017\/08\/EG.jpg?resize=300%2C250&#038;ssl=1\" alt=\"\" width=\"300\" height=\"250\" srcset=\"https:\/\/i0.wp.com\/gersonguelmann.com.br\/blog\/wp-content\/uploads\/2017\/08\/EG.jpg?resize=300%2C250&amp;ssl=1 300w, https:\/\/i0.wp.com\/gersonguelmann.com.br\/blog\/wp-content\/uploads\/2017\/08\/EG.jpg?resize=768%2C640&amp;ssl=1 768w, https:\/\/i0.wp.com\/gersonguelmann.com.br\/blog\/wp-content\/uploads\/2017\/08\/EG.jpg?w=900&amp;ssl=1 900w\" sizes=\"(max-width: 300px) 100vw, 300px\" \/><\/a><\/h1>\n<p><span style=\"font-family: georgia, palatino, serif; font-size: 18pt; color: #000000;\">Concerto Para Piano, 1\u00ba Movimento, de Grieg, com a Orquestra Filarm\u00f4nica de Seoul e a ucraniana Valentina Lisitsa ao piano.<\/span><\/p>\n<p><span class=\"embed-youtube\" style=\"text-align:center; display: block;\"><iframe class=\"youtube-player\" width=\"640\" height=\"360\" src=\"https:\/\/www.youtube.com\/embed\/vmUPl7Pv0Zg?version=3&#038;rel=1&#038;showsearch=0&#038;showinfo=1&#038;iv_load_policy=1&#038;fs=1&#038;hl=pt-BR&#038;autohide=2&#038;wmode=transparent\" allowfullscreen=\"true\" style=\"border:0;\" sandbox=\"allow-scripts allow-same-origin allow-popups allow-presentation allow-popups-to-escape-sandbox\"><\/iframe><\/span><\/p>\n","protected":false},"excerpt":{"rendered":"<p>Concerto Para Piano, 1\u00ba Movimento, de Grieg, com a Orquestra Filarm\u00f4nica de Seoul e a ucraniana Valentina Lisitsa ao piano.<\/p>\n","protected":false},"author":5,"featured_media":1154,"comment_status":"open","ping_status":"open","sticky":false,"template":"","format":"standard","meta":{"_acf_changed":false,"jetpack_post_was_ever_published":false,"_jetpack_newsletter_access":"","_jetpack_dont_email_post_to_subs":false,"_jetpack_newsletter_tier_id":0,"_jetpack_memberships_contains_paywalled_content":false,"_jetpack_memberships_contains_paid_content":false,"footnotes":"","jetpack_publicize_message":"","jetpack_publicize_feature_enabled":true,"jetpack_social_post_already_shared":true,"jetpack_social_options":{"image_generator_settings":{"template":"highway","default_image_id":0,"font":"","enabled":false},"version":2}},"categories":[1],"tags":[],"class_list":["post-1153","post","type-post","status-publish","format-standard","has-post-thumbnail","hentry","category-sem-categoria"],"acf":[],"yoast_head":"<!-- This site is optimized with the Yoast SEO plugin v27.3 - https:\/\/yoast.com\/product\/yoast-seo-wordpress\/ -->\n<title>Grieg, Para Encerrar os Servi\u00e7os Por Hoje | Blog do Guelmann<\/title>\n<meta name=\"robots\" content=\"index, follow, max-snippet:-1, max-image-preview:large, max-video-preview:-1\" \/>\n<link rel=\"canonical\" href=\"https:\/\/gersonguelmann.com.br\/blog\/grieg-para-encerrar-os-servicos-por-hoje\/\" \/>\n<meta property=\"og:locale\" content=\"pt_BR\" \/>\n<meta property=\"og:type\" content=\"article\" \/>\n<meta property=\"og:title\" content=\"Grieg, Para Encerrar os Servi\u00e7os Por Hoje | Blog do Guelmann\" \/>\n<meta property=\"og:description\" content=\"Concerto Para Piano, 1\u00ba Movimento, de Grieg, com a Orquestra Filarm\u00f4nica de Seoul e a ucraniana Valentina Lisitsa ao piano.\" \/>\n<meta property=\"og:url\" content=\"https:\/\/gersonguelmann.com.br\/blog\/grieg-para-encerrar-os-servicos-por-hoje\/\" \/>\n<meta property=\"og:site_name\" content=\"Blog do Guelmann\" \/>\n<meta property=\"article:published_time\" content=\"2019-07-05T02:05:42+00:00\" \/>\n<meta property=\"article:modified_time\" content=\"2019-07-05T02:09:26+00:00\" \/>\n<meta property=\"og:image\" content=\"https:\/\/i0.wp.com\/gersonguelmann.com.br\/blog\/wp-content\/uploads\/2017\/08\/EG.jpg?fit=900%2C750&ssl=1\" \/>\n\t<meta property=\"og:image:width\" content=\"900\" \/>\n\t<meta property=\"og:image:height\" content=\"750\" \/>\n\t<meta property=\"og:image:type\" content=\"image\/jpeg\" \/>\n<meta name=\"author\" content=\"Gerson Guelmann\" \/>\n<meta name=\"twitter:card\" content=\"summary_large_image\" \/>\n<meta name=\"twitter:label1\" content=\"Escrito por\" \/>\n\t<meta name=\"twitter:data1\" content=\"Gerson Guelmann\" \/>\n<script type=\"application\/ld+json\" class=\"yoast-schema-graph\">{\"@context\":\"https:\\\/\\\/schema.org\",\"@graph\":[{\"@type\":\"Article\",\"@id\":\"https:\\\/\\\/gersonguelmann.com.br\\\/blog\\\/grieg-para-encerrar-os-servicos-por-hoje\\\/#article\",\"isPartOf\":{\"@id\":\"https:\\\/\\\/gersonguelmann.com.br\\\/blog\\\/grieg-para-encerrar-os-servicos-por-hoje\\\/\"},\"author\":{\"name\":\"Gerson Guelmann\",\"@id\":\"https:\\\/\\\/gersonguelmann.com.br\\\/blog\\\/#\\\/schema\\\/person\\\/87e70e2a786888082f941a482c90569e\"},\"headline\":\"Grieg, Para Encerrar os Servi\u00e7os Por Hoje\",\"datePublished\":\"2019-07-05T02:05:42+00:00\",\"dateModified\":\"2019-07-05T02:09:26+00:00\",\"mainEntityOfPage\":{\"@id\":\"https:\\\/\\\/gersonguelmann.com.br\\\/blog\\\/grieg-para-encerrar-os-servicos-por-hoje\\\/\"},\"wordCount\":37,\"commentCount\":0,\"image\":{\"@id\":\"https:\\\/\\\/gersonguelmann.com.br\\\/blog\\\/grieg-para-encerrar-os-servicos-por-hoje\\\/#primaryimage\"},\"thumbnailUrl\":\"https:\\\/\\\/i0.wp.com\\\/gersonguelmann.com.br\\\/blog\\\/wp-content\\\/uploads\\\/2017\\\/08\\\/EG.jpg?fit=900%2C750&ssl=1\",\"inLanguage\":\"pt-BR\",\"potentialAction\":[{\"@type\":\"CommentAction\",\"name\":\"Comment\",\"target\":[\"https:\\\/\\\/gersonguelmann.com.br\\\/blog\\\/grieg-para-encerrar-os-servicos-por-hoje\\\/#respond\"]}]},{\"@type\":\"WebPage\",\"@id\":\"https:\\\/\\\/gersonguelmann.com.br\\\/blog\\\/grieg-para-encerrar-os-servicos-por-hoje\\\/\",\"url\":\"https:\\\/\\\/gersonguelmann.com.br\\\/blog\\\/grieg-para-encerrar-os-servicos-por-hoje\\\/\",\"name\":\"Grieg, Para Encerrar os Servi\u00e7os Por Hoje | Blog do Guelmann\",\"isPartOf\":{\"@id\":\"https:\\\/\\\/gersonguelmann.com.br\\\/blog\\\/#website\"},\"primaryImageOfPage\":{\"@id\":\"https:\\\/\\\/gersonguelmann.com.br\\\/blog\\\/grieg-para-encerrar-os-servicos-por-hoje\\\/#primaryimage\"},\"image\":{\"@id\":\"https:\\\/\\\/gersonguelmann.com.br\\\/blog\\\/grieg-para-encerrar-os-servicos-por-hoje\\\/#primaryimage\"},\"thumbnailUrl\":\"https:\\\/\\\/i0.wp.com\\\/gersonguelmann.com.br\\\/blog\\\/wp-content\\\/uploads\\\/2017\\\/08\\\/EG.jpg?fit=900%2C750&ssl=1\",\"datePublished\":\"2019-07-05T02:05:42+00:00\",\"dateModified\":\"2019-07-05T02:09:26+00:00\",\"author\":{\"@id\":\"https:\\\/\\\/gersonguelmann.com.br\\\/blog\\\/#\\\/schema\\\/person\\\/87e70e2a786888082f941a482c90569e\"},\"inLanguage\":\"pt-BR\",\"potentialAction\":[{\"@type\":\"ReadAction\",\"target\":[\"https:\\\/\\\/gersonguelmann.com.br\\\/blog\\\/grieg-para-encerrar-os-servicos-por-hoje\\\/\"]}]},{\"@type\":\"ImageObject\",\"inLanguage\":\"pt-BR\",\"@id\":\"https:\\\/\\\/gersonguelmann.com.br\\\/blog\\\/grieg-para-encerrar-os-servicos-por-hoje\\\/#primaryimage\",\"url\":\"https:\\\/\\\/i0.wp.com\\\/gersonguelmann.com.br\\\/blog\\\/wp-content\\\/uploads\\\/2017\\\/08\\\/EG.jpg?fit=900%2C750&ssl=1\",\"contentUrl\":\"https:\\\/\\\/i0.wp.com\\\/gersonguelmann.com.br\\\/blog\\\/wp-content\\\/uploads\\\/2017\\\/08\\\/EG.jpg?fit=900%2C750&ssl=1\",\"width\":900,\"height\":750},{\"@type\":\"WebSite\",\"@id\":\"https:\\\/\\\/gersonguelmann.com.br\\\/blog\\\/#website\",\"url\":\"https:\\\/\\\/gersonguelmann.com.br\\\/blog\\\/\",\"name\":\"Blog do Guelmann\",\"description\":\"Pitadas da sabedoria e do humor judaicos, assuntos do momento e um pouco das hist\u00f3rias que vivi e testemunhei.\",\"potentialAction\":[{\"@type\":\"SearchAction\",\"target\":{\"@type\":\"EntryPoint\",\"urlTemplate\":\"https:\\\/\\\/gersonguelmann.com.br\\\/blog\\\/?s={search_term_string}\"},\"query-input\":{\"@type\":\"PropertyValueSpecification\",\"valueRequired\":true,\"valueName\":\"search_term_string\"}}],\"inLanguage\":\"pt-BR\"},{\"@type\":\"Person\",\"@id\":\"https:\\\/\\\/gersonguelmann.com.br\\\/blog\\\/#\\\/schema\\\/person\\\/87e70e2a786888082f941a482c90569e\",\"name\":\"Gerson Guelmann\",\"image\":{\"@type\":\"ImageObject\",\"inLanguage\":\"pt-BR\",\"@id\":\"https:\\\/\\\/i0.wp.com\\\/gersonguelmann.com.br\\\/blog\\\/wp-content\\\/uploads\\\/2021\\\/08\\\/BLOG.jpeg?fit=96%2C96&ssl=1\",\"url\":\"https:\\\/\\\/i0.wp.com\\\/gersonguelmann.com.br\\\/blog\\\/wp-content\\\/uploads\\\/2021\\\/08\\\/BLOG.jpeg?fit=96%2C96&ssl=1\",\"contentUrl\":\"https:\\\/\\\/i0.wp.com\\\/gersonguelmann.com.br\\\/blog\\\/wp-content\\\/uploads\\\/2021\\\/08\\\/BLOG.jpeg?fit=96%2C96&ssl=1\",\"caption\":\"Gerson Guelmann\"},\"description\":\"Pitadas da sabedoria e do humor judaicos, assuntos do momento e um pouco das hist\u00f3rias que vivi e testemunhei.\"}]}<\/script>\n<!-- \/ Yoast SEO plugin. -->","yoast_head_json":{"title":"Grieg, Para Encerrar os Servi\u00e7os Por Hoje | Blog do Guelmann","robots":{"index":"index","follow":"follow","max-snippet":"max-snippet:-1","max-image-preview":"max-image-preview:large","max-video-preview":"max-video-preview:-1"},"canonical":"https:\/\/gersonguelmann.com.br\/blog\/grieg-para-encerrar-os-servicos-por-hoje\/","og_locale":"pt_BR","og_type":"article","og_title":"Grieg, Para Encerrar os Servi\u00e7os Por Hoje | Blog do Guelmann","og_description":"Concerto Para Piano, 1\u00ba Movimento, de Grieg, com a Orquestra Filarm\u00f4nica de Seoul e a ucraniana Valentina Lisitsa ao piano.","og_url":"https:\/\/gersonguelmann.com.br\/blog\/grieg-para-encerrar-os-servicos-por-hoje\/","og_site_name":"Blog do Guelmann","article_published_time":"2019-07-05T02:05:42+00:00","article_modified_time":"2019-07-05T02:09:26+00:00","og_image":[{"width":900,"height":750,"url":"https:\/\/i0.wp.com\/gersonguelmann.com.br\/blog\/wp-content\/uploads\/2017\/08\/EG.jpg?fit=900%2C750&ssl=1","type":"image\/jpeg"}],"author":"Gerson Guelmann","twitter_card":"summary_large_image","twitter_misc":{"Escrito por":"Gerson Guelmann"},"schema":{"@context":"https:\/\/schema.org","@graph":[{"@type":"Article","@id":"https:\/\/gersonguelmann.com.br\/blog\/grieg-para-encerrar-os-servicos-por-hoje\/#article","isPartOf":{"@id":"https:\/\/gersonguelmann.com.br\/blog\/grieg-para-encerrar-os-servicos-por-hoje\/"},"author":{"name":"Gerson Guelmann","@id":"https:\/\/gersonguelmann.com.br\/blog\/#\/schema\/person\/87e70e2a786888082f941a482c90569e"},"headline":"Grieg, Para Encerrar os Servi\u00e7os Por Hoje","datePublished":"2019-07-05T02:05:42+00:00","dateModified":"2019-07-05T02:09:26+00:00","mainEntityOfPage":{"@id":"https:\/\/gersonguelmann.com.br\/blog\/grieg-para-encerrar-os-servicos-por-hoje\/"},"wordCount":37,"commentCount":0,"image":{"@id":"https:\/\/gersonguelmann.com.br\/blog\/grieg-para-encerrar-os-servicos-por-hoje\/#primaryimage"},"thumbnailUrl":"https:\/\/i0.wp.com\/gersonguelmann.com.br\/blog\/wp-content\/uploads\/2017\/08\/EG.jpg?fit=900%2C750&ssl=1","inLanguage":"pt-BR","potentialAction":[{"@type":"CommentAction","name":"Comment","target":["https:\/\/gersonguelmann.com.br\/blog\/grieg-para-encerrar-os-servicos-por-hoje\/#respond"]}]},{"@type":"WebPage","@id":"https:\/\/gersonguelmann.com.br\/blog\/grieg-para-encerrar-os-servicos-por-hoje\/","url":"https:\/\/gersonguelmann.com.br\/blog\/grieg-para-encerrar-os-servicos-por-hoje\/","name":"Grieg, Para Encerrar os Servi\u00e7os Por Hoje | Blog do Guelmann","isPartOf":{"@id":"https:\/\/gersonguelmann.com.br\/blog\/#website"},"primaryImageOfPage":{"@id":"https:\/\/gersonguelmann.com.br\/blog\/grieg-para-encerrar-os-servicos-por-hoje\/#primaryimage"},"image":{"@id":"https:\/\/gersonguelmann.com.br\/blog\/grieg-para-encerrar-os-servicos-por-hoje\/#primaryimage"},"thumbnailUrl":"https:\/\/i0.wp.com\/gersonguelmann.com.br\/blog\/wp-content\/uploads\/2017\/08\/EG.jpg?fit=900%2C750&ssl=1","datePublished":"2019-07-05T02:05:42+00:00","dateModified":"2019-07-05T02:09:26+00:00","author":{"@id":"https:\/\/gersonguelmann.com.br\/blog\/#\/schema\/person\/87e70e2a786888082f941a482c90569e"},"inLanguage":"pt-BR","potentialAction":[{"@type":"ReadAction","target":["https:\/\/gersonguelmann.com.br\/blog\/grieg-para-encerrar-os-servicos-por-hoje\/"]}]},{"@type":"ImageObject","inLanguage":"pt-BR","@id":"https:\/\/gersonguelmann.com.br\/blog\/grieg-para-encerrar-os-servicos-por-hoje\/#primaryimage","url":"https:\/\/i0.wp.com\/gersonguelmann.com.br\/blog\/wp-content\/uploads\/2017\/08\/EG.jpg?fit=900%2C750&ssl=1","contentUrl":"https:\/\/i0.wp.com\/gersonguelmann.com.br\/blog\/wp-content\/uploads\/2017\/08\/EG.jpg?fit=900%2C750&ssl=1","width":900,"height":750},{"@type":"WebSite","@id":"https:\/\/gersonguelmann.com.br\/blog\/#website","url":"https:\/\/gersonguelmann.com.br\/blog\/","name":"Blog do Guelmann","description":"Pitadas da sabedoria e do humor judaicos, assuntos do momento e um pouco das hist\u00f3rias que vivi e testemunhei.","potentialAction":[{"@type":"SearchAction","target":{"@type":"EntryPoint","urlTemplate":"https:\/\/gersonguelmann.com.br\/blog\/?s={search_term_string}"},"query-input":{"@type":"PropertyValueSpecification","valueRequired":true,"valueName":"search_term_string"}}],"inLanguage":"pt-BR"},{"@type":"Person","@id":"https:\/\/gersonguelmann.com.br\/blog\/#\/schema\/person\/87e70e2a786888082f941a482c90569e","name":"Gerson Guelmann","image":{"@type":"ImageObject","inLanguage":"pt-BR","@id":"https:\/\/i0.wp.com\/gersonguelmann.com.br\/blog\/wp-content\/uploads\/2021\/08\/BLOG.jpeg?fit=96%2C96&ssl=1","url":"https:\/\/i0.wp.com\/gersonguelmann.com.br\/blog\/wp-content\/uploads\/2021\/08\/BLOG.jpeg?fit=96%2C96&ssl=1","contentUrl":"https:\/\/i0.wp.com\/gersonguelmann.com.br\/blog\/wp-content\/uploads\/2021\/08\/BLOG.jpeg?fit=96%2C96&ssl=1","caption":"Gerson Guelmann"},"description":"Pitadas da sabedoria e do humor judaicos, assuntos do momento e um pouco das hist\u00f3rias que vivi e testemunhei."}]}},"views":44,"jetpack_publicize_connections":[],"jetpack_featured_media_url":"https:\/\/i0.wp.com\/gersonguelmann.com.br\/blog\/wp-content\/uploads\/2017\/08\/EG.jpg?fit=900%2C750&ssl=1","jetpack_shortlink":"https:\/\/wp.me\/p96e7O-iB","jetpack-related-posts":[{"id":3300,"url":"https:\/\/gersonguelmann.com.br\/blog\/peer-gynt-um-classico-da-terra-do-bacalhau\/","url_meta":{"origin":1153,"position":0},"title":"Peer Gynt, Um Cl\u00e1ssico da Terra do Bacalhau","author":"Gerson Guelmann","date":"6 de abril de 2021","format":false,"excerpt":"Edvard Hagerup Grieg Bergen (Su\u00e9cia), 15\/6\/1843 - 4\/9\/1907\u00a0 Do compositor noruegu\u00eas Edvard Grieg, a Suite n\u00ba 1, Op. 46 - Morning Mood, da pe\u00e7a Peer Gynt, apresentada pela Orquestra Sinf\u00f4nica de Jerusal\u00e9m. https:\/\/www.youtube.com\/watch?v=hAYo7-boWB0","rel":"","context":"Em &quot;Sem categoria&quot;","block_context":{"text":"Sem categoria","link":"https:\/\/gersonguelmann.com.br\/blog\/category\/sem-categoria\/"},"img":{"alt_text":"","src":"https:\/\/i0.wp.com\/gersonguelmann.com.br\/blog\/wp-content\/uploads\/2017\/10\/EG-2.jpg?fit=1200%2C675&ssl=1&resize=350%2C200","width":350,"height":200,"srcset":"https:\/\/i0.wp.com\/gersonguelmann.com.br\/blog\/wp-content\/uploads\/2017\/10\/EG-2.jpg?fit=1200%2C675&ssl=1&resize=350%2C200 1x, https:\/\/i0.wp.com\/gersonguelmann.com.br\/blog\/wp-content\/uploads\/2017\/10\/EG-2.jpg?fit=1200%2C675&ssl=1&resize=525%2C300 1.5x, https:\/\/i0.wp.com\/gersonguelmann.com.br\/blog\/wp-content\/uploads\/2017\/10\/EG-2.jpg?fit=1200%2C675&ssl=1&resize=700%2C400 2x, https:\/\/i0.wp.com\/gersonguelmann.com.br\/blog\/wp-content\/uploads\/2017\/10\/EG-2.jpg?fit=1200%2C675&ssl=1&resize=1050%2C600 3x"},"classes":[]},{"id":7720,"url":"https:\/\/gersonguelmann.com.br\/blog\/classicos-do-meio-dia-109\/","url_meta":{"origin":1153,"position":1},"title":"Cl\u00e1ssicos do Meio-Dia","author":"Gerson Guelmann","date":"27 de janeiro de 2018","format":false,"excerpt":"Alicia de Larrocha Alicia de Larrocha i de la Calle Barcelona (Espanha), 23\/5\/1923 - 25\/9\/2009 https:\/\/www.youtube.com\/watch?v=UjCoXo8kb1g Grieg Notturno op. 54 n. 4","rel":"","context":"Em &quot;Sem categoria&quot;","block_context":{"text":"Sem categoria","link":"https:\/\/gersonguelmann.com.br\/blog\/category\/sem-categoria\/"},"img":{"alt_text":"","src":"https:\/\/i0.wp.com\/gersonguelmann.com.br\/blog\/wp-content\/uploads\/2018\/01\/AL-1-300x168.jpg?resize=350%2C200&ssl=1","width":350,"height":200},"classes":[]},{"id":17045,"url":"https:\/\/gersonguelmann.com.br\/blog\/com-apenas-5-anos-ja-tocava-piano-melhor-do-que-voce-aos-50\/","url_meta":{"origin":1153,"position":2},"title":"Com Apenas 5 Anos, J\u00e1 Tocava Piano Melhor do Que Voc\u00ea Aos 50","author":"Gerson Guelmann","date":"14 de junho de 2019","format":false,"excerpt":"Bom, talvez o t\u00edtulo n\u00e3o seja justo para quem tenha 50 anos e seja de fato um(a) pianista. Mas falando por mim mesmo, n\u00e3o adiantaria nem ter 500. O v\u00eddeo abaixo mostra uma menina chinesa chamada Anke Chen. Quando foi gravado ela tinha apenas 5 anos (agora tem 8). Dizer\u2026","rel":"","context":"Em &quot;Sem categoria&quot;","block_context":{"text":"Sem categoria","link":"https:\/\/gersonguelmann.com.br\/blog\/category\/sem-categoria\/"},"img":{"alt_text":"","src":"https:\/\/i0.wp.com\/gersonguelmann.com.br\/blog\/wp-content\/uploads\/2019\/06\/Anke-Chen.jpg?fit=1200%2C675&ssl=1&resize=350%2C200","width":350,"height":200,"srcset":"https:\/\/i0.wp.com\/gersonguelmann.com.br\/blog\/wp-content\/uploads\/2019\/06\/Anke-Chen.jpg?fit=1200%2C675&ssl=1&resize=350%2C200 1x, https:\/\/i0.wp.com\/gersonguelmann.com.br\/blog\/wp-content\/uploads\/2019\/06\/Anke-Chen.jpg?fit=1200%2C675&ssl=1&resize=525%2C300 1.5x, https:\/\/i0.wp.com\/gersonguelmann.com.br\/blog\/wp-content\/uploads\/2019\/06\/Anke-Chen.jpg?fit=1200%2C675&ssl=1&resize=700%2C400 2x, https:\/\/i0.wp.com\/gersonguelmann.com.br\/blog\/wp-content\/uploads\/2019\/06\/Anke-Chen.jpg?fit=1200%2C675&ssl=1&resize=1050%2C600 3x"},"classes":[]},{"id":11678,"url":"https:\/\/gersonguelmann.com.br\/blog\/comeco-de-noite-com-laura\/","url_meta":{"origin":1153,"position":3},"title":"Come\u00e7o de Noite Com &#8220;Laura&#8221;","author":"Gerson Guelmann","date":"24 de abril de 2021","format":false,"excerpt":"\"Laura\" foi composta por David Raksin em 1944 para o filme de mesmo nome. Bel\u00edssima interpreta\u00e7\u00e3o de Joan Chamorro (contrabaixo),\u00a0Joan Mart\u00ed (sax alto), Luigi Grasso (sax alto), Ignasi Terraza (piano) e Esteve Pi (bateria). https:\/\/www.youtube.com\/watch?v=xviZEN0Xheo \u00a0 \u00a0 \u00a0","rel":"","context":"Em &quot;Sem categoria&quot;","block_context":{"text":"Sem categoria","link":"https:\/\/gersonguelmann.com.br\/blog\/category\/sem-categoria\/"},"img":{"alt_text":"","src":"https:\/\/i0.wp.com\/gersonguelmann.com.br\/blog\/wp-content\/uploads\/2018\/04\/Laura-300x300.jpg?resize=350%2C200&ssl=1","width":350,"height":200},"classes":[]},{"id":22137,"url":"https:\/\/gersonguelmann.com.br\/blog\/tchaikovsky-por-tres-gigantes\/","url_meta":{"origin":1153,"position":4},"title":"Tchaikovsky Por Tr\u00eas Gigantes","author":"Gerson Guelmann","date":"4 de maio de 2021","format":false,"excerpt":"Foto: The Grand Opera House O pianista Evgeny Kissin, o violinista Itzhak Perlman e o violoncelista Mischa Maisky executam um trecho do Trio para Piano em A Minor, Op. 50 de Tchaikovsky. https:\/\/www.youtube.com\/watch?v=N1cOSHVPiZE","rel":"","context":"Em &quot;Sem categoria&quot;","block_context":{"text":"Sem categoria","link":"https:\/\/gersonguelmann.com.br\/blog\/category\/sem-categoria\/"},"img":{"alt_text":"","src":"https:\/\/i0.wp.com\/gersonguelmann.com.br\/blog\/wp-content\/uploads\/2021\/05\/TRIO.jpg?fit=768%2C432&ssl=1&resize=350%2C200","width":350,"height":200,"srcset":"https:\/\/i0.wp.com\/gersonguelmann.com.br\/blog\/wp-content\/uploads\/2021\/05\/TRIO.jpg?fit=768%2C432&ssl=1&resize=350%2C200 1x, https:\/\/i0.wp.com\/gersonguelmann.com.br\/blog\/wp-content\/uploads\/2021\/05\/TRIO.jpg?fit=768%2C432&ssl=1&resize=525%2C300 1.5x, https:\/\/i0.wp.com\/gersonguelmann.com.br\/blog\/wp-content\/uploads\/2021\/05\/TRIO.jpg?fit=768%2C432&ssl=1&resize=700%2C400 2x"},"classes":[]},{"id":16809,"url":"https:\/\/gersonguelmann.com.br\/blog\/beethoven-perlman-ashkenazy-e-ate-amanha\/","url_meta":{"origin":1153,"position":5},"title":"Beethoven por Perlman &#038; Ashkenazy, e At\u00e9 Amanh\u00e3&#8230;","author":"Gerson Guelmann","date":"30 de maio de 2019","format":false,"excerpt":"Boa m\u00fasica para ouvir no celular e pegar no sono! \u00c9 o 1\u00ba movimento da Sonata \"Primavera\" n\u00ba 5, op. 24, com Itzhak Perlman no violino e Vladimir Ashkenazy ao piano. A grava\u00e7\u00e3o \u00e9 de 1973.\u00a0 https:\/\/www.youtube.com\/watch?v=qizSgHRRbEo&t=166s","rel":"","context":"Em &quot;Sem categoria&quot;","block_context":{"text":"Sem categoria","link":"https:\/\/gersonguelmann.com.br\/blog\/category\/sem-categoria\/"},"img":{"alt_text":"","src":"https:\/\/i0.wp.com\/gersonguelmann.com.br\/blog\/wp-content\/uploads\/2019\/05\/download.jpg?resize=350%2C200&ssl=1","width":350,"height":200},"classes":[]}],"jetpack_sharing_enabled":true,"post_mailing_queue_ids":[],"_links":{"self":[{"href":"https:\/\/gersonguelmann.com.br\/blog\/wp-json\/wp\/v2\/posts\/1153","targetHints":{"allow":["GET"]}}],"collection":[{"href":"https:\/\/gersonguelmann.com.br\/blog\/wp-json\/wp\/v2\/posts"}],"about":[{"href":"https:\/\/gersonguelmann.com.br\/blog\/wp-json\/wp\/v2\/types\/post"}],"author":[{"embeddable":true,"href":"https:\/\/gersonguelmann.com.br\/blog\/wp-json\/wp\/v2\/users\/5"}],"replies":[{"embeddable":true,"href":"https:\/\/gersonguelmann.com.br\/blog\/wp-json\/wp\/v2\/comments?post=1153"}],"version-history":[{"count":0,"href":"https:\/\/gersonguelmann.com.br\/blog\/wp-json\/wp\/v2\/posts\/1153\/revisions"}],"wp:featuredmedia":[{"embeddable":true,"href":"https:\/\/gersonguelmann.com.br\/blog\/wp-json\/wp\/v2\/media\/1154"}],"wp:attachment":[{"href":"https:\/\/gersonguelmann.com.br\/blog\/wp-json\/wp\/v2\/media?parent=1153"}],"wp:term":[{"taxonomy":"category","embeddable":true,"href":"https:\/\/gersonguelmann.com.br\/blog\/wp-json\/wp\/v2\/categories?post=1153"},{"taxonomy":"post_tag","embeddable":true,"href":"https:\/\/gersonguelmann.com.br\/blog\/wp-json\/wp\/v2\/tags?post=1153"}],"curies":[{"name":"wp","href":"https:\/\/api.w.org\/{rel}","templated":true}]}}