    {"id":11631,"date":"2018-04-14T16:31:21","date_gmt":"2018-04-14T19:31:21","guid":{"rendered":"https:\/\/gersonguelmann.com.br\/blog\/?p=11631"},"modified":"2018-04-14T16:31:21","modified_gmt":"2018-04-14T19:31:21","slug":"seguranca-em-1-lugar-o-bom-humor-das-redes","status":"publish","type":"post","link":"https:\/\/gersonguelmann.com.br\/blog\/seguranca-em-1-lugar-o-bom-humor-das-redes\/","title":{"rendered":"Seguran\u00e7a em 1\u00b0 Lugar &#8211; O Bom Humor das Redes"},"content":{"rendered":"<p style=\"text-align: center;\"><img data-recalc-dims=\"1\" fetchpriority=\"high\" decoding=\"async\" data-attachment-id=\"11632\" data-permalink=\"https:\/\/gersonguelmann.com.br\/blog\/seguranca-em-1-lugar-o-bom-humor-das-redes\/capacete\/\" data-orig-file=\"https:\/\/i0.wp.com\/gersonguelmann.com.br\/blog\/wp-content\/uploads\/2018\/04\/Capacete.jpg?fit=480%2C360&amp;ssl=1\" data-orig-size=\"480,360\" data-comments-opened=\"1\" data-image-meta=\"{&quot;aperture&quot;:&quot;0&quot;,&quot;credit&quot;:&quot;&quot;,&quot;camera&quot;:&quot;&quot;,&quot;caption&quot;:&quot;&quot;,&quot;created_timestamp&quot;:&quot;0&quot;,&quot;copyright&quot;:&quot;&quot;,&quot;focal_length&quot;:&quot;0&quot;,&quot;iso&quot;:&quot;0&quot;,&quot;shutter_speed&quot;:&quot;0&quot;,&quot;title&quot;:&quot;&quot;,&quot;orientation&quot;:&quot;0&quot;}\" data-image-title=\"Capacete\" data-image-description=\"\" data-image-caption=\"\" data-medium-file=\"https:\/\/i0.wp.com\/gersonguelmann.com.br\/blog\/wp-content\/uploads\/2018\/04\/Capacete.jpg?fit=300%2C225&amp;ssl=1\" data-large-file=\"https:\/\/i0.wp.com\/gersonguelmann.com.br\/blog\/wp-content\/uploads\/2018\/04\/Capacete.jpg?fit=480%2C360&amp;ssl=1\" class=\"alignnone size-medium wp-image-11632\" src=\"https:\/\/i0.wp.com\/gersonguelmann.com.br\/blog\/wp-content\/uploads\/2018\/04\/Capacete.jpg?resize=300%2C225&#038;ssl=1\" alt=\"\" width=\"300\" height=\"225\" srcset=\"https:\/\/i0.wp.com\/gersonguelmann.com.br\/blog\/wp-content\/uploads\/2018\/04\/Capacete.jpg?resize=300%2C225&amp;ssl=1 300w, https:\/\/i0.wp.com\/gersonguelmann.com.br\/blog\/wp-content\/uploads\/2018\/04\/Capacete.jpg?w=480&amp;ssl=1 480w\" sizes=\"(max-width: 300px) 100vw, 300px\" \/><\/p>\n<p><span style=\"font-family: georgia, palatino, serif; font-size: 18pt; color: #000000;\">Segundo o gozador que fez o flagrante, trata-se de um novo capacete para caronas de motocicletas que est\u00e1 sendo fabricado pela Amanco.<\/span><\/p>\n","protected":false},"excerpt":{"rendered":"<p>Segundo o gozador que fez o flagrante, trata-se de um novo capacete para caronas de motocicletas que est\u00e1 sendo fabricado pela Amanco.<\/p>\n","protected":false},"author":5,"featured_media":11632,"comment_status":"open","ping_status":"open","sticky":false,"template":"","format":"standard","meta":{"_acf_changed":false,"jetpack_post_was_ever_published":false,"_jetpack_newsletter_access":"","_jetpack_dont_email_post_to_subs":false,"_jetpack_newsletter_tier_id":0,"_jetpack_memberships_contains_paywalled_content":false,"_jetpack_memberships_contains_paid_content":false,"footnotes":"","jetpack_publicize_message":"","jetpack_publicize_feature_enabled":true,"jetpack_social_post_already_shared":true,"jetpack_social_options":{"image_generator_settings":{"template":"highway","default_image_id":0,"font":"","enabled":false},"version":2}},"categories":[1],"tags":[],"class_list":["post-11631","post","type-post","status-publish","format-standard","has-post-thumbnail","hentry","category-sem-categoria"],"acf":[],"yoast_head":"<!-- This site is optimized with the Yoast SEO plugin v27.3 - https:\/\/yoast.com\/product\/yoast-seo-wordpress\/ -->\n<title>Seguran\u00e7a em 1\u00b0 Lugar - O Bom Humor das Redes | Blog do Guelmann<\/title>\n<meta name=\"robots\" content=\"index, follow, max-snippet:-1, max-image-preview:large, max-video-preview:-1\" \/>\n<link rel=\"canonical\" href=\"https:\/\/gersonguelmann.com.br\/blog\/seguranca-em-1-lugar-o-bom-humor-das-redes\/\" \/>\n<meta property=\"og:locale\" content=\"pt_BR\" \/>\n<meta property=\"og:type\" content=\"article\" \/>\n<meta property=\"og:title\" content=\"Seguran\u00e7a em 1\u00b0 Lugar - O Bom Humor das Redes | Blog do Guelmann\" \/>\n<meta property=\"og:description\" content=\"Segundo o gozador que fez o flagrante, trata-se de um novo capacete para caronas de motocicletas que est\u00e1 sendo fabricado pela Amanco.\" \/>\n<meta property=\"og:url\" content=\"https:\/\/gersonguelmann.com.br\/blog\/seguranca-em-1-lugar-o-bom-humor-das-redes\/\" \/>\n<meta property=\"og:site_name\" content=\"Blog do Guelmann\" \/>\n<meta property=\"article:published_time\" content=\"2018-04-14T19:31:21+00:00\" \/>\n<meta property=\"og:image\" content=\"https:\/\/i0.wp.com\/gersonguelmann.com.br\/blog\/wp-content\/uploads\/2018\/04\/Capacete.jpg?fit=480%2C360&ssl=1\" \/>\n\t<meta property=\"og:image:width\" content=\"480\" \/>\n\t<meta property=\"og:image:height\" content=\"360\" \/>\n\t<meta property=\"og:image:type\" content=\"image\/jpeg\" \/>\n<meta name=\"author\" content=\"Gerson Guelmann\" \/>\n<meta name=\"twitter:card\" content=\"summary_large_image\" \/>\n<meta name=\"twitter:label1\" content=\"Escrito por\" \/>\n\t<meta name=\"twitter:data1\" content=\"Gerson Guelmann\" \/>\n<script type=\"application\/ld+json\" class=\"yoast-schema-graph\">{\"@context\":\"https:\\\/\\\/schema.org\",\"@graph\":[{\"@type\":\"Article\",\"@id\":\"https:\\\/\\\/gersonguelmann.com.br\\\/blog\\\/seguranca-em-1-lugar-o-bom-humor-das-redes\\\/#article\",\"isPartOf\":{\"@id\":\"https:\\\/\\\/gersonguelmann.com.br\\\/blog\\\/seguranca-em-1-lugar-o-bom-humor-das-redes\\\/\"},\"author\":{\"name\":\"Gerson Guelmann\",\"@id\":\"https:\\\/\\\/gersonguelmann.com.br\\\/blog\\\/#\\\/schema\\\/person\\\/87e70e2a786888082f941a482c90569e\"},\"headline\":\"Seguran\u00e7a em 1\u00b0 Lugar &#8211; O Bom Humor das Redes\",\"datePublished\":\"2018-04-14T19:31:21+00:00\",\"mainEntityOfPage\":{\"@id\":\"https:\\\/\\\/gersonguelmann.com.br\\\/blog\\\/seguranca-em-1-lugar-o-bom-humor-das-redes\\\/\"},\"wordCount\":32,\"commentCount\":0,\"image\":{\"@id\":\"https:\\\/\\\/gersonguelmann.com.br\\\/blog\\\/seguranca-em-1-lugar-o-bom-humor-das-redes\\\/#primaryimage\"},\"thumbnailUrl\":\"https:\\\/\\\/i0.wp.com\\\/gersonguelmann.com.br\\\/blog\\\/wp-content\\\/uploads\\\/2018\\\/04\\\/Capacete.jpg?fit=480%2C360&ssl=1\",\"inLanguage\":\"pt-BR\",\"potentialAction\":[{\"@type\":\"CommentAction\",\"name\":\"Comment\",\"target\":[\"https:\\\/\\\/gersonguelmann.com.br\\\/blog\\\/seguranca-em-1-lugar-o-bom-humor-das-redes\\\/#respond\"]}]},{\"@type\":\"WebPage\",\"@id\":\"https:\\\/\\\/gersonguelmann.com.br\\\/blog\\\/seguranca-em-1-lugar-o-bom-humor-das-redes\\\/\",\"url\":\"https:\\\/\\\/gersonguelmann.com.br\\\/blog\\\/seguranca-em-1-lugar-o-bom-humor-das-redes\\\/\",\"name\":\"Seguran\u00e7a em 1\u00b0 Lugar - O Bom Humor das Redes | Blog do Guelmann\",\"isPartOf\":{\"@id\":\"https:\\\/\\\/gersonguelmann.com.br\\\/blog\\\/#website\"},\"primaryImageOfPage\":{\"@id\":\"https:\\\/\\\/gersonguelmann.com.br\\\/blog\\\/seguranca-em-1-lugar-o-bom-humor-das-redes\\\/#primaryimage\"},\"image\":{\"@id\":\"https:\\\/\\\/gersonguelmann.com.br\\\/blog\\\/seguranca-em-1-lugar-o-bom-humor-das-redes\\\/#primaryimage\"},\"thumbnailUrl\":\"https:\\\/\\\/i0.wp.com\\\/gersonguelmann.com.br\\\/blog\\\/wp-content\\\/uploads\\\/2018\\\/04\\\/Capacete.jpg?fit=480%2C360&ssl=1\",\"datePublished\":\"2018-04-14T19:31:21+00:00\",\"author\":{\"@id\":\"https:\\\/\\\/gersonguelmann.com.br\\\/blog\\\/#\\\/schema\\\/person\\\/87e70e2a786888082f941a482c90569e\"},\"inLanguage\":\"pt-BR\",\"potentialAction\":[{\"@type\":\"ReadAction\",\"target\":[\"https:\\\/\\\/gersonguelmann.com.br\\\/blog\\\/seguranca-em-1-lugar-o-bom-humor-das-redes\\\/\"]}]},{\"@type\":\"ImageObject\",\"inLanguage\":\"pt-BR\",\"@id\":\"https:\\\/\\\/gersonguelmann.com.br\\\/blog\\\/seguranca-em-1-lugar-o-bom-humor-das-redes\\\/#primaryimage\",\"url\":\"https:\\\/\\\/i0.wp.com\\\/gersonguelmann.com.br\\\/blog\\\/wp-content\\\/uploads\\\/2018\\\/04\\\/Capacete.jpg?fit=480%2C360&ssl=1\",\"contentUrl\":\"https:\\\/\\\/i0.wp.com\\\/gersonguelmann.com.br\\\/blog\\\/wp-content\\\/uploads\\\/2018\\\/04\\\/Capacete.jpg?fit=480%2C360&ssl=1\",\"width\":480,\"height\":360},{\"@type\":\"WebSite\",\"@id\":\"https:\\\/\\\/gersonguelmann.com.br\\\/blog\\\/#website\",\"url\":\"https:\\\/\\\/gersonguelmann.com.br\\\/blog\\\/\",\"name\":\"Blog do Guelmann\",\"description\":\"Pitadas da sabedoria e do humor judaicos, assuntos do momento e um pouco das hist\u00f3rias que vivi e testemunhei.\",\"potentialAction\":[{\"@type\":\"SearchAction\",\"target\":{\"@type\":\"EntryPoint\",\"urlTemplate\":\"https:\\\/\\\/gersonguelmann.com.br\\\/blog\\\/?s={search_term_string}\"},\"query-input\":{\"@type\":\"PropertyValueSpecification\",\"valueRequired\":true,\"valueName\":\"search_term_string\"}}],\"inLanguage\":\"pt-BR\"},{\"@type\":\"Person\",\"@id\":\"https:\\\/\\\/gersonguelmann.com.br\\\/blog\\\/#\\\/schema\\\/person\\\/87e70e2a786888082f941a482c90569e\",\"name\":\"Gerson Guelmann\",\"image\":{\"@type\":\"ImageObject\",\"inLanguage\":\"pt-BR\",\"@id\":\"https:\\\/\\\/i0.wp.com\\\/gersonguelmann.com.br\\\/blog\\\/wp-content\\\/uploads\\\/2021\\\/08\\\/BLOG.jpeg?fit=96%2C96&ssl=1\",\"url\":\"https:\\\/\\\/i0.wp.com\\\/gersonguelmann.com.br\\\/blog\\\/wp-content\\\/uploads\\\/2021\\\/08\\\/BLOG.jpeg?fit=96%2C96&ssl=1\",\"contentUrl\":\"https:\\\/\\\/i0.wp.com\\\/gersonguelmann.com.br\\\/blog\\\/wp-content\\\/uploads\\\/2021\\\/08\\\/BLOG.jpeg?fit=96%2C96&ssl=1\",\"caption\":\"Gerson Guelmann\"},\"description\":\"Pitadas da sabedoria e do humor judaicos, assuntos do momento e um pouco das hist\u00f3rias que vivi e testemunhei.\"}]}<\/script>\n<!-- \/ Yoast SEO plugin. -->","yoast_head_json":{"title":"Seguran\u00e7a em 1\u00b0 Lugar - O Bom Humor das Redes | Blog do Guelmann","robots":{"index":"index","follow":"follow","max-snippet":"max-snippet:-1","max-image-preview":"max-image-preview:large","max-video-preview":"max-video-preview:-1"},"canonical":"https:\/\/gersonguelmann.com.br\/blog\/seguranca-em-1-lugar-o-bom-humor-das-redes\/","og_locale":"pt_BR","og_type":"article","og_title":"Seguran\u00e7a em 1\u00b0 Lugar - O Bom Humor das Redes | Blog do Guelmann","og_description":"Segundo o gozador que fez o flagrante, trata-se de um novo capacete para caronas de motocicletas que est\u00e1 sendo fabricado pela Amanco.","og_url":"https:\/\/gersonguelmann.com.br\/blog\/seguranca-em-1-lugar-o-bom-humor-das-redes\/","og_site_name":"Blog do Guelmann","article_published_time":"2018-04-14T19:31:21+00:00","og_image":[{"width":480,"height":360,"url":"https:\/\/i0.wp.com\/gersonguelmann.com.br\/blog\/wp-content\/uploads\/2018\/04\/Capacete.jpg?fit=480%2C360&ssl=1","type":"image\/jpeg"}],"author":"Gerson Guelmann","twitter_card":"summary_large_image","twitter_misc":{"Escrito por":"Gerson Guelmann"},"schema":{"@context":"https:\/\/schema.org","@graph":[{"@type":"Article","@id":"https:\/\/gersonguelmann.com.br\/blog\/seguranca-em-1-lugar-o-bom-humor-das-redes\/#article","isPartOf":{"@id":"https:\/\/gersonguelmann.com.br\/blog\/seguranca-em-1-lugar-o-bom-humor-das-redes\/"},"author":{"name":"Gerson Guelmann","@id":"https:\/\/gersonguelmann.com.br\/blog\/#\/schema\/person\/87e70e2a786888082f941a482c90569e"},"headline":"Seguran\u00e7a em 1\u00b0 Lugar &#8211; O Bom Humor das Redes","datePublished":"2018-04-14T19:31:21+00:00","mainEntityOfPage":{"@id":"https:\/\/gersonguelmann.com.br\/blog\/seguranca-em-1-lugar-o-bom-humor-das-redes\/"},"wordCount":32,"commentCount":0,"image":{"@id":"https:\/\/gersonguelmann.com.br\/blog\/seguranca-em-1-lugar-o-bom-humor-das-redes\/#primaryimage"},"thumbnailUrl":"https:\/\/i0.wp.com\/gersonguelmann.com.br\/blog\/wp-content\/uploads\/2018\/04\/Capacete.jpg?fit=480%2C360&ssl=1","inLanguage":"pt-BR","potentialAction":[{"@type":"CommentAction","name":"Comment","target":["https:\/\/gersonguelmann.com.br\/blog\/seguranca-em-1-lugar-o-bom-humor-das-redes\/#respond"]}]},{"@type":"WebPage","@id":"https:\/\/gersonguelmann.com.br\/blog\/seguranca-em-1-lugar-o-bom-humor-das-redes\/","url":"https:\/\/gersonguelmann.com.br\/blog\/seguranca-em-1-lugar-o-bom-humor-das-redes\/","name":"Seguran\u00e7a em 1\u00b0 Lugar - O Bom Humor das Redes | Blog do Guelmann","isPartOf":{"@id":"https:\/\/gersonguelmann.com.br\/blog\/#website"},"primaryImageOfPage":{"@id":"https:\/\/gersonguelmann.com.br\/blog\/seguranca-em-1-lugar-o-bom-humor-das-redes\/#primaryimage"},"image":{"@id":"https:\/\/gersonguelmann.com.br\/blog\/seguranca-em-1-lugar-o-bom-humor-das-redes\/#primaryimage"},"thumbnailUrl":"https:\/\/i0.wp.com\/gersonguelmann.com.br\/blog\/wp-content\/uploads\/2018\/04\/Capacete.jpg?fit=480%2C360&ssl=1","datePublished":"2018-04-14T19:31:21+00:00","author":{"@id":"https:\/\/gersonguelmann.com.br\/blog\/#\/schema\/person\/87e70e2a786888082f941a482c90569e"},"inLanguage":"pt-BR","potentialAction":[{"@type":"ReadAction","target":["https:\/\/gersonguelmann.com.br\/blog\/seguranca-em-1-lugar-o-bom-humor-das-redes\/"]}]},{"@type":"ImageObject","inLanguage":"pt-BR","@id":"https:\/\/gersonguelmann.com.br\/blog\/seguranca-em-1-lugar-o-bom-humor-das-redes\/#primaryimage","url":"https:\/\/i0.wp.com\/gersonguelmann.com.br\/blog\/wp-content\/uploads\/2018\/04\/Capacete.jpg?fit=480%2C360&ssl=1","contentUrl":"https:\/\/i0.wp.com\/gersonguelmann.com.br\/blog\/wp-content\/uploads\/2018\/04\/Capacete.jpg?fit=480%2C360&ssl=1","width":480,"height":360},{"@type":"WebSite","@id":"https:\/\/gersonguelmann.com.br\/blog\/#website","url":"https:\/\/gersonguelmann.com.br\/blog\/","name":"Blog do Guelmann","description":"Pitadas da sabedoria e do humor judaicos, assuntos do momento e um pouco das hist\u00f3rias que vivi e testemunhei.","potentialAction":[{"@type":"SearchAction","target":{"@type":"EntryPoint","urlTemplate":"https:\/\/gersonguelmann.com.br\/blog\/?s={search_term_string}"},"query-input":{"@type":"PropertyValueSpecification","valueRequired":true,"valueName":"search_term_string"}}],"inLanguage":"pt-BR"},{"@type":"Person","@id":"https:\/\/gersonguelmann.com.br\/blog\/#\/schema\/person\/87e70e2a786888082f941a482c90569e","name":"Gerson Guelmann","image":{"@type":"ImageObject","inLanguage":"pt-BR","@id":"https:\/\/i0.wp.com\/gersonguelmann.com.br\/blog\/wp-content\/uploads\/2021\/08\/BLOG.jpeg?fit=96%2C96&ssl=1","url":"https:\/\/i0.wp.com\/gersonguelmann.com.br\/blog\/wp-content\/uploads\/2021\/08\/BLOG.jpeg?fit=96%2C96&ssl=1","contentUrl":"https:\/\/i0.wp.com\/gersonguelmann.com.br\/blog\/wp-content\/uploads\/2021\/08\/BLOG.jpeg?fit=96%2C96&ssl=1","caption":"Gerson Guelmann"},"description":"Pitadas da sabedoria e do humor judaicos, assuntos do momento e um pouco das hist\u00f3rias que vivi e testemunhei."}]}},"views":59,"jetpack_publicize_connections":[],"jetpack_featured_media_url":"https:\/\/i0.wp.com\/gersonguelmann.com.br\/blog\/wp-content\/uploads\/2018\/04\/Capacete.jpg?fit=480%2C360&ssl=1","jetpack_shortlink":"https:\/\/wp.me\/p96e7O-31B","jetpack-related-posts":[{"id":15680,"url":"https:\/\/gersonguelmann.com.br\/blog\/o-ano-que-vem-passou-ontem-la-em-casa\/","url_meta":{"origin":11631,"position":0},"title":"O Ano Que Vem Passou Ontem L\u00e1 Em Casa","author":"Gerson Guelmann","date":"6 de janeiro de 2019","format":false,"excerpt":"Recebi e compartilho, pela beleza da mensagem. O autor da poesia \u00e9 T\u00falio Borges, que estou conhecendo agora. Maravilha. \u00a0 \"O ano que vem passou ontem l\u00e1 em casa e disse que o futuro vai ser melhor. Disse que o presente \u00e9 bom, que \u00e9 tamb\u00e9m do\u00eddo, que o passado\u2026","rel":"","context":"Em &quot;Sem categoria&quot;","block_context":{"text":"Sem categoria","link":"https:\/\/gersonguelmann.com.br\/blog\/category\/sem-categoria\/"},"img":{"alt_text":"","src":"https:\/\/i0.wp.com\/gersonguelmann.com.br\/blog\/wp-content\/uploads\/2019\/01\/new-year.jpg?fit=500%2C750&ssl=1&resize=350%2C200","width":350,"height":200},"classes":[]},{"id":14741,"url":"https:\/\/gersonguelmann.com.br\/blog\/afinal-de-contas-de-onde-saiu-o-bolsonaro\/","url_meta":{"origin":11631,"position":1},"title":"Afinal de Contas, De Onde Saiu o Bolsonaro?","author":"Gerson Guelmann","date":"17 de outubro de 2018","format":false,"excerpt":"H\u00e1 dois dias o Brasil inteiro comenta sobre a participa\u00e7\u00e3o do Senador eleito Cid Gomes em evento do PT em Fortaleza, quando, ignorando a condi\u00e7\u00e3o de convidado, ele teve a coragem de propor que o partido fizesse um \"mea culpa\" pelos erros cometidos e que resultaram nos fracos resultados obtidos\u2026","rel":"","context":"Em &quot;Sem categoria&quot;","block_context":{"text":"Sem categoria","link":"https:\/\/gersonguelmann.com.br\/blog\/category\/sem-categoria\/"},"img":{"alt_text":"","src":"https:\/\/i0.wp.com\/gersonguelmann.com.br\/blog\/wp-content\/uploads\/2018\/10\/download.jpg?resize=350%2C200&ssl=1","width":350,"height":200},"classes":[]},{"id":19218,"url":"https:\/\/gersonguelmann.com.br\/blog\/os-10-segundos-que-podem-te-livrar-do-cancer-de-prostata\/","url_meta":{"origin":11631,"position":2},"title":"Os 10 Segundos Que Podem Te Livrar do C\u00e2ncer de Pr\u00f3stata","author":"Gerson Guelmann","date":"19 de novembro de 2019","format":false,"excerpt":"Estamos no Novembro Azul, o m\u00eas dedicado \u00e0 campanha de preven\u00e7\u00e3o do c\u00e2ncer de pr\u00f3stata. \u00c9 importante que toda a popula\u00e7\u00e3o participe das a\u00e7\u00f5es que se destinam \u00e0 conscientiza\u00e7\u00e3o da necessidade do exame peri\u00f3dico, \u00fanica forma de diminuir o risco da doen\u00e7a que mata milh\u00f5es de homens em todo mundo.\u2026","rel":"","context":"Em &quot;Sem categoria&quot;","block_context":{"text":"Sem categoria","link":"https:\/\/gersonguelmann.com.br\/blog\/category\/sem-categoria\/"},"img":{"alt_text":"","src":"https:\/\/i0.wp.com\/gersonguelmann.com.br\/blog\/wp-content\/uploads\/2019\/11\/Pr%C3%B3stata.jpg?fit=716%2C428&ssl=1&resize=350%2C200","width":350,"height":200,"srcset":"https:\/\/i0.wp.com\/gersonguelmann.com.br\/blog\/wp-content\/uploads\/2019\/11\/Pr%C3%B3stata.jpg?fit=716%2C428&ssl=1&resize=350%2C200 1x, https:\/\/i0.wp.com\/gersonguelmann.com.br\/blog\/wp-content\/uploads\/2019\/11\/Pr%C3%B3stata.jpg?fit=716%2C428&ssl=1&resize=525%2C300 1.5x, https:\/\/i0.wp.com\/gersonguelmann.com.br\/blog\/wp-content\/uploads\/2019\/11\/Pr%C3%B3stata.jpg?fit=716%2C428&ssl=1&resize=700%2C400 2x"},"classes":[]},{"id":20505,"url":"https:\/\/gersonguelmann.com.br\/blog\/o-stf-quer-furar-a-fila-da-vacina\/","url_meta":{"origin":11631,"position":3},"title":"O STF Quer Furar a Fila da Vacina","author":"Gerson Guelmann","date":"23 de dezembro de 2020","format":false,"excerpt":"A gente j\u00e1 n\u00e3o se surpreende com nada, mas de vez em quando esse nosso Brasilz\u00e3o ainda oferece raz\u00f5es para testar nossa capacidade de indigna\u00e7\u00e3o. A de hoje \u00e9 o que aparenta ser uma tentativa da nossa Suprema Corte de Justi\u00e7a garantir a vacina contra o Coronavirus antes de\u00a0 todo\u2026","rel":"","context":"Em &quot;Sem categoria&quot;","block_context":{"text":"Sem categoria","link":"https:\/\/gersonguelmann.com.br\/blog\/category\/sem-categoria\/"},"img":{"alt_text":"","src":"https:\/\/i0.wp.com\/gersonguelmann.com.br\/blog\/wp-content\/uploads\/2020\/12\/VACINA.png?fit=960%2C640&ssl=1&resize=350%2C200","width":350,"height":200,"srcset":"https:\/\/i0.wp.com\/gersonguelmann.com.br\/blog\/wp-content\/uploads\/2020\/12\/VACINA.png?fit=960%2C640&ssl=1&resize=350%2C200 1x, https:\/\/i0.wp.com\/gersonguelmann.com.br\/blog\/wp-content\/uploads\/2020\/12\/VACINA.png?fit=960%2C640&ssl=1&resize=525%2C300 1.5x, https:\/\/i0.wp.com\/gersonguelmann.com.br\/blog\/wp-content\/uploads\/2020\/12\/VACINA.png?fit=960%2C640&ssl=1&resize=700%2C400 2x"},"classes":[]},{"id":2029,"url":"https:\/\/gersonguelmann.com.br\/blog\/abraao-e-o-excesso-de-velocidade\/","url_meta":{"origin":11631,"position":4},"title":"Abra\u00e3o e o Excesso de Velocidade","author":"Gerson Guelmann","date":"17 de abril de 2024","format":false,"excerpt":"Abra\u00e3o, representante comercial, estava dirigindo na estrada quando ouviu a sirene de um carro da patrulha rodovi\u00e1ria. Olhou pelo retrovisor, percebeu que a viatura se aproximava e reduziu a velocidade. Logo que estacionou no acostamento, o policial veio at\u00e9 a janela do carro: Oficial: O senhor acabou de passar por\u2026","rel":"","context":"Em &quot;Sem categoria&quot;","block_context":{"text":"Sem categoria","link":"https:\/\/gersonguelmann.com.br\/blog\/category\/sem-categoria\/"},"img":{"alt_text":"","src":"https:\/\/i0.wp.com\/gersonguelmann.com.br\/blog\/wp-content\/uploads\/2017\/09\/Policia.jpg?fit=1200%2C837&ssl=1&resize=350%2C200","width":350,"height":200,"srcset":"https:\/\/i0.wp.com\/gersonguelmann.com.br\/blog\/wp-content\/uploads\/2017\/09\/Policia.jpg?fit=1200%2C837&ssl=1&resize=350%2C200 1x, https:\/\/i0.wp.com\/gersonguelmann.com.br\/blog\/wp-content\/uploads\/2017\/09\/Policia.jpg?fit=1200%2C837&ssl=1&resize=525%2C300 1.5x, https:\/\/i0.wp.com\/gersonguelmann.com.br\/blog\/wp-content\/uploads\/2017\/09\/Policia.jpg?fit=1200%2C837&ssl=1&resize=700%2C400 2x, https:\/\/i0.wp.com\/gersonguelmann.com.br\/blog\/wp-content\/uploads\/2017\/09\/Policia.jpg?fit=1200%2C837&ssl=1&resize=1050%2C600 3x"},"classes":[]},{"id":12013,"url":"https:\/\/gersonguelmann.com.br\/blog\/veja-o-que-gilmar-mendes-acha-da-pena-de-lula\/","url_meta":{"origin":11631,"position":5},"title":"Veja o Que Gilmar Mendes Acha da Pena de Lula","author":"Gerson Guelmann","date":"24 de abril de 2018","format":false,"excerpt":"Not\u00edcias da manh\u00e3 de hoje sobre o ministro Gilmar Mendes: BRASIL Gilmar Mendes: pena de Lula pode ser reduzida Estad\u00e3o Conte\u00fado 24\/04\/18 - 12h01 Atualizado em 24\/04\/18 - 12h29 O ministro Gilmar Mendes, do Supremo Tribunal Federal (STF), afirmou nesta ter\u00e7a-feira, 24, que a pena de 12 anos e um\u2026","rel":"","context":"Em &quot;Sem categoria&quot;","block_context":{"text":"Sem categoria","link":"https:\/\/gersonguelmann.com.br\/blog\/category\/sem-categoria\/"},"img":{"alt_text":"","src":"https:\/\/i0.wp.com\/gersonguelmann.com.br\/blog\/wp-content\/uploads\/2018\/04\/lula-e-gilmar-mendes.jpg?fit=744%2C496&ssl=1&resize=350%2C200","width":350,"height":200,"srcset":"https:\/\/i0.wp.com\/gersonguelmann.com.br\/blog\/wp-content\/uploads\/2018\/04\/lula-e-gilmar-mendes.jpg?fit=744%2C496&ssl=1&resize=350%2C200 1x, https:\/\/i0.wp.com\/gersonguelmann.com.br\/blog\/wp-content\/uploads\/2018\/04\/lula-e-gilmar-mendes.jpg?fit=744%2C496&ssl=1&resize=525%2C300 1.5x, https:\/\/i0.wp.com\/gersonguelmann.com.br\/blog\/wp-content\/uploads\/2018\/04\/lula-e-gilmar-mendes.jpg?fit=744%2C496&ssl=1&resize=700%2C400 2x"},"classes":[]}],"jetpack_sharing_enabled":true,"post_mailing_queue_ids":[],"_links":{"self":[{"href":"https:\/\/gersonguelmann.com.br\/blog\/wp-json\/wp\/v2\/posts\/11631","targetHints":{"allow":["GET"]}}],"collection":[{"href":"https:\/\/gersonguelmann.com.br\/blog\/wp-json\/wp\/v2\/posts"}],"about":[{"href":"https:\/\/gersonguelmann.com.br\/blog\/wp-json\/wp\/v2\/types\/post"}],"author":[{"embeddable":true,"href":"https:\/\/gersonguelmann.com.br\/blog\/wp-json\/wp\/v2\/users\/5"}],"replies":[{"embeddable":true,"href":"https:\/\/gersonguelmann.com.br\/blog\/wp-json\/wp\/v2\/comments?post=11631"}],"version-history":[{"count":0,"href":"https:\/\/gersonguelmann.com.br\/blog\/wp-json\/wp\/v2\/posts\/11631\/revisions"}],"wp:featuredmedia":[{"embeddable":true,"href":"https:\/\/gersonguelmann.com.br\/blog\/wp-json\/wp\/v2\/media\/11632"}],"wp:attachment":[{"href":"https:\/\/gersonguelmann.com.br\/blog\/wp-json\/wp\/v2\/media?parent=11631"}],"wp:term":[{"taxonomy":"category","embeddable":true,"href":"https:\/\/gersonguelmann.com.br\/blog\/wp-json\/wp\/v2\/categories?post=11631"},{"taxonomy":"post_tag","embeddable":true,"href":"https:\/\/gersonguelmann.com.br\/blog\/wp-json\/wp\/v2\/tags?post=11631"}],"curies":[{"name":"wp","href":"https:\/\/api.w.org\/{rel}","templated":true}]}}