    {"id":11641,"date":"2018-04-14T18:48:04","date_gmt":"2018-04-14T21:48:04","guid":{"rendered":"https:\/\/gersonguelmann.com.br\/blog\/?p=11641"},"modified":"2018-04-14T18:48:04","modified_gmt":"2018-04-14T21:48:04","slug":"globo-lancara-big-brother-judaico","status":"publish","type":"post","link":"https:\/\/gersonguelmann.com.br\/blog\/globo-lancara-big-brother-judaico\/","title":{"rendered":"Globo Lan\u00e7ar\u00e1 Big Brother Judaico"},"content":{"rendered":"<p><span style=\"font-family: verdana, geneva, sans-serif; font-size: 18pt; color: #000000;\">Animada com o sucesso do BBB, a Globo estuda a possibilidade de lan\u00e7ar uma vers\u00e3o judaica do programa.<\/span><\/p>\n<p><span style=\"font-family: verdana, geneva, sans-serif; font-size: 18pt; color: #000000;\">16 judeus ser\u00e3o colocados em um apartamento de dois quartos. Cada semana um ser\u00e1 eliminado e o finalista receber\u00e1 R$ 1 milh\u00e3o.<\/span><\/p>\n<p><span style=\"font-family: verdana, geneva, sans-serif; font-size: 18pt; color: #000000;\"> As regras ser\u00e3o as seguintes:<\/span><\/p>\n<p><span style=\"font-family: verdana, geneva, sans-serif; font-size: 18pt; color: #000000;\">1. O dinheiro do pr\u00eamio ser\u00e1 depositado em um fundo de pens\u00e3o para resgate quando o vencedor tiver 80 anos;<\/span><br \/>\n<span style=\"font-family: verdana, geneva, sans-serif; font-size: 18pt; color: #000000;\">2. N\u00e3o haver\u00e1 servi\u00e7o de limpeza, que ficar\u00e1 por conta dos concorrentes;<\/span><br \/>\n<span style=\"font-family: verdana, geneva, sans-serif; font-size: 18pt; color: #000000;\">3. Ningu\u00e9m poder\u00e1 acessar caixas eletr\u00f4nicos nem usar cart\u00f5es de cr\u00e9dito;<\/span><br \/>\n<span style=\"font-family: verdana, geneva, sans-serif; font-size: 18pt; color: #000000;\">4. Nenhum alimento poder\u00e1 ser comprado fora nem pedido por delivery, incluindo comida chinesa;<\/span><br \/>\n<span style=\"font-family: verdana, geneva, sans-serif; font-size: 18pt; color: #000000;\">5.Todas\u00a0as compras dever\u00e3o ser feitas a pre\u00e7os de varejo;<\/span><br \/>\n<span style=\"font-family: verdana, geneva, sans-serif; font-size: 18pt; color: #000000;\">6.\u00a0Os deslocamentos pela cidade dever\u00e3o ser a\u00a0p\u00e9, \u00f4nibus ou metr\u00f4, sendo proibidos autom\u00f3veis ou t\u00e1xis;<\/span><br \/>\n<span style=\"font-family: verdana, geneva, sans-serif; font-size: 18pt; color: #000000;\">7. Todas as pessoas que forem se exercitar ter\u00e3o que vestir agasalhos de moletons comuns, sem etiquetas de grife;<\/span><br \/>\n<span style=\"font-family: verdana, geneva, sans-serif; font-size: 18pt; color: #000000;\">8. Haver\u00e1 apenas uma linha telef\u00f4nica para todos os 16 membros do grupo. Nenhuma chamada poder\u00e1 durar mais de 3 minutos;<\/span><br \/>\n<span style=\"font-family: verdana, geneva, sans-serif; font-size: 18pt; color: #000000;\">8. Celulares n\u00e3o ser\u00e3o permitidos;<\/span><br \/>\n<span style=\"font-family: verdana, geneva, sans-serif; font-size: 18pt; color: #000000;\">9. As mulheres n\u00e3o poder\u00e3o telefonar para a m\u00e3e e os homens n\u00e3o poder\u00e3o telefonar para o escrit\u00f3rio;<\/span><br \/>\n<span style=\"font-family: verdana, geneva, sans-serif; font-size: 18pt; color: #000000;\">10. Problemas de manuten\u00e7\u00e3o dever\u00e3o ser resolvidos pelo grupo, sem qualquer ajuda externa;<\/span><br \/>\n<span style=\"font-family: verdana, geneva, sans-serif; font-size: 18pt; color: #000000;\">11. N\u00e3o poder\u00e1 ser feita nenhuma consulta com advogados.<\/span><\/p>\n<p><span style=\"font-family: verdana, geneva, sans-serif; font-size: 18pt; color: #000000;\">O \u00fanico problema encontrado \u00e9 que at\u00e9 agora ainda n\u00e3o apareceram candidatos.<\/span><\/p>\n<p style=\"text-align: center;\"><img data-recalc-dims=\"1\" decoding=\"async\" data-attachment-id=\"11642\" data-permalink=\"https:\/\/gersonguelmann.com.br\/blog\/globo-lancara-big-brother-judaico\/bbb\/\" data-orig-file=\"https:\/\/i0.wp.com\/gersonguelmann.com.br\/blog\/wp-content\/uploads\/2018\/04\/BBB.jpg?fit=355%2C142&amp;ssl=1\" data-orig-size=\"355,142\" data-comments-opened=\"1\" data-image-meta=\"{&quot;aperture&quot;:&quot;0&quot;,&quot;credit&quot;:&quot;&quot;,&quot;camera&quot;:&quot;&quot;,&quot;caption&quot;:&quot;&quot;,&quot;created_timestamp&quot;:&quot;0&quot;,&quot;copyright&quot;:&quot;&quot;,&quot;focal_length&quot;:&quot;0&quot;,&quot;iso&quot;:&quot;0&quot;,&quot;shutter_speed&quot;:&quot;0&quot;,&quot;title&quot;:&quot;&quot;,&quot;orientation&quot;:&quot;0&quot;}\" data-image-title=\"BBB\" data-image-description=\"\" data-image-caption=\"\" data-medium-file=\"https:\/\/i0.wp.com\/gersonguelmann.com.br\/blog\/wp-content\/uploads\/2018\/04\/BBB.jpg?fit=300%2C120&amp;ssl=1\" data-large-file=\"https:\/\/i0.wp.com\/gersonguelmann.com.br\/blog\/wp-content\/uploads\/2018\/04\/BBB.jpg?fit=355%2C142&amp;ssl=1\" class=\"alignnone size-medium wp-image-11642\" src=\"https:\/\/i0.wp.com\/gersonguelmann.com.br\/blog\/wp-content\/uploads\/2018\/04\/BBB.jpg?resize=300%2C120&#038;ssl=1\" alt=\"\" width=\"300\" height=\"120\" srcset=\"https:\/\/i0.wp.com\/gersonguelmann.com.br\/blog\/wp-content\/uploads\/2018\/04\/BBB.jpg?resize=300%2C120&amp;ssl=1 300w, https:\/\/i0.wp.com\/gersonguelmann.com.br\/blog\/wp-content\/uploads\/2018\/04\/BBB.jpg?w=355&amp;ssl=1 355w\" sizes=\"(max-width: 300px) 100vw, 300px\" \/><\/p>\n","protected":false},"excerpt":{"rendered":"<p>Animada com o sucesso do BBB, a Globo estuda a possibilidade de lan\u00e7ar uma vers\u00e3o judaica do programa. 16 judeus ser\u00e3o colocados em um apartamento de dois quartos. Cada semana um ser\u00e1 eliminado e o finalista receber\u00e1 R$ 1 milh\u00e3o. As regras ser\u00e3o as seguintes: 1. O dinheiro do pr\u00eamio ser\u00e1 depositado em um fundo [&hellip;]<\/p>\n","protected":false},"author":5,"featured_media":11642,"comment_status":"open","ping_status":"open","sticky":false,"template":"","format":"standard","meta":{"_acf_changed":false,"jetpack_post_was_ever_published":false,"_jetpack_newsletter_access":"","_jetpack_dont_email_post_to_subs":false,"_jetpack_newsletter_tier_id":0,"_jetpack_memberships_contains_paywalled_content":false,"_jetpack_memberships_contains_paid_content":false,"footnotes":"","jetpack_publicize_message":"","jetpack_publicize_feature_enabled":true,"jetpack_social_post_already_shared":true,"jetpack_social_options":{"image_generator_settings":{"template":"highway","default_image_id":0,"font":"","enabled":false},"version":2}},"categories":[1],"tags":[],"class_list":["post-11641","post","type-post","status-publish","format-standard","has-post-thumbnail","hentry","category-sem-categoria"],"acf":[],"yoast_head":"<!-- This site is optimized with the Yoast SEO plugin v27.3 - https:\/\/yoast.com\/product\/yoast-seo-wordpress\/ -->\n<title>Globo Lan\u00e7ar\u00e1 Big Brother Judaico | Blog do Guelmann<\/title>\n<meta name=\"robots\" content=\"index, follow, max-snippet:-1, max-image-preview:large, max-video-preview:-1\" \/>\n<link rel=\"canonical\" href=\"https:\/\/gersonguelmann.com.br\/blog\/globo-lancara-big-brother-judaico\/\" \/>\n<meta property=\"og:locale\" content=\"pt_BR\" \/>\n<meta property=\"og:type\" content=\"article\" \/>\n<meta property=\"og:title\" content=\"Globo Lan\u00e7ar\u00e1 Big Brother Judaico | Blog do Guelmann\" \/>\n<meta property=\"og:description\" content=\"Animada com o sucesso do BBB, a Globo estuda a possibilidade de lan\u00e7ar uma vers\u00e3o judaica do programa. 16 judeus ser\u00e3o colocados em um apartamento de dois quartos. Cada semana um ser\u00e1 eliminado e o finalista receber\u00e1 R$ 1 milh\u00e3o. As regras ser\u00e3o as seguintes: 1. O dinheiro do pr\u00eamio ser\u00e1 depositado em um fundo [&hellip;]\" \/>\n<meta property=\"og:url\" content=\"https:\/\/gersonguelmann.com.br\/blog\/globo-lancara-big-brother-judaico\/\" \/>\n<meta property=\"og:site_name\" content=\"Blog do Guelmann\" \/>\n<meta property=\"article:published_time\" content=\"2018-04-14T21:48:04+00:00\" \/>\n<meta property=\"og:image\" content=\"https:\/\/i0.wp.com\/gersonguelmann.com.br\/blog\/wp-content\/uploads\/2018\/04\/BBB.jpg?fit=355%2C142&ssl=1\" \/>\n\t<meta property=\"og:image:width\" content=\"355\" \/>\n\t<meta property=\"og:image:height\" content=\"142\" \/>\n\t<meta property=\"og:image:type\" content=\"image\/jpeg\" \/>\n<meta name=\"author\" content=\"Gerson Guelmann\" \/>\n<meta name=\"twitter:card\" content=\"summary_large_image\" \/>\n<meta name=\"twitter:label1\" content=\"Escrito por\" \/>\n\t<meta name=\"twitter:data1\" content=\"Gerson Guelmann\" \/>\n\t<meta name=\"twitter:label2\" content=\"Est. tempo de leitura\" \/>\n\t<meta name=\"twitter:data2\" content=\"1 minuto\" \/>\n<script type=\"application\/ld+json\" class=\"yoast-schema-graph\">{\"@context\":\"https:\\\/\\\/schema.org\",\"@graph\":[{\"@type\":\"Article\",\"@id\":\"https:\\\/\\\/gersonguelmann.com.br\\\/blog\\\/globo-lancara-big-brother-judaico\\\/#article\",\"isPartOf\":{\"@id\":\"https:\\\/\\\/gersonguelmann.com.br\\\/blog\\\/globo-lancara-big-brother-judaico\\\/\"},\"author\":{\"name\":\"Gerson Guelmann\",\"@id\":\"https:\\\/\\\/gersonguelmann.com.br\\\/blog\\\/#\\\/schema\\\/person\\\/87e70e2a786888082f941a482c90569e\"},\"headline\":\"Globo Lan\u00e7ar\u00e1 Big Brother Judaico\",\"datePublished\":\"2018-04-14T21:48:04+00:00\",\"mainEntityOfPage\":{\"@id\":\"https:\\\/\\\/gersonguelmann.com.br\\\/blog\\\/globo-lancara-big-brother-judaico\\\/\"},\"wordCount\":247,\"commentCount\":0,\"image\":{\"@id\":\"https:\\\/\\\/gersonguelmann.com.br\\\/blog\\\/globo-lancara-big-brother-judaico\\\/#primaryimage\"},\"thumbnailUrl\":\"https:\\\/\\\/i0.wp.com\\\/gersonguelmann.com.br\\\/blog\\\/wp-content\\\/uploads\\\/2018\\\/04\\\/BBB.jpg?fit=355%2C142&ssl=1\",\"inLanguage\":\"pt-BR\",\"potentialAction\":[{\"@type\":\"CommentAction\",\"name\":\"Comment\",\"target\":[\"https:\\\/\\\/gersonguelmann.com.br\\\/blog\\\/globo-lancara-big-brother-judaico\\\/#respond\"]}]},{\"@type\":\"WebPage\",\"@id\":\"https:\\\/\\\/gersonguelmann.com.br\\\/blog\\\/globo-lancara-big-brother-judaico\\\/\",\"url\":\"https:\\\/\\\/gersonguelmann.com.br\\\/blog\\\/globo-lancara-big-brother-judaico\\\/\",\"name\":\"Globo Lan\u00e7ar\u00e1 Big Brother Judaico | Blog do Guelmann\",\"isPartOf\":{\"@id\":\"https:\\\/\\\/gersonguelmann.com.br\\\/blog\\\/#website\"},\"primaryImageOfPage\":{\"@id\":\"https:\\\/\\\/gersonguelmann.com.br\\\/blog\\\/globo-lancara-big-brother-judaico\\\/#primaryimage\"},\"image\":{\"@id\":\"https:\\\/\\\/gersonguelmann.com.br\\\/blog\\\/globo-lancara-big-brother-judaico\\\/#primaryimage\"},\"thumbnailUrl\":\"https:\\\/\\\/i0.wp.com\\\/gersonguelmann.com.br\\\/blog\\\/wp-content\\\/uploads\\\/2018\\\/04\\\/BBB.jpg?fit=355%2C142&ssl=1\",\"datePublished\":\"2018-04-14T21:48:04+00:00\",\"author\":{\"@id\":\"https:\\\/\\\/gersonguelmann.com.br\\\/blog\\\/#\\\/schema\\\/person\\\/87e70e2a786888082f941a482c90569e\"},\"inLanguage\":\"pt-BR\",\"potentialAction\":[{\"@type\":\"ReadAction\",\"target\":[\"https:\\\/\\\/gersonguelmann.com.br\\\/blog\\\/globo-lancara-big-brother-judaico\\\/\"]}]},{\"@type\":\"ImageObject\",\"inLanguage\":\"pt-BR\",\"@id\":\"https:\\\/\\\/gersonguelmann.com.br\\\/blog\\\/globo-lancara-big-brother-judaico\\\/#primaryimage\",\"url\":\"https:\\\/\\\/i0.wp.com\\\/gersonguelmann.com.br\\\/blog\\\/wp-content\\\/uploads\\\/2018\\\/04\\\/BBB.jpg?fit=355%2C142&ssl=1\",\"contentUrl\":\"https:\\\/\\\/i0.wp.com\\\/gersonguelmann.com.br\\\/blog\\\/wp-content\\\/uploads\\\/2018\\\/04\\\/BBB.jpg?fit=355%2C142&ssl=1\",\"width\":355,\"height\":142},{\"@type\":\"WebSite\",\"@id\":\"https:\\\/\\\/gersonguelmann.com.br\\\/blog\\\/#website\",\"url\":\"https:\\\/\\\/gersonguelmann.com.br\\\/blog\\\/\",\"name\":\"Blog do Guelmann\",\"description\":\"Pitadas da sabedoria e do humor judaicos, assuntos do momento e um pouco das hist\u00f3rias que vivi e testemunhei.\",\"potentialAction\":[{\"@type\":\"SearchAction\",\"target\":{\"@type\":\"EntryPoint\",\"urlTemplate\":\"https:\\\/\\\/gersonguelmann.com.br\\\/blog\\\/?s={search_term_string}\"},\"query-input\":{\"@type\":\"PropertyValueSpecification\",\"valueRequired\":true,\"valueName\":\"search_term_string\"}}],\"inLanguage\":\"pt-BR\"},{\"@type\":\"Person\",\"@id\":\"https:\\\/\\\/gersonguelmann.com.br\\\/blog\\\/#\\\/schema\\\/person\\\/87e70e2a786888082f941a482c90569e\",\"name\":\"Gerson Guelmann\",\"image\":{\"@type\":\"ImageObject\",\"inLanguage\":\"pt-BR\",\"@id\":\"https:\\\/\\\/i0.wp.com\\\/gersonguelmann.com.br\\\/blog\\\/wp-content\\\/uploads\\\/2021\\\/08\\\/BLOG.jpeg?fit=96%2C96&ssl=1\",\"url\":\"https:\\\/\\\/i0.wp.com\\\/gersonguelmann.com.br\\\/blog\\\/wp-content\\\/uploads\\\/2021\\\/08\\\/BLOG.jpeg?fit=96%2C96&ssl=1\",\"contentUrl\":\"https:\\\/\\\/i0.wp.com\\\/gersonguelmann.com.br\\\/blog\\\/wp-content\\\/uploads\\\/2021\\\/08\\\/BLOG.jpeg?fit=96%2C96&ssl=1\",\"caption\":\"Gerson Guelmann\"},\"description\":\"Pitadas da sabedoria e do humor judaicos, assuntos do momento e um pouco das hist\u00f3rias que vivi e testemunhei.\"}]}<\/script>\n<!-- \/ Yoast SEO plugin. -->","yoast_head_json":{"title":"Globo Lan\u00e7ar\u00e1 Big Brother Judaico | Blog do Guelmann","robots":{"index":"index","follow":"follow","max-snippet":"max-snippet:-1","max-image-preview":"max-image-preview:large","max-video-preview":"max-video-preview:-1"},"canonical":"https:\/\/gersonguelmann.com.br\/blog\/globo-lancara-big-brother-judaico\/","og_locale":"pt_BR","og_type":"article","og_title":"Globo Lan\u00e7ar\u00e1 Big Brother Judaico | Blog do Guelmann","og_description":"Animada com o sucesso do BBB, a Globo estuda a possibilidade de lan\u00e7ar uma vers\u00e3o judaica do programa. 16 judeus ser\u00e3o colocados em um apartamento de dois quartos. Cada semana um ser\u00e1 eliminado e o finalista receber\u00e1 R$ 1 milh\u00e3o. As regras ser\u00e3o as seguintes: 1. O dinheiro do pr\u00eamio ser\u00e1 depositado em um fundo [&hellip;]","og_url":"https:\/\/gersonguelmann.com.br\/blog\/globo-lancara-big-brother-judaico\/","og_site_name":"Blog do Guelmann","article_published_time":"2018-04-14T21:48:04+00:00","og_image":[{"width":355,"height":142,"url":"https:\/\/i0.wp.com\/gersonguelmann.com.br\/blog\/wp-content\/uploads\/2018\/04\/BBB.jpg?fit=355%2C142&ssl=1","type":"image\/jpeg"}],"author":"Gerson Guelmann","twitter_card":"summary_large_image","twitter_misc":{"Escrito por":"Gerson Guelmann","Est. tempo de leitura":"1 minuto"},"schema":{"@context":"https:\/\/schema.org","@graph":[{"@type":"Article","@id":"https:\/\/gersonguelmann.com.br\/blog\/globo-lancara-big-brother-judaico\/#article","isPartOf":{"@id":"https:\/\/gersonguelmann.com.br\/blog\/globo-lancara-big-brother-judaico\/"},"author":{"name":"Gerson Guelmann","@id":"https:\/\/gersonguelmann.com.br\/blog\/#\/schema\/person\/87e70e2a786888082f941a482c90569e"},"headline":"Globo Lan\u00e7ar\u00e1 Big Brother Judaico","datePublished":"2018-04-14T21:48:04+00:00","mainEntityOfPage":{"@id":"https:\/\/gersonguelmann.com.br\/blog\/globo-lancara-big-brother-judaico\/"},"wordCount":247,"commentCount":0,"image":{"@id":"https:\/\/gersonguelmann.com.br\/blog\/globo-lancara-big-brother-judaico\/#primaryimage"},"thumbnailUrl":"https:\/\/i0.wp.com\/gersonguelmann.com.br\/blog\/wp-content\/uploads\/2018\/04\/BBB.jpg?fit=355%2C142&ssl=1","inLanguage":"pt-BR","potentialAction":[{"@type":"CommentAction","name":"Comment","target":["https:\/\/gersonguelmann.com.br\/blog\/globo-lancara-big-brother-judaico\/#respond"]}]},{"@type":"WebPage","@id":"https:\/\/gersonguelmann.com.br\/blog\/globo-lancara-big-brother-judaico\/","url":"https:\/\/gersonguelmann.com.br\/blog\/globo-lancara-big-brother-judaico\/","name":"Globo Lan\u00e7ar\u00e1 Big Brother Judaico | Blog do Guelmann","isPartOf":{"@id":"https:\/\/gersonguelmann.com.br\/blog\/#website"},"primaryImageOfPage":{"@id":"https:\/\/gersonguelmann.com.br\/blog\/globo-lancara-big-brother-judaico\/#primaryimage"},"image":{"@id":"https:\/\/gersonguelmann.com.br\/blog\/globo-lancara-big-brother-judaico\/#primaryimage"},"thumbnailUrl":"https:\/\/i0.wp.com\/gersonguelmann.com.br\/blog\/wp-content\/uploads\/2018\/04\/BBB.jpg?fit=355%2C142&ssl=1","datePublished":"2018-04-14T21:48:04+00:00","author":{"@id":"https:\/\/gersonguelmann.com.br\/blog\/#\/schema\/person\/87e70e2a786888082f941a482c90569e"},"inLanguage":"pt-BR","potentialAction":[{"@type":"ReadAction","target":["https:\/\/gersonguelmann.com.br\/blog\/globo-lancara-big-brother-judaico\/"]}]},{"@type":"ImageObject","inLanguage":"pt-BR","@id":"https:\/\/gersonguelmann.com.br\/blog\/globo-lancara-big-brother-judaico\/#primaryimage","url":"https:\/\/i0.wp.com\/gersonguelmann.com.br\/blog\/wp-content\/uploads\/2018\/04\/BBB.jpg?fit=355%2C142&ssl=1","contentUrl":"https:\/\/i0.wp.com\/gersonguelmann.com.br\/blog\/wp-content\/uploads\/2018\/04\/BBB.jpg?fit=355%2C142&ssl=1","width":355,"height":142},{"@type":"WebSite","@id":"https:\/\/gersonguelmann.com.br\/blog\/#website","url":"https:\/\/gersonguelmann.com.br\/blog\/","name":"Blog do Guelmann","description":"Pitadas da sabedoria e do humor judaicos, assuntos do momento e um pouco das hist\u00f3rias que vivi e testemunhei.","potentialAction":[{"@type":"SearchAction","target":{"@type":"EntryPoint","urlTemplate":"https:\/\/gersonguelmann.com.br\/blog\/?s={search_term_string}"},"query-input":{"@type":"PropertyValueSpecification","valueRequired":true,"valueName":"search_term_string"}}],"inLanguage":"pt-BR"},{"@type":"Person","@id":"https:\/\/gersonguelmann.com.br\/blog\/#\/schema\/person\/87e70e2a786888082f941a482c90569e","name":"Gerson Guelmann","image":{"@type":"ImageObject","inLanguage":"pt-BR","@id":"https:\/\/i0.wp.com\/gersonguelmann.com.br\/blog\/wp-content\/uploads\/2021\/08\/BLOG.jpeg?fit=96%2C96&ssl=1","url":"https:\/\/i0.wp.com\/gersonguelmann.com.br\/blog\/wp-content\/uploads\/2021\/08\/BLOG.jpeg?fit=96%2C96&ssl=1","contentUrl":"https:\/\/i0.wp.com\/gersonguelmann.com.br\/blog\/wp-content\/uploads\/2021\/08\/BLOG.jpeg?fit=96%2C96&ssl=1","caption":"Gerson Guelmann"},"description":"Pitadas da sabedoria e do humor judaicos, assuntos do momento e um pouco das hist\u00f3rias que vivi e testemunhei."}]}},"views":40,"jetpack_publicize_connections":[],"jetpack_featured_media_url":"https:\/\/i0.wp.com\/gersonguelmann.com.br\/blog\/wp-content\/uploads\/2018\/04\/BBB.jpg?fit=355%2C142&ssl=1","jetpack_shortlink":"https:\/\/wp.me\/p96e7O-31L","jetpack-related-posts":[{"id":15034,"url":"https:\/\/gersonguelmann.com.br\/blog\/carta-aos-meus-filhos-adolescentes\/","url_meta":{"origin":11641,"position":0},"title":"Carta aos Meus Filhos Adolescentes","author":"Gerson Guelmann","date":"4 de novembro de 2018","format":false,"excerpt":"Texto maravilhoso do Fabr\u00edcio Carpinejar, publicado no jornal O Globo, leitura imperd\u00edvel: \u00a0 CARTA AOS MEUS FILHOS ADOLESCENTES POR\u00a0FABR\u00cdCIO CARPINEJAR 25\/06\/2018 Nossa rela\u00e7\u00e3o mudar\u00e1, n\u00e3o se assustem, continuo amando absurdamente cada um de voc\u00eas. Estarei sempre de plant\u00e3o, para o que der e vier. Do mesmo jeito, com a mesma\u2026","rel":"","context":"Em &quot;Sem categoria&quot;","block_context":{"text":"Sem categoria","link":"https:\/\/gersonguelmann.com.br\/blog\/category\/sem-categoria\/"},"img":{"alt_text":"","src":"https:\/\/i0.wp.com\/gersonguelmann.com.br\/blog\/wp-content\/uploads\/2018\/11\/letter-to-adolescent-son-1.jpg?fit=820%2C465&ssl=1&resize=350%2C200","width":350,"height":200,"srcset":"https:\/\/i0.wp.com\/gersonguelmann.com.br\/blog\/wp-content\/uploads\/2018\/11\/letter-to-adolescent-son-1.jpg?fit=820%2C465&ssl=1&resize=350%2C200 1x, https:\/\/i0.wp.com\/gersonguelmann.com.br\/blog\/wp-content\/uploads\/2018\/11\/letter-to-adolescent-son-1.jpg?fit=820%2C465&ssl=1&resize=525%2C300 1.5x, https:\/\/i0.wp.com\/gersonguelmann.com.br\/blog\/wp-content\/uploads\/2018\/11\/letter-to-adolescent-son-1.jpg?fit=820%2C465&ssl=1&resize=700%2C400 2x"},"classes":[]},{"id":19662,"url":"https:\/\/gersonguelmann.com.br\/blog\/de-vez-em-quando-o-rio-de-janeiro-volta-a-ser-o-rio-de-janeiro\/","url_meta":{"origin":11641,"position":1},"title":"De vez em quando o Rio de Janeiro volta a ser o Rio de Janeiro","author":"Gerson Guelmann","date":"10 de janeiro de 2020","format":false,"excerpt":"J\u00e1 escrevi muito sobre o Rio de Janeiro. Cheguei a dizer que a outrora Cidade Maravilhosa hoje \u00e9 o s\u00edmbolo de tudo o que existe de pior na administra\u00e7\u00e3o brasileira. Em um determinado dia de setembro do ano passado, p.ex., o estado tinha 4 ex-governadores na cadeia, n\u00e3o esquecendo que\u2026","rel":"","context":"Em &quot;Sem categoria&quot;","block_context":{"text":"Sem categoria","link":"https:\/\/gersonguelmann.com.br\/blog\/category\/sem-categoria\/"},"img":{"alt_text":"","src":"https:\/\/i0.wp.com\/gersonguelmann.com.br\/blog\/wp-content\/uploads\/2020\/01\/RJ-1.jpg?fit=1200%2C799&ssl=1&resize=350%2C200","width":350,"height":200,"srcset":"https:\/\/i0.wp.com\/gersonguelmann.com.br\/blog\/wp-content\/uploads\/2020\/01\/RJ-1.jpg?fit=1200%2C799&ssl=1&resize=350%2C200 1x, https:\/\/i0.wp.com\/gersonguelmann.com.br\/blog\/wp-content\/uploads\/2020\/01\/RJ-1.jpg?fit=1200%2C799&ssl=1&resize=525%2C300 1.5x, https:\/\/i0.wp.com\/gersonguelmann.com.br\/blog\/wp-content\/uploads\/2020\/01\/RJ-1.jpg?fit=1200%2C799&ssl=1&resize=700%2C400 2x, https:\/\/i0.wp.com\/gersonguelmann.com.br\/blog\/wp-content\/uploads\/2020\/01\/RJ-1.jpg?fit=1200%2C799&ssl=1&resize=1050%2C600 3x"},"classes":[]},{"id":11448,"url":"https:\/\/gersonguelmann.com.br\/blog\/chico-pinheiro-sera-um-novo-william-waack\/","url_meta":{"origin":11641,"position":2},"title":"Chico Pinheiro Ser\u00e1 um Novo William Waack?","author":"Gerson Guelmann","date":"9 de abril de 2018","format":false,"excerpt":"Come\u00e7ou a circular hoje o \u00e1udio atribu\u00eddo ao jornalista Chico Pinheiro, que apresenta o \"Bom Dia Brasil\" na Globo. Segundo as diversas fontes, ele mandou a mensagem num grupo do qual fazem parte outros jornalistas e algu\u00e9m a compartilhou externamente. Na mensagem Chico Pinheiro mostra solidariedade a Lula, o que\u2026","rel":"","context":"Em &quot;Sem categoria&quot;","block_context":{"text":"Sem categoria","link":"https:\/\/gersonguelmann.com.br\/blog\/category\/sem-categoria\/"},"img":{"alt_text":"","src":"https:\/\/i0.wp.com\/gersonguelmann.com.br\/blog\/wp-content\/uploads\/2018\/04\/CP-300x168.jpg?resize=350%2C200&ssl=1","width":350,"height":200},"classes":[]},{"id":9565,"url":"https:\/\/gersonguelmann.com.br\/blog\/o-dedo-de-um-jogador-comove-o-pais-inteiro\/","url_meta":{"origin":11641,"position":3},"title":"O Dedo de Um Jogador Comove o Pa\u00eds Inteiro","author":"Gerson Guelmann","date":"5 de mar\u00e7o de 2018","format":false,"excerpt":"Do Poeta popular Pedro Paulo Paulino, morador da Vila Campos, no interior de Canind\u00e9 (CE): \u00a0 \"O DEDO DE UM JOGADOR\u00a0COMOVE O PA\u00cdS INTEIRO\" \"Jornais, r\u00e1dio, internet, Canais de televis\u00e3o, A imprensa brasileira Volta completa aten\u00e7\u00e3o Para um fato aterrador: O dedo de um jogador Comove toda a na\u00e7\u00e3o. Dedo\u2026","rel":"","context":"Em &quot;Sem categoria&quot;","block_context":{"text":"Sem categoria","link":"https:\/\/gersonguelmann.com.br\/blog\/category\/sem-categoria\/"},"img":{"alt_text":"","src":"https:\/\/i0.wp.com\/gersonguelmann.com.br\/blog\/wp-content\/uploads\/2018\/03\/Neymar-300x164.jpg?resize=350%2C200&ssl=1","width":350,"height":200},"classes":[]},{"id":22003,"url":"https:\/\/gersonguelmann.com.br\/blog\/medicos-formados-na-faculdade-da-internet-serao-controlados\/","url_meta":{"origin":11641,"position":4},"title":"M\u00e9dicos Formados na Faculdade da Internet Ser\u00e3o Controlados","author":"Gerson Guelmann","date":"15 de abril de 2021","format":false,"excerpt":"Desde o ano passado nos acostumamos a ver nas redes sociais postagens dos \"curandeiros modernos\", tamb\u00e9m conhecidos como \"m\u00e9dicos formados pela Internet\". S\u00e3o pessoas que mesmo sem jamais terem passado perto de uma Faculdade de Medicina, dedicam-se a recomendar rem\u00e9dios e tratamentos para os infectados pelo Coronav\u00edrus. Mas agora parece\u2026","rel":"","context":"Em &quot;Sem categoria&quot;","block_context":{"text":"Sem categoria","link":"https:\/\/gersonguelmann.com.br\/blog\/category\/sem-categoria\/"},"img":{"alt_text":"","src":"https:\/\/i0.wp.com\/gersonguelmann.com.br\/blog\/wp-content\/uploads\/2021\/04\/yingpis-kalayom-By1szZOVpHg-unsplash-scaled.jpg?fit=1200%2C842&ssl=1&resize=350%2C200","width":350,"height":200,"srcset":"https:\/\/i0.wp.com\/gersonguelmann.com.br\/blog\/wp-content\/uploads\/2021\/04\/yingpis-kalayom-By1szZOVpHg-unsplash-scaled.jpg?fit=1200%2C842&ssl=1&resize=350%2C200 1x, https:\/\/i0.wp.com\/gersonguelmann.com.br\/blog\/wp-content\/uploads\/2021\/04\/yingpis-kalayom-By1szZOVpHg-unsplash-scaled.jpg?fit=1200%2C842&ssl=1&resize=525%2C300 1.5x, https:\/\/i0.wp.com\/gersonguelmann.com.br\/blog\/wp-content\/uploads\/2021\/04\/yingpis-kalayom-By1szZOVpHg-unsplash-scaled.jpg?fit=1200%2C842&ssl=1&resize=700%2C400 2x, https:\/\/i0.wp.com\/gersonguelmann.com.br\/blog\/wp-content\/uploads\/2021\/04\/yingpis-kalayom-By1szZOVpHg-unsplash-scaled.jpg?fit=1200%2C842&ssl=1&resize=1050%2C600 3x"},"classes":[]},{"id":3463,"url":"https:\/\/gersonguelmann.com.br\/blog\/quando-brizola-fez-globo-falar-mal-do-dono-da-globo\/","url_meta":{"origin":11641,"position":5},"title":"Quando Brizola Fez a Globo Falar Mal do Dono da Globo","author":"Gerson Guelmann","date":"25 de outubro de 2017","format":false,"excerpt":"https:\/\/www.youtube.com\/watch?v=DA3ZVeWwiwk Os mais jovens n\u00e3o sabem que Leonel Brizola, que foi o \u00fanico brasileiro a governar dois Estados, conseguiu algo impens\u00e1vel. Em 15\/3\/1994 a Rede Globo foi obrigada a cumprir decis\u00e3o judicial que determinou que Cid Moreira, ent\u00e3o \u00e2ncora do Jornal Nacional, apresentasse um \"direito de resposta\" do ent\u00e3o Governador.\u2026","rel":"","context":"Em &quot;Sem categoria&quot;","block_context":{"text":"Sem categoria","link":"https:\/\/gersonguelmann.com.br\/blog\/category\/sem-categoria\/"},"img":{"alt_text":"","src":"https:\/\/i0.wp.com\/gersonguelmann.com.br\/blog\/wp-content\/uploads\/2017\/10\/LB-2.jpg?resize=350%2C200&ssl=1","width":350,"height":200},"classes":[]}],"jetpack_sharing_enabled":true,"post_mailing_queue_ids":[],"_links":{"self":[{"href":"https:\/\/gersonguelmann.com.br\/blog\/wp-json\/wp\/v2\/posts\/11641","targetHints":{"allow":["GET"]}}],"collection":[{"href":"https:\/\/gersonguelmann.com.br\/blog\/wp-json\/wp\/v2\/posts"}],"about":[{"href":"https:\/\/gersonguelmann.com.br\/blog\/wp-json\/wp\/v2\/types\/post"}],"author":[{"embeddable":true,"href":"https:\/\/gersonguelmann.com.br\/blog\/wp-json\/wp\/v2\/users\/5"}],"replies":[{"embeddable":true,"href":"https:\/\/gersonguelmann.com.br\/blog\/wp-json\/wp\/v2\/comments?post=11641"}],"version-history":[{"count":0,"href":"https:\/\/gersonguelmann.com.br\/blog\/wp-json\/wp\/v2\/posts\/11641\/revisions"}],"wp:featuredmedia":[{"embeddable":true,"href":"https:\/\/gersonguelmann.com.br\/blog\/wp-json\/wp\/v2\/media\/11642"}],"wp:attachment":[{"href":"https:\/\/gersonguelmann.com.br\/blog\/wp-json\/wp\/v2\/media?parent=11641"}],"wp:term":[{"taxonomy":"category","embeddable":true,"href":"https:\/\/gersonguelmann.com.br\/blog\/wp-json\/wp\/v2\/categories?post=11641"},{"taxonomy":"post_tag","embeddable":true,"href":"https:\/\/gersonguelmann.com.br\/blog\/wp-json\/wp\/v2\/tags?post=11641"}],"curies":[{"name":"wp","href":"https:\/\/api.w.org\/{rel}","templated":true}]}}