    {"id":11645,"date":"2018-04-14T20:04:50","date_gmt":"2018-04-14T23:04:50","guid":{"rendered":"https:\/\/gersonguelmann.com.br\/blog\/?p=11645"},"modified":"2018-04-14T20:04:50","modified_gmt":"2018-04-14T23:04:50","slug":"filho-de-joao-gilberto-nao-pude-salva-lo-dele-mesmo","status":"publish","type":"post","link":"https:\/\/gersonguelmann.com.br\/blog\/filho-de-joao-gilberto-nao-pude-salva-lo-dele-mesmo\/","title":{"rendered":"Filho de Jo\u00e3o Gilberto: &#8220;N\u00e3o Pude Salv\u00e1-lo Dele Mesmo&#8221;."},"content":{"rendered":"<p><span style=\"font-family: georgia, palatino, serif; font-size: 18pt; color: #000000;\">Mat\u00e9ria da revista Isto\u00c9 sobre o not\u00e1vel Jo\u00e3o Gilberto:<\/span><\/p>\n<p class=\"tags-materia\"><span style=\"font-family: arial, helvetica, sans-serif; font-size: 18pt; color: #000000;\">CULTURA<\/span><\/p>\n<p><span style=\"font-size: 24pt; font-family: arial, helvetica, sans-serif;\"><strong><span style=\"color: #000000;\">\u2018N\u00e3o pude salv\u00e1-lo dele mesmo\u2019, lamenta filho de Jo\u00e3o Gilberto<\/span><\/strong><\/span><\/p>\n<p><span style=\"font-family: arial, helvetica, sans-serif; font-size: 18pt; color: #000000;\">O filho mais velho de\u00a0Jo\u00e3o Gilberto, Jo\u00e3o Marcelo Gilberto, publicou um texto no Facebook nesta quinta-feira, 5, lamentando a presen\u00e7a de \u201cabutres\u201d em torno do cantor, uma alus\u00e3o \u00e0 ex-companheira de seu pai, Claudia Faissol, a quem a fam\u00edlia acusa de manipul\u00e1-lo. \u201cEu n\u00e3o pude salv\u00e1-lo dele mesmo\u201d, desabafou. Em seu texto, Jo\u00e3o Marcelo tamb\u00e9m faz cr\u00edticas \u00e0 irm\u00e3, Bebel Gilberto, pela forma como ela vem lidando com os problemas financeiros e de sa\u00fade do pai.<\/span><\/p>\n<p><span style=\"font-family: arial, helvetica, sans-serif; font-size: 18pt; color: #000000;\">Jo\u00e3o Gilberto tem 86 anos e est\u00e1 interditado judicialmente por Bebel desde novembro de 2017. Ela passou a ter a curatela do pai porque considerou que ele vinha sendo induzido por Claudia a assumir compromissos profissionais que n\u00e3o poderia cumprir, por causa da idade avan\u00e7ada e a sa\u00fade fragilizada. Seu quadro mental foi descrito como \u201cconfusional\u201d.<\/span><\/p>\n<p><span style=\"font-family: arial, helvetica, sans-serif; font-size: 18pt; color: #000000;\">Na ter\u00e7a-feira, 3, a Justi\u00e7a do Rio autorizou o arrombamento do apartamento onde ele mora, no Leblon, zona sul do Rio, a pedido de Bebel \u2013 Jo\u00e3o vive sozinho, n\u00e3o sai de casa h\u00e1 anos e se recusa a abrir a porta.<\/span><\/p>\n<p><span style=\"font-family: arial, helvetica, sans-serif; font-size: 18pt; color: #000000;\">O texto de Jo\u00e3o Marcelo foi publicado em ingl\u00eas. \u201cEu obviamente estou extremamente preocupado com a condi\u00e7\u00e3o do meu pai\u201d, disse. \u201c\u00c0s vezes, as pessoas constroem muros para se isolar e n\u00e3o receber ajuda, por causa dos facilitadores que as cercam \u2013 todos com seus interesses.\u201d<\/span><\/p>\n<p><span style=\"font-family: arial, helvetica, sans-serif; font-size: 18pt; color: #000000;\">Jo\u00e3o Marcelo, que mora nos Estados Unidos, como Bebel, escreveu que tentou convencer seu pai de que ele precisava de ajuda para contornar a dif\u00edcil situa\u00e7\u00e3o financeira em que se encontra. Tamb\u00e9m se disp\u00f4s a fazer uma grava\u00e7\u00e3o dele tocando viol\u00e3o e cantando, em casa, j\u00e1 que \u00e9 bastante improv\u00e1vel que um dia ele volte aos est\u00fadios de grava\u00e7\u00e3o (o \u00faltimo CD saiu h\u00e1 18 anos; o derradeiro show foi em 2008). N\u00e3o conseguiu.<\/span><\/p>\n<p><span style=\"font-family: arial, helvetica, sans-serif; font-size: 18pt; color: #000000;\">A condi\u00e7\u00e3o de Jo\u00e3o Gilberto \u00e9 descrita como de \u201cabsoluta pen\u00faria financeira\u201d, segundo nota que Bebel divulgou \u00e0 imprensa \u00e0 \u00e9poca da interdi\u00e7\u00e3o. Ele enfrenta um processo de despejo do apartamento no Leblon e tem outras d\u00edvidas.<\/span><\/p>\n<div id=\"admateria3\" data-google-query-id=\"CJj67MTputoCFQELhgodlVQEKA\">\n<div id=\"google_ads_iframe_\/22452847\/ISTOE_Internas\/cultura_13__container__\"><span style=\"font-family: arial, helvetica, sans-serif; font-size: 18pt; color: #000000;\">A curatela foi pedida por Bebel porque era necess\u00e1rio \u201cimpedir que ele continue sendo induzido a assinar documentos cujo conte\u00fado e respectivos compromissos lhe s\u00e3o danosos\u201d. Jo\u00e3o responde na Justi\u00e7a a processos por n\u00e3o ter feito shows fechados por Claudia Faissol \u2013 m\u00e3e de sua ca\u00e7ula, Luisa, de 13 anos. O Estado procurou Claudia, mas n\u00e3o conseguiu contato.<\/span><\/div>\n<\/div>\n<p><span style=\"font-family: arial, helvetica, sans-serif; font-size: 18pt; color: #000000;\">\u00c9 poss\u00edvel tamb\u00e9m que o cantor seja internado nos pr\u00f3ximos dias. Segundo contou ao Estado sua ex-mulher Mi\u00facha, m\u00e3e de Bebel, esta seria uma forma de ele ser submetido a exames, os quais se recusa a fazer: \u201cEspero que n\u00e3o seja internado. A situa\u00e7\u00e3o \u00e9 dif\u00edcil, ele \u00e9 muito fechado, tem 86 anos e algumas quest\u00f5es de sa\u00fade. Est\u00e1 muito magrinho. A Bebel est\u00e1 tentando de tudo por ele. Todos queremos que o Jo\u00e3o se trate. Ele foge de m\u00e9dico como o diabo da cruz. Se a gente marcar, ele desmarca trinta vezes.\u201d Mi\u00facha disse que pelo telefone Jo\u00e3o parece bem e tranquilo, e continua tocando e cantando como antes.<\/span><\/p>\n<p><span style=\"font-family: arial, helvetica, sans-serif; font-size: 18pt; color: #000000;\">A \u00edntegra do texto de Jo\u00e3o Marcelo \u00e9:<\/span><\/p>\n<p><span style=\"font-family: arial, helvetica, sans-serif;\"><em><span style=\"font-size: 18pt; color: #000000;\">\u201cRecentemente, passei um bom tempo no Brasil, onde tentei convencer meu pai a me deixar ajud\u00e1-lo a controlar sua situa\u00e7\u00e3o financeira, e at\u00e9 tentei grav\u00e1-lo profissionalmente em casa, pois sabia que era cada vez mais improv\u00e1vel que isso acontecesse de qualquer outra forma.<\/span><\/em><\/span><\/p>\n<p><span style=\"font-family: arial, helvetica, sans-serif;\"><em><span style=\"font-size: 18pt; color: #000000;\">Infelizmente, n\u00e3o consegui. Eu n\u00e3o pude salv\u00e1-lo dele mesmo, e tive que voltar para cuidar dos assuntos da minha casa.<\/span><\/em><\/span><\/p>\n<p><span style=\"font-family: arial, helvetica, sans-serif;\"><em><span style=\"font-size: 18pt; color: #000000;\">Agora n\u00e3o tenho qualquer contato com meu pai, e devo confiar no que leio on-line a respeito de sua condi\u00e7\u00e3o.<\/span><\/em><\/span><\/p>\n<p><span style=\"font-family: arial, helvetica, sans-serif;\"><em><span style=\"font-size: 18pt; color: #000000;\">Meu pai foi efetivamente sequestrado e alienado de mim e de minha fam\u00edlia imediata. Ele viu minha filha Sofia Gilberto (dois anos de idade) apenas uma vez (!) E s\u00f3 porque tivemos que responder \u00e0 invas\u00e3o de sua porta por Claudia Faissol, para que eu pudesse fazer uma den\u00fancia \u00e0 pol\u00edcia\u2026<\/span><\/em><\/span><\/p>\n<p><span style=\"font-family: arial, helvetica, sans-serif;\"><em><span style=\"font-size: 18pt; color: #000000;\">Mesmo assim, ele quase foi impedido de ver Sofia, j\u00e1 que Maria do C\u00e9u Harris tentou (como ela j\u00e1 havia feito antes) impedir fisicamente minha mulher e filha de entrar junto comigo.<\/span><\/em><\/span><\/p>\n<p><span style=\"font-family: arial, helvetica, sans-serif;\"><em><span style=\"font-size: 18pt; color: #000000;\">Eu n\u00e3o sou informado nem consultado sobre as maquina\u00e7\u00f5es legais ou f\u00edsicas que minha irm\u00e3 tomou\/ est\u00e1 tomando em rela\u00e7\u00e3o ao meu pai, salvo o que eu leio nos notici\u00e1rios.<\/span><\/em><\/span><\/p>\n<p><span style=\"font-family: arial, helvetica, sans-serif;\"><em><span style=\"font-size: 18pt; color: #000000;\">Por respeito a Jo\u00e3o, eu tentei uma forma menos p\u00fablica e mais respeitosa de expor as poss\u00edveis perdas nas finan\u00e7as do meu pai, mas as mo\u00e7\u00f5es da corte aparentemente foram adiadas por minha irm\u00e3, que tamb\u00e9m aparentemente decidiu ter uma abordagem claramente menos privada sobre esse assunto.<\/span><\/em><\/span><\/p>\n<p><span style=\"font-family: arial, helvetica, sans-serif;\"><em><span style=\"font-size: 18pt; color: #000000;\">Eu obviamente estou extremamente preocupado com a condi\u00e7\u00e3o do meu pai, mas tenho que dizer que, no tempo que passei l\u00e1, achei as autoridades e leis brasileiras, muitas vezes descritas como protetoras dos idosos, pesadas, conflitantes e lamentavelmente in\u00fateis para o dilema do meu pai.<\/span><\/em><\/span><\/p>\n<p><span style=\"font-family: arial, helvetica, sans-serif;\"><em><span style=\"font-size: 18pt; color: #000000;\">\u00c0s vezes, as pessoas constroem muros para se isolar e n\u00e3o receber ajuda, por causa dos facilitadores que a cercam, todos com seus interesses.<\/span><\/em><\/span><\/p>\n<p><span style=\"font-family: arial, helvetica, sans-serif;\"><em><span style=\"font-size: 18pt; color: #000000;\">Michael Jackson<\/span><\/em><\/span><\/p>\n<p><span style=\"font-family: arial, helvetica, sans-serif;\"><em><span style=\"font-size: 18pt; color: #000000;\">Prince<\/span><\/em><\/span><\/p>\n<p><span style=\"font-family: arial, helvetica, sans-serif;\"><em><span style=\"font-size: 18pt; color: #000000;\">George Michael<\/span><\/em><\/span><\/p>\n<p><span style=\"font-family: arial, helvetica, sans-serif;\"><em><span style=\"font-size: 18pt; color: #000000;\">Eu entendo o que aconteceu com esses homens.<\/span><\/em><\/span><\/p>\n<p><span style=\"font-family: arial, helvetica, sans-serif;\"><em><span style=\"font-size: 18pt; color: #000000;\">Desculpe, pai, eu n\u00e3o consegui manter os abutres longe de voc\u00ea\u201d.<\/span><\/em><\/span><\/p>\n<p><span style=\"font-family: georgia, palatino, serif; font-size: 18pt; color: #000000;\">Para ler a mat\u00e9ria original, <span style=\"color: #0000ff;\"><em><strong><a style=\"color: #0000ff;\" href=\"https:\/\/istoe.com.br\/nao-pude-salva-lo-dele-mesmo-lamenta-filho-de-joao-gilberto\/\">clique aqui<\/a><\/strong><\/em><\/span>.<\/span><\/p>\n<p>&nbsp;<\/p>\n<p style=\"text-align: center;\"><img data-recalc-dims=\"1\" fetchpriority=\"high\" decoding=\"async\" data-attachment-id=\"11646\" data-permalink=\"https:\/\/gersonguelmann.com.br\/blog\/filho-de-joao-gilberto-nao-pude-salva-lo-dele-mesmo\/jg-2\/\" data-orig-file=\"https:\/\/i0.wp.com\/gersonguelmann.com.br\/blog\/wp-content\/uploads\/2018\/04\/JG.jpg?fit=280%2C180&amp;ssl=1\" data-orig-size=\"280,180\" data-comments-opened=\"1\" data-image-meta=\"{&quot;aperture&quot;:&quot;0&quot;,&quot;credit&quot;:&quot;&quot;,&quot;camera&quot;:&quot;&quot;,&quot;caption&quot;:&quot;&quot;,&quot;created_timestamp&quot;:&quot;0&quot;,&quot;copyright&quot;:&quot;&quot;,&quot;focal_length&quot;:&quot;0&quot;,&quot;iso&quot;:&quot;0&quot;,&quot;shutter_speed&quot;:&quot;0&quot;,&quot;title&quot;:&quot;&quot;,&quot;orientation&quot;:&quot;0&quot;}\" data-image-title=\"JG\" data-image-description=\"\" data-image-caption=\"\" data-medium-file=\"https:\/\/i0.wp.com\/gersonguelmann.com.br\/blog\/wp-content\/uploads\/2018\/04\/JG.jpg?fit=280%2C180&amp;ssl=1\" data-large-file=\"https:\/\/i0.wp.com\/gersonguelmann.com.br\/blog\/wp-content\/uploads\/2018\/04\/JG.jpg?fit=280%2C180&amp;ssl=1\" class=\"alignnone size-full wp-image-11646\" src=\"https:\/\/i0.wp.com\/gersonguelmann.com.br\/blog\/wp-content\/uploads\/2018\/04\/JG.jpg?resize=280%2C180&#038;ssl=1\" alt=\"\" width=\"280\" height=\"180\" \/><\/p>\n","protected":false},"excerpt":{"rendered":"<p>Mat\u00e9ria da revista Isto\u00c9 sobre o not\u00e1vel Jo\u00e3o Gilberto: CULTURA \u2018N\u00e3o pude salv\u00e1-lo dele mesmo\u2019, lamenta filho de Jo\u00e3o Gilberto O filho mais velho de\u00a0Jo\u00e3o Gilberto, Jo\u00e3o Marcelo Gilberto, publicou um texto no Facebook nesta quinta-feira, 5, lamentando a presen\u00e7a de \u201cabutres\u201d em torno do cantor, uma alus\u00e3o \u00e0 ex-companheira de seu pai, Claudia Faissol, [&hellip;]<\/p>\n","protected":false},"author":5,"featured_media":11646,"comment_status":"open","ping_status":"open","sticky":false,"template":"","format":"standard","meta":{"_acf_changed":false,"jetpack_post_was_ever_published":false,"_jetpack_newsletter_access":"","_jetpack_dont_email_post_to_subs":false,"_jetpack_newsletter_tier_id":0,"_jetpack_memberships_contains_paywalled_content":false,"_jetpack_memberships_contains_paid_content":false,"footnotes":"","jetpack_publicize_message":"","jetpack_publicize_feature_enabled":true,"jetpack_social_post_already_shared":true,"jetpack_social_options":{"image_generator_settings":{"template":"highway","default_image_id":0,"font":"","enabled":false},"version":2}},"categories":[1],"tags":[],"class_list":["post-11645","post","type-post","status-publish","format-standard","has-post-thumbnail","hentry","category-sem-categoria"],"acf":[],"yoast_head":"<!-- This site is optimized with the Yoast SEO plugin v27.3 - https:\/\/yoast.com\/product\/yoast-seo-wordpress\/ -->\n<title>Filho de Jo\u00e3o Gilberto: &quot;N\u00e3o Pude Salv\u00e1-lo Dele Mesmo&quot;. | Blog do Guelmann<\/title>\n<meta name=\"robots\" content=\"index, follow, max-snippet:-1, max-image-preview:large, max-video-preview:-1\" \/>\n<link rel=\"canonical\" href=\"https:\/\/gersonguelmann.com.br\/blog\/filho-de-joao-gilberto-nao-pude-salva-lo-dele-mesmo\/\" \/>\n<meta property=\"og:locale\" content=\"pt_BR\" \/>\n<meta property=\"og:type\" content=\"article\" \/>\n<meta property=\"og:title\" content=\"Filho de Jo\u00e3o Gilberto: &quot;N\u00e3o Pude Salv\u00e1-lo Dele Mesmo&quot;. | Blog do Guelmann\" \/>\n<meta property=\"og:description\" content=\"Mat\u00e9ria da revista Isto\u00c9 sobre o not\u00e1vel Jo\u00e3o Gilberto: CULTURA \u2018N\u00e3o pude salv\u00e1-lo dele mesmo\u2019, lamenta filho de Jo\u00e3o Gilberto O filho mais velho de\u00a0Jo\u00e3o Gilberto, Jo\u00e3o Marcelo Gilberto, publicou um texto no Facebook nesta quinta-feira, 5, lamentando a presen\u00e7a de \u201cabutres\u201d em torno do cantor, uma alus\u00e3o \u00e0 ex-companheira de seu pai, Claudia Faissol, [&hellip;]\" \/>\n<meta property=\"og:url\" content=\"https:\/\/gersonguelmann.com.br\/blog\/filho-de-joao-gilberto-nao-pude-salva-lo-dele-mesmo\/\" \/>\n<meta property=\"og:site_name\" content=\"Blog do Guelmann\" \/>\n<meta property=\"article:published_time\" content=\"2018-04-14T23:04:50+00:00\" \/>\n<meta property=\"og:image\" content=\"https:\/\/i0.wp.com\/gersonguelmann.com.br\/blog\/wp-content\/uploads\/2018\/04\/JG.jpg?fit=280%2C180&ssl=1\" \/>\n\t<meta property=\"og:image:width\" content=\"280\" \/>\n\t<meta property=\"og:image:height\" content=\"180\" \/>\n\t<meta property=\"og:image:type\" content=\"image\/jpeg\" \/>\n<meta name=\"author\" content=\"Gerson Guelmann\" \/>\n<meta name=\"twitter:card\" content=\"summary_large_image\" \/>\n<meta name=\"twitter:label1\" content=\"Escrito por\" \/>\n\t<meta name=\"twitter:data1\" content=\"Gerson Guelmann\" \/>\n\t<meta name=\"twitter:label2\" content=\"Est. tempo de leitura\" \/>\n\t<meta name=\"twitter:data2\" content=\"5 minutos\" \/>\n<script type=\"application\/ld+json\" class=\"yoast-schema-graph\">{\"@context\":\"https:\\\/\\\/schema.org\",\"@graph\":[{\"@type\":\"Article\",\"@id\":\"https:\\\/\\\/gersonguelmann.com.br\\\/blog\\\/filho-de-joao-gilberto-nao-pude-salva-lo-dele-mesmo\\\/#article\",\"isPartOf\":{\"@id\":\"https:\\\/\\\/gersonguelmann.com.br\\\/blog\\\/filho-de-joao-gilberto-nao-pude-salva-lo-dele-mesmo\\\/\"},\"author\":{\"name\":\"Gerson Guelmann\",\"@id\":\"https:\\\/\\\/gersonguelmann.com.br\\\/blog\\\/#\\\/schema\\\/person\\\/87e70e2a786888082f941a482c90569e\"},\"headline\":\"Filho de Jo\u00e3o Gilberto: &#8220;N\u00e3o Pude Salv\u00e1-lo Dele Mesmo&#8221;.\",\"datePublished\":\"2018-04-14T23:04:50+00:00\",\"mainEntityOfPage\":{\"@id\":\"https:\\\/\\\/gersonguelmann.com.br\\\/blog\\\/filho-de-joao-gilberto-nao-pude-salva-lo-dele-mesmo\\\/\"},\"wordCount\":960,\"commentCount\":0,\"image\":{\"@id\":\"https:\\\/\\\/gersonguelmann.com.br\\\/blog\\\/filho-de-joao-gilberto-nao-pude-salva-lo-dele-mesmo\\\/#primaryimage\"},\"thumbnailUrl\":\"https:\\\/\\\/i0.wp.com\\\/gersonguelmann.com.br\\\/blog\\\/wp-content\\\/uploads\\\/2018\\\/04\\\/JG.jpg?fit=280%2C180&ssl=1\",\"inLanguage\":\"pt-BR\",\"potentialAction\":[{\"@type\":\"CommentAction\",\"name\":\"Comment\",\"target\":[\"https:\\\/\\\/gersonguelmann.com.br\\\/blog\\\/filho-de-joao-gilberto-nao-pude-salva-lo-dele-mesmo\\\/#respond\"]}]},{\"@type\":\"WebPage\",\"@id\":\"https:\\\/\\\/gersonguelmann.com.br\\\/blog\\\/filho-de-joao-gilberto-nao-pude-salva-lo-dele-mesmo\\\/\",\"url\":\"https:\\\/\\\/gersonguelmann.com.br\\\/blog\\\/filho-de-joao-gilberto-nao-pude-salva-lo-dele-mesmo\\\/\",\"name\":\"Filho de Jo\u00e3o Gilberto: \\\"N\u00e3o Pude Salv\u00e1-lo Dele Mesmo\\\". | Blog do Guelmann\",\"isPartOf\":{\"@id\":\"https:\\\/\\\/gersonguelmann.com.br\\\/blog\\\/#website\"},\"primaryImageOfPage\":{\"@id\":\"https:\\\/\\\/gersonguelmann.com.br\\\/blog\\\/filho-de-joao-gilberto-nao-pude-salva-lo-dele-mesmo\\\/#primaryimage\"},\"image\":{\"@id\":\"https:\\\/\\\/gersonguelmann.com.br\\\/blog\\\/filho-de-joao-gilberto-nao-pude-salva-lo-dele-mesmo\\\/#primaryimage\"},\"thumbnailUrl\":\"https:\\\/\\\/i0.wp.com\\\/gersonguelmann.com.br\\\/blog\\\/wp-content\\\/uploads\\\/2018\\\/04\\\/JG.jpg?fit=280%2C180&ssl=1\",\"datePublished\":\"2018-04-14T23:04:50+00:00\",\"author\":{\"@id\":\"https:\\\/\\\/gersonguelmann.com.br\\\/blog\\\/#\\\/schema\\\/person\\\/87e70e2a786888082f941a482c90569e\"},\"inLanguage\":\"pt-BR\",\"potentialAction\":[{\"@type\":\"ReadAction\",\"target\":[\"https:\\\/\\\/gersonguelmann.com.br\\\/blog\\\/filho-de-joao-gilberto-nao-pude-salva-lo-dele-mesmo\\\/\"]}]},{\"@type\":\"ImageObject\",\"inLanguage\":\"pt-BR\",\"@id\":\"https:\\\/\\\/gersonguelmann.com.br\\\/blog\\\/filho-de-joao-gilberto-nao-pude-salva-lo-dele-mesmo\\\/#primaryimage\",\"url\":\"https:\\\/\\\/i0.wp.com\\\/gersonguelmann.com.br\\\/blog\\\/wp-content\\\/uploads\\\/2018\\\/04\\\/JG.jpg?fit=280%2C180&ssl=1\",\"contentUrl\":\"https:\\\/\\\/i0.wp.com\\\/gersonguelmann.com.br\\\/blog\\\/wp-content\\\/uploads\\\/2018\\\/04\\\/JG.jpg?fit=280%2C180&ssl=1\",\"width\":280,\"height\":180},{\"@type\":\"WebSite\",\"@id\":\"https:\\\/\\\/gersonguelmann.com.br\\\/blog\\\/#website\",\"url\":\"https:\\\/\\\/gersonguelmann.com.br\\\/blog\\\/\",\"name\":\"Blog do Guelmann\",\"description\":\"Pitadas da sabedoria e do humor judaicos, assuntos do momento e um pouco das hist\u00f3rias que vivi e testemunhei.\",\"potentialAction\":[{\"@type\":\"SearchAction\",\"target\":{\"@type\":\"EntryPoint\",\"urlTemplate\":\"https:\\\/\\\/gersonguelmann.com.br\\\/blog\\\/?s={search_term_string}\"},\"query-input\":{\"@type\":\"PropertyValueSpecification\",\"valueRequired\":true,\"valueName\":\"search_term_string\"}}],\"inLanguage\":\"pt-BR\"},{\"@type\":\"Person\",\"@id\":\"https:\\\/\\\/gersonguelmann.com.br\\\/blog\\\/#\\\/schema\\\/person\\\/87e70e2a786888082f941a482c90569e\",\"name\":\"Gerson Guelmann\",\"image\":{\"@type\":\"ImageObject\",\"inLanguage\":\"pt-BR\",\"@id\":\"https:\\\/\\\/i0.wp.com\\\/gersonguelmann.com.br\\\/blog\\\/wp-content\\\/uploads\\\/2021\\\/08\\\/BLOG.jpeg?fit=96%2C96&ssl=1\",\"url\":\"https:\\\/\\\/i0.wp.com\\\/gersonguelmann.com.br\\\/blog\\\/wp-content\\\/uploads\\\/2021\\\/08\\\/BLOG.jpeg?fit=96%2C96&ssl=1\",\"contentUrl\":\"https:\\\/\\\/i0.wp.com\\\/gersonguelmann.com.br\\\/blog\\\/wp-content\\\/uploads\\\/2021\\\/08\\\/BLOG.jpeg?fit=96%2C96&ssl=1\",\"caption\":\"Gerson Guelmann\"},\"description\":\"Pitadas da sabedoria e do humor judaicos, assuntos do momento e um pouco das hist\u00f3rias que vivi e testemunhei.\"}]}<\/script>\n<!-- \/ Yoast SEO plugin. -->","yoast_head_json":{"title":"Filho de Jo\u00e3o Gilberto: \"N\u00e3o Pude Salv\u00e1-lo Dele Mesmo\". | Blog do Guelmann","robots":{"index":"index","follow":"follow","max-snippet":"max-snippet:-1","max-image-preview":"max-image-preview:large","max-video-preview":"max-video-preview:-1"},"canonical":"https:\/\/gersonguelmann.com.br\/blog\/filho-de-joao-gilberto-nao-pude-salva-lo-dele-mesmo\/","og_locale":"pt_BR","og_type":"article","og_title":"Filho de Jo\u00e3o Gilberto: \"N\u00e3o Pude Salv\u00e1-lo Dele Mesmo\". | Blog do Guelmann","og_description":"Mat\u00e9ria da revista Isto\u00c9 sobre o not\u00e1vel Jo\u00e3o Gilberto: CULTURA \u2018N\u00e3o pude salv\u00e1-lo dele mesmo\u2019, lamenta filho de Jo\u00e3o Gilberto O filho mais velho de\u00a0Jo\u00e3o Gilberto, Jo\u00e3o Marcelo Gilberto, publicou um texto no Facebook nesta quinta-feira, 5, lamentando a presen\u00e7a de \u201cabutres\u201d em torno do cantor, uma alus\u00e3o \u00e0 ex-companheira de seu pai, Claudia Faissol, [&hellip;]","og_url":"https:\/\/gersonguelmann.com.br\/blog\/filho-de-joao-gilberto-nao-pude-salva-lo-dele-mesmo\/","og_site_name":"Blog do Guelmann","article_published_time":"2018-04-14T23:04:50+00:00","og_image":[{"width":280,"height":180,"url":"https:\/\/i0.wp.com\/gersonguelmann.com.br\/blog\/wp-content\/uploads\/2018\/04\/JG.jpg?fit=280%2C180&ssl=1","type":"image\/jpeg"}],"author":"Gerson Guelmann","twitter_card":"summary_large_image","twitter_misc":{"Escrito por":"Gerson Guelmann","Est. tempo de leitura":"5 minutos"},"schema":{"@context":"https:\/\/schema.org","@graph":[{"@type":"Article","@id":"https:\/\/gersonguelmann.com.br\/blog\/filho-de-joao-gilberto-nao-pude-salva-lo-dele-mesmo\/#article","isPartOf":{"@id":"https:\/\/gersonguelmann.com.br\/blog\/filho-de-joao-gilberto-nao-pude-salva-lo-dele-mesmo\/"},"author":{"name":"Gerson Guelmann","@id":"https:\/\/gersonguelmann.com.br\/blog\/#\/schema\/person\/87e70e2a786888082f941a482c90569e"},"headline":"Filho de Jo\u00e3o Gilberto: &#8220;N\u00e3o Pude Salv\u00e1-lo Dele Mesmo&#8221;.","datePublished":"2018-04-14T23:04:50+00:00","mainEntityOfPage":{"@id":"https:\/\/gersonguelmann.com.br\/blog\/filho-de-joao-gilberto-nao-pude-salva-lo-dele-mesmo\/"},"wordCount":960,"commentCount":0,"image":{"@id":"https:\/\/gersonguelmann.com.br\/blog\/filho-de-joao-gilberto-nao-pude-salva-lo-dele-mesmo\/#primaryimage"},"thumbnailUrl":"https:\/\/i0.wp.com\/gersonguelmann.com.br\/blog\/wp-content\/uploads\/2018\/04\/JG.jpg?fit=280%2C180&ssl=1","inLanguage":"pt-BR","potentialAction":[{"@type":"CommentAction","name":"Comment","target":["https:\/\/gersonguelmann.com.br\/blog\/filho-de-joao-gilberto-nao-pude-salva-lo-dele-mesmo\/#respond"]}]},{"@type":"WebPage","@id":"https:\/\/gersonguelmann.com.br\/blog\/filho-de-joao-gilberto-nao-pude-salva-lo-dele-mesmo\/","url":"https:\/\/gersonguelmann.com.br\/blog\/filho-de-joao-gilberto-nao-pude-salva-lo-dele-mesmo\/","name":"Filho de Jo\u00e3o Gilberto: \"N\u00e3o Pude Salv\u00e1-lo Dele Mesmo\". | Blog do Guelmann","isPartOf":{"@id":"https:\/\/gersonguelmann.com.br\/blog\/#website"},"primaryImageOfPage":{"@id":"https:\/\/gersonguelmann.com.br\/blog\/filho-de-joao-gilberto-nao-pude-salva-lo-dele-mesmo\/#primaryimage"},"image":{"@id":"https:\/\/gersonguelmann.com.br\/blog\/filho-de-joao-gilberto-nao-pude-salva-lo-dele-mesmo\/#primaryimage"},"thumbnailUrl":"https:\/\/i0.wp.com\/gersonguelmann.com.br\/blog\/wp-content\/uploads\/2018\/04\/JG.jpg?fit=280%2C180&ssl=1","datePublished":"2018-04-14T23:04:50+00:00","author":{"@id":"https:\/\/gersonguelmann.com.br\/blog\/#\/schema\/person\/87e70e2a786888082f941a482c90569e"},"inLanguage":"pt-BR","potentialAction":[{"@type":"ReadAction","target":["https:\/\/gersonguelmann.com.br\/blog\/filho-de-joao-gilberto-nao-pude-salva-lo-dele-mesmo\/"]}]},{"@type":"ImageObject","inLanguage":"pt-BR","@id":"https:\/\/gersonguelmann.com.br\/blog\/filho-de-joao-gilberto-nao-pude-salva-lo-dele-mesmo\/#primaryimage","url":"https:\/\/i0.wp.com\/gersonguelmann.com.br\/blog\/wp-content\/uploads\/2018\/04\/JG.jpg?fit=280%2C180&ssl=1","contentUrl":"https:\/\/i0.wp.com\/gersonguelmann.com.br\/blog\/wp-content\/uploads\/2018\/04\/JG.jpg?fit=280%2C180&ssl=1","width":280,"height":180},{"@type":"WebSite","@id":"https:\/\/gersonguelmann.com.br\/blog\/#website","url":"https:\/\/gersonguelmann.com.br\/blog\/","name":"Blog do Guelmann","description":"Pitadas da sabedoria e do humor judaicos, assuntos do momento e um pouco das hist\u00f3rias que vivi e testemunhei.","potentialAction":[{"@type":"SearchAction","target":{"@type":"EntryPoint","urlTemplate":"https:\/\/gersonguelmann.com.br\/blog\/?s={search_term_string}"},"query-input":{"@type":"PropertyValueSpecification","valueRequired":true,"valueName":"search_term_string"}}],"inLanguage":"pt-BR"},{"@type":"Person","@id":"https:\/\/gersonguelmann.com.br\/blog\/#\/schema\/person\/87e70e2a786888082f941a482c90569e","name":"Gerson Guelmann","image":{"@type":"ImageObject","inLanguage":"pt-BR","@id":"https:\/\/i0.wp.com\/gersonguelmann.com.br\/blog\/wp-content\/uploads\/2021\/08\/BLOG.jpeg?fit=96%2C96&ssl=1","url":"https:\/\/i0.wp.com\/gersonguelmann.com.br\/blog\/wp-content\/uploads\/2021\/08\/BLOG.jpeg?fit=96%2C96&ssl=1","contentUrl":"https:\/\/i0.wp.com\/gersonguelmann.com.br\/blog\/wp-content\/uploads\/2021\/08\/BLOG.jpeg?fit=96%2C96&ssl=1","caption":"Gerson Guelmann"},"description":"Pitadas da sabedoria e do humor judaicos, assuntos do momento e um pouco das hist\u00f3rias que vivi e testemunhei."}]}},"views":33,"jetpack_publicize_connections":[],"jetpack_featured_media_url":"https:\/\/i0.wp.com\/gersonguelmann.com.br\/blog\/wp-content\/uploads\/2018\/04\/JG.jpg?fit=280%2C180&ssl=1","jetpack_shortlink":"https:\/\/wp.me\/p96e7O-31P","jetpack-related-posts":[{"id":11201,"url":"https:\/\/gersonguelmann.com.br\/blog\/tristeza-nao-tem-fim-apartamento-de-joao-gilberto-sera-arrombado\/","url_meta":{"origin":11645,"position":0},"title":"Tristeza N\u00e3o Tem Fim: Apartamento de Jo\u00e3o Gilberto Ser\u00e1 Arrombado","author":"Gerson Guelmann","date":"3 de abril de 2018","format":false,"excerpt":"Acabou de sair na Isto\u00c9 e em outros jornais: Justi\u00e7a autoriza arrombamento de porta de apartamento de Jo\u00e3o Gilberto O juiz Renato Lima Charnaux Sert\u00e3, da 5.\u00aa Vara de \u00d3rf\u00e3os e Sucess\u00f5es do Rio, autorizou o arrombamento do apartamento de Jo\u00e3o Gilberto, atendendo ao pedido da filha do m\u00fasico, a\u2026","rel":"","context":"Em &quot;Sem categoria&quot;","block_context":{"text":"Sem categoria","link":"https:\/\/gersonguelmann.com.br\/blog\/category\/sem-categoria\/"},"img":{"alt_text":"","src":"https:\/\/i0.wp.com\/gersonguelmann.com.br\/blog\/wp-content\/uploads\/2018\/04\/download-2.jpg?resize=350%2C200&ssl=1","width":350,"height":200},"classes":[]},{"id":17354,"url":"https:\/\/gersonguelmann.com.br\/blog\/joao-gilberto-e-tom-jobim-festa-no-ceu\/","url_meta":{"origin":11645,"position":1},"title":"Jo\u00e3o Gilberto e Tom Jobim, Festa no C\u00e9u","author":"Gerson Guelmann","date":"6 de julho de 2019","format":false,"excerpt":"Jo\u00e3o Gilberto Pereira de Oliveira Juazeiro (BA), 10 de junho\u00a0de\u00a01931\u00a0-\u00a0Rio de Janeiro (RJ),\u00a06 de julho\u00a0de\u00a02019 Hoje tem show no c\u00e9u. No sarau que come\u00e7ar\u00e1 logo mais, o genial Jo\u00e3o Gilberto, que acaba de nos deixar, interpretar\u00e1 Chega de Saudade, tendo ao piano outra figura inesquec\u00edvel de nossa m\u00fasica, Tom Jobim.\u2026","rel":"","context":"Em &quot;Sem categoria&quot;","block_context":{"text":"Sem categoria","link":"https:\/\/gersonguelmann.com.br\/blog\/category\/sem-categoria\/"},"img":{"alt_text":"","src":"https:\/\/i0.wp.com\/gersonguelmann.com.br\/blog\/wp-content\/uploads\/2019\/07\/JG.jpg?fit=900%2C1200&ssl=1&resize=350%2C200","width":350,"height":200,"srcset":"https:\/\/i0.wp.com\/gersonguelmann.com.br\/blog\/wp-content\/uploads\/2019\/07\/JG.jpg?fit=900%2C1200&ssl=1&resize=350%2C200 1x, https:\/\/i0.wp.com\/gersonguelmann.com.br\/blog\/wp-content\/uploads\/2019\/07\/JG.jpg?fit=900%2C1200&ssl=1&resize=525%2C300 1.5x, https:\/\/i0.wp.com\/gersonguelmann.com.br\/blog\/wp-content\/uploads\/2019\/07\/JG.jpg?fit=900%2C1200&ssl=1&resize=700%2C400 2x"},"classes":[]},{"id":358,"url":"https:\/\/gersonguelmann.com.br\/blog\/devo-nao-pago\/","url_meta":{"origin":11645,"position":2},"title":"Devo, N\u00e3o Pago&#8230;","author":"Gerson Guelmann","date":"22 de janeiro de 2017","format":false,"excerpt":"Rog\u00e9rio Dist\u00e9fano, que sei l\u00e1 porque resolveu testar minhas coron\u00e1rias, me honrou com fragmentos de nossas mem\u00f3rias comuns:Devo, n\u00e3o pago\u2026Rog\u00e9rio Dist\u00e9fanoN\u00e3o h\u00e1 esfiha neste mundo que pague minha d\u00edvida com Gerson Guelmann, nosso confrade do etudoacabouemsfiha.com.br. A coluna do d\u00e9bito vem de longe, da adolesc\u00eancia, ele, Gilberto, o irm\u00e3o mais\u2026","rel":"","context":"Em &quot;Sem categoria&quot;","block_context":{"text":"Sem categoria","link":"https:\/\/gersonguelmann.com.br\/blog\/category\/sem-categoria\/"},"img":{"alt_text":"","src":"","width":0,"height":0},"classes":[]},{"id":21325,"url":"https:\/\/gersonguelmann.com.br\/blog\/era-para-ser-um-domingo-qualquer\/","url_meta":{"origin":11645,"position":3},"title":"Era Para Ser Um Domingo Qualquer","author":"Gerson Guelmann","date":"7 de fevereiro de 2021","format":false,"excerpt":"Dia 7 de fevereiro de 1965, tamb\u00e9m um domingo, 56 anos passados. Meu pai, Isaac, estava com 41 anos. Completaria 42 naquele mesmo m\u00eas. Minha m\u00e3e, Selda, tinha 39 e em poucos dias faria 40. Gisele, uma de minhas irm\u00e3s, completaria 12 em mar\u00e7o. Gilce, a ca\u00e7ula dos 5 irm\u00e3os,\u2026","rel":"","context":"Em &quot;Sem categoria&quot;","block_context":{"text":"Sem categoria","link":"https:\/\/gersonguelmann.com.br\/blog\/category\/sem-categoria\/"},"img":{"alt_text":"","src":"https:\/\/i0.wp.com\/gersonguelmann.com.br\/blog\/wp-content\/uploads\/2021\/02\/FAMILIA.jpg?resize=350%2C200&ssl=1","width":350,"height":200},"classes":[]},{"id":325,"url":"https:\/\/gersonguelmann.com.br\/blog\/um-dia-para-comemorar-outro-para-recordar\/","url_meta":{"origin":11645,"position":4},"title":"Um Dia Para Comemorar, Outro Para Recordar","author":"Gerson Guelmann","date":"6 de fevereiro de 2023","format":false,"excerpt":"O dia 6 de fevereiro me traz \u00f3timas lembran\u00e7as. Nesse dia, h\u00e1 exatamente um ano, publiquei minha 1\u00aa coluna no HojePR. J\u00e1 o 7 de fevereiro me traz lembran\u00e7as amargas; nessa data, em 1965, meus pais e minhas 2 irm\u00e3s faleceram em pavoroso acidente na ent\u00e3o BR-2, hoje BR-116, voltando\u2026","rel":"","context":"Em &quot;Sem categoria&quot;","block_context":{"text":"Sem categoria","link":"https:\/\/gersonguelmann.com.br\/blog\/category\/sem-categoria\/"},"img":{"alt_text":"","src":"https:\/\/i0.wp.com\/gersonguelmann.com.br\/blog\/wp-content\/uploads\/2017\/02\/1964.jpg?fit=686%2C1024&ssl=1&resize=350%2C200","width":350,"height":200,"srcset":"https:\/\/i0.wp.com\/gersonguelmann.com.br\/blog\/wp-content\/uploads\/2017\/02\/1964.jpg?fit=686%2C1024&ssl=1&resize=350%2C200 1x, https:\/\/i0.wp.com\/gersonguelmann.com.br\/blog\/wp-content\/uploads\/2017\/02\/1964.jpg?fit=686%2C1024&ssl=1&resize=525%2C300 1.5x"},"classes":[]},{"id":25078,"url":"https:\/\/gersonguelmann.com.br\/blog\/uma-pausa-para-a-memoria-quando-o-humor-da-lugar-a-lembranca\/","url_meta":{"origin":11645,"position":5},"title":"Uma Pausa para a Mem\u00f3ria: Quando o Humor d\u00e1 Lugar \u00e0 Lembran\u00e7a","author":"Gerson Guelmann","date":"7 de fevereiro de 2025","format":false,"excerpt":"Todos sabem que o humor \u00e9 um grande aliado da vida, mas h\u00e1 ocasi\u00f5es em que ele se recolhe, respeitosamente, diante da mem\u00f3ria. Hoje, 7 de fevereiro, pe\u00e7o desculpas aos meus queridos leitores: n\u00e3o consigo publicar humor. Nesse dia, h\u00e1 exatamente 60 anos, em um domingo de 1965, perdi meus\u2026","rel":"","context":"Em &quot;Sem categoria&quot;","block_context":{"text":"Sem categoria","link":"https:\/\/gersonguelmann.com.br\/blog\/category\/sem-categoria\/"},"img":{"alt_text":"","src":"https:\/\/i0.wp.com\/gersonguelmann.com.br\/blog\/wp-content\/uploads\/2025\/02\/ULTMA-FOTO-1.png?fit=402%2C600&ssl=1&resize=350%2C200","width":350,"height":200},"classes":[]}],"jetpack_sharing_enabled":true,"post_mailing_queue_ids":[],"_links":{"self":[{"href":"https:\/\/gersonguelmann.com.br\/blog\/wp-json\/wp\/v2\/posts\/11645","targetHints":{"allow":["GET"]}}],"collection":[{"href":"https:\/\/gersonguelmann.com.br\/blog\/wp-json\/wp\/v2\/posts"}],"about":[{"href":"https:\/\/gersonguelmann.com.br\/blog\/wp-json\/wp\/v2\/types\/post"}],"author":[{"embeddable":true,"href":"https:\/\/gersonguelmann.com.br\/blog\/wp-json\/wp\/v2\/users\/5"}],"replies":[{"embeddable":true,"href":"https:\/\/gersonguelmann.com.br\/blog\/wp-json\/wp\/v2\/comments?post=11645"}],"version-history":[{"count":0,"href":"https:\/\/gersonguelmann.com.br\/blog\/wp-json\/wp\/v2\/posts\/11645\/revisions"}],"wp:featuredmedia":[{"embeddable":true,"href":"https:\/\/gersonguelmann.com.br\/blog\/wp-json\/wp\/v2\/media\/11646"}],"wp:attachment":[{"href":"https:\/\/gersonguelmann.com.br\/blog\/wp-json\/wp\/v2\/media?parent=11645"}],"wp:term":[{"taxonomy":"category","embeddable":true,"href":"https:\/\/gersonguelmann.com.br\/blog\/wp-json\/wp\/v2\/categories?post=11645"},{"taxonomy":"post_tag","embeddable":true,"href":"https:\/\/gersonguelmann.com.br\/blog\/wp-json\/wp\/v2\/tags?post=11645"}],"curies":[{"name":"wp","href":"https:\/\/api.w.org\/{rel}","templated":true}]}}