    {"id":11648,"date":"2018-04-14T21:14:57","date_gmt":"2018-04-15T00:14:57","guid":{"rendered":"https:\/\/gersonguelmann.com.br\/blog\/?p=11648"},"modified":"2018-04-14T21:17:52","modified_gmt":"2018-04-15T00:17:52","slug":"lula-e-culpado-e-95-apoiam-lava-jato-diz-pesquisa","status":"publish","type":"post","link":"https:\/\/gersonguelmann.com.br\/blog\/lula-e-culpado-e-95-apoiam-lava-jato-diz-pesquisa\/","title":{"rendered":"Lula \u00e9  Culpado e 95% Apoiam Lava Jato, Diz Pesquisa"},"content":{"rendered":"<p><span style=\"color: #000000; font-family: georgia, palatino, serif; font-size: 18pt;\">Mat\u00e9ria do jornal O Estado de S\u00e3o Paulo:<\/span><\/p>\n<p class=\"n--noticia__title\"><span style=\"font-size: 24pt;\"><strong><span style=\"color: #000000;\">Maioria v\u00ea culpa de Lula; 95% quer que Lava Jato continue<\/span><\/strong><\/span><\/p>\n<div class=\"row\">\n<section class=\"col-xs-12\">\n<div class=\"row\">\n<section class=\"col-xs-12 col-sm-offset-1 col-sm-11\">\n<article class=\"n--noticia__header\">\n<h2 class=\"n--noticia__subtitle\"><span style=\"color: #000000;\">Pesquisa Ipsos mostra tamb\u00e9m que 50% dos entrevistados s\u00e3o a favor da pris\u00e3o do petista e 46% s\u00e3o contra; foram ouvidas 1.200 pessoas<\/span><\/h2>\n<\/article>\n<\/section>\n<\/div>\n<\/section>\n<\/div>\n<div class=\"row\">\n<section class=\"col-xs-12 main-news\">\n<div id=\"pw-P_1.2267865\" class=\"pw-container\" data-acesso=\"0\" data-coluna=\"\">\n<div id=\"sw-P_1.2267865\" class=\"pw-container\">\n<div class=\"row n--noticia__body\">\n<section class=\"col-xs-12 col-sm-offset-1 col-sm-11\">\n<div class=\"row\">\n<section class=\"col-xs-12 col-content col-center\">\n<div class=\"box area-select\">\n<div class=\"n--noticia__state\">\n<p><span style=\"color: #000000; font-size: 14pt;\">Daniel Bramatti, O Estado de S.Paulo<\/span><\/p>\n<p><span style=\"color: #000000; font-size: 14pt;\">14 Abril 2018 | 05h00<\/span><\/p>\n<\/div>\n<div class=\"n--noticia__content content realrealidade-done\">\n<p><span style=\"color: #000000; font-size: 14pt;\">A maioria da popula\u00e7\u00e3o brasileira (57%) considera que o ex-presidente Luiz In\u00e1cio Lula da Silva, preso e condenado na Opera\u00e7\u00e3o Lava Jato, \u00e9 culpado dos crimes atribu\u00eddos a ele. O Pa\u00eds, por\u00e9m, est\u00e1 rachado em rela\u00e7\u00e3o \u00e0 pris\u00e3o do petista: 50% s\u00e3o a favor e 46% s\u00e3o contra. Os dados s\u00e3o de pesquisa do instituto Ipsos.<\/span><\/p>\n<p><span style=\"color: #000000; font-size: 14pt;\">\u201cOs resultados mostram que a Lava Jato continua com alto suporte da popula\u00e7\u00e3o e que a pris\u00e3o de Lula n\u00e3o encerra esse anseio\u201d, disse o diretor do Ipsos, Danilo Cersosimo. \u201cAl\u00e9m disso, a polariza\u00e7\u00e3o do Pa\u00eds em torno da figura de Lula segue alta.\u201d<\/span><\/p>\n<p><span style=\"color: #000000; font-size: 14pt;\">Conforme o levantamento, a quase totalidade da popula\u00e7\u00e3o (95%) acha que as investiga\u00e7\u00f5es da Lava Jato devem continuar ap\u00f3s a pris\u00e3o do ex-presidente. Mas h\u00e1 d\u00favidas sobre a abrang\u00eancia das mesmas.<\/span><\/p>\n<p><span style=\"color: #000000; font-size: 14pt;\">Para 52% dos entrevistados, n\u00e3o \u00e9 correto afirmar que \u201ca Lava Jato est\u00e1 investigando todos os pol\u00edticos\u201d. Outros 41% est\u00e3o de acordo com essa avalia\u00e7\u00e3o. A percep\u00e7\u00e3o de que \u201ca Lava Jato est\u00e1 investigando todos os partidos\u201d atingiu o m\u00ednimo hist\u00f3rico da s\u00e9rie de pesquisas Ipsos no fim de semana da pris\u00e3o de Lula. Apenas 43% dos eleitores manifestaram concord\u00e2ncia com a frase, e 47% disseram o contr\u00e1rio.<\/span><\/p>\n<p><span style=\"color: #000000; font-size: 14pt;\">\u00c9 a primeira vez, em dois anos, que aparece como minorit\u00e1ria a parcela da popula\u00e7\u00e3o que compartilha da avalia\u00e7\u00e3o de que todos os partidos s\u00e3o investigados. Em abril de 2016, 66% da popula\u00e7\u00e3o via a Lava Jato como empenhada em investigar todas as legendas \u2013 23 pontos porcentuais a mais do que agora.<\/span><\/p>\n<p><span style=\"color: #000000; font-size: 14pt;\">Na pesquisa, os entrevistadores do Ipsos leem uma s\u00e9rie de frases e perguntam se h\u00e1 ou n\u00e3o concord\u00e2ncia em rela\u00e7\u00e3o a elas. O levantamento come\u00e7ou neste\u00a0s\u00e1bado, 7, em que o ex-presidente foi preso e se estendeu at\u00e9 esta segunda-feira, 9. Foram ouvidas 1.200 pessoas. A margem de erro \u00e9 de tr\u00eas pontos porcentuais para mais ou para menos.<\/span><\/p>\n<p><span style=\"color: #000000; font-size: 14pt;\"><strong>Nova divis\u00e3o.<\/strong>\u00a0O levantamento mostra que, mesmo com a convic\u00e7\u00e3o majorit\u00e1ria da culpa do petista, existe uma forte percep\u00e7\u00e3o de que \u201cos poderosos querem tirar Lula da elei\u00e7\u00e3o\u201d: 73% concordam com essa afirma\u00e7\u00e3o, e 23% discordam.<\/span><\/p>\n<p><span style=\"color: #000000; font-size: 14pt;\">A maioria (55%) tamb\u00e9m concorda com a avalia\u00e7\u00e3o de que \u201ca Lava Jato faz persegui\u00e7\u00e3o pol\u00edtica contra Lula\u201d. Outros 41% discordam. Em rela\u00e7\u00e3o \u00e0 afirma\u00e7\u00e3o de que \u201ca Lava Jato est\u00e1 mostrando que Lula \u00e9 mais corrupto que os outros pol\u00edticos\u201d, aparece uma nova divis\u00e3o: 51% discordam, e 44% concordam.<\/span><\/p>\n<p><span style=\"color: #000000; font-family: georgia, palatino, serif; font-size: 18pt;\">Para ler no site do jornal, <span style=\"color: #0000ff;\"><em><strong><a style=\"color: #0000ff;\" href=\"http:\/\/politica.estadao.com.br\/noticias\/geral,maioria-ve-culpa-de-lula-95-quer-que-lava-jato-continue,70002267865\">clique aqui<\/a><\/strong><\/em><\/span>.<\/span><\/p>\n<p><span style=\"color: #000000; font-family: georgia, palatino, serif; font-size: 18pt;\">\u00a0<\/span><\/p>\n<p style=\"text-align: center;\"><img data-recalc-dims=\"1\" fetchpriority=\"high\" decoding=\"async\" data-attachment-id=\"11650\" data-permalink=\"https:\/\/gersonguelmann.com.br\/blog\/lula-e-culpado-e-95-apoiam-lava-jato-diz-pesquisa\/download-1-2\/\" data-orig-file=\"https:\/\/i0.wp.com\/gersonguelmann.com.br\/blog\/wp-content\/uploads\/2018\/04\/download-1-1.jpg?fit=275%2C183&amp;ssl=1\" data-orig-size=\"275,183\" data-comments-opened=\"1\" data-image-meta=\"{&quot;aperture&quot;:&quot;0&quot;,&quot;credit&quot;:&quot;&quot;,&quot;camera&quot;:&quot;&quot;,&quot;caption&quot;:&quot;&quot;,&quot;created_timestamp&quot;:&quot;0&quot;,&quot;copyright&quot;:&quot;&quot;,&quot;focal_length&quot;:&quot;0&quot;,&quot;iso&quot;:&quot;0&quot;,&quot;shutter_speed&quot;:&quot;0&quot;,&quot;title&quot;:&quot;&quot;,&quot;orientation&quot;:&quot;0&quot;}\" data-image-title=\"download (1)\" data-image-description=\"\" data-image-caption=\"\" data-medium-file=\"https:\/\/i0.wp.com\/gersonguelmann.com.br\/blog\/wp-content\/uploads\/2018\/04\/download-1-1.jpg?fit=275%2C183&amp;ssl=1\" data-large-file=\"https:\/\/i0.wp.com\/gersonguelmann.com.br\/blog\/wp-content\/uploads\/2018\/04\/download-1-1.jpg?fit=275%2C183&amp;ssl=1\" class=\"alignnone size-full wp-image-11650\" src=\"https:\/\/i0.wp.com\/gersonguelmann.com.br\/blog\/wp-content\/uploads\/2018\/04\/download-1-1.jpg?resize=275%2C183&#038;ssl=1\" alt=\"\" width=\"275\" height=\"183\" \/><\/p>\n<\/div>\n<\/div>\n<\/section>\n<\/div>\n<\/section>\n<\/div>\n<\/div>\n<\/div>\n<\/section>\n<\/div>\n","protected":false},"excerpt":{"rendered":"<p>Mat\u00e9ria do jornal O Estado de S\u00e3o Paulo: Maioria v\u00ea culpa de Lula; 95% quer que Lava Jato continue Pesquisa Ipsos mostra tamb\u00e9m que 50% dos entrevistados s\u00e3o a favor da pris\u00e3o do petista e 46% s\u00e3o contra; foram ouvidas 1.200 pessoas Daniel Bramatti, O Estado de S.Paulo 14 Abril 2018 | 05h00 A maioria [&hellip;]<\/p>\n","protected":false},"author":5,"featured_media":11650,"comment_status":"open","ping_status":"open","sticky":false,"template":"","format":"standard","meta":{"_acf_changed":false,"jetpack_post_was_ever_published":false,"_jetpack_newsletter_access":"","_jetpack_dont_email_post_to_subs":false,"_jetpack_newsletter_tier_id":0,"_jetpack_memberships_contains_paywalled_content":false,"_jetpack_memberships_contains_paid_content":false,"footnotes":"","jetpack_publicize_message":"","jetpack_publicize_feature_enabled":true,"jetpack_social_post_already_shared":true,"jetpack_social_options":{"image_generator_settings":{"template":"highway","default_image_id":0,"font":"","enabled":false},"version":2}},"categories":[1],"tags":[],"class_list":["post-11648","post","type-post","status-publish","format-standard","has-post-thumbnail","hentry","category-sem-categoria"],"acf":[],"yoast_head":"<!-- This site is optimized with the Yoast SEO plugin v27.3 - https:\/\/yoast.com\/product\/yoast-seo-wordpress\/ -->\n<title>Lula \u00e9 Culpado e 95% Apoiam Lava Jato, Diz Pesquisa | Blog do Guelmann<\/title>\n<meta name=\"robots\" content=\"index, follow, max-snippet:-1, max-image-preview:large, max-video-preview:-1\" \/>\n<link rel=\"canonical\" href=\"https:\/\/gersonguelmann.com.br\/blog\/lula-e-culpado-e-95-apoiam-lava-jato-diz-pesquisa\/\" \/>\n<meta property=\"og:locale\" content=\"pt_BR\" \/>\n<meta property=\"og:type\" content=\"article\" \/>\n<meta property=\"og:title\" content=\"Lula \u00e9 Culpado e 95% Apoiam Lava Jato, Diz Pesquisa | Blog do Guelmann\" \/>\n<meta property=\"og:description\" content=\"Mat\u00e9ria do jornal O Estado de S\u00e3o Paulo: Maioria v\u00ea culpa de Lula; 95% quer que Lava Jato continue Pesquisa Ipsos mostra tamb\u00e9m que 50% dos entrevistados s\u00e3o a favor da pris\u00e3o do petista e 46% s\u00e3o contra; foram ouvidas 1.200 pessoas Daniel Bramatti, O Estado de S.Paulo 14 Abril 2018 | 05h00 A maioria [&hellip;]\" \/>\n<meta property=\"og:url\" content=\"https:\/\/gersonguelmann.com.br\/blog\/lula-e-culpado-e-95-apoiam-lava-jato-diz-pesquisa\/\" \/>\n<meta property=\"og:site_name\" content=\"Blog do Guelmann\" \/>\n<meta property=\"article:published_time\" content=\"2018-04-15T00:14:57+00:00\" \/>\n<meta property=\"article:modified_time\" content=\"2018-04-15T00:17:52+00:00\" \/>\n<meta property=\"og:image\" content=\"https:\/\/i0.wp.com\/gersonguelmann.com.br\/blog\/wp-content\/uploads\/2018\/04\/download-1-1.jpg?fit=275%2C183&ssl=1\" \/>\n\t<meta property=\"og:image:width\" content=\"275\" \/>\n\t<meta property=\"og:image:height\" content=\"183\" \/>\n\t<meta property=\"og:image:type\" content=\"image\/jpeg\" \/>\n<meta name=\"author\" content=\"Gerson Guelmann\" \/>\n<meta name=\"twitter:card\" content=\"summary_large_image\" \/>\n<meta name=\"twitter:label1\" content=\"Escrito por\" \/>\n\t<meta name=\"twitter:data1\" content=\"Gerson Guelmann\" \/>\n\t<meta name=\"twitter:label2\" content=\"Est. tempo de leitura\" \/>\n\t<meta name=\"twitter:data2\" content=\"2 minutos\" \/>\n<script type=\"application\/ld+json\" class=\"yoast-schema-graph\">{\"@context\":\"https:\\\/\\\/schema.org\",\"@graph\":[{\"@type\":\"Article\",\"@id\":\"https:\\\/\\\/gersonguelmann.com.br\\\/blog\\\/lula-e-culpado-e-95-apoiam-lava-jato-diz-pesquisa\\\/#article\",\"isPartOf\":{\"@id\":\"https:\\\/\\\/gersonguelmann.com.br\\\/blog\\\/lula-e-culpado-e-95-apoiam-lava-jato-diz-pesquisa\\\/\"},\"author\":{\"name\":\"Gerson Guelmann\",\"@id\":\"https:\\\/\\\/gersonguelmann.com.br\\\/blog\\\/#\\\/schema\\\/person\\\/87e70e2a786888082f941a482c90569e\"},\"headline\":\"Lula \u00e9 Culpado e 95% Apoiam Lava Jato, Diz Pesquisa\",\"datePublished\":\"2018-04-15T00:14:57+00:00\",\"dateModified\":\"2018-04-15T00:17:52+00:00\",\"mainEntityOfPage\":{\"@id\":\"https:\\\/\\\/gersonguelmann.com.br\\\/blog\\\/lula-e-culpado-e-95-apoiam-lava-jato-diz-pesquisa\\\/\"},\"wordCount\":498,\"commentCount\":0,\"image\":{\"@id\":\"https:\\\/\\\/gersonguelmann.com.br\\\/blog\\\/lula-e-culpado-e-95-apoiam-lava-jato-diz-pesquisa\\\/#primaryimage\"},\"thumbnailUrl\":\"https:\\\/\\\/i0.wp.com\\\/gersonguelmann.com.br\\\/blog\\\/wp-content\\\/uploads\\\/2018\\\/04\\\/download-1-1.jpg?fit=275%2C183&ssl=1\",\"inLanguage\":\"pt-BR\",\"potentialAction\":[{\"@type\":\"CommentAction\",\"name\":\"Comment\",\"target\":[\"https:\\\/\\\/gersonguelmann.com.br\\\/blog\\\/lula-e-culpado-e-95-apoiam-lava-jato-diz-pesquisa\\\/#respond\"]}]},{\"@type\":\"WebPage\",\"@id\":\"https:\\\/\\\/gersonguelmann.com.br\\\/blog\\\/lula-e-culpado-e-95-apoiam-lava-jato-diz-pesquisa\\\/\",\"url\":\"https:\\\/\\\/gersonguelmann.com.br\\\/blog\\\/lula-e-culpado-e-95-apoiam-lava-jato-diz-pesquisa\\\/\",\"name\":\"Lula \u00e9 Culpado e 95% Apoiam Lava Jato, Diz Pesquisa | Blog do Guelmann\",\"isPartOf\":{\"@id\":\"https:\\\/\\\/gersonguelmann.com.br\\\/blog\\\/#website\"},\"primaryImageOfPage\":{\"@id\":\"https:\\\/\\\/gersonguelmann.com.br\\\/blog\\\/lula-e-culpado-e-95-apoiam-lava-jato-diz-pesquisa\\\/#primaryimage\"},\"image\":{\"@id\":\"https:\\\/\\\/gersonguelmann.com.br\\\/blog\\\/lula-e-culpado-e-95-apoiam-lava-jato-diz-pesquisa\\\/#primaryimage\"},\"thumbnailUrl\":\"https:\\\/\\\/i0.wp.com\\\/gersonguelmann.com.br\\\/blog\\\/wp-content\\\/uploads\\\/2018\\\/04\\\/download-1-1.jpg?fit=275%2C183&ssl=1\",\"datePublished\":\"2018-04-15T00:14:57+00:00\",\"dateModified\":\"2018-04-15T00:17:52+00:00\",\"author\":{\"@id\":\"https:\\\/\\\/gersonguelmann.com.br\\\/blog\\\/#\\\/schema\\\/person\\\/87e70e2a786888082f941a482c90569e\"},\"inLanguage\":\"pt-BR\",\"potentialAction\":[{\"@type\":\"ReadAction\",\"target\":[\"https:\\\/\\\/gersonguelmann.com.br\\\/blog\\\/lula-e-culpado-e-95-apoiam-lava-jato-diz-pesquisa\\\/\"]}]},{\"@type\":\"ImageObject\",\"inLanguage\":\"pt-BR\",\"@id\":\"https:\\\/\\\/gersonguelmann.com.br\\\/blog\\\/lula-e-culpado-e-95-apoiam-lava-jato-diz-pesquisa\\\/#primaryimage\",\"url\":\"https:\\\/\\\/i0.wp.com\\\/gersonguelmann.com.br\\\/blog\\\/wp-content\\\/uploads\\\/2018\\\/04\\\/download-1-1.jpg?fit=275%2C183&ssl=1\",\"contentUrl\":\"https:\\\/\\\/i0.wp.com\\\/gersonguelmann.com.br\\\/blog\\\/wp-content\\\/uploads\\\/2018\\\/04\\\/download-1-1.jpg?fit=275%2C183&ssl=1\",\"width\":275,\"height\":183},{\"@type\":\"WebSite\",\"@id\":\"https:\\\/\\\/gersonguelmann.com.br\\\/blog\\\/#website\",\"url\":\"https:\\\/\\\/gersonguelmann.com.br\\\/blog\\\/\",\"name\":\"Blog do Guelmann\",\"description\":\"Pitadas da sabedoria e do humor judaicos, assuntos do momento e um pouco das hist\u00f3rias que vivi e testemunhei.\",\"potentialAction\":[{\"@type\":\"SearchAction\",\"target\":{\"@type\":\"EntryPoint\",\"urlTemplate\":\"https:\\\/\\\/gersonguelmann.com.br\\\/blog\\\/?s={search_term_string}\"},\"query-input\":{\"@type\":\"PropertyValueSpecification\",\"valueRequired\":true,\"valueName\":\"search_term_string\"}}],\"inLanguage\":\"pt-BR\"},{\"@type\":\"Person\",\"@id\":\"https:\\\/\\\/gersonguelmann.com.br\\\/blog\\\/#\\\/schema\\\/person\\\/87e70e2a786888082f941a482c90569e\",\"name\":\"Gerson Guelmann\",\"image\":{\"@type\":\"ImageObject\",\"inLanguage\":\"pt-BR\",\"@id\":\"https:\\\/\\\/i0.wp.com\\\/gersonguelmann.com.br\\\/blog\\\/wp-content\\\/uploads\\\/2021\\\/08\\\/BLOG.jpeg?fit=96%2C96&ssl=1\",\"url\":\"https:\\\/\\\/i0.wp.com\\\/gersonguelmann.com.br\\\/blog\\\/wp-content\\\/uploads\\\/2021\\\/08\\\/BLOG.jpeg?fit=96%2C96&ssl=1\",\"contentUrl\":\"https:\\\/\\\/i0.wp.com\\\/gersonguelmann.com.br\\\/blog\\\/wp-content\\\/uploads\\\/2021\\\/08\\\/BLOG.jpeg?fit=96%2C96&ssl=1\",\"caption\":\"Gerson Guelmann\"},\"description\":\"Pitadas da sabedoria e do humor judaicos, assuntos do momento e um pouco das hist\u00f3rias que vivi e testemunhei.\"}]}<\/script>\n<!-- \/ Yoast SEO plugin. -->","yoast_head_json":{"title":"Lula \u00e9 Culpado e 95% Apoiam Lava Jato, Diz Pesquisa | Blog do Guelmann","robots":{"index":"index","follow":"follow","max-snippet":"max-snippet:-1","max-image-preview":"max-image-preview:large","max-video-preview":"max-video-preview:-1"},"canonical":"https:\/\/gersonguelmann.com.br\/blog\/lula-e-culpado-e-95-apoiam-lava-jato-diz-pesquisa\/","og_locale":"pt_BR","og_type":"article","og_title":"Lula \u00e9 Culpado e 95% Apoiam Lava Jato, Diz Pesquisa | Blog do Guelmann","og_description":"Mat\u00e9ria do jornal O Estado de S\u00e3o Paulo: Maioria v\u00ea culpa de Lula; 95% quer que Lava Jato continue Pesquisa Ipsos mostra tamb\u00e9m que 50% dos entrevistados s\u00e3o a favor da pris\u00e3o do petista e 46% s\u00e3o contra; foram ouvidas 1.200 pessoas Daniel Bramatti, O Estado de S.Paulo 14 Abril 2018 | 05h00 A maioria [&hellip;]","og_url":"https:\/\/gersonguelmann.com.br\/blog\/lula-e-culpado-e-95-apoiam-lava-jato-diz-pesquisa\/","og_site_name":"Blog do Guelmann","article_published_time":"2018-04-15T00:14:57+00:00","article_modified_time":"2018-04-15T00:17:52+00:00","og_image":[{"width":275,"height":183,"url":"https:\/\/i0.wp.com\/gersonguelmann.com.br\/blog\/wp-content\/uploads\/2018\/04\/download-1-1.jpg?fit=275%2C183&ssl=1","type":"image\/jpeg"}],"author":"Gerson Guelmann","twitter_card":"summary_large_image","twitter_misc":{"Escrito por":"Gerson Guelmann","Est. tempo de leitura":"2 minutos"},"schema":{"@context":"https:\/\/schema.org","@graph":[{"@type":"Article","@id":"https:\/\/gersonguelmann.com.br\/blog\/lula-e-culpado-e-95-apoiam-lava-jato-diz-pesquisa\/#article","isPartOf":{"@id":"https:\/\/gersonguelmann.com.br\/blog\/lula-e-culpado-e-95-apoiam-lava-jato-diz-pesquisa\/"},"author":{"name":"Gerson Guelmann","@id":"https:\/\/gersonguelmann.com.br\/blog\/#\/schema\/person\/87e70e2a786888082f941a482c90569e"},"headline":"Lula \u00e9 Culpado e 95% Apoiam Lava Jato, Diz Pesquisa","datePublished":"2018-04-15T00:14:57+00:00","dateModified":"2018-04-15T00:17:52+00:00","mainEntityOfPage":{"@id":"https:\/\/gersonguelmann.com.br\/blog\/lula-e-culpado-e-95-apoiam-lava-jato-diz-pesquisa\/"},"wordCount":498,"commentCount":0,"image":{"@id":"https:\/\/gersonguelmann.com.br\/blog\/lula-e-culpado-e-95-apoiam-lava-jato-diz-pesquisa\/#primaryimage"},"thumbnailUrl":"https:\/\/i0.wp.com\/gersonguelmann.com.br\/blog\/wp-content\/uploads\/2018\/04\/download-1-1.jpg?fit=275%2C183&ssl=1","inLanguage":"pt-BR","potentialAction":[{"@type":"CommentAction","name":"Comment","target":["https:\/\/gersonguelmann.com.br\/blog\/lula-e-culpado-e-95-apoiam-lava-jato-diz-pesquisa\/#respond"]}]},{"@type":"WebPage","@id":"https:\/\/gersonguelmann.com.br\/blog\/lula-e-culpado-e-95-apoiam-lava-jato-diz-pesquisa\/","url":"https:\/\/gersonguelmann.com.br\/blog\/lula-e-culpado-e-95-apoiam-lava-jato-diz-pesquisa\/","name":"Lula \u00e9 Culpado e 95% Apoiam Lava Jato, Diz Pesquisa | Blog do Guelmann","isPartOf":{"@id":"https:\/\/gersonguelmann.com.br\/blog\/#website"},"primaryImageOfPage":{"@id":"https:\/\/gersonguelmann.com.br\/blog\/lula-e-culpado-e-95-apoiam-lava-jato-diz-pesquisa\/#primaryimage"},"image":{"@id":"https:\/\/gersonguelmann.com.br\/blog\/lula-e-culpado-e-95-apoiam-lava-jato-diz-pesquisa\/#primaryimage"},"thumbnailUrl":"https:\/\/i0.wp.com\/gersonguelmann.com.br\/blog\/wp-content\/uploads\/2018\/04\/download-1-1.jpg?fit=275%2C183&ssl=1","datePublished":"2018-04-15T00:14:57+00:00","dateModified":"2018-04-15T00:17:52+00:00","author":{"@id":"https:\/\/gersonguelmann.com.br\/blog\/#\/schema\/person\/87e70e2a786888082f941a482c90569e"},"inLanguage":"pt-BR","potentialAction":[{"@type":"ReadAction","target":["https:\/\/gersonguelmann.com.br\/blog\/lula-e-culpado-e-95-apoiam-lava-jato-diz-pesquisa\/"]}]},{"@type":"ImageObject","inLanguage":"pt-BR","@id":"https:\/\/gersonguelmann.com.br\/blog\/lula-e-culpado-e-95-apoiam-lava-jato-diz-pesquisa\/#primaryimage","url":"https:\/\/i0.wp.com\/gersonguelmann.com.br\/blog\/wp-content\/uploads\/2018\/04\/download-1-1.jpg?fit=275%2C183&ssl=1","contentUrl":"https:\/\/i0.wp.com\/gersonguelmann.com.br\/blog\/wp-content\/uploads\/2018\/04\/download-1-1.jpg?fit=275%2C183&ssl=1","width":275,"height":183},{"@type":"WebSite","@id":"https:\/\/gersonguelmann.com.br\/blog\/#website","url":"https:\/\/gersonguelmann.com.br\/blog\/","name":"Blog do Guelmann","description":"Pitadas da sabedoria e do humor judaicos, assuntos do momento e um pouco das hist\u00f3rias que vivi e testemunhei.","potentialAction":[{"@type":"SearchAction","target":{"@type":"EntryPoint","urlTemplate":"https:\/\/gersonguelmann.com.br\/blog\/?s={search_term_string}"},"query-input":{"@type":"PropertyValueSpecification","valueRequired":true,"valueName":"search_term_string"}}],"inLanguage":"pt-BR"},{"@type":"Person","@id":"https:\/\/gersonguelmann.com.br\/blog\/#\/schema\/person\/87e70e2a786888082f941a482c90569e","name":"Gerson Guelmann","image":{"@type":"ImageObject","inLanguage":"pt-BR","@id":"https:\/\/i0.wp.com\/gersonguelmann.com.br\/blog\/wp-content\/uploads\/2021\/08\/BLOG.jpeg?fit=96%2C96&ssl=1","url":"https:\/\/i0.wp.com\/gersonguelmann.com.br\/blog\/wp-content\/uploads\/2021\/08\/BLOG.jpeg?fit=96%2C96&ssl=1","contentUrl":"https:\/\/i0.wp.com\/gersonguelmann.com.br\/blog\/wp-content\/uploads\/2021\/08\/BLOG.jpeg?fit=96%2C96&ssl=1","caption":"Gerson Guelmann"},"description":"Pitadas da sabedoria e do humor judaicos, assuntos do momento e um pouco das hist\u00f3rias que vivi e testemunhei."}]}},"views":35,"jetpack_publicize_connections":[],"jetpack_featured_media_url":"https:\/\/i0.wp.com\/gersonguelmann.com.br\/blog\/wp-content\/uploads\/2018\/04\/download-1-1.jpg?fit=275%2C183&ssl=1","jetpack_shortlink":"https:\/\/wp.me\/p96e7O-31S","jetpack-related-posts":[{"id":11560,"url":"https:\/\/gersonguelmann.com.br\/blog\/marcelo-odebrecht-para-advogado-lula-esta-ruim-pode-piorar\/","url_meta":{"origin":11648,"position":0},"title":"Marcelo Odebrecht para Advogado de Lula: Est\u00e1 Ruim? Pode Piorar","author":"Gerson Guelmann","date":"12 de abril de 2018","format":false,"excerpt":"Momento tipo \"seria c\u00f4mico se n\u00e3o fosse tr\u00e1gico\", hoje, no depoimento de Marcelo Odebrecht ao juiz S\u00e9rgio Moro, na 13\u00aa Vara da Justi\u00e7a Federal em Curitiba. Questionado pelo advogado do r\u00e9u, Cristiano Zanin, sobre os e-mails que encontrou em seu computador pessoal ao retornar para sua casa em pris\u00e3o domiciliar,\u2026","rel":"","context":"Em &quot;Sem categoria&quot;","block_context":{"text":"Sem categoria","link":"https:\/\/gersonguelmann.com.br\/blog\/category\/sem-categoria\/"},"img":{"alt_text":"","src":"https:\/\/i0.wp.com\/gersonguelmann.com.br\/blog\/wp-content\/uploads\/2018\/04\/Pior.jpg?resize=350%2C200&ssl=1","width":350,"height":200},"classes":[]},{"id":11963,"url":"https:\/\/gersonguelmann.com.br\/blog\/a-lava-jato-so-podia-acontecer-em-curitiba\/","url_meta":{"origin":11648,"position":1},"title":"A Lava-Jato S\u00f3 Podia Acontecer Em Curitiba?","author":"Gerson Guelmann","date":"23 de abril de 2018","format":false,"excerpt":"Pelo menos para David Coimbra, colunista da Zero Hora, sim. Leia o que ele disse na coluna publicada ontem: BRASIL Por que em Curitiba? A Lava-Jato s\u00f3 tinha um lugar para se desenvolver 22\/04\/2018 - 21h33min Atualizada em\u00a022\/04\/2018 - 21h33min A\u00a0Lava-Jato\u00a0s\u00f3 seria poss\u00edvel em Curitiba. Em S\u00e3o Paulo, ama-se muito\u2026","rel":"","context":"Em &quot;Sem categoria&quot;","block_context":{"text":"Sem categoria","link":"https:\/\/gersonguelmann.com.br\/blog\/category\/sem-categoria\/"},"img":{"alt_text":"","src":"https:\/\/i0.wp.com\/gersonguelmann.com.br\/blog\/wp-content\/uploads\/2018\/04\/JF.jpg?fit=1024%2C683&ssl=1&resize=350%2C200","width":350,"height":200,"srcset":"https:\/\/i0.wp.com\/gersonguelmann.com.br\/blog\/wp-content\/uploads\/2018\/04\/JF.jpg?fit=1024%2C683&ssl=1&resize=350%2C200 1x, https:\/\/i0.wp.com\/gersonguelmann.com.br\/blog\/wp-content\/uploads\/2018\/04\/JF.jpg?fit=1024%2C683&ssl=1&resize=525%2C300 1.5x, https:\/\/i0.wp.com\/gersonguelmann.com.br\/blog\/wp-content\/uploads\/2018\/04\/JF.jpg?fit=1024%2C683&ssl=1&resize=700%2C400 2x"},"classes":[]},{"id":13944,"url":"https:\/\/gersonguelmann.com.br\/blog\/ex-seguranca-de-lula-sobre-sitio-marisa-dava-ordens\/","url_meta":{"origin":11648,"position":2},"title":"Ex-Seguran\u00e7a de Lula Sobre o S\u00edtio: \u201cMarisa Dava as Ordens\u201d","author":"Gerson Guelmann","date":"14 de junho de 2018","format":false,"excerpt":"Mat\u00e9ria do site Jovem Pan: Ex-seguran\u00e7a de Lula diz que \u201cseguia ordens\u201d de Marisa no s\u00edtio em Atibaia Por\u00a0Estad\u00e3o Conte\u00fado 13\/06\/2018 21h54 Itamar diz ter trabalhado durante seis anos, desde 2005, inicialmente como seguran\u00e7a e, depois, como assistente de ordem O ex-seguran\u00e7a do\u00a0ex-presidente Luiz In\u00e1cio Lula da Silva, Itamar de\u2026","rel":"","context":"Em &quot;Sem categoria&quot;","block_context":{"text":"Sem categoria","link":"https:\/\/gersonguelmann.com.br\/blog\/category\/sem-categoria\/"},"img":{"alt_text":"","src":"https:\/\/i0.wp.com\/gersonguelmann.com.br\/blog\/wp-content\/uploads\/2018\/06\/2171125326-sitio-atibaia.jpeg?fit=690%2C460&ssl=1&resize=350%2C200","width":350,"height":200,"srcset":"https:\/\/i0.wp.com\/gersonguelmann.com.br\/blog\/wp-content\/uploads\/2018\/06\/2171125326-sitio-atibaia.jpeg?fit=690%2C460&ssl=1&resize=350%2C200 1x, https:\/\/i0.wp.com\/gersonguelmann.com.br\/blog\/wp-content\/uploads\/2018\/06\/2171125326-sitio-atibaia.jpeg?fit=690%2C460&ssl=1&resize=525%2C300 1.5x"},"classes":[]},{"id":14967,"url":"https:\/\/gersonguelmann.com.br\/blog\/ex-assessora-de-imprensa-de-moro-fala-sobre-a-lava-jato\/","url_meta":{"origin":11648,"position":3},"title":"Ex-Assessora de Imprensa de Moro Fala Sobre a Lava-Jato","author":"Gerson Guelmann","date":"1 de novembro de 2018","format":false,"excerpt":"O site The Intercept Brasil publicou h\u00e1 dois dias extensa entrevista com a jornalista\u00a0Christianne Machiavelli, que durante seis anos foi Assessora de Imprensa do Juiz S\u00e9rgio Moro na Opera\u00e7\u00e3o Lava-Jato e deixou o cargo em agosto.\u00a0 Uma vez que o Juiz S\u00e9rgio Moro ocupa todas as manchetes hoje em raz\u00e3o\u2026","rel":"","context":"Em &quot;Sem categoria&quot;","block_context":{"text":"Sem categoria","link":"https:\/\/gersonguelmann.com.br\/blog\/category\/sem-categoria\/"},"img":{"alt_text":"","src":"https:\/\/i0.wp.com\/gersonguelmann.com.br\/blog\/wp-content\/uploads\/2018\/11\/ChrisMachiavelli_006-1540847405.jpg?fit=1200%2C600&ssl=1&resize=350%2C200","width":350,"height":200,"srcset":"https:\/\/i0.wp.com\/gersonguelmann.com.br\/blog\/wp-content\/uploads\/2018\/11\/ChrisMachiavelli_006-1540847405.jpg?fit=1200%2C600&ssl=1&resize=350%2C200 1x, https:\/\/i0.wp.com\/gersonguelmann.com.br\/blog\/wp-content\/uploads\/2018\/11\/ChrisMachiavelli_006-1540847405.jpg?fit=1200%2C600&ssl=1&resize=525%2C300 1.5x, https:\/\/i0.wp.com\/gersonguelmann.com.br\/blog\/wp-content\/uploads\/2018\/11\/ChrisMachiavelli_006-1540847405.jpg?fit=1200%2C600&ssl=1&resize=700%2C400 2x, https:\/\/i0.wp.com\/gersonguelmann.com.br\/blog\/wp-content\/uploads\/2018\/11\/ChrisMachiavelli_006-1540847405.jpg?fit=1200%2C600&ssl=1&resize=1050%2C600 3x"},"classes":[]},{"id":11285,"url":"https:\/\/gersonguelmann.com.br\/blog\/em-curitiba-pf-prepara-cela-para-receber-lula\/","url_meta":{"origin":11648,"position":4},"title":"Em Curitiba PF Prepara Cela Para Receber Lula","author":"Gerson Guelmann","date":"5 de abril de 2018","format":false,"excerpt":"PF prepara cela exclusiva para receber Lula em Curitiba Ideia \u00e9 manter ex-presidente afastado de outros presos, como Palocci e L\u00e9o Pinheiro BRAS\u00cdLIA \u2014 Com a chance do ex-presidente Luiz In\u00e1cio\u00a0Lula\u00a0da Silva ser preso potencializada pela decis\u00e3o do Supremo Tribunal Federal (STF), que negou o\u00a0habeas corpus\u00a0preventivo pedido pela defesa do\u2026","rel":"","context":"Em &quot;Sem categoria&quot;","block_context":{"text":"Sem categoria","link":"https:\/\/gersonguelmann.com.br\/blog\/category\/sem-categoria\/"},"img":{"alt_text":"","src":"https:\/\/i0.wp.com\/gersonguelmann.com.br\/blog\/wp-content\/uploads\/2018\/04\/PF-300x168.jpg?resize=350%2C200&ssl=1","width":350,"height":200},"classes":[]},{"id":12711,"url":"https:\/\/gersonguelmann.com.br\/blog\/lula-e-a-cozinha-do-sitio\/","url_meta":{"origin":11648,"position":5},"title":"Lula e a Cozinha do S\u00edtio","author":"Gerson Guelmann","date":"9 de maio de 2018","format":false,"excerpt":"Os principais Blogs de Pol\u00edtica est\u00e3o repercutindo hoje as declara\u00e7\u00f5es dadas por\u00a0Gilberto Carvalho em depoimento ao juiz S\u00e9rgio Moro da 13\u00aa Vara da Justi\u00e7a Federal, em Curitiba, na condi\u00e7\u00e3o de testemunha de defesa do ex-presidente Lula. O ex-ministro mencionou o desejo manifestado por Lula de um dia adquirir o s\u00edtio\u2026","rel":"","context":"Em &quot;Sem categoria&quot;","block_context":{"text":"Sem categoria","link":"https:\/\/gersonguelmann.com.br\/blog\/category\/sem-categoria\/"},"img":{"alt_text":"","src":"https:\/\/i0.wp.com\/gersonguelmann.com.br\/blog\/wp-content\/uploads\/2018\/05\/AGE20160205118-1545-k3oC-U102476757017IeF-1024x576%40GP-Web.jpg?fit=1024%2C576&ssl=1&resize=350%2C200","width":350,"height":200,"srcset":"https:\/\/i0.wp.com\/gersonguelmann.com.br\/blog\/wp-content\/uploads\/2018\/05\/AGE20160205118-1545-k3oC-U102476757017IeF-1024x576%40GP-Web.jpg?fit=1024%2C576&ssl=1&resize=350%2C200 1x, https:\/\/i0.wp.com\/gersonguelmann.com.br\/blog\/wp-content\/uploads\/2018\/05\/AGE20160205118-1545-k3oC-U102476757017IeF-1024x576%40GP-Web.jpg?fit=1024%2C576&ssl=1&resize=525%2C300 1.5x, https:\/\/i0.wp.com\/gersonguelmann.com.br\/blog\/wp-content\/uploads\/2018\/05\/AGE20160205118-1545-k3oC-U102476757017IeF-1024x576%40GP-Web.jpg?fit=1024%2C576&ssl=1&resize=700%2C400 2x"},"classes":[]}],"jetpack_sharing_enabled":true,"post_mailing_queue_ids":[],"_links":{"self":[{"href":"https:\/\/gersonguelmann.com.br\/blog\/wp-json\/wp\/v2\/posts\/11648","targetHints":{"allow":["GET"]}}],"collection":[{"href":"https:\/\/gersonguelmann.com.br\/blog\/wp-json\/wp\/v2\/posts"}],"about":[{"href":"https:\/\/gersonguelmann.com.br\/blog\/wp-json\/wp\/v2\/types\/post"}],"author":[{"embeddable":true,"href":"https:\/\/gersonguelmann.com.br\/blog\/wp-json\/wp\/v2\/users\/5"}],"replies":[{"embeddable":true,"href":"https:\/\/gersonguelmann.com.br\/blog\/wp-json\/wp\/v2\/comments?post=11648"}],"version-history":[{"count":0,"href":"https:\/\/gersonguelmann.com.br\/blog\/wp-json\/wp\/v2\/posts\/11648\/revisions"}],"wp:featuredmedia":[{"embeddable":true,"href":"https:\/\/gersonguelmann.com.br\/blog\/wp-json\/wp\/v2\/media\/11650"}],"wp:attachment":[{"href":"https:\/\/gersonguelmann.com.br\/blog\/wp-json\/wp\/v2\/media?parent=11648"}],"wp:term":[{"taxonomy":"category","embeddable":true,"href":"https:\/\/gersonguelmann.com.br\/blog\/wp-json\/wp\/v2\/categories?post=11648"},{"taxonomy":"post_tag","embeddable":true,"href":"https:\/\/gersonguelmann.com.br\/blog\/wp-json\/wp\/v2\/tags?post=11648"}],"curies":[{"name":"wp","href":"https:\/\/api.w.org\/{rel}","templated":true}]}}