    {"id":11652,"date":"2018-04-14T21:50:17","date_gmt":"2018-04-15T00:50:17","guid":{"rendered":"https:\/\/gersonguelmann.com.br\/blog\/?p=11652"},"modified":"2018-04-14T21:50:48","modified_gmt":"2018-04-15T00:50:48","slug":"escute-o-que-o-dias-toffoli-dizia-em-2016","status":"publish","type":"post","link":"https:\/\/gersonguelmann.com.br\/blog\/escute-o-que-o-dias-toffoli-dizia-em-2016\/","title":{"rendered":"Escute o Que o Dias Toffoli Dizia Em 2016"},"content":{"rendered":"<p style=\"text-align: center;\"><img data-recalc-dims=\"1\" fetchpriority=\"high\" decoding=\"async\" data-attachment-id=\"11653\" data-permalink=\"https:\/\/gersonguelmann.com.br\/blog\/escute-o-que-o-dias-toffoli-dizia-em-2016\/dt-2\/\" data-orig-file=\"https:\/\/i0.wp.com\/gersonguelmann.com.br\/blog\/wp-content\/uploads\/2018\/04\/DT.jpg?fit=699%2C420&amp;ssl=1\" data-orig-size=\"699,420\" data-comments-opened=\"1\" data-image-meta=\"{&quot;aperture&quot;:&quot;0&quot;,&quot;credit&quot;:&quot;&quot;,&quot;camera&quot;:&quot;&quot;,&quot;caption&quot;:&quot;&quot;,&quot;created_timestamp&quot;:&quot;0&quot;,&quot;copyright&quot;:&quot;&quot;,&quot;focal_length&quot;:&quot;0&quot;,&quot;iso&quot;:&quot;0&quot;,&quot;shutter_speed&quot;:&quot;0&quot;,&quot;title&quot;:&quot;&quot;,&quot;orientation&quot;:&quot;0&quot;}\" data-image-title=\"DT\" data-image-description=\"\" data-image-caption=\"\" data-medium-file=\"https:\/\/i0.wp.com\/gersonguelmann.com.br\/blog\/wp-content\/uploads\/2018\/04\/DT.jpg?fit=300%2C180&amp;ssl=1\" data-large-file=\"https:\/\/i0.wp.com\/gersonguelmann.com.br\/blog\/wp-content\/uploads\/2018\/04\/DT.jpg?fit=640%2C385&amp;ssl=1\" class=\"alignnone size-medium wp-image-11653\" src=\"https:\/\/i0.wp.com\/gersonguelmann.com.br\/blog\/wp-content\/uploads\/2018\/04\/DT.jpg?resize=300%2C180&#038;ssl=1\" alt=\"\" width=\"300\" height=\"180\" srcset=\"https:\/\/i0.wp.com\/gersonguelmann.com.br\/blog\/wp-content\/uploads\/2018\/04\/DT.jpg?resize=300%2C180&amp;ssl=1 300w, https:\/\/i0.wp.com\/gersonguelmann.com.br\/blog\/wp-content\/uploads\/2018\/04\/DT.jpg?w=699&amp;ssl=1 699w\" sizes=\"(max-width: 300px) 100vw, 300px\" \/><\/p>\n<p><span style=\"font-family: georgia, palatino, serif; font-size: 18pt; color: #000000;\">Em entrevista para a rep\u00f3rter Luiza Muzzi em fevereiro de 2016, o Ministro do STF, Dias Toffoli, manifestou-se totalmente a favor da pris\u00e3o ap\u00f3s a condena\u00e7\u00e3o em 2\u00aa inst\u00e2ncia.<\/span><\/p>\n<p><span style=\"font-family: georgia, palatino, serif; font-size: 18pt; color: #000000;\"> Como sabemos, de l\u00e1 para c\u00e1 as convic\u00e7\u00f5es dele mudaram bastante.<\/span><\/p>\n<p><span style=\"font-family: georgia, palatino, serif; font-size: 18pt; color: #000000;\">Escute.<\/span><\/p>\n<p><span class=\"embed-youtube\" style=\"text-align:center; display: block;\"><iframe class=\"youtube-player\" width=\"640\" height=\"360\" src=\"https:\/\/www.youtube.com\/embed\/LUTL--jGAgU?version=3&#038;rel=1&#038;showsearch=0&#038;showinfo=1&#038;iv_load_policy=1&#038;fs=1&#038;hl=pt-BR&#038;autohide=2&#038;wmode=transparent\" allowfullscreen=\"true\" style=\"border:0;\" sandbox=\"allow-scripts allow-same-origin allow-popups allow-presentation allow-popups-to-escape-sandbox\"><\/iframe><\/span><\/p>\n","protected":false},"excerpt":{"rendered":"<p>Em entrevista para a rep\u00f3rter Luiza Muzzi em fevereiro de 2016, o Ministro do STF, Dias Toffoli, manifestou-se totalmente a favor da pris\u00e3o ap\u00f3s a condena\u00e7\u00e3o em 2\u00aa inst\u00e2ncia. Como sabemos, de l\u00e1 para c\u00e1 as convic\u00e7\u00f5es dele mudaram bastante. Escute.<\/p>\n","protected":false},"author":5,"featured_media":11653,"comment_status":"open","ping_status":"open","sticky":false,"template":"","format":"standard","meta":{"_acf_changed":false,"jetpack_post_was_ever_published":false,"_jetpack_newsletter_access":"","_jetpack_dont_email_post_to_subs":false,"_jetpack_newsletter_tier_id":0,"_jetpack_memberships_contains_paywalled_content":false,"_jetpack_memberships_contains_paid_content":false,"footnotes":"","jetpack_publicize_message":"","jetpack_publicize_feature_enabled":true,"jetpack_social_post_already_shared":true,"jetpack_social_options":{"image_generator_settings":{"template":"highway","default_image_id":0,"font":"","enabled":false},"version":2}},"categories":[1],"tags":[],"class_list":["post-11652","post","type-post","status-publish","format-standard","has-post-thumbnail","hentry","category-sem-categoria"],"acf":[],"yoast_head":"<!-- This site is optimized with the Yoast SEO plugin v27.3 - https:\/\/yoast.com\/product\/yoast-seo-wordpress\/ -->\n<title>Escute o Que o Dias Toffoli Dizia Em 2016 | Blog do Guelmann<\/title>\n<meta name=\"robots\" content=\"index, follow, max-snippet:-1, max-image-preview:large, max-video-preview:-1\" \/>\n<link rel=\"canonical\" href=\"https:\/\/gersonguelmann.com.br\/blog\/escute-o-que-o-dias-toffoli-dizia-em-2016\/\" \/>\n<meta property=\"og:locale\" content=\"pt_BR\" \/>\n<meta property=\"og:type\" content=\"article\" \/>\n<meta property=\"og:title\" content=\"Escute o Que o Dias Toffoli Dizia Em 2016 | Blog do Guelmann\" \/>\n<meta property=\"og:description\" content=\"Em entrevista para a rep\u00f3rter Luiza Muzzi em fevereiro de 2016, o Ministro do STF, Dias Toffoli, manifestou-se totalmente a favor da pris\u00e3o ap\u00f3s a condena\u00e7\u00e3o em 2\u00aa inst\u00e2ncia. Como sabemos, de l\u00e1 para c\u00e1 as convic\u00e7\u00f5es dele mudaram bastante. Escute.\" \/>\n<meta property=\"og:url\" content=\"https:\/\/gersonguelmann.com.br\/blog\/escute-o-que-o-dias-toffoli-dizia-em-2016\/\" \/>\n<meta property=\"og:site_name\" content=\"Blog do Guelmann\" \/>\n<meta property=\"article:published_time\" content=\"2018-04-15T00:50:17+00:00\" \/>\n<meta property=\"article:modified_time\" content=\"2018-04-15T00:50:48+00:00\" \/>\n<meta property=\"og:image\" content=\"https:\/\/i0.wp.com\/gersonguelmann.com.br\/blog\/wp-content\/uploads\/2018\/04\/DT.jpg?fit=699%2C420&ssl=1\" \/>\n\t<meta property=\"og:image:width\" content=\"699\" \/>\n\t<meta property=\"og:image:height\" content=\"420\" \/>\n\t<meta property=\"og:image:type\" content=\"image\/jpeg\" \/>\n<meta name=\"author\" content=\"Gerson Guelmann\" \/>\n<meta name=\"twitter:card\" content=\"summary_large_image\" \/>\n<meta name=\"twitter:label1\" content=\"Escrito por\" \/>\n\t<meta name=\"twitter:data1\" content=\"Gerson Guelmann\" \/>\n<script type=\"application\/ld+json\" class=\"yoast-schema-graph\">{\"@context\":\"https:\\\/\\\/schema.org\",\"@graph\":[{\"@type\":\"Article\",\"@id\":\"https:\\\/\\\/gersonguelmann.com.br\\\/blog\\\/escute-o-que-o-dias-toffoli-dizia-em-2016\\\/#article\",\"isPartOf\":{\"@id\":\"https:\\\/\\\/gersonguelmann.com.br\\\/blog\\\/escute-o-que-o-dias-toffoli-dizia-em-2016\\\/\"},\"author\":{\"name\":\"Gerson Guelmann\",\"@id\":\"https:\\\/\\\/gersonguelmann.com.br\\\/blog\\\/#\\\/schema\\\/person\\\/87e70e2a786888082f941a482c90569e\"},\"headline\":\"Escute o Que o Dias Toffoli Dizia Em 2016\",\"datePublished\":\"2018-04-15T00:50:17+00:00\",\"dateModified\":\"2018-04-15T00:50:48+00:00\",\"mainEntityOfPage\":{\"@id\":\"https:\\\/\\\/gersonguelmann.com.br\\\/blog\\\/escute-o-que-o-dias-toffoli-dizia-em-2016\\\/\"},\"wordCount\":60,\"commentCount\":0,\"image\":{\"@id\":\"https:\\\/\\\/gersonguelmann.com.br\\\/blog\\\/escute-o-que-o-dias-toffoli-dizia-em-2016\\\/#primaryimage\"},\"thumbnailUrl\":\"https:\\\/\\\/i0.wp.com\\\/gersonguelmann.com.br\\\/blog\\\/wp-content\\\/uploads\\\/2018\\\/04\\\/DT.jpg?fit=699%2C420&ssl=1\",\"inLanguage\":\"pt-BR\",\"potentialAction\":[{\"@type\":\"CommentAction\",\"name\":\"Comment\",\"target\":[\"https:\\\/\\\/gersonguelmann.com.br\\\/blog\\\/escute-o-que-o-dias-toffoli-dizia-em-2016\\\/#respond\"]}]},{\"@type\":\"WebPage\",\"@id\":\"https:\\\/\\\/gersonguelmann.com.br\\\/blog\\\/escute-o-que-o-dias-toffoli-dizia-em-2016\\\/\",\"url\":\"https:\\\/\\\/gersonguelmann.com.br\\\/blog\\\/escute-o-que-o-dias-toffoli-dizia-em-2016\\\/\",\"name\":\"Escute o Que o Dias Toffoli Dizia Em 2016 | Blog do Guelmann\",\"isPartOf\":{\"@id\":\"https:\\\/\\\/gersonguelmann.com.br\\\/blog\\\/#website\"},\"primaryImageOfPage\":{\"@id\":\"https:\\\/\\\/gersonguelmann.com.br\\\/blog\\\/escute-o-que-o-dias-toffoli-dizia-em-2016\\\/#primaryimage\"},\"image\":{\"@id\":\"https:\\\/\\\/gersonguelmann.com.br\\\/blog\\\/escute-o-que-o-dias-toffoli-dizia-em-2016\\\/#primaryimage\"},\"thumbnailUrl\":\"https:\\\/\\\/i0.wp.com\\\/gersonguelmann.com.br\\\/blog\\\/wp-content\\\/uploads\\\/2018\\\/04\\\/DT.jpg?fit=699%2C420&ssl=1\",\"datePublished\":\"2018-04-15T00:50:17+00:00\",\"dateModified\":\"2018-04-15T00:50:48+00:00\",\"author\":{\"@id\":\"https:\\\/\\\/gersonguelmann.com.br\\\/blog\\\/#\\\/schema\\\/person\\\/87e70e2a786888082f941a482c90569e\"},\"inLanguage\":\"pt-BR\",\"potentialAction\":[{\"@type\":\"ReadAction\",\"target\":[\"https:\\\/\\\/gersonguelmann.com.br\\\/blog\\\/escute-o-que-o-dias-toffoli-dizia-em-2016\\\/\"]}]},{\"@type\":\"ImageObject\",\"inLanguage\":\"pt-BR\",\"@id\":\"https:\\\/\\\/gersonguelmann.com.br\\\/blog\\\/escute-o-que-o-dias-toffoli-dizia-em-2016\\\/#primaryimage\",\"url\":\"https:\\\/\\\/i0.wp.com\\\/gersonguelmann.com.br\\\/blog\\\/wp-content\\\/uploads\\\/2018\\\/04\\\/DT.jpg?fit=699%2C420&ssl=1\",\"contentUrl\":\"https:\\\/\\\/i0.wp.com\\\/gersonguelmann.com.br\\\/blog\\\/wp-content\\\/uploads\\\/2018\\\/04\\\/DT.jpg?fit=699%2C420&ssl=1\",\"width\":699,\"height\":420},{\"@type\":\"WebSite\",\"@id\":\"https:\\\/\\\/gersonguelmann.com.br\\\/blog\\\/#website\",\"url\":\"https:\\\/\\\/gersonguelmann.com.br\\\/blog\\\/\",\"name\":\"Blog do Guelmann\",\"description\":\"Pitadas da sabedoria e do humor judaicos, assuntos do momento e um pouco das hist\u00f3rias que vivi e testemunhei.\",\"potentialAction\":[{\"@type\":\"SearchAction\",\"target\":{\"@type\":\"EntryPoint\",\"urlTemplate\":\"https:\\\/\\\/gersonguelmann.com.br\\\/blog\\\/?s={search_term_string}\"},\"query-input\":{\"@type\":\"PropertyValueSpecification\",\"valueRequired\":true,\"valueName\":\"search_term_string\"}}],\"inLanguage\":\"pt-BR\"},{\"@type\":\"Person\",\"@id\":\"https:\\\/\\\/gersonguelmann.com.br\\\/blog\\\/#\\\/schema\\\/person\\\/87e70e2a786888082f941a482c90569e\",\"name\":\"Gerson Guelmann\",\"image\":{\"@type\":\"ImageObject\",\"inLanguage\":\"pt-BR\",\"@id\":\"https:\\\/\\\/i0.wp.com\\\/gersonguelmann.com.br\\\/blog\\\/wp-content\\\/uploads\\\/2021\\\/08\\\/BLOG.jpeg?fit=96%2C96&ssl=1\",\"url\":\"https:\\\/\\\/i0.wp.com\\\/gersonguelmann.com.br\\\/blog\\\/wp-content\\\/uploads\\\/2021\\\/08\\\/BLOG.jpeg?fit=96%2C96&ssl=1\",\"contentUrl\":\"https:\\\/\\\/i0.wp.com\\\/gersonguelmann.com.br\\\/blog\\\/wp-content\\\/uploads\\\/2021\\\/08\\\/BLOG.jpeg?fit=96%2C96&ssl=1\",\"caption\":\"Gerson Guelmann\"},\"description\":\"Pitadas da sabedoria e do humor judaicos, assuntos do momento e um pouco das hist\u00f3rias que vivi e testemunhei.\"}]}<\/script>\n<!-- \/ Yoast SEO plugin. -->","yoast_head_json":{"title":"Escute o Que o Dias Toffoli Dizia Em 2016 | Blog do Guelmann","robots":{"index":"index","follow":"follow","max-snippet":"max-snippet:-1","max-image-preview":"max-image-preview:large","max-video-preview":"max-video-preview:-1"},"canonical":"https:\/\/gersonguelmann.com.br\/blog\/escute-o-que-o-dias-toffoli-dizia-em-2016\/","og_locale":"pt_BR","og_type":"article","og_title":"Escute o Que o Dias Toffoli Dizia Em 2016 | Blog do Guelmann","og_description":"Em entrevista para a rep\u00f3rter Luiza Muzzi em fevereiro de 2016, o Ministro do STF, Dias Toffoli, manifestou-se totalmente a favor da pris\u00e3o ap\u00f3s a condena\u00e7\u00e3o em 2\u00aa inst\u00e2ncia. Como sabemos, de l\u00e1 para c\u00e1 as convic\u00e7\u00f5es dele mudaram bastante. Escute.","og_url":"https:\/\/gersonguelmann.com.br\/blog\/escute-o-que-o-dias-toffoli-dizia-em-2016\/","og_site_name":"Blog do Guelmann","article_published_time":"2018-04-15T00:50:17+00:00","article_modified_time":"2018-04-15T00:50:48+00:00","og_image":[{"width":699,"height":420,"url":"https:\/\/i0.wp.com\/gersonguelmann.com.br\/blog\/wp-content\/uploads\/2018\/04\/DT.jpg?fit=699%2C420&ssl=1","type":"image\/jpeg"}],"author":"Gerson Guelmann","twitter_card":"summary_large_image","twitter_misc":{"Escrito por":"Gerson Guelmann"},"schema":{"@context":"https:\/\/schema.org","@graph":[{"@type":"Article","@id":"https:\/\/gersonguelmann.com.br\/blog\/escute-o-que-o-dias-toffoli-dizia-em-2016\/#article","isPartOf":{"@id":"https:\/\/gersonguelmann.com.br\/blog\/escute-o-que-o-dias-toffoli-dizia-em-2016\/"},"author":{"name":"Gerson Guelmann","@id":"https:\/\/gersonguelmann.com.br\/blog\/#\/schema\/person\/87e70e2a786888082f941a482c90569e"},"headline":"Escute o Que o Dias Toffoli Dizia Em 2016","datePublished":"2018-04-15T00:50:17+00:00","dateModified":"2018-04-15T00:50:48+00:00","mainEntityOfPage":{"@id":"https:\/\/gersonguelmann.com.br\/blog\/escute-o-que-o-dias-toffoli-dizia-em-2016\/"},"wordCount":60,"commentCount":0,"image":{"@id":"https:\/\/gersonguelmann.com.br\/blog\/escute-o-que-o-dias-toffoli-dizia-em-2016\/#primaryimage"},"thumbnailUrl":"https:\/\/i0.wp.com\/gersonguelmann.com.br\/blog\/wp-content\/uploads\/2018\/04\/DT.jpg?fit=699%2C420&ssl=1","inLanguage":"pt-BR","potentialAction":[{"@type":"CommentAction","name":"Comment","target":["https:\/\/gersonguelmann.com.br\/blog\/escute-o-que-o-dias-toffoli-dizia-em-2016\/#respond"]}]},{"@type":"WebPage","@id":"https:\/\/gersonguelmann.com.br\/blog\/escute-o-que-o-dias-toffoli-dizia-em-2016\/","url":"https:\/\/gersonguelmann.com.br\/blog\/escute-o-que-o-dias-toffoli-dizia-em-2016\/","name":"Escute o Que o Dias Toffoli Dizia Em 2016 | Blog do Guelmann","isPartOf":{"@id":"https:\/\/gersonguelmann.com.br\/blog\/#website"},"primaryImageOfPage":{"@id":"https:\/\/gersonguelmann.com.br\/blog\/escute-o-que-o-dias-toffoli-dizia-em-2016\/#primaryimage"},"image":{"@id":"https:\/\/gersonguelmann.com.br\/blog\/escute-o-que-o-dias-toffoli-dizia-em-2016\/#primaryimage"},"thumbnailUrl":"https:\/\/i0.wp.com\/gersonguelmann.com.br\/blog\/wp-content\/uploads\/2018\/04\/DT.jpg?fit=699%2C420&ssl=1","datePublished":"2018-04-15T00:50:17+00:00","dateModified":"2018-04-15T00:50:48+00:00","author":{"@id":"https:\/\/gersonguelmann.com.br\/blog\/#\/schema\/person\/87e70e2a786888082f941a482c90569e"},"inLanguage":"pt-BR","potentialAction":[{"@type":"ReadAction","target":["https:\/\/gersonguelmann.com.br\/blog\/escute-o-que-o-dias-toffoli-dizia-em-2016\/"]}]},{"@type":"ImageObject","inLanguage":"pt-BR","@id":"https:\/\/gersonguelmann.com.br\/blog\/escute-o-que-o-dias-toffoli-dizia-em-2016\/#primaryimage","url":"https:\/\/i0.wp.com\/gersonguelmann.com.br\/blog\/wp-content\/uploads\/2018\/04\/DT.jpg?fit=699%2C420&ssl=1","contentUrl":"https:\/\/i0.wp.com\/gersonguelmann.com.br\/blog\/wp-content\/uploads\/2018\/04\/DT.jpg?fit=699%2C420&ssl=1","width":699,"height":420},{"@type":"WebSite","@id":"https:\/\/gersonguelmann.com.br\/blog\/#website","url":"https:\/\/gersonguelmann.com.br\/blog\/","name":"Blog do Guelmann","description":"Pitadas da sabedoria e do humor judaicos, assuntos do momento e um pouco das hist\u00f3rias que vivi e testemunhei.","potentialAction":[{"@type":"SearchAction","target":{"@type":"EntryPoint","urlTemplate":"https:\/\/gersonguelmann.com.br\/blog\/?s={search_term_string}"},"query-input":{"@type":"PropertyValueSpecification","valueRequired":true,"valueName":"search_term_string"}}],"inLanguage":"pt-BR"},{"@type":"Person","@id":"https:\/\/gersonguelmann.com.br\/blog\/#\/schema\/person\/87e70e2a786888082f941a482c90569e","name":"Gerson Guelmann","image":{"@type":"ImageObject","inLanguage":"pt-BR","@id":"https:\/\/i0.wp.com\/gersonguelmann.com.br\/blog\/wp-content\/uploads\/2021\/08\/BLOG.jpeg?fit=96%2C96&ssl=1","url":"https:\/\/i0.wp.com\/gersonguelmann.com.br\/blog\/wp-content\/uploads\/2021\/08\/BLOG.jpeg?fit=96%2C96&ssl=1","contentUrl":"https:\/\/i0.wp.com\/gersonguelmann.com.br\/blog\/wp-content\/uploads\/2021\/08\/BLOG.jpeg?fit=96%2C96&ssl=1","caption":"Gerson Guelmann"},"description":"Pitadas da sabedoria e do humor judaicos, assuntos do momento e um pouco das hist\u00f3rias que vivi e testemunhei."}]}},"views":33,"jetpack_publicize_connections":[],"jetpack_featured_media_url":"https:\/\/i0.wp.com\/gersonguelmann.com.br\/blog\/wp-content\/uploads\/2018\/04\/DT.jpg?fit=699%2C420&ssl=1","jetpack_shortlink":"https:\/\/wp.me\/p96e7O-31W","jetpack-related-posts":[{"id":11820,"url":"https:\/\/gersonguelmann.com.br\/blog\/dias-toffoli-e-o-boletim-medico-de-maluf\/","url_meta":{"origin":11652,"position":0},"title":"Dias Toffoli e o Boletim M\u00e9dico de Maluf","author":"Gerson Guelmann","date":"18 de abril de 2018","format":false,"excerpt":"O site 'O Antagonista' publicou h\u00e1 pouco: Vamos, ministros 18.04.18 17:51 Levando em conta o laudo m\u00e9dico lido por Dias Toffoli, h\u00e1 o risco de Paulo Maluf morrer antes do t\u00e9rmino do julgamento de seu HC no STF. Os ministros est\u00e3o decidindo se v\u00e3o decidir, para s\u00f3 depois decidirem o\u2026","rel":"","context":"Em &quot;Sem categoria&quot;","block_context":{"text":"Sem categoria","link":"https:\/\/gersonguelmann.com.br\/blog\/category\/sem-categoria\/"},"img":{"alt_text":"","src":"https:\/\/i0.wp.com\/gersonguelmann.com.br\/blog\/wp-content\/uploads\/2018\/04\/PM.jpg?resize=350%2C200&ssl=1","width":350,"height":200},"classes":[]},{"id":14429,"url":"https:\/\/gersonguelmann.com.br\/blog\/dirceu-sem-tornozoleira-toffoli-mandou-tirar\/","url_meta":{"origin":11652,"position":1},"title":"Dirceu sem Tornozoleira. Toffoli Mandou Tirar.","author":"Gerson Guelmann","date":"2 de julho de 2018","format":false,"excerpt":"D\u00b4O Antagonista: TOFFOLI TIRA TORNOZELEIRA DE DIRCEU Brasil\u00a002.07.18 21:18 Dias Toffoli acaba de derrubar a decis\u00e3o de Sergio Moro que imp\u00f4s ao ex-ministro Jos\u00e9 Dirceu o uso de tornozeleira eletr\u00f4nica, ap\u00f3s ser libertado pela Segunda Turma. Na sexta-feira, Moro determinou que Dirceu fosse a Curitiba para a coloca\u00e7\u00e3o do mecanismo.\u2026","rel":"","context":"Em &quot;Sem categoria&quot;","block_context":{"text":"Sem categoria","link":"https:\/\/gersonguelmann.com.br\/blog\/category\/sem-categoria\/"},"img":{"alt_text":"","src":"https:\/\/i0.wp.com\/gersonguelmann.com.br\/blog\/wp-content\/uploads\/2018\/07\/download-300x158.jpg?resize=350%2C200&ssl=1","width":350,"height":200},"classes":[]},{"id":14469,"url":"https:\/\/gersonguelmann.com.br\/blog\/enquanto-isso-toffoli-mantem-preso-homem-que-roubou-bermuda-de-r-10\/","url_meta":{"origin":11652,"position":2},"title":"Enquanto Isso&#8230; Toffoli Mant\u00e9m Preso Homem Que Roubou Bermuda de R$ 10","author":"Gerson Guelmann","date":"3 de julho de 2018","format":false,"excerpt":"N\u00e3o, voc\u00ea e eu n\u00e3o estamos loucos.\u00a0\u00c9 exatamente isso que voc\u00ea leu. Veja o que disse O Antagonista: Toffoli nega HC a homem que furtou bermuda de R$ 10 Brasil\u00a003.07.18 19:26 Em decis\u00e3o monocr\u00e1tica, Dias Toffoli negou habeas corpus a um homem condenado pelo furto de uma bermuda que custava\u2026","rel":"","context":"Em &quot;Sem categoria&quot;","block_context":{"text":"Sem categoria","link":"https:\/\/gersonguelmann.com.br\/blog\/category\/sem-categoria\/"},"img":{"alt_text":"","src":"https:\/\/i0.wp.com\/gersonguelmann.com.br\/blog\/wp-content\/uploads\/2018\/07\/Bermuda.jpg?resize=350%2C200&ssl=1","width":350,"height":200},"classes":[]},{"id":11001,"url":"https:\/\/gersonguelmann.com.br\/blog\/maluf-em-prisao-domiciliar\/","url_meta":{"origin":11652,"position":3},"title":"Maluf Em Pris\u00e3o Domiciliar","author":"Gerson Guelmann","date":"28 de mar\u00e7o de 2018","format":false,"excerpt":"O Ministro Dias Toffoli acaba de conceder ao ex-prefeito, ex-governador e deputado Paulo Maluf o benef\u00edcio da pris\u00e3o domiciliar. Lembro que Maluf est\u00e1 internado em hospital de Bras\u00edlia, ap\u00f3s passar mal na pris\u00e3o.","rel":"","context":"Em &quot;Sem categoria&quot;","block_context":{"text":"Sem categoria","link":"https:\/\/gersonguelmann.com.br\/blog\/category\/sem-categoria\/"},"img":{"alt_text":"","src":"https:\/\/i0.wp.com\/gersonguelmann.com.br\/blog\/wp-content\/uploads\/2018\/03\/Maluf-300x168.jpg?resize=350%2C200&ssl=1","width":350,"height":200},"classes":[]},{"id":17258,"url":"https:\/\/gersonguelmann.com.br\/blog\/escute-o-que-o-ministro-de-relacoes-exteriores-do-bahrein-disse-sobre-israel\/","url_meta":{"origin":11652,"position":4},"title":"Escute o Que o Ministro de Rela\u00e7\u00f5es Exteriores do Bahrein Disse Sobre Israel","author":"Gerson Guelmann","date":"30 de junho de 2019","format":false,"excerpt":"Dias atr\u00e1s foi realizado em Manama, no Bahrein, o semin\u00e1rio\u00a0Peace to Prosperity\u00a0(Paz Para a Prosperidade) patrocinado pelos Estados Unidos.\u00a0 Segundo o site da Casa Branca, trata-se de um plano destinado a capacitar o povo palestino a construir uma sociedade pr\u00f3spera e vibrante, apoiando a economia local com U$ 50 bilh\u00f5es\u2026","rel":"","context":"Em &quot;Sem categoria&quot;","block_context":{"text":"Sem categoria","link":"https:\/\/gersonguelmann.com.br\/blog\/category\/sem-categoria\/"},"img":{"alt_text":"","src":"https:\/\/i0.wp.com\/gersonguelmann.com.br\/blog\/wp-content\/uploads\/2019\/06\/Bahrein-1.jpg?resize=350%2C200&ssl=1","width":350,"height":200},"classes":[]},{"id":8589,"url":"https:\/\/gersonguelmann.com.br\/blog\/escute-o-pedido-destas-sobreviventes-do-holocausto\/","url_meta":{"origin":11652,"position":5},"title":"Escute o Pedido Destas Sobreviventes do Holocausto","author":"Gerson Guelmann","date":"15 de fevereiro de 2018","format":false,"excerpt":"Nove hero\u00ednas\u00a0sobreviventes do Holocausto, reuniram-se para gravar um v\u00eddeo utilizado pelo Congresso Judaico Mundial por ocasi\u00e3o do \u00faltimo\u00a0Dia da Lembran\u00e7a\u00a0do\u00a0Holocausto, ocorrido em 27\/1. O v\u00eddeo \u00e9 em ingl\u00eas, com legendas em espanhol. Escute e compartilhe a mensagem que elas tem a dar ao mundo. https:\/\/youtu.be\/G9jeIXb2Yos","rel":"","context":"Em &quot;Sem categoria&quot;","block_context":{"text":"Sem categoria","link":"https:\/\/gersonguelmann.com.br\/blog\/category\/sem-categoria\/"},"img":{"alt_text":"","src":"https:\/\/i0.wp.com\/gersonguelmann.com.br\/blog\/wp-content\/uploads\/2018\/02\/Holocausto-1.jpg?fit=480%2C360&ssl=1&resize=350%2C200","width":350,"height":200},"classes":[]}],"jetpack_sharing_enabled":true,"post_mailing_queue_ids":[],"_links":{"self":[{"href":"https:\/\/gersonguelmann.com.br\/blog\/wp-json\/wp\/v2\/posts\/11652","targetHints":{"allow":["GET"]}}],"collection":[{"href":"https:\/\/gersonguelmann.com.br\/blog\/wp-json\/wp\/v2\/posts"}],"about":[{"href":"https:\/\/gersonguelmann.com.br\/blog\/wp-json\/wp\/v2\/types\/post"}],"author":[{"embeddable":true,"href":"https:\/\/gersonguelmann.com.br\/blog\/wp-json\/wp\/v2\/users\/5"}],"replies":[{"embeddable":true,"href":"https:\/\/gersonguelmann.com.br\/blog\/wp-json\/wp\/v2\/comments?post=11652"}],"version-history":[{"count":0,"href":"https:\/\/gersonguelmann.com.br\/blog\/wp-json\/wp\/v2\/posts\/11652\/revisions"}],"wp:featuredmedia":[{"embeddable":true,"href":"https:\/\/gersonguelmann.com.br\/blog\/wp-json\/wp\/v2\/media\/11653"}],"wp:attachment":[{"href":"https:\/\/gersonguelmann.com.br\/blog\/wp-json\/wp\/v2\/media?parent=11652"}],"wp:term":[{"taxonomy":"category","embeddable":true,"href":"https:\/\/gersonguelmann.com.br\/blog\/wp-json\/wp\/v2\/categories?post=11652"},{"taxonomy":"post_tag","embeddable":true,"href":"https:\/\/gersonguelmann.com.br\/blog\/wp-json\/wp\/v2\/tags?post=11652"}],"curies":[{"name":"wp","href":"https:\/\/api.w.org\/{rel}","templated":true}]}}