    {"id":11672,"date":"2018-04-15T20:19:46","date_gmt":"2018-04-15T23:19:46","guid":{"rendered":"https:\/\/gersonguelmann.com.br\/blog\/?p=11672"},"modified":"2018-04-15T20:26:23","modified_gmt":"2018-04-15T23:26:23","slug":"quem-lembra-dessa-musica","status":"publish","type":"post","link":"https:\/\/gersonguelmann.com.br\/blog\/quem-lembra-dessa-musica\/","title":{"rendered":"Quem Lembra Dessa M\u00fasica?"},"content":{"rendered":"<p style=\"text-align: center;\"><img data-recalc-dims=\"1\" fetchpriority=\"high\" decoding=\"async\" data-attachment-id=\"11673\" data-permalink=\"https:\/\/gersonguelmann.com.br\/blog\/quem-lembra-dessa-musica\/download-1-3\/\" data-orig-file=\"https:\/\/i0.wp.com\/gersonguelmann.com.br\/blog\/wp-content\/uploads\/2018\/04\/download-1-2.jpg?fit=260%2C194&amp;ssl=1\" data-orig-size=\"260,194\" data-comments-opened=\"1\" data-image-meta=\"{&quot;aperture&quot;:&quot;0&quot;,&quot;credit&quot;:&quot;&quot;,&quot;camera&quot;:&quot;&quot;,&quot;caption&quot;:&quot;&quot;,&quot;created_timestamp&quot;:&quot;0&quot;,&quot;copyright&quot;:&quot;&quot;,&quot;focal_length&quot;:&quot;0&quot;,&quot;iso&quot;:&quot;0&quot;,&quot;shutter_speed&quot;:&quot;0&quot;,&quot;title&quot;:&quot;&quot;,&quot;orientation&quot;:&quot;0&quot;}\" data-image-title=\"download (1)\" data-image-description=\"\" data-image-caption=\"\" data-medium-file=\"https:\/\/i0.wp.com\/gersonguelmann.com.br\/blog\/wp-content\/uploads\/2018\/04\/download-1-2.jpg?fit=260%2C194&amp;ssl=1\" data-large-file=\"https:\/\/i0.wp.com\/gersonguelmann.com.br\/blog\/wp-content\/uploads\/2018\/04\/download-1-2.jpg?fit=260%2C194&amp;ssl=1\" class=\"size-full wp-image-11673 aligncenter\" src=\"https:\/\/i0.wp.com\/gersonguelmann.com.br\/blog\/wp-content\/uploads\/2018\/04\/download-1-2.jpg?resize=260%2C194&#038;ssl=1\" alt=\"\" width=\"260\" height=\"194\" \/><span style=\"color: #808080;\"><em><strong><span style=\"font-family: georgia, palatino, serif; font-size: 12pt;\">Foto: jws.com.br<\/span><\/strong><\/em><\/span><\/p>\n<p><span style=\"font-family: georgia, palatino, serif; font-size: 18pt; color: #000000;\">Os mais antigos n\u00e3o apenas lembrar\u00e3o como identificar\u00e3o a m\u00fasica j\u00e1 nos primeiros acordes. <\/span><\/p>\n<p><span style=\"color: #000000;\"><span style=\"font-family: georgia, palatino, serif; font-size: 18pt;\">Veja o que diz a Wikip\u00e9dia:<br \/>\n<\/span><em><span style=\"font-family: georgia, palatino, serif; font-size: 18pt;\">&#8211; &#8220;O\u00a0<b>Canal 100<\/b>\u00a0foi um\u00a0cinejornal\u00a0brasileiro. Fundado em 1975 por Carlos Niemeyer, inicialmente com o nome &#8220;Lider Cinematogr\u00e1fica&#8221;, funcionou at\u00e9\u00a02000. Com sede no\u00a0Rio de Janeiro, o cinejornal era exibido semanalmente por todo o Brasil e realizava sobretudo document\u00e1rios cinematogr\u00e1ficos de eventos importantes do pa\u00eds e do futebol.<\/span><\/em><\/span><\/p>\n<p><span style=\"color: #000000;\"><em><span style=\"font-family: georgia, palatino, serif; font-size: 18pt;\">Tornou-se conhecido pela qualidade da filmagem dos jogos de\u00a0futebol\u00a0com uma vis\u00e3o documental e uma narrativa dram\u00e1tica. Teve um cinegrafista particularmente famoso, Francisco Torturra. De seu acervo foram realizados v\u00e1rios filmes de longa metragem, como\u00a0Brasil Bom de Bola\u00a0e\u00a0Futebol Total&#8221;.<\/span><\/em><\/span><\/p>\n<p><span class=\"embed-youtube\" style=\"text-align:center; display: block;\"><iframe class=\"youtube-player\" width=\"640\" height=\"360\" src=\"https:\/\/www.youtube.com\/embed\/5uCPo6p97Pw?version=3&#038;rel=1&#038;showsearch=0&#038;showinfo=1&#038;iv_load_policy=1&#038;fs=1&#038;hl=pt-BR&#038;autohide=2&#038;wmode=transparent\" allowfullscreen=\"true\" style=\"border:0;\" sandbox=\"allow-scripts allow-same-origin allow-popups allow-presentation allow-popups-to-escape-sandbox\"><\/iframe><\/span><\/p>\n","protected":false},"excerpt":{"rendered":"<p>Foto: jws.com.br Os mais antigos n\u00e3o apenas lembrar\u00e3o como identificar\u00e3o a m\u00fasica j\u00e1 nos primeiros acordes. Veja o que diz a Wikip\u00e9dia: &#8211; &#8220;O\u00a0Canal 100\u00a0foi um\u00a0cinejornal\u00a0brasileiro. Fundado em 1975 por Carlos Niemeyer, inicialmente com o nome &#8220;Lider Cinematogr\u00e1fica&#8221;, funcionou at\u00e9\u00a02000. Com sede no\u00a0Rio de Janeiro, o cinejornal era exibido semanalmente por todo o Brasil e [&hellip;]<\/p>\n","protected":false},"author":5,"featured_media":11673,"comment_status":"open","ping_status":"open","sticky":false,"template":"","format":"standard","meta":{"_acf_changed":false,"jetpack_post_was_ever_published":false,"_jetpack_newsletter_access":"","_jetpack_dont_email_post_to_subs":false,"_jetpack_newsletter_tier_id":0,"_jetpack_memberships_contains_paywalled_content":false,"_jetpack_memberships_contains_paid_content":false,"footnotes":"","jetpack_publicize_message":"","jetpack_publicize_feature_enabled":true,"jetpack_social_post_already_shared":true,"jetpack_social_options":{"image_generator_settings":{"template":"highway","default_image_id":0,"font":"","enabled":false},"version":2}},"categories":[1],"tags":[],"class_list":["post-11672","post","type-post","status-publish","format-standard","has-post-thumbnail","hentry","category-sem-categoria"],"acf":[],"yoast_head":"<!-- This site is optimized with the Yoast SEO plugin v27.3 - https:\/\/yoast.com\/product\/yoast-seo-wordpress\/ -->\n<title>Quem Lembra Dessa M\u00fasica? | Blog do Guelmann<\/title>\n<meta name=\"robots\" content=\"index, follow, max-snippet:-1, max-image-preview:large, max-video-preview:-1\" \/>\n<link rel=\"canonical\" href=\"https:\/\/gersonguelmann.com.br\/blog\/quem-lembra-dessa-musica\/\" \/>\n<meta property=\"og:locale\" content=\"pt_BR\" \/>\n<meta property=\"og:type\" content=\"article\" \/>\n<meta property=\"og:title\" content=\"Quem Lembra Dessa M\u00fasica? | Blog do Guelmann\" \/>\n<meta property=\"og:description\" content=\"Foto: jws.com.br Os mais antigos n\u00e3o apenas lembrar\u00e3o como identificar\u00e3o a m\u00fasica j\u00e1 nos primeiros acordes. Veja o que diz a Wikip\u00e9dia: &#8211; &#8220;O\u00a0Canal 100\u00a0foi um\u00a0cinejornal\u00a0brasileiro. Fundado em 1975 por Carlos Niemeyer, inicialmente com o nome &#8220;Lider Cinematogr\u00e1fica&#8221;, funcionou at\u00e9\u00a02000. Com sede no\u00a0Rio de Janeiro, o cinejornal era exibido semanalmente por todo o Brasil e [&hellip;]\" \/>\n<meta property=\"og:url\" content=\"https:\/\/gersonguelmann.com.br\/blog\/quem-lembra-dessa-musica\/\" \/>\n<meta property=\"og:site_name\" content=\"Blog do Guelmann\" \/>\n<meta property=\"article:published_time\" content=\"2018-04-15T23:19:46+00:00\" \/>\n<meta property=\"article:modified_time\" content=\"2018-04-15T23:26:23+00:00\" \/>\n<meta property=\"og:image\" content=\"https:\/\/i0.wp.com\/gersonguelmann.com.br\/blog\/wp-content\/uploads\/2018\/04\/download-1-2.jpg?fit=260%2C194&ssl=1\" \/>\n\t<meta property=\"og:image:width\" content=\"260\" \/>\n\t<meta property=\"og:image:height\" content=\"194\" \/>\n\t<meta property=\"og:image:type\" content=\"image\/jpeg\" \/>\n<meta name=\"author\" content=\"Gerson Guelmann\" \/>\n<meta name=\"twitter:card\" content=\"summary_large_image\" \/>\n<meta name=\"twitter:label1\" content=\"Escrito por\" \/>\n\t<meta name=\"twitter:data1\" content=\"Gerson Guelmann\" \/>\n\t<meta name=\"twitter:label2\" content=\"Est. tempo de leitura\" \/>\n\t<meta name=\"twitter:data2\" content=\"1 minuto\" \/>\n<script type=\"application\/ld+json\" class=\"yoast-schema-graph\">{\"@context\":\"https:\\\/\\\/schema.org\",\"@graph\":[{\"@type\":\"Article\",\"@id\":\"https:\\\/\\\/gersonguelmann.com.br\\\/blog\\\/quem-lembra-dessa-musica\\\/#article\",\"isPartOf\":{\"@id\":\"https:\\\/\\\/gersonguelmann.com.br\\\/blog\\\/quem-lembra-dessa-musica\\\/\"},\"author\":{\"name\":\"Gerson Guelmann\",\"@id\":\"https:\\\/\\\/gersonguelmann.com.br\\\/blog\\\/#\\\/schema\\\/person\\\/87e70e2a786888082f941a482c90569e\"},\"headline\":\"Quem Lembra Dessa M\u00fasica?\",\"datePublished\":\"2018-04-15T23:19:46+00:00\",\"dateModified\":\"2018-04-15T23:26:23+00:00\",\"mainEntityOfPage\":{\"@id\":\"https:\\\/\\\/gersonguelmann.com.br\\\/blog\\\/quem-lembra-dessa-musica\\\/\"},\"wordCount\":141,\"commentCount\":0,\"image\":{\"@id\":\"https:\\\/\\\/gersonguelmann.com.br\\\/blog\\\/quem-lembra-dessa-musica\\\/#primaryimage\"},\"thumbnailUrl\":\"https:\\\/\\\/i0.wp.com\\\/gersonguelmann.com.br\\\/blog\\\/wp-content\\\/uploads\\\/2018\\\/04\\\/download-1-2.jpg?fit=260%2C194&ssl=1\",\"inLanguage\":\"pt-BR\",\"potentialAction\":[{\"@type\":\"CommentAction\",\"name\":\"Comment\",\"target\":[\"https:\\\/\\\/gersonguelmann.com.br\\\/blog\\\/quem-lembra-dessa-musica\\\/#respond\"]}]},{\"@type\":\"WebPage\",\"@id\":\"https:\\\/\\\/gersonguelmann.com.br\\\/blog\\\/quem-lembra-dessa-musica\\\/\",\"url\":\"https:\\\/\\\/gersonguelmann.com.br\\\/blog\\\/quem-lembra-dessa-musica\\\/\",\"name\":\"Quem Lembra Dessa M\u00fasica? | Blog do Guelmann\",\"isPartOf\":{\"@id\":\"https:\\\/\\\/gersonguelmann.com.br\\\/blog\\\/#website\"},\"primaryImageOfPage\":{\"@id\":\"https:\\\/\\\/gersonguelmann.com.br\\\/blog\\\/quem-lembra-dessa-musica\\\/#primaryimage\"},\"image\":{\"@id\":\"https:\\\/\\\/gersonguelmann.com.br\\\/blog\\\/quem-lembra-dessa-musica\\\/#primaryimage\"},\"thumbnailUrl\":\"https:\\\/\\\/i0.wp.com\\\/gersonguelmann.com.br\\\/blog\\\/wp-content\\\/uploads\\\/2018\\\/04\\\/download-1-2.jpg?fit=260%2C194&ssl=1\",\"datePublished\":\"2018-04-15T23:19:46+00:00\",\"dateModified\":\"2018-04-15T23:26:23+00:00\",\"author\":{\"@id\":\"https:\\\/\\\/gersonguelmann.com.br\\\/blog\\\/#\\\/schema\\\/person\\\/87e70e2a786888082f941a482c90569e\"},\"inLanguage\":\"pt-BR\",\"potentialAction\":[{\"@type\":\"ReadAction\",\"target\":[\"https:\\\/\\\/gersonguelmann.com.br\\\/blog\\\/quem-lembra-dessa-musica\\\/\"]}]},{\"@type\":\"ImageObject\",\"inLanguage\":\"pt-BR\",\"@id\":\"https:\\\/\\\/gersonguelmann.com.br\\\/blog\\\/quem-lembra-dessa-musica\\\/#primaryimage\",\"url\":\"https:\\\/\\\/i0.wp.com\\\/gersonguelmann.com.br\\\/blog\\\/wp-content\\\/uploads\\\/2018\\\/04\\\/download-1-2.jpg?fit=260%2C194&ssl=1\",\"contentUrl\":\"https:\\\/\\\/i0.wp.com\\\/gersonguelmann.com.br\\\/blog\\\/wp-content\\\/uploads\\\/2018\\\/04\\\/download-1-2.jpg?fit=260%2C194&ssl=1\",\"width\":260,\"height\":194},{\"@type\":\"WebSite\",\"@id\":\"https:\\\/\\\/gersonguelmann.com.br\\\/blog\\\/#website\",\"url\":\"https:\\\/\\\/gersonguelmann.com.br\\\/blog\\\/\",\"name\":\"Blog do Guelmann\",\"description\":\"Pitadas da sabedoria e do humor judaicos, assuntos do momento e um pouco das hist\u00f3rias que vivi e testemunhei.\",\"potentialAction\":[{\"@type\":\"SearchAction\",\"target\":{\"@type\":\"EntryPoint\",\"urlTemplate\":\"https:\\\/\\\/gersonguelmann.com.br\\\/blog\\\/?s={search_term_string}\"},\"query-input\":{\"@type\":\"PropertyValueSpecification\",\"valueRequired\":true,\"valueName\":\"search_term_string\"}}],\"inLanguage\":\"pt-BR\"},{\"@type\":\"Person\",\"@id\":\"https:\\\/\\\/gersonguelmann.com.br\\\/blog\\\/#\\\/schema\\\/person\\\/87e70e2a786888082f941a482c90569e\",\"name\":\"Gerson Guelmann\",\"image\":{\"@type\":\"ImageObject\",\"inLanguage\":\"pt-BR\",\"@id\":\"https:\\\/\\\/i0.wp.com\\\/gersonguelmann.com.br\\\/blog\\\/wp-content\\\/uploads\\\/2021\\\/08\\\/BLOG.jpeg?fit=96%2C96&ssl=1\",\"url\":\"https:\\\/\\\/i0.wp.com\\\/gersonguelmann.com.br\\\/blog\\\/wp-content\\\/uploads\\\/2021\\\/08\\\/BLOG.jpeg?fit=96%2C96&ssl=1\",\"contentUrl\":\"https:\\\/\\\/i0.wp.com\\\/gersonguelmann.com.br\\\/blog\\\/wp-content\\\/uploads\\\/2021\\\/08\\\/BLOG.jpeg?fit=96%2C96&ssl=1\",\"caption\":\"Gerson Guelmann\"},\"description\":\"Pitadas da sabedoria e do humor judaicos, assuntos do momento e um pouco das hist\u00f3rias que vivi e testemunhei.\"}]}<\/script>\n<!-- \/ Yoast SEO plugin. -->","yoast_head_json":{"title":"Quem Lembra Dessa M\u00fasica? | Blog do Guelmann","robots":{"index":"index","follow":"follow","max-snippet":"max-snippet:-1","max-image-preview":"max-image-preview:large","max-video-preview":"max-video-preview:-1"},"canonical":"https:\/\/gersonguelmann.com.br\/blog\/quem-lembra-dessa-musica\/","og_locale":"pt_BR","og_type":"article","og_title":"Quem Lembra Dessa M\u00fasica? | Blog do Guelmann","og_description":"Foto: jws.com.br Os mais antigos n\u00e3o apenas lembrar\u00e3o como identificar\u00e3o a m\u00fasica j\u00e1 nos primeiros acordes. Veja o que diz a Wikip\u00e9dia: &#8211; &#8220;O\u00a0Canal 100\u00a0foi um\u00a0cinejornal\u00a0brasileiro. Fundado em 1975 por Carlos Niemeyer, inicialmente com o nome &#8220;Lider Cinematogr\u00e1fica&#8221;, funcionou at\u00e9\u00a02000. Com sede no\u00a0Rio de Janeiro, o cinejornal era exibido semanalmente por todo o Brasil e [&hellip;]","og_url":"https:\/\/gersonguelmann.com.br\/blog\/quem-lembra-dessa-musica\/","og_site_name":"Blog do Guelmann","article_published_time":"2018-04-15T23:19:46+00:00","article_modified_time":"2018-04-15T23:26:23+00:00","og_image":[{"width":260,"height":194,"url":"https:\/\/i0.wp.com\/gersonguelmann.com.br\/blog\/wp-content\/uploads\/2018\/04\/download-1-2.jpg?fit=260%2C194&ssl=1","type":"image\/jpeg"}],"author":"Gerson Guelmann","twitter_card":"summary_large_image","twitter_misc":{"Escrito por":"Gerson Guelmann","Est. tempo de leitura":"1 minuto"},"schema":{"@context":"https:\/\/schema.org","@graph":[{"@type":"Article","@id":"https:\/\/gersonguelmann.com.br\/blog\/quem-lembra-dessa-musica\/#article","isPartOf":{"@id":"https:\/\/gersonguelmann.com.br\/blog\/quem-lembra-dessa-musica\/"},"author":{"name":"Gerson Guelmann","@id":"https:\/\/gersonguelmann.com.br\/blog\/#\/schema\/person\/87e70e2a786888082f941a482c90569e"},"headline":"Quem Lembra Dessa M\u00fasica?","datePublished":"2018-04-15T23:19:46+00:00","dateModified":"2018-04-15T23:26:23+00:00","mainEntityOfPage":{"@id":"https:\/\/gersonguelmann.com.br\/blog\/quem-lembra-dessa-musica\/"},"wordCount":141,"commentCount":0,"image":{"@id":"https:\/\/gersonguelmann.com.br\/blog\/quem-lembra-dessa-musica\/#primaryimage"},"thumbnailUrl":"https:\/\/i0.wp.com\/gersonguelmann.com.br\/blog\/wp-content\/uploads\/2018\/04\/download-1-2.jpg?fit=260%2C194&ssl=1","inLanguage":"pt-BR","potentialAction":[{"@type":"CommentAction","name":"Comment","target":["https:\/\/gersonguelmann.com.br\/blog\/quem-lembra-dessa-musica\/#respond"]}]},{"@type":"WebPage","@id":"https:\/\/gersonguelmann.com.br\/blog\/quem-lembra-dessa-musica\/","url":"https:\/\/gersonguelmann.com.br\/blog\/quem-lembra-dessa-musica\/","name":"Quem Lembra Dessa M\u00fasica? | Blog do Guelmann","isPartOf":{"@id":"https:\/\/gersonguelmann.com.br\/blog\/#website"},"primaryImageOfPage":{"@id":"https:\/\/gersonguelmann.com.br\/blog\/quem-lembra-dessa-musica\/#primaryimage"},"image":{"@id":"https:\/\/gersonguelmann.com.br\/blog\/quem-lembra-dessa-musica\/#primaryimage"},"thumbnailUrl":"https:\/\/i0.wp.com\/gersonguelmann.com.br\/blog\/wp-content\/uploads\/2018\/04\/download-1-2.jpg?fit=260%2C194&ssl=1","datePublished":"2018-04-15T23:19:46+00:00","dateModified":"2018-04-15T23:26:23+00:00","author":{"@id":"https:\/\/gersonguelmann.com.br\/blog\/#\/schema\/person\/87e70e2a786888082f941a482c90569e"},"inLanguage":"pt-BR","potentialAction":[{"@type":"ReadAction","target":["https:\/\/gersonguelmann.com.br\/blog\/quem-lembra-dessa-musica\/"]}]},{"@type":"ImageObject","inLanguage":"pt-BR","@id":"https:\/\/gersonguelmann.com.br\/blog\/quem-lembra-dessa-musica\/#primaryimage","url":"https:\/\/i0.wp.com\/gersonguelmann.com.br\/blog\/wp-content\/uploads\/2018\/04\/download-1-2.jpg?fit=260%2C194&ssl=1","contentUrl":"https:\/\/i0.wp.com\/gersonguelmann.com.br\/blog\/wp-content\/uploads\/2018\/04\/download-1-2.jpg?fit=260%2C194&ssl=1","width":260,"height":194},{"@type":"WebSite","@id":"https:\/\/gersonguelmann.com.br\/blog\/#website","url":"https:\/\/gersonguelmann.com.br\/blog\/","name":"Blog do Guelmann","description":"Pitadas da sabedoria e do humor judaicos, assuntos do momento e um pouco das hist\u00f3rias que vivi e testemunhei.","potentialAction":[{"@type":"SearchAction","target":{"@type":"EntryPoint","urlTemplate":"https:\/\/gersonguelmann.com.br\/blog\/?s={search_term_string}"},"query-input":{"@type":"PropertyValueSpecification","valueRequired":true,"valueName":"search_term_string"}}],"inLanguage":"pt-BR"},{"@type":"Person","@id":"https:\/\/gersonguelmann.com.br\/blog\/#\/schema\/person\/87e70e2a786888082f941a482c90569e","name":"Gerson Guelmann","image":{"@type":"ImageObject","inLanguage":"pt-BR","@id":"https:\/\/i0.wp.com\/gersonguelmann.com.br\/blog\/wp-content\/uploads\/2021\/08\/BLOG.jpeg?fit=96%2C96&ssl=1","url":"https:\/\/i0.wp.com\/gersonguelmann.com.br\/blog\/wp-content\/uploads\/2021\/08\/BLOG.jpeg?fit=96%2C96&ssl=1","contentUrl":"https:\/\/i0.wp.com\/gersonguelmann.com.br\/blog\/wp-content\/uploads\/2021\/08\/BLOG.jpeg?fit=96%2C96&ssl=1","caption":"Gerson Guelmann"},"description":"Pitadas da sabedoria e do humor judaicos, assuntos do momento e um pouco das hist\u00f3rias que vivi e testemunhei."}]}},"views":56,"jetpack_publicize_connections":[],"jetpack_featured_media_url":"https:\/\/i0.wp.com\/gersonguelmann.com.br\/blog\/wp-content\/uploads\/2018\/04\/download-1-2.jpg?fit=260%2C194&ssl=1","jetpack_shortlink":"https:\/\/wp.me\/p96e7O-32g","jetpack-related-posts":[{"id":16095,"url":"https:\/\/gersonguelmann.com.br\/blog\/musica-da-boa-para-encerrar-o-dia-o-tema-de-zorro\/","url_meta":{"origin":11672,"position":0},"title":"M\u00fasica da Boa Para Encerrar o Dia &#8211; O Tema de Zorro","author":"Gerson Guelmann","date":"7 de mar\u00e7o de 2019","format":false,"excerpt":"M\u00fasica de qualidade. O tema de \"A M\u00e1scara de Zorro\" de 1998, composta por James Horner, autor de outras m\u00fasicas de filmes de grande bilheteria.\u00a0 https:\/\/www.youtube.com\/watch?v=WYwsLVxGV3c","rel":"","context":"Em &quot;Sem categoria&quot;","block_context":{"text":"Sem categoria","link":"https:\/\/gersonguelmann.com.br\/blog\/category\/sem-categoria\/"},"img":{"alt_text":"","src":"https:\/\/i0.wp.com\/gersonguelmann.com.br\/blog\/wp-content\/uploads\/2019\/03\/The-Mask-of-Zorro.jpg?fit=1200%2C675&ssl=1&resize=350%2C200","width":350,"height":200,"srcset":"https:\/\/i0.wp.com\/gersonguelmann.com.br\/blog\/wp-content\/uploads\/2019\/03\/The-Mask-of-Zorro.jpg?fit=1200%2C675&ssl=1&resize=350%2C200 1x, https:\/\/i0.wp.com\/gersonguelmann.com.br\/blog\/wp-content\/uploads\/2019\/03\/The-Mask-of-Zorro.jpg?fit=1200%2C675&ssl=1&resize=525%2C300 1.5x, https:\/\/i0.wp.com\/gersonguelmann.com.br\/blog\/wp-content\/uploads\/2019\/03\/The-Mask-of-Zorro.jpg?fit=1200%2C675&ssl=1&resize=700%2C400 2x, https:\/\/i0.wp.com\/gersonguelmann.com.br\/blog\/wp-content\/uploads\/2019\/03\/The-Mask-of-Zorro.jpg?fit=1200%2C675&ssl=1&resize=1050%2C600 3x"},"classes":[]},{"id":15010,"url":"https:\/\/gersonguelmann.com.br\/blog\/para-comecar-bem-a-semana-criatividade-musica-classica-obra-de-arte\/","url_meta":{"origin":11672,"position":1},"title":"Para Come\u00e7ar Bem a Semana: Criatividade + M\u00fasica Cl\u00e1ssica = Obra de Arte","author":"Gerson Guelmann","date":"27 de maio de 2024","format":false,"excerpt":"Imagem: Pexels\u00a0 Sempre gostei de acompanhar o canal DoodleChaos no YouTube. Ele foi criado e \u00e9 administrado por Mark Robbins, um YouTuber americano que cria anima\u00e7\u00f5es com m\u00fasica e produz resultados sensacionais. Ele ganhou reconhecimento pelas cria\u00e7\u00f5es absolutamente geniais atrav\u00e9s do uso inteligent\u00edssimo da tecnologia, ainda que muitas vezes associada\u2026","rel":"","context":"Em &quot;Sem categoria&quot;","block_context":{"text":"Sem categoria","link":"https:\/\/gersonguelmann.com.br\/blog\/category\/sem-categoria\/"},"img":{"alt_text":"","src":"https:\/\/i0.wp.com\/gersonguelmann.com.br\/blog\/wp-content\/uploads\/2024\/05\/HojePR-9-scaled.jpg?fit=1200%2C1200&ssl=1&resize=350%2C200","width":350,"height":200,"srcset":"https:\/\/i0.wp.com\/gersonguelmann.com.br\/blog\/wp-content\/uploads\/2024\/05\/HojePR-9-scaled.jpg?fit=1200%2C1200&ssl=1&resize=350%2C200 1x, https:\/\/i0.wp.com\/gersonguelmann.com.br\/blog\/wp-content\/uploads\/2024\/05\/HojePR-9-scaled.jpg?fit=1200%2C1200&ssl=1&resize=525%2C300 1.5x, https:\/\/i0.wp.com\/gersonguelmann.com.br\/blog\/wp-content\/uploads\/2024\/05\/HojePR-9-scaled.jpg?fit=1200%2C1200&ssl=1&resize=700%2C400 2x, https:\/\/i0.wp.com\/gersonguelmann.com.br\/blog\/wp-content\/uploads\/2024\/05\/HojePR-9-scaled.jpg?fit=1200%2C1200&ssl=1&resize=1050%2C600 3x"},"classes":[]},{"id":9956,"url":"https:\/\/gersonguelmann.com.br\/blog\/quando-o-futebol-acaba-em-boa-musica\/","url_meta":{"origin":11672,"position":2},"title":"Quando o Futebol Acaba em Boa M\u00fasica","author":"Gerson Guelmann","date":"15 de mar\u00e7o de 2021","format":false,"excerpt":"Em 21\/06\/1998, durante a Copa do Mundo realizada na Fran\u00e7a, a Argentina venceu a Jamaica por 5 X 0. Naquela mesma noite, o argentino Daniel Barenboim, que conduzia a Berlin Philarmonic Orchestra, brincou com o resultado e executou o tango \"El Firulete\" de Julio Sosa. https:\/\/www.youtube.com\/watch?v=YX4aHA7btc0 \u00a0","rel":"","context":"Em &quot;Sem categoria&quot;","block_context":{"text":"Sem categoria","link":"https:\/\/gersonguelmann.com.br\/blog\/category\/sem-categoria\/"},"img":{"alt_text":"","src":"https:\/\/i0.wp.com\/gersonguelmann.com.br\/blog\/wp-content\/uploads\/2018\/03\/ARGXJAM.jpg?fit=1200%2C1200&ssl=1&resize=350%2C200","width":350,"height":200,"srcset":"https:\/\/i0.wp.com\/gersonguelmann.com.br\/blog\/wp-content\/uploads\/2018\/03\/ARGXJAM.jpg?fit=1200%2C1200&ssl=1&resize=350%2C200 1x, https:\/\/i0.wp.com\/gersonguelmann.com.br\/blog\/wp-content\/uploads\/2018\/03\/ARGXJAM.jpg?fit=1200%2C1200&ssl=1&resize=525%2C300 1.5x, https:\/\/i0.wp.com\/gersonguelmann.com.br\/blog\/wp-content\/uploads\/2018\/03\/ARGXJAM.jpg?fit=1200%2C1200&ssl=1&resize=700%2C400 2x, https:\/\/i0.wp.com\/gersonguelmann.com.br\/blog\/wp-content\/uploads\/2018\/03\/ARGXJAM.jpg?fit=1200%2C1200&ssl=1&resize=1050%2C600 3x"},"classes":[]},{"id":16432,"url":"https:\/\/gersonguelmann.com.br\/blog\/a-musica-do-beatle-george-harrison-para-emerson-fittipaldi\/","url_meta":{"origin":11672,"position":3},"title":"A M\u00fasica do Beatle George Harrison para Emerson Fittipaldi","author":"Gerson Guelmann","date":"22 de abril de 2019","format":false,"excerpt":"Somente no final de semana que passou fiquei sabendo da amizade de George Harrison, o Beatle falecido em 2001 com o piloto brasileiro Emerson Fittipaldi. Os dois se conheceram no GP da Inglaterra de F\u00f3rmula I de 1973. George Harrison era fan\u00e1tico pelas corridas e a partir da\u00ed os dois\u2026","rel":"","context":"Em &quot;Sem categoria&quot;","block_context":{"text":"Sem categoria","link":"https:\/\/gersonguelmann.com.br\/blog\/category\/sem-categoria\/"},"img":{"alt_text":"","src":"https:\/\/i0.wp.com\/gersonguelmann.com.br\/blog\/wp-content\/uploads\/2019\/04\/GH.jpg?fit=960%2C637&ssl=1&resize=350%2C200","width":350,"height":200,"srcset":"https:\/\/i0.wp.com\/gersonguelmann.com.br\/blog\/wp-content\/uploads\/2019\/04\/GH.jpg?fit=960%2C637&ssl=1&resize=350%2C200 1x, https:\/\/i0.wp.com\/gersonguelmann.com.br\/blog\/wp-content\/uploads\/2019\/04\/GH.jpg?fit=960%2C637&ssl=1&resize=525%2C300 1.5x, https:\/\/i0.wp.com\/gersonguelmann.com.br\/blog\/wp-content\/uploads\/2019\/04\/GH.jpg?fit=960%2C637&ssl=1&resize=700%2C400 2x"},"classes":[]},{"id":6602,"url":"https:\/\/gersonguelmann.com.br\/blog\/musica-do-ano-e-essa-gente-vota\/","url_meta":{"origin":11672,"position":4},"title":"A M\u00fasica do Ano &#8211; E Essa Gente Vota!","author":"Gerson Guelmann","date":"7 de janeiro de 2018","format":false,"excerpt":"A prop\u00f3sito da escolha da \"M\u00fasica do Ano\" pelo programa do Faust\u00e3o, onde a vencedora foi\u00a0K.O., cantada por Pabllo Vittar, recebi o seguinte alerta: - \"n\u00e3o podemos esquecer que quem votou nessa m**** de m\u00fasica tamb\u00e9m vai votar para Presidente em outubro\". p.s.: nada a ver com a quest\u00e3o de\u2026","rel":"","context":"Em &quot;Sem categoria&quot;","block_context":{"text":"Sem categoria","link":"https:\/\/gersonguelmann.com.br\/blog\/category\/sem-categoria\/"},"img":{"alt_text":"","src":"https:\/\/i0.wp.com\/gersonguelmann.com.br\/blog\/wp-content\/uploads\/2018\/01\/PV-1.jpg?resize=350%2C200&ssl=1","width":350,"height":200},"classes":[]},{"id":22314,"url":"https:\/\/gersonguelmann.com.br\/blog\/como-seria-a-entrevista-de-um-louco-por-musica\/","url_meta":{"origin":11672,"position":5},"title":"Como Seria a Entrevista de Um Louco Por M\u00fasica?","author":"Gerson Guelmann","date":"3 de julho de 2021","format":false,"excerpt":"Essa \u00e9 uma dessas correntes do bem que circulam por WhatsApp, para se contrapor \u00e0s dezenas que chegam com fake news e coisas absolutamente sem sentido. Ela mostra como seria a entrevista de uma pessoa, digamos, madura (como eu... rsrsrs) que tivesse que responder todas as perguntas com m\u00fasicas. Vamos\u2026","rel":"","context":"Em &quot;Sem categoria&quot;","block_context":{"text":"Sem categoria","link":"https:\/\/gersonguelmann.com.br\/blog\/category\/sem-categoria\/"},"img":{"alt_text":"","src":"https:\/\/i0.wp.com\/gersonguelmann.com.br\/blog\/wp-content\/uploads\/2021\/07\/MUSICA-scaled.jpg?fit=1200%2C799&ssl=1&resize=350%2C200","width":350,"height":200,"srcset":"https:\/\/i0.wp.com\/gersonguelmann.com.br\/blog\/wp-content\/uploads\/2021\/07\/MUSICA-scaled.jpg?fit=1200%2C799&ssl=1&resize=350%2C200 1x, https:\/\/i0.wp.com\/gersonguelmann.com.br\/blog\/wp-content\/uploads\/2021\/07\/MUSICA-scaled.jpg?fit=1200%2C799&ssl=1&resize=525%2C300 1.5x, https:\/\/i0.wp.com\/gersonguelmann.com.br\/blog\/wp-content\/uploads\/2021\/07\/MUSICA-scaled.jpg?fit=1200%2C799&ssl=1&resize=700%2C400 2x, https:\/\/i0.wp.com\/gersonguelmann.com.br\/blog\/wp-content\/uploads\/2021\/07\/MUSICA-scaled.jpg?fit=1200%2C799&ssl=1&resize=1050%2C600 3x"},"classes":[]}],"jetpack_sharing_enabled":true,"post_mailing_queue_ids":[],"_links":{"self":[{"href":"https:\/\/gersonguelmann.com.br\/blog\/wp-json\/wp\/v2\/posts\/11672","targetHints":{"allow":["GET"]}}],"collection":[{"href":"https:\/\/gersonguelmann.com.br\/blog\/wp-json\/wp\/v2\/posts"}],"about":[{"href":"https:\/\/gersonguelmann.com.br\/blog\/wp-json\/wp\/v2\/types\/post"}],"author":[{"embeddable":true,"href":"https:\/\/gersonguelmann.com.br\/blog\/wp-json\/wp\/v2\/users\/5"}],"replies":[{"embeddable":true,"href":"https:\/\/gersonguelmann.com.br\/blog\/wp-json\/wp\/v2\/comments?post=11672"}],"version-history":[{"count":0,"href":"https:\/\/gersonguelmann.com.br\/blog\/wp-json\/wp\/v2\/posts\/11672\/revisions"}],"wp:featuredmedia":[{"embeddable":true,"href":"https:\/\/gersonguelmann.com.br\/blog\/wp-json\/wp\/v2\/media\/11673"}],"wp:attachment":[{"href":"https:\/\/gersonguelmann.com.br\/blog\/wp-json\/wp\/v2\/media?parent=11672"}],"wp:term":[{"taxonomy":"category","embeddable":true,"href":"https:\/\/gersonguelmann.com.br\/blog\/wp-json\/wp\/v2\/categories?post=11672"},{"taxonomy":"post_tag","embeddable":true,"href":"https:\/\/gersonguelmann.com.br\/blog\/wp-json\/wp\/v2\/tags?post=11672"}],"curies":[{"name":"wp","href":"https:\/\/api.w.org\/{rel}","templated":true}]}}