    {"id":11694,"date":"2018-04-16T12:32:19","date_gmt":"2018-04-16T15:32:19","guid":{"rendered":"https:\/\/gersonguelmann.com.br\/blog\/?p=11694"},"modified":"2018-04-16T12:32:19","modified_gmt":"2018-04-16T15:32:19","slug":"com-lula-fora-da-disputa-joaquim-barbosa-cresce","status":"publish","type":"post","link":"https:\/\/gersonguelmann.com.br\/blog\/com-lula-fora-da-disputa-joaquim-barbosa-cresce\/","title":{"rendered":"Com Lula Fora da Disputa, Joaquim Barbosa Cresce"},"content":{"rendered":"<p><span style=\"color: #000000; font-family: georgia, palatino, serif; font-size: 18pt;\">Mat\u00e9ria publicada no El Pa\u00eds:<\/span><\/p>\n<div class=\"articulo-antetitulo \"><span style=\"color: #000000;\">ELEI\u00c7\u00d5ES 2018<\/span><\/div>\n<div id=\"articulo-titulares\" class=\"articulo-titulares\">\n<p id=\"articulo-titulo\" class=\"articulo-titulo \"><span style=\"font-size: 18pt;\"><strong><span style=\"color: #000000;\">\u201cJoaquim Barbosa se tornou o \u00fanico \u2018outsider\u2019 com chances de disputar e ganhar\u201d<\/span><\/strong><\/span><\/p>\n<div class=\"articulo-subtitulos\">\n<h2 class=\"articulo-subtitulo\"><span style=\"color: #000000; font-size: 14pt;\">Para cientista pol\u00edtico Fernando Luiz Abrucio, levantar a bandeira do anti-Lula \u00e9 perigoso para a centro-direita, especialmente no segundo turno. Professor da FGV diz que PT tem at\u00e9 junho para definir plano B para candidatura Lula<\/span><\/h2>\n<p><span style=\"color: #000000; font-size: 14pt;\">A condena\u00e7\u00e3o de\u00a0<a style=\"color: #000000;\" href=\"https:\/\/brasil.elpais.com\/tag\/luiz_inacio_da_silva\/a\" target=\"_blank\" rel=\"noopener\">Luiz In\u00e1cio Lula da Silva<\/a>\u00a0e sua pris\u00e3o no in\u00edcio deste m\u00eas prometem embaralhar ainda mais o cen\u00e1rio eleitoral deste ano. Ainda que o ex-presidente possa estar fora do jogo, ao\u00a0<a style=\"color: #000000;\" href=\"https:\/\/brasil.elpais.com\/brasil\/2018\/03\/26\/politica\/1522086274_176444.html\" target=\"_blank\" rel=\"noopener\">enquadrar-se na Lei da ficha Limpa,<\/a>\u00a0ele ser\u00e1 um dos influenciadores mais importantes da disputa. E isso vale para ambos os lados do jogo, explica\u00a0o chefe do Departamento de Gest\u00e3o P\u00fablica da FGV-SP, Fernando Abrucio. Enquanto a esquerda depende do apoio de Lula para a transfer\u00eancia de votos, a direita precisa evitar atac\u00e1-lo com muita veem\u00eancia, pois isso pode impact\u00e1-la no segundo turno.<\/span><\/p>\n<p><span style=\"color: #000000; font-size: 14pt;\">Leia a seguir os principais trechos da entrevista.<\/span><\/p>\n<p><span style=\"color: #000000; font-size: 14pt;\"><strong>Pergunta<\/strong>. Acha que o PT consegue manter a ideia de\u00a0<a style=\"color: #000000;\" href=\"https:\/\/brasil.elpais.com\/brasil\/2018\/01\/19\/politica\/1516324999_475024.html\" target=\"_blank\" rel=\"noopener\">n\u00e3o ter um plano B<\/a>\u00a0com Lula preso?<\/span><\/p>\n<p><span style=\"color: #000000; font-size: 14pt;\"><strong>Resposta<\/strong>. Sempre esteve na cabe\u00e7a do PT que seria muito dif\u00edcil que o Lula se tornasse candidato. E n\u00e3o tem a ver com a\u00a0<a style=\"color: #000000;\" href=\"https:\/\/brasil.elpais.com\/brasil\/2018\/04\/10\/politica\/1523382639_997189.html\" target=\"_blank\" rel=\"noopener\">pris\u00e3o em si<\/a>, j\u00e1 que \u00e9 poss\u00edvel que ele seja solto antes da elei\u00e7\u00e3o. Mas ele n\u00e3o ser\u00e1 candidato por conta da\u00a0<a style=\"color: #000000;\" href=\"https:\/\/brasil.elpais.com\/brasil\/2018\/03\/26\/politica\/1522086274_176444.html\" target=\"_blank\" rel=\"noopener\">Lei da Ficha Limpa<\/a>. O que est\u00e1 jogo depois desse epis\u00f3dio da pris\u00e3o \u00e9 o quanto ele ter\u00e1 de influ\u00eancia na elei\u00e7\u00e3o. E isso \u00e9 realmente muito dif\u00edcil de saber porque estar dentro da pris\u00e3o n\u00e3o quer dizer que ele perder\u00e1 influ\u00eancia sobre os eleitores. Por isso me estranha muita gente do centro para a direita tentar comemorar a pris\u00e3o do dele porque quando forem para a elei\u00e7\u00e3o, no m\u00ednimo, entre 20% a 25% dos eleitores v\u00e3o estar muito pr\u00f3ximos do lulismo. E esses eleitores podem definir quem vai ser o presidente no segundo turno. \u00c9 preciso ter uma certa intelig\u00eancia estrat\u00e9gica para perceber que n\u00e3o \u00e9 preciso ficar ao lado do Lula, para quem n\u00e3o est\u00e1 vinculado ao PT ou a partidos pr\u00f3ximos, mas estar contra ele \u00e9 burrice.<\/span><\/p>\n<p><span style=\"color: #000000; font-size: 14pt;\"><strong>P.<\/strong>\u00a0Mas existem candidatos que se fortalecem com o discurso anti-Lula.<\/span><\/p>\n<p><span style=\"color: #000000; font-size: 14pt;\"><strong>R.<\/strong>\u00a0O anti-Lula do pa\u00eds j\u00e1 foi constru\u00eddo pelo eleitorado e ele tem nome: chama-se\u00a0<a style=\"color: #000000;\" href=\"https:\/\/brasil.elpais.com\/brasil\/2018\/02\/05\/politica\/1517859015_344880.html\" target=\"_blank\" rel=\"noopener\">Jair Bolsonaro<\/a>. Todos os outros que tentarem se construir igualmente ao Jair Bolsonaro v\u00e3o ter dificuldade de roubar os votos dele.\u00a0<\/span><\/p>\n<p><span style=\"color: #000000; font-size: 14pt;\"><strong>P.<\/strong>\u00a0Como acredita que ficar\u00e1 o cen\u00e1rio eleitoral sem Lula?<\/span><\/p>\n<p><span style=\"color: #000000; font-size: 14pt;\"><strong>R.<\/strong>\u00a0Ainda h\u00e1 v\u00e1rias hip\u00f3teses. \u00c9 poss\u00edvel ainda que essas candidaturas, que est\u00e3o hoje na casa de 15, se transformem num n\u00famero menor. A gente ainda n\u00e3o sabe quais dessas v\u00e3o sobreviver. Parcerias como a de\u00a0<a style=\"color: #000000;\" href=\"https:\/\/brasil.elpais.com\/tag\/joaquim_benedito_barbosa_gomes\/a\" target=\"_blank\" rel=\"noopener\">Joaquim Barbosa<\/a>\u00a0e\u00a0<a style=\"color: #000000;\" href=\"https:\/\/brasil.elpais.com\/tag\/marina_silva\/a\" target=\"_blank\" rel=\"noopener\">Marina Silva<\/a>\u00a0n\u00e3o s\u00e3o imposs\u00edveis. Joaquim Barbosa conseguiu um partido grande, que vai ter chance eleitoral em alguns Estados.\u00a0<a style=\"color: #000000;\" href=\"https:\/\/brasil.elpais.com\/brasil\/2018\/04\/14\/politica\/1523729933_579711.html\">A marca do Joaquim Barbosa nesta pesquisa Datafolha (at\u00e9 10%) j\u00e1 era esperada<\/a>. Ele se tornou o \u00fanico outsider com chances de disputar e ganhar: ele consegue ter votos de todos os lados. J\u00e1 a Marina est\u00e1 em um partido que reduziu de tamanho recentemente a ponto de, olhando a lei, n\u00e3o ter nem direito de participar de um debate presidencial na TV. Pode ser tamb\u00e9m que saia uma parceria entre o Ciro e o PT. S\u00f3 depois de junho a gente vai ter um cen\u00e1rio mais claro. Mas certamente ser\u00e1 o mais fragmentado das elei\u00e7\u00f5es desde 1989. Isso significa que com certeza haver\u00e1 segundo turno e que h\u00e1 grande chance de um candidato ir para o segundo turno com menos de 20% dos votos. H\u00e1 uma possibilidade de se haver um segundo turno com um candidato mais do centro para a direita e outro mais do centro para a esquerda. Mas isso n\u00e3o s\u00e3o favas contadas, nem para um lado, nem para o outro.<\/span><\/p>\n<p><span style=\"color: #000000; font-size: 14pt;\"><strong>P.<\/strong>\u00a0Por qu\u00ea?<\/span><\/p>\n<p><span style=\"color: #000000; font-size: 14pt;\"><strong>R.<\/strong>\u00a0Depende um pouco dessas combina\u00e7\u00f5es entre os candidatos. Se a centro-direita se fragmentar demais e fizer um processo de autodestrui\u00e7\u00e3o, ela poder\u00e1 perder. E do outro lado isso tamb\u00e9m pode acontecer.\u00a0<a style=\"color: #000000;\" href=\"https:\/\/brasil.elpais.com\/brasil\/2018\/01\/13\/politica\/1515798125_164973.html\">N\u00e3o \u00e9 imposs\u00edvel que esses setores se digladiem de tal maneira que voc\u00ea possa ter candidatos mais pr\u00f3ximos apenas de um dos polos.<\/a>\u00a0O candidato que tem o nome mais consolidado hoje, e isso n\u00e3o significa que v\u00e1 para o segundo turno, \u00e9 Bolsonaro. Ele tem algo em torno de 15% dos votos e se torna um dos polos da elei\u00e7\u00e3o. Um dos polos da elei\u00e7\u00e3o vai ser bater no Bolsonaro, tanto os candidatos do centro para a esquerda como os candidatos do centro para a direita. O Bolsonaro vai ser o candidato a ser derrotado.<\/span><\/p>\n<p><span style=\"color: #000000; font-size: 14pt;\"><strong>P.<\/strong>\u00a0E o Governo de\u00a0<a style=\"color: #000000;\" href=\"https:\/\/brasil.elpais.com\/tag\/michel_temer\/a\" target=\"_blank\" rel=\"noopener\">Michel Temer<\/a>? Que papel pode ter?<\/span><\/p>\n<p><span style=\"color: #000000; font-size: 14pt;\"><strong>R.<\/strong>\u00a0Acho que vai ser outro dos polos importantes para a defini\u00e7\u00e3o de votos. A tend\u00eancia do pessoal do centro para a esquerda \u00e9 dizer que todos os candidatos do centro para a direita s\u00e3o candidatos do Temer. Henrique Meirelles, Rodrigo Maia, Geraldo Alckmin, Bolsonaro, Rodrigo Rocha. E livrar-se do Temer ser\u00e1 o segundo espantalho da elei\u00e7\u00e3o. Quem conseguir ter\u00e1 mais chance eleitoral. H\u00e1 ainda um terceiro polo, que \u00e9 a defini\u00e7\u00e3o em rela\u00e7\u00e3o ao lulismo. Se o PT tiver um candidato, a elei\u00e7\u00e3o vai ser &#8216;eleitores, olhem o que fizeram com o Lula. Ent\u00e3o, salvem o Lula&#8217;. Mas o restante da centro esquerda como Ciro Gomes, Marina, Joaquim Barbosa, v\u00e3o ter mais chances quanto mais captarem o lulismo. O que n\u00e3o significa transformar a elei\u00e7\u00e3o no &#8216;salvem o Lula&#8217;, mas captarem um discurso que a sa\u00edda para o pa\u00eds \u00e9 mais pr\u00f3xima do que aquilo que existia nos dois governos Lula.<\/span><\/p>\n<p><span style=\"color: #000000; font-size: 14pt;\"><strong>P.<\/strong>\u00a0Nesta elei\u00e7\u00e3o qualquer um parece acreditar ter esperan\u00e7a. Acredita mesmo que as legendas queiram se aglutinar?<\/span><\/p>\n<p><span style=\"color: #000000; font-size: 14pt;\"><strong>R.<\/strong>\u00a0O sistema pol\u00edtico de 1993 para c\u00e1 era estruturado em torno do PT e do PSDB e tinha o PMDB como linha auxiliar. PT e PSDB perderam muito com a crise. PT fortemente, com o Lula impedido de ser candidato. E o PSDB, mesmo tendo um candidato com chance, como o governador Alckmin, n\u00e3o \u00e9 a sombra do que foi entre 93 e 2014. E o PMDB \u00e9 o Temer. Se voc\u00ea for ao Nordeste, os l\u00edderes do PMDB dizem que nem conhecem o Temer.\u00a0<a style=\"color: #000000;\" href=\"https:\/\/brasil.elpais.com\/brasil\/2017\/02\/01\/politica\/1485981862_347738.html\">O Eunicio Oliveira vai apoiar o candidato do PT no Cear\u00e1<\/a>. O Renan Calheiros s\u00f3 fala mal do Temer em Alagoas. Em Pernambuco eles est\u00e3o completamente divididos. No Piau\u00ed h\u00e1 uma boa chance de uma parte do PMDB apoiar o candidato do PT a governador. Esse trip\u00e9 que sustentava o sistema pol\u00edtico se quebrou. N\u00e3o \u00e9 que esses partidos n\u00e3o v\u00e3o mais ter import\u00e2ncia. Eles v\u00e3o. Mas n\u00e3o mais organizados neste trip\u00e9. E diante deste cen\u00e1rio muita gente colocou as manguinhas de fora. Disse: &#8216;\u00e9 minha vez&#8217;. Mas o que a gente n\u00e3o sabe \u00e9 se eles s\u00e3o capazes de sustentar essa campanha at\u00e9 o final. Porque \u00e9 uma campanha presidencial com menos dinheiro do que no passado, uma elei\u00e7\u00e3o casada, com elei\u00e7\u00e3o nos Estados e no Congresso, e uma elei\u00e7\u00e3o em que grande parte dos partidos vai querer priorizar no seu financiamento os candidatos ao Congresso Nacional e Assembleias Legislativas. Mas, mesmo assim, dada a quebra do trip\u00e9, n\u00f3s vamos ter mais candidatos do que tivemos nos anos anteriores.<\/span><\/p>\n<p><span style=\"color: #000000; font-size: 14pt;\"><strong>P.<\/strong>\u00a0Agora se fala que o PT poderia abrir m\u00e3o da cabe\u00e7a de chapa em nome do Ciro Gomes. Acredita que \u00e9 poss\u00edvel?<\/span><\/p>\n<p><span style=\"color: #000000; font-size: 14pt;\"><strong>R.<\/strong>\u00a0Poss\u00edvel \u00e9. Mas n\u00e3o d\u00e1 para cravar qual \u00e9 a decis\u00e3o. O PT tem tr\u00eas op\u00e7\u00f5es hoje. Uma \u00e9 fazer uma anticandidatura, n\u00e3o disputar, algo que alguns l\u00edderes do partido defendem, mas acho que a chance de isso sobreviver \u00e9 quase zero. As duas chances mais efetivas mesmo s\u00e3o: ou apoiar candidato pr\u00f3prio ou apoiar candidato de outro partido.\u00a0<a style=\"color: #000000;\" href=\"https:\/\/brasil.elpais.com\/brasil\/2017\/12\/07\/politica\/1512659105_405907.html\">Claro que a tend\u00eancia maior seria lan\u00e7ar candidato pr\u00f3prio se a gente levar em conta a hist\u00f3ria do PT<\/a>. O PT sempre teve um tino mais majorit\u00e1rio, de querer comandar o processo pol\u00edtico. Mas desta vez h\u00e1 um temor muito grande de n\u00e3o conseguir construir um candidato que substitua Lula. Os nomes do Jaques Wagner e do Fernando Haddad est\u00e3o muito distantes do peso que o Lula tinha. Jaques Wagner tem problemas porque \u00e9 investigado e tem uma elei\u00e7\u00e3o ao Senado garantida na Bahia. E Haddad \u00e9 mais jovem na pol\u00edtica, ganhou uma prefeitura important\u00edssima por S\u00e3o Paulo, mas a perdeu em primeiro turno. A alian\u00e7a com Lula pode ocorrer por duas raz\u00f5es: uma \u00e9 que n\u00e3o se consiga construir um substituto e\u00a0<a style=\"color: #000000;\" href=\"https:\/\/brasil.elpais.com\/brasil\/2018\/01\/31\/politica\/1517407374_733655.html\">outra \u00e9 que Lula perceba que \u00e9 melhor uma l\u00f3gica de frente ampla do que de partido majorit\u00e1rio.<\/a><\/span><\/p>\n<p><span style=\"color: #000000; font-size: 14pt;\"><strong>P.<\/strong>\u00a0A pesquisa Datafolha mostrou uma queda na inten\u00e7\u00e3o de voto de Lula e o PT segue dizendo que ele ser\u00e1 candidato at\u00e9 o fim. O PT tem um prazo limite para definir um plano B para a candidatura do ex-presidente antes de esse apoio se desidratar ou ainda \u00e9 cedo para\u00a0 cravar isso?<\/span><\/p>\n<p><span style=\"color: #000000; font-size: 14pt;\"><strong>R.\u00a0<\/strong>Acho que o PT tem at\u00e9 junho para definir. A\u00ed a decis\u00e3o vai depender se Lula estar\u00e1 livre para fazer campanha para um candidato do PT, com bom potencial para transferir votos, nas ruas, sobretudo no Nordeste. Mas se ele continuar preso, nesse caso o apoio a um candidato (fora do PT) pode ser mais eficaz. Com ele preso \u00e9 mais f\u00e1cil e mais efetivo apoiar outro candidato de outro partido, algu\u00e9m mais conhecido, como o Ciro ou o Joaquim Barbosa.<\/span><\/p>\n<p><span style=\"color: #000000; font-size: 14pt;\"><strong>P.<\/strong>\u00a0A decis\u00e3o de\u00a0<a style=\"color: #000000;\" href=\"https:\/\/brasil.elpais.com\/tag\/ciro_gomes\/a\" target=\"_blank\" rel=\"noopener\">Ciro Gomes<\/a>\u00a0de n\u00e3o visitar o Lula no sindicato na v\u00e9spera da pris\u00e3o n\u00e3o pode prejudicar esse plano de t\u00ea-lo como cabe\u00e7a de chapa?<\/span><\/p>\n<p><span style=\"color: #000000; font-size: 14pt;\"><strong>R.<\/strong>\u00a0Pode atrapalhar. Mas Ciro tem defendido, ainda que de forma mais moderada, o Lula. N\u00e3o tem feito o discurso de outros candidatos do centro para a direita, que \u00e9 o de comemorar a pris\u00e3o. Acho que a aposta do Ciro \u00e9 que o PT lan\u00e7ar\u00e1 mesmo um candidato e que ele quer o apoio do partido em um eventual segundo turno. Por isso que ele tem uma rela\u00e7\u00e3o amb\u00edgua. De um lado, ele critica a decis\u00e3o relativa ao ex-presidente, mas, de outro, n\u00e3o se aproxima completamente do PT porque acha que o partido vai lan\u00e7ar um candidato pr\u00f3prio e n\u00e3o adianta ele estar l\u00e1.<\/span><\/p>\n<p><span style=\"color: #000000; font-size: 14pt;\"><strong>P.<\/strong>\u00a0Quando a gente olha para a Argentina, a gente v\u00ea que\u00a0<a style=\"color: #000000;\" href=\"https:\/\/brasil.elpais.com\/brasil\/2018\/04\/11\/internacional\/1523483207_151278.html\" target=\"_blank\" rel=\"noopener\">Mauricio Macri conseguiu unir aqueles que odiavam o peronismo<\/a>. Por que no Brasil a direita n\u00e3o conseguiu fazer isso?<\/span><\/p>\n<p><span style=\"color: #000000; font-size: 14pt;\"><strong>R.<\/strong>\u00a0A maneira como o Temer chegou ao poder \u00e9 muito diferente. Macri ganhou uma elei\u00e7\u00e3o democraticamente. A popula\u00e7\u00e3o o escolheu como substituto do peronismo, ningu\u00e9m escolheu Temer como substituto do lulismo. Temer chegou ao poder como um traidor para uma parte da popula\u00e7\u00e3o e, ao longo do mandato, n\u00e3o conseguiu construir essa legitimidade, seja pelas den\u00fancias de corrup\u00e7\u00e3o, seja pelo lado econ\u00f4mico e social.<\/span><\/p>\n<p><span style=\"color: #000000; font-size: 14pt;\"><strong>P.<\/strong>\u00a0Mas e os outros candidatos?<\/span><\/p>\n<p><span style=\"color: #000000; font-size: 14pt;\"><strong>R.<\/strong>\u00a0H\u00e1 v\u00e1rios candidatos a Macri no Brasil. Candidatos que querem substituir o que foi a hegemonia do PT nos \u00faltimos anos. Alckmin, Meirelles, Maia, Fl\u00e1vio Rocha, o pr\u00f3prio Bolsonaro. E eles v\u00e3o buscar os votos para se colocar como o substituto do lulismo. S\u00f3 que \u00e9 mais complexo no Brasil do que no peronismo. Para al\u00e9m da pris\u00e3o do Lula, existe o fato de que o Brasil n\u00e3o \u00e9 quase bipartid\u00e1rio como a Argentina. O Brasil \u00e9 um pa\u00eds muito mais pluripartid\u00e1rio, no qual o segundo turno d\u00e1 um peso importante na decis\u00e3o final a grupos que s\u00e3o minorit\u00e1rios do ponto de vista do voto. O lulismo pode ser minorit\u00e1rio nesta elei\u00e7\u00e3o, mas ainda tem 25% dos votos. Colocar-se como substituto do lulismo pode ser bom. Dizer-se completamente anti-lulista pode ser ruim. Esse dado eleitoral que tem que ser friamente interpretado por todos aqueles que querem substituir o lulismo. V\u00e3o ter que pensar numa estrat\u00e9gia em que se coloquem como substitutos, mas que n\u00e3o se coloquem como completos inimigos.<\/span><\/p>\n<p><span style=\"color: #000000; font-size: 14pt;\"><strong>P.<\/strong>\u00a0Pensando para al\u00e9m da elei\u00e7\u00e3o: como se governa em um cen\u00e1rio como esse em que est\u00e1 tudo t\u00e3o fragmentado?<\/span><\/p>\n<p><span style=\"color: #000000; font-size: 14pt;\"><strong>R.<\/strong>\u00a0A gente pode esperar sair desta elei\u00e7\u00e3o\u00a0<a style=\"color: #000000;\" href=\"https:\/\/www.pressreader.com\/brazil\/valor-econ%C3%B4mico\/20180412\/281694025360224\" target=\"_blank\" rel=\"noopener\">com um Congresso Nacional muito fragmentado<\/a>. Com Governos estaduais com v\u00e1rios partidos governando pelo pa\u00eds. Vai ser um cen\u00e1rio em que a gente precisa fazer reformas que racionalizem o Estado e garantam um ajuste fiscal e ao mesmo tempo teremos que melhorar os servi\u00e7os p\u00fablicos urgentemente porque a desigualdade est\u00e1 aumentando. E fazer a mesma coisa ao mesmo tempo, n\u00e3o ser\u00e1 f\u00e1cil. E, por fim, a gente n\u00e3o sabe como esse presidente eleito vai sobreviver ao enorme tiroteio que vai ter nessa campanha. O quanto o Brasil vai conseguir ter um presidente em 2019 que assuma num cen\u00e1rio diferente do que assumiu Dilma Rousseff. Ela assumiu em um cen\u00e1rio em que as for\u00e7as pol\u00edticas n\u00e3o conseguiam entrar numa sala, sentar numa mesa e conversar. Acho que se n\u00e3o construirmos um cen\u00e1rio diferente ser\u00e1 muito dif\u00edcil governar o pa\u00eds. A grande quest\u00e3o \u00e9 saber o quanto esse presidente eleito vai conseguir reduzir esse grau de polariza\u00e7\u00e3o que existe na sociedade e dentro da pol\u00edtica brasileira. Quanto mais ele reduzir e quanto mais ele abrir as portas para for\u00e7as diferentes, mais chances ele ter\u00e1 de governar.<\/span><\/p>\n<p><span style=\"font-family: georgia, palatino, serif; font-size: 18pt; color: #000000;\">Publicada originalmente em\u00a0<\/span><br \/>\n<span style=\"color: #0000ff;\"><em><strong><a style=\"color: #0000ff;\" href=\"https:\/\/brasil.elpais.com\/brasil\/2018\/04\/13\/politica\/1523647596_765240.html\"><span style=\"font-family: georgia, palatino, serif; font-size: 18pt;\">https:\/\/brasil.elpais.com\/brasil\/2018\/04\/13\/politica\/1523647596_765240.html<\/span><\/a><\/strong><\/em><\/span><\/p>\n<\/div>\n<p style=\"text-align: center;\"><img data-recalc-dims=\"1\" fetchpriority=\"high\" decoding=\"async\" data-attachment-id=\"11696\" data-permalink=\"https:\/\/gersonguelmann.com.br\/blog\/com-lula-fora-da-disputa-joaquim-barbosa-cresce\/jb-7\/\" data-orig-file=\"https:\/\/i0.wp.com\/gersonguelmann.com.br\/blog\/wp-content\/uploads\/2018\/04\/JB.jpg?fit=1920%2C1080&amp;ssl=1\" data-orig-size=\"1920,1080\" data-comments-opened=\"1\" data-image-meta=\"{&quot;aperture&quot;:&quot;0&quot;,&quot;credit&quot;:&quot;&quot;,&quot;camera&quot;:&quot;&quot;,&quot;caption&quot;:&quot;&quot;,&quot;created_timestamp&quot;:&quot;0&quot;,&quot;copyright&quot;:&quot;&quot;,&quot;focal_length&quot;:&quot;0&quot;,&quot;iso&quot;:&quot;0&quot;,&quot;shutter_speed&quot;:&quot;0&quot;,&quot;title&quot;:&quot;&quot;,&quot;orientation&quot;:&quot;0&quot;}\" data-image-title=\"JB\" data-image-description=\"\" data-image-caption=\"\" data-medium-file=\"https:\/\/i0.wp.com\/gersonguelmann.com.br\/blog\/wp-content\/uploads\/2018\/04\/JB.jpg?fit=300%2C169&amp;ssl=1\" data-large-file=\"https:\/\/i0.wp.com\/gersonguelmann.com.br\/blog\/wp-content\/uploads\/2018\/04\/JB.jpg?fit=640%2C360&amp;ssl=1\" class=\"alignnone size-medium wp-image-11696\" src=\"https:\/\/i0.wp.com\/gersonguelmann.com.br\/blog\/wp-content\/uploads\/2018\/04\/JB.jpg?resize=300%2C169&#038;ssl=1\" alt=\"\" width=\"300\" height=\"169\" srcset=\"https:\/\/i0.wp.com\/gersonguelmann.com.br\/blog\/wp-content\/uploads\/2018\/04\/JB.jpg?resize=300%2C169&amp;ssl=1 300w, https:\/\/i0.wp.com\/gersonguelmann.com.br\/blog\/wp-content\/uploads\/2018\/04\/JB.jpg?resize=768%2C432&amp;ssl=1 768w, https:\/\/i0.wp.com\/gersonguelmann.com.br\/blog\/wp-content\/uploads\/2018\/04\/JB.jpg?resize=1024%2C576&amp;ssl=1 1024w, https:\/\/i0.wp.com\/gersonguelmann.com.br\/blog\/wp-content\/uploads\/2018\/04\/JB.jpg?w=1920&amp;ssl=1 1920w, https:\/\/i0.wp.com\/gersonguelmann.com.br\/blog\/wp-content\/uploads\/2018\/04\/JB.jpg?w=1280&amp;ssl=1 1280w\" sizes=\"(max-width: 300px) 100vw, 300px\" \/><\/p>\n<\/div>\n","protected":false},"excerpt":{"rendered":"<p>Mat\u00e9ria publicada no El Pa\u00eds: ELEI\u00c7\u00d5ES 2018 \u201cJoaquim Barbosa se tornou o \u00fanico \u2018outsider\u2019 com chances de disputar e ganhar\u201d Para cientista pol\u00edtico Fernando Luiz Abrucio, levantar a bandeira do anti-Lula \u00e9 perigoso para a centro-direita, especialmente no segundo turno. Professor da FGV diz que PT tem at\u00e9 junho para definir plano B para candidatura [&hellip;]<\/p>\n","protected":false},"author":5,"featured_media":11696,"comment_status":"open","ping_status":"open","sticky":false,"template":"","format":"standard","meta":{"_acf_changed":false,"jetpack_post_was_ever_published":false,"_jetpack_newsletter_access":"","_jetpack_dont_email_post_to_subs":false,"_jetpack_newsletter_tier_id":0,"_jetpack_memberships_contains_paywalled_content":false,"_jetpack_memberships_contains_paid_content":false,"footnotes":"","jetpack_publicize_message":"","jetpack_publicize_feature_enabled":true,"jetpack_social_post_already_shared":true,"jetpack_social_options":{"image_generator_settings":{"template":"highway","default_image_id":0,"font":"","enabled":false},"version":2}},"categories":[1],"tags":[],"class_list":["post-11694","post","type-post","status-publish","format-standard","has-post-thumbnail","hentry","category-sem-categoria"],"acf":[],"yoast_head":"<!-- This site is optimized with the Yoast SEO plugin v27.3 - https:\/\/yoast.com\/product\/yoast-seo-wordpress\/ -->\n<title>Com Lula Fora da Disputa, Joaquim Barbosa Cresce | Blog do Guelmann<\/title>\n<meta name=\"robots\" content=\"index, follow, max-snippet:-1, max-image-preview:large, max-video-preview:-1\" \/>\n<link rel=\"canonical\" href=\"https:\/\/gersonguelmann.com.br\/blog\/com-lula-fora-da-disputa-joaquim-barbosa-cresce\/\" \/>\n<meta property=\"og:locale\" content=\"pt_BR\" \/>\n<meta property=\"og:type\" content=\"article\" \/>\n<meta property=\"og:title\" content=\"Com Lula Fora da Disputa, Joaquim Barbosa Cresce | Blog do Guelmann\" \/>\n<meta property=\"og:description\" content=\"Mat\u00e9ria publicada no El Pa\u00eds: ELEI\u00c7\u00d5ES 2018 \u201cJoaquim Barbosa se tornou o \u00fanico \u2018outsider\u2019 com chances de disputar e ganhar\u201d Para cientista pol\u00edtico Fernando Luiz Abrucio, levantar a bandeira do anti-Lula \u00e9 perigoso para a centro-direita, especialmente no segundo turno. Professor da FGV diz que PT tem at\u00e9 junho para definir plano B para candidatura [&hellip;]\" \/>\n<meta property=\"og:url\" content=\"https:\/\/gersonguelmann.com.br\/blog\/com-lula-fora-da-disputa-joaquim-barbosa-cresce\/\" \/>\n<meta property=\"og:site_name\" content=\"Blog do Guelmann\" \/>\n<meta property=\"article:published_time\" content=\"2018-04-16T15:32:19+00:00\" \/>\n<meta property=\"og:image\" content=\"https:\/\/i0.wp.com\/gersonguelmann.com.br\/blog\/wp-content\/uploads\/2018\/04\/JB.jpg?fit=1920%2C1080&ssl=1\" \/>\n\t<meta property=\"og:image:width\" content=\"1920\" \/>\n\t<meta property=\"og:image:height\" content=\"1080\" \/>\n\t<meta property=\"og:image:type\" content=\"image\/jpeg\" \/>\n<meta name=\"author\" content=\"Gerson Guelmann\" \/>\n<meta name=\"twitter:card\" content=\"summary_large_image\" \/>\n<meta name=\"twitter:label1\" content=\"Escrito por\" \/>\n\t<meta name=\"twitter:data1\" content=\"Gerson Guelmann\" \/>\n\t<meta name=\"twitter:label2\" content=\"Est. tempo de leitura\" \/>\n\t<meta name=\"twitter:data2\" content=\"12 minutos\" \/>\n<script type=\"application\/ld+json\" class=\"yoast-schema-graph\">{\"@context\":\"https:\\\/\\\/schema.org\",\"@graph\":[{\"@type\":\"Article\",\"@id\":\"https:\\\/\\\/gersonguelmann.com.br\\\/blog\\\/com-lula-fora-da-disputa-joaquim-barbosa-cresce\\\/#article\",\"isPartOf\":{\"@id\":\"https:\\\/\\\/gersonguelmann.com.br\\\/blog\\\/com-lula-fora-da-disputa-joaquim-barbosa-cresce\\\/\"},\"author\":{\"name\":\"Gerson Guelmann\",\"@id\":\"https:\\\/\\\/gersonguelmann.com.br\\\/blog\\\/#\\\/schema\\\/person\\\/87e70e2a786888082f941a482c90569e\"},\"headline\":\"Com Lula Fora da Disputa, Joaquim Barbosa Cresce\",\"datePublished\":\"2018-04-16T15:32:19+00:00\",\"mainEntityOfPage\":{\"@id\":\"https:\\\/\\\/gersonguelmann.com.br\\\/blog\\\/com-lula-fora-da-disputa-joaquim-barbosa-cresce\\\/\"},\"wordCount\":2356,\"commentCount\":0,\"image\":{\"@id\":\"https:\\\/\\\/gersonguelmann.com.br\\\/blog\\\/com-lula-fora-da-disputa-joaquim-barbosa-cresce\\\/#primaryimage\"},\"thumbnailUrl\":\"https:\\\/\\\/i0.wp.com\\\/gersonguelmann.com.br\\\/blog\\\/wp-content\\\/uploads\\\/2018\\\/04\\\/JB.jpg?fit=1920%2C1080&ssl=1\",\"inLanguage\":\"pt-BR\",\"potentialAction\":[{\"@type\":\"CommentAction\",\"name\":\"Comment\",\"target\":[\"https:\\\/\\\/gersonguelmann.com.br\\\/blog\\\/com-lula-fora-da-disputa-joaquim-barbosa-cresce\\\/#respond\"]}]},{\"@type\":\"WebPage\",\"@id\":\"https:\\\/\\\/gersonguelmann.com.br\\\/blog\\\/com-lula-fora-da-disputa-joaquim-barbosa-cresce\\\/\",\"url\":\"https:\\\/\\\/gersonguelmann.com.br\\\/blog\\\/com-lula-fora-da-disputa-joaquim-barbosa-cresce\\\/\",\"name\":\"Com Lula Fora da Disputa, Joaquim Barbosa Cresce | Blog do Guelmann\",\"isPartOf\":{\"@id\":\"https:\\\/\\\/gersonguelmann.com.br\\\/blog\\\/#website\"},\"primaryImageOfPage\":{\"@id\":\"https:\\\/\\\/gersonguelmann.com.br\\\/blog\\\/com-lula-fora-da-disputa-joaquim-barbosa-cresce\\\/#primaryimage\"},\"image\":{\"@id\":\"https:\\\/\\\/gersonguelmann.com.br\\\/blog\\\/com-lula-fora-da-disputa-joaquim-barbosa-cresce\\\/#primaryimage\"},\"thumbnailUrl\":\"https:\\\/\\\/i0.wp.com\\\/gersonguelmann.com.br\\\/blog\\\/wp-content\\\/uploads\\\/2018\\\/04\\\/JB.jpg?fit=1920%2C1080&ssl=1\",\"datePublished\":\"2018-04-16T15:32:19+00:00\",\"author\":{\"@id\":\"https:\\\/\\\/gersonguelmann.com.br\\\/blog\\\/#\\\/schema\\\/person\\\/87e70e2a786888082f941a482c90569e\"},\"inLanguage\":\"pt-BR\",\"potentialAction\":[{\"@type\":\"ReadAction\",\"target\":[\"https:\\\/\\\/gersonguelmann.com.br\\\/blog\\\/com-lula-fora-da-disputa-joaquim-barbosa-cresce\\\/\"]}]},{\"@type\":\"ImageObject\",\"inLanguage\":\"pt-BR\",\"@id\":\"https:\\\/\\\/gersonguelmann.com.br\\\/blog\\\/com-lula-fora-da-disputa-joaquim-barbosa-cresce\\\/#primaryimage\",\"url\":\"https:\\\/\\\/i0.wp.com\\\/gersonguelmann.com.br\\\/blog\\\/wp-content\\\/uploads\\\/2018\\\/04\\\/JB.jpg?fit=1920%2C1080&ssl=1\",\"contentUrl\":\"https:\\\/\\\/i0.wp.com\\\/gersonguelmann.com.br\\\/blog\\\/wp-content\\\/uploads\\\/2018\\\/04\\\/JB.jpg?fit=1920%2C1080&ssl=1\",\"width\":1920,\"height\":1080},{\"@type\":\"WebSite\",\"@id\":\"https:\\\/\\\/gersonguelmann.com.br\\\/blog\\\/#website\",\"url\":\"https:\\\/\\\/gersonguelmann.com.br\\\/blog\\\/\",\"name\":\"Blog do Guelmann\",\"description\":\"Pitadas da sabedoria e do humor judaicos, assuntos do momento e um pouco das hist\u00f3rias que vivi e testemunhei.\",\"potentialAction\":[{\"@type\":\"SearchAction\",\"target\":{\"@type\":\"EntryPoint\",\"urlTemplate\":\"https:\\\/\\\/gersonguelmann.com.br\\\/blog\\\/?s={search_term_string}\"},\"query-input\":{\"@type\":\"PropertyValueSpecification\",\"valueRequired\":true,\"valueName\":\"search_term_string\"}}],\"inLanguage\":\"pt-BR\"},{\"@type\":\"Person\",\"@id\":\"https:\\\/\\\/gersonguelmann.com.br\\\/blog\\\/#\\\/schema\\\/person\\\/87e70e2a786888082f941a482c90569e\",\"name\":\"Gerson Guelmann\",\"image\":{\"@type\":\"ImageObject\",\"inLanguage\":\"pt-BR\",\"@id\":\"https:\\\/\\\/i0.wp.com\\\/gersonguelmann.com.br\\\/blog\\\/wp-content\\\/uploads\\\/2021\\\/08\\\/BLOG.jpeg?fit=96%2C96&ssl=1\",\"url\":\"https:\\\/\\\/i0.wp.com\\\/gersonguelmann.com.br\\\/blog\\\/wp-content\\\/uploads\\\/2021\\\/08\\\/BLOG.jpeg?fit=96%2C96&ssl=1\",\"contentUrl\":\"https:\\\/\\\/i0.wp.com\\\/gersonguelmann.com.br\\\/blog\\\/wp-content\\\/uploads\\\/2021\\\/08\\\/BLOG.jpeg?fit=96%2C96&ssl=1\",\"caption\":\"Gerson Guelmann\"},\"description\":\"Pitadas da sabedoria e do humor judaicos, assuntos do momento e um pouco das hist\u00f3rias que vivi e testemunhei.\"}]}<\/script>\n<!-- \/ Yoast SEO plugin. -->","yoast_head_json":{"title":"Com Lula Fora da Disputa, Joaquim Barbosa Cresce | Blog do Guelmann","robots":{"index":"index","follow":"follow","max-snippet":"max-snippet:-1","max-image-preview":"max-image-preview:large","max-video-preview":"max-video-preview:-1"},"canonical":"https:\/\/gersonguelmann.com.br\/blog\/com-lula-fora-da-disputa-joaquim-barbosa-cresce\/","og_locale":"pt_BR","og_type":"article","og_title":"Com Lula Fora da Disputa, Joaquim Barbosa Cresce | Blog do Guelmann","og_description":"Mat\u00e9ria publicada no El Pa\u00eds: ELEI\u00c7\u00d5ES 2018 \u201cJoaquim Barbosa se tornou o \u00fanico \u2018outsider\u2019 com chances de disputar e ganhar\u201d Para cientista pol\u00edtico Fernando Luiz Abrucio, levantar a bandeira do anti-Lula \u00e9 perigoso para a centro-direita, especialmente no segundo turno. Professor da FGV diz que PT tem at\u00e9 junho para definir plano B para candidatura [&hellip;]","og_url":"https:\/\/gersonguelmann.com.br\/blog\/com-lula-fora-da-disputa-joaquim-barbosa-cresce\/","og_site_name":"Blog do Guelmann","article_published_time":"2018-04-16T15:32:19+00:00","og_image":[{"width":1920,"height":1080,"url":"https:\/\/i0.wp.com\/gersonguelmann.com.br\/blog\/wp-content\/uploads\/2018\/04\/JB.jpg?fit=1920%2C1080&ssl=1","type":"image\/jpeg"}],"author":"Gerson Guelmann","twitter_card":"summary_large_image","twitter_misc":{"Escrito por":"Gerson Guelmann","Est. tempo de leitura":"12 minutos"},"schema":{"@context":"https:\/\/schema.org","@graph":[{"@type":"Article","@id":"https:\/\/gersonguelmann.com.br\/blog\/com-lula-fora-da-disputa-joaquim-barbosa-cresce\/#article","isPartOf":{"@id":"https:\/\/gersonguelmann.com.br\/blog\/com-lula-fora-da-disputa-joaquim-barbosa-cresce\/"},"author":{"name":"Gerson Guelmann","@id":"https:\/\/gersonguelmann.com.br\/blog\/#\/schema\/person\/87e70e2a786888082f941a482c90569e"},"headline":"Com Lula Fora da Disputa, Joaquim Barbosa Cresce","datePublished":"2018-04-16T15:32:19+00:00","mainEntityOfPage":{"@id":"https:\/\/gersonguelmann.com.br\/blog\/com-lula-fora-da-disputa-joaquim-barbosa-cresce\/"},"wordCount":2356,"commentCount":0,"image":{"@id":"https:\/\/gersonguelmann.com.br\/blog\/com-lula-fora-da-disputa-joaquim-barbosa-cresce\/#primaryimage"},"thumbnailUrl":"https:\/\/i0.wp.com\/gersonguelmann.com.br\/blog\/wp-content\/uploads\/2018\/04\/JB.jpg?fit=1920%2C1080&ssl=1","inLanguage":"pt-BR","potentialAction":[{"@type":"CommentAction","name":"Comment","target":["https:\/\/gersonguelmann.com.br\/blog\/com-lula-fora-da-disputa-joaquim-barbosa-cresce\/#respond"]}]},{"@type":"WebPage","@id":"https:\/\/gersonguelmann.com.br\/blog\/com-lula-fora-da-disputa-joaquim-barbosa-cresce\/","url":"https:\/\/gersonguelmann.com.br\/blog\/com-lula-fora-da-disputa-joaquim-barbosa-cresce\/","name":"Com Lula Fora da Disputa, Joaquim Barbosa Cresce | Blog do Guelmann","isPartOf":{"@id":"https:\/\/gersonguelmann.com.br\/blog\/#website"},"primaryImageOfPage":{"@id":"https:\/\/gersonguelmann.com.br\/blog\/com-lula-fora-da-disputa-joaquim-barbosa-cresce\/#primaryimage"},"image":{"@id":"https:\/\/gersonguelmann.com.br\/blog\/com-lula-fora-da-disputa-joaquim-barbosa-cresce\/#primaryimage"},"thumbnailUrl":"https:\/\/i0.wp.com\/gersonguelmann.com.br\/blog\/wp-content\/uploads\/2018\/04\/JB.jpg?fit=1920%2C1080&ssl=1","datePublished":"2018-04-16T15:32:19+00:00","author":{"@id":"https:\/\/gersonguelmann.com.br\/blog\/#\/schema\/person\/87e70e2a786888082f941a482c90569e"},"inLanguage":"pt-BR","potentialAction":[{"@type":"ReadAction","target":["https:\/\/gersonguelmann.com.br\/blog\/com-lula-fora-da-disputa-joaquim-barbosa-cresce\/"]}]},{"@type":"ImageObject","inLanguage":"pt-BR","@id":"https:\/\/gersonguelmann.com.br\/blog\/com-lula-fora-da-disputa-joaquim-barbosa-cresce\/#primaryimage","url":"https:\/\/i0.wp.com\/gersonguelmann.com.br\/blog\/wp-content\/uploads\/2018\/04\/JB.jpg?fit=1920%2C1080&ssl=1","contentUrl":"https:\/\/i0.wp.com\/gersonguelmann.com.br\/blog\/wp-content\/uploads\/2018\/04\/JB.jpg?fit=1920%2C1080&ssl=1","width":1920,"height":1080},{"@type":"WebSite","@id":"https:\/\/gersonguelmann.com.br\/blog\/#website","url":"https:\/\/gersonguelmann.com.br\/blog\/","name":"Blog do Guelmann","description":"Pitadas da sabedoria e do humor judaicos, assuntos do momento e um pouco das hist\u00f3rias que vivi e testemunhei.","potentialAction":[{"@type":"SearchAction","target":{"@type":"EntryPoint","urlTemplate":"https:\/\/gersonguelmann.com.br\/blog\/?s={search_term_string}"},"query-input":{"@type":"PropertyValueSpecification","valueRequired":true,"valueName":"search_term_string"}}],"inLanguage":"pt-BR"},{"@type":"Person","@id":"https:\/\/gersonguelmann.com.br\/blog\/#\/schema\/person\/87e70e2a786888082f941a482c90569e","name":"Gerson Guelmann","image":{"@type":"ImageObject","inLanguage":"pt-BR","@id":"https:\/\/i0.wp.com\/gersonguelmann.com.br\/blog\/wp-content\/uploads\/2021\/08\/BLOG.jpeg?fit=96%2C96&ssl=1","url":"https:\/\/i0.wp.com\/gersonguelmann.com.br\/blog\/wp-content\/uploads\/2021\/08\/BLOG.jpeg?fit=96%2C96&ssl=1","contentUrl":"https:\/\/i0.wp.com\/gersonguelmann.com.br\/blog\/wp-content\/uploads\/2021\/08\/BLOG.jpeg?fit=96%2C96&ssl=1","caption":"Gerson Guelmann"},"description":"Pitadas da sabedoria e do humor judaicos, assuntos do momento e um pouco das hist\u00f3rias que vivi e testemunhei."}]}},"views":23,"jetpack_publicize_connections":[],"jetpack_featured_media_url":"https:\/\/i0.wp.com\/gersonguelmann.com.br\/blog\/wp-content\/uploads\/2018\/04\/JB.jpg?fit=1920%2C1080&ssl=1","jetpack_shortlink":"https:\/\/wp.me\/p96e7O-32C","jetpack-related-posts":[{"id":12179,"url":"https:\/\/gersonguelmann.com.br\/blog\/7-verdades-e-5-mentiras-que-contam-sobre-joaquim-barbosa\/","url_meta":{"origin":11694,"position":0},"title":"7 Verdades e 5 Mentiras Que Contam Sobre Joaquim Barbosa","author":"Gerson Guelmann","date":"28 de abril de 2018","format":false,"excerpt":"O site P\u00fablica - Ag\u00eancia de Jornalismo Investigativo traz a seguinte mat\u00e9ria: CHECAGEM 7 verdades e 5 mentiras\u00a0de correntes sobre Joaquim Barbosa \u00a0 Afirma\u00e7\u00f5es verificadas sobre o ex-ministro do STF nas redes sociais incluem ainda duas afirma\u00e7\u00f5es exageradas e uma imposs\u00edvel de se provar 27 de Abril de 2018 Ethel\u2026","rel":"","context":"Em &quot;Sem categoria&quot;","block_context":{"text":"Sem categoria","link":"https:\/\/gersonguelmann.com.br\/blog\/category\/sem-categoria\/"},"img":{"alt_text":"","src":"https:\/\/i0.wp.com\/gersonguelmann.com.br\/blog\/wp-content\/uploads\/2018\/04\/JB-1.jpg?resize=350%2C200&ssl=1","width":350,"height":200},"classes":[]},{"id":13978,"url":"https:\/\/gersonguelmann.com.br\/blog\/da-prisao-em-curitiba-lula-comentara-a-copa\/","url_meta":{"origin":11694,"position":1},"title":"Da Pris\u00e3o Em Curitiba, Lula Comentar\u00e1 a Copa","author":"Gerson Guelmann","date":"14 de junho de 2018","format":false,"excerpt":"Eu sei que \u00e9 dif\u00edcil acreditar, mas foi publicado hoje por v\u00e1rios sites, um dos quais o Terra: COPA DO MUNDO Lula 'comentar\u00e1' jogos da Copa do Mundo em TV p\u00fablica O ex-presidente enviar\u00e1 textos para o programa de Jos\u00e9 Trajano 14 JUN2018 -\u00a020h28 - atualizado \u00e0s 20h47 O ex-presidente\u2026","rel":"","context":"Em &quot;Sem categoria&quot;","block_context":{"text":"Sem categoria","link":"https:\/\/gersonguelmann.com.br\/blog\/category\/sem-categoria\/"},"img":{"alt_text":"","src":"https:\/\/i0.wp.com\/gersonguelmann.com.br\/blog\/wp-content\/uploads\/2018\/06\/Lula.png?fit=400%2C300&ssl=1&resize=350%2C200","width":350,"height":200},"classes":[]},{"id":21732,"url":"https:\/\/gersonguelmann.com.br\/blog\/imagino-o-fachin-entrando-no-madalosso\/","url_meta":{"origin":11694,"position":2},"title":"Imagino o Fachin Entrando no Madalosso&#8230;","author":"Gerson Guelmann","date":"8 de mar\u00e7o de 2021","format":false,"excerpt":"O post destina-se \u00e0 todos os leitores, mas ser\u00e1 mais facilmente entendido pelos Curitibanos. O Ministro Luiz Edson Fachin \u00e9 ga\u00facho de nascimento. Sua fam\u00edlia mudou para o Paran\u00e1 quando ele ainda tinha 2 anos, e radicou-se em Toledo, uma bela cidade do oeste do estado, onde a col\u00f4nia ga\u00facha\u2026","rel":"","context":"Em &quot;Sem categoria&quot;","block_context":{"text":"Sem categoria","link":"https:\/\/gersonguelmann.com.br\/blog\/category\/sem-categoria\/"},"img":{"alt_text":"","src":"https:\/\/i0.wp.com\/gersonguelmann.com.br\/blog\/wp-content\/uploads\/2021\/03\/SF.jpg?fit=800%2C534&ssl=1&resize=350%2C200","width":350,"height":200,"srcset":"https:\/\/i0.wp.com\/gersonguelmann.com.br\/blog\/wp-content\/uploads\/2021\/03\/SF.jpg?fit=800%2C534&ssl=1&resize=350%2C200 1x, https:\/\/i0.wp.com\/gersonguelmann.com.br\/blog\/wp-content\/uploads\/2021\/03\/SF.jpg?fit=800%2C534&ssl=1&resize=525%2C300 1.5x, https:\/\/i0.wp.com\/gersonguelmann.com.br\/blog\/wp-content\/uploads\/2021\/03\/SF.jpg?fit=800%2C534&ssl=1&resize=700%2C400 2x"},"classes":[]},{"id":11861,"url":"https:\/\/gersonguelmann.com.br\/blog\/fhc-sobre-lula-nao-confundam-politico-preso-com-preso-politico\/","url_meta":{"origin":11694,"position":3},"title":"FHC Sobre Lula: N\u00e3o Confundam Pol\u00edtico Preso Com Preso Pol\u00edtico","author":"Gerson Guelmann","date":"20 de abril de 2018","format":false,"excerpt":"Mat\u00e9ria publicada na revista Isto\u00c9: BRASIL \u2018Lula n\u00e3o \u00e9 preso pol\u00edtico, \u00e9 pol\u00edtico preso\u2019, afirma FHC A seis meses das elei\u00e7\u00f5es, o ex-presidente Fernando Henrique Cardoso (PSDB) minimiza o fato de o pr\u00e9-candidato de seu partido ao Pal\u00e1cio do Planalto, o ex-governador de S\u00e3o Paulo Geraldo Alckmin, aparecer estagnado nas\u2026","rel":"","context":"Em &quot;Sem categoria&quot;","block_context":{"text":"Sem categoria","link":"https:\/\/gersonguelmann.com.br\/blog\/category\/sem-categoria\/"},"img":{"alt_text":"","src":"https:\/\/i0.wp.com\/gersonguelmann.com.br\/blog\/wp-content\/uploads\/2018\/04\/FHC.jpg?resize=350%2C200&ssl=1","width":350,"height":200},"classes":[]},{"id":13231,"url":"https:\/\/gersonguelmann.com.br\/blog\/lula-saira-da-cadeia-dia-5-de-junho-por-poucas-horas\/","url_meta":{"origin":11694,"position":4},"title":"Lula Sair\u00e1 da Cadeia Dia 5 de Junho. Por Poucas Horas.","author":"Gerson Guelmann","date":"24 de maio de 2018","format":false,"excerpt":"Mat\u00e9ria da revista Isto\u00c9: BRASIL Lula deixar\u00e1 cela na PF para depor como testemunha de Cabral Estad\u00e3o Conte\u00fado 23\/05\/18 - 17h56 - Atualizado em 23\/05\/18 - 18h52 Pela primeira vez desde o dia 7 de abril, quando foi preso para cumprir pena na Lava Jato, o ex-presidente Luiz In\u00e1cio Lula\u2026","rel":"","context":"Em &quot;Sem categoria&quot;","block_context":{"text":"Sem categoria","link":"https:\/\/gersonguelmann.com.br\/blog\/category\/sem-categoria\/"},"img":{"alt_text":"","src":"https:\/\/i0.wp.com\/gersonguelmann.com.br\/blog\/wp-content\/uploads\/2018\/05\/lula4.jpg?fit=984%2C657&ssl=1&resize=350%2C200","width":350,"height":200,"srcset":"https:\/\/i0.wp.com\/gersonguelmann.com.br\/blog\/wp-content\/uploads\/2018\/05\/lula4.jpg?fit=984%2C657&ssl=1&resize=350%2C200 1x, https:\/\/i0.wp.com\/gersonguelmann.com.br\/blog\/wp-content\/uploads\/2018\/05\/lula4.jpg?fit=984%2C657&ssl=1&resize=525%2C300 1.5x, https:\/\/i0.wp.com\/gersonguelmann.com.br\/blog\/wp-content\/uploads\/2018\/05\/lula4.jpg?fit=984%2C657&ssl=1&resize=700%2C400 2x"},"classes":[]},{"id":13869,"url":"https:\/\/gersonguelmann.com.br\/blog\/testemunha-de-lula-levou-um-pito-de-moro\/","url_meta":{"origin":11694,"position":5},"title":"Testemunha de Lula Levou Um Pito de Moro","author":"Gerson Guelmann","date":"11 de junho de 2018","format":false,"excerpt":"Foto: veja.abril.com.br Arrolado como testemunha de defesa de Lula, Fernando Morais, bi\u00f3grafo do ex-presidente, foi ouvido hoje pelo juiz federal Sergio Moro. A certa altura do depoimento o juiz interrompeu a fala do escritor por considerar que ele estava fazendo propaganda de Lula. Leia mat\u00e9ria publicada no G1 Paran\u00e1: 'O\u2026","rel":"","context":"Em &quot;Sem categoria&quot;","block_context":{"text":"Sem categoria","link":"https:\/\/gersonguelmann.com.br\/blog\/category\/sem-categoria\/"},"img":{"alt_text":"","src":"https:\/\/i0.wp.com\/gersonguelmann.com.br\/blog\/wp-content\/uploads\/2018\/06\/lula-fernando-morais-300x224.jpg?resize=350%2C200&ssl=1","width":350,"height":200},"classes":[]}],"jetpack_sharing_enabled":true,"post_mailing_queue_ids":[],"_links":{"self":[{"href":"https:\/\/gersonguelmann.com.br\/blog\/wp-json\/wp\/v2\/posts\/11694","targetHints":{"allow":["GET"]}}],"collection":[{"href":"https:\/\/gersonguelmann.com.br\/blog\/wp-json\/wp\/v2\/posts"}],"about":[{"href":"https:\/\/gersonguelmann.com.br\/blog\/wp-json\/wp\/v2\/types\/post"}],"author":[{"embeddable":true,"href":"https:\/\/gersonguelmann.com.br\/blog\/wp-json\/wp\/v2\/users\/5"}],"replies":[{"embeddable":true,"href":"https:\/\/gersonguelmann.com.br\/blog\/wp-json\/wp\/v2\/comments?post=11694"}],"version-history":[{"count":0,"href":"https:\/\/gersonguelmann.com.br\/blog\/wp-json\/wp\/v2\/posts\/11694\/revisions"}],"wp:featuredmedia":[{"embeddable":true,"href":"https:\/\/gersonguelmann.com.br\/blog\/wp-json\/wp\/v2\/media\/11696"}],"wp:attachment":[{"href":"https:\/\/gersonguelmann.com.br\/blog\/wp-json\/wp\/v2\/media?parent=11694"}],"wp:term":[{"taxonomy":"category","embeddable":true,"href":"https:\/\/gersonguelmann.com.br\/blog\/wp-json\/wp\/v2\/categories?post=11694"},{"taxonomy":"post_tag","embeddable":true,"href":"https:\/\/gersonguelmann.com.br\/blog\/wp-json\/wp\/v2\/tags?post=11694"}],"curies":[{"name":"wp","href":"https:\/\/api.w.org\/{rel}","templated":true}]}}