    {"id":11702,"date":"2018-04-16T14:29:09","date_gmt":"2018-04-16T17:29:09","guid":{"rendered":"https:\/\/gersonguelmann.com.br\/blog\/?p=11702"},"modified":"2018-04-16T14:29:09","modified_gmt":"2018-04-16T17:29:09","slug":"gripe-um-alerta-sobre-os-tipos-de-virus-que-circulam-pelo-brasil","status":"publish","type":"post","link":"https:\/\/gersonguelmann.com.br\/blog\/gripe-um-alerta-sobre-os-tipos-de-virus-que-circulam-pelo-brasil\/","title":{"rendered":"Gripe: Um Alerta Sobre os Tipos de V\u00edrus Que Circulam Pelo Brasil"},"content":{"rendered":"<p><span style=\"font-family: georgia, palatino, serif; font-size: 18pt; color: #000000;\">Dias atr\u00e1s publiquei um lembrete sobre a campanha de vacina\u00e7\u00e3o contra a gripe, que este ano come\u00e7ar\u00e1 no pr\u00f3ximo dia 23.<\/span><\/p>\n<p><span style=\"font-family: georgia, palatino, serif; font-size: 18pt; color: #000000;\">Hoje quero compartilhar uma mat\u00e9ria bem interessante da\u00a0Empresa Brasil de Comunica\u00e7\u00e3o sobre o mesmo assunto.\u00a0<\/span><\/p>\n<p><span style=\"font-family: georgia, palatino, serif; font-size: 18pt; color: #000000;\">Nela o Dr.\u00a0Renato Kfouri, infectologista e vice-presidente da Sociedade Brasileira de Imuniza\u00e7\u00f5es, fala sobre os diferentes tipos de v\u00edrus &#8220;influenza&#8221; que circulam pelo Brasil.<\/span><\/p>\n<div id=\"content-header\">\n<p class=\"title\"><span style=\"font-size: 24pt;\"><strong>Entenda os diferentes tipos de v\u00edrus da gripe que circulam pelo Brasil<\/strong><\/span><\/p>\n<\/div>\n<div id=\"content-area\">\n<div class=\"region region-content\">\n<div id=\"block-system-main\" class=\"block block-system block-odd clearfix\">\n<div class=\"content\">\n<article id=\"node-1116422\" class=\"node node-noticia node-odd\">\n<header>\n<div class=\"node-info\"><span style=\"font-size: 14pt;\"><strong>Paula Laboissi\u00e8re &#8211; Rep\u00f3rter da Ag\u00eancia Brasil<\/strong><\/span><\/div>\n<\/header>\n<\/article>\n<div>\n<p><span style=\"font-size: 14pt;\">Este ano, at\u00e9 7 de abril, o Brasil contabilizou 286 casos de influenza, comumente conhecida como gripe. Desse total, 117 casos e 16 \u00f3bitos foram provocados pelo v\u00edrus H1N1, respons\u00e1vel pela pandemia de 2009. J\u00e1 o H3N2, menos conhecido, registrou, at\u00e9 o momento, 71 casos e 12 mortes no pa\u00eds. H\u00e1 poucos meses, uma muta\u00e7\u00e3o desse mesmo v\u00edrus provocou a morte de centenas de pessoas no Hemisf\u00e9rio Norte, sobretudo nos Estados Unidos.<\/span><\/p>\n<p><span style=\"font-size: 14pt;\">Em entrevista \u00e0\u00a0<strong>Ag\u00eancia Brasil<\/strong>, o infectologista e vice-presidente da Sociedade Brasileira de Imuniza\u00e7\u00f5es, Renato Kfouri, explicou que a principal caracter\u00edstica do v\u00edrus influenza \u00e9 sua capacidade de sofrer pequenas muta\u00e7\u00f5es e causar epidemias que atingem entre 10% e 15% da popula\u00e7\u00e3o mundial todos os anos. Para o especialista, entretanto, n\u00e3o h\u00e1 motivo para p\u00e2nico.\u00a0<\/span><\/p>\n<p><span style=\"font-size: 14pt;\">\u00c0s v\u00e9speras do in\u00edcio da temporada de inverno no Brasil, ele alertou para a import\u00e2ncia da vacina\u00e7\u00e3o, sobretudo para os que integram os chamados grupos de risco.\u00a0&#8220;Assim que a campanha come\u00e7ar, as pessoas devem procurar a vacina e se proteger antes da entrada da esta\u00e7\u00e3o do v\u00edrus&#8221;, explicou.<\/span><\/p>\n<p><span style=\"font-size: 14pt;\">O Minist\u00e9rio da Sa\u00fade informou que a Campanha Nacional de Vacina\u00e7\u00e3o Contra a Gripe deve come\u00e7ar na segunda quinzena deste m\u00eas. Idosos com mais de 60 anos, crian\u00e7as de 6 meses a menores de 5 anos, gestantes, pu\u00e9rperas (mulheres com at\u00e9 45 dias p\u00f3s-parto), trabalhadores da \u00e1rea de sa\u00fade, professores, detentos, profissionais do sistema prisional e ind\u00edgenas comp\u00f5em o p\u00fablico-alvo.<\/span><\/p>\n<p><span style=\"font-size: 14pt;\">Confira os principais trechos da entrevista com o especialista:<\/span><\/p>\n<p><span style=\"font-size: 14pt;\"><strong>Ag\u00eancia Brasil:\u00a0<\/strong>Quais v\u00edrus do tipo influenza circulam no pa\u00eds neste momento?<\/span><br \/>\n<span style=\"font-size: 14pt;\"><strong>Renato Kfouri:<\/strong>\u00a0Existem dois grandes tipos de v\u00edrus influenza que acometem humanos: A e B que, por sua vez, possuem diversos subtipos. Eles sofrem pequenas varia\u00e7\u00f5es todos os anos e \u00e9 essa capacidade de fazer muta\u00e7\u00f5es leves que os faz chegar, no ano seguinte, causando uma epidemia, como se a popula\u00e7\u00e3o n\u00e3o reconhecesse aquilo como uma doen\u00e7a que j\u00e1 teve e acabe adoecendo novamente.<\/span><\/p>\n<p><span style=\"font-size: 14pt;\">O Brasil \u00e9 um pa\u00eds continental e, por essa raz\u00e3o, temos varia\u00e7\u00f5es em rela\u00e7\u00e3o aos subtipos de influenza que circulam neste momento. Goi\u00e2nia, por exemplo, abriu a temporada com predom\u00ednio de circula\u00e7\u00e3o de H1N1. J\u00e1 em S\u00e3o Paulo, temos casos confirmados e, inclusive, \u00f3bitos relacionados ao H3N2. H\u00e1, portanto, dentro de um pa\u00eds t\u00e3o grande quanto o nosso, varia\u00e7\u00f5es de regi\u00f5es onde a epidemia anual pode se dar com mais intensidade por um tipo de v\u00edrus ou por outro.<\/span><\/p>\n<p><span style=\"font-size: 14pt;\"><strong>Ag\u00eancia Brasil:\u00a0<\/strong>A exemplo do Hemisf\u00e9rio Norte, teremos, no Brasil, uma situa\u00e7\u00e3o fora do comum?<\/span><br \/>\n<span style=\"font-size: 14pt;\"><strong>Kfouri:<\/strong>\u00a0A cada ano, a gente experimenta esta\u00e7\u00f5es de v\u00edrus influenza por vezes mais graves, por vezes mais simples. Este ano, ainda estamos come\u00e7ando nossa temporada. Ainda h\u00e1 poucos casos para se chegar \u00e0 conclus\u00e3o de que ser\u00e1 uma temporada de predom\u00ednio de uma ou de outra variante e com que gravidade.<\/span><\/p>\n<p><span style=\"font-size: 14pt;\">No Hemisf\u00e9rio Norte, o que circulou na \u00faltima temporada foi um H3N2 que tinha sofrido uma muta\u00e7\u00e3o maior em rela\u00e7\u00e3o \u00e0 circula\u00e7\u00e3o de anos anteriores e foi, talvez, desde a pandemia de 2009, a pior temporada de influenza que o hemisf\u00e9rio e, especialmente, os Estados Unidos vivenciaram. O que n\u00e3o quer dizer que isso vai se dar tamb\u00e9m aqui na Am\u00e9rica Latina. As temporadas dependem muito da migra\u00e7\u00e3o do v\u00edrus, das condi\u00e7\u00f5es clim\u00e1ticas. S\u00f3 o acompanhamento da evolu\u00e7\u00e3o desses casos nos permitir\u00e1 dizer se essa ser\u00e1 uma temporada de predom\u00ednio de circula\u00e7\u00e3o de H1N1 ou de H3N2.<\/span><\/p>\n<p><span style=\"font-size: 14pt;\"><strong>Ag\u00eancia Brasil:\u00a0<\/strong>Quais as diferen\u00e7as entre os dois tipos de v\u00edrus e qual pode ser considerado mais grave?<\/span><br \/>\n<span style=\"font-size: 14pt;\"><strong>Kfouri:<\/strong>\u00a0N\u00e3o h\u00e1 diferen\u00e7a cl\u00ednica ou uma s\u00e9rie hist\u00f3rica de infec\u00e7\u00f5es mais graves por um tipo de v\u00edrus ou por outro. Isso depende dessa varia\u00e7\u00e3o que comentamos. Um v\u00edrus que muda muito tende a ser muito diferente e a trazer infec\u00e7\u00f5es mais s\u00e9rias porque n\u00e3o encontra uma mem\u00f3ria de prote\u00e7\u00e3o na popula\u00e7\u00e3o por exposi\u00e7\u00f5es anteriores.<\/span><\/p>\n<p><span style=\"font-size: 14pt;\">Depende muito do tipo de v\u00edrus que vai circular. Se houver predom\u00ednio de um H3N2 ou um H1N1 muito diferente do que vem circulando at\u00e9 ent\u00e3o, as chances de encontrar uma popula\u00e7\u00e3o ainda n\u00e3o exposta e fazer doen\u00e7as mais graves \u00e9 maior. Isso teremos que acompanhar durante a esta\u00e7\u00e3o.<\/span><\/p>\n<p><span style=\"font-size: 14pt;\"><strong>Ag\u00eancia Brasil:\u00a0<\/strong>Como fica a vacina\u00e7\u00e3o contra a gripe em meio a todo esse cen\u00e1rio?<\/span><br \/>\n<span style=\"font-size: 14pt;\"><strong>Kfouri:<\/strong>\u00a0Temos casos de influenza registrados durante todo o ano no Brasil, mas a grande concentra\u00e7\u00e3o se d\u00e1 agora, final do outono e come\u00e7o do inverno. Por isso, a vacina\u00e7\u00e3o \u00e9 feita exatamente nessa \u00e9poca que precede a esta\u00e7\u00e3o do v\u00edrus. Vamos vacinar no final de abril esperando que, em maio, a popula\u00e7\u00e3o esteja imunizada. Geralmente, de maio a julho \u00e9 o per\u00edodo de maior circula\u00e7\u00e3o do v\u00edrus, mas isso \u00e9 muito vari\u00e1vel de ano para ano. \u00c0s vezes, come\u00e7a um pouco mais cedo, \u00e0s vezes, um pouco mais tarde. N\u00e3o \u00e9 uma coisa matem\u00e1tica.<\/span><\/p>\n<p><span style=\"font-size: 14pt;\">N\u00e3o h\u00e1 que se ter p\u00e2nico. H\u00e1 sim que se vacinar \u2013 especialmente aqueles pertencentes a grupos de risco, onde a vulnerabilidade os torna casos com maiores chances de evoluir com gravidade. Assim que a campanha come\u00e7ar, as pessoas devem procurar a vacina e se proteger antes da entrada da esta\u00e7\u00e3o do v\u00edrus. Para os que n\u00e3o pertencem aos grupos de risco e n\u00e3o t\u00eam a vacina gratuita, a orienta\u00e7\u00e3o \u00e9 procurar os servi\u00e7os particulares e j\u00e1 se imunizar.<\/span><\/p>\n<p><span style=\"font-size: 14pt;\"><strong>Ag\u00eancia Brasil:\u00a0<\/strong>H\u00e1 outros cuidados a serem tomados na preven\u00e7\u00e3o de casos de gripe?<\/span><br \/>\n<span style=\"font-size: 14pt;\"><strong>Kfouri:<\/strong>\u00a0Al\u00e9m da vacina\u00e7\u00e3o, as maneiras importantes de preven\u00e7\u00e3o do v\u00edrus da gripe incluem a lavagem frequente de m\u00e3os; se estiver doente, evitar ambientes aglomerados e o cont\u00e1gio para outras pessoas; usar sempre len\u00e7os descart\u00e1veis e desprezar esses len\u00e7os; cobrir a boca quando tossir com o antebra\u00e7o, evitando, com isso, a dissemina\u00e7\u00e3o do v\u00edrus; na impossibilidade da utiliza\u00e7\u00e3o de \u00e1gua e sab\u00e3o, usar o \u00e1lcool em gel, que tem uma boa a\u00e7\u00e3o para limpeza das m\u00e3os; crian\u00e7as devem ser amamentadas e, se poss\u00edvel, frequentar creches mais tardiamente; n\u00e3o se expor ao cigarro, seja de forma ativa ou como fumante passivo, j\u00e1 que a fuma\u00e7a \u00e9 um irritante das vias a\u00e9reas e facilita a entrada dos v\u00edrus. Esses cuidados s\u00e3o muito importantes tamb\u00e9m para a preven\u00e7\u00e3o da gripe.<\/span><\/p>\n<\/div>\n<\/div>\n<\/div>\n<\/div>\n<\/div>\n<p><span style=\"font-family: georgia, palatino, serif; font-size: 18pt; color: #000000;\">Mat\u00e9ria original publicada em<\/span><br \/>\n<span style=\"color: #0000ff;\"><a style=\"color: #0000ff;\" href=\"http:\/\/agenciabrasil.ebc.com.br\/geral\/noticia\/2018-04\/entenda-os-diferentes-tipos-de-virus-da-gripe-que-circulam-pelo-brasil\"><em><strong><span style=\"font-family: georgia, palatino, serif; font-size: 18pt;\">http:\/\/agenciabrasil.ebc.com.br\/geral\/noticia\/2018-04\/entenda-os-diferentes-tipos-de-virus-da-gripe-que-circulam-pelo-brasil<\/span><\/strong><\/em><\/a><\/span><\/p>\n<p><img data-recalc-dims=\"1\" fetchpriority=\"high\" decoding=\"async\" data-attachment-id=\"11703\" data-permalink=\"https:\/\/gersonguelmann.com.br\/blog\/gripe-um-alerta-sobre-os-tipos-de-virus-que-circulam-pelo-brasil\/vacina\/\" data-orig-file=\"https:\/\/i0.wp.com\/gersonguelmann.com.br\/blog\/wp-content\/uploads\/2018\/04\/Vacina.png?fit=1440%2C901&amp;ssl=1\" data-orig-size=\"1440,901\" data-comments-opened=\"1\" data-image-meta=\"{&quot;aperture&quot;:&quot;0&quot;,&quot;credit&quot;:&quot;&quot;,&quot;camera&quot;:&quot;&quot;,&quot;caption&quot;:&quot;&quot;,&quot;created_timestamp&quot;:&quot;0&quot;,&quot;copyright&quot;:&quot;&quot;,&quot;focal_length&quot;:&quot;0&quot;,&quot;iso&quot;:&quot;0&quot;,&quot;shutter_speed&quot;:&quot;0&quot;,&quot;title&quot;:&quot;&quot;,&quot;orientation&quot;:&quot;0&quot;}\" data-image-title=\"Vacina\" data-image-description=\"\" data-image-caption=\"\" data-medium-file=\"https:\/\/i0.wp.com\/gersonguelmann.com.br\/blog\/wp-content\/uploads\/2018\/04\/Vacina.png?fit=300%2C188&amp;ssl=1\" data-large-file=\"https:\/\/i0.wp.com\/gersonguelmann.com.br\/blog\/wp-content\/uploads\/2018\/04\/Vacina.png?fit=640%2C401&amp;ssl=1\" class=\"size-medium wp-image-11703 aligncenter\" src=\"https:\/\/i0.wp.com\/gersonguelmann.com.br\/blog\/wp-content\/uploads\/2018\/04\/Vacina.png?resize=300%2C188&#038;ssl=1\" alt=\"\" width=\"300\" height=\"188\" srcset=\"https:\/\/i0.wp.com\/gersonguelmann.com.br\/blog\/wp-content\/uploads\/2018\/04\/Vacina.png?resize=300%2C188&amp;ssl=1 300w, https:\/\/i0.wp.com\/gersonguelmann.com.br\/blog\/wp-content\/uploads\/2018\/04\/Vacina.png?resize=768%2C481&amp;ssl=1 768w, https:\/\/i0.wp.com\/gersonguelmann.com.br\/blog\/wp-content\/uploads\/2018\/04\/Vacina.png?resize=1024%2C641&amp;ssl=1 1024w, https:\/\/i0.wp.com\/gersonguelmann.com.br\/blog\/wp-content\/uploads\/2018\/04\/Vacina.png?w=1440&amp;ssl=1 1440w, https:\/\/i0.wp.com\/gersonguelmann.com.br\/blog\/wp-content\/uploads\/2018\/04\/Vacina.png?w=1280&amp;ssl=1 1280w\" sizes=\"(max-width: 300px) 100vw, 300px\" \/><\/p>\n<p style=\"text-align: center;\"><span style=\"color: #666699;\"><em><strong><span style=\"font-family: georgia, palatino, serif;\">Imagem: oriosulense.com.br<\/span><\/strong><\/em><\/span><\/p>\n","protected":false},"excerpt":{"rendered":"<p>Dias atr\u00e1s publiquei um lembrete sobre a campanha de vacina\u00e7\u00e3o contra a gripe, que este ano come\u00e7ar\u00e1 no pr\u00f3ximo dia 23. Hoje quero compartilhar uma mat\u00e9ria bem interessante da\u00a0Empresa Brasil de Comunica\u00e7\u00e3o sobre o mesmo assunto.\u00a0 Nela o Dr.\u00a0Renato Kfouri, infectologista e vice-presidente da Sociedade Brasileira de Imuniza\u00e7\u00f5es, fala sobre os diferentes tipos de v\u00edrus [&hellip;]<\/p>\n","protected":false},"author":5,"featured_media":11703,"comment_status":"open","ping_status":"open","sticky":false,"template":"","format":"standard","meta":{"_acf_changed":false,"jetpack_post_was_ever_published":false,"_jetpack_newsletter_access":"","_jetpack_dont_email_post_to_subs":false,"_jetpack_newsletter_tier_id":0,"_jetpack_memberships_contains_paywalled_content":false,"_jetpack_memberships_contains_paid_content":false,"footnotes":"","jetpack_publicize_message":"","jetpack_publicize_feature_enabled":true,"jetpack_social_post_already_shared":true,"jetpack_social_options":{"image_generator_settings":{"template":"highway","default_image_id":0,"font":"","enabled":false},"version":2}},"categories":[1],"tags":[],"class_list":["post-11702","post","type-post","status-publish","format-standard","has-post-thumbnail","hentry","category-sem-categoria"],"acf":[],"yoast_head":"<!-- This site is optimized with the Yoast SEO plugin v27.3 - https:\/\/yoast.com\/product\/yoast-seo-wordpress\/ -->\n<title>Gripe: Um Alerta Sobre os Tipos de V\u00edrus Que Circulam Pelo Brasil | Blog do Guelmann<\/title>\n<meta name=\"robots\" content=\"index, follow, max-snippet:-1, max-image-preview:large, max-video-preview:-1\" \/>\n<link rel=\"canonical\" href=\"https:\/\/gersonguelmann.com.br\/blog\/gripe-um-alerta-sobre-os-tipos-de-virus-que-circulam-pelo-brasil\/\" \/>\n<meta property=\"og:locale\" content=\"pt_BR\" \/>\n<meta property=\"og:type\" content=\"article\" \/>\n<meta property=\"og:title\" content=\"Gripe: Um Alerta Sobre os Tipos de V\u00edrus Que Circulam Pelo Brasil | Blog do Guelmann\" \/>\n<meta property=\"og:description\" content=\"Dias atr\u00e1s publiquei um lembrete sobre a campanha de vacina\u00e7\u00e3o contra a gripe, que este ano come\u00e7ar\u00e1 no pr\u00f3ximo dia 23. Hoje quero compartilhar uma mat\u00e9ria bem interessante da\u00a0Empresa Brasil de Comunica\u00e7\u00e3o sobre o mesmo assunto.\u00a0 Nela o Dr.\u00a0Renato Kfouri, infectologista e vice-presidente da Sociedade Brasileira de Imuniza\u00e7\u00f5es, fala sobre os diferentes tipos de v\u00edrus [&hellip;]\" \/>\n<meta property=\"og:url\" content=\"https:\/\/gersonguelmann.com.br\/blog\/gripe-um-alerta-sobre-os-tipos-de-virus-que-circulam-pelo-brasil\/\" \/>\n<meta property=\"og:site_name\" content=\"Blog do Guelmann\" \/>\n<meta property=\"article:published_time\" content=\"2018-04-16T17:29:09+00:00\" \/>\n<meta property=\"og:image\" content=\"https:\/\/i0.wp.com\/gersonguelmann.com.br\/blog\/wp-content\/uploads\/2018\/04\/Vacina.png?fit=1440%2C901&ssl=1\" \/>\n\t<meta property=\"og:image:width\" content=\"1440\" \/>\n\t<meta property=\"og:image:height\" content=\"901\" \/>\n\t<meta property=\"og:image:type\" content=\"image\/png\" \/>\n<meta name=\"author\" content=\"Gerson Guelmann\" \/>\n<meta name=\"twitter:card\" content=\"summary_large_image\" \/>\n<meta name=\"twitter:label1\" content=\"Escrito por\" \/>\n\t<meta name=\"twitter:data1\" content=\"Gerson Guelmann\" \/>\n\t<meta name=\"twitter:label2\" content=\"Est. tempo de leitura\" \/>\n\t<meta name=\"twitter:data2\" content=\"6 minutos\" \/>\n<script type=\"application\/ld+json\" class=\"yoast-schema-graph\">{\"@context\":\"https:\\\/\\\/schema.org\",\"@graph\":[{\"@type\":\"Article\",\"@id\":\"https:\\\/\\\/gersonguelmann.com.br\\\/blog\\\/gripe-um-alerta-sobre-os-tipos-de-virus-que-circulam-pelo-brasil\\\/#article\",\"isPartOf\":{\"@id\":\"https:\\\/\\\/gersonguelmann.com.br\\\/blog\\\/gripe-um-alerta-sobre-os-tipos-de-virus-que-circulam-pelo-brasil\\\/\"},\"author\":{\"name\":\"Gerson Guelmann\",\"@id\":\"https:\\\/\\\/gersonguelmann.com.br\\\/blog\\\/#\\\/schema\\\/person\\\/87e70e2a786888082f941a482c90569e\"},\"headline\":\"Gripe: Um Alerta Sobre os Tipos de V\u00edrus Que Circulam Pelo Brasil\",\"datePublished\":\"2018-04-16T17:29:09+00:00\",\"mainEntityOfPage\":{\"@id\":\"https:\\\/\\\/gersonguelmann.com.br\\\/blog\\\/gripe-um-alerta-sobre-os-tipos-de-virus-que-circulam-pelo-brasil\\\/\"},\"wordCount\":1277,\"commentCount\":0,\"image\":{\"@id\":\"https:\\\/\\\/gersonguelmann.com.br\\\/blog\\\/gripe-um-alerta-sobre-os-tipos-de-virus-que-circulam-pelo-brasil\\\/#primaryimage\"},\"thumbnailUrl\":\"https:\\\/\\\/i0.wp.com\\\/gersonguelmann.com.br\\\/blog\\\/wp-content\\\/uploads\\\/2018\\\/04\\\/Vacina.png?fit=1440%2C901&ssl=1\",\"inLanguage\":\"pt-BR\",\"potentialAction\":[{\"@type\":\"CommentAction\",\"name\":\"Comment\",\"target\":[\"https:\\\/\\\/gersonguelmann.com.br\\\/blog\\\/gripe-um-alerta-sobre-os-tipos-de-virus-que-circulam-pelo-brasil\\\/#respond\"]}]},{\"@type\":\"WebPage\",\"@id\":\"https:\\\/\\\/gersonguelmann.com.br\\\/blog\\\/gripe-um-alerta-sobre-os-tipos-de-virus-que-circulam-pelo-brasil\\\/\",\"url\":\"https:\\\/\\\/gersonguelmann.com.br\\\/blog\\\/gripe-um-alerta-sobre-os-tipos-de-virus-que-circulam-pelo-brasil\\\/\",\"name\":\"Gripe: Um Alerta Sobre os Tipos de V\u00edrus Que Circulam Pelo Brasil | Blog do Guelmann\",\"isPartOf\":{\"@id\":\"https:\\\/\\\/gersonguelmann.com.br\\\/blog\\\/#website\"},\"primaryImageOfPage\":{\"@id\":\"https:\\\/\\\/gersonguelmann.com.br\\\/blog\\\/gripe-um-alerta-sobre-os-tipos-de-virus-que-circulam-pelo-brasil\\\/#primaryimage\"},\"image\":{\"@id\":\"https:\\\/\\\/gersonguelmann.com.br\\\/blog\\\/gripe-um-alerta-sobre-os-tipos-de-virus-que-circulam-pelo-brasil\\\/#primaryimage\"},\"thumbnailUrl\":\"https:\\\/\\\/i0.wp.com\\\/gersonguelmann.com.br\\\/blog\\\/wp-content\\\/uploads\\\/2018\\\/04\\\/Vacina.png?fit=1440%2C901&ssl=1\",\"datePublished\":\"2018-04-16T17:29:09+00:00\",\"author\":{\"@id\":\"https:\\\/\\\/gersonguelmann.com.br\\\/blog\\\/#\\\/schema\\\/person\\\/87e70e2a786888082f941a482c90569e\"},\"inLanguage\":\"pt-BR\",\"potentialAction\":[{\"@type\":\"ReadAction\",\"target\":[\"https:\\\/\\\/gersonguelmann.com.br\\\/blog\\\/gripe-um-alerta-sobre-os-tipos-de-virus-que-circulam-pelo-brasil\\\/\"]}]},{\"@type\":\"ImageObject\",\"inLanguage\":\"pt-BR\",\"@id\":\"https:\\\/\\\/gersonguelmann.com.br\\\/blog\\\/gripe-um-alerta-sobre-os-tipos-de-virus-que-circulam-pelo-brasil\\\/#primaryimage\",\"url\":\"https:\\\/\\\/i0.wp.com\\\/gersonguelmann.com.br\\\/blog\\\/wp-content\\\/uploads\\\/2018\\\/04\\\/Vacina.png?fit=1440%2C901&ssl=1\",\"contentUrl\":\"https:\\\/\\\/i0.wp.com\\\/gersonguelmann.com.br\\\/blog\\\/wp-content\\\/uploads\\\/2018\\\/04\\\/Vacina.png?fit=1440%2C901&ssl=1\",\"width\":1440,\"height\":901},{\"@type\":\"WebSite\",\"@id\":\"https:\\\/\\\/gersonguelmann.com.br\\\/blog\\\/#website\",\"url\":\"https:\\\/\\\/gersonguelmann.com.br\\\/blog\\\/\",\"name\":\"Blog do Guelmann\",\"description\":\"Pitadas da sabedoria e do humor judaicos, assuntos do momento e um pouco das hist\u00f3rias que vivi e testemunhei.\",\"potentialAction\":[{\"@type\":\"SearchAction\",\"target\":{\"@type\":\"EntryPoint\",\"urlTemplate\":\"https:\\\/\\\/gersonguelmann.com.br\\\/blog\\\/?s={search_term_string}\"},\"query-input\":{\"@type\":\"PropertyValueSpecification\",\"valueRequired\":true,\"valueName\":\"search_term_string\"}}],\"inLanguage\":\"pt-BR\"},{\"@type\":\"Person\",\"@id\":\"https:\\\/\\\/gersonguelmann.com.br\\\/blog\\\/#\\\/schema\\\/person\\\/87e70e2a786888082f941a482c90569e\",\"name\":\"Gerson Guelmann\",\"image\":{\"@type\":\"ImageObject\",\"inLanguage\":\"pt-BR\",\"@id\":\"https:\\\/\\\/i0.wp.com\\\/gersonguelmann.com.br\\\/blog\\\/wp-content\\\/uploads\\\/2021\\\/08\\\/BLOG.jpeg?fit=96%2C96&ssl=1\",\"url\":\"https:\\\/\\\/i0.wp.com\\\/gersonguelmann.com.br\\\/blog\\\/wp-content\\\/uploads\\\/2021\\\/08\\\/BLOG.jpeg?fit=96%2C96&ssl=1\",\"contentUrl\":\"https:\\\/\\\/i0.wp.com\\\/gersonguelmann.com.br\\\/blog\\\/wp-content\\\/uploads\\\/2021\\\/08\\\/BLOG.jpeg?fit=96%2C96&ssl=1\",\"caption\":\"Gerson Guelmann\"},\"description\":\"Pitadas da sabedoria e do humor judaicos, assuntos do momento e um pouco das hist\u00f3rias que vivi e testemunhei.\"}]}<\/script>\n<!-- \/ Yoast SEO plugin. -->","yoast_head_json":{"title":"Gripe: Um Alerta Sobre os Tipos de V\u00edrus Que Circulam Pelo Brasil | Blog do Guelmann","robots":{"index":"index","follow":"follow","max-snippet":"max-snippet:-1","max-image-preview":"max-image-preview:large","max-video-preview":"max-video-preview:-1"},"canonical":"https:\/\/gersonguelmann.com.br\/blog\/gripe-um-alerta-sobre-os-tipos-de-virus-que-circulam-pelo-brasil\/","og_locale":"pt_BR","og_type":"article","og_title":"Gripe: Um Alerta Sobre os Tipos de V\u00edrus Que Circulam Pelo Brasil | Blog do Guelmann","og_description":"Dias atr\u00e1s publiquei um lembrete sobre a campanha de vacina\u00e7\u00e3o contra a gripe, que este ano come\u00e7ar\u00e1 no pr\u00f3ximo dia 23. Hoje quero compartilhar uma mat\u00e9ria bem interessante da\u00a0Empresa Brasil de Comunica\u00e7\u00e3o sobre o mesmo assunto.\u00a0 Nela o Dr.\u00a0Renato Kfouri, infectologista e vice-presidente da Sociedade Brasileira de Imuniza\u00e7\u00f5es, fala sobre os diferentes tipos de v\u00edrus [&hellip;]","og_url":"https:\/\/gersonguelmann.com.br\/blog\/gripe-um-alerta-sobre-os-tipos-de-virus-que-circulam-pelo-brasil\/","og_site_name":"Blog do Guelmann","article_published_time":"2018-04-16T17:29:09+00:00","og_image":[{"width":1440,"height":901,"url":"https:\/\/i0.wp.com\/gersonguelmann.com.br\/blog\/wp-content\/uploads\/2018\/04\/Vacina.png?fit=1440%2C901&ssl=1","type":"image\/png"}],"author":"Gerson Guelmann","twitter_card":"summary_large_image","twitter_misc":{"Escrito por":"Gerson Guelmann","Est. tempo de leitura":"6 minutos"},"schema":{"@context":"https:\/\/schema.org","@graph":[{"@type":"Article","@id":"https:\/\/gersonguelmann.com.br\/blog\/gripe-um-alerta-sobre-os-tipos-de-virus-que-circulam-pelo-brasil\/#article","isPartOf":{"@id":"https:\/\/gersonguelmann.com.br\/blog\/gripe-um-alerta-sobre-os-tipos-de-virus-que-circulam-pelo-brasil\/"},"author":{"name":"Gerson Guelmann","@id":"https:\/\/gersonguelmann.com.br\/blog\/#\/schema\/person\/87e70e2a786888082f941a482c90569e"},"headline":"Gripe: Um Alerta Sobre os Tipos de V\u00edrus Que Circulam Pelo Brasil","datePublished":"2018-04-16T17:29:09+00:00","mainEntityOfPage":{"@id":"https:\/\/gersonguelmann.com.br\/blog\/gripe-um-alerta-sobre-os-tipos-de-virus-que-circulam-pelo-brasil\/"},"wordCount":1277,"commentCount":0,"image":{"@id":"https:\/\/gersonguelmann.com.br\/blog\/gripe-um-alerta-sobre-os-tipos-de-virus-que-circulam-pelo-brasil\/#primaryimage"},"thumbnailUrl":"https:\/\/i0.wp.com\/gersonguelmann.com.br\/blog\/wp-content\/uploads\/2018\/04\/Vacina.png?fit=1440%2C901&ssl=1","inLanguage":"pt-BR","potentialAction":[{"@type":"CommentAction","name":"Comment","target":["https:\/\/gersonguelmann.com.br\/blog\/gripe-um-alerta-sobre-os-tipos-de-virus-que-circulam-pelo-brasil\/#respond"]}]},{"@type":"WebPage","@id":"https:\/\/gersonguelmann.com.br\/blog\/gripe-um-alerta-sobre-os-tipos-de-virus-que-circulam-pelo-brasil\/","url":"https:\/\/gersonguelmann.com.br\/blog\/gripe-um-alerta-sobre-os-tipos-de-virus-que-circulam-pelo-brasil\/","name":"Gripe: Um Alerta Sobre os Tipos de V\u00edrus Que Circulam Pelo Brasil | Blog do Guelmann","isPartOf":{"@id":"https:\/\/gersonguelmann.com.br\/blog\/#website"},"primaryImageOfPage":{"@id":"https:\/\/gersonguelmann.com.br\/blog\/gripe-um-alerta-sobre-os-tipos-de-virus-que-circulam-pelo-brasil\/#primaryimage"},"image":{"@id":"https:\/\/gersonguelmann.com.br\/blog\/gripe-um-alerta-sobre-os-tipos-de-virus-que-circulam-pelo-brasil\/#primaryimage"},"thumbnailUrl":"https:\/\/i0.wp.com\/gersonguelmann.com.br\/blog\/wp-content\/uploads\/2018\/04\/Vacina.png?fit=1440%2C901&ssl=1","datePublished":"2018-04-16T17:29:09+00:00","author":{"@id":"https:\/\/gersonguelmann.com.br\/blog\/#\/schema\/person\/87e70e2a786888082f941a482c90569e"},"inLanguage":"pt-BR","potentialAction":[{"@type":"ReadAction","target":["https:\/\/gersonguelmann.com.br\/blog\/gripe-um-alerta-sobre-os-tipos-de-virus-que-circulam-pelo-brasil\/"]}]},{"@type":"ImageObject","inLanguage":"pt-BR","@id":"https:\/\/gersonguelmann.com.br\/blog\/gripe-um-alerta-sobre-os-tipos-de-virus-que-circulam-pelo-brasil\/#primaryimage","url":"https:\/\/i0.wp.com\/gersonguelmann.com.br\/blog\/wp-content\/uploads\/2018\/04\/Vacina.png?fit=1440%2C901&ssl=1","contentUrl":"https:\/\/i0.wp.com\/gersonguelmann.com.br\/blog\/wp-content\/uploads\/2018\/04\/Vacina.png?fit=1440%2C901&ssl=1","width":1440,"height":901},{"@type":"WebSite","@id":"https:\/\/gersonguelmann.com.br\/blog\/#website","url":"https:\/\/gersonguelmann.com.br\/blog\/","name":"Blog do Guelmann","description":"Pitadas da sabedoria e do humor judaicos, assuntos do momento e um pouco das hist\u00f3rias que vivi e testemunhei.","potentialAction":[{"@type":"SearchAction","target":{"@type":"EntryPoint","urlTemplate":"https:\/\/gersonguelmann.com.br\/blog\/?s={search_term_string}"},"query-input":{"@type":"PropertyValueSpecification","valueRequired":true,"valueName":"search_term_string"}}],"inLanguage":"pt-BR"},{"@type":"Person","@id":"https:\/\/gersonguelmann.com.br\/blog\/#\/schema\/person\/87e70e2a786888082f941a482c90569e","name":"Gerson Guelmann","image":{"@type":"ImageObject","inLanguage":"pt-BR","@id":"https:\/\/i0.wp.com\/gersonguelmann.com.br\/blog\/wp-content\/uploads\/2021\/08\/BLOG.jpeg?fit=96%2C96&ssl=1","url":"https:\/\/i0.wp.com\/gersonguelmann.com.br\/blog\/wp-content\/uploads\/2021\/08\/BLOG.jpeg?fit=96%2C96&ssl=1","contentUrl":"https:\/\/i0.wp.com\/gersonguelmann.com.br\/blog\/wp-content\/uploads\/2021\/08\/BLOG.jpeg?fit=96%2C96&ssl=1","caption":"Gerson Guelmann"},"description":"Pitadas da sabedoria e do humor judaicos, assuntos do momento e um pouco das hist\u00f3rias que vivi e testemunhei."}]}},"views":31,"jetpack_publicize_connections":[],"jetpack_featured_media_url":"https:\/\/i0.wp.com\/gersonguelmann.com.br\/blog\/wp-content\/uploads\/2018\/04\/Vacina.png?fit=1440%2C901&ssl=1","jetpack_shortlink":"https:\/\/wp.me\/p96e7O-32K","jetpack-related-posts":[{"id":10578,"url":"https:\/\/gersonguelmann.com.br\/blog\/marielle-franco-como-foi-a-repercussao-nas-redes\/","url_meta":{"origin":11702,"position":0},"title":"Marielle Franco: Como Foi a Repercuss\u00e3o Nas Redes?","author":"Gerson Guelmann","date":"22 de mar\u00e7o de 2018","format":false,"excerpt":"Transcrevo na \u00edntegra artigo extremamente elucidativo acerca do que aconteceu nas redes sociais ap\u00f3s a morte da vereadora Marielle Franco: Como bots e movimentos pol\u00edticos espalham falsas not\u00edcias sobre Marielle Na internet, execu\u00e7\u00e3o de vereadora foi da como\u00e7\u00e3o nacional \u00e0 enxurrada de boatos. Diogo Antonio Rodriguez mar 20 2018, 11:02am\u2026","rel":"","context":"Em &quot;Sem categoria&quot;","block_context":{"text":"Sem categoria","link":"https:\/\/gersonguelmann.com.br\/blog\/category\/sem-categoria\/"},"img":{"alt_text":"","src":"https:\/\/i0.wp.com\/gersonguelmann.com.br\/blog\/wp-content\/uploads\/2018\/03\/MF.jpg?fit=1200%2C675&ssl=1&resize=350%2C200","width":350,"height":200,"srcset":"https:\/\/i0.wp.com\/gersonguelmann.com.br\/blog\/wp-content\/uploads\/2018\/03\/MF.jpg?fit=1200%2C675&ssl=1&resize=350%2C200 1x, https:\/\/i0.wp.com\/gersonguelmann.com.br\/blog\/wp-content\/uploads\/2018\/03\/MF.jpg?fit=1200%2C675&ssl=1&resize=525%2C300 1.5x, https:\/\/i0.wp.com\/gersonguelmann.com.br\/blog\/wp-content\/uploads\/2018\/03\/MF.jpg?fit=1200%2C675&ssl=1&resize=700%2C400 2x, https:\/\/i0.wp.com\/gersonguelmann.com.br\/blog\/wp-content\/uploads\/2018\/03\/MF.jpg?fit=1200%2C675&ssl=1&resize=1050%2C600 3x"},"classes":[]},{"id":17121,"url":"https:\/\/gersonguelmann.com.br\/blog\/voce-pode-fazer-a-diferenca-a-partir-de-r1\/","url_meta":{"origin":11702,"position":1},"title":"Voc\u00ea Pode Fazer a Diferen\u00e7a a Partir de R$ 1","author":"Gerson Guelmann","date":"20 de junho de 2019","format":false,"excerpt":"Eu j\u00e1 conhecia o Playing For Change \u2013 M\u00fasicas Atrav\u00e9s do Mundo. Muita gente tamb\u00e9m j\u00e1 ouviu falar desse movimento, que existe em todo o mundo e busca conectar as pessoas atrav\u00e9s da m\u00fasica. Abaixo voc\u00ea encontrar\u00e1 o link de uma postagem que fiz sobre eles ano passado e vai\u2026","rel":"","context":"Em &quot;Sem categoria&quot;","block_context":{"text":"Sem categoria","link":"https:\/\/gersonguelmann.com.br\/blog\/category\/sem-categoria\/"},"img":{"alt_text":"","src":"https:\/\/i0.wp.com\/gersonguelmann.com.br\/blog\/wp-content\/uploads\/2019\/06\/IPFCB.jpg?fit=1200%2C800&ssl=1&resize=350%2C200","width":350,"height":200,"srcset":"https:\/\/i0.wp.com\/gersonguelmann.com.br\/blog\/wp-content\/uploads\/2019\/06\/IPFCB.jpg?fit=1200%2C800&ssl=1&resize=350%2C200 1x, https:\/\/i0.wp.com\/gersonguelmann.com.br\/blog\/wp-content\/uploads\/2019\/06\/IPFCB.jpg?fit=1200%2C800&ssl=1&resize=525%2C300 1.5x, https:\/\/i0.wp.com\/gersonguelmann.com.br\/blog\/wp-content\/uploads\/2019\/06\/IPFCB.jpg?fit=1200%2C800&ssl=1&resize=700%2C400 2x, https:\/\/i0.wp.com\/gersonguelmann.com.br\/blog\/wp-content\/uploads\/2019\/06\/IPFCB.jpg?fit=1200%2C800&ssl=1&resize=1050%2C600 3x"},"classes":[]},{"id":13165,"url":"https:\/\/gersonguelmann.com.br\/blog\/o-brasil-na-1a-guerra-mundial-1914-1918\/","url_meta":{"origin":11702,"position":2},"title":"O Brasil na 1\u00aa Guerra Mundial (1914-1918)","author":"Gerson Guelmann","date":"22 de maio de 2018","format":false,"excerpt":"Esta semana dois amigos me mandaram um texto extremamente interessante, que trata da participa\u00e7\u00e3o do Brasil na 1\u00aa Guerra Mundial. Na internet verifiquei que \u00e9 de autoria de Maria Tereza Mendes e foi publicado no Blog do Percival Puggina. Compartilho porque vale a pena conhecer a hist\u00f3ria: N\u00d3S TAMB\u00c9M TEMOS\u2026","rel":"","context":"Em &quot;Sem categoria&quot;","block_context":{"text":"Sem categoria","link":"https:\/\/gersonguelmann.com.br\/blog\/category\/sem-categoria\/"},"img":{"alt_text":"","src":"https:\/\/i0.wp.com\/gersonguelmann.com.br\/blog\/wp-content\/uploads\/2018\/05\/Placa.jpg?fit=1024%2C630&ssl=1&resize=350%2C200","width":350,"height":200,"srcset":"https:\/\/i0.wp.com\/gersonguelmann.com.br\/blog\/wp-content\/uploads\/2018\/05\/Placa.jpg?fit=1024%2C630&ssl=1&resize=350%2C200 1x, https:\/\/i0.wp.com\/gersonguelmann.com.br\/blog\/wp-content\/uploads\/2018\/05\/Placa.jpg?fit=1024%2C630&ssl=1&resize=525%2C300 1.5x, https:\/\/i0.wp.com\/gersonguelmann.com.br\/blog\/wp-content\/uploads\/2018\/05\/Placa.jpg?fit=1024%2C630&ssl=1&resize=700%2C400 2x"},"classes":[]},{"id":6428,"url":"https:\/\/gersonguelmann.com.br\/blog\/tipos-de-tomada-pelo-mundo-o-bom-humor-das-redes\/","url_meta":{"origin":11702,"position":3},"title":"Tipos de Tomada Pelo Mundo &#8211; O Bom Humor das Redes","author":"Gerson Guelmann","date":"4 de janeiro de 2018","format":false,"excerpt":"Olha s\u00f3: um bom guia para voc\u00ea que viaja pelo mundo todo n\u00e3o ficar sem ter como ligar teu carregador de celular e demais aparelhos el\u00e9tricos... Claro que \u00e9 uma brincadeira, feita para mostrar que apenas a \u00c1frica do Sul usa a mesma tomada do Brasil. Na pesquisa que fiz\u2026","rel":"","context":"Em &quot;Sem categoria&quot;","block_context":{"text":"Sem categoria","link":"https:\/\/gersonguelmann.com.br\/blog\/category\/sem-categoria\/"},"img":{"alt_text":"","src":"https:\/\/i0.wp.com\/gersonguelmann.com.br\/blog\/wp-content\/uploads\/2018\/01\/Tomadas.jpg?fit=433%2C600&ssl=1&resize=350%2C200","width":350,"height":200},"classes":[]},{"id":21754,"url":"https:\/\/gersonguelmann.com.br\/blog\/em-israel-a-pergunta-o-que-os-brasileiros-vieram-fazer-aqui\/","url_meta":{"origin":11702,"position":4},"title":"Em Israel, a Pergunta: O Que Os Brasileiros Vieram Fazer Aqui?","author":"Gerson Guelmann","date":"13 de mar\u00e7o de 2021","format":false,"excerpt":"Voc\u00ea j\u00e1 teve ter ouvido falar em \"manobra diversionista\". Diversionismo, segundo o dicion\u00e1rio que consultei, \u00e9 \"uma manobra ou estrat\u00e9gia usada para desviar a aten\u00e7\u00e3o do que est\u00e1 em discuss\u00e3o, geralmente em contextos pol\u00edticos; aquilo que serve para enganar ou esconder = cortina de fuma\u00e7a\" (*) Essa foi a palavra\u2026","rel":"","context":"Em &quot;Sem categoria&quot;","block_context":{"text":"Sem categoria","link":"https:\/\/gersonguelmann.com.br\/blog\/category\/sem-categoria\/"},"img":{"alt_text":"","src":"https:\/\/i0.wp.com\/gersonguelmann.com.br\/blog\/wp-content\/uploads\/2021\/03\/AnyConv.com__DK.jpeg?fit=1024%2C638&ssl=1&resize=350%2C200","width":350,"height":200,"srcset":"https:\/\/i0.wp.com\/gersonguelmann.com.br\/blog\/wp-content\/uploads\/2021\/03\/AnyConv.com__DK.jpeg?fit=1024%2C638&ssl=1&resize=350%2C200 1x, https:\/\/i0.wp.com\/gersonguelmann.com.br\/blog\/wp-content\/uploads\/2021\/03\/AnyConv.com__DK.jpeg?fit=1024%2C638&ssl=1&resize=525%2C300 1.5x, https:\/\/i0.wp.com\/gersonguelmann.com.br\/blog\/wp-content\/uploads\/2021\/03\/AnyConv.com__DK.jpeg?fit=1024%2C638&ssl=1&resize=700%2C400 2x"},"classes":[]},{"id":26190,"url":"https:\/\/gersonguelmann.com.br\/blog\/tristeza-hoje-como-ontem-o-brasil-indo-pelo-ralo\/","url_meta":{"origin":11702,"position":5},"title":"Tristeza: Hoje, Como Ontem, o Brasil Indo Pelo Ralo","author":"Gerson Guelmann","date":"4 de agosto de 2025","format":false,"excerpt":"Em 5 de dezembro de 2017, publiquei no meu blog um texto impactante de Luiz Alberto de Castro Wille, CEO e fundador da Alden Tecnologia e Desenvolvimento, experiente consultor em governan\u00e7a corporativa e estrat\u00e9gia empresarial, com mais de tr\u00eas d\u00e9cadas de atua\u00e7\u00e3o no Brasil e no exterior - al\u00e9m de\u2026","rel":"","context":"Em &quot;Sem categoria&quot;","block_context":{"text":"Sem categoria","link":"https:\/\/gersonguelmann.com.br\/blog\/category\/sem-categoria\/"},"img":{"alt_text":"","src":"https:\/\/i0.wp.com\/gersonguelmann.com.br\/blog\/wp-content\/uploads\/2025\/08\/HojePR-19.jpg?fit=900%2C600&ssl=1&resize=350%2C200","width":350,"height":200,"srcset":"https:\/\/i0.wp.com\/gersonguelmann.com.br\/blog\/wp-content\/uploads\/2025\/08\/HojePR-19.jpg?fit=900%2C600&ssl=1&resize=350%2C200 1x, https:\/\/i0.wp.com\/gersonguelmann.com.br\/blog\/wp-content\/uploads\/2025\/08\/HojePR-19.jpg?fit=900%2C600&ssl=1&resize=525%2C300 1.5x, https:\/\/i0.wp.com\/gersonguelmann.com.br\/blog\/wp-content\/uploads\/2025\/08\/HojePR-19.jpg?fit=900%2C600&ssl=1&resize=700%2C400 2x"},"classes":[]}],"jetpack_sharing_enabled":true,"post_mailing_queue_ids":[],"_links":{"self":[{"href":"https:\/\/gersonguelmann.com.br\/blog\/wp-json\/wp\/v2\/posts\/11702","targetHints":{"allow":["GET"]}}],"collection":[{"href":"https:\/\/gersonguelmann.com.br\/blog\/wp-json\/wp\/v2\/posts"}],"about":[{"href":"https:\/\/gersonguelmann.com.br\/blog\/wp-json\/wp\/v2\/types\/post"}],"author":[{"embeddable":true,"href":"https:\/\/gersonguelmann.com.br\/blog\/wp-json\/wp\/v2\/users\/5"}],"replies":[{"embeddable":true,"href":"https:\/\/gersonguelmann.com.br\/blog\/wp-json\/wp\/v2\/comments?post=11702"}],"version-history":[{"count":0,"href":"https:\/\/gersonguelmann.com.br\/blog\/wp-json\/wp\/v2\/posts\/11702\/revisions"}],"wp:featuredmedia":[{"embeddable":true,"href":"https:\/\/gersonguelmann.com.br\/blog\/wp-json\/wp\/v2\/media\/11703"}],"wp:attachment":[{"href":"https:\/\/gersonguelmann.com.br\/blog\/wp-json\/wp\/v2\/media?parent=11702"}],"wp:term":[{"taxonomy":"category","embeddable":true,"href":"https:\/\/gersonguelmann.com.br\/blog\/wp-json\/wp\/v2\/categories?post=11702"},{"taxonomy":"post_tag","embeddable":true,"href":"https:\/\/gersonguelmann.com.br\/blog\/wp-json\/wp\/v2\/tags?post=11702"}],"curies":[{"name":"wp","href":"https:\/\/api.w.org\/{rel}","templated":true}]}}