    {"id":11705,"date":"2018-04-16T16:11:23","date_gmt":"2018-04-16T19:11:23","guid":{"rendered":"https:\/\/gersonguelmann.com.br\/blog\/?p=11705"},"modified":"2018-04-16T16:21:18","modified_gmt":"2018-04-16T19:21:18","slug":"em-sao-paulo-cafeteria-e-comandada-por-pessoas-com-sindrome-de-down","status":"publish","type":"post","link":"https:\/\/gersonguelmann.com.br\/blog\/em-sao-paulo-cafeteria-e-comandada-por-pessoas-com-sindrome-de-down\/","title":{"rendered":"Em S\u00e3o Paulo, Cafeteria \u00c9 Comandada Por Pessoas Com S\u00edndrome de Down"},"content":{"rendered":"<p style=\"text-align: center;\"><img data-recalc-dims=\"1\" fetchpriority=\"high\" decoding=\"async\" data-attachment-id=\"11707\" data-permalink=\"https:\/\/gersonguelmann.com.br\/blog\/em-sao-paulo-cafeteria-e-comandada-por-pessoas-com-sindrome-de-down\/download-1-4\/\" data-orig-file=\"https:\/\/i0.wp.com\/gersonguelmann.com.br\/blog\/wp-content\/uploads\/2018\/04\/download-1-3.jpg?fit=275%2C183&amp;ssl=1\" data-orig-size=\"275,183\" data-comments-opened=\"1\" data-image-meta=\"{&quot;aperture&quot;:&quot;0&quot;,&quot;credit&quot;:&quot;&quot;,&quot;camera&quot;:&quot;&quot;,&quot;caption&quot;:&quot;&quot;,&quot;created_timestamp&quot;:&quot;0&quot;,&quot;copyright&quot;:&quot;&quot;,&quot;focal_length&quot;:&quot;0&quot;,&quot;iso&quot;:&quot;0&quot;,&quot;shutter_speed&quot;:&quot;0&quot;,&quot;title&quot;:&quot;&quot;,&quot;orientation&quot;:&quot;0&quot;}\" data-image-title=\"download (1)\" data-image-description=\"\" data-image-caption=\"\" data-medium-file=\"https:\/\/i0.wp.com\/gersonguelmann.com.br\/blog\/wp-content\/uploads\/2018\/04\/download-1-3.jpg?fit=275%2C183&amp;ssl=1\" data-large-file=\"https:\/\/i0.wp.com\/gersonguelmann.com.br\/blog\/wp-content\/uploads\/2018\/04\/download-1-3.jpg?fit=275%2C183&amp;ssl=1\" class=\"alignnone size-full wp-image-11707\" src=\"https:\/\/i0.wp.com\/gersonguelmann.com.br\/blog\/wp-content\/uploads\/2018\/04\/download-1-3.jpg?resize=275%2C183&#038;ssl=1\" alt=\"\" width=\"275\" height=\"183\" \/><br \/>\n<span style=\"color: #666699;\"><em><strong><span style=\"font-family: georgia, palatino, serif;\">Foto: guia.folha.uol.com.br<\/span><\/strong><\/em><\/span><\/p>\n<p><span style=\"font-family: georgia, palatino, serif; font-size: 18pt; color: #000000;\">Not\u00edcias que nos enchem de esperan\u00e7a e aquecem o cora\u00e7\u00e3o:<\/span><\/p>\n<p><span style=\"font-family: georgia, palatino, serif; font-size: 18pt; color: #000000;\">&#8211; desde junho de 2017 funciona em S\u00e3o Paulo o Chefs Especiais Caf\u00e9, a primeira cafeteria inclusiva do Brasil, atendida por portadores de\u00a0S\u00edndrome de Down. <\/span><\/p>\n<p><span style=\"font-family: georgia, palatino, serif; font-size: 18pt; color: #000000;\">O projeto \u00e9 uma iniciativa do Instituto Chefs Especiais, que promove a integra\u00e7\u00e3o por meio da gastronomia,\u00a0oferecendo cursos de culin\u00e1ria para cerca de 300 alunos por ano.\u00a0<\/span><\/p>\n<p><span style=\"font-family: georgia, palatino, serif; font-size: 18pt; color: #000000;\">O im\u00f3vel onde o caf\u00e9 est\u00e1 instalado foi cedido pelo propriet\u00e1rio do im\u00f3vel.<\/span><\/p>\n<p><span style=\"font-family: georgia, palatino, serif; font-size: 18pt; color: #000000;\">Assista o v\u00eddeo com a mat\u00e9ria sobre a cafeteria.\u00a0<\/span><\/p>\n<p><span class=\"embed-youtube\" style=\"text-align:center; display: block;\"><iframe class=\"youtube-player\" width=\"640\" height=\"360\" src=\"https:\/\/www.youtube.com\/embed\/rRoDxiKDjbg?version=3&#038;rel=1&#038;showsearch=0&#038;showinfo=1&#038;iv_load_policy=1&#038;fs=1&#038;hl=pt-BR&#038;autohide=2&#038;wmode=transparent\" allowfullscreen=\"true\" style=\"border:0;\" sandbox=\"allow-scripts allow-same-origin allow-popups allow-presentation allow-popups-to-escape-sandbox\"><\/iframe><\/span><\/p>\n","protected":false},"excerpt":{"rendered":"<p>Foto: guia.folha.uol.com.br Not\u00edcias que nos enchem de esperan\u00e7a e aquecem o cora\u00e7\u00e3o: &#8211; desde junho de 2017 funciona em S\u00e3o Paulo o Chefs Especiais Caf\u00e9, a primeira cafeteria inclusiva do Brasil, atendida por portadores de\u00a0S\u00edndrome de Down. O projeto \u00e9 uma iniciativa do Instituto Chefs Especiais, que promove a integra\u00e7\u00e3o por meio da gastronomia,\u00a0oferecendo cursos [&hellip;]<\/p>\n","protected":false},"author":5,"featured_media":11707,"comment_status":"open","ping_status":"open","sticky":false,"template":"","format":"standard","meta":{"_acf_changed":false,"jetpack_post_was_ever_published":false,"_jetpack_newsletter_access":"","_jetpack_dont_email_post_to_subs":false,"_jetpack_newsletter_tier_id":0,"_jetpack_memberships_contains_paywalled_content":false,"_jetpack_memberships_contains_paid_content":false,"footnotes":"","jetpack_publicize_message":"","jetpack_publicize_feature_enabled":true,"jetpack_social_post_already_shared":true,"jetpack_social_options":{"image_generator_settings":{"template":"highway","default_image_id":0,"font":"","enabled":false},"version":2}},"categories":[1],"tags":[],"class_list":["post-11705","post","type-post","status-publish","format-standard","has-post-thumbnail","hentry","category-sem-categoria"],"acf":[],"yoast_head":"<!-- This site is optimized with the Yoast SEO plugin v27.3 - https:\/\/yoast.com\/product\/yoast-seo-wordpress\/ -->\n<title>Em S\u00e3o Paulo, Cafeteria \u00c9 Comandada Por Pessoas Com S\u00edndrome de Down | Blog do Guelmann<\/title>\n<meta name=\"robots\" content=\"index, follow, max-snippet:-1, max-image-preview:large, max-video-preview:-1\" \/>\n<link rel=\"canonical\" href=\"https:\/\/gersonguelmann.com.br\/blog\/em-sao-paulo-cafeteria-e-comandada-por-pessoas-com-sindrome-de-down\/\" \/>\n<meta property=\"og:locale\" content=\"pt_BR\" \/>\n<meta property=\"og:type\" content=\"article\" \/>\n<meta property=\"og:title\" content=\"Em S\u00e3o Paulo, Cafeteria \u00c9 Comandada Por Pessoas Com S\u00edndrome de Down | Blog do Guelmann\" \/>\n<meta property=\"og:description\" content=\"Foto: guia.folha.uol.com.br Not\u00edcias que nos enchem de esperan\u00e7a e aquecem o cora\u00e7\u00e3o: &#8211; desde junho de 2017 funciona em S\u00e3o Paulo o Chefs Especiais Caf\u00e9, a primeira cafeteria inclusiva do Brasil, atendida por portadores de\u00a0S\u00edndrome de Down. O projeto \u00e9 uma iniciativa do Instituto Chefs Especiais, que promove a integra\u00e7\u00e3o por meio da gastronomia,\u00a0oferecendo cursos [&hellip;]\" \/>\n<meta property=\"og:url\" content=\"https:\/\/gersonguelmann.com.br\/blog\/em-sao-paulo-cafeteria-e-comandada-por-pessoas-com-sindrome-de-down\/\" \/>\n<meta property=\"og:site_name\" content=\"Blog do Guelmann\" \/>\n<meta property=\"article:published_time\" content=\"2018-04-16T19:11:23+00:00\" \/>\n<meta property=\"article:modified_time\" content=\"2018-04-16T19:21:18+00:00\" \/>\n<meta property=\"og:image\" content=\"https:\/\/i0.wp.com\/gersonguelmann.com.br\/blog\/wp-content\/uploads\/2018\/04\/download-1-3.jpg?fit=275%2C183&ssl=1\" \/>\n\t<meta property=\"og:image:width\" content=\"275\" \/>\n\t<meta property=\"og:image:height\" content=\"183\" \/>\n\t<meta property=\"og:image:type\" content=\"image\/jpeg\" \/>\n<meta name=\"author\" content=\"Gerson Guelmann\" \/>\n<meta name=\"twitter:card\" content=\"summary_large_image\" \/>\n<meta name=\"twitter:label1\" content=\"Escrito por\" \/>\n\t<meta name=\"twitter:data1\" content=\"Gerson Guelmann\" \/>\n\t<meta name=\"twitter:label2\" content=\"Est. tempo de leitura\" \/>\n\t<meta name=\"twitter:data2\" content=\"1 minuto\" \/>\n<script type=\"application\/ld+json\" class=\"yoast-schema-graph\">{\"@context\":\"https:\\\/\\\/schema.org\",\"@graph\":[{\"@type\":\"Article\",\"@id\":\"https:\\\/\\\/gersonguelmann.com.br\\\/blog\\\/em-sao-paulo-cafeteria-e-comandada-por-pessoas-com-sindrome-de-down\\\/#article\",\"isPartOf\":{\"@id\":\"https:\\\/\\\/gersonguelmann.com.br\\\/blog\\\/em-sao-paulo-cafeteria-e-comandada-por-pessoas-com-sindrome-de-down\\\/\"},\"author\":{\"name\":\"Gerson Guelmann\",\"@id\":\"https:\\\/\\\/gersonguelmann.com.br\\\/blog\\\/#\\\/schema\\\/person\\\/87e70e2a786888082f941a482c90569e\"},\"headline\":\"Em S\u00e3o Paulo, Cafeteria \u00c9 Comandada Por Pessoas Com S\u00edndrome de Down\",\"datePublished\":\"2018-04-16T19:11:23+00:00\",\"dateModified\":\"2018-04-16T19:21:18+00:00\",\"mainEntityOfPage\":{\"@id\":\"https:\\\/\\\/gersonguelmann.com.br\\\/blog\\\/em-sao-paulo-cafeteria-e-comandada-por-pessoas-com-sindrome-de-down\\\/\"},\"wordCount\":121,\"commentCount\":0,\"image\":{\"@id\":\"https:\\\/\\\/gersonguelmann.com.br\\\/blog\\\/em-sao-paulo-cafeteria-e-comandada-por-pessoas-com-sindrome-de-down\\\/#primaryimage\"},\"thumbnailUrl\":\"https:\\\/\\\/i0.wp.com\\\/gersonguelmann.com.br\\\/blog\\\/wp-content\\\/uploads\\\/2018\\\/04\\\/download-1-3.jpg?fit=275%2C183&ssl=1\",\"inLanguage\":\"pt-BR\",\"potentialAction\":[{\"@type\":\"CommentAction\",\"name\":\"Comment\",\"target\":[\"https:\\\/\\\/gersonguelmann.com.br\\\/blog\\\/em-sao-paulo-cafeteria-e-comandada-por-pessoas-com-sindrome-de-down\\\/#respond\"]}]},{\"@type\":\"WebPage\",\"@id\":\"https:\\\/\\\/gersonguelmann.com.br\\\/blog\\\/em-sao-paulo-cafeteria-e-comandada-por-pessoas-com-sindrome-de-down\\\/\",\"url\":\"https:\\\/\\\/gersonguelmann.com.br\\\/blog\\\/em-sao-paulo-cafeteria-e-comandada-por-pessoas-com-sindrome-de-down\\\/\",\"name\":\"Em S\u00e3o Paulo, Cafeteria \u00c9 Comandada Por Pessoas Com S\u00edndrome de Down | Blog do Guelmann\",\"isPartOf\":{\"@id\":\"https:\\\/\\\/gersonguelmann.com.br\\\/blog\\\/#website\"},\"primaryImageOfPage\":{\"@id\":\"https:\\\/\\\/gersonguelmann.com.br\\\/blog\\\/em-sao-paulo-cafeteria-e-comandada-por-pessoas-com-sindrome-de-down\\\/#primaryimage\"},\"image\":{\"@id\":\"https:\\\/\\\/gersonguelmann.com.br\\\/blog\\\/em-sao-paulo-cafeteria-e-comandada-por-pessoas-com-sindrome-de-down\\\/#primaryimage\"},\"thumbnailUrl\":\"https:\\\/\\\/i0.wp.com\\\/gersonguelmann.com.br\\\/blog\\\/wp-content\\\/uploads\\\/2018\\\/04\\\/download-1-3.jpg?fit=275%2C183&ssl=1\",\"datePublished\":\"2018-04-16T19:11:23+00:00\",\"dateModified\":\"2018-04-16T19:21:18+00:00\",\"author\":{\"@id\":\"https:\\\/\\\/gersonguelmann.com.br\\\/blog\\\/#\\\/schema\\\/person\\\/87e70e2a786888082f941a482c90569e\"},\"inLanguage\":\"pt-BR\",\"potentialAction\":[{\"@type\":\"ReadAction\",\"target\":[\"https:\\\/\\\/gersonguelmann.com.br\\\/blog\\\/em-sao-paulo-cafeteria-e-comandada-por-pessoas-com-sindrome-de-down\\\/\"]}]},{\"@type\":\"ImageObject\",\"inLanguage\":\"pt-BR\",\"@id\":\"https:\\\/\\\/gersonguelmann.com.br\\\/blog\\\/em-sao-paulo-cafeteria-e-comandada-por-pessoas-com-sindrome-de-down\\\/#primaryimage\",\"url\":\"https:\\\/\\\/i0.wp.com\\\/gersonguelmann.com.br\\\/blog\\\/wp-content\\\/uploads\\\/2018\\\/04\\\/download-1-3.jpg?fit=275%2C183&ssl=1\",\"contentUrl\":\"https:\\\/\\\/i0.wp.com\\\/gersonguelmann.com.br\\\/blog\\\/wp-content\\\/uploads\\\/2018\\\/04\\\/download-1-3.jpg?fit=275%2C183&ssl=1\",\"width\":275,\"height\":183},{\"@type\":\"WebSite\",\"@id\":\"https:\\\/\\\/gersonguelmann.com.br\\\/blog\\\/#website\",\"url\":\"https:\\\/\\\/gersonguelmann.com.br\\\/blog\\\/\",\"name\":\"Blog do Guelmann\",\"description\":\"Pitadas da sabedoria e do humor judaicos, assuntos do momento e um pouco das hist\u00f3rias que vivi e testemunhei.\",\"potentialAction\":[{\"@type\":\"SearchAction\",\"target\":{\"@type\":\"EntryPoint\",\"urlTemplate\":\"https:\\\/\\\/gersonguelmann.com.br\\\/blog\\\/?s={search_term_string}\"},\"query-input\":{\"@type\":\"PropertyValueSpecification\",\"valueRequired\":true,\"valueName\":\"search_term_string\"}}],\"inLanguage\":\"pt-BR\"},{\"@type\":\"Person\",\"@id\":\"https:\\\/\\\/gersonguelmann.com.br\\\/blog\\\/#\\\/schema\\\/person\\\/87e70e2a786888082f941a482c90569e\",\"name\":\"Gerson Guelmann\",\"image\":{\"@type\":\"ImageObject\",\"inLanguage\":\"pt-BR\",\"@id\":\"https:\\\/\\\/i0.wp.com\\\/gersonguelmann.com.br\\\/blog\\\/wp-content\\\/uploads\\\/2021\\\/08\\\/BLOG.jpeg?fit=96%2C96&ssl=1\",\"url\":\"https:\\\/\\\/i0.wp.com\\\/gersonguelmann.com.br\\\/blog\\\/wp-content\\\/uploads\\\/2021\\\/08\\\/BLOG.jpeg?fit=96%2C96&ssl=1\",\"contentUrl\":\"https:\\\/\\\/i0.wp.com\\\/gersonguelmann.com.br\\\/blog\\\/wp-content\\\/uploads\\\/2021\\\/08\\\/BLOG.jpeg?fit=96%2C96&ssl=1\",\"caption\":\"Gerson Guelmann\"},\"description\":\"Pitadas da sabedoria e do humor judaicos, assuntos do momento e um pouco das hist\u00f3rias que vivi e testemunhei.\"}]}<\/script>\n<!-- \/ Yoast SEO plugin. -->","yoast_head_json":{"title":"Em S\u00e3o Paulo, Cafeteria \u00c9 Comandada Por Pessoas Com S\u00edndrome de Down | Blog do Guelmann","robots":{"index":"index","follow":"follow","max-snippet":"max-snippet:-1","max-image-preview":"max-image-preview:large","max-video-preview":"max-video-preview:-1"},"canonical":"https:\/\/gersonguelmann.com.br\/blog\/em-sao-paulo-cafeteria-e-comandada-por-pessoas-com-sindrome-de-down\/","og_locale":"pt_BR","og_type":"article","og_title":"Em S\u00e3o Paulo, Cafeteria \u00c9 Comandada Por Pessoas Com S\u00edndrome de Down | Blog do Guelmann","og_description":"Foto: guia.folha.uol.com.br Not\u00edcias que nos enchem de esperan\u00e7a e aquecem o cora\u00e7\u00e3o: &#8211; desde junho de 2017 funciona em S\u00e3o Paulo o Chefs Especiais Caf\u00e9, a primeira cafeteria inclusiva do Brasil, atendida por portadores de\u00a0S\u00edndrome de Down. O projeto \u00e9 uma iniciativa do Instituto Chefs Especiais, que promove a integra\u00e7\u00e3o por meio da gastronomia,\u00a0oferecendo cursos [&hellip;]","og_url":"https:\/\/gersonguelmann.com.br\/blog\/em-sao-paulo-cafeteria-e-comandada-por-pessoas-com-sindrome-de-down\/","og_site_name":"Blog do Guelmann","article_published_time":"2018-04-16T19:11:23+00:00","article_modified_time":"2018-04-16T19:21:18+00:00","og_image":[{"width":275,"height":183,"url":"https:\/\/i0.wp.com\/gersonguelmann.com.br\/blog\/wp-content\/uploads\/2018\/04\/download-1-3.jpg?fit=275%2C183&ssl=1","type":"image\/jpeg"}],"author":"Gerson Guelmann","twitter_card":"summary_large_image","twitter_misc":{"Escrito por":"Gerson Guelmann","Est. tempo de leitura":"1 minuto"},"schema":{"@context":"https:\/\/schema.org","@graph":[{"@type":"Article","@id":"https:\/\/gersonguelmann.com.br\/blog\/em-sao-paulo-cafeteria-e-comandada-por-pessoas-com-sindrome-de-down\/#article","isPartOf":{"@id":"https:\/\/gersonguelmann.com.br\/blog\/em-sao-paulo-cafeteria-e-comandada-por-pessoas-com-sindrome-de-down\/"},"author":{"name":"Gerson Guelmann","@id":"https:\/\/gersonguelmann.com.br\/blog\/#\/schema\/person\/87e70e2a786888082f941a482c90569e"},"headline":"Em S\u00e3o Paulo, Cafeteria \u00c9 Comandada Por Pessoas Com S\u00edndrome de Down","datePublished":"2018-04-16T19:11:23+00:00","dateModified":"2018-04-16T19:21:18+00:00","mainEntityOfPage":{"@id":"https:\/\/gersonguelmann.com.br\/blog\/em-sao-paulo-cafeteria-e-comandada-por-pessoas-com-sindrome-de-down\/"},"wordCount":121,"commentCount":0,"image":{"@id":"https:\/\/gersonguelmann.com.br\/blog\/em-sao-paulo-cafeteria-e-comandada-por-pessoas-com-sindrome-de-down\/#primaryimage"},"thumbnailUrl":"https:\/\/i0.wp.com\/gersonguelmann.com.br\/blog\/wp-content\/uploads\/2018\/04\/download-1-3.jpg?fit=275%2C183&ssl=1","inLanguage":"pt-BR","potentialAction":[{"@type":"CommentAction","name":"Comment","target":["https:\/\/gersonguelmann.com.br\/blog\/em-sao-paulo-cafeteria-e-comandada-por-pessoas-com-sindrome-de-down\/#respond"]}]},{"@type":"WebPage","@id":"https:\/\/gersonguelmann.com.br\/blog\/em-sao-paulo-cafeteria-e-comandada-por-pessoas-com-sindrome-de-down\/","url":"https:\/\/gersonguelmann.com.br\/blog\/em-sao-paulo-cafeteria-e-comandada-por-pessoas-com-sindrome-de-down\/","name":"Em S\u00e3o Paulo, Cafeteria \u00c9 Comandada Por Pessoas Com S\u00edndrome de Down | Blog do Guelmann","isPartOf":{"@id":"https:\/\/gersonguelmann.com.br\/blog\/#website"},"primaryImageOfPage":{"@id":"https:\/\/gersonguelmann.com.br\/blog\/em-sao-paulo-cafeteria-e-comandada-por-pessoas-com-sindrome-de-down\/#primaryimage"},"image":{"@id":"https:\/\/gersonguelmann.com.br\/blog\/em-sao-paulo-cafeteria-e-comandada-por-pessoas-com-sindrome-de-down\/#primaryimage"},"thumbnailUrl":"https:\/\/i0.wp.com\/gersonguelmann.com.br\/blog\/wp-content\/uploads\/2018\/04\/download-1-3.jpg?fit=275%2C183&ssl=1","datePublished":"2018-04-16T19:11:23+00:00","dateModified":"2018-04-16T19:21:18+00:00","author":{"@id":"https:\/\/gersonguelmann.com.br\/blog\/#\/schema\/person\/87e70e2a786888082f941a482c90569e"},"inLanguage":"pt-BR","potentialAction":[{"@type":"ReadAction","target":["https:\/\/gersonguelmann.com.br\/blog\/em-sao-paulo-cafeteria-e-comandada-por-pessoas-com-sindrome-de-down\/"]}]},{"@type":"ImageObject","inLanguage":"pt-BR","@id":"https:\/\/gersonguelmann.com.br\/blog\/em-sao-paulo-cafeteria-e-comandada-por-pessoas-com-sindrome-de-down\/#primaryimage","url":"https:\/\/i0.wp.com\/gersonguelmann.com.br\/blog\/wp-content\/uploads\/2018\/04\/download-1-3.jpg?fit=275%2C183&ssl=1","contentUrl":"https:\/\/i0.wp.com\/gersonguelmann.com.br\/blog\/wp-content\/uploads\/2018\/04\/download-1-3.jpg?fit=275%2C183&ssl=1","width":275,"height":183},{"@type":"WebSite","@id":"https:\/\/gersonguelmann.com.br\/blog\/#website","url":"https:\/\/gersonguelmann.com.br\/blog\/","name":"Blog do Guelmann","description":"Pitadas da sabedoria e do humor judaicos, assuntos do momento e um pouco das hist\u00f3rias que vivi e testemunhei.","potentialAction":[{"@type":"SearchAction","target":{"@type":"EntryPoint","urlTemplate":"https:\/\/gersonguelmann.com.br\/blog\/?s={search_term_string}"},"query-input":{"@type":"PropertyValueSpecification","valueRequired":true,"valueName":"search_term_string"}}],"inLanguage":"pt-BR"},{"@type":"Person","@id":"https:\/\/gersonguelmann.com.br\/blog\/#\/schema\/person\/87e70e2a786888082f941a482c90569e","name":"Gerson Guelmann","image":{"@type":"ImageObject","inLanguage":"pt-BR","@id":"https:\/\/i0.wp.com\/gersonguelmann.com.br\/blog\/wp-content\/uploads\/2021\/08\/BLOG.jpeg?fit=96%2C96&ssl=1","url":"https:\/\/i0.wp.com\/gersonguelmann.com.br\/blog\/wp-content\/uploads\/2021\/08\/BLOG.jpeg?fit=96%2C96&ssl=1","contentUrl":"https:\/\/i0.wp.com\/gersonguelmann.com.br\/blog\/wp-content\/uploads\/2021\/08\/BLOG.jpeg?fit=96%2C96&ssl=1","caption":"Gerson Guelmann"},"description":"Pitadas da sabedoria e do humor judaicos, assuntos do momento e um pouco das hist\u00f3rias que vivi e testemunhei."}]}},"views":51,"jetpack_publicize_connections":[],"jetpack_featured_media_url":"https:\/\/i0.wp.com\/gersonguelmann.com.br\/blog\/wp-content\/uploads\/2018\/04\/download-1-3.jpg?fit=275%2C183&ssl=1","jetpack_shortlink":"https:\/\/wp.me\/p96e7O-32N","jetpack-related-posts":[{"id":16217,"url":"https:\/\/gersonguelmann.com.br\/blog\/do-geneticista-salmo-raskin-sobre-a-sindrome-de-down\/","url_meta":{"origin":11705,"position":0},"title":"Do Geneticista Salmo Raskin Sobre a S\u00edndrome de Down","author":"Gerson Guelmann","date":"23 de mar\u00e7o de 2019","format":false,"excerpt":"Para marcar o\u00a0Dia Internacional da S\u00edndrome de Down, comemorado esta semana, compartilho artigo do Dr. Salmo Raskin, o primeiro brasileiro a se envolver no projeto Genoma Humano, originalmente publicado na revista Veja em 21\/3\/2017: Sa\u00fade S\u00edndrome de Down: uma condi\u00e7\u00e3o multifatorial? Todo dia 21\/3, em alus\u00e3o aos tr\u00eas cromossomos 21,\u2026","rel":"","context":"Em &quot;Sem categoria&quot;","block_context":{"text":"Sem categoria","link":"https:\/\/gersonguelmann.com.br\/blog\/category\/sem-categoria\/"},"img":{"alt_text":"","src":"https:\/\/i0.wp.com\/gersonguelmann.com.br\/blog\/wp-content\/uploads\/2019\/03\/Down.jpg?fit=405%2C720&ssl=1&resize=350%2C200","width":350,"height":200},"classes":[]},{"id":10528,"url":"https:\/\/gersonguelmann.com.br\/blog\/einstein-procura-voluntarios-com-sindrome-de-down\/","url_meta":{"origin":11705,"position":1},"title":"Einstein Procura Volunt\u00e1rios com S\u00edndrome de Down","author":"Gerson Guelmann","date":"21 de mar\u00e7o de 2018","format":false,"excerpt":"A Sociedade Beneficente Israelita Albert Einstein e o Instituto Israelita de Ensino e Pesquisa est\u00e3o procurando 100 volunt\u00e1rios com S\u00edndrome de Down para teste com medicamento. A pesquisa est\u00e1 sendo conduzida pelo Hospital Israelita Albert Einstein em parceria com a Case Western University, em Cleveland, Estados Unidos. Em S\u00e3o Paulo\u2026","rel":"","context":"Em &quot;Sem categoria&quot;","block_context":{"text":"Sem categoria","link":"https:\/\/gersonguelmann.com.br\/blog\/category\/sem-categoria\/"},"img":{"alt_text":"","src":"https:\/\/i0.wp.com\/gersonguelmann.com.br\/blog\/wp-content\/uploads\/2018\/03\/Down-300x150.jpg?resize=350%2C200&ssl=1","width":350,"height":200},"classes":[]},{"id":16565,"url":"https:\/\/gersonguelmann.com.br\/blog\/homem-com-sindrome-de-down-aposentou-se-depois-de-32-anos-no-mcdonalds\/","url_meta":{"origin":11705,"position":2},"title":"Homem Com S\u00edndrome de Down Aposentou-se Depois de 32 Anos no McDonald\u2019s","author":"Gerson Guelmann","date":"7 de maio de 2019","format":false,"excerpt":"Que maravilha poder compartilhar not\u00edcias que nos mostram que \u00e9 poss\u00edvel um mundo com mais inclus\u00e3o! A mat\u00e9ria \u00e9 do in\u00edcio do ano e foi publicada pelo site MegaCurioso: HOMEM COM S\u00cdNDROME DE DOWN SE APOSENTA AP\u00d3S 32 ANOS NO MCDONALD\u2019S \u00a009\/01\/2019 - DIEGO DENCK (VIA NEXPERTS) - ESTILO DE\u2026","rel":"","context":"Em &quot;Sem categoria&quot;","block_context":{"text":"Sem categoria","link":"https:\/\/gersonguelmann.com.br\/blog\/category\/sem-categoria\/"},"img":{"alt_text":"","src":"https:\/\/i0.wp.com\/gersonguelmann.com.br\/blog\/wp-content\/uploads\/2019\/05\/Russell-O%E2%80%99Grady.jpg?fit=1200%2C1200&ssl=1&resize=350%2C200","width":350,"height":200,"srcset":"https:\/\/i0.wp.com\/gersonguelmann.com.br\/blog\/wp-content\/uploads\/2019\/05\/Russell-O%E2%80%99Grady.jpg?fit=1200%2C1200&ssl=1&resize=350%2C200 1x, https:\/\/i0.wp.com\/gersonguelmann.com.br\/blog\/wp-content\/uploads\/2019\/05\/Russell-O%E2%80%99Grady.jpg?fit=1200%2C1200&ssl=1&resize=525%2C300 1.5x, https:\/\/i0.wp.com\/gersonguelmann.com.br\/blog\/wp-content\/uploads\/2019\/05\/Russell-O%E2%80%99Grady.jpg?fit=1200%2C1200&ssl=1&resize=700%2C400 2x, https:\/\/i0.wp.com\/gersonguelmann.com.br\/blog\/wp-content\/uploads\/2019\/05\/Russell-O%E2%80%99Grady.jpg?fit=1200%2C1200&ssl=1&resize=1050%2C600 3x"},"classes":[]},{"id":2364,"url":"https:\/\/gersonguelmann.com.br\/blog\/jaime-lerner-assina-projeto-do-centro-novo-de-sao-paulo\/","url_meta":{"origin":11705,"position":3},"title":"Jaime Lerner Assina Projeto do Centro Novo de S\u00e3o Paulo","author":"Gerson Guelmann","date":"3 de outubro de 2017","format":false,"excerpt":"Copio abaixo, com satisfa\u00e7\u00e3o, mat\u00e9ria publicada ontem pelo jornal Gazeta do Povo de Curitiba, no caderno Haus. Fa\u00e7o a transcri\u00e7\u00e3o integral em raz\u00e3o da dificuldade que eventualmente poder\u00e1 haver para acessar o link, postado ao final. Ao entregar projeto inovador para SP, Lerner provoca: \u201cCuritiba pode retomar todas as conquistas\u2026","rel":"","context":"Em &quot;Sem categoria&quot;","block_context":{"text":"Sem categoria","link":"https:\/\/gersonguelmann.com.br\/blog\/category\/sem-categoria\/"},"img":{"alt_text":"","src":"https:\/\/i0.wp.com\/gersonguelmann.com.br\/blog\/wp-content\/uploads\/2017\/10\/Haus.jpg?fit=800%2C408&ssl=1&resize=350%2C200","width":350,"height":200,"srcset":"https:\/\/i0.wp.com\/gersonguelmann.com.br\/blog\/wp-content\/uploads\/2017\/10\/Haus.jpg?fit=800%2C408&ssl=1&resize=350%2C200 1x, https:\/\/i0.wp.com\/gersonguelmann.com.br\/blog\/wp-content\/uploads\/2017\/10\/Haus.jpg?fit=800%2C408&ssl=1&resize=525%2C300 1.5x, https:\/\/i0.wp.com\/gersonguelmann.com.br\/blog\/wp-content\/uploads\/2017\/10\/Haus.jpg?fit=800%2C408&ssl=1&resize=700%2C400 2x"},"classes":[]},{"id":6750,"url":"https:\/\/gersonguelmann.com.br\/blog\/breno-viola-tem-faixa-preta-tem-sindrome-de-down-tambem\/","url_meta":{"origin":11705,"position":4},"title":"Breno Viola Tem Faixa Preta. Tem S\u00edndrome de Down Tamb\u00e9m.","author":"Gerson Guelmann","date":"10 de janeiro de 2018","format":false,"excerpt":"Breno Viola \u00e9 a primeira pessoa com S\u00edndrome de Down do mundo a alcan\u00e7ar a faixa preta de jud\u00f4 3\u00b0 Dan.\u00a0 Conhecido por seu ativismo, trabalha em projetos que buscam o\u00a0desenvolvimento social de crian\u00e7as, jovens e adultos. Breno foi um dos condutores do revezamento da Tocha Ol\u00edmpica Rio 2016, e\u00a0ficou\u2026","rel":"","context":"Em &quot;Sem categoria&quot;","block_context":{"text":"Sem categoria","link":"https:\/\/gersonguelmann.com.br\/blog\/category\/sem-categoria\/"},"img":{"alt_text":"","src":"https:\/\/i0.wp.com\/gersonguelmann.com.br\/blog\/wp-content\/uploads\/2018\/01\/BV.jpg?fit=1200%2C900&ssl=1&resize=350%2C200","width":350,"height":200,"srcset":"https:\/\/i0.wp.com\/gersonguelmann.com.br\/blog\/wp-content\/uploads\/2018\/01\/BV.jpg?fit=1200%2C900&ssl=1&resize=350%2C200 1x, https:\/\/i0.wp.com\/gersonguelmann.com.br\/blog\/wp-content\/uploads\/2018\/01\/BV.jpg?fit=1200%2C900&ssl=1&resize=525%2C300 1.5x, https:\/\/i0.wp.com\/gersonguelmann.com.br\/blog\/wp-content\/uploads\/2018\/01\/BV.jpg?fit=1200%2C900&ssl=1&resize=700%2C400 2x, https:\/\/i0.wp.com\/gersonguelmann.com.br\/blog\/wp-content\/uploads\/2018\/01\/BV.jpg?fit=1200%2C900&ssl=1&resize=1050%2C600 3x"},"classes":[]},{"id":14804,"url":"https:\/\/gersonguelmann.com.br\/blog\/autismo-e-sindrome-do-x-fragil\/","url_meta":{"origin":11705,"position":5},"title":"Autismo e S\u00edndrome do X Fr\u00e1gil","author":"Gerson Guelmann","date":"20 de outubro de 2018","format":false,"excerpt":"Nesta segunda-feira acontecer\u00e1 uma palestra sobre \u201cAutismo e S\u00edndrome do X Fr\u00e1gil\u201d, patrocinada pelo Instituto Lico Kaesemodel e pelo Projeto Eu Digo X,\u00a0que tem por objetivo auxiliar e apoiar as pessoas afetadas pela S\u00edndrome do X Fr\u00e1gil e seus familiares.\u00a0 Nele ser\u00e3o abordados temas relativos ao \u201cAutismo e S\u00edndrome do\u2026","rel":"","context":"Em &quot;Sem categoria&quot;","block_context":{"text":"Sem categoria","link":"https:\/\/gersonguelmann.com.br\/blog\/category\/sem-categoria\/"},"img":{"alt_text":"","src":"https:\/\/i0.wp.com\/gersonguelmann.com.br\/blog\/wp-content\/uploads\/2018\/10\/X-Fr%C3%A1gil.jpg?fit=769%2C769&ssl=1&resize=350%2C200","width":350,"height":200,"srcset":"https:\/\/i0.wp.com\/gersonguelmann.com.br\/blog\/wp-content\/uploads\/2018\/10\/X-Fr%C3%A1gil.jpg?fit=769%2C769&ssl=1&resize=350%2C200 1x, https:\/\/i0.wp.com\/gersonguelmann.com.br\/blog\/wp-content\/uploads\/2018\/10\/X-Fr%C3%A1gil.jpg?fit=769%2C769&ssl=1&resize=525%2C300 1.5x, https:\/\/i0.wp.com\/gersonguelmann.com.br\/blog\/wp-content\/uploads\/2018\/10\/X-Fr%C3%A1gil.jpg?fit=769%2C769&ssl=1&resize=700%2C400 2x"},"classes":[]}],"jetpack_sharing_enabled":true,"post_mailing_queue_ids":[],"_links":{"self":[{"href":"https:\/\/gersonguelmann.com.br\/blog\/wp-json\/wp\/v2\/posts\/11705","targetHints":{"allow":["GET"]}}],"collection":[{"href":"https:\/\/gersonguelmann.com.br\/blog\/wp-json\/wp\/v2\/posts"}],"about":[{"href":"https:\/\/gersonguelmann.com.br\/blog\/wp-json\/wp\/v2\/types\/post"}],"author":[{"embeddable":true,"href":"https:\/\/gersonguelmann.com.br\/blog\/wp-json\/wp\/v2\/users\/5"}],"replies":[{"embeddable":true,"href":"https:\/\/gersonguelmann.com.br\/blog\/wp-json\/wp\/v2\/comments?post=11705"}],"version-history":[{"count":0,"href":"https:\/\/gersonguelmann.com.br\/blog\/wp-json\/wp\/v2\/posts\/11705\/revisions"}],"wp:featuredmedia":[{"embeddable":true,"href":"https:\/\/gersonguelmann.com.br\/blog\/wp-json\/wp\/v2\/media\/11707"}],"wp:attachment":[{"href":"https:\/\/gersonguelmann.com.br\/blog\/wp-json\/wp\/v2\/media?parent=11705"}],"wp:term":[{"taxonomy":"category","embeddable":true,"href":"https:\/\/gersonguelmann.com.br\/blog\/wp-json\/wp\/v2\/categories?post=11705"},{"taxonomy":"post_tag","embeddable":true,"href":"https:\/\/gersonguelmann.com.br\/blog\/wp-json\/wp\/v2\/tags?post=11705"}],"curies":[{"name":"wp","href":"https:\/\/api.w.org\/{rel}","templated":true}]}}