    {"id":11711,"date":"2018-04-16T17:08:26","date_gmt":"2018-04-16T20:08:26","guid":{"rendered":"https:\/\/gersonguelmann.com.br\/blog\/?p=11711"},"modified":"2018-04-16T17:08:26","modified_gmt":"2018-04-16T20:08:26","slug":"o-papa-francisco-sempre-ele","status":"publish","type":"post","link":"https:\/\/gersonguelmann.com.br\/blog\/o-papa-francisco-sempre-ele\/","title":{"rendered":"O Papa Francisco, Sempre Ele&#8230;"},"content":{"rendered":"<p><img data-recalc-dims=\"1\" fetchpriority=\"high\" decoding=\"async\" data-attachment-id=\"11712\" data-permalink=\"https:\/\/gersonguelmann.com.br\/blog\/o-papa-francisco-sempre-ele\/papa-3\/\" data-orig-file=\"https:\/\/i0.wp.com\/gersonguelmann.com.br\/blog\/wp-content\/uploads\/2018\/04\/Papa.jpg?fit=275%2C183&amp;ssl=1\" data-orig-size=\"275,183\" data-comments-opened=\"1\" data-image-meta=\"{&quot;aperture&quot;:&quot;0&quot;,&quot;credit&quot;:&quot;&quot;,&quot;camera&quot;:&quot;&quot;,&quot;caption&quot;:&quot;&quot;,&quot;created_timestamp&quot;:&quot;0&quot;,&quot;copyright&quot;:&quot;&quot;,&quot;focal_length&quot;:&quot;0&quot;,&quot;iso&quot;:&quot;0&quot;,&quot;shutter_speed&quot;:&quot;0&quot;,&quot;title&quot;:&quot;&quot;,&quot;orientation&quot;:&quot;0&quot;}\" data-image-title=\"Papa\" data-image-description=\"\" data-image-caption=\"\" data-medium-file=\"https:\/\/i0.wp.com\/gersonguelmann.com.br\/blog\/wp-content\/uploads\/2018\/04\/Papa.jpg?fit=275%2C183&amp;ssl=1\" data-large-file=\"https:\/\/i0.wp.com\/gersonguelmann.com.br\/blog\/wp-content\/uploads\/2018\/04\/Papa.jpg?fit=275%2C183&amp;ssl=1\" class=\"size-full wp-image-11712 aligncenter\" src=\"https:\/\/i0.wp.com\/gersonguelmann.com.br\/blog\/wp-content\/uploads\/2018\/04\/Papa.jpg?resize=275%2C183&#038;ssl=1\" alt=\"\" width=\"275\" height=\"183\" \/><\/p>\n<p><span style=\"color: #000000; font-family: georgia, palatino, serif; font-size: 18pt;\">Do site Uol Not\u00edcias, em mat\u00e9ria publicada hoje:<\/span><\/p>\n<p><span style=\"font-size: 24pt;\"><strong><span style=\"color: #000000;\">Papa consola crian\u00e7a que perguntou se seu pai ateu estava no c\u00e9u<\/span><\/strong><\/span><\/p>\n<p><span style=\"color: #000000; font-size: 14pt;\">Da EFE, na Cidade do Vaticano 15\/04<\/span><\/p>\n<p>&nbsp;<\/p>\n<p><span style=\"color: #000000; font-size: 14pt;\">O papa Francisco afirmou neste domingo que Deus n\u00e3o abandona as pessoas boas, ao responder a uma pergunta feita por um menino que queria saber se seu pai, que era ateu e morreu h\u00e1 pouco tempo, estava no c\u00e9u.<\/span><\/p>\n<p><span style=\"color: #000000; font-size: 14pt;\">Durante uma visita \u00e0 par\u00f3quia do bairro de Corviale, na periferia de Roma, Francisco respondeu \u00e0s perguntas dos fi\u00e9is, entre os quais estava Emanuele, um menino de oito anos, cuja voz estava embargada pelo choro.<\/span><\/p>\n<p><span style=\"color: #000000; font-size: 14pt;\">Diante desta situa\u00e7\u00e3o, o papa lhe encorajou a fazer sua pergunta perto de seu ouvido, lhe abra\u00e7ou e ambos conversaram durante alguns minutos. Posteriormente, o pont\u00edfice pediu permiss\u00e3o ao menino para revelar sua inquieta\u00e7\u00e3o.<\/span><\/p>\n<p><span style=\"color: #000000; font-size: 14pt;\">Francisco explicou ent\u00e3o que Emanuele lhe contou que seu pai havia morrido h\u00e1 pouco tempo e que, embora n\u00e3o fosse crente, tinha batizado seus quatro filhos, mas sua d\u00favida era &#8220;se o papai estava no c\u00e9u&#8221;.<\/span><\/p>\n<p><span style=\"color: #000000; font-size: 14pt;\">&#8220;Que lindo que um filho diga que seu pai era bom. Um lindo testemunho daquele homem para que seus filhos possam dizer dele que era um homem bom. Se esse homem foi capaz de ter filhos assim, \u00e9 verdade que era um grande homem&#8221;,\u00a0declarou o papa.<\/span><\/p>\n<p><span style=\"color: #000000; font-size: 14pt;\">Francisco ressaltou que embora este homem &#8220;n\u00e3o tivesse o dom da f\u00e9, n\u00e3o fosse crente, fez batizar os filhos&#8221; e, perante a d\u00favida de Emanuele, respondeu: &#8220;Quem diz quem vai para o c\u00e9u \u00e9 Deus&#8221;.<\/span><\/p>\n<p><span style=\"color: #000000; font-size: 14pt;\">Ent\u00e3o Francisco perguntou aos presentes: &#8220;Deus abandona seus filhos quando s\u00e3o bons?&#8221;, ao que responderam &#8220;n\u00e3o&#8221; em coro.<\/span><\/p>\n<p><span style=\"color: #000000; font-size: 14pt;\">&#8220;Bom, Emanuele, esta \u00e9 a resposta. Deus seguramente estava orgulhoso do seu pai, porque \u00e9 mais f\u00e1cil batizar os filhos sendo crente que batiz\u00e1-los n\u00e3o sendo crente. E seguramente Deus gostou muito disso&#8221;, acrescentou.<\/span><\/p>\n<p><span style=\"color: #000000; font-size: 14pt;\">E concluiu: &#8220;Fale com seu pai, reza ao seu pai. Obrigado, Emanuele, pela sua valentia &#8220;.<\/span><\/p>\n<p><span style=\"color: #000000; font-size: 14pt;\">Outra das perguntas ao papa foi se todos, &#8220;inclusive os n\u00e3o batizados&#8221;, somos &#8220;filhos de Deus&#8221;, ao que Francisco explicou: &#8220;Somos todos filhos de Deus, inclusive os que s\u00e3o de outras religi\u00f5es distantes&#8221;.<\/span><\/p>\n<p><span style=\"color: #000000; font-size: 14pt;\">&#8220;Inclusive os mafiosos, embora estes prefiram comportar-se como filhos do diabo&#8221;, completou.<\/span><\/p>\n<p><span style=\"color: #000000; font-size: 14pt;\">As crian\u00e7as tamb\u00e9m lhe questionaram sobre o que sentiu quando foi escolhido papa e Francisco respondeu que &#8220;n\u00e3o sentiu medo, nem uma grande alegria (&#8230;), mas uma grande paz&#8221;.<\/span><\/p>\n<p><span style=\"color: #000000; font-family: georgia, palatino, serif; font-size: 18pt;\">Mat\u00e9ria publicada em<\/span><br \/>\n<span style=\"color: #0000ff;\"><em><strong><span style=\"font-family: georgia, palatino, serif; font-size: 18pt;\">https:\/\/noticias.uol.com.br\/ultimas-noticias\/efe\/2018\/04\/15\/papa-consola-crianca-que-perguntou-se-seu-pai-ateu-estava-no-ceu.htm<\/span><\/strong><\/em><\/span><\/p>\n<p><span class=\"embed-youtube\" style=\"text-align:center; display: block;\"><iframe class=\"youtube-player\" width=\"640\" height=\"360\" src=\"https:\/\/www.youtube.com\/embed\/ULU_yoz6PjY?version=3&#038;rel=1&#038;showsearch=0&#038;showinfo=1&#038;iv_load_policy=1&#038;fs=1&#038;hl=pt-BR&#038;autohide=2&#038;wmode=transparent\" allowfullscreen=\"true\" style=\"border:0;\" sandbox=\"allow-scripts allow-same-origin allow-popups allow-presentation allow-popups-to-escape-sandbox\"><\/iframe><\/span><\/p>\n<p>&nbsp;<\/p>\n","protected":false},"excerpt":{"rendered":"<p>Do site Uol Not\u00edcias, em mat\u00e9ria publicada hoje: Papa consola crian\u00e7a que perguntou se seu pai ateu estava no c\u00e9u Da EFE, na Cidade do Vaticano 15\/04 &nbsp; O papa Francisco afirmou neste domingo que Deus n\u00e3o abandona as pessoas boas, ao responder a uma pergunta feita por um menino que queria saber se seu [&hellip;]<\/p>\n","protected":false},"author":5,"featured_media":11712,"comment_status":"open","ping_status":"open","sticky":false,"template":"","format":"standard","meta":{"_acf_changed":false,"jetpack_post_was_ever_published":false,"_jetpack_newsletter_access":"","_jetpack_dont_email_post_to_subs":false,"_jetpack_newsletter_tier_id":0,"_jetpack_memberships_contains_paywalled_content":false,"_jetpack_memberships_contains_paid_content":false,"footnotes":"","jetpack_publicize_message":"","jetpack_publicize_feature_enabled":true,"jetpack_social_post_already_shared":true,"jetpack_social_options":{"image_generator_settings":{"template":"highway","default_image_id":0,"font":"","enabled":false},"version":2}},"categories":[1],"tags":[],"class_list":["post-11711","post","type-post","status-publish","format-standard","has-post-thumbnail","hentry","category-sem-categoria"],"acf":[],"yoast_head":"<!-- This site is optimized with the Yoast SEO plugin v27.3 - https:\/\/yoast.com\/product\/yoast-seo-wordpress\/ -->\n<title>O Papa Francisco, Sempre Ele... | Blog do Guelmann<\/title>\n<meta name=\"robots\" content=\"index, follow, max-snippet:-1, max-image-preview:large, max-video-preview:-1\" \/>\n<link rel=\"canonical\" href=\"https:\/\/gersonguelmann.com.br\/blog\/o-papa-francisco-sempre-ele\/\" \/>\n<meta property=\"og:locale\" content=\"pt_BR\" \/>\n<meta property=\"og:type\" content=\"article\" \/>\n<meta property=\"og:title\" content=\"O Papa Francisco, Sempre Ele... | Blog do Guelmann\" \/>\n<meta property=\"og:description\" content=\"Do site Uol Not\u00edcias, em mat\u00e9ria publicada hoje: Papa consola crian\u00e7a que perguntou se seu pai ateu estava no c\u00e9u Da EFE, na Cidade do Vaticano 15\/04 &nbsp; O papa Francisco afirmou neste domingo que Deus n\u00e3o abandona as pessoas boas, ao responder a uma pergunta feita por um menino que queria saber se seu [&hellip;]\" \/>\n<meta property=\"og:url\" content=\"https:\/\/gersonguelmann.com.br\/blog\/o-papa-francisco-sempre-ele\/\" \/>\n<meta property=\"og:site_name\" content=\"Blog do Guelmann\" \/>\n<meta property=\"article:published_time\" content=\"2018-04-16T20:08:26+00:00\" \/>\n<meta property=\"og:image\" content=\"https:\/\/i0.wp.com\/gersonguelmann.com.br\/blog\/wp-content\/uploads\/2018\/04\/Papa.jpg?fit=275%2C183&ssl=1\" \/>\n\t<meta property=\"og:image:width\" content=\"275\" \/>\n\t<meta property=\"og:image:height\" content=\"183\" \/>\n\t<meta property=\"og:image:type\" content=\"image\/jpeg\" \/>\n<meta name=\"author\" content=\"Gerson Guelmann\" \/>\n<meta name=\"twitter:card\" content=\"summary_large_image\" \/>\n<meta name=\"twitter:label1\" content=\"Escrito por\" \/>\n\t<meta name=\"twitter:data1\" content=\"Gerson Guelmann\" \/>\n\t<meta name=\"twitter:label2\" content=\"Est. tempo de leitura\" \/>\n\t<meta name=\"twitter:data2\" content=\"2 minutos\" \/>\n<script type=\"application\/ld+json\" class=\"yoast-schema-graph\">{\"@context\":\"https:\\\/\\\/schema.org\",\"@graph\":[{\"@type\":\"Article\",\"@id\":\"https:\\\/\\\/gersonguelmann.com.br\\\/blog\\\/o-papa-francisco-sempre-ele\\\/#article\",\"isPartOf\":{\"@id\":\"https:\\\/\\\/gersonguelmann.com.br\\\/blog\\\/o-papa-francisco-sempre-ele\\\/\"},\"author\":{\"name\":\"Gerson Guelmann\",\"@id\":\"https:\\\/\\\/gersonguelmann.com.br\\\/blog\\\/#\\\/schema\\\/person\\\/87e70e2a786888082f941a482c90569e\"},\"headline\":\"O Papa Francisco, Sempre Ele&#8230;\",\"datePublished\":\"2018-04-16T20:08:26+00:00\",\"mainEntityOfPage\":{\"@id\":\"https:\\\/\\\/gersonguelmann.com.br\\\/blog\\\/o-papa-francisco-sempre-ele\\\/\"},\"wordCount\":449,\"commentCount\":0,\"image\":{\"@id\":\"https:\\\/\\\/gersonguelmann.com.br\\\/blog\\\/o-papa-francisco-sempre-ele\\\/#primaryimage\"},\"thumbnailUrl\":\"https:\\\/\\\/i0.wp.com\\\/gersonguelmann.com.br\\\/blog\\\/wp-content\\\/uploads\\\/2018\\\/04\\\/Papa.jpg?fit=275%2C183&ssl=1\",\"inLanguage\":\"pt-BR\",\"potentialAction\":[{\"@type\":\"CommentAction\",\"name\":\"Comment\",\"target\":[\"https:\\\/\\\/gersonguelmann.com.br\\\/blog\\\/o-papa-francisco-sempre-ele\\\/#respond\"]}]},{\"@type\":\"WebPage\",\"@id\":\"https:\\\/\\\/gersonguelmann.com.br\\\/blog\\\/o-papa-francisco-sempre-ele\\\/\",\"url\":\"https:\\\/\\\/gersonguelmann.com.br\\\/blog\\\/o-papa-francisco-sempre-ele\\\/\",\"name\":\"O Papa Francisco, Sempre Ele... | Blog do Guelmann\",\"isPartOf\":{\"@id\":\"https:\\\/\\\/gersonguelmann.com.br\\\/blog\\\/#website\"},\"primaryImageOfPage\":{\"@id\":\"https:\\\/\\\/gersonguelmann.com.br\\\/blog\\\/o-papa-francisco-sempre-ele\\\/#primaryimage\"},\"image\":{\"@id\":\"https:\\\/\\\/gersonguelmann.com.br\\\/blog\\\/o-papa-francisco-sempre-ele\\\/#primaryimage\"},\"thumbnailUrl\":\"https:\\\/\\\/i0.wp.com\\\/gersonguelmann.com.br\\\/blog\\\/wp-content\\\/uploads\\\/2018\\\/04\\\/Papa.jpg?fit=275%2C183&ssl=1\",\"datePublished\":\"2018-04-16T20:08:26+00:00\",\"author\":{\"@id\":\"https:\\\/\\\/gersonguelmann.com.br\\\/blog\\\/#\\\/schema\\\/person\\\/87e70e2a786888082f941a482c90569e\"},\"inLanguage\":\"pt-BR\",\"potentialAction\":[{\"@type\":\"ReadAction\",\"target\":[\"https:\\\/\\\/gersonguelmann.com.br\\\/blog\\\/o-papa-francisco-sempre-ele\\\/\"]}]},{\"@type\":\"ImageObject\",\"inLanguage\":\"pt-BR\",\"@id\":\"https:\\\/\\\/gersonguelmann.com.br\\\/blog\\\/o-papa-francisco-sempre-ele\\\/#primaryimage\",\"url\":\"https:\\\/\\\/i0.wp.com\\\/gersonguelmann.com.br\\\/blog\\\/wp-content\\\/uploads\\\/2018\\\/04\\\/Papa.jpg?fit=275%2C183&ssl=1\",\"contentUrl\":\"https:\\\/\\\/i0.wp.com\\\/gersonguelmann.com.br\\\/blog\\\/wp-content\\\/uploads\\\/2018\\\/04\\\/Papa.jpg?fit=275%2C183&ssl=1\",\"width\":275,\"height\":183},{\"@type\":\"WebSite\",\"@id\":\"https:\\\/\\\/gersonguelmann.com.br\\\/blog\\\/#website\",\"url\":\"https:\\\/\\\/gersonguelmann.com.br\\\/blog\\\/\",\"name\":\"Blog do Guelmann\",\"description\":\"Pitadas da sabedoria e do humor judaicos, assuntos do momento e um pouco das hist\u00f3rias que vivi e testemunhei.\",\"potentialAction\":[{\"@type\":\"SearchAction\",\"target\":{\"@type\":\"EntryPoint\",\"urlTemplate\":\"https:\\\/\\\/gersonguelmann.com.br\\\/blog\\\/?s={search_term_string}\"},\"query-input\":{\"@type\":\"PropertyValueSpecification\",\"valueRequired\":true,\"valueName\":\"search_term_string\"}}],\"inLanguage\":\"pt-BR\"},{\"@type\":\"Person\",\"@id\":\"https:\\\/\\\/gersonguelmann.com.br\\\/blog\\\/#\\\/schema\\\/person\\\/87e70e2a786888082f941a482c90569e\",\"name\":\"Gerson Guelmann\",\"image\":{\"@type\":\"ImageObject\",\"inLanguage\":\"pt-BR\",\"@id\":\"https:\\\/\\\/i0.wp.com\\\/gersonguelmann.com.br\\\/blog\\\/wp-content\\\/uploads\\\/2021\\\/08\\\/BLOG.jpeg?fit=96%2C96&ssl=1\",\"url\":\"https:\\\/\\\/i0.wp.com\\\/gersonguelmann.com.br\\\/blog\\\/wp-content\\\/uploads\\\/2021\\\/08\\\/BLOG.jpeg?fit=96%2C96&ssl=1\",\"contentUrl\":\"https:\\\/\\\/i0.wp.com\\\/gersonguelmann.com.br\\\/blog\\\/wp-content\\\/uploads\\\/2021\\\/08\\\/BLOG.jpeg?fit=96%2C96&ssl=1\",\"caption\":\"Gerson Guelmann\"},\"description\":\"Pitadas da sabedoria e do humor judaicos, assuntos do momento e um pouco das hist\u00f3rias que vivi e testemunhei.\"}]}<\/script>\n<!-- \/ Yoast SEO plugin. -->","yoast_head_json":{"title":"O Papa Francisco, Sempre Ele... | Blog do Guelmann","robots":{"index":"index","follow":"follow","max-snippet":"max-snippet:-1","max-image-preview":"max-image-preview:large","max-video-preview":"max-video-preview:-1"},"canonical":"https:\/\/gersonguelmann.com.br\/blog\/o-papa-francisco-sempre-ele\/","og_locale":"pt_BR","og_type":"article","og_title":"O Papa Francisco, Sempre Ele... | Blog do Guelmann","og_description":"Do site Uol Not\u00edcias, em mat\u00e9ria publicada hoje: Papa consola crian\u00e7a que perguntou se seu pai ateu estava no c\u00e9u Da EFE, na Cidade do Vaticano 15\/04 &nbsp; O papa Francisco afirmou neste domingo que Deus n\u00e3o abandona as pessoas boas, ao responder a uma pergunta feita por um menino que queria saber se seu [&hellip;]","og_url":"https:\/\/gersonguelmann.com.br\/blog\/o-papa-francisco-sempre-ele\/","og_site_name":"Blog do Guelmann","article_published_time":"2018-04-16T20:08:26+00:00","og_image":[{"width":275,"height":183,"url":"https:\/\/i0.wp.com\/gersonguelmann.com.br\/blog\/wp-content\/uploads\/2018\/04\/Papa.jpg?fit=275%2C183&ssl=1","type":"image\/jpeg"}],"author":"Gerson Guelmann","twitter_card":"summary_large_image","twitter_misc":{"Escrito por":"Gerson Guelmann","Est. tempo de leitura":"2 minutos"},"schema":{"@context":"https:\/\/schema.org","@graph":[{"@type":"Article","@id":"https:\/\/gersonguelmann.com.br\/blog\/o-papa-francisco-sempre-ele\/#article","isPartOf":{"@id":"https:\/\/gersonguelmann.com.br\/blog\/o-papa-francisco-sempre-ele\/"},"author":{"name":"Gerson Guelmann","@id":"https:\/\/gersonguelmann.com.br\/blog\/#\/schema\/person\/87e70e2a786888082f941a482c90569e"},"headline":"O Papa Francisco, Sempre Ele&#8230;","datePublished":"2018-04-16T20:08:26+00:00","mainEntityOfPage":{"@id":"https:\/\/gersonguelmann.com.br\/blog\/o-papa-francisco-sempre-ele\/"},"wordCount":449,"commentCount":0,"image":{"@id":"https:\/\/gersonguelmann.com.br\/blog\/o-papa-francisco-sempre-ele\/#primaryimage"},"thumbnailUrl":"https:\/\/i0.wp.com\/gersonguelmann.com.br\/blog\/wp-content\/uploads\/2018\/04\/Papa.jpg?fit=275%2C183&ssl=1","inLanguage":"pt-BR","potentialAction":[{"@type":"CommentAction","name":"Comment","target":["https:\/\/gersonguelmann.com.br\/blog\/o-papa-francisco-sempre-ele\/#respond"]}]},{"@type":"WebPage","@id":"https:\/\/gersonguelmann.com.br\/blog\/o-papa-francisco-sempre-ele\/","url":"https:\/\/gersonguelmann.com.br\/blog\/o-papa-francisco-sempre-ele\/","name":"O Papa Francisco, Sempre Ele... | Blog do Guelmann","isPartOf":{"@id":"https:\/\/gersonguelmann.com.br\/blog\/#website"},"primaryImageOfPage":{"@id":"https:\/\/gersonguelmann.com.br\/blog\/o-papa-francisco-sempre-ele\/#primaryimage"},"image":{"@id":"https:\/\/gersonguelmann.com.br\/blog\/o-papa-francisco-sempre-ele\/#primaryimage"},"thumbnailUrl":"https:\/\/i0.wp.com\/gersonguelmann.com.br\/blog\/wp-content\/uploads\/2018\/04\/Papa.jpg?fit=275%2C183&ssl=1","datePublished":"2018-04-16T20:08:26+00:00","author":{"@id":"https:\/\/gersonguelmann.com.br\/blog\/#\/schema\/person\/87e70e2a786888082f941a482c90569e"},"inLanguage":"pt-BR","potentialAction":[{"@type":"ReadAction","target":["https:\/\/gersonguelmann.com.br\/blog\/o-papa-francisco-sempre-ele\/"]}]},{"@type":"ImageObject","inLanguage":"pt-BR","@id":"https:\/\/gersonguelmann.com.br\/blog\/o-papa-francisco-sempre-ele\/#primaryimage","url":"https:\/\/i0.wp.com\/gersonguelmann.com.br\/blog\/wp-content\/uploads\/2018\/04\/Papa.jpg?fit=275%2C183&ssl=1","contentUrl":"https:\/\/i0.wp.com\/gersonguelmann.com.br\/blog\/wp-content\/uploads\/2018\/04\/Papa.jpg?fit=275%2C183&ssl=1","width":275,"height":183},{"@type":"WebSite","@id":"https:\/\/gersonguelmann.com.br\/blog\/#website","url":"https:\/\/gersonguelmann.com.br\/blog\/","name":"Blog do Guelmann","description":"Pitadas da sabedoria e do humor judaicos, assuntos do momento e um pouco das hist\u00f3rias que vivi e testemunhei.","potentialAction":[{"@type":"SearchAction","target":{"@type":"EntryPoint","urlTemplate":"https:\/\/gersonguelmann.com.br\/blog\/?s={search_term_string}"},"query-input":{"@type":"PropertyValueSpecification","valueRequired":true,"valueName":"search_term_string"}}],"inLanguage":"pt-BR"},{"@type":"Person","@id":"https:\/\/gersonguelmann.com.br\/blog\/#\/schema\/person\/87e70e2a786888082f941a482c90569e","name":"Gerson Guelmann","image":{"@type":"ImageObject","inLanguage":"pt-BR","@id":"https:\/\/i0.wp.com\/gersonguelmann.com.br\/blog\/wp-content\/uploads\/2021\/08\/BLOG.jpeg?fit=96%2C96&ssl=1","url":"https:\/\/i0.wp.com\/gersonguelmann.com.br\/blog\/wp-content\/uploads\/2021\/08\/BLOG.jpeg?fit=96%2C96&ssl=1","contentUrl":"https:\/\/i0.wp.com\/gersonguelmann.com.br\/blog\/wp-content\/uploads\/2021\/08\/BLOG.jpeg?fit=96%2C96&ssl=1","caption":"Gerson Guelmann"},"description":"Pitadas da sabedoria e do humor judaicos, assuntos do momento e um pouco das hist\u00f3rias que vivi e testemunhei."}]}},"views":71,"jetpack_publicize_connections":[],"jetpack_featured_media_url":"https:\/\/i0.wp.com\/gersonguelmann.com.br\/blog\/wp-content\/uploads\/2018\/04\/Papa.jpg?fit=275%2C183&ssl=1","jetpack_shortlink":"https:\/\/wp.me\/p96e7O-32T","jetpack-related-posts":[{"id":26404,"url":"https:\/\/gersonguelmann.com.br\/blog\/tres-na-quarta-de-humor-judaico-59\/","url_meta":{"origin":11711,"position":0},"title":"Tr\u00eas na Quarta de Humor Judaico","author":"Gerson Guelmann","date":"22 de outubro de 2025","format":false,"excerpt":"Um Milagre, Uma Cobran\u00e7a A av\u00f3 judia estava na praia com o neto. O menino brincava na parte mais rasa, enquanto ela o observava de longe, sem querer molhar os p\u00e9s na \u00e1gua fria. Subitamente, do nada, surgiu a maior onda que ela j\u00e1 havia visto \u2014 e arrebentou exatamente\u2026","rel":"","context":"Em &quot;Sem categoria&quot;","block_context":{"text":"Sem categoria","link":"https:\/\/gersonguelmann.com.br\/blog\/category\/sem-categoria\/"},"img":{"alt_text":"","src":"https:\/\/i0.wp.com\/gersonguelmann.com.br\/blog\/wp-content\/uploads\/2025\/10\/HojePR-12.jpg?fit=600%2C450&ssl=1&resize=350%2C200","width":350,"height":200,"srcset":"https:\/\/i0.wp.com\/gersonguelmann.com.br\/blog\/wp-content\/uploads\/2025\/10\/HojePR-12.jpg?fit=600%2C450&ssl=1&resize=350%2C200 1x, https:\/\/i0.wp.com\/gersonguelmann.com.br\/blog\/wp-content\/uploads\/2025\/10\/HojePR-12.jpg?fit=600%2C450&ssl=1&resize=525%2C300 1.5x"},"classes":[]},{"id":23405,"url":"https:\/\/gersonguelmann.com.br\/blog\/sexta-do-humor-e-da-cultura-judaica-morris-o-ateu-e-o-momento-de-perigo\/","url_meta":{"origin":11711,"position":1},"title":"Sexta do Humor e da Cultura Judaica \u2013 Morris, o Ateu, e o Momento de Perigo","author":"Gerson Guelmann","date":"3 de maio de 2024","format":false,"excerpt":"Morris, o Ateu, e o Momento de Perigo Morris Goldstein nasceu em um lar judeu, assim foi criado e sempre seguiu os fundamentos da religi\u00e3o, at\u00e9 que, j\u00e1 maduro, decidiu tornar-se ateu. Desde jovem ele apreciava a natureza e tinha o h\u00e1bito de acampar nas florestas da regi\u00e3o onde morava,\u2026","rel":"","context":"Em &quot;Sem categoria&quot;","block_context":{"text":"Sem categoria","link":"https:\/\/gersonguelmann.com.br\/blog\/category\/sem-categoria\/"},"img":{"alt_text":"","src":"https:\/\/i0.wp.com\/gersonguelmann.com.br\/blog\/wp-content\/uploads\/2024\/05\/HojePR-1-scaled.jpg?fit=900%2C1200&ssl=1&resize=350%2C200","width":350,"height":200,"srcset":"https:\/\/i0.wp.com\/gersonguelmann.com.br\/blog\/wp-content\/uploads\/2024\/05\/HojePR-1-scaled.jpg?fit=900%2C1200&ssl=1&resize=350%2C200 1x, https:\/\/i0.wp.com\/gersonguelmann.com.br\/blog\/wp-content\/uploads\/2024\/05\/HojePR-1-scaled.jpg?fit=900%2C1200&ssl=1&resize=525%2C300 1.5x, https:\/\/i0.wp.com\/gersonguelmann.com.br\/blog\/wp-content\/uploads\/2024\/05\/HojePR-1-scaled.jpg?fit=900%2C1200&ssl=1&resize=700%2C400 2x"},"classes":[]},{"id":7830,"url":"https:\/\/gersonguelmann.com.br\/blog\/jaco-o-homem-mais-famoso-do-mundo\/","url_meta":{"origin":11711,"position":2},"title":"Jac\u00f3, o Homem Mais Famoso do Mundo","author":"Gerson Guelmann","date":"17 de maio de 2023","format":false,"excerpt":"Jac\u00f3 conseguiu um novo emprego, estava indo bem no trabalho, e j\u00e1 na segunda semana, batendo papo com o patr\u00e3o, saiu-se com esta: - \"Chefe, eu conhe\u00e7o todas as pessoas no mundo\". Obviamente o chefe achou aquilo muito estranho e imaginou que o novo funcion\u00e1rio n\u00e3o era muito bom da\u2026","rel":"","context":"Em &quot;Sem categoria&quot;","block_context":{"text":"Sem categoria","link":"https:\/\/gersonguelmann.com.br\/blog\/category\/sem-categoria\/"},"img":{"alt_text":"","src":"https:\/\/i0.wp.com\/gersonguelmann.com.br\/blog\/wp-content\/uploads\/2018\/01\/Papa-1.jpg?resize=350%2C200&ssl=1","width":350,"height":200},"classes":[]},{"id":20910,"url":"https:\/\/gersonguelmann.com.br\/blog\/brasileira-salvou-crianca-de-maus-tratos-na-florida\/","url_meta":{"origin":11711,"position":3},"title":"Brasileira Salvou Crian\u00e7a de Maus Tratos na Fl\u00f3rida","author":"Gerson Guelmann","date":"16 de janeiro de 2021","format":false,"excerpt":"Repercutiu muito nos Estados Unidos a atitude de uma brasileira que permitiu que a pol\u00edcia prendesse a m\u00e3e e o padrasto de um menino de 11 anos por maus tratos. Flaviane Carvalho \u00e9 gar\u00e7onete do restaurante Mr. Potato, em Orlando, e o fato aconteceu no ano novo, exatamente dia 1\u00ba,\u2026","rel":"","context":"Em &quot;Sem categoria&quot;","block_context":{"text":"Sem categoria","link":"https:\/\/gersonguelmann.com.br\/blog\/category\/sem-categoria\/"},"img":{"alt_text":"","src":"https:\/\/i0.wp.com\/gersonguelmann.com.br\/blog\/wp-content\/uploads\/2021\/01\/POLICIA.png?fit=660%2C371&ssl=1&resize=350%2C200","width":350,"height":200,"srcset":"https:\/\/i0.wp.com\/gersonguelmann.com.br\/blog\/wp-content\/uploads\/2021\/01\/POLICIA.png?fit=660%2C371&ssl=1&resize=350%2C200 1x, https:\/\/i0.wp.com\/gersonguelmann.com.br\/blog\/wp-content\/uploads\/2021\/01\/POLICIA.png?fit=660%2C371&ssl=1&resize=525%2C300 1.5x"},"classes":[]},{"id":22389,"url":"https:\/\/gersonguelmann.com.br\/blog\/pilulas-de-humor-judaico-29\/","url_meta":{"origin":11711,"position":4},"title":"P\u00edlulas de Humor Judaico (29)","author":"Gerson Guelmann","date":"12 de agosto de 2021","format":false,"excerpt":"O Judeu Ateu Um judeu j\u00e1 muito assimilado e tendo se tornado ferrenho ateu decidiu mandar seu filho para a Escola Sant\u00edssima Trindade. Fez isso porque apesar do nome e das ra\u00edzes denominacionais, era uma \u00f3tima escola e como n\u00e3o era mais mantida pela igreja, era completamente secular.\u00a0 Depois de\u2026","rel":"","context":"Em &quot;Sem categoria&quot;","block_context":{"text":"Sem categoria","link":"https:\/\/gersonguelmann.com.br\/blog\/category\/sem-categoria\/"},"img":{"alt_text":"","src":"https:\/\/i0.wp.com\/gersonguelmann.com.br\/blog\/wp-content\/uploads\/2021\/08\/SOPA-scaled.jpg?fit=800%2C1200&ssl=1&resize=350%2C200","width":350,"height":200,"srcset":"https:\/\/i0.wp.com\/gersonguelmann.com.br\/blog\/wp-content\/uploads\/2021\/08\/SOPA-scaled.jpg?fit=800%2C1200&ssl=1&resize=350%2C200 1x, https:\/\/i0.wp.com\/gersonguelmann.com.br\/blog\/wp-content\/uploads\/2021\/08\/SOPA-scaled.jpg?fit=800%2C1200&ssl=1&resize=525%2C300 1.5x, https:\/\/i0.wp.com\/gersonguelmann.com.br\/blog\/wp-content\/uploads\/2021\/08\/SOPA-scaled.jpg?fit=800%2C1200&ssl=1&resize=700%2C400 2x"},"classes":[]},{"id":6908,"url":"https:\/\/gersonguelmann.com.br\/blog\/vesperas-alphonsus-de-guimaraens\/","url_meta":{"origin":11711,"position":5},"title":"V\u00e9speras &#8211; Alphonsus de Guimaraens","author":"Gerson Guelmann","date":"12 de janeiro de 2018","format":false,"excerpt":"Ism\u00e1lia Quando Ism\u00e1lia enlouqueceu, P\u00f4s-se na torre a sonhar\u2026 Viu uma lua no c\u00e9u, Viu outra lua no mar. No sonho em que se perdeu, Banhou-se toda em luar\u2026 Queria subir ao c\u00e9u, Queria descer ao mar\u2026 E, no desvario seu, Na torre p\u00f4s-se a cantar\u2026 Estava perto do c\u00e9u,\u2026","rel":"","context":"Em &quot;Sem categoria&quot;","block_context":{"text":"Sem categoria","link":"https:\/\/gersonguelmann.com.br\/blog\/category\/sem-categoria\/"},"img":{"alt_text":"","src":"https:\/\/i0.wp.com\/gersonguelmann.com.br\/blog\/wp-content\/uploads\/2018\/01\/AG.jpg?fit=750%2C1061&ssl=1&resize=350%2C200","width":350,"height":200,"srcset":"https:\/\/i0.wp.com\/gersonguelmann.com.br\/blog\/wp-content\/uploads\/2018\/01\/AG.jpg?fit=750%2C1061&ssl=1&resize=350%2C200 1x, https:\/\/i0.wp.com\/gersonguelmann.com.br\/blog\/wp-content\/uploads\/2018\/01\/AG.jpg?fit=750%2C1061&ssl=1&resize=525%2C300 1.5x, https:\/\/i0.wp.com\/gersonguelmann.com.br\/blog\/wp-content\/uploads\/2018\/01\/AG.jpg?fit=750%2C1061&ssl=1&resize=700%2C400 2x"},"classes":[]}],"jetpack_sharing_enabled":true,"post_mailing_queue_ids":[],"_links":{"self":[{"href":"https:\/\/gersonguelmann.com.br\/blog\/wp-json\/wp\/v2\/posts\/11711","targetHints":{"allow":["GET"]}}],"collection":[{"href":"https:\/\/gersonguelmann.com.br\/blog\/wp-json\/wp\/v2\/posts"}],"about":[{"href":"https:\/\/gersonguelmann.com.br\/blog\/wp-json\/wp\/v2\/types\/post"}],"author":[{"embeddable":true,"href":"https:\/\/gersonguelmann.com.br\/blog\/wp-json\/wp\/v2\/users\/5"}],"replies":[{"embeddable":true,"href":"https:\/\/gersonguelmann.com.br\/blog\/wp-json\/wp\/v2\/comments?post=11711"}],"version-history":[{"count":0,"href":"https:\/\/gersonguelmann.com.br\/blog\/wp-json\/wp\/v2\/posts\/11711\/revisions"}],"wp:featuredmedia":[{"embeddable":true,"href":"https:\/\/gersonguelmann.com.br\/blog\/wp-json\/wp\/v2\/media\/11712"}],"wp:attachment":[{"href":"https:\/\/gersonguelmann.com.br\/blog\/wp-json\/wp\/v2\/media?parent=11711"}],"wp:term":[{"taxonomy":"category","embeddable":true,"href":"https:\/\/gersonguelmann.com.br\/blog\/wp-json\/wp\/v2\/categories?post=11711"},{"taxonomy":"post_tag","embeddable":true,"href":"https:\/\/gersonguelmann.com.br\/blog\/wp-json\/wp\/v2\/tags?post=11711"}],"curies":[{"name":"wp","href":"https:\/\/api.w.org\/{rel}","templated":true}]}}