    {"id":11715,"date":"2018-04-16T17:57:53","date_gmt":"2018-04-16T20:57:53","guid":{"rendered":"https:\/\/gersonguelmann.com.br\/blog\/?p=11715"},"modified":"2018-04-16T17:59:54","modified_gmt":"2018-04-16T20:59:54","slug":"intencao-de-voto-para-presidente-em-abril-desde-1989","status":"publish","type":"post","link":"https:\/\/gersonguelmann.com.br\/blog\/intencao-de-voto-para-presidente-em-abril-desde-1989\/","title":{"rendered":"Inten\u00e7\u00e3o de Voto para Presidente em Abril Desde 1989"},"content":{"rendered":"<p><span style=\"color: #000000; font-family: georgia, palatino, serif; font-size: 18pt;\">Foi divulgada neste final de semana a primeira pesquisa de inten\u00e7\u00e3o de votos para presidente feita ap\u00f3s a pris\u00e3o do ex-presidente Lula.<\/span><\/p>\n<p><span style=\"color: #000000; font-family: georgia, palatino, serif; font-size: 18pt;\">V\u00e1rios cen\u00e1rios foram colocados, simulando situa\u00e7\u00f5es pass\u00edveis de acontecer, com e sem a presen\u00e7a dele.<\/span><\/p>\n<p><span style=\"color: #000000; font-family: georgia, palatino, serif; font-size: 18pt;\">Hoje a Folha de S\u00e3o Paulo traz uma mat\u00e9ria interessante, mostrando que desde 1989 nenhum presidente eleito tinha menos de 17% nas pesquisas feitas no m\u00eas de abril.<\/span><\/p>\n<p><span style=\"color: #000000; font-family: georgia, palatino, serif; font-size: 18pt;\">De acordo com o levantamento do Datafolha, era a seguinte a situa\u00e7\u00e3o dos eleitos, no m\u00eas de abril:<\/span><\/p>\n<p><span style=\"color: #000000; font-size: 18pt;\">1989 \u2013 Fernando Collor de Mello (ent\u00e3o no\u00a0PRN)\u00a0\u2013 17% em abril<br \/>\nTotal de candidatos: 22<\/span><\/p>\n<p><span style=\"color: #000000; font-size: 18pt;\">1994 &#8211; Fernando Henrique Cardoso (PSDB) \u2013 21% em abril<br \/>\nTotal de candidatos: 8<\/span><\/p>\n<p><span style=\"color: #000000; font-size: 18pt;\">1998 \u2013 Fernando Henrique Cardoso (PSDB) \u2013 41% em abril<br \/>\nTotal de candidatos: 12<\/span><\/p>\n<p><span style=\"color: #000000; font-size: 18pt;\">2002 &#8211; Luiz In\u00e1cio Lula da Silva (PT) \u2013 31% em abril<br \/>\nTotal de candidatos: 6<\/span><\/p>\n<p><span style=\"color: #000000; font-size: 18pt;\">2006 &#8211; Luiz In\u00e1cio Lula da Silva (PT) \u2013 40% em abril<br \/>\nTotal de candidatos: 7<\/span><\/p>\n<p><span style=\"color: #000000; font-size: 18pt;\">2010 &#8211; Dilma Rousseff (PT) \u2013 28% em abril<br \/>\nTotal de candidatos: 9<\/span><\/p>\n<p><span style=\"color: #000000; font-size: 18pt;\">2014 &#8211; Dilma Rousseff (PT) \u2013 38% em abril<br \/>\nTotal de candidatos: 11<\/span><\/p>\n<p><span style=\"color: #000000; font-family: georgia, palatino, serif; font-size: 18pt;\">Veja a reportagem completa <span style=\"color: #0000ff;\"><em><strong><a style=\"color: #0000ff;\" href=\"https:\/\/noticias.uol.com.br\/politica\/ultimas-noticias\/2018\/04\/16\/presidentes-eleitos-desde-1989-tinham-ao-menos-17-das-intencoes-de-voto-em-abril.htm\">clicando aqui<\/a><\/strong><\/em><\/span><\/span><\/p>\n<p><img data-recalc-dims=\"1\" fetchpriority=\"high\" decoding=\"async\" data-attachment-id=\"11716\" data-permalink=\"https:\/\/gersonguelmann.com.br\/blog\/intencao-de-voto-para-presidente-em-abril-desde-1989\/pesquisa-2\/\" data-orig-file=\"https:\/\/i0.wp.com\/gersonguelmann.com.br\/blog\/wp-content\/uploads\/2018\/04\/Pesquisa.jpeg?fit=1880%2C1245&amp;ssl=1\" data-orig-size=\"1880,1245\" data-comments-opened=\"1\" data-image-meta=\"{&quot;aperture&quot;:&quot;0&quot;,&quot;credit&quot;:&quot;&quot;,&quot;camera&quot;:&quot;&quot;,&quot;caption&quot;:&quot;&quot;,&quot;created_timestamp&quot;:&quot;0&quot;,&quot;copyright&quot;:&quot;&quot;,&quot;focal_length&quot;:&quot;0&quot;,&quot;iso&quot;:&quot;0&quot;,&quot;shutter_speed&quot;:&quot;0&quot;,&quot;title&quot;:&quot;&quot;,&quot;orientation&quot;:&quot;0&quot;}\" data-image-title=\"Pesquisa\" data-image-description=\"\" data-image-caption=\"\" data-medium-file=\"https:\/\/i0.wp.com\/gersonguelmann.com.br\/blog\/wp-content\/uploads\/2018\/04\/Pesquisa.jpeg?fit=300%2C199&amp;ssl=1\" data-large-file=\"https:\/\/i0.wp.com\/gersonguelmann.com.br\/blog\/wp-content\/uploads\/2018\/04\/Pesquisa.jpeg?fit=640%2C424&amp;ssl=1\" class=\"size-medium wp-image-11716 aligncenter\" src=\"https:\/\/i0.wp.com\/gersonguelmann.com.br\/blog\/wp-content\/uploads\/2018\/04\/Pesquisa.jpeg?resize=300%2C199&#038;ssl=1\" alt=\"\" width=\"300\" height=\"199\" srcset=\"https:\/\/i0.wp.com\/gersonguelmann.com.br\/blog\/wp-content\/uploads\/2018\/04\/Pesquisa.jpeg?resize=300%2C199&amp;ssl=1 300w, https:\/\/i0.wp.com\/gersonguelmann.com.br\/blog\/wp-content\/uploads\/2018\/04\/Pesquisa.jpeg?resize=768%2C509&amp;ssl=1 768w, https:\/\/i0.wp.com\/gersonguelmann.com.br\/blog\/wp-content\/uploads\/2018\/04\/Pesquisa.jpeg?resize=1024%2C678&amp;ssl=1 1024w, https:\/\/i0.wp.com\/gersonguelmann.com.br\/blog\/wp-content\/uploads\/2018\/04\/Pesquisa.jpeg?resize=750%2C500&amp;ssl=1 750w, https:\/\/i0.wp.com\/gersonguelmann.com.br\/blog\/wp-content\/uploads\/2018\/04\/Pesquisa.jpeg?w=1880&amp;ssl=1 1880w, https:\/\/i0.wp.com\/gersonguelmann.com.br\/blog\/wp-content\/uploads\/2018\/04\/Pesquisa.jpeg?w=1280&amp;ssl=1 1280w\" sizes=\"(max-width: 300px) 100vw, 300px\" \/><\/p>\n<p>&nbsp;<\/p>\n","protected":false},"excerpt":{"rendered":"<p>Foi divulgada neste final de semana a primeira pesquisa de inten\u00e7\u00e3o de votos para presidente feita ap\u00f3s a pris\u00e3o do ex-presidente Lula. V\u00e1rios cen\u00e1rios foram colocados, simulando situa\u00e7\u00f5es pass\u00edveis de acontecer, com e sem a presen\u00e7a dele. Hoje a Folha de S\u00e3o Paulo traz uma mat\u00e9ria interessante, mostrando que desde 1989 nenhum presidente eleito tinha [&hellip;]<\/p>\n","protected":false},"author":5,"featured_media":11716,"comment_status":"open","ping_status":"open","sticky":false,"template":"","format":"standard","meta":{"_acf_changed":false,"jetpack_post_was_ever_published":false,"_jetpack_newsletter_access":"","_jetpack_dont_email_post_to_subs":false,"_jetpack_newsletter_tier_id":0,"_jetpack_memberships_contains_paywalled_content":false,"_jetpack_memberships_contains_paid_content":false,"footnotes":"","jetpack_publicize_message":"","jetpack_publicize_feature_enabled":true,"jetpack_social_post_already_shared":true,"jetpack_social_options":{"image_generator_settings":{"template":"highway","default_image_id":0,"font":"","enabled":false},"version":2}},"categories":[1],"tags":[],"class_list":["post-11715","post","type-post","status-publish","format-standard","has-post-thumbnail","hentry","category-sem-categoria"],"acf":[],"yoast_head":"<!-- This site is optimized with the Yoast SEO plugin v27.3 - https:\/\/yoast.com\/product\/yoast-seo-wordpress\/ -->\n<title>Inten\u00e7\u00e3o de Voto para Presidente em Abril Desde 1989 | Blog do Guelmann<\/title>\n<meta name=\"robots\" content=\"index, follow, max-snippet:-1, max-image-preview:large, max-video-preview:-1\" \/>\n<link rel=\"canonical\" href=\"https:\/\/gersonguelmann.com.br\/blog\/intencao-de-voto-para-presidente-em-abril-desde-1989\/\" \/>\n<meta property=\"og:locale\" content=\"pt_BR\" \/>\n<meta property=\"og:type\" content=\"article\" \/>\n<meta property=\"og:title\" content=\"Inten\u00e7\u00e3o de Voto para Presidente em Abril Desde 1989 | Blog do Guelmann\" \/>\n<meta property=\"og:description\" content=\"Foi divulgada neste final de semana a primeira pesquisa de inten\u00e7\u00e3o de votos para presidente feita ap\u00f3s a pris\u00e3o do ex-presidente Lula. V\u00e1rios cen\u00e1rios foram colocados, simulando situa\u00e7\u00f5es pass\u00edveis de acontecer, com e sem a presen\u00e7a dele. Hoje a Folha de S\u00e3o Paulo traz uma mat\u00e9ria interessante, mostrando que desde 1989 nenhum presidente eleito tinha [&hellip;]\" \/>\n<meta property=\"og:url\" content=\"https:\/\/gersonguelmann.com.br\/blog\/intencao-de-voto-para-presidente-em-abril-desde-1989\/\" \/>\n<meta property=\"og:site_name\" content=\"Blog do Guelmann\" \/>\n<meta property=\"article:published_time\" content=\"2018-04-16T20:57:53+00:00\" \/>\n<meta property=\"article:modified_time\" content=\"2018-04-16T20:59:54+00:00\" \/>\n<meta property=\"og:image\" content=\"https:\/\/i0.wp.com\/gersonguelmann.com.br\/blog\/wp-content\/uploads\/2018\/04\/Pesquisa.jpeg?fit=1880%2C1245&ssl=1\" \/>\n\t<meta property=\"og:image:width\" content=\"1880\" \/>\n\t<meta property=\"og:image:height\" content=\"1245\" \/>\n\t<meta property=\"og:image:type\" content=\"image\/jpeg\" \/>\n<meta name=\"author\" content=\"Gerson Guelmann\" \/>\n<meta name=\"twitter:card\" content=\"summary_large_image\" \/>\n<meta name=\"twitter:label1\" content=\"Escrito por\" \/>\n\t<meta name=\"twitter:data1\" content=\"Gerson Guelmann\" \/>\n\t<meta name=\"twitter:label2\" content=\"Est. tempo de leitura\" \/>\n\t<meta name=\"twitter:data2\" content=\"1 minuto\" \/>\n<script type=\"application\/ld+json\" class=\"yoast-schema-graph\">{\"@context\":\"https:\\\/\\\/schema.org\",\"@graph\":[{\"@type\":\"Article\",\"@id\":\"https:\\\/\\\/gersonguelmann.com.br\\\/blog\\\/intencao-de-voto-para-presidente-em-abril-desde-1989\\\/#article\",\"isPartOf\":{\"@id\":\"https:\\\/\\\/gersonguelmann.com.br\\\/blog\\\/intencao-de-voto-para-presidente-em-abril-desde-1989\\\/\"},\"author\":{\"name\":\"Gerson Guelmann\",\"@id\":\"https:\\\/\\\/gersonguelmann.com.br\\\/blog\\\/#\\\/schema\\\/person\\\/87e70e2a786888082f941a482c90569e\"},\"headline\":\"Inten\u00e7\u00e3o de Voto para Presidente em Abril Desde 1989\",\"datePublished\":\"2018-04-16T20:57:53+00:00\",\"dateModified\":\"2018-04-16T20:59:54+00:00\",\"mainEntityOfPage\":{\"@id\":\"https:\\\/\\\/gersonguelmann.com.br\\\/blog\\\/intencao-de-voto-para-presidente-em-abril-desde-1989\\\/\"},\"wordCount\":186,\"commentCount\":0,\"image\":{\"@id\":\"https:\\\/\\\/gersonguelmann.com.br\\\/blog\\\/intencao-de-voto-para-presidente-em-abril-desde-1989\\\/#primaryimage\"},\"thumbnailUrl\":\"https:\\\/\\\/i0.wp.com\\\/gersonguelmann.com.br\\\/blog\\\/wp-content\\\/uploads\\\/2018\\\/04\\\/Pesquisa.jpeg?fit=1880%2C1245&ssl=1\",\"inLanguage\":\"pt-BR\",\"potentialAction\":[{\"@type\":\"CommentAction\",\"name\":\"Comment\",\"target\":[\"https:\\\/\\\/gersonguelmann.com.br\\\/blog\\\/intencao-de-voto-para-presidente-em-abril-desde-1989\\\/#respond\"]}]},{\"@type\":\"WebPage\",\"@id\":\"https:\\\/\\\/gersonguelmann.com.br\\\/blog\\\/intencao-de-voto-para-presidente-em-abril-desde-1989\\\/\",\"url\":\"https:\\\/\\\/gersonguelmann.com.br\\\/blog\\\/intencao-de-voto-para-presidente-em-abril-desde-1989\\\/\",\"name\":\"Inten\u00e7\u00e3o de Voto para Presidente em Abril Desde 1989 | Blog do Guelmann\",\"isPartOf\":{\"@id\":\"https:\\\/\\\/gersonguelmann.com.br\\\/blog\\\/#website\"},\"primaryImageOfPage\":{\"@id\":\"https:\\\/\\\/gersonguelmann.com.br\\\/blog\\\/intencao-de-voto-para-presidente-em-abril-desde-1989\\\/#primaryimage\"},\"image\":{\"@id\":\"https:\\\/\\\/gersonguelmann.com.br\\\/blog\\\/intencao-de-voto-para-presidente-em-abril-desde-1989\\\/#primaryimage\"},\"thumbnailUrl\":\"https:\\\/\\\/i0.wp.com\\\/gersonguelmann.com.br\\\/blog\\\/wp-content\\\/uploads\\\/2018\\\/04\\\/Pesquisa.jpeg?fit=1880%2C1245&ssl=1\",\"datePublished\":\"2018-04-16T20:57:53+00:00\",\"dateModified\":\"2018-04-16T20:59:54+00:00\",\"author\":{\"@id\":\"https:\\\/\\\/gersonguelmann.com.br\\\/blog\\\/#\\\/schema\\\/person\\\/87e70e2a786888082f941a482c90569e\"},\"inLanguage\":\"pt-BR\",\"potentialAction\":[{\"@type\":\"ReadAction\",\"target\":[\"https:\\\/\\\/gersonguelmann.com.br\\\/blog\\\/intencao-de-voto-para-presidente-em-abril-desde-1989\\\/\"]}]},{\"@type\":\"ImageObject\",\"inLanguage\":\"pt-BR\",\"@id\":\"https:\\\/\\\/gersonguelmann.com.br\\\/blog\\\/intencao-de-voto-para-presidente-em-abril-desde-1989\\\/#primaryimage\",\"url\":\"https:\\\/\\\/i0.wp.com\\\/gersonguelmann.com.br\\\/blog\\\/wp-content\\\/uploads\\\/2018\\\/04\\\/Pesquisa.jpeg?fit=1880%2C1245&ssl=1\",\"contentUrl\":\"https:\\\/\\\/i0.wp.com\\\/gersonguelmann.com.br\\\/blog\\\/wp-content\\\/uploads\\\/2018\\\/04\\\/Pesquisa.jpeg?fit=1880%2C1245&ssl=1\",\"width\":1880,\"height\":1245},{\"@type\":\"WebSite\",\"@id\":\"https:\\\/\\\/gersonguelmann.com.br\\\/blog\\\/#website\",\"url\":\"https:\\\/\\\/gersonguelmann.com.br\\\/blog\\\/\",\"name\":\"Blog do Guelmann\",\"description\":\"Pitadas da sabedoria e do humor judaicos, assuntos do momento e um pouco das hist\u00f3rias que vivi e testemunhei.\",\"potentialAction\":[{\"@type\":\"SearchAction\",\"target\":{\"@type\":\"EntryPoint\",\"urlTemplate\":\"https:\\\/\\\/gersonguelmann.com.br\\\/blog\\\/?s={search_term_string}\"},\"query-input\":{\"@type\":\"PropertyValueSpecification\",\"valueRequired\":true,\"valueName\":\"search_term_string\"}}],\"inLanguage\":\"pt-BR\"},{\"@type\":\"Person\",\"@id\":\"https:\\\/\\\/gersonguelmann.com.br\\\/blog\\\/#\\\/schema\\\/person\\\/87e70e2a786888082f941a482c90569e\",\"name\":\"Gerson Guelmann\",\"image\":{\"@type\":\"ImageObject\",\"inLanguage\":\"pt-BR\",\"@id\":\"https:\\\/\\\/i0.wp.com\\\/gersonguelmann.com.br\\\/blog\\\/wp-content\\\/uploads\\\/2021\\\/08\\\/BLOG.jpeg?fit=96%2C96&ssl=1\",\"url\":\"https:\\\/\\\/i0.wp.com\\\/gersonguelmann.com.br\\\/blog\\\/wp-content\\\/uploads\\\/2021\\\/08\\\/BLOG.jpeg?fit=96%2C96&ssl=1\",\"contentUrl\":\"https:\\\/\\\/i0.wp.com\\\/gersonguelmann.com.br\\\/blog\\\/wp-content\\\/uploads\\\/2021\\\/08\\\/BLOG.jpeg?fit=96%2C96&ssl=1\",\"caption\":\"Gerson Guelmann\"},\"description\":\"Pitadas da sabedoria e do humor judaicos, assuntos do momento e um pouco das hist\u00f3rias que vivi e testemunhei.\"}]}<\/script>\n<!-- \/ Yoast SEO plugin. -->","yoast_head_json":{"title":"Inten\u00e7\u00e3o de Voto para Presidente em Abril Desde 1989 | Blog do Guelmann","robots":{"index":"index","follow":"follow","max-snippet":"max-snippet:-1","max-image-preview":"max-image-preview:large","max-video-preview":"max-video-preview:-1"},"canonical":"https:\/\/gersonguelmann.com.br\/blog\/intencao-de-voto-para-presidente-em-abril-desde-1989\/","og_locale":"pt_BR","og_type":"article","og_title":"Inten\u00e7\u00e3o de Voto para Presidente em Abril Desde 1989 | Blog do Guelmann","og_description":"Foi divulgada neste final de semana a primeira pesquisa de inten\u00e7\u00e3o de votos para presidente feita ap\u00f3s a pris\u00e3o do ex-presidente Lula. V\u00e1rios cen\u00e1rios foram colocados, simulando situa\u00e7\u00f5es pass\u00edveis de acontecer, com e sem a presen\u00e7a dele. Hoje a Folha de S\u00e3o Paulo traz uma mat\u00e9ria interessante, mostrando que desde 1989 nenhum presidente eleito tinha [&hellip;]","og_url":"https:\/\/gersonguelmann.com.br\/blog\/intencao-de-voto-para-presidente-em-abril-desde-1989\/","og_site_name":"Blog do Guelmann","article_published_time":"2018-04-16T20:57:53+00:00","article_modified_time":"2018-04-16T20:59:54+00:00","og_image":[{"width":1880,"height":1245,"url":"https:\/\/i0.wp.com\/gersonguelmann.com.br\/blog\/wp-content\/uploads\/2018\/04\/Pesquisa.jpeg?fit=1880%2C1245&ssl=1","type":"image\/jpeg"}],"author":"Gerson Guelmann","twitter_card":"summary_large_image","twitter_misc":{"Escrito por":"Gerson Guelmann","Est. tempo de leitura":"1 minuto"},"schema":{"@context":"https:\/\/schema.org","@graph":[{"@type":"Article","@id":"https:\/\/gersonguelmann.com.br\/blog\/intencao-de-voto-para-presidente-em-abril-desde-1989\/#article","isPartOf":{"@id":"https:\/\/gersonguelmann.com.br\/blog\/intencao-de-voto-para-presidente-em-abril-desde-1989\/"},"author":{"name":"Gerson Guelmann","@id":"https:\/\/gersonguelmann.com.br\/blog\/#\/schema\/person\/87e70e2a786888082f941a482c90569e"},"headline":"Inten\u00e7\u00e3o de Voto para Presidente em Abril Desde 1989","datePublished":"2018-04-16T20:57:53+00:00","dateModified":"2018-04-16T20:59:54+00:00","mainEntityOfPage":{"@id":"https:\/\/gersonguelmann.com.br\/blog\/intencao-de-voto-para-presidente-em-abril-desde-1989\/"},"wordCount":186,"commentCount":0,"image":{"@id":"https:\/\/gersonguelmann.com.br\/blog\/intencao-de-voto-para-presidente-em-abril-desde-1989\/#primaryimage"},"thumbnailUrl":"https:\/\/i0.wp.com\/gersonguelmann.com.br\/blog\/wp-content\/uploads\/2018\/04\/Pesquisa.jpeg?fit=1880%2C1245&ssl=1","inLanguage":"pt-BR","potentialAction":[{"@type":"CommentAction","name":"Comment","target":["https:\/\/gersonguelmann.com.br\/blog\/intencao-de-voto-para-presidente-em-abril-desde-1989\/#respond"]}]},{"@type":"WebPage","@id":"https:\/\/gersonguelmann.com.br\/blog\/intencao-de-voto-para-presidente-em-abril-desde-1989\/","url":"https:\/\/gersonguelmann.com.br\/blog\/intencao-de-voto-para-presidente-em-abril-desde-1989\/","name":"Inten\u00e7\u00e3o de Voto para Presidente em Abril Desde 1989 | Blog do Guelmann","isPartOf":{"@id":"https:\/\/gersonguelmann.com.br\/blog\/#website"},"primaryImageOfPage":{"@id":"https:\/\/gersonguelmann.com.br\/blog\/intencao-de-voto-para-presidente-em-abril-desde-1989\/#primaryimage"},"image":{"@id":"https:\/\/gersonguelmann.com.br\/blog\/intencao-de-voto-para-presidente-em-abril-desde-1989\/#primaryimage"},"thumbnailUrl":"https:\/\/i0.wp.com\/gersonguelmann.com.br\/blog\/wp-content\/uploads\/2018\/04\/Pesquisa.jpeg?fit=1880%2C1245&ssl=1","datePublished":"2018-04-16T20:57:53+00:00","dateModified":"2018-04-16T20:59:54+00:00","author":{"@id":"https:\/\/gersonguelmann.com.br\/blog\/#\/schema\/person\/87e70e2a786888082f941a482c90569e"},"inLanguage":"pt-BR","potentialAction":[{"@type":"ReadAction","target":["https:\/\/gersonguelmann.com.br\/blog\/intencao-de-voto-para-presidente-em-abril-desde-1989\/"]}]},{"@type":"ImageObject","inLanguage":"pt-BR","@id":"https:\/\/gersonguelmann.com.br\/blog\/intencao-de-voto-para-presidente-em-abril-desde-1989\/#primaryimage","url":"https:\/\/i0.wp.com\/gersonguelmann.com.br\/blog\/wp-content\/uploads\/2018\/04\/Pesquisa.jpeg?fit=1880%2C1245&ssl=1","contentUrl":"https:\/\/i0.wp.com\/gersonguelmann.com.br\/blog\/wp-content\/uploads\/2018\/04\/Pesquisa.jpeg?fit=1880%2C1245&ssl=1","width":1880,"height":1245},{"@type":"WebSite","@id":"https:\/\/gersonguelmann.com.br\/blog\/#website","url":"https:\/\/gersonguelmann.com.br\/blog\/","name":"Blog do Guelmann","description":"Pitadas da sabedoria e do humor judaicos, assuntos do momento e um pouco das hist\u00f3rias que vivi e testemunhei.","potentialAction":[{"@type":"SearchAction","target":{"@type":"EntryPoint","urlTemplate":"https:\/\/gersonguelmann.com.br\/blog\/?s={search_term_string}"},"query-input":{"@type":"PropertyValueSpecification","valueRequired":true,"valueName":"search_term_string"}}],"inLanguage":"pt-BR"},{"@type":"Person","@id":"https:\/\/gersonguelmann.com.br\/blog\/#\/schema\/person\/87e70e2a786888082f941a482c90569e","name":"Gerson Guelmann","image":{"@type":"ImageObject","inLanguage":"pt-BR","@id":"https:\/\/i0.wp.com\/gersonguelmann.com.br\/blog\/wp-content\/uploads\/2021\/08\/BLOG.jpeg?fit=96%2C96&ssl=1","url":"https:\/\/i0.wp.com\/gersonguelmann.com.br\/blog\/wp-content\/uploads\/2021\/08\/BLOG.jpeg?fit=96%2C96&ssl=1","contentUrl":"https:\/\/i0.wp.com\/gersonguelmann.com.br\/blog\/wp-content\/uploads\/2021\/08\/BLOG.jpeg?fit=96%2C96&ssl=1","caption":"Gerson Guelmann"},"description":"Pitadas da sabedoria e do humor judaicos, assuntos do momento e um pouco das hist\u00f3rias que vivi e testemunhei."}]}},"views":37,"jetpack_publicize_connections":[],"jetpack_featured_media_url":"https:\/\/i0.wp.com\/gersonguelmann.com.br\/blog\/wp-content\/uploads\/2018\/04\/Pesquisa.jpeg?fit=1880%2C1245&ssl=1","jetpack_shortlink":"https:\/\/wp.me\/p96e7O-32X","jetpack-related-posts":[{"id":13978,"url":"https:\/\/gersonguelmann.com.br\/blog\/da-prisao-em-curitiba-lula-comentara-a-copa\/","url_meta":{"origin":11715,"position":0},"title":"Da Pris\u00e3o Em Curitiba, Lula Comentar\u00e1 a Copa","author":"Gerson Guelmann","date":"14 de junho de 2018","format":false,"excerpt":"Eu sei que \u00e9 dif\u00edcil acreditar, mas foi publicado hoje por v\u00e1rios sites, um dos quais o Terra: COPA DO MUNDO Lula 'comentar\u00e1' jogos da Copa do Mundo em TV p\u00fablica O ex-presidente enviar\u00e1 textos para o programa de Jos\u00e9 Trajano 14 JUN2018 -\u00a020h28 - atualizado \u00e0s 20h47 O ex-presidente\u2026","rel":"","context":"Em &quot;Sem categoria&quot;","block_context":{"text":"Sem categoria","link":"https:\/\/gersonguelmann.com.br\/blog\/category\/sem-categoria\/"},"img":{"alt_text":"","src":"https:\/\/i0.wp.com\/gersonguelmann.com.br\/blog\/wp-content\/uploads\/2018\/06\/Lula.png?fit=400%2C300&ssl=1&resize=350%2C200","width":350,"height":200},"classes":[]},{"id":15825,"url":"https:\/\/gersonguelmann.com.br\/blog\/visitas-de-haddad-a-lula-serao-controladas\/","url_meta":{"origin":11715,"position":1},"title":"Visitas de Haddad a Lula Ser\u00e3o Controladas","author":"Gerson Guelmann","date":"26 de janeiro de 2019","format":false,"excerpt":"Mat\u00e9ria publicada hoje pelo site Jovem Pan informa que a ju\u00edza\u00a0Carolina Lebbos Moura, respons\u00e1vel pela 12\u00aa Vara Federal de Curitiba e que responde pelas Execu\u00e7\u00f5es Penais, decidiu regular as visitas que vinham sendo feitas ao ex-Presidente Lula.\u00a0 Leia:\u00a0 Lula n\u00e3o poder\u00e1 mais receber Haddad e religiosos a qualquer momento, decide\u2026","rel":"","context":"Em &quot;Sem categoria&quot;","block_context":{"text":"Sem categoria","link":"https:\/\/gersonguelmann.com.br\/blog\/category\/sem-categoria\/"},"img":{"alt_text":"","src":"https:\/\/i0.wp.com\/gersonguelmann.com.br\/blog\/wp-content\/uploads\/2019\/01\/Lula.jpg?resize=350%2C200&ssl=1","width":350,"height":200},"classes":[]},{"id":12428,"url":"https:\/\/gersonguelmann.com.br\/blog\/gleisi-podera-visitar-lula\/","url_meta":{"origin":11715,"position":2},"title":"Gleisi Poder\u00e1 Visitar Lula","author":"Gerson Guelmann","date":"3 de maio de 2018","format":false,"excerpt":"Not\u00edcia que acaba de ser publicada: BRASIL Amigos e aliados s\u00e3o autorizados a visitar Lula \u00e0s 5\u00aa feiras Presidente nacional do PT, senadora Gleisi Hoffmann, e o ex-ministro Jaques Wagner foram autorizados a estar com ex-presidente Por\u00a0Daniel Weterman, do Estad\u00e3o Conte\u00fado 3 maio 2018, 17h48 S\u00e3o Paulo \u2013 A Justi\u00e7a\u2026","rel":"","context":"Em &quot;Sem categoria&quot;","block_context":{"text":"Sem categoria","link":"https:\/\/gersonguelmann.com.br\/blog\/category\/sem-categoria\/"},"img":{"alt_text":"","src":"https:\/\/i0.wp.com\/gersonguelmann.com.br\/blog\/wp-content\/uploads\/2018\/05\/a18nzwweqyu2lstclx3lis6rv.jpg?fit=652%2C408&ssl=1&resize=350%2C200","width":350,"height":200,"srcset":"https:\/\/i0.wp.com\/gersonguelmann.com.br\/blog\/wp-content\/uploads\/2018\/05\/a18nzwweqyu2lstclx3lis6rv.jpg?fit=652%2C408&ssl=1&resize=350%2C200 1x, https:\/\/i0.wp.com\/gersonguelmann.com.br\/blog\/wp-content\/uploads\/2018\/05\/a18nzwweqyu2lstclx3lis6rv.jpg?fit=652%2C408&ssl=1&resize=525%2C300 1.5x"},"classes":[]},{"id":13362,"url":"https:\/\/gersonguelmann.com.br\/blog\/petroleiros-entrarao-em-greve-4a-feira-e-mole\/","url_meta":{"origin":11715,"position":3},"title":"Petroleiros Entrar\u00e3o Em Greve 4\u00aa Feira. \u00c9 Mole?","author":"Gerson Guelmann","date":"27 de maio de 2018","format":false,"excerpt":"Do jornal Gazeta do Povo de Curitiba (PR), publicado no final da noite de s\u00e1bado, para mostrar que nada est\u00e1 t\u00e3o ruim que n\u00e3o possa ser piorado: Os petroleiros criticam as privatiza\u00e7\u00f5es e querem a demiss\u00e3o de Pedro Parente, presidente da Petrobras.\u00a0 Foto: Gabriel Lord\u00eallo\/Petrobras A FUP (Federa\u00e7\u00e3o \u00danica dos\u2026","rel":"","context":"Em &quot;Sem categoria&quot;","block_context":{"text":"Sem categoria","link":"https:\/\/gersonguelmann.com.br\/blog\/category\/sem-categoria\/"},"img":{"alt_text":"","src":"https:\/\/i0.wp.com\/gersonguelmann.com.br\/blog\/wp-content\/uploads\/2018\/05\/Conteudo22509-1348-kZmB-U2034340464662GH-1024x683%40GP-Web.jpg?fit=1024%2C683&ssl=1&resize=350%2C200","width":350,"height":200,"srcset":"https:\/\/i0.wp.com\/gersonguelmann.com.br\/blog\/wp-content\/uploads\/2018\/05\/Conteudo22509-1348-kZmB-U2034340464662GH-1024x683%40GP-Web.jpg?fit=1024%2C683&ssl=1&resize=350%2C200 1x, https:\/\/i0.wp.com\/gersonguelmann.com.br\/blog\/wp-content\/uploads\/2018\/05\/Conteudo22509-1348-kZmB-U2034340464662GH-1024x683%40GP-Web.jpg?fit=1024%2C683&ssl=1&resize=525%2C300 1.5x, https:\/\/i0.wp.com\/gersonguelmann.com.br\/blog\/wp-content\/uploads\/2018\/05\/Conteudo22509-1348-kZmB-U2034340464662GH-1024x683%40GP-Web.jpg?fit=1024%2C683&ssl=1&resize=700%2C400 2x"},"classes":[]},{"id":13231,"url":"https:\/\/gersonguelmann.com.br\/blog\/lula-saira-da-cadeia-dia-5-de-junho-por-poucas-horas\/","url_meta":{"origin":11715,"position":4},"title":"Lula Sair\u00e1 da Cadeia Dia 5 de Junho. Por Poucas Horas.","author":"Gerson Guelmann","date":"24 de maio de 2018","format":false,"excerpt":"Mat\u00e9ria da revista Isto\u00c9: BRASIL Lula deixar\u00e1 cela na PF para depor como testemunha de Cabral Estad\u00e3o Conte\u00fado 23\/05\/18 - 17h56 - Atualizado em 23\/05\/18 - 18h52 Pela primeira vez desde o dia 7 de abril, quando foi preso para cumprir pena na Lava Jato, o ex-presidente Luiz In\u00e1cio Lula\u2026","rel":"","context":"Em &quot;Sem categoria&quot;","block_context":{"text":"Sem categoria","link":"https:\/\/gersonguelmann.com.br\/blog\/category\/sem-categoria\/"},"img":{"alt_text":"","src":"https:\/\/i0.wp.com\/gersonguelmann.com.br\/blog\/wp-content\/uploads\/2018\/05\/lula4.jpg?fit=984%2C657&ssl=1&resize=350%2C200","width":350,"height":200,"srcset":"https:\/\/i0.wp.com\/gersonguelmann.com.br\/blog\/wp-content\/uploads\/2018\/05\/lula4.jpg?fit=984%2C657&ssl=1&resize=350%2C200 1x, https:\/\/i0.wp.com\/gersonguelmann.com.br\/blog\/wp-content\/uploads\/2018\/05\/lula4.jpg?fit=984%2C657&ssl=1&resize=525%2C300 1.5x, https:\/\/i0.wp.com\/gersonguelmann.com.br\/blog\/wp-content\/uploads\/2018\/05\/lula4.jpg?fit=984%2C657&ssl=1&resize=700%2C400 2x"},"classes":[]},{"id":12711,"url":"https:\/\/gersonguelmann.com.br\/blog\/lula-e-a-cozinha-do-sitio\/","url_meta":{"origin":11715,"position":5},"title":"Lula e a Cozinha do S\u00edtio","author":"Gerson Guelmann","date":"9 de maio de 2018","format":false,"excerpt":"Os principais Blogs de Pol\u00edtica est\u00e3o repercutindo hoje as declara\u00e7\u00f5es dadas por\u00a0Gilberto Carvalho em depoimento ao juiz S\u00e9rgio Moro da 13\u00aa Vara da Justi\u00e7a Federal, em Curitiba, na condi\u00e7\u00e3o de testemunha de defesa do ex-presidente Lula. O ex-ministro mencionou o desejo manifestado por Lula de um dia adquirir o s\u00edtio\u2026","rel":"","context":"Em &quot;Sem categoria&quot;","block_context":{"text":"Sem categoria","link":"https:\/\/gersonguelmann.com.br\/blog\/category\/sem-categoria\/"},"img":{"alt_text":"","src":"https:\/\/i0.wp.com\/gersonguelmann.com.br\/blog\/wp-content\/uploads\/2018\/05\/AGE20160205118-1545-k3oC-U102476757017IeF-1024x576%40GP-Web.jpg?fit=1024%2C576&ssl=1&resize=350%2C200","width":350,"height":200,"srcset":"https:\/\/i0.wp.com\/gersonguelmann.com.br\/blog\/wp-content\/uploads\/2018\/05\/AGE20160205118-1545-k3oC-U102476757017IeF-1024x576%40GP-Web.jpg?fit=1024%2C576&ssl=1&resize=350%2C200 1x, https:\/\/i0.wp.com\/gersonguelmann.com.br\/blog\/wp-content\/uploads\/2018\/05\/AGE20160205118-1545-k3oC-U102476757017IeF-1024x576%40GP-Web.jpg?fit=1024%2C576&ssl=1&resize=525%2C300 1.5x, https:\/\/i0.wp.com\/gersonguelmann.com.br\/blog\/wp-content\/uploads\/2018\/05\/AGE20160205118-1545-k3oC-U102476757017IeF-1024x576%40GP-Web.jpg?fit=1024%2C576&ssl=1&resize=700%2C400 2x"},"classes":[]}],"jetpack_sharing_enabled":true,"post_mailing_queue_ids":[],"_links":{"self":[{"href":"https:\/\/gersonguelmann.com.br\/blog\/wp-json\/wp\/v2\/posts\/11715","targetHints":{"allow":["GET"]}}],"collection":[{"href":"https:\/\/gersonguelmann.com.br\/blog\/wp-json\/wp\/v2\/posts"}],"about":[{"href":"https:\/\/gersonguelmann.com.br\/blog\/wp-json\/wp\/v2\/types\/post"}],"author":[{"embeddable":true,"href":"https:\/\/gersonguelmann.com.br\/blog\/wp-json\/wp\/v2\/users\/5"}],"replies":[{"embeddable":true,"href":"https:\/\/gersonguelmann.com.br\/blog\/wp-json\/wp\/v2\/comments?post=11715"}],"version-history":[{"count":0,"href":"https:\/\/gersonguelmann.com.br\/blog\/wp-json\/wp\/v2\/posts\/11715\/revisions"}],"wp:featuredmedia":[{"embeddable":true,"href":"https:\/\/gersonguelmann.com.br\/blog\/wp-json\/wp\/v2\/media\/11716"}],"wp:attachment":[{"href":"https:\/\/gersonguelmann.com.br\/blog\/wp-json\/wp\/v2\/media?parent=11715"}],"wp:term":[{"taxonomy":"category","embeddable":true,"href":"https:\/\/gersonguelmann.com.br\/blog\/wp-json\/wp\/v2\/categories?post=11715"},{"taxonomy":"post_tag","embeddable":true,"href":"https:\/\/gersonguelmann.com.br\/blog\/wp-json\/wp\/v2\/tags?post=11715"}],"curies":[{"name":"wp","href":"https:\/\/api.w.org\/{rel}","templated":true}]}}