    {"id":11726,"date":"2018-04-16T21:14:39","date_gmt":"2018-04-17T00:14:39","guid":{"rendered":"https:\/\/gersonguelmann.com.br\/blog\/?p=11726"},"modified":"2018-04-16T21:16:17","modified_gmt":"2018-04-17T00:16:17","slug":"comissao-dos-direitos-humanos-vem-conferir-as-instalacoes-de-lula","status":"publish","type":"post","link":"https:\/\/gersonguelmann.com.br\/blog\/comissao-dos-direitos-humanos-vem-conferir-as-instalacoes-de-lula\/","title":{"rendered":"Comiss\u00e3o dos Direitos Humanos Vem Conferir as Instala\u00e7\u00f5es de Lula"},"content":{"rendered":"<p><span style=\"font-family: georgia, palatino, serif; font-size: 18pt;\">Amanh\u00e3 as 14h a\u00a0Comiss\u00e3o de Direitos Humanos do Senado, presidida pela senadora Regina Sousa (PT-PI) visitar\u00e1 o ex-presidente Lula na sede da Pol\u00edcia Federal, aqui em Curitiba.<\/span><\/p>\n<p><span style=\"font-family: georgia, palatino, serif; font-size: 18pt;\">Para que isso fosse poss\u00edvel a senadora\u00a0Vanessa Grazziotin (PCdoB-AM) apresentou requerimento \u00e0 mesa do Senado, argumentando a necessidade da fiscaliza\u00e7\u00e3o das condi\u00e7\u00f5es da sala onde Lula est\u00e1 instalado, <\/span><\/p>\n<p><span style=\"font-family: georgia, palatino, serif; font-size: 18pt;\">Al\u00e9m da presidente da Comiss\u00e3o, a senadora Regina Sousa, e da senadora\u00a0Vanessa Grazziotin, autora do requerimento, a comitiva ter\u00e1 os seguintes membros:<\/span><br \/>\n<span style=\"font-family: georgia, palatino, serif; font-size: 18pt;\">* Gleisi Hoffmann (PT-PR)<\/span><br \/>\n<span style=\"font-family: georgia, palatino, serif; font-size: 18pt;\">* \u00c2ngela Portela (PDT-RR)<\/span><br \/>\n<span style=\"font-family: georgia, palatino, serif; font-size: 18pt;\">* Fatima Bezerra (PT-RN)|<\/span><br \/>\n<span style=\"font-family: georgia, palatino, serif; font-size: 18pt;\">* Telm\u00e1rio Mota (PTB-RR)<\/span><br \/>\n<span style=\"font-family: georgia, palatino, serif; font-size: 18pt;\">* Paulo Paim (PT-RS)<\/span><br \/>\n<span style=\"font-family: georgia, palatino, serif; font-size: 18pt;\">* Lindbergh Farias (PT-RJ)<\/span><br \/>\n<span style=\"font-family: georgia, palatino, serif; font-size: 18pt;\">* Jorge Viana (PT-AC)<\/span><br \/>\n<span style=\"font-family: georgia, palatino, serif; font-size: 18pt;\">* Paulo Rocha (PT-PA<\/span><br \/>\n<span style=\"font-family: georgia, palatino, serif; font-size: 18pt;\">* Humberto Costa (PT-PE)<\/span><br \/>\n<span style=\"font-family: georgia, palatino, serif; font-size: 18pt;\">* Jo\u00e3o Capiberibe (PSB-AP)<\/span><br \/>\n<span style=\"font-family: georgia, palatino, serif; font-size: 18pt;\">* Jos\u00e9 Pimentel (PT-CE)<\/span><br \/>\n<span style=\"font-family: georgia, palatino, serif; font-size: 18pt;\">* L\u00eddice da Mata (PSB-BA) e <\/span><br \/>\n<span style=\"font-family: georgia, palatino, serif; font-size: 18pt;\">* Regina Sousa (PT-PI). <\/span><\/p>\n<p><span style=\"font-family: georgia, palatino, serif; font-size: 18pt;\">Todos ser\u00e3o recepcionados na cidade por Roberto Requi\u00e3o (MDB-PR).<\/span><\/p>\n<p><span style=\"font-family: georgia, palatino, serif; font-size: 18pt;\"><strong>N\u00e3o pergunte quem pagar\u00e1 as despesas decorrentes da viagem e nem se a inspe\u00e7\u00e3o \u00e9 necess\u00e1ria<\/strong>.\u00a0<\/span><\/p>\n<p style=\"text-align: center;\"><img data-recalc-dims=\"1\" fetchpriority=\"high\" decoding=\"async\" data-attachment-id=\"11727\" data-permalink=\"https:\/\/gersonguelmann.com.br\/blog\/comissao-dos-direitos-humanos-vem-conferir-as-instalacoes-de-lula\/human-rights-3251000_960_720\/\" data-orig-file=\"https:\/\/i0.wp.com\/gersonguelmann.com.br\/blog\/wp-content\/uploads\/2018\/04\/human-rights-3251000_960_720.jpg?fit=820%2C720&amp;ssl=1\" data-orig-size=\"820,720\" data-comments-opened=\"1\" data-image-meta=\"{&quot;aperture&quot;:&quot;0&quot;,&quot;credit&quot;:&quot;&quot;,&quot;camera&quot;:&quot;&quot;,&quot;caption&quot;:&quot;&quot;,&quot;created_timestamp&quot;:&quot;0&quot;,&quot;copyright&quot;:&quot;&quot;,&quot;focal_length&quot;:&quot;0&quot;,&quot;iso&quot;:&quot;0&quot;,&quot;shutter_speed&quot;:&quot;0&quot;,&quot;title&quot;:&quot;&quot;,&quot;orientation&quot;:&quot;0&quot;}\" data-image-title=\"human-rights-3251000_960_720\" data-image-description=\"\" data-image-caption=\"\" data-medium-file=\"https:\/\/i0.wp.com\/gersonguelmann.com.br\/blog\/wp-content\/uploads\/2018\/04\/human-rights-3251000_960_720.jpg?fit=300%2C263&amp;ssl=1\" data-large-file=\"https:\/\/i0.wp.com\/gersonguelmann.com.br\/blog\/wp-content\/uploads\/2018\/04\/human-rights-3251000_960_720.jpg?fit=640%2C562&amp;ssl=1\" class=\"alignnone size-medium wp-image-11727\" src=\"https:\/\/i0.wp.com\/gersonguelmann.com.br\/blog\/wp-content\/uploads\/2018\/04\/human-rights-3251000_960_720.jpg?resize=300%2C263&#038;ssl=1\" alt=\"\" width=\"300\" height=\"263\" srcset=\"https:\/\/i0.wp.com\/gersonguelmann.com.br\/blog\/wp-content\/uploads\/2018\/04\/human-rights-3251000_960_720.jpg?resize=300%2C263&amp;ssl=1 300w, https:\/\/i0.wp.com\/gersonguelmann.com.br\/blog\/wp-content\/uploads\/2018\/04\/human-rights-3251000_960_720.jpg?resize=768%2C674&amp;ssl=1 768w, https:\/\/i0.wp.com\/gersonguelmann.com.br\/blog\/wp-content\/uploads\/2018\/04\/human-rights-3251000_960_720.jpg?w=820&amp;ssl=1 820w\" sizes=\"(max-width: 300px) 100vw, 300px\" \/><\/p>\n","protected":false},"excerpt":{"rendered":"<p>Amanh\u00e3 as 14h a\u00a0Comiss\u00e3o de Direitos Humanos do Senado, presidida pela senadora Regina Sousa (PT-PI) visitar\u00e1 o ex-presidente Lula na sede da Pol\u00edcia Federal, aqui em Curitiba. Para que isso fosse poss\u00edvel a senadora\u00a0Vanessa Grazziotin (PCdoB-AM) apresentou requerimento \u00e0 mesa do Senado, argumentando a necessidade da fiscaliza\u00e7\u00e3o das condi\u00e7\u00f5es da sala onde Lula est\u00e1 instalado, [&hellip;]<\/p>\n","protected":false},"author":5,"featured_media":11727,"comment_status":"open","ping_status":"open","sticky":false,"template":"","format":"standard","meta":{"_acf_changed":false,"jetpack_post_was_ever_published":false,"_jetpack_newsletter_access":"","_jetpack_dont_email_post_to_subs":false,"_jetpack_newsletter_tier_id":0,"_jetpack_memberships_contains_paywalled_content":false,"_jetpack_memberships_contains_paid_content":false,"footnotes":"","jetpack_publicize_message":"","jetpack_publicize_feature_enabled":true,"jetpack_social_post_already_shared":true,"jetpack_social_options":{"image_generator_settings":{"template":"highway","default_image_id":0,"font":"","enabled":false},"version":2}},"categories":[1],"tags":[],"class_list":["post-11726","post","type-post","status-publish","format-standard","has-post-thumbnail","hentry","category-sem-categoria"],"acf":[],"yoast_head":"<!-- This site is optimized with the Yoast SEO plugin v27.3 - https:\/\/yoast.com\/product\/yoast-seo-wordpress\/ -->\n<title>Comiss\u00e3o dos Direitos Humanos Vem Conferir as Instala\u00e7\u00f5es de Lula | Blog do Guelmann<\/title>\n<meta name=\"robots\" content=\"index, follow, max-snippet:-1, max-image-preview:large, max-video-preview:-1\" \/>\n<link rel=\"canonical\" href=\"https:\/\/gersonguelmann.com.br\/blog\/comissao-dos-direitos-humanos-vem-conferir-as-instalacoes-de-lula\/\" \/>\n<meta property=\"og:locale\" content=\"pt_BR\" \/>\n<meta property=\"og:type\" content=\"article\" \/>\n<meta property=\"og:title\" content=\"Comiss\u00e3o dos Direitos Humanos Vem Conferir as Instala\u00e7\u00f5es de Lula | Blog do Guelmann\" \/>\n<meta property=\"og:description\" content=\"Amanh\u00e3 as 14h a\u00a0Comiss\u00e3o de Direitos Humanos do Senado, presidida pela senadora Regina Sousa (PT-PI) visitar\u00e1 o ex-presidente Lula na sede da Pol\u00edcia Federal, aqui em Curitiba. Para que isso fosse poss\u00edvel a senadora\u00a0Vanessa Grazziotin (PCdoB-AM) apresentou requerimento \u00e0 mesa do Senado, argumentando a necessidade da fiscaliza\u00e7\u00e3o das condi\u00e7\u00f5es da sala onde Lula est\u00e1 instalado, [&hellip;]\" \/>\n<meta property=\"og:url\" content=\"https:\/\/gersonguelmann.com.br\/blog\/comissao-dos-direitos-humanos-vem-conferir-as-instalacoes-de-lula\/\" \/>\n<meta property=\"og:site_name\" content=\"Blog do Guelmann\" \/>\n<meta property=\"article:published_time\" content=\"2018-04-17T00:14:39+00:00\" \/>\n<meta property=\"article:modified_time\" content=\"2018-04-17T00:16:17+00:00\" \/>\n<meta property=\"og:image\" content=\"https:\/\/i0.wp.com\/gersonguelmann.com.br\/blog\/wp-content\/uploads\/2018\/04\/human-rights-3251000_960_720.jpg?fit=820%2C720&ssl=1\" \/>\n\t<meta property=\"og:image:width\" content=\"820\" \/>\n\t<meta property=\"og:image:height\" content=\"720\" \/>\n\t<meta property=\"og:image:type\" content=\"image\/jpeg\" \/>\n<meta name=\"author\" content=\"Gerson Guelmann\" \/>\n<meta name=\"twitter:card\" content=\"summary_large_image\" \/>\n<meta name=\"twitter:label1\" content=\"Escrito por\" \/>\n\t<meta name=\"twitter:data1\" content=\"Gerson Guelmann\" \/>\n\t<meta name=\"twitter:label2\" content=\"Est. tempo de leitura\" \/>\n\t<meta name=\"twitter:data2\" content=\"1 minuto\" \/>\n<script type=\"application\/ld+json\" class=\"yoast-schema-graph\">{\"@context\":\"https:\\\/\\\/schema.org\",\"@graph\":[{\"@type\":\"Article\",\"@id\":\"https:\\\/\\\/gersonguelmann.com.br\\\/blog\\\/comissao-dos-direitos-humanos-vem-conferir-as-instalacoes-de-lula\\\/#article\",\"isPartOf\":{\"@id\":\"https:\\\/\\\/gersonguelmann.com.br\\\/blog\\\/comissao-dos-direitos-humanos-vem-conferir-as-instalacoes-de-lula\\\/\"},\"author\":{\"name\":\"Gerson Guelmann\",\"@id\":\"https:\\\/\\\/gersonguelmann.com.br\\\/blog\\\/#\\\/schema\\\/person\\\/87e70e2a786888082f941a482c90569e\"},\"headline\":\"Comiss\u00e3o dos Direitos Humanos Vem Conferir as Instala\u00e7\u00f5es de Lula\",\"datePublished\":\"2018-04-17T00:14:39+00:00\",\"dateModified\":\"2018-04-17T00:16:17+00:00\",\"mainEntityOfPage\":{\"@id\":\"https:\\\/\\\/gersonguelmann.com.br\\\/blog\\\/comissao-dos-direitos-humanos-vem-conferir-as-instalacoes-de-lula\\\/\"},\"wordCount\":171,\"commentCount\":0,\"image\":{\"@id\":\"https:\\\/\\\/gersonguelmann.com.br\\\/blog\\\/comissao-dos-direitos-humanos-vem-conferir-as-instalacoes-de-lula\\\/#primaryimage\"},\"thumbnailUrl\":\"https:\\\/\\\/i0.wp.com\\\/gersonguelmann.com.br\\\/blog\\\/wp-content\\\/uploads\\\/2018\\\/04\\\/human-rights-3251000_960_720.jpg?fit=820%2C720&ssl=1\",\"inLanguage\":\"pt-BR\",\"potentialAction\":[{\"@type\":\"CommentAction\",\"name\":\"Comment\",\"target\":[\"https:\\\/\\\/gersonguelmann.com.br\\\/blog\\\/comissao-dos-direitos-humanos-vem-conferir-as-instalacoes-de-lula\\\/#respond\"]}]},{\"@type\":\"WebPage\",\"@id\":\"https:\\\/\\\/gersonguelmann.com.br\\\/blog\\\/comissao-dos-direitos-humanos-vem-conferir-as-instalacoes-de-lula\\\/\",\"url\":\"https:\\\/\\\/gersonguelmann.com.br\\\/blog\\\/comissao-dos-direitos-humanos-vem-conferir-as-instalacoes-de-lula\\\/\",\"name\":\"Comiss\u00e3o dos Direitos Humanos Vem Conferir as Instala\u00e7\u00f5es de Lula | Blog do Guelmann\",\"isPartOf\":{\"@id\":\"https:\\\/\\\/gersonguelmann.com.br\\\/blog\\\/#website\"},\"primaryImageOfPage\":{\"@id\":\"https:\\\/\\\/gersonguelmann.com.br\\\/blog\\\/comissao-dos-direitos-humanos-vem-conferir-as-instalacoes-de-lula\\\/#primaryimage\"},\"image\":{\"@id\":\"https:\\\/\\\/gersonguelmann.com.br\\\/blog\\\/comissao-dos-direitos-humanos-vem-conferir-as-instalacoes-de-lula\\\/#primaryimage\"},\"thumbnailUrl\":\"https:\\\/\\\/i0.wp.com\\\/gersonguelmann.com.br\\\/blog\\\/wp-content\\\/uploads\\\/2018\\\/04\\\/human-rights-3251000_960_720.jpg?fit=820%2C720&ssl=1\",\"datePublished\":\"2018-04-17T00:14:39+00:00\",\"dateModified\":\"2018-04-17T00:16:17+00:00\",\"author\":{\"@id\":\"https:\\\/\\\/gersonguelmann.com.br\\\/blog\\\/#\\\/schema\\\/person\\\/87e70e2a786888082f941a482c90569e\"},\"inLanguage\":\"pt-BR\",\"potentialAction\":[{\"@type\":\"ReadAction\",\"target\":[\"https:\\\/\\\/gersonguelmann.com.br\\\/blog\\\/comissao-dos-direitos-humanos-vem-conferir-as-instalacoes-de-lula\\\/\"]}]},{\"@type\":\"ImageObject\",\"inLanguage\":\"pt-BR\",\"@id\":\"https:\\\/\\\/gersonguelmann.com.br\\\/blog\\\/comissao-dos-direitos-humanos-vem-conferir-as-instalacoes-de-lula\\\/#primaryimage\",\"url\":\"https:\\\/\\\/i0.wp.com\\\/gersonguelmann.com.br\\\/blog\\\/wp-content\\\/uploads\\\/2018\\\/04\\\/human-rights-3251000_960_720.jpg?fit=820%2C720&ssl=1\",\"contentUrl\":\"https:\\\/\\\/i0.wp.com\\\/gersonguelmann.com.br\\\/blog\\\/wp-content\\\/uploads\\\/2018\\\/04\\\/human-rights-3251000_960_720.jpg?fit=820%2C720&ssl=1\",\"width\":820,\"height\":720},{\"@type\":\"WebSite\",\"@id\":\"https:\\\/\\\/gersonguelmann.com.br\\\/blog\\\/#website\",\"url\":\"https:\\\/\\\/gersonguelmann.com.br\\\/blog\\\/\",\"name\":\"Blog do Guelmann\",\"description\":\"Pitadas da sabedoria e do humor judaicos, assuntos do momento e um pouco das hist\u00f3rias que vivi e testemunhei.\",\"potentialAction\":[{\"@type\":\"SearchAction\",\"target\":{\"@type\":\"EntryPoint\",\"urlTemplate\":\"https:\\\/\\\/gersonguelmann.com.br\\\/blog\\\/?s={search_term_string}\"},\"query-input\":{\"@type\":\"PropertyValueSpecification\",\"valueRequired\":true,\"valueName\":\"search_term_string\"}}],\"inLanguage\":\"pt-BR\"},{\"@type\":\"Person\",\"@id\":\"https:\\\/\\\/gersonguelmann.com.br\\\/blog\\\/#\\\/schema\\\/person\\\/87e70e2a786888082f941a482c90569e\",\"name\":\"Gerson Guelmann\",\"image\":{\"@type\":\"ImageObject\",\"inLanguage\":\"pt-BR\",\"@id\":\"https:\\\/\\\/i0.wp.com\\\/gersonguelmann.com.br\\\/blog\\\/wp-content\\\/uploads\\\/2021\\\/08\\\/BLOG.jpeg?fit=96%2C96&ssl=1\",\"url\":\"https:\\\/\\\/i0.wp.com\\\/gersonguelmann.com.br\\\/blog\\\/wp-content\\\/uploads\\\/2021\\\/08\\\/BLOG.jpeg?fit=96%2C96&ssl=1\",\"contentUrl\":\"https:\\\/\\\/i0.wp.com\\\/gersonguelmann.com.br\\\/blog\\\/wp-content\\\/uploads\\\/2021\\\/08\\\/BLOG.jpeg?fit=96%2C96&ssl=1\",\"caption\":\"Gerson Guelmann\"},\"description\":\"Pitadas da sabedoria e do humor judaicos, assuntos do momento e um pouco das hist\u00f3rias que vivi e testemunhei.\"}]}<\/script>\n<!-- \/ Yoast SEO plugin. -->","yoast_head_json":{"title":"Comiss\u00e3o dos Direitos Humanos Vem Conferir as Instala\u00e7\u00f5es de Lula | Blog do Guelmann","robots":{"index":"index","follow":"follow","max-snippet":"max-snippet:-1","max-image-preview":"max-image-preview:large","max-video-preview":"max-video-preview:-1"},"canonical":"https:\/\/gersonguelmann.com.br\/blog\/comissao-dos-direitos-humanos-vem-conferir-as-instalacoes-de-lula\/","og_locale":"pt_BR","og_type":"article","og_title":"Comiss\u00e3o dos Direitos Humanos Vem Conferir as Instala\u00e7\u00f5es de Lula | Blog do Guelmann","og_description":"Amanh\u00e3 as 14h a\u00a0Comiss\u00e3o de Direitos Humanos do Senado, presidida pela senadora Regina Sousa (PT-PI) visitar\u00e1 o ex-presidente Lula na sede da Pol\u00edcia Federal, aqui em Curitiba. Para que isso fosse poss\u00edvel a senadora\u00a0Vanessa Grazziotin (PCdoB-AM) apresentou requerimento \u00e0 mesa do Senado, argumentando a necessidade da fiscaliza\u00e7\u00e3o das condi\u00e7\u00f5es da sala onde Lula est\u00e1 instalado, [&hellip;]","og_url":"https:\/\/gersonguelmann.com.br\/blog\/comissao-dos-direitos-humanos-vem-conferir-as-instalacoes-de-lula\/","og_site_name":"Blog do Guelmann","article_published_time":"2018-04-17T00:14:39+00:00","article_modified_time":"2018-04-17T00:16:17+00:00","og_image":[{"width":820,"height":720,"url":"https:\/\/i0.wp.com\/gersonguelmann.com.br\/blog\/wp-content\/uploads\/2018\/04\/human-rights-3251000_960_720.jpg?fit=820%2C720&ssl=1","type":"image\/jpeg"}],"author":"Gerson Guelmann","twitter_card":"summary_large_image","twitter_misc":{"Escrito por":"Gerson Guelmann","Est. tempo de leitura":"1 minuto"},"schema":{"@context":"https:\/\/schema.org","@graph":[{"@type":"Article","@id":"https:\/\/gersonguelmann.com.br\/blog\/comissao-dos-direitos-humanos-vem-conferir-as-instalacoes-de-lula\/#article","isPartOf":{"@id":"https:\/\/gersonguelmann.com.br\/blog\/comissao-dos-direitos-humanos-vem-conferir-as-instalacoes-de-lula\/"},"author":{"name":"Gerson Guelmann","@id":"https:\/\/gersonguelmann.com.br\/blog\/#\/schema\/person\/87e70e2a786888082f941a482c90569e"},"headline":"Comiss\u00e3o dos Direitos Humanos Vem Conferir as Instala\u00e7\u00f5es de Lula","datePublished":"2018-04-17T00:14:39+00:00","dateModified":"2018-04-17T00:16:17+00:00","mainEntityOfPage":{"@id":"https:\/\/gersonguelmann.com.br\/blog\/comissao-dos-direitos-humanos-vem-conferir-as-instalacoes-de-lula\/"},"wordCount":171,"commentCount":0,"image":{"@id":"https:\/\/gersonguelmann.com.br\/blog\/comissao-dos-direitos-humanos-vem-conferir-as-instalacoes-de-lula\/#primaryimage"},"thumbnailUrl":"https:\/\/i0.wp.com\/gersonguelmann.com.br\/blog\/wp-content\/uploads\/2018\/04\/human-rights-3251000_960_720.jpg?fit=820%2C720&ssl=1","inLanguage":"pt-BR","potentialAction":[{"@type":"CommentAction","name":"Comment","target":["https:\/\/gersonguelmann.com.br\/blog\/comissao-dos-direitos-humanos-vem-conferir-as-instalacoes-de-lula\/#respond"]}]},{"@type":"WebPage","@id":"https:\/\/gersonguelmann.com.br\/blog\/comissao-dos-direitos-humanos-vem-conferir-as-instalacoes-de-lula\/","url":"https:\/\/gersonguelmann.com.br\/blog\/comissao-dos-direitos-humanos-vem-conferir-as-instalacoes-de-lula\/","name":"Comiss\u00e3o dos Direitos Humanos Vem Conferir as Instala\u00e7\u00f5es de Lula | Blog do Guelmann","isPartOf":{"@id":"https:\/\/gersonguelmann.com.br\/blog\/#website"},"primaryImageOfPage":{"@id":"https:\/\/gersonguelmann.com.br\/blog\/comissao-dos-direitos-humanos-vem-conferir-as-instalacoes-de-lula\/#primaryimage"},"image":{"@id":"https:\/\/gersonguelmann.com.br\/blog\/comissao-dos-direitos-humanos-vem-conferir-as-instalacoes-de-lula\/#primaryimage"},"thumbnailUrl":"https:\/\/i0.wp.com\/gersonguelmann.com.br\/blog\/wp-content\/uploads\/2018\/04\/human-rights-3251000_960_720.jpg?fit=820%2C720&ssl=1","datePublished":"2018-04-17T00:14:39+00:00","dateModified":"2018-04-17T00:16:17+00:00","author":{"@id":"https:\/\/gersonguelmann.com.br\/blog\/#\/schema\/person\/87e70e2a786888082f941a482c90569e"},"inLanguage":"pt-BR","potentialAction":[{"@type":"ReadAction","target":["https:\/\/gersonguelmann.com.br\/blog\/comissao-dos-direitos-humanos-vem-conferir-as-instalacoes-de-lula\/"]}]},{"@type":"ImageObject","inLanguage":"pt-BR","@id":"https:\/\/gersonguelmann.com.br\/blog\/comissao-dos-direitos-humanos-vem-conferir-as-instalacoes-de-lula\/#primaryimage","url":"https:\/\/i0.wp.com\/gersonguelmann.com.br\/blog\/wp-content\/uploads\/2018\/04\/human-rights-3251000_960_720.jpg?fit=820%2C720&ssl=1","contentUrl":"https:\/\/i0.wp.com\/gersonguelmann.com.br\/blog\/wp-content\/uploads\/2018\/04\/human-rights-3251000_960_720.jpg?fit=820%2C720&ssl=1","width":820,"height":720},{"@type":"WebSite","@id":"https:\/\/gersonguelmann.com.br\/blog\/#website","url":"https:\/\/gersonguelmann.com.br\/blog\/","name":"Blog do Guelmann","description":"Pitadas da sabedoria e do humor judaicos, assuntos do momento e um pouco das hist\u00f3rias que vivi e testemunhei.","potentialAction":[{"@type":"SearchAction","target":{"@type":"EntryPoint","urlTemplate":"https:\/\/gersonguelmann.com.br\/blog\/?s={search_term_string}"},"query-input":{"@type":"PropertyValueSpecification","valueRequired":true,"valueName":"search_term_string"}}],"inLanguage":"pt-BR"},{"@type":"Person","@id":"https:\/\/gersonguelmann.com.br\/blog\/#\/schema\/person\/87e70e2a786888082f941a482c90569e","name":"Gerson Guelmann","image":{"@type":"ImageObject","inLanguage":"pt-BR","@id":"https:\/\/i0.wp.com\/gersonguelmann.com.br\/blog\/wp-content\/uploads\/2021\/08\/BLOG.jpeg?fit=96%2C96&ssl=1","url":"https:\/\/i0.wp.com\/gersonguelmann.com.br\/blog\/wp-content\/uploads\/2021\/08\/BLOG.jpeg?fit=96%2C96&ssl=1","contentUrl":"https:\/\/i0.wp.com\/gersonguelmann.com.br\/blog\/wp-content\/uploads\/2021\/08\/BLOG.jpeg?fit=96%2C96&ssl=1","caption":"Gerson Guelmann"},"description":"Pitadas da sabedoria e do humor judaicos, assuntos do momento e um pouco das hist\u00f3rias que vivi e testemunhei."}]}},"views":24,"jetpack_publicize_connections":[],"jetpack_featured_media_url":"https:\/\/i0.wp.com\/gersonguelmann.com.br\/blog\/wp-content\/uploads\/2018\/04\/human-rights-3251000_960_720.jpg?fit=820%2C720&ssl=1","jetpack_shortlink":"https:\/\/wp.me\/p96e7O-338","jetpack-related-posts":[{"id":11511,"url":"https:\/\/gersonguelmann.com.br\/blog\/muito-prazer-gleisi-lula-hoffmann\/","url_meta":{"origin":11726,"position":0},"title":"Muito Prazer, Gleisi Lula Hoffmann","author":"Gerson Guelmann","date":"11 de abril de 2018","format":false,"excerpt":"A senadora pelo Paran\u00e1, Gleisi Hoffmann, requereu do presidente do Senado Federal a inclus\u00e3o da palavra \"Lula\" em seu nome parlamentar, solicitando a devida altera\u00e7\u00e3o no painel do Plen\u00e1rio. A partir de agora o nome dela dever\u00e1 aparecer como \"Gleisi Lula Hoffmann\". Parece que outros parlamentares j\u00e1 fizeram ou far\u00e3o\u2026","rel":"","context":"Em &quot;Sem categoria&quot;","block_context":{"text":"Sem categoria","link":"https:\/\/gersonguelmann.com.br\/blog\/category\/sem-categoria\/"},"img":{"alt_text":"","src":"https:\/\/i0.wp.com\/gersonguelmann.com.br\/blog\/wp-content\/uploads\/2018\/04\/unnamed.jpg?fit=675%2C1200&ssl=1&resize=350%2C200","width":350,"height":200,"srcset":"https:\/\/i0.wp.com\/gersonguelmann.com.br\/blog\/wp-content\/uploads\/2018\/04\/unnamed.jpg?fit=675%2C1200&ssl=1&resize=350%2C200 1x, https:\/\/i0.wp.com\/gersonguelmann.com.br\/blog\/wp-content\/uploads\/2018\/04\/unnamed.jpg?fit=675%2C1200&ssl=1&resize=525%2C300 1.5x"},"classes":[]},{"id":12428,"url":"https:\/\/gersonguelmann.com.br\/blog\/gleisi-podera-visitar-lula\/","url_meta":{"origin":11726,"position":1},"title":"Gleisi Poder\u00e1 Visitar Lula","author":"Gerson Guelmann","date":"3 de maio de 2018","format":false,"excerpt":"Not\u00edcia que acaba de ser publicada: BRASIL Amigos e aliados s\u00e3o autorizados a visitar Lula \u00e0s 5\u00aa feiras Presidente nacional do PT, senadora Gleisi Hoffmann, e o ex-ministro Jaques Wagner foram autorizados a estar com ex-presidente Por\u00a0Daniel Weterman, do Estad\u00e3o Conte\u00fado 3 maio 2018, 17h48 S\u00e3o Paulo \u2013 A Justi\u00e7a\u2026","rel":"","context":"Em &quot;Sem categoria&quot;","block_context":{"text":"Sem categoria","link":"https:\/\/gersonguelmann.com.br\/blog\/category\/sem-categoria\/"},"img":{"alt_text":"","src":"https:\/\/i0.wp.com\/gersonguelmann.com.br\/blog\/wp-content\/uploads\/2018\/05\/a18nzwweqyu2lstclx3lis6rv.jpg?fit=652%2C408&ssl=1&resize=350%2C200","width":350,"height":200,"srcset":"https:\/\/i0.wp.com\/gersonguelmann.com.br\/blog\/wp-content\/uploads\/2018\/05\/a18nzwweqyu2lstclx3lis6rv.jpg?fit=652%2C408&ssl=1&resize=350%2C200 1x, https:\/\/i0.wp.com\/gersonguelmann.com.br\/blog\/wp-content\/uploads\/2018\/05\/a18nzwweqyu2lstclx3lis6rv.jpg?fit=652%2C408&ssl=1&resize=525%2C300 1.5x"},"classes":[]},{"id":11970,"url":"https:\/\/gersonguelmann.com.br\/blog\/sera-que-os-srs-deputados-conhecem-o-risoto-de-santa-felicidade\/","url_meta":{"origin":11726,"position":2},"title":"Ser\u00e1 Que os Srs. Deputados Conhecem o Risoto de Santa Felicidade?","author":"Gerson Guelmann","date":"23 de abril de 2018","format":false,"excerpt":"A comiss\u00e3o de deputados federais que \u00e9 aguardada amanh\u00e3 em Curitiba para visitar o ex-presidente Lula poder\u00e1 sair daqui com um premio de consola\u00e7\u00e3o. Como estamos lembrados, o l\u00edder do PT na C\u00e2mara, deputado Paulo Pimenta, disse que entrar\u00e1 nas depend\u00eancias da Pol\u00edcia Federal \"na marra\". Digo isso porque, como\u2026","rel":"","context":"Em &quot;Sem categoria&quot;","block_context":{"text":"Sem categoria","link":"https:\/\/gersonguelmann.com.br\/blog\/category\/sem-categoria\/"},"img":{"alt_text":"","src":"https:\/\/i0.wp.com\/gersonguelmann.com.br\/blog\/wp-content\/uploads\/2018\/04\/restaurante-madalosso-em-santa-felicidade.jpg?fit=1200%2C900&ssl=1&resize=350%2C200","width":350,"height":200,"srcset":"https:\/\/i0.wp.com\/gersonguelmann.com.br\/blog\/wp-content\/uploads\/2018\/04\/restaurante-madalosso-em-santa-felicidade.jpg?fit=1200%2C900&ssl=1&resize=350%2C200 1x, https:\/\/i0.wp.com\/gersonguelmann.com.br\/blog\/wp-content\/uploads\/2018\/04\/restaurante-madalosso-em-santa-felicidade.jpg?fit=1200%2C900&ssl=1&resize=525%2C300 1.5x, https:\/\/i0.wp.com\/gersonguelmann.com.br\/blog\/wp-content\/uploads\/2018\/04\/restaurante-madalosso-em-santa-felicidade.jpg?fit=1200%2C900&ssl=1&resize=700%2C400 2x, https:\/\/i0.wp.com\/gersonguelmann.com.br\/blog\/wp-content\/uploads\/2018\/04\/restaurante-madalosso-em-santa-felicidade.jpg?fit=1200%2C900&ssl=1&resize=1050%2C600 3x"},"classes":[]},{"id":11814,"url":"https:\/\/gersonguelmann.com.br\/blog\/ha-pouco-no-senado-senadora-ana-amelia-responde-a-gleisi\/","url_meta":{"origin":11726,"position":3},"title":"H\u00e1 Pouco, no Senado: Senadora Ana Am\u00e9lia responde \u00e0 Gleisi","author":"Gerson Guelmann","date":"18 de abril de 2018","format":false,"excerpt":"Acaba de ser divulgado o v\u00eddeo do pronunciamento da senadora Ana Am\u00e9lia no Senado, h\u00e1 pouco, em resposta \u00e0 entrevista de Gleisi Hoffmann \u00e0 TV Al-Jazeera. Sobrou tamb\u00e9m para o senador Humberto Costa. https:\/\/www.youtube.com\/watch?v=GuLBYxDlE-E","rel":"","context":"Em &quot;Sem categoria&quot;","block_context":{"text":"Sem categoria","link":"https:\/\/gersonguelmann.com.br\/blog\/category\/sem-categoria\/"},"img":{"alt_text":"","src":"https:\/\/i0.wp.com\/gersonguelmann.com.br\/blog\/wp-content\/uploads\/2018\/04\/AA.jpg?resize=350%2C200&ssl=1","width":350,"height":200},"classes":[]},{"id":13644,"url":"https:\/\/gersonguelmann.com.br\/blog\/o-desastre-de-katia-abreu-apos-apoio-de-lula\/","url_meta":{"origin":11726,"position":4},"title":"O Desastre de Katia Abreu Ap\u00f3s o Apoio de Lula e Gleisi","author":"Gerson Guelmann","date":"4 de junho de 2018","format":false,"excerpt":"O estado de Tocantins teve elei\u00e7\u00f5es para governador ontem. O candidato Mauro Carlesse, que teve mais votos, n\u00e3o conseguiu a maioria, e haver\u00e1 um 2\u00b0 turno entre ele e\u00a0Vicentinho Alves. O vencedor ter\u00e1 um mandato-tamp\u00e3o de 6 meses. O novo pleito\u00a0ocorreu por determina\u00e7\u00e3o do Tribunal Superior Eleitoral, que cassou o\u2026","rel":"","context":"Em &quot;Sem categoria&quot;","block_context":{"text":"Sem categoria","link":"https:\/\/gersonguelmann.com.br\/blog\/category\/sem-categoria\/"},"img":{"alt_text":"","src":"https:\/\/i0.wp.com\/gersonguelmann.com.br\/blog\/wp-content\/uploads\/2018\/06\/KA.jpeg?fit=1200%2C1200&ssl=1&resize=350%2C200","width":350,"height":200,"srcset":"https:\/\/i0.wp.com\/gersonguelmann.com.br\/blog\/wp-content\/uploads\/2018\/06\/KA.jpeg?fit=1200%2C1200&ssl=1&resize=350%2C200 1x, https:\/\/i0.wp.com\/gersonguelmann.com.br\/blog\/wp-content\/uploads\/2018\/06\/KA.jpeg?fit=1200%2C1200&ssl=1&resize=525%2C300 1.5x, https:\/\/i0.wp.com\/gersonguelmann.com.br\/blog\/wp-content\/uploads\/2018\/06\/KA.jpeg?fit=1200%2C1200&ssl=1&resize=700%2C400 2x, https:\/\/i0.wp.com\/gersonguelmann.com.br\/blog\/wp-content\/uploads\/2018\/06\/KA.jpeg?fit=1200%2C1200&ssl=1&resize=1050%2C600 3x"},"classes":[]},{"id":13261,"url":"https:\/\/gersonguelmann.com.br\/blog\/para-gleisi-estao-cometendo-crime-na-petrobras\/","url_meta":{"origin":11726,"position":5},"title":"Para Gleisi, Est\u00e3o Cometendo Crime na Petrobras","author":"Gerson Guelmann","date":"24 de maio de 2018","format":false,"excerpt":"Calma. Respire fundo. Relaxe. Leia o titulo novamente. \u00c9 isso mesmo. Se tem algu\u00e9m sofrendo de alucina\u00e7\u00f5es, n\u00e3o \u00e9 voc\u00ea. Transcrevo postagem do Blog do meu querido amigo Z\u00e9 Beto: 24 de maio 18 16:21 O crime de gest\u00e3o da Petrobras, segundo Gleisi A assessoria de imprensa da senadora Gleisi\u2026","rel":"","context":"Em &quot;Sem categoria&quot;","block_context":{"text":"Sem categoria","link":"https:\/\/gersonguelmann.com.br\/blog\/category\/sem-categoria\/"},"img":{"alt_text":"","src":"https:\/\/i0.wp.com\/gersonguelmann.com.br\/blog\/wp-content\/uploads\/2018\/05\/lula-1200x600.jpg?fit=1200%2C600&ssl=1&resize=350%2C200","width":350,"height":200,"srcset":"https:\/\/i0.wp.com\/gersonguelmann.com.br\/blog\/wp-content\/uploads\/2018\/05\/lula-1200x600.jpg?fit=1200%2C600&ssl=1&resize=350%2C200 1x, https:\/\/i0.wp.com\/gersonguelmann.com.br\/blog\/wp-content\/uploads\/2018\/05\/lula-1200x600.jpg?fit=1200%2C600&ssl=1&resize=525%2C300 1.5x, https:\/\/i0.wp.com\/gersonguelmann.com.br\/blog\/wp-content\/uploads\/2018\/05\/lula-1200x600.jpg?fit=1200%2C600&ssl=1&resize=700%2C400 2x, https:\/\/i0.wp.com\/gersonguelmann.com.br\/blog\/wp-content\/uploads\/2018\/05\/lula-1200x600.jpg?fit=1200%2C600&ssl=1&resize=1050%2C600 3x"},"classes":[]}],"jetpack_sharing_enabled":true,"post_mailing_queue_ids":[],"_links":{"self":[{"href":"https:\/\/gersonguelmann.com.br\/blog\/wp-json\/wp\/v2\/posts\/11726","targetHints":{"allow":["GET"]}}],"collection":[{"href":"https:\/\/gersonguelmann.com.br\/blog\/wp-json\/wp\/v2\/posts"}],"about":[{"href":"https:\/\/gersonguelmann.com.br\/blog\/wp-json\/wp\/v2\/types\/post"}],"author":[{"embeddable":true,"href":"https:\/\/gersonguelmann.com.br\/blog\/wp-json\/wp\/v2\/users\/5"}],"replies":[{"embeddable":true,"href":"https:\/\/gersonguelmann.com.br\/blog\/wp-json\/wp\/v2\/comments?post=11726"}],"version-history":[{"count":0,"href":"https:\/\/gersonguelmann.com.br\/blog\/wp-json\/wp\/v2\/posts\/11726\/revisions"}],"wp:featuredmedia":[{"embeddable":true,"href":"https:\/\/gersonguelmann.com.br\/blog\/wp-json\/wp\/v2\/media\/11727"}],"wp:attachment":[{"href":"https:\/\/gersonguelmann.com.br\/blog\/wp-json\/wp\/v2\/media?parent=11726"}],"wp:term":[{"taxonomy":"category","embeddable":true,"href":"https:\/\/gersonguelmann.com.br\/blog\/wp-json\/wp\/v2\/categories?post=11726"},{"taxonomy":"post_tag","embeddable":true,"href":"https:\/\/gersonguelmann.com.br\/blog\/wp-json\/wp\/v2\/tags?post=11726"}],"curies":[{"name":"wp","href":"https:\/\/api.w.org\/{rel}","templated":true}]}}