    {"id":11732,"date":"2018-04-16T21:50:54","date_gmt":"2018-04-17T00:50:54","guid":{"rendered":"https:\/\/gersonguelmann.com.br\/blog\/?p=11732"},"modified":"2018-04-16T21:50:54","modified_gmt":"2018-04-17T00:50:54","slug":"israel-no-70o-aniversario-o-renascimento-de-uma-nacao","status":"publish","type":"post","link":"https:\/\/gersonguelmann.com.br\/blog\/israel-no-70o-aniversario-o-renascimento-de-uma-nacao\/","title":{"rendered":"Israel no 70\u00ba anivers\u00e1rio, o Renascimento de Uma Na\u00e7\u00e3o"},"content":{"rendered":"<p><img data-recalc-dims=\"1\" fetchpriority=\"high\" decoding=\"async\" data-attachment-id=\"11733\" data-permalink=\"https:\/\/gersonguelmann.com.br\/blog\/israel-no-70o-aniversario-o-renascimento-de-uma-nacao\/israel-6\/\" data-orig-file=\"https:\/\/i0.wp.com\/gersonguelmann.com.br\/blog\/wp-content\/uploads\/2018\/04\/Israel.jpg?fit=960%2C720&amp;ssl=1\" data-orig-size=\"960,720\" data-comments-opened=\"1\" data-image-meta=\"{&quot;aperture&quot;:&quot;0&quot;,&quot;credit&quot;:&quot;&quot;,&quot;camera&quot;:&quot;&quot;,&quot;caption&quot;:&quot;&quot;,&quot;created_timestamp&quot;:&quot;0&quot;,&quot;copyright&quot;:&quot;&quot;,&quot;focal_length&quot;:&quot;0&quot;,&quot;iso&quot;:&quot;0&quot;,&quot;shutter_speed&quot;:&quot;0&quot;,&quot;title&quot;:&quot;&quot;,&quot;orientation&quot;:&quot;0&quot;}\" data-image-title=\"Israel\" data-image-description=\"\" data-image-caption=\"\" data-medium-file=\"https:\/\/i0.wp.com\/gersonguelmann.com.br\/blog\/wp-content\/uploads\/2018\/04\/Israel.jpg?fit=300%2C225&amp;ssl=1\" data-large-file=\"https:\/\/i0.wp.com\/gersonguelmann.com.br\/blog\/wp-content\/uploads\/2018\/04\/Israel.jpg?fit=640%2C480&amp;ssl=1\" class=\"size-medium wp-image-11733 aligncenter\" src=\"https:\/\/i0.wp.com\/gersonguelmann.com.br\/blog\/wp-content\/uploads\/2018\/04\/Israel.jpg?resize=300%2C225&#038;ssl=1\" alt=\"\" width=\"300\" height=\"225\" srcset=\"https:\/\/i0.wp.com\/gersonguelmann.com.br\/blog\/wp-content\/uploads\/2018\/04\/Israel.jpg?resize=300%2C225&amp;ssl=1 300w, https:\/\/i0.wp.com\/gersonguelmann.com.br\/blog\/wp-content\/uploads\/2018\/04\/Israel.jpg?resize=768%2C576&amp;ssl=1 768w, https:\/\/i0.wp.com\/gersonguelmann.com.br\/blog\/wp-content\/uploads\/2018\/04\/Israel.jpg?w=960&amp;ssl=1 960w\" sizes=\"(max-width: 300px) 100vw, 300px\" \/><\/p>\n<p><span style=\"font-family: georgia, palatino, serif; font-size: 18pt; color: #000000;\">Os 3.000 anos de hist\u00f3ria de Israel em um v\u00eddeo de 10 minutos.<\/span><\/p>\n<p><span style=\"font-family: georgia, palatino, serif; font-size: 18pt; color: #000000;\">A anima\u00e7\u00e3o mostra jornada do povo judeu ao longo dos s\u00e9culos, saindo de sua p\u00e1tria, passando pelo ex\u00edlio e superando a amea\u00e7a de extin\u00e7\u00e3o, at\u00e9 o retorno e a independ\u00eancia em uma pr\u00f3spera democracia que celebra agora seu 70\u00ba anivers\u00e1rio!<\/span><\/p>\n<p><span class=\"embed-youtube\" style=\"text-align:center; display: block;\"><iframe class=\"youtube-player\" width=\"640\" height=\"360\" src=\"https:\/\/www.youtube.com\/embed\/IyAzFoGQAX4?version=3&#038;rel=1&#038;showsearch=0&#038;showinfo=1&#038;iv_load_policy=1&#038;fs=1&#038;hl=pt-BR&#038;autohide=2&#038;wmode=transparent\" allowfullscreen=\"true\" style=\"border:0;\" sandbox=\"allow-scripts allow-same-origin allow-popups allow-presentation allow-popups-to-escape-sandbox\"><\/iframe><\/span><\/p>\n","protected":false},"excerpt":{"rendered":"<p>Os 3.000 anos de hist\u00f3ria de Israel em um v\u00eddeo de 10 minutos. A anima\u00e7\u00e3o mostra jornada do povo judeu ao longo dos s\u00e9culos, saindo de sua p\u00e1tria, passando pelo ex\u00edlio e superando a amea\u00e7a de extin\u00e7\u00e3o, at\u00e9 o retorno e a independ\u00eancia em uma pr\u00f3spera democracia que celebra agora seu 70\u00ba anivers\u00e1rio!<\/p>\n","protected":false},"author":5,"featured_media":11733,"comment_status":"open","ping_status":"open","sticky":false,"template":"","format":"standard","meta":{"_acf_changed":false,"jetpack_post_was_ever_published":false,"_jetpack_newsletter_access":"","_jetpack_dont_email_post_to_subs":false,"_jetpack_newsletter_tier_id":0,"_jetpack_memberships_contains_paywalled_content":false,"_jetpack_memberships_contains_paid_content":false,"footnotes":"","jetpack_publicize_message":"","jetpack_publicize_feature_enabled":true,"jetpack_social_post_already_shared":true,"jetpack_social_options":{"image_generator_settings":{"template":"highway","default_image_id":0,"font":"","enabled":false},"version":2}},"categories":[1],"tags":[],"class_list":["post-11732","post","type-post","status-publish","format-standard","has-post-thumbnail","hentry","category-sem-categoria"],"acf":[],"yoast_head":"<!-- This site is optimized with the Yoast SEO plugin v27.3 - https:\/\/yoast.com\/product\/yoast-seo-wordpress\/ -->\n<title>Israel no 70\u00ba anivers\u00e1rio, o Renascimento de Uma Na\u00e7\u00e3o | Blog do Guelmann<\/title>\n<meta name=\"robots\" content=\"index, follow, max-snippet:-1, max-image-preview:large, max-video-preview:-1\" \/>\n<link rel=\"canonical\" href=\"https:\/\/gersonguelmann.com.br\/blog\/israel-no-70o-aniversario-o-renascimento-de-uma-nacao\/\" \/>\n<meta property=\"og:locale\" content=\"pt_BR\" \/>\n<meta property=\"og:type\" content=\"article\" \/>\n<meta property=\"og:title\" content=\"Israel no 70\u00ba anivers\u00e1rio, o Renascimento de Uma Na\u00e7\u00e3o | Blog do Guelmann\" \/>\n<meta property=\"og:description\" content=\"Os 3.000 anos de hist\u00f3ria de Israel em um v\u00eddeo de 10 minutos. A anima\u00e7\u00e3o mostra jornada do povo judeu ao longo dos s\u00e9culos, saindo de sua p\u00e1tria, passando pelo ex\u00edlio e superando a amea\u00e7a de extin\u00e7\u00e3o, at\u00e9 o retorno e a independ\u00eancia em uma pr\u00f3spera democracia que celebra agora seu 70\u00ba anivers\u00e1rio!\" \/>\n<meta property=\"og:url\" content=\"https:\/\/gersonguelmann.com.br\/blog\/israel-no-70o-aniversario-o-renascimento-de-uma-nacao\/\" \/>\n<meta property=\"og:site_name\" content=\"Blog do Guelmann\" \/>\n<meta property=\"article:published_time\" content=\"2018-04-17T00:50:54+00:00\" \/>\n<meta property=\"og:image\" content=\"https:\/\/i0.wp.com\/gersonguelmann.com.br\/blog\/wp-content\/uploads\/2018\/04\/Israel.jpg?fit=960%2C720&ssl=1\" \/>\n\t<meta property=\"og:image:width\" content=\"960\" \/>\n\t<meta property=\"og:image:height\" content=\"720\" \/>\n\t<meta property=\"og:image:type\" content=\"image\/jpeg\" \/>\n<meta name=\"author\" content=\"Gerson Guelmann\" \/>\n<meta name=\"twitter:card\" content=\"summary_large_image\" \/>\n<meta name=\"twitter:label1\" content=\"Escrito por\" \/>\n\t<meta name=\"twitter:data1\" content=\"Gerson Guelmann\" \/>\n<script type=\"application\/ld+json\" class=\"yoast-schema-graph\">{\"@context\":\"https:\\\/\\\/schema.org\",\"@graph\":[{\"@type\":\"Article\",\"@id\":\"https:\\\/\\\/gersonguelmann.com.br\\\/blog\\\/israel-no-70o-aniversario-o-renascimento-de-uma-nacao\\\/#article\",\"isPartOf\":{\"@id\":\"https:\\\/\\\/gersonguelmann.com.br\\\/blog\\\/israel-no-70o-aniversario-o-renascimento-de-uma-nacao\\\/\"},\"author\":{\"name\":\"Gerson Guelmann\",\"@id\":\"https:\\\/\\\/gersonguelmann.com.br\\\/blog\\\/#\\\/schema\\\/person\\\/87e70e2a786888082f941a482c90569e\"},\"headline\":\"Israel no 70\u00ba anivers\u00e1rio, o Renascimento de Uma Na\u00e7\u00e3o\",\"datePublished\":\"2018-04-17T00:50:54+00:00\",\"mainEntityOfPage\":{\"@id\":\"https:\\\/\\\/gersonguelmann.com.br\\\/blog\\\/israel-no-70o-aniversario-o-renascimento-de-uma-nacao\\\/\"},\"wordCount\":78,\"commentCount\":0,\"image\":{\"@id\":\"https:\\\/\\\/gersonguelmann.com.br\\\/blog\\\/israel-no-70o-aniversario-o-renascimento-de-uma-nacao\\\/#primaryimage\"},\"thumbnailUrl\":\"https:\\\/\\\/i0.wp.com\\\/gersonguelmann.com.br\\\/blog\\\/wp-content\\\/uploads\\\/2018\\\/04\\\/Israel.jpg?fit=960%2C720&ssl=1\",\"inLanguage\":\"pt-BR\",\"potentialAction\":[{\"@type\":\"CommentAction\",\"name\":\"Comment\",\"target\":[\"https:\\\/\\\/gersonguelmann.com.br\\\/blog\\\/israel-no-70o-aniversario-o-renascimento-de-uma-nacao\\\/#respond\"]}]},{\"@type\":\"WebPage\",\"@id\":\"https:\\\/\\\/gersonguelmann.com.br\\\/blog\\\/israel-no-70o-aniversario-o-renascimento-de-uma-nacao\\\/\",\"url\":\"https:\\\/\\\/gersonguelmann.com.br\\\/blog\\\/israel-no-70o-aniversario-o-renascimento-de-uma-nacao\\\/\",\"name\":\"Israel no 70\u00ba anivers\u00e1rio, o Renascimento de Uma Na\u00e7\u00e3o | Blog do Guelmann\",\"isPartOf\":{\"@id\":\"https:\\\/\\\/gersonguelmann.com.br\\\/blog\\\/#website\"},\"primaryImageOfPage\":{\"@id\":\"https:\\\/\\\/gersonguelmann.com.br\\\/blog\\\/israel-no-70o-aniversario-o-renascimento-de-uma-nacao\\\/#primaryimage\"},\"image\":{\"@id\":\"https:\\\/\\\/gersonguelmann.com.br\\\/blog\\\/israel-no-70o-aniversario-o-renascimento-de-uma-nacao\\\/#primaryimage\"},\"thumbnailUrl\":\"https:\\\/\\\/i0.wp.com\\\/gersonguelmann.com.br\\\/blog\\\/wp-content\\\/uploads\\\/2018\\\/04\\\/Israel.jpg?fit=960%2C720&ssl=1\",\"datePublished\":\"2018-04-17T00:50:54+00:00\",\"author\":{\"@id\":\"https:\\\/\\\/gersonguelmann.com.br\\\/blog\\\/#\\\/schema\\\/person\\\/87e70e2a786888082f941a482c90569e\"},\"inLanguage\":\"pt-BR\",\"potentialAction\":[{\"@type\":\"ReadAction\",\"target\":[\"https:\\\/\\\/gersonguelmann.com.br\\\/blog\\\/israel-no-70o-aniversario-o-renascimento-de-uma-nacao\\\/\"]}]},{\"@type\":\"ImageObject\",\"inLanguage\":\"pt-BR\",\"@id\":\"https:\\\/\\\/gersonguelmann.com.br\\\/blog\\\/israel-no-70o-aniversario-o-renascimento-de-uma-nacao\\\/#primaryimage\",\"url\":\"https:\\\/\\\/i0.wp.com\\\/gersonguelmann.com.br\\\/blog\\\/wp-content\\\/uploads\\\/2018\\\/04\\\/Israel.jpg?fit=960%2C720&ssl=1\",\"contentUrl\":\"https:\\\/\\\/i0.wp.com\\\/gersonguelmann.com.br\\\/blog\\\/wp-content\\\/uploads\\\/2018\\\/04\\\/Israel.jpg?fit=960%2C720&ssl=1\",\"width\":960,\"height\":720},{\"@type\":\"WebSite\",\"@id\":\"https:\\\/\\\/gersonguelmann.com.br\\\/blog\\\/#website\",\"url\":\"https:\\\/\\\/gersonguelmann.com.br\\\/blog\\\/\",\"name\":\"Blog do Guelmann\",\"description\":\"Pitadas da sabedoria e do humor judaicos, assuntos do momento e um pouco das hist\u00f3rias que vivi e testemunhei.\",\"potentialAction\":[{\"@type\":\"SearchAction\",\"target\":{\"@type\":\"EntryPoint\",\"urlTemplate\":\"https:\\\/\\\/gersonguelmann.com.br\\\/blog\\\/?s={search_term_string}\"},\"query-input\":{\"@type\":\"PropertyValueSpecification\",\"valueRequired\":true,\"valueName\":\"search_term_string\"}}],\"inLanguage\":\"pt-BR\"},{\"@type\":\"Person\",\"@id\":\"https:\\\/\\\/gersonguelmann.com.br\\\/blog\\\/#\\\/schema\\\/person\\\/87e70e2a786888082f941a482c90569e\",\"name\":\"Gerson Guelmann\",\"image\":{\"@type\":\"ImageObject\",\"inLanguage\":\"pt-BR\",\"@id\":\"https:\\\/\\\/i0.wp.com\\\/gersonguelmann.com.br\\\/blog\\\/wp-content\\\/uploads\\\/2021\\\/08\\\/BLOG.jpeg?fit=96%2C96&ssl=1\",\"url\":\"https:\\\/\\\/i0.wp.com\\\/gersonguelmann.com.br\\\/blog\\\/wp-content\\\/uploads\\\/2021\\\/08\\\/BLOG.jpeg?fit=96%2C96&ssl=1\",\"contentUrl\":\"https:\\\/\\\/i0.wp.com\\\/gersonguelmann.com.br\\\/blog\\\/wp-content\\\/uploads\\\/2021\\\/08\\\/BLOG.jpeg?fit=96%2C96&ssl=1\",\"caption\":\"Gerson Guelmann\"},\"description\":\"Pitadas da sabedoria e do humor judaicos, assuntos do momento e um pouco das hist\u00f3rias que vivi e testemunhei.\"}]}<\/script>\n<!-- \/ Yoast SEO plugin. -->","yoast_head_json":{"title":"Israel no 70\u00ba anivers\u00e1rio, o Renascimento de Uma Na\u00e7\u00e3o | Blog do Guelmann","robots":{"index":"index","follow":"follow","max-snippet":"max-snippet:-1","max-image-preview":"max-image-preview:large","max-video-preview":"max-video-preview:-1"},"canonical":"https:\/\/gersonguelmann.com.br\/blog\/israel-no-70o-aniversario-o-renascimento-de-uma-nacao\/","og_locale":"pt_BR","og_type":"article","og_title":"Israel no 70\u00ba anivers\u00e1rio, o Renascimento de Uma Na\u00e7\u00e3o | Blog do Guelmann","og_description":"Os 3.000 anos de hist\u00f3ria de Israel em um v\u00eddeo de 10 minutos. A anima\u00e7\u00e3o mostra jornada do povo judeu ao longo dos s\u00e9culos, saindo de sua p\u00e1tria, passando pelo ex\u00edlio e superando a amea\u00e7a de extin\u00e7\u00e3o, at\u00e9 o retorno e a independ\u00eancia em uma pr\u00f3spera democracia que celebra agora seu 70\u00ba anivers\u00e1rio!","og_url":"https:\/\/gersonguelmann.com.br\/blog\/israel-no-70o-aniversario-o-renascimento-de-uma-nacao\/","og_site_name":"Blog do Guelmann","article_published_time":"2018-04-17T00:50:54+00:00","og_image":[{"width":960,"height":720,"url":"https:\/\/i0.wp.com\/gersonguelmann.com.br\/blog\/wp-content\/uploads\/2018\/04\/Israel.jpg?fit=960%2C720&ssl=1","type":"image\/jpeg"}],"author":"Gerson Guelmann","twitter_card":"summary_large_image","twitter_misc":{"Escrito por":"Gerson Guelmann"},"schema":{"@context":"https:\/\/schema.org","@graph":[{"@type":"Article","@id":"https:\/\/gersonguelmann.com.br\/blog\/israel-no-70o-aniversario-o-renascimento-de-uma-nacao\/#article","isPartOf":{"@id":"https:\/\/gersonguelmann.com.br\/blog\/israel-no-70o-aniversario-o-renascimento-de-uma-nacao\/"},"author":{"name":"Gerson Guelmann","@id":"https:\/\/gersonguelmann.com.br\/blog\/#\/schema\/person\/87e70e2a786888082f941a482c90569e"},"headline":"Israel no 70\u00ba anivers\u00e1rio, o Renascimento de Uma Na\u00e7\u00e3o","datePublished":"2018-04-17T00:50:54+00:00","mainEntityOfPage":{"@id":"https:\/\/gersonguelmann.com.br\/blog\/israel-no-70o-aniversario-o-renascimento-de-uma-nacao\/"},"wordCount":78,"commentCount":0,"image":{"@id":"https:\/\/gersonguelmann.com.br\/blog\/israel-no-70o-aniversario-o-renascimento-de-uma-nacao\/#primaryimage"},"thumbnailUrl":"https:\/\/i0.wp.com\/gersonguelmann.com.br\/blog\/wp-content\/uploads\/2018\/04\/Israel.jpg?fit=960%2C720&ssl=1","inLanguage":"pt-BR","potentialAction":[{"@type":"CommentAction","name":"Comment","target":["https:\/\/gersonguelmann.com.br\/blog\/israel-no-70o-aniversario-o-renascimento-de-uma-nacao\/#respond"]}]},{"@type":"WebPage","@id":"https:\/\/gersonguelmann.com.br\/blog\/israel-no-70o-aniversario-o-renascimento-de-uma-nacao\/","url":"https:\/\/gersonguelmann.com.br\/blog\/israel-no-70o-aniversario-o-renascimento-de-uma-nacao\/","name":"Israel no 70\u00ba anivers\u00e1rio, o Renascimento de Uma Na\u00e7\u00e3o | Blog do Guelmann","isPartOf":{"@id":"https:\/\/gersonguelmann.com.br\/blog\/#website"},"primaryImageOfPage":{"@id":"https:\/\/gersonguelmann.com.br\/blog\/israel-no-70o-aniversario-o-renascimento-de-uma-nacao\/#primaryimage"},"image":{"@id":"https:\/\/gersonguelmann.com.br\/blog\/israel-no-70o-aniversario-o-renascimento-de-uma-nacao\/#primaryimage"},"thumbnailUrl":"https:\/\/i0.wp.com\/gersonguelmann.com.br\/blog\/wp-content\/uploads\/2018\/04\/Israel.jpg?fit=960%2C720&ssl=1","datePublished":"2018-04-17T00:50:54+00:00","author":{"@id":"https:\/\/gersonguelmann.com.br\/blog\/#\/schema\/person\/87e70e2a786888082f941a482c90569e"},"inLanguage":"pt-BR","potentialAction":[{"@type":"ReadAction","target":["https:\/\/gersonguelmann.com.br\/blog\/israel-no-70o-aniversario-o-renascimento-de-uma-nacao\/"]}]},{"@type":"ImageObject","inLanguage":"pt-BR","@id":"https:\/\/gersonguelmann.com.br\/blog\/israel-no-70o-aniversario-o-renascimento-de-uma-nacao\/#primaryimage","url":"https:\/\/i0.wp.com\/gersonguelmann.com.br\/blog\/wp-content\/uploads\/2018\/04\/Israel.jpg?fit=960%2C720&ssl=1","contentUrl":"https:\/\/i0.wp.com\/gersonguelmann.com.br\/blog\/wp-content\/uploads\/2018\/04\/Israel.jpg?fit=960%2C720&ssl=1","width":960,"height":720},{"@type":"WebSite","@id":"https:\/\/gersonguelmann.com.br\/blog\/#website","url":"https:\/\/gersonguelmann.com.br\/blog\/","name":"Blog do Guelmann","description":"Pitadas da sabedoria e do humor judaicos, assuntos do momento e um pouco das hist\u00f3rias que vivi e testemunhei.","potentialAction":[{"@type":"SearchAction","target":{"@type":"EntryPoint","urlTemplate":"https:\/\/gersonguelmann.com.br\/blog\/?s={search_term_string}"},"query-input":{"@type":"PropertyValueSpecification","valueRequired":true,"valueName":"search_term_string"}}],"inLanguage":"pt-BR"},{"@type":"Person","@id":"https:\/\/gersonguelmann.com.br\/blog\/#\/schema\/person\/87e70e2a786888082f941a482c90569e","name":"Gerson Guelmann","image":{"@type":"ImageObject","inLanguage":"pt-BR","@id":"https:\/\/i0.wp.com\/gersonguelmann.com.br\/blog\/wp-content\/uploads\/2021\/08\/BLOG.jpeg?fit=96%2C96&ssl=1","url":"https:\/\/i0.wp.com\/gersonguelmann.com.br\/blog\/wp-content\/uploads\/2021\/08\/BLOG.jpeg?fit=96%2C96&ssl=1","contentUrl":"https:\/\/i0.wp.com\/gersonguelmann.com.br\/blog\/wp-content\/uploads\/2021\/08\/BLOG.jpeg?fit=96%2C96&ssl=1","caption":"Gerson Guelmann"},"description":"Pitadas da sabedoria e do humor judaicos, assuntos do momento e um pouco das hist\u00f3rias que vivi e testemunhei."}]}},"views":32,"jetpack_publicize_connections":[],"jetpack_featured_media_url":"https:\/\/i0.wp.com\/gersonguelmann.com.br\/blog\/wp-content\/uploads\/2018\/04\/Israel.jpg?fit=960%2C720&ssl=1","jetpack_shortlink":"https:\/\/wp.me\/p96e7O-33e","jetpack-related-posts":[{"id":5037,"url":"https:\/\/gersonguelmann.com.br\/blog\/70-anos-depois-israel-ainda-gradece\/","url_meta":{"origin":11732,"position":0},"title":"70 Anos Depois, Israel Ainda Agradece","author":"Gerson Guelmann","date":"29 de novembro de 2017","format":false,"excerpt":"\"Quem j\u00e1 ouviu uma coisa dessas? Quem j\u00e1 viu tais coisas? Pode uma na\u00e7\u00e3o nascer num s\u00f3 dia, ou, pode-se dar \u00e0 luz um povo num instante? Pois Si\u00e3o ainda estava em trabalho de parto, e deu \u00e0 luz seus filhos.\" (Isaias 66:8) \u00a0 H\u00e1 exatos 70 anos, na Assembl\u00e9ia\u2026","rel":"","context":"Em &quot;Sem categoria&quot;","block_context":{"text":"Sem categoria","link":"https:\/\/gersonguelmann.com.br\/blog\/category\/sem-categoria\/"},"img":{"alt_text":"","src":"https:\/\/i0.wp.com\/gersonguelmann.com.br\/blog\/wp-content\/uploads\/2017\/11\/Israel-300x168.png?resize=350%2C200&ssl=1","width":350,"height":200},"classes":[]},{"id":4441,"url":"https:\/\/gersonguelmann.com.br\/blog\/filarmonica-jovem-de-israel-hoje\/","url_meta":{"origin":11732,"position":1},"title":"Filarm\u00f4nica Jovem de Israel, Hoje","author":"Gerson Guelmann","date":"14 de novembro de 2017","format":false,"excerpt":"https:\/\/www.youtube.com\/watch?v=c2EWApFJi68&feature=youtu.be Logo mais, as 20h30, a Orquestra Filarm\u00f4nica Jovem de Israel da Escola de M\u00fasica Buchmann-Mehta da Universidade de Tel Aviv far\u00e1 uma apresenta\u00e7\u00e3o em Curitiba. A Orquestra prepara m\u00fasicos para a Filarm\u00f4nica de\u00a0Israel, admirada em todo o mundo e o concerto integra as festividades do 45\u00b0 anivers\u00e1rio do Grupo\u2026","rel":"","context":"Em &quot;Sem categoria&quot;","block_context":{"text":"Sem categoria","link":"https:\/\/gersonguelmann.com.br\/blog\/category\/sem-categoria\/"},"img":{"alt_text":"","src":"https:\/\/i0.wp.com\/gersonguelmann.com.br\/blog\/wp-content\/uploads\/2017\/11\/Positivo-1.jpg?fit=451%2C500&ssl=1&resize=350%2C200","width":350,"height":200},"classes":[]},{"id":15070,"url":"https:\/\/gersonguelmann.com.br\/blog\/o-50o-aniversario-de-casamento-de-eliezer-e-esther\/","url_meta":{"origin":11732,"position":2},"title":"O 50\u00ba Anivers\u00e1rio de Casamento de Eliezer e Esther","author":"Gerson Guelmann","date":"6 de novembro de 2018","format":false,"excerpt":"No 50\u00ba anivers\u00e1rio de seu casamento com Esther, Eliezer passou o dia todo olhando para a esposa e lembrando silenciosamente como foi a vida do casal nesse meio s\u00e9culo de vida. Depois de algum tempo ele disse para ela: - \"Esther, querida, quando nos casamos h\u00e1 50 anos, tudo o\u2026","rel":"","context":"Em &quot;Sem categoria&quot;","block_context":{"text":"Sem categoria","link":"https:\/\/gersonguelmann.com.br\/blog\/category\/sem-categoria\/"},"img":{"alt_text":"","src":"https:\/\/i0.wp.com\/gersonguelmann.com.br\/blog\/wp-content\/uploads\/2018\/11\/images-1.jpg?fit=800%2C1200&ssl=1&resize=350%2C200","width":350,"height":200,"srcset":"https:\/\/i0.wp.com\/gersonguelmann.com.br\/blog\/wp-content\/uploads\/2018\/11\/images-1.jpg?fit=800%2C1200&ssl=1&resize=350%2C200 1x, https:\/\/i0.wp.com\/gersonguelmann.com.br\/blog\/wp-content\/uploads\/2018\/11\/images-1.jpg?fit=800%2C1200&ssl=1&resize=525%2C300 1.5x, https:\/\/i0.wp.com\/gersonguelmann.com.br\/blog\/wp-content\/uploads\/2018\/11\/images-1.jpg?fit=800%2C1200&ssl=1&resize=700%2C400 2x"},"classes":[]},{"id":12649,"url":"https:\/\/gersonguelmann.com.br\/blog\/7-inovacoes-israelenses-que-mudaram-o-mundo-nos-ultimos-70-anos\/","url_meta":{"origin":11732,"position":3},"title":"7 Inova\u00e7\u00f5es Israelenses Que Mudaram o Mundo Nos \u00daltimos 73 Anos","author":"Gerson Guelmann","date":"13 de maio de 2021","format":false,"excerpt":"O Israel Trade & Investment pertence a uma rede de mais de 40 escrit\u00f3rios comerciais localizados nos principais centros de neg\u00f3cios ao redor do mundo e faz parte do Departamento de Com\u00e9rcio Exterior do Minist\u00e9rio de Economia de Israel. Lembro que Israel \u00e9 sempre mencionada como \"na\u00e7\u00e3o da inova\u00e7\u00e3o\" e\u2026","rel":"","context":"Em &quot;Sem categoria&quot;","block_context":{"text":"Sem categoria","link":"https:\/\/gersonguelmann.com.br\/blog\/category\/sem-categoria\/"},"img":{"alt_text":"","src":"https:\/\/i0.wp.com\/gersonguelmann.com.br\/blog\/wp-content\/uploads\/2018\/05\/Israel-300x156.jpg?resize=350%2C200&ssl=1","width":350,"height":200},"classes":[]},{"id":11810,"url":"https:\/\/gersonguelmann.com.br\/blog\/dados-sobre-israel-uma-jovem-nacao-aos-70-anos\/","url_meta":{"origin":11732,"position":4},"title":"Dados Sobre Israel, Uma Jovem Na\u00e7\u00e3o aos 70 Anos","author":"Gerson Guelmann","date":"19 de abril de 2018","format":false,"excerpt":"Dados de Israel aos 70 anos \ud83d\udd34 Israel \u00e9 um dos oito pa\u00edses do mundo com capacidade para construir e lan\u00e7ar sat\u00e9lites pr\u00f3prios. \ud83d\udd35 Israel, R\u00fassia, Estados Unidos e China s\u00e3o os \u00fanicos quatro pa\u00edses no mundo a possuir um sat\u00e9lite espi\u00e3o. \ud83d\udd34\u00a0De acordo com publica\u00e7\u00f5es estrangeiras, Israel \u00e9 um\u2026","rel":"","context":"Em &quot;Sem categoria&quot;","block_context":{"text":"Sem categoria","link":"https:\/\/gersonguelmann.com.br\/blog\/category\/sem-categoria\/"},"img":{"alt_text":"","src":"https:\/\/i0.wp.com\/gersonguelmann.com.br\/blog\/wp-content\/uploads\/2018\/04\/cartaz-Israel-2018.png?fit=672%2C672&ssl=1&resize=350%2C200","width":350,"height":200,"srcset":"https:\/\/i0.wp.com\/gersonguelmann.com.br\/blog\/wp-content\/uploads\/2018\/04\/cartaz-Israel-2018.png?fit=672%2C672&ssl=1&resize=350%2C200 1x, https:\/\/i0.wp.com\/gersonguelmann.com.br\/blog\/wp-content\/uploads\/2018\/04\/cartaz-Israel-2018.png?fit=672%2C672&ssl=1&resize=525%2C300 1.5x"},"classes":[]},{"id":21559,"url":"https:\/\/gersonguelmann.com.br\/blog\/u-2-mil-de-gorjeta-na-comemoracao-do-20-aniversario-de-encontro\/","url_meta":{"origin":11732,"position":5},"title":"U$ 2 Mil de Gorjeta na Comemora\u00e7\u00e3o do 20\u00ba Anivers\u00e1rio de Encontro","author":"Gerson Guelmann","date":"20 de fevereiro de 2021","format":false,"excerpt":"Em tempos em que as not\u00edcias tristes tendem a superar as boas, com o universo mergulhado em uma situa\u00e7\u00e3o inimagin\u00e1vel, de vez em quando somos surpreendidos com fatos que fazem renascer as esperan\u00e7as de um mundo melhor. Veja o que aconteceu h\u00e1 poucos dias em Chicago, USA: A mais premiada\u2026","rel":"","context":"Em &quot;Sem categoria&quot;","block_context":{"text":"Sem categoria","link":"https:\/\/gersonguelmann.com.br\/blog\/category\/sem-categoria\/"},"img":{"alt_text":"","src":"https:\/\/i0.wp.com\/gersonguelmann.com.br\/blog\/wp-content\/uploads\/2021\/02\/GORJETA.jpg?fit=1024%2C566&ssl=1&resize=350%2C200","width":350,"height":200,"srcset":"https:\/\/i0.wp.com\/gersonguelmann.com.br\/blog\/wp-content\/uploads\/2021\/02\/GORJETA.jpg?fit=1024%2C566&ssl=1&resize=350%2C200 1x, https:\/\/i0.wp.com\/gersonguelmann.com.br\/blog\/wp-content\/uploads\/2021\/02\/GORJETA.jpg?fit=1024%2C566&ssl=1&resize=525%2C300 1.5x, https:\/\/i0.wp.com\/gersonguelmann.com.br\/blog\/wp-content\/uploads\/2021\/02\/GORJETA.jpg?fit=1024%2C566&ssl=1&resize=700%2C400 2x"},"classes":[]}],"jetpack_sharing_enabled":true,"post_mailing_queue_ids":[],"_links":{"self":[{"href":"https:\/\/gersonguelmann.com.br\/blog\/wp-json\/wp\/v2\/posts\/11732","targetHints":{"allow":["GET"]}}],"collection":[{"href":"https:\/\/gersonguelmann.com.br\/blog\/wp-json\/wp\/v2\/posts"}],"about":[{"href":"https:\/\/gersonguelmann.com.br\/blog\/wp-json\/wp\/v2\/types\/post"}],"author":[{"embeddable":true,"href":"https:\/\/gersonguelmann.com.br\/blog\/wp-json\/wp\/v2\/users\/5"}],"replies":[{"embeddable":true,"href":"https:\/\/gersonguelmann.com.br\/blog\/wp-json\/wp\/v2\/comments?post=11732"}],"version-history":[{"count":0,"href":"https:\/\/gersonguelmann.com.br\/blog\/wp-json\/wp\/v2\/posts\/11732\/revisions"}],"wp:featuredmedia":[{"embeddable":true,"href":"https:\/\/gersonguelmann.com.br\/blog\/wp-json\/wp\/v2\/media\/11733"}],"wp:attachment":[{"href":"https:\/\/gersonguelmann.com.br\/blog\/wp-json\/wp\/v2\/media?parent=11732"}],"wp:term":[{"taxonomy":"category","embeddable":true,"href":"https:\/\/gersonguelmann.com.br\/blog\/wp-json\/wp\/v2\/categories?post=11732"},{"taxonomy":"post_tag","embeddable":true,"href":"https:\/\/gersonguelmann.com.br\/blog\/wp-json\/wp\/v2\/tags?post=11732"}],"curies":[{"name":"wp","href":"https:\/\/api.w.org\/{rel}","templated":true}]}}