    {"id":11742,"date":"2018-04-17T11:11:02","date_gmt":"2018-04-17T14:11:02","guid":{"rendered":"https:\/\/gersonguelmann.com.br\/blog\/?p=11742"},"modified":"2018-04-17T11:26:34","modified_gmt":"2018-04-17T14:26:34","slug":"o-brasil-como-e-e-como-os-estrangeiros-acham-que-os-brasileiros-acham-que-e","status":"publish","type":"post","link":"https:\/\/gersonguelmann.com.br\/blog\/o-brasil-como-e-e-como-os-estrangeiros-acham-que-os-brasileiros-acham-que-e\/","title":{"rendered":"O Brasil Como \u00c9 E Como Os Estrangeiros Acham Que os Brasileiros Acham Que \u00c9"},"content":{"rendered":"<p><span style=\"font-family: georgia, palatino, serif; font-size: 18pt; color: #000000;\">Imagem que circula fora do Brasil, naturalmente em tom de brincadeira, mostrando como o Brasil \u00e9 e como n\u00f3s brasileiros achamos que \u00e9.<\/span><\/p>\n<p><img data-recalc-dims=\"1\" decoding=\"async\" data-attachment-id=\"11743\" data-permalink=\"https:\/\/gersonguelmann.com.br\/blog\/o-brasil-como-e-e-como-os-estrangeiros-acham-que-os-brasileiros-acham-que-e\/brasil-3\/\" data-orig-file=\"https:\/\/i0.wp.com\/gersonguelmann.com.br\/blog\/wp-content\/uploads\/2018\/04\/Brasil.jpg?fit=1260%2C694&amp;ssl=1\" data-orig-size=\"1260,694\" data-comments-opened=\"1\" data-image-meta=\"{&quot;aperture&quot;:&quot;0&quot;,&quot;credit&quot;:&quot;&quot;,&quot;camera&quot;:&quot;&quot;,&quot;caption&quot;:&quot;&quot;,&quot;created_timestamp&quot;:&quot;0&quot;,&quot;copyright&quot;:&quot;&quot;,&quot;focal_length&quot;:&quot;0&quot;,&quot;iso&quot;:&quot;0&quot;,&quot;shutter_speed&quot;:&quot;0&quot;,&quot;title&quot;:&quot;&quot;,&quot;orientation&quot;:&quot;0&quot;}\" data-image-title=\"Brasil\" data-image-description=\"\" data-image-caption=\"\" data-medium-file=\"https:\/\/i0.wp.com\/gersonguelmann.com.br\/blog\/wp-content\/uploads\/2018\/04\/Brasil.jpg?fit=300%2C165&amp;ssl=1\" data-large-file=\"https:\/\/i0.wp.com\/gersonguelmann.com.br\/blog\/wp-content\/uploads\/2018\/04\/Brasil.jpg?fit=640%2C353&amp;ssl=1\" class=\"size-medium wp-image-11743 aligncenter\" src=\"https:\/\/i0.wp.com\/gersonguelmann.com.br\/blog\/wp-content\/uploads\/2018\/04\/Brasil.jpg?resize=300%2C165&#038;ssl=1\" alt=\"\" width=\"300\" height=\"165\" srcset=\"https:\/\/i0.wp.com\/gersonguelmann.com.br\/blog\/wp-content\/uploads\/2018\/04\/Brasil.jpg?resize=300%2C165&amp;ssl=1 300w, https:\/\/i0.wp.com\/gersonguelmann.com.br\/blog\/wp-content\/uploads\/2018\/04\/Brasil.jpg?resize=768%2C423&amp;ssl=1 768w, https:\/\/i0.wp.com\/gersonguelmann.com.br\/blog\/wp-content\/uploads\/2018\/04\/Brasil.jpg?resize=1024%2C564&amp;ssl=1 1024w, https:\/\/i0.wp.com\/gersonguelmann.com.br\/blog\/wp-content\/uploads\/2018\/04\/Brasil.jpg?w=1260&amp;ssl=1 1260w\" sizes=\"(max-width: 300px) 100vw, 300px\" \/><\/p>\n","protected":false},"excerpt":{"rendered":"<p>Imagem que circula fora do Brasil, naturalmente em tom de brincadeira, mostrando como o Brasil \u00e9 e como n\u00f3s brasileiros achamos que \u00e9.<\/p>\n","protected":false},"author":5,"featured_media":11743,"comment_status":"open","ping_status":"open","sticky":false,"template":"","format":"standard","meta":{"_acf_changed":false,"jetpack_post_was_ever_published":false,"_jetpack_newsletter_access":"","_jetpack_dont_email_post_to_subs":false,"_jetpack_newsletter_tier_id":0,"_jetpack_memberships_contains_paywalled_content":false,"_jetpack_memberships_contains_paid_content":false,"footnotes":"","jetpack_publicize_message":"","jetpack_publicize_feature_enabled":true,"jetpack_social_post_already_shared":true,"jetpack_social_options":{"image_generator_settings":{"template":"highway","default_image_id":0,"font":"","enabled":false},"version":2}},"categories":[1],"tags":[],"class_list":["post-11742","post","type-post","status-publish","format-standard","has-post-thumbnail","hentry","category-sem-categoria"],"acf":[],"yoast_head":"<!-- This site is optimized with the Yoast SEO plugin v27.3 - https:\/\/yoast.com\/product\/yoast-seo-wordpress\/ -->\n<title>O Brasil Como \u00c9 E Como Os Estrangeiros Acham Que os Brasileiros Acham Que \u00c9 | Blog do Guelmann<\/title>\n<meta name=\"robots\" content=\"index, follow, max-snippet:-1, max-image-preview:large, max-video-preview:-1\" \/>\n<link rel=\"canonical\" href=\"https:\/\/gersonguelmann.com.br\/blog\/o-brasil-como-e-e-como-os-estrangeiros-acham-que-os-brasileiros-acham-que-e\/\" \/>\n<meta property=\"og:locale\" content=\"pt_BR\" \/>\n<meta property=\"og:type\" content=\"article\" \/>\n<meta property=\"og:title\" content=\"O Brasil Como \u00c9 E Como Os Estrangeiros Acham Que os Brasileiros Acham Que \u00c9 | Blog do Guelmann\" \/>\n<meta property=\"og:description\" content=\"Imagem que circula fora do Brasil, naturalmente em tom de brincadeira, mostrando como o Brasil \u00e9 e como n\u00f3s brasileiros achamos que \u00e9.\" \/>\n<meta property=\"og:url\" content=\"https:\/\/gersonguelmann.com.br\/blog\/o-brasil-como-e-e-como-os-estrangeiros-acham-que-os-brasileiros-acham-que-e\/\" \/>\n<meta property=\"og:site_name\" content=\"Blog do Guelmann\" \/>\n<meta property=\"article:published_time\" content=\"2018-04-17T14:11:02+00:00\" \/>\n<meta property=\"article:modified_time\" content=\"2018-04-17T14:26:34+00:00\" \/>\n<meta property=\"og:image\" content=\"https:\/\/i0.wp.com\/gersonguelmann.com.br\/blog\/wp-content\/uploads\/2018\/04\/Brasil.jpg?fit=1260%2C694&ssl=1\" \/>\n\t<meta property=\"og:image:width\" content=\"1260\" \/>\n\t<meta property=\"og:image:height\" content=\"694\" \/>\n\t<meta property=\"og:image:type\" content=\"image\/jpeg\" \/>\n<meta name=\"author\" content=\"Gerson Guelmann\" \/>\n<meta name=\"twitter:card\" content=\"summary_large_image\" \/>\n<meta name=\"twitter:label1\" content=\"Escrito por\" \/>\n\t<meta name=\"twitter:data1\" content=\"Gerson Guelmann\" \/>\n<script type=\"application\/ld+json\" class=\"yoast-schema-graph\">{\"@context\":\"https:\\\/\\\/schema.org\",\"@graph\":[{\"@type\":\"Article\",\"@id\":\"https:\\\/\\\/gersonguelmann.com.br\\\/blog\\\/o-brasil-como-e-e-como-os-estrangeiros-acham-que-os-brasileiros-acham-que-e\\\/#article\",\"isPartOf\":{\"@id\":\"https:\\\/\\\/gersonguelmann.com.br\\\/blog\\\/o-brasil-como-e-e-como-os-estrangeiros-acham-que-os-brasileiros-acham-que-e\\\/\"},\"author\":{\"name\":\"Gerson Guelmann\",\"@id\":\"https:\\\/\\\/gersonguelmann.com.br\\\/blog\\\/#\\\/schema\\\/person\\\/87e70e2a786888082f941a482c90569e\"},\"headline\":\"O Brasil Como \u00c9 E Como Os Estrangeiros Acham Que os Brasileiros Acham Que \u00c9\",\"datePublished\":\"2018-04-17T14:11:02+00:00\",\"dateModified\":\"2018-04-17T14:26:34+00:00\",\"mainEntityOfPage\":{\"@id\":\"https:\\\/\\\/gersonguelmann.com.br\\\/blog\\\/o-brasil-como-e-e-como-os-estrangeiros-acham-que-os-brasileiros-acham-que-e\\\/\"},\"wordCount\":35,\"commentCount\":0,\"image\":{\"@id\":\"https:\\\/\\\/gersonguelmann.com.br\\\/blog\\\/o-brasil-como-e-e-como-os-estrangeiros-acham-que-os-brasileiros-acham-que-e\\\/#primaryimage\"},\"thumbnailUrl\":\"https:\\\/\\\/i0.wp.com\\\/gersonguelmann.com.br\\\/blog\\\/wp-content\\\/uploads\\\/2018\\\/04\\\/Brasil.jpg?fit=1260%2C694&ssl=1\",\"inLanguage\":\"pt-BR\",\"potentialAction\":[{\"@type\":\"CommentAction\",\"name\":\"Comment\",\"target\":[\"https:\\\/\\\/gersonguelmann.com.br\\\/blog\\\/o-brasil-como-e-e-como-os-estrangeiros-acham-que-os-brasileiros-acham-que-e\\\/#respond\"]}]},{\"@type\":\"WebPage\",\"@id\":\"https:\\\/\\\/gersonguelmann.com.br\\\/blog\\\/o-brasil-como-e-e-como-os-estrangeiros-acham-que-os-brasileiros-acham-que-e\\\/\",\"url\":\"https:\\\/\\\/gersonguelmann.com.br\\\/blog\\\/o-brasil-como-e-e-como-os-estrangeiros-acham-que-os-brasileiros-acham-que-e\\\/\",\"name\":\"O Brasil Como \u00c9 E Como Os Estrangeiros Acham Que os Brasileiros Acham Que \u00c9 | Blog do Guelmann\",\"isPartOf\":{\"@id\":\"https:\\\/\\\/gersonguelmann.com.br\\\/blog\\\/#website\"},\"primaryImageOfPage\":{\"@id\":\"https:\\\/\\\/gersonguelmann.com.br\\\/blog\\\/o-brasil-como-e-e-como-os-estrangeiros-acham-que-os-brasileiros-acham-que-e\\\/#primaryimage\"},\"image\":{\"@id\":\"https:\\\/\\\/gersonguelmann.com.br\\\/blog\\\/o-brasil-como-e-e-como-os-estrangeiros-acham-que-os-brasileiros-acham-que-e\\\/#primaryimage\"},\"thumbnailUrl\":\"https:\\\/\\\/i0.wp.com\\\/gersonguelmann.com.br\\\/blog\\\/wp-content\\\/uploads\\\/2018\\\/04\\\/Brasil.jpg?fit=1260%2C694&ssl=1\",\"datePublished\":\"2018-04-17T14:11:02+00:00\",\"dateModified\":\"2018-04-17T14:26:34+00:00\",\"author\":{\"@id\":\"https:\\\/\\\/gersonguelmann.com.br\\\/blog\\\/#\\\/schema\\\/person\\\/87e70e2a786888082f941a482c90569e\"},\"inLanguage\":\"pt-BR\",\"potentialAction\":[{\"@type\":\"ReadAction\",\"target\":[\"https:\\\/\\\/gersonguelmann.com.br\\\/blog\\\/o-brasil-como-e-e-como-os-estrangeiros-acham-que-os-brasileiros-acham-que-e\\\/\"]}]},{\"@type\":\"ImageObject\",\"inLanguage\":\"pt-BR\",\"@id\":\"https:\\\/\\\/gersonguelmann.com.br\\\/blog\\\/o-brasil-como-e-e-como-os-estrangeiros-acham-que-os-brasileiros-acham-que-e\\\/#primaryimage\",\"url\":\"https:\\\/\\\/i0.wp.com\\\/gersonguelmann.com.br\\\/blog\\\/wp-content\\\/uploads\\\/2018\\\/04\\\/Brasil.jpg?fit=1260%2C694&ssl=1\",\"contentUrl\":\"https:\\\/\\\/i0.wp.com\\\/gersonguelmann.com.br\\\/blog\\\/wp-content\\\/uploads\\\/2018\\\/04\\\/Brasil.jpg?fit=1260%2C694&ssl=1\",\"width\":1260,\"height\":694},{\"@type\":\"WebSite\",\"@id\":\"https:\\\/\\\/gersonguelmann.com.br\\\/blog\\\/#website\",\"url\":\"https:\\\/\\\/gersonguelmann.com.br\\\/blog\\\/\",\"name\":\"Blog do Guelmann\",\"description\":\"Pitadas da sabedoria e do humor judaicos, assuntos do momento e um pouco das hist\u00f3rias que vivi e testemunhei.\",\"potentialAction\":[{\"@type\":\"SearchAction\",\"target\":{\"@type\":\"EntryPoint\",\"urlTemplate\":\"https:\\\/\\\/gersonguelmann.com.br\\\/blog\\\/?s={search_term_string}\"},\"query-input\":{\"@type\":\"PropertyValueSpecification\",\"valueRequired\":true,\"valueName\":\"search_term_string\"}}],\"inLanguage\":\"pt-BR\"},{\"@type\":\"Person\",\"@id\":\"https:\\\/\\\/gersonguelmann.com.br\\\/blog\\\/#\\\/schema\\\/person\\\/87e70e2a786888082f941a482c90569e\",\"name\":\"Gerson Guelmann\",\"image\":{\"@type\":\"ImageObject\",\"inLanguage\":\"pt-BR\",\"@id\":\"https:\\\/\\\/i0.wp.com\\\/gersonguelmann.com.br\\\/blog\\\/wp-content\\\/uploads\\\/2021\\\/08\\\/BLOG.jpeg?fit=96%2C96&ssl=1\",\"url\":\"https:\\\/\\\/i0.wp.com\\\/gersonguelmann.com.br\\\/blog\\\/wp-content\\\/uploads\\\/2021\\\/08\\\/BLOG.jpeg?fit=96%2C96&ssl=1\",\"contentUrl\":\"https:\\\/\\\/i0.wp.com\\\/gersonguelmann.com.br\\\/blog\\\/wp-content\\\/uploads\\\/2021\\\/08\\\/BLOG.jpeg?fit=96%2C96&ssl=1\",\"caption\":\"Gerson Guelmann\"},\"description\":\"Pitadas da sabedoria e do humor judaicos, assuntos do momento e um pouco das hist\u00f3rias que vivi e testemunhei.\"}]}<\/script>\n<!-- \/ Yoast SEO plugin. -->","yoast_head_json":{"title":"O Brasil Como \u00c9 E Como Os Estrangeiros Acham Que os Brasileiros Acham Que \u00c9 | Blog do Guelmann","robots":{"index":"index","follow":"follow","max-snippet":"max-snippet:-1","max-image-preview":"max-image-preview:large","max-video-preview":"max-video-preview:-1"},"canonical":"https:\/\/gersonguelmann.com.br\/blog\/o-brasil-como-e-e-como-os-estrangeiros-acham-que-os-brasileiros-acham-que-e\/","og_locale":"pt_BR","og_type":"article","og_title":"O Brasil Como \u00c9 E Como Os Estrangeiros Acham Que os Brasileiros Acham Que \u00c9 | Blog do Guelmann","og_description":"Imagem que circula fora do Brasil, naturalmente em tom de brincadeira, mostrando como o Brasil \u00e9 e como n\u00f3s brasileiros achamos que \u00e9.","og_url":"https:\/\/gersonguelmann.com.br\/blog\/o-brasil-como-e-e-como-os-estrangeiros-acham-que-os-brasileiros-acham-que-e\/","og_site_name":"Blog do Guelmann","article_published_time":"2018-04-17T14:11:02+00:00","article_modified_time":"2018-04-17T14:26:34+00:00","og_image":[{"width":1260,"height":694,"url":"https:\/\/i0.wp.com\/gersonguelmann.com.br\/blog\/wp-content\/uploads\/2018\/04\/Brasil.jpg?fit=1260%2C694&ssl=1","type":"image\/jpeg"}],"author":"Gerson Guelmann","twitter_card":"summary_large_image","twitter_misc":{"Escrito por":"Gerson Guelmann"},"schema":{"@context":"https:\/\/schema.org","@graph":[{"@type":"Article","@id":"https:\/\/gersonguelmann.com.br\/blog\/o-brasil-como-e-e-como-os-estrangeiros-acham-que-os-brasileiros-acham-que-e\/#article","isPartOf":{"@id":"https:\/\/gersonguelmann.com.br\/blog\/o-brasil-como-e-e-como-os-estrangeiros-acham-que-os-brasileiros-acham-que-e\/"},"author":{"name":"Gerson Guelmann","@id":"https:\/\/gersonguelmann.com.br\/blog\/#\/schema\/person\/87e70e2a786888082f941a482c90569e"},"headline":"O Brasil Como \u00c9 E Como Os Estrangeiros Acham Que os Brasileiros Acham Que \u00c9","datePublished":"2018-04-17T14:11:02+00:00","dateModified":"2018-04-17T14:26:34+00:00","mainEntityOfPage":{"@id":"https:\/\/gersonguelmann.com.br\/blog\/o-brasil-como-e-e-como-os-estrangeiros-acham-que-os-brasileiros-acham-que-e\/"},"wordCount":35,"commentCount":0,"image":{"@id":"https:\/\/gersonguelmann.com.br\/blog\/o-brasil-como-e-e-como-os-estrangeiros-acham-que-os-brasileiros-acham-que-e\/#primaryimage"},"thumbnailUrl":"https:\/\/i0.wp.com\/gersonguelmann.com.br\/blog\/wp-content\/uploads\/2018\/04\/Brasil.jpg?fit=1260%2C694&ssl=1","inLanguage":"pt-BR","potentialAction":[{"@type":"CommentAction","name":"Comment","target":["https:\/\/gersonguelmann.com.br\/blog\/o-brasil-como-e-e-como-os-estrangeiros-acham-que-os-brasileiros-acham-que-e\/#respond"]}]},{"@type":"WebPage","@id":"https:\/\/gersonguelmann.com.br\/blog\/o-brasil-como-e-e-como-os-estrangeiros-acham-que-os-brasileiros-acham-que-e\/","url":"https:\/\/gersonguelmann.com.br\/blog\/o-brasil-como-e-e-como-os-estrangeiros-acham-que-os-brasileiros-acham-que-e\/","name":"O Brasil Como \u00c9 E Como Os Estrangeiros Acham Que os Brasileiros Acham Que \u00c9 | Blog do Guelmann","isPartOf":{"@id":"https:\/\/gersonguelmann.com.br\/blog\/#website"},"primaryImageOfPage":{"@id":"https:\/\/gersonguelmann.com.br\/blog\/o-brasil-como-e-e-como-os-estrangeiros-acham-que-os-brasileiros-acham-que-e\/#primaryimage"},"image":{"@id":"https:\/\/gersonguelmann.com.br\/blog\/o-brasil-como-e-e-como-os-estrangeiros-acham-que-os-brasileiros-acham-que-e\/#primaryimage"},"thumbnailUrl":"https:\/\/i0.wp.com\/gersonguelmann.com.br\/blog\/wp-content\/uploads\/2018\/04\/Brasil.jpg?fit=1260%2C694&ssl=1","datePublished":"2018-04-17T14:11:02+00:00","dateModified":"2018-04-17T14:26:34+00:00","author":{"@id":"https:\/\/gersonguelmann.com.br\/blog\/#\/schema\/person\/87e70e2a786888082f941a482c90569e"},"inLanguage":"pt-BR","potentialAction":[{"@type":"ReadAction","target":["https:\/\/gersonguelmann.com.br\/blog\/o-brasil-como-e-e-como-os-estrangeiros-acham-que-os-brasileiros-acham-que-e\/"]}]},{"@type":"ImageObject","inLanguage":"pt-BR","@id":"https:\/\/gersonguelmann.com.br\/blog\/o-brasil-como-e-e-como-os-estrangeiros-acham-que-os-brasileiros-acham-que-e\/#primaryimage","url":"https:\/\/i0.wp.com\/gersonguelmann.com.br\/blog\/wp-content\/uploads\/2018\/04\/Brasil.jpg?fit=1260%2C694&ssl=1","contentUrl":"https:\/\/i0.wp.com\/gersonguelmann.com.br\/blog\/wp-content\/uploads\/2018\/04\/Brasil.jpg?fit=1260%2C694&ssl=1","width":1260,"height":694},{"@type":"WebSite","@id":"https:\/\/gersonguelmann.com.br\/blog\/#website","url":"https:\/\/gersonguelmann.com.br\/blog\/","name":"Blog do Guelmann","description":"Pitadas da sabedoria e do humor judaicos, assuntos do momento e um pouco das hist\u00f3rias que vivi e testemunhei.","potentialAction":[{"@type":"SearchAction","target":{"@type":"EntryPoint","urlTemplate":"https:\/\/gersonguelmann.com.br\/blog\/?s={search_term_string}"},"query-input":{"@type":"PropertyValueSpecification","valueRequired":true,"valueName":"search_term_string"}}],"inLanguage":"pt-BR"},{"@type":"Person","@id":"https:\/\/gersonguelmann.com.br\/blog\/#\/schema\/person\/87e70e2a786888082f941a482c90569e","name":"Gerson Guelmann","image":{"@type":"ImageObject","inLanguage":"pt-BR","@id":"https:\/\/i0.wp.com\/gersonguelmann.com.br\/blog\/wp-content\/uploads\/2021\/08\/BLOG.jpeg?fit=96%2C96&ssl=1","url":"https:\/\/i0.wp.com\/gersonguelmann.com.br\/blog\/wp-content\/uploads\/2021\/08\/BLOG.jpeg?fit=96%2C96&ssl=1","contentUrl":"https:\/\/i0.wp.com\/gersonguelmann.com.br\/blog\/wp-content\/uploads\/2021\/08\/BLOG.jpeg?fit=96%2C96&ssl=1","caption":"Gerson Guelmann"},"description":"Pitadas da sabedoria e do humor judaicos, assuntos do momento e um pouco das hist\u00f3rias que vivi e testemunhei."}]}},"views":104,"jetpack_publicize_connections":[],"jetpack_featured_media_url":"https:\/\/i0.wp.com\/gersonguelmann.com.br\/blog\/wp-content\/uploads\/2018\/04\/Brasil.jpg?fit=1260%2C694&ssl=1","jetpack_shortlink":"https:\/\/wp.me\/p96e7O-33o","jetpack-related-posts":[{"id":11783,"url":"https:\/\/gersonguelmann.com.br\/blog\/brasileiros-em-portugal-comportam-se-como-predadores\/","url_meta":{"origin":11742,"position":0},"title":"Brasileiros em Portugal Comportam-se Como Predadores?","author":"Gerson Guelmann","date":"17 de abril de 2018","format":false,"excerpt":"Mat\u00e9ria muito interessante publicada hoje no site SRzd: Por que comportamento predador de brasileiros em Portugal causa indigna\u00e7\u00e3o 17\/04\/2018 \u00e0s 9h45\u00a0- Por Sidney Rezende\u00a0Por onde passei nos \u00faltimos 15 dias aqui e no exterior, ouvi relatos de pessoas em busca de explica\u00e7\u00f5es sobre as raz\u00f5es que est\u00e3o levando brasileiros a\u2026","rel":"","context":"Em &quot;Sem categoria&quot;","block_context":{"text":"Sem categoria","link":"https:\/\/gersonguelmann.com.br\/blog\/category\/sem-categoria\/"},"img":{"alt_text":"","src":"https:\/\/i0.wp.com\/gersonguelmann.com.br\/blog\/wp-content\/uploads\/2018\/04\/BR-PT-1.jpg?fit=640%2C424&ssl=1&resize=350%2C200","width":350,"height":200,"srcset":"https:\/\/i0.wp.com\/gersonguelmann.com.br\/blog\/wp-content\/uploads\/2018\/04\/BR-PT-1.jpg?fit=640%2C424&ssl=1&resize=350%2C200 1x, https:\/\/i0.wp.com\/gersonguelmann.com.br\/blog\/wp-content\/uploads\/2018\/04\/BR-PT-1.jpg?fit=640%2C424&ssl=1&resize=525%2C300 1.5x"},"classes":[]},{"id":5475,"url":"https:\/\/gersonguelmann.com.br\/blog\/e-o-pior-e-que-essa-gente-vota-56\/","url_meta":{"origin":11742,"position":1},"title":"E O Pior \u00c9 Que Essa Gente Vota (56)","author":"Gerson Guelmann","date":"10 de dezembro de 2017","format":false,"excerpt":"Voc\u00ea sabe que h\u00e1 um n\u00famero expressivo de pessoas que acham que a terra \u00e9 plana? Eles n\u00e3o apenas acreditam como se re\u00fanem e propagam o pensamento.\u00a0 Os\u00a0\"terraplanistas\", como s\u00e3o denominados, j\u00e1 criaram mais de 30 grupos em portugu\u00eas, s\u00f3 no Facebook. Leia mais em\u00a0 http:\/\/www.bbc.com\/portuguese\/brasil-41261724\u00a0 \u00a0","rel":"","context":"Em &quot;Sem categoria&quot;","block_context":{"text":"Sem categoria","link":"https:\/\/gersonguelmann.com.br\/blog\/category\/sem-categoria\/"},"img":{"alt_text":"","src":"https:\/\/i0.wp.com\/gersonguelmann.com.br\/blog\/wp-content\/uploads\/2017\/12\/Terra.jpeg?fit=940%2C470&ssl=1&resize=350%2C200","width":350,"height":200,"srcset":"https:\/\/i0.wp.com\/gersonguelmann.com.br\/blog\/wp-content\/uploads\/2017\/12\/Terra.jpeg?fit=940%2C470&ssl=1&resize=350%2C200 1x, https:\/\/i0.wp.com\/gersonguelmann.com.br\/blog\/wp-content\/uploads\/2017\/12\/Terra.jpeg?fit=940%2C470&ssl=1&resize=525%2C300 1.5x, https:\/\/i0.wp.com\/gersonguelmann.com.br\/blog\/wp-content\/uploads\/2017\/12\/Terra.jpeg?fit=940%2C470&ssl=1&resize=700%2C400 2x"},"classes":[]},{"id":2150,"url":"https:\/\/gersonguelmann.com.br\/blog\/brasileiros-e-seus-micos-internacionais\/","url_meta":{"origin":11742,"position":2},"title":"Brasileiros e seus Micos Internacionais","author":"Gerson Guelmann","date":"28 de setembro de 2017","format":false,"excerpt":"Um casal de namorados brasileiros, fazendo interc\u00e2mbio em Dublin, na Irlanda, foi passear em Paris. No momento da compra das passagens, a mo\u00e7a usou um aplicativo de tradutor online para portugu\u00eas de Portugal, que para \"last name\" - sobrenome, em ingl\u00eas - apresentou o equivalente \"apelido\". Como sabemos, no Brasil\u2026","rel":"","context":"Em &quot;Sem categoria&quot;","block_context":{"text":"Sem categoria","link":"https:\/\/gersonguelmann.com.br\/blog\/category\/sem-categoria\/"},"img":{"alt_text":"","src":"https:\/\/i0.wp.com\/gersonguelmann.com.br\/blog\/wp-content\/uploads\/2017\/09\/Essa-gente-vota-1.jpg?fit=640%2C574&ssl=1&resize=350%2C200","width":350,"height":200,"srcset":"https:\/\/i0.wp.com\/gersonguelmann.com.br\/blog\/wp-content\/uploads\/2017\/09\/Essa-gente-vota-1.jpg?fit=640%2C574&ssl=1&resize=350%2C200 1x, https:\/\/i0.wp.com\/gersonguelmann.com.br\/blog\/wp-content\/uploads\/2017\/09\/Essa-gente-vota-1.jpg?fit=640%2C574&ssl=1&resize=525%2C300 1.5x"},"classes":[]},{"id":13165,"url":"https:\/\/gersonguelmann.com.br\/blog\/o-brasil-na-1a-guerra-mundial-1914-1918\/","url_meta":{"origin":11742,"position":3},"title":"O Brasil na 1\u00aa Guerra Mundial (1914-1918)","author":"Gerson Guelmann","date":"22 de maio de 2018","format":false,"excerpt":"Esta semana dois amigos me mandaram um texto extremamente interessante, que trata da participa\u00e7\u00e3o do Brasil na 1\u00aa Guerra Mundial. Na internet verifiquei que \u00e9 de autoria de Maria Tereza Mendes e foi publicado no Blog do Percival Puggina. Compartilho porque vale a pena conhecer a hist\u00f3ria: N\u00d3S TAMB\u00c9M TEMOS\u2026","rel":"","context":"Em &quot;Sem categoria&quot;","block_context":{"text":"Sem categoria","link":"https:\/\/gersonguelmann.com.br\/blog\/category\/sem-categoria\/"},"img":{"alt_text":"","src":"https:\/\/i0.wp.com\/gersonguelmann.com.br\/blog\/wp-content\/uploads\/2018\/05\/Placa.jpg?fit=1024%2C630&ssl=1&resize=350%2C200","width":350,"height":200,"srcset":"https:\/\/i0.wp.com\/gersonguelmann.com.br\/blog\/wp-content\/uploads\/2018\/05\/Placa.jpg?fit=1024%2C630&ssl=1&resize=350%2C200 1x, https:\/\/i0.wp.com\/gersonguelmann.com.br\/blog\/wp-content\/uploads\/2018\/05\/Placa.jpg?fit=1024%2C630&ssl=1&resize=525%2C300 1.5x, https:\/\/i0.wp.com\/gersonguelmann.com.br\/blog\/wp-content\/uploads\/2018\/05\/Placa.jpg?fit=1024%2C630&ssl=1&resize=700%2C400 2x"},"classes":[]},{"id":21754,"url":"https:\/\/gersonguelmann.com.br\/blog\/em-israel-a-pergunta-o-que-os-brasileiros-vieram-fazer-aqui\/","url_meta":{"origin":11742,"position":4},"title":"Em Israel, a Pergunta: O Que Os Brasileiros Vieram Fazer Aqui?","author":"Gerson Guelmann","date":"13 de mar\u00e7o de 2021","format":false,"excerpt":"Voc\u00ea j\u00e1 teve ter ouvido falar em \"manobra diversionista\". Diversionismo, segundo o dicion\u00e1rio que consultei, \u00e9 \"uma manobra ou estrat\u00e9gia usada para desviar a aten\u00e7\u00e3o do que est\u00e1 em discuss\u00e3o, geralmente em contextos pol\u00edticos; aquilo que serve para enganar ou esconder = cortina de fuma\u00e7a\" (*) Essa foi a palavra\u2026","rel":"","context":"Em &quot;Sem categoria&quot;","block_context":{"text":"Sem categoria","link":"https:\/\/gersonguelmann.com.br\/blog\/category\/sem-categoria\/"},"img":{"alt_text":"","src":"https:\/\/i0.wp.com\/gersonguelmann.com.br\/blog\/wp-content\/uploads\/2021\/03\/AnyConv.com__DK.jpeg?fit=1024%2C638&ssl=1&resize=350%2C200","width":350,"height":200,"srcset":"https:\/\/i0.wp.com\/gersonguelmann.com.br\/blog\/wp-content\/uploads\/2021\/03\/AnyConv.com__DK.jpeg?fit=1024%2C638&ssl=1&resize=350%2C200 1x, https:\/\/i0.wp.com\/gersonguelmann.com.br\/blog\/wp-content\/uploads\/2021\/03\/AnyConv.com__DK.jpeg?fit=1024%2C638&ssl=1&resize=525%2C300 1.5x, https:\/\/i0.wp.com\/gersonguelmann.com.br\/blog\/wp-content\/uploads\/2021\/03\/AnyConv.com__DK.jpeg?fit=1024%2C638&ssl=1&resize=700%2C400 2x"},"classes":[]},{"id":12581,"url":"https:\/\/gersonguelmann.com.br\/blog\/como-e-viver-em-outra-cultura\/","url_meta":{"origin":11742,"position":5},"title":"Como \u00c9 Viver em Outra Cultura?","author":"Gerson Guelmann","date":"7 de maio de 2018","format":false,"excerpt":"Com o advento da internet e a facilidade das comunica\u00e7\u00f5es, nos acostumamos a receber relatos de brasileiros que vivem ou est\u00e3o em viagem ao exterior e que presenciam ou participam de situa\u00e7\u00f5es ou experi\u00eancias inusitadas.\u00a0\u00a0 N\u00e3o h\u00e1 quem j\u00e1 n\u00e3o tenha visto ou lido alguma coisa que demonstra a diferen\u00e7a\u2026","rel":"","context":"Em &quot;Sem categoria&quot;","block_context":{"text":"Sem categoria","link":"https:\/\/gersonguelmann.com.br\/blog\/category\/sem-categoria\/"},"img":{"alt_text":"","src":"https:\/\/i0.wp.com\/gersonguelmann.com.br\/blog\/wp-content\/uploads\/2018\/05\/2-1.jpg?fit=900%2C1200&ssl=1&resize=350%2C200","width":350,"height":200,"srcset":"https:\/\/i0.wp.com\/gersonguelmann.com.br\/blog\/wp-content\/uploads\/2018\/05\/2-1.jpg?fit=900%2C1200&ssl=1&resize=350%2C200 1x, https:\/\/i0.wp.com\/gersonguelmann.com.br\/blog\/wp-content\/uploads\/2018\/05\/2-1.jpg?fit=900%2C1200&ssl=1&resize=525%2C300 1.5x, https:\/\/i0.wp.com\/gersonguelmann.com.br\/blog\/wp-content\/uploads\/2018\/05\/2-1.jpg?fit=900%2C1200&ssl=1&resize=700%2C400 2x"},"classes":[]}],"jetpack_sharing_enabled":true,"post_mailing_queue_ids":[],"_links":{"self":[{"href":"https:\/\/gersonguelmann.com.br\/blog\/wp-json\/wp\/v2\/posts\/11742","targetHints":{"allow":["GET"]}}],"collection":[{"href":"https:\/\/gersonguelmann.com.br\/blog\/wp-json\/wp\/v2\/posts"}],"about":[{"href":"https:\/\/gersonguelmann.com.br\/blog\/wp-json\/wp\/v2\/types\/post"}],"author":[{"embeddable":true,"href":"https:\/\/gersonguelmann.com.br\/blog\/wp-json\/wp\/v2\/users\/5"}],"replies":[{"embeddable":true,"href":"https:\/\/gersonguelmann.com.br\/blog\/wp-json\/wp\/v2\/comments?post=11742"}],"version-history":[{"count":0,"href":"https:\/\/gersonguelmann.com.br\/blog\/wp-json\/wp\/v2\/posts\/11742\/revisions"}],"wp:featuredmedia":[{"embeddable":true,"href":"https:\/\/gersonguelmann.com.br\/blog\/wp-json\/wp\/v2\/media\/11743"}],"wp:attachment":[{"href":"https:\/\/gersonguelmann.com.br\/blog\/wp-json\/wp\/v2\/media?parent=11742"}],"wp:term":[{"taxonomy":"category","embeddable":true,"href":"https:\/\/gersonguelmann.com.br\/blog\/wp-json\/wp\/v2\/categories?post=11742"},{"taxonomy":"post_tag","embeddable":true,"href":"https:\/\/gersonguelmann.com.br\/blog\/wp-json\/wp\/v2\/tags?post=11742"}],"curies":[{"name":"wp","href":"https:\/\/api.w.org\/{rel}","templated":true}]}}