    {"id":11754,"date":"2018-04-17T12:45:50","date_gmt":"2018-04-17T15:45:50","guid":{"rendered":"https:\/\/gersonguelmann.com.br\/blog\/?p=11754"},"modified":"2018-04-17T12:48:09","modified_gmt":"2018-04-17T15:48:09","slug":"voce-nao-precisa-mais-de-desculpa-frutas-vermelhas-e-vinho-tinto-previnem-doencas-mentais","status":"publish","type":"post","link":"https:\/\/gersonguelmann.com.br\/blog\/voce-nao-precisa-mais-de-desculpa-frutas-vermelhas-e-vinho-tinto-previnem-doencas-mentais\/","title":{"rendered":"Voc\u00ea N\u00e3o Precisa Mais de Desculpa: Frutas Vermelhas e Vinho Tinto Previnem Doen\u00e7as Mentais"},"content":{"rendered":"<p><span style=\"color: #000000; font-family: georgia, palatino, serif; font-size: 18pt;\">Direto da fonte, mat\u00e9ria publicada hoje em Portugal:<\/span><\/p>\n<p class=\"entry-title fusion-post-title\" data-fontsize=\"18\" data-lineheight=\"27\"><span style=\"font-size: 18pt;\"><strong><span style=\"color: #000000;\">Alimenta\u00e7\u00e3o pode prevenir doen\u00e7as mentais<\/span><\/strong><\/span><\/p>\n<div class=\"post-content\">\n<p><span style=\"color: #000000; font-size: 14pt;\">O consumo regular de frutos vermelhos ou vinho tinto pode ter um papel importante na regula\u00e7\u00e3o da microbiota intestinal, na diminui\u00e7\u00e3o da inflama\u00e7\u00e3o, na preven\u00e7\u00e3o da depress\u00e3o e no combate \u00e0 dem\u00eancia e outras doen\u00e7as neurodegenerativas, pela presen\u00e7a de uma classe particular de compostos nestes alimentos (antocianinas). A descoberta foi feita por um grupo de investigadores do CINTESIS \u2013 Centro de Investiga\u00e7\u00e3o em Tecnologias e Servi\u00e7os de Sa\u00fade.<\/span><\/p>\n<p><span style=\"color: #000000; font-size: 14pt;\">Liderada por\u00a0Concei\u00e7\u00e3o Calhau, investigadora do CINTESIS e professora na NOVA Medical School, a equipa realizou uma s\u00e9rie de estudos para avaliar a rela\u00e7\u00e3o entre o tipo de alimenta\u00e7\u00e3o, a composi\u00e7\u00e3o da microbiota intestinal, isto \u00e9, do conjunto de micr\u00f3bios que habitam o intestino, e o pr\u00f3prio c\u00e9rebro.<\/span><\/p>\n<p><span style=\"color: #000000; font-size: 14pt;\">Numa primeira fase, os cientistas mostraram, em animais, que uma dieta rica em gordura saturada altera negativamente a composi\u00e7\u00e3o da microbiota intestinal (com uma diminui\u00e7\u00e3o de bact\u00e9rias ben\u00e9ficas e um aumento de subst\u00e2ncias inflamat\u00f3rias) e induz inflama\u00e7\u00e3o no c\u00e9rebro.<\/span><\/p>\n<p><span style=\"color: #000000; font-size: 14pt;\">\u201cOs efeitos de uma dieta rica em gordura saturada v\u00e3o para al\u00e9m da obesidade e da resist\u00eancia \u00e0 insulina, precursora da diabetes. Uma alimenta\u00e7\u00e3o desequilibrada vai alterar a microbiota intestinal e induzir um estado de inflama\u00e7\u00e3o generalizada. Esta inflama\u00e7\u00e3o, quando \u00e9 cr\u00f3nica, pode resultar em altera\u00e7\u00f5es a n\u00edvel cerebral, contribuindo para o desenvolvimento da disfun\u00e7\u00e3o neurol\u00f3gica e de uma s\u00e9rie de doen\u00e7as, como a depress\u00e3o\u201d, explica\u00a0Cl\u00e1udia Marques, uma das investigadoras do CINTESIS envolvidas neste trabalho.<\/span><\/p>\n<p><span style=\"color: #000000; font-size: 14pt;\">Numa segunda fase, a equipa testou a efic\u00e1cia do consumo cr\u00f3nico de antocianinas, (presentes em frutos de cor vermelha) na preven\u00e7\u00e3o do desequil\u00edbrio da microbiota intestinal e da inflama\u00e7\u00e3o a n\u00edvel cerebral. No modelo animal, foi demonstrado que a ingest\u00e3o continuada de extrato de amora, rica nessas subst\u00e2ncias, \u00e9 capaz de melhorar a microbiota intestinal e reduzir a inflama\u00e7\u00e3o no c\u00e9rebro que est\u00e1 subjacente \u00e0s complica\u00e7\u00f5es neurol\u00f3gicas associadas \u00e0 obesidade.<\/span><\/p>\n<p><span style=\"color: #000000; font-size: 14pt;\">Em humanos, um ensaio cl\u00ednico comparou tamb\u00e9m o impacto de um \u2018pur\u00e9\u2019 de amora quando ingerido na presen\u00e7a ou aus\u00eancia de \u00e1lcool. \u201cOs resultados sugerem que o consumo do \u2018pur\u00e9\u2019 de amora com \u00e1lcool aumenta os n\u00edveis de antocianinas no sangue. Contudo, s\u00e3o necess\u00e1rios mais estudos para perceber se os indiv\u00edduos com excesso de peso ou obesidade podem efetivamente beneficiar do consumo de alimentos contendo simultaneamente antocianinas e \u00e1lcool, como \u00e9 o caso do vinho tinto\u201d, diz Cl\u00e1udia Marques, primeira autora deste ensaio.<\/span><\/p>\n<p><span style=\"color: #000000; font-size: 14pt;\">\u201cA hip\u00f3tese deste tipo de subst\u00e2ncias, que denominamos de pr\u00e9bi\u00f3ticos e psicobi\u00f3ticos, induzirem o crescimento de bact\u00e9rias ben\u00e9ficas no intestino, interferindo com a inflama\u00e7\u00e3o no c\u00e9rebro, abre caminho a uma nova estrat\u00e9gia terap\u00eautica para a preven\u00e7\u00e3o e tratamento de doen\u00e7as neuropsiqui\u00e1tricas t\u00e3o prevalentes na popula\u00e7\u00e3o, como a ansiedade e a depress\u00e3o\u201d, conclui Concei\u00e7\u00e3o Calhau.<\/span><\/p>\n<\/div>\n<p><span style=\"color: #000000; font-family: georgia, palatino, serif; font-size: 18pt;\">Para ler no original <span style=\"color: #0000ff;\"><em><strong><a style=\"color: #0000ff;\" href=\"http:\/\/cintesis.eu\/pt\/alimentacao-pode-prevenir-doencas-mentais\/\">clique aqui<\/a><\/strong><\/em><\/span>.<\/span><\/p>\n<p><img data-recalc-dims=\"1\" fetchpriority=\"high\" decoding=\"async\" data-attachment-id=\"11757\" data-permalink=\"https:\/\/gersonguelmann.com.br\/blog\/voce-nao-precisa-mais-de-desculpa-frutas-vermelhas-e-vinho-tinto-previnem-doencas-mentais\/frutos_vermelhos_cintesis-2\/\" data-orig-file=\"https:\/\/i0.wp.com\/gersonguelmann.com.br\/blog\/wp-content\/uploads\/2018\/04\/frutos_vermelhos_cintesis-1.jpg?fit=940%2C600&amp;ssl=1\" data-orig-size=\"940,600\" data-comments-opened=\"1\" data-image-meta=\"{&quot;aperture&quot;:&quot;0&quot;,&quot;credit&quot;:&quot;&quot;,&quot;camera&quot;:&quot;&quot;,&quot;caption&quot;:&quot;&quot;,&quot;created_timestamp&quot;:&quot;0&quot;,&quot;copyright&quot;:&quot;&quot;,&quot;focal_length&quot;:&quot;0&quot;,&quot;iso&quot;:&quot;0&quot;,&quot;shutter_speed&quot;:&quot;0&quot;,&quot;title&quot;:&quot;&quot;,&quot;orientation&quot;:&quot;0&quot;}\" data-image-title=\"frutos_vermelhos_cintesis\" data-image-description=\"\" data-image-caption=\"\" data-medium-file=\"https:\/\/i0.wp.com\/gersonguelmann.com.br\/blog\/wp-content\/uploads\/2018\/04\/frutos_vermelhos_cintesis-1.jpg?fit=300%2C191&amp;ssl=1\" data-large-file=\"https:\/\/i0.wp.com\/gersonguelmann.com.br\/blog\/wp-content\/uploads\/2018\/04\/frutos_vermelhos_cintesis-1.jpg?fit=640%2C409&amp;ssl=1\" class=\"size-medium wp-image-11757 aligncenter\" src=\"https:\/\/i0.wp.com\/gersonguelmann.com.br\/blog\/wp-content\/uploads\/2018\/04\/frutos_vermelhos_cintesis-1.jpg?resize=300%2C191&#038;ssl=1\" alt=\"\" width=\"300\" height=\"191\" srcset=\"https:\/\/i0.wp.com\/gersonguelmann.com.br\/blog\/wp-content\/uploads\/2018\/04\/frutos_vermelhos_cintesis-1.jpg?resize=300%2C191&amp;ssl=1 300w, https:\/\/i0.wp.com\/gersonguelmann.com.br\/blog\/wp-content\/uploads\/2018\/04\/frutos_vermelhos_cintesis-1.jpg?resize=768%2C490&amp;ssl=1 768w, https:\/\/i0.wp.com\/gersonguelmann.com.br\/blog\/wp-content\/uploads\/2018\/04\/frutos_vermelhos_cintesis-1.jpg?w=940&amp;ssl=1 940w\" sizes=\"(max-width: 300px) 100vw, 300px\" \/><\/p>\n","protected":false},"excerpt":{"rendered":"<p>Direto da fonte, mat\u00e9ria publicada hoje em Portugal: Alimenta\u00e7\u00e3o pode prevenir doen\u00e7as mentais O consumo regular de frutos vermelhos ou vinho tinto pode ter um papel importante na regula\u00e7\u00e3o da microbiota intestinal, na diminui\u00e7\u00e3o da inflama\u00e7\u00e3o, na preven\u00e7\u00e3o da depress\u00e3o e no combate \u00e0 dem\u00eancia e outras doen\u00e7as neurodegenerativas, pela presen\u00e7a de uma classe particular [&hellip;]<\/p>\n","protected":false},"author":5,"featured_media":11757,"comment_status":"open","ping_status":"open","sticky":false,"template":"","format":"standard","meta":{"_acf_changed":false,"jetpack_post_was_ever_published":false,"_jetpack_newsletter_access":"","_jetpack_dont_email_post_to_subs":false,"_jetpack_newsletter_tier_id":0,"_jetpack_memberships_contains_paywalled_content":false,"_jetpack_memberships_contains_paid_content":false,"footnotes":"","jetpack_publicize_message":"","jetpack_publicize_feature_enabled":true,"jetpack_social_post_already_shared":true,"jetpack_social_options":{"image_generator_settings":{"template":"highway","default_image_id":0,"font":"","enabled":false},"version":2}},"categories":[1],"tags":[],"class_list":["post-11754","post","type-post","status-publish","format-standard","has-post-thumbnail","hentry","category-sem-categoria"],"acf":[],"yoast_head":"<!-- This site is optimized with the Yoast SEO plugin v27.3 - https:\/\/yoast.com\/product\/yoast-seo-wordpress\/ -->\n<title>Voc\u00ea N\u00e3o Precisa Mais de Desculpa: Frutas Vermelhas e Vinho Tinto Previnem Doen\u00e7as Mentais | Blog do Guelmann<\/title>\n<meta name=\"robots\" content=\"index, follow, max-snippet:-1, max-image-preview:large, max-video-preview:-1\" \/>\n<link rel=\"canonical\" href=\"https:\/\/gersonguelmann.com.br\/blog\/voce-nao-precisa-mais-de-desculpa-frutas-vermelhas-e-vinho-tinto-previnem-doencas-mentais\/\" \/>\n<meta property=\"og:locale\" content=\"pt_BR\" \/>\n<meta property=\"og:type\" content=\"article\" \/>\n<meta property=\"og:title\" content=\"Voc\u00ea N\u00e3o Precisa Mais de Desculpa: Frutas Vermelhas e Vinho Tinto Previnem Doen\u00e7as Mentais | Blog do Guelmann\" \/>\n<meta property=\"og:description\" content=\"Direto da fonte, mat\u00e9ria publicada hoje em Portugal: Alimenta\u00e7\u00e3o pode prevenir doen\u00e7as mentais O consumo regular de frutos vermelhos ou vinho tinto pode ter um papel importante na regula\u00e7\u00e3o da microbiota intestinal, na diminui\u00e7\u00e3o da inflama\u00e7\u00e3o, na preven\u00e7\u00e3o da depress\u00e3o e no combate \u00e0 dem\u00eancia e outras doen\u00e7as neurodegenerativas, pela presen\u00e7a de uma classe particular [&hellip;]\" \/>\n<meta property=\"og:url\" content=\"https:\/\/gersonguelmann.com.br\/blog\/voce-nao-precisa-mais-de-desculpa-frutas-vermelhas-e-vinho-tinto-previnem-doencas-mentais\/\" \/>\n<meta property=\"og:site_name\" content=\"Blog do Guelmann\" \/>\n<meta property=\"article:published_time\" content=\"2018-04-17T15:45:50+00:00\" \/>\n<meta property=\"article:modified_time\" content=\"2018-04-17T15:48:09+00:00\" \/>\n<meta property=\"og:image\" content=\"https:\/\/i0.wp.com\/gersonguelmann.com.br\/blog\/wp-content\/uploads\/2018\/04\/frutos_vermelhos_cintesis-1.jpg?fit=940%2C600&ssl=1\" \/>\n\t<meta property=\"og:image:width\" content=\"940\" \/>\n\t<meta property=\"og:image:height\" content=\"600\" \/>\n\t<meta property=\"og:image:type\" content=\"image\/jpeg\" \/>\n<meta name=\"author\" content=\"Gerson Guelmann\" \/>\n<meta name=\"twitter:card\" content=\"summary_large_image\" \/>\n<meta name=\"twitter:label1\" content=\"Escrito por\" \/>\n\t<meta name=\"twitter:data1\" content=\"Gerson Guelmann\" \/>\n\t<meta name=\"twitter:label2\" content=\"Est. tempo de leitura\" \/>\n\t<meta name=\"twitter:data2\" content=\"3 minutos\" \/>\n<script type=\"application\/ld+json\" class=\"yoast-schema-graph\">{\"@context\":\"https:\\\/\\\/schema.org\",\"@graph\":[{\"@type\":\"Article\",\"@id\":\"https:\\\/\\\/gersonguelmann.com.br\\\/blog\\\/voce-nao-precisa-mais-de-desculpa-frutas-vermelhas-e-vinho-tinto-previnem-doencas-mentais\\\/#article\",\"isPartOf\":{\"@id\":\"https:\\\/\\\/gersonguelmann.com.br\\\/blog\\\/voce-nao-precisa-mais-de-desculpa-frutas-vermelhas-e-vinho-tinto-previnem-doencas-mentais\\\/\"},\"author\":{\"name\":\"Gerson Guelmann\",\"@id\":\"https:\\\/\\\/gersonguelmann.com.br\\\/blog\\\/#\\\/schema\\\/person\\\/87e70e2a786888082f941a482c90569e\"},\"headline\":\"Voc\u00ea N\u00e3o Precisa Mais de Desculpa: Frutas Vermelhas e Vinho Tinto Previnem Doen\u00e7as Mentais\",\"datePublished\":\"2018-04-17T15:45:50+00:00\",\"dateModified\":\"2018-04-17T15:48:09+00:00\",\"mainEntityOfPage\":{\"@id\":\"https:\\\/\\\/gersonguelmann.com.br\\\/blog\\\/voce-nao-precisa-mais-de-desculpa-frutas-vermelhas-e-vinho-tinto-previnem-doencas-mentais\\\/\"},\"wordCount\":549,\"commentCount\":0,\"image\":{\"@id\":\"https:\\\/\\\/gersonguelmann.com.br\\\/blog\\\/voce-nao-precisa-mais-de-desculpa-frutas-vermelhas-e-vinho-tinto-previnem-doencas-mentais\\\/#primaryimage\"},\"thumbnailUrl\":\"https:\\\/\\\/i0.wp.com\\\/gersonguelmann.com.br\\\/blog\\\/wp-content\\\/uploads\\\/2018\\\/04\\\/frutos_vermelhos_cintesis-1.jpg?fit=940%2C600&ssl=1\",\"inLanguage\":\"pt-BR\",\"potentialAction\":[{\"@type\":\"CommentAction\",\"name\":\"Comment\",\"target\":[\"https:\\\/\\\/gersonguelmann.com.br\\\/blog\\\/voce-nao-precisa-mais-de-desculpa-frutas-vermelhas-e-vinho-tinto-previnem-doencas-mentais\\\/#respond\"]}]},{\"@type\":\"WebPage\",\"@id\":\"https:\\\/\\\/gersonguelmann.com.br\\\/blog\\\/voce-nao-precisa-mais-de-desculpa-frutas-vermelhas-e-vinho-tinto-previnem-doencas-mentais\\\/\",\"url\":\"https:\\\/\\\/gersonguelmann.com.br\\\/blog\\\/voce-nao-precisa-mais-de-desculpa-frutas-vermelhas-e-vinho-tinto-previnem-doencas-mentais\\\/\",\"name\":\"Voc\u00ea N\u00e3o Precisa Mais de Desculpa: Frutas Vermelhas e Vinho Tinto Previnem Doen\u00e7as Mentais | Blog do Guelmann\",\"isPartOf\":{\"@id\":\"https:\\\/\\\/gersonguelmann.com.br\\\/blog\\\/#website\"},\"primaryImageOfPage\":{\"@id\":\"https:\\\/\\\/gersonguelmann.com.br\\\/blog\\\/voce-nao-precisa-mais-de-desculpa-frutas-vermelhas-e-vinho-tinto-previnem-doencas-mentais\\\/#primaryimage\"},\"image\":{\"@id\":\"https:\\\/\\\/gersonguelmann.com.br\\\/blog\\\/voce-nao-precisa-mais-de-desculpa-frutas-vermelhas-e-vinho-tinto-previnem-doencas-mentais\\\/#primaryimage\"},\"thumbnailUrl\":\"https:\\\/\\\/i0.wp.com\\\/gersonguelmann.com.br\\\/blog\\\/wp-content\\\/uploads\\\/2018\\\/04\\\/frutos_vermelhos_cintesis-1.jpg?fit=940%2C600&ssl=1\",\"datePublished\":\"2018-04-17T15:45:50+00:00\",\"dateModified\":\"2018-04-17T15:48:09+00:00\",\"author\":{\"@id\":\"https:\\\/\\\/gersonguelmann.com.br\\\/blog\\\/#\\\/schema\\\/person\\\/87e70e2a786888082f941a482c90569e\"},\"inLanguage\":\"pt-BR\",\"potentialAction\":[{\"@type\":\"ReadAction\",\"target\":[\"https:\\\/\\\/gersonguelmann.com.br\\\/blog\\\/voce-nao-precisa-mais-de-desculpa-frutas-vermelhas-e-vinho-tinto-previnem-doencas-mentais\\\/\"]}]},{\"@type\":\"ImageObject\",\"inLanguage\":\"pt-BR\",\"@id\":\"https:\\\/\\\/gersonguelmann.com.br\\\/blog\\\/voce-nao-precisa-mais-de-desculpa-frutas-vermelhas-e-vinho-tinto-previnem-doencas-mentais\\\/#primaryimage\",\"url\":\"https:\\\/\\\/i0.wp.com\\\/gersonguelmann.com.br\\\/blog\\\/wp-content\\\/uploads\\\/2018\\\/04\\\/frutos_vermelhos_cintesis-1.jpg?fit=940%2C600&ssl=1\",\"contentUrl\":\"https:\\\/\\\/i0.wp.com\\\/gersonguelmann.com.br\\\/blog\\\/wp-content\\\/uploads\\\/2018\\\/04\\\/frutos_vermelhos_cintesis-1.jpg?fit=940%2C600&ssl=1\",\"width\":940,\"height\":600},{\"@type\":\"WebSite\",\"@id\":\"https:\\\/\\\/gersonguelmann.com.br\\\/blog\\\/#website\",\"url\":\"https:\\\/\\\/gersonguelmann.com.br\\\/blog\\\/\",\"name\":\"Blog do Guelmann\",\"description\":\"Pitadas da sabedoria e do humor judaicos, assuntos do momento e um pouco das hist\u00f3rias que vivi e testemunhei.\",\"potentialAction\":[{\"@type\":\"SearchAction\",\"target\":{\"@type\":\"EntryPoint\",\"urlTemplate\":\"https:\\\/\\\/gersonguelmann.com.br\\\/blog\\\/?s={search_term_string}\"},\"query-input\":{\"@type\":\"PropertyValueSpecification\",\"valueRequired\":true,\"valueName\":\"search_term_string\"}}],\"inLanguage\":\"pt-BR\"},{\"@type\":\"Person\",\"@id\":\"https:\\\/\\\/gersonguelmann.com.br\\\/blog\\\/#\\\/schema\\\/person\\\/87e70e2a786888082f941a482c90569e\",\"name\":\"Gerson Guelmann\",\"image\":{\"@type\":\"ImageObject\",\"inLanguage\":\"pt-BR\",\"@id\":\"https:\\\/\\\/i0.wp.com\\\/gersonguelmann.com.br\\\/blog\\\/wp-content\\\/uploads\\\/2021\\\/08\\\/BLOG.jpeg?fit=96%2C96&ssl=1\",\"url\":\"https:\\\/\\\/i0.wp.com\\\/gersonguelmann.com.br\\\/blog\\\/wp-content\\\/uploads\\\/2021\\\/08\\\/BLOG.jpeg?fit=96%2C96&ssl=1\",\"contentUrl\":\"https:\\\/\\\/i0.wp.com\\\/gersonguelmann.com.br\\\/blog\\\/wp-content\\\/uploads\\\/2021\\\/08\\\/BLOG.jpeg?fit=96%2C96&ssl=1\",\"caption\":\"Gerson Guelmann\"},\"description\":\"Pitadas da sabedoria e do humor judaicos, assuntos do momento e um pouco das hist\u00f3rias que vivi e testemunhei.\"}]}<\/script>\n<!-- \/ Yoast SEO plugin. -->","yoast_head_json":{"title":"Voc\u00ea N\u00e3o Precisa Mais de Desculpa: Frutas Vermelhas e Vinho Tinto Previnem Doen\u00e7as Mentais | Blog do Guelmann","robots":{"index":"index","follow":"follow","max-snippet":"max-snippet:-1","max-image-preview":"max-image-preview:large","max-video-preview":"max-video-preview:-1"},"canonical":"https:\/\/gersonguelmann.com.br\/blog\/voce-nao-precisa-mais-de-desculpa-frutas-vermelhas-e-vinho-tinto-previnem-doencas-mentais\/","og_locale":"pt_BR","og_type":"article","og_title":"Voc\u00ea N\u00e3o Precisa Mais de Desculpa: Frutas Vermelhas e Vinho Tinto Previnem Doen\u00e7as Mentais | Blog do Guelmann","og_description":"Direto da fonte, mat\u00e9ria publicada hoje em Portugal: Alimenta\u00e7\u00e3o pode prevenir doen\u00e7as mentais O consumo regular de frutos vermelhos ou vinho tinto pode ter um papel importante na regula\u00e7\u00e3o da microbiota intestinal, na diminui\u00e7\u00e3o da inflama\u00e7\u00e3o, na preven\u00e7\u00e3o da depress\u00e3o e no combate \u00e0 dem\u00eancia e outras doen\u00e7as neurodegenerativas, pela presen\u00e7a de uma classe particular [&hellip;]","og_url":"https:\/\/gersonguelmann.com.br\/blog\/voce-nao-precisa-mais-de-desculpa-frutas-vermelhas-e-vinho-tinto-previnem-doencas-mentais\/","og_site_name":"Blog do Guelmann","article_published_time":"2018-04-17T15:45:50+00:00","article_modified_time":"2018-04-17T15:48:09+00:00","og_image":[{"width":940,"height":600,"url":"https:\/\/i0.wp.com\/gersonguelmann.com.br\/blog\/wp-content\/uploads\/2018\/04\/frutos_vermelhos_cintesis-1.jpg?fit=940%2C600&ssl=1","type":"image\/jpeg"}],"author":"Gerson Guelmann","twitter_card":"summary_large_image","twitter_misc":{"Escrito por":"Gerson Guelmann","Est. tempo de leitura":"3 minutos"},"schema":{"@context":"https:\/\/schema.org","@graph":[{"@type":"Article","@id":"https:\/\/gersonguelmann.com.br\/blog\/voce-nao-precisa-mais-de-desculpa-frutas-vermelhas-e-vinho-tinto-previnem-doencas-mentais\/#article","isPartOf":{"@id":"https:\/\/gersonguelmann.com.br\/blog\/voce-nao-precisa-mais-de-desculpa-frutas-vermelhas-e-vinho-tinto-previnem-doencas-mentais\/"},"author":{"name":"Gerson Guelmann","@id":"https:\/\/gersonguelmann.com.br\/blog\/#\/schema\/person\/87e70e2a786888082f941a482c90569e"},"headline":"Voc\u00ea N\u00e3o Precisa Mais de Desculpa: Frutas Vermelhas e Vinho Tinto Previnem Doen\u00e7as Mentais","datePublished":"2018-04-17T15:45:50+00:00","dateModified":"2018-04-17T15:48:09+00:00","mainEntityOfPage":{"@id":"https:\/\/gersonguelmann.com.br\/blog\/voce-nao-precisa-mais-de-desculpa-frutas-vermelhas-e-vinho-tinto-previnem-doencas-mentais\/"},"wordCount":549,"commentCount":0,"image":{"@id":"https:\/\/gersonguelmann.com.br\/blog\/voce-nao-precisa-mais-de-desculpa-frutas-vermelhas-e-vinho-tinto-previnem-doencas-mentais\/#primaryimage"},"thumbnailUrl":"https:\/\/i0.wp.com\/gersonguelmann.com.br\/blog\/wp-content\/uploads\/2018\/04\/frutos_vermelhos_cintesis-1.jpg?fit=940%2C600&ssl=1","inLanguage":"pt-BR","potentialAction":[{"@type":"CommentAction","name":"Comment","target":["https:\/\/gersonguelmann.com.br\/blog\/voce-nao-precisa-mais-de-desculpa-frutas-vermelhas-e-vinho-tinto-previnem-doencas-mentais\/#respond"]}]},{"@type":"WebPage","@id":"https:\/\/gersonguelmann.com.br\/blog\/voce-nao-precisa-mais-de-desculpa-frutas-vermelhas-e-vinho-tinto-previnem-doencas-mentais\/","url":"https:\/\/gersonguelmann.com.br\/blog\/voce-nao-precisa-mais-de-desculpa-frutas-vermelhas-e-vinho-tinto-previnem-doencas-mentais\/","name":"Voc\u00ea N\u00e3o Precisa Mais de Desculpa: Frutas Vermelhas e Vinho Tinto Previnem Doen\u00e7as Mentais | Blog do Guelmann","isPartOf":{"@id":"https:\/\/gersonguelmann.com.br\/blog\/#website"},"primaryImageOfPage":{"@id":"https:\/\/gersonguelmann.com.br\/blog\/voce-nao-precisa-mais-de-desculpa-frutas-vermelhas-e-vinho-tinto-previnem-doencas-mentais\/#primaryimage"},"image":{"@id":"https:\/\/gersonguelmann.com.br\/blog\/voce-nao-precisa-mais-de-desculpa-frutas-vermelhas-e-vinho-tinto-previnem-doencas-mentais\/#primaryimage"},"thumbnailUrl":"https:\/\/i0.wp.com\/gersonguelmann.com.br\/blog\/wp-content\/uploads\/2018\/04\/frutos_vermelhos_cintesis-1.jpg?fit=940%2C600&ssl=1","datePublished":"2018-04-17T15:45:50+00:00","dateModified":"2018-04-17T15:48:09+00:00","author":{"@id":"https:\/\/gersonguelmann.com.br\/blog\/#\/schema\/person\/87e70e2a786888082f941a482c90569e"},"inLanguage":"pt-BR","potentialAction":[{"@type":"ReadAction","target":["https:\/\/gersonguelmann.com.br\/blog\/voce-nao-precisa-mais-de-desculpa-frutas-vermelhas-e-vinho-tinto-previnem-doencas-mentais\/"]}]},{"@type":"ImageObject","inLanguage":"pt-BR","@id":"https:\/\/gersonguelmann.com.br\/blog\/voce-nao-precisa-mais-de-desculpa-frutas-vermelhas-e-vinho-tinto-previnem-doencas-mentais\/#primaryimage","url":"https:\/\/i0.wp.com\/gersonguelmann.com.br\/blog\/wp-content\/uploads\/2018\/04\/frutos_vermelhos_cintesis-1.jpg?fit=940%2C600&ssl=1","contentUrl":"https:\/\/i0.wp.com\/gersonguelmann.com.br\/blog\/wp-content\/uploads\/2018\/04\/frutos_vermelhos_cintesis-1.jpg?fit=940%2C600&ssl=1","width":940,"height":600},{"@type":"WebSite","@id":"https:\/\/gersonguelmann.com.br\/blog\/#website","url":"https:\/\/gersonguelmann.com.br\/blog\/","name":"Blog do Guelmann","description":"Pitadas da sabedoria e do humor judaicos, assuntos do momento e um pouco das hist\u00f3rias que vivi e testemunhei.","potentialAction":[{"@type":"SearchAction","target":{"@type":"EntryPoint","urlTemplate":"https:\/\/gersonguelmann.com.br\/blog\/?s={search_term_string}"},"query-input":{"@type":"PropertyValueSpecification","valueRequired":true,"valueName":"search_term_string"}}],"inLanguage":"pt-BR"},{"@type":"Person","@id":"https:\/\/gersonguelmann.com.br\/blog\/#\/schema\/person\/87e70e2a786888082f941a482c90569e","name":"Gerson Guelmann","image":{"@type":"ImageObject","inLanguage":"pt-BR","@id":"https:\/\/i0.wp.com\/gersonguelmann.com.br\/blog\/wp-content\/uploads\/2021\/08\/BLOG.jpeg?fit=96%2C96&ssl=1","url":"https:\/\/i0.wp.com\/gersonguelmann.com.br\/blog\/wp-content\/uploads\/2021\/08\/BLOG.jpeg?fit=96%2C96&ssl=1","contentUrl":"https:\/\/i0.wp.com\/gersonguelmann.com.br\/blog\/wp-content\/uploads\/2021\/08\/BLOG.jpeg?fit=96%2C96&ssl=1","caption":"Gerson Guelmann"},"description":"Pitadas da sabedoria e do humor judaicos, assuntos do momento e um pouco das hist\u00f3rias que vivi e testemunhei."}]}},"views":38,"jetpack_publicize_connections":[],"jetpack_featured_media_url":"https:\/\/i0.wp.com\/gersonguelmann.com.br\/blog\/wp-content\/uploads\/2018\/04\/frutos_vermelhos_cintesis-1.jpg?fit=940%2C600&ssl=1","jetpack_shortlink":"https:\/\/wp.me\/p96e7O-33A","jetpack-related-posts":[{"id":17327,"url":"https:\/\/gersonguelmann.com.br\/blog\/voce-que-bebe-vinho-entende-de-garrafas-tambem\/","url_meta":{"origin":11754,"position":0},"title":"Voc\u00ea Que Bebe Vinho, Entende de Garrafas Tamb\u00e9m?","author":"Gerson Guelmann","date":"4 de julho de 2019","format":false,"excerpt":"H\u00e1 poucos dias recebi texto com a explica\u00e7\u00e3o sobre o fato de a maioria das garrafas serem de 750 ml. O texto era redigido em portugu\u00eas de Portugal e, como de h\u00e1bito, fui em busca da autoria ou do lugar onde foi publicado. N\u00e3o encontrei, mas achei um texto mais\u2026","rel":"","context":"Em &quot;Sem categoria&quot;","block_context":{"text":"Sem categoria","link":"https:\/\/gersonguelmann.com.br\/blog\/category\/sem-categoria\/"},"img":{"alt_text":"","src":"https:\/\/i0.wp.com\/gersonguelmann.com.br\/blog\/wp-content\/uploads\/2019\/07\/wine-bottles.jpg?fit=841%2C1200&ssl=1&resize=350%2C200","width":350,"height":200,"srcset":"https:\/\/i0.wp.com\/gersonguelmann.com.br\/blog\/wp-content\/uploads\/2019\/07\/wine-bottles.jpg?fit=841%2C1200&ssl=1&resize=350%2C200 1x, https:\/\/i0.wp.com\/gersonguelmann.com.br\/blog\/wp-content\/uploads\/2019\/07\/wine-bottles.jpg?fit=841%2C1200&ssl=1&resize=525%2C300 1.5x, https:\/\/i0.wp.com\/gersonguelmann.com.br\/blog\/wp-content\/uploads\/2019\/07\/wine-bottles.jpg?fit=841%2C1200&ssl=1&resize=700%2C400 2x"},"classes":[]},{"id":10919,"url":"https:\/\/gersonguelmann.com.br\/blog\/ha-um-brasil-que-insiste-em-funcionar-9\/","url_meta":{"origin":11754,"position":1},"title":"H\u00e1 Um Brasil Que Insiste Em Funcionar (9)","author":"Gerson Guelmann","date":"27 de mar\u00e7o de 2018","format":false,"excerpt":"A cientista brasileira premiada por pesquisar doen\u00e7as negligenciadas pela ind\u00fastria farmac\u00eautica A ci\u00eancia pode mudar a realidade vivida pelas popula\u00e7\u00f5es carentes. Esse \u00e9 o lema da pesquisadora mineira Rafaela Salgado Ferreira: ela decidiu focar seu trabalho, que acaba de ser premiado internacionalmente, na busca de rem\u00e9dios para doen\u00e7as que afetam\u2026","rel":"","context":"Em &quot;Sem categoria&quot;","block_context":{"text":"Sem categoria","link":"https:\/\/gersonguelmann.com.br\/blog\/category\/sem-categoria\/"},"img":{"alt_text":"","src":"https:\/\/i0.wp.com\/gersonguelmann.com.br\/blog\/wp-content\/uploads\/2018\/03\/H%C3%A1-um-Brasil.jpg?fit=624%2C351&ssl=1&resize=350%2C200","width":350,"height":200,"srcset":"https:\/\/i0.wp.com\/gersonguelmann.com.br\/blog\/wp-content\/uploads\/2018\/03\/H%C3%A1-um-Brasil.jpg?fit=624%2C351&ssl=1&resize=350%2C200 1x, https:\/\/i0.wp.com\/gersonguelmann.com.br\/blog\/wp-content\/uploads\/2018\/03\/H%C3%A1-um-Brasil.jpg?fit=624%2C351&ssl=1&resize=525%2C300 1.5x"},"classes":[]},{"id":14789,"url":"https:\/\/gersonguelmann.com.br\/blog\/o-melhor-espumante-da-america-latina-e-brasileiro\/","url_meta":{"origin":11754,"position":2},"title":"O Melhor Espumante da Am\u00e9rica Latina \u00e9 Brasileiro","author":"Gerson Guelmann","date":"19 de outubro de 2018","format":false,"excerpt":"A not\u00edcia \u00e9 de tr\u00eas meses atr\u00e1s, mas vale publicar. Saiu no G1\/Economia em 10\/7\/2018: Concurso mais importante da Am\u00e9rica Latina premia espumante brasileiro Refer\u00eancia dos vinhos da Am\u00e9rica Latina no mundo, o concurso premiou amostras de vinhos tintos e brancos, espumantes, destilados e piscos. Por France Presse 10\/07\/2018 11h54\u00a0\u00a0Atualizado\u2026","rel":"","context":"Em &quot;Sem categoria&quot;","block_context":{"text":"Sem categoria","link":"https:\/\/gersonguelmann.com.br\/blog\/category\/sem-categoria\/"},"img":{"alt_text":"","src":"https:\/\/i0.wp.com\/gersonguelmann.com.br\/blog\/wp-content\/uploads\/2018\/10\/Garibaldi.jpg?fit=1000%2C1000&ssl=1&resize=350%2C200","width":350,"height":200,"srcset":"https:\/\/i0.wp.com\/gersonguelmann.com.br\/blog\/wp-content\/uploads\/2018\/10\/Garibaldi.jpg?fit=1000%2C1000&ssl=1&resize=350%2C200 1x, https:\/\/i0.wp.com\/gersonguelmann.com.br\/blog\/wp-content\/uploads\/2018\/10\/Garibaldi.jpg?fit=1000%2C1000&ssl=1&resize=525%2C300 1.5x, https:\/\/i0.wp.com\/gersonguelmann.com.br\/blog\/wp-content\/uploads\/2018\/10\/Garibaldi.jpg?fit=1000%2C1000&ssl=1&resize=700%2C400 2x"},"classes":[]},{"id":6994,"url":"https:\/\/gersonguelmann.com.br\/blog\/equivoco-no-diagnostico-o-bom-humor-das-redes\/","url_meta":{"origin":11754,"position":3},"title":"Equ\u00edvoco no Diagn\u00f3stico (O Bom Humor das Redes)","author":"Gerson Guelmann","date":"14 de janeiro de 2018","format":false,"excerpt":"Dialogo de um Cardiologista com o paciente: - \"Como est\u00e1 a sua alimenta\u00e7\u00e3o?\" - \"S\u00f3 como verduras, legumes, carne magra, peixe, zero de gordura e nada de sal\". - \"Atividades f\u00edsicas?\" - \"Corro dez quil\u00f4metros diariamente e depois fa\u00e7o uma hora de academia\". - \"Fuma?\" - \"Nunca fumei na vida\".\u2026","rel":"","context":"Em &quot;Sem categoria&quot;","block_context":{"text":"Sem categoria","link":"https:\/\/gersonguelmann.com.br\/blog\/category\/sem-categoria\/"},"img":{"alt_text":"","src":"https:\/\/i0.wp.com\/gersonguelmann.com.br\/blog\/wp-content\/uploads\/2018\/01\/M%C3%A9dico.jpg?fit=900%2C1200&ssl=1&resize=350%2C200","width":350,"height":200,"srcset":"https:\/\/i0.wp.com\/gersonguelmann.com.br\/blog\/wp-content\/uploads\/2018\/01\/M%C3%A9dico.jpg?fit=900%2C1200&ssl=1&resize=350%2C200 1x, https:\/\/i0.wp.com\/gersonguelmann.com.br\/blog\/wp-content\/uploads\/2018\/01\/M%C3%A9dico.jpg?fit=900%2C1200&ssl=1&resize=525%2C300 1.5x, https:\/\/i0.wp.com\/gersonguelmann.com.br\/blog\/wp-content\/uploads\/2018\/01\/M%C3%A9dico.jpg?fit=900%2C1200&ssl=1&resize=700%2C400 2x"},"classes":[]},{"id":19604,"url":"https:\/\/gersonguelmann.com.br\/blog\/meus-amigos-velhinhos-vamos-aderir-a-maconha\/","url_meta":{"origin":11754,"position":4},"title":"Meus Amigos Velhinhos, Vamos Aderir \u00e0 Maconha!","author":"Gerson Guelmann","date":"4 de janeiro de 2020","format":false,"excerpt":"N\u00e3o se surpreenda e nem se assuste com o t\u00edtulo. A mat\u00e9ria que vou compartilhar j\u00e1 tem mais de 3 anos, mas achei interessante postar aqui para que os meus amigos idosos saibam que de acordo com estudo realizado nos Estados Unidos, os velhinhos que usam maconha tomam menos rem\u00e9dios.\u2026","rel":"","context":"Em &quot;Sem categoria&quot;","block_context":{"text":"Sem categoria","link":"https:\/\/gersonguelmann.com.br\/blog\/category\/sem-categoria\/"},"img":{"alt_text":"","src":"https:\/\/i0.wp.com\/gersonguelmann.com.br\/blog\/wp-content\/uploads\/2020\/01\/Maconha.jpeg?fit=480%2C720&ssl=1&resize=350%2C200","width":350,"height":200},"classes":[]},{"id":17902,"url":"https:\/\/gersonguelmann.com.br\/blog\/cafe-da-manha-de-rei-almoco-de-principe-e-jantar-de-pobre\/","url_meta":{"origin":11754,"position":5},"title":"Caf\u00e9 da Manh\u00e3 de Rei, Almo\u00e7o de Pr\u00edncipe e Jantar de Pobre","author":"Gerson Guelmann","date":"5 de agosto de 2019","format":false,"excerpt":"Os antigos diziam: - \"O caf\u00e9 da manh\u00e3 eu tomo sozinho, o almo\u00e7o divido com meu amigo e o jantar mando para o meu inimigo\".\u00a0 A sabedoria desse aforismo \u00e9 ineg\u00e1vel. Muitas pessoas t\u00eam esse costume e a Medicina j\u00e1 evidenciou as vantagens do h\u00e1bito. Lembrei disso ao ler mat\u00e9ria\u2026","rel":"","context":"Em &quot;Sem categoria&quot;","block_context":{"text":"Sem categoria","link":"https:\/\/gersonguelmann.com.br\/blog\/category\/sem-categoria\/"},"img":{"alt_text":"","src":"https:\/\/i0.wp.com\/gersonguelmann.com.br\/blog\/wp-content\/uploads\/2019\/08\/food-and-health.jpg?fit=960%2C640&ssl=1&resize=350%2C200","width":350,"height":200,"srcset":"https:\/\/i0.wp.com\/gersonguelmann.com.br\/blog\/wp-content\/uploads\/2019\/08\/food-and-health.jpg?fit=960%2C640&ssl=1&resize=350%2C200 1x, https:\/\/i0.wp.com\/gersonguelmann.com.br\/blog\/wp-content\/uploads\/2019\/08\/food-and-health.jpg?fit=960%2C640&ssl=1&resize=525%2C300 1.5x, https:\/\/i0.wp.com\/gersonguelmann.com.br\/blog\/wp-content\/uploads\/2019\/08\/food-and-health.jpg?fit=960%2C640&ssl=1&resize=700%2C400 2x"},"classes":[]}],"jetpack_sharing_enabled":true,"post_mailing_queue_ids":[],"_links":{"self":[{"href":"https:\/\/gersonguelmann.com.br\/blog\/wp-json\/wp\/v2\/posts\/11754","targetHints":{"allow":["GET"]}}],"collection":[{"href":"https:\/\/gersonguelmann.com.br\/blog\/wp-json\/wp\/v2\/posts"}],"about":[{"href":"https:\/\/gersonguelmann.com.br\/blog\/wp-json\/wp\/v2\/types\/post"}],"author":[{"embeddable":true,"href":"https:\/\/gersonguelmann.com.br\/blog\/wp-json\/wp\/v2\/users\/5"}],"replies":[{"embeddable":true,"href":"https:\/\/gersonguelmann.com.br\/blog\/wp-json\/wp\/v2\/comments?post=11754"}],"version-history":[{"count":0,"href":"https:\/\/gersonguelmann.com.br\/blog\/wp-json\/wp\/v2\/posts\/11754\/revisions"}],"wp:featuredmedia":[{"embeddable":true,"href":"https:\/\/gersonguelmann.com.br\/blog\/wp-json\/wp\/v2\/media\/11757"}],"wp:attachment":[{"href":"https:\/\/gersonguelmann.com.br\/blog\/wp-json\/wp\/v2\/media?parent=11754"}],"wp:term":[{"taxonomy":"category","embeddable":true,"href":"https:\/\/gersonguelmann.com.br\/blog\/wp-json\/wp\/v2\/categories?post=11754"},{"taxonomy":"post_tag","embeddable":true,"href":"https:\/\/gersonguelmann.com.br\/blog\/wp-json\/wp\/v2\/tags?post=11754"}],"curies":[{"name":"wp","href":"https:\/\/api.w.org\/{rel}","templated":true}]}}