    {"id":11760,"date":"2018-04-17T14:19:17","date_gmt":"2018-04-17T17:19:17","guid":{"rendered":"https:\/\/gersonguelmann.com.br\/blog\/?p=11760"},"modified":"2018-04-17T14:19:17","modified_gmt":"2018-04-17T17:19:17","slug":"diabetes-tipo-1-esperanca-de-cura","status":"publish","type":"post","link":"https:\/\/gersonguelmann.com.br\/blog\/diabetes-tipo-1-esperanca-de-cura\/","title":{"rendered":"Diabetes Tipo 1: Esperan\u00e7a de Cura"},"content":{"rendered":"<p><span style=\"color: #000000; font-family: georgia, palatino, serif; font-size: 18pt;\">Mat\u00e9ria publicada ontem no site El Pa\u00eds:<\/span><\/p>\n<div class=\"articulo-antetitulo \"><span style=\"color: #000000; font-size: 14pt;\"><strong>DIABETES<\/strong><\/span><\/div>\n<div id=\"articulo-titulares\" class=\"articulo-titulares\">\n<p id=\"articulo-titulo\" class=\"articulo-titulo \"><strong><span style=\"color: #000000; font-size: 24pt;\">Desenvolvido o primeiro medicamento com potencial para curar diabetes tipo 1<\/span><\/strong><\/p>\n<div class=\"articulo-subtitulos\">\n<p class=\"articulo-subtitulo\"><span style=\"font-size: 18pt;\"><strong><span style=\"color: #000000;\">Cientistas espanh\u00f3is criaram uma mol\u00e9cula que regenera c\u00e9lulas produtoras de insulina<\/span><\/strong><\/span><\/p>\n<p style=\"text-align: center;\"><img data-recalc-dims=\"1\" fetchpriority=\"high\" decoding=\"async\" data-attachment-id=\"11762\" data-permalink=\"https:\/\/gersonguelmann.com.br\/blog\/diabetes-tipo-1-esperanca-de-cura\/2-4\/\" data-orig-file=\"https:\/\/i0.wp.com\/gersonguelmann.com.br\/blog\/wp-content\/uploads\/2018\/04\/2-2.jpg?fit=1200%2C824&amp;ssl=1\" data-orig-size=\"1200,824\" data-comments-opened=\"1\" data-image-meta=\"{&quot;aperture&quot;:&quot;0&quot;,&quot;credit&quot;:&quot;&quot;,&quot;camera&quot;:&quot;&quot;,&quot;caption&quot;:&quot;&quot;,&quot;created_timestamp&quot;:&quot;0&quot;,&quot;copyright&quot;:&quot;&quot;,&quot;focal_length&quot;:&quot;0&quot;,&quot;iso&quot;:&quot;0&quot;,&quot;shutter_speed&quot;:&quot;0&quot;,&quot;title&quot;:&quot;&quot;,&quot;orientation&quot;:&quot;0&quot;}\" data-image-title=\"2\" data-image-description=\"\" data-image-caption=\"\" data-medium-file=\"https:\/\/i0.wp.com\/gersonguelmann.com.br\/blog\/wp-content\/uploads\/2018\/04\/2-2.jpg?fit=300%2C206&amp;ssl=1\" data-large-file=\"https:\/\/i0.wp.com\/gersonguelmann.com.br\/blog\/wp-content\/uploads\/2018\/04\/2-2.jpg?fit=640%2C439&amp;ssl=1\" class=\"size-medium wp-image-11762 aligncenter\" src=\"https:\/\/i0.wp.com\/gersonguelmann.com.br\/blog\/wp-content\/uploads\/2018\/04\/2-2.jpg?resize=300%2C206&#038;ssl=1\" alt=\"\" width=\"300\" height=\"206\" srcset=\"https:\/\/i0.wp.com\/gersonguelmann.com.br\/blog\/wp-content\/uploads\/2018\/04\/2-2.jpg?resize=300%2C206&amp;ssl=1 300w, https:\/\/i0.wp.com\/gersonguelmann.com.br\/blog\/wp-content\/uploads\/2018\/04\/2-2.jpg?resize=768%2C527&amp;ssl=1 768w, https:\/\/i0.wp.com\/gersonguelmann.com.br\/blog\/wp-content\/uploads\/2018\/04\/2-2.jpg?resize=1024%2C703&amp;ssl=1 1024w, https:\/\/i0.wp.com\/gersonguelmann.com.br\/blog\/wp-content\/uploads\/2018\/04\/2-2.jpg?w=1200&amp;ssl=1 1200w\" sizes=\"(max-width: 300px) 100vw, 300px\" \/><span style=\"color: #000000; font-size: 14pt;\">Pesquisadores do centro Cabimer, em Sevilha. No sof\u00e1, da esquerda para a direita: Benoit Gauthier (chefe do laborat\u00f3rio), Nadia Cobo-Vuilleumier (principal autora da pesquisa) e Bernat Soria (diretor do departamento). Atr\u00e1s, da esquerda para a direita: Esther de la Fuente Mart\u00edn, Jos\u00e9 Manuel Mellado-Gil, Petra I. Lorenzo e Alejandro Mart\u00edn Montalvo<\/p>\n<p><\/span><\/p>\n<p><span style=\"color: #000000; font-size: 18pt;\">Um novo medicamento, testado com sucesso em camundongos e em culturas de c\u00e9lulas humanas, \u00e9 capaz de reverter os sintomas e as causas do\u00a0<strong>diabetes<\/strong>\u00a0tipo 1. Se sua efic\u00e1cia e seguran\u00e7a forem comprovadas em testes cl\u00ednicos, pode representar a cura da doen\u00e7a. A realiza\u00e7\u00e3o, detalhada hoje na\u00a0<em>Nature Communications<\/em>, \u00e9 de uma equipe internacional de cientistas liderada por pesquisadores do Centro Andaluz de Biologia Molecular e Medicina Regenerativa (Cabimer), em Sevilha. A equipe levou v\u00e1rios anos para identificar um receptor molecular adequado que pudesse ser ativado por uma droga; agora que o descreveu, ser\u00e1 poss\u00edvel criar v\u00e1rias mol\u00e9culas sint\u00e9ticas para encontrar o medicamento correto.<\/span><\/p>\n<div id=\"elpais_gpt-INTEXT\" data-google-query-id=\"CLuBvNrjwdoCFQkmHwod-EoNWA\">\n<div id=\"google_ads_iframe_\/7811748\/elpais_web\/brasil\/ciencia\/intext_0__container__\"><span style=\"color: #000000; font-size: 18pt;\">\u201cSe forem realmente capazes de transferir isso aos seres humanos, e isso n\u00e3o acontecer\u00e1 em breve, ter\u00e1 aplica\u00e7\u00f5es n\u00e3o apenas na preven\u00e7\u00e3o como tamb\u00e9m no tratamento. Isso abre uma porta para curar o diabetes tipo 1\u201d, diz o pesquisador Ram\u00f3n Gomis, professor em\u00e9rito da Universidade de Barcelona e ex-diretor do Instituto de Investigaciones Biom\u00e9dicas\u00a0Idibaps, que n\u00e3o participou do estudo.<\/span><\/div>\n<\/div>\n<p><span style=\"color: #000000; font-size: 18pt;\">O diabetes tipo 1 \u00e9 uma condi\u00e7\u00e3o autoimune que geralmente aparece na inf\u00e2ncia. Nos 21 milh\u00f5es de pacientes que a sofrem, os linf\u00f3citos destroem as c\u00e9lulas beta do p\u00e2ncreas, respons\u00e1veis pelo armazenamento e pela secre\u00e7\u00e3o da insulina, criando uma depend\u00eancia permanente da inje\u00e7\u00e3o desse horm\u00f4nio. A nova droga faz duas coisas: reduz o ataque autoimune e rep\u00f5e a popula\u00e7\u00e3o de c\u00e9lulas beta destru\u00eddas. At\u00e9 agora, os tratamentos dispon\u00edveis \u2013 imunossupress\u00e3o ou terapias celulares \u2013 s\u00f3 podiam cumprir uma fun\u00e7\u00e3o ou outra, respectivamente.<\/span><\/p>\n<p><span style=\"color: #000000; font-size: 18pt;\">\u201cPara curar o diabetes \u00e9 preciso fazer as duas coisas: fabricar c\u00e9lulas para substituir aquelas que n\u00e3o funcionam e deter a causa\u201d, diz Bernat Soria, diretor do Departamento de Regenera\u00e7\u00e3o e Terapias Avan\u00e7adas do Cabimer e fundador do centro. O tamb\u00e9m ex-ministro da Sa\u00fade d\u00e1 como exemplo o resgate banc\u00e1rio: embora se invista dinheiro para salvar os bancos, afirma, \u201cse n\u00e3o resolvermos o problema que os levou a essa situa\u00e7\u00e3o, voltaremos a investir\u201d.<\/span><\/p>\n<section id=\"sumario_1|foto\" class=\"sumario_foto centro\">\n<div class=\"sumario__interior\">\n<p><span style=\"color: #000000; font-size: 18pt;\">A estrutura do novo composto qu\u00edmico (BL001) \u00e9 protegida por uma patente da\u00a0Fundaci\u00f3n P\u00fablica Andaluza Progreso y Salud. Seu projeto permite ativar um receptor molecular localizado na superf\u00edcie de algumas c\u00e9lulas do sistema imunol\u00f3gico e nas c\u00e9lulas do p\u00e2ncreas, explica a primeira autora do estudo, Nadia Cobo-Vuilleumier. Essa intera\u00e7\u00e3o reduz a resposta inflamat\u00f3ria e protege as c\u00e9lulas beta.<\/span><\/p>\n<p><span style=\"color: #000000; font-size: 18pt;\">O mesmo receptor tamb\u00e9m \u00e9 encontrado nas c\u00e9lulas alfa da ilhota de Langerhans, respons\u00e1veis por armazenar e secretar o horm\u00f4nio glucagon. A droga provoca a transforma\u00e7\u00e3o das c\u00e9lulas alfa em c\u00e9lulas beta. Esse fen\u00f4meno inusitado, conhecido como transdiferencia\u00e7\u00e3o, resolve um problema fundamental enfrentado pelas terapias celulares, que \u00e9 regenerar a popula\u00e7\u00e3o de c\u00e9lulas beta a partir de uma amostra inexistente ou severamente danificada. \u201cA ideia \u00e9 muito nova, mas finalmente eles obtiveram resultados convincentes\u201d, diz Gomis.<\/span><\/p>\n<p style=\"text-align: center;\"><img data-recalc-dims=\"1\" decoding=\"async\" data-attachment-id=\"11761\" data-permalink=\"https:\/\/gersonguelmann.com.br\/blog\/diabetes-tipo-1-esperanca-de-cura\/1-5\/\" data-orig-file=\"https:\/\/i0.wp.com\/gersonguelmann.com.br\/blog\/wp-content\/uploads\/2018\/04\/1-2.jpg?fit=980%2C654&amp;ssl=1\" data-orig-size=\"980,654\" data-comments-opened=\"1\" data-image-meta=\"{&quot;aperture&quot;:&quot;0&quot;,&quot;credit&quot;:&quot;&quot;,&quot;camera&quot;:&quot;&quot;,&quot;caption&quot;:&quot;&quot;,&quot;created_timestamp&quot;:&quot;0&quot;,&quot;copyright&quot;:&quot;&quot;,&quot;focal_length&quot;:&quot;0&quot;,&quot;iso&quot;:&quot;0&quot;,&quot;shutter_speed&quot;:&quot;0&quot;,&quot;title&quot;:&quot;&quot;,&quot;orientation&quot;:&quot;0&quot;}\" data-image-title=\"1\" data-image-description=\"\" data-image-caption=\"\" data-medium-file=\"https:\/\/i0.wp.com\/gersonguelmann.com.br\/blog\/wp-content\/uploads\/2018\/04\/1-2.jpg?fit=300%2C200&amp;ssl=1\" data-large-file=\"https:\/\/i0.wp.com\/gersonguelmann.com.br\/blog\/wp-content\/uploads\/2018\/04\/1-2.jpg?fit=640%2C427&amp;ssl=1\" class=\"alignnone size-medium wp-image-11761\" src=\"https:\/\/i0.wp.com\/gersonguelmann.com.br\/blog\/wp-content\/uploads\/2018\/04\/1-2.jpg?resize=300%2C200&#038;ssl=1\" alt=\"\" width=\"300\" height=\"200\" srcset=\"https:\/\/i0.wp.com\/gersonguelmann.com.br\/blog\/wp-content\/uploads\/2018\/04\/1-2.jpg?resize=300%2C200&amp;ssl=1 300w, https:\/\/i0.wp.com\/gersonguelmann.com.br\/blog\/wp-content\/uploads\/2018\/04\/1-2.jpg?resize=768%2C513&amp;ssl=1 768w, https:\/\/i0.wp.com\/gersonguelmann.com.br\/blog\/wp-content\/uploads\/2018\/04\/1-2.jpg?resize=750%2C500&amp;ssl=1 750w, https:\/\/i0.wp.com\/gersonguelmann.com.br\/blog\/wp-content\/uploads\/2018\/04\/1-2.jpg?w=980&amp;ssl=1 980w\" sizes=\"(max-width: 300px) 100vw, 300px\" \/><\/p>\n<p style=\"text-align: right;\"><strong><span style=\"color: #000000; font-size: 18pt;\">\u201cDesenvolver um medicamento do laborat\u00f3rio at\u00e9 o paciente custa cerca de 20 milh\u00f5es de euros\u201d<\/span><\/strong><\/p>\n<p><span style=\"color: #000000; font-size: 18pt;\">A droga foi bem-sucedida na preven\u00e7\u00e3o e no tratamento do diabetes em camundongos transg\u00eanicos e em culturas de tecido pancre\u00e1tico doadas por fam\u00edlias de pacientes falecidos. O principal pesquisador do Cabimer, Benoit Gauthier, queria ter uma droga vi\u00e1vel \u201co mais r\u00e1pido poss\u00edvel\u201d, mas diz que \u00e9 imposs\u00edvel saber quando conseguir\u00e3o. \u201cDesenvolver um medicamento do laborat\u00f3rio at\u00e9 o paciente custa cerca de 20 milh\u00f5es de euros. N\u00f3s j\u00e1 gastamos tr\u00eas milh\u00f5es. Se voc\u00ea me der 17 milh\u00f5es amanh\u00e3, daqui a alguns anos, se tudo der certo, j\u00e1 estaria no mercado\u201d, afirma. Al\u00e9m do financiamento p\u00fablico, a pesquisa recebeu contribui\u00e7\u00f5es das associa\u00e7\u00f5es de pais Juvenile Diabetes Research Foundation, de Nova York (EUA), e DiabetesCERO, da Espanha.<\/span><\/p>\n<p><span style=\"color: #000000; font-size: 18pt;\">O composto patenteado \u00e9 apenas um dos v\u00e1rios que ser\u00e3o criados para identificar aqueles que t\u00eam menores limites de efic\u00e1cia e maiores limites de toxicidade. Embora os camundongos tenham recebido a mol\u00e9cula por inje\u00e7\u00e3o, o objetivo final \u00e9 criar uma p\u00edlula. Com sorte, um medicamento como esse poderia criar uma toler\u00e2ncia imunol\u00f3gica permanente. \u201cAs empresas farmac\u00eauticas prefeririam uma p\u00edlula que os pacientes tivessem de tomar pelo resto da vida, mas meu desejo \u00e9 que se possa reeducar o sistema imunol\u00f3gico\u201d, conclui Gauthier.<\/span><\/p>\n<p>&nbsp;<\/p>\n<p><span style=\"color: #000000; font-family: georgia, palatino, serif; font-size: 18pt;\">Para ler no site <span style=\"color: #0000ff;\"><em><strong><a style=\"color: #0000ff;\" href=\"https:\/\/brasil.elpais.com\/brasil\/2018\/04\/13\/ciencia\/1523611663_019071.html\">clique aqui<\/a><\/strong><\/em><\/span>.<\/span><\/p>\n<p>&nbsp;<\/p>\n<p>&nbsp;<\/p>\n<\/div>\n<\/section>\n<\/div>\n<\/div>\n","protected":false},"excerpt":{"rendered":"<p>Mat\u00e9ria publicada ontem no site El Pa\u00eds: DIABETES Desenvolvido o primeiro medicamento com potencial para curar diabetes tipo 1 Cientistas espanh\u00f3is criaram uma mol\u00e9cula que regenera c\u00e9lulas produtoras de insulina Pesquisadores do centro Cabimer, em Sevilha. No sof\u00e1, da esquerda para a direita: Benoit Gauthier (chefe do laborat\u00f3rio), Nadia Cobo-Vuilleumier (principal autora da pesquisa) e [&hellip;]<\/p>\n","protected":false},"author":5,"featured_media":11763,"comment_status":"open","ping_status":"open","sticky":false,"template":"","format":"standard","meta":{"_acf_changed":false,"jetpack_post_was_ever_published":false,"_jetpack_newsletter_access":"","_jetpack_dont_email_post_to_subs":false,"_jetpack_newsletter_tier_id":0,"_jetpack_memberships_contains_paywalled_content":false,"_jetpack_memberships_contains_paid_content":false,"footnotes":"","jetpack_publicize_message":"","jetpack_publicize_feature_enabled":true,"jetpack_social_post_already_shared":true,"jetpack_social_options":{"image_generator_settings":{"template":"highway","default_image_id":0,"font":"","enabled":false},"version":2}},"categories":[1],"tags":[],"class_list":["post-11760","post","type-post","status-publish","format-standard","has-post-thumbnail","hentry","category-sem-categoria"],"acf":[],"yoast_head":"<!-- This site is optimized with the Yoast SEO plugin v27.3 - https:\/\/yoast.com\/product\/yoast-seo-wordpress\/ -->\n<title>Diabetes Tipo 1: Esperan\u00e7a de Cura | Blog do Guelmann<\/title>\n<meta name=\"robots\" content=\"index, follow, max-snippet:-1, max-image-preview:large, max-video-preview:-1\" \/>\n<link rel=\"canonical\" href=\"https:\/\/gersonguelmann.com.br\/blog\/diabetes-tipo-1-esperanca-de-cura\/\" \/>\n<meta property=\"og:locale\" content=\"pt_BR\" \/>\n<meta property=\"og:type\" content=\"article\" \/>\n<meta property=\"og:title\" content=\"Diabetes Tipo 1: Esperan\u00e7a de Cura | Blog do Guelmann\" \/>\n<meta property=\"og:description\" content=\"Mat\u00e9ria publicada ontem no site El Pa\u00eds: DIABETES Desenvolvido o primeiro medicamento com potencial para curar diabetes tipo 1 Cientistas espanh\u00f3is criaram uma mol\u00e9cula que regenera c\u00e9lulas produtoras de insulina Pesquisadores do centro Cabimer, em Sevilha. No sof\u00e1, da esquerda para a direita: Benoit Gauthier (chefe do laborat\u00f3rio), Nadia Cobo-Vuilleumier (principal autora da pesquisa) e [&hellip;]\" \/>\n<meta property=\"og:url\" content=\"https:\/\/gersonguelmann.com.br\/blog\/diabetes-tipo-1-esperanca-de-cura\/\" \/>\n<meta property=\"og:site_name\" content=\"Blog do Guelmann\" \/>\n<meta property=\"article:published_time\" content=\"2018-04-17T17:19:17+00:00\" \/>\n<meta property=\"og:image\" content=\"https:\/\/gersonguelmann.com.br\/blog\/wp-content\/uploads\/2018\/04\/2-3.jpg\" \/>\n\t<meta property=\"og:image:width\" content=\"1200\" \/>\n\t<meta property=\"og:image:height\" content=\"824\" \/>\n\t<meta property=\"og:image:type\" content=\"image\/jpeg\" \/>\n<meta name=\"author\" content=\"Gerson Guelmann\" \/>\n<meta name=\"twitter:card\" content=\"summary_large_image\" \/>\n<meta name=\"twitter:label1\" content=\"Escrito por\" \/>\n\t<meta name=\"twitter:data1\" content=\"Gerson Guelmann\" \/>\n\t<meta name=\"twitter:label2\" content=\"Est. tempo de leitura\" \/>\n\t<meta name=\"twitter:data2\" content=\"4 minutos\" \/>\n<script type=\"application\/ld+json\" class=\"yoast-schema-graph\">{\"@context\":\"https:\\\/\\\/schema.org\",\"@graph\":[{\"@type\":\"Article\",\"@id\":\"https:\\\/\\\/gersonguelmann.com.br\\\/blog\\\/diabetes-tipo-1-esperanca-de-cura\\\/#article\",\"isPartOf\":{\"@id\":\"https:\\\/\\\/gersonguelmann.com.br\\\/blog\\\/diabetes-tipo-1-esperanca-de-cura\\\/\"},\"author\":{\"name\":\"Gerson Guelmann\",\"@id\":\"https:\\\/\\\/gersonguelmann.com.br\\\/blog\\\/#\\\/schema\\\/person\\\/87e70e2a786888082f941a482c90569e\"},\"headline\":\"Diabetes Tipo 1: Esperan\u00e7a de Cura\",\"datePublished\":\"2018-04-17T17:19:17+00:00\",\"mainEntityOfPage\":{\"@id\":\"https:\\\/\\\/gersonguelmann.com.br\\\/blog\\\/diabetes-tipo-1-esperanca-de-cura\\\/\"},\"wordCount\":851,\"commentCount\":0,\"image\":{\"@id\":\"https:\\\/\\\/gersonguelmann.com.br\\\/blog\\\/diabetes-tipo-1-esperanca-de-cura\\\/#primaryimage\"},\"thumbnailUrl\":\"https:\\\/\\\/i0.wp.com\\\/gersonguelmann.com.br\\\/blog\\\/wp-content\\\/uploads\\\/2018\\\/04\\\/2-3.jpg?fit=1200%2C824&ssl=1\",\"inLanguage\":\"pt-BR\",\"potentialAction\":[{\"@type\":\"CommentAction\",\"name\":\"Comment\",\"target\":[\"https:\\\/\\\/gersonguelmann.com.br\\\/blog\\\/diabetes-tipo-1-esperanca-de-cura\\\/#respond\"]}]},{\"@type\":\"WebPage\",\"@id\":\"https:\\\/\\\/gersonguelmann.com.br\\\/blog\\\/diabetes-tipo-1-esperanca-de-cura\\\/\",\"url\":\"https:\\\/\\\/gersonguelmann.com.br\\\/blog\\\/diabetes-tipo-1-esperanca-de-cura\\\/\",\"name\":\"Diabetes Tipo 1: Esperan\u00e7a de Cura | Blog do Guelmann\",\"isPartOf\":{\"@id\":\"https:\\\/\\\/gersonguelmann.com.br\\\/blog\\\/#website\"},\"primaryImageOfPage\":{\"@id\":\"https:\\\/\\\/gersonguelmann.com.br\\\/blog\\\/diabetes-tipo-1-esperanca-de-cura\\\/#primaryimage\"},\"image\":{\"@id\":\"https:\\\/\\\/gersonguelmann.com.br\\\/blog\\\/diabetes-tipo-1-esperanca-de-cura\\\/#primaryimage\"},\"thumbnailUrl\":\"https:\\\/\\\/i0.wp.com\\\/gersonguelmann.com.br\\\/blog\\\/wp-content\\\/uploads\\\/2018\\\/04\\\/2-3.jpg?fit=1200%2C824&ssl=1\",\"datePublished\":\"2018-04-17T17:19:17+00:00\",\"author\":{\"@id\":\"https:\\\/\\\/gersonguelmann.com.br\\\/blog\\\/#\\\/schema\\\/person\\\/87e70e2a786888082f941a482c90569e\"},\"inLanguage\":\"pt-BR\",\"potentialAction\":[{\"@type\":\"ReadAction\",\"target\":[\"https:\\\/\\\/gersonguelmann.com.br\\\/blog\\\/diabetes-tipo-1-esperanca-de-cura\\\/\"]}]},{\"@type\":\"ImageObject\",\"inLanguage\":\"pt-BR\",\"@id\":\"https:\\\/\\\/gersonguelmann.com.br\\\/blog\\\/diabetes-tipo-1-esperanca-de-cura\\\/#primaryimage\",\"url\":\"https:\\\/\\\/i0.wp.com\\\/gersonguelmann.com.br\\\/blog\\\/wp-content\\\/uploads\\\/2018\\\/04\\\/2-3.jpg?fit=1200%2C824&ssl=1\",\"contentUrl\":\"https:\\\/\\\/i0.wp.com\\\/gersonguelmann.com.br\\\/blog\\\/wp-content\\\/uploads\\\/2018\\\/04\\\/2-3.jpg?fit=1200%2C824&ssl=1\",\"width\":1200,\"height\":824},{\"@type\":\"WebSite\",\"@id\":\"https:\\\/\\\/gersonguelmann.com.br\\\/blog\\\/#website\",\"url\":\"https:\\\/\\\/gersonguelmann.com.br\\\/blog\\\/\",\"name\":\"Blog do Guelmann\",\"description\":\"Pitadas da sabedoria e do humor judaicos, assuntos do momento e um pouco das hist\u00f3rias que vivi e testemunhei.\",\"potentialAction\":[{\"@type\":\"SearchAction\",\"target\":{\"@type\":\"EntryPoint\",\"urlTemplate\":\"https:\\\/\\\/gersonguelmann.com.br\\\/blog\\\/?s={search_term_string}\"},\"query-input\":{\"@type\":\"PropertyValueSpecification\",\"valueRequired\":true,\"valueName\":\"search_term_string\"}}],\"inLanguage\":\"pt-BR\"},{\"@type\":\"Person\",\"@id\":\"https:\\\/\\\/gersonguelmann.com.br\\\/blog\\\/#\\\/schema\\\/person\\\/87e70e2a786888082f941a482c90569e\",\"name\":\"Gerson Guelmann\",\"image\":{\"@type\":\"ImageObject\",\"inLanguage\":\"pt-BR\",\"@id\":\"https:\\\/\\\/i0.wp.com\\\/gersonguelmann.com.br\\\/blog\\\/wp-content\\\/uploads\\\/2021\\\/08\\\/BLOG.jpeg?fit=96%2C96&ssl=1\",\"url\":\"https:\\\/\\\/i0.wp.com\\\/gersonguelmann.com.br\\\/blog\\\/wp-content\\\/uploads\\\/2021\\\/08\\\/BLOG.jpeg?fit=96%2C96&ssl=1\",\"contentUrl\":\"https:\\\/\\\/i0.wp.com\\\/gersonguelmann.com.br\\\/blog\\\/wp-content\\\/uploads\\\/2021\\\/08\\\/BLOG.jpeg?fit=96%2C96&ssl=1\",\"caption\":\"Gerson Guelmann\"},\"description\":\"Pitadas da sabedoria e do humor judaicos, assuntos do momento e um pouco das hist\u00f3rias que vivi e testemunhei.\"}]}<\/script>\n<!-- \/ Yoast SEO plugin. -->","yoast_head_json":{"title":"Diabetes Tipo 1: Esperan\u00e7a de Cura | Blog do Guelmann","robots":{"index":"index","follow":"follow","max-snippet":"max-snippet:-1","max-image-preview":"max-image-preview:large","max-video-preview":"max-video-preview:-1"},"canonical":"https:\/\/gersonguelmann.com.br\/blog\/diabetes-tipo-1-esperanca-de-cura\/","og_locale":"pt_BR","og_type":"article","og_title":"Diabetes Tipo 1: Esperan\u00e7a de Cura | Blog do Guelmann","og_description":"Mat\u00e9ria publicada ontem no site El Pa\u00eds: DIABETES Desenvolvido o primeiro medicamento com potencial para curar diabetes tipo 1 Cientistas espanh\u00f3is criaram uma mol\u00e9cula que regenera c\u00e9lulas produtoras de insulina Pesquisadores do centro Cabimer, em Sevilha. No sof\u00e1, da esquerda para a direita: Benoit Gauthier (chefe do laborat\u00f3rio), Nadia Cobo-Vuilleumier (principal autora da pesquisa) e [&hellip;]","og_url":"https:\/\/gersonguelmann.com.br\/blog\/diabetes-tipo-1-esperanca-de-cura\/","og_site_name":"Blog do Guelmann","article_published_time":"2018-04-17T17:19:17+00:00","og_image":[{"width":1200,"height":824,"url":"https:\/\/gersonguelmann.com.br\/blog\/wp-content\/uploads\/2018\/04\/2-3.jpg","type":"image\/jpeg"}],"author":"Gerson Guelmann","twitter_card":"summary_large_image","twitter_misc":{"Escrito por":"Gerson Guelmann","Est. tempo de leitura":"4 minutos"},"schema":{"@context":"https:\/\/schema.org","@graph":[{"@type":"Article","@id":"https:\/\/gersonguelmann.com.br\/blog\/diabetes-tipo-1-esperanca-de-cura\/#article","isPartOf":{"@id":"https:\/\/gersonguelmann.com.br\/blog\/diabetes-tipo-1-esperanca-de-cura\/"},"author":{"name":"Gerson Guelmann","@id":"https:\/\/gersonguelmann.com.br\/blog\/#\/schema\/person\/87e70e2a786888082f941a482c90569e"},"headline":"Diabetes Tipo 1: Esperan\u00e7a de Cura","datePublished":"2018-04-17T17:19:17+00:00","mainEntityOfPage":{"@id":"https:\/\/gersonguelmann.com.br\/blog\/diabetes-tipo-1-esperanca-de-cura\/"},"wordCount":851,"commentCount":0,"image":{"@id":"https:\/\/gersonguelmann.com.br\/blog\/diabetes-tipo-1-esperanca-de-cura\/#primaryimage"},"thumbnailUrl":"https:\/\/i0.wp.com\/gersonguelmann.com.br\/blog\/wp-content\/uploads\/2018\/04\/2-3.jpg?fit=1200%2C824&ssl=1","inLanguage":"pt-BR","potentialAction":[{"@type":"CommentAction","name":"Comment","target":["https:\/\/gersonguelmann.com.br\/blog\/diabetes-tipo-1-esperanca-de-cura\/#respond"]}]},{"@type":"WebPage","@id":"https:\/\/gersonguelmann.com.br\/blog\/diabetes-tipo-1-esperanca-de-cura\/","url":"https:\/\/gersonguelmann.com.br\/blog\/diabetes-tipo-1-esperanca-de-cura\/","name":"Diabetes Tipo 1: Esperan\u00e7a de Cura | Blog do Guelmann","isPartOf":{"@id":"https:\/\/gersonguelmann.com.br\/blog\/#website"},"primaryImageOfPage":{"@id":"https:\/\/gersonguelmann.com.br\/blog\/diabetes-tipo-1-esperanca-de-cura\/#primaryimage"},"image":{"@id":"https:\/\/gersonguelmann.com.br\/blog\/diabetes-tipo-1-esperanca-de-cura\/#primaryimage"},"thumbnailUrl":"https:\/\/i0.wp.com\/gersonguelmann.com.br\/blog\/wp-content\/uploads\/2018\/04\/2-3.jpg?fit=1200%2C824&ssl=1","datePublished":"2018-04-17T17:19:17+00:00","author":{"@id":"https:\/\/gersonguelmann.com.br\/blog\/#\/schema\/person\/87e70e2a786888082f941a482c90569e"},"inLanguage":"pt-BR","potentialAction":[{"@type":"ReadAction","target":["https:\/\/gersonguelmann.com.br\/blog\/diabetes-tipo-1-esperanca-de-cura\/"]}]},{"@type":"ImageObject","inLanguage":"pt-BR","@id":"https:\/\/gersonguelmann.com.br\/blog\/diabetes-tipo-1-esperanca-de-cura\/#primaryimage","url":"https:\/\/i0.wp.com\/gersonguelmann.com.br\/blog\/wp-content\/uploads\/2018\/04\/2-3.jpg?fit=1200%2C824&ssl=1","contentUrl":"https:\/\/i0.wp.com\/gersonguelmann.com.br\/blog\/wp-content\/uploads\/2018\/04\/2-3.jpg?fit=1200%2C824&ssl=1","width":1200,"height":824},{"@type":"WebSite","@id":"https:\/\/gersonguelmann.com.br\/blog\/#website","url":"https:\/\/gersonguelmann.com.br\/blog\/","name":"Blog do Guelmann","description":"Pitadas da sabedoria e do humor judaicos, assuntos do momento e um pouco das hist\u00f3rias que vivi e testemunhei.","potentialAction":[{"@type":"SearchAction","target":{"@type":"EntryPoint","urlTemplate":"https:\/\/gersonguelmann.com.br\/blog\/?s={search_term_string}"},"query-input":{"@type":"PropertyValueSpecification","valueRequired":true,"valueName":"search_term_string"}}],"inLanguage":"pt-BR"},{"@type":"Person","@id":"https:\/\/gersonguelmann.com.br\/blog\/#\/schema\/person\/87e70e2a786888082f941a482c90569e","name":"Gerson Guelmann","image":{"@type":"ImageObject","inLanguage":"pt-BR","@id":"https:\/\/i0.wp.com\/gersonguelmann.com.br\/blog\/wp-content\/uploads\/2021\/08\/BLOG.jpeg?fit=96%2C96&ssl=1","url":"https:\/\/i0.wp.com\/gersonguelmann.com.br\/blog\/wp-content\/uploads\/2021\/08\/BLOG.jpeg?fit=96%2C96&ssl=1","contentUrl":"https:\/\/i0.wp.com\/gersonguelmann.com.br\/blog\/wp-content\/uploads\/2021\/08\/BLOG.jpeg?fit=96%2C96&ssl=1","caption":"Gerson Guelmann"},"description":"Pitadas da sabedoria e do humor judaicos, assuntos do momento e um pouco das hist\u00f3rias que vivi e testemunhei."}]}},"views":32,"jetpack_publicize_connections":[],"jetpack_featured_media_url":"https:\/\/i0.wp.com\/gersonguelmann.com.br\/blog\/wp-content\/uploads\/2018\/04\/2-3.jpg?fit=1200%2C824&ssl=1","jetpack_shortlink":"https:\/\/wp.me\/p96e7O-33G","jetpack-related-posts":[{"id":16220,"url":"https:\/\/gersonguelmann.com.br\/blog\/de-israel-uma-capsula-de-insulina-oral-contra-o-diabetes\/","url_meta":{"origin":11760,"position":0},"title":"De Israel, Uma C\u00e1psula de Insulina Oral Contra o Diabetes","author":"Gerson Guelmann","date":"23 de mar\u00e7o de 2019","format":false,"excerpt":"Compartilho animador artigo publicado nlo jornal Jerusalem Post: A LUTA CONTRA A EPIDEMIA MUNDIAL DO DIABETES COM A INOVA\u00c7\u00c3O ISRAELENSE Diabetes \u00e9 geralmente associado \u00e0 inje\u00e7\u00f5es, mas a Oramed Pharmaceuticals, com sede em Jerusal\u00e9m, desenvolveu uma inovadora c\u00e1psula de insulina oral que transforma os tratamentos injet\u00e1veis \u200b\u200bem terapias orais. EYTAN\u2026","rel":"","context":"Em &quot;Sem categoria&quot;","block_context":{"text":"Sem categoria","link":"https:\/\/gersonguelmann.com.br\/blog\/category\/sem-categoria\/"},"img":{"alt_text":"","src":"https:\/\/i0.wp.com\/gersonguelmann.com.br\/blog\/wp-content\/uploads\/2019\/03\/oral-insulin-capsule-200x300.jpg?resize=350%2C200&ssl=1","width":350,"height":200},"classes":[]},{"id":20194,"url":"https:\/\/gersonguelmann.com.br\/blog\/cura-da-diabetes-pode-estar-proxima-afirma-medico-judeu\/","url_meta":{"origin":11760,"position":1},"title":"Cura da Diabetes Pode Estar Pr\u00f3xima, Afirma M\u00e9dico Judeu","author":"Gerson Guelmann","date":"6 de dezembro de 2020","format":false,"excerpt":"Uma equipe de m\u00e9dicos e pesquisadores da Universidade de Alberta, no Canad\u00e1, anunciou recentemente que pode estar pr\u00f3xima a cura da Diabetes, respons\u00e1vel pela morte de milh\u00f5es de pessoas em todo o mundo. O trabalho vem sendo liderado pelo Dr. James Shapiro, m\u00e9dico judeu nascido na Inglaterra e radicado no\u2026","rel":"","context":"Em &quot;Sem categoria&quot;","block_context":{"text":"Sem categoria","link":"https:\/\/gersonguelmann.com.br\/blog\/category\/sem-categoria\/"},"img":{"alt_text":"","src":"https:\/\/i0.wp.com\/gersonguelmann.com.br\/blog\/wp-content\/uploads\/2020\/12\/AnyConv.com__DIABETES.jpg?fit=1050%2C700&ssl=1&resize=350%2C200","width":350,"height":200,"srcset":"https:\/\/i0.wp.com\/gersonguelmann.com.br\/blog\/wp-content\/uploads\/2020\/12\/AnyConv.com__DIABETES.jpg?fit=1050%2C700&ssl=1&resize=350%2C200 1x, https:\/\/i0.wp.com\/gersonguelmann.com.br\/blog\/wp-content\/uploads\/2020\/12\/AnyConv.com__DIABETES.jpg?fit=1050%2C700&ssl=1&resize=525%2C300 1.5x, https:\/\/i0.wp.com\/gersonguelmann.com.br\/blog\/wp-content\/uploads\/2020\/12\/AnyConv.com__DIABETES.jpg?fit=1050%2C700&ssl=1&resize=700%2C400 2x, https:\/\/i0.wp.com\/gersonguelmann.com.br\/blog\/wp-content\/uploads\/2020\/12\/AnyConv.com__DIABETES.jpg?fit=1050%2C700&ssl=1&resize=1050%2C600 3x"},"classes":[]},{"id":19092,"url":"https:\/\/gersonguelmann.com.br\/blog\/voce-consegue-saber-quando-alguem-esta-tendo-um-avc\/","url_meta":{"origin":11760,"position":2},"title":"Voc\u00ea Consegue Saber Quando Algu\u00e9m Est\u00e1 Tendo Um AVC?","author":"Gerson Guelmann","date":"4 de novembro de 2019","format":false,"excerpt":"A mat\u00e9ria a seguir foi publicada pelo jornal Metr\u00f3poles, \u00e9 de extrema import\u00e2ncia e merece ser compartilhada: Voc\u00ea conhece os sintomas de um AVC? Socorro precisa ser imediato Dificuldades para falar, para se movimentar ou para entender o outro est\u00e3o entre os primeiros sinais de um acidente vascular cerebral MARIANA\u2026","rel":"","context":"Em &quot;Sem categoria&quot;","block_context":{"text":"Sem categoria","link":"https:\/\/gersonguelmann.com.br\/blog\/category\/sem-categoria\/"},"img":{"alt_text":"","src":"https:\/\/i0.wp.com\/gersonguelmann.com.br\/blog\/wp-content\/uploads\/2019\/11\/AVC.jpg?fit=960%2C677&ssl=1&resize=350%2C200","width":350,"height":200,"srcset":"https:\/\/i0.wp.com\/gersonguelmann.com.br\/blog\/wp-content\/uploads\/2019\/11\/AVC.jpg?fit=960%2C677&ssl=1&resize=350%2C200 1x, https:\/\/i0.wp.com\/gersonguelmann.com.br\/blog\/wp-content\/uploads\/2019\/11\/AVC.jpg?fit=960%2C677&ssl=1&resize=525%2C300 1.5x, https:\/\/i0.wp.com\/gersonguelmann.com.br\/blog\/wp-content\/uploads\/2019\/11\/AVC.jpg?fit=960%2C677&ssl=1&resize=700%2C400 2x"},"classes":[]},{"id":3045,"url":"https:\/\/gersonguelmann.com.br\/blog\/qualidade-de-vida-para-diabeticos\/","url_meta":{"origin":11760,"position":3},"title":"Qualidade de Vida para Diab\u00e9ticos","author":"Gerson Guelmann","date":"17 de outubro de 2017","format":false,"excerpt":"Dov Moran, o israelense que inventou o \"pen-drive\", \u00e9 um dos co-fundadores da GlucoMe, uma start-up que nasceu em 2013\u00a0 em Yarkona, ao norte de Tel Aviv. A companhia desenvolveu um aplicativo e um hardware que permite que os pacientes com diabetes monitorem seus n\u00edveis de a\u00e7\u00facar no sangue e\u2026","rel":"","context":"Em &quot;Sem categoria&quot;","block_context":{"text":"Sem categoria","link":"https:\/\/gersonguelmann.com.br\/blog\/category\/sem-categoria\/"},"img":{"alt_text":"","src":"https:\/\/i0.wp.com\/gersonguelmann.com.br\/blog\/wp-content\/uploads\/2017\/10\/Gluco.me_-300x168.jpg?resize=350%2C200&ssl=1","width":350,"height":200},"classes":[]},{"id":17006,"url":"https:\/\/gersonguelmann.com.br\/blog\/de-israel-uma-pilula-sem-drogas-contra-obesidade-diabetes-e-pressao-alta\/","url_meta":{"origin":11760,"position":4},"title":"De Israel Uma P\u00edlula Sem Drogas Contra Obesidade, Diabetes e Press\u00e3o Alta","author":"Gerson Guelmann","date":"12 de junho de 2019","format":false,"excerpt":"Esta \u00e9 uma not\u00edcia que animar\u00e1 muita gente. A start-up israelense Epitomee Medical da cidade de Cesarea, que atua na \u00e1rea biom\u00e9dica, acaba de receber um aporte de U$ 8 milh\u00f5es para continuar o desenvolvimento de uma p\u00edlula absolutamente isenta de drogas destinada \u00e0 popula\u00e7\u00e3o com sobrepeso e obesidade. Trata-se\u2026","rel":"","context":"Em &quot;Sem categoria&quot;","block_context":{"text":"Sem categoria","link":"https:\/\/gersonguelmann.com.br\/blog\/category\/sem-categoria\/"},"img":{"alt_text":"","src":"https:\/\/i0.wp.com\/gersonguelmann.com.br\/blog\/wp-content\/uploads\/2019\/06\/Pilula.jpg?fit=624%2C351&ssl=1&resize=350%2C200","width":350,"height":200,"srcset":"https:\/\/i0.wp.com\/gersonguelmann.com.br\/blog\/wp-content\/uploads\/2019\/06\/Pilula.jpg?fit=624%2C351&ssl=1&resize=350%2C200 1x, https:\/\/i0.wp.com\/gersonguelmann.com.br\/blog\/wp-content\/uploads\/2019\/06\/Pilula.jpg?fit=624%2C351&ssl=1&resize=525%2C300 1.5x"},"classes":[]},{"id":11754,"url":"https:\/\/gersonguelmann.com.br\/blog\/voce-nao-precisa-mais-de-desculpa-frutas-vermelhas-e-vinho-tinto-previnem-doencas-mentais\/","url_meta":{"origin":11760,"position":5},"title":"Voc\u00ea N\u00e3o Precisa Mais de Desculpa: Frutas Vermelhas e Vinho Tinto Previnem Doen\u00e7as Mentais","author":"Gerson Guelmann","date":"17 de abril de 2018","format":false,"excerpt":"Direto da fonte, mat\u00e9ria publicada hoje em Portugal: Alimenta\u00e7\u00e3o pode prevenir doen\u00e7as mentais O consumo regular de frutos vermelhos ou vinho tinto pode ter um papel importante na regula\u00e7\u00e3o da microbiota intestinal, na diminui\u00e7\u00e3o da inflama\u00e7\u00e3o, na preven\u00e7\u00e3o da depress\u00e3o e no combate \u00e0 dem\u00eancia e outras doen\u00e7as neurodegenerativas, pela\u2026","rel":"","context":"Em &quot;Sem categoria&quot;","block_context":{"text":"Sem categoria","link":"https:\/\/gersonguelmann.com.br\/blog\/category\/sem-categoria\/"},"img":{"alt_text":"","src":"https:\/\/i0.wp.com\/gersonguelmann.com.br\/blog\/wp-content\/uploads\/2018\/04\/frutos_vermelhos_cintesis-1.jpg?fit=940%2C600&ssl=1&resize=350%2C200","width":350,"height":200,"srcset":"https:\/\/i0.wp.com\/gersonguelmann.com.br\/blog\/wp-content\/uploads\/2018\/04\/frutos_vermelhos_cintesis-1.jpg?fit=940%2C600&ssl=1&resize=350%2C200 1x, https:\/\/i0.wp.com\/gersonguelmann.com.br\/blog\/wp-content\/uploads\/2018\/04\/frutos_vermelhos_cintesis-1.jpg?fit=940%2C600&ssl=1&resize=525%2C300 1.5x, https:\/\/i0.wp.com\/gersonguelmann.com.br\/blog\/wp-content\/uploads\/2018\/04\/frutos_vermelhos_cintesis-1.jpg?fit=940%2C600&ssl=1&resize=700%2C400 2x"},"classes":[]}],"jetpack_sharing_enabled":true,"post_mailing_queue_ids":[],"_links":{"self":[{"href":"https:\/\/gersonguelmann.com.br\/blog\/wp-json\/wp\/v2\/posts\/11760","targetHints":{"allow":["GET"]}}],"collection":[{"href":"https:\/\/gersonguelmann.com.br\/blog\/wp-json\/wp\/v2\/posts"}],"about":[{"href":"https:\/\/gersonguelmann.com.br\/blog\/wp-json\/wp\/v2\/types\/post"}],"author":[{"embeddable":true,"href":"https:\/\/gersonguelmann.com.br\/blog\/wp-json\/wp\/v2\/users\/5"}],"replies":[{"embeddable":true,"href":"https:\/\/gersonguelmann.com.br\/blog\/wp-json\/wp\/v2\/comments?post=11760"}],"version-history":[{"count":0,"href":"https:\/\/gersonguelmann.com.br\/blog\/wp-json\/wp\/v2\/posts\/11760\/revisions"}],"wp:featuredmedia":[{"embeddable":true,"href":"https:\/\/gersonguelmann.com.br\/blog\/wp-json\/wp\/v2\/media\/11763"}],"wp:attachment":[{"href":"https:\/\/gersonguelmann.com.br\/blog\/wp-json\/wp\/v2\/media?parent=11760"}],"wp:term":[{"taxonomy":"category","embeddable":true,"href":"https:\/\/gersonguelmann.com.br\/blog\/wp-json\/wp\/v2\/categories?post=11760"},{"taxonomy":"post_tag","embeddable":true,"href":"https:\/\/gersonguelmann.com.br\/blog\/wp-json\/wp\/v2\/tags?post=11760"}],"curies":[{"name":"wp","href":"https:\/\/api.w.org\/{rel}","templated":true}]}}