    {"id":12149,"date":"2018-04-27T18:22:19","date_gmt":"2018-04-27T21:22:19","guid":{"rendered":"https:\/\/gersonguelmann.com.br\/blog\/?p=12149"},"modified":"2018-04-27T18:22:19","modified_gmt":"2018-04-27T21:22:19","slug":"momento-magico-na-natureza-baleia-pede-carinho","status":"publish","type":"post","link":"https:\/\/gersonguelmann.com.br\/blog\/momento-magico-na-natureza-baleia-pede-carinho\/","title":{"rendered":"Momento M\u00e1gico na Natureza: Baleia Pede Carinho"},"content":{"rendered":"<p><img data-recalc-dims=\"1\" fetchpriority=\"high\" decoding=\"async\" data-attachment-id=\"12150\" data-permalink=\"https:\/\/gersonguelmann.com.br\/blog\/momento-magico-na-natureza-baleia-pede-carinho\/baleia\/\" data-orig-file=\"https:\/\/i0.wp.com\/gersonguelmann.com.br\/blog\/wp-content\/uploads\/2018\/04\/Baleia.jpg?fit=960%2C637&amp;ssl=1\" data-orig-size=\"960,637\" data-comments-opened=\"1\" data-image-meta=\"{&quot;aperture&quot;:&quot;0&quot;,&quot;credit&quot;:&quot;&quot;,&quot;camera&quot;:&quot;&quot;,&quot;caption&quot;:&quot;&quot;,&quot;created_timestamp&quot;:&quot;0&quot;,&quot;copyright&quot;:&quot;&quot;,&quot;focal_length&quot;:&quot;0&quot;,&quot;iso&quot;:&quot;0&quot;,&quot;shutter_speed&quot;:&quot;0&quot;,&quot;title&quot;:&quot;&quot;,&quot;orientation&quot;:&quot;0&quot;}\" data-image-title=\"Baleia\" data-image-description=\"\" data-image-caption=\"\" data-medium-file=\"https:\/\/i0.wp.com\/gersonguelmann.com.br\/blog\/wp-content\/uploads\/2018\/04\/Baleia.jpg?fit=300%2C199&amp;ssl=1\" data-large-file=\"https:\/\/i0.wp.com\/gersonguelmann.com.br\/blog\/wp-content\/uploads\/2018\/04\/Baleia.jpg?fit=640%2C425&amp;ssl=1\" class=\"size-medium wp-image-12150 aligncenter\" src=\"https:\/\/i0.wp.com\/gersonguelmann.com.br\/blog\/wp-content\/uploads\/2018\/04\/Baleia.jpg?resize=300%2C199&#038;ssl=1\" alt=\"\" width=\"300\" height=\"199\" srcset=\"https:\/\/i0.wp.com\/gersonguelmann.com.br\/blog\/wp-content\/uploads\/2018\/04\/Baleia.jpg?resize=300%2C199&amp;ssl=1 300w, https:\/\/i0.wp.com\/gersonguelmann.com.br\/blog\/wp-content\/uploads\/2018\/04\/Baleia.jpg?resize=768%2C510&amp;ssl=1 768w, https:\/\/i0.wp.com\/gersonguelmann.com.br\/blog\/wp-content\/uploads\/2018\/04\/Baleia.jpg?resize=750%2C500&amp;ssl=1 750w, https:\/\/i0.wp.com\/gersonguelmann.com.br\/blog\/wp-content\/uploads\/2018\/04\/Baleia.jpg?w=960&amp;ssl=1 960w\" sizes=\"(max-width: 300px) 100vw, 300px\" \/><\/p>\n<p><span style=\"font-family: georgia, palatino, serif; font-size: 18pt; color: #000000;\">V\u00eddeo feito aqui no Brasil em 2015, infelizmente sem mais informa\u00e7\u00f5es.<\/span><\/p>\n<p><span style=\"font-family: georgia, palatino, serif; font-size: 18pt; color: #000000;\">Imagino a emo\u00e7\u00e3o e alegria das pessoas que estavam no barco e puderam admirar e at\u00e9 tocar o animal.<\/span><\/p>\n<p><span class=\"embed-youtube\" style=\"text-align:center; display: block;\"><iframe class=\"youtube-player\" width=\"640\" height=\"360\" src=\"https:\/\/www.youtube.com\/embed\/E2FRVgmc134?version=3&#038;rel=1&#038;showsearch=0&#038;showinfo=1&#038;iv_load_policy=1&#038;fs=1&#038;hl=pt-BR&#038;autohide=2&#038;wmode=transparent\" allowfullscreen=\"true\" style=\"border:0;\" sandbox=\"allow-scripts allow-same-origin allow-popups allow-presentation allow-popups-to-escape-sandbox\"><\/iframe><\/span><\/p>\n","protected":false},"excerpt":{"rendered":"<p>V\u00eddeo feito aqui no Brasil em 2015, infelizmente sem mais informa\u00e7\u00f5es. Imagino a emo\u00e7\u00e3o e alegria das pessoas que estavam no barco e puderam admirar e at\u00e9 tocar o animal.<\/p>\n","protected":false},"author":5,"featured_media":12150,"comment_status":"open","ping_status":"open","sticky":false,"template":"","format":"standard","meta":{"_acf_changed":false,"jetpack_post_was_ever_published":false,"_jetpack_newsletter_access":"","_jetpack_dont_email_post_to_subs":false,"_jetpack_newsletter_tier_id":0,"_jetpack_memberships_contains_paywalled_content":false,"_jetpack_memberships_contains_paid_content":false,"footnotes":"","jetpack_publicize_message":"","jetpack_publicize_feature_enabled":true,"jetpack_social_post_already_shared":true,"jetpack_social_options":{"image_generator_settings":{"template":"highway","default_image_id":0,"font":"","enabled":false},"version":2}},"categories":[1],"tags":[],"class_list":["post-12149","post","type-post","status-publish","format-standard","has-post-thumbnail","hentry","category-sem-categoria"],"acf":[],"yoast_head":"<!-- This site is optimized with the Yoast SEO plugin v27.3 - https:\/\/yoast.com\/product\/yoast-seo-wordpress\/ -->\n<title>Momento M\u00e1gico na Natureza: Baleia Pede Carinho | Blog do Guelmann<\/title>\n<meta name=\"robots\" content=\"index, follow, max-snippet:-1, max-image-preview:large, max-video-preview:-1\" \/>\n<link rel=\"canonical\" href=\"https:\/\/gersonguelmann.com.br\/blog\/momento-magico-na-natureza-baleia-pede-carinho\/\" \/>\n<meta property=\"og:locale\" content=\"pt_BR\" \/>\n<meta property=\"og:type\" content=\"article\" \/>\n<meta property=\"og:title\" content=\"Momento M\u00e1gico na Natureza: Baleia Pede Carinho | Blog do Guelmann\" \/>\n<meta property=\"og:description\" content=\"V\u00eddeo feito aqui no Brasil em 2015, infelizmente sem mais informa\u00e7\u00f5es. Imagino a emo\u00e7\u00e3o e alegria das pessoas que estavam no barco e puderam admirar e at\u00e9 tocar o animal.\" \/>\n<meta property=\"og:url\" content=\"https:\/\/gersonguelmann.com.br\/blog\/momento-magico-na-natureza-baleia-pede-carinho\/\" \/>\n<meta property=\"og:site_name\" content=\"Blog do Guelmann\" \/>\n<meta property=\"article:published_time\" content=\"2018-04-27T21:22:19+00:00\" \/>\n<meta property=\"og:image\" content=\"https:\/\/i0.wp.com\/gersonguelmann.com.br\/blog\/wp-content\/uploads\/2018\/04\/Baleia.jpg?fit=960%2C637&ssl=1\" \/>\n\t<meta property=\"og:image:width\" content=\"960\" \/>\n\t<meta property=\"og:image:height\" content=\"637\" \/>\n\t<meta property=\"og:image:type\" content=\"image\/jpeg\" \/>\n<meta name=\"author\" content=\"Gerson Guelmann\" \/>\n<meta name=\"twitter:card\" content=\"summary_large_image\" \/>\n<meta name=\"twitter:label1\" content=\"Escrito por\" \/>\n\t<meta name=\"twitter:data1\" content=\"Gerson Guelmann\" \/>\n<script type=\"application\/ld+json\" class=\"yoast-schema-graph\">{\"@context\":\"https:\\\/\\\/schema.org\",\"@graph\":[{\"@type\":\"Article\",\"@id\":\"https:\\\/\\\/gersonguelmann.com.br\\\/blog\\\/momento-magico-na-natureza-baleia-pede-carinho\\\/#article\",\"isPartOf\":{\"@id\":\"https:\\\/\\\/gersonguelmann.com.br\\\/blog\\\/momento-magico-na-natureza-baleia-pede-carinho\\\/\"},\"author\":{\"name\":\"Gerson Guelmann\",\"@id\":\"https:\\\/\\\/gersonguelmann.com.br\\\/blog\\\/#\\\/schema\\\/person\\\/87e70e2a786888082f941a482c90569e\"},\"headline\":\"Momento M\u00e1gico na Natureza: Baleia Pede Carinho\",\"datePublished\":\"2018-04-27T21:22:19+00:00\",\"mainEntityOfPage\":{\"@id\":\"https:\\\/\\\/gersonguelmann.com.br\\\/blog\\\/momento-magico-na-natureza-baleia-pede-carinho\\\/\"},\"wordCount\":48,\"commentCount\":0,\"image\":{\"@id\":\"https:\\\/\\\/gersonguelmann.com.br\\\/blog\\\/momento-magico-na-natureza-baleia-pede-carinho\\\/#primaryimage\"},\"thumbnailUrl\":\"https:\\\/\\\/i0.wp.com\\\/gersonguelmann.com.br\\\/blog\\\/wp-content\\\/uploads\\\/2018\\\/04\\\/Baleia.jpg?fit=960%2C637&ssl=1\",\"inLanguage\":\"pt-BR\",\"potentialAction\":[{\"@type\":\"CommentAction\",\"name\":\"Comment\",\"target\":[\"https:\\\/\\\/gersonguelmann.com.br\\\/blog\\\/momento-magico-na-natureza-baleia-pede-carinho\\\/#respond\"]}]},{\"@type\":\"WebPage\",\"@id\":\"https:\\\/\\\/gersonguelmann.com.br\\\/blog\\\/momento-magico-na-natureza-baleia-pede-carinho\\\/\",\"url\":\"https:\\\/\\\/gersonguelmann.com.br\\\/blog\\\/momento-magico-na-natureza-baleia-pede-carinho\\\/\",\"name\":\"Momento M\u00e1gico na Natureza: Baleia Pede Carinho | Blog do Guelmann\",\"isPartOf\":{\"@id\":\"https:\\\/\\\/gersonguelmann.com.br\\\/blog\\\/#website\"},\"primaryImageOfPage\":{\"@id\":\"https:\\\/\\\/gersonguelmann.com.br\\\/blog\\\/momento-magico-na-natureza-baleia-pede-carinho\\\/#primaryimage\"},\"image\":{\"@id\":\"https:\\\/\\\/gersonguelmann.com.br\\\/blog\\\/momento-magico-na-natureza-baleia-pede-carinho\\\/#primaryimage\"},\"thumbnailUrl\":\"https:\\\/\\\/i0.wp.com\\\/gersonguelmann.com.br\\\/blog\\\/wp-content\\\/uploads\\\/2018\\\/04\\\/Baleia.jpg?fit=960%2C637&ssl=1\",\"datePublished\":\"2018-04-27T21:22:19+00:00\",\"author\":{\"@id\":\"https:\\\/\\\/gersonguelmann.com.br\\\/blog\\\/#\\\/schema\\\/person\\\/87e70e2a786888082f941a482c90569e\"},\"inLanguage\":\"pt-BR\",\"potentialAction\":[{\"@type\":\"ReadAction\",\"target\":[\"https:\\\/\\\/gersonguelmann.com.br\\\/blog\\\/momento-magico-na-natureza-baleia-pede-carinho\\\/\"]}]},{\"@type\":\"ImageObject\",\"inLanguage\":\"pt-BR\",\"@id\":\"https:\\\/\\\/gersonguelmann.com.br\\\/blog\\\/momento-magico-na-natureza-baleia-pede-carinho\\\/#primaryimage\",\"url\":\"https:\\\/\\\/i0.wp.com\\\/gersonguelmann.com.br\\\/blog\\\/wp-content\\\/uploads\\\/2018\\\/04\\\/Baleia.jpg?fit=960%2C637&ssl=1\",\"contentUrl\":\"https:\\\/\\\/i0.wp.com\\\/gersonguelmann.com.br\\\/blog\\\/wp-content\\\/uploads\\\/2018\\\/04\\\/Baleia.jpg?fit=960%2C637&ssl=1\",\"width\":960,\"height\":637},{\"@type\":\"WebSite\",\"@id\":\"https:\\\/\\\/gersonguelmann.com.br\\\/blog\\\/#website\",\"url\":\"https:\\\/\\\/gersonguelmann.com.br\\\/blog\\\/\",\"name\":\"Blog do Guelmann\",\"description\":\"Pitadas da sabedoria e do humor judaicos, assuntos do momento e um pouco das hist\u00f3rias que vivi e testemunhei.\",\"potentialAction\":[{\"@type\":\"SearchAction\",\"target\":{\"@type\":\"EntryPoint\",\"urlTemplate\":\"https:\\\/\\\/gersonguelmann.com.br\\\/blog\\\/?s={search_term_string}\"},\"query-input\":{\"@type\":\"PropertyValueSpecification\",\"valueRequired\":true,\"valueName\":\"search_term_string\"}}],\"inLanguage\":\"pt-BR\"},{\"@type\":\"Person\",\"@id\":\"https:\\\/\\\/gersonguelmann.com.br\\\/blog\\\/#\\\/schema\\\/person\\\/87e70e2a786888082f941a482c90569e\",\"name\":\"Gerson Guelmann\",\"image\":{\"@type\":\"ImageObject\",\"inLanguage\":\"pt-BR\",\"@id\":\"https:\\\/\\\/i0.wp.com\\\/gersonguelmann.com.br\\\/blog\\\/wp-content\\\/uploads\\\/2021\\\/08\\\/BLOG.jpeg?fit=96%2C96&ssl=1\",\"url\":\"https:\\\/\\\/i0.wp.com\\\/gersonguelmann.com.br\\\/blog\\\/wp-content\\\/uploads\\\/2021\\\/08\\\/BLOG.jpeg?fit=96%2C96&ssl=1\",\"contentUrl\":\"https:\\\/\\\/i0.wp.com\\\/gersonguelmann.com.br\\\/blog\\\/wp-content\\\/uploads\\\/2021\\\/08\\\/BLOG.jpeg?fit=96%2C96&ssl=1\",\"caption\":\"Gerson Guelmann\"},\"description\":\"Pitadas da sabedoria e do humor judaicos, assuntos do momento e um pouco das hist\u00f3rias que vivi e testemunhei.\"}]}<\/script>\n<!-- \/ Yoast SEO plugin. -->","yoast_head_json":{"title":"Momento M\u00e1gico na Natureza: Baleia Pede Carinho | Blog do Guelmann","robots":{"index":"index","follow":"follow","max-snippet":"max-snippet:-1","max-image-preview":"max-image-preview:large","max-video-preview":"max-video-preview:-1"},"canonical":"https:\/\/gersonguelmann.com.br\/blog\/momento-magico-na-natureza-baleia-pede-carinho\/","og_locale":"pt_BR","og_type":"article","og_title":"Momento M\u00e1gico na Natureza: Baleia Pede Carinho | Blog do Guelmann","og_description":"V\u00eddeo feito aqui no Brasil em 2015, infelizmente sem mais informa\u00e7\u00f5es. Imagino a emo\u00e7\u00e3o e alegria das pessoas que estavam no barco e puderam admirar e at\u00e9 tocar o animal.","og_url":"https:\/\/gersonguelmann.com.br\/blog\/momento-magico-na-natureza-baleia-pede-carinho\/","og_site_name":"Blog do Guelmann","article_published_time":"2018-04-27T21:22:19+00:00","og_image":[{"width":960,"height":637,"url":"https:\/\/i0.wp.com\/gersonguelmann.com.br\/blog\/wp-content\/uploads\/2018\/04\/Baleia.jpg?fit=960%2C637&ssl=1","type":"image\/jpeg"}],"author":"Gerson Guelmann","twitter_card":"summary_large_image","twitter_misc":{"Escrito por":"Gerson Guelmann"},"schema":{"@context":"https:\/\/schema.org","@graph":[{"@type":"Article","@id":"https:\/\/gersonguelmann.com.br\/blog\/momento-magico-na-natureza-baleia-pede-carinho\/#article","isPartOf":{"@id":"https:\/\/gersonguelmann.com.br\/blog\/momento-magico-na-natureza-baleia-pede-carinho\/"},"author":{"name":"Gerson Guelmann","@id":"https:\/\/gersonguelmann.com.br\/blog\/#\/schema\/person\/87e70e2a786888082f941a482c90569e"},"headline":"Momento M\u00e1gico na Natureza: Baleia Pede Carinho","datePublished":"2018-04-27T21:22:19+00:00","mainEntityOfPage":{"@id":"https:\/\/gersonguelmann.com.br\/blog\/momento-magico-na-natureza-baleia-pede-carinho\/"},"wordCount":48,"commentCount":0,"image":{"@id":"https:\/\/gersonguelmann.com.br\/blog\/momento-magico-na-natureza-baleia-pede-carinho\/#primaryimage"},"thumbnailUrl":"https:\/\/i0.wp.com\/gersonguelmann.com.br\/blog\/wp-content\/uploads\/2018\/04\/Baleia.jpg?fit=960%2C637&ssl=1","inLanguage":"pt-BR","potentialAction":[{"@type":"CommentAction","name":"Comment","target":["https:\/\/gersonguelmann.com.br\/blog\/momento-magico-na-natureza-baleia-pede-carinho\/#respond"]}]},{"@type":"WebPage","@id":"https:\/\/gersonguelmann.com.br\/blog\/momento-magico-na-natureza-baleia-pede-carinho\/","url":"https:\/\/gersonguelmann.com.br\/blog\/momento-magico-na-natureza-baleia-pede-carinho\/","name":"Momento M\u00e1gico na Natureza: Baleia Pede Carinho | Blog do Guelmann","isPartOf":{"@id":"https:\/\/gersonguelmann.com.br\/blog\/#website"},"primaryImageOfPage":{"@id":"https:\/\/gersonguelmann.com.br\/blog\/momento-magico-na-natureza-baleia-pede-carinho\/#primaryimage"},"image":{"@id":"https:\/\/gersonguelmann.com.br\/blog\/momento-magico-na-natureza-baleia-pede-carinho\/#primaryimage"},"thumbnailUrl":"https:\/\/i0.wp.com\/gersonguelmann.com.br\/blog\/wp-content\/uploads\/2018\/04\/Baleia.jpg?fit=960%2C637&ssl=1","datePublished":"2018-04-27T21:22:19+00:00","author":{"@id":"https:\/\/gersonguelmann.com.br\/blog\/#\/schema\/person\/87e70e2a786888082f941a482c90569e"},"inLanguage":"pt-BR","potentialAction":[{"@type":"ReadAction","target":["https:\/\/gersonguelmann.com.br\/blog\/momento-magico-na-natureza-baleia-pede-carinho\/"]}]},{"@type":"ImageObject","inLanguage":"pt-BR","@id":"https:\/\/gersonguelmann.com.br\/blog\/momento-magico-na-natureza-baleia-pede-carinho\/#primaryimage","url":"https:\/\/i0.wp.com\/gersonguelmann.com.br\/blog\/wp-content\/uploads\/2018\/04\/Baleia.jpg?fit=960%2C637&ssl=1","contentUrl":"https:\/\/i0.wp.com\/gersonguelmann.com.br\/blog\/wp-content\/uploads\/2018\/04\/Baleia.jpg?fit=960%2C637&ssl=1","width":960,"height":637},{"@type":"WebSite","@id":"https:\/\/gersonguelmann.com.br\/blog\/#website","url":"https:\/\/gersonguelmann.com.br\/blog\/","name":"Blog do Guelmann","description":"Pitadas da sabedoria e do humor judaicos, assuntos do momento e um pouco das hist\u00f3rias que vivi e testemunhei.","potentialAction":[{"@type":"SearchAction","target":{"@type":"EntryPoint","urlTemplate":"https:\/\/gersonguelmann.com.br\/blog\/?s={search_term_string}"},"query-input":{"@type":"PropertyValueSpecification","valueRequired":true,"valueName":"search_term_string"}}],"inLanguage":"pt-BR"},{"@type":"Person","@id":"https:\/\/gersonguelmann.com.br\/blog\/#\/schema\/person\/87e70e2a786888082f941a482c90569e","name":"Gerson Guelmann","image":{"@type":"ImageObject","inLanguage":"pt-BR","@id":"https:\/\/i0.wp.com\/gersonguelmann.com.br\/blog\/wp-content\/uploads\/2021\/08\/BLOG.jpeg?fit=96%2C96&ssl=1","url":"https:\/\/i0.wp.com\/gersonguelmann.com.br\/blog\/wp-content\/uploads\/2021\/08\/BLOG.jpeg?fit=96%2C96&ssl=1","contentUrl":"https:\/\/i0.wp.com\/gersonguelmann.com.br\/blog\/wp-content\/uploads\/2021\/08\/BLOG.jpeg?fit=96%2C96&ssl=1","caption":"Gerson Guelmann"},"description":"Pitadas da sabedoria e do humor judaicos, assuntos do momento e um pouco das hist\u00f3rias que vivi e testemunhei."}]}},"views":29,"jetpack_publicize_connections":[],"jetpack_featured_media_url":"https:\/\/i0.wp.com\/gersonguelmann.com.br\/blog\/wp-content\/uploads\/2018\/04\/Baleia.jpg?fit=960%2C637&ssl=1","jetpack_shortlink":"https:\/\/wp.me\/p96e7O-39X","jetpack-related-posts":[{"id":7755,"url":"https:\/\/gersonguelmann.com.br\/blog\/sem-mapa-e-sem-dicionario-e-essa-gente-vota\/","url_meta":{"origin":12149,"position":0},"title":"Sem Mapa e Sem Dicion\u00e1rio \u2013 E Essa Gente Vota!","author":"Gerson Guelmann","date":"28 de janeiro de 2018","format":false,"excerpt":"O nosso digno estudante \u201ccometeu\u201d esse absurdo na prova de geografia: \u2013 \u201cRepublica do Minicana e Aiti s\u00e3o pa\u00edses da ilha Am\u00e9rica Central\u201d. A recomenda\u00e7\u00e3o que veio junto com a hist\u00f3ria \u00e9 para que ele compre um \u201cmapa mundi\u201d e um dicion\u00e1rio, com urg\u00eancia.","rel":"","context":"Em &quot;Sem categoria&quot;","block_context":{"text":"Sem categoria","link":"https:\/\/gersonguelmann.com.br\/blog\/category\/sem-categoria\/"},"img":{"alt_text":"","src":"https:\/\/i0.wp.com\/gersonguelmann.com.br\/blog\/wp-content\/uploads\/2018\/01\/media-20180127.jpg?fit=1168%2C766&ssl=1&resize=350%2C200","width":350,"height":200,"srcset":"https:\/\/i0.wp.com\/gersonguelmann.com.br\/blog\/wp-content\/uploads\/2018\/01\/media-20180127.jpg?fit=1168%2C766&ssl=1&resize=350%2C200 1x, https:\/\/i0.wp.com\/gersonguelmann.com.br\/blog\/wp-content\/uploads\/2018\/01\/media-20180127.jpg?fit=1168%2C766&ssl=1&resize=525%2C300 1.5x, https:\/\/i0.wp.com\/gersonguelmann.com.br\/blog\/wp-content\/uploads\/2018\/01\/media-20180127.jpg?fit=1168%2C766&ssl=1&resize=700%2C400 2x, https:\/\/i0.wp.com\/gersonguelmann.com.br\/blog\/wp-content\/uploads\/2018\/01\/media-20180127.jpg?fit=1168%2C766&ssl=1&resize=1050%2C600 3x"},"classes":[]},{"id":4058,"url":"https:\/\/gersonguelmann.com.br\/blog\/sem-wifi-e-sem-nocao-acredite-e-verdade-4\/","url_meta":{"origin":12149,"position":1},"title":"Sem Wi-Fi e Sem No\u00e7\u00e3o &#8211; Acredite, \u00c9 Verdade (4)","author":"Gerson Guelmann","date":"9 de fevereiro de 2021","format":false,"excerpt":"Foto: Pixabay Mais uma dessas preciosidades que circulam nas redes e que nos fazem dar boas risadas. Nesse caso, pensando bem, o que ele precisava n\u00e3o era ajuda com o Wifi; era algu\u00e9m que fizesse seu c\u00e9rebro \"pegar no tranco\".","rel":"","context":"Em &quot;Sem categoria&quot;","block_context":{"text":"Sem categoria","link":"https:\/\/gersonguelmann.com.br\/blog\/category\/sem-categoria\/"},"img":{"alt_text":"","src":"https:\/\/i0.wp.com\/gersonguelmann.com.br\/blog\/wp-content\/uploads\/2017\/11\/wireless-signal-1119306_1280.png?fit=1200%2C821&ssl=1&resize=350%2C200","width":350,"height":200,"srcset":"https:\/\/i0.wp.com\/gersonguelmann.com.br\/blog\/wp-content\/uploads\/2017\/11\/wireless-signal-1119306_1280.png?fit=1200%2C821&ssl=1&resize=350%2C200 1x, https:\/\/i0.wp.com\/gersonguelmann.com.br\/blog\/wp-content\/uploads\/2017\/11\/wireless-signal-1119306_1280.png?fit=1200%2C821&ssl=1&resize=525%2C300 1.5x, https:\/\/i0.wp.com\/gersonguelmann.com.br\/blog\/wp-content\/uploads\/2017\/11\/wireless-signal-1119306_1280.png?fit=1200%2C821&ssl=1&resize=700%2C400 2x, https:\/\/i0.wp.com\/gersonguelmann.com.br\/blog\/wp-content\/uploads\/2017\/11\/wireless-signal-1119306_1280.png?fit=1200%2C821&ssl=1&resize=1050%2C600 3x"},"classes":[]},{"id":5320,"url":"https:\/\/gersonguelmann.com.br\/blog\/que-tal-um-natal-e-um-reveillon-sem-foguetes\/","url_meta":{"origin":12149,"position":2},"title":"Que Tal Um Natal e Um Reveillon Sem Foguetes?","author":"Gerson Guelmann","date":"7 de dezembro de 2017","format":false,"excerpt":"N\u00e3o quer se juntar \u00e0 campanha em favor das festas de final de ano sem foguetes, sem animais assustados, sem crian\u00e7as chorando, sem idosos perturbados, sem pessoas feridas?","rel":"","context":"Em &quot;Sem categoria&quot;","block_context":{"text":"Sem categoria","link":"https:\/\/gersonguelmann.com.br\/blog\/category\/sem-categoria\/"},"img":{"alt_text":"","src":"https:\/\/i0.wp.com\/gersonguelmann.com.br\/blog\/wp-content\/uploads\/2017\/12\/Abaixo.jpg?fit=960%2C959&ssl=1&resize=350%2C200","width":350,"height":200,"srcset":"https:\/\/i0.wp.com\/gersonguelmann.com.br\/blog\/wp-content\/uploads\/2017\/12\/Abaixo.jpg?fit=960%2C959&ssl=1&resize=350%2C200 1x, https:\/\/i0.wp.com\/gersonguelmann.com.br\/blog\/wp-content\/uploads\/2017\/12\/Abaixo.jpg?fit=960%2C959&ssl=1&resize=525%2C300 1.5x, https:\/\/i0.wp.com\/gersonguelmann.com.br\/blog\/wp-content\/uploads\/2017\/12\/Abaixo.jpg?fit=960%2C959&ssl=1&resize=700%2C400 2x"},"classes":[]},{"id":7803,"url":"https:\/\/gersonguelmann.com.br\/blog\/respirando-sem-ar-e-essa-gente-vota\/","url_meta":{"origin":12149,"position":3},"title":"Respirando Sem Ar &#8211; E Essa Gente Vota!","author":"Gerson Guelmann","date":"29 de janeiro de 2018","format":false,"excerpt":"Genial a \"explica\u00e7\u00e3o\" dada pelo estudante:\u00a0 \u201cRespira\u00e7\u00e3o anaer\u00f3bica \u00e9 a respira\u00e7\u00e3o sem ar, que n\u00e3o deve passar de 3\u00a0minutos.\u201d\u00a0","rel":"","context":"Em &quot;Sem categoria&quot;","block_context":{"text":"Sem categoria","link":"https:\/\/gersonguelmann.com.br\/blog\/category\/sem-categoria\/"},"img":{"alt_text":"","src":"https:\/\/i0.wp.com\/gersonguelmann.com.br\/blog\/wp-content\/uploads\/2018\/01\/M%C3%A1scara.jpg?fit=960%2C642&ssl=1&resize=350%2C200","width":350,"height":200,"srcset":"https:\/\/i0.wp.com\/gersonguelmann.com.br\/blog\/wp-content\/uploads\/2018\/01\/M%C3%A1scara.jpg?fit=960%2C642&ssl=1&resize=350%2C200 1x, https:\/\/i0.wp.com\/gersonguelmann.com.br\/blog\/wp-content\/uploads\/2018\/01\/M%C3%A1scara.jpg?fit=960%2C642&ssl=1&resize=525%2C300 1.5x, https:\/\/i0.wp.com\/gersonguelmann.com.br\/blog\/wp-content\/uploads\/2018\/01\/M%C3%A1scara.jpg?fit=960%2C642&ssl=1&resize=700%2C400 2x"},"classes":[]},{"id":7585,"url":"https:\/\/gersonguelmann.com.br\/blog\/celular-com-e-sem-fio-e-essa-gente-vota\/","url_meta":{"origin":12149,"position":4},"title":"Celular Com e Sem Fio &#8211; E Essa Gente Vota!","author":"Gerson Guelmann","date":"25 de janeiro de 2018","format":false,"excerpt":"Anote a\u00ed: quando voc\u00ea tiver qualquer problema em teu celular com fio, j\u00e1 sabe onde levar. \u00a0","rel":"","context":"Em &quot;Sem categoria&quot;","block_context":{"text":"Sem categoria","link":"https:\/\/gersonguelmann.com.br\/blog\/category\/sem-categoria\/"},"img":{"alt_text":"","src":"https:\/\/i0.wp.com\/gersonguelmann.com.br\/blog\/wp-content\/uploads\/2018\/01\/Sen-fio.jpg?fit=369%2C295&ssl=1&resize=350%2C200","width":350,"height":200},"classes":[]},{"id":12774,"url":"https:\/\/gersonguelmann.com.br\/blog\/comercial-homenageia-maes-sem-gravidas-e-sem-bebes-pode\/","url_meta":{"origin":12149,"position":5},"title":"Comercial Homenageia M\u00e3es, Sem Gr\u00e1vidas e Sem Beb\u00eas, Pode?","author":"Gerson Guelmann","date":"10 de maio de 2018","format":false,"excerpt":"A prova de que a criatividade dos publicit\u00e1rios supera os desafios est\u00e1 no comercial que o Amaciante Yp\u00ea fez ano passado para homenagear as m\u00e3es. Ao contr\u00e1rio do que estamos acostumados a ver, n\u00e3o aparece nenhuma mulher gr\u00e1vida e nenhum beb\u00ea. Assista. https:\/\/www.youtube.com\/watch?v=LQ3NgHR4qsM","rel":"","context":"Em &quot;Sem categoria&quot;","block_context":{"text":"Sem categoria","link":"https:\/\/gersonguelmann.com.br\/blog\/category\/sem-categoria\/"},"img":{"alt_text":"","src":"https:\/\/i0.wp.com\/gersonguelmann.com.br\/blog\/wp-content\/uploads\/2018\/05\/pexels-photo-64263.jpeg?fit=1200%2C800&ssl=1&resize=350%2C200","width":350,"height":200,"srcset":"https:\/\/i0.wp.com\/gersonguelmann.com.br\/blog\/wp-content\/uploads\/2018\/05\/pexels-photo-64263.jpeg?fit=1200%2C800&ssl=1&resize=350%2C200 1x, https:\/\/i0.wp.com\/gersonguelmann.com.br\/blog\/wp-content\/uploads\/2018\/05\/pexels-photo-64263.jpeg?fit=1200%2C800&ssl=1&resize=525%2C300 1.5x, https:\/\/i0.wp.com\/gersonguelmann.com.br\/blog\/wp-content\/uploads\/2018\/05\/pexels-photo-64263.jpeg?fit=1200%2C800&ssl=1&resize=700%2C400 2x, https:\/\/i0.wp.com\/gersonguelmann.com.br\/blog\/wp-content\/uploads\/2018\/05\/pexels-photo-64263.jpeg?fit=1200%2C800&ssl=1&resize=1050%2C600 3x"},"classes":[]}],"jetpack_sharing_enabled":true,"post_mailing_queue_ids":[],"_links":{"self":[{"href":"https:\/\/gersonguelmann.com.br\/blog\/wp-json\/wp\/v2\/posts\/12149","targetHints":{"allow":["GET"]}}],"collection":[{"href":"https:\/\/gersonguelmann.com.br\/blog\/wp-json\/wp\/v2\/posts"}],"about":[{"href":"https:\/\/gersonguelmann.com.br\/blog\/wp-json\/wp\/v2\/types\/post"}],"author":[{"embeddable":true,"href":"https:\/\/gersonguelmann.com.br\/blog\/wp-json\/wp\/v2\/users\/5"}],"replies":[{"embeddable":true,"href":"https:\/\/gersonguelmann.com.br\/blog\/wp-json\/wp\/v2\/comments?post=12149"}],"version-history":[{"count":0,"href":"https:\/\/gersonguelmann.com.br\/blog\/wp-json\/wp\/v2\/posts\/12149\/revisions"}],"wp:featuredmedia":[{"embeddable":true,"href":"https:\/\/gersonguelmann.com.br\/blog\/wp-json\/wp\/v2\/media\/12150"}],"wp:attachment":[{"href":"https:\/\/gersonguelmann.com.br\/blog\/wp-json\/wp\/v2\/media?parent=12149"}],"wp:term":[{"taxonomy":"category","embeddable":true,"href":"https:\/\/gersonguelmann.com.br\/blog\/wp-json\/wp\/v2\/categories?post=12149"},{"taxonomy":"post_tag","embeddable":true,"href":"https:\/\/gersonguelmann.com.br\/blog\/wp-json\/wp\/v2\/tags?post=12149"}],"curies":[{"name":"wp","href":"https:\/\/api.w.org\/{rel}","templated":true}]}}