    {"id":12160,"date":"2018-04-27T20:00:07","date_gmt":"2018-04-27T23:00:07","guid":{"rendered":"https:\/\/gersonguelmann.com.br\/blog\/?p=12160"},"modified":"2018-04-27T20:00:07","modified_gmt":"2018-04-27T23:00:07","slug":"sabe-quando-um-texto-e-tao-lindo-que-nao-pode-ficar-so-no-facebook","status":"publish","type":"post","link":"https:\/\/gersonguelmann.com.br\/blog\/sabe-quando-um-texto-e-tao-lindo-que-nao-pode-ficar-so-no-facebook\/","title":{"rendered":"Sabe Quando Um Texto \u00e9 T\u00e3o Lindo Que N\u00e3o pode Ficar S\u00f3 no Facebook?"},"content":{"rendered":"<p><span style=\"font-family: georgia, palatino, serif; font-size: 18pt; color: #000000;\">O texto a seguir foi publicado hoje pela\u00a0<span class=\"fwn fcg\"><span class=\"fwb fcg\" data-ft=\"{&quot;tn&quot;:&quot;;&quot;}\">Marcia Oleskovicz Fruet em sua p\u00e1gina no Facebook.<\/span><\/span><\/span><\/p>\n<p><span style=\"font-family: georgia, palatino, serif; font-size: 18pt; color: #000000;\">\u00c9 a homenagem \u00e0s Bodas de Ouro dos pais, Maria &amp; Antonio, um casal querido que deu ao mundo tr\u00eas filhas: a Dina, a Sonia e a Marcia, a ca\u00e7ula.<\/span><\/p>\n<p><span style=\"font-family: georgia, palatino, serif; font-size: 18pt; color: #000000;\">Eu li e reli e pensei em como seria bom se mais gente se emocionasse com um texto t\u00e3o maravilhoso.<\/span><\/p>\n<p><span style=\"font-family: georgia, palatino, serif; font-size: 18pt; color: #000000;\">Leia e veja como eu tinha raz\u00e3o.\u00a0<\/span><\/p>\n<p><span style=\"font-family: georgia, palatino, serif; font-size: 18pt; color: #000000;\">p.s.: \u00e0 Maria e ao Jo\u00e3o, mais 50 anos!<\/span><\/p>\n<p><img data-recalc-dims=\"1\" fetchpriority=\"high\" decoding=\"async\" data-attachment-id=\"12161\" data-permalink=\"https:\/\/gersonguelmann.com.br\/blog\/sabe-quando-um-texto-e-tao-lindo-que-nao-pode-ficar-so-no-facebook\/mof\/\" data-orig-file=\"https:\/\/i0.wp.com\/gersonguelmann.com.br\/blog\/wp-content\/uploads\/2018\/04\/MOF.jpg?fit=540%2C960&amp;ssl=1\" data-orig-size=\"540,960\" data-comments-opened=\"1\" data-image-meta=\"{&quot;aperture&quot;:&quot;0&quot;,&quot;credit&quot;:&quot;&quot;,&quot;camera&quot;:&quot;&quot;,&quot;caption&quot;:&quot;&quot;,&quot;created_timestamp&quot;:&quot;0&quot;,&quot;copyright&quot;:&quot;&quot;,&quot;focal_length&quot;:&quot;0&quot;,&quot;iso&quot;:&quot;0&quot;,&quot;shutter_speed&quot;:&quot;0&quot;,&quot;title&quot;:&quot;&quot;,&quot;orientation&quot;:&quot;0&quot;}\" data-image-title=\"MOF\" data-image-description=\"\" data-image-caption=\"\" data-medium-file=\"https:\/\/i0.wp.com\/gersonguelmann.com.br\/blog\/wp-content\/uploads\/2018\/04\/MOF.jpg?fit=169%2C300&amp;ssl=1\" data-large-file=\"https:\/\/i0.wp.com\/gersonguelmann.com.br\/blog\/wp-content\/uploads\/2018\/04\/MOF.jpg?fit=540%2C960&amp;ssl=1\" class=\"size-medium wp-image-12161 aligncenter\" src=\"https:\/\/i0.wp.com\/gersonguelmann.com.br\/blog\/wp-content\/uploads\/2018\/04\/MOF.jpg?resize=169%2C300&#038;ssl=1\" alt=\"\" width=\"169\" height=\"300\" srcset=\"https:\/\/i0.wp.com\/gersonguelmann.com.br\/blog\/wp-content\/uploads\/2018\/04\/MOF.jpg?resize=169%2C300&amp;ssl=1 169w, https:\/\/i0.wp.com\/gersonguelmann.com.br\/blog\/wp-content\/uploads\/2018\/04\/MOF.jpg?w=540&amp;ssl=1 540w\" sizes=\"(max-width: 169px) 100vw, 169px\" \/><\/p>\n<p><span style=\"font-family: georgia, palatino, serif; font-size: 18pt; color: #000000;\"><em>Paci\u00eancia dos Neves, 27 de abril de 1968.<\/em><\/span><\/p>\n<p><span style=\"font-family: georgia, palatino, serif; font-size: 18pt; color: #000000;\"><em>A mulher era Maria. Bonita, forte, cabelos compridos, negros, olhos de verde azul a depender da luz. De trabalho na enxada entendia bem, como as lidas da casa. Acabara de entrar na maioridade. Era hora de contrair matrim\u00f4nio.\u00a0<\/em><\/span><\/p>\n<p><span style=\"font-family: georgia, palatino, serif; font-size: 18pt; color: #000000;\"><em>O homem alto, forte, rosto anguloso, cabelo cortado a la reco, da safra do Batalh\u00e3o Catarina que serviu no Rio de Janeiro, vindo\u00a0<span class=\"text_exposed_show\">direto do semin\u00e1rio. Antonio. Fam\u00edlia imensa: 15 irm\u00e3os, dois anjinhos que se foram de crupe. Se queria comer, haveria de plantar. Pai polaco, duro, r\u00e9dea em punho. Sem trejeitos pro namoro.<\/p>\n<p>N\u00e3o sei se beijaram-se no tempo da conquista ou se a crueza da lavoura limitou os gestos do cora\u00e7\u00e3o. Se pegaram na m\u00e3o, se sentaram lado a lado na missa, se trocaram bilhetes. Imagino que depois da reza e da janta, fog\u00e3o a lenha para aguentar a geada, lampi\u00e3o apagado, cada um na sua casa, com seu cansa\u00e7o pr\u00f3prio, suas ilus\u00f5es pr\u00f3prias, sonhavam com o devir. N\u00e3o porque cultivavam o h\u00e1bito de ambicionar por algo, mas porque o sonho \u00e9 rem\u00e9dio, cura o corpo, embebece a alma. E vem com a gente, parte integrante do nosso fr\u00e1gil conjunto.<\/p>\n<p>Casaram como se fazia entre Paci\u00eancia dos Neves e Fartura. Fam\u00edlias se embolavam num tal de irm\u00e3o dele com irm\u00e3 dela, irm\u00e3 dela com irm\u00e3o dele, at\u00e9 que tudo virasse uma fam\u00edlia s\u00f3. Ou algumas fam\u00edlias entre si. E, por isso, na minha mem\u00f3ria, dia de festa era um sem fim de primos e primas, correndo pelo mato, tomando banho de rio, levando coice de vaca. Tudo se aquietava quando o sol sumia.<\/p>\n<p>N\u00e3o sei se s\u00e3o um para o outro o sonho que tiveram. Ou se a vida se encarregou de os moldar de acordo com os ventos, as dores, as alegrias, as geadas, as secas, as doen\u00e7as, o \u00eaxodo. Fato \u00e9 que est\u00e3o juntos, brigam juntos, entre si, sozinhos, com a sombra, todos os dias, e n\u00e3o se largam at\u00e9 hoje, 50 anos depois.<\/p>\n<p>Bodas de Ouro. Parab\u00e9ns, minha m\u00e3e e meu pai. Obrigada por n\u00e3o se desistirem, pela coragem de conceber esta terceira filha, pipa avoada, que nem sempre consegue estar pr\u00f3xima pra dizer o quanto ama voc\u00eas!<\/p>\n<p>(Li agora de Rubem Alves que &#8220;a alma tem nostalgia das origens&#8221;. \u00c9 disso que somos feitos.)<\/span><\/em><\/span><\/p>\n","protected":false},"excerpt":{"rendered":"<p>O texto a seguir foi publicado hoje pela\u00a0Marcia Oleskovicz Fruet em sua p\u00e1gina no Facebook. \u00c9 a homenagem \u00e0s Bodas de Ouro dos pais, Maria &amp; Antonio, um casal querido que deu ao mundo tr\u00eas filhas: a Dina, a Sonia e a Marcia, a ca\u00e7ula. Eu li e reli e pensei em como seria bom [&hellip;]<\/p>\n","protected":false},"author":5,"featured_media":12161,"comment_status":"open","ping_status":"open","sticky":false,"template":"","format":"standard","meta":{"_acf_changed":false,"jetpack_post_was_ever_published":false,"_jetpack_newsletter_access":"","_jetpack_dont_email_post_to_subs":false,"_jetpack_newsletter_tier_id":0,"_jetpack_memberships_contains_paywalled_content":false,"_jetpack_memberships_contains_paid_content":false,"footnotes":"","jetpack_publicize_message":"","jetpack_publicize_feature_enabled":true,"jetpack_social_post_already_shared":true,"jetpack_social_options":{"image_generator_settings":{"template":"highway","default_image_id":0,"font":"","enabled":false},"version":2}},"categories":[1],"tags":[],"class_list":["post-12160","post","type-post","status-publish","format-standard","has-post-thumbnail","hentry","category-sem-categoria"],"acf":[],"yoast_head":"<!-- This site is optimized with the Yoast SEO plugin v27.3 - https:\/\/yoast.com\/product\/yoast-seo-wordpress\/ -->\n<title>Sabe Quando Um Texto \u00e9 T\u00e3o Lindo Que N\u00e3o pode Ficar S\u00f3 no Facebook? | Blog do Guelmann<\/title>\n<meta name=\"robots\" content=\"index, follow, max-snippet:-1, max-image-preview:large, max-video-preview:-1\" \/>\n<link rel=\"canonical\" href=\"https:\/\/gersonguelmann.com.br\/blog\/sabe-quando-um-texto-e-tao-lindo-que-nao-pode-ficar-so-no-facebook\/\" \/>\n<meta property=\"og:locale\" content=\"pt_BR\" \/>\n<meta property=\"og:type\" content=\"article\" \/>\n<meta property=\"og:title\" content=\"Sabe Quando Um Texto \u00e9 T\u00e3o Lindo Que N\u00e3o pode Ficar S\u00f3 no Facebook? | Blog do Guelmann\" \/>\n<meta property=\"og:description\" content=\"O texto a seguir foi publicado hoje pela\u00a0Marcia Oleskovicz Fruet em sua p\u00e1gina no Facebook. \u00c9 a homenagem \u00e0s Bodas de Ouro dos pais, Maria &amp; Antonio, um casal querido que deu ao mundo tr\u00eas filhas: a Dina, a Sonia e a Marcia, a ca\u00e7ula. Eu li e reli e pensei em como seria bom [&hellip;]\" \/>\n<meta property=\"og:url\" content=\"https:\/\/gersonguelmann.com.br\/blog\/sabe-quando-um-texto-e-tao-lindo-que-nao-pode-ficar-so-no-facebook\/\" \/>\n<meta property=\"og:site_name\" content=\"Blog do Guelmann\" \/>\n<meta property=\"article:published_time\" content=\"2018-04-27T23:00:07+00:00\" \/>\n<meta property=\"og:image\" content=\"https:\/\/i0.wp.com\/gersonguelmann.com.br\/blog\/wp-content\/uploads\/2018\/04\/MOF.jpg?fit=540%2C960&ssl=1\" \/>\n\t<meta property=\"og:image:width\" content=\"540\" \/>\n\t<meta property=\"og:image:height\" content=\"960\" \/>\n\t<meta property=\"og:image:type\" content=\"image\/jpeg\" \/>\n<meta name=\"author\" content=\"Gerson Guelmann\" \/>\n<meta name=\"twitter:card\" content=\"summary_large_image\" \/>\n<meta name=\"twitter:label1\" content=\"Escrito por\" \/>\n\t<meta name=\"twitter:data1\" content=\"Gerson Guelmann\" \/>\n\t<meta name=\"twitter:label2\" content=\"Est. tempo de leitura\" \/>\n\t<meta name=\"twitter:data2\" content=\"3 minutos\" \/>\n<script type=\"application\/ld+json\" class=\"yoast-schema-graph\">{\"@context\":\"https:\\\/\\\/schema.org\",\"@graph\":[{\"@type\":\"Article\",\"@id\":\"https:\\\/\\\/gersonguelmann.com.br\\\/blog\\\/sabe-quando-um-texto-e-tao-lindo-que-nao-pode-ficar-so-no-facebook\\\/#article\",\"isPartOf\":{\"@id\":\"https:\\\/\\\/gersonguelmann.com.br\\\/blog\\\/sabe-quando-um-texto-e-tao-lindo-que-nao-pode-ficar-so-no-facebook\\\/\"},\"author\":{\"name\":\"Gerson Guelmann\",\"@id\":\"https:\\\/\\\/gersonguelmann.com.br\\\/blog\\\/#\\\/schema\\\/person\\\/87e70e2a786888082f941a482c90569e\"},\"headline\":\"Sabe Quando Um Texto \u00e9 T\u00e3o Lindo Que N\u00e3o pode Ficar S\u00f3 no Facebook?\",\"datePublished\":\"2018-04-27T23:00:07+00:00\",\"mainEntityOfPage\":{\"@id\":\"https:\\\/\\\/gersonguelmann.com.br\\\/blog\\\/sabe-quando-um-texto-e-tao-lindo-que-nao-pode-ficar-so-no-facebook\\\/\"},\"wordCount\":517,\"commentCount\":0,\"image\":{\"@id\":\"https:\\\/\\\/gersonguelmann.com.br\\\/blog\\\/sabe-quando-um-texto-e-tao-lindo-que-nao-pode-ficar-so-no-facebook\\\/#primaryimage\"},\"thumbnailUrl\":\"https:\\\/\\\/i0.wp.com\\\/gersonguelmann.com.br\\\/blog\\\/wp-content\\\/uploads\\\/2018\\\/04\\\/MOF.jpg?fit=540%2C960&ssl=1\",\"inLanguage\":\"pt-BR\",\"potentialAction\":[{\"@type\":\"CommentAction\",\"name\":\"Comment\",\"target\":[\"https:\\\/\\\/gersonguelmann.com.br\\\/blog\\\/sabe-quando-um-texto-e-tao-lindo-que-nao-pode-ficar-so-no-facebook\\\/#respond\"]}]},{\"@type\":\"WebPage\",\"@id\":\"https:\\\/\\\/gersonguelmann.com.br\\\/blog\\\/sabe-quando-um-texto-e-tao-lindo-que-nao-pode-ficar-so-no-facebook\\\/\",\"url\":\"https:\\\/\\\/gersonguelmann.com.br\\\/blog\\\/sabe-quando-um-texto-e-tao-lindo-que-nao-pode-ficar-so-no-facebook\\\/\",\"name\":\"Sabe Quando Um Texto \u00e9 T\u00e3o Lindo Que N\u00e3o pode Ficar S\u00f3 no Facebook? | Blog do Guelmann\",\"isPartOf\":{\"@id\":\"https:\\\/\\\/gersonguelmann.com.br\\\/blog\\\/#website\"},\"primaryImageOfPage\":{\"@id\":\"https:\\\/\\\/gersonguelmann.com.br\\\/blog\\\/sabe-quando-um-texto-e-tao-lindo-que-nao-pode-ficar-so-no-facebook\\\/#primaryimage\"},\"image\":{\"@id\":\"https:\\\/\\\/gersonguelmann.com.br\\\/blog\\\/sabe-quando-um-texto-e-tao-lindo-que-nao-pode-ficar-so-no-facebook\\\/#primaryimage\"},\"thumbnailUrl\":\"https:\\\/\\\/i0.wp.com\\\/gersonguelmann.com.br\\\/blog\\\/wp-content\\\/uploads\\\/2018\\\/04\\\/MOF.jpg?fit=540%2C960&ssl=1\",\"datePublished\":\"2018-04-27T23:00:07+00:00\",\"author\":{\"@id\":\"https:\\\/\\\/gersonguelmann.com.br\\\/blog\\\/#\\\/schema\\\/person\\\/87e70e2a786888082f941a482c90569e\"},\"inLanguage\":\"pt-BR\",\"potentialAction\":[{\"@type\":\"ReadAction\",\"target\":[\"https:\\\/\\\/gersonguelmann.com.br\\\/blog\\\/sabe-quando-um-texto-e-tao-lindo-que-nao-pode-ficar-so-no-facebook\\\/\"]}]},{\"@type\":\"ImageObject\",\"inLanguage\":\"pt-BR\",\"@id\":\"https:\\\/\\\/gersonguelmann.com.br\\\/blog\\\/sabe-quando-um-texto-e-tao-lindo-que-nao-pode-ficar-so-no-facebook\\\/#primaryimage\",\"url\":\"https:\\\/\\\/i0.wp.com\\\/gersonguelmann.com.br\\\/blog\\\/wp-content\\\/uploads\\\/2018\\\/04\\\/MOF.jpg?fit=540%2C960&ssl=1\",\"contentUrl\":\"https:\\\/\\\/i0.wp.com\\\/gersonguelmann.com.br\\\/blog\\\/wp-content\\\/uploads\\\/2018\\\/04\\\/MOF.jpg?fit=540%2C960&ssl=1\",\"width\":540,\"height\":960},{\"@type\":\"WebSite\",\"@id\":\"https:\\\/\\\/gersonguelmann.com.br\\\/blog\\\/#website\",\"url\":\"https:\\\/\\\/gersonguelmann.com.br\\\/blog\\\/\",\"name\":\"Blog do Guelmann\",\"description\":\"Pitadas da sabedoria e do humor judaicos, assuntos do momento e um pouco das hist\u00f3rias que vivi e testemunhei.\",\"potentialAction\":[{\"@type\":\"SearchAction\",\"target\":{\"@type\":\"EntryPoint\",\"urlTemplate\":\"https:\\\/\\\/gersonguelmann.com.br\\\/blog\\\/?s={search_term_string}\"},\"query-input\":{\"@type\":\"PropertyValueSpecification\",\"valueRequired\":true,\"valueName\":\"search_term_string\"}}],\"inLanguage\":\"pt-BR\"},{\"@type\":\"Person\",\"@id\":\"https:\\\/\\\/gersonguelmann.com.br\\\/blog\\\/#\\\/schema\\\/person\\\/87e70e2a786888082f941a482c90569e\",\"name\":\"Gerson Guelmann\",\"image\":{\"@type\":\"ImageObject\",\"inLanguage\":\"pt-BR\",\"@id\":\"https:\\\/\\\/i0.wp.com\\\/gersonguelmann.com.br\\\/blog\\\/wp-content\\\/uploads\\\/2021\\\/08\\\/BLOG.jpeg?fit=96%2C96&ssl=1\",\"url\":\"https:\\\/\\\/i0.wp.com\\\/gersonguelmann.com.br\\\/blog\\\/wp-content\\\/uploads\\\/2021\\\/08\\\/BLOG.jpeg?fit=96%2C96&ssl=1\",\"contentUrl\":\"https:\\\/\\\/i0.wp.com\\\/gersonguelmann.com.br\\\/blog\\\/wp-content\\\/uploads\\\/2021\\\/08\\\/BLOG.jpeg?fit=96%2C96&ssl=1\",\"caption\":\"Gerson Guelmann\"},\"description\":\"Pitadas da sabedoria e do humor judaicos, assuntos do momento e um pouco das hist\u00f3rias que vivi e testemunhei.\"}]}<\/script>\n<!-- \/ Yoast SEO plugin. -->","yoast_head_json":{"title":"Sabe Quando Um Texto \u00e9 T\u00e3o Lindo Que N\u00e3o pode Ficar S\u00f3 no Facebook? | Blog do Guelmann","robots":{"index":"index","follow":"follow","max-snippet":"max-snippet:-1","max-image-preview":"max-image-preview:large","max-video-preview":"max-video-preview:-1"},"canonical":"https:\/\/gersonguelmann.com.br\/blog\/sabe-quando-um-texto-e-tao-lindo-que-nao-pode-ficar-so-no-facebook\/","og_locale":"pt_BR","og_type":"article","og_title":"Sabe Quando Um Texto \u00e9 T\u00e3o Lindo Que N\u00e3o pode Ficar S\u00f3 no Facebook? | Blog do Guelmann","og_description":"O texto a seguir foi publicado hoje pela\u00a0Marcia Oleskovicz Fruet em sua p\u00e1gina no Facebook. \u00c9 a homenagem \u00e0s Bodas de Ouro dos pais, Maria &amp; Antonio, um casal querido que deu ao mundo tr\u00eas filhas: a Dina, a Sonia e a Marcia, a ca\u00e7ula. Eu li e reli e pensei em como seria bom [&hellip;]","og_url":"https:\/\/gersonguelmann.com.br\/blog\/sabe-quando-um-texto-e-tao-lindo-que-nao-pode-ficar-so-no-facebook\/","og_site_name":"Blog do Guelmann","article_published_time":"2018-04-27T23:00:07+00:00","og_image":[{"width":540,"height":960,"url":"https:\/\/i0.wp.com\/gersonguelmann.com.br\/blog\/wp-content\/uploads\/2018\/04\/MOF.jpg?fit=540%2C960&ssl=1","type":"image\/jpeg"}],"author":"Gerson Guelmann","twitter_card":"summary_large_image","twitter_misc":{"Escrito por":"Gerson Guelmann","Est. tempo de leitura":"3 minutos"},"schema":{"@context":"https:\/\/schema.org","@graph":[{"@type":"Article","@id":"https:\/\/gersonguelmann.com.br\/blog\/sabe-quando-um-texto-e-tao-lindo-que-nao-pode-ficar-so-no-facebook\/#article","isPartOf":{"@id":"https:\/\/gersonguelmann.com.br\/blog\/sabe-quando-um-texto-e-tao-lindo-que-nao-pode-ficar-so-no-facebook\/"},"author":{"name":"Gerson Guelmann","@id":"https:\/\/gersonguelmann.com.br\/blog\/#\/schema\/person\/87e70e2a786888082f941a482c90569e"},"headline":"Sabe Quando Um Texto \u00e9 T\u00e3o Lindo Que N\u00e3o pode Ficar S\u00f3 no Facebook?","datePublished":"2018-04-27T23:00:07+00:00","mainEntityOfPage":{"@id":"https:\/\/gersonguelmann.com.br\/blog\/sabe-quando-um-texto-e-tao-lindo-que-nao-pode-ficar-so-no-facebook\/"},"wordCount":517,"commentCount":0,"image":{"@id":"https:\/\/gersonguelmann.com.br\/blog\/sabe-quando-um-texto-e-tao-lindo-que-nao-pode-ficar-so-no-facebook\/#primaryimage"},"thumbnailUrl":"https:\/\/i0.wp.com\/gersonguelmann.com.br\/blog\/wp-content\/uploads\/2018\/04\/MOF.jpg?fit=540%2C960&ssl=1","inLanguage":"pt-BR","potentialAction":[{"@type":"CommentAction","name":"Comment","target":["https:\/\/gersonguelmann.com.br\/blog\/sabe-quando-um-texto-e-tao-lindo-que-nao-pode-ficar-so-no-facebook\/#respond"]}]},{"@type":"WebPage","@id":"https:\/\/gersonguelmann.com.br\/blog\/sabe-quando-um-texto-e-tao-lindo-que-nao-pode-ficar-so-no-facebook\/","url":"https:\/\/gersonguelmann.com.br\/blog\/sabe-quando-um-texto-e-tao-lindo-que-nao-pode-ficar-so-no-facebook\/","name":"Sabe Quando Um Texto \u00e9 T\u00e3o Lindo Que N\u00e3o pode Ficar S\u00f3 no Facebook? | Blog do Guelmann","isPartOf":{"@id":"https:\/\/gersonguelmann.com.br\/blog\/#website"},"primaryImageOfPage":{"@id":"https:\/\/gersonguelmann.com.br\/blog\/sabe-quando-um-texto-e-tao-lindo-que-nao-pode-ficar-so-no-facebook\/#primaryimage"},"image":{"@id":"https:\/\/gersonguelmann.com.br\/blog\/sabe-quando-um-texto-e-tao-lindo-que-nao-pode-ficar-so-no-facebook\/#primaryimage"},"thumbnailUrl":"https:\/\/i0.wp.com\/gersonguelmann.com.br\/blog\/wp-content\/uploads\/2018\/04\/MOF.jpg?fit=540%2C960&ssl=1","datePublished":"2018-04-27T23:00:07+00:00","author":{"@id":"https:\/\/gersonguelmann.com.br\/blog\/#\/schema\/person\/87e70e2a786888082f941a482c90569e"},"inLanguage":"pt-BR","potentialAction":[{"@type":"ReadAction","target":["https:\/\/gersonguelmann.com.br\/blog\/sabe-quando-um-texto-e-tao-lindo-que-nao-pode-ficar-so-no-facebook\/"]}]},{"@type":"ImageObject","inLanguage":"pt-BR","@id":"https:\/\/gersonguelmann.com.br\/blog\/sabe-quando-um-texto-e-tao-lindo-que-nao-pode-ficar-so-no-facebook\/#primaryimage","url":"https:\/\/i0.wp.com\/gersonguelmann.com.br\/blog\/wp-content\/uploads\/2018\/04\/MOF.jpg?fit=540%2C960&ssl=1","contentUrl":"https:\/\/i0.wp.com\/gersonguelmann.com.br\/blog\/wp-content\/uploads\/2018\/04\/MOF.jpg?fit=540%2C960&ssl=1","width":540,"height":960},{"@type":"WebSite","@id":"https:\/\/gersonguelmann.com.br\/blog\/#website","url":"https:\/\/gersonguelmann.com.br\/blog\/","name":"Blog do Guelmann","description":"Pitadas da sabedoria e do humor judaicos, assuntos do momento e um pouco das hist\u00f3rias que vivi e testemunhei.","potentialAction":[{"@type":"SearchAction","target":{"@type":"EntryPoint","urlTemplate":"https:\/\/gersonguelmann.com.br\/blog\/?s={search_term_string}"},"query-input":{"@type":"PropertyValueSpecification","valueRequired":true,"valueName":"search_term_string"}}],"inLanguage":"pt-BR"},{"@type":"Person","@id":"https:\/\/gersonguelmann.com.br\/blog\/#\/schema\/person\/87e70e2a786888082f941a482c90569e","name":"Gerson Guelmann","image":{"@type":"ImageObject","inLanguage":"pt-BR","@id":"https:\/\/i0.wp.com\/gersonguelmann.com.br\/blog\/wp-content\/uploads\/2021\/08\/BLOG.jpeg?fit=96%2C96&ssl=1","url":"https:\/\/i0.wp.com\/gersonguelmann.com.br\/blog\/wp-content\/uploads\/2021\/08\/BLOG.jpeg?fit=96%2C96&ssl=1","contentUrl":"https:\/\/i0.wp.com\/gersonguelmann.com.br\/blog\/wp-content\/uploads\/2021\/08\/BLOG.jpeg?fit=96%2C96&ssl=1","caption":"Gerson Guelmann"},"description":"Pitadas da sabedoria e do humor judaicos, assuntos do momento e um pouco das hist\u00f3rias que vivi e testemunhei."}]}},"views":39,"jetpack_publicize_connections":[],"jetpack_featured_media_url":"https:\/\/i0.wp.com\/gersonguelmann.com.br\/blog\/wp-content\/uploads\/2018\/04\/MOF.jpg?fit=540%2C960&ssl=1","jetpack_shortlink":"https:\/\/wp.me\/p96e7O-3a8","jetpack-related-posts":[{"id":3596,"url":"https:\/\/gersonguelmann.com.br\/blog\/o-que-e-um-avo-para-uma-menina-de-8-anos\/","url_meta":{"origin":12160,"position":0},"title":"O Que \u00e9 Um Av\u00f4 (Para Uma Menina de 8 Anos)","author":"Gerson Guelmann","date":"5 de outubro de 2019","format":false,"excerpt":"O texto que reproduzo abaixo circula desde meados de 2008. \u00c9 atribu\u00eddo a uma menina de 8 anos, chamada Maria Eduarda e teria sido publicado no \"Jornal do Cartaxo\" de Florian\u00f3polis. Como fa\u00e7o sempre com o material que recebo, pesquisei e... Parece que o tal jornal n\u00e3o existe. H\u00e1 uma\u2026","rel":"","context":"Em &quot;Sem categoria&quot;","block_context":{"text":"Sem categoria","link":"https:\/\/gersonguelmann.com.br\/blog\/category\/sem-categoria\/"},"img":{"alt_text":"","src":"https:\/\/i0.wp.com\/gersonguelmann.com.br\/blog\/wp-content\/uploads\/2017\/10\/Av%C3%B4.jpg?fit=960%2C640&ssl=1&resize=350%2C200","width":350,"height":200,"srcset":"https:\/\/i0.wp.com\/gersonguelmann.com.br\/blog\/wp-content\/uploads\/2017\/10\/Av%C3%B4.jpg?fit=960%2C640&ssl=1&resize=350%2C200 1x, https:\/\/i0.wp.com\/gersonguelmann.com.br\/blog\/wp-content\/uploads\/2017\/10\/Av%C3%B4.jpg?fit=960%2C640&ssl=1&resize=525%2C300 1.5x, https:\/\/i0.wp.com\/gersonguelmann.com.br\/blog\/wp-content\/uploads\/2017\/10\/Av%C3%B4.jpg?fit=960%2C640&ssl=1&resize=700%2C400 2x"},"classes":[]},{"id":26190,"url":"https:\/\/gersonguelmann.com.br\/blog\/tristeza-hoje-como-ontem-o-brasil-indo-pelo-ralo\/","url_meta":{"origin":12160,"position":1},"title":"Tristeza: Hoje, Como Ontem, o Brasil Indo Pelo Ralo","author":"Gerson Guelmann","date":"4 de agosto de 2025","format":false,"excerpt":"Em 5 de dezembro de 2017, publiquei no meu blog um texto impactante de Luiz Alberto de Castro Wille, CEO e fundador da Alden Tecnologia e Desenvolvimento, experiente consultor em governan\u00e7a corporativa e estrat\u00e9gia empresarial, com mais de tr\u00eas d\u00e9cadas de atua\u00e7\u00e3o no Brasil e no exterior - al\u00e9m de\u2026","rel":"","context":"Em &quot;Sem categoria&quot;","block_context":{"text":"Sem categoria","link":"https:\/\/gersonguelmann.com.br\/blog\/category\/sem-categoria\/"},"img":{"alt_text":"","src":"https:\/\/i0.wp.com\/gersonguelmann.com.br\/blog\/wp-content\/uploads\/2025\/08\/HojePR-19.jpg?fit=900%2C600&ssl=1&resize=350%2C200","width":350,"height":200,"srcset":"https:\/\/i0.wp.com\/gersonguelmann.com.br\/blog\/wp-content\/uploads\/2025\/08\/HojePR-19.jpg?fit=900%2C600&ssl=1&resize=350%2C200 1x, https:\/\/i0.wp.com\/gersonguelmann.com.br\/blog\/wp-content\/uploads\/2025\/08\/HojePR-19.jpg?fit=900%2C600&ssl=1&resize=525%2C300 1.5x, https:\/\/i0.wp.com\/gersonguelmann.com.br\/blog\/wp-content\/uploads\/2025\/08\/HojePR-19.jpg?fit=900%2C600&ssl=1&resize=700%2C400 2x"},"classes":[]},{"id":2433,"url":"https:\/\/gersonguelmann.com.br\/blog\/sao-francisco-gilson-marcia\/","url_meta":{"origin":12160,"position":2},"title":"S\u00e3o Francisco, Gilson &#038; Marcia","author":"Gerson Guelmann","date":"4 de outubro de 2017","format":false,"excerpt":"Hoje, 4 de outubro, \u00e9 o dia de S\u00e3o Francisco de\u00a0Assis. A data me une a duas pessoas e com uma delas os la\u00e7os s\u00e3o antigos: remontam a 1951, quando nasceu o Gilson, meu irm\u00e3o, que hoje completa 66 anos. Certamente n\u00e3o \u00e9 por coincid\u00eancia que ele gosta muito de\u2026","rel":"","context":"Em &quot;Sem categoria&quot;","block_context":{"text":"Sem categoria","link":"https:\/\/gersonguelmann.com.br\/blog\/category\/sem-categoria\/"},"img":{"alt_text":"","src":"https:\/\/i0.wp.com\/gersonguelmann.com.br\/blog\/wp-content\/uploads\/2017\/10\/SF.jpg?fit=960%2C640&ssl=1&resize=350%2C200","width":350,"height":200,"srcset":"https:\/\/i0.wp.com\/gersonguelmann.com.br\/blog\/wp-content\/uploads\/2017\/10\/SF.jpg?fit=960%2C640&ssl=1&resize=350%2C200 1x, https:\/\/i0.wp.com\/gersonguelmann.com.br\/blog\/wp-content\/uploads\/2017\/10\/SF.jpg?fit=960%2C640&ssl=1&resize=525%2C300 1.5x, https:\/\/i0.wp.com\/gersonguelmann.com.br\/blog\/wp-content\/uploads\/2017\/10\/SF.jpg?fit=960%2C640&ssl=1&resize=700%2C400 2x"},"classes":[]},{"id":19290,"url":"https:\/\/gersonguelmann.com.br\/blog\/quando-o-rabino-sobel-zl-nos-abriu-as-portas-de-sua-casa\/","url_meta":{"origin":12160,"position":3},"title":"Quando o Rabino Sobel z&#8221;l (\u00b9) Nos Abriu as Portas de Sua Casa","author":"Gerson Guelmann","date":"24 de novembro de 2019","format":false,"excerpt":"\"A miss\u00e3o do judeu n\u00e3o \u00e9 tornar o mundo mais judaico. A miss\u00e3o do judeu \u00e9 tornar o mundo mais humano.\u201d (Henry I. Sobel) Os judeus brasileiros receberam com grande tristeza a not\u00edcia do falecimento do Rabino Henry Sobel, ocorrido na \u00faltima 6\u00aa feira. Imediatamente veio \u00e0 minha lembran\u00e7a a\u2026","rel":"","context":"Em &quot;Sem categoria&quot;","block_context":{"text":"Sem categoria","link":"https:\/\/gersonguelmann.com.br\/blog\/category\/sem-categoria\/"},"img":{"alt_text":"","src":"https:\/\/i0.wp.com\/gersonguelmann.com.br\/blog\/wp-content\/uploads\/2019\/11\/Henry-Sobel-1.jpg?fit=678%2C452&ssl=1&resize=350%2C200","width":350,"height":200,"srcset":"https:\/\/i0.wp.com\/gersonguelmann.com.br\/blog\/wp-content\/uploads\/2019\/11\/Henry-Sobel-1.jpg?fit=678%2C452&ssl=1&resize=350%2C200 1x, https:\/\/i0.wp.com\/gersonguelmann.com.br\/blog\/wp-content\/uploads\/2019\/11\/Henry-Sobel-1.jpg?fit=678%2C452&ssl=1&resize=525%2C300 1.5x"},"classes":[]},{"id":9670,"url":"https:\/\/gersonguelmann.com.br\/blog\/filhos-multiculturais-como-lidar\/","url_meta":{"origin":12160,"position":4},"title":"Filhos Multiculturais, Como Lidar?","author":"Gerson Guelmann","date":"6 de mar\u00e7o de 2018","format":false,"excerpt":"Conversando dias atr\u00e1s, minha mulher, a Marcia Fruet e eu, comentamos sobre casais que por necessidade criam os filhos em outros pa\u00edses, coisa que acontece muito nos dias de hoje. No meio do papo, que apareceu porque a Marcia lembrou de um amigo que viveu em v\u00e1rios pa\u00edses e agora\u2026","rel":"","context":"Em &quot;Sem categoria&quot;","block_context":{"text":"Sem categoria","link":"https:\/\/gersonguelmann.com.br\/blog\/category\/sem-categoria\/"},"img":{"alt_text":"","src":"https:\/\/i0.wp.com\/gersonguelmann.com.br\/blog\/wp-content\/uploads\/2018\/03\/Boneca.jpg?fit=511%2C340&ssl=1&resize=350%2C200","width":350,"height":200},"classes":[]},{"id":21692,"url":"https:\/\/gersonguelmann.com.br\/blog\/carta-do-avo-ao-neto\/","url_meta":{"origin":12160,"position":5},"title":"Carta do Av\u00f4 ao Neto","author":"Gerson Guelmann","date":"9 de dezembro de 2024","format":false,"excerpt":"Sou um contumaz garimpador da internet, onde gra\u00e7as aos tais \"algoritmos\" de vez em quando encontro algumas pedras preciosas. Assim como aconteceu com Borba Gato e os outros Bandeirantes, para cada esmeralda extra\u00edda me deparo com centenas de turmalinas sem valor. Mas a pesquisa \u00e9 sempre fascinante e enriquecedora, especialmente\u2026","rel":"","context":"Em &quot;Sem categoria&quot;","block_context":{"text":"Sem categoria","link":"https:\/\/gersonguelmann.com.br\/blog\/category\/sem-categoria\/"},"img":{"alt_text":"","src":"https:\/\/i0.wp.com\/gersonguelmann.com.br\/blog\/wp-content\/uploads\/2024\/12\/AMPLIAR-2.jpg?fit=1200%2C800&ssl=1&resize=350%2C200","width":350,"height":200,"srcset":"https:\/\/i0.wp.com\/gersonguelmann.com.br\/blog\/wp-content\/uploads\/2024\/12\/AMPLIAR-2.jpg?fit=1200%2C800&ssl=1&resize=350%2C200 1x, https:\/\/i0.wp.com\/gersonguelmann.com.br\/blog\/wp-content\/uploads\/2024\/12\/AMPLIAR-2.jpg?fit=1200%2C800&ssl=1&resize=525%2C300 1.5x, https:\/\/i0.wp.com\/gersonguelmann.com.br\/blog\/wp-content\/uploads\/2024\/12\/AMPLIAR-2.jpg?fit=1200%2C800&ssl=1&resize=700%2C400 2x, https:\/\/i0.wp.com\/gersonguelmann.com.br\/blog\/wp-content\/uploads\/2024\/12\/AMPLIAR-2.jpg?fit=1200%2C800&ssl=1&resize=1050%2C600 3x"},"classes":[]}],"jetpack_sharing_enabled":true,"post_mailing_queue_ids":[],"_links":{"self":[{"href":"https:\/\/gersonguelmann.com.br\/blog\/wp-json\/wp\/v2\/posts\/12160","targetHints":{"allow":["GET"]}}],"collection":[{"href":"https:\/\/gersonguelmann.com.br\/blog\/wp-json\/wp\/v2\/posts"}],"about":[{"href":"https:\/\/gersonguelmann.com.br\/blog\/wp-json\/wp\/v2\/types\/post"}],"author":[{"embeddable":true,"href":"https:\/\/gersonguelmann.com.br\/blog\/wp-json\/wp\/v2\/users\/5"}],"replies":[{"embeddable":true,"href":"https:\/\/gersonguelmann.com.br\/blog\/wp-json\/wp\/v2\/comments?post=12160"}],"version-history":[{"count":0,"href":"https:\/\/gersonguelmann.com.br\/blog\/wp-json\/wp\/v2\/posts\/12160\/revisions"}],"wp:featuredmedia":[{"embeddable":true,"href":"https:\/\/gersonguelmann.com.br\/blog\/wp-json\/wp\/v2\/media\/12161"}],"wp:attachment":[{"href":"https:\/\/gersonguelmann.com.br\/blog\/wp-json\/wp\/v2\/media?parent=12160"}],"wp:term":[{"taxonomy":"category","embeddable":true,"href":"https:\/\/gersonguelmann.com.br\/blog\/wp-json\/wp\/v2\/categories?post=12160"},{"taxonomy":"post_tag","embeddable":true,"href":"https:\/\/gersonguelmann.com.br\/blog\/wp-json\/wp\/v2\/tags?post=12160"}],"curies":[{"name":"wp","href":"https:\/\/api.w.org\/{rel}","templated":true}]}}