    {"id":12163,"date":"2018-04-27T20:50:33","date_gmt":"2018-04-27T23:50:33","guid":{"rendered":"https:\/\/gersonguelmann.com.br\/blog\/?p=12163"},"modified":"2018-04-27T20:50:33","modified_gmt":"2018-04-27T23:50:33","slug":"das-10-marcas-mais-valiosas-da-america-latina-5-sao-brasileiras","status":"publish","type":"post","link":"https:\/\/gersonguelmann.com.br\/blog\/das-10-marcas-mais-valiosas-da-america-latina-5-sao-brasileiras\/","title":{"rendered":"Das 10 Marcas Mais Valiosas da Am\u00e9rica Latina, 5 S\u00e3o Brasileiras"},"content":{"rendered":"<p style=\"text-align: center;\"><img data-recalc-dims=\"1\" fetchpriority=\"high\" decoding=\"async\" data-attachment-id=\"12174\" data-permalink=\"https:\/\/gersonguelmann.com.br\/blog\/das-10-marcas-mais-valiosas-da-america-latina-5-sao-brasileiras\/relatorio-brandz\/\" data-orig-file=\"https:\/\/i0.wp.com\/gersonguelmann.com.br\/blog\/wp-content\/uploads\/2018\/04\/Relat%C3%B3rio-Brandz.jpg?fit=225%2C225&amp;ssl=1\" data-orig-size=\"225,225\" data-comments-opened=\"1\" data-image-meta=\"{&quot;aperture&quot;:&quot;0&quot;,&quot;credit&quot;:&quot;&quot;,&quot;camera&quot;:&quot;&quot;,&quot;caption&quot;:&quot;&quot;,&quot;created_timestamp&quot;:&quot;0&quot;,&quot;copyright&quot;:&quot;&quot;,&quot;focal_length&quot;:&quot;0&quot;,&quot;iso&quot;:&quot;0&quot;,&quot;shutter_speed&quot;:&quot;0&quot;,&quot;title&quot;:&quot;&quot;,&quot;orientation&quot;:&quot;0&quot;}\" data-image-title=\"Relat\u00f3rio Brandz\" data-image-description=\"\" data-image-caption=\"\" data-medium-file=\"https:\/\/i0.wp.com\/gersonguelmann.com.br\/blog\/wp-content\/uploads\/2018\/04\/Relat%C3%B3rio-Brandz.jpg?fit=225%2C225&amp;ssl=1\" data-large-file=\"https:\/\/i0.wp.com\/gersonguelmann.com.br\/blog\/wp-content\/uploads\/2018\/04\/Relat%C3%B3rio-Brandz.jpg?fit=225%2C225&amp;ssl=1\" class=\"alignnone size-full wp-image-12174\" src=\"https:\/\/i0.wp.com\/gersonguelmann.com.br\/blog\/wp-content\/uploads\/2018\/04\/Relat%C3%B3rio-Brandz.jpg?resize=225%2C225&#038;ssl=1\" alt=\"\" width=\"225\" height=\"225\" srcset=\"https:\/\/i0.wp.com\/gersonguelmann.com.br\/blog\/wp-content\/uploads\/2018\/04\/Relat%C3%B3rio-Brandz.jpg?w=225&amp;ssl=1 225w, https:\/\/i0.wp.com\/gersonguelmann.com.br\/blog\/wp-content\/uploads\/2018\/04\/Relat%C3%B3rio-Brandz.jpg?resize=150%2C150&amp;ssl=1 150w, https:\/\/i0.wp.com\/gersonguelmann.com.br\/blog\/wp-content\/uploads\/2018\/04\/Relat%C3%B3rio-Brandz.jpg?resize=70%2C70&amp;ssl=1 70w, https:\/\/i0.wp.com\/gersonguelmann.com.br\/blog\/wp-content\/uploads\/2018\/04\/Relat%C3%B3rio-Brandz.jpg?resize=127%2C127&amp;ssl=1 127w, https:\/\/i0.wp.com\/gersonguelmann.com.br\/blog\/wp-content\/uploads\/2018\/04\/Relat%C3%B3rio-Brandz.jpg?resize=125%2C125&amp;ssl=1 125w\" sizes=\"(max-width: 225px) 100vw, 225px\" \/><\/p>\n<p><span style=\"color: #000000; font-family: georgia, palatino, serif; font-size: 18pt;\">Mat\u00e9ria publicada hoje no site Terra:<\/span><\/p>\n<div class=\"channel channelHeader\"><strong><span style=\"color: #000000;\">ECONOMIA<\/span><\/strong><\/div>\n<div class=\"title headline\">\n<p><span style=\"font-size: 24pt;\"><strong><span style=\"color: #000000;\">As 10 marcas mais valiosas da Am\u00e9rica Latina (5 s\u00e3o brasileiras)<\/span><\/strong><\/span><\/p>\n<\/div>\n<div class=\"subtitle subtitle--M\">\n<p><span style=\"font-size: 14pt;\"><strong><span style=\"color: #000000;\">Cervejarias, bancos, supermercados e at\u00e9 um canal de TV est\u00e3o na lista das empresas com maior valor na Am\u00e9rica Latina, segundo o relat\u00f3rio Brandz.<\/span><\/strong><\/span><\/p>\n<\/div>\n<div class=\"article-author\">\n<div class=\"author-container\">\n<div class=\"author-link\"><span style=\"font-size: 12pt;\"><strong><span style=\"color: #000000;\">BBC BRASIL.com<\/span><\/strong><\/span><\/div>\n<\/div>\n<\/div>\n<div class=\"datetime subtitle--XS\">\n<div class=\"date\"><span style=\"color: #000000;\"><span class=\"day-month\">27 ABR<\/span><span class=\"year\">2018<\/span><span class=\"time\">15h09<\/span><\/span><\/div>\n<div class=\"rescence\"><span style=\"color: #000000;\">atualizado \u00e0s 15h53<\/span><\/div>\n<\/div>\n<div><\/div>\n<div><strong><span style=\"color: #000000;\">Quatro delas s\u00e3o cervejarias. Duas outras s\u00e3o institui\u00e7\u00f5es financeiras. H\u00e1 tamb\u00e9m grandes lojas de varejo, uma rede de televis\u00e3o, uma empresa de telecomunica\u00e7\u00f5es. As 10 marcas mais valiosas da Am\u00e9rica Latina pertencem a setores muito diversos &#8211; e cinco delas s\u00e3o do Brasil, segundo o relat\u00f3rio Brandz, da empresa brit\u00e2nica de marketing e comunica\u00e7\u00e3o WPP.<\/span><\/strong><\/div>\n<div>\n<p class=\"text\"><strong><span style=\"color: #000000; font-size: 14pt;\">O ranking lista as 50 marcas mais valiosas da Am\u00e9rica Latina.<\/span><\/strong><\/p>\n<p class=\"text\"><span style=\"color: #000000; font-size: 14pt;\">Apesar da presen\u00e7a majorit\u00e1ria de empresas brasileiras no top 10, em termos de valoriza\u00e7\u00e3o, o \u00edndice \u00e9 dominado pelo M\u00e9xico, que pela quinta vez consecutiva \u00e9 o pa\u00eds que tem empresas respondendo pelo maior valor: 35% do ranking total.<\/span><\/p>\n<p class=\"text\"><span style=\"color: #000000; font-size: 14pt;\">As marcas brasileiras, entretanto, n\u00e3o est\u00e3o longe: respondem por 34%, enquanto em um distante terceiro lugar est\u00e1 o Chile (16%), seguido pela Col\u00f4mbia (7%).<\/span><\/p>\n<p class=\"text\"><span style=\"color: #000000; font-size: 14pt;\">O \u00edndice deste ano reflete um aumento de 18% na valoriza\u00e7\u00e3o das marcas da regi\u00e3o. Seu valor global \u00e9 de US$ 130,8 bilh\u00f5es.<\/span><\/p>\n<p class=\"text\"><span style=\"color: #000000; font-size: 14pt;\">Esse resultado contrasta com o do ano anterior, quando houve queda de 22% em rela\u00e7\u00e3o a 2016.<\/span><\/p>\n<p><span style=\"color: #000000; font-size: 14pt;\">Segundo o relat\u00f3rio, o aumento no ano passado foi impulsionado pelo &#8220;desempenho excepcional&#8221; das marcas mais fortes da regi\u00e3o<\/span><\/p>\n<p class=\"text\"><span style=\"color: #000000; font-size: 14pt;\">Veja quais s\u00e3o as 10 mais valiosas:<\/span><\/p>\n<h3><span style=\"color: #000000;\"><strong>10. Bodega Aurrer\u00e1<\/strong><\/span><\/h3>\n<p class=\"text\"><span style=\"color: #000000;\">Esta rede de supermercados mexicana concentra sua oferta em produtos acess\u00edveis para consumidores de baixa renda. Pertence ao Walmart do M\u00e9xico, uma subsidi\u00e1ria local da multinacional de origem norte-americana.<\/span><\/p>\n<p class=\"text\"><span style=\"color: #000000;\">De acordo com o relat\u00f3rio Brandz, parte de seu sucesso reside na sua capacidade de criar formatos de lojas mais flex\u00edveis, que operam em cidades menores ou em locais onde as lojas de departamentos n\u00e3o t\u00eam a capacidade de competir. Tem um valor de US$ 3,757 bilh\u00f5es.<\/span><\/p>\n<p style=\"text-align: center;\"><img data-recalc-dims=\"1\" decoding=\"async\" data-attachment-id=\"12164\" data-permalink=\"https:\/\/gersonguelmann.com.br\/blog\/das-10-marcas-mais-valiosas-da-america-latina-5-sao-brasileiras\/bodega-aurrera\/\" data-orig-file=\"https:\/\/i0.wp.com\/gersonguelmann.com.br\/blog\/wp-content\/uploads\/2018\/04\/Bodega-Aurrer%C3%A1.jpg?fit=362%2C139&amp;ssl=1\" data-orig-size=\"362,139\" data-comments-opened=\"1\" data-image-meta=\"{&quot;aperture&quot;:&quot;0&quot;,&quot;credit&quot;:&quot;&quot;,&quot;camera&quot;:&quot;&quot;,&quot;caption&quot;:&quot;&quot;,&quot;created_timestamp&quot;:&quot;0&quot;,&quot;copyright&quot;:&quot;&quot;,&quot;focal_length&quot;:&quot;0&quot;,&quot;iso&quot;:&quot;0&quot;,&quot;shutter_speed&quot;:&quot;0&quot;,&quot;title&quot;:&quot;&quot;,&quot;orientation&quot;:&quot;0&quot;}\" data-image-title=\"Bodega Aurrer\u00e1\" data-image-description=\"\" data-image-caption=\"\" data-medium-file=\"https:\/\/i0.wp.com\/gersonguelmann.com.br\/blog\/wp-content\/uploads\/2018\/04\/Bodega-Aurrer%C3%A1.jpg?fit=300%2C115&amp;ssl=1\" data-large-file=\"https:\/\/i0.wp.com\/gersonguelmann.com.br\/blog\/wp-content\/uploads\/2018\/04\/Bodega-Aurrer%C3%A1.jpg?fit=362%2C139&amp;ssl=1\" class=\"alignnone size-medium wp-image-12164\" src=\"https:\/\/i0.wp.com\/gersonguelmann.com.br\/blog\/wp-content\/uploads\/2018\/04\/Bodega-Aurrer%C3%A1.jpg?resize=300%2C115&#038;ssl=1\" alt=\"\" width=\"300\" height=\"115\" srcset=\"https:\/\/i0.wp.com\/gersonguelmann.com.br\/blog\/wp-content\/uploads\/2018\/04\/Bodega-Aurrer%C3%A1.jpg?resize=300%2C115&amp;ssl=1 300w, https:\/\/i0.wp.com\/gersonguelmann.com.br\/blog\/wp-content\/uploads\/2018\/04\/Bodega-Aurrer%C3%A1.jpg?w=362&amp;ssl=1 362w\" sizes=\"(max-width: 300px) 100vw, 300px\" \/><\/p>\n<h3><span style=\"color: #000000;\"><strong>9. \u00c1guila<\/strong><\/span><\/h3>\n<p class=\"text\"><span style=\"color: #000000;\">Com mais de um s\u00e9culo de exist\u00eancia, \u00c1guila \u00e9 uma das quatro marcas de cerveja inclu\u00eddas na lista das dez mais valiosas da Am\u00e9rica Latina e a \u00fanica de origem colombiana. Ela \u00e9 conhecida por ter sido patrocinadora de muitas atividades populares e da sele\u00e7\u00e3o colombiana de futebol.<\/span><\/p>\n<p class=\"text\"><span style=\"color: #000000;\">A marca teve o seu in\u00edcio em uma f\u00e1brica criada em Barranquilha em 1913 que mais tarde se tornou parte do grupo da cerveja Bavaria. Desde 2016, pertence \u00e0 multinacional AB InBev, a maior cervejaria do mundo. O relat\u00f3rio Brandz a atribui um valor de US$ 3,924 bilh\u00f5es.<\/span><\/p>\n<p style=\"text-align: center;\"><img data-recalc-dims=\"1\" decoding=\"async\" data-attachment-id=\"12165\" data-permalink=\"https:\/\/gersonguelmann.com.br\/blog\/das-10-marcas-mais-valiosas-da-america-latina-5-sao-brasileiras\/aguila\/\" data-orig-file=\"https:\/\/i0.wp.com\/gersonguelmann.com.br\/blog\/wp-content\/uploads\/2018\/04\/%C3%81guila.jpg?fit=225%2C225&amp;ssl=1\" data-orig-size=\"225,225\" data-comments-opened=\"1\" data-image-meta=\"{&quot;aperture&quot;:&quot;0&quot;,&quot;credit&quot;:&quot;&quot;,&quot;camera&quot;:&quot;&quot;,&quot;caption&quot;:&quot;&quot;,&quot;created_timestamp&quot;:&quot;0&quot;,&quot;copyright&quot;:&quot;&quot;,&quot;focal_length&quot;:&quot;0&quot;,&quot;iso&quot;:&quot;0&quot;,&quot;shutter_speed&quot;:&quot;0&quot;,&quot;title&quot;:&quot;&quot;,&quot;orientation&quot;:&quot;0&quot;}\" data-image-title=\"\u00c1guila\" data-image-description=\"\" data-image-caption=\"\" data-medium-file=\"https:\/\/i0.wp.com\/gersonguelmann.com.br\/blog\/wp-content\/uploads\/2018\/04\/%C3%81guila.jpg?fit=225%2C225&amp;ssl=1\" data-large-file=\"https:\/\/i0.wp.com\/gersonguelmann.com.br\/blog\/wp-content\/uploads\/2018\/04\/%C3%81guila.jpg?fit=225%2C225&amp;ssl=1\" class=\"alignnone size-full wp-image-12165\" src=\"https:\/\/i0.wp.com\/gersonguelmann.com.br\/blog\/wp-content\/uploads\/2018\/04\/%C3%81guila.jpg?resize=225%2C225&#038;ssl=1\" alt=\"\" width=\"225\" height=\"225\" srcset=\"https:\/\/i0.wp.com\/gersonguelmann.com.br\/blog\/wp-content\/uploads\/2018\/04\/%C3%81guila.jpg?w=225&amp;ssl=1 225w, https:\/\/i0.wp.com\/gersonguelmann.com.br\/blog\/wp-content\/uploads\/2018\/04\/%C3%81guila.jpg?resize=150%2C150&amp;ssl=1 150w, https:\/\/i0.wp.com\/gersonguelmann.com.br\/blog\/wp-content\/uploads\/2018\/04\/%C3%81guila.jpg?resize=70%2C70&amp;ssl=1 70w, https:\/\/i0.wp.com\/gersonguelmann.com.br\/blog\/wp-content\/uploads\/2018\/04\/%C3%81guila.jpg?resize=127%2C127&amp;ssl=1 127w, https:\/\/i0.wp.com\/gersonguelmann.com.br\/blog\/wp-content\/uploads\/2018\/04\/%C3%81guila.jpg?resize=125%2C125&amp;ssl=1 125w\" sizes=\"(max-width: 225px) 100vw, 225px\" \/><\/p>\n<h3><span style=\"color: #000000;\"><strong>8. TV Globo<\/strong><\/span><\/h3>\n<p class=\"text\"><span style=\"color: #000000;\">Avaliado em US$ 4,3 bilh\u00f5es, esse gigante da comunica\u00e7\u00e3o no Brasil \u00e9 o \u00fanico canal de televis\u00e3o inclu\u00eddo entre as dez maiores marcas do ranking. Al\u00e9m disso, \u00e9 uma das 8 que entraram pela primeira vez neste ano na lista das 50 marcas mais valiosas da Am\u00e9rica Latina.<\/span><\/p>\n<p style=\"text-align: center;\"><img data-recalc-dims=\"1\" loading=\"lazy\" decoding=\"async\" data-attachment-id=\"12166\" data-permalink=\"https:\/\/gersonguelmann.com.br\/blog\/das-10-marcas-mais-valiosas-da-america-latina-5-sao-brasileiras\/tv-globo\/\" data-orig-file=\"https:\/\/i0.wp.com\/gersonguelmann.com.br\/blog\/wp-content\/uploads\/2018\/04\/TV-Globo.jpg?fit=299%2C168&amp;ssl=1\" data-orig-size=\"299,168\" data-comments-opened=\"1\" data-image-meta=\"{&quot;aperture&quot;:&quot;0&quot;,&quot;credit&quot;:&quot;&quot;,&quot;camera&quot;:&quot;&quot;,&quot;caption&quot;:&quot;&quot;,&quot;created_timestamp&quot;:&quot;0&quot;,&quot;copyright&quot;:&quot;&quot;,&quot;focal_length&quot;:&quot;0&quot;,&quot;iso&quot;:&quot;0&quot;,&quot;shutter_speed&quot;:&quot;0&quot;,&quot;title&quot;:&quot;&quot;,&quot;orientation&quot;:&quot;0&quot;}\" data-image-title=\"TV Globo\" data-image-description=\"\" data-image-caption=\"\" data-medium-file=\"https:\/\/i0.wp.com\/gersonguelmann.com.br\/blog\/wp-content\/uploads\/2018\/04\/TV-Globo.jpg?fit=299%2C168&amp;ssl=1\" data-large-file=\"https:\/\/i0.wp.com\/gersonguelmann.com.br\/blog\/wp-content\/uploads\/2018\/04\/TV-Globo.jpg?fit=299%2C168&amp;ssl=1\" class=\"alignnone size-full wp-image-12166\" src=\"https:\/\/i0.wp.com\/gersonguelmann.com.br\/blog\/wp-content\/uploads\/2018\/04\/TV-Globo.jpg?resize=299%2C168&#038;ssl=1\" alt=\"\" width=\"299\" height=\"168\" \/><\/p>\n<h3><span style=\"color: #000000;\"><strong>7. Cerveja Brahma<\/strong><\/span><\/h3>\n<p class=\"text\"><span style=\"color: #000000;\">Embora tenha aumentado seu valor em 2% entre o relat\u00f3rio de 2017 e o de 2018, a cervejaria brasileira caiu do 2\u00ba para o 7\u00ba lugar, o que se deve basicamente ao fato de haver outras marcas que tiveram melhor desempenho.<\/span><\/p>\n<p class=\"text\"><span style=\"color: #000000;\">Fundada em 1888 no Brasil, ela acabou se integrando mais de um s\u00e9culo depois \u00e0 AB InBev. Atualmente \u00e9 a segunda cerveja com maior participa\u00e7\u00e3o de mercado no Brasil. Seu valor \u00e9 estimado em US$ 4,478 bilh\u00f5es.<\/span><\/p>\n<p style=\"text-align: center;\"><img data-recalc-dims=\"1\" loading=\"lazy\" decoding=\"async\" data-attachment-id=\"12167\" data-permalink=\"https:\/\/gersonguelmann.com.br\/blog\/das-10-marcas-mais-valiosas-da-america-latina-5-sao-brasileiras\/cerveja-brahma\/\" data-orig-file=\"https:\/\/i0.wp.com\/gersonguelmann.com.br\/blog\/wp-content\/uploads\/2018\/04\/Cerveja-Brahma.jpg?fit=275%2C183&amp;ssl=1\" data-orig-size=\"275,183\" data-comments-opened=\"1\" data-image-meta=\"{&quot;aperture&quot;:&quot;0&quot;,&quot;credit&quot;:&quot;&quot;,&quot;camera&quot;:&quot;&quot;,&quot;caption&quot;:&quot;&quot;,&quot;created_timestamp&quot;:&quot;0&quot;,&quot;copyright&quot;:&quot;&quot;,&quot;focal_length&quot;:&quot;0&quot;,&quot;iso&quot;:&quot;0&quot;,&quot;shutter_speed&quot;:&quot;0&quot;,&quot;title&quot;:&quot;&quot;,&quot;orientation&quot;:&quot;0&quot;}\" data-image-title=\"Cerveja Brahma\" data-image-description=\"\" data-image-caption=\"\" data-medium-file=\"https:\/\/i0.wp.com\/gersonguelmann.com.br\/blog\/wp-content\/uploads\/2018\/04\/Cerveja-Brahma.jpg?fit=275%2C183&amp;ssl=1\" data-large-file=\"https:\/\/i0.wp.com\/gersonguelmann.com.br\/blog\/wp-content\/uploads\/2018\/04\/Cerveja-Brahma.jpg?fit=275%2C183&amp;ssl=1\" class=\"alignnone size-full wp-image-12167\" src=\"https:\/\/i0.wp.com\/gersonguelmann.com.br\/blog\/wp-content\/uploads\/2018\/04\/Cerveja-Brahma.jpg?resize=275%2C183&#038;ssl=1\" alt=\"\" width=\"275\" height=\"183\" \/><\/p>\n<h3><span style=\"color: #000000;\"><strong>6. Falabella<\/strong><\/span><\/h3>\n<p class=\"text\"><span style=\"color: #000000;\">Se no relat\u00f3rio de 2017 a Falabella foi considerada a marca mais valiosa do Chile, no ano de 2018 ela registra um aumento de 26% em seu valor, que chegou a US$ 5,4 bilh\u00f5es.<\/span><\/p>\n<p class=\"text\"><span style=\"color: #000000;\">Essa rede de lojas de departamento foi criada em 1958 e possui dezenas de unidades espalhadas pelo pa\u00eds. A partir dos anos 90, se estabeleceu tamb\u00e9m no Peru, na Argentina e na Col\u00f4mbia. Em 2017, foi inclu\u00edda pela revista Forbes entre as 100 empresas mais inovadoras do mundo.<\/span><\/p>\n<p style=\"text-align: center;\"><img data-recalc-dims=\"1\" loading=\"lazy\" decoding=\"async\" data-attachment-id=\"12168\" data-permalink=\"https:\/\/gersonguelmann.com.br\/blog\/das-10-marcas-mais-valiosas-da-america-latina-5-sao-brasileiras\/falabella\/\" data-orig-file=\"https:\/\/i0.wp.com\/gersonguelmann.com.br\/blog\/wp-content\/uploads\/2018\/04\/Falabella.png?fit=310%2C163&amp;ssl=1\" data-orig-size=\"310,163\" data-comments-opened=\"1\" data-image-meta=\"{&quot;aperture&quot;:&quot;0&quot;,&quot;credit&quot;:&quot;&quot;,&quot;camera&quot;:&quot;&quot;,&quot;caption&quot;:&quot;&quot;,&quot;created_timestamp&quot;:&quot;0&quot;,&quot;copyright&quot;:&quot;&quot;,&quot;focal_length&quot;:&quot;0&quot;,&quot;iso&quot;:&quot;0&quot;,&quot;shutter_speed&quot;:&quot;0&quot;,&quot;title&quot;:&quot;&quot;,&quot;orientation&quot;:&quot;0&quot;}\" data-image-title=\"Falabella\" data-image-description=\"\" data-image-caption=\"\" data-medium-file=\"https:\/\/i0.wp.com\/gersonguelmann.com.br\/blog\/wp-content\/uploads\/2018\/04\/Falabella.png?fit=300%2C158&amp;ssl=1\" data-large-file=\"https:\/\/i0.wp.com\/gersonguelmann.com.br\/blog\/wp-content\/uploads\/2018\/04\/Falabella.png?fit=310%2C163&amp;ssl=1\" class=\"alignnone size-medium wp-image-12168\" src=\"https:\/\/i0.wp.com\/gersonguelmann.com.br\/blog\/wp-content\/uploads\/2018\/04\/Falabella.png?resize=300%2C158&#038;ssl=1\" alt=\"\" width=\"300\" height=\"158\" srcset=\"https:\/\/i0.wp.com\/gersonguelmann.com.br\/blog\/wp-content\/uploads\/2018\/04\/Falabella.png?resize=300%2C158&amp;ssl=1 300w, https:\/\/i0.wp.com\/gersonguelmann.com.br\/blog\/wp-content\/uploads\/2018\/04\/Falabella.png?w=310&amp;ssl=1 310w\" sizes=\"(max-width: 300px) 100vw, 300px\" \/><\/p>\n<h3><span style=\"color: #000000;\"><strong>5. Telcel<\/strong><\/span><\/h3>\n<p class=\"text\"><span style=\"color: #000000;\">Com mais de 72 milh\u00f5es de assinantes, esta \u00e9 uma das tr\u00eas empresas mexicanas inclu\u00eddas na lista das 10 marcas mais valiosas e a \u00fanica pertencente ao setor de telecomunica\u00e7\u00f5es.<\/span><\/p>\n<p class=\"text\"><span style=\"color: #000000;\">Atualmente, ela tem 65% de participa\u00e7\u00e3o de mercado no M\u00e9xico. Foi uma das empresas que teve o maior aumento em seu valor entre 2017 e 2018: 32% &#8211; que elevou seu valor a US$ 6,048 bilh\u00f5es.<\/span><\/p>\n<p><img data-recalc-dims=\"1\" loading=\"lazy\" decoding=\"async\" data-attachment-id=\"12169\" data-permalink=\"https:\/\/gersonguelmann.com.br\/blog\/das-10-marcas-mais-valiosas-da-america-latina-5-sao-brasileiras\/telcel\/\" data-orig-file=\"https:\/\/i0.wp.com\/gersonguelmann.com.br\/blog\/wp-content\/uploads\/2018\/04\/Telcel.jpg?fit=389%2C129&amp;ssl=1\" data-orig-size=\"389,129\" data-comments-opened=\"1\" data-image-meta=\"{&quot;aperture&quot;:&quot;0&quot;,&quot;credit&quot;:&quot;&quot;,&quot;camera&quot;:&quot;&quot;,&quot;caption&quot;:&quot;&quot;,&quot;created_timestamp&quot;:&quot;0&quot;,&quot;copyright&quot;:&quot;&quot;,&quot;focal_length&quot;:&quot;0&quot;,&quot;iso&quot;:&quot;0&quot;,&quot;shutter_speed&quot;:&quot;0&quot;,&quot;title&quot;:&quot;&quot;,&quot;orientation&quot;:&quot;0&quot;}\" data-image-title=\"Telcel\" data-image-description=\"\" data-image-caption=\"\" data-medium-file=\"https:\/\/i0.wp.com\/gersonguelmann.com.br\/blog\/wp-content\/uploads\/2018\/04\/Telcel.jpg?fit=300%2C99&amp;ssl=1\" data-large-file=\"https:\/\/i0.wp.com\/gersonguelmann.com.br\/blog\/wp-content\/uploads\/2018\/04\/Telcel.jpg?fit=389%2C129&amp;ssl=1\" class=\"size-medium wp-image-12169 aligncenter\" src=\"https:\/\/i0.wp.com\/gersonguelmann.com.br\/blog\/wp-content\/uploads\/2018\/04\/Telcel.jpg?resize=300%2C99&#038;ssl=1\" alt=\"\" width=\"300\" height=\"99\" srcset=\"https:\/\/i0.wp.com\/gersonguelmann.com.br\/blog\/wp-content\/uploads\/2018\/04\/Telcel.jpg?resize=300%2C99&amp;ssl=1 300w, https:\/\/i0.wp.com\/gersonguelmann.com.br\/blog\/wp-content\/uploads\/2018\/04\/Telcel.jpg?w=389&amp;ssl=1 389w\" sizes=\"(max-width: 300px) 100vw, 300px\" \/><\/p>\n<h3><span style=\"color: #000000;\"><strong>4. Ita\u00fa<\/strong><\/span><\/h3>\n<p class=\"text\"><span style=\"color: #000000;\">\u00c9 o maior banco privado do Brasil e tem presen\u00e7a em de 21 pa\u00edses e mais de 5 mil ag\u00eancias na Am\u00e9rica Latina. Fundado h\u00e1 quase um s\u00e9culo, atende cerca de 60 milh\u00f5es de clientes.<\/span><\/p>\n<p class=\"text\"><span style=\"color: #000000;\">Parte de seu grande porte se deve \u00e0 sua fus\u00e3o em 2008 com o Unibanco.<\/span><\/p>\n<p class=\"text\"><span style=\"color: #000000;\">O relat\u00f3rio Brandz 2018 indica que seu valor como marca aumentou em 42% durante o ano passado, chegando a US$ 6,198 bilh\u00f5es.<\/span><\/p>\n<p><img data-recalc-dims=\"1\" loading=\"lazy\" decoding=\"async\" data-attachment-id=\"12170\" data-permalink=\"https:\/\/gersonguelmann.com.br\/blog\/das-10-marcas-mais-valiosas-da-america-latina-5-sao-brasileiras\/itau-2\/\" data-orig-file=\"https:\/\/i0.wp.com\/gersonguelmann.com.br\/blog\/wp-content\/uploads\/2018\/04\/Ita%C3%BA.jpg?fit=200%2C200&amp;ssl=1\" data-orig-size=\"200,200\" data-comments-opened=\"1\" data-image-meta=\"{&quot;aperture&quot;:&quot;0&quot;,&quot;credit&quot;:&quot;&quot;,&quot;camera&quot;:&quot;&quot;,&quot;caption&quot;:&quot;&quot;,&quot;created_timestamp&quot;:&quot;0&quot;,&quot;copyright&quot;:&quot;&quot;,&quot;focal_length&quot;:&quot;0&quot;,&quot;iso&quot;:&quot;0&quot;,&quot;shutter_speed&quot;:&quot;0&quot;,&quot;title&quot;:&quot;&quot;,&quot;orientation&quot;:&quot;0&quot;}\" data-image-title=\"Ita\u00fa\" data-image-description=\"\" data-image-caption=\"\" data-medium-file=\"https:\/\/i0.wp.com\/gersonguelmann.com.br\/blog\/wp-content\/uploads\/2018\/04\/Ita%C3%BA.jpg?fit=200%2C200&amp;ssl=1\" data-large-file=\"https:\/\/i0.wp.com\/gersonguelmann.com.br\/blog\/wp-content\/uploads\/2018\/04\/Ita%C3%BA.jpg?fit=200%2C200&amp;ssl=1\" class=\"size-full wp-image-12170 aligncenter\" src=\"https:\/\/i0.wp.com\/gersonguelmann.com.br\/blog\/wp-content\/uploads\/2018\/04\/Ita%C3%BA.jpg?resize=200%2C200&#038;ssl=1\" alt=\"\" width=\"200\" height=\"200\" srcset=\"https:\/\/i0.wp.com\/gersonguelmann.com.br\/blog\/wp-content\/uploads\/2018\/04\/Ita%C3%BA.jpg?w=200&amp;ssl=1 200w, https:\/\/i0.wp.com\/gersonguelmann.com.br\/blog\/wp-content\/uploads\/2018\/04\/Ita%C3%BA.jpg?resize=150%2C150&amp;ssl=1 150w, https:\/\/i0.wp.com\/gersonguelmann.com.br\/blog\/wp-content\/uploads\/2018\/04\/Ita%C3%BA.jpg?resize=70%2C70&amp;ssl=1 70w, https:\/\/i0.wp.com\/gersonguelmann.com.br\/blog\/wp-content\/uploads\/2018\/04\/Ita%C3%BA.jpg?resize=127%2C127&amp;ssl=1 127w, https:\/\/i0.wp.com\/gersonguelmann.com.br\/blog\/wp-content\/uploads\/2018\/04\/Ita%C3%BA.jpg?resize=125%2C125&amp;ssl=1 125w\" sizes=\"(max-width: 200px) 100vw, 200px\" \/><\/p>\n<h3><span style=\"color: #000000;\"><strong>3. Bradesco<\/strong><\/span><\/h3>\n<p class=\"text\"><span style=\"color: #000000;\">De todas as marcas inclu\u00eddas entre as dez mais valiosas da Am\u00e9rica Latina em 2018, o Bradesco foi a que mais aumentou seu valor em termos percentuais no \u00faltimo ano: 58%. Criado em 1943 como um banco que prestava servi\u00e7os para pequenas empresas, cresceu em ritmo acelerado e em menos de uma d\u00e9cada se tornou uma das maiores institui\u00e7\u00f5es financeiras privadas do Brasil.<\/span><\/p>\n<p class=\"text\"><span style=\"color: #000000;\">Segundo o relat\u00f3rio Brandz, seu valor atualmente \u00e9 de US$ 7,018 bilh\u00f5es.<\/span><\/p>\n<p style=\"text-align: center;\"><img data-recalc-dims=\"1\" loading=\"lazy\" decoding=\"async\" data-attachment-id=\"12171\" data-permalink=\"https:\/\/gersonguelmann.com.br\/blog\/das-10-marcas-mais-valiosas-da-america-latina-5-sao-brasileiras\/bradesco\/\" data-orig-file=\"https:\/\/i0.wp.com\/gersonguelmann.com.br\/blog\/wp-content\/uploads\/2018\/04\/Bradesco.png?fit=436%2C116&amp;ssl=1\" data-orig-size=\"436,116\" data-comments-opened=\"1\" data-image-meta=\"{&quot;aperture&quot;:&quot;0&quot;,&quot;credit&quot;:&quot;&quot;,&quot;camera&quot;:&quot;&quot;,&quot;caption&quot;:&quot;&quot;,&quot;created_timestamp&quot;:&quot;0&quot;,&quot;copyright&quot;:&quot;&quot;,&quot;focal_length&quot;:&quot;0&quot;,&quot;iso&quot;:&quot;0&quot;,&quot;shutter_speed&quot;:&quot;0&quot;,&quot;title&quot;:&quot;&quot;,&quot;orientation&quot;:&quot;0&quot;}\" data-image-title=\"Bradesco\" data-image-description=\"\" data-image-caption=\"\" data-medium-file=\"https:\/\/i0.wp.com\/gersonguelmann.com.br\/blog\/wp-content\/uploads\/2018\/04\/Bradesco.png?fit=300%2C80&amp;ssl=1\" data-large-file=\"https:\/\/i0.wp.com\/gersonguelmann.com.br\/blog\/wp-content\/uploads\/2018\/04\/Bradesco.png?fit=436%2C116&amp;ssl=1\" class=\"alignnone size-medium wp-image-12171\" src=\"https:\/\/i0.wp.com\/gersonguelmann.com.br\/blog\/wp-content\/uploads\/2018\/04\/Bradesco.png?resize=300%2C80&#038;ssl=1\" alt=\"\" width=\"300\" height=\"80\" srcset=\"https:\/\/i0.wp.com\/gersonguelmann.com.br\/blog\/wp-content\/uploads\/2018\/04\/Bradesco.png?resize=300%2C80&amp;ssl=1 300w, https:\/\/i0.wp.com\/gersonguelmann.com.br\/blog\/wp-content\/uploads\/2018\/04\/Bradesco.png?w=436&amp;ssl=1 436w\" sizes=\"(max-width: 300px) 100vw, 300px\" \/><\/p>\n<h3><span style=\"color: #000000;\"><strong>2. Skol<\/strong><\/span><\/h3>\n<p class=\"text\"><span style=\"color: #000000;\">Em 2016 e 2017, a cerveja Skol, que pertence \u00e0 AB InBev, foi a marca mais valiosa da Am\u00e9rica Latina. No relat\u00f3rio da Brandz de 2018 caiu para a segunda posi\u00e7\u00e3o depois de registrar um crescimento em seu valor de apenas 1%, o que a deixa com valor de US$ 8,263 bilh\u00f5es. Desde 1988, \u00e9 uma das cervejas mais populares no Brasil.<\/span><\/p>\n<p style=\"text-align: center;\"><img data-recalc-dims=\"1\" loading=\"lazy\" decoding=\"async\" data-attachment-id=\"12172\" data-permalink=\"https:\/\/gersonguelmann.com.br\/blog\/das-10-marcas-mais-valiosas-da-america-latina-5-sao-brasileiras\/skol-2\/\" data-orig-file=\"https:\/\/i0.wp.com\/gersonguelmann.com.br\/blog\/wp-content\/uploads\/2018\/04\/Skol.png?fit=310%2C163&amp;ssl=1\" data-orig-size=\"310,163\" data-comments-opened=\"1\" data-image-meta=\"{&quot;aperture&quot;:&quot;0&quot;,&quot;credit&quot;:&quot;&quot;,&quot;camera&quot;:&quot;&quot;,&quot;caption&quot;:&quot;&quot;,&quot;created_timestamp&quot;:&quot;0&quot;,&quot;copyright&quot;:&quot;&quot;,&quot;focal_length&quot;:&quot;0&quot;,&quot;iso&quot;:&quot;0&quot;,&quot;shutter_speed&quot;:&quot;0&quot;,&quot;title&quot;:&quot;&quot;,&quot;orientation&quot;:&quot;0&quot;}\" data-image-title=\"Skol\" data-image-description=\"\" data-image-caption=\"\" data-medium-file=\"https:\/\/i0.wp.com\/gersonguelmann.com.br\/blog\/wp-content\/uploads\/2018\/04\/Skol.png?fit=300%2C158&amp;ssl=1\" data-large-file=\"https:\/\/i0.wp.com\/gersonguelmann.com.br\/blog\/wp-content\/uploads\/2018\/04\/Skol.png?fit=310%2C163&amp;ssl=1\" class=\"alignnone size-medium wp-image-12172\" src=\"https:\/\/i0.wp.com\/gersonguelmann.com.br\/blog\/wp-content\/uploads\/2018\/04\/Skol.png?resize=300%2C158&#038;ssl=1\" alt=\"\" width=\"300\" height=\"158\" srcset=\"https:\/\/i0.wp.com\/gersonguelmann.com.br\/blog\/wp-content\/uploads\/2018\/04\/Skol.png?resize=300%2C158&amp;ssl=1 300w, https:\/\/i0.wp.com\/gersonguelmann.com.br\/blog\/wp-content\/uploads\/2018\/04\/Skol.png?w=310&amp;ssl=1 310w\" sizes=\"(max-width: 300px) 100vw, 300px\" \/><\/p>\n<h3><span style=\"color: #000000;\"><strong>1. Corona<\/strong><\/span><\/h3>\n<p class=\"text\"><span style=\"color: #000000;\">Comercializada em cerca de 120 pa\u00edses em todo o mundo, esta cerveja mexicana, criada em 1925 pelo Grupo Modelo, \u00e9 a marca mais valiosa da Am\u00e9rica Latina. N\u00e3o s\u00f3 \u00e9 a mais vendida no M\u00e9xico, mas tamb\u00e9m a cerveja importada mais consumida em 50 dos pa\u00edses em que \u00e9 comercializada.<\/span><\/p>\n<p class=\"text\"><span style=\"color: #000000;\">Seu valor, de acordo com o relat\u00f3rio de Brandz, aumentou 8% no ano passado, chegando a US$ 8,292 bilh\u00f5es.<\/span><\/p>\n<p style=\"text-align: center;\"><img data-recalc-dims=\"1\" loading=\"lazy\" decoding=\"async\" data-attachment-id=\"12173\" data-permalink=\"https:\/\/gersonguelmann.com.br\/blog\/das-10-marcas-mais-valiosas-da-america-latina-5-sao-brasileiras\/corona\/\" data-orig-file=\"https:\/\/i0.wp.com\/gersonguelmann.com.br\/blog\/wp-content\/uploads\/2018\/04\/Corona.jpg?fit=225%2C225&amp;ssl=1\" data-orig-size=\"225,225\" data-comments-opened=\"1\" data-image-meta=\"{&quot;aperture&quot;:&quot;0&quot;,&quot;credit&quot;:&quot;&quot;,&quot;camera&quot;:&quot;&quot;,&quot;caption&quot;:&quot;&quot;,&quot;created_timestamp&quot;:&quot;0&quot;,&quot;copyright&quot;:&quot;&quot;,&quot;focal_length&quot;:&quot;0&quot;,&quot;iso&quot;:&quot;0&quot;,&quot;shutter_speed&quot;:&quot;0&quot;,&quot;title&quot;:&quot;&quot;,&quot;orientation&quot;:&quot;0&quot;}\" data-image-title=\"Corona\" data-image-description=\"\" data-image-caption=\"\" data-medium-file=\"https:\/\/i0.wp.com\/gersonguelmann.com.br\/blog\/wp-content\/uploads\/2018\/04\/Corona.jpg?fit=225%2C225&amp;ssl=1\" data-large-file=\"https:\/\/i0.wp.com\/gersonguelmann.com.br\/blog\/wp-content\/uploads\/2018\/04\/Corona.jpg?fit=225%2C225&amp;ssl=1\" class=\"alignnone size-full wp-image-12173\" src=\"https:\/\/i0.wp.com\/gersonguelmann.com.br\/blog\/wp-content\/uploads\/2018\/04\/Corona.jpg?resize=225%2C225&#038;ssl=1\" alt=\"\" width=\"225\" height=\"225\" srcset=\"https:\/\/i0.wp.com\/gersonguelmann.com.br\/blog\/wp-content\/uploads\/2018\/04\/Corona.jpg?w=225&amp;ssl=1 225w, https:\/\/i0.wp.com\/gersonguelmann.com.br\/blog\/wp-content\/uploads\/2018\/04\/Corona.jpg?resize=150%2C150&amp;ssl=1 150w, https:\/\/i0.wp.com\/gersonguelmann.com.br\/blog\/wp-content\/uploads\/2018\/04\/Corona.jpg?resize=70%2C70&amp;ssl=1 70w, https:\/\/i0.wp.com\/gersonguelmann.com.br\/blog\/wp-content\/uploads\/2018\/04\/Corona.jpg?resize=127%2C127&amp;ssl=1 127w, https:\/\/i0.wp.com\/gersonguelmann.com.br\/blog\/wp-content\/uploads\/2018\/04\/Corona.jpg?resize=125%2C125&amp;ssl=1 125w\" sizes=\"(max-width: 225px) 100vw, 225px\" \/><\/p>\n<p><span style=\"color: #0000ff;\"><a style=\"color: #0000ff;\" href=\"https:\/\/www.terra.com.br\/economia\/as-10-marcas-mais-valiosas-da-america-latina-5-sao-brasileiras,e6c49b70186b8e2076c123e685d9a773ksyfxui2.html\"><span style=\"font-family: georgia, palatino, serif; font-size: 18pt;\"><em><strong>A mat\u00e9ria original est\u00e1 aqui.<\/strong><\/em><\/span><\/a><\/span><\/p>\n<\/div>\n","protected":false},"excerpt":{"rendered":"<p>Mat\u00e9ria publicada hoje no site Terra: ECONOMIA As 10 marcas mais valiosas da Am\u00e9rica Latina (5 s\u00e3o brasileiras) Cervejarias, bancos, supermercados e at\u00e9 um canal de TV est\u00e3o na lista das empresas com maior valor na Am\u00e9rica Latina, segundo o relat\u00f3rio Brandz. BBC BRASIL.com 27 ABR201815h09 atualizado \u00e0s 15h53 Quatro delas s\u00e3o cervejarias. Duas outras [&hellip;]<\/p>\n","protected":false},"author":5,"featured_media":12174,"comment_status":"open","ping_status":"open","sticky":false,"template":"","format":"standard","meta":{"_acf_changed":false,"jetpack_post_was_ever_published":false,"_jetpack_newsletter_access":"","_jetpack_dont_email_post_to_subs":false,"_jetpack_newsletter_tier_id":0,"_jetpack_memberships_contains_paywalled_content":false,"_jetpack_memberships_contains_paid_content":false,"footnotes":"","jetpack_publicize_message":"","jetpack_publicize_feature_enabled":true,"jetpack_social_post_already_shared":true,"jetpack_social_options":{"image_generator_settings":{"template":"highway","default_image_id":0,"font":"","enabled":false},"version":2}},"categories":[1],"tags":[],"class_list":["post-12163","post","type-post","status-publish","format-standard","has-post-thumbnail","hentry","category-sem-categoria"],"acf":[],"yoast_head":"<!-- This site is optimized with the Yoast SEO plugin v27.3 - https:\/\/yoast.com\/product\/yoast-seo-wordpress\/ -->\n<title>Das 10 Marcas Mais Valiosas da Am\u00e9rica Latina, 5 S\u00e3o Brasileiras | Blog do Guelmann<\/title>\n<meta name=\"robots\" content=\"index, follow, max-snippet:-1, max-image-preview:large, max-video-preview:-1\" \/>\n<link rel=\"canonical\" href=\"https:\/\/gersonguelmann.com.br\/blog\/das-10-marcas-mais-valiosas-da-america-latina-5-sao-brasileiras\/\" \/>\n<meta property=\"og:locale\" content=\"pt_BR\" \/>\n<meta property=\"og:type\" content=\"article\" \/>\n<meta property=\"og:title\" content=\"Das 10 Marcas Mais Valiosas da Am\u00e9rica Latina, 5 S\u00e3o Brasileiras | Blog do Guelmann\" \/>\n<meta property=\"og:description\" content=\"Mat\u00e9ria publicada hoje no site Terra: ECONOMIA As 10 marcas mais valiosas da Am\u00e9rica Latina (5 s\u00e3o brasileiras) Cervejarias, bancos, supermercados e at\u00e9 um canal de TV est\u00e3o na lista das empresas com maior valor na Am\u00e9rica Latina, segundo o relat\u00f3rio Brandz. BBC BRASIL.com 27 ABR201815h09 atualizado \u00e0s 15h53 Quatro delas s\u00e3o cervejarias. Duas outras [&hellip;]\" \/>\n<meta property=\"og:url\" content=\"https:\/\/gersonguelmann.com.br\/blog\/das-10-marcas-mais-valiosas-da-america-latina-5-sao-brasileiras\/\" \/>\n<meta property=\"og:site_name\" content=\"Blog do Guelmann\" \/>\n<meta property=\"article:published_time\" content=\"2018-04-27T23:50:33+00:00\" \/>\n<meta property=\"og:image\" content=\"https:\/\/i0.wp.com\/gersonguelmann.com.br\/blog\/wp-content\/uploads\/2018\/04\/Relat\u00f3rio-Brandz.jpg?fit=225%2C225&ssl=1\" \/>\n\t<meta property=\"og:image:width\" content=\"225\" \/>\n\t<meta property=\"og:image:height\" content=\"225\" \/>\n\t<meta property=\"og:image:type\" content=\"image\/jpeg\" \/>\n<meta name=\"author\" content=\"Gerson Guelmann\" \/>\n<meta name=\"twitter:card\" content=\"summary_large_image\" \/>\n<meta name=\"twitter:label1\" content=\"Escrito por\" \/>\n\t<meta name=\"twitter:data1\" content=\"Gerson Guelmann\" \/>\n\t<meta name=\"twitter:label2\" content=\"Est. tempo de leitura\" \/>\n\t<meta name=\"twitter:data2\" content=\"5 minutos\" \/>\n<script type=\"application\/ld+json\" class=\"yoast-schema-graph\">{\"@context\":\"https:\\\/\\\/schema.org\",\"@graph\":[{\"@type\":\"Article\",\"@id\":\"https:\\\/\\\/gersonguelmann.com.br\\\/blog\\\/das-10-marcas-mais-valiosas-da-america-latina-5-sao-brasileiras\\\/#article\",\"isPartOf\":{\"@id\":\"https:\\\/\\\/gersonguelmann.com.br\\\/blog\\\/das-10-marcas-mais-valiosas-da-america-latina-5-sao-brasileiras\\\/\"},\"author\":{\"name\":\"Gerson Guelmann\",\"@id\":\"https:\\\/\\\/gersonguelmann.com.br\\\/blog\\\/#\\\/schema\\\/person\\\/87e70e2a786888082f941a482c90569e\"},\"headline\":\"Das 10 Marcas Mais Valiosas da Am\u00e9rica Latina, 5 S\u00e3o Brasileiras\",\"datePublished\":\"2018-04-27T23:50:33+00:00\",\"mainEntityOfPage\":{\"@id\":\"https:\\\/\\\/gersonguelmann.com.br\\\/blog\\\/das-10-marcas-mais-valiosas-da-america-latina-5-sao-brasileiras\\\/\"},\"wordCount\":1015,\"commentCount\":0,\"image\":{\"@id\":\"https:\\\/\\\/gersonguelmann.com.br\\\/blog\\\/das-10-marcas-mais-valiosas-da-america-latina-5-sao-brasileiras\\\/#primaryimage\"},\"thumbnailUrl\":\"https:\\\/\\\/i0.wp.com\\\/gersonguelmann.com.br\\\/blog\\\/wp-content\\\/uploads\\\/2018\\\/04\\\/Relat%C3%B3rio-Brandz.jpg?fit=225%2C225&ssl=1\",\"inLanguage\":\"pt-BR\",\"potentialAction\":[{\"@type\":\"CommentAction\",\"name\":\"Comment\",\"target\":[\"https:\\\/\\\/gersonguelmann.com.br\\\/blog\\\/das-10-marcas-mais-valiosas-da-america-latina-5-sao-brasileiras\\\/#respond\"]}]},{\"@type\":\"WebPage\",\"@id\":\"https:\\\/\\\/gersonguelmann.com.br\\\/blog\\\/das-10-marcas-mais-valiosas-da-america-latina-5-sao-brasileiras\\\/\",\"url\":\"https:\\\/\\\/gersonguelmann.com.br\\\/blog\\\/das-10-marcas-mais-valiosas-da-america-latina-5-sao-brasileiras\\\/\",\"name\":\"Das 10 Marcas Mais Valiosas da Am\u00e9rica Latina, 5 S\u00e3o Brasileiras | Blog do Guelmann\",\"isPartOf\":{\"@id\":\"https:\\\/\\\/gersonguelmann.com.br\\\/blog\\\/#website\"},\"primaryImageOfPage\":{\"@id\":\"https:\\\/\\\/gersonguelmann.com.br\\\/blog\\\/das-10-marcas-mais-valiosas-da-america-latina-5-sao-brasileiras\\\/#primaryimage\"},\"image\":{\"@id\":\"https:\\\/\\\/gersonguelmann.com.br\\\/blog\\\/das-10-marcas-mais-valiosas-da-america-latina-5-sao-brasileiras\\\/#primaryimage\"},\"thumbnailUrl\":\"https:\\\/\\\/i0.wp.com\\\/gersonguelmann.com.br\\\/blog\\\/wp-content\\\/uploads\\\/2018\\\/04\\\/Relat%C3%B3rio-Brandz.jpg?fit=225%2C225&ssl=1\",\"datePublished\":\"2018-04-27T23:50:33+00:00\",\"author\":{\"@id\":\"https:\\\/\\\/gersonguelmann.com.br\\\/blog\\\/#\\\/schema\\\/person\\\/87e70e2a786888082f941a482c90569e\"},\"inLanguage\":\"pt-BR\",\"potentialAction\":[{\"@type\":\"ReadAction\",\"target\":[\"https:\\\/\\\/gersonguelmann.com.br\\\/blog\\\/das-10-marcas-mais-valiosas-da-america-latina-5-sao-brasileiras\\\/\"]}]},{\"@type\":\"ImageObject\",\"inLanguage\":\"pt-BR\",\"@id\":\"https:\\\/\\\/gersonguelmann.com.br\\\/blog\\\/das-10-marcas-mais-valiosas-da-america-latina-5-sao-brasileiras\\\/#primaryimage\",\"url\":\"https:\\\/\\\/i0.wp.com\\\/gersonguelmann.com.br\\\/blog\\\/wp-content\\\/uploads\\\/2018\\\/04\\\/Relat%C3%B3rio-Brandz.jpg?fit=225%2C225&ssl=1\",\"contentUrl\":\"https:\\\/\\\/i0.wp.com\\\/gersonguelmann.com.br\\\/blog\\\/wp-content\\\/uploads\\\/2018\\\/04\\\/Relat%C3%B3rio-Brandz.jpg?fit=225%2C225&ssl=1\",\"width\":225,\"height\":225},{\"@type\":\"WebSite\",\"@id\":\"https:\\\/\\\/gersonguelmann.com.br\\\/blog\\\/#website\",\"url\":\"https:\\\/\\\/gersonguelmann.com.br\\\/blog\\\/\",\"name\":\"Blog do Guelmann\",\"description\":\"Pitadas da sabedoria e do humor judaicos, assuntos do momento e um pouco das hist\u00f3rias que vivi e testemunhei.\",\"potentialAction\":[{\"@type\":\"SearchAction\",\"target\":{\"@type\":\"EntryPoint\",\"urlTemplate\":\"https:\\\/\\\/gersonguelmann.com.br\\\/blog\\\/?s={search_term_string}\"},\"query-input\":{\"@type\":\"PropertyValueSpecification\",\"valueRequired\":true,\"valueName\":\"search_term_string\"}}],\"inLanguage\":\"pt-BR\"},{\"@type\":\"Person\",\"@id\":\"https:\\\/\\\/gersonguelmann.com.br\\\/blog\\\/#\\\/schema\\\/person\\\/87e70e2a786888082f941a482c90569e\",\"name\":\"Gerson Guelmann\",\"image\":{\"@type\":\"ImageObject\",\"inLanguage\":\"pt-BR\",\"@id\":\"https:\\\/\\\/i0.wp.com\\\/gersonguelmann.com.br\\\/blog\\\/wp-content\\\/uploads\\\/2021\\\/08\\\/BLOG.jpeg?fit=96%2C96&ssl=1\",\"url\":\"https:\\\/\\\/i0.wp.com\\\/gersonguelmann.com.br\\\/blog\\\/wp-content\\\/uploads\\\/2021\\\/08\\\/BLOG.jpeg?fit=96%2C96&ssl=1\",\"contentUrl\":\"https:\\\/\\\/i0.wp.com\\\/gersonguelmann.com.br\\\/blog\\\/wp-content\\\/uploads\\\/2021\\\/08\\\/BLOG.jpeg?fit=96%2C96&ssl=1\",\"caption\":\"Gerson Guelmann\"},\"description\":\"Pitadas da sabedoria e do humor judaicos, assuntos do momento e um pouco das hist\u00f3rias que vivi e testemunhei.\"}]}<\/script>\n<!-- \/ Yoast SEO plugin. -->","yoast_head_json":{"title":"Das 10 Marcas Mais Valiosas da Am\u00e9rica Latina, 5 S\u00e3o Brasileiras | Blog do Guelmann","robots":{"index":"index","follow":"follow","max-snippet":"max-snippet:-1","max-image-preview":"max-image-preview:large","max-video-preview":"max-video-preview:-1"},"canonical":"https:\/\/gersonguelmann.com.br\/blog\/das-10-marcas-mais-valiosas-da-america-latina-5-sao-brasileiras\/","og_locale":"pt_BR","og_type":"article","og_title":"Das 10 Marcas Mais Valiosas da Am\u00e9rica Latina, 5 S\u00e3o Brasileiras | Blog do Guelmann","og_description":"Mat\u00e9ria publicada hoje no site Terra: ECONOMIA As 10 marcas mais valiosas da Am\u00e9rica Latina (5 s\u00e3o brasileiras) Cervejarias, bancos, supermercados e at\u00e9 um canal de TV est\u00e3o na lista das empresas com maior valor na Am\u00e9rica Latina, segundo o relat\u00f3rio Brandz. BBC BRASIL.com 27 ABR201815h09 atualizado \u00e0s 15h53 Quatro delas s\u00e3o cervejarias. Duas outras [&hellip;]","og_url":"https:\/\/gersonguelmann.com.br\/blog\/das-10-marcas-mais-valiosas-da-america-latina-5-sao-brasileiras\/","og_site_name":"Blog do Guelmann","article_published_time":"2018-04-27T23:50:33+00:00","og_image":[{"width":225,"height":225,"url":"https:\/\/i0.wp.com\/gersonguelmann.com.br\/blog\/wp-content\/uploads\/2018\/04\/Relat\u00f3rio-Brandz.jpg?fit=225%2C225&ssl=1","type":"image\/jpeg"}],"author":"Gerson Guelmann","twitter_card":"summary_large_image","twitter_misc":{"Escrito por":"Gerson Guelmann","Est. tempo de leitura":"5 minutos"},"schema":{"@context":"https:\/\/schema.org","@graph":[{"@type":"Article","@id":"https:\/\/gersonguelmann.com.br\/blog\/das-10-marcas-mais-valiosas-da-america-latina-5-sao-brasileiras\/#article","isPartOf":{"@id":"https:\/\/gersonguelmann.com.br\/blog\/das-10-marcas-mais-valiosas-da-america-latina-5-sao-brasileiras\/"},"author":{"name":"Gerson Guelmann","@id":"https:\/\/gersonguelmann.com.br\/blog\/#\/schema\/person\/87e70e2a786888082f941a482c90569e"},"headline":"Das 10 Marcas Mais Valiosas da Am\u00e9rica Latina, 5 S\u00e3o Brasileiras","datePublished":"2018-04-27T23:50:33+00:00","mainEntityOfPage":{"@id":"https:\/\/gersonguelmann.com.br\/blog\/das-10-marcas-mais-valiosas-da-america-latina-5-sao-brasileiras\/"},"wordCount":1015,"commentCount":0,"image":{"@id":"https:\/\/gersonguelmann.com.br\/blog\/das-10-marcas-mais-valiosas-da-america-latina-5-sao-brasileiras\/#primaryimage"},"thumbnailUrl":"https:\/\/i0.wp.com\/gersonguelmann.com.br\/blog\/wp-content\/uploads\/2018\/04\/Relat%C3%B3rio-Brandz.jpg?fit=225%2C225&ssl=1","inLanguage":"pt-BR","potentialAction":[{"@type":"CommentAction","name":"Comment","target":["https:\/\/gersonguelmann.com.br\/blog\/das-10-marcas-mais-valiosas-da-america-latina-5-sao-brasileiras\/#respond"]}]},{"@type":"WebPage","@id":"https:\/\/gersonguelmann.com.br\/blog\/das-10-marcas-mais-valiosas-da-america-latina-5-sao-brasileiras\/","url":"https:\/\/gersonguelmann.com.br\/blog\/das-10-marcas-mais-valiosas-da-america-latina-5-sao-brasileiras\/","name":"Das 10 Marcas Mais Valiosas da Am\u00e9rica Latina, 5 S\u00e3o Brasileiras | Blog do Guelmann","isPartOf":{"@id":"https:\/\/gersonguelmann.com.br\/blog\/#website"},"primaryImageOfPage":{"@id":"https:\/\/gersonguelmann.com.br\/blog\/das-10-marcas-mais-valiosas-da-america-latina-5-sao-brasileiras\/#primaryimage"},"image":{"@id":"https:\/\/gersonguelmann.com.br\/blog\/das-10-marcas-mais-valiosas-da-america-latina-5-sao-brasileiras\/#primaryimage"},"thumbnailUrl":"https:\/\/i0.wp.com\/gersonguelmann.com.br\/blog\/wp-content\/uploads\/2018\/04\/Relat%C3%B3rio-Brandz.jpg?fit=225%2C225&ssl=1","datePublished":"2018-04-27T23:50:33+00:00","author":{"@id":"https:\/\/gersonguelmann.com.br\/blog\/#\/schema\/person\/87e70e2a786888082f941a482c90569e"},"inLanguage":"pt-BR","potentialAction":[{"@type":"ReadAction","target":["https:\/\/gersonguelmann.com.br\/blog\/das-10-marcas-mais-valiosas-da-america-latina-5-sao-brasileiras\/"]}]},{"@type":"ImageObject","inLanguage":"pt-BR","@id":"https:\/\/gersonguelmann.com.br\/blog\/das-10-marcas-mais-valiosas-da-america-latina-5-sao-brasileiras\/#primaryimage","url":"https:\/\/i0.wp.com\/gersonguelmann.com.br\/blog\/wp-content\/uploads\/2018\/04\/Relat%C3%B3rio-Brandz.jpg?fit=225%2C225&ssl=1","contentUrl":"https:\/\/i0.wp.com\/gersonguelmann.com.br\/blog\/wp-content\/uploads\/2018\/04\/Relat%C3%B3rio-Brandz.jpg?fit=225%2C225&ssl=1","width":225,"height":225},{"@type":"WebSite","@id":"https:\/\/gersonguelmann.com.br\/blog\/#website","url":"https:\/\/gersonguelmann.com.br\/blog\/","name":"Blog do Guelmann","description":"Pitadas da sabedoria e do humor judaicos, assuntos do momento e um pouco das hist\u00f3rias que vivi e testemunhei.","potentialAction":[{"@type":"SearchAction","target":{"@type":"EntryPoint","urlTemplate":"https:\/\/gersonguelmann.com.br\/blog\/?s={search_term_string}"},"query-input":{"@type":"PropertyValueSpecification","valueRequired":true,"valueName":"search_term_string"}}],"inLanguage":"pt-BR"},{"@type":"Person","@id":"https:\/\/gersonguelmann.com.br\/blog\/#\/schema\/person\/87e70e2a786888082f941a482c90569e","name":"Gerson Guelmann","image":{"@type":"ImageObject","inLanguage":"pt-BR","@id":"https:\/\/i0.wp.com\/gersonguelmann.com.br\/blog\/wp-content\/uploads\/2021\/08\/BLOG.jpeg?fit=96%2C96&ssl=1","url":"https:\/\/i0.wp.com\/gersonguelmann.com.br\/blog\/wp-content\/uploads\/2021\/08\/BLOG.jpeg?fit=96%2C96&ssl=1","contentUrl":"https:\/\/i0.wp.com\/gersonguelmann.com.br\/blog\/wp-content\/uploads\/2021\/08\/BLOG.jpeg?fit=96%2C96&ssl=1","caption":"Gerson Guelmann"},"description":"Pitadas da sabedoria e do humor judaicos, assuntos do momento e um pouco das hist\u00f3rias que vivi e testemunhei."}]}},"views":58,"jetpack_publicize_connections":[],"jetpack_featured_media_url":"https:\/\/i0.wp.com\/gersonguelmann.com.br\/blog\/wp-content\/uploads\/2018\/04\/Relat%C3%B3rio-Brandz.jpg?fit=225%2C225&ssl=1","jetpack_shortlink":"https:\/\/wp.me\/p96e7O-3ab","jetpack-related-posts":[{"id":14789,"url":"https:\/\/gersonguelmann.com.br\/blog\/o-melhor-espumante-da-america-latina-e-brasileiro\/","url_meta":{"origin":12163,"position":0},"title":"O Melhor Espumante da Am\u00e9rica Latina \u00e9 Brasileiro","author":"Gerson Guelmann","date":"19 de outubro de 2018","format":false,"excerpt":"A not\u00edcia \u00e9 de tr\u00eas meses atr\u00e1s, mas vale publicar. Saiu no G1\/Economia em 10\/7\/2018: Concurso mais importante da Am\u00e9rica Latina premia espumante brasileiro Refer\u00eancia dos vinhos da Am\u00e9rica Latina no mundo, o concurso premiou amostras de vinhos tintos e brancos, espumantes, destilados e piscos. Por France Presse 10\/07\/2018 11h54\u00a0\u00a0Atualizado\u2026","rel":"","context":"Em &quot;Sem categoria&quot;","block_context":{"text":"Sem categoria","link":"https:\/\/gersonguelmann.com.br\/blog\/category\/sem-categoria\/"},"img":{"alt_text":"","src":"https:\/\/i0.wp.com\/gersonguelmann.com.br\/blog\/wp-content\/uploads\/2018\/10\/Garibaldi.jpg?fit=1000%2C1000&ssl=1&resize=350%2C200","width":350,"height":200,"srcset":"https:\/\/i0.wp.com\/gersonguelmann.com.br\/blog\/wp-content\/uploads\/2018\/10\/Garibaldi.jpg?fit=1000%2C1000&ssl=1&resize=350%2C200 1x, https:\/\/i0.wp.com\/gersonguelmann.com.br\/blog\/wp-content\/uploads\/2018\/10\/Garibaldi.jpg?fit=1000%2C1000&ssl=1&resize=525%2C300 1.5x, https:\/\/i0.wp.com\/gersonguelmann.com.br\/blog\/wp-content\/uploads\/2018\/10\/Garibaldi.jpg?fit=1000%2C1000&ssl=1&resize=700%2C400 2x"},"classes":[]},{"id":2376,"url":"https:\/\/gersonguelmann.com.br\/blog\/de-noite-rondando-a-cidade\/","url_meta":{"origin":12163,"position":1},"title":"De Noite, Rondando a Cidade","author":"Gerson Guelmann","date":"16 de janeiro de 2021","format":false,"excerpt":"Um cl\u00e1ssico: Ronda, do Paulo Vanzolini, composta em 1945 - quando ele tinha apenas 21 anos - e que foi gravada pela 1\u00aa vez em 1953 pela Inezita Barroso. A grava\u00e7\u00e3o que estou postando \u00e9 de uma homenagem que ela mesma fez ao compositor no programa \"Viola, Minha Viola\" que\u2026","rel":"","context":"Em &quot;Sem categoria&quot;","block_context":{"text":"Sem categoria","link":"https:\/\/gersonguelmann.com.br\/blog\/category\/sem-categoria\/"},"img":{"alt_text":"","src":"https:\/\/i0.wp.com\/gersonguelmann.com.br\/blog\/wp-content\/uploads\/2017\/10\/RONDA.jpg?resize=350%2C200&ssl=1","width":350,"height":200},"classes":[]},{"id":11871,"url":"https:\/\/gersonguelmann.com.br\/blog\/na-uniao-europeia-jovem-cientista-politica-detona-esquerda-latino-americana\/","url_meta":{"origin":12163,"position":2},"title":"Na Uni\u00e3o Europ\u00e9ia, Jovem Cientista Pol\u00edtica Detona Esquerda Latino Americana","author":"Gerson Guelmann","date":"20 de abril de 2018","format":false,"excerpt":"Gloria \u00c1lvarez, guatemalteca de apenas 33 anos, \u00e9 uma cientista pol\u00edtica cuja\u00a0hist\u00f3ria familiar foi marcada por regimes totalit\u00e1rios. Ela \u00e9 filha de pai cubano e, pelo lado materno, descende de h\u00fangaros que fugiram do regime da\u00a0Uni\u00e3o Sovi\u00e9tica para os\u00a0Estados Unidos.\u00a0 Provavelmente em raz\u00e3o dessa origem ela \u00e9 conhecida como defensora\u2026","rel":"","context":"Em &quot;Sem categoria&quot;","block_context":{"text":"Sem categoria","link":"https:\/\/gersonguelmann.com.br\/blog\/category\/sem-categoria\/"},"img":{"alt_text":"","src":"https:\/\/i0.wp.com\/gersonguelmann.com.br\/blog\/wp-content\/uploads\/2018\/04\/GA-300x161.jpg?resize=350%2C200&ssl=1","width":350,"height":200},"classes":[]},{"id":20325,"url":"https:\/\/gersonguelmann.com.br\/blog\/provaram-27-panetones-e-nao-me-chamaram\/","url_meta":{"origin":12163,"position":3},"title":"Provaram 27 Panetones. E N\u00e3o me Chamaram!","author":"Gerson Guelmann","date":"14 de dezembro de 2020","format":false,"excerpt":"Sou maluco por panetone. Meu gosto vai do tradicional, com muitas frutas secas, ao mais sofisticado, desses com exagero de chocolate. De vez em quando como o panetone comum com manteiga (vantagem de gordo p\u00f3s-operado de bari\u00e1trica). Tamb\u00e9m gosto de panetone gelado.\u00a0\u00a0 Imaginem ent\u00e3o como fiquei ap\u00f3s ler a mat\u00e9ria\u2026","rel":"","context":"Em &quot;Sem categoria&quot;","block_context":{"text":"Sem categoria","link":"https:\/\/gersonguelmann.com.br\/blog\/category\/sem-categoria\/"},"img":{"alt_text":"","src":"https:\/\/i0.wp.com\/gersonguelmann.com.br\/blog\/wp-content\/uploads\/2020\/12\/AnyConv.com__PANETONE.jpg?fit=750%2C500&ssl=1&resize=350%2C200","width":350,"height":200,"srcset":"https:\/\/i0.wp.com\/gersonguelmann.com.br\/blog\/wp-content\/uploads\/2020\/12\/AnyConv.com__PANETONE.jpg?fit=750%2C500&ssl=1&resize=350%2C200 1x, https:\/\/i0.wp.com\/gersonguelmann.com.br\/blog\/wp-content\/uploads\/2020\/12\/AnyConv.com__PANETONE.jpg?fit=750%2C500&ssl=1&resize=525%2C300 1.5x, https:\/\/i0.wp.com\/gersonguelmann.com.br\/blog\/wp-content\/uploads\/2020\/12\/AnyConv.com__PANETONE.jpg?fit=750%2C500&ssl=1&resize=700%2C400 2x"},"classes":[]},{"id":12461,"url":"https:\/\/gersonguelmann.com.br\/blog\/11-vinhos-e-espumantes-brasileiros-premiados-na-franca\/","url_meta":{"origin":12163,"position":4},"title":"11 Vinhos e Espumantes Brasileiros Premiados na Fran\u00e7a","author":"Gerson Guelmann","date":"4 de maio de 2018","format":false,"excerpt":"A Ga\u00fachaZH publicou mat\u00e9ria sobre a presen\u00e7a de vinhos e espumantes brasileiros em competi\u00e7\u00e3o realizada em Bordeaux, na Fran\u00e7a. Foram premiados 11 r\u00f3tulos, sendo 10 ga\u00fachos e um paranaense. Transcrevo a mat\u00e9ria: MERECEM BRINDE 10 vinhos e espumantes do RS ganham medalhas na Fran\u00e7a; saiba quais s\u00e3o Dos 11 r\u00f3tulos\u2026","rel":"","context":"Em &quot;Sem categoria&quot;","block_context":{"text":"Sem categoria","link":"https:\/\/gersonguelmann.com.br\/blog\/category\/sem-categoria\/"},"img":{"alt_text":"","src":"https:\/\/i0.wp.com\/gersonguelmann.com.br\/blog\/wp-content\/uploads\/2018\/05\/Espumantes-degustados1.jpg?fit=1200%2C797&ssl=1&resize=350%2C200","width":350,"height":200,"srcset":"https:\/\/i0.wp.com\/gersonguelmann.com.br\/blog\/wp-content\/uploads\/2018\/05\/Espumantes-degustados1.jpg?fit=1200%2C797&ssl=1&resize=350%2C200 1x, https:\/\/i0.wp.com\/gersonguelmann.com.br\/blog\/wp-content\/uploads\/2018\/05\/Espumantes-degustados1.jpg?fit=1200%2C797&ssl=1&resize=525%2C300 1.5x, https:\/\/i0.wp.com\/gersonguelmann.com.br\/blog\/wp-content\/uploads\/2018\/05\/Espumantes-degustados1.jpg?fit=1200%2C797&ssl=1&resize=700%2C400 2x, https:\/\/i0.wp.com\/gersonguelmann.com.br\/blog\/wp-content\/uploads\/2018\/05\/Espumantes-degustados1.jpg?fit=1200%2C797&ssl=1&resize=1050%2C600 3x"},"classes":[]},{"id":18719,"url":"https:\/\/gersonguelmann.com.br\/blog\/azeite-de-oliva-veja-aqui-se-o-teu-preferido-nao-esta-batizado\/","url_meta":{"origin":12163,"position":5},"title":"Azeite de Oliva: Veja Aqui Se o Teu Preferido N\u00e3o Est\u00e1 &#8220;Batizado&#8221;","author":"Gerson Guelmann","date":"2 de outubro de 2019","format":false,"excerpt":"Aqui em casa usamos muito Azeite de Oliva. Ainda ontem coment\u00e1vamos que consumimos um frasco de 500ml por semana, o que, para uma fam\u00edlia de 4 pessoas, \u00e9 bastante. N\u00e3o temos uma s\u00f3 marca preferida: costumamos comprar a de melhor pre\u00e7o entre algumas conhecidas, mas sempre somos atra\u00eddos por ofertas\u2026","rel":"","context":"Em &quot;Sem categoria&quot;","block_context":{"text":"Sem categoria","link":"https:\/\/gersonguelmann.com.br\/blog\/category\/sem-categoria\/"},"img":{"alt_text":"","src":"https:\/\/i0.wp.com\/gersonguelmann.com.br\/blog\/wp-content\/uploads\/2019\/10\/%C3%93leo.jpg?fit=361%2C501&ssl=1&resize=350%2C200","width":350,"height":200},"classes":[]}],"jetpack_sharing_enabled":true,"post_mailing_queue_ids":[],"_links":{"self":[{"href":"https:\/\/gersonguelmann.com.br\/blog\/wp-json\/wp\/v2\/posts\/12163","targetHints":{"allow":["GET"]}}],"collection":[{"href":"https:\/\/gersonguelmann.com.br\/blog\/wp-json\/wp\/v2\/posts"}],"about":[{"href":"https:\/\/gersonguelmann.com.br\/blog\/wp-json\/wp\/v2\/types\/post"}],"author":[{"embeddable":true,"href":"https:\/\/gersonguelmann.com.br\/blog\/wp-json\/wp\/v2\/users\/5"}],"replies":[{"embeddable":true,"href":"https:\/\/gersonguelmann.com.br\/blog\/wp-json\/wp\/v2\/comments?post=12163"}],"version-history":[{"count":0,"href":"https:\/\/gersonguelmann.com.br\/blog\/wp-json\/wp\/v2\/posts\/12163\/revisions"}],"wp:featuredmedia":[{"embeddable":true,"href":"https:\/\/gersonguelmann.com.br\/blog\/wp-json\/wp\/v2\/media\/12174"}],"wp:attachment":[{"href":"https:\/\/gersonguelmann.com.br\/blog\/wp-json\/wp\/v2\/media?parent=12163"}],"wp:term":[{"taxonomy":"category","embeddable":true,"href":"https:\/\/gersonguelmann.com.br\/blog\/wp-json\/wp\/v2\/categories?post=12163"},{"taxonomy":"post_tag","embeddable":true,"href":"https:\/\/gersonguelmann.com.br\/blog\/wp-json\/wp\/v2\/tags?post=12163"}],"curies":[{"name":"wp","href":"https:\/\/api.w.org\/{rel}","templated":true}]}}