    {"id":12176,"date":"2018-04-27T21:11:01","date_gmt":"2018-04-28T00:11:01","guid":{"rendered":"https:\/\/gersonguelmann.com.br\/blog\/?p=12176"},"modified":"2018-04-27T21:11:01","modified_gmt":"2018-04-28T00:11:01","slug":"brasil-de-hoje-em-bh-paciente-e-engessado-em-cima-da-roupa","status":"publish","type":"post","link":"https:\/\/gersonguelmann.com.br\/blog\/brasil-de-hoje-em-bh-paciente-e-engessado-em-cima-da-roupa\/","title":{"rendered":"Brasil de Hoje: em BH, Paciente \u00e9 Engessado Em Cima da Roupa"},"content":{"rendered":"<p style=\"text-align: center;\"><img data-recalc-dims=\"1\" fetchpriority=\"high\" decoding=\"async\" data-attachment-id=\"12177\" data-permalink=\"https:\/\/gersonguelmann.com.br\/blog\/brasil-de-hoje-em-bh-paciente-e-engessado-em-cima-da-roupa\/20180427124117479746e\/\" data-orig-file=\"https:\/\/i0.wp.com\/gersonguelmann.com.br\/blog\/wp-content\/uploads\/2018\/04\/20180427124117479746e.jpg?fit=675%2C405&amp;ssl=1\" data-orig-size=\"675,405\" data-comments-opened=\"1\" data-image-meta=\"{&quot;aperture&quot;:&quot;0&quot;,&quot;credit&quot;:&quot;&quot;,&quot;camera&quot;:&quot;&quot;,&quot;caption&quot;:&quot;&quot;,&quot;created_timestamp&quot;:&quot;0&quot;,&quot;copyright&quot;:&quot;&quot;,&quot;focal_length&quot;:&quot;0&quot;,&quot;iso&quot;:&quot;0&quot;,&quot;shutter_speed&quot;:&quot;0&quot;,&quot;title&quot;:&quot;&quot;,&quot;orientation&quot;:&quot;0&quot;}\" data-image-title=\"20180427124117479746e\" data-image-description=\"\" data-image-caption=\"\" data-medium-file=\"https:\/\/i0.wp.com\/gersonguelmann.com.br\/blog\/wp-content\/uploads\/2018\/04\/20180427124117479746e.jpg?fit=300%2C180&amp;ssl=1\" data-large-file=\"https:\/\/i0.wp.com\/gersonguelmann.com.br\/blog\/wp-content\/uploads\/2018\/04\/20180427124117479746e.jpg?fit=640%2C384&amp;ssl=1\" class=\"alignnone size-medium wp-image-12177\" src=\"https:\/\/i0.wp.com\/gersonguelmann.com.br\/blog\/wp-content\/uploads\/2018\/04\/20180427124117479746e.jpg?resize=300%2C180&#038;ssl=1\" alt=\"\" width=\"300\" height=\"180\" srcset=\"https:\/\/i0.wp.com\/gersonguelmann.com.br\/blog\/wp-content\/uploads\/2018\/04\/20180427124117479746e.jpg?resize=300%2C180&amp;ssl=1 300w, https:\/\/i0.wp.com\/gersonguelmann.com.br\/blog\/wp-content\/uploads\/2018\/04\/20180427124117479746e.jpg?w=675&amp;ssl=1 675w\" sizes=\"(max-width: 300px) 100vw, 300px\" \/><\/p>\n<p><span style=\"font-family: georgia, palatino, serif; font-size: 18pt; color: #000000;\">Ontem, em Belo Horizonte, paciente atendido em UPA teve o bra\u00e7o e parte do tronco engessados por cima da roupa.<\/span><\/p>\n<p><span style=\"font-family: georgia, palatino, serif; font-size: 18pt; color: #000000;\">N\u00e3o h\u00e1 o que a gente possa dizer sobre isso sem incorrer no lugar comum da falta de respeito para com o ser humano.<\/span><\/p>\n<p><span style=\"font-family: georgia, palatino, serif; font-size: 18pt; color: #000000;\">Dif\u00edcil acreditar que pessoas que trabalham na \u00e1rea da Sa\u00fade P\u00fablica tenham esse tipo de comportamento.<\/span><\/p>\n<p><span style=\"font-family: georgia, palatino, serif; font-size: 18pt; color: #000000;\">Tristeza e vergonha.<\/span><\/p>\n<p><span class=\"embed-youtube\" style=\"text-align:center; display: block;\"><iframe class=\"youtube-player\" width=\"640\" height=\"360\" src=\"https:\/\/www.youtube.com\/embed\/-xIdqswx9aA?version=3&#038;rel=1&#038;showsearch=0&#038;showinfo=1&#038;iv_load_policy=1&#038;fs=1&#038;hl=pt-BR&#038;autohide=2&#038;wmode=transparent\" allowfullscreen=\"true\" style=\"border:0;\" sandbox=\"allow-scripts allow-same-origin allow-popups allow-presentation allow-popups-to-escape-sandbox\"><\/iframe><\/span><\/p>\n","protected":false},"excerpt":{"rendered":"<p>Ontem, em Belo Horizonte, paciente atendido em UPA teve o bra\u00e7o e parte do tronco engessados por cima da roupa. N\u00e3o h\u00e1 o que a gente possa dizer sobre isso sem incorrer no lugar comum da falta de respeito para com o ser humano. Dif\u00edcil acreditar que pessoas que trabalham na \u00e1rea da Sa\u00fade P\u00fablica [&hellip;]<\/p>\n","protected":false},"author":5,"featured_media":12177,"comment_status":"open","ping_status":"open","sticky":false,"template":"","format":"standard","meta":{"_acf_changed":false,"jetpack_post_was_ever_published":false,"_jetpack_newsletter_access":"","_jetpack_dont_email_post_to_subs":false,"_jetpack_newsletter_tier_id":0,"_jetpack_memberships_contains_paywalled_content":false,"_jetpack_memberships_contains_paid_content":false,"footnotes":"","jetpack_publicize_message":"","jetpack_publicize_feature_enabled":true,"jetpack_social_post_already_shared":true,"jetpack_social_options":{"image_generator_settings":{"template":"highway","default_image_id":0,"font":"","enabled":false},"version":2}},"categories":[1],"tags":[],"class_list":["post-12176","post","type-post","status-publish","format-standard","has-post-thumbnail","hentry","category-sem-categoria"],"acf":[],"yoast_head":"<!-- This site is optimized with the Yoast SEO plugin v27.3 - https:\/\/yoast.com\/product\/yoast-seo-wordpress\/ -->\n<title>Brasil de Hoje: em BH, Paciente \u00e9 Engessado Em Cima da Roupa | Blog do Guelmann<\/title>\n<meta name=\"robots\" content=\"index, follow, max-snippet:-1, max-image-preview:large, max-video-preview:-1\" \/>\n<link rel=\"canonical\" href=\"https:\/\/gersonguelmann.com.br\/blog\/brasil-de-hoje-em-bh-paciente-e-engessado-em-cima-da-roupa\/\" \/>\n<meta property=\"og:locale\" content=\"pt_BR\" \/>\n<meta property=\"og:type\" content=\"article\" \/>\n<meta property=\"og:title\" content=\"Brasil de Hoje: em BH, Paciente \u00e9 Engessado Em Cima da Roupa | Blog do Guelmann\" \/>\n<meta property=\"og:description\" content=\"Ontem, em Belo Horizonte, paciente atendido em UPA teve o bra\u00e7o e parte do tronco engessados por cima da roupa. N\u00e3o h\u00e1 o que a gente possa dizer sobre isso sem incorrer no lugar comum da falta de respeito para com o ser humano. Dif\u00edcil acreditar que pessoas que trabalham na \u00e1rea da Sa\u00fade P\u00fablica [&hellip;]\" \/>\n<meta property=\"og:url\" content=\"https:\/\/gersonguelmann.com.br\/blog\/brasil-de-hoje-em-bh-paciente-e-engessado-em-cima-da-roupa\/\" \/>\n<meta property=\"og:site_name\" content=\"Blog do Guelmann\" \/>\n<meta property=\"article:published_time\" content=\"2018-04-28T00:11:01+00:00\" \/>\n<meta property=\"og:image\" content=\"https:\/\/i0.wp.com\/gersonguelmann.com.br\/blog\/wp-content\/uploads\/2018\/04\/20180427124117479746e.jpg?fit=675%2C405&ssl=1\" \/>\n\t<meta property=\"og:image:width\" content=\"675\" \/>\n\t<meta property=\"og:image:height\" content=\"405\" \/>\n\t<meta property=\"og:image:type\" content=\"image\/jpeg\" \/>\n<meta name=\"author\" content=\"Gerson Guelmann\" \/>\n<meta name=\"twitter:card\" content=\"summary_large_image\" \/>\n<meta name=\"twitter:label1\" content=\"Escrito por\" \/>\n\t<meta name=\"twitter:data1\" content=\"Gerson Guelmann\" \/>\n<script type=\"application\/ld+json\" class=\"yoast-schema-graph\">{\"@context\":\"https:\\\/\\\/schema.org\",\"@graph\":[{\"@type\":\"Article\",\"@id\":\"https:\\\/\\\/gersonguelmann.com.br\\\/blog\\\/brasil-de-hoje-em-bh-paciente-e-engessado-em-cima-da-roupa\\\/#article\",\"isPartOf\":{\"@id\":\"https:\\\/\\\/gersonguelmann.com.br\\\/blog\\\/brasil-de-hoje-em-bh-paciente-e-engessado-em-cima-da-roupa\\\/\"},\"author\":{\"name\":\"Gerson Guelmann\",\"@id\":\"https:\\\/\\\/gersonguelmann.com.br\\\/blog\\\/#\\\/schema\\\/person\\\/87e70e2a786888082f941a482c90569e\"},\"headline\":\"Brasil de Hoje: em BH, Paciente \u00e9 Engessado Em Cima da Roupa\",\"datePublished\":\"2018-04-28T00:11:01+00:00\",\"mainEntityOfPage\":{\"@id\":\"https:\\\/\\\/gersonguelmann.com.br\\\/blog\\\/brasil-de-hoje-em-bh-paciente-e-engessado-em-cima-da-roupa\\\/\"},\"wordCount\":91,\"commentCount\":0,\"image\":{\"@id\":\"https:\\\/\\\/gersonguelmann.com.br\\\/blog\\\/brasil-de-hoje-em-bh-paciente-e-engessado-em-cima-da-roupa\\\/#primaryimage\"},\"thumbnailUrl\":\"https:\\\/\\\/i0.wp.com\\\/gersonguelmann.com.br\\\/blog\\\/wp-content\\\/uploads\\\/2018\\\/04\\\/20180427124117479746e.jpg?fit=675%2C405&ssl=1\",\"inLanguage\":\"pt-BR\",\"potentialAction\":[{\"@type\":\"CommentAction\",\"name\":\"Comment\",\"target\":[\"https:\\\/\\\/gersonguelmann.com.br\\\/blog\\\/brasil-de-hoje-em-bh-paciente-e-engessado-em-cima-da-roupa\\\/#respond\"]}]},{\"@type\":\"WebPage\",\"@id\":\"https:\\\/\\\/gersonguelmann.com.br\\\/blog\\\/brasil-de-hoje-em-bh-paciente-e-engessado-em-cima-da-roupa\\\/\",\"url\":\"https:\\\/\\\/gersonguelmann.com.br\\\/blog\\\/brasil-de-hoje-em-bh-paciente-e-engessado-em-cima-da-roupa\\\/\",\"name\":\"Brasil de Hoje: em BH, Paciente \u00e9 Engessado Em Cima da Roupa | Blog do Guelmann\",\"isPartOf\":{\"@id\":\"https:\\\/\\\/gersonguelmann.com.br\\\/blog\\\/#website\"},\"primaryImageOfPage\":{\"@id\":\"https:\\\/\\\/gersonguelmann.com.br\\\/blog\\\/brasil-de-hoje-em-bh-paciente-e-engessado-em-cima-da-roupa\\\/#primaryimage\"},\"image\":{\"@id\":\"https:\\\/\\\/gersonguelmann.com.br\\\/blog\\\/brasil-de-hoje-em-bh-paciente-e-engessado-em-cima-da-roupa\\\/#primaryimage\"},\"thumbnailUrl\":\"https:\\\/\\\/i0.wp.com\\\/gersonguelmann.com.br\\\/blog\\\/wp-content\\\/uploads\\\/2018\\\/04\\\/20180427124117479746e.jpg?fit=675%2C405&ssl=1\",\"datePublished\":\"2018-04-28T00:11:01+00:00\",\"author\":{\"@id\":\"https:\\\/\\\/gersonguelmann.com.br\\\/blog\\\/#\\\/schema\\\/person\\\/87e70e2a786888082f941a482c90569e\"},\"inLanguage\":\"pt-BR\",\"potentialAction\":[{\"@type\":\"ReadAction\",\"target\":[\"https:\\\/\\\/gersonguelmann.com.br\\\/blog\\\/brasil-de-hoje-em-bh-paciente-e-engessado-em-cima-da-roupa\\\/\"]}]},{\"@type\":\"ImageObject\",\"inLanguage\":\"pt-BR\",\"@id\":\"https:\\\/\\\/gersonguelmann.com.br\\\/blog\\\/brasil-de-hoje-em-bh-paciente-e-engessado-em-cima-da-roupa\\\/#primaryimage\",\"url\":\"https:\\\/\\\/i0.wp.com\\\/gersonguelmann.com.br\\\/blog\\\/wp-content\\\/uploads\\\/2018\\\/04\\\/20180427124117479746e.jpg?fit=675%2C405&ssl=1\",\"contentUrl\":\"https:\\\/\\\/i0.wp.com\\\/gersonguelmann.com.br\\\/blog\\\/wp-content\\\/uploads\\\/2018\\\/04\\\/20180427124117479746e.jpg?fit=675%2C405&ssl=1\",\"width\":675,\"height\":405},{\"@type\":\"WebSite\",\"@id\":\"https:\\\/\\\/gersonguelmann.com.br\\\/blog\\\/#website\",\"url\":\"https:\\\/\\\/gersonguelmann.com.br\\\/blog\\\/\",\"name\":\"Blog do Guelmann\",\"description\":\"Pitadas da sabedoria e do humor judaicos, assuntos do momento e um pouco das hist\u00f3rias que vivi e testemunhei.\",\"potentialAction\":[{\"@type\":\"SearchAction\",\"target\":{\"@type\":\"EntryPoint\",\"urlTemplate\":\"https:\\\/\\\/gersonguelmann.com.br\\\/blog\\\/?s={search_term_string}\"},\"query-input\":{\"@type\":\"PropertyValueSpecification\",\"valueRequired\":true,\"valueName\":\"search_term_string\"}}],\"inLanguage\":\"pt-BR\"},{\"@type\":\"Person\",\"@id\":\"https:\\\/\\\/gersonguelmann.com.br\\\/blog\\\/#\\\/schema\\\/person\\\/87e70e2a786888082f941a482c90569e\",\"name\":\"Gerson Guelmann\",\"image\":{\"@type\":\"ImageObject\",\"inLanguage\":\"pt-BR\",\"@id\":\"https:\\\/\\\/i0.wp.com\\\/gersonguelmann.com.br\\\/blog\\\/wp-content\\\/uploads\\\/2021\\\/08\\\/BLOG.jpeg?fit=96%2C96&ssl=1\",\"url\":\"https:\\\/\\\/i0.wp.com\\\/gersonguelmann.com.br\\\/blog\\\/wp-content\\\/uploads\\\/2021\\\/08\\\/BLOG.jpeg?fit=96%2C96&ssl=1\",\"contentUrl\":\"https:\\\/\\\/i0.wp.com\\\/gersonguelmann.com.br\\\/blog\\\/wp-content\\\/uploads\\\/2021\\\/08\\\/BLOG.jpeg?fit=96%2C96&ssl=1\",\"caption\":\"Gerson Guelmann\"},\"description\":\"Pitadas da sabedoria e do humor judaicos, assuntos do momento e um pouco das hist\u00f3rias que vivi e testemunhei.\"}]}<\/script>\n<!-- \/ Yoast SEO plugin. -->","yoast_head_json":{"title":"Brasil de Hoje: em BH, Paciente \u00e9 Engessado Em Cima da Roupa | Blog do Guelmann","robots":{"index":"index","follow":"follow","max-snippet":"max-snippet:-1","max-image-preview":"max-image-preview:large","max-video-preview":"max-video-preview:-1"},"canonical":"https:\/\/gersonguelmann.com.br\/blog\/brasil-de-hoje-em-bh-paciente-e-engessado-em-cima-da-roupa\/","og_locale":"pt_BR","og_type":"article","og_title":"Brasil de Hoje: em BH, Paciente \u00e9 Engessado Em Cima da Roupa | Blog do Guelmann","og_description":"Ontem, em Belo Horizonte, paciente atendido em UPA teve o bra\u00e7o e parte do tronco engessados por cima da roupa. N\u00e3o h\u00e1 o que a gente possa dizer sobre isso sem incorrer no lugar comum da falta de respeito para com o ser humano. Dif\u00edcil acreditar que pessoas que trabalham na \u00e1rea da Sa\u00fade P\u00fablica [&hellip;]","og_url":"https:\/\/gersonguelmann.com.br\/blog\/brasil-de-hoje-em-bh-paciente-e-engessado-em-cima-da-roupa\/","og_site_name":"Blog do Guelmann","article_published_time":"2018-04-28T00:11:01+00:00","og_image":[{"width":675,"height":405,"url":"https:\/\/i0.wp.com\/gersonguelmann.com.br\/blog\/wp-content\/uploads\/2018\/04\/20180427124117479746e.jpg?fit=675%2C405&ssl=1","type":"image\/jpeg"}],"author":"Gerson Guelmann","twitter_card":"summary_large_image","twitter_misc":{"Escrito por":"Gerson Guelmann"},"schema":{"@context":"https:\/\/schema.org","@graph":[{"@type":"Article","@id":"https:\/\/gersonguelmann.com.br\/blog\/brasil-de-hoje-em-bh-paciente-e-engessado-em-cima-da-roupa\/#article","isPartOf":{"@id":"https:\/\/gersonguelmann.com.br\/blog\/brasil-de-hoje-em-bh-paciente-e-engessado-em-cima-da-roupa\/"},"author":{"name":"Gerson Guelmann","@id":"https:\/\/gersonguelmann.com.br\/blog\/#\/schema\/person\/87e70e2a786888082f941a482c90569e"},"headline":"Brasil de Hoje: em BH, Paciente \u00e9 Engessado Em Cima da Roupa","datePublished":"2018-04-28T00:11:01+00:00","mainEntityOfPage":{"@id":"https:\/\/gersonguelmann.com.br\/blog\/brasil-de-hoje-em-bh-paciente-e-engessado-em-cima-da-roupa\/"},"wordCount":91,"commentCount":0,"image":{"@id":"https:\/\/gersonguelmann.com.br\/blog\/brasil-de-hoje-em-bh-paciente-e-engessado-em-cima-da-roupa\/#primaryimage"},"thumbnailUrl":"https:\/\/i0.wp.com\/gersonguelmann.com.br\/blog\/wp-content\/uploads\/2018\/04\/20180427124117479746e.jpg?fit=675%2C405&ssl=1","inLanguage":"pt-BR","potentialAction":[{"@type":"CommentAction","name":"Comment","target":["https:\/\/gersonguelmann.com.br\/blog\/brasil-de-hoje-em-bh-paciente-e-engessado-em-cima-da-roupa\/#respond"]}]},{"@type":"WebPage","@id":"https:\/\/gersonguelmann.com.br\/blog\/brasil-de-hoje-em-bh-paciente-e-engessado-em-cima-da-roupa\/","url":"https:\/\/gersonguelmann.com.br\/blog\/brasil-de-hoje-em-bh-paciente-e-engessado-em-cima-da-roupa\/","name":"Brasil de Hoje: em BH, Paciente \u00e9 Engessado Em Cima da Roupa | Blog do Guelmann","isPartOf":{"@id":"https:\/\/gersonguelmann.com.br\/blog\/#website"},"primaryImageOfPage":{"@id":"https:\/\/gersonguelmann.com.br\/blog\/brasil-de-hoje-em-bh-paciente-e-engessado-em-cima-da-roupa\/#primaryimage"},"image":{"@id":"https:\/\/gersonguelmann.com.br\/blog\/brasil-de-hoje-em-bh-paciente-e-engessado-em-cima-da-roupa\/#primaryimage"},"thumbnailUrl":"https:\/\/i0.wp.com\/gersonguelmann.com.br\/blog\/wp-content\/uploads\/2018\/04\/20180427124117479746e.jpg?fit=675%2C405&ssl=1","datePublished":"2018-04-28T00:11:01+00:00","author":{"@id":"https:\/\/gersonguelmann.com.br\/blog\/#\/schema\/person\/87e70e2a786888082f941a482c90569e"},"inLanguage":"pt-BR","potentialAction":[{"@type":"ReadAction","target":["https:\/\/gersonguelmann.com.br\/blog\/brasil-de-hoje-em-bh-paciente-e-engessado-em-cima-da-roupa\/"]}]},{"@type":"ImageObject","inLanguage":"pt-BR","@id":"https:\/\/gersonguelmann.com.br\/blog\/brasil-de-hoje-em-bh-paciente-e-engessado-em-cima-da-roupa\/#primaryimage","url":"https:\/\/i0.wp.com\/gersonguelmann.com.br\/blog\/wp-content\/uploads\/2018\/04\/20180427124117479746e.jpg?fit=675%2C405&ssl=1","contentUrl":"https:\/\/i0.wp.com\/gersonguelmann.com.br\/blog\/wp-content\/uploads\/2018\/04\/20180427124117479746e.jpg?fit=675%2C405&ssl=1","width":675,"height":405},{"@type":"WebSite","@id":"https:\/\/gersonguelmann.com.br\/blog\/#website","url":"https:\/\/gersonguelmann.com.br\/blog\/","name":"Blog do Guelmann","description":"Pitadas da sabedoria e do humor judaicos, assuntos do momento e um pouco das hist\u00f3rias que vivi e testemunhei.","potentialAction":[{"@type":"SearchAction","target":{"@type":"EntryPoint","urlTemplate":"https:\/\/gersonguelmann.com.br\/blog\/?s={search_term_string}"},"query-input":{"@type":"PropertyValueSpecification","valueRequired":true,"valueName":"search_term_string"}}],"inLanguage":"pt-BR"},{"@type":"Person","@id":"https:\/\/gersonguelmann.com.br\/blog\/#\/schema\/person\/87e70e2a786888082f941a482c90569e","name":"Gerson Guelmann","image":{"@type":"ImageObject","inLanguage":"pt-BR","@id":"https:\/\/i0.wp.com\/gersonguelmann.com.br\/blog\/wp-content\/uploads\/2021\/08\/BLOG.jpeg?fit=96%2C96&ssl=1","url":"https:\/\/i0.wp.com\/gersonguelmann.com.br\/blog\/wp-content\/uploads\/2021\/08\/BLOG.jpeg?fit=96%2C96&ssl=1","contentUrl":"https:\/\/i0.wp.com\/gersonguelmann.com.br\/blog\/wp-content\/uploads\/2021\/08\/BLOG.jpeg?fit=96%2C96&ssl=1","caption":"Gerson Guelmann"},"description":"Pitadas da sabedoria e do humor judaicos, assuntos do momento e um pouco das hist\u00f3rias que vivi e testemunhei."}]}},"views":26,"jetpack_publicize_connections":[],"jetpack_featured_media_url":"https:\/\/i0.wp.com\/gersonguelmann.com.br\/blog\/wp-content\/uploads\/2018\/04\/20180427124117479746e.jpg?fit=675%2C405&ssl=1","jetpack_shortlink":"https:\/\/wp.me\/p96e7O-3ao","jetpack-related-posts":[{"id":19321,"url":"https:\/\/gersonguelmann.com.br\/blog\/voce-nao-gostaria-de-ir-para-um-asilo-de-velhos-assim\/","url_meta":{"origin":12176,"position":0},"title":"Voc\u00ea N\u00e3o Gostaria de Ir Para Um Asilo de Velhos Assim?","author":"Gerson Guelmann","date":"25 de novembro de 2019","format":false,"excerpt":"A express\u00e3o \"asilo de velhos\" \u00e9 pouco utilizada atualmente. Assim como muitas outras, parece que entrou no rol das \"politicamente incorretas\", mas antigamente era assim que a gente se referia aos locais para onde as pessoas de mais idade eram mandadas quando as fam\u00edlias n\u00e3o mais podiam atende-las, seja por\u2026","rel":"","context":"Em &quot;Sem categoria&quot;","block_context":{"text":"Sem categoria","link":"https:\/\/gersonguelmann.com.br\/blog\/category\/sem-categoria\/"},"img":{"alt_text":"","src":"https:\/\/i0.wp.com\/gersonguelmann.com.br\/blog\/wp-content\/uploads\/2019\/11\/Cruzeiro.jpg?fit=960%2C540&ssl=1&resize=350%2C200","width":350,"height":200,"srcset":"https:\/\/i0.wp.com\/gersonguelmann.com.br\/blog\/wp-content\/uploads\/2019\/11\/Cruzeiro.jpg?fit=960%2C540&ssl=1&resize=350%2C200 1x, https:\/\/i0.wp.com\/gersonguelmann.com.br\/blog\/wp-content\/uploads\/2019\/11\/Cruzeiro.jpg?fit=960%2C540&ssl=1&resize=525%2C300 1.5x, https:\/\/i0.wp.com\/gersonguelmann.com.br\/blog\/wp-content\/uploads\/2019\/11\/Cruzeiro.jpg?fit=960%2C540&ssl=1&resize=700%2C400 2x"},"classes":[]},{"id":10604,"url":"https:\/\/gersonguelmann.com.br\/blog\/relatorios-de-medicos-judeus\/","url_meta":{"origin":12176,"position":1},"title":"Relat\u00f3rios de M\u00e9dicos Judeus","author":"Gerson Guelmann","date":"22 de mar\u00e7o de 2018","format":false,"excerpt":"As seguintes cita\u00e7\u00f5es foram tiradas de registros e conversas reais de m\u00e9dicos de hospitais israelenses:\u00a0 \u2022 Entre n\u00f3s dois, devemos ser capazes de fazer esta senhora ficar gr\u00e1vida. \u2022 Ela est\u00e1 dormente dos dedos dos p\u00e9s. \u2022 No momento em que foi internado, seu cora\u00e7\u00e3o acelerado parou e ele passou\u2026","rel":"","context":"Em &quot;Sem categoria&quot;","block_context":{"text":"Sem categoria","link":"https:\/\/gersonguelmann.com.br\/blog\/category\/sem-categoria\/"},"img":{"alt_text":"","src":"https:\/\/i0.wp.com\/gersonguelmann.com.br\/blog\/wp-content\/uploads\/2018\/03\/medical-appointment-doctor-healthcare-40568.jpeg?fit=1200%2C800&ssl=1&resize=350%2C200","width":350,"height":200,"srcset":"https:\/\/i0.wp.com\/gersonguelmann.com.br\/blog\/wp-content\/uploads\/2018\/03\/medical-appointment-doctor-healthcare-40568.jpeg?fit=1200%2C800&ssl=1&resize=350%2C200 1x, https:\/\/i0.wp.com\/gersonguelmann.com.br\/blog\/wp-content\/uploads\/2018\/03\/medical-appointment-doctor-healthcare-40568.jpeg?fit=1200%2C800&ssl=1&resize=525%2C300 1.5x, https:\/\/i0.wp.com\/gersonguelmann.com.br\/blog\/wp-content\/uploads\/2018\/03\/medical-appointment-doctor-healthcare-40568.jpeg?fit=1200%2C800&ssl=1&resize=700%2C400 2x, https:\/\/i0.wp.com\/gersonguelmann.com.br\/blog\/wp-content\/uploads\/2018\/03\/medical-appointment-doctor-healthcare-40568.jpeg?fit=1200%2C800&ssl=1&resize=1050%2C600 3x"},"classes":[]},{"id":26043,"url":"https:\/\/gersonguelmann.com.br\/blog\/tres-na-quarta-de-humor-judaico-41\/","url_meta":{"origin":12176,"position":2},"title":"Tr\u00eas na Quarta de Humor Judaico","author":"Gerson Guelmann","date":"11 de junho de 2025","format":false,"excerpt":"Vai Fazer Compras com a Esposa? Preste Aten\u00e7\u00e3o!Rubens foi fazer compras com a esposa, Golda, mas, assim como acontece com muitos maridos, sua paci\u00eancia para essa atividade era escassa. Golda queria aproveitar a liquida\u00e7\u00e3o de roupas em um shopping e, por isso, ele j\u00e1 estava h\u00e1 mais de uma hora\u2026","rel":"","context":"Em &quot;Sem categoria&quot;","block_context":{"text":"Sem categoria","link":"https:\/\/gersonguelmann.com.br\/blog\/category\/sem-categoria\/"},"img":{"alt_text":"","src":"https:\/\/i0.wp.com\/gersonguelmann.com.br\/blog\/wp-content\/uploads\/2025\/06\/HojePR-13.jpg?fit=606%2C405&ssl=1&resize=350%2C200","width":350,"height":200,"srcset":"https:\/\/i0.wp.com\/gersonguelmann.com.br\/blog\/wp-content\/uploads\/2025\/06\/HojePR-13.jpg?fit=606%2C405&ssl=1&resize=350%2C200 1x, https:\/\/i0.wp.com\/gersonguelmann.com.br\/blog\/wp-content\/uploads\/2025\/06\/HojePR-13.jpg?fit=606%2C405&ssl=1&resize=525%2C300 1.5x"},"classes":[]},{"id":23059,"url":"https:\/\/gersonguelmann.com.br\/blog\/sexta-do-humor-e-da-cultura-judaica\/","url_meta":{"origin":12176,"position":3},"title":"Sexta do Humor e da Cultura Judaica","author":"Gerson Guelmann","date":"10 de mar\u00e7o de 2023","format":false,"excerpt":"Pagando o Pre\u00e7o da Sabedoria Na R\u00fassia Imperial um judeu viajava em um trem quando foi abordado por outro passageiro: - \"Porque voc\u00eas judeus s\u00e3o t\u00e3o espertos?\" O judeu ficou quieto alguns segundos e falou: - \"\u00c9 porque comemos muito arenque\". A viagem era longa e ambos ficaram em sil\u00eancio,\u2026","rel":"","context":"Em &quot;Sem categoria&quot;","block_context":{"text":"Sem categoria","link":"https:\/\/gersonguelmann.com.br\/blog\/category\/sem-categoria\/"},"img":{"alt_text":"","src":"https:\/\/i0.wp.com\/gersonguelmann.com.br\/blog\/wp-content\/uploads\/2023\/03\/HojePR-1.jpg?fit=750%2C1000&ssl=1&resize=350%2C200","width":350,"height":200,"srcset":"https:\/\/i0.wp.com\/gersonguelmann.com.br\/blog\/wp-content\/uploads\/2023\/03\/HojePR-1.jpg?fit=750%2C1000&ssl=1&resize=350%2C200 1x, https:\/\/i0.wp.com\/gersonguelmann.com.br\/blog\/wp-content\/uploads\/2023\/03\/HojePR-1.jpg?fit=750%2C1000&ssl=1&resize=525%2C300 1.5x, https:\/\/i0.wp.com\/gersonguelmann.com.br\/blog\/wp-content\/uploads\/2023\/03\/HojePR-1.jpg?fit=750%2C1000&ssl=1&resize=700%2C400 2x"},"classes":[]},{"id":22965,"url":"https:\/\/gersonguelmann.com.br\/blog\/vamos-aguardar-o-grande-meteoro-ou-ainda-ha-esperanca\/","url_meta":{"origin":12176,"position":4},"title":"Vamos Aguardar &#8220;O Grande Meteoro&#8221; ou  &#8220;Ainda H\u00e1 Esperan\u00e7a&#8221;?","author":"Gerson Guelmann","date":"19 de julho de 2022","format":false,"excerpt":"Para voc\u00ea que acha que o mundo ainda tem jeito, a vida \u00e9 boa e a felicidade at\u00e9 existe, lembro apenas 3 fatos bem recentes que podem, se n\u00e3o te fazer desistir, pelo menos refletir: 1. um anestesiologista abusava das pacientes sedadas; 2. uma menina de 11 anos foi estuprada\u2026","rel":"","context":"Em &quot;Sem categoria&quot;","block_context":{"text":"Sem categoria","link":"https:\/\/gersonguelmann.com.br\/blog\/category\/sem-categoria\/"},"img":{"alt_text":"","src":"https:\/\/i0.wp.com\/gersonguelmann.com.br\/blog\/wp-content\/uploads\/2022\/07\/ARMAGEDOM-scaled.jpg?fit=1200%2C912&ssl=1&resize=350%2C200","width":350,"height":200,"srcset":"https:\/\/i0.wp.com\/gersonguelmann.com.br\/blog\/wp-content\/uploads\/2022\/07\/ARMAGEDOM-scaled.jpg?fit=1200%2C912&ssl=1&resize=350%2C200 1x, https:\/\/i0.wp.com\/gersonguelmann.com.br\/blog\/wp-content\/uploads\/2022\/07\/ARMAGEDOM-scaled.jpg?fit=1200%2C912&ssl=1&resize=525%2C300 1.5x, https:\/\/i0.wp.com\/gersonguelmann.com.br\/blog\/wp-content\/uploads\/2022\/07\/ARMAGEDOM-scaled.jpg?fit=1200%2C912&ssl=1&resize=700%2C400 2x, https:\/\/i0.wp.com\/gersonguelmann.com.br\/blog\/wp-content\/uploads\/2022\/07\/ARMAGEDOM-scaled.jpg?fit=1200%2C912&ssl=1&resize=1050%2C600 3x"},"classes":[]},{"id":15269,"url":"https:\/\/gersonguelmann.com.br\/blog\/humor-judaico-a-bebedeira-dos-tres-amigos\/","url_meta":{"origin":12176,"position":5},"title":"Humor Judaico: A Bebedeira dos Tr\u00eas Amigos","author":"Gerson Guelmann","date":"23 de novembro de 2018","format":false,"excerpt":"Moshe e Abe convenceram David, um colega de trabalho, a se juntar a eles em uma noitada em um pub da moda. Moshe e Abe estava acostumados a beber, mas David n\u00e3o tinha o h\u00e1bito de sair e depois de tr\u00eas canecas de cerveja come\u00e7ou a ficar sonolento, a ponto\u2026","rel":"","context":"Em &quot;Sem categoria&quot;","block_context":{"text":"Sem categoria","link":"https:\/\/gersonguelmann.com.br\/blog\/category\/sem-categoria\/"},"img":{"alt_text":"","src":"https:\/\/i0.wp.com\/gersonguelmann.com.br\/blog\/wp-content\/uploads\/2018\/11\/grupo-de-mao-do-amigo-torcendo-com-copo-de-cerveja_23-2147919206.jpg?fit=626%2C417&ssl=1&resize=350%2C200","width":350,"height":200,"srcset":"https:\/\/i0.wp.com\/gersonguelmann.com.br\/blog\/wp-content\/uploads\/2018\/11\/grupo-de-mao-do-amigo-torcendo-com-copo-de-cerveja_23-2147919206.jpg?fit=626%2C417&ssl=1&resize=350%2C200 1x, https:\/\/i0.wp.com\/gersonguelmann.com.br\/blog\/wp-content\/uploads\/2018\/11\/grupo-de-mao-do-amigo-torcendo-com-copo-de-cerveja_23-2147919206.jpg?fit=626%2C417&ssl=1&resize=525%2C300 1.5x"},"classes":[]}],"jetpack_sharing_enabled":true,"post_mailing_queue_ids":[],"_links":{"self":[{"href":"https:\/\/gersonguelmann.com.br\/blog\/wp-json\/wp\/v2\/posts\/12176","targetHints":{"allow":["GET"]}}],"collection":[{"href":"https:\/\/gersonguelmann.com.br\/blog\/wp-json\/wp\/v2\/posts"}],"about":[{"href":"https:\/\/gersonguelmann.com.br\/blog\/wp-json\/wp\/v2\/types\/post"}],"author":[{"embeddable":true,"href":"https:\/\/gersonguelmann.com.br\/blog\/wp-json\/wp\/v2\/users\/5"}],"replies":[{"embeddable":true,"href":"https:\/\/gersonguelmann.com.br\/blog\/wp-json\/wp\/v2\/comments?post=12176"}],"version-history":[{"count":0,"href":"https:\/\/gersonguelmann.com.br\/blog\/wp-json\/wp\/v2\/posts\/12176\/revisions"}],"wp:featuredmedia":[{"embeddable":true,"href":"https:\/\/gersonguelmann.com.br\/blog\/wp-json\/wp\/v2\/media\/12177"}],"wp:attachment":[{"href":"https:\/\/gersonguelmann.com.br\/blog\/wp-json\/wp\/v2\/media?parent=12176"}],"wp:term":[{"taxonomy":"category","embeddable":true,"href":"https:\/\/gersonguelmann.com.br\/blog\/wp-json\/wp\/v2\/categories?post=12176"},{"taxonomy":"post_tag","embeddable":true,"href":"https:\/\/gersonguelmann.com.br\/blog\/wp-json\/wp\/v2\/tags?post=12176"}],"curies":[{"name":"wp","href":"https:\/\/api.w.org\/{rel}","templated":true}]}}