    {"id":12223,"date":"2018-04-28T13:39:43","date_gmt":"2018-04-28T16:39:43","guid":{"rendered":"https:\/\/gersonguelmann.com.br\/blog\/?p=12223"},"modified":"2018-04-28T13:39:43","modified_gmt":"2018-04-28T16:39:43","slug":"acampados-pro-lula-e-atiradores-duelo-de-irracionais","status":"publish","type":"post","link":"https:\/\/gersonguelmann.com.br\/blog\/acampados-pro-lula-e-atiradores-duelo-de-irracionais\/","title":{"rendered":"Acampados Pr\u00f3 Lula e Atiradores: Duelo de Irracionais"},"content":{"rendered":"<p><span style=\"font-family: georgia, palatino, serif; font-size: 18pt; color: #000000;\">Na madrugada de hoje um celerado qualquer atirou contra o acampamento onde estavam dormindo os apoiadores do ex-presidente Lula, aqui em Curitiba.<\/span><\/p>\n<p><span style=\"font-family: georgia, palatino, serif; font-size: 18pt; color: #000000;\">Sobre eles muito j\u00e1 se falou. Ainda que estejam exercendo um direito leg\u00edtimo, \u00e9 espantoso que tantas pessoas estejam sem trabalhar h\u00e1 tantos dias. Nunca se sabe quem prov\u00ea alimenta\u00e7\u00e3o e custeia todas as despesa dos manifestantes, mas isso tamb\u00e9m \u00e9 outra hist\u00f3ria.<\/span><\/p>\n<p><span style=\"font-family: georgia, palatino, serif; font-size: 18pt; color: #000000;\">Meu coment\u00e1rio agora \u00e9 sobre o ato em si. <\/span><\/p>\n<p><span style=\"font-family: georgia, palatino, serif; font-size: 18pt; color: #000000;\">Disparar tiros contra os acampados e ferir gravemente um ser humano \u00e9 coisa que vai muito al\u00e9m do banditismo, chegando \u00e0s raias da irracionalidade.<\/span><\/p>\n<p><img data-recalc-dims=\"1\" decoding=\"async\" data-attachment-id=\"12224\" data-permalink=\"https:\/\/gersonguelmann.com.br\/blog\/acampados-pro-lula-e-atiradores-duelo-de-irracionais\/acampamento\/\" data-orig-file=\"https:\/\/i0.wp.com\/gersonguelmann.com.br\/blog\/wp-content\/uploads\/2018\/04\/Acampamento.jpg?fit=615%2C300&amp;ssl=1\" data-orig-size=\"615,300\" data-comments-opened=\"1\" data-image-meta=\"{&quot;aperture&quot;:&quot;0&quot;,&quot;credit&quot;:&quot;&quot;,&quot;camera&quot;:&quot;&quot;,&quot;caption&quot;:&quot;&quot;,&quot;created_timestamp&quot;:&quot;0&quot;,&quot;copyright&quot;:&quot;&quot;,&quot;focal_length&quot;:&quot;0&quot;,&quot;iso&quot;:&quot;0&quot;,&quot;shutter_speed&quot;:&quot;0&quot;,&quot;title&quot;:&quot;&quot;,&quot;orientation&quot;:&quot;0&quot;}\" data-image-title=\"Acampamento\" data-image-description=\"\" data-image-caption=\"\" data-medium-file=\"https:\/\/i0.wp.com\/gersonguelmann.com.br\/blog\/wp-content\/uploads\/2018\/04\/Acampamento.jpg?fit=300%2C146&amp;ssl=1\" data-large-file=\"https:\/\/i0.wp.com\/gersonguelmann.com.br\/blog\/wp-content\/uploads\/2018\/04\/Acampamento.jpg?fit=615%2C300&amp;ssl=1\" class=\"size-medium wp-image-12224 aligncenter\" src=\"https:\/\/i0.wp.com\/gersonguelmann.com.br\/blog\/wp-content\/uploads\/2018\/04\/Acampamento.jpg?resize=300%2C146&#038;ssl=1\" alt=\"\" width=\"300\" height=\"146\" srcset=\"https:\/\/i0.wp.com\/gersonguelmann.com.br\/blog\/wp-content\/uploads\/2018\/04\/Acampamento.jpg?resize=300%2C146&amp;ssl=1 300w, https:\/\/i0.wp.com\/gersonguelmann.com.br\/blog\/wp-content\/uploads\/2018\/04\/Acampamento.jpg?w=615&amp;ssl=1 615w\" sizes=\"(max-width: 300px) 100vw, 300px\" \/><\/p>\n","protected":false},"excerpt":{"rendered":"<p>Na madrugada de hoje um celerado qualquer atirou contra o acampamento onde estavam dormindo os apoiadores do ex-presidente Lula, aqui em Curitiba. Sobre eles muito j\u00e1 se falou. Ainda que estejam exercendo um direito leg\u00edtimo, \u00e9 espantoso que tantas pessoas estejam sem trabalhar h\u00e1 tantos dias. Nunca se sabe quem prov\u00ea alimenta\u00e7\u00e3o e custeia todas [&hellip;]<\/p>\n","protected":false},"author":5,"featured_media":12224,"comment_status":"open","ping_status":"open","sticky":false,"template":"","format":"standard","meta":{"_acf_changed":false,"jetpack_post_was_ever_published":false,"_jetpack_newsletter_access":"","_jetpack_dont_email_post_to_subs":false,"_jetpack_newsletter_tier_id":0,"_jetpack_memberships_contains_paywalled_content":false,"_jetpack_memberships_contains_paid_content":false,"footnotes":"","jetpack_publicize_message":"","jetpack_publicize_feature_enabled":true,"jetpack_social_post_already_shared":true,"jetpack_social_options":{"image_generator_settings":{"template":"highway","default_image_id":0,"font":"","enabled":false},"version":2}},"categories":[1],"tags":[],"class_list":["post-12223","post","type-post","status-publish","format-standard","has-post-thumbnail","hentry","category-sem-categoria"],"acf":[],"yoast_head":"<!-- This site is optimized with the Yoast SEO plugin v27.3 - https:\/\/yoast.com\/product\/yoast-seo-wordpress\/ -->\n<title>Acampados Pr\u00f3 Lula e Atiradores: Duelo de Irracionais | Blog do Guelmann<\/title>\n<meta name=\"robots\" content=\"index, follow, max-snippet:-1, max-image-preview:large, max-video-preview:-1\" \/>\n<link rel=\"canonical\" href=\"https:\/\/gersonguelmann.com.br\/blog\/acampados-pro-lula-e-atiradores-duelo-de-irracionais\/\" \/>\n<meta property=\"og:locale\" content=\"pt_BR\" \/>\n<meta property=\"og:type\" content=\"article\" \/>\n<meta property=\"og:title\" content=\"Acampados Pr\u00f3 Lula e Atiradores: Duelo de Irracionais | Blog do Guelmann\" \/>\n<meta property=\"og:description\" content=\"Na madrugada de hoje um celerado qualquer atirou contra o acampamento onde estavam dormindo os apoiadores do ex-presidente Lula, aqui em Curitiba. Sobre eles muito j\u00e1 se falou. Ainda que estejam exercendo um direito leg\u00edtimo, \u00e9 espantoso que tantas pessoas estejam sem trabalhar h\u00e1 tantos dias. Nunca se sabe quem prov\u00ea alimenta\u00e7\u00e3o e custeia todas [&hellip;]\" \/>\n<meta property=\"og:url\" content=\"https:\/\/gersonguelmann.com.br\/blog\/acampados-pro-lula-e-atiradores-duelo-de-irracionais\/\" \/>\n<meta property=\"og:site_name\" content=\"Blog do Guelmann\" \/>\n<meta property=\"article:published_time\" content=\"2018-04-28T16:39:43+00:00\" \/>\n<meta property=\"og:image\" content=\"https:\/\/i0.wp.com\/gersonguelmann.com.br\/blog\/wp-content\/uploads\/2018\/04\/Acampamento.jpg?fit=615%2C300&ssl=1\" \/>\n\t<meta property=\"og:image:width\" content=\"615\" \/>\n\t<meta property=\"og:image:height\" content=\"300\" \/>\n\t<meta property=\"og:image:type\" content=\"image\/jpeg\" \/>\n<meta name=\"author\" content=\"Gerson Guelmann\" \/>\n<meta name=\"twitter:card\" content=\"summary_large_image\" \/>\n<meta name=\"twitter:label1\" content=\"Escrito por\" \/>\n\t<meta name=\"twitter:data1\" content=\"Gerson Guelmann\" \/>\n\t<meta name=\"twitter:label2\" content=\"Est. tempo de leitura\" \/>\n\t<meta name=\"twitter:data2\" content=\"1 minuto\" \/>\n<script type=\"application\/ld+json\" class=\"yoast-schema-graph\">{\"@context\":\"https:\\\/\\\/schema.org\",\"@graph\":[{\"@type\":\"Article\",\"@id\":\"https:\\\/\\\/gersonguelmann.com.br\\\/blog\\\/acampados-pro-lula-e-atiradores-duelo-de-irracionais\\\/#article\",\"isPartOf\":{\"@id\":\"https:\\\/\\\/gersonguelmann.com.br\\\/blog\\\/acampados-pro-lula-e-atiradores-duelo-de-irracionais\\\/\"},\"author\":{\"name\":\"Gerson Guelmann\",\"@id\":\"https:\\\/\\\/gersonguelmann.com.br\\\/blog\\\/#\\\/schema\\\/person\\\/87e70e2a786888082f941a482c90569e\"},\"headline\":\"Acampados Pr\u00f3 Lula e Atiradores: Duelo de Irracionais\",\"datePublished\":\"2018-04-28T16:39:43+00:00\",\"mainEntityOfPage\":{\"@id\":\"https:\\\/\\\/gersonguelmann.com.br\\\/blog\\\/acampados-pro-lula-e-atiradores-duelo-de-irracionais\\\/\"},\"wordCount\":108,\"commentCount\":0,\"image\":{\"@id\":\"https:\\\/\\\/gersonguelmann.com.br\\\/blog\\\/acampados-pro-lula-e-atiradores-duelo-de-irracionais\\\/#primaryimage\"},\"thumbnailUrl\":\"https:\\\/\\\/i0.wp.com\\\/gersonguelmann.com.br\\\/blog\\\/wp-content\\\/uploads\\\/2018\\\/04\\\/Acampamento.jpg?fit=615%2C300&ssl=1\",\"inLanguage\":\"pt-BR\",\"potentialAction\":[{\"@type\":\"CommentAction\",\"name\":\"Comment\",\"target\":[\"https:\\\/\\\/gersonguelmann.com.br\\\/blog\\\/acampados-pro-lula-e-atiradores-duelo-de-irracionais\\\/#respond\"]}]},{\"@type\":\"WebPage\",\"@id\":\"https:\\\/\\\/gersonguelmann.com.br\\\/blog\\\/acampados-pro-lula-e-atiradores-duelo-de-irracionais\\\/\",\"url\":\"https:\\\/\\\/gersonguelmann.com.br\\\/blog\\\/acampados-pro-lula-e-atiradores-duelo-de-irracionais\\\/\",\"name\":\"Acampados Pr\u00f3 Lula e Atiradores: Duelo de Irracionais | Blog do Guelmann\",\"isPartOf\":{\"@id\":\"https:\\\/\\\/gersonguelmann.com.br\\\/blog\\\/#website\"},\"primaryImageOfPage\":{\"@id\":\"https:\\\/\\\/gersonguelmann.com.br\\\/blog\\\/acampados-pro-lula-e-atiradores-duelo-de-irracionais\\\/#primaryimage\"},\"image\":{\"@id\":\"https:\\\/\\\/gersonguelmann.com.br\\\/blog\\\/acampados-pro-lula-e-atiradores-duelo-de-irracionais\\\/#primaryimage\"},\"thumbnailUrl\":\"https:\\\/\\\/i0.wp.com\\\/gersonguelmann.com.br\\\/blog\\\/wp-content\\\/uploads\\\/2018\\\/04\\\/Acampamento.jpg?fit=615%2C300&ssl=1\",\"datePublished\":\"2018-04-28T16:39:43+00:00\",\"author\":{\"@id\":\"https:\\\/\\\/gersonguelmann.com.br\\\/blog\\\/#\\\/schema\\\/person\\\/87e70e2a786888082f941a482c90569e\"},\"inLanguage\":\"pt-BR\",\"potentialAction\":[{\"@type\":\"ReadAction\",\"target\":[\"https:\\\/\\\/gersonguelmann.com.br\\\/blog\\\/acampados-pro-lula-e-atiradores-duelo-de-irracionais\\\/\"]}]},{\"@type\":\"ImageObject\",\"inLanguage\":\"pt-BR\",\"@id\":\"https:\\\/\\\/gersonguelmann.com.br\\\/blog\\\/acampados-pro-lula-e-atiradores-duelo-de-irracionais\\\/#primaryimage\",\"url\":\"https:\\\/\\\/i0.wp.com\\\/gersonguelmann.com.br\\\/blog\\\/wp-content\\\/uploads\\\/2018\\\/04\\\/Acampamento.jpg?fit=615%2C300&ssl=1\",\"contentUrl\":\"https:\\\/\\\/i0.wp.com\\\/gersonguelmann.com.br\\\/blog\\\/wp-content\\\/uploads\\\/2018\\\/04\\\/Acampamento.jpg?fit=615%2C300&ssl=1\",\"width\":615,\"height\":300},{\"@type\":\"WebSite\",\"@id\":\"https:\\\/\\\/gersonguelmann.com.br\\\/blog\\\/#website\",\"url\":\"https:\\\/\\\/gersonguelmann.com.br\\\/blog\\\/\",\"name\":\"Blog do Guelmann\",\"description\":\"Pitadas da sabedoria e do humor judaicos, assuntos do momento e um pouco das hist\u00f3rias que vivi e testemunhei.\",\"potentialAction\":[{\"@type\":\"SearchAction\",\"target\":{\"@type\":\"EntryPoint\",\"urlTemplate\":\"https:\\\/\\\/gersonguelmann.com.br\\\/blog\\\/?s={search_term_string}\"},\"query-input\":{\"@type\":\"PropertyValueSpecification\",\"valueRequired\":true,\"valueName\":\"search_term_string\"}}],\"inLanguage\":\"pt-BR\"},{\"@type\":\"Person\",\"@id\":\"https:\\\/\\\/gersonguelmann.com.br\\\/blog\\\/#\\\/schema\\\/person\\\/87e70e2a786888082f941a482c90569e\",\"name\":\"Gerson Guelmann\",\"image\":{\"@type\":\"ImageObject\",\"inLanguage\":\"pt-BR\",\"@id\":\"https:\\\/\\\/i0.wp.com\\\/gersonguelmann.com.br\\\/blog\\\/wp-content\\\/uploads\\\/2021\\\/08\\\/BLOG.jpeg?fit=96%2C96&ssl=1\",\"url\":\"https:\\\/\\\/i0.wp.com\\\/gersonguelmann.com.br\\\/blog\\\/wp-content\\\/uploads\\\/2021\\\/08\\\/BLOG.jpeg?fit=96%2C96&ssl=1\",\"contentUrl\":\"https:\\\/\\\/i0.wp.com\\\/gersonguelmann.com.br\\\/blog\\\/wp-content\\\/uploads\\\/2021\\\/08\\\/BLOG.jpeg?fit=96%2C96&ssl=1\",\"caption\":\"Gerson Guelmann\"},\"description\":\"Pitadas da sabedoria e do humor judaicos, assuntos do momento e um pouco das hist\u00f3rias que vivi e testemunhei.\"}]}<\/script>\n<!-- \/ Yoast SEO plugin. -->","yoast_head_json":{"title":"Acampados Pr\u00f3 Lula e Atiradores: Duelo de Irracionais | Blog do Guelmann","robots":{"index":"index","follow":"follow","max-snippet":"max-snippet:-1","max-image-preview":"max-image-preview:large","max-video-preview":"max-video-preview:-1"},"canonical":"https:\/\/gersonguelmann.com.br\/blog\/acampados-pro-lula-e-atiradores-duelo-de-irracionais\/","og_locale":"pt_BR","og_type":"article","og_title":"Acampados Pr\u00f3 Lula e Atiradores: Duelo de Irracionais | Blog do Guelmann","og_description":"Na madrugada de hoje um celerado qualquer atirou contra o acampamento onde estavam dormindo os apoiadores do ex-presidente Lula, aqui em Curitiba. Sobre eles muito j\u00e1 se falou. Ainda que estejam exercendo um direito leg\u00edtimo, \u00e9 espantoso que tantas pessoas estejam sem trabalhar h\u00e1 tantos dias. Nunca se sabe quem prov\u00ea alimenta\u00e7\u00e3o e custeia todas [&hellip;]","og_url":"https:\/\/gersonguelmann.com.br\/blog\/acampados-pro-lula-e-atiradores-duelo-de-irracionais\/","og_site_name":"Blog do Guelmann","article_published_time":"2018-04-28T16:39:43+00:00","og_image":[{"width":615,"height":300,"url":"https:\/\/i0.wp.com\/gersonguelmann.com.br\/blog\/wp-content\/uploads\/2018\/04\/Acampamento.jpg?fit=615%2C300&ssl=1","type":"image\/jpeg"}],"author":"Gerson Guelmann","twitter_card":"summary_large_image","twitter_misc":{"Escrito por":"Gerson Guelmann","Est. tempo de leitura":"1 minuto"},"schema":{"@context":"https:\/\/schema.org","@graph":[{"@type":"Article","@id":"https:\/\/gersonguelmann.com.br\/blog\/acampados-pro-lula-e-atiradores-duelo-de-irracionais\/#article","isPartOf":{"@id":"https:\/\/gersonguelmann.com.br\/blog\/acampados-pro-lula-e-atiradores-duelo-de-irracionais\/"},"author":{"name":"Gerson Guelmann","@id":"https:\/\/gersonguelmann.com.br\/blog\/#\/schema\/person\/87e70e2a786888082f941a482c90569e"},"headline":"Acampados Pr\u00f3 Lula e Atiradores: Duelo de Irracionais","datePublished":"2018-04-28T16:39:43+00:00","mainEntityOfPage":{"@id":"https:\/\/gersonguelmann.com.br\/blog\/acampados-pro-lula-e-atiradores-duelo-de-irracionais\/"},"wordCount":108,"commentCount":0,"image":{"@id":"https:\/\/gersonguelmann.com.br\/blog\/acampados-pro-lula-e-atiradores-duelo-de-irracionais\/#primaryimage"},"thumbnailUrl":"https:\/\/i0.wp.com\/gersonguelmann.com.br\/blog\/wp-content\/uploads\/2018\/04\/Acampamento.jpg?fit=615%2C300&ssl=1","inLanguage":"pt-BR","potentialAction":[{"@type":"CommentAction","name":"Comment","target":["https:\/\/gersonguelmann.com.br\/blog\/acampados-pro-lula-e-atiradores-duelo-de-irracionais\/#respond"]}]},{"@type":"WebPage","@id":"https:\/\/gersonguelmann.com.br\/blog\/acampados-pro-lula-e-atiradores-duelo-de-irracionais\/","url":"https:\/\/gersonguelmann.com.br\/blog\/acampados-pro-lula-e-atiradores-duelo-de-irracionais\/","name":"Acampados Pr\u00f3 Lula e Atiradores: Duelo de Irracionais | Blog do Guelmann","isPartOf":{"@id":"https:\/\/gersonguelmann.com.br\/blog\/#website"},"primaryImageOfPage":{"@id":"https:\/\/gersonguelmann.com.br\/blog\/acampados-pro-lula-e-atiradores-duelo-de-irracionais\/#primaryimage"},"image":{"@id":"https:\/\/gersonguelmann.com.br\/blog\/acampados-pro-lula-e-atiradores-duelo-de-irracionais\/#primaryimage"},"thumbnailUrl":"https:\/\/i0.wp.com\/gersonguelmann.com.br\/blog\/wp-content\/uploads\/2018\/04\/Acampamento.jpg?fit=615%2C300&ssl=1","datePublished":"2018-04-28T16:39:43+00:00","author":{"@id":"https:\/\/gersonguelmann.com.br\/blog\/#\/schema\/person\/87e70e2a786888082f941a482c90569e"},"inLanguage":"pt-BR","potentialAction":[{"@type":"ReadAction","target":["https:\/\/gersonguelmann.com.br\/blog\/acampados-pro-lula-e-atiradores-duelo-de-irracionais\/"]}]},{"@type":"ImageObject","inLanguage":"pt-BR","@id":"https:\/\/gersonguelmann.com.br\/blog\/acampados-pro-lula-e-atiradores-duelo-de-irracionais\/#primaryimage","url":"https:\/\/i0.wp.com\/gersonguelmann.com.br\/blog\/wp-content\/uploads\/2018\/04\/Acampamento.jpg?fit=615%2C300&ssl=1","contentUrl":"https:\/\/i0.wp.com\/gersonguelmann.com.br\/blog\/wp-content\/uploads\/2018\/04\/Acampamento.jpg?fit=615%2C300&ssl=1","width":615,"height":300},{"@type":"WebSite","@id":"https:\/\/gersonguelmann.com.br\/blog\/#website","url":"https:\/\/gersonguelmann.com.br\/blog\/","name":"Blog do Guelmann","description":"Pitadas da sabedoria e do humor judaicos, assuntos do momento e um pouco das hist\u00f3rias que vivi e testemunhei.","potentialAction":[{"@type":"SearchAction","target":{"@type":"EntryPoint","urlTemplate":"https:\/\/gersonguelmann.com.br\/blog\/?s={search_term_string}"},"query-input":{"@type":"PropertyValueSpecification","valueRequired":true,"valueName":"search_term_string"}}],"inLanguage":"pt-BR"},{"@type":"Person","@id":"https:\/\/gersonguelmann.com.br\/blog\/#\/schema\/person\/87e70e2a786888082f941a482c90569e","name":"Gerson Guelmann","image":{"@type":"ImageObject","inLanguage":"pt-BR","@id":"https:\/\/i0.wp.com\/gersonguelmann.com.br\/blog\/wp-content\/uploads\/2021\/08\/BLOG.jpeg?fit=96%2C96&ssl=1","url":"https:\/\/i0.wp.com\/gersonguelmann.com.br\/blog\/wp-content\/uploads\/2021\/08\/BLOG.jpeg?fit=96%2C96&ssl=1","contentUrl":"https:\/\/i0.wp.com\/gersonguelmann.com.br\/blog\/wp-content\/uploads\/2021\/08\/BLOG.jpeg?fit=96%2C96&ssl=1","caption":"Gerson Guelmann"},"description":"Pitadas da sabedoria e do humor judaicos, assuntos do momento e um pouco das hist\u00f3rias que vivi e testemunhei."}]}},"views":31,"jetpack_publicize_connections":[],"jetpack_featured_media_url":"https:\/\/i0.wp.com\/gersonguelmann.com.br\/blog\/wp-content\/uploads\/2018\/04\/Acampamento.jpg?fit=615%2C300&ssl=1","jetpack_shortlink":"https:\/\/wp.me\/p96e7O-3b9","jetpack-related-posts":[{"id":12013,"url":"https:\/\/gersonguelmann.com.br\/blog\/veja-o-que-gilmar-mendes-acha-da-pena-de-lula\/","url_meta":{"origin":12223,"position":0},"title":"Veja o Que Gilmar Mendes Acha da Pena de Lula","author":"Gerson Guelmann","date":"24 de abril de 2018","format":false,"excerpt":"Not\u00edcias da manh\u00e3 de hoje sobre o ministro Gilmar Mendes: BRASIL Gilmar Mendes: pena de Lula pode ser reduzida Estad\u00e3o Conte\u00fado 24\/04\/18 - 12h01 Atualizado em 24\/04\/18 - 12h29 O ministro Gilmar Mendes, do Supremo Tribunal Federal (STF), afirmou nesta ter\u00e7a-feira, 24, que a pena de 12 anos e um\u2026","rel":"","context":"Em &quot;Sem categoria&quot;","block_context":{"text":"Sem categoria","link":"https:\/\/gersonguelmann.com.br\/blog\/category\/sem-categoria\/"},"img":{"alt_text":"","src":"https:\/\/i0.wp.com\/gersonguelmann.com.br\/blog\/wp-content\/uploads\/2018\/04\/lula-e-gilmar-mendes.jpg?fit=744%2C496&ssl=1&resize=350%2C200","width":350,"height":200,"srcset":"https:\/\/i0.wp.com\/gersonguelmann.com.br\/blog\/wp-content\/uploads\/2018\/04\/lula-e-gilmar-mendes.jpg?fit=744%2C496&ssl=1&resize=350%2C200 1x, https:\/\/i0.wp.com\/gersonguelmann.com.br\/blog\/wp-content\/uploads\/2018\/04\/lula-e-gilmar-mendes.jpg?fit=744%2C496&ssl=1&resize=525%2C300 1.5x, https:\/\/i0.wp.com\/gersonguelmann.com.br\/blog\/wp-content\/uploads\/2018\/04\/lula-e-gilmar-mendes.jpg?fit=744%2C496&ssl=1&resize=700%2C400 2x"},"classes":[]},{"id":14234,"url":"https:\/\/gersonguelmann.com.br\/blog\/negado-recurso-de-lula-contra-condenacao\/","url_meta":{"origin":12223,"position":1},"title":"Negado Recurso de Lula Contra Condena\u00e7\u00e3o","author":"Gerson Guelmann","date":"22 de junho de 2018","format":false,"excerpt":"Mais uma informa\u00e7\u00e3o de \u00faltima hora d'O Antagonista: URGENTE: TRF-4 NEGA RECURSO DE LULA AO STF Brasil -\u00a022.06.18 - 18:20 A ju\u00edza Maria de F\u00e1tima Labarr\u00e8re, do TRF-4, negou\u00a0a admissibilidade do recurso de Lula ao STF contra a condena\u00e7\u00e3o de 12 anos e um m\u00eas, por corrup\u00e7\u00e3o e lavagem de\u2026","rel":"","context":"Em &quot;Sem categoria&quot;","block_context":{"text":"Sem categoria","link":"https:\/\/gersonguelmann.com.br\/blog\/category\/sem-categoria\/"},"img":{"alt_text":"","src":"https:\/\/i0.wp.com\/gersonguelmann.com.br\/blog\/wp-content\/uploads\/2018\/06\/ltt_posse-desemb-2382_550-500x295.jpg?fit=500%2C295&ssl=1&resize=350%2C200","width":350,"height":200},"classes":[]},{"id":17658,"url":"https:\/\/gersonguelmann.com.br\/blog\/bolsonaro-lula-a-repeticao-do-nos-contra-eles\/","url_meta":{"origin":12223,"position":2},"title":"Bolsonaro &#038; Lula &#8211; A Repeti\u00e7\u00e3o do N\u00f3s Contra Eles","author":"Gerson Guelmann","date":"23 de julho de 2019","format":false,"excerpt":"Transcrevo, do jornal O Estado de s\u00e3o Paulo de 21 do corrente, artigo que a meu ver retrata com enorme propriedade e fidelidade o que se passa atualmente no pa\u00eds: O esgar\u00e7amento do tecido social O que ocorre hoje no Pa\u00eds \u00e9 continuidade do que se fez nos anos petistas,\u2026","rel":"","context":"Em &quot;Sem categoria&quot;","block_context":{"text":"Sem categoria","link":"https:\/\/gersonguelmann.com.br\/blog\/category\/sem-categoria\/"},"img":{"alt_text":"","src":"https:\/\/i0.wp.com\/gersonguelmann.com.br\/blog\/wp-content\/uploads\/2019\/07\/Fight-1.jpg?fit=1036%2C712&ssl=1&resize=350%2C200","width":350,"height":200,"srcset":"https:\/\/i0.wp.com\/gersonguelmann.com.br\/blog\/wp-content\/uploads\/2019\/07\/Fight-1.jpg?fit=1036%2C712&ssl=1&resize=350%2C200 1x, https:\/\/i0.wp.com\/gersonguelmann.com.br\/blog\/wp-content\/uploads\/2019\/07\/Fight-1.jpg?fit=1036%2C712&ssl=1&resize=525%2C300 1.5x, https:\/\/i0.wp.com\/gersonguelmann.com.br\/blog\/wp-content\/uploads\/2019\/07\/Fight-1.jpg?fit=1036%2C712&ssl=1&resize=700%2C400 2x"},"classes":[]},{"id":11824,"url":"https:\/\/gersonguelmann.com.br\/blog\/a-guerra-entre-coxinhas-e-mortadelas\/","url_meta":{"origin":12223,"position":3},"title":"A Guerra Entre Coxinhas e Mortadelas","author":"Gerson Guelmann","date":"19 de abril de 2018","format":false,"excerpt":"O texto abaixo come\u00e7ou a circular h\u00e1 poucos dias. A autoria \u00e9 desconhecida. V\u00e1rios Blogs o compartilharam. A explica\u00e7\u00e3o \u00e9 que em um grupo de WhatsApp um adepto do Lula fez um coment\u00e1rio endere\u00e7ado a um amigo que \u00e9 contra o ex-presidente, da seguinte forma: -\u00a0\"Voc\u00eas nos acusam de idolatrar\u2026","rel":"","context":"Em &quot;Sem categoria&quot;","block_context":{"text":"Sem categoria","link":"https:\/\/gersonguelmann.com.br\/blog\/category\/sem-categoria\/"},"img":{"alt_text":"","src":"https:\/\/i0.wp.com\/gersonguelmann.com.br\/blog\/wp-content\/uploads\/2018\/04\/coxmort.jpg?fit=699%2C435&ssl=1&resize=350%2C200","width":350,"height":200,"srcset":"https:\/\/i0.wp.com\/gersonguelmann.com.br\/blog\/wp-content\/uploads\/2018\/04\/coxmort.jpg?fit=699%2C435&ssl=1&resize=350%2C200 1x, https:\/\/i0.wp.com\/gersonguelmann.com.br\/blog\/wp-content\/uploads\/2018\/04\/coxmort.jpg?fit=699%2C435&ssl=1&resize=525%2C300 1.5x"},"classes":[]},{"id":11903,"url":"https:\/\/gersonguelmann.com.br\/blog\/lula-aecio-tem-muita-coisa-em-comum\/","url_meta":{"origin":12223,"position":4},"title":"Lula &#038; A\u00e9cio Tem Muita Coisa Em Comum","author":"Gerson Guelmann","date":"21 de abril de 2018","format":false,"excerpt":"Mat\u00e9ria da BBC Brasil: A mudan\u00e7a no conceito de corrup\u00e7\u00e3o que une os casos de Lula e A\u00e9cio Andr\u00e9 Shalders - @shaldim Da BBC Brasil em S\u00e3o Paulo 18 abril 2018 O que h\u00e1 em comum entre a a\u00e7\u00e3o penal do \"tr\u00edplex do Guaruj\u00e1\", que levou o ex-presidente Luiz In\u00e1cio\u2026","rel":"","context":"Em &quot;Sem categoria&quot;","block_context":{"text":"Sem categoria","link":"https:\/\/gersonguelmann.com.br\/blog\/category\/sem-categoria\/"},"img":{"alt_text":"","src":"https:\/\/i0.wp.com\/gersonguelmann.com.br\/blog\/wp-content\/uploads\/2018\/04\/LulaeAecio2.jpg?fit=600%2C400&ssl=1&resize=350%2C200","width":350,"height":200,"srcset":"https:\/\/i0.wp.com\/gersonguelmann.com.br\/blog\/wp-content\/uploads\/2018\/04\/LulaeAecio2.jpg?fit=600%2C400&ssl=1&resize=350%2C200 1x, https:\/\/i0.wp.com\/gersonguelmann.com.br\/blog\/wp-content\/uploads\/2018\/04\/LulaeAecio2.jpg?fit=600%2C400&ssl=1&resize=525%2C300 1.5x"},"classes":[]},{"id":11861,"url":"https:\/\/gersonguelmann.com.br\/blog\/fhc-sobre-lula-nao-confundam-politico-preso-com-preso-politico\/","url_meta":{"origin":12223,"position":5},"title":"FHC Sobre Lula: N\u00e3o Confundam Pol\u00edtico Preso Com Preso Pol\u00edtico","author":"Gerson Guelmann","date":"20 de abril de 2018","format":false,"excerpt":"Mat\u00e9ria publicada na revista Isto\u00c9: BRASIL \u2018Lula n\u00e3o \u00e9 preso pol\u00edtico, \u00e9 pol\u00edtico preso\u2019, afirma FHC A seis meses das elei\u00e7\u00f5es, o ex-presidente Fernando Henrique Cardoso (PSDB) minimiza o fato de o pr\u00e9-candidato de seu partido ao Pal\u00e1cio do Planalto, o ex-governador de S\u00e3o Paulo Geraldo Alckmin, aparecer estagnado nas\u2026","rel":"","context":"Em &quot;Sem categoria&quot;","block_context":{"text":"Sem categoria","link":"https:\/\/gersonguelmann.com.br\/blog\/category\/sem-categoria\/"},"img":{"alt_text":"","src":"https:\/\/i0.wp.com\/gersonguelmann.com.br\/blog\/wp-content\/uploads\/2018\/04\/FHC.jpg?resize=350%2C200&ssl=1","width":350,"height":200},"classes":[]}],"jetpack_sharing_enabled":true,"post_mailing_queue_ids":[],"_links":{"self":[{"href":"https:\/\/gersonguelmann.com.br\/blog\/wp-json\/wp\/v2\/posts\/12223","targetHints":{"allow":["GET"]}}],"collection":[{"href":"https:\/\/gersonguelmann.com.br\/blog\/wp-json\/wp\/v2\/posts"}],"about":[{"href":"https:\/\/gersonguelmann.com.br\/blog\/wp-json\/wp\/v2\/types\/post"}],"author":[{"embeddable":true,"href":"https:\/\/gersonguelmann.com.br\/blog\/wp-json\/wp\/v2\/users\/5"}],"replies":[{"embeddable":true,"href":"https:\/\/gersonguelmann.com.br\/blog\/wp-json\/wp\/v2\/comments?post=12223"}],"version-history":[{"count":0,"href":"https:\/\/gersonguelmann.com.br\/blog\/wp-json\/wp\/v2\/posts\/12223\/revisions"}],"wp:featuredmedia":[{"embeddable":true,"href":"https:\/\/gersonguelmann.com.br\/blog\/wp-json\/wp\/v2\/media\/12224"}],"wp:attachment":[{"href":"https:\/\/gersonguelmann.com.br\/blog\/wp-json\/wp\/v2\/media?parent=12223"}],"wp:term":[{"taxonomy":"category","embeddable":true,"href":"https:\/\/gersonguelmann.com.br\/blog\/wp-json\/wp\/v2\/categories?post=12223"},{"taxonomy":"post_tag","embeddable":true,"href":"https:\/\/gersonguelmann.com.br\/blog\/wp-json\/wp\/v2\/tags?post=12223"}],"curies":[{"name":"wp","href":"https:\/\/api.w.org\/{rel}","templated":true}]}}