    {"id":12235,"date":"2018-04-28T18:23:50","date_gmt":"2018-04-28T21:23:50","guid":{"rendered":"https:\/\/gersonguelmann.com.br\/blog\/?p=12235"},"modified":"2018-04-28T18:23:50","modified_gmt":"2018-04-28T21:23:50","slug":"boechat-indignado-fala-sobre-a-transferencia-de-lula","status":"publish","type":"post","link":"https:\/\/gersonguelmann.com.br\/blog\/boechat-indignado-fala-sobre-a-transferencia-de-lula\/","title":{"rendered":"Boechat, Indignado, Fala Sobre a Transfer\u00eancia de Lula"},"content":{"rendered":"<p style=\"text-align: center;\"><img data-recalc-dims=\"1\" fetchpriority=\"high\" decoding=\"async\" data-attachment-id=\"12237\" data-permalink=\"https:\/\/gersonguelmann.com.br\/blog\/boechat-indignado-fala-sobre-a-transferencia-de-lula\/boechat_01\/\" data-orig-file=\"https:\/\/i0.wp.com\/gersonguelmann.com.br\/blog\/wp-content\/uploads\/2018\/04\/boechat_01.gif?fit=476%2C328&amp;ssl=1\" data-orig-size=\"476,328\" data-comments-opened=\"1\" data-image-meta=\"{&quot;aperture&quot;:&quot;0&quot;,&quot;credit&quot;:&quot;&quot;,&quot;camera&quot;:&quot;&quot;,&quot;caption&quot;:&quot;&quot;,&quot;created_timestamp&quot;:&quot;0&quot;,&quot;copyright&quot;:&quot;&quot;,&quot;focal_length&quot;:&quot;0&quot;,&quot;iso&quot;:&quot;0&quot;,&quot;shutter_speed&quot;:&quot;0&quot;,&quot;title&quot;:&quot;&quot;,&quot;orientation&quot;:&quot;0&quot;}\" data-image-title=\"boechat_01\" data-image-description=\"\" data-image-caption=\"\" data-medium-file=\"https:\/\/i0.wp.com\/gersonguelmann.com.br\/blog\/wp-content\/uploads\/2018\/04\/boechat_01.gif?fit=300%2C207&amp;ssl=1\" data-large-file=\"https:\/\/i0.wp.com\/gersonguelmann.com.br\/blog\/wp-content\/uploads\/2018\/04\/boechat_01.gif?fit=476%2C328&amp;ssl=1\" class=\"alignnone size-medium wp-image-12237\" src=\"https:\/\/i0.wp.com\/gersonguelmann.com.br\/blog\/wp-content\/uploads\/2018\/04\/boechat_01.gif?resize=300%2C207&#038;ssl=1\" alt=\"\" width=\"300\" height=\"207\" srcset=\"https:\/\/i0.wp.com\/gersonguelmann.com.br\/blog\/wp-content\/uploads\/2018\/04\/boechat_01.gif?resize=300%2C207&amp;ssl=1 300w, https:\/\/i0.wp.com\/gersonguelmann.com.br\/blog\/wp-content\/uploads\/2018\/04\/boechat_01.gif?resize=476%2C328&amp;ssl=1 476w\" sizes=\"(max-width: 300px) 100vw, 300px\" \/><\/p>\n<p><span style=\"font-family: georgia, palatino, serif; font-size: 18pt; color: #000000;\">Ricardo Boechat, em seu programa no dia 26 na BandNews, comentou sobre o pedido de transfer\u00eancia de Lula e falou sobre as condi\u00e7\u00f5es da pris\u00e3o.<\/span><\/p>\n<p><span style=\"font-family: georgia, palatino, serif; font-size: 18pt; color: #000000;\">Analisando com equil\u00edbrio \u00e9 for\u00e7oso admitir que ele carregou um pouco nas tintas na quest\u00e3o da visita \u00edntima, mas algumas tiradas s\u00e3o engra\u00e7adas.<\/span><\/p>\n<audio class=\"wp-audio-shortcode\" id=\"audio-12235-1\" preload=\"none\" style=\"width: 100%;\" controls=\"controls\"><source type=\"audio\/mpeg\" src=\"https:\/\/gersonguelmann.com.br\/blog\/wp-content\/uploads\/2018\/04\/AUD-20180427-WA0225.mp3?_=1\" \/><a href=\"https:\/\/gersonguelmann.com.br\/blog\/wp-content\/uploads\/2018\/04\/AUD-20180427-WA0225.mp3\">https:\/\/gersonguelmann.com.br\/blog\/wp-content\/uploads\/2018\/04\/AUD-20180427-WA0225.mp3<\/a><\/audio>\n","protected":false},"excerpt":{"rendered":"<p>Ricardo Boechat, em seu programa no dia 26 na BandNews, comentou sobre o pedido de transfer\u00eancia de Lula e falou sobre as condi\u00e7\u00f5es da pris\u00e3o. Analisando com equil\u00edbrio \u00e9 for\u00e7oso admitir que ele carregou um pouco nas tintas na quest\u00e3o da visita \u00edntima, mas algumas tiradas s\u00e3o engra\u00e7adas.<\/p>\n","protected":false},"author":5,"featured_media":12237,"comment_status":"open","ping_status":"open","sticky":false,"template":"","format":"standard","meta":{"_acf_changed":false,"jetpack_post_was_ever_published":false,"_jetpack_newsletter_access":"","_jetpack_dont_email_post_to_subs":false,"_jetpack_newsletter_tier_id":0,"_jetpack_memberships_contains_paywalled_content":false,"_jetpack_memberships_contains_paid_content":false,"footnotes":"","jetpack_publicize_message":"","jetpack_publicize_feature_enabled":true,"jetpack_social_post_already_shared":true,"jetpack_social_options":{"image_generator_settings":{"template":"highway","default_image_id":0,"font":"","enabled":false},"version":2}},"categories":[1],"tags":[],"class_list":["post-12235","post","type-post","status-publish","format-standard","has-post-thumbnail","hentry","category-sem-categoria"],"acf":[],"yoast_head":"<!-- This site is optimized with the Yoast SEO plugin v27.3 - https:\/\/yoast.com\/product\/yoast-seo-wordpress\/ -->\n<title>Boechat, Indignado, Fala Sobre a Transfer\u00eancia de Lula | Blog do Guelmann<\/title>\n<meta name=\"robots\" content=\"index, follow, max-snippet:-1, max-image-preview:large, max-video-preview:-1\" \/>\n<link rel=\"canonical\" href=\"https:\/\/gersonguelmann.com.br\/blog\/boechat-indignado-fala-sobre-a-transferencia-de-lula\/\" \/>\n<meta property=\"og:locale\" content=\"pt_BR\" \/>\n<meta property=\"og:type\" content=\"article\" \/>\n<meta property=\"og:title\" content=\"Boechat, Indignado, Fala Sobre a Transfer\u00eancia de Lula | Blog do Guelmann\" \/>\n<meta property=\"og:description\" content=\"Ricardo Boechat, em seu programa no dia 26 na BandNews, comentou sobre o pedido de transfer\u00eancia de Lula e falou sobre as condi\u00e7\u00f5es da pris\u00e3o. Analisando com equil\u00edbrio \u00e9 for\u00e7oso admitir que ele carregou um pouco nas tintas na quest\u00e3o da visita \u00edntima, mas algumas tiradas s\u00e3o engra\u00e7adas.\" \/>\n<meta property=\"og:url\" content=\"https:\/\/gersonguelmann.com.br\/blog\/boechat-indignado-fala-sobre-a-transferencia-de-lula\/\" \/>\n<meta property=\"og:site_name\" content=\"Blog do Guelmann\" \/>\n<meta property=\"article:published_time\" content=\"2018-04-28T21:23:50+00:00\" \/>\n<meta property=\"og:image\" content=\"https:\/\/i0.wp.com\/gersonguelmann.com.br\/blog\/wp-content\/uploads\/2018\/04\/boechat_01.gif?fit=476%2C328&ssl=1\" \/>\n\t<meta property=\"og:image:width\" content=\"476\" \/>\n\t<meta property=\"og:image:height\" content=\"328\" \/>\n\t<meta property=\"og:image:type\" content=\"image\/gif\" \/>\n<meta name=\"author\" content=\"Gerson Guelmann\" \/>\n<meta name=\"twitter:card\" content=\"summary_large_image\" \/>\n<meta name=\"twitter:label1\" content=\"Escrito por\" \/>\n\t<meta name=\"twitter:data1\" content=\"Gerson Guelmann\" \/>\n<script type=\"application\/ld+json\" class=\"yoast-schema-graph\">{\"@context\":\"https:\\\/\\\/schema.org\",\"@graph\":[{\"@type\":\"Article\",\"@id\":\"https:\\\/\\\/gersonguelmann.com.br\\\/blog\\\/boechat-indignado-fala-sobre-a-transferencia-de-lula\\\/#article\",\"isPartOf\":{\"@id\":\"https:\\\/\\\/gersonguelmann.com.br\\\/blog\\\/boechat-indignado-fala-sobre-a-transferencia-de-lula\\\/\"},\"author\":{\"name\":\"Gerson Guelmann\",\"@id\":\"https:\\\/\\\/gersonguelmann.com.br\\\/blog\\\/#\\\/schema\\\/person\\\/87e70e2a786888082f941a482c90569e\"},\"headline\":\"Boechat, Indignado, Fala Sobre a Transfer\u00eancia de Lula\",\"datePublished\":\"2018-04-28T21:23:50+00:00\",\"mainEntityOfPage\":{\"@id\":\"https:\\\/\\\/gersonguelmann.com.br\\\/blog\\\/boechat-indignado-fala-sobre-a-transferencia-de-lula\\\/\"},\"wordCount\":76,\"commentCount\":0,\"image\":{\"@id\":\"https:\\\/\\\/gersonguelmann.com.br\\\/blog\\\/boechat-indignado-fala-sobre-a-transferencia-de-lula\\\/#primaryimage\"},\"thumbnailUrl\":\"https:\\\/\\\/i0.wp.com\\\/gersonguelmann.com.br\\\/blog\\\/wp-content\\\/uploads\\\/2018\\\/04\\\/boechat_01.gif?fit=476%2C328&ssl=1\",\"inLanguage\":\"pt-BR\",\"potentialAction\":[{\"@type\":\"CommentAction\",\"name\":\"Comment\",\"target\":[\"https:\\\/\\\/gersonguelmann.com.br\\\/blog\\\/boechat-indignado-fala-sobre-a-transferencia-de-lula\\\/#respond\"]}]},{\"@type\":\"WebPage\",\"@id\":\"https:\\\/\\\/gersonguelmann.com.br\\\/blog\\\/boechat-indignado-fala-sobre-a-transferencia-de-lula\\\/\",\"url\":\"https:\\\/\\\/gersonguelmann.com.br\\\/blog\\\/boechat-indignado-fala-sobre-a-transferencia-de-lula\\\/\",\"name\":\"Boechat, Indignado, Fala Sobre a Transfer\u00eancia de Lula | Blog do Guelmann\",\"isPartOf\":{\"@id\":\"https:\\\/\\\/gersonguelmann.com.br\\\/blog\\\/#website\"},\"primaryImageOfPage\":{\"@id\":\"https:\\\/\\\/gersonguelmann.com.br\\\/blog\\\/boechat-indignado-fala-sobre-a-transferencia-de-lula\\\/#primaryimage\"},\"image\":{\"@id\":\"https:\\\/\\\/gersonguelmann.com.br\\\/blog\\\/boechat-indignado-fala-sobre-a-transferencia-de-lula\\\/#primaryimage\"},\"thumbnailUrl\":\"https:\\\/\\\/i0.wp.com\\\/gersonguelmann.com.br\\\/blog\\\/wp-content\\\/uploads\\\/2018\\\/04\\\/boechat_01.gif?fit=476%2C328&ssl=1\",\"datePublished\":\"2018-04-28T21:23:50+00:00\",\"author\":{\"@id\":\"https:\\\/\\\/gersonguelmann.com.br\\\/blog\\\/#\\\/schema\\\/person\\\/87e70e2a786888082f941a482c90569e\"},\"inLanguage\":\"pt-BR\",\"potentialAction\":[{\"@type\":\"ReadAction\",\"target\":[\"https:\\\/\\\/gersonguelmann.com.br\\\/blog\\\/boechat-indignado-fala-sobre-a-transferencia-de-lula\\\/\"]}]},{\"@type\":\"ImageObject\",\"inLanguage\":\"pt-BR\",\"@id\":\"https:\\\/\\\/gersonguelmann.com.br\\\/blog\\\/boechat-indignado-fala-sobre-a-transferencia-de-lula\\\/#primaryimage\",\"url\":\"https:\\\/\\\/i0.wp.com\\\/gersonguelmann.com.br\\\/blog\\\/wp-content\\\/uploads\\\/2018\\\/04\\\/boechat_01.gif?fit=476%2C328&ssl=1\",\"contentUrl\":\"https:\\\/\\\/i0.wp.com\\\/gersonguelmann.com.br\\\/blog\\\/wp-content\\\/uploads\\\/2018\\\/04\\\/boechat_01.gif?fit=476%2C328&ssl=1\",\"width\":476,\"height\":328},{\"@type\":\"WebSite\",\"@id\":\"https:\\\/\\\/gersonguelmann.com.br\\\/blog\\\/#website\",\"url\":\"https:\\\/\\\/gersonguelmann.com.br\\\/blog\\\/\",\"name\":\"Blog do Guelmann\",\"description\":\"Pitadas da sabedoria e do humor judaicos, assuntos do momento e um pouco das hist\u00f3rias que vivi e testemunhei.\",\"potentialAction\":[{\"@type\":\"SearchAction\",\"target\":{\"@type\":\"EntryPoint\",\"urlTemplate\":\"https:\\\/\\\/gersonguelmann.com.br\\\/blog\\\/?s={search_term_string}\"},\"query-input\":{\"@type\":\"PropertyValueSpecification\",\"valueRequired\":true,\"valueName\":\"search_term_string\"}}],\"inLanguage\":\"pt-BR\"},{\"@type\":\"Person\",\"@id\":\"https:\\\/\\\/gersonguelmann.com.br\\\/blog\\\/#\\\/schema\\\/person\\\/87e70e2a786888082f941a482c90569e\",\"name\":\"Gerson Guelmann\",\"image\":{\"@type\":\"ImageObject\",\"inLanguage\":\"pt-BR\",\"@id\":\"https:\\\/\\\/i0.wp.com\\\/gersonguelmann.com.br\\\/blog\\\/wp-content\\\/uploads\\\/2021\\\/08\\\/BLOG.jpeg?fit=96%2C96&ssl=1\",\"url\":\"https:\\\/\\\/i0.wp.com\\\/gersonguelmann.com.br\\\/blog\\\/wp-content\\\/uploads\\\/2021\\\/08\\\/BLOG.jpeg?fit=96%2C96&ssl=1\",\"contentUrl\":\"https:\\\/\\\/i0.wp.com\\\/gersonguelmann.com.br\\\/blog\\\/wp-content\\\/uploads\\\/2021\\\/08\\\/BLOG.jpeg?fit=96%2C96&ssl=1\",\"caption\":\"Gerson Guelmann\"},\"description\":\"Pitadas da sabedoria e do humor judaicos, assuntos do momento e um pouco das hist\u00f3rias que vivi e testemunhei.\"}]}<\/script>\n<!-- \/ Yoast SEO plugin. -->","yoast_head_json":{"title":"Boechat, Indignado, Fala Sobre a Transfer\u00eancia de Lula | Blog do Guelmann","robots":{"index":"index","follow":"follow","max-snippet":"max-snippet:-1","max-image-preview":"max-image-preview:large","max-video-preview":"max-video-preview:-1"},"canonical":"https:\/\/gersonguelmann.com.br\/blog\/boechat-indignado-fala-sobre-a-transferencia-de-lula\/","og_locale":"pt_BR","og_type":"article","og_title":"Boechat, Indignado, Fala Sobre a Transfer\u00eancia de Lula | Blog do Guelmann","og_description":"Ricardo Boechat, em seu programa no dia 26 na BandNews, comentou sobre o pedido de transfer\u00eancia de Lula e falou sobre as condi\u00e7\u00f5es da pris\u00e3o. Analisando com equil\u00edbrio \u00e9 for\u00e7oso admitir que ele carregou um pouco nas tintas na quest\u00e3o da visita \u00edntima, mas algumas tiradas s\u00e3o engra\u00e7adas.","og_url":"https:\/\/gersonguelmann.com.br\/blog\/boechat-indignado-fala-sobre-a-transferencia-de-lula\/","og_site_name":"Blog do Guelmann","article_published_time":"2018-04-28T21:23:50+00:00","og_image":[{"width":476,"height":328,"url":"https:\/\/i0.wp.com\/gersonguelmann.com.br\/blog\/wp-content\/uploads\/2018\/04\/boechat_01.gif?fit=476%2C328&ssl=1","type":"image\/gif"}],"author":"Gerson Guelmann","twitter_card":"summary_large_image","twitter_misc":{"Escrito por":"Gerson Guelmann"},"schema":{"@context":"https:\/\/schema.org","@graph":[{"@type":"Article","@id":"https:\/\/gersonguelmann.com.br\/blog\/boechat-indignado-fala-sobre-a-transferencia-de-lula\/#article","isPartOf":{"@id":"https:\/\/gersonguelmann.com.br\/blog\/boechat-indignado-fala-sobre-a-transferencia-de-lula\/"},"author":{"name":"Gerson Guelmann","@id":"https:\/\/gersonguelmann.com.br\/blog\/#\/schema\/person\/87e70e2a786888082f941a482c90569e"},"headline":"Boechat, Indignado, Fala Sobre a Transfer\u00eancia de Lula","datePublished":"2018-04-28T21:23:50+00:00","mainEntityOfPage":{"@id":"https:\/\/gersonguelmann.com.br\/blog\/boechat-indignado-fala-sobre-a-transferencia-de-lula\/"},"wordCount":76,"commentCount":0,"image":{"@id":"https:\/\/gersonguelmann.com.br\/blog\/boechat-indignado-fala-sobre-a-transferencia-de-lula\/#primaryimage"},"thumbnailUrl":"https:\/\/i0.wp.com\/gersonguelmann.com.br\/blog\/wp-content\/uploads\/2018\/04\/boechat_01.gif?fit=476%2C328&ssl=1","inLanguage":"pt-BR","potentialAction":[{"@type":"CommentAction","name":"Comment","target":["https:\/\/gersonguelmann.com.br\/blog\/boechat-indignado-fala-sobre-a-transferencia-de-lula\/#respond"]}]},{"@type":"WebPage","@id":"https:\/\/gersonguelmann.com.br\/blog\/boechat-indignado-fala-sobre-a-transferencia-de-lula\/","url":"https:\/\/gersonguelmann.com.br\/blog\/boechat-indignado-fala-sobre-a-transferencia-de-lula\/","name":"Boechat, Indignado, Fala Sobre a Transfer\u00eancia de Lula | Blog do Guelmann","isPartOf":{"@id":"https:\/\/gersonguelmann.com.br\/blog\/#website"},"primaryImageOfPage":{"@id":"https:\/\/gersonguelmann.com.br\/blog\/boechat-indignado-fala-sobre-a-transferencia-de-lula\/#primaryimage"},"image":{"@id":"https:\/\/gersonguelmann.com.br\/blog\/boechat-indignado-fala-sobre-a-transferencia-de-lula\/#primaryimage"},"thumbnailUrl":"https:\/\/i0.wp.com\/gersonguelmann.com.br\/blog\/wp-content\/uploads\/2018\/04\/boechat_01.gif?fit=476%2C328&ssl=1","datePublished":"2018-04-28T21:23:50+00:00","author":{"@id":"https:\/\/gersonguelmann.com.br\/blog\/#\/schema\/person\/87e70e2a786888082f941a482c90569e"},"inLanguage":"pt-BR","potentialAction":[{"@type":"ReadAction","target":["https:\/\/gersonguelmann.com.br\/blog\/boechat-indignado-fala-sobre-a-transferencia-de-lula\/"]}]},{"@type":"ImageObject","inLanguage":"pt-BR","@id":"https:\/\/gersonguelmann.com.br\/blog\/boechat-indignado-fala-sobre-a-transferencia-de-lula\/#primaryimage","url":"https:\/\/i0.wp.com\/gersonguelmann.com.br\/blog\/wp-content\/uploads\/2018\/04\/boechat_01.gif?fit=476%2C328&ssl=1","contentUrl":"https:\/\/i0.wp.com\/gersonguelmann.com.br\/blog\/wp-content\/uploads\/2018\/04\/boechat_01.gif?fit=476%2C328&ssl=1","width":476,"height":328},{"@type":"WebSite","@id":"https:\/\/gersonguelmann.com.br\/blog\/#website","url":"https:\/\/gersonguelmann.com.br\/blog\/","name":"Blog do Guelmann","description":"Pitadas da sabedoria e do humor judaicos, assuntos do momento e um pouco das hist\u00f3rias que vivi e testemunhei.","potentialAction":[{"@type":"SearchAction","target":{"@type":"EntryPoint","urlTemplate":"https:\/\/gersonguelmann.com.br\/blog\/?s={search_term_string}"},"query-input":{"@type":"PropertyValueSpecification","valueRequired":true,"valueName":"search_term_string"}}],"inLanguage":"pt-BR"},{"@type":"Person","@id":"https:\/\/gersonguelmann.com.br\/blog\/#\/schema\/person\/87e70e2a786888082f941a482c90569e","name":"Gerson Guelmann","image":{"@type":"ImageObject","inLanguage":"pt-BR","@id":"https:\/\/i0.wp.com\/gersonguelmann.com.br\/blog\/wp-content\/uploads\/2021\/08\/BLOG.jpeg?fit=96%2C96&ssl=1","url":"https:\/\/i0.wp.com\/gersonguelmann.com.br\/blog\/wp-content\/uploads\/2021\/08\/BLOG.jpeg?fit=96%2C96&ssl=1","contentUrl":"https:\/\/i0.wp.com\/gersonguelmann.com.br\/blog\/wp-content\/uploads\/2021\/08\/BLOG.jpeg?fit=96%2C96&ssl=1","caption":"Gerson Guelmann"},"description":"Pitadas da sabedoria e do humor judaicos, assuntos do momento e um pouco das hist\u00f3rias que vivi e testemunhei."}]}},"views":29,"jetpack_publicize_connections":[],"jetpack_featured_media_url":"https:\/\/i0.wp.com\/gersonguelmann.com.br\/blog\/wp-content\/uploads\/2018\/04\/boechat_01.gif?fit=476%2C328&ssl=1","jetpack_shortlink":"https:\/\/wp.me\/p96e7O-3bl","jetpack-related-posts":[{"id":12057,"url":"https:\/\/gersonguelmann.com.br\/blog\/pt-quer-lula-em-quartel-do-exercito\/","url_meta":{"origin":12235,"position":0},"title":"PT Quer Lula Em Quartel do Ex\u00e9rcito","author":"Gerson Guelmann","date":"25 de abril de 2018","format":false,"excerpt":"Foto:\u00a0Ant\u00f4nio More \/ Ag\u00eancia de Not\u00edcias Gazeta do Povo Ant\u00f4nio More\/Ag\u00eancia de Not\u00edcias Gazeta do Povo Publiquei dia 11\/4: - \"O Sindicato dos Delegados da Pol\u00edcia Federal pediu a transfer\u00eancia do ex-presidente para um quartel do ex\u00e9rcito. Os Delegados justificam o pedido com a afirma\u00e7\u00e3o de que as atividades regulares\u2026","rel":"","context":"Em &quot;Sem categoria&quot;","block_context":{"text":"Sem categoria","link":"https:\/\/gersonguelmann.com.br\/blog\/category\/sem-categoria\/"},"img":{"alt_text":"","src":"https:\/\/i0.wp.com\/gersonguelmann.com.br\/blog\/wp-content\/uploads\/2018\/04\/Lula1.jpg?fit=1024%2C683&ssl=1&resize=350%2C200","width":350,"height":200,"srcset":"https:\/\/i0.wp.com\/gersonguelmann.com.br\/blog\/wp-content\/uploads\/2018\/04\/Lula1.jpg?fit=1024%2C683&ssl=1&resize=350%2C200 1x, https:\/\/i0.wp.com\/gersonguelmann.com.br\/blog\/wp-content\/uploads\/2018\/04\/Lula1.jpg?fit=1024%2C683&ssl=1&resize=525%2C300 1.5x, https:\/\/i0.wp.com\/gersonguelmann.com.br\/blog\/wp-content\/uploads\/2018\/04\/Lula1.jpg?fit=1024%2C683&ssl=1&resize=700%2C400 2x"},"classes":[]},{"id":12028,"url":"https:\/\/gersonguelmann.com.br\/blog\/vao-acabar-conseguindo-tirar-o-lula-da-policia-federal\/","url_meta":{"origin":12235,"position":1},"title":"V\u00e3o Acabar Conseguindo Tirar o Lula da Pol\u00edcia Federal","author":"Gerson Guelmann","date":"24 de abril de 2018","format":false,"excerpt":"De tanta fanfarronice e de tanto importunar, os pol\u00edticos favor\u00e1veis ao ex-presidente Lula v\u00e3o acabar conseguindo tir\u00e1-lo da sede da Pol\u00edcia Federal, onde est\u00e1 preso h\u00e1 alguma semanas. O l\u00edder do PT na C\u00e2mara, p.ex., desde a semana passada amea\u00e7ava \"fazer e acontecer\" dizendo que entraria na carceragem \"na marra\".\u2026","rel":"","context":"Em &quot;Sem categoria&quot;","block_context":{"text":"Sem categoria","link":"https:\/\/gersonguelmann.com.br\/blog\/category\/sem-categoria\/"},"img":{"alt_text":"","src":"https:\/\/i0.wp.com\/gersonguelmann.com.br\/blog\/wp-content\/uploads\/2018\/04\/CMP.jpeg?fit=970%2C600&ssl=1&resize=350%2C200","width":350,"height":200,"srcset":"https:\/\/i0.wp.com\/gersonguelmann.com.br\/blog\/wp-content\/uploads\/2018\/04\/CMP.jpeg?fit=970%2C600&ssl=1&resize=350%2C200 1x, https:\/\/i0.wp.com\/gersonguelmann.com.br\/blog\/wp-content\/uploads\/2018\/04\/CMP.jpeg?fit=970%2C600&ssl=1&resize=525%2C300 1.5x, https:\/\/i0.wp.com\/gersonguelmann.com.br\/blog\/wp-content\/uploads\/2018\/04\/CMP.jpeg?fit=970%2C600&ssl=1&resize=700%2C400 2x"},"classes":[]},{"id":11486,"url":"https:\/\/gersonguelmann.com.br\/blog\/lula-no-quartel-sem-filhos-boulos-fala-grosso\/","url_meta":{"origin":12235,"position":2},"title":"Lula no Quartel, Sem Filhos, e Boulos Fala Grosso","author":"Gerson Guelmann","date":"11 de abril de 2018","format":false,"excerpt":"Algumas informa\u00e7\u00f5es do que acontece aqui em Curitiba com rela\u00e7\u00e3o a pris\u00e3o do Lula: 1. o Sindicato dos Delegados da Pol\u00edcia Federal pediu a transfer\u00eancia do ex-presidente para um quartel do ex\u00e9rcito. Os Delegados justificam o pedido com a afirma\u00e7\u00e3o de que as atividades regulares da Superintend\u00eancia est\u00e3o prejudicadas pela\u2026","rel":"","context":"Em &quot;Sem categoria&quot;","block_context":{"text":"Sem categoria","link":"https:\/\/gersonguelmann.com.br\/blog\/category\/sem-categoria\/"},"img":{"alt_text":"","src":"https:\/\/i0.wp.com\/gersonguelmann.com.br\/blog\/wp-content\/uploads\/2018\/04\/quartel070514.jpg?fit=1024%2C682&ssl=1&resize=350%2C200","width":350,"height":200,"srcset":"https:\/\/i0.wp.com\/gersonguelmann.com.br\/blog\/wp-content\/uploads\/2018\/04\/quartel070514.jpg?fit=1024%2C682&ssl=1&resize=350%2C200 1x, https:\/\/i0.wp.com\/gersonguelmann.com.br\/blog\/wp-content\/uploads\/2018\/04\/quartel070514.jpg?fit=1024%2C682&ssl=1&resize=525%2C300 1.5x, https:\/\/i0.wp.com\/gersonguelmann.com.br\/blog\/wp-content\/uploads\/2018\/04\/quartel070514.jpg?fit=1024%2C682&ssl=1&resize=700%2C400 2x"},"classes":[]},{"id":12377,"url":"https:\/\/gersonguelmann.com.br\/blog\/dilma-falando-sobre-a-prisao-de-lula-consegue-entender\/","url_meta":{"origin":12235,"position":3},"title":"Dilma Falando Sobre a Pris\u00e3o de Lula. Consegue Entender?","author":"Gerson Guelmann","date":"2 de maio de 2018","format":false,"excerpt":"Recebi h\u00e1 pouco um v\u00eddeo com declara\u00e7\u00f5es da ex-presidente Dilma aqui em Curitiba, na \u00faltima tentativa de visita ao tamb\u00e9m ex-presidente Lula, preso na Superintend\u00eancia da Pol\u00edcia Federal. Realmente as imagens conferem com o local.\u00a0 O que n\u00e3o d\u00e1 para entender (mais uma vez) \u00e9 o que ela pretendia dizer.\u2026","rel":"","context":"Em &quot;Sem categoria&quot;","block_context":{"text":"Sem categoria","link":"https:\/\/gersonguelmann.com.br\/blog\/category\/sem-categoria\/"},"img":{"alt_text":"","src":"https:\/\/i0.wp.com\/gersonguelmann.com.br\/blog\/wp-content\/uploads\/2018\/05\/Dilma.jpg?fit=1200%2C480&ssl=1&resize=350%2C200","width":350,"height":200,"srcset":"https:\/\/i0.wp.com\/gersonguelmann.com.br\/blog\/wp-content\/uploads\/2018\/05\/Dilma.jpg?fit=1200%2C480&ssl=1&resize=350%2C200 1x, https:\/\/i0.wp.com\/gersonguelmann.com.br\/blog\/wp-content\/uploads\/2018\/05\/Dilma.jpg?fit=1200%2C480&ssl=1&resize=525%2C300 1.5x, https:\/\/i0.wp.com\/gersonguelmann.com.br\/blog\/wp-content\/uploads\/2018\/05\/Dilma.jpg?fit=1200%2C480&ssl=1&resize=700%2C400 2x, https:\/\/i0.wp.com\/gersonguelmann.com.br\/blog\/wp-content\/uploads\/2018\/05\/Dilma.jpg?fit=1200%2C480&ssl=1&resize=1050%2C600 3x"},"classes":[]},{"id":12631,"url":"https:\/\/gersonguelmann.com.br\/blog\/ve-se-pode-gilmar-mendes-quer-visitar-lula-na-prisao\/","url_meta":{"origin":12235,"position":4},"title":"V\u00ea se Pode: Gilmar Mendes Quer Visitar Lula na Pris\u00e3o","author":"Gerson Guelmann","date":"8 de maio de 2018","format":false,"excerpt":"Algu\u00e9m deve estar de brincadeira com a gente. Veja o que a jornalista M\u00f4nica Bergamo diz em sua coluna na Folha de S\u00e3o Paulo de hoje: \u00a0 8.mai.2018 \u00e0s 2h00\u00a0 \u00a0 Gilmar Mendes quer entrevistar Lula na pris\u00e3o sobre Constituinte de 1988 Ministro do STF est\u00e1 gravando pessoalmente depoimentos sobre\u2026","rel":"","context":"Em &quot;Sem categoria&quot;","block_context":{"text":"Sem categoria","link":"https:\/\/gersonguelmann.com.br\/blog\/category\/sem-categoria\/"},"img":{"alt_text":"","src":"https:\/\/i0.wp.com\/gersonguelmann.com.br\/blog\/wp-content\/uploads\/2018\/05\/lula-e-gilmar-mendes.jpg?fit=744%2C496&ssl=1&resize=350%2C200","width":350,"height":200,"srcset":"https:\/\/i0.wp.com\/gersonguelmann.com.br\/blog\/wp-content\/uploads\/2018\/05\/lula-e-gilmar-mendes.jpg?fit=744%2C496&ssl=1&resize=350%2C200 1x, https:\/\/i0.wp.com\/gersonguelmann.com.br\/blog\/wp-content\/uploads\/2018\/05\/lula-e-gilmar-mendes.jpg?fit=744%2C496&ssl=1&resize=525%2C300 1.5x, https:\/\/i0.wp.com\/gersonguelmann.com.br\/blog\/wp-content\/uploads\/2018\/05\/lula-e-gilmar-mendes.jpg?fit=744%2C496&ssl=1&resize=700%2C400 2x"},"classes":[]},{"id":12223,"url":"https:\/\/gersonguelmann.com.br\/blog\/acampados-pro-lula-e-atiradores-duelo-de-irracionais\/","url_meta":{"origin":12235,"position":5},"title":"Acampados Pr\u00f3 Lula e Atiradores: Duelo de Irracionais","author":"Gerson Guelmann","date":"28 de abril de 2018","format":false,"excerpt":"Na madrugada de hoje um celerado qualquer atirou contra o acampamento onde estavam dormindo os apoiadores do ex-presidente Lula, aqui em Curitiba. Sobre eles muito j\u00e1 se falou. Ainda que estejam exercendo um direito leg\u00edtimo, \u00e9 espantoso que tantas pessoas estejam sem trabalhar h\u00e1 tantos dias. Nunca se sabe quem\u2026","rel":"","context":"Em &quot;Sem categoria&quot;","block_context":{"text":"Sem categoria","link":"https:\/\/gersonguelmann.com.br\/blog\/category\/sem-categoria\/"},"img":{"alt_text":"","src":"https:\/\/i0.wp.com\/gersonguelmann.com.br\/blog\/wp-content\/uploads\/2018\/04\/Acampamento.jpg?fit=615%2C300&ssl=1&resize=350%2C200","width":350,"height":200,"srcset":"https:\/\/i0.wp.com\/gersonguelmann.com.br\/blog\/wp-content\/uploads\/2018\/04\/Acampamento.jpg?fit=615%2C300&ssl=1&resize=350%2C200 1x, https:\/\/i0.wp.com\/gersonguelmann.com.br\/blog\/wp-content\/uploads\/2018\/04\/Acampamento.jpg?fit=615%2C300&ssl=1&resize=525%2C300 1.5x"},"classes":[]}],"jetpack_sharing_enabled":true,"post_mailing_queue_ids":[],"_links":{"self":[{"href":"https:\/\/gersonguelmann.com.br\/blog\/wp-json\/wp\/v2\/posts\/12235","targetHints":{"allow":["GET"]}}],"collection":[{"href":"https:\/\/gersonguelmann.com.br\/blog\/wp-json\/wp\/v2\/posts"}],"about":[{"href":"https:\/\/gersonguelmann.com.br\/blog\/wp-json\/wp\/v2\/types\/post"}],"author":[{"embeddable":true,"href":"https:\/\/gersonguelmann.com.br\/blog\/wp-json\/wp\/v2\/users\/5"}],"replies":[{"embeddable":true,"href":"https:\/\/gersonguelmann.com.br\/blog\/wp-json\/wp\/v2\/comments?post=12235"}],"version-history":[{"count":0,"href":"https:\/\/gersonguelmann.com.br\/blog\/wp-json\/wp\/v2\/posts\/12235\/revisions"}],"wp:featuredmedia":[{"embeddable":true,"href":"https:\/\/gersonguelmann.com.br\/blog\/wp-json\/wp\/v2\/media\/12237"}],"wp:attachment":[{"href":"https:\/\/gersonguelmann.com.br\/blog\/wp-json\/wp\/v2\/media?parent=12235"}],"wp:term":[{"taxonomy":"category","embeddable":true,"href":"https:\/\/gersonguelmann.com.br\/blog\/wp-json\/wp\/v2\/categories?post=12235"},{"taxonomy":"post_tag","embeddable":true,"href":"https:\/\/gersonguelmann.com.br\/blog\/wp-json\/wp\/v2\/tags?post=12235"}],"curies":[{"name":"wp","href":"https:\/\/api.w.org\/{rel}","templated":true}]}}