    {"id":12240,"date":"2018-04-28T20:38:28","date_gmt":"2018-04-28T23:38:28","guid":{"rendered":"https:\/\/gersonguelmann.com.br\/blog\/?p=12240"},"modified":"2018-04-28T20:48:15","modified_gmt":"2018-04-28T23:48:15","slug":"oskar-schindler-110-anos-de-um-justo-entre-as-nacoes","status":"publish","type":"post","link":"https:\/\/gersonguelmann.com.br\/blog\/oskar-schindler-110-anos-de-um-justo-entre-as-nacoes\/","title":{"rendered":"Oskar Schindler, 110 Anos de Um Justo Entre as Na\u00e7\u00f5es"},"content":{"rendered":"<p style=\"text-align: center;\"><img data-recalc-dims=\"1\" fetchpriority=\"high\" decoding=\"async\" data-attachment-id=\"12241\" data-permalink=\"https:\/\/gersonguelmann.com.br\/blog\/oskar-schindler-110-anos-de-um-justo-entre-as-nacoes\/os-3\/\" data-orig-file=\"https:\/\/i0.wp.com\/gersonguelmann.com.br\/blog\/wp-content\/uploads\/2018\/04\/OS.jpg?fit=299%2C168&amp;ssl=1\" data-orig-size=\"299,168\" data-comments-opened=\"1\" data-image-meta=\"{&quot;aperture&quot;:&quot;0&quot;,&quot;credit&quot;:&quot;&quot;,&quot;camera&quot;:&quot;&quot;,&quot;caption&quot;:&quot;&quot;,&quot;created_timestamp&quot;:&quot;0&quot;,&quot;copyright&quot;:&quot;&quot;,&quot;focal_length&quot;:&quot;0&quot;,&quot;iso&quot;:&quot;0&quot;,&quot;shutter_speed&quot;:&quot;0&quot;,&quot;title&quot;:&quot;&quot;,&quot;orientation&quot;:&quot;0&quot;}\" data-image-title=\"OS\" data-image-description=\"\" data-image-caption=\"\" data-medium-file=\"https:\/\/i0.wp.com\/gersonguelmann.com.br\/blog\/wp-content\/uploads\/2018\/04\/OS.jpg?fit=299%2C168&amp;ssl=1\" data-large-file=\"https:\/\/i0.wp.com\/gersonguelmann.com.br\/blog\/wp-content\/uploads\/2018\/04\/OS.jpg?fit=299%2C168&amp;ssl=1\" class=\"alignnone size-full wp-image-12241\" src=\"https:\/\/i0.wp.com\/gersonguelmann.com.br\/blog\/wp-content\/uploads\/2018\/04\/OS.jpg?resize=299%2C168&#038;ssl=1\" alt=\"\" width=\"299\" height=\"168\" \/><br \/>\n<em><strong><span style=\"color: #000000; font-family: georgia, palatino, serif; font-size: 14pt;\">Oskar Schindler<\/span><\/strong><\/em><br \/>\n<em><strong><span style=\"color: #000000; font-family: georgia, palatino, serif; font-size: 14pt;\"> Svitavy,\u00a0Mor\u00e1via\u00a0<small>(atual\u00a0Rep\u00fablica Checa), 28\/4\/1908<br \/>\nHildesheim,\u00a0Baixa Sax\u00f4nia, 9\/10\/1974<\/small><\/span><\/strong><\/em><\/p>\n<p><span style=\"color: #000000; font-family: georgia, palatino, serif; font-size: 18pt;\">O dia de hoje marca o 110\u00ba anivers\u00e1rio de nascimento de\u00a0Oskar Schindler, considerado pelo Museu do Holocausto de Jerusal\u00e9m\u00a0 &#8220;<em>Um Justo Entre as Na\u00e7\u00f5es<\/em>&#8220;.<\/span><\/p>\n<p><span style=\"color: #000000; font-family: georgia, palatino, serif; font-size: 18pt;\">Em mem\u00f3ria do homem que salvou as vidas de quase 1.200 judeus, transcrevo mat\u00e9ria publicada ontem no jornal P\u00fablico de Portugal, acerca dos 25 anos do filme\u00a0\u201cA Lista de Schindler\u201d de Steven Spielberg:<\/span><\/p>\n<div class=\"supplement-nameplate supplement-nameplate--culturaipsilon\">\n<p class=\"supplement-nameplate__logo\"><strong><span class=\"show-for-sr\" style=\"color: #000000;\">Cultura-\u00cdpsilon<\/span><\/strong><\/p>\n<\/div>\n<p class=\"kicker\"><span style=\"color: #000000; font-size: 14pt;\">CINEMA<\/span><\/p>\n<p class=\"headline story__headline\"><span style=\"font-size: 24pt;\"><strong><span style=\"color: #000000;\">Como Robin Williams ajudou Spielberg a rodar\u00a0<i>A Lista de Schindler<\/i><\/span><\/strong><\/span><\/p>\n<div class=\"story__blurb lead\">\n<p><span style=\"color: #000000; font-size: 14pt;\">Realizador e actores do filme produzido em 1993 participaram numa sess\u00e3o evocativa no Festival de Tribeca, em Nova Iorque. A emo\u00e7\u00e3o continuou a ser o denominador comum no reencontro dos protagonistas.<\/span><\/p>\n<\/div>\n<div class=\"story__meta\">\n<div class=\"byline-dateline\">\n<div class=\"byline\">\n<address class=\"byline__author\"><span class=\"byline__name\" style=\"color: #000000;\">S\u00c9RGIO C. ANDRADE<\/span><\/address>\n<\/div>\n<p><span style=\"color: #000000;\"><time class=\"dateline\" datetime=\"Fri, 27 Apr 2018 15:53:16 GMT\">27 de Abril de 2018, 15:53<\/time><\/span><\/p>\n<\/div>\n<\/div>\n<div><\/div>\n<div><span style=\"color: #000000; font-size: 14pt;\">\u00c0s salas portuguesas, o filme s\u00f3 chegou em Mar\u00e7o de 1994, mas foi no final do ano anterior que\u00a0<strong><em>A Lista de Schindler<\/em><\/strong>\u00a0teve estreia mundial nos Estados Unidos. A evocar a passagem dos 25 anos sobre o facto, o Festival de Cinema de Tribeca, a decorrer em Nova Iorque, promoveu esta quinta-feira \u00e0 noite uma sess\u00e3o especial em que estiveram presentes\u00a0o realizador Steven Spielberg\u00a0e quatro actores do elenco: Liam Neeson, Ben Kingsley, Embeth Davidtz e Caroline Goodall.<\/span><\/div>\n<div><\/div>\n<div>\n<p><span style=\"color: #000000; font-size: 14pt;\">A sess\u00e3o decorreu no Beacon Theatre, uma sala com 2900 lugares, e segundo os relatos da imprensa e do\u00a0<strong><em>site<\/em>\u00a0<\/strong>do festival, a emo\u00e7\u00e3o foi o denominador comum entre a plateia e os intervenientes, convidados a rever a hist\u00f3ria do empres\u00e1rio alem\u00e3o Oskar Schindler (interpretado por Liam Neeson), que salvou a vida de mais de um milhar de judeus ao contrat\u00e1-los para a sua f\u00e1brica junto ao\u00a0<strong><em>ghetto<\/em><\/strong>\u00a0de Vars\u00f3via, evitando a sua deporta\u00e7\u00e3o para os campos de concentra\u00e7\u00e3o nazis.<\/span><\/p>\n<p><img data-recalc-dims=\"1\" decoding=\"async\" data-attachment-id=\"12243\" data-permalink=\"https:\/\/gersonguelmann.com.br\/blog\/oskar-schindler-110-anos-de-um-justo-entre-as-nacoes\/063_951606636-1024x640\/\" data-orig-file=\"https:\/\/i0.wp.com\/gersonguelmann.com.br\/blog\/wp-content\/uploads\/2018\/04\/063_951606636-1024x640.jpg?fit=1024%2C640&amp;ssl=1\" data-orig-size=\"1024,640\" data-comments-opened=\"1\" data-image-meta=\"{&quot;aperture&quot;:&quot;0&quot;,&quot;credit&quot;:&quot;&quot;,&quot;camera&quot;:&quot;&quot;,&quot;caption&quot;:&quot;&quot;,&quot;created_timestamp&quot;:&quot;0&quot;,&quot;copyright&quot;:&quot;&quot;,&quot;focal_length&quot;:&quot;0&quot;,&quot;iso&quot;:&quot;0&quot;,&quot;shutter_speed&quot;:&quot;0&quot;,&quot;title&quot;:&quot;&quot;,&quot;orientation&quot;:&quot;0&quot;}\" data-image-title=\"063_951606636-1024&amp;#215;640\" data-image-description=\"\" data-image-caption=\"\" data-medium-file=\"https:\/\/i0.wp.com\/gersonguelmann.com.br\/blog\/wp-content\/uploads\/2018\/04\/063_951606636-1024x640.jpg?fit=300%2C188&amp;ssl=1\" data-large-file=\"https:\/\/i0.wp.com\/gersonguelmann.com.br\/blog\/wp-content\/uploads\/2018\/04\/063_951606636-1024x640.jpg?fit=640%2C400&amp;ssl=1\" class=\"size-medium wp-image-12243 aligncenter\" src=\"https:\/\/i0.wp.com\/gersonguelmann.com.br\/blog\/wp-content\/uploads\/2018\/04\/063_951606636-1024x640.jpg?resize=300%2C188&#038;ssl=1\" alt=\"\" width=\"300\" height=\"188\" srcset=\"https:\/\/i0.wp.com\/gersonguelmann.com.br\/blog\/wp-content\/uploads\/2018\/04\/063_951606636-1024x640.jpg?resize=300%2C188&amp;ssl=1 300w, https:\/\/i0.wp.com\/gersonguelmann.com.br\/blog\/wp-content\/uploads\/2018\/04\/063_951606636-1024x640.jpg?resize=768%2C480&amp;ssl=1 768w, https:\/\/i0.wp.com\/gersonguelmann.com.br\/blog\/wp-content\/uploads\/2018\/04\/063_951606636-1024x640.jpg?resize=1024%2C640&amp;ssl=1 1024w\" sizes=\"(max-width: 300px) 100vw, 300px\" \/><\/p>\n<p><span style=\"color: #000000; font-size: 14pt;\">No final da exibi\u00e7\u00e3o, Spielberg come\u00e7ou por confessar que n\u00e3o via\u00a0<strong><em>A Lista de Schindler<\/em><\/strong>\u00a0numa sala de cinema desde a estreia, quando acompanhou o lan\u00e7amento na Am\u00e9rica e em diferentes pa\u00edses da Europa. \u201cForam tantos momentos, e t\u00e3o intensos\u2026\u201d, recordou o realizador.<\/span><\/p>\n<p><span style=\"color: #000000; font-size: 14pt;\">Logo de seguida, a moderadora, Janet Maslin \u2013 cr\u00edtica de cinema no\u00a0<strong><em>The New York Times<\/em>\u00a0<\/strong>\u2013, perguntou-lhe como tinha vivido esta revisita\u00e7\u00e3o da sua obra. \u201cVi o filme e senti-me verdadeiramente orgulhoso; muito, muito orgulhoso\u201d, respondeu, confessando depois que n\u00e3o mais voltara, na sua carreira, a experimentar a mesma sensa\u00e7\u00e3o de ter conseguido concretizar \u201calgo t\u00e3o significativo\u201d.<\/span><\/p>\n<p><strong><span style=\"color: #000000; font-size: 14pt;\">Um livro muito denso<\/span><\/strong><\/p>\n<p><span style=\"color: #000000; font-size: 14pt;\">O realizador explicou tamb\u00e9m que tomou contacto com o romance de Thomas Keneally,\u00a0<strong><em>Schindler\u2019s Ark<\/em>,<\/strong> uma d\u00e9cada antes, em 1982, quando acabara de filmar\u00a0<strong><em>ET \u2013 O Extraterrestre<\/em><\/strong>. Chamaram-lhe a aten\u00e7\u00e3o para uma recens\u00e3o cr\u00edtica ao livro e recorda que demorou um m\u00eas a l\u00ea-lo. \u201cEra muito denso. E era muito dif\u00edcil, porque estava cheio de factos hist\u00f3ricos\u201d, notou.<\/span><\/p>\n<p><span style=\"color: #000000; font-size: 14pt;\">Uma d\u00e9cada depois, quando recebeu o argumento de Steven Zaillian, leu-o em conjunto com a mulher, Kate Capshaw, cada um deles a chorar sempre que terminavam uma p\u00e1gina. E decidiu ent\u00e3o realizar o projecto, mesmo se na altura estava a meio da rodagem de\u00a0<strong><em>Jurassic Park<\/em><\/strong>\u00a0(1993).<\/span><\/p>\n<p><span style=\"color: #000000; font-size: 14pt;\">O dramatismo do tema e a atmosfera em que decorreu a rodagem do filme na Pol\u00f3nia e junto ao campo de concentra\u00e7\u00e3o de Auschwitz proporcionaram, sem surpresa, os momentos mais emotivos da sess\u00e3o no Beacon Theatre. Com a sua voz grave e o sotaque irland\u00eas, Liam Neeson recordou que nesse in\u00edcio da d\u00e9cada de 90 se estava a apaixonar por Natasha Richardson, com quem ent\u00e3o contracenava na Broadway, numa pe\u00e7a de Eugene O\u2019Neill,\u00a0<strong><em>Anna Christie<\/em><\/strong>. Mas quando chegou ao\u00a0<strong><em>plateau<\/em><\/strong>\u00a0de\u00a0<strong><em>A Lista de Schindler<\/em><\/strong>, na Pol\u00f3nia, a habitual atmosfera distendida das rodagens de Hollywood deu lugar ao sil\u00eancio e \u00e0 como\u00e7\u00e3o. Um dia, \u201ceram 5h30 da manh\u00e3\u201d \u2013 recordou o actor \u2013, \u201ccongelava-se de frio, havia c\u00e3es, e o Steven andava de um lado para o outro, com toda a gente sob grande tens\u00e3o\u201d. A certa altura, o croata Branko Lustig, um dos produtores do filme, aproxima-se de Liam Neeson, coloca o bra\u00e7o sobre o ombro, aponta para um dos pavilh\u00f5es de Auschwitz e diz-lhe: \u201cV\u00eas aquele pavilh\u00e3o? Eu estive ali\u201d. \u201cIsso bateu-me\u201d, disse o actor. \u201cFoi um grande momento, um grande momento. E continuei a enganar-me nas deixas, constantemente\u2026\u201d.<\/span><\/p>\n<p><strong><span style=\"color: #000000; font-size: 14pt;\">Quando a linguagem falha<\/span><\/strong><\/p>\n<p><span style=\"color: #000000; font-size: 14pt;\">A seu lado, no palco do Beacon Theatre, Ben Kingsley (que no filme interpreta a personagem de Itzhak Stern, o contabilista de Schindler) lembrou que atenuava a tens\u00e3o do ambiente da rodagem trocando com Neeson sucessivos\u00a0<em>shots<\/em>\u00a0de <strong>\u201c<em>good luck vodka<\/em>\u201d<\/strong>. E citou o cr\u00edtico liter\u00e1rio George Steiner: \u201cQuando usas as palavras para descrever o Holocausto, a linguagem falha\u201d. Mas &#8220;nas m\u00e3os de um mestre\u201d, referindo-se a Spielberg, \u201cpercebemos o que realmente aconteceu\u201d.<\/span><\/p>\n<p><span style=\"color: #000000; font-size: 14pt;\">O realizador tinha j\u00e1 tamb\u00e9m confidenciado que, agora, no visionamento do filme em Nova Iorque, o que mais o tinha impressionado fora, na sequ\u00eancia final depois do gen\u00e9rico, quando coloca os sobreviventes reais do Holocausto a desfilar junto ao t\u00famulo de Oskar Schindler num cemit\u00e9rio de Jerusal\u00e9m: \u201cO olhar demorado que Emile Schindler, a sua vi\u00fava, lan\u00e7a sobre a campa, que ela nunca tinha antes visitado\u201d. \u201cIsso bateu-me agora verdadeiramente, pela primeira vez\u201d, acrescentou Spielberg, que na altura da rodagem n\u00e3o se tinha apercebido da intensidade do momento por se encontrar atr\u00e1s da c\u00e2mara.<\/span><\/p>\n<p><img data-recalc-dims=\"1\" decoding=\"async\" data-attachment-id=\"12244\" data-permalink=\"https:\/\/gersonguelmann.com.br\/blog\/oskar-schindler-110-anos-de-um-justo-entre-as-nacoes\/girl-in-red-e1374250305169-640x400\/\" data-orig-file=\"https:\/\/i0.wp.com\/gersonguelmann.com.br\/blog\/wp-content\/uploads\/2018\/04\/Girl-in-red-e1374250305169-640x400.png?fit=640%2C400&amp;ssl=1\" data-orig-size=\"640,400\" data-comments-opened=\"1\" data-image-meta=\"{&quot;aperture&quot;:&quot;0&quot;,&quot;credit&quot;:&quot;&quot;,&quot;camera&quot;:&quot;&quot;,&quot;caption&quot;:&quot;&quot;,&quot;created_timestamp&quot;:&quot;0&quot;,&quot;copyright&quot;:&quot;&quot;,&quot;focal_length&quot;:&quot;0&quot;,&quot;iso&quot;:&quot;0&quot;,&quot;shutter_speed&quot;:&quot;0&quot;,&quot;title&quot;:&quot;&quot;,&quot;orientation&quot;:&quot;0&quot;}\" data-image-title=\"Girl-in-red-e1374250305169-640&amp;#215;400\" data-image-description=\"\" data-image-caption=\"\" data-medium-file=\"https:\/\/i0.wp.com\/gersonguelmann.com.br\/blog\/wp-content\/uploads\/2018\/04\/Girl-in-red-e1374250305169-640x400.png?fit=300%2C188&amp;ssl=1\" data-large-file=\"https:\/\/i0.wp.com\/gersonguelmann.com.br\/blog\/wp-content\/uploads\/2018\/04\/Girl-in-red-e1374250305169-640x400.png?fit=640%2C400&amp;ssl=1\" class=\"size-medium wp-image-12244 aligncenter\" src=\"https:\/\/i0.wp.com\/gersonguelmann.com.br\/blog\/wp-content\/uploads\/2018\/04\/Girl-in-red-e1374250305169-640x400.png?resize=300%2C188&#038;ssl=1\" alt=\"\" width=\"300\" height=\"188\" srcset=\"https:\/\/i0.wp.com\/gersonguelmann.com.br\/blog\/wp-content\/uploads\/2018\/04\/Girl-in-red-e1374250305169-640x400.png?resize=300%2C188&amp;ssl=1 300w, https:\/\/i0.wp.com\/gersonguelmann.com.br\/blog\/wp-content\/uploads\/2018\/04\/Girl-in-red-e1374250305169-640x400.png?resize=640%2C400&amp;ssl=1 640w\" sizes=\"(max-width: 300px) 100vw, 300px\" \/><\/p>\n<div id=\"supplemental-slot_container\" class=\"pba_recommendation_widget supplemental-slot supplemental-slot--inline\">\n<aside class=\"module module--more-links more-links\">\n<header><span style=\"color: #000000; font-size: 14pt;\">O autor de\u00a0<strong><em>A Ponte dos Espi\u00f5es<\/em><\/strong>\u00a0lembrou tamb\u00e9m como esses duros dias de rodagem de um filme que testemunhava a barb\u00e1rie nazi foram ainda mais assombrados pela constata\u00e7\u00e3o de que o anti-semitismo prevalecia na Pol\u00f3nia, meio s\u00e9culo ap\u00f3s o final da guerra. Quando Ralph Fiennes (que interpreta o oficial nazi Amon Goeth\u00a0\u2013 e que n\u00e3o esteve presente na sess\u00e3o do Festival de Tribeca) passava com o seu uniforme das SS junto a uma casa, uma moradora chamou-o e manifestou-lhe o lamento de que a pol\u00edcia nazi n\u00e3o continuasse a existir, para a \u201cproteger\u201d&#8230; E Kingsley lembrou que por diversas vezes se viram cruzes su\u00e1sticas pintadas nas paredes dos cen\u00e1rios de<strong>\u00a0<em>A Lista de Schindler<\/em><\/strong>.\u00a0<\/span><span style=\"color: #000000; font-size: 14pt;\">Depois de esclarecer \u2013 respondendo a nova pergunta de Janet Maslin \u2013 que, ao contr\u00e1rio do que chegou a ser noticiado, Mel Gibson nunca fora equacionado para o papel de Oskar Schindler, mas que, ao contr\u00e1rio, Martin Scorsese tinha sido o primeiro nome sondado para a realiza\u00e7\u00e3o do filme, Spielberg revelou o nome de quem o ajudou a viver esses momentos dif\u00edceis de confronto com a mem\u00f3ria e as evid\u00eancias do Holocausto, e a manter a sanidade f\u00edsica e mental: al\u00e9m de importar, para toda a equipa, grava\u00e7\u00f5es do<strong>\u00a0<em>talk show\u00a0<\/em><\/strong>Saturday Night Live, falava ao telefone com o amigo (j\u00e1 desaparecido) Robin Williams. \u201cEle fazia-me 15 minutos de\u00a0<strong><em>stand-up comedy<\/em><\/strong>; nunca dizia adeus, e s\u00f3 desligava quando ouvisse a minha maior gargalhada\u201d.<\/span><\/header>\n<header><\/header>\n<header><span style=\"font-family: georgia, palatino, serif; font-size: 18pt; color: #000000;\">Mat\u00e9ria publicada originalmente em<\/span><br \/>\n<span style=\"color: #0000ff;\"><em><strong><span style=\"font-family: georgia, palatino, serif; font-size: 18pt;\">https:\/\/www.publico.pt\/2018\/04\/27\/culturaipsilon\/noticia\/como-robin-williams-ajudou-spielberg-a-rodar-a-lista-de-schindler-1815556<\/span><\/strong><\/em><\/span>\u00a0<\/header>\n<\/aside>\n<\/div>\n<\/div>\n","protected":false},"excerpt":{"rendered":"<p>Oskar Schindler Svitavy,\u00a0Mor\u00e1via\u00a0(atual\u00a0Rep\u00fablica Checa), 28\/4\/1908 Hildesheim,\u00a0Baixa Sax\u00f4nia, 9\/10\/1974 O dia de hoje marca o 110\u00ba anivers\u00e1rio de nascimento de\u00a0Oskar Schindler, considerado pelo Museu do Holocausto de Jerusal\u00e9m\u00a0 &#8220;Um Justo Entre as Na\u00e7\u00f5es&#8220;. Em mem\u00f3ria do homem que salvou as vidas de quase 1.200 judeus, transcrevo mat\u00e9ria publicada ontem no jornal P\u00fablico de Portugal, acerca dos [&hellip;]<\/p>\n","protected":false},"author":5,"featured_media":12241,"comment_status":"open","ping_status":"open","sticky":false,"template":"","format":"standard","meta":{"_acf_changed":false,"jetpack_post_was_ever_published":false,"_jetpack_newsletter_access":"","_jetpack_dont_email_post_to_subs":false,"_jetpack_newsletter_tier_id":0,"_jetpack_memberships_contains_paywalled_content":false,"_jetpack_memberships_contains_paid_content":false,"footnotes":"","jetpack_publicize_message":"","jetpack_publicize_feature_enabled":true,"jetpack_social_post_already_shared":true,"jetpack_social_options":{"image_generator_settings":{"template":"highway","default_image_id":0,"font":"","enabled":false},"version":2}},"categories":[1],"tags":[],"class_list":["post-12240","post","type-post","status-publish","format-standard","has-post-thumbnail","hentry","category-sem-categoria"],"acf":[],"yoast_head":"<!-- This site is optimized with the Yoast SEO plugin v27.3 - https:\/\/yoast.com\/product\/yoast-seo-wordpress\/ -->\n<title>Oskar Schindler, 110 Anos de Um Justo Entre as Na\u00e7\u00f5es | Blog do Guelmann<\/title>\n<meta name=\"robots\" content=\"index, follow, max-snippet:-1, max-image-preview:large, max-video-preview:-1\" \/>\n<link rel=\"canonical\" href=\"https:\/\/gersonguelmann.com.br\/blog\/oskar-schindler-110-anos-de-um-justo-entre-as-nacoes\/\" \/>\n<meta property=\"og:locale\" content=\"pt_BR\" \/>\n<meta property=\"og:type\" content=\"article\" \/>\n<meta property=\"og:title\" content=\"Oskar Schindler, 110 Anos de Um Justo Entre as Na\u00e7\u00f5es | Blog do Guelmann\" \/>\n<meta property=\"og:description\" content=\"Oskar Schindler Svitavy,\u00a0Mor\u00e1via\u00a0(atual\u00a0Rep\u00fablica Checa), 28\/4\/1908 Hildesheim,\u00a0Baixa Sax\u00f4nia, 9\/10\/1974 O dia de hoje marca o 110\u00ba anivers\u00e1rio de nascimento de\u00a0Oskar Schindler, considerado pelo Museu do Holocausto de Jerusal\u00e9m\u00a0 &#8220;Um Justo Entre as Na\u00e7\u00f5es&#8220;. Em mem\u00f3ria do homem que salvou as vidas de quase 1.200 judeus, transcrevo mat\u00e9ria publicada ontem no jornal P\u00fablico de Portugal, acerca dos [&hellip;]\" \/>\n<meta property=\"og:url\" content=\"https:\/\/gersonguelmann.com.br\/blog\/oskar-schindler-110-anos-de-um-justo-entre-as-nacoes\/\" \/>\n<meta property=\"og:site_name\" content=\"Blog do Guelmann\" \/>\n<meta property=\"article:published_time\" content=\"2018-04-28T23:38:28+00:00\" \/>\n<meta property=\"article:modified_time\" content=\"2018-04-28T23:48:15+00:00\" \/>\n<meta property=\"og:image\" content=\"https:\/\/i0.wp.com\/gersonguelmann.com.br\/blog\/wp-content\/uploads\/2018\/04\/OS.jpg?fit=299%2C168&ssl=1\" \/>\n\t<meta property=\"og:image:width\" content=\"299\" \/>\n\t<meta property=\"og:image:height\" content=\"168\" \/>\n\t<meta property=\"og:image:type\" content=\"image\/jpeg\" \/>\n<meta name=\"author\" content=\"Gerson Guelmann\" \/>\n<meta name=\"twitter:card\" content=\"summary_large_image\" \/>\n<meta name=\"twitter:label1\" content=\"Escrito por\" \/>\n\t<meta name=\"twitter:data1\" content=\"Gerson Guelmann\" \/>\n\t<meta name=\"twitter:label2\" content=\"Est. tempo de leitura\" \/>\n\t<meta name=\"twitter:data2\" content=\"6 minutos\" \/>\n<script type=\"application\/ld+json\" class=\"yoast-schema-graph\">{\"@context\":\"https:\\\/\\\/schema.org\",\"@graph\":[{\"@type\":\"Article\",\"@id\":\"https:\\\/\\\/gersonguelmann.com.br\\\/blog\\\/oskar-schindler-110-anos-de-um-justo-entre-as-nacoes\\\/#article\",\"isPartOf\":{\"@id\":\"https:\\\/\\\/gersonguelmann.com.br\\\/blog\\\/oskar-schindler-110-anos-de-um-justo-entre-as-nacoes\\\/\"},\"author\":{\"name\":\"Gerson Guelmann\",\"@id\":\"https:\\\/\\\/gersonguelmann.com.br\\\/blog\\\/#\\\/schema\\\/person\\\/87e70e2a786888082f941a482c90569e\"},\"headline\":\"Oskar Schindler, 110 Anos de Um Justo Entre as Na\u00e7\u00f5es\",\"datePublished\":\"2018-04-28T23:38:28+00:00\",\"dateModified\":\"2018-04-28T23:48:15+00:00\",\"mainEntityOfPage\":{\"@id\":\"https:\\\/\\\/gersonguelmann.com.br\\\/blog\\\/oskar-schindler-110-anos-de-um-justo-entre-as-nacoes\\\/\"},\"wordCount\":1197,\"commentCount\":0,\"image\":{\"@id\":\"https:\\\/\\\/gersonguelmann.com.br\\\/blog\\\/oskar-schindler-110-anos-de-um-justo-entre-as-nacoes\\\/#primaryimage\"},\"thumbnailUrl\":\"https:\\\/\\\/i0.wp.com\\\/gersonguelmann.com.br\\\/blog\\\/wp-content\\\/uploads\\\/2018\\\/04\\\/OS.jpg?fit=299%2C168&ssl=1\",\"inLanguage\":\"pt-BR\",\"potentialAction\":[{\"@type\":\"CommentAction\",\"name\":\"Comment\",\"target\":[\"https:\\\/\\\/gersonguelmann.com.br\\\/blog\\\/oskar-schindler-110-anos-de-um-justo-entre-as-nacoes\\\/#respond\"]}]},{\"@type\":\"WebPage\",\"@id\":\"https:\\\/\\\/gersonguelmann.com.br\\\/blog\\\/oskar-schindler-110-anos-de-um-justo-entre-as-nacoes\\\/\",\"url\":\"https:\\\/\\\/gersonguelmann.com.br\\\/blog\\\/oskar-schindler-110-anos-de-um-justo-entre-as-nacoes\\\/\",\"name\":\"Oskar Schindler, 110 Anos de Um Justo Entre as Na\u00e7\u00f5es | Blog do Guelmann\",\"isPartOf\":{\"@id\":\"https:\\\/\\\/gersonguelmann.com.br\\\/blog\\\/#website\"},\"primaryImageOfPage\":{\"@id\":\"https:\\\/\\\/gersonguelmann.com.br\\\/blog\\\/oskar-schindler-110-anos-de-um-justo-entre-as-nacoes\\\/#primaryimage\"},\"image\":{\"@id\":\"https:\\\/\\\/gersonguelmann.com.br\\\/blog\\\/oskar-schindler-110-anos-de-um-justo-entre-as-nacoes\\\/#primaryimage\"},\"thumbnailUrl\":\"https:\\\/\\\/i0.wp.com\\\/gersonguelmann.com.br\\\/blog\\\/wp-content\\\/uploads\\\/2018\\\/04\\\/OS.jpg?fit=299%2C168&ssl=1\",\"datePublished\":\"2018-04-28T23:38:28+00:00\",\"dateModified\":\"2018-04-28T23:48:15+00:00\",\"author\":{\"@id\":\"https:\\\/\\\/gersonguelmann.com.br\\\/blog\\\/#\\\/schema\\\/person\\\/87e70e2a786888082f941a482c90569e\"},\"inLanguage\":\"pt-BR\",\"potentialAction\":[{\"@type\":\"ReadAction\",\"target\":[\"https:\\\/\\\/gersonguelmann.com.br\\\/blog\\\/oskar-schindler-110-anos-de-um-justo-entre-as-nacoes\\\/\"]}]},{\"@type\":\"ImageObject\",\"inLanguage\":\"pt-BR\",\"@id\":\"https:\\\/\\\/gersonguelmann.com.br\\\/blog\\\/oskar-schindler-110-anos-de-um-justo-entre-as-nacoes\\\/#primaryimage\",\"url\":\"https:\\\/\\\/i0.wp.com\\\/gersonguelmann.com.br\\\/blog\\\/wp-content\\\/uploads\\\/2018\\\/04\\\/OS.jpg?fit=299%2C168&ssl=1\",\"contentUrl\":\"https:\\\/\\\/i0.wp.com\\\/gersonguelmann.com.br\\\/blog\\\/wp-content\\\/uploads\\\/2018\\\/04\\\/OS.jpg?fit=299%2C168&ssl=1\",\"width\":299,\"height\":168},{\"@type\":\"WebSite\",\"@id\":\"https:\\\/\\\/gersonguelmann.com.br\\\/blog\\\/#website\",\"url\":\"https:\\\/\\\/gersonguelmann.com.br\\\/blog\\\/\",\"name\":\"Blog do Guelmann\",\"description\":\"Pitadas da sabedoria e do humor judaicos, assuntos do momento e um pouco das hist\u00f3rias que vivi e testemunhei.\",\"potentialAction\":[{\"@type\":\"SearchAction\",\"target\":{\"@type\":\"EntryPoint\",\"urlTemplate\":\"https:\\\/\\\/gersonguelmann.com.br\\\/blog\\\/?s={search_term_string}\"},\"query-input\":{\"@type\":\"PropertyValueSpecification\",\"valueRequired\":true,\"valueName\":\"search_term_string\"}}],\"inLanguage\":\"pt-BR\"},{\"@type\":\"Person\",\"@id\":\"https:\\\/\\\/gersonguelmann.com.br\\\/blog\\\/#\\\/schema\\\/person\\\/87e70e2a786888082f941a482c90569e\",\"name\":\"Gerson Guelmann\",\"image\":{\"@type\":\"ImageObject\",\"inLanguage\":\"pt-BR\",\"@id\":\"https:\\\/\\\/i0.wp.com\\\/gersonguelmann.com.br\\\/blog\\\/wp-content\\\/uploads\\\/2021\\\/08\\\/BLOG.jpeg?fit=96%2C96&ssl=1\",\"url\":\"https:\\\/\\\/i0.wp.com\\\/gersonguelmann.com.br\\\/blog\\\/wp-content\\\/uploads\\\/2021\\\/08\\\/BLOG.jpeg?fit=96%2C96&ssl=1\",\"contentUrl\":\"https:\\\/\\\/i0.wp.com\\\/gersonguelmann.com.br\\\/blog\\\/wp-content\\\/uploads\\\/2021\\\/08\\\/BLOG.jpeg?fit=96%2C96&ssl=1\",\"caption\":\"Gerson Guelmann\"},\"description\":\"Pitadas da sabedoria e do humor judaicos, assuntos do momento e um pouco das hist\u00f3rias que vivi e testemunhei.\"}]}<\/script>\n<!-- \/ Yoast SEO plugin. -->","yoast_head_json":{"title":"Oskar Schindler, 110 Anos de Um Justo Entre as Na\u00e7\u00f5es | Blog do Guelmann","robots":{"index":"index","follow":"follow","max-snippet":"max-snippet:-1","max-image-preview":"max-image-preview:large","max-video-preview":"max-video-preview:-1"},"canonical":"https:\/\/gersonguelmann.com.br\/blog\/oskar-schindler-110-anos-de-um-justo-entre-as-nacoes\/","og_locale":"pt_BR","og_type":"article","og_title":"Oskar Schindler, 110 Anos de Um Justo Entre as Na\u00e7\u00f5es | Blog do Guelmann","og_description":"Oskar Schindler Svitavy,\u00a0Mor\u00e1via\u00a0(atual\u00a0Rep\u00fablica Checa), 28\/4\/1908 Hildesheim,\u00a0Baixa Sax\u00f4nia, 9\/10\/1974 O dia de hoje marca o 110\u00ba anivers\u00e1rio de nascimento de\u00a0Oskar Schindler, considerado pelo Museu do Holocausto de Jerusal\u00e9m\u00a0 &#8220;Um Justo Entre as Na\u00e7\u00f5es&#8220;. Em mem\u00f3ria do homem que salvou as vidas de quase 1.200 judeus, transcrevo mat\u00e9ria publicada ontem no jornal P\u00fablico de Portugal, acerca dos [&hellip;]","og_url":"https:\/\/gersonguelmann.com.br\/blog\/oskar-schindler-110-anos-de-um-justo-entre-as-nacoes\/","og_site_name":"Blog do Guelmann","article_published_time":"2018-04-28T23:38:28+00:00","article_modified_time":"2018-04-28T23:48:15+00:00","og_image":[{"width":299,"height":168,"url":"https:\/\/i0.wp.com\/gersonguelmann.com.br\/blog\/wp-content\/uploads\/2018\/04\/OS.jpg?fit=299%2C168&ssl=1","type":"image\/jpeg"}],"author":"Gerson Guelmann","twitter_card":"summary_large_image","twitter_misc":{"Escrito por":"Gerson Guelmann","Est. tempo de leitura":"6 minutos"},"schema":{"@context":"https:\/\/schema.org","@graph":[{"@type":"Article","@id":"https:\/\/gersonguelmann.com.br\/blog\/oskar-schindler-110-anos-de-um-justo-entre-as-nacoes\/#article","isPartOf":{"@id":"https:\/\/gersonguelmann.com.br\/blog\/oskar-schindler-110-anos-de-um-justo-entre-as-nacoes\/"},"author":{"name":"Gerson Guelmann","@id":"https:\/\/gersonguelmann.com.br\/blog\/#\/schema\/person\/87e70e2a786888082f941a482c90569e"},"headline":"Oskar Schindler, 110 Anos de Um Justo Entre as Na\u00e7\u00f5es","datePublished":"2018-04-28T23:38:28+00:00","dateModified":"2018-04-28T23:48:15+00:00","mainEntityOfPage":{"@id":"https:\/\/gersonguelmann.com.br\/blog\/oskar-schindler-110-anos-de-um-justo-entre-as-nacoes\/"},"wordCount":1197,"commentCount":0,"image":{"@id":"https:\/\/gersonguelmann.com.br\/blog\/oskar-schindler-110-anos-de-um-justo-entre-as-nacoes\/#primaryimage"},"thumbnailUrl":"https:\/\/i0.wp.com\/gersonguelmann.com.br\/blog\/wp-content\/uploads\/2018\/04\/OS.jpg?fit=299%2C168&ssl=1","inLanguage":"pt-BR","potentialAction":[{"@type":"CommentAction","name":"Comment","target":["https:\/\/gersonguelmann.com.br\/blog\/oskar-schindler-110-anos-de-um-justo-entre-as-nacoes\/#respond"]}]},{"@type":"WebPage","@id":"https:\/\/gersonguelmann.com.br\/blog\/oskar-schindler-110-anos-de-um-justo-entre-as-nacoes\/","url":"https:\/\/gersonguelmann.com.br\/blog\/oskar-schindler-110-anos-de-um-justo-entre-as-nacoes\/","name":"Oskar Schindler, 110 Anos de Um Justo Entre as Na\u00e7\u00f5es | Blog do Guelmann","isPartOf":{"@id":"https:\/\/gersonguelmann.com.br\/blog\/#website"},"primaryImageOfPage":{"@id":"https:\/\/gersonguelmann.com.br\/blog\/oskar-schindler-110-anos-de-um-justo-entre-as-nacoes\/#primaryimage"},"image":{"@id":"https:\/\/gersonguelmann.com.br\/blog\/oskar-schindler-110-anos-de-um-justo-entre-as-nacoes\/#primaryimage"},"thumbnailUrl":"https:\/\/i0.wp.com\/gersonguelmann.com.br\/blog\/wp-content\/uploads\/2018\/04\/OS.jpg?fit=299%2C168&ssl=1","datePublished":"2018-04-28T23:38:28+00:00","dateModified":"2018-04-28T23:48:15+00:00","author":{"@id":"https:\/\/gersonguelmann.com.br\/blog\/#\/schema\/person\/87e70e2a786888082f941a482c90569e"},"inLanguage":"pt-BR","potentialAction":[{"@type":"ReadAction","target":["https:\/\/gersonguelmann.com.br\/blog\/oskar-schindler-110-anos-de-um-justo-entre-as-nacoes\/"]}]},{"@type":"ImageObject","inLanguage":"pt-BR","@id":"https:\/\/gersonguelmann.com.br\/blog\/oskar-schindler-110-anos-de-um-justo-entre-as-nacoes\/#primaryimage","url":"https:\/\/i0.wp.com\/gersonguelmann.com.br\/blog\/wp-content\/uploads\/2018\/04\/OS.jpg?fit=299%2C168&ssl=1","contentUrl":"https:\/\/i0.wp.com\/gersonguelmann.com.br\/blog\/wp-content\/uploads\/2018\/04\/OS.jpg?fit=299%2C168&ssl=1","width":299,"height":168},{"@type":"WebSite","@id":"https:\/\/gersonguelmann.com.br\/blog\/#website","url":"https:\/\/gersonguelmann.com.br\/blog\/","name":"Blog do Guelmann","description":"Pitadas da sabedoria e do humor judaicos, assuntos do momento e um pouco das hist\u00f3rias que vivi e testemunhei.","potentialAction":[{"@type":"SearchAction","target":{"@type":"EntryPoint","urlTemplate":"https:\/\/gersonguelmann.com.br\/blog\/?s={search_term_string}"},"query-input":{"@type":"PropertyValueSpecification","valueRequired":true,"valueName":"search_term_string"}}],"inLanguage":"pt-BR"},{"@type":"Person","@id":"https:\/\/gersonguelmann.com.br\/blog\/#\/schema\/person\/87e70e2a786888082f941a482c90569e","name":"Gerson Guelmann","image":{"@type":"ImageObject","inLanguage":"pt-BR","@id":"https:\/\/i0.wp.com\/gersonguelmann.com.br\/blog\/wp-content\/uploads\/2021\/08\/BLOG.jpeg?fit=96%2C96&ssl=1","url":"https:\/\/i0.wp.com\/gersonguelmann.com.br\/blog\/wp-content\/uploads\/2021\/08\/BLOG.jpeg?fit=96%2C96&ssl=1","contentUrl":"https:\/\/i0.wp.com\/gersonguelmann.com.br\/blog\/wp-content\/uploads\/2021\/08\/BLOG.jpeg?fit=96%2C96&ssl=1","caption":"Gerson Guelmann"},"description":"Pitadas da sabedoria e do humor judaicos, assuntos do momento e um pouco das hist\u00f3rias que vivi e testemunhei."}]}},"views":54,"jetpack_publicize_connections":[],"jetpack_featured_media_url":"https:\/\/i0.wp.com\/gersonguelmann.com.br\/blog\/wp-content\/uploads\/2018\/04\/OS.jpg?fit=299%2C168&ssl=1","jetpack_shortlink":"https:\/\/wp.me\/p96e7O-3bq","jetpack-related-posts":[{"id":16044,"url":"https:\/\/gersonguelmann.com.br\/blog\/a-lista-de-schindler-na-sinagoga-de-budapest\/","url_meta":{"origin":12240,"position":0},"title":"A Lista de Schindler na Sinagoga de Budapest","author":"Gerson Guelmann","date":"28 de fevereiro de 2019","format":false,"excerpt":"A trilha sonora do filme \"A Lista de Schindler\" foi apresentada na maior Sinagoga da Europa, em Budapeste, em 2017. Os m\u00fasicos Csongor Korossy-Khayll ao violino e Xaver Varnus, Balazs Barnkopf e Balazs Elischer, estes tr\u00eas ao \u00f3rg\u00e3o, gravaram ao vivo a m\u00fasica-tema do filme, que pode ser ouvida no\u2026","rel":"","context":"Em &quot;Sem categoria&quot;","block_context":{"text":"Sem categoria","link":"https:\/\/gersonguelmann.com.br\/blog\/category\/sem-categoria\/"},"img":{"alt_text":"","src":"https:\/\/i0.wp.com\/gersonguelmann.com.br\/blog\/wp-content\/uploads\/2019\/02\/filme.png?fit=1200%2C657&ssl=1&resize=350%2C200","width":350,"height":200,"srcset":"https:\/\/i0.wp.com\/gersonguelmann.com.br\/blog\/wp-content\/uploads\/2019\/02\/filme.png?fit=1200%2C657&ssl=1&resize=350%2C200 1x, https:\/\/i0.wp.com\/gersonguelmann.com.br\/blog\/wp-content\/uploads\/2019\/02\/filme.png?fit=1200%2C657&ssl=1&resize=525%2C300 1.5x, https:\/\/i0.wp.com\/gersonguelmann.com.br\/blog\/wp-content\/uploads\/2019\/02\/filme.png?fit=1200%2C657&ssl=1&resize=700%2C400 2x, https:\/\/i0.wp.com\/gersonguelmann.com.br\/blog\/wp-content\/uploads\/2019\/02\/filme.png?fit=1200%2C657&ssl=1&resize=1050%2C600 3x"},"classes":[]},{"id":6116,"url":"https:\/\/gersonguelmann.com.br\/blog\/os-800-judeus-salvos-por-gino-bartali-um-justo-entre-as-nacoes\/","url_meta":{"origin":12240,"position":1},"title":"Os 800 Judeus Salvos por Gino Bartali, Um Justo Entre as Na\u00e7\u00f5es","author":"Gerson Guelmann","date":"25 de dezembro de 2017","format":false,"excerpt":"Gino Bartali\u00a0foi um campe\u00e3o de ciclismo italiano que venceu duas vezes o Giro d'Italia (1936 e 1937) e uma vez o Tour de France (1938). Trabalhando como mensageiro do Ex\u00e9rcito, ele usou a bicicleta para transportar documentos falsos que permitiram a fuga de judeus para outros pa\u00edses, possibilitando que pelo\u2026","rel":"","context":"Em &quot;Sem categoria&quot;","block_context":{"text":"Sem categoria","link":"https:\/\/gersonguelmann.com.br\/blog\/category\/sem-categoria\/"},"img":{"alt_text":"","src":"https:\/\/i0.wp.com\/gersonguelmann.com.br\/blog\/wp-content\/uploads\/2017\/12\/GB-1.jpg?resize=350%2C200&ssl=1","width":350,"height":200},"classes":[]},{"id":10849,"url":"https:\/\/gersonguelmann.com.br\/blog\/aracy-moebius-de-carvalho-guimaraes-rosa-uma-justa-entre-as-nacoes-1\/","url_meta":{"origin":12240,"position":2},"title":"Aracy Moebius de Carvalho Guimar\u00e3es Rosa &#8211; Uma Justa Entre as Na\u00e7\u00f5es (1)","author":"Gerson Guelmann","date":"26 de mar\u00e7o de 2018","format":false,"excerpt":"Aracy Moebius de Carvalho Guimar\u00e3es Rosa Rio Negro (PR), 5\/12\/1908 S\u00e3o Paulo (SP), 28\/2\/2011 Come\u00e7o hoje uma s\u00e9rie que pretende homenagear pessoas reconhecidas pelo Museu do Holocausto de Israel como \"Justos Entre as Na\u00e7\u00f5es\". Escolhi para iniciar o nome de\u00a0Aracy\u00a0 Moebius de Carvalho-Guimar\u00e3es Rosa, que foi assistente do embaixador brasileiro\u2026","rel":"","context":"Em &quot;Sem categoria&quot;","block_context":{"text":"Sem categoria","link":"https:\/\/gersonguelmann.com.br\/blog\/category\/sem-categoria\/"},"img":{"alt_text":"","src":"https:\/\/i0.wp.com\/gersonguelmann.com.br\/blog\/wp-content\/uploads\/2018\/03\/AMGM.jpg?resize=350%2C200&ssl=1","width":350,"height":200},"classes":[]},{"id":9417,"url":"https:\/\/gersonguelmann.com.br\/blog\/festa-das-nacoes-neste-domingo\/","url_meta":{"origin":12240,"position":3},"title":"Festa das Na\u00e7\u00f5es, Neste Domingo","author":"Gerson Guelmann","date":"2 de mar\u00e7o de 2018","format":false,"excerpt":"Neste domingo, das 9 as 17h, voc\u00ea ter\u00e1 a oportunidade de conhecer a culin\u00e1ria de 20 pa\u00edses com os quais o Rotary Club mant\u00e9m programas de interc\u00e2mbio. A Festa das Na\u00e7\u00f5es, em sua 3\u00aa edi\u00e7\u00e3o, tem como objetivo apresentar a cultura e a culin\u00e1ria destes pa\u00edses, al\u00e9m de arrecadar recurso\u2026","rel":"","context":"Em &quot;Sem categoria&quot;","block_context":{"text":"Sem categoria","link":"https:\/\/gersonguelmann.com.br\/blog\/category\/sem-categoria\/"},"img":{"alt_text":"","src":"https:\/\/i0.wp.com\/gersonguelmann.com.br\/blog\/wp-content\/uploads\/2018\/03\/Festa-das-Na%C3%A7%C3%B5es.jpg?fit=960%2C640&ssl=1&resize=350%2C200","width":350,"height":200,"srcset":"https:\/\/i0.wp.com\/gersonguelmann.com.br\/blog\/wp-content\/uploads\/2018\/03\/Festa-das-Na%C3%A7%C3%B5es.jpg?fit=960%2C640&ssl=1&resize=350%2C200 1x, https:\/\/i0.wp.com\/gersonguelmann.com.br\/blog\/wp-content\/uploads\/2018\/03\/Festa-das-Na%C3%A7%C3%B5es.jpg?fit=960%2C640&ssl=1&resize=525%2C300 1.5x, https:\/\/i0.wp.com\/gersonguelmann.com.br\/blog\/wp-content\/uploads\/2018\/03\/Festa-das-Na%C3%A7%C3%B5es.jpg?fit=960%2C640&ssl=1&resize=700%2C400 2x"},"classes":[]},{"id":2674,"url":"https:\/\/gersonguelmann.com.br\/blog\/o-preconceito-escancarado\/","url_meta":{"origin":12240,"position":4},"title":"O Preconceito Escancarado","author":"Gerson Guelmann","date":"5 de fevereiro de 2021","format":false,"excerpt":"Foto: Sergio Cerrato - Pixabay O Fundo das Na\u00e7\u00f5es Unidas para a Inf\u00e2ncia, UNICEF, publicou em 2016 o v\u00eddeo de um experimento social feito em Tbilisi, capital da Ge\u00f3rgia. Os produtores selecionaram uma atriz de apenas 6 anos chamada Anano, que foi preparada para atuar em situa\u00e7\u00f5es diferentes. De in\u00edcio\u2026","rel":"","context":"Em &quot;Sem categoria&quot;","block_context":{"text":"Sem categoria","link":"https:\/\/gersonguelmann.com.br\/blog\/category\/sem-categoria\/"},"img":{"alt_text":"","src":"https:\/\/i0.wp.com\/gersonguelmann.com.br\/blog\/wp-content\/uploads\/2017\/10\/racism-5313930_1920.jpg?fit=1200%2C667&ssl=1&resize=350%2C200","width":350,"height":200,"srcset":"https:\/\/i0.wp.com\/gersonguelmann.com.br\/blog\/wp-content\/uploads\/2017\/10\/racism-5313930_1920.jpg?fit=1200%2C667&ssl=1&resize=350%2C200 1x, https:\/\/i0.wp.com\/gersonguelmann.com.br\/blog\/wp-content\/uploads\/2017\/10\/racism-5313930_1920.jpg?fit=1200%2C667&ssl=1&resize=525%2C300 1.5x, https:\/\/i0.wp.com\/gersonguelmann.com.br\/blog\/wp-content\/uploads\/2017\/10\/racism-5313930_1920.jpg?fit=1200%2C667&ssl=1&resize=700%2C400 2x, https:\/\/i0.wp.com\/gersonguelmann.com.br\/blog\/wp-content\/uploads\/2017\/10\/racism-5313930_1920.jpg?fit=1200%2C667&ssl=1&resize=1050%2C600 3x"},"classes":[]},{"id":5037,"url":"https:\/\/gersonguelmann.com.br\/blog\/70-anos-depois-israel-ainda-gradece\/","url_meta":{"origin":12240,"position":5},"title":"70 Anos Depois, Israel Ainda Agradece","author":"Gerson Guelmann","date":"29 de novembro de 2017","format":false,"excerpt":"\"Quem j\u00e1 ouviu uma coisa dessas? Quem j\u00e1 viu tais coisas? Pode uma na\u00e7\u00e3o nascer num s\u00f3 dia, ou, pode-se dar \u00e0 luz um povo num instante? Pois Si\u00e3o ainda estava em trabalho de parto, e deu \u00e0 luz seus filhos.\" (Isaias 66:8) \u00a0 H\u00e1 exatos 70 anos, na Assembl\u00e9ia\u2026","rel":"","context":"Em &quot;Sem categoria&quot;","block_context":{"text":"Sem categoria","link":"https:\/\/gersonguelmann.com.br\/blog\/category\/sem-categoria\/"},"img":{"alt_text":"","src":"https:\/\/i0.wp.com\/gersonguelmann.com.br\/blog\/wp-content\/uploads\/2017\/11\/Israel-300x168.png?resize=350%2C200&ssl=1","width":350,"height":200},"classes":[]}],"jetpack_sharing_enabled":true,"post_mailing_queue_ids":[],"_links":{"self":[{"href":"https:\/\/gersonguelmann.com.br\/blog\/wp-json\/wp\/v2\/posts\/12240","targetHints":{"allow":["GET"]}}],"collection":[{"href":"https:\/\/gersonguelmann.com.br\/blog\/wp-json\/wp\/v2\/posts"}],"about":[{"href":"https:\/\/gersonguelmann.com.br\/blog\/wp-json\/wp\/v2\/types\/post"}],"author":[{"embeddable":true,"href":"https:\/\/gersonguelmann.com.br\/blog\/wp-json\/wp\/v2\/users\/5"}],"replies":[{"embeddable":true,"href":"https:\/\/gersonguelmann.com.br\/blog\/wp-json\/wp\/v2\/comments?post=12240"}],"version-history":[{"count":0,"href":"https:\/\/gersonguelmann.com.br\/blog\/wp-json\/wp\/v2\/posts\/12240\/revisions"}],"wp:featuredmedia":[{"embeddable":true,"href":"https:\/\/gersonguelmann.com.br\/blog\/wp-json\/wp\/v2\/media\/12241"}],"wp:attachment":[{"href":"https:\/\/gersonguelmann.com.br\/blog\/wp-json\/wp\/v2\/media?parent=12240"}],"wp:term":[{"taxonomy":"category","embeddable":true,"href":"https:\/\/gersonguelmann.com.br\/blog\/wp-json\/wp\/v2\/categories?post=12240"},{"taxonomy":"post_tag","embeddable":true,"href":"https:\/\/gersonguelmann.com.br\/blog\/wp-json\/wp\/v2\/tags?post=12240"}],"curies":[{"name":"wp","href":"https:\/\/api.w.org\/{rel}","templated":true}]}}