    {"id":12263,"date":"2018-04-29T18:08:52","date_gmt":"2018-04-29T21:08:52","guid":{"rendered":"https:\/\/gersonguelmann.com.br\/blog\/?p=12263"},"modified":"2018-04-29T18:08:52","modified_gmt":"2018-04-29T21:08:52","slug":"saudade-de-mae-quem-nunca-sentiu","status":"publish","type":"post","link":"https:\/\/gersonguelmann.com.br\/blog\/saudade-de-mae-quem-nunca-sentiu\/","title":{"rendered":"Saudade De M\u00e3e, Quem Nunca Sentiu?"},"content":{"rendered":"<p><span style=\"color: #000000; font-family: georgia, palatino, serif; font-size: 18pt;\">Texto de\u00a0\u00a0Fab\u00edola Sim\u00f5es\u00a0publicado no Blog &#8220;<em>CONTI Outra<\/em>&#8220;:<\/span><\/p>\n<p class=\"entry-title\"><span style=\"font-size: 24pt;\"><strong><span style=\"color: #000000;\">\u201cA maior saudade que n\u00f3s vamos sentir na vida \u00e9 saudade de m\u00e3e\u2026 pois \u00e9 saudade de n\u00f3s mesmos!\u201d<\/span><\/strong><\/span><\/p>\n<p><span style=\"color: #000000; font-size: 14pt;\">Uma das lembran\u00e7as mais doces da minha inf\u00e2ncia \u00e9 a voz da minha m\u00e3e, no \u00e1trio da igrejinha que frequent\u00e1vamos, animando as crian\u00e7as da catequese com suas can\u00e7\u00f5es habituais. Ela era a coordenadora das catequistas, e embora eu me ressentisse da estreita possibilidade de t\u00ea-la s\u00f3 para mim, me orgulhava de v\u00ea-la t\u00e3o din\u00e2mica, alegre e confiante.<\/span><\/p>\n<p><span style=\"color: #000000; font-size: 14pt;\">Os anos se passaram e nos mudamos de par\u00f3quia, de cidade, de vida. Cresci, amadureci, me despedi. Por\u00e9m, de vez em quando ou\u00e7o a melodia conhecida e volto a enxergar minha m\u00e3e, no auge de seus trinta e poucos anos, gesticulando e pedindo\u00a0para cantar com mais entusiasmo. De vez em quando antecipo a saudade que um dia\u00a0vou ter\u00a0e me comovo ao recordar a mulher independente, segura e muito amorosa que ela ainda \u00e9.<\/span><\/p>\n<p><span style=\"color: #000000; font-size: 14pt;\">A maior saudade que vamos sentir na vida \u00e9 saudade de m\u00e3e. Pois a vida tem caminhos incompreens\u00edveis, e tudo se ajeita num colo de\u00a0m\u00e3e. Numa palavra doce ou mesmo numa bronca amarga feito caf\u00e9 sem a\u00e7\u00facar. Mas ainda assim, numa certeza de que logo tudo ficar\u00e1 bem.<\/span><\/p>\n<p><span style=\"color: #000000; font-size: 14pt;\">Ter saudade de nossas\u00a0m\u00e3es \u00e9 ter saudade de n\u00f3s mesmos.\u00a0Pois m\u00e3e \u00e9 lembrete. M\u00e3e nos ensina que, mesmo que\u00a0a vida caminhe, que a gente adquira experi\u00eancias boas ou ruins, que a gente endure\u00e7a com os tombos e fissuras, ainda assim sempre existir\u00e1 um recanto dentro de n\u00f3s a nos lembrar que a vida\u00a0n\u00e3o precisa ser dura para nos ensinar algo; que amor e toler\u00e2ncia tamb\u00e9m s\u00e3o jeitos eficazes da gente crescer e aprender.<\/span><\/p>\n<p><span style=\"color: #000000; font-size: 14pt;\">M\u00e3e \u00e9 a voz que n\u00e3o sai de dentro da gente mesmo que a gente tenha\u00a0acumulado tempo de sobra, dinheiro no banco e muita especializa\u00e7\u00e3o. Pois por tr\u00e1s de cada gabinete com ar condicionado e n\u00f3\u00a0na gravata,\u00a0h\u00e1 uma mulher que j\u00e1 deu broncas, mandou que\u00a0raspasse o prato\u00a0e lembrou de levar o casaco.<\/span><span style=\"color: #000000; font-size: 14pt;\">\u00a0<\/span><\/p>\n<p><span style=\"color: #000000; font-size: 14pt;\">M\u00e3e \u00e9 parceira das horas certas e tamb\u00e9m incertas. \u00c9 ombro nos arrependimentos e bronca construtiva nas escolhas mal feitas. M\u00e3e \u00e9 censura e tamb\u00e9m ternura,\u00a0cheiro de afeto e lembrete de \u201cengole o choro\u201d, intui\u00e7\u00e3o abundante e\u00a0prece incessante.<\/span><\/p>\n<p><span style=\"color: #000000; font-size: 14pt;\">Ao nos lembrar de nossas m\u00e3es, nos lembramos de quem fomos. Pois a constru\u00e7\u00e3o e lapida\u00e7\u00e3o de nossa exist\u00eancia se confunde com\u00a0antigos sons chamando no port\u00e3o, cheiro de perfume conhecido borrifado nos pulsos,\u00a0lembran\u00e7a de arrumar a cama e\u00a0tirar os p\u00e9s do sof\u00e1, assobio afinado, vestido\u00a0lavado e delicadeza em forma de cuidado.<\/span><\/p>\n<p><span style=\"color: #000000; font-size: 14pt;\">N\u00e3o h\u00e1 saudade maior que saudade de m\u00e3e. Pois m\u00e3e muda de casa, mas n\u00e3o sai de dentro da gente. M\u00e3e muda de estado, mas n\u00e3o se desliga. M\u00e3e percebe que o filho cresceu, mas n\u00e3o desiste.\u00a0M\u00e3e carimba passaporte, mas n\u00e3o\u00a0sai de perto.<\/span><\/p>\n<p><span style=\"color: #000000; font-size: 14pt;\">O tempo em que minha m\u00e3e cantava na catequese ficou l\u00e1 atr\u00e1s, junto com meus oito anos e muitas lembran\u00e7as. Hoje, depois de tanto ch\u00e3o e muitos acertos e desacertos, separa\u00e7\u00f5es e recome\u00e7os, perdas e ganhos, ela nos emociona\u00a0cantando no coral do C\u00edrculo Militar da cidade que escolheu para morar. Antecipo a saudade que vou sentir absorvendo cada\u00a0acorde do momento presente e tentando repetir com meu filho a constru\u00e7\u00e3o de lembran\u00e7as tal qual ela fez comigo e com meus irm\u00e3os. Sei que ela ser\u00e1 minha maior saudade, a falta que vou sentir diariamente, e por isso insisto em sentir-me grata e amparada por sua voz suave, seu abra\u00e7o apertado, seu cheiro doce e seu beijo terno.<\/span><\/p>\n<p><span style=\"color: #000000; font-size: 14pt;\">Hoje eu gostaria de lhe oferecer uma m\u00fasica da minha inf\u00e2ncia. Est\u00e1 tudo t\u00e3o distante, mas o refr\u00e3o ainda ecoa em meus ouvidos. Vem, me d\u00e1 sua m\u00e3o. Chega aqui perto e me deixa cantar baixinho: \u201cSe eu pudesse eu queria outra vez, mam\u00e3e, come\u00e7ar tudo, tudo de novo\u2026\u201d<\/span><\/p>\n<p><span style=\"color: #000000; font-size: 14pt;\">*O t\u00edtulo deste artigo alude a uma cita\u00e7\u00e3o de autoria atribu\u00edda ao Padre F\u00e1bio de Melo.<\/span><\/p>\n<p><span style=\"color: #000000; font-family: georgia, palatino, serif; font-size: 18pt;\">Para ler no original, clique aqui.<\/span><\/p>\n<p><span style=\"color: #000000;\"><img data-recalc-dims=\"1\" fetchpriority=\"high\" decoding=\"async\" data-attachment-id=\"12265\" data-permalink=\"https:\/\/gersonguelmann.com.br\/blog\/saudade-de-mae-quem-nunca-sentiu\/mae-8\/\" data-orig-file=\"https:\/\/i0.wp.com\/gersonguelmann.com.br\/blog\/wp-content\/uploads\/2018\/04\/M%C3%A3e-1.jpeg?fit=750%2C501&amp;ssl=1\" data-orig-size=\"750,501\" data-comments-opened=\"1\" data-image-meta=\"{&quot;aperture&quot;:&quot;0&quot;,&quot;credit&quot;:&quot;&quot;,&quot;camera&quot;:&quot;&quot;,&quot;caption&quot;:&quot;&quot;,&quot;created_timestamp&quot;:&quot;0&quot;,&quot;copyright&quot;:&quot;&quot;,&quot;focal_length&quot;:&quot;0&quot;,&quot;iso&quot;:&quot;0&quot;,&quot;shutter_speed&quot;:&quot;0&quot;,&quot;title&quot;:&quot;&quot;,&quot;orientation&quot;:&quot;0&quot;}\" data-image-title=\"M\u00e3e\" data-image-description=\"\" data-image-caption=\"\" data-medium-file=\"https:\/\/i0.wp.com\/gersonguelmann.com.br\/blog\/wp-content\/uploads\/2018\/04\/M%C3%A3e-1.jpeg?fit=300%2C200&amp;ssl=1\" data-large-file=\"https:\/\/i0.wp.com\/gersonguelmann.com.br\/blog\/wp-content\/uploads\/2018\/04\/M%C3%A3e-1.jpeg?fit=640%2C428&amp;ssl=1\" class=\"size-medium wp-image-12265 aligncenter\" src=\"https:\/\/i0.wp.com\/gersonguelmann.com.br\/blog\/wp-content\/uploads\/2018\/04\/M%C3%A3e-1.jpeg?resize=300%2C200&#038;ssl=1\" alt=\"\" width=\"300\" height=\"200\" srcset=\"https:\/\/i0.wp.com\/gersonguelmann.com.br\/blog\/wp-content\/uploads\/2018\/04\/M%C3%A3e-1.jpeg?resize=300%2C200&amp;ssl=1 300w, https:\/\/i0.wp.com\/gersonguelmann.com.br\/blog\/wp-content\/uploads\/2018\/04\/M%C3%A3e-1.jpeg?w=750&amp;ssl=1 750w\" sizes=\"(max-width: 300px) 100vw, 300px\" \/><\/span><\/p>\n","protected":false},"excerpt":{"rendered":"<p>Texto de\u00a0\u00a0Fab\u00edola Sim\u00f5es\u00a0publicado no Blog &#8220;CONTI Outra&#8220;: \u201cA maior saudade que n\u00f3s vamos sentir na vida \u00e9 saudade de m\u00e3e\u2026 pois \u00e9 saudade de n\u00f3s mesmos!\u201d Uma das lembran\u00e7as mais doces da minha inf\u00e2ncia \u00e9 a voz da minha m\u00e3e, no \u00e1trio da igrejinha que frequent\u00e1vamos, animando as crian\u00e7as da catequese com suas can\u00e7\u00f5es habituais. [&hellip;]<\/p>\n","protected":false},"author":5,"featured_media":12265,"comment_status":"open","ping_status":"open","sticky":false,"template":"","format":"standard","meta":{"_acf_changed":false,"jetpack_post_was_ever_published":false,"_jetpack_newsletter_access":"","_jetpack_dont_email_post_to_subs":false,"_jetpack_newsletter_tier_id":0,"_jetpack_memberships_contains_paywalled_content":false,"_jetpack_memberships_contains_paid_content":false,"footnotes":"","jetpack_publicize_message":"","jetpack_publicize_feature_enabled":true,"jetpack_social_post_already_shared":true,"jetpack_social_options":{"image_generator_settings":{"template":"highway","default_image_id":0,"font":"","enabled":false},"version":2}},"categories":[1],"tags":[],"class_list":["post-12263","post","type-post","status-publish","format-standard","has-post-thumbnail","hentry","category-sem-categoria"],"acf":[],"yoast_head":"<!-- This site is optimized with the Yoast SEO plugin v27.3 - https:\/\/yoast.com\/product\/yoast-seo-wordpress\/ -->\n<title>Saudade De M\u00e3e, Quem Nunca Sentiu? | Blog do Guelmann<\/title>\n<meta name=\"robots\" content=\"index, follow, max-snippet:-1, max-image-preview:large, max-video-preview:-1\" \/>\n<link rel=\"canonical\" href=\"https:\/\/gersonguelmann.com.br\/blog\/saudade-de-mae-quem-nunca-sentiu\/\" \/>\n<meta property=\"og:locale\" content=\"pt_BR\" \/>\n<meta property=\"og:type\" content=\"article\" \/>\n<meta property=\"og:title\" content=\"Saudade De M\u00e3e, Quem Nunca Sentiu? | Blog do Guelmann\" \/>\n<meta property=\"og:description\" content=\"Texto de\u00a0\u00a0Fab\u00edola Sim\u00f5es\u00a0publicado no Blog &#8220;CONTI Outra&#8220;: \u201cA maior saudade que n\u00f3s vamos sentir na vida \u00e9 saudade de m\u00e3e\u2026 pois \u00e9 saudade de n\u00f3s mesmos!\u201d Uma das lembran\u00e7as mais doces da minha inf\u00e2ncia \u00e9 a voz da minha m\u00e3e, no \u00e1trio da igrejinha que frequent\u00e1vamos, animando as crian\u00e7as da catequese com suas can\u00e7\u00f5es habituais. [&hellip;]\" \/>\n<meta property=\"og:url\" content=\"https:\/\/gersonguelmann.com.br\/blog\/saudade-de-mae-quem-nunca-sentiu\/\" \/>\n<meta property=\"og:site_name\" content=\"Blog do Guelmann\" \/>\n<meta property=\"article:published_time\" content=\"2018-04-29T21:08:52+00:00\" \/>\n<meta property=\"og:image\" content=\"https:\/\/i0.wp.com\/gersonguelmann.com.br\/blog\/wp-content\/uploads\/2018\/04\/M\u00e3e-1.jpeg?fit=750%2C501&ssl=1\" \/>\n\t<meta property=\"og:image:width\" content=\"750\" \/>\n\t<meta property=\"og:image:height\" content=\"501\" \/>\n\t<meta property=\"og:image:type\" content=\"image\/jpeg\" \/>\n<meta name=\"author\" content=\"Gerson Guelmann\" \/>\n<meta name=\"twitter:card\" content=\"summary_large_image\" \/>\n<meta name=\"twitter:label1\" content=\"Escrito por\" \/>\n\t<meta name=\"twitter:data1\" content=\"Gerson Guelmann\" \/>\n\t<meta name=\"twitter:label2\" content=\"Est. tempo de leitura\" \/>\n\t<meta name=\"twitter:data2\" content=\"4 minutos\" \/>\n<script type=\"application\/ld+json\" class=\"yoast-schema-graph\">{\"@context\":\"https:\\\/\\\/schema.org\",\"@graph\":[{\"@type\":\"Article\",\"@id\":\"https:\\\/\\\/gersonguelmann.com.br\\\/blog\\\/saudade-de-mae-quem-nunca-sentiu\\\/#article\",\"isPartOf\":{\"@id\":\"https:\\\/\\\/gersonguelmann.com.br\\\/blog\\\/saudade-de-mae-quem-nunca-sentiu\\\/\"},\"author\":{\"name\":\"Gerson Guelmann\",\"@id\":\"https:\\\/\\\/gersonguelmann.com.br\\\/blog\\\/#\\\/schema\\\/person\\\/87e70e2a786888082f941a482c90569e\"},\"headline\":\"Saudade De M\u00e3e, Quem Nunca Sentiu?\",\"datePublished\":\"2018-04-29T21:08:52+00:00\",\"mainEntityOfPage\":{\"@id\":\"https:\\\/\\\/gersonguelmann.com.br\\\/blog\\\/saudade-de-mae-quem-nunca-sentiu\\\/\"},\"wordCount\":751,\"commentCount\":0,\"image\":{\"@id\":\"https:\\\/\\\/gersonguelmann.com.br\\\/blog\\\/saudade-de-mae-quem-nunca-sentiu\\\/#primaryimage\"},\"thumbnailUrl\":\"https:\\\/\\\/i0.wp.com\\\/gersonguelmann.com.br\\\/blog\\\/wp-content\\\/uploads\\\/2018\\\/04\\\/M%C3%A3e-1.jpeg?fit=750%2C501&ssl=1\",\"inLanguage\":\"pt-BR\",\"potentialAction\":[{\"@type\":\"CommentAction\",\"name\":\"Comment\",\"target\":[\"https:\\\/\\\/gersonguelmann.com.br\\\/blog\\\/saudade-de-mae-quem-nunca-sentiu\\\/#respond\"]}]},{\"@type\":\"WebPage\",\"@id\":\"https:\\\/\\\/gersonguelmann.com.br\\\/blog\\\/saudade-de-mae-quem-nunca-sentiu\\\/\",\"url\":\"https:\\\/\\\/gersonguelmann.com.br\\\/blog\\\/saudade-de-mae-quem-nunca-sentiu\\\/\",\"name\":\"Saudade De M\u00e3e, Quem Nunca Sentiu? | Blog do Guelmann\",\"isPartOf\":{\"@id\":\"https:\\\/\\\/gersonguelmann.com.br\\\/blog\\\/#website\"},\"primaryImageOfPage\":{\"@id\":\"https:\\\/\\\/gersonguelmann.com.br\\\/blog\\\/saudade-de-mae-quem-nunca-sentiu\\\/#primaryimage\"},\"image\":{\"@id\":\"https:\\\/\\\/gersonguelmann.com.br\\\/blog\\\/saudade-de-mae-quem-nunca-sentiu\\\/#primaryimage\"},\"thumbnailUrl\":\"https:\\\/\\\/i0.wp.com\\\/gersonguelmann.com.br\\\/blog\\\/wp-content\\\/uploads\\\/2018\\\/04\\\/M%C3%A3e-1.jpeg?fit=750%2C501&ssl=1\",\"datePublished\":\"2018-04-29T21:08:52+00:00\",\"author\":{\"@id\":\"https:\\\/\\\/gersonguelmann.com.br\\\/blog\\\/#\\\/schema\\\/person\\\/87e70e2a786888082f941a482c90569e\"},\"inLanguage\":\"pt-BR\",\"potentialAction\":[{\"@type\":\"ReadAction\",\"target\":[\"https:\\\/\\\/gersonguelmann.com.br\\\/blog\\\/saudade-de-mae-quem-nunca-sentiu\\\/\"]}]},{\"@type\":\"ImageObject\",\"inLanguage\":\"pt-BR\",\"@id\":\"https:\\\/\\\/gersonguelmann.com.br\\\/blog\\\/saudade-de-mae-quem-nunca-sentiu\\\/#primaryimage\",\"url\":\"https:\\\/\\\/i0.wp.com\\\/gersonguelmann.com.br\\\/blog\\\/wp-content\\\/uploads\\\/2018\\\/04\\\/M%C3%A3e-1.jpeg?fit=750%2C501&ssl=1\",\"contentUrl\":\"https:\\\/\\\/i0.wp.com\\\/gersonguelmann.com.br\\\/blog\\\/wp-content\\\/uploads\\\/2018\\\/04\\\/M%C3%A3e-1.jpeg?fit=750%2C501&ssl=1\",\"width\":750,\"height\":501},{\"@type\":\"WebSite\",\"@id\":\"https:\\\/\\\/gersonguelmann.com.br\\\/blog\\\/#website\",\"url\":\"https:\\\/\\\/gersonguelmann.com.br\\\/blog\\\/\",\"name\":\"Blog do Guelmann\",\"description\":\"Pitadas da sabedoria e do humor judaicos, assuntos do momento e um pouco das hist\u00f3rias que vivi e testemunhei.\",\"potentialAction\":[{\"@type\":\"SearchAction\",\"target\":{\"@type\":\"EntryPoint\",\"urlTemplate\":\"https:\\\/\\\/gersonguelmann.com.br\\\/blog\\\/?s={search_term_string}\"},\"query-input\":{\"@type\":\"PropertyValueSpecification\",\"valueRequired\":true,\"valueName\":\"search_term_string\"}}],\"inLanguage\":\"pt-BR\"},{\"@type\":\"Person\",\"@id\":\"https:\\\/\\\/gersonguelmann.com.br\\\/blog\\\/#\\\/schema\\\/person\\\/87e70e2a786888082f941a482c90569e\",\"name\":\"Gerson Guelmann\",\"image\":{\"@type\":\"ImageObject\",\"inLanguage\":\"pt-BR\",\"@id\":\"https:\\\/\\\/i0.wp.com\\\/gersonguelmann.com.br\\\/blog\\\/wp-content\\\/uploads\\\/2021\\\/08\\\/BLOG.jpeg?fit=96%2C96&ssl=1\",\"url\":\"https:\\\/\\\/i0.wp.com\\\/gersonguelmann.com.br\\\/blog\\\/wp-content\\\/uploads\\\/2021\\\/08\\\/BLOG.jpeg?fit=96%2C96&ssl=1\",\"contentUrl\":\"https:\\\/\\\/i0.wp.com\\\/gersonguelmann.com.br\\\/blog\\\/wp-content\\\/uploads\\\/2021\\\/08\\\/BLOG.jpeg?fit=96%2C96&ssl=1\",\"caption\":\"Gerson Guelmann\"},\"description\":\"Pitadas da sabedoria e do humor judaicos, assuntos do momento e um pouco das hist\u00f3rias que vivi e testemunhei.\"}]}<\/script>\n<!-- \/ Yoast SEO plugin. -->","yoast_head_json":{"title":"Saudade De M\u00e3e, Quem Nunca Sentiu? | Blog do Guelmann","robots":{"index":"index","follow":"follow","max-snippet":"max-snippet:-1","max-image-preview":"max-image-preview:large","max-video-preview":"max-video-preview:-1"},"canonical":"https:\/\/gersonguelmann.com.br\/blog\/saudade-de-mae-quem-nunca-sentiu\/","og_locale":"pt_BR","og_type":"article","og_title":"Saudade De M\u00e3e, Quem Nunca Sentiu? | Blog do Guelmann","og_description":"Texto de\u00a0\u00a0Fab\u00edola Sim\u00f5es\u00a0publicado no Blog &#8220;CONTI Outra&#8220;: \u201cA maior saudade que n\u00f3s vamos sentir na vida \u00e9 saudade de m\u00e3e\u2026 pois \u00e9 saudade de n\u00f3s mesmos!\u201d Uma das lembran\u00e7as mais doces da minha inf\u00e2ncia \u00e9 a voz da minha m\u00e3e, no \u00e1trio da igrejinha que frequent\u00e1vamos, animando as crian\u00e7as da catequese com suas can\u00e7\u00f5es habituais. [&hellip;]","og_url":"https:\/\/gersonguelmann.com.br\/blog\/saudade-de-mae-quem-nunca-sentiu\/","og_site_name":"Blog do Guelmann","article_published_time":"2018-04-29T21:08:52+00:00","og_image":[{"width":750,"height":501,"url":"https:\/\/i0.wp.com\/gersonguelmann.com.br\/blog\/wp-content\/uploads\/2018\/04\/M\u00e3e-1.jpeg?fit=750%2C501&ssl=1","type":"image\/jpeg"}],"author":"Gerson Guelmann","twitter_card":"summary_large_image","twitter_misc":{"Escrito por":"Gerson Guelmann","Est. tempo de leitura":"4 minutos"},"schema":{"@context":"https:\/\/schema.org","@graph":[{"@type":"Article","@id":"https:\/\/gersonguelmann.com.br\/blog\/saudade-de-mae-quem-nunca-sentiu\/#article","isPartOf":{"@id":"https:\/\/gersonguelmann.com.br\/blog\/saudade-de-mae-quem-nunca-sentiu\/"},"author":{"name":"Gerson Guelmann","@id":"https:\/\/gersonguelmann.com.br\/blog\/#\/schema\/person\/87e70e2a786888082f941a482c90569e"},"headline":"Saudade De M\u00e3e, Quem Nunca Sentiu?","datePublished":"2018-04-29T21:08:52+00:00","mainEntityOfPage":{"@id":"https:\/\/gersonguelmann.com.br\/blog\/saudade-de-mae-quem-nunca-sentiu\/"},"wordCount":751,"commentCount":0,"image":{"@id":"https:\/\/gersonguelmann.com.br\/blog\/saudade-de-mae-quem-nunca-sentiu\/#primaryimage"},"thumbnailUrl":"https:\/\/i0.wp.com\/gersonguelmann.com.br\/blog\/wp-content\/uploads\/2018\/04\/M%C3%A3e-1.jpeg?fit=750%2C501&ssl=1","inLanguage":"pt-BR","potentialAction":[{"@type":"CommentAction","name":"Comment","target":["https:\/\/gersonguelmann.com.br\/blog\/saudade-de-mae-quem-nunca-sentiu\/#respond"]}]},{"@type":"WebPage","@id":"https:\/\/gersonguelmann.com.br\/blog\/saudade-de-mae-quem-nunca-sentiu\/","url":"https:\/\/gersonguelmann.com.br\/blog\/saudade-de-mae-quem-nunca-sentiu\/","name":"Saudade De M\u00e3e, Quem Nunca Sentiu? | Blog do Guelmann","isPartOf":{"@id":"https:\/\/gersonguelmann.com.br\/blog\/#website"},"primaryImageOfPage":{"@id":"https:\/\/gersonguelmann.com.br\/blog\/saudade-de-mae-quem-nunca-sentiu\/#primaryimage"},"image":{"@id":"https:\/\/gersonguelmann.com.br\/blog\/saudade-de-mae-quem-nunca-sentiu\/#primaryimage"},"thumbnailUrl":"https:\/\/i0.wp.com\/gersonguelmann.com.br\/blog\/wp-content\/uploads\/2018\/04\/M%C3%A3e-1.jpeg?fit=750%2C501&ssl=1","datePublished":"2018-04-29T21:08:52+00:00","author":{"@id":"https:\/\/gersonguelmann.com.br\/blog\/#\/schema\/person\/87e70e2a786888082f941a482c90569e"},"inLanguage":"pt-BR","potentialAction":[{"@type":"ReadAction","target":["https:\/\/gersonguelmann.com.br\/blog\/saudade-de-mae-quem-nunca-sentiu\/"]}]},{"@type":"ImageObject","inLanguage":"pt-BR","@id":"https:\/\/gersonguelmann.com.br\/blog\/saudade-de-mae-quem-nunca-sentiu\/#primaryimage","url":"https:\/\/i0.wp.com\/gersonguelmann.com.br\/blog\/wp-content\/uploads\/2018\/04\/M%C3%A3e-1.jpeg?fit=750%2C501&ssl=1","contentUrl":"https:\/\/i0.wp.com\/gersonguelmann.com.br\/blog\/wp-content\/uploads\/2018\/04\/M%C3%A3e-1.jpeg?fit=750%2C501&ssl=1","width":750,"height":501},{"@type":"WebSite","@id":"https:\/\/gersonguelmann.com.br\/blog\/#website","url":"https:\/\/gersonguelmann.com.br\/blog\/","name":"Blog do Guelmann","description":"Pitadas da sabedoria e do humor judaicos, assuntos do momento e um pouco das hist\u00f3rias que vivi e testemunhei.","potentialAction":[{"@type":"SearchAction","target":{"@type":"EntryPoint","urlTemplate":"https:\/\/gersonguelmann.com.br\/blog\/?s={search_term_string}"},"query-input":{"@type":"PropertyValueSpecification","valueRequired":true,"valueName":"search_term_string"}}],"inLanguage":"pt-BR"},{"@type":"Person","@id":"https:\/\/gersonguelmann.com.br\/blog\/#\/schema\/person\/87e70e2a786888082f941a482c90569e","name":"Gerson Guelmann","image":{"@type":"ImageObject","inLanguage":"pt-BR","@id":"https:\/\/i0.wp.com\/gersonguelmann.com.br\/blog\/wp-content\/uploads\/2021\/08\/BLOG.jpeg?fit=96%2C96&ssl=1","url":"https:\/\/i0.wp.com\/gersonguelmann.com.br\/blog\/wp-content\/uploads\/2021\/08\/BLOG.jpeg?fit=96%2C96&ssl=1","contentUrl":"https:\/\/i0.wp.com\/gersonguelmann.com.br\/blog\/wp-content\/uploads\/2021\/08\/BLOG.jpeg?fit=96%2C96&ssl=1","caption":"Gerson Guelmann"},"description":"Pitadas da sabedoria e do humor judaicos, assuntos do momento e um pouco das hist\u00f3rias que vivi e testemunhei."}]}},"views":69,"jetpack_publicize_connections":[],"jetpack_featured_media_url":"https:\/\/i0.wp.com\/gersonguelmann.com.br\/blog\/wp-content\/uploads\/2018\/04\/M%C3%A3e-1.jpeg?fit=750%2C501&ssl=1","jetpack_shortlink":"https:\/\/wp.me\/p96e7O-3bN","jetpack-related-posts":[{"id":25078,"url":"https:\/\/gersonguelmann.com.br\/blog\/uma-pausa-para-a-memoria-quando-o-humor-da-lugar-a-lembranca\/","url_meta":{"origin":12263,"position":0},"title":"Uma Pausa para a Mem\u00f3ria: Quando o Humor d\u00e1 Lugar \u00e0 Lembran\u00e7a","author":"Gerson Guelmann","date":"7 de fevereiro de 2025","format":false,"excerpt":"Todos sabem que o humor \u00e9 um grande aliado da vida, mas h\u00e1 ocasi\u00f5es em que ele se recolhe, respeitosamente, diante da mem\u00f3ria. Hoje, 7 de fevereiro, pe\u00e7o desculpas aos meus queridos leitores: n\u00e3o consigo publicar humor. Nesse dia, h\u00e1 exatamente 60 anos, em um domingo de 1965, perdi meus\u2026","rel":"","context":"Em &quot;Sem categoria&quot;","block_context":{"text":"Sem categoria","link":"https:\/\/gersonguelmann.com.br\/blog\/category\/sem-categoria\/"},"img":{"alt_text":"","src":"https:\/\/i0.wp.com\/gersonguelmann.com.br\/blog\/wp-content\/uploads\/2025\/02\/ULTMA-FOTO-1.png?fit=402%2C600&ssl=1&resize=350%2C200","width":350,"height":200},"classes":[]},{"id":16611,"url":"https:\/\/gersonguelmann.com.br\/blog\/despedir-se-da-mae-e-sepultar-um-pouco-da-gente\/","url_meta":{"origin":12263,"position":1},"title":"Despedir-se da M\u00e3e \u00e9 Sepultar Um Pouco da Gente","author":"Gerson Guelmann","date":"15 de maio de 2023","format":false,"excerpt":"A data comemorativa oficial foi ontem, mas como as M\u00e3es precisam ser valorizadas e homenageadas todos os dias, guardei para a coluna de hoje uma cr\u00f4nica de saudade de algu\u00e9m que perdeu a m\u00e3e e soube traduzir em palavras esse sentimento t\u00e3o do\u00eddo. Esse testemunho serve para mim, que perdi\u2026","rel":"","context":"Em &quot;Sem categoria&quot;","block_context":{"text":"Sem categoria","link":"https:\/\/gersonguelmann.com.br\/blog\/category\/sem-categoria\/"},"img":{"alt_text":"","src":"https:\/\/i0.wp.com\/gersonguelmann.com.br\/blog\/wp-content\/uploads\/2023\/05\/HojePR-4-scaled.jpg?fit=801%2C1200&ssl=1&resize=350%2C200","width":350,"height":200,"srcset":"https:\/\/i0.wp.com\/gersonguelmann.com.br\/blog\/wp-content\/uploads\/2023\/05\/HojePR-4-scaled.jpg?fit=801%2C1200&ssl=1&resize=350%2C200 1x, https:\/\/i0.wp.com\/gersonguelmann.com.br\/blog\/wp-content\/uploads\/2023\/05\/HojePR-4-scaled.jpg?fit=801%2C1200&ssl=1&resize=525%2C300 1.5x, https:\/\/i0.wp.com\/gersonguelmann.com.br\/blog\/wp-content\/uploads\/2023\/05\/HojePR-4-scaled.jpg?fit=801%2C1200&ssl=1&resize=700%2C400 2x"},"classes":[]},{"id":325,"url":"https:\/\/gersonguelmann.com.br\/blog\/um-dia-para-comemorar-outro-para-recordar\/","url_meta":{"origin":12263,"position":2},"title":"Um Dia Para Comemorar, Outro Para Recordar","author":"Gerson Guelmann","date":"6 de fevereiro de 2023","format":false,"excerpt":"O dia 6 de fevereiro me traz \u00f3timas lembran\u00e7as. Nesse dia, h\u00e1 exatamente um ano, publiquei minha 1\u00aa coluna no HojePR. J\u00e1 o 7 de fevereiro me traz lembran\u00e7as amargas; nessa data, em 1965, meus pais e minhas 2 irm\u00e3s faleceram em pavoroso acidente na ent\u00e3o BR-2, hoje BR-116, voltando\u2026","rel":"","context":"Em &quot;Sem categoria&quot;","block_context":{"text":"Sem categoria","link":"https:\/\/gersonguelmann.com.br\/blog\/category\/sem-categoria\/"},"img":{"alt_text":"","src":"https:\/\/i0.wp.com\/gersonguelmann.com.br\/blog\/wp-content\/uploads\/2017\/02\/1964.jpg?fit=686%2C1024&ssl=1&resize=350%2C200","width":350,"height":200,"srcset":"https:\/\/i0.wp.com\/gersonguelmann.com.br\/blog\/wp-content\/uploads\/2017\/02\/1964.jpg?fit=686%2C1024&ssl=1&resize=350%2C200 1x, https:\/\/i0.wp.com\/gersonguelmann.com.br\/blog\/wp-content\/uploads\/2017\/02\/1964.jpg?fit=686%2C1024&ssl=1&resize=525%2C300 1.5x"},"classes":[]},{"id":16446,"url":"https:\/\/gersonguelmann.com.br\/blog\/lembra-de-quando-se-faziam-visitas\/","url_meta":{"origin":12263,"position":3},"title":"Lembra de Quando Se Faziam Visitas?","author":"Gerson Guelmann","date":"24 de abril de 2019","format":false,"excerpt":"Texto do escritor Jos\u00e9 Ant\u00f4nio Oliveira de Resende, nascido em S\u00e3o Jo\u00e3o del-Rei, MG, publicado originalmente (me parece) em 2010. Jos\u00e9 Ant\u00f4nio \u00e9 professor do Departamento de Letras, Artes e Cultura da UFSJ e tamb\u00e9m \u00e9 cronista, poeta, compositor, ator e autor de v\u00e1rias pe\u00e7as de teatro. Os livros j\u00e1\u2026","rel":"","context":"Em &quot;Sem categoria&quot;","block_context":{"text":"Sem categoria","link":"https:\/\/gersonguelmann.com.br\/blog\/category\/sem-categoria\/"},"img":{"alt_text":"","src":"https:\/\/i0.wp.com\/gersonguelmann.com.br\/blog\/wp-content\/uploads\/2019\/04\/Houses.jpg?fit=1200%2C798&ssl=1&resize=350%2C200","width":350,"height":200,"srcset":"https:\/\/i0.wp.com\/gersonguelmann.com.br\/blog\/wp-content\/uploads\/2019\/04\/Houses.jpg?fit=1200%2C798&ssl=1&resize=350%2C200 1x, https:\/\/i0.wp.com\/gersonguelmann.com.br\/blog\/wp-content\/uploads\/2019\/04\/Houses.jpg?fit=1200%2C798&ssl=1&resize=525%2C300 1.5x, https:\/\/i0.wp.com\/gersonguelmann.com.br\/blog\/wp-content\/uploads\/2019\/04\/Houses.jpg?fit=1200%2C798&ssl=1&resize=700%2C400 2x, https:\/\/i0.wp.com\/gersonguelmann.com.br\/blog\/wp-content\/uploads\/2019\/04\/Houses.jpg?fit=1200%2C798&ssl=1&resize=1050%2C600 3x"},"classes":[]},{"id":18337,"url":"https:\/\/gersonguelmann.com.br\/blog\/porque-e-tao-dificil-despedir-se-de-alguem-tao-especial\/","url_meta":{"origin":12263,"position":4},"title":"Porque \u00e9 T\u00e3o Dif\u00edcil Despedir-se de Algu\u00e9m Especial?","author":"Gerson Guelmann","date":"8 de setembro de 2019","format":false,"excerpt":"O texto abaixo \u00e9 o 3\u00ba da escritora Fab\u00edola Sim\u00f5es que compartilho. Foi publicado no site dela, chamado \"A Soma de Todos os Afetos\", em 2012: \u201cO que a mem\u00f3ria ama, fica eterno\u201d Por\u00a0 Fab\u00edola Sim\u00f5es \u00a0 4 de julho de 2012 Quando eu era pequena, n\u00e3o entendia o choro\u2026","rel":"","context":"Em &quot;Sem categoria&quot;","block_context":{"text":"Sem categoria","link":"https:\/\/gersonguelmann.com.br\/blog\/category\/sem-categoria\/"},"img":{"alt_text":"","src":"https:\/\/i0.wp.com\/gersonguelmann.com.br\/blog\/wp-content\/uploads\/2019\/09\/FS.jpg?fit=960%2C607&ssl=1&resize=350%2C200","width":350,"height":200,"srcset":"https:\/\/i0.wp.com\/gersonguelmann.com.br\/blog\/wp-content\/uploads\/2019\/09\/FS.jpg?fit=960%2C607&ssl=1&resize=350%2C200 1x, https:\/\/i0.wp.com\/gersonguelmann.com.br\/blog\/wp-content\/uploads\/2019\/09\/FS.jpg?fit=960%2C607&ssl=1&resize=525%2C300 1.5x, https:\/\/i0.wp.com\/gersonguelmann.com.br\/blog\/wp-content\/uploads\/2019\/09\/FS.jpg?fit=960%2C607&ssl=1&resize=700%2C400 2x"},"classes":[]},{"id":15749,"url":"https:\/\/gersonguelmann.com.br\/blog\/na-travessia-de-pedestres-a-curitiba-desconhecida\/","url_meta":{"origin":12263,"position":5},"title":"Na Travessia de Pedestres, a Curitiba Desconhecida","author":"Gerson Guelmann","date":"16 de outubro de 2023","format":false,"excerpt":"N\u00f3s Curitibanos nos envaidecemos da educa\u00e7\u00e3o do povo e dos avan\u00e7os urban\u00edsticos da cidade. A educa\u00e7\u00e3o tem a ver com o am\u00e1lgama cultural da cidade, pois mesmo considerando que mais da metade da popula\u00e7\u00e3o n\u00e3o nasceu aqui, essa \u00e9 uma caracter\u00edstica bem presente. O orgulho da cidade se consolidou ap\u00f3s\u2026","rel":"","context":"Em &quot;Sem categoria&quot;","block_context":{"text":"Sem categoria","link":"https:\/\/gersonguelmann.com.br\/blog\/category\/sem-categoria\/"},"img":{"alt_text":"","src":"https:\/\/i0.wp.com\/gersonguelmann.com.br\/blog\/wp-content\/uploads\/2019\/01\/HojePR-scaled.jpg?fit=1200%2C801&ssl=1&resize=350%2C200","width":350,"height":200,"srcset":"https:\/\/i0.wp.com\/gersonguelmann.com.br\/blog\/wp-content\/uploads\/2019\/01\/HojePR-scaled.jpg?fit=1200%2C801&ssl=1&resize=350%2C200 1x, https:\/\/i0.wp.com\/gersonguelmann.com.br\/blog\/wp-content\/uploads\/2019\/01\/HojePR-scaled.jpg?fit=1200%2C801&ssl=1&resize=525%2C300 1.5x, https:\/\/i0.wp.com\/gersonguelmann.com.br\/blog\/wp-content\/uploads\/2019\/01\/HojePR-scaled.jpg?fit=1200%2C801&ssl=1&resize=700%2C400 2x, https:\/\/i0.wp.com\/gersonguelmann.com.br\/blog\/wp-content\/uploads\/2019\/01\/HojePR-scaled.jpg?fit=1200%2C801&ssl=1&resize=1050%2C600 3x"},"classes":[]}],"jetpack_sharing_enabled":true,"post_mailing_queue_ids":[],"_links":{"self":[{"href":"https:\/\/gersonguelmann.com.br\/blog\/wp-json\/wp\/v2\/posts\/12263","targetHints":{"allow":["GET"]}}],"collection":[{"href":"https:\/\/gersonguelmann.com.br\/blog\/wp-json\/wp\/v2\/posts"}],"about":[{"href":"https:\/\/gersonguelmann.com.br\/blog\/wp-json\/wp\/v2\/types\/post"}],"author":[{"embeddable":true,"href":"https:\/\/gersonguelmann.com.br\/blog\/wp-json\/wp\/v2\/users\/5"}],"replies":[{"embeddable":true,"href":"https:\/\/gersonguelmann.com.br\/blog\/wp-json\/wp\/v2\/comments?post=12263"}],"version-history":[{"count":0,"href":"https:\/\/gersonguelmann.com.br\/blog\/wp-json\/wp\/v2\/posts\/12263\/revisions"}],"wp:featuredmedia":[{"embeddable":true,"href":"https:\/\/gersonguelmann.com.br\/blog\/wp-json\/wp\/v2\/media\/12265"}],"wp:attachment":[{"href":"https:\/\/gersonguelmann.com.br\/blog\/wp-json\/wp\/v2\/media?parent=12263"}],"wp:term":[{"taxonomy":"category","embeddable":true,"href":"https:\/\/gersonguelmann.com.br\/blog\/wp-json\/wp\/v2\/categories?post=12263"},{"taxonomy":"post_tag","embeddable":true,"href":"https:\/\/gersonguelmann.com.br\/blog\/wp-json\/wp\/v2\/tags?post=12263"}],"curies":[{"name":"wp","href":"https:\/\/api.w.org\/{rel}","templated":true}]}}