    {"id":12267,"date":"2018-04-29T19:58:40","date_gmt":"2018-04-29T22:58:40","guid":{"rendered":"https:\/\/gersonguelmann.com.br\/blog\/?p=12267"},"modified":"2018-04-29T19:58:40","modified_gmt":"2018-04-29T22:58:40","slug":"cao-muito-esperto-compra-os-proprios-biscoitos-veja-como-ele-paga","status":"publish","type":"post","link":"https:\/\/gersonguelmann.com.br\/blog\/cao-muito-esperto-compra-os-proprios-biscoitos-veja-como-ele-paga\/","title":{"rendered":"C\u00e3o Muito Esperto Compra os Pr\u00f3prios Biscoitos. Veja Como Ele Paga."},"content":{"rendered":"<p style=\"text-align: center;\"><img data-recalc-dims=\"1\" fetchpriority=\"high\" decoding=\"async\" data-attachment-id=\"12268\" data-permalink=\"https:\/\/gersonguelmann.com.br\/blog\/cao-muito-esperto-compra-os-proprios-biscoitos-veja-como-ele-paga\/cao-6\/\" data-orig-file=\"https:\/\/i0.wp.com\/gersonguelmann.com.br\/blog\/wp-content\/uploads\/2018\/04\/C%C3%A3o-1.jpg?fit=550%2C367&amp;ssl=1\" data-orig-size=\"550,367\" data-comments-opened=\"1\" data-image-meta=\"{&quot;aperture&quot;:&quot;0&quot;,&quot;credit&quot;:&quot;&quot;,&quot;camera&quot;:&quot;&quot;,&quot;caption&quot;:&quot;&quot;,&quot;created_timestamp&quot;:&quot;0&quot;,&quot;copyright&quot;:&quot;&quot;,&quot;focal_length&quot;:&quot;0&quot;,&quot;iso&quot;:&quot;0&quot;,&quot;shutter_speed&quot;:&quot;0&quot;,&quot;title&quot;:&quot;&quot;,&quot;orientation&quot;:&quot;0&quot;}\" data-image-title=\"C\u00e3o\" data-image-description=\"\" data-image-caption=\"\" data-medium-file=\"https:\/\/i0.wp.com\/gersonguelmann.com.br\/blog\/wp-content\/uploads\/2018\/04\/C%C3%A3o-1.jpg?fit=300%2C200&amp;ssl=1\" data-large-file=\"https:\/\/i0.wp.com\/gersonguelmann.com.br\/blog\/wp-content\/uploads\/2018\/04\/C%C3%A3o-1.jpg?fit=550%2C367&amp;ssl=1\" class=\"alignnone size-medium wp-image-12268\" src=\"https:\/\/i0.wp.com\/gersonguelmann.com.br\/blog\/wp-content\/uploads\/2018\/04\/C%C3%A3o-1.jpg?resize=300%2C200&#038;ssl=1\" alt=\"\" width=\"300\" height=\"200\" srcset=\"https:\/\/i0.wp.com\/gersonguelmann.com.br\/blog\/wp-content\/uploads\/2018\/04\/C%C3%A3o-1.jpg?resize=300%2C200&amp;ssl=1 300w, https:\/\/i0.wp.com\/gersonguelmann.com.br\/blog\/wp-content\/uploads\/2018\/04\/C%C3%A3o-1.jpg?w=550&amp;ssl=1 550w\" sizes=\"(max-width: 300px) 100vw, 300px\" \/><br \/>\n<span style=\"font-size: 12pt; color: #808080;\"><em><span style=\"font-family: georgia, palatino, serif;\"><strong>Foto: Angela Garcia Bernal<\/strong><\/span><\/em><\/span><\/p>\n<p><span style=\"font-family: georgia, palatino, serif; font-size: 18pt;\">Quem ama cachorros sabe que eles s\u00e3o muito inteligentes e podem ser ensinados a fazer muitas coisas. <\/span><\/p>\n<p><span style=\"font-family: georgia, palatino, serif; font-size: 18pt;\">H\u00e1 poucos dias foi revelada a hist\u00f3ria do c\u00e3o chamado Negro, que h\u00e1 5 anos vive no Instituto de Educa\u00e7\u00e3o T\u00e9cnica de Monterrey, na Col\u00f4mbia.<\/span><\/p>\n<p><span style=\"font-family: georgia, palatino, serif; font-size: 18pt;\">Na cantina, de tanto observar que os alunos entregavam dinheiro e saiam com comida, o cachorro aprendeu a levar folhas de \u00e1rvore para os funcion\u00e1rios, que passaram a lhe dar biscoitos.<\/span><\/p>\n<p><span style=\"font-family: georgia, palatino, serif; font-size: 18pt;\">Uma professora do Instituto,\u00a0Angela Garcia Bernal, publicou uma foto no Facebook, e depois disso o assunto passou a ser comentado nas redes e foi publicado por jornais de todo o mundo.<\/span><\/p>\n<p><span style=\"font-family: georgia, palatino, serif; font-size: 18pt;\">A\u00a0atendente da cantina, Gladys Barreto, diz que o Negro vai l\u00e1 todos os dias para pegar seu petisco. Para n\u00e3o prejudicar a sa\u00fade dele, ela s\u00f3 d\u00e1 alimentos pr\u00f3prios para cachorro e limita as &#8220;compras&#8221; a dois biscoitos por dia.<\/span><\/p>\n<p><span class=\"embed-youtube\" style=\"text-align:center; display: block;\"><iframe class=\"youtube-player\" width=\"640\" height=\"360\" src=\"https:\/\/www.youtube.com\/embed\/GrqhwF3krZI?version=3&#038;rel=1&#038;showsearch=0&#038;showinfo=1&#038;iv_load_policy=1&#038;fs=1&#038;hl=pt-BR&#038;autohide=2&#038;wmode=transparent\" allowfullscreen=\"true\" style=\"border:0;\" sandbox=\"allow-scripts allow-same-origin allow-popups allow-presentation allow-popups-to-escape-sandbox\"><\/iframe><\/span><\/p>\n","protected":false},"excerpt":{"rendered":"<p>Foto: Angela Garcia Bernal Quem ama cachorros sabe que eles s\u00e3o muito inteligentes e podem ser ensinados a fazer muitas coisas. H\u00e1 poucos dias foi revelada a hist\u00f3ria do c\u00e3o chamado Negro, que h\u00e1 5 anos vive no Instituto de Educa\u00e7\u00e3o T\u00e9cnica de Monterrey, na Col\u00f4mbia. Na cantina, de tanto observar que os alunos entregavam [&hellip;]<\/p>\n","protected":false},"author":5,"featured_media":12268,"comment_status":"open","ping_status":"open","sticky":false,"template":"","format":"standard","meta":{"_acf_changed":false,"jetpack_post_was_ever_published":false,"_jetpack_newsletter_access":"","_jetpack_dont_email_post_to_subs":false,"_jetpack_newsletter_tier_id":0,"_jetpack_memberships_contains_paywalled_content":false,"_jetpack_memberships_contains_paid_content":false,"footnotes":"","jetpack_publicize_message":"","jetpack_publicize_feature_enabled":true,"jetpack_social_post_already_shared":true,"jetpack_social_options":{"image_generator_settings":{"template":"highway","default_image_id":0,"font":"","enabled":false},"version":2}},"categories":[1],"tags":[],"class_list":["post-12267","post","type-post","status-publish","format-standard","has-post-thumbnail","hentry","category-sem-categoria"],"acf":[],"yoast_head":"<!-- This site is optimized with the Yoast SEO plugin v27.3 - https:\/\/yoast.com\/product\/yoast-seo-wordpress\/ -->\n<title>C\u00e3o Muito Esperto Compra os Pr\u00f3prios Biscoitos. Veja Como Ele Paga. | Blog do Guelmann<\/title>\n<meta name=\"robots\" content=\"index, follow, max-snippet:-1, max-image-preview:large, max-video-preview:-1\" \/>\n<link rel=\"canonical\" href=\"https:\/\/gersonguelmann.com.br\/blog\/cao-muito-esperto-compra-os-proprios-biscoitos-veja-como-ele-paga\/\" \/>\n<meta property=\"og:locale\" content=\"pt_BR\" \/>\n<meta property=\"og:type\" content=\"article\" \/>\n<meta property=\"og:title\" content=\"C\u00e3o Muito Esperto Compra os Pr\u00f3prios Biscoitos. Veja Como Ele Paga. | Blog do Guelmann\" \/>\n<meta property=\"og:description\" content=\"Foto: Angela Garcia Bernal Quem ama cachorros sabe que eles s\u00e3o muito inteligentes e podem ser ensinados a fazer muitas coisas. H\u00e1 poucos dias foi revelada a hist\u00f3ria do c\u00e3o chamado Negro, que h\u00e1 5 anos vive no Instituto de Educa\u00e7\u00e3o T\u00e9cnica de Monterrey, na Col\u00f4mbia. Na cantina, de tanto observar que os alunos entregavam [&hellip;]\" \/>\n<meta property=\"og:url\" content=\"https:\/\/gersonguelmann.com.br\/blog\/cao-muito-esperto-compra-os-proprios-biscoitos-veja-como-ele-paga\/\" \/>\n<meta property=\"og:site_name\" content=\"Blog do Guelmann\" \/>\n<meta property=\"article:published_time\" content=\"2018-04-29T22:58:40+00:00\" \/>\n<meta property=\"og:image\" content=\"https:\/\/i0.wp.com\/gersonguelmann.com.br\/blog\/wp-content\/uploads\/2018\/04\/C\u00e3o-1.jpg?fit=550%2C367&ssl=1\" \/>\n\t<meta property=\"og:image:width\" content=\"550\" \/>\n\t<meta property=\"og:image:height\" content=\"367\" \/>\n\t<meta property=\"og:image:type\" content=\"image\/jpeg\" \/>\n<meta name=\"author\" content=\"Gerson Guelmann\" \/>\n<meta name=\"twitter:card\" content=\"summary_large_image\" \/>\n<meta name=\"twitter:label1\" content=\"Escrito por\" \/>\n\t<meta name=\"twitter:data1\" content=\"Gerson Guelmann\" \/>\n\t<meta name=\"twitter:label2\" content=\"Est. tempo de leitura\" \/>\n\t<meta name=\"twitter:data2\" content=\"1 minuto\" \/>\n<script type=\"application\/ld+json\" class=\"yoast-schema-graph\">{\"@context\":\"https:\\\/\\\/schema.org\",\"@graph\":[{\"@type\":\"Article\",\"@id\":\"https:\\\/\\\/gersonguelmann.com.br\\\/blog\\\/cao-muito-esperto-compra-os-proprios-biscoitos-veja-como-ele-paga\\\/#article\",\"isPartOf\":{\"@id\":\"https:\\\/\\\/gersonguelmann.com.br\\\/blog\\\/cao-muito-esperto-compra-os-proprios-biscoitos-veja-como-ele-paga\\\/\"},\"author\":{\"name\":\"Gerson Guelmann\",\"@id\":\"https:\\\/\\\/gersonguelmann.com.br\\\/blog\\\/#\\\/schema\\\/person\\\/87e70e2a786888082f941a482c90569e\"},\"headline\":\"C\u00e3o Muito Esperto Compra os Pr\u00f3prios Biscoitos. Veja Como Ele Paga.\",\"datePublished\":\"2018-04-29T22:58:40+00:00\",\"mainEntityOfPage\":{\"@id\":\"https:\\\/\\\/gersonguelmann.com.br\\\/blog\\\/cao-muito-esperto-compra-os-proprios-biscoitos-veja-como-ele-paga\\\/\"},\"wordCount\":180,\"commentCount\":0,\"image\":{\"@id\":\"https:\\\/\\\/gersonguelmann.com.br\\\/blog\\\/cao-muito-esperto-compra-os-proprios-biscoitos-veja-como-ele-paga\\\/#primaryimage\"},\"thumbnailUrl\":\"https:\\\/\\\/i0.wp.com\\\/gersonguelmann.com.br\\\/blog\\\/wp-content\\\/uploads\\\/2018\\\/04\\\/C%C3%A3o-1.jpg?fit=550%2C367&ssl=1\",\"inLanguage\":\"pt-BR\",\"potentialAction\":[{\"@type\":\"CommentAction\",\"name\":\"Comment\",\"target\":[\"https:\\\/\\\/gersonguelmann.com.br\\\/blog\\\/cao-muito-esperto-compra-os-proprios-biscoitos-veja-como-ele-paga\\\/#respond\"]}]},{\"@type\":\"WebPage\",\"@id\":\"https:\\\/\\\/gersonguelmann.com.br\\\/blog\\\/cao-muito-esperto-compra-os-proprios-biscoitos-veja-como-ele-paga\\\/\",\"url\":\"https:\\\/\\\/gersonguelmann.com.br\\\/blog\\\/cao-muito-esperto-compra-os-proprios-biscoitos-veja-como-ele-paga\\\/\",\"name\":\"C\u00e3o Muito Esperto Compra os Pr\u00f3prios Biscoitos. Veja Como Ele Paga. | Blog do Guelmann\",\"isPartOf\":{\"@id\":\"https:\\\/\\\/gersonguelmann.com.br\\\/blog\\\/#website\"},\"primaryImageOfPage\":{\"@id\":\"https:\\\/\\\/gersonguelmann.com.br\\\/blog\\\/cao-muito-esperto-compra-os-proprios-biscoitos-veja-como-ele-paga\\\/#primaryimage\"},\"image\":{\"@id\":\"https:\\\/\\\/gersonguelmann.com.br\\\/blog\\\/cao-muito-esperto-compra-os-proprios-biscoitos-veja-como-ele-paga\\\/#primaryimage\"},\"thumbnailUrl\":\"https:\\\/\\\/i0.wp.com\\\/gersonguelmann.com.br\\\/blog\\\/wp-content\\\/uploads\\\/2018\\\/04\\\/C%C3%A3o-1.jpg?fit=550%2C367&ssl=1\",\"datePublished\":\"2018-04-29T22:58:40+00:00\",\"author\":{\"@id\":\"https:\\\/\\\/gersonguelmann.com.br\\\/blog\\\/#\\\/schema\\\/person\\\/87e70e2a786888082f941a482c90569e\"},\"inLanguage\":\"pt-BR\",\"potentialAction\":[{\"@type\":\"ReadAction\",\"target\":[\"https:\\\/\\\/gersonguelmann.com.br\\\/blog\\\/cao-muito-esperto-compra-os-proprios-biscoitos-veja-como-ele-paga\\\/\"]}]},{\"@type\":\"ImageObject\",\"inLanguage\":\"pt-BR\",\"@id\":\"https:\\\/\\\/gersonguelmann.com.br\\\/blog\\\/cao-muito-esperto-compra-os-proprios-biscoitos-veja-como-ele-paga\\\/#primaryimage\",\"url\":\"https:\\\/\\\/i0.wp.com\\\/gersonguelmann.com.br\\\/blog\\\/wp-content\\\/uploads\\\/2018\\\/04\\\/C%C3%A3o-1.jpg?fit=550%2C367&ssl=1\",\"contentUrl\":\"https:\\\/\\\/i0.wp.com\\\/gersonguelmann.com.br\\\/blog\\\/wp-content\\\/uploads\\\/2018\\\/04\\\/C%C3%A3o-1.jpg?fit=550%2C367&ssl=1\",\"width\":550,\"height\":367},{\"@type\":\"WebSite\",\"@id\":\"https:\\\/\\\/gersonguelmann.com.br\\\/blog\\\/#website\",\"url\":\"https:\\\/\\\/gersonguelmann.com.br\\\/blog\\\/\",\"name\":\"Blog do Guelmann\",\"description\":\"Pitadas da sabedoria e do humor judaicos, assuntos do momento e um pouco das hist\u00f3rias que vivi e testemunhei.\",\"potentialAction\":[{\"@type\":\"SearchAction\",\"target\":{\"@type\":\"EntryPoint\",\"urlTemplate\":\"https:\\\/\\\/gersonguelmann.com.br\\\/blog\\\/?s={search_term_string}\"},\"query-input\":{\"@type\":\"PropertyValueSpecification\",\"valueRequired\":true,\"valueName\":\"search_term_string\"}}],\"inLanguage\":\"pt-BR\"},{\"@type\":\"Person\",\"@id\":\"https:\\\/\\\/gersonguelmann.com.br\\\/blog\\\/#\\\/schema\\\/person\\\/87e70e2a786888082f941a482c90569e\",\"name\":\"Gerson Guelmann\",\"image\":{\"@type\":\"ImageObject\",\"inLanguage\":\"pt-BR\",\"@id\":\"https:\\\/\\\/i0.wp.com\\\/gersonguelmann.com.br\\\/blog\\\/wp-content\\\/uploads\\\/2021\\\/08\\\/BLOG.jpeg?fit=96%2C96&ssl=1\",\"url\":\"https:\\\/\\\/i0.wp.com\\\/gersonguelmann.com.br\\\/blog\\\/wp-content\\\/uploads\\\/2021\\\/08\\\/BLOG.jpeg?fit=96%2C96&ssl=1\",\"contentUrl\":\"https:\\\/\\\/i0.wp.com\\\/gersonguelmann.com.br\\\/blog\\\/wp-content\\\/uploads\\\/2021\\\/08\\\/BLOG.jpeg?fit=96%2C96&ssl=1\",\"caption\":\"Gerson Guelmann\"},\"description\":\"Pitadas da sabedoria e do humor judaicos, assuntos do momento e um pouco das hist\u00f3rias que vivi e testemunhei.\"}]}<\/script>\n<!-- \/ Yoast SEO plugin. -->","yoast_head_json":{"title":"C\u00e3o Muito Esperto Compra os Pr\u00f3prios Biscoitos. Veja Como Ele Paga. | Blog do Guelmann","robots":{"index":"index","follow":"follow","max-snippet":"max-snippet:-1","max-image-preview":"max-image-preview:large","max-video-preview":"max-video-preview:-1"},"canonical":"https:\/\/gersonguelmann.com.br\/blog\/cao-muito-esperto-compra-os-proprios-biscoitos-veja-como-ele-paga\/","og_locale":"pt_BR","og_type":"article","og_title":"C\u00e3o Muito Esperto Compra os Pr\u00f3prios Biscoitos. Veja Como Ele Paga. | Blog do Guelmann","og_description":"Foto: Angela Garcia Bernal Quem ama cachorros sabe que eles s\u00e3o muito inteligentes e podem ser ensinados a fazer muitas coisas. H\u00e1 poucos dias foi revelada a hist\u00f3ria do c\u00e3o chamado Negro, que h\u00e1 5 anos vive no Instituto de Educa\u00e7\u00e3o T\u00e9cnica de Monterrey, na Col\u00f4mbia. Na cantina, de tanto observar que os alunos entregavam [&hellip;]","og_url":"https:\/\/gersonguelmann.com.br\/blog\/cao-muito-esperto-compra-os-proprios-biscoitos-veja-como-ele-paga\/","og_site_name":"Blog do Guelmann","article_published_time":"2018-04-29T22:58:40+00:00","og_image":[{"width":550,"height":367,"url":"https:\/\/i0.wp.com\/gersonguelmann.com.br\/blog\/wp-content\/uploads\/2018\/04\/C\u00e3o-1.jpg?fit=550%2C367&ssl=1","type":"image\/jpeg"}],"author":"Gerson Guelmann","twitter_card":"summary_large_image","twitter_misc":{"Escrito por":"Gerson Guelmann","Est. tempo de leitura":"1 minuto"},"schema":{"@context":"https:\/\/schema.org","@graph":[{"@type":"Article","@id":"https:\/\/gersonguelmann.com.br\/blog\/cao-muito-esperto-compra-os-proprios-biscoitos-veja-como-ele-paga\/#article","isPartOf":{"@id":"https:\/\/gersonguelmann.com.br\/blog\/cao-muito-esperto-compra-os-proprios-biscoitos-veja-como-ele-paga\/"},"author":{"name":"Gerson Guelmann","@id":"https:\/\/gersonguelmann.com.br\/blog\/#\/schema\/person\/87e70e2a786888082f941a482c90569e"},"headline":"C\u00e3o Muito Esperto Compra os Pr\u00f3prios Biscoitos. Veja Como Ele Paga.","datePublished":"2018-04-29T22:58:40+00:00","mainEntityOfPage":{"@id":"https:\/\/gersonguelmann.com.br\/blog\/cao-muito-esperto-compra-os-proprios-biscoitos-veja-como-ele-paga\/"},"wordCount":180,"commentCount":0,"image":{"@id":"https:\/\/gersonguelmann.com.br\/blog\/cao-muito-esperto-compra-os-proprios-biscoitos-veja-como-ele-paga\/#primaryimage"},"thumbnailUrl":"https:\/\/i0.wp.com\/gersonguelmann.com.br\/blog\/wp-content\/uploads\/2018\/04\/C%C3%A3o-1.jpg?fit=550%2C367&ssl=1","inLanguage":"pt-BR","potentialAction":[{"@type":"CommentAction","name":"Comment","target":["https:\/\/gersonguelmann.com.br\/blog\/cao-muito-esperto-compra-os-proprios-biscoitos-veja-como-ele-paga\/#respond"]}]},{"@type":"WebPage","@id":"https:\/\/gersonguelmann.com.br\/blog\/cao-muito-esperto-compra-os-proprios-biscoitos-veja-como-ele-paga\/","url":"https:\/\/gersonguelmann.com.br\/blog\/cao-muito-esperto-compra-os-proprios-biscoitos-veja-como-ele-paga\/","name":"C\u00e3o Muito Esperto Compra os Pr\u00f3prios Biscoitos. Veja Como Ele Paga. | Blog do Guelmann","isPartOf":{"@id":"https:\/\/gersonguelmann.com.br\/blog\/#website"},"primaryImageOfPage":{"@id":"https:\/\/gersonguelmann.com.br\/blog\/cao-muito-esperto-compra-os-proprios-biscoitos-veja-como-ele-paga\/#primaryimage"},"image":{"@id":"https:\/\/gersonguelmann.com.br\/blog\/cao-muito-esperto-compra-os-proprios-biscoitos-veja-como-ele-paga\/#primaryimage"},"thumbnailUrl":"https:\/\/i0.wp.com\/gersonguelmann.com.br\/blog\/wp-content\/uploads\/2018\/04\/C%C3%A3o-1.jpg?fit=550%2C367&ssl=1","datePublished":"2018-04-29T22:58:40+00:00","author":{"@id":"https:\/\/gersonguelmann.com.br\/blog\/#\/schema\/person\/87e70e2a786888082f941a482c90569e"},"inLanguage":"pt-BR","potentialAction":[{"@type":"ReadAction","target":["https:\/\/gersonguelmann.com.br\/blog\/cao-muito-esperto-compra-os-proprios-biscoitos-veja-como-ele-paga\/"]}]},{"@type":"ImageObject","inLanguage":"pt-BR","@id":"https:\/\/gersonguelmann.com.br\/blog\/cao-muito-esperto-compra-os-proprios-biscoitos-veja-como-ele-paga\/#primaryimage","url":"https:\/\/i0.wp.com\/gersonguelmann.com.br\/blog\/wp-content\/uploads\/2018\/04\/C%C3%A3o-1.jpg?fit=550%2C367&ssl=1","contentUrl":"https:\/\/i0.wp.com\/gersonguelmann.com.br\/blog\/wp-content\/uploads\/2018\/04\/C%C3%A3o-1.jpg?fit=550%2C367&ssl=1","width":550,"height":367},{"@type":"WebSite","@id":"https:\/\/gersonguelmann.com.br\/blog\/#website","url":"https:\/\/gersonguelmann.com.br\/blog\/","name":"Blog do Guelmann","description":"Pitadas da sabedoria e do humor judaicos, assuntos do momento e um pouco das hist\u00f3rias que vivi e testemunhei.","potentialAction":[{"@type":"SearchAction","target":{"@type":"EntryPoint","urlTemplate":"https:\/\/gersonguelmann.com.br\/blog\/?s={search_term_string}"},"query-input":{"@type":"PropertyValueSpecification","valueRequired":true,"valueName":"search_term_string"}}],"inLanguage":"pt-BR"},{"@type":"Person","@id":"https:\/\/gersonguelmann.com.br\/blog\/#\/schema\/person\/87e70e2a786888082f941a482c90569e","name":"Gerson Guelmann","image":{"@type":"ImageObject","inLanguage":"pt-BR","@id":"https:\/\/i0.wp.com\/gersonguelmann.com.br\/blog\/wp-content\/uploads\/2021\/08\/BLOG.jpeg?fit=96%2C96&ssl=1","url":"https:\/\/i0.wp.com\/gersonguelmann.com.br\/blog\/wp-content\/uploads\/2021\/08\/BLOG.jpeg?fit=96%2C96&ssl=1","contentUrl":"https:\/\/i0.wp.com\/gersonguelmann.com.br\/blog\/wp-content\/uploads\/2021\/08\/BLOG.jpeg?fit=96%2C96&ssl=1","caption":"Gerson Guelmann"},"description":"Pitadas da sabedoria e do humor judaicos, assuntos do momento e um pouco das hist\u00f3rias que vivi e testemunhei."}]}},"views":36,"jetpack_publicize_connections":[],"jetpack_featured_media_url":"https:\/\/i0.wp.com\/gersonguelmann.com.br\/blog\/wp-content\/uploads\/2018\/04\/C%C3%A3o-1.jpg?fit=550%2C367&ssl=1","jetpack_shortlink":"https:\/\/wp.me\/p96e7O-3bR","jetpack-related-posts":[{"id":8172,"url":"https:\/\/gersonguelmann.com.br\/blog\/villa-anna-biscoitos-caseiros-coisas-boas-de-curitiba-e-regiao-9\/","url_meta":{"origin":12267,"position":0},"title":"Villa Anna Biscoitos Caseiros &#8211; Coisas Boas de Curitiba e Regi\u00e3o (9)","author":"Gerson Guelmann","date":"5 de fevereiro de 2018","format":false,"excerpt":"Os biscoitos caseiros\u00a0Villa Anna \u00e9 outra coisa que quase todos os Curitibanos conhecem. Provavelmente muitos costumam comprar e comer os produtos dessa empresa centen\u00e1ria sem saber que ela funciona numa regi\u00e3o bem tradicional da cidade, no Juvev\u00ea. Gosto de inf\u00e2ncia. Villa Anna Biscoitos Caseiros R. Constantino Marochi, 559 - Alto\u2026","rel":"","context":"Em &quot;Sem categoria&quot;","block_context":{"text":"Sem categoria","link":"https:\/\/gersonguelmann.com.br\/blog\/category\/sem-categoria\/"},"img":{"alt_text":"","src":"https:\/\/i0.wp.com\/gersonguelmann.com.br\/blog\/wp-content\/uploads\/2018\/02\/Villa-Anna1-1.jpg?fit=960%2C278&ssl=1&resize=350%2C200","width":350,"height":200,"srcset":"https:\/\/i0.wp.com\/gersonguelmann.com.br\/blog\/wp-content\/uploads\/2018\/02\/Villa-Anna1-1.jpg?fit=960%2C278&ssl=1&resize=350%2C200 1x, https:\/\/i0.wp.com\/gersonguelmann.com.br\/blog\/wp-content\/uploads\/2018\/02\/Villa-Anna1-1.jpg?fit=960%2C278&ssl=1&resize=525%2C300 1.5x, https:\/\/i0.wp.com\/gersonguelmann.com.br\/blog\/wp-content\/uploads\/2018\/02\/Villa-Anna1-1.jpg?fit=960%2C278&ssl=1&resize=700%2C400 2x"},"classes":[]},{"id":4850,"url":"https:\/\/gersonguelmann.com.br\/blog\/santa-claus-converteu-se-judaismo\/","url_meta":{"origin":12267,"position":1},"title":"Santa Claus Converteu-se ao Juda\u00edsmo","author":"Gerson Guelmann","date":"20 de dezembro de 2020","format":false,"excerpt":"No Natal de 2019 Santa Claus estava descarregando uma sacola de presentes muito pesada quando de repente murmurou: - \"Oy Vey...\" Assustado por ter usado uma express\u00e3o judaica em vez de seu habitual \"Ho-Ho-Ho\", logo que o Natal acabou ele refletiu que isso poderia ser uma inspira\u00e7\u00e3o divina: - \"Talvez\u2026","rel":"","context":"Em &quot;Sem categoria&quot;","block_context":{"text":"Sem categoria","link":"https:\/\/gersonguelmann.com.br\/blog\/category\/sem-categoria\/"},"img":{"alt_text":"","src":"https:\/\/i0.wp.com\/gersonguelmann.com.br\/blog\/wp-content\/uploads\/2020\/12\/PN.jpg?resize=350%2C200&ssl=1","width":350,"height":200},"classes":[]},{"id":1583,"url":"https:\/\/gersonguelmann.com.br\/blog\/expedicionario-ou-jogador-de-futebol-quem-e-mais-importante\/","url_meta":{"origin":12267,"position":2},"title":"Expedicion\u00e1rio ou Jogador de Futebol: Quem \u00e9 Mais Importante?","author":"Gerson Guelmann","date":"5 de maio de 2021","format":false,"excerpt":"Max Wolf Filho \u2217 Rio Negro\/PR, 29\/7\/1911 \u2020 Biscaia, It\u00e1lia, 12\/4\/1945 \"Por mais terras que eu percorra, N\u00e3o permita Deus que eu morra Sem que volte para l\u00e1; Sem que leve por divisa Esse \"V\" que simboliza A vit\u00f3ria que vir\u00e1: Nossa vit\u00f3ria final, Que \u00e9 a mira do meu\u2026","rel":"","context":"Em &quot;Sem categoria&quot;","block_context":{"text":"Sem categoria","link":"https:\/\/gersonguelmann.com.br\/blog\/category\/sem-categoria\/"},"img":{"alt_text":"","src":"https:\/\/i0.wp.com\/gersonguelmann.com.br\/blog\/wp-content\/uploads\/2017\/09\/MWF.jpg?fit=770%2C1200&ssl=1&resize=350%2C200","width":350,"height":200,"srcset":"https:\/\/i0.wp.com\/gersonguelmann.com.br\/blog\/wp-content\/uploads\/2017\/09\/MWF.jpg?fit=770%2C1200&ssl=1&resize=350%2C200 1x, https:\/\/i0.wp.com\/gersonguelmann.com.br\/blog\/wp-content\/uploads\/2017\/09\/MWF.jpg?fit=770%2C1200&ssl=1&resize=525%2C300 1.5x, https:\/\/i0.wp.com\/gersonguelmann.com.br\/blog\/wp-content\/uploads\/2017\/09\/MWF.jpg?fit=770%2C1200&ssl=1&resize=700%2C400 2x"},"classes":[]},{"id":16446,"url":"https:\/\/gersonguelmann.com.br\/blog\/lembra-de-quando-se-faziam-visitas\/","url_meta":{"origin":12267,"position":3},"title":"Lembra de Quando Se Faziam Visitas?","author":"Gerson Guelmann","date":"24 de abril de 2019","format":false,"excerpt":"Texto do escritor Jos\u00e9 Ant\u00f4nio Oliveira de Resende, nascido em S\u00e3o Jo\u00e3o del-Rei, MG, publicado originalmente (me parece) em 2010. Jos\u00e9 Ant\u00f4nio \u00e9 professor do Departamento de Letras, Artes e Cultura da UFSJ e tamb\u00e9m \u00e9 cronista, poeta, compositor, ator e autor de v\u00e1rias pe\u00e7as de teatro. Os livros j\u00e1\u2026","rel":"","context":"Em &quot;Sem categoria&quot;","block_context":{"text":"Sem categoria","link":"https:\/\/gersonguelmann.com.br\/blog\/category\/sem-categoria\/"},"img":{"alt_text":"","src":"https:\/\/i0.wp.com\/gersonguelmann.com.br\/blog\/wp-content\/uploads\/2019\/04\/Houses.jpg?fit=1200%2C798&ssl=1&resize=350%2C200","width":350,"height":200,"srcset":"https:\/\/i0.wp.com\/gersonguelmann.com.br\/blog\/wp-content\/uploads\/2019\/04\/Houses.jpg?fit=1200%2C798&ssl=1&resize=350%2C200 1x, https:\/\/i0.wp.com\/gersonguelmann.com.br\/blog\/wp-content\/uploads\/2019\/04\/Houses.jpg?fit=1200%2C798&ssl=1&resize=525%2C300 1.5x, https:\/\/i0.wp.com\/gersonguelmann.com.br\/blog\/wp-content\/uploads\/2019\/04\/Houses.jpg?fit=1200%2C798&ssl=1&resize=700%2C400 2x, https:\/\/i0.wp.com\/gersonguelmann.com.br\/blog\/wp-content\/uploads\/2019\/04\/Houses.jpg?fit=1200%2C798&ssl=1&resize=1050%2C600 3x"},"classes":[]},{"id":5412,"url":"https:\/\/gersonguelmann.com.br\/blog\/ruben-o-meteorologista\/","url_meta":{"origin":12267,"position":4},"title":"Ruben, o Meteorologista","author":"Gerson Guelmann","date":"30 de agosto de 2023","format":false,"excerpt":"Uma noite, antes de dormir, Ruben disse para a esposa, Flora: - \"Acho que amanh\u00e3 teremos um belo dia\". Na manh\u00e3 seguinte, ao acordar, ele abriu as cortinas e as janelas e, olhando para fora, falou: - \"Olha s\u00f3, Flora, que belo dia est\u00e1 fazendo.\" No dia seguinte, j\u00e1 no\u2026","rel":"","context":"Em &quot;Sem categoria&quot;","block_context":{"text":"Sem categoria","link":"https:\/\/gersonguelmann.com.br\/blog\/category\/sem-categoria\/"},"img":{"alt_text":"","src":"https:\/\/i0.wp.com\/gersonguelmann.com.br\/blog\/wp-content\/uploads\/2023\/08\/HojePR-6-scaled.jpg?fit=1200%2C795&ssl=1&resize=350%2C200","width":350,"height":200,"srcset":"https:\/\/i0.wp.com\/gersonguelmann.com.br\/blog\/wp-content\/uploads\/2023\/08\/HojePR-6-scaled.jpg?fit=1200%2C795&ssl=1&resize=350%2C200 1x, https:\/\/i0.wp.com\/gersonguelmann.com.br\/blog\/wp-content\/uploads\/2023\/08\/HojePR-6-scaled.jpg?fit=1200%2C795&ssl=1&resize=525%2C300 1.5x, https:\/\/i0.wp.com\/gersonguelmann.com.br\/blog\/wp-content\/uploads\/2023\/08\/HojePR-6-scaled.jpg?fit=1200%2C795&ssl=1&resize=700%2C400 2x, https:\/\/i0.wp.com\/gersonguelmann.com.br\/blog\/wp-content\/uploads\/2023\/08\/HojePR-6-scaled.jpg?fit=1200%2C795&ssl=1&resize=1050%2C600 3x"},"classes":[]},{"id":16611,"url":"https:\/\/gersonguelmann.com.br\/blog\/despedir-se-da-mae-e-sepultar-um-pouco-da-gente\/","url_meta":{"origin":12267,"position":5},"title":"Despedir-se da M\u00e3e \u00e9 Sepultar Um Pouco da Gente","author":"Gerson Guelmann","date":"15 de maio de 2023","format":false,"excerpt":"A data comemorativa oficial foi ontem, mas como as M\u00e3es precisam ser valorizadas e homenageadas todos os dias, guardei para a coluna de hoje uma cr\u00f4nica de saudade de algu\u00e9m que perdeu a m\u00e3e e soube traduzir em palavras esse sentimento t\u00e3o do\u00eddo. Esse testemunho serve para mim, que perdi\u2026","rel":"","context":"Em &quot;Sem categoria&quot;","block_context":{"text":"Sem categoria","link":"https:\/\/gersonguelmann.com.br\/blog\/category\/sem-categoria\/"},"img":{"alt_text":"","src":"https:\/\/i0.wp.com\/gersonguelmann.com.br\/blog\/wp-content\/uploads\/2023\/05\/HojePR-4-scaled.jpg?fit=801%2C1200&ssl=1&resize=350%2C200","width":350,"height":200,"srcset":"https:\/\/i0.wp.com\/gersonguelmann.com.br\/blog\/wp-content\/uploads\/2023\/05\/HojePR-4-scaled.jpg?fit=801%2C1200&ssl=1&resize=350%2C200 1x, https:\/\/i0.wp.com\/gersonguelmann.com.br\/blog\/wp-content\/uploads\/2023\/05\/HojePR-4-scaled.jpg?fit=801%2C1200&ssl=1&resize=525%2C300 1.5x, https:\/\/i0.wp.com\/gersonguelmann.com.br\/blog\/wp-content\/uploads\/2023\/05\/HojePR-4-scaled.jpg?fit=801%2C1200&ssl=1&resize=700%2C400 2x"},"classes":[]}],"jetpack_sharing_enabled":true,"post_mailing_queue_ids":[],"_links":{"self":[{"href":"https:\/\/gersonguelmann.com.br\/blog\/wp-json\/wp\/v2\/posts\/12267","targetHints":{"allow":["GET"]}}],"collection":[{"href":"https:\/\/gersonguelmann.com.br\/blog\/wp-json\/wp\/v2\/posts"}],"about":[{"href":"https:\/\/gersonguelmann.com.br\/blog\/wp-json\/wp\/v2\/types\/post"}],"author":[{"embeddable":true,"href":"https:\/\/gersonguelmann.com.br\/blog\/wp-json\/wp\/v2\/users\/5"}],"replies":[{"embeddable":true,"href":"https:\/\/gersonguelmann.com.br\/blog\/wp-json\/wp\/v2\/comments?post=12267"}],"version-history":[{"count":0,"href":"https:\/\/gersonguelmann.com.br\/blog\/wp-json\/wp\/v2\/posts\/12267\/revisions"}],"wp:featuredmedia":[{"embeddable":true,"href":"https:\/\/gersonguelmann.com.br\/blog\/wp-json\/wp\/v2\/media\/12268"}],"wp:attachment":[{"href":"https:\/\/gersonguelmann.com.br\/blog\/wp-json\/wp\/v2\/media?parent=12267"}],"wp:term":[{"taxonomy":"category","embeddable":true,"href":"https:\/\/gersonguelmann.com.br\/blog\/wp-json\/wp\/v2\/categories?post=12267"},{"taxonomy":"post_tag","embeddable":true,"href":"https:\/\/gersonguelmann.com.br\/blog\/wp-json\/wp\/v2\/tags?post=12267"}],"curies":[{"name":"wp","href":"https:\/\/api.w.org\/{rel}","templated":true}]}}