    {"id":12275,"date":"2018-04-29T21:52:33","date_gmt":"2018-04-30T00:52:33","guid":{"rendered":"https:\/\/gersonguelmann.com.br\/blog\/?p=12275"},"modified":"2018-04-29T21:52:59","modified_gmt":"2018-04-30T00:52:59","slug":"sera-que-nosso-inverno-sera-rigoroso","status":"publish","type":"post","link":"https:\/\/gersonguelmann.com.br\/blog\/sera-que-nosso-inverno-sera-rigoroso\/","title":{"rendered":"Ser\u00e1 Que Nosso Inverno Ser\u00e1 Rigoroso?"},"content":{"rendered":"<p><span style=\"color: #000000; font-family: georgia, palatino, serif; font-size: 18pt;\">Mat\u00e9ria publicada pelo site Ga\u00fachaZH que interessa muito aos moradores da regi\u00e3o sul do Brasil:<\/span><\/p>\n<p class=\"m-deck\"><strong><span class=\"span\" style=\"color: #000000; font-size: 14pt;\">FAKE NEWS<\/span><\/strong><\/p>\n<p class=\"m-headline\"><span style=\"font-size: 24pt;\"><strong><span style=\"color: #000000;\">Inverno ser\u00e1 o mais frio do s\u00e9culo? Meteorologista desmente boato<\/span><\/strong><\/span><\/p>\n<p class=\"m-supportline\"><strong><span style=\"color: #000000; font-size: 14pt;\">De acordo com a Somar Meteorologia, esta\u00e7\u00e3o deve registrar temperaturas mais baixas do que em 2017, mas sem epis\u00f3dios extremos como divulgado nas redes sociais<\/span><\/strong><\/p>\n<p><span style=\"color: #000000;\"><time datetime=\"Mon, 23 Apr 2018 15:40:02 GMT\">23\/04\/2018 &#8211; 12h40min<br \/>\n<\/time><time datetime=\"Mon, 23 Apr 2018 16:30:29 GMT\">Atualizada em\u00a023\/04\/2018 &#8211; 13h30min<\/time><\/span><\/p>\n<p><span style=\"color: #000000; font-size: 14pt;\">Quem j\u00e1 sofria antes da hora e lamentava a proximidade &#8220;do inverno mais frio dos \u00faltimos 100 anos&#8221; pode ficar tranquilo pois \u00e9 falso o boato que circula nas\u00a0redes sociais. Nos \u00faltimos dias, diversos textos se espalharam pela internet divulgando a informa\u00e7\u00e3o equivocada. De acordo com a Somar Meteorologia, as\u00a0previs\u00f5es\u00a0n\u00e3o sustentam a afirma\u00e7\u00e3o de uma esta\u00e7\u00e3o de frio t\u00e3o rigoroso.\u00a0\u00a0<\/span><\/p>\n<div class=\"article-paragraph\">\n<p><span style=\"color: #000000; font-size: 14pt;\">\u2014 Pode at\u00e9 ser mais frio que o ano passado, mas n\u00e3o com epis\u00f3dios t\u00e3o extremos como os divulgados \u2014 afirma a meteorologista Maria Clara Sassaki.\u00a0\u00a0<\/span><\/p>\n<\/div>\n<div class=\"article-paragraph\">\n<p><span style=\"color: #000000; font-size: 14pt;\">Segundo a especialista, o fen\u00f4meno La Ni\u00f1a, respons\u00e1vel por esfriar a atmosfera e deixar as temperaturas mais baixas durante o inverno, inclusive j\u00e1 est\u00e1 enfraquecendo.\u00a0\u00a0<\/span><\/p>\n<\/div>\n<div class=\"article-paragraph\">\n<p><span style=\"color: #000000; font-size: 14pt;\">\u2014 A tend\u00eancia \u00e9 que o inverno seja de neutralidade \u2014 prev\u00ea Sassaki.\u00a0 \u00a0<\/span><\/p>\n<\/div>\n<div class=\"article-paragraph\">\n<p><span style=\"color: #000000; font-size: 14pt;\">A meteorologista destaca que a esta\u00e7\u00e3o deve ser marcada por poucas chuvas e aus\u00eancia de per\u00edodos prolongados de temperaturas mais baixas.<\/span><\/p>\n<p><span style=\"color: #000000; font-size: 14pt;\">A primeira onda de frio no Estado deve ser registrada a partir da pr\u00f3xima semana, com m\u00ednimas podendo atingir 5\u00b0C na Serra e 12\u00b0C na Regi\u00e3o Metropolitana. A queda nas temperaturas, no entanto, perde for\u00e7a rapidamente, com o retorno do tempo seco e dias mais quentes. Tal oscila\u00e7\u00e3o nos term\u00f4metros, segundo a Somar, deve se estender por todo o outono.\u00a0<\/span><\/p>\n<p><span style=\"color: #000000; font-family: georgia, palatino, serif; font-size: 18pt;\">Mat\u00e9ria publicada originalmente em<\/span><br \/>\n<span style=\"color: #0000ff;\"><a style=\"color: #0000ff;\" href=\"https:\/\/goo.gl\/GBtEvT\"><em><strong><span style=\"font-family: georgia, palatino, serif; font-size: 18pt;\">https:\/\/goo.gl\/GBtEvT<\/span><\/strong><\/em><\/a><\/span><\/p>\n<p><span style=\"color: #000000;\"><img data-recalc-dims=\"1\" fetchpriority=\"high\" decoding=\"async\" data-attachment-id=\"12276\" data-permalink=\"https:\/\/gersonguelmann.com.br\/blog\/sera-que-nosso-inverno-sera-rigoroso\/inverno-3\/\" data-orig-file=\"https:\/\/i0.wp.com\/gersonguelmann.com.br\/blog\/wp-content\/uploads\/2018\/04\/Inverno.jpg?fit=1200%2C800&amp;ssl=1\" data-orig-size=\"1200,800\" data-comments-opened=\"1\" data-image-meta=\"{&quot;aperture&quot;:&quot;0&quot;,&quot;credit&quot;:&quot;&quot;,&quot;camera&quot;:&quot;&quot;,&quot;caption&quot;:&quot;&quot;,&quot;created_timestamp&quot;:&quot;0&quot;,&quot;copyright&quot;:&quot;&quot;,&quot;focal_length&quot;:&quot;0&quot;,&quot;iso&quot;:&quot;0&quot;,&quot;shutter_speed&quot;:&quot;0&quot;,&quot;title&quot;:&quot;&quot;,&quot;orientation&quot;:&quot;0&quot;}\" data-image-title=\"Inverno\" data-image-description=\"\" data-image-caption=\"\" data-medium-file=\"https:\/\/i0.wp.com\/gersonguelmann.com.br\/blog\/wp-content\/uploads\/2018\/04\/Inverno.jpg?fit=300%2C200&amp;ssl=1\" data-large-file=\"https:\/\/i0.wp.com\/gersonguelmann.com.br\/blog\/wp-content\/uploads\/2018\/04\/Inverno.jpg?fit=640%2C427&amp;ssl=1\" class=\"size-medium wp-image-12276 aligncenter\" src=\"https:\/\/i0.wp.com\/gersonguelmann.com.br\/blog\/wp-content\/uploads\/2018\/04\/Inverno.jpg?resize=300%2C200&#038;ssl=1\" alt=\"\" width=\"300\" height=\"200\" srcset=\"https:\/\/i0.wp.com\/gersonguelmann.com.br\/blog\/wp-content\/uploads\/2018\/04\/Inverno.jpg?resize=300%2C200&amp;ssl=1 300w, https:\/\/i0.wp.com\/gersonguelmann.com.br\/blog\/wp-content\/uploads\/2018\/04\/Inverno.jpg?resize=768%2C512&amp;ssl=1 768w, https:\/\/i0.wp.com\/gersonguelmann.com.br\/blog\/wp-content\/uploads\/2018\/04\/Inverno.jpg?resize=1024%2C683&amp;ssl=1 1024w, https:\/\/i0.wp.com\/gersonguelmann.com.br\/blog\/wp-content\/uploads\/2018\/04\/Inverno.jpg?resize=750%2C500&amp;ssl=1 750w, https:\/\/i0.wp.com\/gersonguelmann.com.br\/blog\/wp-content\/uploads\/2018\/04\/Inverno.jpg?w=1200&amp;ssl=1 1200w\" sizes=\"(max-width: 300px) 100vw, 300px\" \/><\/span><\/p>\n<\/div>\n","protected":false},"excerpt":{"rendered":"<p>Mat\u00e9ria publicada pelo site Ga\u00fachaZH que interessa muito aos moradores da regi\u00e3o sul do Brasil: FAKE NEWS Inverno ser\u00e1 o mais frio do s\u00e9culo? Meteorologista desmente boato De acordo com a Somar Meteorologia, esta\u00e7\u00e3o deve registrar temperaturas mais baixas do que em 2017, mas sem epis\u00f3dios extremos como divulgado nas redes sociais 23\/04\/2018 &#8211; 12h40min [&hellip;]<\/p>\n","protected":false},"author":5,"featured_media":12276,"comment_status":"open","ping_status":"open","sticky":false,"template":"","format":"standard","meta":{"_acf_changed":false,"jetpack_post_was_ever_published":false,"_jetpack_newsletter_access":"","_jetpack_dont_email_post_to_subs":false,"_jetpack_newsletter_tier_id":0,"_jetpack_memberships_contains_paywalled_content":false,"_jetpack_memberships_contains_paid_content":false,"footnotes":"","jetpack_publicize_message":"","jetpack_publicize_feature_enabled":true,"jetpack_social_post_already_shared":true,"jetpack_social_options":{"image_generator_settings":{"template":"highway","default_image_id":0,"font":"","enabled":false},"version":2}},"categories":[1],"tags":[],"class_list":["post-12275","post","type-post","status-publish","format-standard","has-post-thumbnail","hentry","category-sem-categoria"],"acf":[],"yoast_head":"<!-- This site is optimized with the Yoast SEO plugin v27.3 - https:\/\/yoast.com\/product\/yoast-seo-wordpress\/ -->\n<title>Ser\u00e1 Que Nosso Inverno Ser\u00e1 Rigoroso? | Blog do Guelmann<\/title>\n<meta name=\"robots\" content=\"index, follow, max-snippet:-1, max-image-preview:large, max-video-preview:-1\" \/>\n<link rel=\"canonical\" href=\"https:\/\/gersonguelmann.com.br\/blog\/sera-que-nosso-inverno-sera-rigoroso\/\" \/>\n<meta property=\"og:locale\" content=\"pt_BR\" \/>\n<meta property=\"og:type\" content=\"article\" \/>\n<meta property=\"og:title\" content=\"Ser\u00e1 Que Nosso Inverno Ser\u00e1 Rigoroso? | Blog do Guelmann\" \/>\n<meta property=\"og:description\" content=\"Mat\u00e9ria publicada pelo site Ga\u00fachaZH que interessa muito aos moradores da regi\u00e3o sul do Brasil: FAKE NEWS Inverno ser\u00e1 o mais frio do s\u00e9culo? Meteorologista desmente boato De acordo com a Somar Meteorologia, esta\u00e7\u00e3o deve registrar temperaturas mais baixas do que em 2017, mas sem epis\u00f3dios extremos como divulgado nas redes sociais 23\/04\/2018 &#8211; 12h40min [&hellip;]\" \/>\n<meta property=\"og:url\" content=\"https:\/\/gersonguelmann.com.br\/blog\/sera-que-nosso-inverno-sera-rigoroso\/\" \/>\n<meta property=\"og:site_name\" content=\"Blog do Guelmann\" \/>\n<meta property=\"article:published_time\" content=\"2018-04-30T00:52:33+00:00\" \/>\n<meta property=\"article:modified_time\" content=\"2018-04-30T00:52:59+00:00\" \/>\n<meta property=\"og:image\" content=\"https:\/\/i0.wp.com\/gersonguelmann.com.br\/blog\/wp-content\/uploads\/2018\/04\/Inverno.jpg?fit=1200%2C800&ssl=1\" \/>\n\t<meta property=\"og:image:width\" content=\"1200\" \/>\n\t<meta property=\"og:image:height\" content=\"800\" \/>\n\t<meta property=\"og:image:type\" content=\"image\/jpeg\" \/>\n<meta name=\"author\" content=\"Gerson Guelmann\" \/>\n<meta name=\"twitter:card\" content=\"summary_large_image\" \/>\n<meta name=\"twitter:label1\" content=\"Escrito por\" \/>\n\t<meta name=\"twitter:data1\" content=\"Gerson Guelmann\" \/>\n\t<meta name=\"twitter:label2\" content=\"Est. tempo de leitura\" \/>\n\t<meta name=\"twitter:data2\" content=\"1 minuto\" \/>\n<script type=\"application\/ld+json\" class=\"yoast-schema-graph\">{\"@context\":\"https:\\\/\\\/schema.org\",\"@graph\":[{\"@type\":\"Article\",\"@id\":\"https:\\\/\\\/gersonguelmann.com.br\\\/blog\\\/sera-que-nosso-inverno-sera-rigoroso\\\/#article\",\"isPartOf\":{\"@id\":\"https:\\\/\\\/gersonguelmann.com.br\\\/blog\\\/sera-que-nosso-inverno-sera-rigoroso\\\/\"},\"author\":{\"name\":\"Gerson Guelmann\",\"@id\":\"https:\\\/\\\/gersonguelmann.com.br\\\/blog\\\/#\\\/schema\\\/person\\\/87e70e2a786888082f941a482c90569e\"},\"headline\":\"Ser\u00e1 Que Nosso Inverno Ser\u00e1 Rigoroso?\",\"datePublished\":\"2018-04-30T00:52:33+00:00\",\"dateModified\":\"2018-04-30T00:52:59+00:00\",\"mainEntityOfPage\":{\"@id\":\"https:\\\/\\\/gersonguelmann.com.br\\\/blog\\\/sera-que-nosso-inverno-sera-rigoroso\\\/\"},\"wordCount\":303,\"commentCount\":0,\"image\":{\"@id\":\"https:\\\/\\\/gersonguelmann.com.br\\\/blog\\\/sera-que-nosso-inverno-sera-rigoroso\\\/#primaryimage\"},\"thumbnailUrl\":\"https:\\\/\\\/i0.wp.com\\\/gersonguelmann.com.br\\\/blog\\\/wp-content\\\/uploads\\\/2018\\\/04\\\/Inverno.jpg?fit=1200%2C800&ssl=1\",\"inLanguage\":\"pt-BR\",\"potentialAction\":[{\"@type\":\"CommentAction\",\"name\":\"Comment\",\"target\":[\"https:\\\/\\\/gersonguelmann.com.br\\\/blog\\\/sera-que-nosso-inverno-sera-rigoroso\\\/#respond\"]}]},{\"@type\":\"WebPage\",\"@id\":\"https:\\\/\\\/gersonguelmann.com.br\\\/blog\\\/sera-que-nosso-inverno-sera-rigoroso\\\/\",\"url\":\"https:\\\/\\\/gersonguelmann.com.br\\\/blog\\\/sera-que-nosso-inverno-sera-rigoroso\\\/\",\"name\":\"Ser\u00e1 Que Nosso Inverno Ser\u00e1 Rigoroso? | Blog do Guelmann\",\"isPartOf\":{\"@id\":\"https:\\\/\\\/gersonguelmann.com.br\\\/blog\\\/#website\"},\"primaryImageOfPage\":{\"@id\":\"https:\\\/\\\/gersonguelmann.com.br\\\/blog\\\/sera-que-nosso-inverno-sera-rigoroso\\\/#primaryimage\"},\"image\":{\"@id\":\"https:\\\/\\\/gersonguelmann.com.br\\\/blog\\\/sera-que-nosso-inverno-sera-rigoroso\\\/#primaryimage\"},\"thumbnailUrl\":\"https:\\\/\\\/i0.wp.com\\\/gersonguelmann.com.br\\\/blog\\\/wp-content\\\/uploads\\\/2018\\\/04\\\/Inverno.jpg?fit=1200%2C800&ssl=1\",\"datePublished\":\"2018-04-30T00:52:33+00:00\",\"dateModified\":\"2018-04-30T00:52:59+00:00\",\"author\":{\"@id\":\"https:\\\/\\\/gersonguelmann.com.br\\\/blog\\\/#\\\/schema\\\/person\\\/87e70e2a786888082f941a482c90569e\"},\"inLanguage\":\"pt-BR\",\"potentialAction\":[{\"@type\":\"ReadAction\",\"target\":[\"https:\\\/\\\/gersonguelmann.com.br\\\/blog\\\/sera-que-nosso-inverno-sera-rigoroso\\\/\"]}]},{\"@type\":\"ImageObject\",\"inLanguage\":\"pt-BR\",\"@id\":\"https:\\\/\\\/gersonguelmann.com.br\\\/blog\\\/sera-que-nosso-inverno-sera-rigoroso\\\/#primaryimage\",\"url\":\"https:\\\/\\\/i0.wp.com\\\/gersonguelmann.com.br\\\/blog\\\/wp-content\\\/uploads\\\/2018\\\/04\\\/Inverno.jpg?fit=1200%2C800&ssl=1\",\"contentUrl\":\"https:\\\/\\\/i0.wp.com\\\/gersonguelmann.com.br\\\/blog\\\/wp-content\\\/uploads\\\/2018\\\/04\\\/Inverno.jpg?fit=1200%2C800&ssl=1\",\"width\":1200,\"height\":800},{\"@type\":\"WebSite\",\"@id\":\"https:\\\/\\\/gersonguelmann.com.br\\\/blog\\\/#website\",\"url\":\"https:\\\/\\\/gersonguelmann.com.br\\\/blog\\\/\",\"name\":\"Blog do Guelmann\",\"description\":\"Pitadas da sabedoria e do humor judaicos, assuntos do momento e um pouco das hist\u00f3rias que vivi e testemunhei.\",\"potentialAction\":[{\"@type\":\"SearchAction\",\"target\":{\"@type\":\"EntryPoint\",\"urlTemplate\":\"https:\\\/\\\/gersonguelmann.com.br\\\/blog\\\/?s={search_term_string}\"},\"query-input\":{\"@type\":\"PropertyValueSpecification\",\"valueRequired\":true,\"valueName\":\"search_term_string\"}}],\"inLanguage\":\"pt-BR\"},{\"@type\":\"Person\",\"@id\":\"https:\\\/\\\/gersonguelmann.com.br\\\/blog\\\/#\\\/schema\\\/person\\\/87e70e2a786888082f941a482c90569e\",\"name\":\"Gerson Guelmann\",\"image\":{\"@type\":\"ImageObject\",\"inLanguage\":\"pt-BR\",\"@id\":\"https:\\\/\\\/i0.wp.com\\\/gersonguelmann.com.br\\\/blog\\\/wp-content\\\/uploads\\\/2021\\\/08\\\/BLOG.jpeg?fit=96%2C96&ssl=1\",\"url\":\"https:\\\/\\\/i0.wp.com\\\/gersonguelmann.com.br\\\/blog\\\/wp-content\\\/uploads\\\/2021\\\/08\\\/BLOG.jpeg?fit=96%2C96&ssl=1\",\"contentUrl\":\"https:\\\/\\\/i0.wp.com\\\/gersonguelmann.com.br\\\/blog\\\/wp-content\\\/uploads\\\/2021\\\/08\\\/BLOG.jpeg?fit=96%2C96&ssl=1\",\"caption\":\"Gerson Guelmann\"},\"description\":\"Pitadas da sabedoria e do humor judaicos, assuntos do momento e um pouco das hist\u00f3rias que vivi e testemunhei.\"}]}<\/script>\n<!-- \/ Yoast SEO plugin. -->","yoast_head_json":{"title":"Ser\u00e1 Que Nosso Inverno Ser\u00e1 Rigoroso? | Blog do Guelmann","robots":{"index":"index","follow":"follow","max-snippet":"max-snippet:-1","max-image-preview":"max-image-preview:large","max-video-preview":"max-video-preview:-1"},"canonical":"https:\/\/gersonguelmann.com.br\/blog\/sera-que-nosso-inverno-sera-rigoroso\/","og_locale":"pt_BR","og_type":"article","og_title":"Ser\u00e1 Que Nosso Inverno Ser\u00e1 Rigoroso? | Blog do Guelmann","og_description":"Mat\u00e9ria publicada pelo site Ga\u00fachaZH que interessa muito aos moradores da regi\u00e3o sul do Brasil: FAKE NEWS Inverno ser\u00e1 o mais frio do s\u00e9culo? Meteorologista desmente boato De acordo com a Somar Meteorologia, esta\u00e7\u00e3o deve registrar temperaturas mais baixas do que em 2017, mas sem epis\u00f3dios extremos como divulgado nas redes sociais 23\/04\/2018 &#8211; 12h40min [&hellip;]","og_url":"https:\/\/gersonguelmann.com.br\/blog\/sera-que-nosso-inverno-sera-rigoroso\/","og_site_name":"Blog do Guelmann","article_published_time":"2018-04-30T00:52:33+00:00","article_modified_time":"2018-04-30T00:52:59+00:00","og_image":[{"width":1200,"height":800,"url":"https:\/\/i0.wp.com\/gersonguelmann.com.br\/blog\/wp-content\/uploads\/2018\/04\/Inverno.jpg?fit=1200%2C800&ssl=1","type":"image\/jpeg"}],"author":"Gerson Guelmann","twitter_card":"summary_large_image","twitter_misc":{"Escrito por":"Gerson Guelmann","Est. tempo de leitura":"1 minuto"},"schema":{"@context":"https:\/\/schema.org","@graph":[{"@type":"Article","@id":"https:\/\/gersonguelmann.com.br\/blog\/sera-que-nosso-inverno-sera-rigoroso\/#article","isPartOf":{"@id":"https:\/\/gersonguelmann.com.br\/blog\/sera-que-nosso-inverno-sera-rigoroso\/"},"author":{"name":"Gerson Guelmann","@id":"https:\/\/gersonguelmann.com.br\/blog\/#\/schema\/person\/87e70e2a786888082f941a482c90569e"},"headline":"Ser\u00e1 Que Nosso Inverno Ser\u00e1 Rigoroso?","datePublished":"2018-04-30T00:52:33+00:00","dateModified":"2018-04-30T00:52:59+00:00","mainEntityOfPage":{"@id":"https:\/\/gersonguelmann.com.br\/blog\/sera-que-nosso-inverno-sera-rigoroso\/"},"wordCount":303,"commentCount":0,"image":{"@id":"https:\/\/gersonguelmann.com.br\/blog\/sera-que-nosso-inverno-sera-rigoroso\/#primaryimage"},"thumbnailUrl":"https:\/\/i0.wp.com\/gersonguelmann.com.br\/blog\/wp-content\/uploads\/2018\/04\/Inverno.jpg?fit=1200%2C800&ssl=1","inLanguage":"pt-BR","potentialAction":[{"@type":"CommentAction","name":"Comment","target":["https:\/\/gersonguelmann.com.br\/blog\/sera-que-nosso-inverno-sera-rigoroso\/#respond"]}]},{"@type":"WebPage","@id":"https:\/\/gersonguelmann.com.br\/blog\/sera-que-nosso-inverno-sera-rigoroso\/","url":"https:\/\/gersonguelmann.com.br\/blog\/sera-que-nosso-inverno-sera-rigoroso\/","name":"Ser\u00e1 Que Nosso Inverno Ser\u00e1 Rigoroso? | Blog do Guelmann","isPartOf":{"@id":"https:\/\/gersonguelmann.com.br\/blog\/#website"},"primaryImageOfPage":{"@id":"https:\/\/gersonguelmann.com.br\/blog\/sera-que-nosso-inverno-sera-rigoroso\/#primaryimage"},"image":{"@id":"https:\/\/gersonguelmann.com.br\/blog\/sera-que-nosso-inverno-sera-rigoroso\/#primaryimage"},"thumbnailUrl":"https:\/\/i0.wp.com\/gersonguelmann.com.br\/blog\/wp-content\/uploads\/2018\/04\/Inverno.jpg?fit=1200%2C800&ssl=1","datePublished":"2018-04-30T00:52:33+00:00","dateModified":"2018-04-30T00:52:59+00:00","author":{"@id":"https:\/\/gersonguelmann.com.br\/blog\/#\/schema\/person\/87e70e2a786888082f941a482c90569e"},"inLanguage":"pt-BR","potentialAction":[{"@type":"ReadAction","target":["https:\/\/gersonguelmann.com.br\/blog\/sera-que-nosso-inverno-sera-rigoroso\/"]}]},{"@type":"ImageObject","inLanguage":"pt-BR","@id":"https:\/\/gersonguelmann.com.br\/blog\/sera-que-nosso-inverno-sera-rigoroso\/#primaryimage","url":"https:\/\/i0.wp.com\/gersonguelmann.com.br\/blog\/wp-content\/uploads\/2018\/04\/Inverno.jpg?fit=1200%2C800&ssl=1","contentUrl":"https:\/\/i0.wp.com\/gersonguelmann.com.br\/blog\/wp-content\/uploads\/2018\/04\/Inverno.jpg?fit=1200%2C800&ssl=1","width":1200,"height":800},{"@type":"WebSite","@id":"https:\/\/gersonguelmann.com.br\/blog\/#website","url":"https:\/\/gersonguelmann.com.br\/blog\/","name":"Blog do Guelmann","description":"Pitadas da sabedoria e do humor judaicos, assuntos do momento e um pouco das hist\u00f3rias que vivi e testemunhei.","potentialAction":[{"@type":"SearchAction","target":{"@type":"EntryPoint","urlTemplate":"https:\/\/gersonguelmann.com.br\/blog\/?s={search_term_string}"},"query-input":{"@type":"PropertyValueSpecification","valueRequired":true,"valueName":"search_term_string"}}],"inLanguage":"pt-BR"},{"@type":"Person","@id":"https:\/\/gersonguelmann.com.br\/blog\/#\/schema\/person\/87e70e2a786888082f941a482c90569e","name":"Gerson Guelmann","image":{"@type":"ImageObject","inLanguage":"pt-BR","@id":"https:\/\/i0.wp.com\/gersonguelmann.com.br\/blog\/wp-content\/uploads\/2021\/08\/BLOG.jpeg?fit=96%2C96&ssl=1","url":"https:\/\/i0.wp.com\/gersonguelmann.com.br\/blog\/wp-content\/uploads\/2021\/08\/BLOG.jpeg?fit=96%2C96&ssl=1","contentUrl":"https:\/\/i0.wp.com\/gersonguelmann.com.br\/blog\/wp-content\/uploads\/2021\/08\/BLOG.jpeg?fit=96%2C96&ssl=1","caption":"Gerson Guelmann"},"description":"Pitadas da sabedoria e do humor judaicos, assuntos do momento e um pouco das hist\u00f3rias que vivi e testemunhei."}]}},"views":74,"jetpack_publicize_connections":[],"jetpack_featured_media_url":"https:\/\/i0.wp.com\/gersonguelmann.com.br\/blog\/wp-content\/uploads\/2018\/04\/Inverno.jpg?fit=1200%2C800&ssl=1","jetpack_shortlink":"https:\/\/wp.me\/p96e7O-3bZ","jetpack-related-posts":[{"id":23309,"url":"https:\/\/gersonguelmann.com.br\/blog\/o-calorao-de-curitiba-e-a-meteorologia-indigena\/","url_meta":{"origin":12275,"position":0},"title":"O Calor\u00e3o de Curitiba e a Meteorologia Ind\u00edgena","author":"Gerson Guelmann","date":"13 de novembro de 2023","format":false,"excerpt":"O Brasil e o mundo est\u00e3o sofrendo com as altera\u00e7\u00f5es clim\u00e1ticas e nenhuma pessoa medianamente informada pode deixar de acreditar que elas est\u00e3o sendo causadas pela a\u00e7\u00e3o do bicho-homem. Os mais velhos, como eu (76 anos e 5 dias, para ser exato...) e as pessoas que vivem em Curitiba h\u00e1\u2026","rel":"","context":"Em &quot;Sem categoria&quot;","block_context":{"text":"Sem categoria","link":"https:\/\/gersonguelmann.com.br\/blog\/category\/sem-categoria\/"},"img":{"alt_text":"","src":"https:\/\/i0.wp.com\/gersonguelmann.com.br\/blog\/wp-content\/uploads\/2023\/11\/HojePR-1.jpg?fit=750%2C500&ssl=1&resize=350%2C200","width":350,"height":200,"srcset":"https:\/\/i0.wp.com\/gersonguelmann.com.br\/blog\/wp-content\/uploads\/2023\/11\/HojePR-1.jpg?fit=750%2C500&ssl=1&resize=350%2C200 1x, https:\/\/i0.wp.com\/gersonguelmann.com.br\/blog\/wp-content\/uploads\/2023\/11\/HojePR-1.jpg?fit=750%2C500&ssl=1&resize=525%2C300 1.5x, https:\/\/i0.wp.com\/gersonguelmann.com.br\/blog\/wp-content\/uploads\/2023\/11\/HojePR-1.jpg?fit=750%2C500&ssl=1&resize=700%2C400 2x"},"classes":[]},{"id":781,"url":"https:\/\/gersonguelmann.com.br\/blog\/meteorologia-moda-indigena\/","url_meta":{"origin":12275,"position":1},"title":"Meteorologia \u00e0 Moda Ind\u00edgena","author":"Gerson Guelmann","date":"14 de janeiro de 2021","format":false,"excerpt":"O Brasil todo e o mundo v\u00eam sofrendo com as altera\u00e7\u00f5es clim\u00e1ticas e nenhuma pessoa medianamente informada pode deixar de acreditar que elas est\u00e3o sendo causadas pela a\u00e7\u00e3o do bicho-homem. Os que j\u00e1 t\u00eam uma certa idade, como \u00e9 o meu caso (76 anos e 5 dias, para ser exato...)\u2026","rel":"","context":"Em &quot;Sem categoria&quot;","block_context":{"text":"Sem categoria","link":"https:\/\/gersonguelmann.com.br\/blog\/category\/sem-categoria\/"},"img":{"alt_text":"","src":"https:\/\/i0.wp.com\/gersonguelmann.com.br\/blog\/wp-content\/uploads\/2017\/08\/Neve.jpg?fit=960%2C640&ssl=1&resize=350%2C200","width":350,"height":200,"srcset":"https:\/\/i0.wp.com\/gersonguelmann.com.br\/blog\/wp-content\/uploads\/2017\/08\/Neve.jpg?fit=960%2C640&ssl=1&resize=350%2C200 1x, https:\/\/i0.wp.com\/gersonguelmann.com.br\/blog\/wp-content\/uploads\/2017\/08\/Neve.jpg?fit=960%2C640&ssl=1&resize=525%2C300 1.5x, https:\/\/i0.wp.com\/gersonguelmann.com.br\/blog\/wp-content\/uploads\/2017\/08\/Neve.jpg?fit=960%2C640&ssl=1&resize=700%2C400 2x"},"classes":[]},{"id":1429,"url":"https:\/\/gersonguelmann.com.br\/blog\/historia-dos-ipes\/","url_meta":{"origin":12275,"position":2},"title":"A Hist\u00f3ria dos Ip\u00eas","author":"Gerson Guelmann","date":"5 de setembro de 2017","format":false,"excerpt":"Aproveitando a maravilhosa fotografia do Dico Kremer, um dos magos da fotografia em Curitiba, compartilho texto que acabou de me chegar, chamado A Hist\u00f3ria dos Ip\u00eas. H\u00e1 mais de um registro na internet, e dou o cr\u00e9dito ao Blog \"Enxada Neles\", que al\u00e9m do texto traz outras belas fotografias da\u2026","rel":"","context":"Em &quot;Sem categoria&quot;","block_context":{"text":"Sem categoria","link":"https:\/\/gersonguelmann.com.br\/blog\/category\/sem-categoria\/"},"img":{"alt_text":"","src":"https:\/\/i0.wp.com\/gersonguelmann.com.br\/blog\/wp-content\/uploads\/2017\/09\/Ip%C3%AA.gif?fit=1063%2C709&ssl=1&resize=350%2C200","width":350,"height":200,"srcset":"https:\/\/i0.wp.com\/gersonguelmann.com.br\/blog\/wp-content\/uploads\/2017\/09\/Ip%C3%AA.gif?fit=1063%2C709&ssl=1&resize=350%2C200 1x, https:\/\/i0.wp.com\/gersonguelmann.com.br\/blog\/wp-content\/uploads\/2017\/09\/Ip%C3%AA.gif?fit=1063%2C709&ssl=1&resize=525%2C300 1.5x, https:\/\/i0.wp.com\/gersonguelmann.com.br\/blog\/wp-content\/uploads\/2017\/09\/Ip%C3%AA.gif?fit=1063%2C709&ssl=1&resize=700%2C400 2x, https:\/\/i0.wp.com\/gersonguelmann.com.br\/blog\/wp-content\/uploads\/2017\/09\/Ip%C3%AA.gif?fit=1063%2C709&ssl=1&resize=1050%2C600 3x"},"classes":[]},{"id":11570,"url":"https:\/\/gersonguelmann.com.br\/blog\/inverno-chegando-gripe-comecando\/","url_meta":{"origin":12275,"position":3},"title":"Inverno Chegando, Gripe Come\u00e7ando","author":"Gerson Guelmann","date":"13 de abril de 2018","format":false,"excerpt":"Nesta \u00e9poca do ano a popula\u00e7\u00e3o do Sul do pa\u00eds, de forma especial, come\u00e7a a se preocupar com a possibilidade de contrair gripe. Desde que entrei \"na melhor idade\" adquiri o h\u00e1bito de me vacinar anualmente e nos \u00faltimos anos\u00a0anos passei inc\u00f3lume pelo inverno curitibano. Mesmo com o clima ainda\u2026","rel":"","context":"Em &quot;Sem categoria&quot;","block_context":{"text":"Sem categoria","link":"https:\/\/gersonguelmann.com.br\/blog\/category\/sem-categoria\/"},"img":{"alt_text":"","src":"https:\/\/i0.wp.com\/gersonguelmann.com.br\/blog\/wp-content\/uploads\/2018\/04\/Gripe-300x300.jpg?resize=350%2C200&ssl=1","width":350,"height":200},"classes":[]},{"id":13997,"url":"https:\/\/gersonguelmann.com.br\/blog\/beleza-do-quase-inverno-curitibano\/","url_meta":{"origin":12275,"position":4},"title":"Beleza do Quase-Inverno Curitibano","author":"Gerson Guelmann","date":"17 de junho de 2019","format":false,"excerpt":"No final de semana me deparei com essa beleza em uma rua pr\u00f3xima da minha casa. Conhe\u00e7o a \u00e1rvore como \"Quaresmeira\" mas sei que algumas pessoas a chamam de \"Aleluia\". Lembro que meu pai gostava muito dessa flor. Antigamente dizia-se que florescia na Quaresma, mas hoje, como vemos, n\u00e3o segue\u2026","rel":"","context":"Em &quot;Sem categoria&quot;","block_context":{"text":"Sem categoria","link":"https:\/\/gersonguelmann.com.br\/blog\/category\/sem-categoria\/"},"img":{"alt_text":"","src":"https:\/\/i0.wp.com\/gersonguelmann.com.br\/blog\/wp-content\/uploads\/2018\/06\/Quaresmeira-1.jpg?fit=985%2C1200&ssl=1&resize=350%2C200","width":350,"height":200,"srcset":"https:\/\/i0.wp.com\/gersonguelmann.com.br\/blog\/wp-content\/uploads\/2018\/06\/Quaresmeira-1.jpg?fit=985%2C1200&ssl=1&resize=350%2C200 1x, https:\/\/i0.wp.com\/gersonguelmann.com.br\/blog\/wp-content\/uploads\/2018\/06\/Quaresmeira-1.jpg?fit=985%2C1200&ssl=1&resize=525%2C300 1.5x, https:\/\/i0.wp.com\/gersonguelmann.com.br\/blog\/wp-content\/uploads\/2018\/06\/Quaresmeira-1.jpg?fit=985%2C1200&ssl=1&resize=700%2C400 2x"},"classes":[]},{"id":6008,"url":"https:\/\/gersonguelmann.com.br\/blog\/os-judeus-e-o-inverno-em-moscou\/","url_meta":{"origin":12275,"position":5},"title":"Os Judeus e o Inverno em Moscou","author":"Gerson Guelmann","date":"17 de outubro de 2021","format":false,"excerpt":"O cen\u00e1rio \u00e9 uma pra\u00e7a de Moscou as 3h da madrugada, em pleno inverno e sob a temperatura de 15\u00b0 negativos. A R\u00fassia vivia o auge do per\u00edodo do desabastecimento de produtos b\u00e1sicos. Nessa \u00e9poca as mulheres costumavam levar sacolas quando saiam de casa e entravam em todas as filas,\u2026","rel":"","context":"Em &quot;Sem categoria&quot;","block_context":{"text":"Sem categoria","link":"https:\/\/gersonguelmann.com.br\/blog\/category\/sem-categoria\/"},"img":{"alt_text":"","src":"https:\/\/i0.wp.com\/gersonguelmann.com.br\/blog\/wp-content\/uploads\/2019\/07\/MOSCOU.jpg?fit=1200%2C774&ssl=1&resize=350%2C200","width":350,"height":200,"srcset":"https:\/\/i0.wp.com\/gersonguelmann.com.br\/blog\/wp-content\/uploads\/2019\/07\/MOSCOU.jpg?fit=1200%2C774&ssl=1&resize=350%2C200 1x, https:\/\/i0.wp.com\/gersonguelmann.com.br\/blog\/wp-content\/uploads\/2019\/07\/MOSCOU.jpg?fit=1200%2C774&ssl=1&resize=525%2C300 1.5x, https:\/\/i0.wp.com\/gersonguelmann.com.br\/blog\/wp-content\/uploads\/2019\/07\/MOSCOU.jpg?fit=1200%2C774&ssl=1&resize=700%2C400 2x, https:\/\/i0.wp.com\/gersonguelmann.com.br\/blog\/wp-content\/uploads\/2019\/07\/MOSCOU.jpg?fit=1200%2C774&ssl=1&resize=1050%2C600 3x"},"classes":[]}],"jetpack_sharing_enabled":true,"post_mailing_queue_ids":[],"_links":{"self":[{"href":"https:\/\/gersonguelmann.com.br\/blog\/wp-json\/wp\/v2\/posts\/12275","targetHints":{"allow":["GET"]}}],"collection":[{"href":"https:\/\/gersonguelmann.com.br\/blog\/wp-json\/wp\/v2\/posts"}],"about":[{"href":"https:\/\/gersonguelmann.com.br\/blog\/wp-json\/wp\/v2\/types\/post"}],"author":[{"embeddable":true,"href":"https:\/\/gersonguelmann.com.br\/blog\/wp-json\/wp\/v2\/users\/5"}],"replies":[{"embeddable":true,"href":"https:\/\/gersonguelmann.com.br\/blog\/wp-json\/wp\/v2\/comments?post=12275"}],"version-history":[{"count":0,"href":"https:\/\/gersonguelmann.com.br\/blog\/wp-json\/wp\/v2\/posts\/12275\/revisions"}],"wp:featuredmedia":[{"embeddable":true,"href":"https:\/\/gersonguelmann.com.br\/blog\/wp-json\/wp\/v2\/media\/12276"}],"wp:attachment":[{"href":"https:\/\/gersonguelmann.com.br\/blog\/wp-json\/wp\/v2\/media?parent=12275"}],"wp:term":[{"taxonomy":"category","embeddable":true,"href":"https:\/\/gersonguelmann.com.br\/blog\/wp-json\/wp\/v2\/categories?post=12275"},{"taxonomy":"post_tag","embeddable":true,"href":"https:\/\/gersonguelmann.com.br\/blog\/wp-json\/wp\/v2\/tags?post=12275"}],"curies":[{"name":"wp","href":"https:\/\/api.w.org\/{rel}","templated":true}]}}