    {"id":12283,"date":"2018-04-30T13:19:39","date_gmt":"2018-04-30T16:19:39","guid":{"rendered":"https:\/\/gersonguelmann.com.br\/blog\/?p=12283"},"modified":"2018-04-30T13:20:17","modified_gmt":"2018-04-30T16:20:17","slug":"no-acampamento-pro-lula-ameaca-a-jornalista","status":"publish","type":"post","link":"https:\/\/gersonguelmann.com.br\/blog\/no-acampamento-pro-lula-ameaca-a-jornalista\/","title":{"rendered":"No Acampamento Pr\u00f3-Lula, Amea\u00e7a a Jornalista"},"content":{"rendered":"<p style=\"text-align: center;\"><img data-recalc-dims=\"1\" decoding=\"async\" data-attachment-id=\"12284\" data-permalink=\"https:\/\/gersonguelmann.com.br\/blog\/no-acampamento-pro-lula-ameaca-a-jornalista\/download-36\/\" data-orig-file=\"https:\/\/i0.wp.com\/gersonguelmann.com.br\/blog\/wp-content\/uploads\/2018\/04\/download-18.jpg?fit=303%2C166&amp;ssl=1\" data-orig-size=\"303,166\" data-comments-opened=\"1\" data-image-meta=\"{&quot;aperture&quot;:&quot;0&quot;,&quot;credit&quot;:&quot;&quot;,&quot;camera&quot;:&quot;&quot;,&quot;caption&quot;:&quot;&quot;,&quot;created_timestamp&quot;:&quot;0&quot;,&quot;copyright&quot;:&quot;&quot;,&quot;focal_length&quot;:&quot;0&quot;,&quot;iso&quot;:&quot;0&quot;,&quot;shutter_speed&quot;:&quot;0&quot;,&quot;title&quot;:&quot;&quot;,&quot;orientation&quot;:&quot;0&quot;}\" data-image-title=\"download\" data-image-description=\"\" data-image-caption=\"\" data-medium-file=\"https:\/\/i0.wp.com\/gersonguelmann.com.br\/blog\/wp-content\/uploads\/2018\/04\/download-18.jpg?fit=300%2C164&amp;ssl=1\" data-large-file=\"https:\/\/i0.wp.com\/gersonguelmann.com.br\/blog\/wp-content\/uploads\/2018\/04\/download-18.jpg?fit=303%2C166&amp;ssl=1\" class=\"alignnone size-medium wp-image-12284\" src=\"https:\/\/i0.wp.com\/gersonguelmann.com.br\/blog\/wp-content\/uploads\/2018\/04\/download-18.jpg?resize=300%2C164&#038;ssl=1\" alt=\"\" width=\"300\" height=\"164\" srcset=\"https:\/\/i0.wp.com\/gersonguelmann.com.br\/blog\/wp-content\/uploads\/2018\/04\/download-18.jpg?resize=300%2C164&amp;ssl=1 300w, https:\/\/i0.wp.com\/gersonguelmann.com.br\/blog\/wp-content\/uploads\/2018\/04\/download-18.jpg?w=303&amp;ssl=1 303w\" sizes=\"(max-width: 300px) 100vw, 300px\" \/><\/p>\n<p><span style=\"font-family: georgia, palatino, serif; font-size: 18pt; color: #000000;\">Dias atr\u00e1s comentei sobre a idiotice praticada no acampamento pr\u00f3-Lula aqui em Curitiba, quando algu\u00e9m atirou e feriu gravemente um dos manifestantes.<\/span><\/p>\n<p><span style=\"font-family: georgia, palatino, serif; font-size: 18pt; color: #000000;\">Com a mesma isen\u00e7\u00e3o falo hoje sobre a atitude do presidente do\u00a0Sindicato dos Jornalistas do Rio Grande do Sul.<\/span><\/p>\n<p><span style=\"font-family: georgia, palatino, serif; font-size: 18pt; color: #000000;\">O homem, identificado como Milton Simas Jr., <\/span><span style=\"font-family: georgia, palatino, serif; font-size: 18pt; color: #000000;\">tentou intimidar o rep\u00f3rter Marc Sousa da TV Record Paran\u00e1, impedindo-o de exercer seu trabalho de cobertura jornal\u00edstica.<\/span><\/p>\n<p><span style=\"font-family: georgia, palatino, serif; font-size: 18pt; color: #000000;\">Ainda que ele alegue que queria proteger a integridade f\u00edsica do rep\u00f3rter,\u00a0o v\u00eddeo mostra claramente que o tom\u00a0 \u00e9 agressivo, at\u00e9 com o uso da express\u00e3o\u00a0<em>&#8220;a imprensa t\u00e1 toda junta no golpe&#8221;<\/em>.<\/span><\/p>\n<p><span class=\"embed-youtube\" style=\"text-align:center; display: block;\"><iframe class=\"youtube-player\" width=\"640\" height=\"360\" src=\"https:\/\/www.youtube.com\/embed\/wXFdDiiYIuQ?version=3&#038;rel=1&#038;showsearch=0&#038;showinfo=1&#038;iv_load_policy=1&#038;fs=1&#038;hl=pt-BR&#038;autohide=2&#038;wmode=transparent\" allowfullscreen=\"true\" style=\"border:0;\" sandbox=\"allow-scripts allow-same-origin allow-popups allow-presentation allow-popups-to-escape-sandbox\"><\/iframe><\/span><\/p>\n<p>&nbsp;<\/p>\n<p>&nbsp;<\/p>\n","protected":false},"excerpt":{"rendered":"<p>Dias atr\u00e1s comentei sobre a idiotice praticada no acampamento pr\u00f3-Lula aqui em Curitiba, quando algu\u00e9m atirou e feriu gravemente um dos manifestantes. Com a mesma isen\u00e7\u00e3o falo hoje sobre a atitude do presidente do\u00a0Sindicato dos Jornalistas do Rio Grande do Sul. O homem, identificado como Milton Simas Jr., tentou intimidar o rep\u00f3rter Marc Sousa da [&hellip;]<\/p>\n","protected":false},"author":5,"featured_media":12284,"comment_status":"open","ping_status":"open","sticky":false,"template":"","format":"standard","meta":{"_acf_changed":false,"jetpack_post_was_ever_published":false,"_jetpack_newsletter_access":"","_jetpack_dont_email_post_to_subs":false,"_jetpack_newsletter_tier_id":0,"_jetpack_memberships_contains_paywalled_content":false,"_jetpack_memberships_contains_paid_content":false,"footnotes":"","jetpack_publicize_message":"","jetpack_publicize_feature_enabled":true,"jetpack_social_post_already_shared":true,"jetpack_social_options":{"image_generator_settings":{"template":"highway","default_image_id":0,"font":"","enabled":false},"version":2}},"categories":[1],"tags":[],"class_list":["post-12283","post","type-post","status-publish","format-standard","has-post-thumbnail","hentry","category-sem-categoria"],"acf":[],"yoast_head":"<!-- This site is optimized with the Yoast SEO plugin v27.3 - https:\/\/yoast.com\/product\/yoast-seo-wordpress\/ -->\n<title>No Acampamento Pr\u00f3-Lula, Amea\u00e7a a Jornalista | Blog do Guelmann<\/title>\n<meta name=\"robots\" content=\"index, follow, max-snippet:-1, max-image-preview:large, max-video-preview:-1\" \/>\n<link rel=\"canonical\" href=\"https:\/\/gersonguelmann.com.br\/blog\/no-acampamento-pro-lula-ameaca-a-jornalista\/\" \/>\n<meta property=\"og:locale\" content=\"pt_BR\" \/>\n<meta property=\"og:type\" content=\"article\" \/>\n<meta property=\"og:title\" content=\"No Acampamento Pr\u00f3-Lula, Amea\u00e7a a Jornalista | Blog do Guelmann\" \/>\n<meta property=\"og:description\" content=\"Dias atr\u00e1s comentei sobre a idiotice praticada no acampamento pr\u00f3-Lula aqui em Curitiba, quando algu\u00e9m atirou e feriu gravemente um dos manifestantes. Com a mesma isen\u00e7\u00e3o falo hoje sobre a atitude do presidente do\u00a0Sindicato dos Jornalistas do Rio Grande do Sul. O homem, identificado como Milton Simas Jr., tentou intimidar o rep\u00f3rter Marc Sousa da [&hellip;]\" \/>\n<meta property=\"og:url\" content=\"https:\/\/gersonguelmann.com.br\/blog\/no-acampamento-pro-lula-ameaca-a-jornalista\/\" \/>\n<meta property=\"og:site_name\" content=\"Blog do Guelmann\" \/>\n<meta property=\"article:published_time\" content=\"2018-04-30T16:19:39+00:00\" \/>\n<meta property=\"article:modified_time\" content=\"2018-04-30T16:20:17+00:00\" \/>\n<meta property=\"og:image\" content=\"https:\/\/i0.wp.com\/gersonguelmann.com.br\/blog\/wp-content\/uploads\/2018\/04\/download-18.jpg?fit=303%2C166&ssl=1\" \/>\n\t<meta property=\"og:image:width\" content=\"303\" \/>\n\t<meta property=\"og:image:height\" content=\"166\" \/>\n\t<meta property=\"og:image:type\" content=\"image\/jpeg\" \/>\n<meta name=\"author\" content=\"Gerson Guelmann\" \/>\n<meta name=\"twitter:card\" content=\"summary_large_image\" \/>\n<meta name=\"twitter:label1\" content=\"Escrito por\" \/>\n\t<meta name=\"twitter:data1\" content=\"Gerson Guelmann\" \/>\n\t<meta name=\"twitter:label2\" content=\"Est. tempo de leitura\" \/>\n\t<meta name=\"twitter:data2\" content=\"1 minuto\" \/>\n<script type=\"application\/ld+json\" class=\"yoast-schema-graph\">{\"@context\":\"https:\\\/\\\/schema.org\",\"@graph\":[{\"@type\":\"Article\",\"@id\":\"https:\\\/\\\/gersonguelmann.com.br\\\/blog\\\/no-acampamento-pro-lula-ameaca-a-jornalista\\\/#article\",\"isPartOf\":{\"@id\":\"https:\\\/\\\/gersonguelmann.com.br\\\/blog\\\/no-acampamento-pro-lula-ameaca-a-jornalista\\\/\"},\"author\":{\"name\":\"Gerson Guelmann\",\"@id\":\"https:\\\/\\\/gersonguelmann.com.br\\\/blog\\\/#\\\/schema\\\/person\\\/87e70e2a786888082f941a482c90569e\"},\"headline\":\"No Acampamento Pr\u00f3-Lula, Amea\u00e7a a Jornalista\",\"datePublished\":\"2018-04-30T16:19:39+00:00\",\"dateModified\":\"2018-04-30T16:20:17+00:00\",\"mainEntityOfPage\":{\"@id\":\"https:\\\/\\\/gersonguelmann.com.br\\\/blog\\\/no-acampamento-pro-lula-ameaca-a-jornalista\\\/\"},\"wordCount\":127,\"commentCount\":0,\"image\":{\"@id\":\"https:\\\/\\\/gersonguelmann.com.br\\\/blog\\\/no-acampamento-pro-lula-ameaca-a-jornalista\\\/#primaryimage\"},\"thumbnailUrl\":\"https:\\\/\\\/i0.wp.com\\\/gersonguelmann.com.br\\\/blog\\\/wp-content\\\/uploads\\\/2018\\\/04\\\/download-18.jpg?fit=303%2C166&ssl=1\",\"inLanguage\":\"pt-BR\",\"potentialAction\":[{\"@type\":\"CommentAction\",\"name\":\"Comment\",\"target\":[\"https:\\\/\\\/gersonguelmann.com.br\\\/blog\\\/no-acampamento-pro-lula-ameaca-a-jornalista\\\/#respond\"]}]},{\"@type\":\"WebPage\",\"@id\":\"https:\\\/\\\/gersonguelmann.com.br\\\/blog\\\/no-acampamento-pro-lula-ameaca-a-jornalista\\\/\",\"url\":\"https:\\\/\\\/gersonguelmann.com.br\\\/blog\\\/no-acampamento-pro-lula-ameaca-a-jornalista\\\/\",\"name\":\"No Acampamento Pr\u00f3-Lula, Amea\u00e7a a Jornalista | Blog do Guelmann\",\"isPartOf\":{\"@id\":\"https:\\\/\\\/gersonguelmann.com.br\\\/blog\\\/#website\"},\"primaryImageOfPage\":{\"@id\":\"https:\\\/\\\/gersonguelmann.com.br\\\/blog\\\/no-acampamento-pro-lula-ameaca-a-jornalista\\\/#primaryimage\"},\"image\":{\"@id\":\"https:\\\/\\\/gersonguelmann.com.br\\\/blog\\\/no-acampamento-pro-lula-ameaca-a-jornalista\\\/#primaryimage\"},\"thumbnailUrl\":\"https:\\\/\\\/i0.wp.com\\\/gersonguelmann.com.br\\\/blog\\\/wp-content\\\/uploads\\\/2018\\\/04\\\/download-18.jpg?fit=303%2C166&ssl=1\",\"datePublished\":\"2018-04-30T16:19:39+00:00\",\"dateModified\":\"2018-04-30T16:20:17+00:00\",\"author\":{\"@id\":\"https:\\\/\\\/gersonguelmann.com.br\\\/blog\\\/#\\\/schema\\\/person\\\/87e70e2a786888082f941a482c90569e\"},\"inLanguage\":\"pt-BR\",\"potentialAction\":[{\"@type\":\"ReadAction\",\"target\":[\"https:\\\/\\\/gersonguelmann.com.br\\\/blog\\\/no-acampamento-pro-lula-ameaca-a-jornalista\\\/\"]}]},{\"@type\":\"ImageObject\",\"inLanguage\":\"pt-BR\",\"@id\":\"https:\\\/\\\/gersonguelmann.com.br\\\/blog\\\/no-acampamento-pro-lula-ameaca-a-jornalista\\\/#primaryimage\",\"url\":\"https:\\\/\\\/i0.wp.com\\\/gersonguelmann.com.br\\\/blog\\\/wp-content\\\/uploads\\\/2018\\\/04\\\/download-18.jpg?fit=303%2C166&ssl=1\",\"contentUrl\":\"https:\\\/\\\/i0.wp.com\\\/gersonguelmann.com.br\\\/blog\\\/wp-content\\\/uploads\\\/2018\\\/04\\\/download-18.jpg?fit=303%2C166&ssl=1\",\"width\":303,\"height\":166},{\"@type\":\"WebSite\",\"@id\":\"https:\\\/\\\/gersonguelmann.com.br\\\/blog\\\/#website\",\"url\":\"https:\\\/\\\/gersonguelmann.com.br\\\/blog\\\/\",\"name\":\"Blog do Guelmann\",\"description\":\"Pitadas da sabedoria e do humor judaicos, assuntos do momento e um pouco das hist\u00f3rias que vivi e testemunhei.\",\"potentialAction\":[{\"@type\":\"SearchAction\",\"target\":{\"@type\":\"EntryPoint\",\"urlTemplate\":\"https:\\\/\\\/gersonguelmann.com.br\\\/blog\\\/?s={search_term_string}\"},\"query-input\":{\"@type\":\"PropertyValueSpecification\",\"valueRequired\":true,\"valueName\":\"search_term_string\"}}],\"inLanguage\":\"pt-BR\"},{\"@type\":\"Person\",\"@id\":\"https:\\\/\\\/gersonguelmann.com.br\\\/blog\\\/#\\\/schema\\\/person\\\/87e70e2a786888082f941a482c90569e\",\"name\":\"Gerson Guelmann\",\"image\":{\"@type\":\"ImageObject\",\"inLanguage\":\"pt-BR\",\"@id\":\"https:\\\/\\\/i0.wp.com\\\/gersonguelmann.com.br\\\/blog\\\/wp-content\\\/uploads\\\/2021\\\/08\\\/BLOG.jpeg?fit=96%2C96&ssl=1\",\"url\":\"https:\\\/\\\/i0.wp.com\\\/gersonguelmann.com.br\\\/blog\\\/wp-content\\\/uploads\\\/2021\\\/08\\\/BLOG.jpeg?fit=96%2C96&ssl=1\",\"contentUrl\":\"https:\\\/\\\/i0.wp.com\\\/gersonguelmann.com.br\\\/blog\\\/wp-content\\\/uploads\\\/2021\\\/08\\\/BLOG.jpeg?fit=96%2C96&ssl=1\",\"caption\":\"Gerson Guelmann\"},\"description\":\"Pitadas da sabedoria e do humor judaicos, assuntos do momento e um pouco das hist\u00f3rias que vivi e testemunhei.\"}]}<\/script>\n<!-- \/ Yoast SEO plugin. -->","yoast_head_json":{"title":"No Acampamento Pr\u00f3-Lula, Amea\u00e7a a Jornalista | Blog do Guelmann","robots":{"index":"index","follow":"follow","max-snippet":"max-snippet:-1","max-image-preview":"max-image-preview:large","max-video-preview":"max-video-preview:-1"},"canonical":"https:\/\/gersonguelmann.com.br\/blog\/no-acampamento-pro-lula-ameaca-a-jornalista\/","og_locale":"pt_BR","og_type":"article","og_title":"No Acampamento Pr\u00f3-Lula, Amea\u00e7a a Jornalista | Blog do Guelmann","og_description":"Dias atr\u00e1s comentei sobre a idiotice praticada no acampamento pr\u00f3-Lula aqui em Curitiba, quando algu\u00e9m atirou e feriu gravemente um dos manifestantes. Com a mesma isen\u00e7\u00e3o falo hoje sobre a atitude do presidente do\u00a0Sindicato dos Jornalistas do Rio Grande do Sul. O homem, identificado como Milton Simas Jr., tentou intimidar o rep\u00f3rter Marc Sousa da [&hellip;]","og_url":"https:\/\/gersonguelmann.com.br\/blog\/no-acampamento-pro-lula-ameaca-a-jornalista\/","og_site_name":"Blog do Guelmann","article_published_time":"2018-04-30T16:19:39+00:00","article_modified_time":"2018-04-30T16:20:17+00:00","og_image":[{"width":303,"height":166,"url":"https:\/\/i0.wp.com\/gersonguelmann.com.br\/blog\/wp-content\/uploads\/2018\/04\/download-18.jpg?fit=303%2C166&ssl=1","type":"image\/jpeg"}],"author":"Gerson Guelmann","twitter_card":"summary_large_image","twitter_misc":{"Escrito por":"Gerson Guelmann","Est. tempo de leitura":"1 minuto"},"schema":{"@context":"https:\/\/schema.org","@graph":[{"@type":"Article","@id":"https:\/\/gersonguelmann.com.br\/blog\/no-acampamento-pro-lula-ameaca-a-jornalista\/#article","isPartOf":{"@id":"https:\/\/gersonguelmann.com.br\/blog\/no-acampamento-pro-lula-ameaca-a-jornalista\/"},"author":{"name":"Gerson Guelmann","@id":"https:\/\/gersonguelmann.com.br\/blog\/#\/schema\/person\/87e70e2a786888082f941a482c90569e"},"headline":"No Acampamento Pr\u00f3-Lula, Amea\u00e7a a Jornalista","datePublished":"2018-04-30T16:19:39+00:00","dateModified":"2018-04-30T16:20:17+00:00","mainEntityOfPage":{"@id":"https:\/\/gersonguelmann.com.br\/blog\/no-acampamento-pro-lula-ameaca-a-jornalista\/"},"wordCount":127,"commentCount":0,"image":{"@id":"https:\/\/gersonguelmann.com.br\/blog\/no-acampamento-pro-lula-ameaca-a-jornalista\/#primaryimage"},"thumbnailUrl":"https:\/\/i0.wp.com\/gersonguelmann.com.br\/blog\/wp-content\/uploads\/2018\/04\/download-18.jpg?fit=303%2C166&ssl=1","inLanguage":"pt-BR","potentialAction":[{"@type":"CommentAction","name":"Comment","target":["https:\/\/gersonguelmann.com.br\/blog\/no-acampamento-pro-lula-ameaca-a-jornalista\/#respond"]}]},{"@type":"WebPage","@id":"https:\/\/gersonguelmann.com.br\/blog\/no-acampamento-pro-lula-ameaca-a-jornalista\/","url":"https:\/\/gersonguelmann.com.br\/blog\/no-acampamento-pro-lula-ameaca-a-jornalista\/","name":"No Acampamento Pr\u00f3-Lula, Amea\u00e7a a Jornalista | Blog do Guelmann","isPartOf":{"@id":"https:\/\/gersonguelmann.com.br\/blog\/#website"},"primaryImageOfPage":{"@id":"https:\/\/gersonguelmann.com.br\/blog\/no-acampamento-pro-lula-ameaca-a-jornalista\/#primaryimage"},"image":{"@id":"https:\/\/gersonguelmann.com.br\/blog\/no-acampamento-pro-lula-ameaca-a-jornalista\/#primaryimage"},"thumbnailUrl":"https:\/\/i0.wp.com\/gersonguelmann.com.br\/blog\/wp-content\/uploads\/2018\/04\/download-18.jpg?fit=303%2C166&ssl=1","datePublished":"2018-04-30T16:19:39+00:00","dateModified":"2018-04-30T16:20:17+00:00","author":{"@id":"https:\/\/gersonguelmann.com.br\/blog\/#\/schema\/person\/87e70e2a786888082f941a482c90569e"},"inLanguage":"pt-BR","potentialAction":[{"@type":"ReadAction","target":["https:\/\/gersonguelmann.com.br\/blog\/no-acampamento-pro-lula-ameaca-a-jornalista\/"]}]},{"@type":"ImageObject","inLanguage":"pt-BR","@id":"https:\/\/gersonguelmann.com.br\/blog\/no-acampamento-pro-lula-ameaca-a-jornalista\/#primaryimage","url":"https:\/\/i0.wp.com\/gersonguelmann.com.br\/blog\/wp-content\/uploads\/2018\/04\/download-18.jpg?fit=303%2C166&ssl=1","contentUrl":"https:\/\/i0.wp.com\/gersonguelmann.com.br\/blog\/wp-content\/uploads\/2018\/04\/download-18.jpg?fit=303%2C166&ssl=1","width":303,"height":166},{"@type":"WebSite","@id":"https:\/\/gersonguelmann.com.br\/blog\/#website","url":"https:\/\/gersonguelmann.com.br\/blog\/","name":"Blog do Guelmann","description":"Pitadas da sabedoria e do humor judaicos, assuntos do momento e um pouco das hist\u00f3rias que vivi e testemunhei.","potentialAction":[{"@type":"SearchAction","target":{"@type":"EntryPoint","urlTemplate":"https:\/\/gersonguelmann.com.br\/blog\/?s={search_term_string}"},"query-input":{"@type":"PropertyValueSpecification","valueRequired":true,"valueName":"search_term_string"}}],"inLanguage":"pt-BR"},{"@type":"Person","@id":"https:\/\/gersonguelmann.com.br\/blog\/#\/schema\/person\/87e70e2a786888082f941a482c90569e","name":"Gerson Guelmann","image":{"@type":"ImageObject","inLanguage":"pt-BR","@id":"https:\/\/i0.wp.com\/gersonguelmann.com.br\/blog\/wp-content\/uploads\/2021\/08\/BLOG.jpeg?fit=96%2C96&ssl=1","url":"https:\/\/i0.wp.com\/gersonguelmann.com.br\/blog\/wp-content\/uploads\/2021\/08\/BLOG.jpeg?fit=96%2C96&ssl=1","contentUrl":"https:\/\/i0.wp.com\/gersonguelmann.com.br\/blog\/wp-content\/uploads\/2021\/08\/BLOG.jpeg?fit=96%2C96&ssl=1","caption":"Gerson Guelmann"},"description":"Pitadas da sabedoria e do humor judaicos, assuntos do momento e um pouco das hist\u00f3rias que vivi e testemunhei."}]}},"views":55,"jetpack_publicize_connections":[],"jetpack_featured_media_url":"https:\/\/i0.wp.com\/gersonguelmann.com.br\/blog\/wp-content\/uploads\/2018\/04\/download-18.jpg?fit=303%2C166&ssl=1","jetpack_shortlink":"https:\/\/wp.me\/p96e7O-3c7","jetpack-related-posts":[{"id":12223,"url":"https:\/\/gersonguelmann.com.br\/blog\/acampados-pro-lula-e-atiradores-duelo-de-irracionais\/","url_meta":{"origin":12283,"position":0},"title":"Acampados Pr\u00f3 Lula e Atiradores: Duelo de Irracionais","author":"Gerson Guelmann","date":"28 de abril de 2018","format":false,"excerpt":"Na madrugada de hoje um celerado qualquer atirou contra o acampamento onde estavam dormindo os apoiadores do ex-presidente Lula, aqui em Curitiba. Sobre eles muito j\u00e1 se falou. Ainda que estejam exercendo um direito leg\u00edtimo, \u00e9 espantoso que tantas pessoas estejam sem trabalhar h\u00e1 tantos dias. Nunca se sabe quem\u2026","rel":"","context":"Em &quot;Sem categoria&quot;","block_context":{"text":"Sem categoria","link":"https:\/\/gersonguelmann.com.br\/blog\/category\/sem-categoria\/"},"img":{"alt_text":"","src":"https:\/\/i0.wp.com\/gersonguelmann.com.br\/blog\/wp-content\/uploads\/2018\/04\/Acampamento.jpg?fit=615%2C300&ssl=1&resize=350%2C200","width":350,"height":200,"srcset":"https:\/\/i0.wp.com\/gersonguelmann.com.br\/blog\/wp-content\/uploads\/2018\/04\/Acampamento.jpg?fit=615%2C300&ssl=1&resize=350%2C200 1x, https:\/\/i0.wp.com\/gersonguelmann.com.br\/blog\/wp-content\/uploads\/2018\/04\/Acampamento.jpg?fit=615%2C300&ssl=1&resize=525%2C300 1.5x"},"classes":[]},{"id":12343,"url":"https:\/\/gersonguelmann.com.br\/blog\/cedulas-com-carimbo-de-lula\/","url_meta":{"origin":12283,"position":1},"title":"C\u00e9dulas Com Carimbo de Lula","author":"Gerson Guelmann","date":"1 de maio de 2018","format":false,"excerpt":"Come\u00e7ou a circular um v\u00eddeo que mostra pessoas carimbando c\u00e9dulas de dinheiro com a imagem do ex-presidente Lula. A informa\u00e7\u00e3o \u00e9 que isso estaria sendo feito aqui em Curitiba, no acampamento onde est\u00e3o os manifestantes em favor dele. N\u00e3o h\u00e1 como confirmar isso. As mensagens que recebi d\u00e3o conta de\u2026","rel":"","context":"Em &quot;Sem categoria&quot;","block_context":{"text":"Sem categoria","link":"https:\/\/gersonguelmann.com.br\/blog\/category\/sem-categoria\/"},"img":{"alt_text":"","src":"https:\/\/i0.wp.com\/gersonguelmann.com.br\/blog\/wp-content\/uploads\/2018\/05\/Lula.jpg?fit=1200%2C800&ssl=1&resize=350%2C200","width":350,"height":200,"srcset":"https:\/\/i0.wp.com\/gersonguelmann.com.br\/blog\/wp-content\/uploads\/2018\/05\/Lula.jpg?fit=1200%2C800&ssl=1&resize=350%2C200 1x, https:\/\/i0.wp.com\/gersonguelmann.com.br\/blog\/wp-content\/uploads\/2018\/05\/Lula.jpg?fit=1200%2C800&ssl=1&resize=525%2C300 1.5x, https:\/\/i0.wp.com\/gersonguelmann.com.br\/blog\/wp-content\/uploads\/2018\/05\/Lula.jpg?fit=1200%2C800&ssl=1&resize=700%2C400 2x, https:\/\/i0.wp.com\/gersonguelmann.com.br\/blog\/wp-content\/uploads\/2018\/05\/Lula.jpg?fit=1200%2C800&ssl=1&resize=1050%2C600 3x"},"classes":[]},{"id":12057,"url":"https:\/\/gersonguelmann.com.br\/blog\/pt-quer-lula-em-quartel-do-exercito\/","url_meta":{"origin":12283,"position":2},"title":"PT Quer Lula Em Quartel do Ex\u00e9rcito","author":"Gerson Guelmann","date":"25 de abril de 2018","format":false,"excerpt":"Foto:\u00a0Ant\u00f4nio More \/ Ag\u00eancia de Not\u00edcias Gazeta do Povo Ant\u00f4nio More\/Ag\u00eancia de Not\u00edcias Gazeta do Povo Publiquei dia 11\/4: - \"O Sindicato dos Delegados da Pol\u00edcia Federal pediu a transfer\u00eancia do ex-presidente para um quartel do ex\u00e9rcito. Os Delegados justificam o pedido com a afirma\u00e7\u00e3o de que as atividades regulares\u2026","rel":"","context":"Em &quot;Sem categoria&quot;","block_context":{"text":"Sem categoria","link":"https:\/\/gersonguelmann.com.br\/blog\/category\/sem-categoria\/"},"img":{"alt_text":"","src":"https:\/\/i0.wp.com\/gersonguelmann.com.br\/blog\/wp-content\/uploads\/2018\/04\/Lula1.jpg?fit=1024%2C683&ssl=1&resize=350%2C200","width":350,"height":200,"srcset":"https:\/\/i0.wp.com\/gersonguelmann.com.br\/blog\/wp-content\/uploads\/2018\/04\/Lula1.jpg?fit=1024%2C683&ssl=1&resize=350%2C200 1x, https:\/\/i0.wp.com\/gersonguelmann.com.br\/blog\/wp-content\/uploads\/2018\/04\/Lula1.jpg?fit=1024%2C683&ssl=1&resize=525%2C300 1.5x, https:\/\/i0.wp.com\/gersonguelmann.com.br\/blog\/wp-content\/uploads\/2018\/04\/Lula1.jpg?fit=1024%2C683&ssl=1&resize=700%2C400 2x"},"classes":[]},{"id":11331,"url":"https:\/\/gersonguelmann.com.br\/blog\/lula-falara-as-16h\/","url_meta":{"origin":12283,"position":3},"title":"Lula Falar\u00e1 as 16h","author":"Gerson Guelmann","date":"6 de abril de 2018","format":false,"excerpt":"Acaba de ser divulgado que o ex-presidente Lula falar\u00e1 as 16h sobre o que decidiu em rela\u00e7\u00e3o a sua pris\u00e3o. At\u00e9 l\u00e1 ele dever\u00e1 continuar no Sindicato dos Metal\u00fargicos em S\u00e3o Bernardo do Campo, onde far\u00e1 o pronunciamento.","rel":"","context":"Em &quot;Sem categoria&quot;","block_context":{"text":"Sem categoria","link":"https:\/\/gersonguelmann.com.br\/blog\/category\/sem-categoria\/"},"img":{"alt_text":"","src":"https:\/\/i0.wp.com\/gersonguelmann.com.br\/blog\/wp-content\/uploads\/2018\/04\/Lula-3.jpg?resize=350%2C200&ssl=1","width":350,"height":200},"classes":[]},{"id":19745,"url":"https:\/\/gersonguelmann.com.br\/blog\/lula-livre-pero-no-mucho\/","url_meta":{"origin":12283,"position":4},"title":"Lula Livre (pero no mucho)","author":"Gerson Guelmann","date":"17 de janeiro de 2020","format":false,"excerpt":"Como sabemos, Lula est\u00e1 livre desde meados de novembro. Desde ent\u00e3o cessaram os gritos de \"Lula Livre\" que partiam dos acampados pr\u00f3ximos \u00e0 Pol\u00edcia Federal em Curitiba e se faziam ouvir Brasil afora. S\u00f3 que a atua\u00e7\u00e3o do ex-presidente, desde ent\u00e3o, parece n\u00e3o ser do agrado de alguns de seus\u2026","rel":"","context":"Em &quot;Sem categoria&quot;","block_context":{"text":"Sem categoria","link":"https:\/\/gersonguelmann.com.br\/blog\/category\/sem-categoria\/"},"img":{"alt_text":"","src":"https:\/\/i0.wp.com\/gersonguelmann.com.br\/blog\/wp-content\/uploads\/2020\/01\/Lula.jpg?fit=1200%2C800&ssl=1&resize=350%2C200","width":350,"height":200,"srcset":"https:\/\/i0.wp.com\/gersonguelmann.com.br\/blog\/wp-content\/uploads\/2020\/01\/Lula.jpg?fit=1200%2C800&ssl=1&resize=350%2C200 1x, https:\/\/i0.wp.com\/gersonguelmann.com.br\/blog\/wp-content\/uploads\/2020\/01\/Lula.jpg?fit=1200%2C800&ssl=1&resize=525%2C300 1.5x, https:\/\/i0.wp.com\/gersonguelmann.com.br\/blog\/wp-content\/uploads\/2020\/01\/Lula.jpg?fit=1200%2C800&ssl=1&resize=700%2C400 2x, https:\/\/i0.wp.com\/gersonguelmann.com.br\/blog\/wp-content\/uploads\/2020\/01\/Lula.jpg?fit=1200%2C800&ssl=1&resize=1050%2C600 3x"},"classes":[]},{"id":13136,"url":"https:\/\/gersonguelmann.com.br\/blog\/defesa-de-lula-nao-gostou-da-foto-do-moro-com-doria\/","url_meta":{"origin":12283,"position":5},"title":"Defesa de Lula N\u00e3o Gostou da Foto do Moro com Doria","author":"Gerson Guelmann","date":"22 de maio de 2018","format":false,"excerpt":"A gente sabe que isso faz parte do trabalho dos advogados, mas ser\u00e1 que tumultuar o processo com esse tipo de coisa n\u00e3o piora a situa\u00e7\u00e3o? A mat\u00e9ria abaixo acabou de ser publicada no site da revista Isto\u00c9: BRASIL Defesa de Lula pede suspens\u00e3o de Moro ap\u00f3s foto com Doria\u2026","rel":"","context":"Em &quot;Sem categoria&quot;","block_context":{"text":"Sem categoria","link":"https:\/\/gersonguelmann.com.br\/blog\/category\/sem-categoria\/"},"img":{"alt_text":"","src":"https:\/\/i0.wp.com\/gersonguelmann.com.br\/blog\/wp-content\/uploads\/2018\/05\/Moro.jpg?fit=616%2C345&ssl=1&resize=350%2C200","width":350,"height":200,"srcset":"https:\/\/i0.wp.com\/gersonguelmann.com.br\/blog\/wp-content\/uploads\/2018\/05\/Moro.jpg?fit=616%2C345&ssl=1&resize=350%2C200 1x, https:\/\/i0.wp.com\/gersonguelmann.com.br\/blog\/wp-content\/uploads\/2018\/05\/Moro.jpg?fit=616%2C345&ssl=1&resize=525%2C300 1.5x"},"classes":[]}],"jetpack_sharing_enabled":true,"post_mailing_queue_ids":[],"_links":{"self":[{"href":"https:\/\/gersonguelmann.com.br\/blog\/wp-json\/wp\/v2\/posts\/12283","targetHints":{"allow":["GET"]}}],"collection":[{"href":"https:\/\/gersonguelmann.com.br\/blog\/wp-json\/wp\/v2\/posts"}],"about":[{"href":"https:\/\/gersonguelmann.com.br\/blog\/wp-json\/wp\/v2\/types\/post"}],"author":[{"embeddable":true,"href":"https:\/\/gersonguelmann.com.br\/blog\/wp-json\/wp\/v2\/users\/5"}],"replies":[{"embeddable":true,"href":"https:\/\/gersonguelmann.com.br\/blog\/wp-json\/wp\/v2\/comments?post=12283"}],"version-history":[{"count":0,"href":"https:\/\/gersonguelmann.com.br\/blog\/wp-json\/wp\/v2\/posts\/12283\/revisions"}],"wp:featuredmedia":[{"embeddable":true,"href":"https:\/\/gersonguelmann.com.br\/blog\/wp-json\/wp\/v2\/media\/12284"}],"wp:attachment":[{"href":"https:\/\/gersonguelmann.com.br\/blog\/wp-json\/wp\/v2\/media?parent=12283"}],"wp:term":[{"taxonomy":"category","embeddable":true,"href":"https:\/\/gersonguelmann.com.br\/blog\/wp-json\/wp\/v2\/categories?post=12283"},{"taxonomy":"post_tag","embeddable":true,"href":"https:\/\/gersonguelmann.com.br\/blog\/wp-json\/wp\/v2\/tags?post=12283"}],"curies":[{"name":"wp","href":"https:\/\/api.w.org\/{rel}","templated":true}]}}