    {"id":12300,"date":"2018-04-30T18:12:05","date_gmt":"2018-04-30T21:12:05","guid":{"rendered":"https:\/\/gersonguelmann.com.br\/blog\/?p=12300"},"modified":"2018-04-30T18:23:23","modified_gmt":"2018-04-30T21:23:23","slug":"nenhum-deputado-ou-senador-nos-foi-enfiado-goela-abaixo","status":"publish","type":"post","link":"https:\/\/gersonguelmann.com.br\/blog\/nenhum-deputado-ou-senador-nos-foi-enfiado-goela-abaixo\/","title":{"rendered":"Nenhum Deputado ou Senador Nos Foi Enfiado Goela Abaixo"},"content":{"rendered":"<p><span style=\"font-family: georgia, palatino, serif; font-size: 18pt; color: #000000;\">Algumas pessoas ainda n\u00e3o se deram conta da import\u00e2ncia da renova\u00e7\u00e3o do Congresso nas elei\u00e7\u00f5es deste ano.<\/span><\/p>\n<p><span style=\"font-family: georgia, palatino, serif; font-size: 18pt; color: #000000;\">Costumamos colocar toda a responsabilidade pelos rumos da na\u00e7\u00e3o nas m\u00e3os do presidente da Rep\u00fablica, esquecendo que o poder Legislativo precisa ser composto por pessoas s\u00e9rias e com o desejo de colocar o pa\u00eds nos trilhos.<\/span><\/p>\n<p><span style=\"font-family: georgia, palatino, serif; font-size: 18pt; color: #000000;\">Nesse sentido, foi lan\u00e7ado recentemente o movimento &#8220;<em>Um Novo Congresso<\/em>&#8220;, cuja palavra de ordem \u00e9<br \/>\n&#8211; &#8220;<em>Um Novo Congresso. \u00c9 Necess\u00e1rio. \u00c9 Poss\u00edvel. E Vai Ser Pelo Voto. Pela Justi\u00e7a Social e Pela Democracia&#8221;<\/em>.<\/span><\/p>\n<p><span style=\"font-family: georgia, palatino, serif; font-size: 18pt; color: #000000;\">Transcrevo a seguir os principais trechos do manifesto:<\/span><\/p>\n<div id=\"comp-iob8mimc\" class=\"txtNew\" data-packed=\"true\">\n<h5 class=\"font_5\"><span style=\"font-family: arial, helvetica, sans-serif; font-size: 14pt; color: #000000;\">\u00c9 NECESS\u00c1RIO<\/span><br \/>\n<span style=\"font-family: arial, helvetica, sans-serif; font-size: 14pt; color: #000000;\">At\u00e9 em seus defeitos, a democracia revela sua inigual\u00e1vel qualidade. Sob o regime democr\u00e1tico, podemos acompanhar e verificar o comportamento daqueles que elegemos.<\/span><\/h5>\n<div id=\"comp-iob8o097\" class=\"txtNew\" data-packed=\"true\">\n<h5 class=\"font_5\"><span style=\"font-family: arial, helvetica, sans-serif; font-size: 14pt; color: #000000;\">\u00c9 POSS\u00cdVEL<\/span><br \/>\n<span style=\"font-family: arial, helvetica, sans-serif; font-size: 14pt; color: #000000;\">Nenhum dos atuais 513 deputados e 81 senadores foi enfiado goela abaixo de nenhum de n\u00f3s. Ningu\u00e9m foi obrigado a escolher esse ou aquele candidato, essa ou aquela candidata. Gostemos ou n\u00e3o, o atual Congresso Nacional \u00e9 resultado exclusivo das nossas pr\u00f3prias escolhas.<\/span><\/h5>\n<div id=\"comp-iobbg8iw\" class=\"txtNew\" data-packed=\"true\">\n<h5 class=\"font_5\"><span style=\"font-family: arial, helvetica, sans-serif; font-size: 14pt; color: #000000;\">E VAI SER PELO VOTO<\/span><br \/>\n<span style=\"font-family: arial, helvetica, sans-serif; font-size: 14pt; color: #000000;\">Com a internet, podemos, em segundos, ter acesso \u00e0 hist\u00f3ria e ao passado de todos os candidatos \u00e0 C\u00e2mara dos Deputados e ao Senado. \u00c9 f\u00e1cil pesquisar as entrevistas, os discursos e\u00a0as posi\u00e7\u00f5es de cada um deles.<\/span><\/h5>\n<\/div>\n<div>\n<p><span style=\"font-family: arial, helvetica, sans-serif; font-size: 14pt; color: #000000;\">Um outro Congresso \u00e9 urgentemente necess\u00e1rio.<\/span><\/p>\n<p>&nbsp;<\/p>\n<\/div>\n<div><\/div>\n<div>\n<p><span style=\"font-family: arial, helvetica, sans-serif; font-size: 14pt; color: #000000;\">A atual maioria parlamentar, constitu\u00edda no Congresso Nacional por meios esp\u00farios, est\u00e1 impondo\u00a0ao pa\u00eds um enorme desvio da vontade nacional, expressa na Constitui\u00e7\u00e3o de 1988 e em todas\u00a0as elei\u00e7\u00f5es do s\u00e9culo XXI. Ao mesmo tempo, protege um governo que afunda na corrup\u00e7\u00e3o.<\/span><\/p>\n<p>&nbsp;<\/p>\n<\/div>\n<div><\/div>\n<div>\n<p><span style=\"font-family: arial, helvetica, sans-serif; font-size: 14pt; color: #000000;\">Isso acontece porque o atual Congresso Nacional n\u00e3o representa a maioria do povo brasileiro.\u00a0N\u00e3o representa os pobres, os negros, as mulheres, os jovens, os ind\u00edgenas, as minorias discriminadas.\u00a0O Congresso Nacional deveria ser o povo legislando por meio de seus representantes, fiscalizando\u00a0por meio de seus representantes. Mas est\u00e1 dominado por bancadas que defendem outros interesses,\u00a0contr\u00e1rios aos da maioria do povo brasileiro.<\/span><\/p>\n<p>&nbsp;<\/p>\n<\/div>\n<div><\/div>\n<div>\n<p><span style=\"font-family: arial, helvetica, sans-serif; font-size: 14pt; color: #000000;\">Somos cotidianamente escandalizados com o volume dos recursos p\u00fablicos usados pelo governo para\u00a0obter as decis\u00f5es do atual Congresso, em vez de destin\u00e1-los ao atendimento das prementes necessidades\u00a0sociais. As sess\u00f5es do Congresso, transmitidas pela televis\u00e3o, desnudam o baixo n\u00edvel \u00e9tico e pol\u00edtico da\u00a0<\/span><span style=\"font-family: arial, helvetica, sans-serif; font-size: 14pt; color: #000000;\">grande maioria de seus integrantes, desacreditando a pr\u00f3pria atividade pol\u00edtica.<\/span><\/p>\n<p>&nbsp;<\/p>\n<\/div>\n<div><\/div>\n<div>\n<p><span style=\"font-family: arial, helvetica, sans-serif; font-size: 14pt; color: #000000;\">\u00c9 importante eleger um Presidente da Rep\u00fablica comprometido com a justi\u00e7a social e a democracia.\u00a0Mas nenhum Presidente da Rep\u00fablica, seja quem for, conseguir\u00e1 governar a servi\u00e7o do povo\u00a0se o Congresso n\u00e3o o representar.<\/span><\/p>\n<p>&nbsp;<\/p>\n<\/div>\n<div><\/div>\n<div>\n<p><span style=\"font-family: arial, helvetica, sans-serif; font-size: 14pt; color: #000000;\">Um outro Congresso \u00e9 poss\u00edvel.<\/span><\/p>\n<p>&nbsp;<\/p>\n<\/div>\n<div><\/div>\n<div>\n<p><span style=\"font-family: arial, helvetica, sans-serif; font-size: 14pt; color: #000000;\">Em 7 de outubro de 2018, voltam para nossas m\u00e3os o direito e o poder de escolher, pelo voto,\u00a0os dirigentes pol\u00edticos do Brasil. N\u00e3o podemos perder essa oportunidade. Temos que romper os feudos\u00a0eleitorais que h\u00e1 d\u00e9cadas v\u00eam assegurando a reelei\u00e7\u00e3o dos mesmos profissionais da pol\u00edtica ou\u00a0os substituindo por seus filhos e parentes. Temos que impedir o dom\u00ednio dos votos pela m\u00e1quina\u00a0dos cabos eleitorais instalados nas Prefeituras, C\u00e2maras Municipais e Assembleias Legislativas Estaduais.<\/span><\/p>\n<p>&nbsp;<\/p>\n<\/div>\n<div><\/div>\n<div>\n<p><span style=\"font-family: arial, helvetica, sans-serif; font-size: 14pt; color: #000000;\">Nosso horizonte \u00e9 o da Constitui\u00e7\u00e3o de 1988: um Brasil justo, igualit\u00e1rio, democr\u00e1tico e respeitoso dos\u00a0Direitos Humanos; uma sociedade pac\u00edfica, solid\u00e1ria e em alian\u00e7a com a natureza e a sustentabilidade;\u00a0uma economia voltada para o atendimento das necessidades humanas e para a redu\u00e7\u00e3o das\u00a0desigualdades; um governo \u00e9tico e n\u00e3o de oportunistas gananciosos; uma administra\u00e7\u00e3o p\u00fablica avessa\u00a0\u00e0 corrup\u00e7\u00e3o; pol\u00edticas p\u00fablicas visando elevar os n\u00edveis de vida e de participa\u00e7\u00e3o das grandes maiorias,\u00a0de exerc\u00edcio da iniciativa e da soberania popular nas decis\u00f5es, de prote\u00e7\u00e3o dos nossos recursos naturais\u00a0e de inser\u00e7\u00e3o soberana no concerto das na\u00e7\u00f5es.<\/span><\/p>\n<p>&nbsp;<\/p>\n<\/div>\n<\/div>\n<\/div>\n<div><\/div>\n<div><span style=\"font-family: georgia, palatino, serif; font-size: 18pt; color: #000000;\">Para acessar o site, <em><strong><a href=\"https:\/\/www.umnovocongresso.org.br\">clique aqui<\/a><\/strong><\/em>.<\/span><\/div>\n<div><\/div>\n<div style=\"text-align: center;\"><img data-recalc-dims=\"1\" fetchpriority=\"high\" decoding=\"async\" data-attachment-id=\"12306\" data-permalink=\"https:\/\/gersonguelmann.com.br\/blog\/nenhum-deputado-ou-senador-nos-foi-enfiado-goela-abaixo\/congresso-3\/\" data-orig-file=\"https:\/\/i0.wp.com\/gersonguelmann.com.br\/blog\/wp-content\/uploads\/2018\/04\/Congresso-1.jpg?fit=500%2C500&amp;ssl=1\" data-orig-size=\"500,500\" data-comments-opened=\"1\" data-image-meta=\"{&quot;aperture&quot;:&quot;0&quot;,&quot;credit&quot;:&quot;&quot;,&quot;camera&quot;:&quot;&quot;,&quot;caption&quot;:&quot;&quot;,&quot;created_timestamp&quot;:&quot;0&quot;,&quot;copyright&quot;:&quot;&quot;,&quot;focal_length&quot;:&quot;0&quot;,&quot;iso&quot;:&quot;0&quot;,&quot;shutter_speed&quot;:&quot;0&quot;,&quot;title&quot;:&quot;&quot;,&quot;orientation&quot;:&quot;0&quot;}\" data-image-title=\"Congresso\" data-image-description=\"\" data-image-caption=\"\" data-medium-file=\"https:\/\/i0.wp.com\/gersonguelmann.com.br\/blog\/wp-content\/uploads\/2018\/04\/Congresso-1.jpg?fit=300%2C300&amp;ssl=1\" data-large-file=\"https:\/\/i0.wp.com\/gersonguelmann.com.br\/blog\/wp-content\/uploads\/2018\/04\/Congresso-1.jpg?fit=500%2C500&amp;ssl=1\" class=\"alignnone size-medium wp-image-12306\" src=\"https:\/\/i0.wp.com\/gersonguelmann.com.br\/blog\/wp-content\/uploads\/2018\/04\/Congresso-1.jpg?resize=300%2C300&#038;ssl=1\" alt=\"\" width=\"300\" height=\"300\" srcset=\"https:\/\/i0.wp.com\/gersonguelmann.com.br\/blog\/wp-content\/uploads\/2018\/04\/Congresso-1.jpg?resize=300%2C300&amp;ssl=1 300w, https:\/\/i0.wp.com\/gersonguelmann.com.br\/blog\/wp-content\/uploads\/2018\/04\/Congresso-1.jpg?resize=150%2C150&amp;ssl=1 150w, https:\/\/i0.wp.com\/gersonguelmann.com.br\/blog\/wp-content\/uploads\/2018\/04\/Congresso-1.jpg?w=500&amp;ssl=1 500w, https:\/\/i0.wp.com\/gersonguelmann.com.br\/blog\/wp-content\/uploads\/2018\/04\/Congresso-1.jpg?resize=70%2C70&amp;ssl=1 70w, https:\/\/i0.wp.com\/gersonguelmann.com.br\/blog\/wp-content\/uploads\/2018\/04\/Congresso-1.jpg?resize=127%2C127&amp;ssl=1 127w, https:\/\/i0.wp.com\/gersonguelmann.com.br\/blog\/wp-content\/uploads\/2018\/04\/Congresso-1.jpg?resize=476%2C476&amp;ssl=1 476w, https:\/\/i0.wp.com\/gersonguelmann.com.br\/blog\/wp-content\/uploads\/2018\/04\/Congresso-1.jpg?resize=125%2C125&amp;ssl=1 125w\" sizes=\"(max-width: 300px) 100vw, 300px\" \/><\/div>\n","protected":false},"excerpt":{"rendered":"<p>Algumas pessoas ainda n\u00e3o se deram conta da import\u00e2ncia da renova\u00e7\u00e3o do Congresso nas elei\u00e7\u00f5es deste ano. Costumamos colocar toda a responsabilidade pelos rumos da na\u00e7\u00e3o nas m\u00e3os do presidente da Rep\u00fablica, esquecendo que o poder Legislativo precisa ser composto por pessoas s\u00e9rias e com o desejo de colocar o pa\u00eds nos trilhos. Nesse sentido, [&hellip;]<\/p>\n","protected":false},"author":5,"featured_media":12306,"comment_status":"open","ping_status":"open","sticky":false,"template":"","format":"standard","meta":{"_acf_changed":false,"jetpack_post_was_ever_published":false,"_jetpack_newsletter_access":"","_jetpack_dont_email_post_to_subs":false,"_jetpack_newsletter_tier_id":0,"_jetpack_memberships_contains_paywalled_content":false,"_jetpack_memberships_contains_paid_content":false,"footnotes":"","jetpack_publicize_message":"","jetpack_publicize_feature_enabled":true,"jetpack_social_post_already_shared":true,"jetpack_social_options":{"image_generator_settings":{"template":"highway","default_image_id":0,"font":"","enabled":false},"version":2}},"categories":[1],"tags":[],"class_list":["post-12300","post","type-post","status-publish","format-standard","has-post-thumbnail","hentry","category-sem-categoria"],"acf":[],"yoast_head":"<!-- This site is optimized with the Yoast SEO plugin v27.3 - https:\/\/yoast.com\/product\/yoast-seo-wordpress\/ -->\n<title>Nenhum Deputado ou Senador Nos Foi Enfiado Goela Abaixo | Blog do Guelmann<\/title>\n<meta name=\"robots\" content=\"index, follow, max-snippet:-1, max-image-preview:large, max-video-preview:-1\" \/>\n<link rel=\"canonical\" href=\"https:\/\/gersonguelmann.com.br\/blog\/nenhum-deputado-ou-senador-nos-foi-enfiado-goela-abaixo\/\" \/>\n<meta property=\"og:locale\" content=\"pt_BR\" \/>\n<meta property=\"og:type\" content=\"article\" \/>\n<meta property=\"og:title\" content=\"Nenhum Deputado ou Senador Nos Foi Enfiado Goela Abaixo | Blog do Guelmann\" \/>\n<meta property=\"og:description\" content=\"Algumas pessoas ainda n\u00e3o se deram conta da import\u00e2ncia da renova\u00e7\u00e3o do Congresso nas elei\u00e7\u00f5es deste ano. Costumamos colocar toda a responsabilidade pelos rumos da na\u00e7\u00e3o nas m\u00e3os do presidente da Rep\u00fablica, esquecendo que o poder Legislativo precisa ser composto por pessoas s\u00e9rias e com o desejo de colocar o pa\u00eds nos trilhos. Nesse sentido, [&hellip;]\" \/>\n<meta property=\"og:url\" content=\"https:\/\/gersonguelmann.com.br\/blog\/nenhum-deputado-ou-senador-nos-foi-enfiado-goela-abaixo\/\" \/>\n<meta property=\"og:site_name\" content=\"Blog do Guelmann\" \/>\n<meta property=\"article:published_time\" content=\"2018-04-30T21:12:05+00:00\" \/>\n<meta property=\"article:modified_time\" content=\"2018-04-30T21:23:23+00:00\" \/>\n<meta property=\"og:image\" content=\"https:\/\/i0.wp.com\/gersonguelmann.com.br\/blog\/wp-content\/uploads\/2018\/04\/Congresso-1.jpg?fit=500%2C500&ssl=1\" \/>\n\t<meta property=\"og:image:width\" content=\"500\" \/>\n\t<meta property=\"og:image:height\" content=\"500\" \/>\n\t<meta property=\"og:image:type\" content=\"image\/jpeg\" \/>\n<meta name=\"author\" content=\"Gerson Guelmann\" \/>\n<meta name=\"twitter:card\" content=\"summary_large_image\" \/>\n<meta name=\"twitter:label1\" content=\"Escrito por\" \/>\n\t<meta name=\"twitter:data1\" content=\"Gerson Guelmann\" \/>\n\t<meta name=\"twitter:label2\" content=\"Est. tempo de leitura\" \/>\n\t<meta name=\"twitter:data2\" content=\"3 minutos\" \/>\n<script type=\"application\/ld+json\" class=\"yoast-schema-graph\">{\"@context\":\"https:\\\/\\\/schema.org\",\"@graph\":[{\"@type\":\"Article\",\"@id\":\"https:\\\/\\\/gersonguelmann.com.br\\\/blog\\\/nenhum-deputado-ou-senador-nos-foi-enfiado-goela-abaixo\\\/#article\",\"isPartOf\":{\"@id\":\"https:\\\/\\\/gersonguelmann.com.br\\\/blog\\\/nenhum-deputado-ou-senador-nos-foi-enfiado-goela-abaixo\\\/\"},\"author\":{\"name\":\"Gerson Guelmann\",\"@id\":\"https:\\\/\\\/gersonguelmann.com.br\\\/blog\\\/#\\\/schema\\\/person\\\/87e70e2a786888082f941a482c90569e\"},\"headline\":\"Nenhum Deputado ou Senador Nos Foi Enfiado Goela Abaixo\",\"datePublished\":\"2018-04-30T21:12:05+00:00\",\"dateModified\":\"2018-04-30T21:23:23+00:00\",\"mainEntityOfPage\":{\"@id\":\"https:\\\/\\\/gersonguelmann.com.br\\\/blog\\\/nenhum-deputado-ou-senador-nos-foi-enfiado-goela-abaixo\\\/\"},\"wordCount\":675,\"commentCount\":2,\"image\":{\"@id\":\"https:\\\/\\\/gersonguelmann.com.br\\\/blog\\\/nenhum-deputado-ou-senador-nos-foi-enfiado-goela-abaixo\\\/#primaryimage\"},\"thumbnailUrl\":\"https:\\\/\\\/i0.wp.com\\\/gersonguelmann.com.br\\\/blog\\\/wp-content\\\/uploads\\\/2018\\\/04\\\/Congresso-1.jpg?fit=500%2C500&ssl=1\",\"inLanguage\":\"pt-BR\",\"potentialAction\":[{\"@type\":\"CommentAction\",\"name\":\"Comment\",\"target\":[\"https:\\\/\\\/gersonguelmann.com.br\\\/blog\\\/nenhum-deputado-ou-senador-nos-foi-enfiado-goela-abaixo\\\/#respond\"]}]},{\"@type\":\"WebPage\",\"@id\":\"https:\\\/\\\/gersonguelmann.com.br\\\/blog\\\/nenhum-deputado-ou-senador-nos-foi-enfiado-goela-abaixo\\\/\",\"url\":\"https:\\\/\\\/gersonguelmann.com.br\\\/blog\\\/nenhum-deputado-ou-senador-nos-foi-enfiado-goela-abaixo\\\/\",\"name\":\"Nenhum Deputado ou Senador Nos Foi Enfiado Goela Abaixo | Blog do Guelmann\",\"isPartOf\":{\"@id\":\"https:\\\/\\\/gersonguelmann.com.br\\\/blog\\\/#website\"},\"primaryImageOfPage\":{\"@id\":\"https:\\\/\\\/gersonguelmann.com.br\\\/blog\\\/nenhum-deputado-ou-senador-nos-foi-enfiado-goela-abaixo\\\/#primaryimage\"},\"image\":{\"@id\":\"https:\\\/\\\/gersonguelmann.com.br\\\/blog\\\/nenhum-deputado-ou-senador-nos-foi-enfiado-goela-abaixo\\\/#primaryimage\"},\"thumbnailUrl\":\"https:\\\/\\\/i0.wp.com\\\/gersonguelmann.com.br\\\/blog\\\/wp-content\\\/uploads\\\/2018\\\/04\\\/Congresso-1.jpg?fit=500%2C500&ssl=1\",\"datePublished\":\"2018-04-30T21:12:05+00:00\",\"dateModified\":\"2018-04-30T21:23:23+00:00\",\"author\":{\"@id\":\"https:\\\/\\\/gersonguelmann.com.br\\\/blog\\\/#\\\/schema\\\/person\\\/87e70e2a786888082f941a482c90569e\"},\"inLanguage\":\"pt-BR\",\"potentialAction\":[{\"@type\":\"ReadAction\",\"target\":[\"https:\\\/\\\/gersonguelmann.com.br\\\/blog\\\/nenhum-deputado-ou-senador-nos-foi-enfiado-goela-abaixo\\\/\"]}]},{\"@type\":\"ImageObject\",\"inLanguage\":\"pt-BR\",\"@id\":\"https:\\\/\\\/gersonguelmann.com.br\\\/blog\\\/nenhum-deputado-ou-senador-nos-foi-enfiado-goela-abaixo\\\/#primaryimage\",\"url\":\"https:\\\/\\\/i0.wp.com\\\/gersonguelmann.com.br\\\/blog\\\/wp-content\\\/uploads\\\/2018\\\/04\\\/Congresso-1.jpg?fit=500%2C500&ssl=1\",\"contentUrl\":\"https:\\\/\\\/i0.wp.com\\\/gersonguelmann.com.br\\\/blog\\\/wp-content\\\/uploads\\\/2018\\\/04\\\/Congresso-1.jpg?fit=500%2C500&ssl=1\",\"width\":500,\"height\":500},{\"@type\":\"WebSite\",\"@id\":\"https:\\\/\\\/gersonguelmann.com.br\\\/blog\\\/#website\",\"url\":\"https:\\\/\\\/gersonguelmann.com.br\\\/blog\\\/\",\"name\":\"Blog do Guelmann\",\"description\":\"Pitadas da sabedoria e do humor judaicos, assuntos do momento e um pouco das hist\u00f3rias que vivi e testemunhei.\",\"potentialAction\":[{\"@type\":\"SearchAction\",\"target\":{\"@type\":\"EntryPoint\",\"urlTemplate\":\"https:\\\/\\\/gersonguelmann.com.br\\\/blog\\\/?s={search_term_string}\"},\"query-input\":{\"@type\":\"PropertyValueSpecification\",\"valueRequired\":true,\"valueName\":\"search_term_string\"}}],\"inLanguage\":\"pt-BR\"},{\"@type\":\"Person\",\"@id\":\"https:\\\/\\\/gersonguelmann.com.br\\\/blog\\\/#\\\/schema\\\/person\\\/87e70e2a786888082f941a482c90569e\",\"name\":\"Gerson Guelmann\",\"image\":{\"@type\":\"ImageObject\",\"inLanguage\":\"pt-BR\",\"@id\":\"https:\\\/\\\/i0.wp.com\\\/gersonguelmann.com.br\\\/blog\\\/wp-content\\\/uploads\\\/2021\\\/08\\\/BLOG.jpeg?fit=96%2C96&ssl=1\",\"url\":\"https:\\\/\\\/i0.wp.com\\\/gersonguelmann.com.br\\\/blog\\\/wp-content\\\/uploads\\\/2021\\\/08\\\/BLOG.jpeg?fit=96%2C96&ssl=1\",\"contentUrl\":\"https:\\\/\\\/i0.wp.com\\\/gersonguelmann.com.br\\\/blog\\\/wp-content\\\/uploads\\\/2021\\\/08\\\/BLOG.jpeg?fit=96%2C96&ssl=1\",\"caption\":\"Gerson Guelmann\"},\"description\":\"Pitadas da sabedoria e do humor judaicos, assuntos do momento e um pouco das hist\u00f3rias que vivi e testemunhei.\"}]}<\/script>\n<!-- \/ Yoast SEO plugin. -->","yoast_head_json":{"title":"Nenhum Deputado ou Senador Nos Foi Enfiado Goela Abaixo | Blog do Guelmann","robots":{"index":"index","follow":"follow","max-snippet":"max-snippet:-1","max-image-preview":"max-image-preview:large","max-video-preview":"max-video-preview:-1"},"canonical":"https:\/\/gersonguelmann.com.br\/blog\/nenhum-deputado-ou-senador-nos-foi-enfiado-goela-abaixo\/","og_locale":"pt_BR","og_type":"article","og_title":"Nenhum Deputado ou Senador Nos Foi Enfiado Goela Abaixo | Blog do Guelmann","og_description":"Algumas pessoas ainda n\u00e3o se deram conta da import\u00e2ncia da renova\u00e7\u00e3o do Congresso nas elei\u00e7\u00f5es deste ano. Costumamos colocar toda a responsabilidade pelos rumos da na\u00e7\u00e3o nas m\u00e3os do presidente da Rep\u00fablica, esquecendo que o poder Legislativo precisa ser composto por pessoas s\u00e9rias e com o desejo de colocar o pa\u00eds nos trilhos. Nesse sentido, [&hellip;]","og_url":"https:\/\/gersonguelmann.com.br\/blog\/nenhum-deputado-ou-senador-nos-foi-enfiado-goela-abaixo\/","og_site_name":"Blog do Guelmann","article_published_time":"2018-04-30T21:12:05+00:00","article_modified_time":"2018-04-30T21:23:23+00:00","og_image":[{"width":500,"height":500,"url":"https:\/\/i0.wp.com\/gersonguelmann.com.br\/blog\/wp-content\/uploads\/2018\/04\/Congresso-1.jpg?fit=500%2C500&ssl=1","type":"image\/jpeg"}],"author":"Gerson Guelmann","twitter_card":"summary_large_image","twitter_misc":{"Escrito por":"Gerson Guelmann","Est. tempo de leitura":"3 minutos"},"schema":{"@context":"https:\/\/schema.org","@graph":[{"@type":"Article","@id":"https:\/\/gersonguelmann.com.br\/blog\/nenhum-deputado-ou-senador-nos-foi-enfiado-goela-abaixo\/#article","isPartOf":{"@id":"https:\/\/gersonguelmann.com.br\/blog\/nenhum-deputado-ou-senador-nos-foi-enfiado-goela-abaixo\/"},"author":{"name":"Gerson Guelmann","@id":"https:\/\/gersonguelmann.com.br\/blog\/#\/schema\/person\/87e70e2a786888082f941a482c90569e"},"headline":"Nenhum Deputado ou Senador Nos Foi Enfiado Goela Abaixo","datePublished":"2018-04-30T21:12:05+00:00","dateModified":"2018-04-30T21:23:23+00:00","mainEntityOfPage":{"@id":"https:\/\/gersonguelmann.com.br\/blog\/nenhum-deputado-ou-senador-nos-foi-enfiado-goela-abaixo\/"},"wordCount":675,"commentCount":2,"image":{"@id":"https:\/\/gersonguelmann.com.br\/blog\/nenhum-deputado-ou-senador-nos-foi-enfiado-goela-abaixo\/#primaryimage"},"thumbnailUrl":"https:\/\/i0.wp.com\/gersonguelmann.com.br\/blog\/wp-content\/uploads\/2018\/04\/Congresso-1.jpg?fit=500%2C500&ssl=1","inLanguage":"pt-BR","potentialAction":[{"@type":"CommentAction","name":"Comment","target":["https:\/\/gersonguelmann.com.br\/blog\/nenhum-deputado-ou-senador-nos-foi-enfiado-goela-abaixo\/#respond"]}]},{"@type":"WebPage","@id":"https:\/\/gersonguelmann.com.br\/blog\/nenhum-deputado-ou-senador-nos-foi-enfiado-goela-abaixo\/","url":"https:\/\/gersonguelmann.com.br\/blog\/nenhum-deputado-ou-senador-nos-foi-enfiado-goela-abaixo\/","name":"Nenhum Deputado ou Senador Nos Foi Enfiado Goela Abaixo | Blog do Guelmann","isPartOf":{"@id":"https:\/\/gersonguelmann.com.br\/blog\/#website"},"primaryImageOfPage":{"@id":"https:\/\/gersonguelmann.com.br\/blog\/nenhum-deputado-ou-senador-nos-foi-enfiado-goela-abaixo\/#primaryimage"},"image":{"@id":"https:\/\/gersonguelmann.com.br\/blog\/nenhum-deputado-ou-senador-nos-foi-enfiado-goela-abaixo\/#primaryimage"},"thumbnailUrl":"https:\/\/i0.wp.com\/gersonguelmann.com.br\/blog\/wp-content\/uploads\/2018\/04\/Congresso-1.jpg?fit=500%2C500&ssl=1","datePublished":"2018-04-30T21:12:05+00:00","dateModified":"2018-04-30T21:23:23+00:00","author":{"@id":"https:\/\/gersonguelmann.com.br\/blog\/#\/schema\/person\/87e70e2a786888082f941a482c90569e"},"inLanguage":"pt-BR","potentialAction":[{"@type":"ReadAction","target":["https:\/\/gersonguelmann.com.br\/blog\/nenhum-deputado-ou-senador-nos-foi-enfiado-goela-abaixo\/"]}]},{"@type":"ImageObject","inLanguage":"pt-BR","@id":"https:\/\/gersonguelmann.com.br\/blog\/nenhum-deputado-ou-senador-nos-foi-enfiado-goela-abaixo\/#primaryimage","url":"https:\/\/i0.wp.com\/gersonguelmann.com.br\/blog\/wp-content\/uploads\/2018\/04\/Congresso-1.jpg?fit=500%2C500&ssl=1","contentUrl":"https:\/\/i0.wp.com\/gersonguelmann.com.br\/blog\/wp-content\/uploads\/2018\/04\/Congresso-1.jpg?fit=500%2C500&ssl=1","width":500,"height":500},{"@type":"WebSite","@id":"https:\/\/gersonguelmann.com.br\/blog\/#website","url":"https:\/\/gersonguelmann.com.br\/blog\/","name":"Blog do Guelmann","description":"Pitadas da sabedoria e do humor judaicos, assuntos do momento e um pouco das hist\u00f3rias que vivi e testemunhei.","potentialAction":[{"@type":"SearchAction","target":{"@type":"EntryPoint","urlTemplate":"https:\/\/gersonguelmann.com.br\/blog\/?s={search_term_string}"},"query-input":{"@type":"PropertyValueSpecification","valueRequired":true,"valueName":"search_term_string"}}],"inLanguage":"pt-BR"},{"@type":"Person","@id":"https:\/\/gersonguelmann.com.br\/blog\/#\/schema\/person\/87e70e2a786888082f941a482c90569e","name":"Gerson Guelmann","image":{"@type":"ImageObject","inLanguage":"pt-BR","@id":"https:\/\/i0.wp.com\/gersonguelmann.com.br\/blog\/wp-content\/uploads\/2021\/08\/BLOG.jpeg?fit=96%2C96&ssl=1","url":"https:\/\/i0.wp.com\/gersonguelmann.com.br\/blog\/wp-content\/uploads\/2021\/08\/BLOG.jpeg?fit=96%2C96&ssl=1","contentUrl":"https:\/\/i0.wp.com\/gersonguelmann.com.br\/blog\/wp-content\/uploads\/2021\/08\/BLOG.jpeg?fit=96%2C96&ssl=1","caption":"Gerson Guelmann"},"description":"Pitadas da sabedoria e do humor judaicos, assuntos do momento e um pouco das hist\u00f3rias que vivi e testemunhei."}]}},"views":54,"jetpack_publicize_connections":[],"jetpack_featured_media_url":"https:\/\/i0.wp.com\/gersonguelmann.com.br\/blog\/wp-content\/uploads\/2018\/04\/Congresso-1.jpg?fit=500%2C500&ssl=1","jetpack_shortlink":"https:\/\/wp.me\/p96e7O-3co","jetpack-related-posts":[{"id":19328,"url":"https:\/\/gersonguelmann.com.br\/blog\/lula-volta-para-a-cadeia-se-a-prisao-em-segunda-instancia-for-aprovada\/","url_meta":{"origin":12300,"position":0},"title":"Lula Volta Para a Cadeia, Se a Pris\u00e3o Em Segunda Inst\u00e2ncia For Aprovada?","author":"Gerson Guelmann","date":"25 de novembro de 2019","format":false,"excerpt":"Essa \u00e9 uma pergunta que muitos fazem. Leia o que a BBC Brasil diz a respeito, em mat\u00e9ria publicada hoje: Se Congresso aprovar pris\u00e3o em segunda inst\u00e2ncia, Lula volta para a cadeia? Andr\u00e9 Shalders - @andreshaldersDa BBC News Brasil em Bras\u00edlia 25 novembro 2019 Na semana passada, a C\u00e2mara e\u2026","rel":"","context":"Em &quot;Sem categoria&quot;","block_context":{"text":"Sem categoria","link":"https:\/\/gersonguelmann.com.br\/blog\/category\/sem-categoria\/"},"img":{"alt_text":"","src":"https:\/\/i0.wp.com\/gersonguelmann.com.br\/blog\/wp-content\/uploads\/2019\/11\/Lula.jpg?fit=929%2C720&ssl=1&resize=350%2C200","width":350,"height":200,"srcset":"https:\/\/i0.wp.com\/gersonguelmann.com.br\/blog\/wp-content\/uploads\/2019\/11\/Lula.jpg?fit=929%2C720&ssl=1&resize=350%2C200 1x, https:\/\/i0.wp.com\/gersonguelmann.com.br\/blog\/wp-content\/uploads\/2019\/11\/Lula.jpg?fit=929%2C720&ssl=1&resize=525%2C300 1.5x, https:\/\/i0.wp.com\/gersonguelmann.com.br\/blog\/wp-content\/uploads\/2019\/11\/Lula.jpg?fit=929%2C720&ssl=1&resize=700%2C400 2x"},"classes":[]},{"id":13627,"url":"https:\/\/gersonguelmann.com.br\/blog\/mae-curitibana-forcada-a-deixar-filha-na-franca-faz-denuncia-ao-senado\/","url_meta":{"origin":12300,"position":1},"title":"M\u00e3e Curitibana For\u00e7ada a Deixar Filha na Fran\u00e7a Faz Den\u00fancia ao Senado","author":"Gerson Guelmann","date":"4 de junho de 2018","format":false,"excerpt":"Val\u00e9ria Ghisi, uma professora curitibana, ser\u00e1 uma das expositoras na audi\u00eancia p\u00fablica convocada pela Comiss\u00e3o Mista de Combate \u00e0 Viol\u00eancia pela Mulher do Congresso Nacional, nesta 4\u00aa feira, no Senado Federal. A audi\u00eancia ter\u00e1 como tema a aplica\u00e7\u00e3o da Conven\u00e7\u00e3o de Haia nos casos de sequestro internacional de crian\u00e7as e\u2026","rel":"","context":"Em &quot;Sem categoria&quot;","block_context":{"text":"Sem categoria","link":"https:\/\/gersonguelmann.com.br\/blog\/category\/sem-categoria\/"},"img":{"alt_text":"","src":"https:\/\/i0.wp.com\/gersonguelmann.com.br\/blog\/wp-content\/uploads\/2018\/06\/VG.jpg?fit=900%2C658&ssl=1&resize=350%2C200","width":350,"height":200,"srcset":"https:\/\/i0.wp.com\/gersonguelmann.com.br\/blog\/wp-content\/uploads\/2018\/06\/VG.jpg?fit=900%2C658&ssl=1&resize=350%2C200 1x, https:\/\/i0.wp.com\/gersonguelmann.com.br\/blog\/wp-content\/uploads\/2018\/06\/VG.jpg?fit=900%2C658&ssl=1&resize=525%2C300 1.5x, https:\/\/i0.wp.com\/gersonguelmann.com.br\/blog\/wp-content\/uploads\/2018\/06\/VG.jpg?fit=900%2C658&ssl=1&resize=700%2C400 2x"},"classes":[]},{"id":20309,"url":"https:\/\/gersonguelmann.com.br\/blog\/no-brasil-sem-vacina-o-roto-aconselha-o-esfarrapado\/","url_meta":{"origin":12300,"position":2},"title":"No Brasil Sem Vacina, o Roto Aconselha o Esfarrapado","author":"Gerson Guelmann","date":"13 de dezembro de 2020","format":false,"excerpt":"N\u00e3o h\u00e1 um \u00fanico brasileiro medianamente informado que n\u00e3o esteja preocupado com a quest\u00e3o da vacina\u00e7\u00e3o contra o Covid-19. H\u00e1 uma verdadeira guerra de (des)informa\u00e7\u00e3o onde n\u00f3s, os cidad\u00e3os comuns, estamos no meio do fogo cruzado e com a sensa\u00e7\u00e3o de que nessa guerra somos o que se chamava de\u2026","rel":"","context":"Em &quot;Sem categoria&quot;","block_context":{"text":"Sem categoria","link":"https:\/\/gersonguelmann.com.br\/blog\/category\/sem-categoria\/"},"img":{"alt_text":"","src":"https:\/\/i0.wp.com\/gersonguelmann.com.br\/blog\/wp-content\/uploads\/2020\/12\/ROTO.jpeg?fit=854%2C720&ssl=1&resize=350%2C200","width":350,"height":200,"srcset":"https:\/\/i0.wp.com\/gersonguelmann.com.br\/blog\/wp-content\/uploads\/2020\/12\/ROTO.jpeg?fit=854%2C720&ssl=1&resize=350%2C200 1x, https:\/\/i0.wp.com\/gersonguelmann.com.br\/blog\/wp-content\/uploads\/2020\/12\/ROTO.jpeg?fit=854%2C720&ssl=1&resize=525%2C300 1.5x, https:\/\/i0.wp.com\/gersonguelmann.com.br\/blog\/wp-content\/uploads\/2020\/12\/ROTO.jpeg?fit=854%2C720&ssl=1&resize=700%2C400 2x"},"classes":[]},{"id":11861,"url":"https:\/\/gersonguelmann.com.br\/blog\/fhc-sobre-lula-nao-confundam-politico-preso-com-preso-politico\/","url_meta":{"origin":12300,"position":3},"title":"FHC Sobre Lula: N\u00e3o Confundam Pol\u00edtico Preso Com Preso Pol\u00edtico","author":"Gerson Guelmann","date":"20 de abril de 2018","format":false,"excerpt":"Mat\u00e9ria publicada na revista Isto\u00c9: BRASIL \u2018Lula n\u00e3o \u00e9 preso pol\u00edtico, \u00e9 pol\u00edtico preso\u2019, afirma FHC A seis meses das elei\u00e7\u00f5es, o ex-presidente Fernando Henrique Cardoso (PSDB) minimiza o fato de o pr\u00e9-candidato de seu partido ao Pal\u00e1cio do Planalto, o ex-governador de S\u00e3o Paulo Geraldo Alckmin, aparecer estagnado nas\u2026","rel":"","context":"Em &quot;Sem categoria&quot;","block_context":{"text":"Sem categoria","link":"https:\/\/gersonguelmann.com.br\/blog\/category\/sem-categoria\/"},"img":{"alt_text":"","src":"https:\/\/i0.wp.com\/gersonguelmann.com.br\/blog\/wp-content\/uploads\/2018\/04\/FHC.jpg?resize=350%2C200&ssl=1","width":350,"height":200},"classes":[]},{"id":11765,"url":"https:\/\/gersonguelmann.com.br\/blog\/esquerda-direita-congresso-atual-na-opiniao-de-lenine\/","url_meta":{"origin":12300,"position":4},"title":"Esquerda, Direita e o Congresso Atual, na Opini\u00e3o de Lenine","author":"Gerson Guelmann","date":"17 de abril de 2018","format":false,"excerpt":"O cantor Lenine foi entrevistado na \u00faltima sexta-feira no programa\u00a0Morning Show da r\u00e1dio Jovem Pan de S\u00e3o Paulo. Em determinado momento ele deu sua opini\u00e3o sobre a quest\u00e3o Esquerda X Direita e o panorama do Congresso atual. Vale a pena assistir. https:\/\/www.youtube.com\/watch?v=cROMAEKABMo","rel":"","context":"Em &quot;Sem categoria&quot;","block_context":{"text":"Sem categoria","link":"https:\/\/gersonguelmann.com.br\/blog\/category\/sem-categoria\/"},"img":{"alt_text":"","src":"https:\/\/i0.wp.com\/gersonguelmann.com.br\/blog\/wp-content\/uploads\/2018\/04\/Lenine.jpg?resize=350%2C200&ssl=1","width":350,"height":200},"classes":[]},{"id":13954,"url":"https:\/\/gersonguelmann.com.br\/blog\/o-que-a-vida-nao-decide-por-nos\/","url_meta":{"origin":12300,"position":5},"title":"O Que a Vida N\u00e3o Decide Por N\u00f3s","author":"Gerson Guelmann","date":"3 de novembro de 2025","format":false,"excerpt":"\u00c0s v\u00e9speras dos 78 anos, um olhar sereno sobre o tempo, as perdas, os filhos e as decis\u00f5es que n\u00e3o podemos delegar ao destino. Prestes a completar 78 anos - n\u00e3o \u00e9 segredo, ser\u00e1, BzH (*), neste dia 8 - tenho pensado cada vez mais sobre o tempo, esse juiz\u2026","rel":"","context":"Em &quot;Sem categoria&quot;","block_context":{"text":"Sem categoria","link":"https:\/\/gersonguelmann.com.br\/blog\/category\/sem-categoria\/"},"img":{"alt_text":"","src":"https:\/\/i0.wp.com\/gersonguelmann.com.br\/blog\/wp-content\/uploads\/2025\/11\/HojePR.jpg?fit=600%2C397&ssl=1&resize=350%2C200","width":350,"height":200,"srcset":"https:\/\/i0.wp.com\/gersonguelmann.com.br\/blog\/wp-content\/uploads\/2025\/11\/HojePR.jpg?fit=600%2C397&ssl=1&resize=350%2C200 1x, https:\/\/i0.wp.com\/gersonguelmann.com.br\/blog\/wp-content\/uploads\/2025\/11\/HojePR.jpg?fit=600%2C397&ssl=1&resize=525%2C300 1.5x"},"classes":[]}],"jetpack_sharing_enabled":true,"post_mailing_queue_ids":[],"_links":{"self":[{"href":"https:\/\/gersonguelmann.com.br\/blog\/wp-json\/wp\/v2\/posts\/12300","targetHints":{"allow":["GET"]}}],"collection":[{"href":"https:\/\/gersonguelmann.com.br\/blog\/wp-json\/wp\/v2\/posts"}],"about":[{"href":"https:\/\/gersonguelmann.com.br\/blog\/wp-json\/wp\/v2\/types\/post"}],"author":[{"embeddable":true,"href":"https:\/\/gersonguelmann.com.br\/blog\/wp-json\/wp\/v2\/users\/5"}],"replies":[{"embeddable":true,"href":"https:\/\/gersonguelmann.com.br\/blog\/wp-json\/wp\/v2\/comments?post=12300"}],"version-history":[{"count":0,"href":"https:\/\/gersonguelmann.com.br\/blog\/wp-json\/wp\/v2\/posts\/12300\/revisions"}],"wp:featuredmedia":[{"embeddable":true,"href":"https:\/\/gersonguelmann.com.br\/blog\/wp-json\/wp\/v2\/media\/12306"}],"wp:attachment":[{"href":"https:\/\/gersonguelmann.com.br\/blog\/wp-json\/wp\/v2\/media?parent=12300"}],"wp:term":[{"taxonomy":"category","embeddable":true,"href":"https:\/\/gersonguelmann.com.br\/blog\/wp-json\/wp\/v2\/categories?post=12300"},{"taxonomy":"post_tag","embeddable":true,"href":"https:\/\/gersonguelmann.com.br\/blog\/wp-json\/wp\/v2\/tags?post=12300"}],"curies":[{"name":"wp","href":"https:\/\/api.w.org\/{rel}","templated":true}]}}