    {"id":12313,"date":"2018-04-30T20:36:38","date_gmt":"2018-04-30T23:36:38","guid":{"rendered":"https:\/\/gersonguelmann.com.br\/blog\/?p=12313"},"modified":"2018-04-30T20:43:11","modified_gmt":"2018-04-30T23:43:11","slug":"sindicalistas-reunidos-em-curitiba-impedidos-de-visitar-lula","status":"publish","type":"post","link":"https:\/\/gersonguelmann.com.br\/blog\/sindicalistas-reunidos-em-curitiba-impedidos-de-visitar-lula\/","title":{"rendered":"Sindicalistas Reunidos em Curitiba Impedidos de Visitar Lula"},"content":{"rendered":"<p><span style=\"font-family: georgia, palatino, serif; font-size: 18pt; color: #000000;\">As comemora\u00e7\u00f5es do 1\u00ba de Maio em Curitiba contar\u00e3o com a presen\u00e7a das lideran\u00e7as de sete centrais sindicais e diversos artistas, que far\u00e3o um grande show alusivo \u00e0 data.<\/span><\/p>\n<p><span style=\"font-family: georgia, palatino, serif; font-size: 18pt; color: #000000;\">Os dirigentes das entidades decidiram unificar as manifesta\u00e7\u00f5es em Curitiba em raz\u00e3o de o ex-presidente estar preso na cidade.<\/span><\/p>\n<p><span style=\"font-family: georgia, palatino, serif; font-size: 18pt; color: #000000;\">Assim como outros j\u00e1 o fizeram, os sindicalistas tentaram obter autoriza\u00e7\u00e3o para visitar Lula na Superintend\u00eancia da Pol\u00edcia Federal na 4\u00aa feira, dia 2.<\/span><\/p>\n<p><span style=\"font-family: georgia, palatino, serif; font-size: 18pt; color: #000000;\">S\u00f3 que, assim como fez nas ocasi\u00f5es anteriores, a ju\u00edza Carolina Lebbos indeferiu a solicita\u00e7\u00e3o, afirmando que\u00a0o pedido <em>&#8220;sequer merece conhecimento&#8221;<\/em>, uma vez que deveria ter sido feito \u00e0 pr\u00f3pria Pol\u00edcia Federal. <\/span><\/p>\n<p><span style=\"font-family: georgia, palatino, serif; font-size: 18pt; color: #000000;\">A ju\u00edza afirmou no entanto que mesmo que tivesse havido manifesta\u00e7\u00e3o da PF, o pedido seria indeferido, pelas mesmas raz\u00f5es expostas nos pedidos de visitas anteriores.<\/span><\/p>\n<p><img data-recalc-dims=\"1\" fetchpriority=\"high\" decoding=\"async\" data-attachment-id=\"12318\" data-permalink=\"https:\/\/gersonguelmann.com.br\/blog\/sindicalistas-reunidos-em-curitiba-impedidos-de-visitar-lula\/remove-151678_960_720\/\" data-orig-file=\"https:\/\/i0.wp.com\/gersonguelmann.com.br\/blog\/wp-content\/uploads\/2018\/04\/remove-151678_960_720.png?fit=719%2C720&amp;ssl=1\" data-orig-size=\"719,720\" data-comments-opened=\"1\" data-image-meta=\"{&quot;aperture&quot;:&quot;0&quot;,&quot;credit&quot;:&quot;&quot;,&quot;camera&quot;:&quot;&quot;,&quot;caption&quot;:&quot;&quot;,&quot;created_timestamp&quot;:&quot;0&quot;,&quot;copyright&quot;:&quot;&quot;,&quot;focal_length&quot;:&quot;0&quot;,&quot;iso&quot;:&quot;0&quot;,&quot;shutter_speed&quot;:&quot;0&quot;,&quot;title&quot;:&quot;&quot;,&quot;orientation&quot;:&quot;0&quot;}\" data-image-title=\"remove-151678_960_720\" data-image-description=\"\" data-image-caption=\"\" data-medium-file=\"https:\/\/i0.wp.com\/gersonguelmann.com.br\/blog\/wp-content\/uploads\/2018\/04\/remove-151678_960_720.png?fit=300%2C300&amp;ssl=1\" data-large-file=\"https:\/\/i0.wp.com\/gersonguelmann.com.br\/blog\/wp-content\/uploads\/2018\/04\/remove-151678_960_720.png?fit=640%2C641&amp;ssl=1\" class=\"size-medium wp-image-12318 aligncenter\" src=\"https:\/\/i0.wp.com\/gersonguelmann.com.br\/blog\/wp-content\/uploads\/2018\/04\/remove-151678_960_720.png?resize=300%2C300&#038;ssl=1\" alt=\"\" width=\"300\" height=\"300\" srcset=\"https:\/\/i0.wp.com\/gersonguelmann.com.br\/blog\/wp-content\/uploads\/2018\/04\/remove-151678_960_720.png?resize=300%2C300&amp;ssl=1 300w, https:\/\/i0.wp.com\/gersonguelmann.com.br\/blog\/wp-content\/uploads\/2018\/04\/remove-151678_960_720.png?resize=150%2C150&amp;ssl=1 150w, https:\/\/i0.wp.com\/gersonguelmann.com.br\/blog\/wp-content\/uploads\/2018\/04\/remove-151678_960_720.png?resize=70%2C70&amp;ssl=1 70w, https:\/\/i0.wp.com\/gersonguelmann.com.br\/blog\/wp-content\/uploads\/2018\/04\/remove-151678_960_720.png?resize=127%2C127&amp;ssl=1 127w, https:\/\/i0.wp.com\/gersonguelmann.com.br\/blog\/wp-content\/uploads\/2018\/04\/remove-151678_960_720.png?resize=476%2C476&amp;ssl=1 476w, https:\/\/i0.wp.com\/gersonguelmann.com.br\/blog\/wp-content\/uploads\/2018\/04\/remove-151678_960_720.png?resize=125%2C125&amp;ssl=1 125w, https:\/\/i0.wp.com\/gersonguelmann.com.br\/blog\/wp-content\/uploads\/2018\/04\/remove-151678_960_720.png?w=719&amp;ssl=1 719w\" sizes=\"(max-width: 300px) 100vw, 300px\" \/><\/p>\n","protected":false},"excerpt":{"rendered":"<p>As comemora\u00e7\u00f5es do 1\u00ba de Maio em Curitiba contar\u00e3o com a presen\u00e7a das lideran\u00e7as de sete centrais sindicais e diversos artistas, que far\u00e3o um grande show alusivo \u00e0 data. Os dirigentes das entidades decidiram unificar as manifesta\u00e7\u00f5es em Curitiba em raz\u00e3o de o ex-presidente estar preso na cidade. Assim como outros j\u00e1 o fizeram, os [&hellip;]<\/p>\n","protected":false},"author":5,"featured_media":12318,"comment_status":"open","ping_status":"open","sticky":false,"template":"","format":"standard","meta":{"_acf_changed":false,"jetpack_post_was_ever_published":false,"_jetpack_newsletter_access":"","_jetpack_dont_email_post_to_subs":false,"_jetpack_newsletter_tier_id":0,"_jetpack_memberships_contains_paywalled_content":false,"_jetpack_memberships_contains_paid_content":false,"footnotes":"","jetpack_publicize_message":"","jetpack_publicize_feature_enabled":true,"jetpack_social_post_already_shared":true,"jetpack_social_options":{"image_generator_settings":{"template":"highway","default_image_id":0,"font":"","enabled":false},"version":2}},"categories":[1],"tags":[],"class_list":["post-12313","post","type-post","status-publish","format-standard","has-post-thumbnail","hentry","category-sem-categoria"],"acf":[],"yoast_head":"<!-- This site is optimized with the Yoast SEO plugin v27.3 - https:\/\/yoast.com\/product\/yoast-seo-wordpress\/ -->\n<title>Sindicalistas Reunidos em Curitiba Impedidos de Visitar Lula | Blog do Guelmann<\/title>\n<meta name=\"robots\" content=\"index, follow, max-snippet:-1, max-image-preview:large, max-video-preview:-1\" \/>\n<link rel=\"canonical\" href=\"https:\/\/gersonguelmann.com.br\/blog\/sindicalistas-reunidos-em-curitiba-impedidos-de-visitar-lula\/\" \/>\n<meta property=\"og:locale\" content=\"pt_BR\" \/>\n<meta property=\"og:type\" content=\"article\" \/>\n<meta property=\"og:title\" content=\"Sindicalistas Reunidos em Curitiba Impedidos de Visitar Lula | Blog do Guelmann\" \/>\n<meta property=\"og:description\" content=\"As comemora\u00e7\u00f5es do 1\u00ba de Maio em Curitiba contar\u00e3o com a presen\u00e7a das lideran\u00e7as de sete centrais sindicais e diversos artistas, que far\u00e3o um grande show alusivo \u00e0 data. Os dirigentes das entidades decidiram unificar as manifesta\u00e7\u00f5es em Curitiba em raz\u00e3o de o ex-presidente estar preso na cidade. Assim como outros j\u00e1 o fizeram, os [&hellip;]\" \/>\n<meta property=\"og:url\" content=\"https:\/\/gersonguelmann.com.br\/blog\/sindicalistas-reunidos-em-curitiba-impedidos-de-visitar-lula\/\" \/>\n<meta property=\"og:site_name\" content=\"Blog do Guelmann\" \/>\n<meta property=\"article:published_time\" content=\"2018-04-30T23:36:38+00:00\" \/>\n<meta property=\"article:modified_time\" content=\"2018-04-30T23:43:11+00:00\" \/>\n<meta property=\"og:image\" content=\"https:\/\/i0.wp.com\/gersonguelmann.com.br\/blog\/wp-content\/uploads\/2018\/04\/remove-151678_960_720.png?fit=719%2C720&ssl=1\" \/>\n\t<meta property=\"og:image:width\" content=\"719\" \/>\n\t<meta property=\"og:image:height\" content=\"720\" \/>\n\t<meta property=\"og:image:type\" content=\"image\/png\" \/>\n<meta name=\"author\" content=\"Gerson Guelmann\" \/>\n<meta name=\"twitter:card\" content=\"summary_large_image\" \/>\n<meta name=\"twitter:label1\" content=\"Escrito por\" \/>\n\t<meta name=\"twitter:data1\" content=\"Gerson Guelmann\" \/>\n\t<meta name=\"twitter:label2\" content=\"Est. tempo de leitura\" \/>\n\t<meta name=\"twitter:data2\" content=\"1 minuto\" \/>\n<script type=\"application\/ld+json\" class=\"yoast-schema-graph\">{\"@context\":\"https:\\\/\\\/schema.org\",\"@graph\":[{\"@type\":\"Article\",\"@id\":\"https:\\\/\\\/gersonguelmann.com.br\\\/blog\\\/sindicalistas-reunidos-em-curitiba-impedidos-de-visitar-lula\\\/#article\",\"isPartOf\":{\"@id\":\"https:\\\/\\\/gersonguelmann.com.br\\\/blog\\\/sindicalistas-reunidos-em-curitiba-impedidos-de-visitar-lula\\\/\"},\"author\":{\"name\":\"Gerson Guelmann\",\"@id\":\"https:\\\/\\\/gersonguelmann.com.br\\\/blog\\\/#\\\/schema\\\/person\\\/87e70e2a786888082f941a482c90569e\"},\"headline\":\"Sindicalistas Reunidos em Curitiba Impedidos de Visitar Lula\",\"datePublished\":\"2018-04-30T23:36:38+00:00\",\"dateModified\":\"2018-04-30T23:43:11+00:00\",\"mainEntityOfPage\":{\"@id\":\"https:\\\/\\\/gersonguelmann.com.br\\\/blog\\\/sindicalistas-reunidos-em-curitiba-impedidos-de-visitar-lula\\\/\"},\"wordCount\":152,\"commentCount\":0,\"image\":{\"@id\":\"https:\\\/\\\/gersonguelmann.com.br\\\/blog\\\/sindicalistas-reunidos-em-curitiba-impedidos-de-visitar-lula\\\/#primaryimage\"},\"thumbnailUrl\":\"https:\\\/\\\/i0.wp.com\\\/gersonguelmann.com.br\\\/blog\\\/wp-content\\\/uploads\\\/2018\\\/04\\\/remove-151678_960_720.png?fit=719%2C720&ssl=1\",\"inLanguage\":\"pt-BR\",\"potentialAction\":[{\"@type\":\"CommentAction\",\"name\":\"Comment\",\"target\":[\"https:\\\/\\\/gersonguelmann.com.br\\\/blog\\\/sindicalistas-reunidos-em-curitiba-impedidos-de-visitar-lula\\\/#respond\"]}]},{\"@type\":\"WebPage\",\"@id\":\"https:\\\/\\\/gersonguelmann.com.br\\\/blog\\\/sindicalistas-reunidos-em-curitiba-impedidos-de-visitar-lula\\\/\",\"url\":\"https:\\\/\\\/gersonguelmann.com.br\\\/blog\\\/sindicalistas-reunidos-em-curitiba-impedidos-de-visitar-lula\\\/\",\"name\":\"Sindicalistas Reunidos em Curitiba Impedidos de Visitar Lula | Blog do Guelmann\",\"isPartOf\":{\"@id\":\"https:\\\/\\\/gersonguelmann.com.br\\\/blog\\\/#website\"},\"primaryImageOfPage\":{\"@id\":\"https:\\\/\\\/gersonguelmann.com.br\\\/blog\\\/sindicalistas-reunidos-em-curitiba-impedidos-de-visitar-lula\\\/#primaryimage\"},\"image\":{\"@id\":\"https:\\\/\\\/gersonguelmann.com.br\\\/blog\\\/sindicalistas-reunidos-em-curitiba-impedidos-de-visitar-lula\\\/#primaryimage\"},\"thumbnailUrl\":\"https:\\\/\\\/i0.wp.com\\\/gersonguelmann.com.br\\\/blog\\\/wp-content\\\/uploads\\\/2018\\\/04\\\/remove-151678_960_720.png?fit=719%2C720&ssl=1\",\"datePublished\":\"2018-04-30T23:36:38+00:00\",\"dateModified\":\"2018-04-30T23:43:11+00:00\",\"author\":{\"@id\":\"https:\\\/\\\/gersonguelmann.com.br\\\/blog\\\/#\\\/schema\\\/person\\\/87e70e2a786888082f941a482c90569e\"},\"inLanguage\":\"pt-BR\",\"potentialAction\":[{\"@type\":\"ReadAction\",\"target\":[\"https:\\\/\\\/gersonguelmann.com.br\\\/blog\\\/sindicalistas-reunidos-em-curitiba-impedidos-de-visitar-lula\\\/\"]}]},{\"@type\":\"ImageObject\",\"inLanguage\":\"pt-BR\",\"@id\":\"https:\\\/\\\/gersonguelmann.com.br\\\/blog\\\/sindicalistas-reunidos-em-curitiba-impedidos-de-visitar-lula\\\/#primaryimage\",\"url\":\"https:\\\/\\\/i0.wp.com\\\/gersonguelmann.com.br\\\/blog\\\/wp-content\\\/uploads\\\/2018\\\/04\\\/remove-151678_960_720.png?fit=719%2C720&ssl=1\",\"contentUrl\":\"https:\\\/\\\/i0.wp.com\\\/gersonguelmann.com.br\\\/blog\\\/wp-content\\\/uploads\\\/2018\\\/04\\\/remove-151678_960_720.png?fit=719%2C720&ssl=1\",\"width\":719,\"height\":720},{\"@type\":\"WebSite\",\"@id\":\"https:\\\/\\\/gersonguelmann.com.br\\\/blog\\\/#website\",\"url\":\"https:\\\/\\\/gersonguelmann.com.br\\\/blog\\\/\",\"name\":\"Blog do Guelmann\",\"description\":\"Pitadas da sabedoria e do humor judaicos, assuntos do momento e um pouco das hist\u00f3rias que vivi e testemunhei.\",\"potentialAction\":[{\"@type\":\"SearchAction\",\"target\":{\"@type\":\"EntryPoint\",\"urlTemplate\":\"https:\\\/\\\/gersonguelmann.com.br\\\/blog\\\/?s={search_term_string}\"},\"query-input\":{\"@type\":\"PropertyValueSpecification\",\"valueRequired\":true,\"valueName\":\"search_term_string\"}}],\"inLanguage\":\"pt-BR\"},{\"@type\":\"Person\",\"@id\":\"https:\\\/\\\/gersonguelmann.com.br\\\/blog\\\/#\\\/schema\\\/person\\\/87e70e2a786888082f941a482c90569e\",\"name\":\"Gerson Guelmann\",\"image\":{\"@type\":\"ImageObject\",\"inLanguage\":\"pt-BR\",\"@id\":\"https:\\\/\\\/i0.wp.com\\\/gersonguelmann.com.br\\\/blog\\\/wp-content\\\/uploads\\\/2021\\\/08\\\/BLOG.jpeg?fit=96%2C96&ssl=1\",\"url\":\"https:\\\/\\\/i0.wp.com\\\/gersonguelmann.com.br\\\/blog\\\/wp-content\\\/uploads\\\/2021\\\/08\\\/BLOG.jpeg?fit=96%2C96&ssl=1\",\"contentUrl\":\"https:\\\/\\\/i0.wp.com\\\/gersonguelmann.com.br\\\/blog\\\/wp-content\\\/uploads\\\/2021\\\/08\\\/BLOG.jpeg?fit=96%2C96&ssl=1\",\"caption\":\"Gerson Guelmann\"},\"description\":\"Pitadas da sabedoria e do humor judaicos, assuntos do momento e um pouco das hist\u00f3rias que vivi e testemunhei.\"}]}<\/script>\n<!-- \/ Yoast SEO plugin. -->","yoast_head_json":{"title":"Sindicalistas Reunidos em Curitiba Impedidos de Visitar Lula | Blog do Guelmann","robots":{"index":"index","follow":"follow","max-snippet":"max-snippet:-1","max-image-preview":"max-image-preview:large","max-video-preview":"max-video-preview:-1"},"canonical":"https:\/\/gersonguelmann.com.br\/blog\/sindicalistas-reunidos-em-curitiba-impedidos-de-visitar-lula\/","og_locale":"pt_BR","og_type":"article","og_title":"Sindicalistas Reunidos em Curitiba Impedidos de Visitar Lula | Blog do Guelmann","og_description":"As comemora\u00e7\u00f5es do 1\u00ba de Maio em Curitiba contar\u00e3o com a presen\u00e7a das lideran\u00e7as de sete centrais sindicais e diversos artistas, que far\u00e3o um grande show alusivo \u00e0 data. Os dirigentes das entidades decidiram unificar as manifesta\u00e7\u00f5es em Curitiba em raz\u00e3o de o ex-presidente estar preso na cidade. Assim como outros j\u00e1 o fizeram, os [&hellip;]","og_url":"https:\/\/gersonguelmann.com.br\/blog\/sindicalistas-reunidos-em-curitiba-impedidos-de-visitar-lula\/","og_site_name":"Blog do Guelmann","article_published_time":"2018-04-30T23:36:38+00:00","article_modified_time":"2018-04-30T23:43:11+00:00","og_image":[{"width":719,"height":720,"url":"https:\/\/i0.wp.com\/gersonguelmann.com.br\/blog\/wp-content\/uploads\/2018\/04\/remove-151678_960_720.png?fit=719%2C720&ssl=1","type":"image\/png"}],"author":"Gerson Guelmann","twitter_card":"summary_large_image","twitter_misc":{"Escrito por":"Gerson Guelmann","Est. tempo de leitura":"1 minuto"},"schema":{"@context":"https:\/\/schema.org","@graph":[{"@type":"Article","@id":"https:\/\/gersonguelmann.com.br\/blog\/sindicalistas-reunidos-em-curitiba-impedidos-de-visitar-lula\/#article","isPartOf":{"@id":"https:\/\/gersonguelmann.com.br\/blog\/sindicalistas-reunidos-em-curitiba-impedidos-de-visitar-lula\/"},"author":{"name":"Gerson Guelmann","@id":"https:\/\/gersonguelmann.com.br\/blog\/#\/schema\/person\/87e70e2a786888082f941a482c90569e"},"headline":"Sindicalistas Reunidos em Curitiba Impedidos de Visitar Lula","datePublished":"2018-04-30T23:36:38+00:00","dateModified":"2018-04-30T23:43:11+00:00","mainEntityOfPage":{"@id":"https:\/\/gersonguelmann.com.br\/blog\/sindicalistas-reunidos-em-curitiba-impedidos-de-visitar-lula\/"},"wordCount":152,"commentCount":0,"image":{"@id":"https:\/\/gersonguelmann.com.br\/blog\/sindicalistas-reunidos-em-curitiba-impedidos-de-visitar-lula\/#primaryimage"},"thumbnailUrl":"https:\/\/i0.wp.com\/gersonguelmann.com.br\/blog\/wp-content\/uploads\/2018\/04\/remove-151678_960_720.png?fit=719%2C720&ssl=1","inLanguage":"pt-BR","potentialAction":[{"@type":"CommentAction","name":"Comment","target":["https:\/\/gersonguelmann.com.br\/blog\/sindicalistas-reunidos-em-curitiba-impedidos-de-visitar-lula\/#respond"]}]},{"@type":"WebPage","@id":"https:\/\/gersonguelmann.com.br\/blog\/sindicalistas-reunidos-em-curitiba-impedidos-de-visitar-lula\/","url":"https:\/\/gersonguelmann.com.br\/blog\/sindicalistas-reunidos-em-curitiba-impedidos-de-visitar-lula\/","name":"Sindicalistas Reunidos em Curitiba Impedidos de Visitar Lula | Blog do Guelmann","isPartOf":{"@id":"https:\/\/gersonguelmann.com.br\/blog\/#website"},"primaryImageOfPage":{"@id":"https:\/\/gersonguelmann.com.br\/blog\/sindicalistas-reunidos-em-curitiba-impedidos-de-visitar-lula\/#primaryimage"},"image":{"@id":"https:\/\/gersonguelmann.com.br\/blog\/sindicalistas-reunidos-em-curitiba-impedidos-de-visitar-lula\/#primaryimage"},"thumbnailUrl":"https:\/\/i0.wp.com\/gersonguelmann.com.br\/blog\/wp-content\/uploads\/2018\/04\/remove-151678_960_720.png?fit=719%2C720&ssl=1","datePublished":"2018-04-30T23:36:38+00:00","dateModified":"2018-04-30T23:43:11+00:00","author":{"@id":"https:\/\/gersonguelmann.com.br\/blog\/#\/schema\/person\/87e70e2a786888082f941a482c90569e"},"inLanguage":"pt-BR","potentialAction":[{"@type":"ReadAction","target":["https:\/\/gersonguelmann.com.br\/blog\/sindicalistas-reunidos-em-curitiba-impedidos-de-visitar-lula\/"]}]},{"@type":"ImageObject","inLanguage":"pt-BR","@id":"https:\/\/gersonguelmann.com.br\/blog\/sindicalistas-reunidos-em-curitiba-impedidos-de-visitar-lula\/#primaryimage","url":"https:\/\/i0.wp.com\/gersonguelmann.com.br\/blog\/wp-content\/uploads\/2018\/04\/remove-151678_960_720.png?fit=719%2C720&ssl=1","contentUrl":"https:\/\/i0.wp.com\/gersonguelmann.com.br\/blog\/wp-content\/uploads\/2018\/04\/remove-151678_960_720.png?fit=719%2C720&ssl=1","width":719,"height":720},{"@type":"WebSite","@id":"https:\/\/gersonguelmann.com.br\/blog\/#website","url":"https:\/\/gersonguelmann.com.br\/blog\/","name":"Blog do Guelmann","description":"Pitadas da sabedoria e do humor judaicos, assuntos do momento e um pouco das hist\u00f3rias que vivi e testemunhei.","potentialAction":[{"@type":"SearchAction","target":{"@type":"EntryPoint","urlTemplate":"https:\/\/gersonguelmann.com.br\/blog\/?s={search_term_string}"},"query-input":{"@type":"PropertyValueSpecification","valueRequired":true,"valueName":"search_term_string"}}],"inLanguage":"pt-BR"},{"@type":"Person","@id":"https:\/\/gersonguelmann.com.br\/blog\/#\/schema\/person\/87e70e2a786888082f941a482c90569e","name":"Gerson Guelmann","image":{"@type":"ImageObject","inLanguage":"pt-BR","@id":"https:\/\/i0.wp.com\/gersonguelmann.com.br\/blog\/wp-content\/uploads\/2021\/08\/BLOG.jpeg?fit=96%2C96&ssl=1","url":"https:\/\/i0.wp.com\/gersonguelmann.com.br\/blog\/wp-content\/uploads\/2021\/08\/BLOG.jpeg?fit=96%2C96&ssl=1","contentUrl":"https:\/\/i0.wp.com\/gersonguelmann.com.br\/blog\/wp-content\/uploads\/2021\/08\/BLOG.jpeg?fit=96%2C96&ssl=1","caption":"Gerson Guelmann"},"description":"Pitadas da sabedoria e do humor judaicos, assuntos do momento e um pouco das hist\u00f3rias que vivi e testemunhei."}]}},"views":77,"jetpack_publicize_connections":[],"jetpack_featured_media_url":"https:\/\/i0.wp.com\/gersonguelmann.com.br\/blog\/wp-content\/uploads\/2018\/04\/remove-151678_960_720.png?fit=719%2C720&ssl=1","jetpack_shortlink":"https:\/\/wp.me\/p96e7O-3cB","jetpack-related-posts":[{"id":12057,"url":"https:\/\/gersonguelmann.com.br\/blog\/pt-quer-lula-em-quartel-do-exercito\/","url_meta":{"origin":12313,"position":0},"title":"PT Quer Lula Em Quartel do Ex\u00e9rcito","author":"Gerson Guelmann","date":"25 de abril de 2018","format":false,"excerpt":"Foto:\u00a0Ant\u00f4nio More \/ Ag\u00eancia de Not\u00edcias Gazeta do Povo Ant\u00f4nio More\/Ag\u00eancia de Not\u00edcias Gazeta do Povo Publiquei dia 11\/4: - \"O Sindicato dos Delegados da Pol\u00edcia Federal pediu a transfer\u00eancia do ex-presidente para um quartel do ex\u00e9rcito. Os Delegados justificam o pedido com a afirma\u00e7\u00e3o de que as atividades regulares\u2026","rel":"","context":"Em &quot;Sem categoria&quot;","block_context":{"text":"Sem categoria","link":"https:\/\/gersonguelmann.com.br\/blog\/category\/sem-categoria\/"},"img":{"alt_text":"","src":"https:\/\/i0.wp.com\/gersonguelmann.com.br\/blog\/wp-content\/uploads\/2018\/04\/Lula1.jpg?fit=1024%2C683&ssl=1&resize=350%2C200","width":350,"height":200,"srcset":"https:\/\/i0.wp.com\/gersonguelmann.com.br\/blog\/wp-content\/uploads\/2018\/04\/Lula1.jpg?fit=1024%2C683&ssl=1&resize=350%2C200 1x, https:\/\/i0.wp.com\/gersonguelmann.com.br\/blog\/wp-content\/uploads\/2018\/04\/Lula1.jpg?fit=1024%2C683&ssl=1&resize=525%2C300 1.5x, https:\/\/i0.wp.com\/gersonguelmann.com.br\/blog\/wp-content\/uploads\/2018\/04\/Lula1.jpg?fit=1024%2C683&ssl=1&resize=700%2C400 2x"},"classes":[]},{"id":11970,"url":"https:\/\/gersonguelmann.com.br\/blog\/sera-que-os-srs-deputados-conhecem-o-risoto-de-santa-felicidade\/","url_meta":{"origin":12313,"position":1},"title":"Ser\u00e1 Que os Srs. Deputados Conhecem o Risoto de Santa Felicidade?","author":"Gerson Guelmann","date":"23 de abril de 2018","format":false,"excerpt":"A comiss\u00e3o de deputados federais que \u00e9 aguardada amanh\u00e3 em Curitiba para visitar o ex-presidente Lula poder\u00e1 sair daqui com um premio de consola\u00e7\u00e3o. Como estamos lembrados, o l\u00edder do PT na C\u00e2mara, deputado Paulo Pimenta, disse que entrar\u00e1 nas depend\u00eancias da Pol\u00edcia Federal \"na marra\". Digo isso porque, como\u2026","rel":"","context":"Em &quot;Sem categoria&quot;","block_context":{"text":"Sem categoria","link":"https:\/\/gersonguelmann.com.br\/blog\/category\/sem-categoria\/"},"img":{"alt_text":"","src":"https:\/\/i0.wp.com\/gersonguelmann.com.br\/blog\/wp-content\/uploads\/2018\/04\/restaurante-madalosso-em-santa-felicidade.jpg?fit=1200%2C900&ssl=1&resize=350%2C200","width":350,"height":200,"srcset":"https:\/\/i0.wp.com\/gersonguelmann.com.br\/blog\/wp-content\/uploads\/2018\/04\/restaurante-madalosso-em-santa-felicidade.jpg?fit=1200%2C900&ssl=1&resize=350%2C200 1x, https:\/\/i0.wp.com\/gersonguelmann.com.br\/blog\/wp-content\/uploads\/2018\/04\/restaurante-madalosso-em-santa-felicidade.jpg?fit=1200%2C900&ssl=1&resize=525%2C300 1.5x, https:\/\/i0.wp.com\/gersonguelmann.com.br\/blog\/wp-content\/uploads\/2018\/04\/restaurante-madalosso-em-santa-felicidade.jpg?fit=1200%2C900&ssl=1&resize=700%2C400 2x, https:\/\/i0.wp.com\/gersonguelmann.com.br\/blog\/wp-content\/uploads\/2018\/04\/restaurante-madalosso-em-santa-felicidade.jpg?fit=1200%2C900&ssl=1&resize=1050%2C600 3x"},"classes":[]},{"id":12428,"url":"https:\/\/gersonguelmann.com.br\/blog\/gleisi-podera-visitar-lula\/","url_meta":{"origin":12313,"position":2},"title":"Gleisi Poder\u00e1 Visitar Lula","author":"Gerson Guelmann","date":"3 de maio de 2018","format":false,"excerpt":"Not\u00edcia que acaba de ser publicada: BRASIL Amigos e aliados s\u00e3o autorizados a visitar Lula \u00e0s 5\u00aa feiras Presidente nacional do PT, senadora Gleisi Hoffmann, e o ex-ministro Jaques Wagner foram autorizados a estar com ex-presidente Por\u00a0Daniel Weterman, do Estad\u00e3o Conte\u00fado 3 maio 2018, 17h48 S\u00e3o Paulo \u2013 A Justi\u00e7a\u2026","rel":"","context":"Em &quot;Sem categoria&quot;","block_context":{"text":"Sem categoria","link":"https:\/\/gersonguelmann.com.br\/blog\/category\/sem-categoria\/"},"img":{"alt_text":"","src":"https:\/\/i0.wp.com\/gersonguelmann.com.br\/blog\/wp-content\/uploads\/2018\/05\/a18nzwweqyu2lstclx3lis6rv.jpg?fit=652%2C408&ssl=1&resize=350%2C200","width":350,"height":200,"srcset":"https:\/\/i0.wp.com\/gersonguelmann.com.br\/blog\/wp-content\/uploads\/2018\/05\/a18nzwweqyu2lstclx3lis6rv.jpg?fit=652%2C408&ssl=1&resize=350%2C200 1x, https:\/\/i0.wp.com\/gersonguelmann.com.br\/blog\/wp-content\/uploads\/2018\/05\/a18nzwweqyu2lstclx3lis6rv.jpg?fit=652%2C408&ssl=1&resize=525%2C300 1.5x"},"classes":[]},{"id":11285,"url":"https:\/\/gersonguelmann.com.br\/blog\/em-curitiba-pf-prepara-cela-para-receber-lula\/","url_meta":{"origin":12313,"position":3},"title":"Em Curitiba PF Prepara Cela Para Receber Lula","author":"Gerson Guelmann","date":"5 de abril de 2018","format":false,"excerpt":"PF prepara cela exclusiva para receber Lula em Curitiba Ideia \u00e9 manter ex-presidente afastado de outros presos, como Palocci e L\u00e9o Pinheiro BRAS\u00cdLIA \u2014 Com a chance do ex-presidente Luiz In\u00e1cio\u00a0Lula\u00a0da Silva ser preso potencializada pela decis\u00e3o do Supremo Tribunal Federal (STF), que negou o\u00a0habeas corpus\u00a0preventivo pedido pela defesa do\u2026","rel":"","context":"Em &quot;Sem categoria&quot;","block_context":{"text":"Sem categoria","link":"https:\/\/gersonguelmann.com.br\/blog\/category\/sem-categoria\/"},"img":{"alt_text":"","src":"https:\/\/i0.wp.com\/gersonguelmann.com.br\/blog\/wp-content\/uploads\/2018\/04\/PF-300x168.jpg?resize=350%2C200&ssl=1","width":350,"height":200},"classes":[]},{"id":11453,"url":"https:\/\/gersonguelmann.com.br\/blog\/visitas-do-lula-podem-dar-com-a-cara-na-porta\/","url_meta":{"origin":12313,"position":4},"title":"Visitas do Lula Podem Dar Com a Cara na Porta","author":"Gerson Guelmann","date":"10 de abril de 2018","format":false,"excerpt":"Ao que tudo indica os pol\u00edticos que est\u00e3o vindo para Curitiba com o prop\u00f3sito de visitar o ex-presidente Lula na Superintend\u00eancia da Pol\u00edcia Federal, v\u00e3o dar com a cara na porta. O juiz S\u00e9rgio Moro j\u00e1 declarou que o preso, ainda que seja ilustre, n\u00e3o ter\u00e1 privil\u00e9gios. Al\u00e9m dos advogados,\u2026","rel":"","context":"Em &quot;Sem categoria&quot;","block_context":{"text":"Sem categoria","link":"https:\/\/gersonguelmann.com.br\/blog\/category\/sem-categoria\/"},"img":{"alt_text":"","src":"https:\/\/i0.wp.com\/gersonguelmann.com.br\/blog\/wp-content\/uploads\/2018\/04\/Porta.jpg?fit=960%2C640&ssl=1&resize=350%2C200","width":350,"height":200,"srcset":"https:\/\/i0.wp.com\/gersonguelmann.com.br\/blog\/wp-content\/uploads\/2018\/04\/Porta.jpg?fit=960%2C640&ssl=1&resize=350%2C200 1x, https:\/\/i0.wp.com\/gersonguelmann.com.br\/blog\/wp-content\/uploads\/2018\/04\/Porta.jpg?fit=960%2C640&ssl=1&resize=525%2C300 1.5x, https:\/\/i0.wp.com\/gersonguelmann.com.br\/blog\/wp-content\/uploads\/2018\/04\/Porta.jpg?fit=960%2C640&ssl=1&resize=700%2C400 2x"},"classes":[]},{"id":11468,"url":"https:\/\/gersonguelmann.com.br\/blog\/dez-governadores-deram-marcha-a-re\/","url_meta":{"origin":12313,"position":5},"title":"Dez Governadores Deram Marcha \u00e0 R\u00e9","author":"Gerson Guelmann","date":"10 de abril de 2018","format":false,"excerpt":"Os governadores, senadores, deputados e dirigentes partid\u00e1rios que tentaram visitar o ex-presidente Lula na superintend\u00eancia da Pol\u00edcia Federal em Curitiba, onde est\u00e1 preso, tiveram que desistir do intento, como j\u00e1 era esperado. A juiza que negou o pedido justificou a decis\u00e3o dizendo que n\u00e3o h\u00e1 raz\u00e3o para dar ao prisioneiro\u2026","rel":"","context":"Em &quot;Sem categoria&quot;","block_context":{"text":"Sem categoria","link":"https:\/\/gersonguelmann.com.br\/blog\/category\/sem-categoria\/"},"img":{"alt_text":"","src":"https:\/\/i0.wp.com\/gersonguelmann.com.br\/blog\/wp-content\/uploads\/2018\/04\/R%C3%A9.jpg?resize=350%2C200&ssl=1","width":350,"height":200},"classes":[]}],"jetpack_sharing_enabled":true,"post_mailing_queue_ids":[],"_links":{"self":[{"href":"https:\/\/gersonguelmann.com.br\/blog\/wp-json\/wp\/v2\/posts\/12313","targetHints":{"allow":["GET"]}}],"collection":[{"href":"https:\/\/gersonguelmann.com.br\/blog\/wp-json\/wp\/v2\/posts"}],"about":[{"href":"https:\/\/gersonguelmann.com.br\/blog\/wp-json\/wp\/v2\/types\/post"}],"author":[{"embeddable":true,"href":"https:\/\/gersonguelmann.com.br\/blog\/wp-json\/wp\/v2\/users\/5"}],"replies":[{"embeddable":true,"href":"https:\/\/gersonguelmann.com.br\/blog\/wp-json\/wp\/v2\/comments?post=12313"}],"version-history":[{"count":0,"href":"https:\/\/gersonguelmann.com.br\/blog\/wp-json\/wp\/v2\/posts\/12313\/revisions"}],"wp:featuredmedia":[{"embeddable":true,"href":"https:\/\/gersonguelmann.com.br\/blog\/wp-json\/wp\/v2\/media\/12318"}],"wp:attachment":[{"href":"https:\/\/gersonguelmann.com.br\/blog\/wp-json\/wp\/v2\/media?parent=12313"}],"wp:term":[{"taxonomy":"category","embeddable":true,"href":"https:\/\/gersonguelmann.com.br\/blog\/wp-json\/wp\/v2\/categories?post=12313"},{"taxonomy":"post_tag","embeddable":true,"href":"https:\/\/gersonguelmann.com.br\/blog\/wp-json\/wp\/v2\/tags?post=12313"}],"curies":[{"name":"wp","href":"https:\/\/api.w.org\/{rel}","templated":true}]}}