    {"id":12322,"date":"2018-04-30T21:12:40","date_gmt":"2018-05-01T00:12:40","guid":{"rendered":"https:\/\/gersonguelmann.com.br\/blog\/?p=12322"},"modified":"2018-04-30T21:12:40","modified_gmt":"2018-05-01T00:12:40","slug":"azeite-de-oliva-veja-as-marcas-reprovadas","status":"publish","type":"post","link":"https:\/\/gersonguelmann.com.br\/blog\/azeite-de-oliva-veja-as-marcas-reprovadas\/","title":{"rendered":"Azeite de Oliva: Veja as Marcas Reprovadas"},"content":{"rendered":"<p><span style=\"color: #000000; font-family: georgia, palatino, serif; font-size: 18pt;\">Para quem consome azeite de oliva, a mat\u00e9ria abaixo, publicada pela Gazeta do Povo, \u00e9 bem \u00fatil:<\/span><\/p>\n<div class=\"titulo interna\"><span style=\"color: #000000; font-size: 14pt;\"><strong>Plant\u00e3o<\/strong><\/span><\/div>\n<p><span class=\"categoria\" style=\"color: #000000; font-size: 14pt;\">OPERA\u00c7\u00c3O ISIS<\/span><\/p>\n<p><span style=\"font-size: 24pt;\"><strong><span style=\"color: #000000;\">Minist\u00e9rio da Agricultura reprova 60% de 268 lotes de azeites; veja lista<\/span><\/strong><\/span><\/p>\n<p><span style=\"color: #000000; font-size: 14pt;\">por\u00a0<b>Bom Gourmet<\/b>\u00a0<b><\/b><\/span><\/p>\n<h4><span style=\"color: #000000; font-size: 14pt;\">Ao todo 700 mil litros de \u00f3leo foram retirados do mercado e dezenas de empresas foram multadas<\/span><\/h4>\n<p><span class=\"data-hora\" style=\"color: #000000; font-size: 14pt;\">Publicado em 30\/04\/2018 \u00e0s 15Hrs<\/span><\/p>\n<p><span style=\"color: #000000; font-size: 14pt;\">Mais uma opera\u00e7\u00e3o do Minist\u00e9rio da Agricultura, Pecu\u00e1ria e Abastecimento (MAPA) revelou nesta segunda (30) a comercializa\u00e7\u00e3o dezenas de r\u00f3tulos de azeites de oliva falsificados. A Opera\u00e7\u00e3o Isis, desencadeada em janeiro desse ano, analisou 107 marcas de 65 empresas e encontrou irregularidades em 59,7% dos lotes. Ao todo foram avaliados 268 lotes. As marcas reprovadas foram 47.<\/span><\/p>\n<p><span style=\"color: #000000; font-size: 14pt;\">A an\u00e1lise das amostras foi dividida em dois grupos. No 1\u00ba grupo, com 39 empresas,\u00a0<strong>108 lotes de amostras foram aprovados<\/strong>. No 2\u00ba grupo, com 26 empresas, foram\u00a0<strong>reprovados 160 lotes<\/strong>\u00a0(<em>veja abaixo todas as marcas aprovadas e reprovadas<\/em>). Em novembro, o\u00a0Mapa havia realizado outra opera\u00e7\u00e3o parecida.<\/span><\/p>\n<p><span style=\"color: #000000; font-size: 14pt;\">As duas principais irregularidades foram a mistura do azeite de oliva com outros \u00f3leos e a tentativa de iludir o consumidor pelo r\u00f3tulo. Para que o produto seja considerado \u201cazeite de oliva virgem\u201d, ou \u201cextravirgem\u201d,\u00a0<strong>n\u00e3o \u00e9 permitida a presen\u00e7a de \u00f3leos vegetais refinados, de outros ingredientes e aromas ou sabores de qualquer natureza<\/strong>.<\/span><\/p>\n<p><span style=\"color: #000000; font-size: 14pt;\">\u201cO consumidor precisa estar atento e n\u00e3o se deixar enganar pelas embalagens bonitas com ilustra\u00e7\u00f5es de azeitona ou com refer\u00eancias a Portugal e Espanha\u201d, explica\u00a0F\u00e1tima Chieppe Parizzi, coordenadora-geral de qualidade vegetal do MAPA. \u201cOutro ponto muito importante \u00e9 o pre\u00e7o. O consumidor deve desconfiar da unidade de 500 ml vendida a menos de R$ 10.\u201d\u00a0<\/span><\/p>\n<p><span style=\"color: #000000; font-size: 14pt;\">\u201cO n\u00famero de fraudes ainda \u00e9 expressivo, mas o trabalho de melhoria do produto continua,\u201d diz Parizzi. \u201cN\u00e3o vamos desistir. Nosso objetivo \u00e9 orientar o consumidor. \u00c9 muito dif\u00edcil para ele saber o que \u00e9 azeite de oliva conforme e n\u00e3o conforme\u201d.<\/span><\/p>\n<p><span style=\"color: #000000; font-size: 14pt;\">Ao todo a\u00a0<strong>opera\u00e7\u00e3o retirou do mercado 300 mil litros de produtos irregulares e mais 400 mil litros de outros produtos<\/strong>\u00a0classificados como temperos, mas com r\u00f3tulos de azeite de oliva. As empresas respons\u00e1veis pelas fraudes s\u00e3o autuadas e multadas no valor m\u00ednimo de R$ 5 mil reais, acrescido de 400% sobre o valor da mercadoria fiscalizada. O valor m\u00e1ximo da multa permitida por lei \u00e9 de R$ 540 mil. Os produtos apreendidos est\u00e3o proibidos para consumo humano, mas permite-se a reciclagem industrial, principalmente na produ\u00e7\u00e3o de sab\u00e3o.\u00a0<\/span><\/p>\n<p><span style=\"color: #000000; font-size: 14pt;\">Em 2018, a Opera\u00e7\u00e3o Isis, iniciada em janeiro, terminar\u00e1 em dezembro, e ser\u00e1 ampliada para avaliar 470 amostras a serem coletadas em todo o Pa\u00eds. A partir deste ano, as a\u00e7\u00f5es de fiscaliza\u00e7\u00e3o est\u00e3o sendo intensificadas por meio de parcerias com a Receita Federal, Minist\u00e9rio P\u00fablico, Pol\u00edcia Federal e Ag\u00eancia Nacional de Vigil\u00e2ncia Sanit\u00e1ria (Anvisa).\u00a0<\/span><\/p>\n<p><span style=\"color: #000000; font-size: 14pt;\"><strong>Brasileiro consome cada vez mais azeite de oliva<br \/>\n<\/strong>Depois dos Estados Unidos, o Brasil \u00e9 o maior importador mundial com 60 mil toneladas em 2017. As oliveiras cultivadas em propriedades rurais no Rio Grande do Sul, S\u00e3o Paulo e regi\u00e3o Sul de Minas Gerais produzem menos de 1% do total consumido no Pa\u00eds. O consumo per capita brasileiro hoje \u00e9 de 0,35 litro.<\/span><\/p>\n<p><span style=\"color: #000000; font-size: 14pt;\">Os Estados Unidos importaram 305 mil toneladas em 2017. O consumo norte americano per capita \u00e9 de 1 litro.<\/span><\/p>\n<h2><span style=\"color: #000000; font-size: 14pt;\">Azeites aprovados<\/span><\/h2>\n<p><span style=\"color: #000000; font-size: 14pt;\">Alianza<\/span><br \/>\n<span style=\"color: #000000; font-size: 14pt;\">Andorinha<\/span><br \/>\n<span style=\"color: #000000; font-size: 14pt;\">Andorinha Tipo \u00danico<\/span><br \/>\n<span style=\"color: #000000; font-size: 14pt;\">B\u00e1ltico<\/span><br \/>\n<span style=\"color: #000000; font-size: 14pt;\">Beir\u00e3o<\/span><br \/>\n<span style=\"color: #000000; font-size: 14pt;\">Belo Porto<\/span><br \/>\n<span style=\"color: #000000; font-size: 14pt;\">Bom Dia<\/span><br \/>\n<span style=\"color: #000000; font-size: 14pt;\">Borges<\/span><br \/>\n<span style=\"color: #000000; font-size: 14pt;\">Borges Cl\u00e1ssico<\/span><br \/>\n<span style=\"color: #000000; font-size: 14pt;\">Borges Tipo \u00danico<\/span><br \/>\n<span style=\"color: #000000; font-size: 14pt;\">Carbonell<\/span><br \/>\n<span style=\"color: #000000; font-size: 14pt;\">Carrefour<\/span><br \/>\n<span style=\"color: #000000; font-size: 14pt;\">Castelo<\/span><br \/>\n<span style=\"color: #000000; font-size: 14pt;\">Coccinero<\/span><br \/>\n<span style=\"color: #000000; font-size: 14pt;\">Coimbra<\/span><br \/>\n<span style=\"color: #000000; font-size: 14pt;\">D\u2019Aguirre<\/span><br \/>\n<span style=\"color: #000000; font-size: 14pt;\">De Cecco<\/span><br \/>\n<span style=\"color: #000000; font-size: 14pt;\">Dia<\/span><br \/>\n<span style=\"color: #000000; font-size: 14pt;\">Dia Tipo \u00danico<\/span><br \/>\n<span style=\"color: #000000; font-size: 14pt;\">DOP Sardegna<\/span><br \/>\n<span style=\"color: #000000; font-size: 14pt;\">EA<\/span><br \/>\n<span style=\"color: #000000; font-size: 14pt;\">Felippo Berio<\/span><br \/>\n<span style=\"color: #000000; font-size: 14pt;\">Fiord\u2019Olio<\/span><br \/>\n<span style=\"color: #000000; font-size: 14pt;\">Fonte Mouro<\/span><br \/>\n<span style=\"color: #000000; font-size: 14pt;\">Gallo<\/span><br \/>\n<span style=\"color: #000000; font-size: 14pt;\">Gallo Tipo \u00danico<\/span><br \/>\n<span style=\"color: #000000; font-size: 14pt;\">Great Value<\/span><br \/>\n<span style=\"color: #000000; font-size: 14pt;\">Herdade do Espor\u00e3o<\/span><br \/>\n<span style=\"color: #000000; font-size: 14pt;\">L\u2019Olio de Cecco<\/span><br \/>\n<span style=\"color: #000000; font-size: 14pt;\">La Espa\u00f1ola<\/span><br \/>\n<span style=\"color: #000000; font-size: 14pt;\">La Violetera<\/span><br \/>\n<span style=\"color: #000000; font-size: 14pt;\">Le Terrazze<\/span><br \/>\n<span style=\"color: #000000; font-size: 14pt;\">Maria<\/span><br \/>\n<span style=\"color: #000000; font-size: 14pt;\">Monde<\/span><br \/>\n<span style=\"color: #000000; font-size: 14pt;\">Monini<\/span><br \/>\n<span style=\"color: #000000; font-size: 14pt;\">Monte Santo Adri\u00e3o<\/span><br \/>\n<span style=\"color: #000000; font-size: 14pt;\">Nova Oliva<\/span><br \/>\n<span style=\"color: #000000; font-size: 14pt;\">Olitalia<\/span><br \/>\n<span style=\"color: #000000; font-size: 14pt;\">Oleificio del<\/span><br \/>\n<span style=\"color: #000000; font-size: 14pt;\">Golf<\/span><br \/>\n<span style=\"color: #000000; font-size: 14pt;\">Olivas do Sul<\/span><br \/>\n<span style=\"color: #000000; font-size: 14pt;\">O-Live<\/span><br \/>\n<span style=\"color: #000000; font-size: 14pt;\">Oliveira da Serra Classico<\/span><br \/>\n<span style=\"color: #000000; font-size: 14pt;\">Paganini Grezzo Naturale<\/span><br \/>\n<span style=\"color: #000000; font-size: 14pt;\">Pala D \u0301Oro<\/span><br \/>\n<span style=\"color: #000000; font-size: 14pt;\">Rafael Salgado<\/span><br \/>\n<span style=\"color: #000000; font-size: 14pt;\">Rahma<\/span><br \/>\n<span style=\"color: #000000; font-size: 14pt;\">RAR<\/span><br \/>\n<span style=\"color: #000000; font-size: 14pt;\">Renata<\/span><br \/>\n<span style=\"color: #000000; font-size: 14pt;\">Romulo<\/span><br \/>\n<span style=\"color: #000000; font-size: 14pt;\">Sanmarco<\/span><br \/>\n<span style=\"color: #000000; font-size: 14pt;\">Serrata<\/span><br \/>\n<span style=\"color: #000000; font-size: 14pt;\">TAEQ<\/span><br \/>\n<span style=\"color: #000000; font-size: 14pt;\">Terra De Cam\u00f5es<\/span><br \/>\n<span style=\"color: #000000; font-size: 14pt;\">Terra de Cam\u00f5es Tipo \u00danico<\/span><br \/>\n<span style=\"color: #000000; font-size: 14pt;\">Terrano<\/span><br \/>\n<span style=\"color: #000000; font-size: 14pt;\">Terrano Tipo \u00danico<\/span><br \/>\n<span style=\"color: #000000; font-size: 14pt;\">Verde Louro<\/span><br \/>\n<span style=\"color: #000000; font-size: 14pt;\">Verdeal<\/span><br \/>\n<span style=\"color: #000000; font-size: 14pt;\">Verdemar<\/span><br \/>\n<span style=\"color: #000000; font-size: 14pt;\">Vilamoura<\/span><br \/>\n<span style=\"color: #000000; font-size: 14pt;\">Y Barra\u00a0<\/span><\/p>\n<h2><span style=\"color: #000000; font-size: 14pt;\">Azeites reprovados<\/span><\/h2>\n<p><span style=\"color: #000000; font-size: 14pt;\">Aldeia da Serra<\/span><br \/>\n<span style=\"color: #000000; font-size: 14pt;\">Andaluzia<\/span><br \/>\n<span style=\"color: #000000; font-size: 14pt;\">Anna<\/span><br \/>\n<span style=\"color: #000000; font-size: 14pt;\">Barcelona<\/span><br \/>\n<span style=\"color: #000000; font-size: 14pt;\">Casablanca<\/span><br \/>\n<span style=\"color: #000000; font-size: 14pt;\">Castelo Real<\/span><br \/>\n<span style=\"color: #000000; font-size: 14pt;\">Chef \u00c1vilo Cl\u00e1ssico<\/span><br \/>\n<span style=\"color: #000000; font-size: 14pt;\">Conde de Torres<\/span><br \/>\n<span style=\"color: #000000; font-size: 14pt;\">Do Chefe<\/span><br \/>\n<span style=\"color: #000000; font-size: 14pt;\">Dom Cabral<\/span><br \/>\n<span style=\"color: #000000; font-size: 14pt;\">Dom Gameiro<\/span><br \/>\n<span style=\"color: #000000; font-size: 14pt;\">Donana Premium<\/span><br \/>\n<span style=\"color: #000000; font-size: 14pt;\">Don L\u00e9on<\/span><br \/>\n<span style=\"color: #000000; font-size: 14pt;\">Fais\u00e3o Real<\/span><br \/>\n<span style=\"color: #000000; font-size: 14pt;\">Fais\u00e3o<\/span><br \/>\n<span style=\"color: #000000; font-size: 14pt;\">Real Gourmet<\/span><br \/>\n<span style=\"color: #000000; font-size: 14pt;\">F\u00e1tima<\/span><br \/>\n<span style=\"color: #000000; font-size: 14pt;\">Figueira da Foz<\/span><br \/>\n<span style=\"color: #000000; font-size: 14pt;\">Imperatore<\/span><br \/>\n<span style=\"color: #000000; font-size: 14pt;\">Lisboa<\/span><br \/>\n<span style=\"color: #000000; font-size: 14pt;\">Lisboa Premium<\/span><br \/>\n<span style=\"color: #000000; font-size: 14pt;\">Lisboa Tipo \u00danico<\/span><br \/>\n<span style=\"color: #000000; font-size: 14pt;\">Malaguenza<\/span><br \/>\n<span style=\"color: #000000; font-size: 14pt;\">Mariza<\/span><br \/>\n<span style=\"color: #000000; font-size: 14pt;\">O Vira<\/span><br \/>\n<span style=\"color: #000000; font-size: 14pt;\">Olivenza<\/span><br \/>\n<span style=\"color: #000000; font-size: 14pt;\">Paschoeto<\/span><br \/>\n<span style=\"color: #000000; font-size: 14pt;\">Pazze<\/span><br \/>\n<span style=\"color: #000000; font-size: 14pt;\">Porto Galo<\/span><br \/>\n<span style=\"color: #000000; font-size: 14pt;\">Porto Val\u00eancia<\/span><br \/>\n<span style=\"color: #000000; font-size: 14pt;\">Pramesa<\/span><br \/>\n<span style=\"color: #000000; font-size: 14pt;\">Quinta D\u2019Aldeia<\/span><br \/>\n<span style=\"color: #000000; font-size: 14pt;\">Quinta da Boa Vista<\/span><br \/>\n<span style=\"color: #000000; font-size: 14pt;\">Quinta do Cais<\/span><br \/>\n<span style=\"color: #000000; font-size: 14pt;\">Quinta do Fij\u00f4<\/span><br \/>\n<span style=\"color: #000000; font-size: 14pt;\">Restelo<\/span><br \/>\n<span style=\"color: #000000; font-size: 14pt;\">Rioliva<\/span><br \/>\n<span style=\"color: #000000; font-size: 14pt;\">San Domingos<\/span><br \/>\n<span style=\"color: #000000; font-size: 14pt;\">Santa Isabel<\/span><br \/>\n<span style=\"color: #000000; font-size: 14pt;\">Serra de Montejunto<\/span><br \/>\n<span style=\"color: #000000; font-size: 14pt;\">Temperatta<\/span><br \/>\n<span style=\"color: #000000; font-size: 14pt;\">Tordesilhas<\/span><br \/>\n<span style=\"color: #000000; font-size: 14pt;\">Torezani Premium<\/span><br \/>\n<span style=\"color: #000000; font-size: 14pt;\">Torres de Mondego<\/span><br \/>\n<span style=\"color: #000000; font-size: 14pt;\">Tradi\u00e7\u00e3o<\/span><br \/>\n<span style=\"color: #000000; font-size: 14pt;\">Vale F\u00e9rtil<\/span><br \/>\n<span style=\"color: #000000; font-size: 14pt;\">Vila Verona<\/span><\/p>\n<p><span style=\"color: #000000; font-family: georgia, palatino, serif; font-size: 18pt;\">Para acessar a mat\u00e9ria original, <span style=\"color: #0000ff;\"><em><strong>clique aqui<\/strong><\/em><\/span>.<\/span><\/p>\n<p><img data-recalc-dims=\"1\" fetchpriority=\"high\" decoding=\"async\" data-attachment-id=\"12323\" data-permalink=\"https:\/\/gersonguelmann.com.br\/blog\/azeite-de-oliva-veja-as-marcas-reprovadas\/olive-oil-oil-food-carafe-162667\/\" data-orig-file=\"https:\/\/i0.wp.com\/gersonguelmann.com.br\/blog\/wp-content\/uploads\/2018\/04\/olive-oil-oil-food-carafe-162667.jpeg?fit=1880%2C1253&amp;ssl=1\" data-orig-size=\"1880,1253\" data-comments-opened=\"1\" data-image-meta=\"{&quot;aperture&quot;:&quot;0&quot;,&quot;credit&quot;:&quot;&quot;,&quot;camera&quot;:&quot;&quot;,&quot;caption&quot;:&quot;&quot;,&quot;created_timestamp&quot;:&quot;0&quot;,&quot;copyright&quot;:&quot;&quot;,&quot;focal_length&quot;:&quot;0&quot;,&quot;iso&quot;:&quot;0&quot;,&quot;shutter_speed&quot;:&quot;0&quot;,&quot;title&quot;:&quot;&quot;,&quot;orientation&quot;:&quot;0&quot;}\" data-image-title=\"olive-oil-oil-food-carafe-162667\" data-image-description=\"\" data-image-caption=\"\" data-medium-file=\"https:\/\/i0.wp.com\/gersonguelmann.com.br\/blog\/wp-content\/uploads\/2018\/04\/olive-oil-oil-food-carafe-162667.jpeg?fit=300%2C200&amp;ssl=1\" data-large-file=\"https:\/\/i0.wp.com\/gersonguelmann.com.br\/blog\/wp-content\/uploads\/2018\/04\/olive-oil-oil-food-carafe-162667.jpeg?fit=640%2C426&amp;ssl=1\" class=\"size-medium wp-image-12323 aligncenter\" src=\"https:\/\/i0.wp.com\/gersonguelmann.com.br\/blog\/wp-content\/uploads\/2018\/04\/olive-oil-oil-food-carafe-162667.jpeg?resize=300%2C200&#038;ssl=1\" alt=\"\" width=\"300\" height=\"200\" srcset=\"https:\/\/i0.wp.com\/gersonguelmann.com.br\/blog\/wp-content\/uploads\/2018\/04\/olive-oil-oil-food-carafe-162667.jpeg?resize=300%2C200&amp;ssl=1 300w, https:\/\/i0.wp.com\/gersonguelmann.com.br\/blog\/wp-content\/uploads\/2018\/04\/olive-oil-oil-food-carafe-162667.jpeg?resize=768%2C512&amp;ssl=1 768w, https:\/\/i0.wp.com\/gersonguelmann.com.br\/blog\/wp-content\/uploads\/2018\/04\/olive-oil-oil-food-carafe-162667.jpeg?resize=1024%2C682&amp;ssl=1 1024w, https:\/\/i0.wp.com\/gersonguelmann.com.br\/blog\/wp-content\/uploads\/2018\/04\/olive-oil-oil-food-carafe-162667.jpeg?resize=750%2C500&amp;ssl=1 750w, https:\/\/i0.wp.com\/gersonguelmann.com.br\/blog\/wp-content\/uploads\/2018\/04\/olive-oil-oil-food-carafe-162667.jpeg?w=1880&amp;ssl=1 1880w, https:\/\/i0.wp.com\/gersonguelmann.com.br\/blog\/wp-content\/uploads\/2018\/04\/olive-oil-oil-food-carafe-162667.jpeg?w=1280&amp;ssl=1 1280w\" sizes=\"(max-width: 300px) 100vw, 300px\" \/><\/p>\n","protected":false},"excerpt":{"rendered":"<p>Para quem consome azeite de oliva, a mat\u00e9ria abaixo, publicada pela Gazeta do Povo, \u00e9 bem \u00fatil: Plant\u00e3o OPERA\u00c7\u00c3O ISIS Minist\u00e9rio da Agricultura reprova 60% de 268 lotes de azeites; veja lista por\u00a0Bom Gourmet\u00a0 Ao todo 700 mil litros de \u00f3leo foram retirados do mercado e dezenas de empresas foram multadas Publicado em 30\/04\/2018 \u00e0s [&hellip;]<\/p>\n","protected":false},"author":5,"featured_media":12323,"comment_status":"open","ping_status":"open","sticky":false,"template":"","format":"standard","meta":{"_acf_changed":false,"jetpack_post_was_ever_published":false,"_jetpack_newsletter_access":"","_jetpack_dont_email_post_to_subs":false,"_jetpack_newsletter_tier_id":0,"_jetpack_memberships_contains_paywalled_content":false,"_jetpack_memberships_contains_paid_content":false,"footnotes":"","jetpack_publicize_message":"","jetpack_publicize_feature_enabled":true,"jetpack_social_post_already_shared":true,"jetpack_social_options":{"image_generator_settings":{"template":"highway","default_image_id":0,"font":"","enabled":false},"version":2}},"categories":[1],"tags":[],"class_list":["post-12322","post","type-post","status-publish","format-standard","has-post-thumbnail","hentry","category-sem-categoria"],"acf":[],"yoast_head":"<!-- This site is optimized with the Yoast SEO plugin v27.3 - https:\/\/yoast.com\/product\/yoast-seo-wordpress\/ -->\n<title>Azeite de Oliva: Veja as Marcas Reprovadas | Blog do Guelmann<\/title>\n<meta name=\"robots\" content=\"index, follow, max-snippet:-1, max-image-preview:large, max-video-preview:-1\" \/>\n<link rel=\"canonical\" href=\"https:\/\/gersonguelmann.com.br\/blog\/azeite-de-oliva-veja-as-marcas-reprovadas\/\" \/>\n<meta property=\"og:locale\" content=\"pt_BR\" \/>\n<meta property=\"og:type\" content=\"article\" \/>\n<meta property=\"og:title\" content=\"Azeite de Oliva: Veja as Marcas Reprovadas | Blog do Guelmann\" \/>\n<meta property=\"og:description\" content=\"Para quem consome azeite de oliva, a mat\u00e9ria abaixo, publicada pela Gazeta do Povo, \u00e9 bem \u00fatil: Plant\u00e3o OPERA\u00c7\u00c3O ISIS Minist\u00e9rio da Agricultura reprova 60% de 268 lotes de azeites; veja lista por\u00a0Bom Gourmet\u00a0 Ao todo 700 mil litros de \u00f3leo foram retirados do mercado e dezenas de empresas foram multadas Publicado em 30\/04\/2018 \u00e0s [&hellip;]\" \/>\n<meta property=\"og:url\" content=\"https:\/\/gersonguelmann.com.br\/blog\/azeite-de-oliva-veja-as-marcas-reprovadas\/\" \/>\n<meta property=\"og:site_name\" content=\"Blog do Guelmann\" \/>\n<meta property=\"article:published_time\" content=\"2018-05-01T00:12:40+00:00\" \/>\n<meta property=\"og:image\" content=\"https:\/\/i0.wp.com\/gersonguelmann.com.br\/blog\/wp-content\/uploads\/2018\/04\/olive-oil-oil-food-carafe-162667.jpeg?fit=1880%2C1253&ssl=1\" \/>\n\t<meta property=\"og:image:width\" content=\"1880\" \/>\n\t<meta property=\"og:image:height\" content=\"1253\" \/>\n\t<meta property=\"og:image:type\" content=\"image\/jpeg\" \/>\n<meta name=\"author\" content=\"Gerson Guelmann\" \/>\n<meta name=\"twitter:card\" content=\"summary_large_image\" \/>\n<meta name=\"twitter:label1\" content=\"Escrito por\" \/>\n\t<meta name=\"twitter:data1\" content=\"Gerson Guelmann\" \/>\n\t<meta name=\"twitter:label2\" content=\"Est. tempo de leitura\" \/>\n\t<meta name=\"twitter:data2\" content=\"4 minutos\" \/>\n<script type=\"application\/ld+json\" class=\"yoast-schema-graph\">{\"@context\":\"https:\\\/\\\/schema.org\",\"@graph\":[{\"@type\":\"Article\",\"@id\":\"https:\\\/\\\/gersonguelmann.com.br\\\/blog\\\/azeite-de-oliva-veja-as-marcas-reprovadas\\\/#article\",\"isPartOf\":{\"@id\":\"https:\\\/\\\/gersonguelmann.com.br\\\/blog\\\/azeite-de-oliva-veja-as-marcas-reprovadas\\\/\"},\"author\":{\"name\":\"Gerson Guelmann\",\"@id\":\"https:\\\/\\\/gersonguelmann.com.br\\\/blog\\\/#\\\/schema\\\/person\\\/87e70e2a786888082f941a482c90569e\"},\"headline\":\"Azeite de Oliva: Veja as Marcas Reprovadas\",\"datePublished\":\"2018-05-01T00:12:40+00:00\",\"mainEntityOfPage\":{\"@id\":\"https:\\\/\\\/gersonguelmann.com.br\\\/blog\\\/azeite-de-oliva-veja-as-marcas-reprovadas\\\/\"},\"wordCount\":777,\"commentCount\":0,\"image\":{\"@id\":\"https:\\\/\\\/gersonguelmann.com.br\\\/blog\\\/azeite-de-oliva-veja-as-marcas-reprovadas\\\/#primaryimage\"},\"thumbnailUrl\":\"https:\\\/\\\/i0.wp.com\\\/gersonguelmann.com.br\\\/blog\\\/wp-content\\\/uploads\\\/2018\\\/04\\\/olive-oil-oil-food-carafe-162667.jpeg?fit=1880%2C1253&ssl=1\",\"inLanguage\":\"pt-BR\",\"potentialAction\":[{\"@type\":\"CommentAction\",\"name\":\"Comment\",\"target\":[\"https:\\\/\\\/gersonguelmann.com.br\\\/blog\\\/azeite-de-oliva-veja-as-marcas-reprovadas\\\/#respond\"]}]},{\"@type\":\"WebPage\",\"@id\":\"https:\\\/\\\/gersonguelmann.com.br\\\/blog\\\/azeite-de-oliva-veja-as-marcas-reprovadas\\\/\",\"url\":\"https:\\\/\\\/gersonguelmann.com.br\\\/blog\\\/azeite-de-oliva-veja-as-marcas-reprovadas\\\/\",\"name\":\"Azeite de Oliva: Veja as Marcas Reprovadas | Blog do Guelmann\",\"isPartOf\":{\"@id\":\"https:\\\/\\\/gersonguelmann.com.br\\\/blog\\\/#website\"},\"primaryImageOfPage\":{\"@id\":\"https:\\\/\\\/gersonguelmann.com.br\\\/blog\\\/azeite-de-oliva-veja-as-marcas-reprovadas\\\/#primaryimage\"},\"image\":{\"@id\":\"https:\\\/\\\/gersonguelmann.com.br\\\/blog\\\/azeite-de-oliva-veja-as-marcas-reprovadas\\\/#primaryimage\"},\"thumbnailUrl\":\"https:\\\/\\\/i0.wp.com\\\/gersonguelmann.com.br\\\/blog\\\/wp-content\\\/uploads\\\/2018\\\/04\\\/olive-oil-oil-food-carafe-162667.jpeg?fit=1880%2C1253&ssl=1\",\"datePublished\":\"2018-05-01T00:12:40+00:00\",\"author\":{\"@id\":\"https:\\\/\\\/gersonguelmann.com.br\\\/blog\\\/#\\\/schema\\\/person\\\/87e70e2a786888082f941a482c90569e\"},\"inLanguage\":\"pt-BR\",\"potentialAction\":[{\"@type\":\"ReadAction\",\"target\":[\"https:\\\/\\\/gersonguelmann.com.br\\\/blog\\\/azeite-de-oliva-veja-as-marcas-reprovadas\\\/\"]}]},{\"@type\":\"ImageObject\",\"inLanguage\":\"pt-BR\",\"@id\":\"https:\\\/\\\/gersonguelmann.com.br\\\/blog\\\/azeite-de-oliva-veja-as-marcas-reprovadas\\\/#primaryimage\",\"url\":\"https:\\\/\\\/i0.wp.com\\\/gersonguelmann.com.br\\\/blog\\\/wp-content\\\/uploads\\\/2018\\\/04\\\/olive-oil-oil-food-carafe-162667.jpeg?fit=1880%2C1253&ssl=1\",\"contentUrl\":\"https:\\\/\\\/i0.wp.com\\\/gersonguelmann.com.br\\\/blog\\\/wp-content\\\/uploads\\\/2018\\\/04\\\/olive-oil-oil-food-carafe-162667.jpeg?fit=1880%2C1253&ssl=1\",\"width\":1880,\"height\":1253},{\"@type\":\"WebSite\",\"@id\":\"https:\\\/\\\/gersonguelmann.com.br\\\/blog\\\/#website\",\"url\":\"https:\\\/\\\/gersonguelmann.com.br\\\/blog\\\/\",\"name\":\"Blog do Guelmann\",\"description\":\"Pitadas da sabedoria e do humor judaicos, assuntos do momento e um pouco das hist\u00f3rias que vivi e testemunhei.\",\"potentialAction\":[{\"@type\":\"SearchAction\",\"target\":{\"@type\":\"EntryPoint\",\"urlTemplate\":\"https:\\\/\\\/gersonguelmann.com.br\\\/blog\\\/?s={search_term_string}\"},\"query-input\":{\"@type\":\"PropertyValueSpecification\",\"valueRequired\":true,\"valueName\":\"search_term_string\"}}],\"inLanguage\":\"pt-BR\"},{\"@type\":\"Person\",\"@id\":\"https:\\\/\\\/gersonguelmann.com.br\\\/blog\\\/#\\\/schema\\\/person\\\/87e70e2a786888082f941a482c90569e\",\"name\":\"Gerson Guelmann\",\"image\":{\"@type\":\"ImageObject\",\"inLanguage\":\"pt-BR\",\"@id\":\"https:\\\/\\\/i0.wp.com\\\/gersonguelmann.com.br\\\/blog\\\/wp-content\\\/uploads\\\/2021\\\/08\\\/BLOG.jpeg?fit=96%2C96&ssl=1\",\"url\":\"https:\\\/\\\/i0.wp.com\\\/gersonguelmann.com.br\\\/blog\\\/wp-content\\\/uploads\\\/2021\\\/08\\\/BLOG.jpeg?fit=96%2C96&ssl=1\",\"contentUrl\":\"https:\\\/\\\/i0.wp.com\\\/gersonguelmann.com.br\\\/blog\\\/wp-content\\\/uploads\\\/2021\\\/08\\\/BLOG.jpeg?fit=96%2C96&ssl=1\",\"caption\":\"Gerson Guelmann\"},\"description\":\"Pitadas da sabedoria e do humor judaicos, assuntos do momento e um pouco das hist\u00f3rias que vivi e testemunhei.\"}]}<\/script>\n<!-- \/ Yoast SEO plugin. -->","yoast_head_json":{"title":"Azeite de Oliva: Veja as Marcas Reprovadas | Blog do Guelmann","robots":{"index":"index","follow":"follow","max-snippet":"max-snippet:-1","max-image-preview":"max-image-preview:large","max-video-preview":"max-video-preview:-1"},"canonical":"https:\/\/gersonguelmann.com.br\/blog\/azeite-de-oliva-veja-as-marcas-reprovadas\/","og_locale":"pt_BR","og_type":"article","og_title":"Azeite de Oliva: Veja as Marcas Reprovadas | Blog do Guelmann","og_description":"Para quem consome azeite de oliva, a mat\u00e9ria abaixo, publicada pela Gazeta do Povo, \u00e9 bem \u00fatil: Plant\u00e3o OPERA\u00c7\u00c3O ISIS Minist\u00e9rio da Agricultura reprova 60% de 268 lotes de azeites; veja lista por\u00a0Bom Gourmet\u00a0 Ao todo 700 mil litros de \u00f3leo foram retirados do mercado e dezenas de empresas foram multadas Publicado em 30\/04\/2018 \u00e0s [&hellip;]","og_url":"https:\/\/gersonguelmann.com.br\/blog\/azeite-de-oliva-veja-as-marcas-reprovadas\/","og_site_name":"Blog do Guelmann","article_published_time":"2018-05-01T00:12:40+00:00","og_image":[{"width":1880,"height":1253,"url":"https:\/\/i0.wp.com\/gersonguelmann.com.br\/blog\/wp-content\/uploads\/2018\/04\/olive-oil-oil-food-carafe-162667.jpeg?fit=1880%2C1253&ssl=1","type":"image\/jpeg"}],"author":"Gerson Guelmann","twitter_card":"summary_large_image","twitter_misc":{"Escrito por":"Gerson Guelmann","Est. tempo de leitura":"4 minutos"},"schema":{"@context":"https:\/\/schema.org","@graph":[{"@type":"Article","@id":"https:\/\/gersonguelmann.com.br\/blog\/azeite-de-oliva-veja-as-marcas-reprovadas\/#article","isPartOf":{"@id":"https:\/\/gersonguelmann.com.br\/blog\/azeite-de-oliva-veja-as-marcas-reprovadas\/"},"author":{"name":"Gerson Guelmann","@id":"https:\/\/gersonguelmann.com.br\/blog\/#\/schema\/person\/87e70e2a786888082f941a482c90569e"},"headline":"Azeite de Oliva: Veja as Marcas Reprovadas","datePublished":"2018-05-01T00:12:40+00:00","mainEntityOfPage":{"@id":"https:\/\/gersonguelmann.com.br\/blog\/azeite-de-oliva-veja-as-marcas-reprovadas\/"},"wordCount":777,"commentCount":0,"image":{"@id":"https:\/\/gersonguelmann.com.br\/blog\/azeite-de-oliva-veja-as-marcas-reprovadas\/#primaryimage"},"thumbnailUrl":"https:\/\/i0.wp.com\/gersonguelmann.com.br\/blog\/wp-content\/uploads\/2018\/04\/olive-oil-oil-food-carafe-162667.jpeg?fit=1880%2C1253&ssl=1","inLanguage":"pt-BR","potentialAction":[{"@type":"CommentAction","name":"Comment","target":["https:\/\/gersonguelmann.com.br\/blog\/azeite-de-oliva-veja-as-marcas-reprovadas\/#respond"]}]},{"@type":"WebPage","@id":"https:\/\/gersonguelmann.com.br\/blog\/azeite-de-oliva-veja-as-marcas-reprovadas\/","url":"https:\/\/gersonguelmann.com.br\/blog\/azeite-de-oliva-veja-as-marcas-reprovadas\/","name":"Azeite de Oliva: Veja as Marcas Reprovadas | Blog do Guelmann","isPartOf":{"@id":"https:\/\/gersonguelmann.com.br\/blog\/#website"},"primaryImageOfPage":{"@id":"https:\/\/gersonguelmann.com.br\/blog\/azeite-de-oliva-veja-as-marcas-reprovadas\/#primaryimage"},"image":{"@id":"https:\/\/gersonguelmann.com.br\/blog\/azeite-de-oliva-veja-as-marcas-reprovadas\/#primaryimage"},"thumbnailUrl":"https:\/\/i0.wp.com\/gersonguelmann.com.br\/blog\/wp-content\/uploads\/2018\/04\/olive-oil-oil-food-carafe-162667.jpeg?fit=1880%2C1253&ssl=1","datePublished":"2018-05-01T00:12:40+00:00","author":{"@id":"https:\/\/gersonguelmann.com.br\/blog\/#\/schema\/person\/87e70e2a786888082f941a482c90569e"},"inLanguage":"pt-BR","potentialAction":[{"@type":"ReadAction","target":["https:\/\/gersonguelmann.com.br\/blog\/azeite-de-oliva-veja-as-marcas-reprovadas\/"]}]},{"@type":"ImageObject","inLanguage":"pt-BR","@id":"https:\/\/gersonguelmann.com.br\/blog\/azeite-de-oliva-veja-as-marcas-reprovadas\/#primaryimage","url":"https:\/\/i0.wp.com\/gersonguelmann.com.br\/blog\/wp-content\/uploads\/2018\/04\/olive-oil-oil-food-carafe-162667.jpeg?fit=1880%2C1253&ssl=1","contentUrl":"https:\/\/i0.wp.com\/gersonguelmann.com.br\/blog\/wp-content\/uploads\/2018\/04\/olive-oil-oil-food-carafe-162667.jpeg?fit=1880%2C1253&ssl=1","width":1880,"height":1253},{"@type":"WebSite","@id":"https:\/\/gersonguelmann.com.br\/blog\/#website","url":"https:\/\/gersonguelmann.com.br\/blog\/","name":"Blog do Guelmann","description":"Pitadas da sabedoria e do humor judaicos, assuntos do momento e um pouco das hist\u00f3rias que vivi e testemunhei.","potentialAction":[{"@type":"SearchAction","target":{"@type":"EntryPoint","urlTemplate":"https:\/\/gersonguelmann.com.br\/blog\/?s={search_term_string}"},"query-input":{"@type":"PropertyValueSpecification","valueRequired":true,"valueName":"search_term_string"}}],"inLanguage":"pt-BR"},{"@type":"Person","@id":"https:\/\/gersonguelmann.com.br\/blog\/#\/schema\/person\/87e70e2a786888082f941a482c90569e","name":"Gerson Guelmann","image":{"@type":"ImageObject","inLanguage":"pt-BR","@id":"https:\/\/i0.wp.com\/gersonguelmann.com.br\/blog\/wp-content\/uploads\/2021\/08\/BLOG.jpeg?fit=96%2C96&ssl=1","url":"https:\/\/i0.wp.com\/gersonguelmann.com.br\/blog\/wp-content\/uploads\/2021\/08\/BLOG.jpeg?fit=96%2C96&ssl=1","contentUrl":"https:\/\/i0.wp.com\/gersonguelmann.com.br\/blog\/wp-content\/uploads\/2021\/08\/BLOG.jpeg?fit=96%2C96&ssl=1","caption":"Gerson Guelmann"},"description":"Pitadas da sabedoria e do humor judaicos, assuntos do momento e um pouco das hist\u00f3rias que vivi e testemunhei."}]}},"views":98,"jetpack_publicize_connections":[],"jetpack_featured_media_url":"https:\/\/i0.wp.com\/gersonguelmann.com.br\/blog\/wp-content\/uploads\/2018\/04\/olive-oil-oil-food-carafe-162667.jpeg?fit=1880%2C1253&ssl=1","jetpack_shortlink":"https:\/\/wp.me\/p96e7O-3cK","jetpack-related-posts":[{"id":18719,"url":"https:\/\/gersonguelmann.com.br\/blog\/azeite-de-oliva-veja-aqui-se-o-teu-preferido-nao-esta-batizado\/","url_meta":{"origin":12322,"position":0},"title":"Azeite de Oliva: Veja Aqui Se o Teu Preferido N\u00e3o Est\u00e1 &#8220;Batizado&#8221;","author":"Gerson Guelmann","date":"2 de outubro de 2019","format":false,"excerpt":"Aqui em casa usamos muito Azeite de Oliva. Ainda ontem coment\u00e1vamos que consumimos um frasco de 500ml por semana, o que, para uma fam\u00edlia de 4 pessoas, \u00e9 bastante. N\u00e3o temos uma s\u00f3 marca preferida: costumamos comprar a de melhor pre\u00e7o entre algumas conhecidas, mas sempre somos atra\u00eddos por ofertas\u2026","rel":"","context":"Em &quot;Sem categoria&quot;","block_context":{"text":"Sem categoria","link":"https:\/\/gersonguelmann.com.br\/blog\/category\/sem-categoria\/"},"img":{"alt_text":"","src":"https:\/\/i0.wp.com\/gersonguelmann.com.br\/blog\/wp-content\/uploads\/2019\/10\/%C3%93leo.jpg?fit=361%2C501&ssl=1&resize=350%2C200","width":350,"height":200},"classes":[]},{"id":9193,"url":"https:\/\/gersonguelmann.com.br\/blog\/produtor-do-1-azeite-de-oliva-100-paranaense-garante-e-o-melhor-do-mundo\/","url_meta":{"origin":12322,"position":1},"title":"Produtor do 1\u00b0 Azeite de Oliva 100% Paranaense Diz: \u2018\u00c9 o Melhor do Mundo\u2019","author":"Gerson Guelmann","date":"26 de fevereiro de 2018","format":false,"excerpt":"Id\u00e1lio e a esposa, Maria Cristina, inspecionam o pomar de azeitonas (Foto:\u00a0Hugo Harada\/Gazeta do Povo) A Gazeta do Povo publicou dias atr\u00e1s uma mat\u00e9ria excelente sobre o Sr.\u00a0Id\u00e1lio Cruz In\u00e1cio, que est\u00e1 produzindo \u00f3leo de oliva extra-virgem no munic\u00edpio paranaense de Ventania. O \u00f3leo pode ser adquirido pelo fone (43)3531-2200.\u2026","rel":"","context":"Em &quot;Sem categoria&quot;","block_context":{"text":"Sem categoria","link":"https:\/\/gersonguelmann.com.br\/blog\/category\/sem-categoria\/"},"img":{"alt_text":"","src":"https:\/\/i0.wp.com\/gersonguelmann.com.br\/blog\/wp-content\/uploads\/2018\/02\/Oliveira.jpg?fit=960%2C640&ssl=1&resize=350%2C200","width":350,"height":200,"srcset":"https:\/\/i0.wp.com\/gersonguelmann.com.br\/blog\/wp-content\/uploads\/2018\/02\/Oliveira.jpg?fit=960%2C640&ssl=1&resize=350%2C200 1x, https:\/\/i0.wp.com\/gersonguelmann.com.br\/blog\/wp-content\/uploads\/2018\/02\/Oliveira.jpg?fit=960%2C640&ssl=1&resize=525%2C300 1.5x, https:\/\/i0.wp.com\/gersonguelmann.com.br\/blog\/wp-content\/uploads\/2018\/02\/Oliveira.jpg?fit=960%2C640&ssl=1&resize=700%2C400 2x"},"classes":[]},{"id":11621,"url":"https:\/\/gersonguelmann.com.br\/blog\/tua-avo-fazia-tzimes-quer-aprender-a-fazer\/","url_meta":{"origin":12322,"position":2},"title":"Tua Av\u00f3 Fazia Tzimes? Quer Aprender a Fazer?","author":"Gerson Guelmann","date":"14 de abril de 2018","format":false,"excerpt":"Os mais velhos certamente lembrar\u00e3o do Tzimes que era feito por nossas av\u00f3s. Para voltar no tempo e recuperar a mem\u00f3ria gustativa, aqui vai a receita: Ingredientes 1\u00a0kg de\u00a0cox\u00e3o mole\u00a0cortado em cubos pequenos 2\u00a0colheres (sopa) de\u00a0azeite de oliva 4\u00a0cenouras\u00a0cortadas em rodelas 1\u00a0pitada de\u00a0sal 250\u00a0gramas de\u00a0frutas secas\u00a0(damasco, ma\u00e7\u00e3, uva-passa, ameixa, etc)\u2026","rel":"","context":"Em &quot;Sem categoria&quot;","block_context":{"text":"Sem categoria","link":"https:\/\/gersonguelmann.com.br\/blog\/category\/sem-categoria\/"},"img":{"alt_text":"","src":"https:\/\/i0.wp.com\/gersonguelmann.com.br\/blog\/wp-content\/uploads\/2018\/04\/Tzimes.jpg?resize=350%2C200&ssl=1","width":350,"height":200},"classes":[]},{"id":12075,"url":"https:\/\/gersonguelmann.com.br\/blog\/caminhoneiros-impedem-suicidio-veja-como\/","url_meta":{"origin":12322,"position":3},"title":"Caminhoneiros Impedem Suic\u00eddio; Veja Como!","author":"Gerson Guelmann","date":"25 de abril de 2018","format":false,"excerpt":"Olha s\u00f3 que not\u00edcia boa: - ontem, em Detroit, nos Estados Unidos, um homem estava amea\u00e7ando pular de um viaduto em uma estrada. Quando foram avisados do que estava acontecendo, os policiais fecharam a rodovia e pediram aos caminhoneiros que estavam pr\u00f3ximos para que estacionassem\u00a0as carretas sob o viaduto, de\u2026","rel":"","context":"Em &quot;Sem categoria&quot;","block_context":{"text":"Sem categoria","link":"https:\/\/gersonguelmann.com.br\/blog\/category\/sem-categoria\/"},"img":{"alt_text":"","src":"https:\/\/i0.wp.com\/gersonguelmann.com.br\/blog\/wp-content\/uploads\/2018\/04\/DbjiijbW4AA0x0E.jpg?fit=896%2C504&ssl=1&resize=350%2C200","width":350,"height":200,"srcset":"https:\/\/i0.wp.com\/gersonguelmann.com.br\/blog\/wp-content\/uploads\/2018\/04\/DbjiijbW4AA0x0E.jpg?fit=896%2C504&ssl=1&resize=350%2C200 1x, https:\/\/i0.wp.com\/gersonguelmann.com.br\/blog\/wp-content\/uploads\/2018\/04\/DbjiijbW4AA0x0E.jpg?fit=896%2C504&ssl=1&resize=525%2C300 1.5x, https:\/\/i0.wp.com\/gersonguelmann.com.br\/blog\/wp-content\/uploads\/2018\/04\/DbjiijbW4AA0x0E.jpg?fit=896%2C504&ssl=1&resize=700%2C400 2x"},"classes":[]},{"id":3801,"url":"https:\/\/gersonguelmann.com.br\/blog\/o-comportamento-da-mulher-judia-apos-o-sexo\/","url_meta":{"origin":12322,"position":4},"title":"O Comportamento da Mulher Judia Ap\u00f3s o Sexo","author":"Gerson Guelmann","date":"22 de julho de 2019","format":false,"excerpt":"Tr\u00eas amigos estavam comentando sobre como as respectivas esposas ficavam logo ap\u00f3s terem feito amor. Alberto, o italiano, disse: - \"Massageei minha esposa com o mais puro azeite de oliva e tivemos uma rela\u00e7\u00e3o maravilhosa. Ela\u00a0gritou por cinco minutos.\" Marcel, o franc\u00eas, falou: - \"Eu peguei a melhor manteiga do\u2026","rel":"","context":"Em &quot;Sem categoria&quot;","block_context":{"text":"Sem categoria","link":"https:\/\/gersonguelmann.com.br\/blog\/category\/sem-categoria\/"},"img":{"alt_text":"","src":"https:\/\/i0.wp.com\/gersonguelmann.com.br\/blog\/wp-content\/uploads\/2017\/10\/Schmalz.jpg?fit=634%2C951&ssl=1&resize=350%2C200","width":350,"height":200,"srcset":"https:\/\/i0.wp.com\/gersonguelmann.com.br\/blog\/wp-content\/uploads\/2017\/10\/Schmalz.jpg?fit=634%2C951&ssl=1&resize=350%2C200 1x, https:\/\/i0.wp.com\/gersonguelmann.com.br\/blog\/wp-content\/uploads\/2017\/10\/Schmalz.jpg?fit=634%2C951&ssl=1&resize=525%2C300 1.5x"},"classes":[]},{"id":11093,"url":"https:\/\/gersonguelmann.com.br\/blog\/a-testemunha-que-pode-abalar-as-estruturas-do-planalto\/","url_meta":{"origin":12322,"position":5},"title":"A Testemunha Que Pode Abalar As Estruturas do Planalto","author":"Gerson Guelmann","date":"31 de mar\u00e7o de 2018","format":false,"excerpt":"Na edi\u00e7\u00e3o da Veja desta semana: Pol\u00edtica A testemunha que pode ligar Temer \u00e0s irregularidades em Santos Pela primeira vez em quase duas d\u00e9cadas, a blogueira de moda \u00c9rika Santos falou do esquema de pagamentos de suborno que ela mesma denunciou vinte anos atr\u00e1s Por\u00a0Thiago Bronzatto, de Paris access_time30 mar\u2026","rel":"","context":"Em &quot;Sem categoria&quot;","block_context":{"text":"Sem categoria","link":"https:\/\/gersonguelmann.com.br\/blog\/category\/sem-categoria\/"},"img":{"alt_text":"","src":"https:\/\/i0.wp.com\/gersonguelmann.com.br\/blog\/wp-content\/uploads\/2018\/03\/download-4.jpg?resize=350%2C200&ssl=1","width":350,"height":200},"classes":[]}],"jetpack_sharing_enabled":true,"post_mailing_queue_ids":[],"_links":{"self":[{"href":"https:\/\/gersonguelmann.com.br\/blog\/wp-json\/wp\/v2\/posts\/12322","targetHints":{"allow":["GET"]}}],"collection":[{"href":"https:\/\/gersonguelmann.com.br\/blog\/wp-json\/wp\/v2\/posts"}],"about":[{"href":"https:\/\/gersonguelmann.com.br\/blog\/wp-json\/wp\/v2\/types\/post"}],"author":[{"embeddable":true,"href":"https:\/\/gersonguelmann.com.br\/blog\/wp-json\/wp\/v2\/users\/5"}],"replies":[{"embeddable":true,"href":"https:\/\/gersonguelmann.com.br\/blog\/wp-json\/wp\/v2\/comments?post=12322"}],"version-history":[{"count":0,"href":"https:\/\/gersonguelmann.com.br\/blog\/wp-json\/wp\/v2\/posts\/12322\/revisions"}],"wp:featuredmedia":[{"embeddable":true,"href":"https:\/\/gersonguelmann.com.br\/blog\/wp-json\/wp\/v2\/media\/12323"}],"wp:attachment":[{"href":"https:\/\/gersonguelmann.com.br\/blog\/wp-json\/wp\/v2\/media?parent=12322"}],"wp:term":[{"taxonomy":"category","embeddable":true,"href":"https:\/\/gersonguelmann.com.br\/blog\/wp-json\/wp\/v2\/categories?post=12322"},{"taxonomy":"post_tag","embeddable":true,"href":"https:\/\/gersonguelmann.com.br\/blog\/wp-json\/wp\/v2\/tags?post=12322"}],"curies":[{"name":"wp","href":"https:\/\/api.w.org\/{rel}","templated":true}]}}