    {"id":12325,"date":"2018-04-30T21:52:06","date_gmt":"2018-05-01T00:52:06","guid":{"rendered":"https:\/\/gersonguelmann.com.br\/blog\/?p=12325"},"modified":"2018-04-30T21:52:06","modified_gmt":"2018-05-01T00:52:06","slug":"suores-noturnos-calafrios-e-insonia-delacao-de-palocci-sera-validada-pelo-trf-4","status":"publish","type":"post","link":"https:\/\/gersonguelmann.com.br\/blog\/suores-noturnos-calafrios-e-insonia-delacao-de-palocci-sera-validada-pelo-trf-4\/","title":{"rendered":"Suores Noturnos, Calafrios e Ins\u00f4nia: Dela\u00e7\u00e3o de Palocci Ser\u00e1 Validada pelo TRF-4"},"content":{"rendered":"<p><span style=\"color: #000000; font-family: georgia, palatino, serif; font-size: 18pt;\">Mat\u00e9ria do G1, de agora h\u00e1 pouco:<\/span><\/p>\n<p>&nbsp;<\/p>\n<div id=\"header\" class=\"header\">\n<header id=\"header-produto\" class=\"header-navegacao header-g1 header-editoria header-subeditoria header-ready\" data-analytics=\"T\">\n<div class=\"grid-12 row\">\n<div class=\"area-subeditoria column\"><strong><span style=\"color: #000000;\">OPERA\u00c7\u00c3O LAVA JATO\u00a0<\/span><\/strong><\/div>\n<\/div>\n<\/header>\n<div id=\"menu-content-overlay\"><span style=\"color: #000000;\">\u00a0<\/span><\/div>\n<\/div>\n<div class=\"row content-head\">\n<div class=\"column medium-centered medium-19 large-18\">\n<p class=\"content-head__title\"><span style=\"font-size: 24pt;\"><strong><span style=\"color: #000000;\">Pol\u00edcia Federal manda dela\u00e7\u00e3o do ex-ministro Antonio Palocci para valida\u00e7\u00e3o pelo TRF-4<\/span><\/strong><\/span><\/p>\n<\/div>\n<div class=\"column medium-centered medium-17 large-14 xlarge-16\">\n<p class=\"content-head__subtitle\"><span style=\"font-size: 14pt;\"><strong><span style=\"color: #000000;\">Homologa\u00e7\u00e3o caber\u00e1 ao desembargador Gebran Neto, relator da Opera\u00e7\u00e3o Lava Jato no Tribunal Regional Federal da 4\u00aa Regi\u00e3o. Palocci foi condenado a 12 anos de pris\u00e3o por corrup\u00e7\u00e3o.<\/span><\/strong><\/span><\/p>\n<p class=\"content-publication-data__from\"><span style=\"color: #000000; font-size: 14pt;\">Por Camila Bomfim, Da TV Globo, Bras\u00edlia<\/span><\/p>\n<p class=\"content-publication-data__updated\"><span style=\"color: #000000; font-size: 14pt;\"><time datetime=\"2018-04-30T23:52:55.044Z\">30\/04\/2018 20h52\u00a0<\/time><span class=\"content-publication-data__updated-relative\">\u00a0<time datetime=\"2018-04-30T23:56:47.750Z\">Atualizado h\u00e1 30 minutos<\/time><\/span><\/span><\/p>\n<\/div>\n<\/div>\n<div class=\"row content-share-bar\">\n<div class=\"column medium-centered medium-22 large-20 content-share-bar__container\">\n<div id=\"share-bar\" class=\"share-bar share-bar-container share-theme-minimal share-bar-container share-theme-minimal\" data-url=\"https:\/\/g1.globo.com\/politica\/operacao-lava-jato\/noticia\/policia-federal-manda-delacao-do-ex-ministro-antonio-palocci-para-validacao-pelo-trf-4.ghtml\" data-title=\"Pol\u00edcia Federal manda dela\u00e7\u00e3o do ex-ministro Antonio Palocci para valida\u00e7\u00e3o pelo TRF-4 \" data-image-url=\"https:\/\/s2.glbimg.com\/5DVdmmx5FDoStc3XxVVkpEsaai4=\/1200x\/smart\/filters:cover():strip_icc()\/s.glbimg.com\/jo\/g1\/f\/original\/2017\/04\/18\/antonio-palocci-pt-rodolfo-buhrer-reuters.jpg\">\n<div class=\"share-button share-facebook share-small\">\n<div class=\"svg-size\"><span style=\"color: #000000;\">\u00a0<\/span><\/div>\n<div>\n<div class=\"mc-column content-text active-extra-styles active-capital-letter\" data-block-type=\"unstyled\" data-block-weight=\"23\" data-block-id=\"2\">\n<p class=\"content-text__container theme-color-primary-first-letter\" data-track-category=\"Link no Texto\" data-track-links=\"\"><span style=\"font-size: 14pt;\"><em><span style=\"color: #000000;\">A Pol\u00edcia Federal enviou o\u00a0acordo de dela\u00e7\u00e3o premiada\u00a0do ex-ministro\u00a0Ant\u00f4nio Palocci\u00a0para homologa\u00e7\u00e3o no Tribunal Regional Federal da 4\u00aa Regi\u00e3o (TRF-4).<\/span><\/em><\/span><\/p>\n<\/div>\n<div class=\"mc-column content-text active-extra-styles \" data-block-type=\"unstyled\" data-block-weight=\"45\" data-block-id=\"3\">\n<p class=\"content-text__container \" data-track-category=\"Link no Texto\" data-track-links=\"\"><span style=\"color: #000000; font-size: 14pt;\">A TV Globo apurou que a valida\u00e7\u00e3o da dela\u00e7\u00e3o caber\u00e1 ao desembargador Jo\u00e3o Pedro Gebran Neto, relator da Opera\u00e7\u00e3o Lava Jato no TRF-4, tribunal da segunda inst\u00e2ncia da Justi\u00e7a Federal no qual Palocci ingressou com apela\u00e7\u00f5es, ou seja, questionamentos, sobre os processos aos quais responde.<\/span><\/p>\n<\/div>\n<div class=\"mc-column content-text active-extra-styles \" data-block-type=\"unstyled\" data-block-weight=\"38\" data-block-id=\"4\">\n<p class=\"content-text__container \" data-track-category=\"Link no Texto\" data-track-links=\"\"><span style=\"color: #000000; font-size: 14pt;\">Palocci est\u00e1 preso desde setembro de 2016. Ele \u00e9 r\u00e9u acusado de participar de um esquema de corrup\u00e7\u00e3o envolvendo a empreiteira Odebrecht e contratos de sondas com a Petrobras. Nesse processo, foi\u00a0condenado a 12 anos de pris\u00e3o.<\/span><\/p>\n<\/div>\n<div class=\"mc-column content-text active-extra-styles \" data-block-type=\"unstyled\" data-block-weight=\"26\" data-block-id=\"5\">\n<p class=\"content-text__container \" data-track-category=\"Link no Texto\" data-track-links=\"\"><span style=\"color: #000000; font-size: 14pt;\">A PF fechou a dela\u00e7\u00e3o com o ex-ministro, que entregou pessoas sem foro privilegiado (direito de ser processado somente no Supremo Tribunal Federal) na Lava Jato.<\/span><\/p>\n<\/div>\n<div class=\"mc-column content-text active-extra-styles \" data-block-type=\"unstyled\" data-block-weight=\"35\" data-block-id=\"6\">\n<p class=\"content-text__container \" data-track-category=\"Link no Texto\" data-track-links=\"\"><span style=\"color: #000000; font-size: 14pt;\">Investigadores informaram que os depoimentos foram enviados sem pedido de redu\u00e7\u00e3o de pena. A TV Globo apurou que a Pol\u00edcia Federal deixar\u00e1 a eventual concess\u00e3o do benef\u00edcio de redu\u00e7\u00e3o da pena a crit\u00e9rio do Judici\u00e1rio.<\/span><\/p>\n<\/div>\n<div data-track-category=\"fim do conteudo\" data-track-action=\"ultimo chunk conteudo\" data-track-noninteraction=\"false\" data-track-scroll=\"entrada completa viewport\">\n<div class=\"mc-column content-text active-extra-styles \" data-block-type=\"unstyled\" data-block-weight=\"23\" data-block-id=\"7\">\n<p class=\"content-text__container \" data-track-category=\"Link no Texto\" data-track-links=\"\"><span style=\"color: #000000; font-size: 14pt;\">Ao pedir a homologa\u00e7\u00e3o, a PF informou ao TRF que quer usar os depoimentos para aprofundar investiga\u00e7\u00f5es que envolvem fatos deletados pelo ex-ministro.<\/span><\/p>\n<p data-track-category=\"Link no Texto\" data-track-links=\"\"><span style=\"font-family: georgia, palatino, serif; font-size: 18pt; color: #000000;\">A mat\u00e9ria original pode ser lida <span style=\"color: #0000ff;\"><em><strong><a style=\"color: #0000ff;\" href=\"https:\/\/g1.globo.com\/politica\/operacao-lava-jato\/noticia\/policia-federal-manda-delacao-do-ex-ministro-antonio-palocci-para-validacao-pelo-trf-4.ghtml\">aqui<\/a><\/strong><\/em><\/span>.<\/span><\/p>\n<p data-track-category=\"Link no Texto\" data-track-links=\"\"><img data-recalc-dims=\"1\" fetchpriority=\"high\" decoding=\"async\" data-attachment-id=\"12326\" data-permalink=\"https:\/\/gersonguelmann.com.br\/blog\/suores-noturnos-calafrios-e-insonia-delacao-de-palocci-sera-validada-pelo-trf-4\/insomnia\/\" data-orig-file=\"https:\/\/i0.wp.com\/gersonguelmann.com.br\/blog\/wp-content\/uploads\/2018\/04\/Insomnia.jpg?fit=1024%2C793&amp;ssl=1\" data-orig-size=\"1024,793\" data-comments-opened=\"1\" data-image-meta=\"{&quot;aperture&quot;:&quot;0&quot;,&quot;credit&quot;:&quot;&quot;,&quot;camera&quot;:&quot;&quot;,&quot;caption&quot;:&quot;&quot;,&quot;created_timestamp&quot;:&quot;0&quot;,&quot;copyright&quot;:&quot;&quot;,&quot;focal_length&quot;:&quot;0&quot;,&quot;iso&quot;:&quot;0&quot;,&quot;shutter_speed&quot;:&quot;0&quot;,&quot;title&quot;:&quot;&quot;,&quot;orientation&quot;:&quot;1&quot;}\" data-image-title=\"Insomnia\" data-image-description=\"\" data-image-caption=\"\" data-medium-file=\"https:\/\/i0.wp.com\/gersonguelmann.com.br\/blog\/wp-content\/uploads\/2018\/04\/Insomnia.jpg?fit=300%2C232&amp;ssl=1\" data-large-file=\"https:\/\/i0.wp.com\/gersonguelmann.com.br\/blog\/wp-content\/uploads\/2018\/04\/Insomnia.jpg?fit=640%2C496&amp;ssl=1\" class=\"size-medium wp-image-12326 aligncenter\" src=\"https:\/\/i0.wp.com\/gersonguelmann.com.br\/blog\/wp-content\/uploads\/2018\/04\/Insomnia.jpg?resize=300%2C232&#038;ssl=1\" alt=\"\" width=\"300\" height=\"232\" srcset=\"https:\/\/i0.wp.com\/gersonguelmann.com.br\/blog\/wp-content\/uploads\/2018\/04\/Insomnia.jpg?resize=300%2C232&amp;ssl=1 300w, https:\/\/i0.wp.com\/gersonguelmann.com.br\/blog\/wp-content\/uploads\/2018\/04\/Insomnia.jpg?resize=768%2C595&amp;ssl=1 768w, https:\/\/i0.wp.com\/gersonguelmann.com.br\/blog\/wp-content\/uploads\/2018\/04\/Insomnia.jpg?w=1024&amp;ssl=1 1024w\" sizes=\"(max-width: 300px) 100vw, 300px\" \/><\/p>\n<\/div>\n<\/div>\n<\/div>\n<\/div>\n<\/div>\n<\/div>\n<\/div>\n<div class=\"mc-column\">\n<div class=\"content-publication-data\">\n<p class=\"content-publication-data__updated\">\n<\/div>\n<\/div>\n","protected":false},"excerpt":{"rendered":"<p>Mat\u00e9ria do G1, de agora h\u00e1 pouco: &nbsp; OPERA\u00c7\u00c3O LAVA JATO\u00a0 \u00a0 Pol\u00edcia Federal manda dela\u00e7\u00e3o do ex-ministro Antonio Palocci para valida\u00e7\u00e3o pelo TRF-4 Homologa\u00e7\u00e3o caber\u00e1 ao desembargador Gebran Neto, relator da Opera\u00e7\u00e3o Lava Jato no Tribunal Regional Federal da 4\u00aa Regi\u00e3o. Palocci foi condenado a 12 anos de pris\u00e3o por corrup\u00e7\u00e3o. Por Camila Bomfim, [&hellip;]<\/p>\n","protected":false},"author":5,"featured_media":12326,"comment_status":"open","ping_status":"open","sticky":false,"template":"","format":"standard","meta":{"_acf_changed":false,"jetpack_post_was_ever_published":false,"_jetpack_newsletter_access":"","_jetpack_dont_email_post_to_subs":false,"_jetpack_newsletter_tier_id":0,"_jetpack_memberships_contains_paywalled_content":false,"_jetpack_memberships_contains_paid_content":false,"footnotes":"","jetpack_publicize_message":"","jetpack_publicize_feature_enabled":true,"jetpack_social_post_already_shared":true,"jetpack_social_options":{"image_generator_settings":{"template":"highway","default_image_id":0,"font":"","enabled":false},"version":2}},"categories":[1],"tags":[],"class_list":["post-12325","post","type-post","status-publish","format-standard","has-post-thumbnail","hentry","category-sem-categoria"],"acf":[],"yoast_head":"<!-- This site is optimized with the Yoast SEO plugin v27.3 - https:\/\/yoast.com\/product\/yoast-seo-wordpress\/ -->\n<title>Suores Noturnos, Calafrios e Ins\u00f4nia: Dela\u00e7\u00e3o de Palocci Ser\u00e1 Validada pelo TRF-4 | Blog do Guelmann<\/title>\n<meta name=\"robots\" content=\"index, follow, max-snippet:-1, max-image-preview:large, max-video-preview:-1\" \/>\n<link rel=\"canonical\" href=\"https:\/\/gersonguelmann.com.br\/blog\/suores-noturnos-calafrios-e-insonia-delacao-de-palocci-sera-validada-pelo-trf-4\/\" \/>\n<meta property=\"og:locale\" content=\"pt_BR\" \/>\n<meta property=\"og:type\" content=\"article\" \/>\n<meta property=\"og:title\" content=\"Suores Noturnos, Calafrios e Ins\u00f4nia: Dela\u00e7\u00e3o de Palocci Ser\u00e1 Validada pelo TRF-4 | Blog do Guelmann\" \/>\n<meta property=\"og:description\" content=\"Mat\u00e9ria do G1, de agora h\u00e1 pouco: &nbsp; OPERA\u00c7\u00c3O LAVA JATO\u00a0 \u00a0 Pol\u00edcia Federal manda dela\u00e7\u00e3o do ex-ministro Antonio Palocci para valida\u00e7\u00e3o pelo TRF-4 Homologa\u00e7\u00e3o caber\u00e1 ao desembargador Gebran Neto, relator da Opera\u00e7\u00e3o Lava Jato no Tribunal Regional Federal da 4\u00aa Regi\u00e3o. Palocci foi condenado a 12 anos de pris\u00e3o por corrup\u00e7\u00e3o. Por Camila Bomfim, [&hellip;]\" \/>\n<meta property=\"og:url\" content=\"https:\/\/gersonguelmann.com.br\/blog\/suores-noturnos-calafrios-e-insonia-delacao-de-palocci-sera-validada-pelo-trf-4\/\" \/>\n<meta property=\"og:site_name\" content=\"Blog do Guelmann\" \/>\n<meta property=\"article:published_time\" content=\"2018-05-01T00:52:06+00:00\" \/>\n<meta property=\"og:image\" content=\"https:\/\/i0.wp.com\/gersonguelmann.com.br\/blog\/wp-content\/uploads\/2018\/04\/Insomnia.jpg?fit=1024%2C793&ssl=1\" \/>\n\t<meta property=\"og:image:width\" content=\"1024\" \/>\n\t<meta property=\"og:image:height\" content=\"793\" \/>\n\t<meta property=\"og:image:type\" content=\"image\/jpeg\" \/>\n<meta name=\"author\" content=\"Gerson Guelmann\" \/>\n<meta name=\"twitter:card\" content=\"summary_large_image\" \/>\n<meta name=\"twitter:label1\" content=\"Escrito por\" \/>\n\t<meta name=\"twitter:data1\" content=\"Gerson Guelmann\" \/>\n\t<meta name=\"twitter:label2\" content=\"Est. tempo de leitura\" \/>\n\t<meta name=\"twitter:data2\" content=\"1 minuto\" \/>\n<script type=\"application\/ld+json\" class=\"yoast-schema-graph\">{\"@context\":\"https:\\\/\\\/schema.org\",\"@graph\":[{\"@type\":\"Article\",\"@id\":\"https:\\\/\\\/gersonguelmann.com.br\\\/blog\\\/suores-noturnos-calafrios-e-insonia-delacao-de-palocci-sera-validada-pelo-trf-4\\\/#article\",\"isPartOf\":{\"@id\":\"https:\\\/\\\/gersonguelmann.com.br\\\/blog\\\/suores-noturnos-calafrios-e-insonia-delacao-de-palocci-sera-validada-pelo-trf-4\\\/\"},\"author\":{\"name\":\"Gerson Guelmann\",\"@id\":\"https:\\\/\\\/gersonguelmann.com.br\\\/blog\\\/#\\\/schema\\\/person\\\/87e70e2a786888082f941a482c90569e\"},\"headline\":\"Suores Noturnos, Calafrios e Ins\u00f4nia: Dela\u00e7\u00e3o de Palocci Ser\u00e1 Validada pelo TRF-4\",\"datePublished\":\"2018-05-01T00:52:06+00:00\",\"mainEntityOfPage\":{\"@id\":\"https:\\\/\\\/gersonguelmann.com.br\\\/blog\\\/suores-noturnos-calafrios-e-insonia-delacao-de-palocci-sera-validada-pelo-trf-4\\\/\"},\"wordCount\":304,\"commentCount\":0,\"image\":{\"@id\":\"https:\\\/\\\/gersonguelmann.com.br\\\/blog\\\/suores-noturnos-calafrios-e-insonia-delacao-de-palocci-sera-validada-pelo-trf-4\\\/#primaryimage\"},\"thumbnailUrl\":\"https:\\\/\\\/i0.wp.com\\\/gersonguelmann.com.br\\\/blog\\\/wp-content\\\/uploads\\\/2018\\\/04\\\/Insomnia.jpg?fit=1024%2C793&ssl=1\",\"inLanguage\":\"pt-BR\",\"potentialAction\":[{\"@type\":\"CommentAction\",\"name\":\"Comment\",\"target\":[\"https:\\\/\\\/gersonguelmann.com.br\\\/blog\\\/suores-noturnos-calafrios-e-insonia-delacao-de-palocci-sera-validada-pelo-trf-4\\\/#respond\"]}]},{\"@type\":\"WebPage\",\"@id\":\"https:\\\/\\\/gersonguelmann.com.br\\\/blog\\\/suores-noturnos-calafrios-e-insonia-delacao-de-palocci-sera-validada-pelo-trf-4\\\/\",\"url\":\"https:\\\/\\\/gersonguelmann.com.br\\\/blog\\\/suores-noturnos-calafrios-e-insonia-delacao-de-palocci-sera-validada-pelo-trf-4\\\/\",\"name\":\"Suores Noturnos, Calafrios e Ins\u00f4nia: Dela\u00e7\u00e3o de Palocci Ser\u00e1 Validada pelo TRF-4 | Blog do Guelmann\",\"isPartOf\":{\"@id\":\"https:\\\/\\\/gersonguelmann.com.br\\\/blog\\\/#website\"},\"primaryImageOfPage\":{\"@id\":\"https:\\\/\\\/gersonguelmann.com.br\\\/blog\\\/suores-noturnos-calafrios-e-insonia-delacao-de-palocci-sera-validada-pelo-trf-4\\\/#primaryimage\"},\"image\":{\"@id\":\"https:\\\/\\\/gersonguelmann.com.br\\\/blog\\\/suores-noturnos-calafrios-e-insonia-delacao-de-palocci-sera-validada-pelo-trf-4\\\/#primaryimage\"},\"thumbnailUrl\":\"https:\\\/\\\/i0.wp.com\\\/gersonguelmann.com.br\\\/blog\\\/wp-content\\\/uploads\\\/2018\\\/04\\\/Insomnia.jpg?fit=1024%2C793&ssl=1\",\"datePublished\":\"2018-05-01T00:52:06+00:00\",\"author\":{\"@id\":\"https:\\\/\\\/gersonguelmann.com.br\\\/blog\\\/#\\\/schema\\\/person\\\/87e70e2a786888082f941a482c90569e\"},\"inLanguage\":\"pt-BR\",\"potentialAction\":[{\"@type\":\"ReadAction\",\"target\":[\"https:\\\/\\\/gersonguelmann.com.br\\\/blog\\\/suores-noturnos-calafrios-e-insonia-delacao-de-palocci-sera-validada-pelo-trf-4\\\/\"]}]},{\"@type\":\"ImageObject\",\"inLanguage\":\"pt-BR\",\"@id\":\"https:\\\/\\\/gersonguelmann.com.br\\\/blog\\\/suores-noturnos-calafrios-e-insonia-delacao-de-palocci-sera-validada-pelo-trf-4\\\/#primaryimage\",\"url\":\"https:\\\/\\\/i0.wp.com\\\/gersonguelmann.com.br\\\/blog\\\/wp-content\\\/uploads\\\/2018\\\/04\\\/Insomnia.jpg?fit=1024%2C793&ssl=1\",\"contentUrl\":\"https:\\\/\\\/i0.wp.com\\\/gersonguelmann.com.br\\\/blog\\\/wp-content\\\/uploads\\\/2018\\\/04\\\/Insomnia.jpg?fit=1024%2C793&ssl=1\",\"width\":1024,\"height\":793},{\"@type\":\"WebSite\",\"@id\":\"https:\\\/\\\/gersonguelmann.com.br\\\/blog\\\/#website\",\"url\":\"https:\\\/\\\/gersonguelmann.com.br\\\/blog\\\/\",\"name\":\"Blog do Guelmann\",\"description\":\"Pitadas da sabedoria e do humor judaicos, assuntos do momento e um pouco das hist\u00f3rias que vivi e testemunhei.\",\"potentialAction\":[{\"@type\":\"SearchAction\",\"target\":{\"@type\":\"EntryPoint\",\"urlTemplate\":\"https:\\\/\\\/gersonguelmann.com.br\\\/blog\\\/?s={search_term_string}\"},\"query-input\":{\"@type\":\"PropertyValueSpecification\",\"valueRequired\":true,\"valueName\":\"search_term_string\"}}],\"inLanguage\":\"pt-BR\"},{\"@type\":\"Person\",\"@id\":\"https:\\\/\\\/gersonguelmann.com.br\\\/blog\\\/#\\\/schema\\\/person\\\/87e70e2a786888082f941a482c90569e\",\"name\":\"Gerson Guelmann\",\"image\":{\"@type\":\"ImageObject\",\"inLanguage\":\"pt-BR\",\"@id\":\"https:\\\/\\\/i0.wp.com\\\/gersonguelmann.com.br\\\/blog\\\/wp-content\\\/uploads\\\/2021\\\/08\\\/BLOG.jpeg?fit=96%2C96&ssl=1\",\"url\":\"https:\\\/\\\/i0.wp.com\\\/gersonguelmann.com.br\\\/blog\\\/wp-content\\\/uploads\\\/2021\\\/08\\\/BLOG.jpeg?fit=96%2C96&ssl=1\",\"contentUrl\":\"https:\\\/\\\/i0.wp.com\\\/gersonguelmann.com.br\\\/blog\\\/wp-content\\\/uploads\\\/2021\\\/08\\\/BLOG.jpeg?fit=96%2C96&ssl=1\",\"caption\":\"Gerson Guelmann\"},\"description\":\"Pitadas da sabedoria e do humor judaicos, assuntos do momento e um pouco das hist\u00f3rias que vivi e testemunhei.\"}]}<\/script>\n<!-- \/ Yoast SEO plugin. -->","yoast_head_json":{"title":"Suores Noturnos, Calafrios e Ins\u00f4nia: Dela\u00e7\u00e3o de Palocci Ser\u00e1 Validada pelo TRF-4 | Blog do Guelmann","robots":{"index":"index","follow":"follow","max-snippet":"max-snippet:-1","max-image-preview":"max-image-preview:large","max-video-preview":"max-video-preview:-1"},"canonical":"https:\/\/gersonguelmann.com.br\/blog\/suores-noturnos-calafrios-e-insonia-delacao-de-palocci-sera-validada-pelo-trf-4\/","og_locale":"pt_BR","og_type":"article","og_title":"Suores Noturnos, Calafrios e Ins\u00f4nia: Dela\u00e7\u00e3o de Palocci Ser\u00e1 Validada pelo TRF-4 | Blog do Guelmann","og_description":"Mat\u00e9ria do G1, de agora h\u00e1 pouco: &nbsp; OPERA\u00c7\u00c3O LAVA JATO\u00a0 \u00a0 Pol\u00edcia Federal manda dela\u00e7\u00e3o do ex-ministro Antonio Palocci para valida\u00e7\u00e3o pelo TRF-4 Homologa\u00e7\u00e3o caber\u00e1 ao desembargador Gebran Neto, relator da Opera\u00e7\u00e3o Lava Jato no Tribunal Regional Federal da 4\u00aa Regi\u00e3o. Palocci foi condenado a 12 anos de pris\u00e3o por corrup\u00e7\u00e3o. Por Camila Bomfim, [&hellip;]","og_url":"https:\/\/gersonguelmann.com.br\/blog\/suores-noturnos-calafrios-e-insonia-delacao-de-palocci-sera-validada-pelo-trf-4\/","og_site_name":"Blog do Guelmann","article_published_time":"2018-05-01T00:52:06+00:00","og_image":[{"width":1024,"height":793,"url":"https:\/\/i0.wp.com\/gersonguelmann.com.br\/blog\/wp-content\/uploads\/2018\/04\/Insomnia.jpg?fit=1024%2C793&ssl=1","type":"image\/jpeg"}],"author":"Gerson Guelmann","twitter_card":"summary_large_image","twitter_misc":{"Escrito por":"Gerson Guelmann","Est. tempo de leitura":"1 minuto"},"schema":{"@context":"https:\/\/schema.org","@graph":[{"@type":"Article","@id":"https:\/\/gersonguelmann.com.br\/blog\/suores-noturnos-calafrios-e-insonia-delacao-de-palocci-sera-validada-pelo-trf-4\/#article","isPartOf":{"@id":"https:\/\/gersonguelmann.com.br\/blog\/suores-noturnos-calafrios-e-insonia-delacao-de-palocci-sera-validada-pelo-trf-4\/"},"author":{"name":"Gerson Guelmann","@id":"https:\/\/gersonguelmann.com.br\/blog\/#\/schema\/person\/87e70e2a786888082f941a482c90569e"},"headline":"Suores Noturnos, Calafrios e Ins\u00f4nia: Dela\u00e7\u00e3o de Palocci Ser\u00e1 Validada pelo TRF-4","datePublished":"2018-05-01T00:52:06+00:00","mainEntityOfPage":{"@id":"https:\/\/gersonguelmann.com.br\/blog\/suores-noturnos-calafrios-e-insonia-delacao-de-palocci-sera-validada-pelo-trf-4\/"},"wordCount":304,"commentCount":0,"image":{"@id":"https:\/\/gersonguelmann.com.br\/blog\/suores-noturnos-calafrios-e-insonia-delacao-de-palocci-sera-validada-pelo-trf-4\/#primaryimage"},"thumbnailUrl":"https:\/\/i0.wp.com\/gersonguelmann.com.br\/blog\/wp-content\/uploads\/2018\/04\/Insomnia.jpg?fit=1024%2C793&ssl=1","inLanguage":"pt-BR","potentialAction":[{"@type":"CommentAction","name":"Comment","target":["https:\/\/gersonguelmann.com.br\/blog\/suores-noturnos-calafrios-e-insonia-delacao-de-palocci-sera-validada-pelo-trf-4\/#respond"]}]},{"@type":"WebPage","@id":"https:\/\/gersonguelmann.com.br\/blog\/suores-noturnos-calafrios-e-insonia-delacao-de-palocci-sera-validada-pelo-trf-4\/","url":"https:\/\/gersonguelmann.com.br\/blog\/suores-noturnos-calafrios-e-insonia-delacao-de-palocci-sera-validada-pelo-trf-4\/","name":"Suores Noturnos, Calafrios e Ins\u00f4nia: Dela\u00e7\u00e3o de Palocci Ser\u00e1 Validada pelo TRF-4 | Blog do Guelmann","isPartOf":{"@id":"https:\/\/gersonguelmann.com.br\/blog\/#website"},"primaryImageOfPage":{"@id":"https:\/\/gersonguelmann.com.br\/blog\/suores-noturnos-calafrios-e-insonia-delacao-de-palocci-sera-validada-pelo-trf-4\/#primaryimage"},"image":{"@id":"https:\/\/gersonguelmann.com.br\/blog\/suores-noturnos-calafrios-e-insonia-delacao-de-palocci-sera-validada-pelo-trf-4\/#primaryimage"},"thumbnailUrl":"https:\/\/i0.wp.com\/gersonguelmann.com.br\/blog\/wp-content\/uploads\/2018\/04\/Insomnia.jpg?fit=1024%2C793&ssl=1","datePublished":"2018-05-01T00:52:06+00:00","author":{"@id":"https:\/\/gersonguelmann.com.br\/blog\/#\/schema\/person\/87e70e2a786888082f941a482c90569e"},"inLanguage":"pt-BR","potentialAction":[{"@type":"ReadAction","target":["https:\/\/gersonguelmann.com.br\/blog\/suores-noturnos-calafrios-e-insonia-delacao-de-palocci-sera-validada-pelo-trf-4\/"]}]},{"@type":"ImageObject","inLanguage":"pt-BR","@id":"https:\/\/gersonguelmann.com.br\/blog\/suores-noturnos-calafrios-e-insonia-delacao-de-palocci-sera-validada-pelo-trf-4\/#primaryimage","url":"https:\/\/i0.wp.com\/gersonguelmann.com.br\/blog\/wp-content\/uploads\/2018\/04\/Insomnia.jpg?fit=1024%2C793&ssl=1","contentUrl":"https:\/\/i0.wp.com\/gersonguelmann.com.br\/blog\/wp-content\/uploads\/2018\/04\/Insomnia.jpg?fit=1024%2C793&ssl=1","width":1024,"height":793},{"@type":"WebSite","@id":"https:\/\/gersonguelmann.com.br\/blog\/#website","url":"https:\/\/gersonguelmann.com.br\/blog\/","name":"Blog do Guelmann","description":"Pitadas da sabedoria e do humor judaicos, assuntos do momento e um pouco das hist\u00f3rias que vivi e testemunhei.","potentialAction":[{"@type":"SearchAction","target":{"@type":"EntryPoint","urlTemplate":"https:\/\/gersonguelmann.com.br\/blog\/?s={search_term_string}"},"query-input":{"@type":"PropertyValueSpecification","valueRequired":true,"valueName":"search_term_string"}}],"inLanguage":"pt-BR"},{"@type":"Person","@id":"https:\/\/gersonguelmann.com.br\/blog\/#\/schema\/person\/87e70e2a786888082f941a482c90569e","name":"Gerson Guelmann","image":{"@type":"ImageObject","inLanguage":"pt-BR","@id":"https:\/\/i0.wp.com\/gersonguelmann.com.br\/blog\/wp-content\/uploads\/2021\/08\/BLOG.jpeg?fit=96%2C96&ssl=1","url":"https:\/\/i0.wp.com\/gersonguelmann.com.br\/blog\/wp-content\/uploads\/2021\/08\/BLOG.jpeg?fit=96%2C96&ssl=1","contentUrl":"https:\/\/i0.wp.com\/gersonguelmann.com.br\/blog\/wp-content\/uploads\/2021\/08\/BLOG.jpeg?fit=96%2C96&ssl=1","caption":"Gerson Guelmann"},"description":"Pitadas da sabedoria e do humor judaicos, assuntos do momento e um pouco das hist\u00f3rias que vivi e testemunhei."}]}},"views":63,"jetpack_publicize_connections":[],"jetpack_featured_media_url":"https:\/\/i0.wp.com\/gersonguelmann.com.br\/blog\/wp-content\/uploads\/2018\/04\/Insomnia.jpg?fit=1024%2C793&ssl=1","jetpack_shortlink":"https:\/\/wp.me\/p96e7O-3cN","jetpack-related-posts":[{"id":14231,"url":"https:\/\/gersonguelmann.com.br\/blog\/delacao-de-palocci-acaba-de-ser-homologada\/","url_meta":{"origin":12325,"position":0},"title":"Dela\u00e7\u00e3o de Palocci Acaba de Ser Homologada","author":"Gerson Guelmann","date":"22 de junho de 2018","format":false,"excerpt":"O site O Antagonista acaba de publicar: URGENTE: DELA\u00c7\u00c3O DE PALOCCI \u00c9 HOMOLOGADA Brasil -\u00a022.06.18 - 17:08 O desembargador Jo\u00e3o Pedro Gebran Neto, relator da Lava Jato no TRF-4, homologou a dela\u00e7\u00e3o premiada\u00a0de Antonio Palocci, informa Bela Megale em O Globo. O ex-ministro da Fazenda e da Casa Civil dos\u2026","rel":"","context":"Em &quot;Sem categoria&quot;","block_context":{"text":"Sem categoria","link":"https:\/\/gersonguelmann.com.br\/blog\/category\/sem-categoria\/"},"img":{"alt_text":"","src":"https:\/\/i0.wp.com\/gersonguelmann.com.br\/blog\/wp-content\/uploads\/2018\/06\/Palocci.jpg?fit=652%2C408&ssl=1&resize=350%2C200","width":350,"height":200,"srcset":"https:\/\/i0.wp.com\/gersonguelmann.com.br\/blog\/wp-content\/uploads\/2018\/06\/Palocci.jpg?fit=652%2C408&ssl=1&resize=350%2C200 1x, https:\/\/i0.wp.com\/gersonguelmann.com.br\/blog\/wp-content\/uploads\/2018\/06\/Palocci.jpg?fit=652%2C408&ssl=1&resize=525%2C300 1.5x"},"classes":[]},{"id":12144,"url":"https:\/\/gersonguelmann.com.br\/blog\/palocci-assediado-na-cadeia-apos-delacao-charge-de-humor\/","url_meta":{"origin":12325,"position":1},"title":"Palocci Assediado Na Cadeia, Ap\u00f3s Dela\u00e7\u00e3o (Charge de Humor)","author":"Gerson Guelmann","date":"27 de abril de 2018","format":false,"excerpt":"\u00d3tima charge do site\u00a0https:\/\/charges.uol.com.br. https:\/\/www.youtube.com\/watch?v=SbbMBnjZgQQ&feature=youtu.be \u00a0","rel":"","context":"Em &quot;Sem categoria&quot;","block_context":{"text":"Sem categoria","link":"https:\/\/gersonguelmann.com.br\/blog\/category\/sem-categoria\/"},"img":{"alt_text":"","src":"https:\/\/i0.wp.com\/gersonguelmann.com.br\/blog\/wp-content\/uploads\/2018\/04\/lula-palocci.jpg?fit=630%2C420&ssl=1&resize=350%2C200","width":350,"height":200,"srcset":"https:\/\/i0.wp.com\/gersonguelmann.com.br\/blog\/wp-content\/uploads\/2018\/04\/lula-palocci.jpg?fit=630%2C420&ssl=1&resize=350%2C200 1x, https:\/\/i0.wp.com\/gersonguelmann.com.br\/blog\/wp-content\/uploads\/2018\/04\/lula-palocci.jpg?fit=630%2C420&ssl=1&resize=525%2C300 1.5x"},"classes":[]},{"id":13317,"url":"https:\/\/gersonguelmann.com.br\/blog\/delacao-de-palocci-afundara-o-pt\/","url_meta":{"origin":12325,"position":2},"title":"Dela\u00e7\u00e3o de Palocci Afundar\u00e1 o PT","author":"Gerson Guelmann","date":"25 de maio de 2018","format":false,"excerpt":"Da Isto\u00c9, publicada h\u00e1 pouco: BRASIL Palocci afunda o PT Revela\u00e7\u00f5es do ex-ministro Ant\u00f4nio Palocci, feitas em sua dela\u00e7\u00e3o premiada, explodem uma nova bomba no PT e aniquilam os ex-presidentes Lula e Dilma, al\u00e9m de Gleisi Hoffmann. Ele revela em detalhes a trilha do dinheiro da propina at\u00e9 os petistas\u2026","rel":"","context":"Em &quot;Sem categoria&quot;","block_context":{"text":"Sem categoria","link":"https:\/\/gersonguelmann.com.br\/blog\/category\/sem-categoria\/"},"img":{"alt_text":"","src":"https:\/\/i0.wp.com\/gersonguelmann.com.br\/blog\/wp-content\/uploads\/2018\/05\/1-14.jpg?fit=418%2C235&ssl=1&resize=350%2C200","width":350,"height":200},"classes":[]},{"id":11285,"url":"https:\/\/gersonguelmann.com.br\/blog\/em-curitiba-pf-prepara-cela-para-receber-lula\/","url_meta":{"origin":12325,"position":3},"title":"Em Curitiba PF Prepara Cela Para Receber Lula","author":"Gerson Guelmann","date":"5 de abril de 2018","format":false,"excerpt":"PF prepara cela exclusiva para receber Lula em Curitiba Ideia \u00e9 manter ex-presidente afastado de outros presos, como Palocci e L\u00e9o Pinheiro BRAS\u00cdLIA \u2014 Com a chance do ex-presidente Luiz In\u00e1cio\u00a0Lula\u00a0da Silva ser preso potencializada pela decis\u00e3o do Supremo Tribunal Federal (STF), que negou o\u00a0habeas corpus\u00a0preventivo pedido pela defesa do\u2026","rel":"","context":"Em &quot;Sem categoria&quot;","block_context":{"text":"Sem categoria","link":"https:\/\/gersonguelmann.com.br\/blog\/category\/sem-categoria\/"},"img":{"alt_text":"","src":"https:\/\/i0.wp.com\/gersonguelmann.com.br\/blog\/wp-content\/uploads\/2018\/04\/PF-300x168.jpg?resize=350%2C200&ssl=1","width":350,"height":200},"classes":[]},{"id":17647,"url":"https:\/\/gersonguelmann.com.br\/blog\/operacao-salva-vidas-da-globo-envolveu-palocci-dilma-e-lula\/","url_meta":{"origin":12325,"position":4},"title":"Opera\u00e7\u00e3o Salva-Vidas da Globo Envolveu Palocci, Dilma e Lula","author":"Gerson Guelmann","date":"23 de julho de 2019","format":false,"excerpt":"Todos sabem que o falecido jornalista Paulo Henrique Amorim nutria, na mesma medida, repulsa pela antiga empregadora, a Rede Globo, e simpatia pelo PT. Quando trabalhava na Rede Record, de onde tamb\u00e9m acabou sendo demitido, fez mat\u00e9ria para o programa Domingo Espetacular, onde relatou conversa com a ex-Presidente Dilma sobre\u2026","rel":"","context":"Em &quot;Sem categoria&quot;","block_context":{"text":"Sem categoria","link":"https:\/\/gersonguelmann.com.br\/blog\/category\/sem-categoria\/"},"img":{"alt_text":"","src":"https:\/\/i0.wp.com\/gersonguelmann.com.br\/blog\/wp-content\/uploads\/2019\/07\/salva-vidas.jpg?fit=960%2C640&ssl=1&resize=350%2C200","width":350,"height":200,"srcset":"https:\/\/i0.wp.com\/gersonguelmann.com.br\/blog\/wp-content\/uploads\/2019\/07\/salva-vidas.jpg?fit=960%2C640&ssl=1&resize=350%2C200 1x, https:\/\/i0.wp.com\/gersonguelmann.com.br\/blog\/wp-content\/uploads\/2019\/07\/salva-vidas.jpg?fit=960%2C640&ssl=1&resize=525%2C300 1.5x, https:\/\/i0.wp.com\/gersonguelmann.com.br\/blog\/wp-content\/uploads\/2019\/07\/salva-vidas.jpg?fit=960%2C640&ssl=1&resize=700%2C400 2x"},"classes":[]},{"id":14240,"url":"https:\/\/gersonguelmann.com.br\/blog\/urgente-ministro-fachin-cancelou-o-julgamento-do-pedido-de-lula\/","url_meta":{"origin":12325,"position":5},"title":"Urgente: Ministro Fachin Cancelou o Julgamento do Pedido de Lula","author":"Gerson Guelmann","date":"22 de junho de 2018","format":false,"excerpt":"D'O Antagonista, h\u00e1 poucos minutos: URGENTE: FACHIN CANCELA JULGAMENTO DE PEDIDO DE LULA Brasil -\u00a022.06.18 - 19:28 Ap\u00f3s a decis\u00e3o do TRF-4 de negar recurso de Lula ao STF, Edson Fachin cancelou o julgamento de pedido de Lula para ser solto, informa o rep\u00f3rter Daniel Adjuto, do SBT\u2026 A Segunda\u2026","rel":"","context":"Em &quot;Sem categoria&quot;","block_context":{"text":"Sem categoria","link":"https:\/\/gersonguelmann.com.br\/blog\/category\/sem-categoria\/"},"img":{"alt_text":"","src":"https:\/\/i0.wp.com\/gersonguelmann.com.br\/blog\/wp-content\/uploads\/2018\/06\/brasil-politica-stf-habeas-corpus-lula-20180322-0012.jpg?fit=1200%2C800&ssl=1&resize=350%2C200","width":350,"height":200,"srcset":"https:\/\/i0.wp.com\/gersonguelmann.com.br\/blog\/wp-content\/uploads\/2018\/06\/brasil-politica-stf-habeas-corpus-lula-20180322-0012.jpg?fit=1200%2C800&ssl=1&resize=350%2C200 1x, https:\/\/i0.wp.com\/gersonguelmann.com.br\/blog\/wp-content\/uploads\/2018\/06\/brasil-politica-stf-habeas-corpus-lula-20180322-0012.jpg?fit=1200%2C800&ssl=1&resize=525%2C300 1.5x, https:\/\/i0.wp.com\/gersonguelmann.com.br\/blog\/wp-content\/uploads\/2018\/06\/brasil-politica-stf-habeas-corpus-lula-20180322-0012.jpg?fit=1200%2C800&ssl=1&resize=700%2C400 2x, https:\/\/i0.wp.com\/gersonguelmann.com.br\/blog\/wp-content\/uploads\/2018\/06\/brasil-politica-stf-habeas-corpus-lula-20180322-0012.jpg?fit=1200%2C800&ssl=1&resize=1050%2C600 3x"},"classes":[]}],"jetpack_sharing_enabled":true,"post_mailing_queue_ids":[],"_links":{"self":[{"href":"https:\/\/gersonguelmann.com.br\/blog\/wp-json\/wp\/v2\/posts\/12325","targetHints":{"allow":["GET"]}}],"collection":[{"href":"https:\/\/gersonguelmann.com.br\/blog\/wp-json\/wp\/v2\/posts"}],"about":[{"href":"https:\/\/gersonguelmann.com.br\/blog\/wp-json\/wp\/v2\/types\/post"}],"author":[{"embeddable":true,"href":"https:\/\/gersonguelmann.com.br\/blog\/wp-json\/wp\/v2\/users\/5"}],"replies":[{"embeddable":true,"href":"https:\/\/gersonguelmann.com.br\/blog\/wp-json\/wp\/v2\/comments?post=12325"}],"version-history":[{"count":0,"href":"https:\/\/gersonguelmann.com.br\/blog\/wp-json\/wp\/v2\/posts\/12325\/revisions"}],"wp:featuredmedia":[{"embeddable":true,"href":"https:\/\/gersonguelmann.com.br\/blog\/wp-json\/wp\/v2\/media\/12326"}],"wp:attachment":[{"href":"https:\/\/gersonguelmann.com.br\/blog\/wp-json\/wp\/v2\/media?parent=12325"}],"wp:term":[{"taxonomy":"category","embeddable":true,"href":"https:\/\/gersonguelmann.com.br\/blog\/wp-json\/wp\/v2\/categories?post=12325"},{"taxonomy":"post_tag","embeddable":true,"href":"https:\/\/gersonguelmann.com.br\/blog\/wp-json\/wp\/v2\/tags?post=12325"}],"curies":[{"name":"wp","href":"https:\/\/api.w.org\/{rel}","templated":true}]}}