    {"id":12328,"date":"2018-04-30T22:24:04","date_gmt":"2018-05-01T01:24:04","guid":{"rendered":"https:\/\/gersonguelmann.com.br\/blog\/?p=12328"},"modified":"2018-04-30T22:24:04","modified_gmt":"2018-05-01T01:24:04","slug":"alimentos-que-combatem-o-refluxo","status":"publish","type":"post","link":"https:\/\/gersonguelmann.com.br\/blog\/alimentos-que-combatem-o-refluxo\/","title":{"rendered":"Alimentos Que Combatem o Refluxo"},"content":{"rendered":"<p style=\"text-align: center;\"><img data-recalc-dims=\"1\" fetchpriority=\"high\" decoding=\"async\" data-attachment-id=\"12329\" data-permalink=\"https:\/\/gersonguelmann.com.br\/blog\/alimentos-que-combatem-o-refluxo\/download-37\/\" data-orig-file=\"https:\/\/i0.wp.com\/gersonguelmann.com.br\/blog\/wp-content\/uploads\/2018\/04\/download-19.jpg?fit=300%2C168&amp;ssl=1\" data-orig-size=\"300,168\" data-comments-opened=\"1\" data-image-meta=\"{&quot;aperture&quot;:&quot;0&quot;,&quot;credit&quot;:&quot;&quot;,&quot;camera&quot;:&quot;&quot;,&quot;caption&quot;:&quot;&quot;,&quot;created_timestamp&quot;:&quot;0&quot;,&quot;copyright&quot;:&quot;&quot;,&quot;focal_length&quot;:&quot;0&quot;,&quot;iso&quot;:&quot;0&quot;,&quot;shutter_speed&quot;:&quot;0&quot;,&quot;title&quot;:&quot;&quot;,&quot;orientation&quot;:&quot;0&quot;}\" data-image-title=\"download\" data-image-description=\"\" data-image-caption=\"\" data-medium-file=\"https:\/\/i0.wp.com\/gersonguelmann.com.br\/blog\/wp-content\/uploads\/2018\/04\/download-19.jpg?fit=300%2C168&amp;ssl=1\" data-large-file=\"https:\/\/i0.wp.com\/gersonguelmann.com.br\/blog\/wp-content\/uploads\/2018\/04\/download-19.jpg?fit=300%2C168&amp;ssl=1\" class=\"size-medium wp-image-12329 aligncenter\" src=\"https:\/\/i0.wp.com\/gersonguelmann.com.br\/blog\/wp-content\/uploads\/2018\/04\/download-19.jpg?resize=300%2C168&#038;ssl=1\" alt=\"\" width=\"300\" height=\"168\" \/><span style=\"font-family: georgia, palatino, serif; color: #808080;\"><em><strong>Imagem: saudedica.com.br<\/strong><\/em><\/span><\/p>\n<p><span style=\"color: #000000; font-family: georgia, palatino, serif; font-size: 18pt;\">Boa mat\u00e9ria publicada no site <em>iBahia<\/em>, com orienta\u00e7\u00f5es pr\u00e1ticas sobre a alimenta\u00e7\u00e3o que pode ajudar a reduzir o refluxo:<\/span><\/p>\n<header class=\"single-noticia--header\"><strong><span class=\"single-noticia--header-hat\" style=\"color: #000000; font-size: 14pt;\">GASTRONOMIA<\/span><\/strong><\/p>\n<p class=\"single-noticia--header-title\"><span style=\"font-size: 24pt;\"><strong><span style=\"color: #000000;\">Tem refluxo? Veja alguns alimentos que ajudam neste processo<\/span><\/strong><\/span><\/p>\n<p class=\"single-noticia--header-subheader\"><strong><span style=\"color: #000000; font-size: 14pt;\">O mal estar irrita os tecidos que revestem o es\u00f4fago, causando os sintomas degrad\u00e1veis<\/span><\/strong><\/p>\n<p><span class=\"single-noticia--header-author\" style=\"color: #000000; font-size: 14pt;\">Reda\u00e7\u00e3o iBahia\u00a0(redacao@portalibahia.com.br)<\/span><\/p>\n<div class=\"single-noticia--header-meta\">\n<div class=\"single-noticia--header-meta-date\"><span class=\"single-noticia--header-meta-date-created\" style=\"color: #000000; font-size: 14pt;\"><time>29\/04\/2018 \u00e0s 22h00<\/time><\/span><\/div>\n<\/div>\n<div class=\"single-noticia--share\">\n<div class=\"socialite googleplus-one socialite-instance socialite-loaded\" data-size=\"medium\" data-default-href=\"https:\/\/plus.google.com\/share?url=\" data-socialite=\"3\">\n<div id=\"___plusone_0\" class=\"g-plusone\" data-size=\"medium\" data-default-href=\"https:\/\/plus.google.com\/share?url=\" data-socialite=\"3\"><span style=\"color: #000000; font-size: 14pt;\">\u00a0<\/span><\/div>\n<\/div>\n<\/div>\n<\/header>\n<div class=\"single-noticia--content\">\n<div>\n<p><span style=\"color: #000000; font-size: 14pt;\">O refluxo gastroesof\u00e1gico, ou refluxo, \u00e9 uma doen\u00e7a digestiva em que os \u00e1cidos presentes dentro do est\u00f4mago voltam pelo es\u00f4fago, ao inv\u00e9s de seguir o fluxo normal da digest\u00e3o. Esse movimento \u00e9 conhecido como refluxo e irrita os tecidos que revestem o es\u00f4fago, causando os sintomas degrad\u00e1veis.\u00a0<\/span><\/p>\n<p><span style=\"color: #000000; font-size: 14pt;\">J\u00e1 sentiu isso alguma vez? Confira aqui seis alimentos que podem ajudar na digest\u00e3o e aliviar um pouco esses sintomas t\u00e3o desconfort\u00e1veis.<\/span><\/p>\n<p><span style=\"color: #000000; font-size: 14pt;\">1- <strong>Mam\u00e3o<\/strong>:\u00a0Rico em enzimas proteol\u00edticas, quimopapa\u00edna e papa\u00edna, um fitoqu\u00edmico que tamb\u00e9m auxilia na digest\u00e3o de prote\u00ednas e acaba diminuindo o refluxo. Cientistas austr\u00edacos realizaram um experimento em indiv\u00edduos com problemas de digest\u00e3o. O grupo que recebeu extrato de papaia mostrou uma redu\u00e7\u00e3o consider\u00e1vel no incha\u00e7o, constipa\u00e7\u00e3o e azia. A dica \u00e9 comer uma fatia de mam\u00e3o ap\u00f3s a refei\u00e7\u00e3o, na sobremesa.<\/span><\/p>\n<p><span style=\"color: #000000; font-size: 14pt;\">2- <strong>Batata-doce<\/strong>: Devido \u00e0 aus\u00eancia de gordura e a\u00e7\u00facar, alimentos como legumes e verduras s\u00e3o eficazes na redu\u00e7\u00e3o da quantidade de \u00e1cido g\u00e1strico produzido no est\u00f4mago. Quase todas as cores e variedades s\u00e3o ben\u00e9ficas, mas batata-doce, folhas para saladas, cenoura, ab\u00f3bora, feij\u00e3o-verde e erva-doce s\u00e3o especialmente boas, por acalmarem o est\u00f4mago e diminu\u00edrem seus n\u00edveis de acidez.<\/span><\/p>\n<p><span style=\"color: #000000; font-size: 14pt;\">3- <strong>Aveia<\/strong>:\u00a0Al\u00e9m de ser um alimento bastante nutritivo, acaba neutralizando o excesso de acidez no est\u00f4mago, o que ajuda a reduzir os sintomas de refluxo. Tamb\u00e9m \u00e9 uma excelente fonte de fibra, que deixa a digest\u00e3o funcionando melhor e diminui as chances do problema aparecer.<\/span><\/p>\n<p><span style=\"color: #000000; font-size: 14pt;\">4- <strong>Gengibre<\/strong>:\u00a0Al\u00e9m de anti-inflamat\u00f3rio, tamb\u00e9m melhora o funcionamento intestinal e, por isso, \u00e9 um grande fitoter\u00e1pico digestivo. Acredita-se ainda que tem um efeito positivo sobre as enzimas que quebram gorduras e prote\u00ednas, facilitando o processo de digest\u00e3o e diminuindo o refluxo.<\/span><\/p>\n<p><span style=\"color: #000000; font-size: 14pt;\">5- <strong>Cominho<\/strong>:\u00a0Amplamente utilizado para temperar alimentos, tamb\u00e9m possui propriedades antioxidantes e antimicrobianas. O timol, um fitoqu\u00edmico presente no cominho, estimula a secre\u00e7\u00e3o de enzimas, \u00e1cidos e b\u00edlis para promover uma boa digest\u00e3o. Al\u00e9m disso, \u00f3leos essenciais, s\u00f3dio e magn\u00e9sio presentes no tempero ajudam a deixar o refluxo bem longe.<\/span><\/p>\n<p><span style=\"color: #000000; font-size: 14pt;\">6- <strong>Ch\u00e1 de boldo<\/strong>:\u00a0As folhas cont\u00eam lactona, subst\u00e2ncia que possui gosto amargo, mas \u00e9 muito eficaz na digest\u00e3o de gorduras. Tamb\u00e9m t\u00eam diversos fitoqu\u00edmicos, incluindo boldina, c\u00e2nfora, limoneno, beta-pineno e cumarina, que s\u00e3o compostos antioxidantes. S\u00f3 n\u00e3o exagere e tome uma x\u00edcara por dia, no m\u00e1ximo. Quando usado por longos per\u00edodos, pode causar irrita\u00e7\u00e3o g\u00e1strica.<\/span><\/p>\n<p><span style=\"font-family: georgia, palatino, serif; font-size: 18pt; color: #000000;\">Para ler a mat\u00e9ria original, <span style=\"color: #0000ff;\"><a style=\"color: #0000ff;\" href=\"http:\/\/www.ibahia.com\/detalhe\/noticia\/tem-refluxo-veja-alguns-alimentos-que-ajudam-neste-processo\/\"><em><strong>clique aqui<\/strong><\/em><\/a><\/span>.<\/span><\/p>\n<p style=\"text-align: center;\"><img data-recalc-dims=\"1\" decoding=\"async\" data-attachment-id=\"12330\" data-permalink=\"https:\/\/gersonguelmann.com.br\/blog\/alimentos-que-combatem-o-refluxo\/refluxo\/\" data-orig-file=\"https:\/\/i0.wp.com\/gersonguelmann.com.br\/blog\/wp-content\/uploads\/2018\/04\/refluxo.jpg?fit=620%2C520&amp;ssl=1\" data-orig-size=\"620,520\" data-comments-opened=\"1\" data-image-meta=\"{&quot;aperture&quot;:&quot;0&quot;,&quot;credit&quot;:&quot;&quot;,&quot;camera&quot;:&quot;&quot;,&quot;caption&quot;:&quot;&quot;,&quot;created_timestamp&quot;:&quot;0&quot;,&quot;copyright&quot;:&quot;&quot;,&quot;focal_length&quot;:&quot;0&quot;,&quot;iso&quot;:&quot;0&quot;,&quot;shutter_speed&quot;:&quot;0&quot;,&quot;title&quot;:&quot;&quot;,&quot;orientation&quot;:&quot;1&quot;}\" data-image-title=\"refluxo\" data-image-description=\"\" data-image-caption=\"\" data-medium-file=\"https:\/\/i0.wp.com\/gersonguelmann.com.br\/blog\/wp-content\/uploads\/2018\/04\/refluxo.jpg?fit=300%2C252&amp;ssl=1\" data-large-file=\"https:\/\/i0.wp.com\/gersonguelmann.com.br\/blog\/wp-content\/uploads\/2018\/04\/refluxo.jpg?fit=620%2C520&amp;ssl=1\" class=\"size-medium wp-image-12330 aligncenter\" src=\"https:\/\/i0.wp.com\/gersonguelmann.com.br\/blog\/wp-content\/uploads\/2018\/04\/refluxo.jpg?resize=300%2C252&#038;ssl=1\" alt=\"\" width=\"300\" height=\"252\" srcset=\"https:\/\/i0.wp.com\/gersonguelmann.com.br\/blog\/wp-content\/uploads\/2018\/04\/refluxo.jpg?resize=300%2C252&amp;ssl=1 300w, https:\/\/i0.wp.com\/gersonguelmann.com.br\/blog\/wp-content\/uploads\/2018\/04\/refluxo.jpg?w=620&amp;ssl=1 620w\" sizes=\"(max-width: 300px) 100vw, 300px\" \/><span style=\"font-family: georgia, palatino, serif; color: #666699;\"><em><strong>Foto: iBahia\/Divulga\u00e7\u00e3o<\/strong><\/em><\/span><\/p>\n<p>&nbsp;<\/p>\n<\/div>\n<\/div>\n<p>&nbsp;<\/p>\n","protected":false},"excerpt":{"rendered":"<p>Imagem: saudedica.com.br Boa mat\u00e9ria publicada no site iBahia, com orienta\u00e7\u00f5es pr\u00e1ticas sobre a alimenta\u00e7\u00e3o que pode ajudar a reduzir o refluxo: GASTRONOMIA Tem refluxo? Veja alguns alimentos que ajudam neste processo O mal estar irrita os tecidos que revestem o es\u00f4fago, causando os sintomas degrad\u00e1veis Reda\u00e7\u00e3o iBahia\u00a0(redacao@portalibahia.com.br) 29\/04\/2018 \u00e0s 22h00 \u00a0 O refluxo gastroesof\u00e1gico, ou [&hellip;]<\/p>\n","protected":false},"author":5,"featured_media":12329,"comment_status":"open","ping_status":"open","sticky":false,"template":"","format":"standard","meta":{"_acf_changed":false,"jetpack_post_was_ever_published":false,"_jetpack_newsletter_access":"","_jetpack_dont_email_post_to_subs":false,"_jetpack_newsletter_tier_id":0,"_jetpack_memberships_contains_paywalled_content":false,"_jetpack_memberships_contains_paid_content":false,"footnotes":"","jetpack_publicize_message":"","jetpack_publicize_feature_enabled":true,"jetpack_social_post_already_shared":true,"jetpack_social_options":{"image_generator_settings":{"template":"highway","default_image_id":0,"font":"","enabled":false},"version":2}},"categories":[1],"tags":[],"class_list":["post-12328","post","type-post","status-publish","format-standard","has-post-thumbnail","hentry","category-sem-categoria"],"acf":[],"yoast_head":"<!-- This site is optimized with the Yoast SEO plugin v27.3 - https:\/\/yoast.com\/product\/yoast-seo-wordpress\/ -->\n<title>Alimentos Que Combatem o Refluxo | Blog do Guelmann<\/title>\n<meta name=\"robots\" content=\"index, follow, max-snippet:-1, max-image-preview:large, max-video-preview:-1\" \/>\n<link rel=\"canonical\" href=\"https:\/\/gersonguelmann.com.br\/blog\/alimentos-que-combatem-o-refluxo\/\" \/>\n<meta property=\"og:locale\" content=\"pt_BR\" \/>\n<meta property=\"og:type\" content=\"article\" \/>\n<meta property=\"og:title\" content=\"Alimentos Que Combatem o Refluxo | Blog do Guelmann\" \/>\n<meta property=\"og:description\" content=\"Imagem: saudedica.com.br Boa mat\u00e9ria publicada no site iBahia, com orienta\u00e7\u00f5es pr\u00e1ticas sobre a alimenta\u00e7\u00e3o que pode ajudar a reduzir o refluxo: GASTRONOMIA Tem refluxo? Veja alguns alimentos que ajudam neste processo O mal estar irrita os tecidos que revestem o es\u00f4fago, causando os sintomas degrad\u00e1veis Reda\u00e7\u00e3o iBahia\u00a0(redacao@portalibahia.com.br) 29\/04\/2018 \u00e0s 22h00 \u00a0 O refluxo gastroesof\u00e1gico, ou [&hellip;]\" \/>\n<meta property=\"og:url\" content=\"https:\/\/gersonguelmann.com.br\/blog\/alimentos-que-combatem-o-refluxo\/\" \/>\n<meta property=\"og:site_name\" content=\"Blog do Guelmann\" \/>\n<meta property=\"article:published_time\" content=\"2018-05-01T01:24:04+00:00\" \/>\n<meta property=\"og:image\" content=\"https:\/\/i0.wp.com\/gersonguelmann.com.br\/blog\/wp-content\/uploads\/2018\/04\/download-19.jpg?fit=300%2C168&ssl=1\" \/>\n\t<meta property=\"og:image:width\" content=\"300\" \/>\n\t<meta property=\"og:image:height\" content=\"168\" \/>\n\t<meta property=\"og:image:type\" content=\"image\/jpeg\" \/>\n<meta name=\"author\" content=\"Gerson Guelmann\" \/>\n<meta name=\"twitter:card\" content=\"summary_large_image\" \/>\n<meta name=\"twitter:label1\" content=\"Escrito por\" \/>\n\t<meta name=\"twitter:data1\" content=\"Gerson Guelmann\" \/>\n\t<meta name=\"twitter:label2\" content=\"Est. tempo de leitura\" \/>\n\t<meta name=\"twitter:data2\" content=\"3 minutos\" \/>\n<script type=\"application\/ld+json\" class=\"yoast-schema-graph\">{\"@context\":\"https:\\\/\\\/schema.org\",\"@graph\":[{\"@type\":\"Article\",\"@id\":\"https:\\\/\\\/gersonguelmann.com.br\\\/blog\\\/alimentos-que-combatem-o-refluxo\\\/#article\",\"isPartOf\":{\"@id\":\"https:\\\/\\\/gersonguelmann.com.br\\\/blog\\\/alimentos-que-combatem-o-refluxo\\\/\"},\"author\":{\"name\":\"Gerson Guelmann\",\"@id\":\"https:\\\/\\\/gersonguelmann.com.br\\\/blog\\\/#\\\/schema\\\/person\\\/87e70e2a786888082f941a482c90569e\"},\"headline\":\"Alimentos Que Combatem o Refluxo\",\"datePublished\":\"2018-05-01T01:24:04+00:00\",\"mainEntityOfPage\":{\"@id\":\"https:\\\/\\\/gersonguelmann.com.br\\\/blog\\\/alimentos-que-combatem-o-refluxo\\\/\"},\"wordCount\":532,\"commentCount\":0,\"image\":{\"@id\":\"https:\\\/\\\/gersonguelmann.com.br\\\/blog\\\/alimentos-que-combatem-o-refluxo\\\/#primaryimage\"},\"thumbnailUrl\":\"https:\\\/\\\/i0.wp.com\\\/gersonguelmann.com.br\\\/blog\\\/wp-content\\\/uploads\\\/2018\\\/04\\\/download-19.jpg?fit=300%2C168&ssl=1\",\"inLanguage\":\"pt-BR\",\"potentialAction\":[{\"@type\":\"CommentAction\",\"name\":\"Comment\",\"target\":[\"https:\\\/\\\/gersonguelmann.com.br\\\/blog\\\/alimentos-que-combatem-o-refluxo\\\/#respond\"]}]},{\"@type\":\"WebPage\",\"@id\":\"https:\\\/\\\/gersonguelmann.com.br\\\/blog\\\/alimentos-que-combatem-o-refluxo\\\/\",\"url\":\"https:\\\/\\\/gersonguelmann.com.br\\\/blog\\\/alimentos-que-combatem-o-refluxo\\\/\",\"name\":\"Alimentos Que Combatem o Refluxo | Blog do Guelmann\",\"isPartOf\":{\"@id\":\"https:\\\/\\\/gersonguelmann.com.br\\\/blog\\\/#website\"},\"primaryImageOfPage\":{\"@id\":\"https:\\\/\\\/gersonguelmann.com.br\\\/blog\\\/alimentos-que-combatem-o-refluxo\\\/#primaryimage\"},\"image\":{\"@id\":\"https:\\\/\\\/gersonguelmann.com.br\\\/blog\\\/alimentos-que-combatem-o-refluxo\\\/#primaryimage\"},\"thumbnailUrl\":\"https:\\\/\\\/i0.wp.com\\\/gersonguelmann.com.br\\\/blog\\\/wp-content\\\/uploads\\\/2018\\\/04\\\/download-19.jpg?fit=300%2C168&ssl=1\",\"datePublished\":\"2018-05-01T01:24:04+00:00\",\"author\":{\"@id\":\"https:\\\/\\\/gersonguelmann.com.br\\\/blog\\\/#\\\/schema\\\/person\\\/87e70e2a786888082f941a482c90569e\"},\"inLanguage\":\"pt-BR\",\"potentialAction\":[{\"@type\":\"ReadAction\",\"target\":[\"https:\\\/\\\/gersonguelmann.com.br\\\/blog\\\/alimentos-que-combatem-o-refluxo\\\/\"]}]},{\"@type\":\"ImageObject\",\"inLanguage\":\"pt-BR\",\"@id\":\"https:\\\/\\\/gersonguelmann.com.br\\\/blog\\\/alimentos-que-combatem-o-refluxo\\\/#primaryimage\",\"url\":\"https:\\\/\\\/i0.wp.com\\\/gersonguelmann.com.br\\\/blog\\\/wp-content\\\/uploads\\\/2018\\\/04\\\/download-19.jpg?fit=300%2C168&ssl=1\",\"contentUrl\":\"https:\\\/\\\/i0.wp.com\\\/gersonguelmann.com.br\\\/blog\\\/wp-content\\\/uploads\\\/2018\\\/04\\\/download-19.jpg?fit=300%2C168&ssl=1\",\"width\":300,\"height\":168},{\"@type\":\"WebSite\",\"@id\":\"https:\\\/\\\/gersonguelmann.com.br\\\/blog\\\/#website\",\"url\":\"https:\\\/\\\/gersonguelmann.com.br\\\/blog\\\/\",\"name\":\"Blog do Guelmann\",\"description\":\"Pitadas da sabedoria e do humor judaicos, assuntos do momento e um pouco das hist\u00f3rias que vivi e testemunhei.\",\"potentialAction\":[{\"@type\":\"SearchAction\",\"target\":{\"@type\":\"EntryPoint\",\"urlTemplate\":\"https:\\\/\\\/gersonguelmann.com.br\\\/blog\\\/?s={search_term_string}\"},\"query-input\":{\"@type\":\"PropertyValueSpecification\",\"valueRequired\":true,\"valueName\":\"search_term_string\"}}],\"inLanguage\":\"pt-BR\"},{\"@type\":\"Person\",\"@id\":\"https:\\\/\\\/gersonguelmann.com.br\\\/blog\\\/#\\\/schema\\\/person\\\/87e70e2a786888082f941a482c90569e\",\"name\":\"Gerson Guelmann\",\"image\":{\"@type\":\"ImageObject\",\"inLanguage\":\"pt-BR\",\"@id\":\"https:\\\/\\\/i0.wp.com\\\/gersonguelmann.com.br\\\/blog\\\/wp-content\\\/uploads\\\/2021\\\/08\\\/BLOG.jpeg?fit=96%2C96&ssl=1\",\"url\":\"https:\\\/\\\/i0.wp.com\\\/gersonguelmann.com.br\\\/blog\\\/wp-content\\\/uploads\\\/2021\\\/08\\\/BLOG.jpeg?fit=96%2C96&ssl=1\",\"contentUrl\":\"https:\\\/\\\/i0.wp.com\\\/gersonguelmann.com.br\\\/blog\\\/wp-content\\\/uploads\\\/2021\\\/08\\\/BLOG.jpeg?fit=96%2C96&ssl=1\",\"caption\":\"Gerson Guelmann\"},\"description\":\"Pitadas da sabedoria e do humor judaicos, assuntos do momento e um pouco das hist\u00f3rias que vivi e testemunhei.\"}]}<\/script>\n<!-- \/ Yoast SEO plugin. -->","yoast_head_json":{"title":"Alimentos Que Combatem o Refluxo | Blog do Guelmann","robots":{"index":"index","follow":"follow","max-snippet":"max-snippet:-1","max-image-preview":"max-image-preview:large","max-video-preview":"max-video-preview:-1"},"canonical":"https:\/\/gersonguelmann.com.br\/blog\/alimentos-que-combatem-o-refluxo\/","og_locale":"pt_BR","og_type":"article","og_title":"Alimentos Que Combatem o Refluxo | Blog do Guelmann","og_description":"Imagem: saudedica.com.br Boa mat\u00e9ria publicada no site iBahia, com orienta\u00e7\u00f5es pr\u00e1ticas sobre a alimenta\u00e7\u00e3o que pode ajudar a reduzir o refluxo: GASTRONOMIA Tem refluxo? Veja alguns alimentos que ajudam neste processo O mal estar irrita os tecidos que revestem o es\u00f4fago, causando os sintomas degrad\u00e1veis Reda\u00e7\u00e3o iBahia\u00a0(redacao@portalibahia.com.br) 29\/04\/2018 \u00e0s 22h00 \u00a0 O refluxo gastroesof\u00e1gico, ou [&hellip;]","og_url":"https:\/\/gersonguelmann.com.br\/blog\/alimentos-que-combatem-o-refluxo\/","og_site_name":"Blog do Guelmann","article_published_time":"2018-05-01T01:24:04+00:00","og_image":[{"width":300,"height":168,"url":"https:\/\/i0.wp.com\/gersonguelmann.com.br\/blog\/wp-content\/uploads\/2018\/04\/download-19.jpg?fit=300%2C168&ssl=1","type":"image\/jpeg"}],"author":"Gerson Guelmann","twitter_card":"summary_large_image","twitter_misc":{"Escrito por":"Gerson Guelmann","Est. tempo de leitura":"3 minutos"},"schema":{"@context":"https:\/\/schema.org","@graph":[{"@type":"Article","@id":"https:\/\/gersonguelmann.com.br\/blog\/alimentos-que-combatem-o-refluxo\/#article","isPartOf":{"@id":"https:\/\/gersonguelmann.com.br\/blog\/alimentos-que-combatem-o-refluxo\/"},"author":{"name":"Gerson Guelmann","@id":"https:\/\/gersonguelmann.com.br\/blog\/#\/schema\/person\/87e70e2a786888082f941a482c90569e"},"headline":"Alimentos Que Combatem o Refluxo","datePublished":"2018-05-01T01:24:04+00:00","mainEntityOfPage":{"@id":"https:\/\/gersonguelmann.com.br\/blog\/alimentos-que-combatem-o-refluxo\/"},"wordCount":532,"commentCount":0,"image":{"@id":"https:\/\/gersonguelmann.com.br\/blog\/alimentos-que-combatem-o-refluxo\/#primaryimage"},"thumbnailUrl":"https:\/\/i0.wp.com\/gersonguelmann.com.br\/blog\/wp-content\/uploads\/2018\/04\/download-19.jpg?fit=300%2C168&ssl=1","inLanguage":"pt-BR","potentialAction":[{"@type":"CommentAction","name":"Comment","target":["https:\/\/gersonguelmann.com.br\/blog\/alimentos-que-combatem-o-refluxo\/#respond"]}]},{"@type":"WebPage","@id":"https:\/\/gersonguelmann.com.br\/blog\/alimentos-que-combatem-o-refluxo\/","url":"https:\/\/gersonguelmann.com.br\/blog\/alimentos-que-combatem-o-refluxo\/","name":"Alimentos Que Combatem o Refluxo | Blog do Guelmann","isPartOf":{"@id":"https:\/\/gersonguelmann.com.br\/blog\/#website"},"primaryImageOfPage":{"@id":"https:\/\/gersonguelmann.com.br\/blog\/alimentos-que-combatem-o-refluxo\/#primaryimage"},"image":{"@id":"https:\/\/gersonguelmann.com.br\/blog\/alimentos-que-combatem-o-refluxo\/#primaryimage"},"thumbnailUrl":"https:\/\/i0.wp.com\/gersonguelmann.com.br\/blog\/wp-content\/uploads\/2018\/04\/download-19.jpg?fit=300%2C168&ssl=1","datePublished":"2018-05-01T01:24:04+00:00","author":{"@id":"https:\/\/gersonguelmann.com.br\/blog\/#\/schema\/person\/87e70e2a786888082f941a482c90569e"},"inLanguage":"pt-BR","potentialAction":[{"@type":"ReadAction","target":["https:\/\/gersonguelmann.com.br\/blog\/alimentos-que-combatem-o-refluxo\/"]}]},{"@type":"ImageObject","inLanguage":"pt-BR","@id":"https:\/\/gersonguelmann.com.br\/blog\/alimentos-que-combatem-o-refluxo\/#primaryimage","url":"https:\/\/i0.wp.com\/gersonguelmann.com.br\/blog\/wp-content\/uploads\/2018\/04\/download-19.jpg?fit=300%2C168&ssl=1","contentUrl":"https:\/\/i0.wp.com\/gersonguelmann.com.br\/blog\/wp-content\/uploads\/2018\/04\/download-19.jpg?fit=300%2C168&ssl=1","width":300,"height":168},{"@type":"WebSite","@id":"https:\/\/gersonguelmann.com.br\/blog\/#website","url":"https:\/\/gersonguelmann.com.br\/blog\/","name":"Blog do Guelmann","description":"Pitadas da sabedoria e do humor judaicos, assuntos do momento e um pouco das hist\u00f3rias que vivi e testemunhei.","potentialAction":[{"@type":"SearchAction","target":{"@type":"EntryPoint","urlTemplate":"https:\/\/gersonguelmann.com.br\/blog\/?s={search_term_string}"},"query-input":{"@type":"PropertyValueSpecification","valueRequired":true,"valueName":"search_term_string"}}],"inLanguage":"pt-BR"},{"@type":"Person","@id":"https:\/\/gersonguelmann.com.br\/blog\/#\/schema\/person\/87e70e2a786888082f941a482c90569e","name":"Gerson Guelmann","image":{"@type":"ImageObject","inLanguage":"pt-BR","@id":"https:\/\/i0.wp.com\/gersonguelmann.com.br\/blog\/wp-content\/uploads\/2021\/08\/BLOG.jpeg?fit=96%2C96&ssl=1","url":"https:\/\/i0.wp.com\/gersonguelmann.com.br\/blog\/wp-content\/uploads\/2021\/08\/BLOG.jpeg?fit=96%2C96&ssl=1","contentUrl":"https:\/\/i0.wp.com\/gersonguelmann.com.br\/blog\/wp-content\/uploads\/2021\/08\/BLOG.jpeg?fit=96%2C96&ssl=1","caption":"Gerson Guelmann"},"description":"Pitadas da sabedoria e do humor judaicos, assuntos do momento e um pouco das hist\u00f3rias que vivi e testemunhei."}]}},"views":38,"jetpack_publicize_connections":[],"jetpack_featured_media_url":"https:\/\/i0.wp.com\/gersonguelmann.com.br\/blog\/wp-content\/uploads\/2018\/04\/download-19.jpg?fit=300%2C168&ssl=1","jetpack_shortlink":"https:\/\/wp.me\/p96e7O-3cQ","jetpack-related-posts":[{"id":16856,"url":"https:\/\/gersonguelmann.com.br\/blog\/voce-toma-omeprazol-leia-isso\/","url_meta":{"origin":12328,"position":0},"title":"Voc\u00ea Toma Omeprazol? Leia Isso.","author":"Gerson Guelmann","date":"2 de junho de 2019","format":false,"excerpt":"Come\u00e7o fazendo coro com o que \u00e9 citado logo no in\u00edcio da mat\u00e9ria compartilhada abaixo. Eu tomei Omeprazol durante muito tempo. No meu caso a indica\u00e7\u00e3o deu-se ap\u00f3s cirurgia bari\u00e1trica feita h\u00e1 quase 20 anos. Nos anos seguintes tomava diariamente. Tinha o rem\u00e9dio na mesa de cabeceira e o engolia\u2026","rel":"","context":"Em &quot;Sem categoria&quot;","block_context":{"text":"Sem categoria","link":"https:\/\/gersonguelmann.com.br\/blog\/category\/sem-categoria\/"},"img":{"alt_text":"","src":"https:\/\/i0.wp.com\/gersonguelmann.com.br\/blog\/wp-content\/uploads\/2019\/06\/Omeprazol.jpeg?fit=500%2C333&ssl=1&resize=350%2C200","width":350,"height":200},"classes":[]},{"id":1504,"url":"https:\/\/gersonguelmann.com.br\/blog\/o-velho-judeu-e-os-alimentos-perigosos\/","url_meta":{"origin":12328,"position":1},"title":"O Velho Judeu e os Alimentos Perigosos","author":"Gerson Guelmann","date":"10 de dezembro de 2020","format":false,"excerpt":"B\u00f3ris, j\u00e1 idoso, estava no clube da comunidade judaica ouvindo uma palestra. A diretoria havia chamado uma Nutricionista para falar especialmente para o grupo da 3\u00aa idade. Considerando o p\u00fablico presente, ela fez uma exposi\u00e7\u00e3o sobre o perigo representado pelos alimentos industrializados e seus aditivos, cujo consumo, a longo prazo,\u2026","rel":"","context":"Em &quot;Sem categoria&quot;","block_context":{"text":"Sem categoria","link":"https:\/\/gersonguelmann.com.br\/blog\/category\/sem-categoria\/"},"img":{"alt_text":"","src":"https:\/\/i0.wp.com\/gersonguelmann.com.br\/blog\/wp-content\/uploads\/2017\/09\/food.jpg?fit=1071%2C1200&ssl=1&resize=350%2C200","width":350,"height":200,"srcset":"https:\/\/i0.wp.com\/gersonguelmann.com.br\/blog\/wp-content\/uploads\/2017\/09\/food.jpg?fit=1071%2C1200&ssl=1&resize=350%2C200 1x, https:\/\/i0.wp.com\/gersonguelmann.com.br\/blog\/wp-content\/uploads\/2017\/09\/food.jpg?fit=1071%2C1200&ssl=1&resize=525%2C300 1.5x, https:\/\/i0.wp.com\/gersonguelmann.com.br\/blog\/wp-content\/uploads\/2017\/09\/food.jpg?fit=1071%2C1200&ssl=1&resize=700%2C400 2x, https:\/\/i0.wp.com\/gersonguelmann.com.br\/blog\/wp-content\/uploads\/2017\/09\/food.jpg?fit=1071%2C1200&ssl=1&resize=1050%2C600 3x"},"classes":[]},{"id":2881,"url":"https:\/\/gersonguelmann.com.br\/blog\/o-ministerio-da-saude-adverte\/","url_meta":{"origin":12328,"position":2},"title":"O Minist\u00e9rio da Sa\u00fade Adverte","author":"Gerson Guelmann","date":"14 de outubro de 2017","format":false,"excerpt":"(Livre adapta\u00e7\u00e3o de anedota do humor judaico, sob a responsabilidade do Blogueiro) Fato 1: Os japoneses comem poucos alimentos gordurosos e sofrem menos ataques card\u00edacos do que os portugueses e brasileiros. Fato 2: Os japoneses tomam pouco vinho tinto\u00a0e sofrem menos ataques card\u00edacos do que os portugueses e brasileiros.\u00a0 Fato\u2026","rel":"","context":"Em &quot;Sem categoria&quot;","block_context":{"text":"Sem categoria","link":"https:\/\/gersonguelmann.com.br\/blog\/category\/sem-categoria\/"},"img":{"alt_text":"","src":"https:\/\/i0.wp.com\/gersonguelmann.com.br\/blog\/wp-content\/uploads\/2017\/10\/Minist%C3%A9rio.jpg?fit=500%2C340&ssl=1&resize=350%2C200","width":350,"height":200},"classes":[]},{"id":18418,"url":"https:\/\/gersonguelmann.com.br\/blog\/gases-pum-peido-nao-importa-o-nome-voce-solta-de-10-a-20-por-dia\/","url_meta":{"origin":12328,"position":3},"title":"Gases, Pum, Peido, N\u00e3o Importa o Nome, Voc\u00ea Solta de 10 a 20 Por Dia","author":"Gerson Guelmann","date":"13 de setembro de 2019","format":false,"excerpt":"Pois \u00e9. O assunto traz com ele um pouco de gra\u00e7a e de constrangimento, mas \u00e9 algo absolutamente normal. E a mat\u00e9ria publicada pelo HuffPost traz uma por\u00e7\u00e3o de informa\u00e7\u00f5es interessantes. Vamos l\u00e1: COMIDA 11\/09\/2019 02:00 -03\u00a0|\u00a0Atualizado\u00a011\/09\/2019 08:33 -03 Soltar muito pum \u00e9 normal? Os principais alimentos que causam gases\u2026","rel":"","context":"Em &quot;Sem categoria&quot;","block_context":{"text":"Sem categoria","link":"https:\/\/gersonguelmann.com.br\/blog\/category\/sem-categoria\/"},"img":{"alt_text":"","src":"https:\/\/i0.wp.com\/gersonguelmann.com.br\/blog\/wp-content\/uploads\/2019\/09\/1-300x200.jpg?resize=350%2C200&ssl=1","width":350,"height":200},"classes":[]},{"id":13683,"url":"https:\/\/gersonguelmann.com.br\/blog\/coma-tomates-fritos-como-diria-tua-mae-eles-farao-bem\/","url_meta":{"origin":12328,"position":4},"title":"Coma Tomates Fritos. Como Diria Tua M\u00e3e: Eles Te Far\u00e3o Bem!","author":"Gerson Guelmann","date":"5 de junho de 2018","format":false,"excerpt":"O Servi\u00e7o de Informa\u00e7\u00e3o e Not\u00edcias Cient\u00edficas (SINC), uma agencia p\u00fablica espanhola\u00a0 especializada em informa\u00e7\u00e3o sobre ci\u00eancia, tecnologia e inova\u00e7\u00e3o, publicou uma mat\u00e9ria interessant\u00edssima, que compartilho abaixo. Na onda dos chamados\u00a0alimentos funcionais, o site informa que um estudo da Universidade Polit\u00e9cnica de Valencia revela que os compostos\u00a0antioxidantes do tomate frito\u2026","rel":"","context":"Em &quot;Sem categoria&quot;","block_context":{"text":"Sem categoria","link":"https:\/\/gersonguelmann.com.br\/blog\/category\/sem-categoria\/"},"img":{"alt_text":"","src":"https:\/\/i0.wp.com\/gersonguelmann.com.br\/blog\/wp-content\/uploads\/2018\/06\/Tomates.jpg?fit=960%2C632&ssl=1&resize=350%2C200","width":350,"height":200,"srcset":"https:\/\/i0.wp.com\/gersonguelmann.com.br\/blog\/wp-content\/uploads\/2018\/06\/Tomates.jpg?fit=960%2C632&ssl=1&resize=350%2C200 1x, https:\/\/i0.wp.com\/gersonguelmann.com.br\/blog\/wp-content\/uploads\/2018\/06\/Tomates.jpg?fit=960%2C632&ssl=1&resize=525%2C300 1.5x, https:\/\/i0.wp.com\/gersonguelmann.com.br\/blog\/wp-content\/uploads\/2018\/06\/Tomates.jpg?fit=960%2C632&ssl=1&resize=700%2C400 2x"},"classes":[]},{"id":1757,"url":"https:\/\/gersonguelmann.com.br\/blog\/nao-adianta-o-google-sabe-tudo-a-teu-respeito\/","url_meta":{"origin":12328,"position":5},"title":"Nem Tua M\u00e3e Te Conhece Tanto Quanto o Google&#8230;","author":"Gerson Guelmann","date":"24 de fevereiro de 2025","format":false,"excerpt":"Todas as pessoas que acessam a Internet (e h\u00e1 algu\u00e9m nesse mund\u00e3o de D'us que n\u00e3o fa\u00e7a isso?) sabem que existe um \"ente\", uma esp\u00e9cie de \"Big Brother\", que sabe muito a nosso respeito \u2014 e n\u00e3o estou falando do desfile imbecilizante de futilidades da Globo. Estou falando do Google,\u2026","rel":"","context":"Em &quot;Sem categoria&quot;","block_context":{"text":"Sem categoria","link":"https:\/\/gersonguelmann.com.br\/blog\/category\/sem-categoria\/"},"img":{"alt_text":"","src":"https:\/\/i0.wp.com\/gersonguelmann.com.br\/blog\/wp-content\/uploads\/2017\/09\/google.jpg?fit=960%2C410&ssl=1&resize=350%2C200","width":350,"height":200,"srcset":"https:\/\/i0.wp.com\/gersonguelmann.com.br\/blog\/wp-content\/uploads\/2017\/09\/google.jpg?fit=960%2C410&ssl=1&resize=350%2C200 1x, https:\/\/i0.wp.com\/gersonguelmann.com.br\/blog\/wp-content\/uploads\/2017\/09\/google.jpg?fit=960%2C410&ssl=1&resize=525%2C300 1.5x, https:\/\/i0.wp.com\/gersonguelmann.com.br\/blog\/wp-content\/uploads\/2017\/09\/google.jpg?fit=960%2C410&ssl=1&resize=700%2C400 2x"},"classes":[]}],"jetpack_sharing_enabled":true,"post_mailing_queue_ids":[],"_links":{"self":[{"href":"https:\/\/gersonguelmann.com.br\/blog\/wp-json\/wp\/v2\/posts\/12328","targetHints":{"allow":["GET"]}}],"collection":[{"href":"https:\/\/gersonguelmann.com.br\/blog\/wp-json\/wp\/v2\/posts"}],"about":[{"href":"https:\/\/gersonguelmann.com.br\/blog\/wp-json\/wp\/v2\/types\/post"}],"author":[{"embeddable":true,"href":"https:\/\/gersonguelmann.com.br\/blog\/wp-json\/wp\/v2\/users\/5"}],"replies":[{"embeddable":true,"href":"https:\/\/gersonguelmann.com.br\/blog\/wp-json\/wp\/v2\/comments?post=12328"}],"version-history":[{"count":0,"href":"https:\/\/gersonguelmann.com.br\/blog\/wp-json\/wp\/v2\/posts\/12328\/revisions"}],"wp:featuredmedia":[{"embeddable":true,"href":"https:\/\/gersonguelmann.com.br\/blog\/wp-json\/wp\/v2\/media\/12329"}],"wp:attachment":[{"href":"https:\/\/gersonguelmann.com.br\/blog\/wp-json\/wp\/v2\/media?parent=12328"}],"wp:term":[{"taxonomy":"category","embeddable":true,"href":"https:\/\/gersonguelmann.com.br\/blog\/wp-json\/wp\/v2\/categories?post=12328"},{"taxonomy":"post_tag","embeddable":true,"href":"https:\/\/gersonguelmann.com.br\/blog\/wp-json\/wp\/v2\/tags?post=12328"}],"curies":[{"name":"wp","href":"https:\/\/api.w.org\/{rel}","templated":true}]}}