    {"id":12332,"date":"2018-05-01T12:54:58","date_gmt":"2018-05-01T15:54:58","guid":{"rendered":"https:\/\/gersonguelmann.com.br\/blog\/?p=12332"},"modified":"2018-05-01T13:09:49","modified_gmt":"2018-05-01T16:09:49","slug":"mossad-roubou-arquivos-nucleares-do-ira-copiou-e-devolveu-na-mesma-noite","status":"publish","type":"post","link":"https:\/\/gersonguelmann.com.br\/blog\/mossad-roubou-arquivos-nucleares-do-ira-copiou-e-devolveu-na-mesma-noite\/","title":{"rendered":"Mossad Roubou Arquivos Nucleares do Ir\u00e3, Copiou e Devolveu na Mesma Noite"},"content":{"rendered":"<p><span style=\"color: #000000; font-family: georgia, palatino, serif; font-size: 18pt;\">Mat\u00e9ria publicada hoje pelo site Israel Direto, baseada em informa\u00e7\u00f5es do jornal\u00a0The New York Times:<\/span><\/p>\n<div class=\"above-entry-meta\"><span class=\"cat-links\" style=\"color: #000000; font-size: 14pt;\">Not\u00edcias\u00a0<\/span><\/div>\n<header class=\"entry-header\">\n<p class=\"entry-title\"><span style=\"font-size: 24pt;\"><strong><span style=\"color: #000000;\">Mossad rouba arquivos nucleares do Ir\u00e3, copia, e devolve na mesma noite<\/span><\/strong><\/span><\/p>\n<\/header>\n<div class=\"below-entry-meta\"><span style=\"color: #000000;\"><span class=\"posted-on\"><i class=\"fa fa-calendar-o\"><\/i>\u00a0<span style=\"font-size: 14pt;\"><time class=\"entry-date published\" datetime=\"2018-05-01T06:01:45+00:00\">1 de maio de 2018<\/time><\/span><\/span><span style=\"font-size: 14pt;\">\u00a0<span class=\"byline\"><span class=\"author vcard\"><i class=\"fa fa-user\"><\/i>IsraelDireto<\/span><\/span>\u00a0<span class=\"comments\"><i class=\"fa fa-comment\"><\/i>\u00a00 coment\u00e1rios<\/span><\/span><\/span><\/div>\n<div><\/div>\n<div>\n<p><span style=\"color: #000000; font-size: 14pt;\">Espi\u00f5es da ag\u00eancia Mossad de Israel descobriram a localiza\u00e7\u00e3o secreta de um dep\u00f3sito usado para armazenar arquivos de armas nucleares do Ir\u00e3, invadiram o pr\u00e9dio, levaram meia tonelada de documentos e conseguiram contrabandear os israelenses para Israel naquela mesma noite, informou o The New York Times, na Segunda-feira.<\/span><\/p>\n<p><span style=\"color: #000000; font-size: 14pt;\">O primeiro-ministro Benjamin Netanyahu revelou a opera\u00e7\u00e3o ousada ao exibir o grande n\u00famero de documentos em uma apresenta\u00e7\u00e3o destinada a provar que o Ir\u00e3 mentiu sobre seu programa secreto de armas at\u00f4micas.<\/span><\/p>\n<p><span style=\"color: #000000; font-size: 14pt;\">No entanto, ele deu poucos detalhes sobre como ou quando os agentes conseguiram o que ele chamou de uma das \u201cmaiores conquistas\u201d da intelig\u00eancia israelense.<\/span><\/p>\n<p><span style=\"color: #000000; font-size: 14pt;\">Uma alta autoridade israelense, que falou sob condi\u00e7\u00e3o de anonimato para discutir uma miss\u00e3o secreta, disse ao The Times que o Mossad descobriu o dep\u00f3sito em fevereiro de 2016 e que o pr\u00e9dio estava sob vigil\u00e2ncia desde ent\u00e3o.<\/span><\/p>\n<p><span style=\"color: #000000; font-size: 14pt;\">Os agentes invadiram o pr\u00e9dio em uma noite em janeiro passado, removeram os documentos originais e os levaram de volta de Israel na mesma noite, disse o funcion\u00e1rio, segundo o jornal.<\/span><\/p>\n<p>&nbsp;<\/p>\n<p><span style=\"color: #000000; font-size: 14pt;\">O presidente dos EUA, Donald Trump, foi informado da opera\u00e7\u00e3o pelo chefe do Mossad, Yossi Cohen, durante uma visita a Washington em janeiro, disse a autoridade.<\/span><\/p>\n<p><span style=\"color: #000000; font-size: 14pt;\">fonte: <span style=\"color: #0000ff;\"><a style=\"color: #0000ff;\" href=\"https:\/\/www.timesofisrael.com\/mossad-stole-irans-nuke-archive-and-smuggled-it-back-to-israel-the-same-night\/\"><em><strong>https:\/\/www.timesofisrael.com\/mossad-stole-irans-nuke-archive-and-smuggled-it-back-to-israel-the-same-night\/<\/strong><\/em><\/a><\/span><\/span><\/p>\n<p><span style=\"color: #000000; font-family: georgia, palatino, serif; font-size: 18pt;\">Para ler a mat\u00e9ria original, <span style=\"color: #0000ff;\"><a style=\"color: #0000ff;\" href=\"http:\/\/israeldireto.com\/2018\/05\/01\/mossad-rouba-arquivos-nucleares-do-ira-copia-e-devolve-no-mesmo-dia\/\"><em><strong>clique aqui<\/strong><\/em><\/a><\/span>.<\/span><\/p>\n<p style=\"text-align: center;\"><img data-recalc-dims=\"1\" fetchpriority=\"high\" decoding=\"async\" data-attachment-id=\"12333\" data-permalink=\"https:\/\/gersonguelmann.com.br\/blog\/mossad-roubou-arquivos-nucleares-do-ira-copiou-e-devolveu-na-mesma-noite\/ira-2-2\/\" data-orig-file=\"https:\/\/i0.wp.com\/gersonguelmann.com.br\/blog\/wp-content\/uploads\/2018\/05\/ira-2.jpg?fit=640%2C400&amp;ssl=1\" data-orig-size=\"640,400\" data-comments-opened=\"1\" data-image-meta=\"{&quot;aperture&quot;:&quot;0&quot;,&quot;credit&quot;:&quot;&quot;,&quot;camera&quot;:&quot;&quot;,&quot;caption&quot;:&quot;&quot;,&quot;created_timestamp&quot;:&quot;0&quot;,&quot;copyright&quot;:&quot;&quot;,&quot;focal_length&quot;:&quot;0&quot;,&quot;iso&quot;:&quot;0&quot;,&quot;shutter_speed&quot;:&quot;0&quot;,&quot;title&quot;:&quot;&quot;,&quot;orientation&quot;:&quot;0&quot;}\" data-image-title=\"ira-2\" data-image-description=\"\" data-image-caption=\"\" data-medium-file=\"https:\/\/i0.wp.com\/gersonguelmann.com.br\/blog\/wp-content\/uploads\/2018\/05\/ira-2.jpg?fit=300%2C188&amp;ssl=1\" data-large-file=\"https:\/\/i0.wp.com\/gersonguelmann.com.br\/blog\/wp-content\/uploads\/2018\/05\/ira-2.jpg?fit=640%2C400&amp;ssl=1\" class=\"size-medium wp-image-12333 aligncenter\" src=\"https:\/\/i0.wp.com\/gersonguelmann.com.br\/blog\/wp-content\/uploads\/2018\/05\/ira-2.jpg?resize=300%2C188&#038;ssl=1\" alt=\"\" width=\"300\" height=\"188\" srcset=\"https:\/\/i0.wp.com\/gersonguelmann.com.br\/blog\/wp-content\/uploads\/2018\/05\/ira-2.jpg?resize=300%2C188&amp;ssl=1 300w, https:\/\/i0.wp.com\/gersonguelmann.com.br\/blog\/wp-content\/uploads\/2018\/05\/ira-2.jpg?w=640&amp;ssl=1 640w\" sizes=\"(max-width: 300px) 100vw, 300px\" \/><span style=\"color: #808080;\"><em><strong><span style=\"font-family: georgia, palatino, serif;\">Foto: Israel Direto<\/span><\/strong><\/em><\/span><\/p>\n<\/div>\n","protected":false},"excerpt":{"rendered":"<p>Mat\u00e9ria publicada hoje pelo site Israel Direto, baseada em informa\u00e7\u00f5es do jornal\u00a0The New York Times: Not\u00edcias\u00a0 Mossad rouba arquivos nucleares do Ir\u00e3, copia, e devolve na mesma noite \u00a01 de maio de 2018\u00a0IsraelDireto\u00a0\u00a00 coment\u00e1rios Espi\u00f5es da ag\u00eancia Mossad de Israel descobriram a localiza\u00e7\u00e3o secreta de um dep\u00f3sito usado para armazenar arquivos de armas nucleares do [&hellip;]<\/p>\n","protected":false},"author":5,"featured_media":12333,"comment_status":"open","ping_status":"open","sticky":false,"template":"","format":"standard","meta":{"_acf_changed":false,"jetpack_post_was_ever_published":false,"_jetpack_newsletter_access":"","_jetpack_dont_email_post_to_subs":false,"_jetpack_newsletter_tier_id":0,"_jetpack_memberships_contains_paywalled_content":false,"_jetpack_memberships_contains_paid_content":false,"footnotes":"","jetpack_publicize_message":"","jetpack_publicize_feature_enabled":true,"jetpack_social_post_already_shared":true,"jetpack_social_options":{"image_generator_settings":{"template":"highway","default_image_id":0,"font":"","enabled":false},"version":2}},"categories":[1],"tags":[],"class_list":["post-12332","post","type-post","status-publish","format-standard","has-post-thumbnail","hentry","category-sem-categoria"],"acf":[],"yoast_head":"<!-- This site is optimized with the Yoast SEO plugin v27.3 - https:\/\/yoast.com\/product\/yoast-seo-wordpress\/ -->\n<title>Mossad Roubou Arquivos Nucleares do Ir\u00e3, Copiou e Devolveu na Mesma Noite | Blog do Guelmann<\/title>\n<meta name=\"robots\" content=\"index, follow, max-snippet:-1, max-image-preview:large, max-video-preview:-1\" \/>\n<link rel=\"canonical\" href=\"https:\/\/gersonguelmann.com.br\/blog\/mossad-roubou-arquivos-nucleares-do-ira-copiou-e-devolveu-na-mesma-noite\/\" \/>\n<meta property=\"og:locale\" content=\"pt_BR\" \/>\n<meta property=\"og:type\" content=\"article\" \/>\n<meta property=\"og:title\" content=\"Mossad Roubou Arquivos Nucleares do Ir\u00e3, Copiou e Devolveu na Mesma Noite | Blog do Guelmann\" \/>\n<meta property=\"og:description\" content=\"Mat\u00e9ria publicada hoje pelo site Israel Direto, baseada em informa\u00e7\u00f5es do jornal\u00a0The New York Times: Not\u00edcias\u00a0 Mossad rouba arquivos nucleares do Ir\u00e3, copia, e devolve na mesma noite \u00a01 de maio de 2018\u00a0IsraelDireto\u00a0\u00a00 coment\u00e1rios Espi\u00f5es da ag\u00eancia Mossad de Israel descobriram a localiza\u00e7\u00e3o secreta de um dep\u00f3sito usado para armazenar arquivos de armas nucleares do [&hellip;]\" \/>\n<meta property=\"og:url\" content=\"https:\/\/gersonguelmann.com.br\/blog\/mossad-roubou-arquivos-nucleares-do-ira-copiou-e-devolveu-na-mesma-noite\/\" \/>\n<meta property=\"og:site_name\" content=\"Blog do Guelmann\" \/>\n<meta property=\"article:published_time\" content=\"2018-05-01T15:54:58+00:00\" \/>\n<meta property=\"article:modified_time\" content=\"2018-05-01T16:09:49+00:00\" \/>\n<meta property=\"og:image\" content=\"https:\/\/i0.wp.com\/gersonguelmann.com.br\/blog\/wp-content\/uploads\/2018\/05\/ira-2.jpg?fit=640%2C400&ssl=1\" \/>\n\t<meta property=\"og:image:width\" content=\"640\" \/>\n\t<meta property=\"og:image:height\" content=\"400\" \/>\n\t<meta property=\"og:image:type\" content=\"image\/jpeg\" \/>\n<meta name=\"author\" content=\"Gerson Guelmann\" \/>\n<meta name=\"twitter:card\" content=\"summary_large_image\" \/>\n<meta name=\"twitter:label1\" content=\"Escrito por\" \/>\n\t<meta name=\"twitter:data1\" content=\"Gerson Guelmann\" \/>\n\t<meta name=\"twitter:label2\" content=\"Est. tempo de leitura\" \/>\n\t<meta name=\"twitter:data2\" content=\"1 minuto\" \/>\n<script type=\"application\/ld+json\" class=\"yoast-schema-graph\">{\"@context\":\"https:\\\/\\\/schema.org\",\"@graph\":[{\"@type\":\"Article\",\"@id\":\"https:\\\/\\\/gersonguelmann.com.br\\\/blog\\\/mossad-roubou-arquivos-nucleares-do-ira-copiou-e-devolveu-na-mesma-noite\\\/#article\",\"isPartOf\":{\"@id\":\"https:\\\/\\\/gersonguelmann.com.br\\\/blog\\\/mossad-roubou-arquivos-nucleares-do-ira-copiou-e-devolveu-na-mesma-noite\\\/\"},\"author\":{\"name\":\"Gerson Guelmann\",\"@id\":\"https:\\\/\\\/gersonguelmann.com.br\\\/blog\\\/#\\\/schema\\\/person\\\/87e70e2a786888082f941a482c90569e\"},\"headline\":\"Mossad Roubou Arquivos Nucleares do Ir\u00e3, Copiou e Devolveu na Mesma Noite\",\"datePublished\":\"2018-05-01T15:54:58+00:00\",\"dateModified\":\"2018-05-01T16:09:49+00:00\",\"mainEntityOfPage\":{\"@id\":\"https:\\\/\\\/gersonguelmann.com.br\\\/blog\\\/mossad-roubou-arquivos-nucleares-do-ira-copiou-e-devolveu-na-mesma-noite\\\/\"},\"wordCount\":286,\"commentCount\":0,\"image\":{\"@id\":\"https:\\\/\\\/gersonguelmann.com.br\\\/blog\\\/mossad-roubou-arquivos-nucleares-do-ira-copiou-e-devolveu-na-mesma-noite\\\/#primaryimage\"},\"thumbnailUrl\":\"https:\\\/\\\/i0.wp.com\\\/gersonguelmann.com.br\\\/blog\\\/wp-content\\\/uploads\\\/2018\\\/05\\\/ira-2.jpg?fit=640%2C400&ssl=1\",\"inLanguage\":\"pt-BR\",\"potentialAction\":[{\"@type\":\"CommentAction\",\"name\":\"Comment\",\"target\":[\"https:\\\/\\\/gersonguelmann.com.br\\\/blog\\\/mossad-roubou-arquivos-nucleares-do-ira-copiou-e-devolveu-na-mesma-noite\\\/#respond\"]}]},{\"@type\":\"WebPage\",\"@id\":\"https:\\\/\\\/gersonguelmann.com.br\\\/blog\\\/mossad-roubou-arquivos-nucleares-do-ira-copiou-e-devolveu-na-mesma-noite\\\/\",\"url\":\"https:\\\/\\\/gersonguelmann.com.br\\\/blog\\\/mossad-roubou-arquivos-nucleares-do-ira-copiou-e-devolveu-na-mesma-noite\\\/\",\"name\":\"Mossad Roubou Arquivos Nucleares do Ir\u00e3, Copiou e Devolveu na Mesma Noite | Blog do Guelmann\",\"isPartOf\":{\"@id\":\"https:\\\/\\\/gersonguelmann.com.br\\\/blog\\\/#website\"},\"primaryImageOfPage\":{\"@id\":\"https:\\\/\\\/gersonguelmann.com.br\\\/blog\\\/mossad-roubou-arquivos-nucleares-do-ira-copiou-e-devolveu-na-mesma-noite\\\/#primaryimage\"},\"image\":{\"@id\":\"https:\\\/\\\/gersonguelmann.com.br\\\/blog\\\/mossad-roubou-arquivos-nucleares-do-ira-copiou-e-devolveu-na-mesma-noite\\\/#primaryimage\"},\"thumbnailUrl\":\"https:\\\/\\\/i0.wp.com\\\/gersonguelmann.com.br\\\/blog\\\/wp-content\\\/uploads\\\/2018\\\/05\\\/ira-2.jpg?fit=640%2C400&ssl=1\",\"datePublished\":\"2018-05-01T15:54:58+00:00\",\"dateModified\":\"2018-05-01T16:09:49+00:00\",\"author\":{\"@id\":\"https:\\\/\\\/gersonguelmann.com.br\\\/blog\\\/#\\\/schema\\\/person\\\/87e70e2a786888082f941a482c90569e\"},\"inLanguage\":\"pt-BR\",\"potentialAction\":[{\"@type\":\"ReadAction\",\"target\":[\"https:\\\/\\\/gersonguelmann.com.br\\\/blog\\\/mossad-roubou-arquivos-nucleares-do-ira-copiou-e-devolveu-na-mesma-noite\\\/\"]}]},{\"@type\":\"ImageObject\",\"inLanguage\":\"pt-BR\",\"@id\":\"https:\\\/\\\/gersonguelmann.com.br\\\/blog\\\/mossad-roubou-arquivos-nucleares-do-ira-copiou-e-devolveu-na-mesma-noite\\\/#primaryimage\",\"url\":\"https:\\\/\\\/i0.wp.com\\\/gersonguelmann.com.br\\\/blog\\\/wp-content\\\/uploads\\\/2018\\\/05\\\/ira-2.jpg?fit=640%2C400&ssl=1\",\"contentUrl\":\"https:\\\/\\\/i0.wp.com\\\/gersonguelmann.com.br\\\/blog\\\/wp-content\\\/uploads\\\/2018\\\/05\\\/ira-2.jpg?fit=640%2C400&ssl=1\",\"width\":640,\"height\":400},{\"@type\":\"WebSite\",\"@id\":\"https:\\\/\\\/gersonguelmann.com.br\\\/blog\\\/#website\",\"url\":\"https:\\\/\\\/gersonguelmann.com.br\\\/blog\\\/\",\"name\":\"Blog do Guelmann\",\"description\":\"Pitadas da sabedoria e do humor judaicos, assuntos do momento e um pouco das hist\u00f3rias que vivi e testemunhei.\",\"potentialAction\":[{\"@type\":\"SearchAction\",\"target\":{\"@type\":\"EntryPoint\",\"urlTemplate\":\"https:\\\/\\\/gersonguelmann.com.br\\\/blog\\\/?s={search_term_string}\"},\"query-input\":{\"@type\":\"PropertyValueSpecification\",\"valueRequired\":true,\"valueName\":\"search_term_string\"}}],\"inLanguage\":\"pt-BR\"},{\"@type\":\"Person\",\"@id\":\"https:\\\/\\\/gersonguelmann.com.br\\\/blog\\\/#\\\/schema\\\/person\\\/87e70e2a786888082f941a482c90569e\",\"name\":\"Gerson Guelmann\",\"image\":{\"@type\":\"ImageObject\",\"inLanguage\":\"pt-BR\",\"@id\":\"https:\\\/\\\/i0.wp.com\\\/gersonguelmann.com.br\\\/blog\\\/wp-content\\\/uploads\\\/2021\\\/08\\\/BLOG.jpeg?fit=96%2C96&ssl=1\",\"url\":\"https:\\\/\\\/i0.wp.com\\\/gersonguelmann.com.br\\\/blog\\\/wp-content\\\/uploads\\\/2021\\\/08\\\/BLOG.jpeg?fit=96%2C96&ssl=1\",\"contentUrl\":\"https:\\\/\\\/i0.wp.com\\\/gersonguelmann.com.br\\\/blog\\\/wp-content\\\/uploads\\\/2021\\\/08\\\/BLOG.jpeg?fit=96%2C96&ssl=1\",\"caption\":\"Gerson Guelmann\"},\"description\":\"Pitadas da sabedoria e do humor judaicos, assuntos do momento e um pouco das hist\u00f3rias que vivi e testemunhei.\"}]}<\/script>\n<!-- \/ Yoast SEO plugin. -->","yoast_head_json":{"title":"Mossad Roubou Arquivos Nucleares do Ir\u00e3, Copiou e Devolveu na Mesma Noite | Blog do Guelmann","robots":{"index":"index","follow":"follow","max-snippet":"max-snippet:-1","max-image-preview":"max-image-preview:large","max-video-preview":"max-video-preview:-1"},"canonical":"https:\/\/gersonguelmann.com.br\/blog\/mossad-roubou-arquivos-nucleares-do-ira-copiou-e-devolveu-na-mesma-noite\/","og_locale":"pt_BR","og_type":"article","og_title":"Mossad Roubou Arquivos Nucleares do Ir\u00e3, Copiou e Devolveu na Mesma Noite | Blog do Guelmann","og_description":"Mat\u00e9ria publicada hoje pelo site Israel Direto, baseada em informa\u00e7\u00f5es do jornal\u00a0The New York Times: Not\u00edcias\u00a0 Mossad rouba arquivos nucleares do Ir\u00e3, copia, e devolve na mesma noite \u00a01 de maio de 2018\u00a0IsraelDireto\u00a0\u00a00 coment\u00e1rios Espi\u00f5es da ag\u00eancia Mossad de Israel descobriram a localiza\u00e7\u00e3o secreta de um dep\u00f3sito usado para armazenar arquivos de armas nucleares do [&hellip;]","og_url":"https:\/\/gersonguelmann.com.br\/blog\/mossad-roubou-arquivos-nucleares-do-ira-copiou-e-devolveu-na-mesma-noite\/","og_site_name":"Blog do Guelmann","article_published_time":"2018-05-01T15:54:58+00:00","article_modified_time":"2018-05-01T16:09:49+00:00","og_image":[{"width":640,"height":400,"url":"https:\/\/i0.wp.com\/gersonguelmann.com.br\/blog\/wp-content\/uploads\/2018\/05\/ira-2.jpg?fit=640%2C400&ssl=1","type":"image\/jpeg"}],"author":"Gerson Guelmann","twitter_card":"summary_large_image","twitter_misc":{"Escrito por":"Gerson Guelmann","Est. tempo de leitura":"1 minuto"},"schema":{"@context":"https:\/\/schema.org","@graph":[{"@type":"Article","@id":"https:\/\/gersonguelmann.com.br\/blog\/mossad-roubou-arquivos-nucleares-do-ira-copiou-e-devolveu-na-mesma-noite\/#article","isPartOf":{"@id":"https:\/\/gersonguelmann.com.br\/blog\/mossad-roubou-arquivos-nucleares-do-ira-copiou-e-devolveu-na-mesma-noite\/"},"author":{"name":"Gerson Guelmann","@id":"https:\/\/gersonguelmann.com.br\/blog\/#\/schema\/person\/87e70e2a786888082f941a482c90569e"},"headline":"Mossad Roubou Arquivos Nucleares do Ir\u00e3, Copiou e Devolveu na Mesma Noite","datePublished":"2018-05-01T15:54:58+00:00","dateModified":"2018-05-01T16:09:49+00:00","mainEntityOfPage":{"@id":"https:\/\/gersonguelmann.com.br\/blog\/mossad-roubou-arquivos-nucleares-do-ira-copiou-e-devolveu-na-mesma-noite\/"},"wordCount":286,"commentCount":0,"image":{"@id":"https:\/\/gersonguelmann.com.br\/blog\/mossad-roubou-arquivos-nucleares-do-ira-copiou-e-devolveu-na-mesma-noite\/#primaryimage"},"thumbnailUrl":"https:\/\/i0.wp.com\/gersonguelmann.com.br\/blog\/wp-content\/uploads\/2018\/05\/ira-2.jpg?fit=640%2C400&ssl=1","inLanguage":"pt-BR","potentialAction":[{"@type":"CommentAction","name":"Comment","target":["https:\/\/gersonguelmann.com.br\/blog\/mossad-roubou-arquivos-nucleares-do-ira-copiou-e-devolveu-na-mesma-noite\/#respond"]}]},{"@type":"WebPage","@id":"https:\/\/gersonguelmann.com.br\/blog\/mossad-roubou-arquivos-nucleares-do-ira-copiou-e-devolveu-na-mesma-noite\/","url":"https:\/\/gersonguelmann.com.br\/blog\/mossad-roubou-arquivos-nucleares-do-ira-copiou-e-devolveu-na-mesma-noite\/","name":"Mossad Roubou Arquivos Nucleares do Ir\u00e3, Copiou e Devolveu na Mesma Noite | Blog do Guelmann","isPartOf":{"@id":"https:\/\/gersonguelmann.com.br\/blog\/#website"},"primaryImageOfPage":{"@id":"https:\/\/gersonguelmann.com.br\/blog\/mossad-roubou-arquivos-nucleares-do-ira-copiou-e-devolveu-na-mesma-noite\/#primaryimage"},"image":{"@id":"https:\/\/gersonguelmann.com.br\/blog\/mossad-roubou-arquivos-nucleares-do-ira-copiou-e-devolveu-na-mesma-noite\/#primaryimage"},"thumbnailUrl":"https:\/\/i0.wp.com\/gersonguelmann.com.br\/blog\/wp-content\/uploads\/2018\/05\/ira-2.jpg?fit=640%2C400&ssl=1","datePublished":"2018-05-01T15:54:58+00:00","dateModified":"2018-05-01T16:09:49+00:00","author":{"@id":"https:\/\/gersonguelmann.com.br\/blog\/#\/schema\/person\/87e70e2a786888082f941a482c90569e"},"inLanguage":"pt-BR","potentialAction":[{"@type":"ReadAction","target":["https:\/\/gersonguelmann.com.br\/blog\/mossad-roubou-arquivos-nucleares-do-ira-copiou-e-devolveu-na-mesma-noite\/"]}]},{"@type":"ImageObject","inLanguage":"pt-BR","@id":"https:\/\/gersonguelmann.com.br\/blog\/mossad-roubou-arquivos-nucleares-do-ira-copiou-e-devolveu-na-mesma-noite\/#primaryimage","url":"https:\/\/i0.wp.com\/gersonguelmann.com.br\/blog\/wp-content\/uploads\/2018\/05\/ira-2.jpg?fit=640%2C400&ssl=1","contentUrl":"https:\/\/i0.wp.com\/gersonguelmann.com.br\/blog\/wp-content\/uploads\/2018\/05\/ira-2.jpg?fit=640%2C400&ssl=1","width":640,"height":400},{"@type":"WebSite","@id":"https:\/\/gersonguelmann.com.br\/blog\/#website","url":"https:\/\/gersonguelmann.com.br\/blog\/","name":"Blog do Guelmann","description":"Pitadas da sabedoria e do humor judaicos, assuntos do momento e um pouco das hist\u00f3rias que vivi e testemunhei.","potentialAction":[{"@type":"SearchAction","target":{"@type":"EntryPoint","urlTemplate":"https:\/\/gersonguelmann.com.br\/blog\/?s={search_term_string}"},"query-input":{"@type":"PropertyValueSpecification","valueRequired":true,"valueName":"search_term_string"}}],"inLanguage":"pt-BR"},{"@type":"Person","@id":"https:\/\/gersonguelmann.com.br\/blog\/#\/schema\/person\/87e70e2a786888082f941a482c90569e","name":"Gerson Guelmann","image":{"@type":"ImageObject","inLanguage":"pt-BR","@id":"https:\/\/i0.wp.com\/gersonguelmann.com.br\/blog\/wp-content\/uploads\/2021\/08\/BLOG.jpeg?fit=96%2C96&ssl=1","url":"https:\/\/i0.wp.com\/gersonguelmann.com.br\/blog\/wp-content\/uploads\/2021\/08\/BLOG.jpeg?fit=96%2C96&ssl=1","contentUrl":"https:\/\/i0.wp.com\/gersonguelmann.com.br\/blog\/wp-content\/uploads\/2021\/08\/BLOG.jpeg?fit=96%2C96&ssl=1","caption":"Gerson Guelmann"},"description":"Pitadas da sabedoria e do humor judaicos, assuntos do momento e um pouco das hist\u00f3rias que vivi e testemunhei."}]}},"views":36,"jetpack_publicize_connections":[],"jetpack_featured_media_url":"https:\/\/i0.wp.com\/gersonguelmann.com.br\/blog\/wp-content\/uploads\/2018\/05\/ira-2.jpg?fit=640%2C400&ssl=1","jetpack_shortlink":"https:\/\/wp.me\/p96e7O-3cU","jetpack-related-posts":[{"id":12374,"url":"https:\/\/gersonguelmann.com.br\/blog\/ira-vai-transferir-embaixada-para-jerusalem\/","url_meta":{"origin":12332,"position":0},"title":"Ir\u00e3 Vai Transferir Embaixada para Jerusal\u00e9m","author":"Gerson Guelmann","date":"2 de maio de 2018","format":false,"excerpt":"Piada que come\u00e7ou a circular nas redes ap\u00f3s a revela\u00e7\u00e3o da opera\u00e7\u00e3o feita em janeiro pelo Mossad no Ir\u00e3: - as autoridades iranianas acabaram de informar que sua embaixada ser\u00e1 transferida para Jerusal\u00e9m. Indagados sobre a raz\u00e3o, justificaram dizendo que \u00e9 para facilitar, j\u00e1 que os arquivos deles est\u00e3o todos\u2026","rel":"","context":"Em &quot;Sem categoria&quot;","block_context":{"text":"Sem categoria","link":"https:\/\/gersonguelmann.com.br\/blog\/category\/sem-categoria\/"},"img":{"alt_text":"","src":"https:\/\/i0.wp.com\/gersonguelmann.com.br\/blog\/wp-content\/uploads\/2018\/05\/jerusalem-900000000-13-1024x768.jpg?fit=1024%2C768&ssl=1&resize=350%2C200","width":350,"height":200,"srcset":"https:\/\/i0.wp.com\/gersonguelmann.com.br\/blog\/wp-content\/uploads\/2018\/05\/jerusalem-900000000-13-1024x768.jpg?fit=1024%2C768&ssl=1&resize=350%2C200 1x, https:\/\/i0.wp.com\/gersonguelmann.com.br\/blog\/wp-content\/uploads\/2018\/05\/jerusalem-900000000-13-1024x768.jpg?fit=1024%2C768&ssl=1&resize=525%2C300 1.5x, https:\/\/i0.wp.com\/gersonguelmann.com.br\/blog\/wp-content\/uploads\/2018\/05\/jerusalem-900000000-13-1024x768.jpg?fit=1024%2C768&ssl=1&resize=700%2C400 2x"},"classes":[]},{"id":15694,"url":"https:\/\/gersonguelmann.com.br\/blog\/o-mossad-responde-a-ze-de-abreu\/","url_meta":{"origin":12332,"position":1},"title":"O Mossad (&#8230;) Responde \u00e0 Z\u00e9 de Abreu","author":"Gerson Guelmann","date":"8 de janeiro de 2019","format":false,"excerpt":"H\u00e1 poucos dias comentei aqui sobre o devaneio do ator Jos\u00e9 de Abreu, que em postagem no Twitter atribuiu ao servi\u00e7o secreto israelense, o Mossad, a autoria do atentado contra o ent\u00e3o candidato Jair Bolsonaro. Not\u00f3rio militante do PT, Z\u00e9 de Abreu\u00a0 (como tamb\u00e9m \u00e9 conhecido), comp\u00f4s seu pr\u00f3prio \"samba\u2026","rel":"","context":"Em &quot;Sem categoria&quot;","block_context":{"text":"Sem categoria","link":"https:\/\/gersonguelmann.com.br\/blog\/category\/sem-categoria\/"},"img":{"alt_text":"","src":"https:\/\/i0.wp.com\/gersonguelmann.com.br\/blog\/wp-content\/uploads\/2019\/01\/Mossad.png?fit=1080%2C994&ssl=1&resize=350%2C200","width":350,"height":200,"srcset":"https:\/\/i0.wp.com\/gersonguelmann.com.br\/blog\/wp-content\/uploads\/2019\/01\/Mossad.png?fit=1080%2C994&ssl=1&resize=350%2C200 1x, https:\/\/i0.wp.com\/gersonguelmann.com.br\/blog\/wp-content\/uploads\/2019\/01\/Mossad.png?fit=1080%2C994&ssl=1&resize=525%2C300 1.5x, https:\/\/i0.wp.com\/gersonguelmann.com.br\/blog\/wp-content\/uploads\/2019\/01\/Mossad.png?fit=1080%2C994&ssl=1&resize=700%2C400 2x, https:\/\/i0.wp.com\/gersonguelmann.com.br\/blog\/wp-content\/uploads\/2019\/01\/Mossad.png?fit=1080%2C994&ssl=1&resize=1050%2C600 3x"},"classes":[]},{"id":13352,"url":"https:\/\/gersonguelmann.com.br\/blog\/israel-e-ira-quem-e-mais-forte\/","url_meta":{"origin":12332,"position":2},"title":"Israel e Ir\u00e3: Quem \u00e9 Mais Forte?","author":"Gerson Guelmann","date":"26 de maio de 2018","format":false,"excerpt":"Mat\u00e9ria publicada hoje no site SputnikNews: \u00a9 AP Photo \/ Ariel Schalit Confronta\u00e7\u00e3o militar entre Ir\u00e3 e Israel: quem \u00e9 mais forte? ORIENTE M\u00c9DIO E \u00c1FRICA 11:10 26.05.2018 Nas \u00faltimas semanas as tens\u00f5es nas rela\u00e7\u00f5es iraniano-israelenses t\u00eam se agravado. O Ir\u00e3 aumenta sua presen\u00e7a na S\u00edria e a atividade das\u2026","rel":"","context":"Em &quot;Sem categoria&quot;","block_context":{"text":"Sem categoria","link":"https:\/\/gersonguelmann.com.br\/blog\/category\/sem-categoria\/"},"img":{"alt_text":"","src":"https:\/\/i0.wp.com\/gersonguelmann.com.br\/blog\/wp-content\/uploads\/2018\/05\/1-16.jpg?fit=1000%2C541&ssl=1&resize=350%2C200","width":350,"height":200,"srcset":"https:\/\/i0.wp.com\/gersonguelmann.com.br\/blog\/wp-content\/uploads\/2018\/05\/1-16.jpg?fit=1000%2C541&ssl=1&resize=350%2C200 1x, https:\/\/i0.wp.com\/gersonguelmann.com.br\/blog\/wp-content\/uploads\/2018\/05\/1-16.jpg?fit=1000%2C541&ssl=1&resize=525%2C300 1.5x, https:\/\/i0.wp.com\/gersonguelmann.com.br\/blog\/wp-content\/uploads\/2018\/05\/1-16.jpg?fit=1000%2C541&ssl=1&resize=700%2C400 2x"},"classes":[]},{"id":22352,"url":"https:\/\/gersonguelmann.com.br\/blog\/lembranca-de-uma-noite-muito-fria-em-curitiba\/","url_meta":{"origin":12332,"position":3},"title":"Lembran\u00e7a de Uma Noite Muito Fria em Curitiba","author":"Gerson Guelmann","date":"24 de julho de 2021","format":false,"excerpt":"O Facebook da Rosane Cardoso, minha mulher, lembrou hoje postagem que ela fez h\u00e1 exatos 8 anos. Na noite de 24\/07\/2013 as equipes da FAS - Funda\u00e7\u00e3o de A\u00e7\u00e3o Social de Curitiba e do IPCC - Instituto Pr\u00f3-Cidadania de Curitiba, organizaram uma a\u00e7\u00e3o de arrecada\u00e7\u00e3o de roupas para fazer frente\u2026","rel":"","context":"Em &quot;Sem categoria&quot;","block_context":{"text":"Sem categoria","link":"https:\/\/gersonguelmann.com.br\/blog\/category\/sem-categoria\/"},"img":{"alt_text":"","src":"https:\/\/i0.wp.com\/gersonguelmann.com.br\/blog\/wp-content\/uploads\/2021\/07\/240713.jpeg?fit=1080%2C810&ssl=1&resize=350%2C200","width":350,"height":200,"srcset":"https:\/\/i0.wp.com\/gersonguelmann.com.br\/blog\/wp-content\/uploads\/2021\/07\/240713.jpeg?fit=1080%2C810&ssl=1&resize=350%2C200 1x, https:\/\/i0.wp.com\/gersonguelmann.com.br\/blog\/wp-content\/uploads\/2021\/07\/240713.jpeg?fit=1080%2C810&ssl=1&resize=525%2C300 1.5x, https:\/\/i0.wp.com\/gersonguelmann.com.br\/blog\/wp-content\/uploads\/2021\/07\/240713.jpeg?fit=1080%2C810&ssl=1&resize=700%2C400 2x, https:\/\/i0.wp.com\/gersonguelmann.com.br\/blog\/wp-content\/uploads\/2021\/07\/240713.jpeg?fit=1080%2C810&ssl=1&resize=1050%2C600 3x"},"classes":[]},{"id":26052,"url":"https:\/\/gersonguelmann.com.br\/blog\/26052-2\/","url_meta":{"origin":12332,"position":4},"title":"Tr\u00eas na Quarta de Humor Judaico","author":"Gerson Guelmann","date":"18 de junho de 2025","format":false,"excerpt":"Negociando Com o G\u00eanio Um Rabino encontrou um G\u00eanio da L\u00e2mpada: G\u00eanio: \u2014 Eu te garanto um desejo, um \u00fanico, qualquer coisa no mundo. Rabino: \u2014 Quero a paz entre Israel e o Ir\u00e3. G\u00eanio: \u2014 Opa... Isso \u00e9 dif\u00edcil. Pense em outra coisa. Rabino: \u2014 Bom... Fazer os frequentadores\u2026","rel":"","context":"Em &quot;Sem categoria&quot;","block_context":{"text":"Sem categoria","link":"https:\/\/gersonguelmann.com.br\/blog\/category\/sem-categoria\/"},"img":{"alt_text":"","src":"https:\/\/i0.wp.com\/gersonguelmann.com.br\/blog\/wp-content\/uploads\/2025\/06\/HojePR-31-scaled.jpg?fit=1200%2C800&ssl=1&resize=350%2C200","width":350,"height":200,"srcset":"https:\/\/i0.wp.com\/gersonguelmann.com.br\/blog\/wp-content\/uploads\/2025\/06\/HojePR-31-scaled.jpg?fit=1200%2C800&ssl=1&resize=350%2C200 1x, https:\/\/i0.wp.com\/gersonguelmann.com.br\/blog\/wp-content\/uploads\/2025\/06\/HojePR-31-scaled.jpg?fit=1200%2C800&ssl=1&resize=525%2C300 1.5x, https:\/\/i0.wp.com\/gersonguelmann.com.br\/blog\/wp-content\/uploads\/2025\/06\/HojePR-31-scaled.jpg?fit=1200%2C800&ssl=1&resize=700%2C400 2x, https:\/\/i0.wp.com\/gersonguelmann.com.br\/blog\/wp-content\/uploads\/2025\/06\/HojePR-31-scaled.jpg?fit=1200%2C800&ssl=1&resize=1050%2C600 3x"},"classes":[]},{"id":2376,"url":"https:\/\/gersonguelmann.com.br\/blog\/de-noite-rondando-a-cidade\/","url_meta":{"origin":12332,"position":5},"title":"De Noite, Rondando a Cidade","author":"Gerson Guelmann","date":"16 de janeiro de 2021","format":false,"excerpt":"Um cl\u00e1ssico: Ronda, do Paulo Vanzolini, composta em 1945 - quando ele tinha apenas 21 anos - e que foi gravada pela 1\u00aa vez em 1953 pela Inezita Barroso. A grava\u00e7\u00e3o que estou postando \u00e9 de uma homenagem que ela mesma fez ao compositor no programa \"Viola, Minha Viola\" que\u2026","rel":"","context":"Em &quot;Sem categoria&quot;","block_context":{"text":"Sem categoria","link":"https:\/\/gersonguelmann.com.br\/blog\/category\/sem-categoria\/"},"img":{"alt_text":"","src":"https:\/\/i0.wp.com\/gersonguelmann.com.br\/blog\/wp-content\/uploads\/2017\/10\/RONDA.jpg?resize=350%2C200&ssl=1","width":350,"height":200},"classes":[]}],"jetpack_sharing_enabled":true,"post_mailing_queue_ids":[],"_links":{"self":[{"href":"https:\/\/gersonguelmann.com.br\/blog\/wp-json\/wp\/v2\/posts\/12332","targetHints":{"allow":["GET"]}}],"collection":[{"href":"https:\/\/gersonguelmann.com.br\/blog\/wp-json\/wp\/v2\/posts"}],"about":[{"href":"https:\/\/gersonguelmann.com.br\/blog\/wp-json\/wp\/v2\/types\/post"}],"author":[{"embeddable":true,"href":"https:\/\/gersonguelmann.com.br\/blog\/wp-json\/wp\/v2\/users\/5"}],"replies":[{"embeddable":true,"href":"https:\/\/gersonguelmann.com.br\/blog\/wp-json\/wp\/v2\/comments?post=12332"}],"version-history":[{"count":0,"href":"https:\/\/gersonguelmann.com.br\/blog\/wp-json\/wp\/v2\/posts\/12332\/revisions"}],"wp:featuredmedia":[{"embeddable":true,"href":"https:\/\/gersonguelmann.com.br\/blog\/wp-json\/wp\/v2\/media\/12333"}],"wp:attachment":[{"href":"https:\/\/gersonguelmann.com.br\/blog\/wp-json\/wp\/v2\/media?parent=12332"}],"wp:term":[{"taxonomy":"category","embeddable":true,"href":"https:\/\/gersonguelmann.com.br\/blog\/wp-json\/wp\/v2\/categories?post=12332"},{"taxonomy":"post_tag","embeddable":true,"href":"https:\/\/gersonguelmann.com.br\/blog\/wp-json\/wp\/v2\/tags?post=12332"}],"curies":[{"name":"wp","href":"https:\/\/api.w.org\/{rel}","templated":true}]}}