    {"id":12337,"date":"2018-05-01T13:31:53","date_gmt":"2018-05-01T16:31:53","guid":{"rendered":"https:\/\/gersonguelmann.com.br\/blog\/?p=12337"},"modified":"2018-05-01T14:02:25","modified_gmt":"2018-05-01T17:02:25","slug":"e-o-oscar-marqueteiro-ao-contrario-vai-para","status":"publish","type":"post","link":"https:\/\/gersonguelmann.com.br\/blog\/e-o-oscar-marqueteiro-ao-contrario-vai-para\/","title":{"rendered":"E O Oscar &#8220;Marqueteiro Ao Contr\u00e1rio&#8221; Vai Para&#8230;"},"content":{"rendered":"<p><span style=\"font-family: georgia, palatino, serif; font-size: 18pt; color: #000000;\">&#8230; o &#8220;<em><strong>j\u00eanio<\/strong><\/em>&#8221; que recomendou ao presidente Temer para ir ao edif\u00edcio\u00a0no Largo do Paissandu, em S\u00e3o Paulo, que incendiou e desabou essa madrugada.<\/span><\/p>\n<p><span style=\"font-family: georgia, palatino, serif; font-size: 18pt; color: #000000;\">\u00c9 preciso realmente dar um pr\u00eamio aos assessores que permitiram que um dos pol\u00edticos mais impopulares da hist\u00f3ria da rep\u00fablica fosse a um local de forte como\u00e7\u00e3o em raz\u00e3o do acidente ocorrido.<\/span><\/p>\n<p><span style=\"font-family: georgia, palatino, serif; font-size: 18pt; color: #000000;\">O que o Temer imaginava: que ia ser afagado pela popula\u00e7\u00e3o?<\/span><\/p>\n<p><img data-recalc-dims=\"1\" decoding=\"async\" data-attachment-id=\"12338\" data-permalink=\"https:\/\/gersonguelmann.com.br\/blog\/e-o-oscar-marqueteiro-ao-contrario-vai-para\/incendio-no-centro-de-sp-01052018041905621\/\" data-orig-file=\"https:\/\/i0.wp.com\/gersonguelmann.com.br\/blog\/wp-content\/uploads\/2018\/05\/incendio-no-centro-de-sp-01052018041905621.jpeg?fit=660%2C360&amp;ssl=1\" data-orig-size=\"660,360\" data-comments-opened=\"1\" data-image-meta=\"{&quot;aperture&quot;:&quot;0&quot;,&quot;credit&quot;:&quot;&quot;,&quot;camera&quot;:&quot;&quot;,&quot;caption&quot;:&quot;&quot;,&quot;created_timestamp&quot;:&quot;0&quot;,&quot;copyright&quot;:&quot;&quot;,&quot;focal_length&quot;:&quot;0&quot;,&quot;iso&quot;:&quot;0&quot;,&quot;shutter_speed&quot;:&quot;0&quot;,&quot;title&quot;:&quot;&quot;,&quot;orientation&quot;:&quot;0&quot;}\" data-image-title=\"incendio-no-centro-de-sp-01052018041905621\" data-image-description=\"\" data-image-caption=\"\" data-medium-file=\"https:\/\/i0.wp.com\/gersonguelmann.com.br\/blog\/wp-content\/uploads\/2018\/05\/incendio-no-centro-de-sp-01052018041905621.jpeg?fit=300%2C164&amp;ssl=1\" data-large-file=\"https:\/\/i0.wp.com\/gersonguelmann.com.br\/blog\/wp-content\/uploads\/2018\/05\/incendio-no-centro-de-sp-01052018041905621.jpeg?fit=640%2C349&amp;ssl=1\" class=\"size-medium wp-image-12338 aligncenter\" src=\"https:\/\/i0.wp.com\/gersonguelmann.com.br\/blog\/wp-content\/uploads\/2018\/05\/incendio-no-centro-de-sp-01052018041905621.jpeg?resize=300%2C164&#038;ssl=1\" alt=\"\" width=\"300\" height=\"164\" srcset=\"https:\/\/i0.wp.com\/gersonguelmann.com.br\/blog\/wp-content\/uploads\/2018\/05\/incendio-no-centro-de-sp-01052018041905621.jpeg?resize=300%2C164&amp;ssl=1 300w, https:\/\/i0.wp.com\/gersonguelmann.com.br\/blog\/wp-content\/uploads\/2018\/05\/incendio-no-centro-de-sp-01052018041905621.jpeg?w=660&amp;ssl=1 660w\" sizes=\"(max-width: 300px) 100vw, 300px\" \/><\/p>\n","protected":false},"excerpt":{"rendered":"<p>&#8230; o &#8220;j\u00eanio&#8221; que recomendou ao presidente Temer para ir ao edif\u00edcio\u00a0no Largo do Paissandu, em S\u00e3o Paulo, que incendiou e desabou essa madrugada. \u00c9 preciso realmente dar um pr\u00eamio aos assessores que permitiram que um dos pol\u00edticos mais impopulares da hist\u00f3ria da rep\u00fablica fosse a um local de forte como\u00e7\u00e3o em raz\u00e3o do acidente [&hellip;]<\/p>\n","protected":false},"author":5,"featured_media":12338,"comment_status":"open","ping_status":"open","sticky":false,"template":"","format":"standard","meta":{"_acf_changed":false,"jetpack_post_was_ever_published":false,"_jetpack_newsletter_access":"","_jetpack_dont_email_post_to_subs":false,"_jetpack_newsletter_tier_id":0,"_jetpack_memberships_contains_paywalled_content":false,"_jetpack_memberships_contains_paid_content":false,"footnotes":"","jetpack_publicize_message":"","jetpack_publicize_feature_enabled":true,"jetpack_social_post_already_shared":true,"jetpack_social_options":{"image_generator_settings":{"template":"highway","default_image_id":0,"font":"","enabled":false},"version":2}},"categories":[1],"tags":[],"class_list":["post-12337","post","type-post","status-publish","format-standard","has-post-thumbnail","hentry","category-sem-categoria"],"acf":[],"yoast_head":"<!-- This site is optimized with the Yoast SEO plugin v27.3 - https:\/\/yoast.com\/product\/yoast-seo-wordpress\/ -->\n<title>E O Oscar &quot;Marqueteiro Ao Contr\u00e1rio&quot; Vai Para... | Blog do Guelmann<\/title>\n<meta name=\"robots\" content=\"index, follow, max-snippet:-1, max-image-preview:large, max-video-preview:-1\" \/>\n<link rel=\"canonical\" href=\"https:\/\/gersonguelmann.com.br\/blog\/e-o-oscar-marqueteiro-ao-contrario-vai-para\/\" \/>\n<meta property=\"og:locale\" content=\"pt_BR\" \/>\n<meta property=\"og:type\" content=\"article\" \/>\n<meta property=\"og:title\" content=\"E O Oscar &quot;Marqueteiro Ao Contr\u00e1rio&quot; Vai Para... | Blog do Guelmann\" \/>\n<meta property=\"og:description\" content=\"&#8230; o &#8220;j\u00eanio&#8221; que recomendou ao presidente Temer para ir ao edif\u00edcio\u00a0no Largo do Paissandu, em S\u00e3o Paulo, que incendiou e desabou essa madrugada. \u00c9 preciso realmente dar um pr\u00eamio aos assessores que permitiram que um dos pol\u00edticos mais impopulares da hist\u00f3ria da rep\u00fablica fosse a um local de forte como\u00e7\u00e3o em raz\u00e3o do acidente [&hellip;]\" \/>\n<meta property=\"og:url\" content=\"https:\/\/gersonguelmann.com.br\/blog\/e-o-oscar-marqueteiro-ao-contrario-vai-para\/\" \/>\n<meta property=\"og:site_name\" content=\"Blog do Guelmann\" \/>\n<meta property=\"article:published_time\" content=\"2018-05-01T16:31:53+00:00\" \/>\n<meta property=\"article:modified_time\" content=\"2018-05-01T17:02:25+00:00\" \/>\n<meta property=\"og:image\" content=\"https:\/\/i0.wp.com\/gersonguelmann.com.br\/blog\/wp-content\/uploads\/2018\/05\/incendio-no-centro-de-sp-01052018041905621.jpeg?fit=660%2C360&ssl=1\" \/>\n\t<meta property=\"og:image:width\" content=\"660\" \/>\n\t<meta property=\"og:image:height\" content=\"360\" \/>\n\t<meta property=\"og:image:type\" content=\"image\/jpeg\" \/>\n<meta name=\"author\" content=\"Gerson Guelmann\" \/>\n<meta name=\"twitter:card\" content=\"summary_large_image\" \/>\n<meta name=\"twitter:label1\" content=\"Escrito por\" \/>\n\t<meta name=\"twitter:data1\" content=\"Gerson Guelmann\" \/>\n<script type=\"application\/ld+json\" class=\"yoast-schema-graph\">{\"@context\":\"https:\\\/\\\/schema.org\",\"@graph\":[{\"@type\":\"Article\",\"@id\":\"https:\\\/\\\/gersonguelmann.com.br\\\/blog\\\/e-o-oscar-marqueteiro-ao-contrario-vai-para\\\/#article\",\"isPartOf\":{\"@id\":\"https:\\\/\\\/gersonguelmann.com.br\\\/blog\\\/e-o-oscar-marqueteiro-ao-contrario-vai-para\\\/\"},\"author\":{\"name\":\"Gerson Guelmann\",\"@id\":\"https:\\\/\\\/gersonguelmann.com.br\\\/blog\\\/#\\\/schema\\\/person\\\/87e70e2a786888082f941a482c90569e\"},\"headline\":\"E O Oscar &#8220;Marqueteiro Ao Contr\u00e1rio&#8221; Vai Para&#8230;\",\"datePublished\":\"2018-05-01T16:31:53+00:00\",\"dateModified\":\"2018-05-01T17:02:25+00:00\",\"mainEntityOfPage\":{\"@id\":\"https:\\\/\\\/gersonguelmann.com.br\\\/blog\\\/e-o-oscar-marqueteiro-ao-contrario-vai-para\\\/\"},\"wordCount\":85,\"commentCount\":0,\"image\":{\"@id\":\"https:\\\/\\\/gersonguelmann.com.br\\\/blog\\\/e-o-oscar-marqueteiro-ao-contrario-vai-para\\\/#primaryimage\"},\"thumbnailUrl\":\"https:\\\/\\\/i0.wp.com\\\/gersonguelmann.com.br\\\/blog\\\/wp-content\\\/uploads\\\/2018\\\/05\\\/incendio-no-centro-de-sp-01052018041905621.jpeg?fit=660%2C360&ssl=1\",\"inLanguage\":\"pt-BR\",\"potentialAction\":[{\"@type\":\"CommentAction\",\"name\":\"Comment\",\"target\":[\"https:\\\/\\\/gersonguelmann.com.br\\\/blog\\\/e-o-oscar-marqueteiro-ao-contrario-vai-para\\\/#respond\"]}]},{\"@type\":\"WebPage\",\"@id\":\"https:\\\/\\\/gersonguelmann.com.br\\\/blog\\\/e-o-oscar-marqueteiro-ao-contrario-vai-para\\\/\",\"url\":\"https:\\\/\\\/gersonguelmann.com.br\\\/blog\\\/e-o-oscar-marqueteiro-ao-contrario-vai-para\\\/\",\"name\":\"E O Oscar \\\"Marqueteiro Ao Contr\u00e1rio\\\" Vai Para... | Blog do Guelmann\",\"isPartOf\":{\"@id\":\"https:\\\/\\\/gersonguelmann.com.br\\\/blog\\\/#website\"},\"primaryImageOfPage\":{\"@id\":\"https:\\\/\\\/gersonguelmann.com.br\\\/blog\\\/e-o-oscar-marqueteiro-ao-contrario-vai-para\\\/#primaryimage\"},\"image\":{\"@id\":\"https:\\\/\\\/gersonguelmann.com.br\\\/blog\\\/e-o-oscar-marqueteiro-ao-contrario-vai-para\\\/#primaryimage\"},\"thumbnailUrl\":\"https:\\\/\\\/i0.wp.com\\\/gersonguelmann.com.br\\\/blog\\\/wp-content\\\/uploads\\\/2018\\\/05\\\/incendio-no-centro-de-sp-01052018041905621.jpeg?fit=660%2C360&ssl=1\",\"datePublished\":\"2018-05-01T16:31:53+00:00\",\"dateModified\":\"2018-05-01T17:02:25+00:00\",\"author\":{\"@id\":\"https:\\\/\\\/gersonguelmann.com.br\\\/blog\\\/#\\\/schema\\\/person\\\/87e70e2a786888082f941a482c90569e\"},\"inLanguage\":\"pt-BR\",\"potentialAction\":[{\"@type\":\"ReadAction\",\"target\":[\"https:\\\/\\\/gersonguelmann.com.br\\\/blog\\\/e-o-oscar-marqueteiro-ao-contrario-vai-para\\\/\"]}]},{\"@type\":\"ImageObject\",\"inLanguage\":\"pt-BR\",\"@id\":\"https:\\\/\\\/gersonguelmann.com.br\\\/blog\\\/e-o-oscar-marqueteiro-ao-contrario-vai-para\\\/#primaryimage\",\"url\":\"https:\\\/\\\/i0.wp.com\\\/gersonguelmann.com.br\\\/blog\\\/wp-content\\\/uploads\\\/2018\\\/05\\\/incendio-no-centro-de-sp-01052018041905621.jpeg?fit=660%2C360&ssl=1\",\"contentUrl\":\"https:\\\/\\\/i0.wp.com\\\/gersonguelmann.com.br\\\/blog\\\/wp-content\\\/uploads\\\/2018\\\/05\\\/incendio-no-centro-de-sp-01052018041905621.jpeg?fit=660%2C360&ssl=1\",\"width\":660,\"height\":360},{\"@type\":\"WebSite\",\"@id\":\"https:\\\/\\\/gersonguelmann.com.br\\\/blog\\\/#website\",\"url\":\"https:\\\/\\\/gersonguelmann.com.br\\\/blog\\\/\",\"name\":\"Blog do Guelmann\",\"description\":\"Pitadas da sabedoria e do humor judaicos, assuntos do momento e um pouco das hist\u00f3rias que vivi e testemunhei.\",\"potentialAction\":[{\"@type\":\"SearchAction\",\"target\":{\"@type\":\"EntryPoint\",\"urlTemplate\":\"https:\\\/\\\/gersonguelmann.com.br\\\/blog\\\/?s={search_term_string}\"},\"query-input\":{\"@type\":\"PropertyValueSpecification\",\"valueRequired\":true,\"valueName\":\"search_term_string\"}}],\"inLanguage\":\"pt-BR\"},{\"@type\":\"Person\",\"@id\":\"https:\\\/\\\/gersonguelmann.com.br\\\/blog\\\/#\\\/schema\\\/person\\\/87e70e2a786888082f941a482c90569e\",\"name\":\"Gerson Guelmann\",\"image\":{\"@type\":\"ImageObject\",\"inLanguage\":\"pt-BR\",\"@id\":\"https:\\\/\\\/i0.wp.com\\\/gersonguelmann.com.br\\\/blog\\\/wp-content\\\/uploads\\\/2021\\\/08\\\/BLOG.jpeg?fit=96%2C96&ssl=1\",\"url\":\"https:\\\/\\\/i0.wp.com\\\/gersonguelmann.com.br\\\/blog\\\/wp-content\\\/uploads\\\/2021\\\/08\\\/BLOG.jpeg?fit=96%2C96&ssl=1\",\"contentUrl\":\"https:\\\/\\\/i0.wp.com\\\/gersonguelmann.com.br\\\/blog\\\/wp-content\\\/uploads\\\/2021\\\/08\\\/BLOG.jpeg?fit=96%2C96&ssl=1\",\"caption\":\"Gerson Guelmann\"},\"description\":\"Pitadas da sabedoria e do humor judaicos, assuntos do momento e um pouco das hist\u00f3rias que vivi e testemunhei.\"}]}<\/script>\n<!-- \/ Yoast SEO plugin. -->","yoast_head_json":{"title":"E O Oscar \"Marqueteiro Ao Contr\u00e1rio\" Vai Para... | Blog do Guelmann","robots":{"index":"index","follow":"follow","max-snippet":"max-snippet:-1","max-image-preview":"max-image-preview:large","max-video-preview":"max-video-preview:-1"},"canonical":"https:\/\/gersonguelmann.com.br\/blog\/e-o-oscar-marqueteiro-ao-contrario-vai-para\/","og_locale":"pt_BR","og_type":"article","og_title":"E O Oscar \"Marqueteiro Ao Contr\u00e1rio\" Vai Para... | Blog do Guelmann","og_description":"&#8230; o &#8220;j\u00eanio&#8221; que recomendou ao presidente Temer para ir ao edif\u00edcio\u00a0no Largo do Paissandu, em S\u00e3o Paulo, que incendiou e desabou essa madrugada. \u00c9 preciso realmente dar um pr\u00eamio aos assessores que permitiram que um dos pol\u00edticos mais impopulares da hist\u00f3ria da rep\u00fablica fosse a um local de forte como\u00e7\u00e3o em raz\u00e3o do acidente [&hellip;]","og_url":"https:\/\/gersonguelmann.com.br\/blog\/e-o-oscar-marqueteiro-ao-contrario-vai-para\/","og_site_name":"Blog do Guelmann","article_published_time":"2018-05-01T16:31:53+00:00","article_modified_time":"2018-05-01T17:02:25+00:00","og_image":[{"width":660,"height":360,"url":"https:\/\/i0.wp.com\/gersonguelmann.com.br\/blog\/wp-content\/uploads\/2018\/05\/incendio-no-centro-de-sp-01052018041905621.jpeg?fit=660%2C360&ssl=1","type":"image\/jpeg"}],"author":"Gerson Guelmann","twitter_card":"summary_large_image","twitter_misc":{"Escrito por":"Gerson Guelmann"},"schema":{"@context":"https:\/\/schema.org","@graph":[{"@type":"Article","@id":"https:\/\/gersonguelmann.com.br\/blog\/e-o-oscar-marqueteiro-ao-contrario-vai-para\/#article","isPartOf":{"@id":"https:\/\/gersonguelmann.com.br\/blog\/e-o-oscar-marqueteiro-ao-contrario-vai-para\/"},"author":{"name":"Gerson Guelmann","@id":"https:\/\/gersonguelmann.com.br\/blog\/#\/schema\/person\/87e70e2a786888082f941a482c90569e"},"headline":"E O Oscar &#8220;Marqueteiro Ao Contr\u00e1rio&#8221; Vai Para&#8230;","datePublished":"2018-05-01T16:31:53+00:00","dateModified":"2018-05-01T17:02:25+00:00","mainEntityOfPage":{"@id":"https:\/\/gersonguelmann.com.br\/blog\/e-o-oscar-marqueteiro-ao-contrario-vai-para\/"},"wordCount":85,"commentCount":0,"image":{"@id":"https:\/\/gersonguelmann.com.br\/blog\/e-o-oscar-marqueteiro-ao-contrario-vai-para\/#primaryimage"},"thumbnailUrl":"https:\/\/i0.wp.com\/gersonguelmann.com.br\/blog\/wp-content\/uploads\/2018\/05\/incendio-no-centro-de-sp-01052018041905621.jpeg?fit=660%2C360&ssl=1","inLanguage":"pt-BR","potentialAction":[{"@type":"CommentAction","name":"Comment","target":["https:\/\/gersonguelmann.com.br\/blog\/e-o-oscar-marqueteiro-ao-contrario-vai-para\/#respond"]}]},{"@type":"WebPage","@id":"https:\/\/gersonguelmann.com.br\/blog\/e-o-oscar-marqueteiro-ao-contrario-vai-para\/","url":"https:\/\/gersonguelmann.com.br\/blog\/e-o-oscar-marqueteiro-ao-contrario-vai-para\/","name":"E O Oscar \"Marqueteiro Ao Contr\u00e1rio\" Vai Para... | Blog do Guelmann","isPartOf":{"@id":"https:\/\/gersonguelmann.com.br\/blog\/#website"},"primaryImageOfPage":{"@id":"https:\/\/gersonguelmann.com.br\/blog\/e-o-oscar-marqueteiro-ao-contrario-vai-para\/#primaryimage"},"image":{"@id":"https:\/\/gersonguelmann.com.br\/blog\/e-o-oscar-marqueteiro-ao-contrario-vai-para\/#primaryimage"},"thumbnailUrl":"https:\/\/i0.wp.com\/gersonguelmann.com.br\/blog\/wp-content\/uploads\/2018\/05\/incendio-no-centro-de-sp-01052018041905621.jpeg?fit=660%2C360&ssl=1","datePublished":"2018-05-01T16:31:53+00:00","dateModified":"2018-05-01T17:02:25+00:00","author":{"@id":"https:\/\/gersonguelmann.com.br\/blog\/#\/schema\/person\/87e70e2a786888082f941a482c90569e"},"inLanguage":"pt-BR","potentialAction":[{"@type":"ReadAction","target":["https:\/\/gersonguelmann.com.br\/blog\/e-o-oscar-marqueteiro-ao-contrario-vai-para\/"]}]},{"@type":"ImageObject","inLanguage":"pt-BR","@id":"https:\/\/gersonguelmann.com.br\/blog\/e-o-oscar-marqueteiro-ao-contrario-vai-para\/#primaryimage","url":"https:\/\/i0.wp.com\/gersonguelmann.com.br\/blog\/wp-content\/uploads\/2018\/05\/incendio-no-centro-de-sp-01052018041905621.jpeg?fit=660%2C360&ssl=1","contentUrl":"https:\/\/i0.wp.com\/gersonguelmann.com.br\/blog\/wp-content\/uploads\/2018\/05\/incendio-no-centro-de-sp-01052018041905621.jpeg?fit=660%2C360&ssl=1","width":660,"height":360},{"@type":"WebSite","@id":"https:\/\/gersonguelmann.com.br\/blog\/#website","url":"https:\/\/gersonguelmann.com.br\/blog\/","name":"Blog do Guelmann","description":"Pitadas da sabedoria e do humor judaicos, assuntos do momento e um pouco das hist\u00f3rias que vivi e testemunhei.","potentialAction":[{"@type":"SearchAction","target":{"@type":"EntryPoint","urlTemplate":"https:\/\/gersonguelmann.com.br\/blog\/?s={search_term_string}"},"query-input":{"@type":"PropertyValueSpecification","valueRequired":true,"valueName":"search_term_string"}}],"inLanguage":"pt-BR"},{"@type":"Person","@id":"https:\/\/gersonguelmann.com.br\/blog\/#\/schema\/person\/87e70e2a786888082f941a482c90569e","name":"Gerson Guelmann","image":{"@type":"ImageObject","inLanguage":"pt-BR","@id":"https:\/\/i0.wp.com\/gersonguelmann.com.br\/blog\/wp-content\/uploads\/2021\/08\/BLOG.jpeg?fit=96%2C96&ssl=1","url":"https:\/\/i0.wp.com\/gersonguelmann.com.br\/blog\/wp-content\/uploads\/2021\/08\/BLOG.jpeg?fit=96%2C96&ssl=1","contentUrl":"https:\/\/i0.wp.com\/gersonguelmann.com.br\/blog\/wp-content\/uploads\/2021\/08\/BLOG.jpeg?fit=96%2C96&ssl=1","caption":"Gerson Guelmann"},"description":"Pitadas da sabedoria e do humor judaicos, assuntos do momento e um pouco das hist\u00f3rias que vivi e testemunhei."}]}},"views":46,"jetpack_publicize_connections":[],"jetpack_featured_media_url":"https:\/\/i0.wp.com\/gersonguelmann.com.br\/blog\/wp-content\/uploads\/2018\/05\/incendio-no-centro-de-sp-01052018041905621.jpeg?fit=660%2C360&ssl=1","jetpack_shortlink":"https:\/\/wp.me\/p96e7O-3cZ","jetpack-related-posts":[{"id":13754,"url":"https:\/\/gersonguelmann.com.br\/blog\/temer-esta-comecando-a-adivinhar\/","url_meta":{"origin":12337,"position":0},"title":"Temer Est\u00e1 Come\u00e7ando a Adivinhar","author":"Gerson Guelmann","date":"7 de junho de 2018","format":false,"excerpt":"A manchete do artigo publicado pela revista Isto\u00c9 agora a noite diz tudo: MUNDO Temer diz que den\u00fancias buscam \u2018esquartej\u00e1-lo\u2019 politicamente AFP 07\/06\/18 - 20h41 - Atualizado em 07\/06\/18 - 21h20 O presidente Michel Temer declarou nesta quinta-feira, em entrevista \u00e0 TV Brasil, que as den\u00fancias contra ele s\u00e3o uma\u2026","rel":"","context":"Em &quot;Sem categoria&quot;","block_context":{"text":"Sem categoria","link":"https:\/\/gersonguelmann.com.br\/blog\/category\/sem-categoria\/"},"img":{"alt_text":"","src":"https:\/\/i0.wp.com\/gersonguelmann.com.br\/blog\/wp-content\/uploads\/2018\/06\/Vidente-1.jpg?fit=1200%2C799&ssl=1&resize=350%2C200","width":350,"height":200,"srcset":"https:\/\/i0.wp.com\/gersonguelmann.com.br\/blog\/wp-content\/uploads\/2018\/06\/Vidente-1.jpg?fit=1200%2C799&ssl=1&resize=350%2C200 1x, https:\/\/i0.wp.com\/gersonguelmann.com.br\/blog\/wp-content\/uploads\/2018\/06\/Vidente-1.jpg?fit=1200%2C799&ssl=1&resize=525%2C300 1.5x, https:\/\/i0.wp.com\/gersonguelmann.com.br\/blog\/wp-content\/uploads\/2018\/06\/Vidente-1.jpg?fit=1200%2C799&ssl=1&resize=700%2C400 2x, https:\/\/i0.wp.com\/gersonguelmann.com.br\/blog\/wp-content\/uploads\/2018\/06\/Vidente-1.jpg?fit=1200%2C799&ssl=1&resize=1050%2C600 3x"},"classes":[]},{"id":11043,"url":"https:\/\/gersonguelmann.com.br\/blog\/casa-da-filha-de-temer-na-mira-da-pf\/","url_meta":{"origin":12337,"position":1},"title":"Casa da Filha de Temer na Mira da PF","author":"Gerson Guelmann","date":"29 de mar\u00e7o de 2018","format":false,"excerpt":"De O Globo, agora: Opera\u00e7\u00e3o da PF mira reforma em casa da filha de Temer Barroso intima arquiteta respons\u00e1vel pela obra, que \u00e9 mulher do coronel Lima, amigo do peemedebista BRAS\u00cdLIA - A opera\u00e7\u00e3o da\u00a0Pol\u00edcia Federal\u00a0deflagrada nesta quinta-feira (29) atinge suspeitas de pagamentos indevidos ao presidente\u00a0Michel Temer\u00a0(PMDB) por meio da\u2026","rel":"","context":"Em &quot;Sem categoria&quot;","block_context":{"text":"Sem categoria","link":"https:\/\/gersonguelmann.com.br\/blog\/category\/sem-categoria\/"},"img":{"alt_text":"","src":"https:\/\/i0.wp.com\/gersonguelmann.com.br\/blog\/wp-content\/uploads\/2018\/03\/Temer.jpg?resize=350%2C200&ssl=1","width":350,"height":200},"classes":[]},{"id":11694,"url":"https:\/\/gersonguelmann.com.br\/blog\/com-lula-fora-da-disputa-joaquim-barbosa-cresce\/","url_meta":{"origin":12337,"position":2},"title":"Com Lula Fora da Disputa, Joaquim Barbosa Cresce","author":"Gerson Guelmann","date":"16 de abril de 2018","format":false,"excerpt":"Mat\u00e9ria publicada no El Pa\u00eds: ELEI\u00c7\u00d5ES 2018 \u201cJoaquim Barbosa se tornou o \u00fanico \u2018outsider\u2019 com chances de disputar e ganhar\u201d Para cientista pol\u00edtico Fernando Luiz Abrucio, levantar a bandeira do anti-Lula \u00e9 perigoso para a centro-direita, especialmente no segundo turno. Professor da FGV diz que PT tem at\u00e9 junho para\u2026","rel":"","context":"Em &quot;Sem categoria&quot;","block_context":{"text":"Sem categoria","link":"https:\/\/gersonguelmann.com.br\/blog\/category\/sem-categoria\/"},"img":{"alt_text":"","src":"https:\/\/i0.wp.com\/gersonguelmann.com.br\/blog\/wp-content\/uploads\/2018\/04\/JB.jpg?fit=1200%2C675&ssl=1&resize=350%2C200","width":350,"height":200,"srcset":"https:\/\/i0.wp.com\/gersonguelmann.com.br\/blog\/wp-content\/uploads\/2018\/04\/JB.jpg?fit=1200%2C675&ssl=1&resize=350%2C200 1x, https:\/\/i0.wp.com\/gersonguelmann.com.br\/blog\/wp-content\/uploads\/2018\/04\/JB.jpg?fit=1200%2C675&ssl=1&resize=525%2C300 1.5x, https:\/\/i0.wp.com\/gersonguelmann.com.br\/blog\/wp-content\/uploads\/2018\/04\/JB.jpg?fit=1200%2C675&ssl=1&resize=700%2C400 2x, https:\/\/i0.wp.com\/gersonguelmann.com.br\/blog\/wp-content\/uploads\/2018\/04\/JB.jpg?fit=1200%2C675&ssl=1&resize=1050%2C600 3x"},"classes":[]},{"id":11093,"url":"https:\/\/gersonguelmann.com.br\/blog\/a-testemunha-que-pode-abalar-as-estruturas-do-planalto\/","url_meta":{"origin":12337,"position":3},"title":"A Testemunha Que Pode Abalar As Estruturas do Planalto","author":"Gerson Guelmann","date":"31 de mar\u00e7o de 2018","format":false,"excerpt":"Na edi\u00e7\u00e3o da Veja desta semana: Pol\u00edtica A testemunha que pode ligar Temer \u00e0s irregularidades em Santos Pela primeira vez em quase duas d\u00e9cadas, a blogueira de moda \u00c9rika Santos falou do esquema de pagamentos de suborno que ela mesma denunciou vinte anos atr\u00e1s Por\u00a0Thiago Bronzatto, de Paris access_time30 mar\u2026","rel":"","context":"Em &quot;Sem categoria&quot;","block_context":{"text":"Sem categoria","link":"https:\/\/gersonguelmann.com.br\/blog\/category\/sem-categoria\/"},"img":{"alt_text":"","src":"https:\/\/i0.wp.com\/gersonguelmann.com.br\/blog\/wp-content\/uploads\/2018\/03\/download-4.jpg?resize=350%2C200&ssl=1","width":350,"height":200},"classes":[]},{"id":11564,"url":"https:\/\/gersonguelmann.com.br\/blog\/nao-a-carmem-lucia-nao-incendiara-pais\/","url_meta":{"origin":12337,"position":4},"title":"N\u00e3o, a Carmem L\u00facia N\u00e3o Incendiar\u00e1 o Pa\u00eds","author":"Gerson Guelmann","date":"13 de abril de 2018","format":false,"excerpt":"De ontem para c\u00e1 come\u00e7ou a circular uma mensagem nos grupos de WhatsApp com o seguinte teor: - \"Att !!!!! Cheiro de A\u00e7o no Ar? Os cr\u00e1pulas manobraram para afastar Carmem L\u00facia da presid\u00eancia do STF na pr\u00f3xima 6a feira, quando Temer deve viajar para a C\u00fapula das Am\u00e9ricas. Com\u2026","rel":"","context":"Em &quot;Sem categoria&quot;","block_context":{"text":"Sem categoria","link":"https:\/\/gersonguelmann.com.br\/blog\/category\/sem-categoria\/"},"img":{"alt_text":"","src":"","width":0,"height":0},"classes":[]},{"id":1821,"url":"https:\/\/gersonguelmann.com.br\/blog\/temer-dissimulado\/","url_meta":{"origin":12337,"position":5},"title":"Temer, o Dissimulado","author":"Gerson Guelmann","date":"19 de setembro de 2017","format":false,"excerpt":"Hoje cedo, na ONU, Temer falou de tudo e mais um pouco. Botou banca de estadista e deu receitas para todos os males do mundo. Foi da crise na Venezuela ao conflito no Oriente M\u00e9dio e n\u00e3o esqueceu da Cor\u00e9ia do Norte. Do Brasil, disse que reduzimos o desmatamento da\u2026","rel":"","context":"Em &quot;Sem categoria&quot;","block_context":{"text":"Sem categoria","link":"https:\/\/gersonguelmann.com.br\/blog\/category\/sem-categoria\/"},"img":{"alt_text":"","src":"https:\/\/i0.wp.com\/gersonguelmann.com.br\/blog\/wp-content\/uploads\/2017\/09\/Camuflagem.jpg?fit=510%2C340&ssl=1&resize=350%2C200","width":350,"height":200},"classes":[]}],"jetpack_sharing_enabled":true,"post_mailing_queue_ids":[],"_links":{"self":[{"href":"https:\/\/gersonguelmann.com.br\/blog\/wp-json\/wp\/v2\/posts\/12337","targetHints":{"allow":["GET"]}}],"collection":[{"href":"https:\/\/gersonguelmann.com.br\/blog\/wp-json\/wp\/v2\/posts"}],"about":[{"href":"https:\/\/gersonguelmann.com.br\/blog\/wp-json\/wp\/v2\/types\/post"}],"author":[{"embeddable":true,"href":"https:\/\/gersonguelmann.com.br\/blog\/wp-json\/wp\/v2\/users\/5"}],"replies":[{"embeddable":true,"href":"https:\/\/gersonguelmann.com.br\/blog\/wp-json\/wp\/v2\/comments?post=12337"}],"version-history":[{"count":0,"href":"https:\/\/gersonguelmann.com.br\/blog\/wp-json\/wp\/v2\/posts\/12337\/revisions"}],"wp:featuredmedia":[{"embeddable":true,"href":"https:\/\/gersonguelmann.com.br\/blog\/wp-json\/wp\/v2\/media\/12338"}],"wp:attachment":[{"href":"https:\/\/gersonguelmann.com.br\/blog\/wp-json\/wp\/v2\/media?parent=12337"}],"wp:term":[{"taxonomy":"category","embeddable":true,"href":"https:\/\/gersonguelmann.com.br\/blog\/wp-json\/wp\/v2\/categories?post=12337"},{"taxonomy":"post_tag","embeddable":true,"href":"https:\/\/gersonguelmann.com.br\/blog\/wp-json\/wp\/v2\/tags?post=12337"}],"curies":[{"name":"wp","href":"https:\/\/api.w.org\/{rel}","templated":true}]}}