    {"id":12343,"date":"2018-05-01T14:17:15","date_gmt":"2018-05-01T17:17:15","guid":{"rendered":"https:\/\/gersonguelmann.com.br\/blog\/?p=12343"},"modified":"2018-05-01T14:17:15","modified_gmt":"2018-05-01T17:17:15","slug":"cedulas-com-carimbo-de-lula","status":"publish","type":"post","link":"https:\/\/gersonguelmann.com.br\/blog\/cedulas-com-carimbo-de-lula\/","title":{"rendered":"C\u00e9dulas Com Carimbo de Lula"},"content":{"rendered":"<p><img data-recalc-dims=\"1\" fetchpriority=\"high\" decoding=\"async\" data-attachment-id=\"12344\" data-permalink=\"https:\/\/gersonguelmann.com.br\/blog\/cedulas-com-carimbo-de-lula\/former-brazilian-president-lula-da-silva-gestures-as-he-attends-a-democracy-and-social-justice-seminar-in-sao-paulo\/\" data-orig-file=\"https:\/\/i0.wp.com\/gersonguelmann.com.br\/blog\/wp-content\/uploads\/2018\/05\/Lula.jpg?fit=1500%2C1000&amp;ssl=1\" data-orig-size=\"1500,1000\" data-comments-opened=\"1\" data-image-meta=\"{&quot;aperture&quot;:&quot;0&quot;,&quot;credit&quot;:&quot;REUTERS&quot;,&quot;camera&quot;:&quot;&quot;,&quot;caption&quot;:&quot;Former Brazilian President Luiz Inacio Lula da Silva gestures as he attends a \\&quot;Democracy and social justice\\&quot; seminar in Sao Paulo, Brazil, April 25, 2016. REUTERS\/Paulo Whitaker&quot;,&quot;created_timestamp&quot;:&quot;1461598115&quot;,&quot;copyright&quot;:&quot;&quot;,&quot;focal_length&quot;:&quot;0&quot;,&quot;iso&quot;:&quot;0&quot;,&quot;shutter_speed&quot;:&quot;0&quot;,&quot;title&quot;:&quot;Former Brazilian President Lula da Silva gestures as he attends a \\&quot;Democracy and social justice\\&quot; seminar in Sao Paulo&quot;,&quot;orientation&quot;:&quot;1&quot;}\" data-image-title=\"Former Brazilian President Lula da Silva gestures as he attends a &amp;#8220;Democracy and social justice&amp;#8221; seminar in Sao Paulo\" data-image-description=\"\" data-image-caption=\"&lt;p&gt;Former Brazilian President Luiz Inacio Lula da Silva gestures as he attends a &amp;#8220;Democracy and social justice&amp;#8221; seminar in Sao Paulo, Brazil, April 25, 2016. REUTERS\/Paulo Whitaker&lt;\/p&gt;\n\" data-medium-file=\"https:\/\/i0.wp.com\/gersonguelmann.com.br\/blog\/wp-content\/uploads\/2018\/05\/Lula.jpg?fit=300%2C200&amp;ssl=1\" data-large-file=\"https:\/\/i0.wp.com\/gersonguelmann.com.br\/blog\/wp-content\/uploads\/2018\/05\/Lula.jpg?fit=640%2C427&amp;ssl=1\" class=\"size-medium wp-image-12344\" src=\"https:\/\/i0.wp.com\/gersonguelmann.com.br\/blog\/wp-content\/uploads\/2018\/05\/Lula.jpg?resize=300%2C200&#038;ssl=1\" alt=\"\" width=\"300\" height=\"200\" srcset=\"https:\/\/i0.wp.com\/gersonguelmann.com.br\/blog\/wp-content\/uploads\/2018\/05\/Lula.jpg?resize=300%2C200&amp;ssl=1 300w, https:\/\/i0.wp.com\/gersonguelmann.com.br\/blog\/wp-content\/uploads\/2018\/05\/Lula.jpg?resize=768%2C512&amp;ssl=1 768w, https:\/\/i0.wp.com\/gersonguelmann.com.br\/blog\/wp-content\/uploads\/2018\/05\/Lula.jpg?resize=1024%2C683&amp;ssl=1 1024w, https:\/\/i0.wp.com\/gersonguelmann.com.br\/blog\/wp-content\/uploads\/2018\/05\/Lula.jpg?resize=750%2C500&amp;ssl=1 750w, https:\/\/i0.wp.com\/gersonguelmann.com.br\/blog\/wp-content\/uploads\/2018\/05\/Lula.jpg?w=1500&amp;ssl=1 1500w, https:\/\/i0.wp.com\/gersonguelmann.com.br\/blog\/wp-content\/uploads\/2018\/05\/Lula.jpg?w=1280&amp;ssl=1 1280w\" sizes=\"(max-width: 300px) 100vw, 300px\" \/><\/p>\n<p><span style=\"font-family: georgia, palatino, serif; font-size: 18pt; color: #000000;\">Come\u00e7ou a circular um v\u00eddeo que mostra pessoas carimbando c\u00e9dulas de dinheiro com a imagem do ex-presidente Lula.<\/span><\/p>\n<p><span style=\"font-family: georgia, palatino, serif; font-size: 18pt; color: #000000;\">A informa\u00e7\u00e3o \u00e9 que isso estaria sendo feito aqui em Curitiba, no acampamento onde est\u00e3o os manifestantes em favor dele.<\/span><\/p>\n<p><span style=\"font-family: georgia, palatino, serif; font-size: 18pt; color: #000000;\">N\u00e3o h\u00e1 como confirmar isso.<\/span><\/p>\n<p><span style=\"font-family: georgia, palatino, serif; font-size: 18pt; color: #000000;\">As mensagens que recebi d\u00e3o conta de que segundo o artigo 98 e 99 do C\u00f3digo Civil Brasileiro, a moeda, seja ela em papel ou em moeda, \u00e9 valor da Uni\u00e3o Federal e o ato de danific\u00e1-la constitui crime.<\/span><\/p>\n<p><span class=\"embed-youtube\" style=\"text-align:center; display: block;\"><iframe class=\"youtube-player\" width=\"640\" height=\"360\" src=\"https:\/\/www.youtube.com\/embed\/5Ij_UOF7FbU?version=3&#038;rel=1&#038;showsearch=0&#038;showinfo=1&#038;iv_load_policy=1&#038;fs=1&#038;hl=pt-BR&#038;autohide=2&#038;wmode=transparent\" allowfullscreen=\"true\" style=\"border:0;\" sandbox=\"allow-scripts allow-same-origin allow-popups allow-presentation allow-popups-to-escape-sandbox\"><\/iframe><\/span><\/p>\n<p>&nbsp;<\/p>\n","protected":false},"excerpt":{"rendered":"<p>Come\u00e7ou a circular um v\u00eddeo que mostra pessoas carimbando c\u00e9dulas de dinheiro com a imagem do ex-presidente Lula. A informa\u00e7\u00e3o \u00e9 que isso estaria sendo feito aqui em Curitiba, no acampamento onde est\u00e3o os manifestantes em favor dele. N\u00e3o h\u00e1 como confirmar isso. As mensagens que recebi d\u00e3o conta de que segundo o artigo 98 [&hellip;]<\/p>\n","protected":false},"author":5,"featured_media":12344,"comment_status":"open","ping_status":"open","sticky":false,"template":"","format":"standard","meta":{"_acf_changed":false,"jetpack_post_was_ever_published":false,"_jetpack_newsletter_access":"","_jetpack_dont_email_post_to_subs":false,"_jetpack_newsletter_tier_id":0,"_jetpack_memberships_contains_paywalled_content":false,"_jetpack_memberships_contains_paid_content":false,"footnotes":"","jetpack_publicize_message":"","jetpack_publicize_feature_enabled":true,"jetpack_social_post_already_shared":true,"jetpack_social_options":{"image_generator_settings":{"template":"highway","default_image_id":0,"font":"","enabled":false},"version":2}},"categories":[1],"tags":[],"class_list":["post-12343","post","type-post","status-publish","format-standard","has-post-thumbnail","hentry","category-sem-categoria"],"acf":[],"yoast_head":"<!-- This site is optimized with the Yoast SEO plugin v27.3 - https:\/\/yoast.com\/product\/yoast-seo-wordpress\/ -->\n<title>C\u00e9dulas Com Carimbo de Lula | Blog do Guelmann<\/title>\n<meta name=\"robots\" content=\"index, follow, max-snippet:-1, max-image-preview:large, max-video-preview:-1\" \/>\n<link rel=\"canonical\" href=\"https:\/\/gersonguelmann.com.br\/blog\/cedulas-com-carimbo-de-lula\/\" \/>\n<meta property=\"og:locale\" content=\"pt_BR\" \/>\n<meta property=\"og:type\" content=\"article\" \/>\n<meta property=\"og:title\" content=\"C\u00e9dulas Com Carimbo de Lula | Blog do Guelmann\" \/>\n<meta property=\"og:description\" content=\"Come\u00e7ou a circular um v\u00eddeo que mostra pessoas carimbando c\u00e9dulas de dinheiro com a imagem do ex-presidente Lula. A informa\u00e7\u00e3o \u00e9 que isso estaria sendo feito aqui em Curitiba, no acampamento onde est\u00e3o os manifestantes em favor dele. N\u00e3o h\u00e1 como confirmar isso. As mensagens que recebi d\u00e3o conta de que segundo o artigo 98 [&hellip;]\" \/>\n<meta property=\"og:url\" content=\"https:\/\/gersonguelmann.com.br\/blog\/cedulas-com-carimbo-de-lula\/\" \/>\n<meta property=\"og:site_name\" content=\"Blog do Guelmann\" \/>\n<meta property=\"article:published_time\" content=\"2018-05-01T17:17:15+00:00\" \/>\n<meta property=\"og:image\" content=\"https:\/\/i0.wp.com\/gersonguelmann.com.br\/blog\/wp-content\/uploads\/2018\/05\/Lula.jpg?fit=1500%2C1000&ssl=1\" \/>\n\t<meta property=\"og:image:width\" content=\"1500\" \/>\n\t<meta property=\"og:image:height\" content=\"1000\" \/>\n\t<meta property=\"og:image:type\" content=\"image\/jpeg\" \/>\n<meta name=\"author\" content=\"Gerson Guelmann\" \/>\n<meta name=\"twitter:card\" content=\"summary_large_image\" \/>\n<meta name=\"twitter:label1\" content=\"Escrito por\" \/>\n\t<meta name=\"twitter:data1\" content=\"Gerson Guelmann\" \/>\n<script type=\"application\/ld+json\" class=\"yoast-schema-graph\">{\"@context\":\"https:\\\/\\\/schema.org\",\"@graph\":[{\"@type\":\"Article\",\"@id\":\"https:\\\/\\\/gersonguelmann.com.br\\\/blog\\\/cedulas-com-carimbo-de-lula\\\/#article\",\"isPartOf\":{\"@id\":\"https:\\\/\\\/gersonguelmann.com.br\\\/blog\\\/cedulas-com-carimbo-de-lula\\\/\"},\"author\":{\"name\":\"Gerson Guelmann\",\"@id\":\"https:\\\/\\\/gersonguelmann.com.br\\\/blog\\\/#\\\/schema\\\/person\\\/87e70e2a786888082f941a482c90569e\"},\"headline\":\"C\u00e9dulas Com Carimbo de Lula\",\"datePublished\":\"2018-05-01T17:17:15+00:00\",\"mainEntityOfPage\":{\"@id\":\"https:\\\/\\\/gersonguelmann.com.br\\\/blog\\\/cedulas-com-carimbo-de-lula\\\/\"},\"wordCount\":104,\"commentCount\":1,\"image\":{\"@id\":\"https:\\\/\\\/gersonguelmann.com.br\\\/blog\\\/cedulas-com-carimbo-de-lula\\\/#primaryimage\"},\"thumbnailUrl\":\"https:\\\/\\\/i0.wp.com\\\/gersonguelmann.com.br\\\/blog\\\/wp-content\\\/uploads\\\/2018\\\/05\\\/Lula.jpg?fit=1500%2C1000&ssl=1\",\"inLanguage\":\"pt-BR\",\"potentialAction\":[{\"@type\":\"CommentAction\",\"name\":\"Comment\",\"target\":[\"https:\\\/\\\/gersonguelmann.com.br\\\/blog\\\/cedulas-com-carimbo-de-lula\\\/#respond\"]}]},{\"@type\":\"WebPage\",\"@id\":\"https:\\\/\\\/gersonguelmann.com.br\\\/blog\\\/cedulas-com-carimbo-de-lula\\\/\",\"url\":\"https:\\\/\\\/gersonguelmann.com.br\\\/blog\\\/cedulas-com-carimbo-de-lula\\\/\",\"name\":\"C\u00e9dulas Com Carimbo de Lula | Blog do Guelmann\",\"isPartOf\":{\"@id\":\"https:\\\/\\\/gersonguelmann.com.br\\\/blog\\\/#website\"},\"primaryImageOfPage\":{\"@id\":\"https:\\\/\\\/gersonguelmann.com.br\\\/blog\\\/cedulas-com-carimbo-de-lula\\\/#primaryimage\"},\"image\":{\"@id\":\"https:\\\/\\\/gersonguelmann.com.br\\\/blog\\\/cedulas-com-carimbo-de-lula\\\/#primaryimage\"},\"thumbnailUrl\":\"https:\\\/\\\/i0.wp.com\\\/gersonguelmann.com.br\\\/blog\\\/wp-content\\\/uploads\\\/2018\\\/05\\\/Lula.jpg?fit=1500%2C1000&ssl=1\",\"datePublished\":\"2018-05-01T17:17:15+00:00\",\"author\":{\"@id\":\"https:\\\/\\\/gersonguelmann.com.br\\\/blog\\\/#\\\/schema\\\/person\\\/87e70e2a786888082f941a482c90569e\"},\"inLanguage\":\"pt-BR\",\"potentialAction\":[{\"@type\":\"ReadAction\",\"target\":[\"https:\\\/\\\/gersonguelmann.com.br\\\/blog\\\/cedulas-com-carimbo-de-lula\\\/\"]}]},{\"@type\":\"ImageObject\",\"inLanguage\":\"pt-BR\",\"@id\":\"https:\\\/\\\/gersonguelmann.com.br\\\/blog\\\/cedulas-com-carimbo-de-lula\\\/#primaryimage\",\"url\":\"https:\\\/\\\/i0.wp.com\\\/gersonguelmann.com.br\\\/blog\\\/wp-content\\\/uploads\\\/2018\\\/05\\\/Lula.jpg?fit=1500%2C1000&ssl=1\",\"contentUrl\":\"https:\\\/\\\/i0.wp.com\\\/gersonguelmann.com.br\\\/blog\\\/wp-content\\\/uploads\\\/2018\\\/05\\\/Lula.jpg?fit=1500%2C1000&ssl=1\",\"width\":1500,\"height\":1000,\"caption\":\"Former Brazilian President Luiz Inacio Lula da Silva gestures as he attends a \\\"Democracy and social justice\\\" seminar in Sao Paulo, Brazil, April 25, 2016. REUTERS\\\/Paulo Whitaker\"},{\"@type\":\"WebSite\",\"@id\":\"https:\\\/\\\/gersonguelmann.com.br\\\/blog\\\/#website\",\"url\":\"https:\\\/\\\/gersonguelmann.com.br\\\/blog\\\/\",\"name\":\"Blog do Guelmann\",\"description\":\"Pitadas da sabedoria e do humor judaicos, assuntos do momento e um pouco das hist\u00f3rias que vivi e testemunhei.\",\"potentialAction\":[{\"@type\":\"SearchAction\",\"target\":{\"@type\":\"EntryPoint\",\"urlTemplate\":\"https:\\\/\\\/gersonguelmann.com.br\\\/blog\\\/?s={search_term_string}\"},\"query-input\":{\"@type\":\"PropertyValueSpecification\",\"valueRequired\":true,\"valueName\":\"search_term_string\"}}],\"inLanguage\":\"pt-BR\"},{\"@type\":\"Person\",\"@id\":\"https:\\\/\\\/gersonguelmann.com.br\\\/blog\\\/#\\\/schema\\\/person\\\/87e70e2a786888082f941a482c90569e\",\"name\":\"Gerson Guelmann\",\"image\":{\"@type\":\"ImageObject\",\"inLanguage\":\"pt-BR\",\"@id\":\"https:\\\/\\\/i0.wp.com\\\/gersonguelmann.com.br\\\/blog\\\/wp-content\\\/uploads\\\/2021\\\/08\\\/BLOG.jpeg?fit=96%2C96&ssl=1\",\"url\":\"https:\\\/\\\/i0.wp.com\\\/gersonguelmann.com.br\\\/blog\\\/wp-content\\\/uploads\\\/2021\\\/08\\\/BLOG.jpeg?fit=96%2C96&ssl=1\",\"contentUrl\":\"https:\\\/\\\/i0.wp.com\\\/gersonguelmann.com.br\\\/blog\\\/wp-content\\\/uploads\\\/2021\\\/08\\\/BLOG.jpeg?fit=96%2C96&ssl=1\",\"caption\":\"Gerson Guelmann\"},\"description\":\"Pitadas da sabedoria e do humor judaicos, assuntos do momento e um pouco das hist\u00f3rias que vivi e testemunhei.\"}]}<\/script>\n<!-- \/ Yoast SEO plugin. -->","yoast_head_json":{"title":"C\u00e9dulas Com Carimbo de Lula | Blog do Guelmann","robots":{"index":"index","follow":"follow","max-snippet":"max-snippet:-1","max-image-preview":"max-image-preview:large","max-video-preview":"max-video-preview:-1"},"canonical":"https:\/\/gersonguelmann.com.br\/blog\/cedulas-com-carimbo-de-lula\/","og_locale":"pt_BR","og_type":"article","og_title":"C\u00e9dulas Com Carimbo de Lula | Blog do Guelmann","og_description":"Come\u00e7ou a circular um v\u00eddeo que mostra pessoas carimbando c\u00e9dulas de dinheiro com a imagem do ex-presidente Lula. A informa\u00e7\u00e3o \u00e9 que isso estaria sendo feito aqui em Curitiba, no acampamento onde est\u00e3o os manifestantes em favor dele. N\u00e3o h\u00e1 como confirmar isso. As mensagens que recebi d\u00e3o conta de que segundo o artigo 98 [&hellip;]","og_url":"https:\/\/gersonguelmann.com.br\/blog\/cedulas-com-carimbo-de-lula\/","og_site_name":"Blog do Guelmann","article_published_time":"2018-05-01T17:17:15+00:00","og_image":[{"width":1500,"height":1000,"url":"https:\/\/i0.wp.com\/gersonguelmann.com.br\/blog\/wp-content\/uploads\/2018\/05\/Lula.jpg?fit=1500%2C1000&ssl=1","type":"image\/jpeg"}],"author":"Gerson Guelmann","twitter_card":"summary_large_image","twitter_misc":{"Escrito por":"Gerson Guelmann"},"schema":{"@context":"https:\/\/schema.org","@graph":[{"@type":"Article","@id":"https:\/\/gersonguelmann.com.br\/blog\/cedulas-com-carimbo-de-lula\/#article","isPartOf":{"@id":"https:\/\/gersonguelmann.com.br\/blog\/cedulas-com-carimbo-de-lula\/"},"author":{"name":"Gerson Guelmann","@id":"https:\/\/gersonguelmann.com.br\/blog\/#\/schema\/person\/87e70e2a786888082f941a482c90569e"},"headline":"C\u00e9dulas Com Carimbo de Lula","datePublished":"2018-05-01T17:17:15+00:00","mainEntityOfPage":{"@id":"https:\/\/gersonguelmann.com.br\/blog\/cedulas-com-carimbo-de-lula\/"},"wordCount":104,"commentCount":1,"image":{"@id":"https:\/\/gersonguelmann.com.br\/blog\/cedulas-com-carimbo-de-lula\/#primaryimage"},"thumbnailUrl":"https:\/\/i0.wp.com\/gersonguelmann.com.br\/blog\/wp-content\/uploads\/2018\/05\/Lula.jpg?fit=1500%2C1000&ssl=1","inLanguage":"pt-BR","potentialAction":[{"@type":"CommentAction","name":"Comment","target":["https:\/\/gersonguelmann.com.br\/blog\/cedulas-com-carimbo-de-lula\/#respond"]}]},{"@type":"WebPage","@id":"https:\/\/gersonguelmann.com.br\/blog\/cedulas-com-carimbo-de-lula\/","url":"https:\/\/gersonguelmann.com.br\/blog\/cedulas-com-carimbo-de-lula\/","name":"C\u00e9dulas Com Carimbo de Lula | Blog do Guelmann","isPartOf":{"@id":"https:\/\/gersonguelmann.com.br\/blog\/#website"},"primaryImageOfPage":{"@id":"https:\/\/gersonguelmann.com.br\/blog\/cedulas-com-carimbo-de-lula\/#primaryimage"},"image":{"@id":"https:\/\/gersonguelmann.com.br\/blog\/cedulas-com-carimbo-de-lula\/#primaryimage"},"thumbnailUrl":"https:\/\/i0.wp.com\/gersonguelmann.com.br\/blog\/wp-content\/uploads\/2018\/05\/Lula.jpg?fit=1500%2C1000&ssl=1","datePublished":"2018-05-01T17:17:15+00:00","author":{"@id":"https:\/\/gersonguelmann.com.br\/blog\/#\/schema\/person\/87e70e2a786888082f941a482c90569e"},"inLanguage":"pt-BR","potentialAction":[{"@type":"ReadAction","target":["https:\/\/gersonguelmann.com.br\/blog\/cedulas-com-carimbo-de-lula\/"]}]},{"@type":"ImageObject","inLanguage":"pt-BR","@id":"https:\/\/gersonguelmann.com.br\/blog\/cedulas-com-carimbo-de-lula\/#primaryimage","url":"https:\/\/i0.wp.com\/gersonguelmann.com.br\/blog\/wp-content\/uploads\/2018\/05\/Lula.jpg?fit=1500%2C1000&ssl=1","contentUrl":"https:\/\/i0.wp.com\/gersonguelmann.com.br\/blog\/wp-content\/uploads\/2018\/05\/Lula.jpg?fit=1500%2C1000&ssl=1","width":1500,"height":1000,"caption":"Former Brazilian President Luiz Inacio Lula da Silva gestures as he attends a \"Democracy and social justice\" seminar in Sao Paulo, Brazil, April 25, 2016. REUTERS\/Paulo Whitaker"},{"@type":"WebSite","@id":"https:\/\/gersonguelmann.com.br\/blog\/#website","url":"https:\/\/gersonguelmann.com.br\/blog\/","name":"Blog do Guelmann","description":"Pitadas da sabedoria e do humor judaicos, assuntos do momento e um pouco das hist\u00f3rias que vivi e testemunhei.","potentialAction":[{"@type":"SearchAction","target":{"@type":"EntryPoint","urlTemplate":"https:\/\/gersonguelmann.com.br\/blog\/?s={search_term_string}"},"query-input":{"@type":"PropertyValueSpecification","valueRequired":true,"valueName":"search_term_string"}}],"inLanguage":"pt-BR"},{"@type":"Person","@id":"https:\/\/gersonguelmann.com.br\/blog\/#\/schema\/person\/87e70e2a786888082f941a482c90569e","name":"Gerson Guelmann","image":{"@type":"ImageObject","inLanguage":"pt-BR","@id":"https:\/\/i0.wp.com\/gersonguelmann.com.br\/blog\/wp-content\/uploads\/2021\/08\/BLOG.jpeg?fit=96%2C96&ssl=1","url":"https:\/\/i0.wp.com\/gersonguelmann.com.br\/blog\/wp-content\/uploads\/2021\/08\/BLOG.jpeg?fit=96%2C96&ssl=1","contentUrl":"https:\/\/i0.wp.com\/gersonguelmann.com.br\/blog\/wp-content\/uploads\/2021\/08\/BLOG.jpeg?fit=96%2C96&ssl=1","caption":"Gerson Guelmann"},"description":"Pitadas da sabedoria e do humor judaicos, assuntos do momento e um pouco das hist\u00f3rias que vivi e testemunhei."}]}},"views":58,"jetpack_publicize_connections":[],"jetpack_featured_media_url":"https:\/\/i0.wp.com\/gersonguelmann.com.br\/blog\/wp-content\/uploads\/2018\/05\/Lula.jpg?fit=1500%2C1000&ssl=1","jetpack_shortlink":"https:\/\/wp.me\/p96e7O-3d5","jetpack-related-posts":[{"id":2522,"url":"https:\/\/gersonguelmann.com.br\/blog\/alerta-moeda-na-macaneta-do-carro\/","url_meta":{"origin":12343,"position":0},"title":"Alerta: Moeda na Ma\u00e7aneta do Carro","author":"Gerson Guelmann","date":"6 de outubro de 2017","format":false,"excerpt":"Recebi v\u00eddeo alertando para truque que estaria sendo usado por assaltantes, consistindo na coloca\u00e7\u00e3o de moedas na ma\u00e7aneta dos autom\u00f3veis, como forma de anular o sistema de travamento das portas. O golpe seria dado da seguinte forma: ao ver um determinado ve\u00edculo no estacionamento, eles colocariam a moeda da forma\u2026","rel":"","context":"Em &quot;Sem categoria&quot;","block_context":{"text":"Sem categoria","link":"https:\/\/gersonguelmann.com.br\/blog\/category\/sem-categoria\/"},"img":{"alt_text":"","src":"https:\/\/i0.wp.com\/gersonguelmann.com.br\/blog\/wp-content\/uploads\/2017\/10\/Moeda-300x168.jpg?resize=350%2C200&ssl=1","width":350,"height":200},"classes":[]},{"id":14555,"url":"https:\/\/gersonguelmann.com.br\/blog\/em-video-ze-dirceu-comemora-a-libertacao-de-lula-que-nao-deu-certo\/","url_meta":{"origin":12343,"position":1},"title":"Em V\u00eddeo, Z\u00e9 Dirceu Comemora a Liberta\u00e7\u00e3o de Lula Que N\u00e3o Deu Certo","author":"Gerson Guelmann","date":"9 de julho de 2018","format":false,"excerpt":"Circulou ontem v\u00eddeo em que Z\u00e9 Dirceu, ex-ministro e militante do PT, felicita Lula por ter deixado a cadeia em Curitiba. Detalhe curioso \u00e9 o fato de que Z\u00e9 Dirceu veste camisa da sele\u00e7\u00e3o brasileira. Isso pode levar \u00e0 conclus\u00e3o de que o v\u00eddeo teria sido gravado enquanto o pedido\u2026","rel":"","context":"Em &quot;Sem categoria&quot;","block_context":{"text":"Sem categoria","link":"https:\/\/gersonguelmann.com.br\/blog\/category\/sem-categoria\/"},"img":{"alt_text":"","src":"https:\/\/i0.wp.com\/gersonguelmann.com.br\/blog\/wp-content\/uploads\/2018\/07\/lula-dirceu.jpg?fit=377%2C334&ssl=1&resize=350%2C200","width":350,"height":200},"classes":[]},{"id":1498,"url":"https:\/\/gersonguelmann.com.br\/blog\/conhece-o-clube-99-melhor-nao-ser-socio-dele\/","url_meta":{"origin":12343,"position":2},"title":"Conhece o Clube 99? Melhor N\u00e3o Ser S\u00f3cio Dele&#8230;","author":"Gerson Guelmann","date":"6 de mar\u00e7o de 2023","format":false,"excerpt":"H\u00e1 diferentes vers\u00f5es desta f\u00e1bula. O autor \u00e9 desconhecido. \"Era uma vez um rei muito rico. Tinha tudo. Dinheiro, poder, conforto, centenas de s\u00faditos. Assim mesmo n\u00e3o era feliz. Um dia cruzou com um de seus criados, que assobiava alegremente enquanto esfregava o ch\u00e3o com uma vassoura. Ficou intrigado. Como\u2026","rel":"","context":"Em &quot;Sem categoria&quot;","block_context":{"text":"Sem categoria","link":"https:\/\/gersonguelmann.com.br\/blog\/category\/sem-categoria\/"},"img":{"alt_text":"","src":"https:\/\/i0.wp.com\/gersonguelmann.com.br\/blog\/wp-content\/uploads\/2017\/09\/Moedas-1.jpg?fit=800%2C600&ssl=1&resize=350%2C200","width":350,"height":200,"srcset":"https:\/\/i0.wp.com\/gersonguelmann.com.br\/blog\/wp-content\/uploads\/2017\/09\/Moedas-1.jpg?fit=800%2C600&ssl=1&resize=350%2C200 1x, https:\/\/i0.wp.com\/gersonguelmann.com.br\/blog\/wp-content\/uploads\/2017\/09\/Moedas-1.jpg?fit=800%2C600&ssl=1&resize=525%2C300 1.5x, https:\/\/i0.wp.com\/gersonguelmann.com.br\/blog\/wp-content\/uploads\/2017\/09\/Moedas-1.jpg?fit=800%2C600&ssl=1&resize=700%2C400 2x"},"classes":[]},{"id":13077,"url":"https:\/\/gersonguelmann.com.br\/blog\/presidente-presidiario\/","url_meta":{"origin":12343,"position":3},"title":"Presidente Presidi\u00e1rio","author":"Gerson Guelmann","date":"19 de maio de 2018","format":false,"excerpt":"Artigo de Mentor Neto, publicado h\u00e1 pouco na Isto\u00c9: 18\/maio\/18 - 18h00 Presidente presidi\u00e1rio Saiu mais uma pesquisa para a elei\u00e7\u00e3o do nosso pr\u00f3ximo Presidente. Se Lula conseguir o feito de concorrer, ganha at\u00e9 do Justin Bieber. N\u00e3o tem para ningu\u00e9m. Alckmin, coitado, d\u00e1 at\u00e9 pena. Na pesquisa, aparece com\u2026","rel":"","context":"Em &quot;Sem categoria&quot;","block_context":{"text":"Sem categoria","link":"https:\/\/gersonguelmann.com.br\/blog\/category\/sem-categoria\/"},"img":{"alt_text":"","src":"https:\/\/i0.wp.com\/gersonguelmann.com.br\/blog\/wp-content\/uploads\/2018\/05\/Pris%C3%A3o.jpg?fit=640%2C427&ssl=1&resize=350%2C200","width":350,"height":200,"srcset":"https:\/\/i0.wp.com\/gersonguelmann.com.br\/blog\/wp-content\/uploads\/2018\/05\/Pris%C3%A3o.jpg?fit=640%2C427&ssl=1&resize=350%2C200 1x, https:\/\/i0.wp.com\/gersonguelmann.com.br\/blog\/wp-content\/uploads\/2018\/05\/Pris%C3%A3o.jpg?fit=640%2C427&ssl=1&resize=525%2C300 1.5x"},"classes":[]},{"id":10661,"url":"https:\/\/gersonguelmann.com.br\/blog\/o-que-acontece-agora-com-lula\/","url_meta":{"origin":12343,"position":4},"title":"O Que Acontece Agora Com Lula?","author":"Gerson Guelmann","date":"23 de mar\u00e7o de 2018","format":false,"excerpt":"Transcrevo mat\u00e9ria publicada hoje no site El Pa\u00eds: Recurso de Lula ser\u00e1 julgado na pr\u00f3xima segunda. Entenda o que acontece agora Caso a decis\u00e3o seja un\u00e2nime, ordem de pris\u00e3o poder\u00e1 ser emitida no mesmo dia O\u00a0Tribunal Regional Federal 4\u00a0(TRF4) marcou para a pr\u00f3xima segunda-feira, 26 de mar\u00e7o, \u00e0s 13h30, o\u2026","rel":"","context":"Em &quot;Sem categoria&quot;","block_context":{"text":"Sem categoria","link":"https:\/\/gersonguelmann.com.br\/blog\/category\/sem-categoria\/"},"img":{"alt_text":"","src":"https:\/\/i0.wp.com\/gersonguelmann.com.br\/blog\/wp-content\/uploads\/2018\/03\/Lula-2.jpg?fit=770%2C400&ssl=1&resize=350%2C200","width":350,"height":200,"srcset":"https:\/\/i0.wp.com\/gersonguelmann.com.br\/blog\/wp-content\/uploads\/2018\/03\/Lula-2.jpg?fit=770%2C400&ssl=1&resize=350%2C200 1x, https:\/\/i0.wp.com\/gersonguelmann.com.br\/blog\/wp-content\/uploads\/2018\/03\/Lula-2.jpg?fit=770%2C400&ssl=1&resize=525%2C300 1.5x, https:\/\/i0.wp.com\/gersonguelmann.com.br\/blog\/wp-content\/uploads\/2018\/03\/Lula-2.jpg?fit=770%2C400&ssl=1&resize=700%2C400 2x"},"classes":[]},{"id":13269,"url":"https:\/\/gersonguelmann.com.br\/blog\/moro-nega-pedido-do-pt-e-diz-que-lula-tem-fotos-com-aecio-e-geddel\/","url_meta":{"origin":12343,"position":5},"title":"Moro Nega Pedido do PT e  Diz Que Lula Tem Fotos Com A\u00e9cio e Geddel","author":"Gerson Guelmann","date":"24 de maio de 2018","format":false,"excerpt":"Do site do UOL: Do UOL, em S\u00e3o Paulo 24\/05\/2018 - 20h11 > Atualizada 24\/05\/2018 - 20h37 Moro (\u00e0 dir.) tirou foto com Doria em evento em Nova Iorque Em despacho publicado nesta quinta (24), o juiz federal Sergio Moro negou um pedido realizado pela defesa do ex-presidente Luiz In\u00e1cio\u2026","rel":"","context":"Em &quot;Sem categoria&quot;","block_context":{"text":"Sem categoria","link":"https:\/\/gersonguelmann.com.br\/blog\/category\/sem-categoria\/"},"img":{"alt_text":"","src":"https:\/\/i0.wp.com\/gersonguelmann.com.br\/blog\/wp-content\/uploads\/2018\/05\/noite-de-gala.jpg?fit=615%2C300&ssl=1&resize=350%2C200","width":350,"height":200,"srcset":"https:\/\/i0.wp.com\/gersonguelmann.com.br\/blog\/wp-content\/uploads\/2018\/05\/noite-de-gala.jpg?fit=615%2C300&ssl=1&resize=350%2C200 1x, https:\/\/i0.wp.com\/gersonguelmann.com.br\/blog\/wp-content\/uploads\/2018\/05\/noite-de-gala.jpg?fit=615%2C300&ssl=1&resize=525%2C300 1.5x"},"classes":[]}],"jetpack_sharing_enabled":true,"post_mailing_queue_ids":[],"_links":{"self":[{"href":"https:\/\/gersonguelmann.com.br\/blog\/wp-json\/wp\/v2\/posts\/12343","targetHints":{"allow":["GET"]}}],"collection":[{"href":"https:\/\/gersonguelmann.com.br\/blog\/wp-json\/wp\/v2\/posts"}],"about":[{"href":"https:\/\/gersonguelmann.com.br\/blog\/wp-json\/wp\/v2\/types\/post"}],"author":[{"embeddable":true,"href":"https:\/\/gersonguelmann.com.br\/blog\/wp-json\/wp\/v2\/users\/5"}],"replies":[{"embeddable":true,"href":"https:\/\/gersonguelmann.com.br\/blog\/wp-json\/wp\/v2\/comments?post=12343"}],"version-history":[{"count":0,"href":"https:\/\/gersonguelmann.com.br\/blog\/wp-json\/wp\/v2\/posts\/12343\/revisions"}],"wp:featuredmedia":[{"embeddable":true,"href":"https:\/\/gersonguelmann.com.br\/blog\/wp-json\/wp\/v2\/media\/12344"}],"wp:attachment":[{"href":"https:\/\/gersonguelmann.com.br\/blog\/wp-json\/wp\/v2\/media?parent=12343"}],"wp:term":[{"taxonomy":"category","embeddable":true,"href":"https:\/\/gersonguelmann.com.br\/blog\/wp-json\/wp\/v2\/categories?post=12343"},{"taxonomy":"post_tag","embeddable":true,"href":"https:\/\/gersonguelmann.com.br\/blog\/wp-json\/wp\/v2\/tags?post=12343"}],"curies":[{"name":"wp","href":"https:\/\/api.w.org\/{rel}","templated":true}]}}