    {"id":12346,"date":"2018-05-01T16:27:09","date_gmt":"2018-05-01T19:27:09","guid":{"rendered":"https:\/\/gersonguelmann.com.br\/blog\/?p=12346"},"modified":"2018-05-01T16:34:31","modified_gmt":"2018-05-01T19:34:31","slug":"requiao-candidato-a-presidente","status":"publish","type":"post","link":"https:\/\/gersonguelmann.com.br\/blog\/requiao-candidato-a-presidente\/","title":{"rendered":"Requi\u00e3o Candidato a Presidente?"},"content":{"rendered":"<p><span style=\"color: #000000; font-family: georgia, palatino, serif; font-size: 18pt;\">Copio mat\u00e9ria publicada hoje pela revista Veja, na coluna Radar:<\/span><\/p>\n<div class=\"blog-author-single\">\n<div class=\"author-content\">\n<div class=\"info-posts\">\n<p class=\"hat-blog\"><strong><span style=\"color: #000000;\">MAURICIO LIMA<\/span><\/strong><\/p>\n<p class=\"author-name \"><strong><span style=\"color: #000000;\">Radar<\/span><\/strong><\/p>\n<p><span style=\"font-size: 14pt;\"><strong><span style=\"color: #000000;\">Notas exclusivas sobre pol\u00edtica, neg\u00f3cios e entretenimento. Por Mauricio Lima, com Ernesto Neves, Gabriel Mascarenhas e Pedro de Carvalho.<\/span><\/strong><\/span><\/p>\n<div class=\"author-social\">\n<section class=\"share\"><span style=\"font-size: 14pt;\"><strong><span style=\"color: #000000;\">Pol\u00edtica<\/span><\/strong><\/span><\/section>\n<\/div>\n<\/div>\n<\/div>\n<\/div>\n<p class=\"article-title\"><span style=\"font-size: 24pt;\"><strong><span style=\"color: #000000;\">Dissidentes do MDB sugeriram Requi\u00e3o como candidato \u00e0 Presid\u00eancia<\/span><\/strong><\/span><\/p>\n<p class=\"article-subtitle\"><span style=\"font-size: 14pt;\"><strong><span style=\"color: #000000;\">Reuni\u00e3o no gabinete do senador Renan Calheiros<\/span><\/strong><\/span><\/p>\n<div class=\"article-author\"><span style=\"color: #000000; font-size: 14pt;\">Por\u00a0Pedro Carvalho<\/span><\/div>\n<div class=\"article-date\"><span style=\"color: #000000; font-size: 14pt;\">1 maio 2018, 12h09 &#8211; Publicado em 1 maio 2018, 11h00<\/span><\/div>\n<div><\/div>\n<div>\n<p><span style=\"color: #000000; font-size: 14pt;\">Roberto Requi\u00e3o foi um dos nomes sugeridos na reuni\u00e3o dos dissidentes do MDB no gabinete do senador Renan Calheiros como oposi\u00e7\u00e3o a Michel Temer como um eventual candidato \u00e0 presid\u00eancia.<\/span><\/p>\n<p><span style=\"color: #000000; font-size: 14pt;\">O dono da bola (e do gabinete) n\u00e3o quis entrar no m\u00e9rito ainda. Tudo em seu tempo.<\/span><\/p>\n<p><span style=\"color: #000000; font-family: georgia, palatino, serif; font-size: 18pt;\">A publica\u00e7\u00e3o original <a href=\"https:\/\/veja.abril.com.br\/blog\/radar\/dissidentes-do-mdb-sugeriram-requiao-como-candidato-a-presidencia\/\"><em><strong>est\u00e1 aqui<\/strong><\/em><\/a>.<\/span><\/p>\n<p><img data-recalc-dims=\"1\" fetchpriority=\"high\" decoding=\"async\" data-attachment-id=\"12353\" data-permalink=\"https:\/\/gersonguelmann.com.br\/blog\/requiao-candidato-a-presidente\/rr-5\/\" data-orig-file=\"https:\/\/i0.wp.com\/gersonguelmann.com.br\/blog\/wp-content\/uploads\/2018\/05\/RR-1.jpg?fit=2200%2C1467&amp;ssl=1\" data-orig-size=\"2200,1467\" data-comments-opened=\"1\" data-image-meta=\"{&quot;aperture&quot;:&quot;4.5&quot;,&quot;credit&quot;:&quot;&quot;,&quot;camera&quot;:&quot;Canon EOS-1D Mark III&quot;,&quot;caption&quot;:&quot;&quot;,&quot;created_timestamp&quot;:&quot;1233585710&quot;,&quot;copyright&quot;:&quot;&quot;,&quot;focal_length&quot;:&quot;120&quot;,&quot;iso&quot;:&quot;640&quot;,&quot;shutter_speed&quot;:&quot;0.016666666666667&quot;,&quot;title&quot;:&quot;&quot;,&quot;orientation&quot;:&quot;1&quot;}\" data-image-title=\"RR\" data-image-description=\"\" data-image-caption=\"\" data-medium-file=\"https:\/\/i0.wp.com\/gersonguelmann.com.br\/blog\/wp-content\/uploads\/2018\/05\/RR-1.jpg?fit=300%2C200&amp;ssl=1\" data-large-file=\"https:\/\/i0.wp.com\/gersonguelmann.com.br\/blog\/wp-content\/uploads\/2018\/05\/RR-1.jpg?fit=640%2C427&amp;ssl=1\" class=\"size-medium wp-image-12353 aligncenter\" src=\"https:\/\/i0.wp.com\/gersonguelmann.com.br\/blog\/wp-content\/uploads\/2018\/05\/RR-1.jpg?resize=300%2C200&#038;ssl=1\" alt=\"\" width=\"300\" height=\"200\" srcset=\"https:\/\/i0.wp.com\/gersonguelmann.com.br\/blog\/wp-content\/uploads\/2018\/05\/RR-1.jpg?resize=300%2C200&amp;ssl=1 300w, https:\/\/i0.wp.com\/gersonguelmann.com.br\/blog\/wp-content\/uploads\/2018\/05\/RR-1.jpg?resize=768%2C512&amp;ssl=1 768w, https:\/\/i0.wp.com\/gersonguelmann.com.br\/blog\/wp-content\/uploads\/2018\/05\/RR-1.jpg?resize=1024%2C683&amp;ssl=1 1024w, https:\/\/i0.wp.com\/gersonguelmann.com.br\/blog\/wp-content\/uploads\/2018\/05\/RR-1.jpg?resize=750%2C500&amp;ssl=1 750w, https:\/\/i0.wp.com\/gersonguelmann.com.br\/blog\/wp-content\/uploads\/2018\/05\/RR-1.jpg?w=1280&amp;ssl=1 1280w, https:\/\/i0.wp.com\/gersonguelmann.com.br\/blog\/wp-content\/uploads\/2018\/05\/RR-1.jpg?w=1920&amp;ssl=1 1920w\" sizes=\"(max-width: 300px) 100vw, 300px\" \/><\/p>\n<\/div>\n","protected":false},"excerpt":{"rendered":"<p>Copio mat\u00e9ria publicada hoje pela revista Veja, na coluna Radar: MAURICIO LIMA Radar Notas exclusivas sobre pol\u00edtica, neg\u00f3cios e entretenimento. Por Mauricio Lima, com Ernesto Neves, Gabriel Mascarenhas e Pedro de Carvalho. Pol\u00edtica Dissidentes do MDB sugeriram Requi\u00e3o como candidato \u00e0 Presid\u00eancia Reuni\u00e3o no gabinete do senador Renan Calheiros Por\u00a0Pedro Carvalho 1 maio 2018, 12h09 [&hellip;]<\/p>\n","protected":false},"author":5,"featured_media":12353,"comment_status":"open","ping_status":"open","sticky":false,"template":"","format":"standard","meta":{"_acf_changed":false,"jetpack_post_was_ever_published":false,"_jetpack_newsletter_access":"","_jetpack_dont_email_post_to_subs":false,"_jetpack_newsletter_tier_id":0,"_jetpack_memberships_contains_paywalled_content":false,"_jetpack_memberships_contains_paid_content":false,"footnotes":"","jetpack_publicize_message":"","jetpack_publicize_feature_enabled":true,"jetpack_social_post_already_shared":true,"jetpack_social_options":{"image_generator_settings":{"template":"highway","default_image_id":0,"font":"","enabled":false},"version":2}},"categories":[1],"tags":[],"class_list":["post-12346","post","type-post","status-publish","format-standard","has-post-thumbnail","hentry","category-sem-categoria"],"acf":[],"yoast_head":"<!-- This site is optimized with the Yoast SEO plugin v27.3 - https:\/\/yoast.com\/product\/yoast-seo-wordpress\/ -->\n<title>Requi\u00e3o Candidato a Presidente? | Blog do Guelmann<\/title>\n<meta name=\"robots\" content=\"index, follow, max-snippet:-1, max-image-preview:large, max-video-preview:-1\" \/>\n<link rel=\"canonical\" href=\"https:\/\/gersonguelmann.com.br\/blog\/requiao-candidato-a-presidente\/\" \/>\n<meta property=\"og:locale\" content=\"pt_BR\" \/>\n<meta property=\"og:type\" content=\"article\" \/>\n<meta property=\"og:title\" content=\"Requi\u00e3o Candidato a Presidente? | Blog do Guelmann\" \/>\n<meta property=\"og:description\" content=\"Copio mat\u00e9ria publicada hoje pela revista Veja, na coluna Radar: MAURICIO LIMA Radar Notas exclusivas sobre pol\u00edtica, neg\u00f3cios e entretenimento. Por Mauricio Lima, com Ernesto Neves, Gabriel Mascarenhas e Pedro de Carvalho. Pol\u00edtica Dissidentes do MDB sugeriram Requi\u00e3o como candidato \u00e0 Presid\u00eancia Reuni\u00e3o no gabinete do senador Renan Calheiros Por\u00a0Pedro Carvalho 1 maio 2018, 12h09 [&hellip;]\" \/>\n<meta property=\"og:url\" content=\"https:\/\/gersonguelmann.com.br\/blog\/requiao-candidato-a-presidente\/\" \/>\n<meta property=\"og:site_name\" content=\"Blog do Guelmann\" \/>\n<meta property=\"article:published_time\" content=\"2018-05-01T19:27:09+00:00\" \/>\n<meta property=\"article:modified_time\" content=\"2018-05-01T19:34:31+00:00\" \/>\n<meta property=\"og:image\" content=\"https:\/\/i0.wp.com\/gersonguelmann.com.br\/blog\/wp-content\/uploads\/2018\/05\/RR-1.jpg?fit=2200%2C1467&ssl=1\" \/>\n\t<meta property=\"og:image:width\" content=\"2200\" \/>\n\t<meta property=\"og:image:height\" content=\"1467\" \/>\n\t<meta property=\"og:image:type\" content=\"image\/jpeg\" \/>\n<meta name=\"author\" content=\"Gerson Guelmann\" \/>\n<meta name=\"twitter:card\" content=\"summary_large_image\" \/>\n<meta name=\"twitter:label1\" content=\"Escrito por\" \/>\n\t<meta name=\"twitter:data1\" content=\"Gerson Guelmann\" \/>\n\t<meta name=\"twitter:label2\" content=\"Est. tempo de leitura\" \/>\n\t<meta name=\"twitter:data2\" content=\"1 minuto\" \/>\n<script type=\"application\/ld+json\" class=\"yoast-schema-graph\">{\"@context\":\"https:\\\/\\\/schema.org\",\"@graph\":[{\"@type\":\"Article\",\"@id\":\"https:\\\/\\\/gersonguelmann.com.br\\\/blog\\\/requiao-candidato-a-presidente\\\/#article\",\"isPartOf\":{\"@id\":\"https:\\\/\\\/gersonguelmann.com.br\\\/blog\\\/requiao-candidato-a-presidente\\\/\"},\"author\":{\"name\":\"Gerson Guelmann\",\"@id\":\"https:\\\/\\\/gersonguelmann.com.br\\\/blog\\\/#\\\/schema\\\/person\\\/87e70e2a786888082f941a482c90569e\"},\"headline\":\"Requi\u00e3o Candidato a Presidente?\",\"datePublished\":\"2018-05-01T19:27:09+00:00\",\"dateModified\":\"2018-05-01T19:34:31+00:00\",\"mainEntityOfPage\":{\"@id\":\"https:\\\/\\\/gersonguelmann.com.br\\\/blog\\\/requiao-candidato-a-presidente\\\/\"},\"wordCount\":128,\"commentCount\":0,\"image\":{\"@id\":\"https:\\\/\\\/gersonguelmann.com.br\\\/blog\\\/requiao-candidato-a-presidente\\\/#primaryimage\"},\"thumbnailUrl\":\"https:\\\/\\\/i0.wp.com\\\/gersonguelmann.com.br\\\/blog\\\/wp-content\\\/uploads\\\/2018\\\/05\\\/RR-1.jpg?fit=2200%2C1467&ssl=1\",\"inLanguage\":\"pt-BR\",\"potentialAction\":[{\"@type\":\"CommentAction\",\"name\":\"Comment\",\"target\":[\"https:\\\/\\\/gersonguelmann.com.br\\\/blog\\\/requiao-candidato-a-presidente\\\/#respond\"]}]},{\"@type\":\"WebPage\",\"@id\":\"https:\\\/\\\/gersonguelmann.com.br\\\/blog\\\/requiao-candidato-a-presidente\\\/\",\"url\":\"https:\\\/\\\/gersonguelmann.com.br\\\/blog\\\/requiao-candidato-a-presidente\\\/\",\"name\":\"Requi\u00e3o Candidato a Presidente? | Blog do Guelmann\",\"isPartOf\":{\"@id\":\"https:\\\/\\\/gersonguelmann.com.br\\\/blog\\\/#website\"},\"primaryImageOfPage\":{\"@id\":\"https:\\\/\\\/gersonguelmann.com.br\\\/blog\\\/requiao-candidato-a-presidente\\\/#primaryimage\"},\"image\":{\"@id\":\"https:\\\/\\\/gersonguelmann.com.br\\\/blog\\\/requiao-candidato-a-presidente\\\/#primaryimage\"},\"thumbnailUrl\":\"https:\\\/\\\/i0.wp.com\\\/gersonguelmann.com.br\\\/blog\\\/wp-content\\\/uploads\\\/2018\\\/05\\\/RR-1.jpg?fit=2200%2C1467&ssl=1\",\"datePublished\":\"2018-05-01T19:27:09+00:00\",\"dateModified\":\"2018-05-01T19:34:31+00:00\",\"author\":{\"@id\":\"https:\\\/\\\/gersonguelmann.com.br\\\/blog\\\/#\\\/schema\\\/person\\\/87e70e2a786888082f941a482c90569e\"},\"inLanguage\":\"pt-BR\",\"potentialAction\":[{\"@type\":\"ReadAction\",\"target\":[\"https:\\\/\\\/gersonguelmann.com.br\\\/blog\\\/requiao-candidato-a-presidente\\\/\"]}]},{\"@type\":\"ImageObject\",\"inLanguage\":\"pt-BR\",\"@id\":\"https:\\\/\\\/gersonguelmann.com.br\\\/blog\\\/requiao-candidato-a-presidente\\\/#primaryimage\",\"url\":\"https:\\\/\\\/i0.wp.com\\\/gersonguelmann.com.br\\\/blog\\\/wp-content\\\/uploads\\\/2018\\\/05\\\/RR-1.jpg?fit=2200%2C1467&ssl=1\",\"contentUrl\":\"https:\\\/\\\/i0.wp.com\\\/gersonguelmann.com.br\\\/blog\\\/wp-content\\\/uploads\\\/2018\\\/05\\\/RR-1.jpg?fit=2200%2C1467&ssl=1\",\"width\":2200,\"height\":1467},{\"@type\":\"WebSite\",\"@id\":\"https:\\\/\\\/gersonguelmann.com.br\\\/blog\\\/#website\",\"url\":\"https:\\\/\\\/gersonguelmann.com.br\\\/blog\\\/\",\"name\":\"Blog do Guelmann\",\"description\":\"Pitadas da sabedoria e do humor judaicos, assuntos do momento e um pouco das hist\u00f3rias que vivi e testemunhei.\",\"potentialAction\":[{\"@type\":\"SearchAction\",\"target\":{\"@type\":\"EntryPoint\",\"urlTemplate\":\"https:\\\/\\\/gersonguelmann.com.br\\\/blog\\\/?s={search_term_string}\"},\"query-input\":{\"@type\":\"PropertyValueSpecification\",\"valueRequired\":true,\"valueName\":\"search_term_string\"}}],\"inLanguage\":\"pt-BR\"},{\"@type\":\"Person\",\"@id\":\"https:\\\/\\\/gersonguelmann.com.br\\\/blog\\\/#\\\/schema\\\/person\\\/87e70e2a786888082f941a482c90569e\",\"name\":\"Gerson Guelmann\",\"image\":{\"@type\":\"ImageObject\",\"inLanguage\":\"pt-BR\",\"@id\":\"https:\\\/\\\/i0.wp.com\\\/gersonguelmann.com.br\\\/blog\\\/wp-content\\\/uploads\\\/2021\\\/08\\\/BLOG.jpeg?fit=96%2C96&ssl=1\",\"url\":\"https:\\\/\\\/i0.wp.com\\\/gersonguelmann.com.br\\\/blog\\\/wp-content\\\/uploads\\\/2021\\\/08\\\/BLOG.jpeg?fit=96%2C96&ssl=1\",\"contentUrl\":\"https:\\\/\\\/i0.wp.com\\\/gersonguelmann.com.br\\\/blog\\\/wp-content\\\/uploads\\\/2021\\\/08\\\/BLOG.jpeg?fit=96%2C96&ssl=1\",\"caption\":\"Gerson Guelmann\"},\"description\":\"Pitadas da sabedoria e do humor judaicos, assuntos do momento e um pouco das hist\u00f3rias que vivi e testemunhei.\"}]}<\/script>\n<!-- \/ Yoast SEO plugin. -->","yoast_head_json":{"title":"Requi\u00e3o Candidato a Presidente? | Blog do Guelmann","robots":{"index":"index","follow":"follow","max-snippet":"max-snippet:-1","max-image-preview":"max-image-preview:large","max-video-preview":"max-video-preview:-1"},"canonical":"https:\/\/gersonguelmann.com.br\/blog\/requiao-candidato-a-presidente\/","og_locale":"pt_BR","og_type":"article","og_title":"Requi\u00e3o Candidato a Presidente? | Blog do Guelmann","og_description":"Copio mat\u00e9ria publicada hoje pela revista Veja, na coluna Radar: MAURICIO LIMA Radar Notas exclusivas sobre pol\u00edtica, neg\u00f3cios e entretenimento. Por Mauricio Lima, com Ernesto Neves, Gabriel Mascarenhas e Pedro de Carvalho. Pol\u00edtica Dissidentes do MDB sugeriram Requi\u00e3o como candidato \u00e0 Presid\u00eancia Reuni\u00e3o no gabinete do senador Renan Calheiros Por\u00a0Pedro Carvalho 1 maio 2018, 12h09 [&hellip;]","og_url":"https:\/\/gersonguelmann.com.br\/blog\/requiao-candidato-a-presidente\/","og_site_name":"Blog do Guelmann","article_published_time":"2018-05-01T19:27:09+00:00","article_modified_time":"2018-05-01T19:34:31+00:00","og_image":[{"width":2200,"height":1467,"url":"https:\/\/i0.wp.com\/gersonguelmann.com.br\/blog\/wp-content\/uploads\/2018\/05\/RR-1.jpg?fit=2200%2C1467&ssl=1","type":"image\/jpeg"}],"author":"Gerson Guelmann","twitter_card":"summary_large_image","twitter_misc":{"Escrito por":"Gerson Guelmann","Est. tempo de leitura":"1 minuto"},"schema":{"@context":"https:\/\/schema.org","@graph":[{"@type":"Article","@id":"https:\/\/gersonguelmann.com.br\/blog\/requiao-candidato-a-presidente\/#article","isPartOf":{"@id":"https:\/\/gersonguelmann.com.br\/blog\/requiao-candidato-a-presidente\/"},"author":{"name":"Gerson Guelmann","@id":"https:\/\/gersonguelmann.com.br\/blog\/#\/schema\/person\/87e70e2a786888082f941a482c90569e"},"headline":"Requi\u00e3o Candidato a Presidente?","datePublished":"2018-05-01T19:27:09+00:00","dateModified":"2018-05-01T19:34:31+00:00","mainEntityOfPage":{"@id":"https:\/\/gersonguelmann.com.br\/blog\/requiao-candidato-a-presidente\/"},"wordCount":128,"commentCount":0,"image":{"@id":"https:\/\/gersonguelmann.com.br\/blog\/requiao-candidato-a-presidente\/#primaryimage"},"thumbnailUrl":"https:\/\/i0.wp.com\/gersonguelmann.com.br\/blog\/wp-content\/uploads\/2018\/05\/RR-1.jpg?fit=2200%2C1467&ssl=1","inLanguage":"pt-BR","potentialAction":[{"@type":"CommentAction","name":"Comment","target":["https:\/\/gersonguelmann.com.br\/blog\/requiao-candidato-a-presidente\/#respond"]}]},{"@type":"WebPage","@id":"https:\/\/gersonguelmann.com.br\/blog\/requiao-candidato-a-presidente\/","url":"https:\/\/gersonguelmann.com.br\/blog\/requiao-candidato-a-presidente\/","name":"Requi\u00e3o Candidato a Presidente? | Blog do Guelmann","isPartOf":{"@id":"https:\/\/gersonguelmann.com.br\/blog\/#website"},"primaryImageOfPage":{"@id":"https:\/\/gersonguelmann.com.br\/blog\/requiao-candidato-a-presidente\/#primaryimage"},"image":{"@id":"https:\/\/gersonguelmann.com.br\/blog\/requiao-candidato-a-presidente\/#primaryimage"},"thumbnailUrl":"https:\/\/i0.wp.com\/gersonguelmann.com.br\/blog\/wp-content\/uploads\/2018\/05\/RR-1.jpg?fit=2200%2C1467&ssl=1","datePublished":"2018-05-01T19:27:09+00:00","dateModified":"2018-05-01T19:34:31+00:00","author":{"@id":"https:\/\/gersonguelmann.com.br\/blog\/#\/schema\/person\/87e70e2a786888082f941a482c90569e"},"inLanguage":"pt-BR","potentialAction":[{"@type":"ReadAction","target":["https:\/\/gersonguelmann.com.br\/blog\/requiao-candidato-a-presidente\/"]}]},{"@type":"ImageObject","inLanguage":"pt-BR","@id":"https:\/\/gersonguelmann.com.br\/blog\/requiao-candidato-a-presidente\/#primaryimage","url":"https:\/\/i0.wp.com\/gersonguelmann.com.br\/blog\/wp-content\/uploads\/2018\/05\/RR-1.jpg?fit=2200%2C1467&ssl=1","contentUrl":"https:\/\/i0.wp.com\/gersonguelmann.com.br\/blog\/wp-content\/uploads\/2018\/05\/RR-1.jpg?fit=2200%2C1467&ssl=1","width":2200,"height":1467},{"@type":"WebSite","@id":"https:\/\/gersonguelmann.com.br\/blog\/#website","url":"https:\/\/gersonguelmann.com.br\/blog\/","name":"Blog do Guelmann","description":"Pitadas da sabedoria e do humor judaicos, assuntos do momento e um pouco das hist\u00f3rias que vivi e testemunhei.","potentialAction":[{"@type":"SearchAction","target":{"@type":"EntryPoint","urlTemplate":"https:\/\/gersonguelmann.com.br\/blog\/?s={search_term_string}"},"query-input":{"@type":"PropertyValueSpecification","valueRequired":true,"valueName":"search_term_string"}}],"inLanguage":"pt-BR"},{"@type":"Person","@id":"https:\/\/gersonguelmann.com.br\/blog\/#\/schema\/person\/87e70e2a786888082f941a482c90569e","name":"Gerson Guelmann","image":{"@type":"ImageObject","inLanguage":"pt-BR","@id":"https:\/\/i0.wp.com\/gersonguelmann.com.br\/blog\/wp-content\/uploads\/2021\/08\/BLOG.jpeg?fit=96%2C96&ssl=1","url":"https:\/\/i0.wp.com\/gersonguelmann.com.br\/blog\/wp-content\/uploads\/2021\/08\/BLOG.jpeg?fit=96%2C96&ssl=1","contentUrl":"https:\/\/i0.wp.com\/gersonguelmann.com.br\/blog\/wp-content\/uploads\/2021\/08\/BLOG.jpeg?fit=96%2C96&ssl=1","caption":"Gerson Guelmann"},"description":"Pitadas da sabedoria e do humor judaicos, assuntos do momento e um pouco das hist\u00f3rias que vivi e testemunhei."}]}},"views":51,"jetpack_publicize_connections":[],"jetpack_featured_media_url":"https:\/\/i0.wp.com\/gersonguelmann.com.br\/blog\/wp-content\/uploads\/2018\/05\/RR-1.jpg?fit=2200%2C1467&ssl=1","jetpack_shortlink":"https:\/\/wp.me\/p96e7O-3d8","jetpack-related-posts":[{"id":17459,"url":"https:\/\/gersonguelmann.com.br\/blog\/o-jaime-lerner-e-o-elefante-do-circo-sarrasani\/","url_meta":{"origin":12346,"position":0},"title":"O Jaime Lerner e o Elefante do Circo Sarrasani","author":"Gerson Guelmann","date":"13 de julho de 2019","format":false,"excerpt":"A pol\u00eamica que surgiu nas \u00faltimas horas envolvendo a poss\u00edvel indica\u00e7\u00e3o de Eduardo Bolsonaro para a Embaixada do Brasil em Washington me fez lembrar de um epis\u00f3dio muito engra\u00e7ado que aconteceu na \u00faltima gest\u00e3o do Jaime Lerner \u00e0 frente da Prefeitura de Curitiba. A lembran\u00e7a veio por associa\u00e7\u00e3o de ideias,\u2026","rel":"","context":"Em &quot;Sem categoria&quot;","block_context":{"text":"Sem categoria","link":"https:\/\/gersonguelmann.com.br\/blog\/category\/sem-categoria\/"},"img":{"alt_text":"","src":"https:\/\/i0.wp.com\/gersonguelmann.com.br\/blog\/wp-content\/uploads\/2019\/07\/Circo-Sarrasani.jpg?fit=1000%2C562&ssl=1&resize=350%2C200","width":350,"height":200,"srcset":"https:\/\/i0.wp.com\/gersonguelmann.com.br\/blog\/wp-content\/uploads\/2019\/07\/Circo-Sarrasani.jpg?fit=1000%2C562&ssl=1&resize=350%2C200 1x, https:\/\/i0.wp.com\/gersonguelmann.com.br\/blog\/wp-content\/uploads\/2019\/07\/Circo-Sarrasani.jpg?fit=1000%2C562&ssl=1&resize=525%2C300 1.5x, https:\/\/i0.wp.com\/gersonguelmann.com.br\/blog\/wp-content\/uploads\/2019\/07\/Circo-Sarrasani.jpg?fit=1000%2C562&ssl=1&resize=700%2C400 2x"},"classes":[]},{"id":22298,"url":"https:\/\/gersonguelmann.com.br\/blog\/sergio-moro-pode-ser-a-3a-via\/","url_meta":{"origin":12346,"position":1},"title":"Sergio Moro Pode Ser a 3\u00aa Via?","author":"Gerson Guelmann","date":"19 de junho de 2021","format":false,"excerpt":"Compartilho mat\u00e9ria que a revista Veja publicou ontem e cujo conte\u00fado, sendo confirmado, pode alterar o quadro eleitoral de 2022, pelo menos no que diz respeito \u00e0 polariza\u00e7\u00e3o hoje existente: Pol\u00edtica Moro admite a apoiadores que pode disputar a Presid\u00eancia em 2022 O ex-juiz, no entanto, diz que a decis\u00e3o\u2026","rel":"","context":"Em &quot;Sem categoria&quot;","block_context":{"text":"Sem categoria","link":"https:\/\/gersonguelmann.com.br\/blog\/category\/sem-categoria\/"},"img":{"alt_text":"","src":"https:\/\/i0.wp.com\/gersonguelmann.com.br\/blog\/wp-content\/uploads\/2021\/06\/SM2-1.jpg?fit=750%2C500&ssl=1&resize=350%2C200","width":350,"height":200,"srcset":"https:\/\/i0.wp.com\/gersonguelmann.com.br\/blog\/wp-content\/uploads\/2021\/06\/SM2-1.jpg?fit=750%2C500&ssl=1&resize=350%2C200 1x, https:\/\/i0.wp.com\/gersonguelmann.com.br\/blog\/wp-content\/uploads\/2021\/06\/SM2-1.jpg?fit=750%2C500&ssl=1&resize=525%2C300 1.5x, https:\/\/i0.wp.com\/gersonguelmann.com.br\/blog\/wp-content\/uploads\/2021\/06\/SM2-1.jpg?fit=750%2C500&ssl=1&resize=700%2C400 2x"},"classes":[]},{"id":11694,"url":"https:\/\/gersonguelmann.com.br\/blog\/com-lula-fora-da-disputa-joaquim-barbosa-cresce\/","url_meta":{"origin":12346,"position":2},"title":"Com Lula Fora da Disputa, Joaquim Barbosa Cresce","author":"Gerson Guelmann","date":"16 de abril de 2018","format":false,"excerpt":"Mat\u00e9ria publicada no El Pa\u00eds: ELEI\u00c7\u00d5ES 2018 \u201cJoaquim Barbosa se tornou o \u00fanico \u2018outsider\u2019 com chances de disputar e ganhar\u201d Para cientista pol\u00edtico Fernando Luiz Abrucio, levantar a bandeira do anti-Lula \u00e9 perigoso para a centro-direita, especialmente no segundo turno. Professor da FGV diz que PT tem at\u00e9 junho para\u2026","rel":"","context":"Em &quot;Sem categoria&quot;","block_context":{"text":"Sem categoria","link":"https:\/\/gersonguelmann.com.br\/blog\/category\/sem-categoria\/"},"img":{"alt_text":"","src":"https:\/\/i0.wp.com\/gersonguelmann.com.br\/blog\/wp-content\/uploads\/2018\/04\/JB.jpg?fit=1200%2C675&ssl=1&resize=350%2C200","width":350,"height":200,"srcset":"https:\/\/i0.wp.com\/gersonguelmann.com.br\/blog\/wp-content\/uploads\/2018\/04\/JB.jpg?fit=1200%2C675&ssl=1&resize=350%2C200 1x, https:\/\/i0.wp.com\/gersonguelmann.com.br\/blog\/wp-content\/uploads\/2018\/04\/JB.jpg?fit=1200%2C675&ssl=1&resize=525%2C300 1.5x, https:\/\/i0.wp.com\/gersonguelmann.com.br\/blog\/wp-content\/uploads\/2018\/04\/JB.jpg?fit=1200%2C675&ssl=1&resize=700%2C400 2x, https:\/\/i0.wp.com\/gersonguelmann.com.br\/blog\/wp-content\/uploads\/2018\/04\/JB.jpg?fit=1200%2C675&ssl=1&resize=1050%2C600 3x"},"classes":[]},{"id":12808,"url":"https:\/\/gersonguelmann.com.br\/blog\/bolsonaro-e-as-execucoes-do-regime-militar-tapa-no-bumbum-do-filho\/","url_meta":{"origin":12346,"position":3},"title":"Bolsonaro e as Execu\u00e7\u00f5es do Regime Militar: \u2018Tapa no Bumbum do Filho\u2019","author":"Gerson Guelmann","date":"11 de maio de 2018","format":false,"excerpt":"Mat\u00e9ria da revista Isto\u00c9, publicada h\u00e1 pouco: BRASIL Bolsonaro compara execu\u00e7\u00f5es do regime militar a \u2018tapa no bumbum do filho\u2019 Estad\u00e3o Conte\u00fado 11\/05\/18 - 11h49 - Atualizado em 11\/05\/18 - 13h51 O pr\u00e9-candidato do PSL \u00e0 Presid\u00eancia da Rep\u00fablica, deputado federal Jair Bolsonaro (RJ), comparou as autoriza\u00e7\u00f5es sum\u00e1rias dadas pelo\u2026","rel":"","context":"Em &quot;Sem categoria&quot;","block_context":{"text":"Sem categoria","link":"https:\/\/gersonguelmann.com.br\/blog\/category\/sem-categoria\/"},"img":{"alt_text":"","src":"https:\/\/i0.wp.com\/gersonguelmann.com.br\/blog\/wp-content\/uploads\/2018\/05\/Bolsonaro.jpg?fit=1024%2C683&ssl=1&resize=350%2C200","width":350,"height":200,"srcset":"https:\/\/i0.wp.com\/gersonguelmann.com.br\/blog\/wp-content\/uploads\/2018\/05\/Bolsonaro.jpg?fit=1024%2C683&ssl=1&resize=350%2C200 1x, https:\/\/i0.wp.com\/gersonguelmann.com.br\/blog\/wp-content\/uploads\/2018\/05\/Bolsonaro.jpg?fit=1024%2C683&ssl=1&resize=525%2C300 1.5x, https:\/\/i0.wp.com\/gersonguelmann.com.br\/blog\/wp-content\/uploads\/2018\/05\/Bolsonaro.jpg?fit=1024%2C683&ssl=1&resize=700%2C400 2x"},"classes":[]},{"id":3427,"url":"https:\/\/gersonguelmann.com.br\/blog\/mauricio-schneiderman-o-atropelado\/","url_meta":{"origin":12346,"position":4},"title":"Mauricio Schneiderman, o Atropelado","author":"Gerson Guelmann","date":"12 de julho de 2019","format":false,"excerpt":"Maur\u00edcio Schneiderman de 84 anos foi atingido por um carro e caiu perto da cal\u00e7ada, sangrando. Um policial que viu a cena pediu o socorro m\u00e9dico e, preocupado com a idade do homem e vendo que o caso era grave, ligou tamb\u00e9m para um padre de uma igreja pr\u00f3xima. O\u2026","rel":"","context":"Em &quot;Sem categoria&quot;","block_context":{"text":"Sem categoria","link":"https:\/\/gersonguelmann.com.br\/blog\/category\/sem-categoria\/"},"img":{"alt_text":"","src":"https:\/\/i0.wp.com\/gersonguelmann.com.br\/blog\/wp-content\/uploads\/2017\/10\/SIATE-1.jpg?fit=960%2C720&ssl=1&resize=350%2C200","width":350,"height":200,"srcset":"https:\/\/i0.wp.com\/gersonguelmann.com.br\/blog\/wp-content\/uploads\/2017\/10\/SIATE-1.jpg?fit=960%2C720&ssl=1&resize=350%2C200 1x, https:\/\/i0.wp.com\/gersonguelmann.com.br\/blog\/wp-content\/uploads\/2017\/10\/SIATE-1.jpg?fit=960%2C720&ssl=1&resize=525%2C300 1.5x, https:\/\/i0.wp.com\/gersonguelmann.com.br\/blog\/wp-content\/uploads\/2017\/10\/SIATE-1.jpg?fit=960%2C720&ssl=1&resize=700%2C400 2x"},"classes":[]},{"id":13447,"url":"https:\/\/gersonguelmann.com.br\/blog\/mauricio-zeidman-e-o-primeiro-emprego\/","url_meta":{"origin":12346,"position":5},"title":"Mauricio Zeidman e o Primeiro Emprego","author":"Gerson Guelmann","date":"26 de setembro de 2021","format":false,"excerpt":"Mauricio Zeidman, um jovem rec\u00e9m chegado da Pol\u00f4nia, respondeu o an\u00fancio da Sinagoga de Edgware em Londres para vaga de Zelador. O comit\u00ea encarregado de entrevistar os candidatos j\u00e1 havia decidido dar o emprego ao emigrante, quando descobriu que ele era analfabeto. Ap\u00f3s uma reuni\u00e3o ficou decidido que por uma\u2026","rel":"","context":"Em &quot;Sem categoria&quot;","block_context":{"text":"Sem categoria","link":"https:\/\/gersonguelmann.com.br\/blog\/category\/sem-categoria\/"},"img":{"alt_text":"","src":"https:\/\/i0.wp.com\/gersonguelmann.com.br\/blog\/wp-content\/uploads\/2018\/05\/LOJA-scaled.jpg?fit=1200%2C800&ssl=1&resize=350%2C200","width":350,"height":200,"srcset":"https:\/\/i0.wp.com\/gersonguelmann.com.br\/blog\/wp-content\/uploads\/2018\/05\/LOJA-scaled.jpg?fit=1200%2C800&ssl=1&resize=350%2C200 1x, https:\/\/i0.wp.com\/gersonguelmann.com.br\/blog\/wp-content\/uploads\/2018\/05\/LOJA-scaled.jpg?fit=1200%2C800&ssl=1&resize=525%2C300 1.5x, https:\/\/i0.wp.com\/gersonguelmann.com.br\/blog\/wp-content\/uploads\/2018\/05\/LOJA-scaled.jpg?fit=1200%2C800&ssl=1&resize=700%2C400 2x, https:\/\/i0.wp.com\/gersonguelmann.com.br\/blog\/wp-content\/uploads\/2018\/05\/LOJA-scaled.jpg?fit=1200%2C800&ssl=1&resize=1050%2C600 3x"},"classes":[]}],"jetpack_sharing_enabled":true,"post_mailing_queue_ids":[],"_links":{"self":[{"href":"https:\/\/gersonguelmann.com.br\/blog\/wp-json\/wp\/v2\/posts\/12346","targetHints":{"allow":["GET"]}}],"collection":[{"href":"https:\/\/gersonguelmann.com.br\/blog\/wp-json\/wp\/v2\/posts"}],"about":[{"href":"https:\/\/gersonguelmann.com.br\/blog\/wp-json\/wp\/v2\/types\/post"}],"author":[{"embeddable":true,"href":"https:\/\/gersonguelmann.com.br\/blog\/wp-json\/wp\/v2\/users\/5"}],"replies":[{"embeddable":true,"href":"https:\/\/gersonguelmann.com.br\/blog\/wp-json\/wp\/v2\/comments?post=12346"}],"version-history":[{"count":0,"href":"https:\/\/gersonguelmann.com.br\/blog\/wp-json\/wp\/v2\/posts\/12346\/revisions"}],"wp:featuredmedia":[{"embeddable":true,"href":"https:\/\/gersonguelmann.com.br\/blog\/wp-json\/wp\/v2\/media\/12353"}],"wp:attachment":[{"href":"https:\/\/gersonguelmann.com.br\/blog\/wp-json\/wp\/v2\/media?parent=12346"}],"wp:term":[{"taxonomy":"category","embeddable":true,"href":"https:\/\/gersonguelmann.com.br\/blog\/wp-json\/wp\/v2\/categories?post=12346"},{"taxonomy":"post_tag","embeddable":true,"href":"https:\/\/gersonguelmann.com.br\/blog\/wp-json\/wp\/v2\/tags?post=12346"}],"curies":[{"name":"wp","href":"https:\/\/api.w.org\/{rel}","templated":true}]}}