    {"id":12348,"date":"2018-05-01T15:05:36","date_gmt":"2018-05-01T18:05:36","guid":{"rendered":"https:\/\/gersonguelmann.com.br\/blog\/?p=12348"},"modified":"2018-05-01T15:05:36","modified_gmt":"2018-05-01T18:05:36","slug":"quando-a-fome-causa-tristeza","status":"publish","type":"post","link":"https:\/\/gersonguelmann.com.br\/blog\/quando-a-fome-causa-tristeza\/","title":{"rendered":"Quando a Fome Causa Tristeza"},"content":{"rendered":"<p><span style=\"font-family: georgia, palatino, serif; font-size: 18pt; color: #000000;\">Sentir fome n\u00e3o \u00e9 bom.<\/span><\/p>\n<p><span style=\"font-family: georgia, palatino, serif; font-size: 18pt; color: #000000;\">S\u00f3 que normalmente n\u00e3o nos incomodamos com isso porque sabemos que logo o desconforto desaparecer\u00e1.<\/span><\/p>\n<p><span style=\"font-family: georgia, palatino, serif; font-size: 18pt; color: #000000;\">Mas quando voc\u00ea est\u00e1 na tua casa num dia de feriado e precisa dar comida \u00e0 uma senhorinha que vem bater \u00e0 tua porta, enxerga a face mais cruel da realidade do pa\u00eds.\u00a0<\/span><\/p>\n<p><span style=\"font-family: georgia, palatino, serif; font-size: 18pt; color: #000000;\">E aos 70 anos esse fato corriqueiro te traz a constata\u00e7\u00e3o de que o Brasil do futuro n\u00e3o vai chegar para voc\u00ea.<\/span><\/p>\n<p style=\"text-align: center;\"><img data-recalc-dims=\"1\" fetchpriority=\"high\" decoding=\"async\" data-attachment-id=\"12349\" data-permalink=\"https:\/\/gersonguelmann.com.br\/blog\/quando-a-fome-causa-tristeza\/images-24\/\" data-orig-file=\"https:\/\/i0.wp.com\/gersonguelmann.com.br\/blog\/wp-content\/uploads\/2018\/05\/images.jpg?fit=183%2C275&amp;ssl=1\" data-orig-size=\"183,275\" data-comments-opened=\"1\" data-image-meta=\"{&quot;aperture&quot;:&quot;0&quot;,&quot;credit&quot;:&quot;&quot;,&quot;camera&quot;:&quot;&quot;,&quot;caption&quot;:&quot;&quot;,&quot;created_timestamp&quot;:&quot;0&quot;,&quot;copyright&quot;:&quot;&quot;,&quot;focal_length&quot;:&quot;0&quot;,&quot;iso&quot;:&quot;0&quot;,&quot;shutter_speed&quot;:&quot;0&quot;,&quot;title&quot;:&quot;&quot;,&quot;orientation&quot;:&quot;0&quot;}\" data-image-title=\"images\" data-image-description=\"\" data-image-caption=\"\" data-medium-file=\"https:\/\/i0.wp.com\/gersonguelmann.com.br\/blog\/wp-content\/uploads\/2018\/05\/images.jpg?fit=183%2C275&amp;ssl=1\" data-large-file=\"https:\/\/i0.wp.com\/gersonguelmann.com.br\/blog\/wp-content\/uploads\/2018\/05\/images.jpg?fit=183%2C275&amp;ssl=1\" class=\"size-full wp-image-12349 aligncenter\" src=\"https:\/\/i0.wp.com\/gersonguelmann.com.br\/blog\/wp-content\/uploads\/2018\/05\/images.jpg?resize=183%2C275&#038;ssl=1\" alt=\"\" width=\"183\" height=\"275\" \/><br \/>\n<span style=\"color: #808080;\"><em><strong><span style=\"font-family: georgia, palatino, serif; font-size: 14pt;\">Na Capital Federal, Helena dos Santos, de 68 anos,<br \/>\nvive cotidiano de luta por comida. Foto de Arthur Menescal<\/span><\/strong><\/em><\/span><\/p>\n","protected":false},"excerpt":{"rendered":"<p>Sentir fome n\u00e3o \u00e9 bom. S\u00f3 que normalmente n\u00e3o nos incomodamos com isso porque sabemos que logo o desconforto desaparecer\u00e1. Mas quando voc\u00ea est\u00e1 na tua casa num dia de feriado e precisa dar comida \u00e0 uma senhorinha que vem bater \u00e0 tua porta, enxerga a face mais cruel da realidade do pa\u00eds.\u00a0 E aos [&hellip;]<\/p>\n","protected":false},"author":5,"featured_media":12349,"comment_status":"open","ping_status":"open","sticky":false,"template":"","format":"standard","meta":{"_acf_changed":false,"jetpack_post_was_ever_published":false,"_jetpack_newsletter_access":"","_jetpack_dont_email_post_to_subs":false,"_jetpack_newsletter_tier_id":0,"_jetpack_memberships_contains_paywalled_content":false,"_jetpack_memberships_contains_paid_content":false,"footnotes":"","jetpack_publicize_message":"","jetpack_publicize_feature_enabled":true,"jetpack_social_post_already_shared":true,"jetpack_social_options":{"image_generator_settings":{"template":"highway","default_image_id":0,"font":"","enabled":false},"version":2}},"categories":[1],"tags":[],"class_list":["post-12348","post","type-post","status-publish","format-standard","has-post-thumbnail","hentry","category-sem-categoria"],"acf":[],"yoast_head":"<!-- This site is optimized with the Yoast SEO plugin v27.3 - https:\/\/yoast.com\/product\/yoast-seo-wordpress\/ -->\n<title>Quando a Fome Causa Tristeza | Blog do Guelmann<\/title>\n<meta name=\"robots\" content=\"index, follow, max-snippet:-1, max-image-preview:large, max-video-preview:-1\" \/>\n<link rel=\"canonical\" href=\"https:\/\/gersonguelmann.com.br\/blog\/quando-a-fome-causa-tristeza\/\" \/>\n<meta property=\"og:locale\" content=\"pt_BR\" \/>\n<meta property=\"og:type\" content=\"article\" \/>\n<meta property=\"og:title\" content=\"Quando a Fome Causa Tristeza | Blog do Guelmann\" \/>\n<meta property=\"og:description\" content=\"Sentir fome n\u00e3o \u00e9 bom. S\u00f3 que normalmente n\u00e3o nos incomodamos com isso porque sabemos que logo o desconforto desaparecer\u00e1. Mas quando voc\u00ea est\u00e1 na tua casa num dia de feriado e precisa dar comida \u00e0 uma senhorinha que vem bater \u00e0 tua porta, enxerga a face mais cruel da realidade do pa\u00eds.\u00a0 E aos [&hellip;]\" \/>\n<meta property=\"og:url\" content=\"https:\/\/gersonguelmann.com.br\/blog\/quando-a-fome-causa-tristeza\/\" \/>\n<meta property=\"og:site_name\" content=\"Blog do Guelmann\" \/>\n<meta property=\"article:published_time\" content=\"2018-05-01T18:05:36+00:00\" \/>\n<meta property=\"og:image\" content=\"https:\/\/i0.wp.com\/gersonguelmann.com.br\/blog\/wp-content\/uploads\/2018\/05\/images.jpg?fit=183%2C275&ssl=1\" \/>\n\t<meta property=\"og:image:width\" content=\"183\" \/>\n\t<meta property=\"og:image:height\" content=\"275\" \/>\n\t<meta property=\"og:image:type\" content=\"image\/jpeg\" \/>\n<meta name=\"author\" content=\"Gerson Guelmann\" \/>\n<meta name=\"twitter:card\" content=\"summary_large_image\" \/>\n<meta name=\"twitter:label1\" content=\"Escrito por\" \/>\n\t<meta name=\"twitter:data1\" content=\"Gerson Guelmann\" \/>\n<script type=\"application\/ld+json\" class=\"yoast-schema-graph\">{\"@context\":\"https:\\\/\\\/schema.org\",\"@graph\":[{\"@type\":\"Article\",\"@id\":\"https:\\\/\\\/gersonguelmann.com.br\\\/blog\\\/quando-a-fome-causa-tristeza\\\/#article\",\"isPartOf\":{\"@id\":\"https:\\\/\\\/gersonguelmann.com.br\\\/blog\\\/quando-a-fome-causa-tristeza\\\/\"},\"author\":{\"name\":\"Gerson Guelmann\",\"@id\":\"https:\\\/\\\/gersonguelmann.com.br\\\/blog\\\/#\\\/schema\\\/person\\\/87e70e2a786888082f941a482c90569e\"},\"headline\":\"Quando a Fome Causa Tristeza\",\"datePublished\":\"2018-05-01T18:05:36+00:00\",\"mainEntityOfPage\":{\"@id\":\"https:\\\/\\\/gersonguelmann.com.br\\\/blog\\\/quando-a-fome-causa-tristeza\\\/\"},\"wordCount\":99,\"commentCount\":0,\"image\":{\"@id\":\"https:\\\/\\\/gersonguelmann.com.br\\\/blog\\\/quando-a-fome-causa-tristeza\\\/#primaryimage\"},\"thumbnailUrl\":\"https:\\\/\\\/i0.wp.com\\\/gersonguelmann.com.br\\\/blog\\\/wp-content\\\/uploads\\\/2018\\\/05\\\/images.jpg?fit=183%2C275&ssl=1\",\"inLanguage\":\"pt-BR\",\"potentialAction\":[{\"@type\":\"CommentAction\",\"name\":\"Comment\",\"target\":[\"https:\\\/\\\/gersonguelmann.com.br\\\/blog\\\/quando-a-fome-causa-tristeza\\\/#respond\"]}]},{\"@type\":\"WebPage\",\"@id\":\"https:\\\/\\\/gersonguelmann.com.br\\\/blog\\\/quando-a-fome-causa-tristeza\\\/\",\"url\":\"https:\\\/\\\/gersonguelmann.com.br\\\/blog\\\/quando-a-fome-causa-tristeza\\\/\",\"name\":\"Quando a Fome Causa Tristeza | Blog do Guelmann\",\"isPartOf\":{\"@id\":\"https:\\\/\\\/gersonguelmann.com.br\\\/blog\\\/#website\"},\"primaryImageOfPage\":{\"@id\":\"https:\\\/\\\/gersonguelmann.com.br\\\/blog\\\/quando-a-fome-causa-tristeza\\\/#primaryimage\"},\"image\":{\"@id\":\"https:\\\/\\\/gersonguelmann.com.br\\\/blog\\\/quando-a-fome-causa-tristeza\\\/#primaryimage\"},\"thumbnailUrl\":\"https:\\\/\\\/i0.wp.com\\\/gersonguelmann.com.br\\\/blog\\\/wp-content\\\/uploads\\\/2018\\\/05\\\/images.jpg?fit=183%2C275&ssl=1\",\"datePublished\":\"2018-05-01T18:05:36+00:00\",\"author\":{\"@id\":\"https:\\\/\\\/gersonguelmann.com.br\\\/blog\\\/#\\\/schema\\\/person\\\/87e70e2a786888082f941a482c90569e\"},\"inLanguage\":\"pt-BR\",\"potentialAction\":[{\"@type\":\"ReadAction\",\"target\":[\"https:\\\/\\\/gersonguelmann.com.br\\\/blog\\\/quando-a-fome-causa-tristeza\\\/\"]}]},{\"@type\":\"ImageObject\",\"inLanguage\":\"pt-BR\",\"@id\":\"https:\\\/\\\/gersonguelmann.com.br\\\/blog\\\/quando-a-fome-causa-tristeza\\\/#primaryimage\",\"url\":\"https:\\\/\\\/i0.wp.com\\\/gersonguelmann.com.br\\\/blog\\\/wp-content\\\/uploads\\\/2018\\\/05\\\/images.jpg?fit=183%2C275&ssl=1\",\"contentUrl\":\"https:\\\/\\\/i0.wp.com\\\/gersonguelmann.com.br\\\/blog\\\/wp-content\\\/uploads\\\/2018\\\/05\\\/images.jpg?fit=183%2C275&ssl=1\",\"width\":183,\"height\":275},{\"@type\":\"WebSite\",\"@id\":\"https:\\\/\\\/gersonguelmann.com.br\\\/blog\\\/#website\",\"url\":\"https:\\\/\\\/gersonguelmann.com.br\\\/blog\\\/\",\"name\":\"Blog do Guelmann\",\"description\":\"Pitadas da sabedoria e do humor judaicos, assuntos do momento e um pouco das hist\u00f3rias que vivi e testemunhei.\",\"potentialAction\":[{\"@type\":\"SearchAction\",\"target\":{\"@type\":\"EntryPoint\",\"urlTemplate\":\"https:\\\/\\\/gersonguelmann.com.br\\\/blog\\\/?s={search_term_string}\"},\"query-input\":{\"@type\":\"PropertyValueSpecification\",\"valueRequired\":true,\"valueName\":\"search_term_string\"}}],\"inLanguage\":\"pt-BR\"},{\"@type\":\"Person\",\"@id\":\"https:\\\/\\\/gersonguelmann.com.br\\\/blog\\\/#\\\/schema\\\/person\\\/87e70e2a786888082f941a482c90569e\",\"name\":\"Gerson Guelmann\",\"image\":{\"@type\":\"ImageObject\",\"inLanguage\":\"pt-BR\",\"@id\":\"https:\\\/\\\/i0.wp.com\\\/gersonguelmann.com.br\\\/blog\\\/wp-content\\\/uploads\\\/2021\\\/08\\\/BLOG.jpeg?fit=96%2C96&ssl=1\",\"url\":\"https:\\\/\\\/i0.wp.com\\\/gersonguelmann.com.br\\\/blog\\\/wp-content\\\/uploads\\\/2021\\\/08\\\/BLOG.jpeg?fit=96%2C96&ssl=1\",\"contentUrl\":\"https:\\\/\\\/i0.wp.com\\\/gersonguelmann.com.br\\\/blog\\\/wp-content\\\/uploads\\\/2021\\\/08\\\/BLOG.jpeg?fit=96%2C96&ssl=1\",\"caption\":\"Gerson Guelmann\"},\"description\":\"Pitadas da sabedoria e do humor judaicos, assuntos do momento e um pouco das hist\u00f3rias que vivi e testemunhei.\"}]}<\/script>\n<!-- \/ Yoast SEO plugin. -->","yoast_head_json":{"title":"Quando a Fome Causa Tristeza | Blog do Guelmann","robots":{"index":"index","follow":"follow","max-snippet":"max-snippet:-1","max-image-preview":"max-image-preview:large","max-video-preview":"max-video-preview:-1"},"canonical":"https:\/\/gersonguelmann.com.br\/blog\/quando-a-fome-causa-tristeza\/","og_locale":"pt_BR","og_type":"article","og_title":"Quando a Fome Causa Tristeza | Blog do Guelmann","og_description":"Sentir fome n\u00e3o \u00e9 bom. S\u00f3 que normalmente n\u00e3o nos incomodamos com isso porque sabemos que logo o desconforto desaparecer\u00e1. Mas quando voc\u00ea est\u00e1 na tua casa num dia de feriado e precisa dar comida \u00e0 uma senhorinha que vem bater \u00e0 tua porta, enxerga a face mais cruel da realidade do pa\u00eds.\u00a0 E aos [&hellip;]","og_url":"https:\/\/gersonguelmann.com.br\/blog\/quando-a-fome-causa-tristeza\/","og_site_name":"Blog do Guelmann","article_published_time":"2018-05-01T18:05:36+00:00","og_image":[{"width":183,"height":275,"url":"https:\/\/i0.wp.com\/gersonguelmann.com.br\/blog\/wp-content\/uploads\/2018\/05\/images.jpg?fit=183%2C275&ssl=1","type":"image\/jpeg"}],"author":"Gerson Guelmann","twitter_card":"summary_large_image","twitter_misc":{"Escrito por":"Gerson Guelmann"},"schema":{"@context":"https:\/\/schema.org","@graph":[{"@type":"Article","@id":"https:\/\/gersonguelmann.com.br\/blog\/quando-a-fome-causa-tristeza\/#article","isPartOf":{"@id":"https:\/\/gersonguelmann.com.br\/blog\/quando-a-fome-causa-tristeza\/"},"author":{"name":"Gerson Guelmann","@id":"https:\/\/gersonguelmann.com.br\/blog\/#\/schema\/person\/87e70e2a786888082f941a482c90569e"},"headline":"Quando a Fome Causa Tristeza","datePublished":"2018-05-01T18:05:36+00:00","mainEntityOfPage":{"@id":"https:\/\/gersonguelmann.com.br\/blog\/quando-a-fome-causa-tristeza\/"},"wordCount":99,"commentCount":0,"image":{"@id":"https:\/\/gersonguelmann.com.br\/blog\/quando-a-fome-causa-tristeza\/#primaryimage"},"thumbnailUrl":"https:\/\/i0.wp.com\/gersonguelmann.com.br\/blog\/wp-content\/uploads\/2018\/05\/images.jpg?fit=183%2C275&ssl=1","inLanguage":"pt-BR","potentialAction":[{"@type":"CommentAction","name":"Comment","target":["https:\/\/gersonguelmann.com.br\/blog\/quando-a-fome-causa-tristeza\/#respond"]}]},{"@type":"WebPage","@id":"https:\/\/gersonguelmann.com.br\/blog\/quando-a-fome-causa-tristeza\/","url":"https:\/\/gersonguelmann.com.br\/blog\/quando-a-fome-causa-tristeza\/","name":"Quando a Fome Causa Tristeza | Blog do Guelmann","isPartOf":{"@id":"https:\/\/gersonguelmann.com.br\/blog\/#website"},"primaryImageOfPage":{"@id":"https:\/\/gersonguelmann.com.br\/blog\/quando-a-fome-causa-tristeza\/#primaryimage"},"image":{"@id":"https:\/\/gersonguelmann.com.br\/blog\/quando-a-fome-causa-tristeza\/#primaryimage"},"thumbnailUrl":"https:\/\/i0.wp.com\/gersonguelmann.com.br\/blog\/wp-content\/uploads\/2018\/05\/images.jpg?fit=183%2C275&ssl=1","datePublished":"2018-05-01T18:05:36+00:00","author":{"@id":"https:\/\/gersonguelmann.com.br\/blog\/#\/schema\/person\/87e70e2a786888082f941a482c90569e"},"inLanguage":"pt-BR","potentialAction":[{"@type":"ReadAction","target":["https:\/\/gersonguelmann.com.br\/blog\/quando-a-fome-causa-tristeza\/"]}]},{"@type":"ImageObject","inLanguage":"pt-BR","@id":"https:\/\/gersonguelmann.com.br\/blog\/quando-a-fome-causa-tristeza\/#primaryimage","url":"https:\/\/i0.wp.com\/gersonguelmann.com.br\/blog\/wp-content\/uploads\/2018\/05\/images.jpg?fit=183%2C275&ssl=1","contentUrl":"https:\/\/i0.wp.com\/gersonguelmann.com.br\/blog\/wp-content\/uploads\/2018\/05\/images.jpg?fit=183%2C275&ssl=1","width":183,"height":275},{"@type":"WebSite","@id":"https:\/\/gersonguelmann.com.br\/blog\/#website","url":"https:\/\/gersonguelmann.com.br\/blog\/","name":"Blog do Guelmann","description":"Pitadas da sabedoria e do humor judaicos, assuntos do momento e um pouco das hist\u00f3rias que vivi e testemunhei.","potentialAction":[{"@type":"SearchAction","target":{"@type":"EntryPoint","urlTemplate":"https:\/\/gersonguelmann.com.br\/blog\/?s={search_term_string}"},"query-input":{"@type":"PropertyValueSpecification","valueRequired":true,"valueName":"search_term_string"}}],"inLanguage":"pt-BR"},{"@type":"Person","@id":"https:\/\/gersonguelmann.com.br\/blog\/#\/schema\/person\/87e70e2a786888082f941a482c90569e","name":"Gerson Guelmann","image":{"@type":"ImageObject","inLanguage":"pt-BR","@id":"https:\/\/i0.wp.com\/gersonguelmann.com.br\/blog\/wp-content\/uploads\/2021\/08\/BLOG.jpeg?fit=96%2C96&ssl=1","url":"https:\/\/i0.wp.com\/gersonguelmann.com.br\/blog\/wp-content\/uploads\/2021\/08\/BLOG.jpeg?fit=96%2C96&ssl=1","contentUrl":"https:\/\/i0.wp.com\/gersonguelmann.com.br\/blog\/wp-content\/uploads\/2021\/08\/BLOG.jpeg?fit=96%2C96&ssl=1","caption":"Gerson Guelmann"},"description":"Pitadas da sabedoria e do humor judaicos, assuntos do momento e um pouco das hist\u00f3rias que vivi e testemunhei."}]}},"views":51,"jetpack_publicize_connections":[],"jetpack_featured_media_url":"https:\/\/i0.wp.com\/gersonguelmann.com.br\/blog\/wp-content\/uploads\/2018\/05\/images.jpg?fit=183%2C275&ssl=1","jetpack_shortlink":"https:\/\/wp.me\/p96e7O-3da","jetpack-related-posts":[{"id":21039,"url":"https:\/\/gersonguelmann.com.br\/blog\/que-tipo-de-carta-voce-escreveria-para-tua-avo\/","url_meta":{"origin":12348,"position":0},"title":"Que Tipo de Carta Voc\u00ea Escreveria Para Tua Av\u00f3?","author":"Gerson Guelmann","date":"23 de janeiro de 2021","format":false,"excerpt":"Pense nessa hip\u00f3tese: voc\u00ea, distante de tua av\u00f3, nos tempos em que se mandavam cartas, decide escrever para ela. Ser\u00e1 que ainda h\u00e1 quem fa\u00e7a isso? Pode ser que a carta fosse virtual. O que voc\u00ea diria? Em 1968, Jos\u00e9 Saramago publicou no jornal A Capital, de Lisboa, a cr\u00f4nica\u2026","rel":"","context":"Em &quot;Sem categoria&quot;","block_context":{"text":"Sem categoria","link":"https:\/\/gersonguelmann.com.br\/blog\/category\/sem-categoria\/"},"img":{"alt_text":"","src":"https:\/\/i0.wp.com\/gersonguelmann.com.br\/blog\/wp-content\/uploads\/2021\/01\/AVO-1-scaled.jpg?fit=1200%2C800&ssl=1&resize=350%2C200","width":350,"height":200,"srcset":"https:\/\/i0.wp.com\/gersonguelmann.com.br\/blog\/wp-content\/uploads\/2021\/01\/AVO-1-scaled.jpg?fit=1200%2C800&ssl=1&resize=350%2C200 1x, https:\/\/i0.wp.com\/gersonguelmann.com.br\/blog\/wp-content\/uploads\/2021\/01\/AVO-1-scaled.jpg?fit=1200%2C800&ssl=1&resize=525%2C300 1.5x, https:\/\/i0.wp.com\/gersonguelmann.com.br\/blog\/wp-content\/uploads\/2021\/01\/AVO-1-scaled.jpg?fit=1200%2C800&ssl=1&resize=700%2C400 2x, https:\/\/i0.wp.com\/gersonguelmann.com.br\/blog\/wp-content\/uploads\/2021\/01\/AVO-1-scaled.jpg?fit=1200%2C800&ssl=1&resize=1050%2C600 3x"},"classes":[]},{"id":4554,"url":"https:\/\/gersonguelmann.com.br\/blog\/nao-e-melhor-fechar-brasil-crianca-desmaia-de-fome-em-escola\/","url_meta":{"origin":12348,"position":1},"title":"N\u00e3o \u00e9 Melhor Fechar o Brasil? Crian\u00e7a Desmaia de Fome em Escola.","author":"Gerson Guelmann","date":"17 de novembro de 2017","format":false,"excerpt":"Na \u00faltima segunda-feira um menino de oito anos desmaiou de fome em uma escola do Cruzeiro, no Distrito Federal. A escola atende 250 crian\u00e7as\u00a0carentes que moram no Parano\u00e1 Parque e que todos os dias viajam 30 km para estudar. Para chegar na escola as 13h eles saem de casa as\u2026","rel":"","context":"Em &quot;Sem categoria&quot;","block_context":{"text":"Sem categoria","link":"https:\/\/gersonguelmann.com.br\/blog\/category\/sem-categoria\/"},"img":{"alt_text":"","src":"https:\/\/i0.wp.com\/gersonguelmann.com.br\/blog\/wp-content\/uploads\/2017\/11\/Mapa-Brasil.jpg?fit=1200%2C1072&ssl=1&resize=350%2C200","width":350,"height":200,"srcset":"https:\/\/i0.wp.com\/gersonguelmann.com.br\/blog\/wp-content\/uploads\/2017\/11\/Mapa-Brasil.jpg?fit=1200%2C1072&ssl=1&resize=350%2C200 1x, https:\/\/i0.wp.com\/gersonguelmann.com.br\/blog\/wp-content\/uploads\/2017\/11\/Mapa-Brasil.jpg?fit=1200%2C1072&ssl=1&resize=525%2C300 1.5x, https:\/\/i0.wp.com\/gersonguelmann.com.br\/blog\/wp-content\/uploads\/2017\/11\/Mapa-Brasil.jpg?fit=1200%2C1072&ssl=1&resize=700%2C400 2x, https:\/\/i0.wp.com\/gersonguelmann.com.br\/blog\/wp-content\/uploads\/2017\/11\/Mapa-Brasil.jpg?fit=1200%2C1072&ssl=1&resize=1050%2C600 3x"},"classes":[]},{"id":23031,"url":"https:\/\/gersonguelmann.com.br\/blog\/perolas-do-humor-judaico\/","url_meta":{"origin":12348,"position":2},"title":"P\u00e9rolas do Humor Judaico","author":"Gerson Guelmann","date":"8 de fevereiro de 2023","format":false,"excerpt":"Esc\u00e2ndalo na Fam\u00edlia (\u00b9) Um jovem judeu de Salonica (\u00b2) disse ao pai que precisava conversar sobre um assunto muito importante, coisa de homem para homem. Come\u00e7ou dizendo que queria casar com uma mo\u00e7a por quem estava apaixonado. Curioso, o pai perguntou quem ela era: - \"\u00c9 a Chochana Torres,\u2026","rel":"","context":"Em &quot;Sem categoria&quot;","block_context":{"text":"Sem categoria","link":"https:\/\/gersonguelmann.com.br\/blog\/category\/sem-categoria\/"},"img":{"alt_text":"","src":"https:\/\/i0.wp.com\/gersonguelmann.com.br\/blog\/wp-content\/uploads\/2023\/02\/HojePR.png?fit=950%2C1200&ssl=1&resize=350%2C200","width":350,"height":200,"srcset":"https:\/\/i0.wp.com\/gersonguelmann.com.br\/blog\/wp-content\/uploads\/2023\/02\/HojePR.png?fit=950%2C1200&ssl=1&resize=350%2C200 1x, https:\/\/i0.wp.com\/gersonguelmann.com.br\/blog\/wp-content\/uploads\/2023\/02\/HojePR.png?fit=950%2C1200&ssl=1&resize=525%2C300 1.5x, https:\/\/i0.wp.com\/gersonguelmann.com.br\/blog\/wp-content\/uploads\/2023\/02\/HojePR.png?fit=950%2C1200&ssl=1&resize=700%2C400 2x"},"classes":[]},{"id":21955,"url":"https:\/\/gersonguelmann.com.br\/blog\/de-r-65-em-r-65-vamos-combatendo-a-fome\/","url_meta":{"origin":12348,"position":3},"title":"De R$ 65 em R$ 65 Vamos Combatendo a Fome","author":"Gerson Guelmann","date":"9 de abril de 2021","format":false,"excerpt":"Trago not\u00edcias maravilhosas sobre a 2\u00aa campanha 18\u2764\ufe0f18 Curitiba que est\u00e1 arrecadando recursos para comprar cestas b\u00e1sicas para fam\u00edlias colocadas em vulnerabilidade social na pandemia. Vulnerabilidade social significa FOME. Lembro que a 1\u00aa campanha, ano passado,\u00a0 atendeu 35 Entidades com 9.159 cestas b\u00e1sicas. O objetivo da 2\u00aa era arrecadar em\u2026","rel":"","context":"Em &quot;Sem categoria&quot;","block_context":{"text":"Sem categoria","link":"https:\/\/gersonguelmann.com.br\/blog\/category\/sem-categoria\/"},"img":{"alt_text":"","src":"https:\/\/i0.wp.com\/gersonguelmann.com.br\/blog\/wp-content\/uploads\/2021\/04\/1818-1.jpeg?fit=1012%2C1024&ssl=1&resize=350%2C200","width":350,"height":200,"srcset":"https:\/\/i0.wp.com\/gersonguelmann.com.br\/blog\/wp-content\/uploads\/2021\/04\/1818-1.jpeg?fit=1012%2C1024&ssl=1&resize=350%2C200 1x, https:\/\/i0.wp.com\/gersonguelmann.com.br\/blog\/wp-content\/uploads\/2021\/04\/1818-1.jpeg?fit=1012%2C1024&ssl=1&resize=525%2C300 1.5x, https:\/\/i0.wp.com\/gersonguelmann.com.br\/blog\/wp-content\/uploads\/2021\/04\/1818-1.jpeg?fit=1012%2C1024&ssl=1&resize=700%2C400 2x"},"classes":[]},{"id":1809,"url":"https:\/\/gersonguelmann.com.br\/blog\/ah-essas-adoraveis-maes-judias\/","url_meta":{"origin":12348,"position":4},"title":"Ah, Essas Ador\u00e1veis M\u00e3es Judias!","author":"Gerson Guelmann","date":"30 de novembro de 2022","format":false,"excerpt":"1 - A m\u00e3e judia estava na janela, gritando para o filho que brincava com os amiguinhos na rua: - \"David, entre j\u00e1!\" Acostumado ao sistema da m\u00e3e, o menino perguntou: - \"Porque, m\u00e3e, eu estou com fome?\" E ela esclareceu: - \"N\u00e3o, voc\u00ea est\u00e1 com frio\". 2 - Prov\u00e9rbio\u2026","rel":"","context":"Em &quot;Sem categoria&quot;","block_context":{"text":"Sem categoria","link":"https:\/\/gersonguelmann.com.br\/blog\/category\/sem-categoria\/"},"img":{"alt_text":"","src":"https:\/\/i0.wp.com\/gersonguelmann.com.br\/blog\/wp-content\/uploads\/2017\/09\/king-solomon.jpg?fit=1200%2C900&ssl=1&resize=350%2C200","width":350,"height":200,"srcset":"https:\/\/i0.wp.com\/gersonguelmann.com.br\/blog\/wp-content\/uploads\/2017\/09\/king-solomon.jpg?fit=1200%2C900&ssl=1&resize=350%2C200 1x, https:\/\/i0.wp.com\/gersonguelmann.com.br\/blog\/wp-content\/uploads\/2017\/09\/king-solomon.jpg?fit=1200%2C900&ssl=1&resize=525%2C300 1.5x, https:\/\/i0.wp.com\/gersonguelmann.com.br\/blog\/wp-content\/uploads\/2017\/09\/king-solomon.jpg?fit=1200%2C900&ssl=1&resize=700%2C400 2x, https:\/\/i0.wp.com\/gersonguelmann.com.br\/blog\/wp-content\/uploads\/2017\/09\/king-solomon.jpg?fit=1200%2C900&ssl=1&resize=1050%2C600 3x"},"classes":[]},{"id":1743,"url":"https:\/\/gersonguelmann.com.br\/blog\/criancas-judias-dao-bons-conselhos\/","url_meta":{"origin":12348,"position":5},"title":"Crian\u00e7as Judias D\u00e3o Bons Conselhos","author":"Gerson Guelmann","date":"9 de dezembro de 2022","format":false,"excerpt":"Numa escola judaica os professores fizeram uma enquete para saber que conselhos os alunos dariam \u00e0s outras crian\u00e7as. Aqui est\u00e3o as melhores respostas: - \"Nunca deixe o cachorro cuidar da tua comida.\" - \"Quando teu pai estiver brabo e perguntar se por acaso ele parece um idiota, n\u00e3o responda nada.\"\u2026","rel":"","context":"Em &quot;Sem categoria&quot;","block_context":{"text":"Sem categoria","link":"https:\/\/gersonguelmann.com.br\/blog\/category\/sem-categoria\/"},"img":{"alt_text":"","src":"https:\/\/i0.wp.com\/gersonguelmann.com.br\/blog\/wp-content\/uploads\/2017\/09\/Franqueza.jpg?resize=350%2C200&ssl=1","width":350,"height":200},"classes":[]}],"jetpack_sharing_enabled":true,"post_mailing_queue_ids":[],"_links":{"self":[{"href":"https:\/\/gersonguelmann.com.br\/blog\/wp-json\/wp\/v2\/posts\/12348","targetHints":{"allow":["GET"]}}],"collection":[{"href":"https:\/\/gersonguelmann.com.br\/blog\/wp-json\/wp\/v2\/posts"}],"about":[{"href":"https:\/\/gersonguelmann.com.br\/blog\/wp-json\/wp\/v2\/types\/post"}],"author":[{"embeddable":true,"href":"https:\/\/gersonguelmann.com.br\/blog\/wp-json\/wp\/v2\/users\/5"}],"replies":[{"embeddable":true,"href":"https:\/\/gersonguelmann.com.br\/blog\/wp-json\/wp\/v2\/comments?post=12348"}],"version-history":[{"count":0,"href":"https:\/\/gersonguelmann.com.br\/blog\/wp-json\/wp\/v2\/posts\/12348\/revisions"}],"wp:featuredmedia":[{"embeddable":true,"href":"https:\/\/gersonguelmann.com.br\/blog\/wp-json\/wp\/v2\/media\/12349"}],"wp:attachment":[{"href":"https:\/\/gersonguelmann.com.br\/blog\/wp-json\/wp\/v2\/media?parent=12348"}],"wp:term":[{"taxonomy":"category","embeddable":true,"href":"https:\/\/gersonguelmann.com.br\/blog\/wp-json\/wp\/v2\/categories?post=12348"},{"taxonomy":"post_tag","embeddable":true,"href":"https:\/\/gersonguelmann.com.br\/blog\/wp-json\/wp\/v2\/tags?post=12348"}],"curies":[{"name":"wp","href":"https:\/\/api.w.org\/{rel}","templated":true}]}}