    {"id":12362,"date":"2018-05-01T20:37:04","date_gmt":"2018-05-01T23:37:04","guid":{"rendered":"https:\/\/gersonguelmann.com.br\/blog\/?p=12362"},"modified":"2018-05-01T20:41:18","modified_gmt":"2018-05-01T23:41:18","slug":"aqui-en-curitiba-nao-hablamos-espanol","status":"publish","type":"post","link":"https:\/\/gersonguelmann.com.br\/blog\/aqui-en-curitiba-nao-hablamos-espanol\/","title":{"rendered":"Aqui en Curitiba N\u00e3o Hablamos Espa\u00f1ol"},"content":{"rendered":"<p><span style=\"font-family: georgia, palatino, serif; font-size: 18pt; color: #000000;\">Alguns &#8220;companheiros&#8221; alinhados mais \u00e0 esquerda est\u00e3o distribuindo uma fotografia que teria sido tirada hoje aqui em Curitiba, na manifesta\u00e7\u00e3o pelo Dia do Trabalhador.<\/span><\/p>\n<p><span style=\"font-family: georgia, palatino, serif; font-size: 18pt; color: #000000;\">A foto realmente impressiona pelo n\u00famero de pessoas que teriam comparecido \u00e0 marcha.\u00a0<\/span><\/p>\n<p><span style=\"font-family: georgia, palatino, serif; font-size: 18pt; color: #000000;\">Para quem conhece a cidade nem \u00e9 preciso olhar com muita aten\u00e7\u00e3o, porque a paisagem n\u00e3o tem nada a ver com Curitiba, que \u00e9 uma cidade muito boa mas ainda n\u00e3o tem mar.<\/span><\/p>\n<p><span style=\"font-family: georgia, palatino, serif; font-size: 18pt; color: #000000;\">De toda forma, para quem quiser tirar a d\u00favida, basta ampliar a foto e ler a faixa colocada no pr\u00e9dio \u00e0 direita, onde est\u00e1 escrito:<\/span><br \/>\n<span style=\"font-family: georgia, palatino, serif; font-size: 18pt; color: #000000;\">&#8211; &#8220;<em><strong>UNIDAD, COMPROMISO Y VICTORIA<\/strong><\/em>&#8220;.<\/span><\/p>\n<p><span style=\"font-family: georgia, palatino, serif; font-size: 18pt; color: #000000;\">Isso a\u00ed est\u00e1 mais para Cuba, n\u00e9? <\/span><\/p>\n<p><span style=\"font-family: georgia, palatino, serif; font-size: 18pt; color: #000000;\">Leg\u00edtima fake news ou, como dizia aquela propaganda, &#8220;<em>la garantia soy yo<\/em>&#8220;.<\/span><\/p>\n<p><span style=\"font-family: georgia, palatino, serif; font-size: 18pt; color: #000000;\"><img data-recalc-dims=\"1\" fetchpriority=\"high\" decoding=\"async\" data-attachment-id=\"12363\" data-permalink=\"https:\/\/gersonguelmann.com.br\/blog\/aqui-en-curitiba-nao-hablamos-espanol\/cuba-3\/\" data-orig-file=\"https:\/\/i0.wp.com\/gersonguelmann.com.br\/blog\/wp-content\/uploads\/2018\/05\/Cuba.jpg?fit=552%2C831&amp;ssl=1\" data-orig-size=\"552,831\" data-comments-opened=\"1\" data-image-meta=\"{&quot;aperture&quot;:&quot;0&quot;,&quot;credit&quot;:&quot;&quot;,&quot;camera&quot;:&quot;&quot;,&quot;caption&quot;:&quot;&quot;,&quot;created_timestamp&quot;:&quot;0&quot;,&quot;copyright&quot;:&quot;&quot;,&quot;focal_length&quot;:&quot;0&quot;,&quot;iso&quot;:&quot;0&quot;,&quot;shutter_speed&quot;:&quot;0&quot;,&quot;title&quot;:&quot;&quot;,&quot;orientation&quot;:&quot;0&quot;}\" data-image-title=\"Cuba\" data-image-description=\"\" data-image-caption=\"\" data-medium-file=\"https:\/\/i0.wp.com\/gersonguelmann.com.br\/blog\/wp-content\/uploads\/2018\/05\/Cuba.jpg?fit=199%2C300&amp;ssl=1\" data-large-file=\"https:\/\/i0.wp.com\/gersonguelmann.com.br\/blog\/wp-content\/uploads\/2018\/05\/Cuba.jpg?fit=552%2C831&amp;ssl=1\" class=\"size-medium wp-image-12363 aligncenter\" src=\"https:\/\/i0.wp.com\/gersonguelmann.com.br\/blog\/wp-content\/uploads\/2018\/05\/Cuba.jpg?resize=199%2C300&#038;ssl=1\" alt=\"\" width=\"199\" height=\"300\" srcset=\"https:\/\/i0.wp.com\/gersonguelmann.com.br\/blog\/wp-content\/uploads\/2018\/05\/Cuba.jpg?resize=199%2C300&amp;ssl=1 199w, https:\/\/i0.wp.com\/gersonguelmann.com.br\/blog\/wp-content\/uploads\/2018\/05\/Cuba.jpg?w=552&amp;ssl=1 552w\" sizes=\"(max-width: 199px) 100vw, 199px\" \/><\/span><\/p>\n<p>&nbsp;<\/p>\n","protected":false},"excerpt":{"rendered":"<p>Alguns &#8220;companheiros&#8221; alinhados mais \u00e0 esquerda est\u00e3o distribuindo uma fotografia que teria sido tirada hoje aqui em Curitiba, na manifesta\u00e7\u00e3o pelo Dia do Trabalhador. A foto realmente impressiona pelo n\u00famero de pessoas que teriam comparecido \u00e0 marcha.\u00a0 Para quem conhece a cidade nem \u00e9 preciso olhar com muita aten\u00e7\u00e3o, porque a paisagem n\u00e3o tem nada [&hellip;]<\/p>\n","protected":false},"author":5,"featured_media":12363,"comment_status":"open","ping_status":"open","sticky":false,"template":"","format":"standard","meta":{"_acf_changed":false,"jetpack_post_was_ever_published":false,"_jetpack_newsletter_access":"","_jetpack_dont_email_post_to_subs":false,"_jetpack_newsletter_tier_id":0,"_jetpack_memberships_contains_paywalled_content":false,"_jetpack_memberships_contains_paid_content":false,"footnotes":"","jetpack_publicize_message":"","jetpack_publicize_feature_enabled":true,"jetpack_social_post_already_shared":true,"jetpack_social_options":{"image_generator_settings":{"template":"highway","default_image_id":0,"font":"","enabled":false},"version":2}},"categories":[1],"tags":[],"class_list":["post-12362","post","type-post","status-publish","format-standard","has-post-thumbnail","hentry","category-sem-categoria"],"acf":[],"yoast_head":"<!-- This site is optimized with the Yoast SEO plugin v27.3 - https:\/\/yoast.com\/product\/yoast-seo-wordpress\/ -->\n<title>Aqui en Curitiba N\u00e3o Hablamos Espa\u00f1ol | Blog do Guelmann<\/title>\n<meta name=\"robots\" content=\"index, follow, max-snippet:-1, max-image-preview:large, max-video-preview:-1\" \/>\n<link rel=\"canonical\" href=\"https:\/\/gersonguelmann.com.br\/blog\/aqui-en-curitiba-nao-hablamos-espanol\/\" \/>\n<meta property=\"og:locale\" content=\"pt_BR\" \/>\n<meta property=\"og:type\" content=\"article\" \/>\n<meta property=\"og:title\" content=\"Aqui en Curitiba N\u00e3o Hablamos Espa\u00f1ol | Blog do Guelmann\" \/>\n<meta property=\"og:description\" content=\"Alguns &#8220;companheiros&#8221; alinhados mais \u00e0 esquerda est\u00e3o distribuindo uma fotografia que teria sido tirada hoje aqui em Curitiba, na manifesta\u00e7\u00e3o pelo Dia do Trabalhador. A foto realmente impressiona pelo n\u00famero de pessoas que teriam comparecido \u00e0 marcha.\u00a0 Para quem conhece a cidade nem \u00e9 preciso olhar com muita aten\u00e7\u00e3o, porque a paisagem n\u00e3o tem nada [&hellip;]\" \/>\n<meta property=\"og:url\" content=\"https:\/\/gersonguelmann.com.br\/blog\/aqui-en-curitiba-nao-hablamos-espanol\/\" \/>\n<meta property=\"og:site_name\" content=\"Blog do Guelmann\" \/>\n<meta property=\"article:published_time\" content=\"2018-05-01T23:37:04+00:00\" \/>\n<meta property=\"article:modified_time\" content=\"2018-05-01T23:41:18+00:00\" \/>\n<meta property=\"og:image\" content=\"https:\/\/i0.wp.com\/gersonguelmann.com.br\/blog\/wp-content\/uploads\/2018\/05\/Cuba.jpg?fit=552%2C831&ssl=1\" \/>\n\t<meta property=\"og:image:width\" content=\"552\" \/>\n\t<meta property=\"og:image:height\" content=\"831\" \/>\n\t<meta property=\"og:image:type\" content=\"image\/jpeg\" \/>\n<meta name=\"author\" content=\"Gerson Guelmann\" \/>\n<meta name=\"twitter:card\" content=\"summary_large_image\" \/>\n<meta name=\"twitter:label1\" content=\"Escrito por\" \/>\n\t<meta name=\"twitter:data1\" content=\"Gerson Guelmann\" \/>\n\t<meta name=\"twitter:label2\" content=\"Est. tempo de leitura\" \/>\n\t<meta name=\"twitter:data2\" content=\"1 minuto\" \/>\n<script type=\"application\/ld+json\" class=\"yoast-schema-graph\">{\"@context\":\"https:\\\/\\\/schema.org\",\"@graph\":[{\"@type\":\"Article\",\"@id\":\"https:\\\/\\\/gersonguelmann.com.br\\\/blog\\\/aqui-en-curitiba-nao-hablamos-espanol\\\/#article\",\"isPartOf\":{\"@id\":\"https:\\\/\\\/gersonguelmann.com.br\\\/blog\\\/aqui-en-curitiba-nao-hablamos-espanol\\\/\"},\"author\":{\"name\":\"Gerson Guelmann\",\"@id\":\"https:\\\/\\\/gersonguelmann.com.br\\\/blog\\\/#\\\/schema\\\/person\\\/87e70e2a786888082f941a482c90569e\"},\"headline\":\"Aqui en Curitiba N\u00e3o Hablamos Espa\u00f1ol\",\"datePublished\":\"2018-05-01T23:37:04+00:00\",\"dateModified\":\"2018-05-01T23:41:18+00:00\",\"mainEntityOfPage\":{\"@id\":\"https:\\\/\\\/gersonguelmann.com.br\\\/blog\\\/aqui-en-curitiba-nao-hablamos-espanol\\\/\"},\"wordCount\":132,\"commentCount\":0,\"image\":{\"@id\":\"https:\\\/\\\/gersonguelmann.com.br\\\/blog\\\/aqui-en-curitiba-nao-hablamos-espanol\\\/#primaryimage\"},\"thumbnailUrl\":\"https:\\\/\\\/i0.wp.com\\\/gersonguelmann.com.br\\\/blog\\\/wp-content\\\/uploads\\\/2018\\\/05\\\/Cuba.jpg?fit=552%2C831&ssl=1\",\"inLanguage\":\"pt-BR\",\"potentialAction\":[{\"@type\":\"CommentAction\",\"name\":\"Comment\",\"target\":[\"https:\\\/\\\/gersonguelmann.com.br\\\/blog\\\/aqui-en-curitiba-nao-hablamos-espanol\\\/#respond\"]}]},{\"@type\":\"WebPage\",\"@id\":\"https:\\\/\\\/gersonguelmann.com.br\\\/blog\\\/aqui-en-curitiba-nao-hablamos-espanol\\\/\",\"url\":\"https:\\\/\\\/gersonguelmann.com.br\\\/blog\\\/aqui-en-curitiba-nao-hablamos-espanol\\\/\",\"name\":\"Aqui en Curitiba N\u00e3o Hablamos Espa\u00f1ol | Blog do Guelmann\",\"isPartOf\":{\"@id\":\"https:\\\/\\\/gersonguelmann.com.br\\\/blog\\\/#website\"},\"primaryImageOfPage\":{\"@id\":\"https:\\\/\\\/gersonguelmann.com.br\\\/blog\\\/aqui-en-curitiba-nao-hablamos-espanol\\\/#primaryimage\"},\"image\":{\"@id\":\"https:\\\/\\\/gersonguelmann.com.br\\\/blog\\\/aqui-en-curitiba-nao-hablamos-espanol\\\/#primaryimage\"},\"thumbnailUrl\":\"https:\\\/\\\/i0.wp.com\\\/gersonguelmann.com.br\\\/blog\\\/wp-content\\\/uploads\\\/2018\\\/05\\\/Cuba.jpg?fit=552%2C831&ssl=1\",\"datePublished\":\"2018-05-01T23:37:04+00:00\",\"dateModified\":\"2018-05-01T23:41:18+00:00\",\"author\":{\"@id\":\"https:\\\/\\\/gersonguelmann.com.br\\\/blog\\\/#\\\/schema\\\/person\\\/87e70e2a786888082f941a482c90569e\"},\"inLanguage\":\"pt-BR\",\"potentialAction\":[{\"@type\":\"ReadAction\",\"target\":[\"https:\\\/\\\/gersonguelmann.com.br\\\/blog\\\/aqui-en-curitiba-nao-hablamos-espanol\\\/\"]}]},{\"@type\":\"ImageObject\",\"inLanguage\":\"pt-BR\",\"@id\":\"https:\\\/\\\/gersonguelmann.com.br\\\/blog\\\/aqui-en-curitiba-nao-hablamos-espanol\\\/#primaryimage\",\"url\":\"https:\\\/\\\/i0.wp.com\\\/gersonguelmann.com.br\\\/blog\\\/wp-content\\\/uploads\\\/2018\\\/05\\\/Cuba.jpg?fit=552%2C831&ssl=1\",\"contentUrl\":\"https:\\\/\\\/i0.wp.com\\\/gersonguelmann.com.br\\\/blog\\\/wp-content\\\/uploads\\\/2018\\\/05\\\/Cuba.jpg?fit=552%2C831&ssl=1\",\"width\":552,\"height\":831},{\"@type\":\"WebSite\",\"@id\":\"https:\\\/\\\/gersonguelmann.com.br\\\/blog\\\/#website\",\"url\":\"https:\\\/\\\/gersonguelmann.com.br\\\/blog\\\/\",\"name\":\"Blog do Guelmann\",\"description\":\"Pitadas da sabedoria e do humor judaicos, assuntos do momento e um pouco das hist\u00f3rias que vivi e testemunhei.\",\"potentialAction\":[{\"@type\":\"SearchAction\",\"target\":{\"@type\":\"EntryPoint\",\"urlTemplate\":\"https:\\\/\\\/gersonguelmann.com.br\\\/blog\\\/?s={search_term_string}\"},\"query-input\":{\"@type\":\"PropertyValueSpecification\",\"valueRequired\":true,\"valueName\":\"search_term_string\"}}],\"inLanguage\":\"pt-BR\"},{\"@type\":\"Person\",\"@id\":\"https:\\\/\\\/gersonguelmann.com.br\\\/blog\\\/#\\\/schema\\\/person\\\/87e70e2a786888082f941a482c90569e\",\"name\":\"Gerson Guelmann\",\"image\":{\"@type\":\"ImageObject\",\"inLanguage\":\"pt-BR\",\"@id\":\"https:\\\/\\\/i0.wp.com\\\/gersonguelmann.com.br\\\/blog\\\/wp-content\\\/uploads\\\/2021\\\/08\\\/BLOG.jpeg?fit=96%2C96&ssl=1\",\"url\":\"https:\\\/\\\/i0.wp.com\\\/gersonguelmann.com.br\\\/blog\\\/wp-content\\\/uploads\\\/2021\\\/08\\\/BLOG.jpeg?fit=96%2C96&ssl=1\",\"contentUrl\":\"https:\\\/\\\/i0.wp.com\\\/gersonguelmann.com.br\\\/blog\\\/wp-content\\\/uploads\\\/2021\\\/08\\\/BLOG.jpeg?fit=96%2C96&ssl=1\",\"caption\":\"Gerson Guelmann\"},\"description\":\"Pitadas da sabedoria e do humor judaicos, assuntos do momento e um pouco das hist\u00f3rias que vivi e testemunhei.\"}]}<\/script>\n<!-- \/ Yoast SEO plugin. -->","yoast_head_json":{"title":"Aqui en Curitiba N\u00e3o Hablamos Espa\u00f1ol | Blog do Guelmann","robots":{"index":"index","follow":"follow","max-snippet":"max-snippet:-1","max-image-preview":"max-image-preview:large","max-video-preview":"max-video-preview:-1"},"canonical":"https:\/\/gersonguelmann.com.br\/blog\/aqui-en-curitiba-nao-hablamos-espanol\/","og_locale":"pt_BR","og_type":"article","og_title":"Aqui en Curitiba N\u00e3o Hablamos Espa\u00f1ol | Blog do Guelmann","og_description":"Alguns &#8220;companheiros&#8221; alinhados mais \u00e0 esquerda est\u00e3o distribuindo uma fotografia que teria sido tirada hoje aqui em Curitiba, na manifesta\u00e7\u00e3o pelo Dia do Trabalhador. A foto realmente impressiona pelo n\u00famero de pessoas que teriam comparecido \u00e0 marcha.\u00a0 Para quem conhece a cidade nem \u00e9 preciso olhar com muita aten\u00e7\u00e3o, porque a paisagem n\u00e3o tem nada [&hellip;]","og_url":"https:\/\/gersonguelmann.com.br\/blog\/aqui-en-curitiba-nao-hablamos-espanol\/","og_site_name":"Blog do Guelmann","article_published_time":"2018-05-01T23:37:04+00:00","article_modified_time":"2018-05-01T23:41:18+00:00","og_image":[{"width":552,"height":831,"url":"https:\/\/i0.wp.com\/gersonguelmann.com.br\/blog\/wp-content\/uploads\/2018\/05\/Cuba.jpg?fit=552%2C831&ssl=1","type":"image\/jpeg"}],"author":"Gerson Guelmann","twitter_card":"summary_large_image","twitter_misc":{"Escrito por":"Gerson Guelmann","Est. tempo de leitura":"1 minuto"},"schema":{"@context":"https:\/\/schema.org","@graph":[{"@type":"Article","@id":"https:\/\/gersonguelmann.com.br\/blog\/aqui-en-curitiba-nao-hablamos-espanol\/#article","isPartOf":{"@id":"https:\/\/gersonguelmann.com.br\/blog\/aqui-en-curitiba-nao-hablamos-espanol\/"},"author":{"name":"Gerson Guelmann","@id":"https:\/\/gersonguelmann.com.br\/blog\/#\/schema\/person\/87e70e2a786888082f941a482c90569e"},"headline":"Aqui en Curitiba N\u00e3o Hablamos Espa\u00f1ol","datePublished":"2018-05-01T23:37:04+00:00","dateModified":"2018-05-01T23:41:18+00:00","mainEntityOfPage":{"@id":"https:\/\/gersonguelmann.com.br\/blog\/aqui-en-curitiba-nao-hablamos-espanol\/"},"wordCount":132,"commentCount":0,"image":{"@id":"https:\/\/gersonguelmann.com.br\/blog\/aqui-en-curitiba-nao-hablamos-espanol\/#primaryimage"},"thumbnailUrl":"https:\/\/i0.wp.com\/gersonguelmann.com.br\/blog\/wp-content\/uploads\/2018\/05\/Cuba.jpg?fit=552%2C831&ssl=1","inLanguage":"pt-BR","potentialAction":[{"@type":"CommentAction","name":"Comment","target":["https:\/\/gersonguelmann.com.br\/blog\/aqui-en-curitiba-nao-hablamos-espanol\/#respond"]}]},{"@type":"WebPage","@id":"https:\/\/gersonguelmann.com.br\/blog\/aqui-en-curitiba-nao-hablamos-espanol\/","url":"https:\/\/gersonguelmann.com.br\/blog\/aqui-en-curitiba-nao-hablamos-espanol\/","name":"Aqui en Curitiba N\u00e3o Hablamos Espa\u00f1ol | Blog do Guelmann","isPartOf":{"@id":"https:\/\/gersonguelmann.com.br\/blog\/#website"},"primaryImageOfPage":{"@id":"https:\/\/gersonguelmann.com.br\/blog\/aqui-en-curitiba-nao-hablamos-espanol\/#primaryimage"},"image":{"@id":"https:\/\/gersonguelmann.com.br\/blog\/aqui-en-curitiba-nao-hablamos-espanol\/#primaryimage"},"thumbnailUrl":"https:\/\/i0.wp.com\/gersonguelmann.com.br\/blog\/wp-content\/uploads\/2018\/05\/Cuba.jpg?fit=552%2C831&ssl=1","datePublished":"2018-05-01T23:37:04+00:00","dateModified":"2018-05-01T23:41:18+00:00","author":{"@id":"https:\/\/gersonguelmann.com.br\/blog\/#\/schema\/person\/87e70e2a786888082f941a482c90569e"},"inLanguage":"pt-BR","potentialAction":[{"@type":"ReadAction","target":["https:\/\/gersonguelmann.com.br\/blog\/aqui-en-curitiba-nao-hablamos-espanol\/"]}]},{"@type":"ImageObject","inLanguage":"pt-BR","@id":"https:\/\/gersonguelmann.com.br\/blog\/aqui-en-curitiba-nao-hablamos-espanol\/#primaryimage","url":"https:\/\/i0.wp.com\/gersonguelmann.com.br\/blog\/wp-content\/uploads\/2018\/05\/Cuba.jpg?fit=552%2C831&ssl=1","contentUrl":"https:\/\/i0.wp.com\/gersonguelmann.com.br\/blog\/wp-content\/uploads\/2018\/05\/Cuba.jpg?fit=552%2C831&ssl=1","width":552,"height":831},{"@type":"WebSite","@id":"https:\/\/gersonguelmann.com.br\/blog\/#website","url":"https:\/\/gersonguelmann.com.br\/blog\/","name":"Blog do Guelmann","description":"Pitadas da sabedoria e do humor judaicos, assuntos do momento e um pouco das hist\u00f3rias que vivi e testemunhei.","potentialAction":[{"@type":"SearchAction","target":{"@type":"EntryPoint","urlTemplate":"https:\/\/gersonguelmann.com.br\/blog\/?s={search_term_string}"},"query-input":{"@type":"PropertyValueSpecification","valueRequired":true,"valueName":"search_term_string"}}],"inLanguage":"pt-BR"},{"@type":"Person","@id":"https:\/\/gersonguelmann.com.br\/blog\/#\/schema\/person\/87e70e2a786888082f941a482c90569e","name":"Gerson Guelmann","image":{"@type":"ImageObject","inLanguage":"pt-BR","@id":"https:\/\/i0.wp.com\/gersonguelmann.com.br\/blog\/wp-content\/uploads\/2021\/08\/BLOG.jpeg?fit=96%2C96&ssl=1","url":"https:\/\/i0.wp.com\/gersonguelmann.com.br\/blog\/wp-content\/uploads\/2021\/08\/BLOG.jpeg?fit=96%2C96&ssl=1","contentUrl":"https:\/\/i0.wp.com\/gersonguelmann.com.br\/blog\/wp-content\/uploads\/2021\/08\/BLOG.jpeg?fit=96%2C96&ssl=1","caption":"Gerson Guelmann"},"description":"Pitadas da sabedoria e do humor judaicos, assuntos do momento e um pouco das hist\u00f3rias que vivi e testemunhei."}]}},"views":30,"jetpack_publicize_connections":[],"jetpack_featured_media_url":"https:\/\/i0.wp.com\/gersonguelmann.com.br\/blog\/wp-content\/uploads\/2018\/05\/Cuba.jpg?fit=552%2C831&ssl=1","jetpack_shortlink":"https:\/\/wp.me\/p96e7O-3do","jetpack-related-posts":[{"id":14545,"url":"https:\/\/gersonguelmann.com.br\/blog\/saudade-do-ninho-quem-nao-sente\/","url_meta":{"origin":12362,"position":0},"title":"Saudade do Ninho, Quem N\u00e3o Sente?","author":"Gerson Guelmann","date":"7 de julho de 2018","format":false,"excerpt":"Foto:\u00a0Washington Cesar Takeuchi\u00a0 O fot\u00f3grafo\u00a0Washington Cesar Takeuchi est\u00e1 fazendo um projeto para edi\u00e7\u00e3o do livro chamado\u00a0\"Saudade do Ninho: a\u00a0cidade de madeira que existe dentro de Curitiba\", cujo prop\u00f3sito, como ele diz, \u00e9 o de fazer \"um invent\u00e1rio afetivo para contar a hist\u00f3ria das casinhas de madeira de Curitiba\". O Washington\u2026","rel":"","context":"Em &quot;Sem categoria&quot;","block_context":{"text":"Sem categoria","link":"https:\/\/gersonguelmann.com.br\/blog\/category\/sem-categoria\/"},"img":{"alt_text":"","src":"https:\/\/i0.wp.com\/gersonguelmann.com.br\/blog\/wp-content\/uploads\/2018\/07\/untitled_-_April_21__2016_-6.jpg?fit=667%2C445&ssl=1&resize=350%2C200","width":350,"height":200,"srcset":"https:\/\/i0.wp.com\/gersonguelmann.com.br\/blog\/wp-content\/uploads\/2018\/07\/untitled_-_April_21__2016_-6.jpg?fit=667%2C445&ssl=1&resize=350%2C200 1x, https:\/\/i0.wp.com\/gersonguelmann.com.br\/blog\/wp-content\/uploads\/2018\/07\/untitled_-_April_21__2016_-6.jpg?fit=667%2C445&ssl=1&resize=525%2C300 1.5x"},"classes":[]},{"id":9493,"url":"https:\/\/gersonguelmann.com.br\/blog\/chegou-agora-ou-pretende-morar-em-curitiba\/","url_meta":{"origin":12362,"position":1},"title":"Chegou Agora Ou Pretende Morar Em Curitiba?","author":"Gerson Guelmann","date":"5 de dezembro de 2022","format":false,"excerpt":"Esta \u00e9 uma compila\u00e7\u00e3o de frases que j\u00e1 circularam em v\u00e1rias publica\u00e7\u00f5es, ent\u00e3o \u00e9 imposs\u00edvel descobrir o 1\u00ba autor para dar o cr\u00e9dito. Eu mesmo j\u00e1 compartilhei algumas, tempos atr\u00e1s, e agora fiz altera\u00e7\u00f5es e inclus\u00f5es, com a adi\u00e7\u00e3o de um pouco do meu humor judaico. O que interessa \u00e9\u2026","rel":"","context":"Em &quot;Sem categoria&quot;","block_context":{"text":"Sem categoria","link":"https:\/\/gersonguelmann.com.br\/blog\/category\/sem-categoria\/"},"img":{"alt_text":"","src":"https:\/\/i0.wp.com\/gersonguelmann.com.br\/blog\/wp-content\/uploads\/2018\/03\/VINA.jpg?fit=700%2C300&ssl=1&resize=350%2C200","width":350,"height":200,"srcset":"https:\/\/i0.wp.com\/gersonguelmann.com.br\/blog\/wp-content\/uploads\/2018\/03\/VINA.jpg?fit=700%2C300&ssl=1&resize=350%2C200 1x, https:\/\/i0.wp.com\/gersonguelmann.com.br\/blog\/wp-content\/uploads\/2018\/03\/VINA.jpg?fit=700%2C300&ssl=1&resize=525%2C300 1.5x, https:\/\/i0.wp.com\/gersonguelmann.com.br\/blog\/wp-content\/uploads\/2018\/03\/VINA.jpg?fit=700%2C300&ssl=1&resize=700%2C400 2x"},"classes":[]},{"id":15749,"url":"https:\/\/gersonguelmann.com.br\/blog\/na-travessia-de-pedestres-a-curitiba-desconhecida\/","url_meta":{"origin":12362,"position":2},"title":"Na Travessia de Pedestres, a Curitiba Desconhecida","author":"Gerson Guelmann","date":"16 de outubro de 2023","format":false,"excerpt":"N\u00f3s Curitibanos nos envaidecemos da educa\u00e7\u00e3o do povo e dos avan\u00e7os urban\u00edsticos da cidade. A educa\u00e7\u00e3o tem a ver com o am\u00e1lgama cultural da cidade, pois mesmo considerando que mais da metade da popula\u00e7\u00e3o n\u00e3o nasceu aqui, essa \u00e9 uma caracter\u00edstica bem presente. O orgulho da cidade se consolidou ap\u00f3s\u2026","rel":"","context":"Em &quot;Sem categoria&quot;","block_context":{"text":"Sem categoria","link":"https:\/\/gersonguelmann.com.br\/blog\/category\/sem-categoria\/"},"img":{"alt_text":"","src":"https:\/\/i0.wp.com\/gersonguelmann.com.br\/blog\/wp-content\/uploads\/2019\/01\/HojePR-scaled.jpg?fit=1200%2C801&ssl=1&resize=350%2C200","width":350,"height":200,"srcset":"https:\/\/i0.wp.com\/gersonguelmann.com.br\/blog\/wp-content\/uploads\/2019\/01\/HojePR-scaled.jpg?fit=1200%2C801&ssl=1&resize=350%2C200 1x, https:\/\/i0.wp.com\/gersonguelmann.com.br\/blog\/wp-content\/uploads\/2019\/01\/HojePR-scaled.jpg?fit=1200%2C801&ssl=1&resize=525%2C300 1.5x, https:\/\/i0.wp.com\/gersonguelmann.com.br\/blog\/wp-content\/uploads\/2019\/01\/HojePR-scaled.jpg?fit=1200%2C801&ssl=1&resize=700%2C400 2x, https:\/\/i0.wp.com\/gersonguelmann.com.br\/blog\/wp-content\/uploads\/2019\/01\/HojePR-scaled.jpg?fit=1200%2C801&ssl=1&resize=1050%2C600 3x"},"classes":[]},{"id":21865,"url":"https:\/\/gersonguelmann.com.br\/blog\/a-prova-da-inospitalidade-curitibana-para-rir\/","url_meta":{"origin":12362,"position":3},"title":"A Prova da Inospitalidade Curitibana (Para Rir)","author":"Gerson Guelmann","date":"26 de mar\u00e7o de 2021","format":false,"excerpt":"Pois \u00e9, eu precisei pesquisar o ant\u00f4nimo de \"Hospitalidade\" para escrever esse texto. N\u00f3s Curitibanos somos conhecidos por uma suposta antipatia em rela\u00e7\u00e3o aos \"forasteiros\" e h\u00e1 dezenas de hist\u00f3rias que buscam \"provar\" isso. Fala-se que o clima frio da cidade teria nos moldado e que por conta disso ser\u00edamos\u2026","rel":"","context":"Em &quot;Sem categoria&quot;","block_context":{"text":"Sem categoria","link":"https:\/\/gersonguelmann.com.br\/blog\/category\/sem-categoria\/"},"img":{"alt_text":"","src":"https:\/\/i0.wp.com\/gersonguelmann.com.br\/blog\/wp-content\/uploads\/2021\/03\/amanda-souza-PPTiicBrVU4-unsplash-scaled.jpg?fit=900%2C1200&ssl=1&resize=350%2C200","width":350,"height":200,"srcset":"https:\/\/i0.wp.com\/gersonguelmann.com.br\/blog\/wp-content\/uploads\/2021\/03\/amanda-souza-PPTiicBrVU4-unsplash-scaled.jpg?fit=900%2C1200&ssl=1&resize=350%2C200 1x, https:\/\/i0.wp.com\/gersonguelmann.com.br\/blog\/wp-content\/uploads\/2021\/03\/amanda-souza-PPTiicBrVU4-unsplash-scaled.jpg?fit=900%2C1200&ssl=1&resize=525%2C300 1.5x, https:\/\/i0.wp.com\/gersonguelmann.com.br\/blog\/wp-content\/uploads\/2021\/03\/amanda-souza-PPTiicBrVU4-unsplash-scaled.jpg?fit=900%2C1200&ssl=1&resize=700%2C400 2x"},"classes":[]},{"id":16196,"url":"https:\/\/gersonguelmann.com.br\/blog\/o-fim-da-1a-praia-do-curitibano\/","url_meta":{"origin":12362,"position":4},"title":"O Fim da 1\u00aa Praia do Curitibano","author":"Gerson Guelmann","date":"21 de mar\u00e7o de 2019","format":false,"excerpt":"O espa\u00e7o ocupado pelo bar L\u00e1 No Pasquale dentro do Passeio P\u00fablico aqui em Curitiba come\u00e7ou a ser desmontado. A Prefeitura pretende instalar brinquedos infantis no local. O fim do Pasquale entristece os curitibanos que sabem o que aquele bar representou para a cidade. N\u00f3s costumamos dizer que o parque\u2026","rel":"","context":"Em &quot;Sem categoria&quot;","block_context":{"text":"Sem categoria","link":"https:\/\/gersonguelmann.com.br\/blog\/category\/sem-categoria\/"},"img":{"alt_text":"","src":"https:\/\/i0.wp.com\/gersonguelmann.com.br\/blog\/wp-content\/uploads\/2019\/03\/PP1.jpg?fit=1200%2C900&ssl=1&resize=350%2C200","width":350,"height":200,"srcset":"https:\/\/i0.wp.com\/gersonguelmann.com.br\/blog\/wp-content\/uploads\/2019\/03\/PP1.jpg?fit=1200%2C900&ssl=1&resize=350%2C200 1x, https:\/\/i0.wp.com\/gersonguelmann.com.br\/blog\/wp-content\/uploads\/2019\/03\/PP1.jpg?fit=1200%2C900&ssl=1&resize=525%2C300 1.5x, https:\/\/i0.wp.com\/gersonguelmann.com.br\/blog\/wp-content\/uploads\/2019\/03\/PP1.jpg?fit=1200%2C900&ssl=1&resize=700%2C400 2x, https:\/\/i0.wp.com\/gersonguelmann.com.br\/blog\/wp-content\/uploads\/2019\/03\/PP1.jpg?fit=1200%2C900&ssl=1&resize=1050%2C600 3x"},"classes":[]},{"id":14522,"url":"https:\/\/gersonguelmann.com.br\/blog\/oitentao-jaime-lerner-fala-de-curitiba\/","url_meta":{"origin":12362,"position":5},"title":"Oitent\u00e3o, Jaime Lerner Fala de Curitiba","author":"Gerson Guelmann","date":"5 de julho de 2018","format":false,"excerpt":"A revista TopView acaba de publicar uma extensa e excelente mat\u00e9ria sobre o Jaime Lerner: HOME \/ PERSONALIDADES Jaime Lerner: o maior desafio de Curitiba \u00e9 voltar a ser Curitiba Aos 80 anos, o arquiteto e urbanista que tornou a capital cidade-modelo recebeu a TOPVIEW para uma entrevista exclusiva (e\u2026","rel":"","context":"Em &quot;Sem categoria&quot;","block_context":{"text":"Sem categoria","link":"https:\/\/gersonguelmann.com.br\/blog\/category\/sem-categoria\/"},"img":{"alt_text":"","src":"https:\/\/i0.wp.com\/gersonguelmann.com.br\/blog\/wp-content\/uploads\/2018\/07\/jaime-lerner-para-topview-6-1.jpg?fit=401%2C600&ssl=1&resize=350%2C200","width":350,"height":200},"classes":[]}],"jetpack_sharing_enabled":true,"post_mailing_queue_ids":[],"_links":{"self":[{"href":"https:\/\/gersonguelmann.com.br\/blog\/wp-json\/wp\/v2\/posts\/12362","targetHints":{"allow":["GET"]}}],"collection":[{"href":"https:\/\/gersonguelmann.com.br\/blog\/wp-json\/wp\/v2\/posts"}],"about":[{"href":"https:\/\/gersonguelmann.com.br\/blog\/wp-json\/wp\/v2\/types\/post"}],"author":[{"embeddable":true,"href":"https:\/\/gersonguelmann.com.br\/blog\/wp-json\/wp\/v2\/users\/5"}],"replies":[{"embeddable":true,"href":"https:\/\/gersonguelmann.com.br\/blog\/wp-json\/wp\/v2\/comments?post=12362"}],"version-history":[{"count":0,"href":"https:\/\/gersonguelmann.com.br\/blog\/wp-json\/wp\/v2\/posts\/12362\/revisions"}],"wp:featuredmedia":[{"embeddable":true,"href":"https:\/\/gersonguelmann.com.br\/blog\/wp-json\/wp\/v2\/media\/12363"}],"wp:attachment":[{"href":"https:\/\/gersonguelmann.com.br\/blog\/wp-json\/wp\/v2\/media?parent=12362"}],"wp:term":[{"taxonomy":"category","embeddable":true,"href":"https:\/\/gersonguelmann.com.br\/blog\/wp-json\/wp\/v2\/categories?post=12362"},{"taxonomy":"post_tag","embeddable":true,"href":"https:\/\/gersonguelmann.com.br\/blog\/wp-json\/wp\/v2\/tags?post=12362"}],"curies":[{"name":"wp","href":"https:\/\/api.w.org\/{rel}","templated":true}]}}