    {"id":12368,"date":"2018-05-01T21:35:41","date_gmt":"2018-05-02T00:35:41","guid":{"rendered":"https:\/\/gersonguelmann.com.br\/blog\/?p=12368"},"modified":"2018-05-01T21:35:41","modified_gmt":"2018-05-02T00:35:41","slug":"solteiroas-separadoas-disponiveis-em-geral-facebook-tera-ferramenta-para-namoros","status":"publish","type":"post","link":"https:\/\/gersonguelmann.com.br\/blog\/solteiroas-separadoas-disponiveis-em-geral-facebook-tera-ferramenta-para-namoros\/","title":{"rendered":"Solteiro(a)s, Separado(a)s &#038; Dispon\u00edveis em Geral: Facebook Ter\u00e1 Ferramenta Para Namoros"},"content":{"rendered":"<p><span style=\"color: #000000; font-family: georgia, palatino, serif; font-size: 18pt;\">Mat\u00e9ria publicada h\u00e1 pouco no jornal Zero Hora:<\/span><\/p>\n<h3 class=\"m-deck\"><span class=\"span\" style=\"color: #000000;\">SE CUIDA, TINDER<\/span><\/h3>\n<h1 class=\"m-headline\"><span style=\"color: #000000;\">Facebook ter\u00e1 ferramenta para namoros<\/span><\/h1>\n<h2 class=\"m-supportline\"><span style=\"color: #000000; font-size: 14pt;\">Mark Zuckerberg anunciou novidades na F8, confer\u00eancia anual de desenvolvedores da rede social\u00a0<\/span><\/h2>\n<div class=\"m-timestamps\">\n<div class=\"wrapper\"><span style=\"color: #000000;\"><time datetime=\"Tue, 01 May 2018 21:42:22 GMT\"><b>01\/05\/2018 &#8211; 18h42min<\/b><\/time><\/span><\/div>\n<\/div>\n<div><\/div>\n<div><span style=\"color: #000000; font-size: 14pt;\">Os usu\u00e1rios que est\u00e3o cansados de\u00a0<strong>Tinder<\/strong>, Happn e outros aplicativos de relacionamento ter\u00e3o uma nova op\u00e7\u00e3o em breve para encontrar a sua cara metade. Em apresenta\u00e7\u00e3o na F8, confer\u00eancia anual de desenvolvedores do\u00a0<strong>Facebook<\/strong>, Mark Zuckerberg anunciou que a rede social est\u00e1 desenvolvendo uma ferramenta para promover namoros e encontros. O lan\u00e7amento ainda n\u00e3o possui data confirmada.<\/span><\/div>\n<div><\/div>\n<div><span style=\"color: #000000; font-size: 14pt;\">A proposta \u00e9 que os usu\u00e1rios criem uma conta secund\u00e1ria dentro do pr\u00f3prio Facebook, que ser\u00e1 cruzada com perfis de acordo com prefer\u00eancias de namoro, interesses semelhantes e amigos em comum. As pessoas ter\u00e3o a possibilidade ainda de descobrir pessoas com base em grupos e eventos.<\/span><\/div>\n<div><\/div>\n<div>\n<div class=\"article-paragraph\">\n<p><span style=\"color: #000000; font-size: 14pt;\">Al\u00e9m disso, tudo o que acontece neste outro perfil n\u00e3o ser\u00e1 exibido aos amigos, permitindo maior confidencialidade ao usu\u00e1rio.<\/span><\/p>\n<\/div>\n<div class=\"article-paragraph\">\n<h3><span style=\"color: #000000; font-size: 14pt;\">Outras novidades<\/span><\/h3>\n<\/div>\n<div class=\"article-paragraph\">\n<p><span style=\"color: #000000; font-size: 14pt;\">Mais possibilidades foram anunciadas na F8. Ap\u00f3s os esc\u00e2ndalos envolvendo o vazamento de dados, o\u00a0<strong>Facebook\u00a0<\/strong>ir\u00e1 liberar o &#8220;Clear History&#8221;, em que o usu\u00e1rio poder\u00e1 visualizar os websites e aplicativos que enviam informa\u00e7\u00f5es para a rede social (plug-ins de identifica\u00e7\u00e3o em sites externos), dando a chance de excluir essas informa\u00e7\u00f5es da conta e desativar os armazenamentos.\u00a0<\/span><\/p>\n<\/div>\n<div class=\"article-paragraph\">\n<p><span style=\"color: #000000; font-size: 14pt;\">No final de 2018, o recurso de &#8220;Check Safety&#8221; &#8211; e m que as pessoas informam se est\u00e3o salvas em atentados ou situa\u00e7\u00f5es de risco &#8211; ser\u00e1 incrementado, deixando que os pr\u00f3prios usu\u00e1rios publiquem informa\u00e7\u00f5es em primeira m\u00e3o, como o fechamento de ruas e fotos e v\u00eddeos dos locais do incidente.<\/span><\/p>\n<\/div>\n<div class=\"article-paragraph\">\n<p><span style=\"color: #000000; font-size: 14pt;\">A terceira melhoria que chamou a aten\u00e7\u00e3o no evento se refere aos\u00a0<strong>Stories<\/strong>, tanto no Facebook como no Instagram. Em breve, as pessoas poder\u00e3o incluir links para o\u00a0<strong>Spotify<\/strong>\u00a0\u00a0e tamb\u00e9m ter acesso a mais figurinhas para complementar as publica\u00e7\u00f5es.<\/span><\/p>\n<\/div>\n<div class=\"article-paragraph\">\n<h3><span style=\"color: #000000; font-size: 14pt;\">Instagram<\/span><\/h3>\n<\/div>\n<div class=\"article-paragraph\">\n<p><span style=\"color: #000000; font-size: 14pt;\">Quanto \u00e0 rede social de imagens, que tamb\u00e9m \u00e9 administrada pelo Facebook, os usu\u00e1rios poder\u00e3o ter acesso \u00e0 recursos de realidade aumentada com intera\u00e7\u00f5es e novos filtros de rosto. Esta novidade deve chegar nas pr\u00f3ximas semanas.<\/span><\/p>\n<\/div>\n<div class=\"article-paragraph\">\n<p><span style=\"color: #000000; font-size: 14pt;\">Outro recurso a ser lan\u00e7ado \u00e9 a possibilidade de realizar chats por v\u00eddeo pela aba de mensagens diretas. Atualmente, as pessoas podem somente realizar transmiss\u00f5es ao vivo compartilhadas em modo p\u00fablico. Por fim, o<strong>\u00a0Instagram<\/strong>\u00a0tamb\u00e9m est\u00e1 redesenhando a \u00e1rea de &#8220;Explorar&#8221;, melhorando o algoritmo de interesses dos usu\u00e1rios.<\/span><\/p>\n<p><span style=\"color: #000000; font-family: georgia, palatino, serif; font-size: 18pt;\">Para ler diretamente no site, <span style=\"color: #0000ff;\"><em><strong>clique aqui<\/strong><\/em><\/span>.<\/span><\/p>\n<p><img data-recalc-dims=\"1\" fetchpriority=\"high\" decoding=\"async\" data-attachment-id=\"12369\" data-permalink=\"https:\/\/gersonguelmann.com.br\/blog\/solteiroas-separadoas-disponiveis-em-geral-facebook-tera-ferramenta-para-namoros\/date\/\" data-orig-file=\"https:\/\/i0.wp.com\/gersonguelmann.com.br\/blog\/wp-content\/uploads\/2018\/05\/Date.jpeg?fit=1880%2C1249&amp;ssl=1\" data-orig-size=\"1880,1249\" data-comments-opened=\"1\" data-image-meta=\"{&quot;aperture&quot;:&quot;0&quot;,&quot;credit&quot;:&quot;&quot;,&quot;camera&quot;:&quot;&quot;,&quot;caption&quot;:&quot;&quot;,&quot;created_timestamp&quot;:&quot;0&quot;,&quot;copyright&quot;:&quot;&quot;,&quot;focal_length&quot;:&quot;0&quot;,&quot;iso&quot;:&quot;0&quot;,&quot;shutter_speed&quot;:&quot;0&quot;,&quot;title&quot;:&quot;&quot;,&quot;orientation&quot;:&quot;0&quot;}\" data-image-title=\"Date\" data-image-description=\"\" data-image-caption=\"\" data-medium-file=\"https:\/\/i0.wp.com\/gersonguelmann.com.br\/blog\/wp-content\/uploads\/2018\/05\/Date.jpeg?fit=300%2C199&amp;ssl=1\" data-large-file=\"https:\/\/i0.wp.com\/gersonguelmann.com.br\/blog\/wp-content\/uploads\/2018\/05\/Date.jpeg?fit=640%2C425&amp;ssl=1\" class=\"size-medium wp-image-12369 aligncenter\" src=\"https:\/\/i0.wp.com\/gersonguelmann.com.br\/blog\/wp-content\/uploads\/2018\/05\/Date.jpeg?resize=300%2C199&#038;ssl=1\" alt=\"\" width=\"300\" height=\"199\" srcset=\"https:\/\/i0.wp.com\/gersonguelmann.com.br\/blog\/wp-content\/uploads\/2018\/05\/Date.jpeg?resize=300%2C199&amp;ssl=1 300w, https:\/\/i0.wp.com\/gersonguelmann.com.br\/blog\/wp-content\/uploads\/2018\/05\/Date.jpeg?resize=768%2C510&amp;ssl=1 768w, https:\/\/i0.wp.com\/gersonguelmann.com.br\/blog\/wp-content\/uploads\/2018\/05\/Date.jpeg?resize=1024%2C680&amp;ssl=1 1024w, https:\/\/i0.wp.com\/gersonguelmann.com.br\/blog\/wp-content\/uploads\/2018\/05\/Date.jpeg?resize=750%2C500&amp;ssl=1 750w, https:\/\/i0.wp.com\/gersonguelmann.com.br\/blog\/wp-content\/uploads\/2018\/05\/Date.jpeg?w=1880&amp;ssl=1 1880w, https:\/\/i0.wp.com\/gersonguelmann.com.br\/blog\/wp-content\/uploads\/2018\/05\/Date.jpeg?w=1280&amp;ssl=1 1280w\" sizes=\"(max-width: 300px) 100vw, 300px\" \/><\/p>\n<\/div>\n<\/div>\n","protected":false},"excerpt":{"rendered":"<p>Mat\u00e9ria publicada h\u00e1 pouco no jornal Zero Hora: SE CUIDA, TINDER Facebook ter\u00e1 ferramenta para namoros Mark Zuckerberg anunciou novidades na F8, confer\u00eancia anual de desenvolvedores da rede social\u00a0 01\/05\/2018 &#8211; 18h42min Os usu\u00e1rios que est\u00e3o cansados de\u00a0Tinder, Happn e outros aplicativos de relacionamento ter\u00e3o uma nova op\u00e7\u00e3o em breve para encontrar a sua cara [&hellip;]<\/p>\n","protected":false},"author":5,"featured_media":12369,"comment_status":"open","ping_status":"open","sticky":false,"template":"","format":"standard","meta":{"_acf_changed":false,"jetpack_post_was_ever_published":false,"_jetpack_newsletter_access":"","_jetpack_dont_email_post_to_subs":false,"_jetpack_newsletter_tier_id":0,"_jetpack_memberships_contains_paywalled_content":false,"_jetpack_memberships_contains_paid_content":false,"footnotes":"","jetpack_publicize_message":"","jetpack_publicize_feature_enabled":true,"jetpack_social_post_already_shared":true,"jetpack_social_options":{"image_generator_settings":{"template":"highway","default_image_id":0,"font":"","enabled":false},"version":2}},"categories":[1],"tags":[],"class_list":["post-12368","post","type-post","status-publish","format-standard","has-post-thumbnail","hentry","category-sem-categoria"],"acf":[],"yoast_head":"<!-- This site is optimized with the Yoast SEO plugin v27.3 - https:\/\/yoast.com\/product\/yoast-seo-wordpress\/ -->\n<title>Solteiro(a)s, Separado(a)s &amp; Dispon\u00edveis em Geral: Facebook Ter\u00e1 Ferramenta Para Namoros | Blog do Guelmann<\/title>\n<meta name=\"robots\" content=\"index, follow, max-snippet:-1, max-image-preview:large, max-video-preview:-1\" \/>\n<link rel=\"canonical\" href=\"https:\/\/gersonguelmann.com.br\/blog\/solteiroas-separadoas-disponiveis-em-geral-facebook-tera-ferramenta-para-namoros\/\" \/>\n<meta property=\"og:locale\" content=\"pt_BR\" \/>\n<meta property=\"og:type\" content=\"article\" \/>\n<meta property=\"og:title\" content=\"Solteiro(a)s, Separado(a)s &amp; Dispon\u00edveis em Geral: Facebook Ter\u00e1 Ferramenta Para Namoros | Blog do Guelmann\" \/>\n<meta property=\"og:description\" content=\"Mat\u00e9ria publicada h\u00e1 pouco no jornal Zero Hora: SE CUIDA, TINDER Facebook ter\u00e1 ferramenta para namoros Mark Zuckerberg anunciou novidades na F8, confer\u00eancia anual de desenvolvedores da rede social\u00a0 01\/05\/2018 &#8211; 18h42min Os usu\u00e1rios que est\u00e3o cansados de\u00a0Tinder, Happn e outros aplicativos de relacionamento ter\u00e3o uma nova op\u00e7\u00e3o em breve para encontrar a sua cara [&hellip;]\" \/>\n<meta property=\"og:url\" content=\"https:\/\/gersonguelmann.com.br\/blog\/solteiroas-separadoas-disponiveis-em-geral-facebook-tera-ferramenta-para-namoros\/\" \/>\n<meta property=\"og:site_name\" content=\"Blog do Guelmann\" \/>\n<meta property=\"article:published_time\" content=\"2018-05-02T00:35:41+00:00\" \/>\n<meta property=\"og:image\" content=\"https:\/\/i0.wp.com\/gersonguelmann.com.br\/blog\/wp-content\/uploads\/2018\/05\/Date.jpeg?fit=1880%2C1249&ssl=1\" \/>\n\t<meta property=\"og:image:width\" content=\"1880\" \/>\n\t<meta property=\"og:image:height\" content=\"1249\" \/>\n\t<meta property=\"og:image:type\" content=\"image\/jpeg\" \/>\n<meta name=\"author\" content=\"Gerson Guelmann\" \/>\n<meta name=\"twitter:card\" content=\"summary_large_image\" \/>\n<meta name=\"twitter:label1\" content=\"Escrito por\" \/>\n\t<meta name=\"twitter:data1\" content=\"Gerson Guelmann\" \/>\n\t<meta name=\"twitter:label2\" content=\"Est. tempo de leitura\" \/>\n\t<meta name=\"twitter:data2\" content=\"2 minutos\" \/>\n<script type=\"application\/ld+json\" class=\"yoast-schema-graph\">{\"@context\":\"https:\\\/\\\/schema.org\",\"@graph\":[{\"@type\":\"Article\",\"@id\":\"https:\\\/\\\/gersonguelmann.com.br\\\/blog\\\/solteiroas-separadoas-disponiveis-em-geral-facebook-tera-ferramenta-para-namoros\\\/#article\",\"isPartOf\":{\"@id\":\"https:\\\/\\\/gersonguelmann.com.br\\\/blog\\\/solteiroas-separadoas-disponiveis-em-geral-facebook-tera-ferramenta-para-namoros\\\/\"},\"author\":{\"name\":\"Gerson Guelmann\",\"@id\":\"https:\\\/\\\/gersonguelmann.com.br\\\/blog\\\/#\\\/schema\\\/person\\\/87e70e2a786888082f941a482c90569e\"},\"headline\":\"Solteiro(a)s, Separado(a)s &#038; Dispon\u00edveis em Geral: Facebook Ter\u00e1 Ferramenta Para Namoros\",\"datePublished\":\"2018-05-02T00:35:41+00:00\",\"mainEntityOfPage\":{\"@id\":\"https:\\\/\\\/gersonguelmann.com.br\\\/blog\\\/solteiroas-separadoas-disponiveis-em-geral-facebook-tera-ferramenta-para-namoros\\\/\"},\"wordCount\":453,\"commentCount\":0,\"image\":{\"@id\":\"https:\\\/\\\/gersonguelmann.com.br\\\/blog\\\/solteiroas-separadoas-disponiveis-em-geral-facebook-tera-ferramenta-para-namoros\\\/#primaryimage\"},\"thumbnailUrl\":\"https:\\\/\\\/i0.wp.com\\\/gersonguelmann.com.br\\\/blog\\\/wp-content\\\/uploads\\\/2018\\\/05\\\/Date.jpeg?fit=1880%2C1249&ssl=1\",\"inLanguage\":\"pt-BR\",\"potentialAction\":[{\"@type\":\"CommentAction\",\"name\":\"Comment\",\"target\":[\"https:\\\/\\\/gersonguelmann.com.br\\\/blog\\\/solteiroas-separadoas-disponiveis-em-geral-facebook-tera-ferramenta-para-namoros\\\/#respond\"]}]},{\"@type\":\"WebPage\",\"@id\":\"https:\\\/\\\/gersonguelmann.com.br\\\/blog\\\/solteiroas-separadoas-disponiveis-em-geral-facebook-tera-ferramenta-para-namoros\\\/\",\"url\":\"https:\\\/\\\/gersonguelmann.com.br\\\/blog\\\/solteiroas-separadoas-disponiveis-em-geral-facebook-tera-ferramenta-para-namoros\\\/\",\"name\":\"Solteiro(a)s, Separado(a)s & Dispon\u00edveis em Geral: Facebook Ter\u00e1 Ferramenta Para Namoros | Blog do Guelmann\",\"isPartOf\":{\"@id\":\"https:\\\/\\\/gersonguelmann.com.br\\\/blog\\\/#website\"},\"primaryImageOfPage\":{\"@id\":\"https:\\\/\\\/gersonguelmann.com.br\\\/blog\\\/solteiroas-separadoas-disponiveis-em-geral-facebook-tera-ferramenta-para-namoros\\\/#primaryimage\"},\"image\":{\"@id\":\"https:\\\/\\\/gersonguelmann.com.br\\\/blog\\\/solteiroas-separadoas-disponiveis-em-geral-facebook-tera-ferramenta-para-namoros\\\/#primaryimage\"},\"thumbnailUrl\":\"https:\\\/\\\/i0.wp.com\\\/gersonguelmann.com.br\\\/blog\\\/wp-content\\\/uploads\\\/2018\\\/05\\\/Date.jpeg?fit=1880%2C1249&ssl=1\",\"datePublished\":\"2018-05-02T00:35:41+00:00\",\"author\":{\"@id\":\"https:\\\/\\\/gersonguelmann.com.br\\\/blog\\\/#\\\/schema\\\/person\\\/87e70e2a786888082f941a482c90569e\"},\"inLanguage\":\"pt-BR\",\"potentialAction\":[{\"@type\":\"ReadAction\",\"target\":[\"https:\\\/\\\/gersonguelmann.com.br\\\/blog\\\/solteiroas-separadoas-disponiveis-em-geral-facebook-tera-ferramenta-para-namoros\\\/\"]}]},{\"@type\":\"ImageObject\",\"inLanguage\":\"pt-BR\",\"@id\":\"https:\\\/\\\/gersonguelmann.com.br\\\/blog\\\/solteiroas-separadoas-disponiveis-em-geral-facebook-tera-ferramenta-para-namoros\\\/#primaryimage\",\"url\":\"https:\\\/\\\/i0.wp.com\\\/gersonguelmann.com.br\\\/blog\\\/wp-content\\\/uploads\\\/2018\\\/05\\\/Date.jpeg?fit=1880%2C1249&ssl=1\",\"contentUrl\":\"https:\\\/\\\/i0.wp.com\\\/gersonguelmann.com.br\\\/blog\\\/wp-content\\\/uploads\\\/2018\\\/05\\\/Date.jpeg?fit=1880%2C1249&ssl=1\",\"width\":1880,\"height\":1249},{\"@type\":\"WebSite\",\"@id\":\"https:\\\/\\\/gersonguelmann.com.br\\\/blog\\\/#website\",\"url\":\"https:\\\/\\\/gersonguelmann.com.br\\\/blog\\\/\",\"name\":\"Blog do Guelmann\",\"description\":\"Pitadas da sabedoria e do humor judaicos, assuntos do momento e um pouco das hist\u00f3rias que vivi e testemunhei.\",\"potentialAction\":[{\"@type\":\"SearchAction\",\"target\":{\"@type\":\"EntryPoint\",\"urlTemplate\":\"https:\\\/\\\/gersonguelmann.com.br\\\/blog\\\/?s={search_term_string}\"},\"query-input\":{\"@type\":\"PropertyValueSpecification\",\"valueRequired\":true,\"valueName\":\"search_term_string\"}}],\"inLanguage\":\"pt-BR\"},{\"@type\":\"Person\",\"@id\":\"https:\\\/\\\/gersonguelmann.com.br\\\/blog\\\/#\\\/schema\\\/person\\\/87e70e2a786888082f941a482c90569e\",\"name\":\"Gerson Guelmann\",\"image\":{\"@type\":\"ImageObject\",\"inLanguage\":\"pt-BR\",\"@id\":\"https:\\\/\\\/i0.wp.com\\\/gersonguelmann.com.br\\\/blog\\\/wp-content\\\/uploads\\\/2021\\\/08\\\/BLOG.jpeg?fit=96%2C96&ssl=1\",\"url\":\"https:\\\/\\\/i0.wp.com\\\/gersonguelmann.com.br\\\/blog\\\/wp-content\\\/uploads\\\/2021\\\/08\\\/BLOG.jpeg?fit=96%2C96&ssl=1\",\"contentUrl\":\"https:\\\/\\\/i0.wp.com\\\/gersonguelmann.com.br\\\/blog\\\/wp-content\\\/uploads\\\/2021\\\/08\\\/BLOG.jpeg?fit=96%2C96&ssl=1\",\"caption\":\"Gerson Guelmann\"},\"description\":\"Pitadas da sabedoria e do humor judaicos, assuntos do momento e um pouco das hist\u00f3rias que vivi e testemunhei.\"}]}<\/script>\n<!-- \/ Yoast SEO plugin. -->","yoast_head_json":{"title":"Solteiro(a)s, Separado(a)s & Dispon\u00edveis em Geral: Facebook Ter\u00e1 Ferramenta Para Namoros | Blog do Guelmann","robots":{"index":"index","follow":"follow","max-snippet":"max-snippet:-1","max-image-preview":"max-image-preview:large","max-video-preview":"max-video-preview:-1"},"canonical":"https:\/\/gersonguelmann.com.br\/blog\/solteiroas-separadoas-disponiveis-em-geral-facebook-tera-ferramenta-para-namoros\/","og_locale":"pt_BR","og_type":"article","og_title":"Solteiro(a)s, Separado(a)s & Dispon\u00edveis em Geral: Facebook Ter\u00e1 Ferramenta Para Namoros | Blog do Guelmann","og_description":"Mat\u00e9ria publicada h\u00e1 pouco no jornal Zero Hora: SE CUIDA, TINDER Facebook ter\u00e1 ferramenta para namoros Mark Zuckerberg anunciou novidades na F8, confer\u00eancia anual de desenvolvedores da rede social\u00a0 01\/05\/2018 &#8211; 18h42min Os usu\u00e1rios que est\u00e3o cansados de\u00a0Tinder, Happn e outros aplicativos de relacionamento ter\u00e3o uma nova op\u00e7\u00e3o em breve para encontrar a sua cara [&hellip;]","og_url":"https:\/\/gersonguelmann.com.br\/blog\/solteiroas-separadoas-disponiveis-em-geral-facebook-tera-ferramenta-para-namoros\/","og_site_name":"Blog do Guelmann","article_published_time":"2018-05-02T00:35:41+00:00","og_image":[{"width":1880,"height":1249,"url":"https:\/\/i0.wp.com\/gersonguelmann.com.br\/blog\/wp-content\/uploads\/2018\/05\/Date.jpeg?fit=1880%2C1249&ssl=1","type":"image\/jpeg"}],"author":"Gerson Guelmann","twitter_card":"summary_large_image","twitter_misc":{"Escrito por":"Gerson Guelmann","Est. tempo de leitura":"2 minutos"},"schema":{"@context":"https:\/\/schema.org","@graph":[{"@type":"Article","@id":"https:\/\/gersonguelmann.com.br\/blog\/solteiroas-separadoas-disponiveis-em-geral-facebook-tera-ferramenta-para-namoros\/#article","isPartOf":{"@id":"https:\/\/gersonguelmann.com.br\/blog\/solteiroas-separadoas-disponiveis-em-geral-facebook-tera-ferramenta-para-namoros\/"},"author":{"name":"Gerson Guelmann","@id":"https:\/\/gersonguelmann.com.br\/blog\/#\/schema\/person\/87e70e2a786888082f941a482c90569e"},"headline":"Solteiro(a)s, Separado(a)s &#038; Dispon\u00edveis em Geral: Facebook Ter\u00e1 Ferramenta Para Namoros","datePublished":"2018-05-02T00:35:41+00:00","mainEntityOfPage":{"@id":"https:\/\/gersonguelmann.com.br\/blog\/solteiroas-separadoas-disponiveis-em-geral-facebook-tera-ferramenta-para-namoros\/"},"wordCount":453,"commentCount":0,"image":{"@id":"https:\/\/gersonguelmann.com.br\/blog\/solteiroas-separadoas-disponiveis-em-geral-facebook-tera-ferramenta-para-namoros\/#primaryimage"},"thumbnailUrl":"https:\/\/i0.wp.com\/gersonguelmann.com.br\/blog\/wp-content\/uploads\/2018\/05\/Date.jpeg?fit=1880%2C1249&ssl=1","inLanguage":"pt-BR","potentialAction":[{"@type":"CommentAction","name":"Comment","target":["https:\/\/gersonguelmann.com.br\/blog\/solteiroas-separadoas-disponiveis-em-geral-facebook-tera-ferramenta-para-namoros\/#respond"]}]},{"@type":"WebPage","@id":"https:\/\/gersonguelmann.com.br\/blog\/solteiroas-separadoas-disponiveis-em-geral-facebook-tera-ferramenta-para-namoros\/","url":"https:\/\/gersonguelmann.com.br\/blog\/solteiroas-separadoas-disponiveis-em-geral-facebook-tera-ferramenta-para-namoros\/","name":"Solteiro(a)s, Separado(a)s & Dispon\u00edveis em Geral: Facebook Ter\u00e1 Ferramenta Para Namoros | Blog do Guelmann","isPartOf":{"@id":"https:\/\/gersonguelmann.com.br\/blog\/#website"},"primaryImageOfPage":{"@id":"https:\/\/gersonguelmann.com.br\/blog\/solteiroas-separadoas-disponiveis-em-geral-facebook-tera-ferramenta-para-namoros\/#primaryimage"},"image":{"@id":"https:\/\/gersonguelmann.com.br\/blog\/solteiroas-separadoas-disponiveis-em-geral-facebook-tera-ferramenta-para-namoros\/#primaryimage"},"thumbnailUrl":"https:\/\/i0.wp.com\/gersonguelmann.com.br\/blog\/wp-content\/uploads\/2018\/05\/Date.jpeg?fit=1880%2C1249&ssl=1","datePublished":"2018-05-02T00:35:41+00:00","author":{"@id":"https:\/\/gersonguelmann.com.br\/blog\/#\/schema\/person\/87e70e2a786888082f941a482c90569e"},"inLanguage":"pt-BR","potentialAction":[{"@type":"ReadAction","target":["https:\/\/gersonguelmann.com.br\/blog\/solteiroas-separadoas-disponiveis-em-geral-facebook-tera-ferramenta-para-namoros\/"]}]},{"@type":"ImageObject","inLanguage":"pt-BR","@id":"https:\/\/gersonguelmann.com.br\/blog\/solteiroas-separadoas-disponiveis-em-geral-facebook-tera-ferramenta-para-namoros\/#primaryimage","url":"https:\/\/i0.wp.com\/gersonguelmann.com.br\/blog\/wp-content\/uploads\/2018\/05\/Date.jpeg?fit=1880%2C1249&ssl=1","contentUrl":"https:\/\/i0.wp.com\/gersonguelmann.com.br\/blog\/wp-content\/uploads\/2018\/05\/Date.jpeg?fit=1880%2C1249&ssl=1","width":1880,"height":1249},{"@type":"WebSite","@id":"https:\/\/gersonguelmann.com.br\/blog\/#website","url":"https:\/\/gersonguelmann.com.br\/blog\/","name":"Blog do Guelmann","description":"Pitadas da sabedoria e do humor judaicos, assuntos do momento e um pouco das hist\u00f3rias que vivi e testemunhei.","potentialAction":[{"@type":"SearchAction","target":{"@type":"EntryPoint","urlTemplate":"https:\/\/gersonguelmann.com.br\/blog\/?s={search_term_string}"},"query-input":{"@type":"PropertyValueSpecification","valueRequired":true,"valueName":"search_term_string"}}],"inLanguage":"pt-BR"},{"@type":"Person","@id":"https:\/\/gersonguelmann.com.br\/blog\/#\/schema\/person\/87e70e2a786888082f941a482c90569e","name":"Gerson Guelmann","image":{"@type":"ImageObject","inLanguage":"pt-BR","@id":"https:\/\/i0.wp.com\/gersonguelmann.com.br\/blog\/wp-content\/uploads\/2021\/08\/BLOG.jpeg?fit=96%2C96&ssl=1","url":"https:\/\/i0.wp.com\/gersonguelmann.com.br\/blog\/wp-content\/uploads\/2021\/08\/BLOG.jpeg?fit=96%2C96&ssl=1","contentUrl":"https:\/\/i0.wp.com\/gersonguelmann.com.br\/blog\/wp-content\/uploads\/2021\/08\/BLOG.jpeg?fit=96%2C96&ssl=1","caption":"Gerson Guelmann"},"description":"Pitadas da sabedoria e do humor judaicos, assuntos do momento e um pouco das hist\u00f3rias que vivi e testemunhei."}]}},"views":53,"jetpack_publicize_connections":[],"jetpack_featured_media_url":"https:\/\/i0.wp.com\/gersonguelmann.com.br\/blog\/wp-content\/uploads\/2018\/05\/Date.jpeg?fit=1880%2C1249&ssl=1","jetpack_shortlink":"https:\/\/wp.me\/p96e7O-3du","jetpack-related-posts":[{"id":12826,"url":"https:\/\/gersonguelmann.com.br\/blog\/no-mundo-da-tecnologia-mais-avancos\/","url_meta":{"origin":12368,"position":0},"title":"No Mundo da Tecnologia, Mais Avan\u00e7os","author":"Gerson Guelmann","date":"11 de maio de 2018","format":false,"excerpt":"Num mundo cada vez mais tecnol\u00f3gico, a Google est\u00e1 anunciando novos avan\u00e7os para os utilizadores da plataforma Android. Leia a mat\u00e9ria publicada no site Gizmodo Brasil: Google Lens: recurso que reconhece textos de imagens chega ao Brasil ainda em maio Por:\u00a0Guilherme Tagiaroli 10 de Maio de 2018 \u00e0s 18:54 No\u00a0Google\u2026","rel":"","context":"Em &quot;Sem categoria&quot;","block_context":{"text":"Sem categoria","link":"https:\/\/gersonguelmann.com.br\/blog\/category\/sem-categoria\/"},"img":{"alt_text":"","src":"https:\/\/i0.wp.com\/gersonguelmann.com.br\/blog\/wp-content\/uploads\/2018\/05\/lens_dog-e1525988633438.png?fit=875%2C505&ssl=1&resize=350%2C200","width":350,"height":200,"srcset":"https:\/\/i0.wp.com\/gersonguelmann.com.br\/blog\/wp-content\/uploads\/2018\/05\/lens_dog-e1525988633438.png?fit=875%2C505&ssl=1&resize=350%2C200 1x, https:\/\/i0.wp.com\/gersonguelmann.com.br\/blog\/wp-content\/uploads\/2018\/05\/lens_dog-e1525988633438.png?fit=875%2C505&ssl=1&resize=525%2C300 1.5x, https:\/\/i0.wp.com\/gersonguelmann.com.br\/blog\/wp-content\/uploads\/2018\/05\/lens_dog-e1525988633438.png?fit=875%2C505&ssl=1&resize=700%2C400 2x"},"classes":[]},{"id":1710,"url":"https:\/\/gersonguelmann.com.br\/blog\/anuncios-antissemitas-fazem-facebook-mudar\/","url_meta":{"origin":12368,"position":1},"title":"An\u00fancios Antissemitas Fazem Facebook Mudar","author":"Gerson Guelmann","date":"15 de setembro de 2017","format":false,"excerpt":"Depois do que parece ter sido um tremendo \"tiro no p\u00e9\", a empresa criada pelo judeu Mark Elliot\u00a0Zuckerberg parece que tomou um pouco de ju\u00edzo. V\u00e1rios sites est\u00e3o divulgando que a maior rede social do mundo anunciou que os filtros que possibilitavam o direcionamento de publicidade a alguns segmentos de\u2026","rel":"","context":"Em &quot;Sem categoria&quot;","block_context":{"text":"Sem categoria","link":"https:\/\/gersonguelmann.com.br\/blog\/category\/sem-categoria\/"},"img":{"alt_text":"","src":"https:\/\/i0.wp.com\/gersonguelmann.com.br\/blog\/wp-content\/uploads\/2017\/09\/Facebook.jpg?fit=960%2C511&ssl=1&resize=350%2C200","width":350,"height":200,"srcset":"https:\/\/i0.wp.com\/gersonguelmann.com.br\/blog\/wp-content\/uploads\/2017\/09\/Facebook.jpg?fit=960%2C511&ssl=1&resize=350%2C200 1x, https:\/\/i0.wp.com\/gersonguelmann.com.br\/blog\/wp-content\/uploads\/2017\/09\/Facebook.jpg?fit=960%2C511&ssl=1&resize=525%2C300 1.5x, https:\/\/i0.wp.com\/gersonguelmann.com.br\/blog\/wp-content\/uploads\/2017\/09\/Facebook.jpg?fit=960%2C511&ssl=1&resize=700%2C400 2x"},"classes":[]},{"id":20844,"url":"https:\/\/gersonguelmann.com.br\/blog\/magazine-luiza-esta-na-frente-do-whatsapp\/","url_meta":{"origin":12368,"position":2},"title":"Magazine Luiza Est\u00e1 na Frente do WhatsApp","author":"Gerson Guelmann","date":"12 de janeiro de 2021","format":false,"excerpt":"H\u00e1 poucos dias comentei sobre a \"corrida\" em dire\u00e7\u00e3o \u00e0s lojas de aplicativos de mensagens, deflagrada ap\u00f3s o an\u00fancio da mudan\u00e7a dos termos de uso e a pol\u00edtica de privacidade do WhatsApp. Como foi divulgado pelos desenvolvedores, a partir de 8\/2 os usu\u00e1rios ter\u00e3o que concordar com o compartilhamento de\u2026","rel":"","context":"Em &quot;Sem categoria&quot;","block_context":{"text":"Sem categoria","link":"https:\/\/gersonguelmann.com.br\/blog\/category\/sem-categoria\/"},"img":{"alt_text":"","src":"https:\/\/i0.wp.com\/gersonguelmann.com.br\/blog\/wp-content\/uploads\/2021\/01\/WA-1.jpg?fit=1200%2C1200&ssl=1&resize=350%2C200","width":350,"height":200,"srcset":"https:\/\/i0.wp.com\/gersonguelmann.com.br\/blog\/wp-content\/uploads\/2021\/01\/WA-1.jpg?fit=1200%2C1200&ssl=1&resize=350%2C200 1x, https:\/\/i0.wp.com\/gersonguelmann.com.br\/blog\/wp-content\/uploads\/2021\/01\/WA-1.jpg?fit=1200%2C1200&ssl=1&resize=525%2C300 1.5x, https:\/\/i0.wp.com\/gersonguelmann.com.br\/blog\/wp-content\/uploads\/2021\/01\/WA-1.jpg?fit=1200%2C1200&ssl=1&resize=700%2C400 2x, https:\/\/i0.wp.com\/gersonguelmann.com.br\/blog\/wp-content\/uploads\/2021\/01\/WA-1.jpg?fit=1200%2C1200&ssl=1&resize=1050%2C600 3x"},"classes":[]},{"id":14525,"url":"https:\/\/gersonguelmann.com.br\/blog\/whatsapp-vai-parar-de-roubar-memoria\/","url_meta":{"origin":12368,"position":3},"title":"WhatsApp Vai Parar de Roubar Mem\u00f3ria","author":"Gerson Guelmann","date":"5 de julho de 2018","format":false,"excerpt":"Na realidade n\u00e3o \u00e9 da tua mem\u00f3ria que estou falando, mas a do teu celular, o que tamb\u00e9m \u00e9 bom. Os desenvolvedores do WhatsApp acabam de anunciar mais um avan\u00e7o muito \u00fatil: a possibilidade de desativar o salvamento das m\u00eddias recebidas.\u00a0 Atualmente os v\u00eddeos, fotos e outras m\u00eddias recebidos s\u00e3o\u2026","rel":"","context":"Em &quot;Sem categoria&quot;","block_context":{"text":"Sem categoria","link":"https:\/\/gersonguelmann.com.br\/blog\/category\/sem-categoria\/"},"img":{"alt_text":"","src":"https:\/\/i0.wp.com\/gersonguelmann.com.br\/blog\/wp-content\/uploads\/2018\/07\/whatsapp-memory.jpg?fit=1200%2C630&ssl=1&resize=350%2C200","width":350,"height":200,"srcset":"https:\/\/i0.wp.com\/gersonguelmann.com.br\/blog\/wp-content\/uploads\/2018\/07\/whatsapp-memory.jpg?fit=1200%2C630&ssl=1&resize=350%2C200 1x, https:\/\/i0.wp.com\/gersonguelmann.com.br\/blog\/wp-content\/uploads\/2018\/07\/whatsapp-memory.jpg?fit=1200%2C630&ssl=1&resize=525%2C300 1.5x, https:\/\/i0.wp.com\/gersonguelmann.com.br\/blog\/wp-content\/uploads\/2018\/07\/whatsapp-memory.jpg?fit=1200%2C630&ssl=1&resize=700%2C400 2x, https:\/\/i0.wp.com\/gersonguelmann.com.br\/blog\/wp-content\/uploads\/2018\/07\/whatsapp-memory.jpg?fit=1200%2C630&ssl=1&resize=1050%2C600 3x"},"classes":[]},{"id":22003,"url":"https:\/\/gersonguelmann.com.br\/blog\/medicos-formados-na-faculdade-da-internet-serao-controlados\/","url_meta":{"origin":12368,"position":4},"title":"M\u00e9dicos Formados na Faculdade da Internet Ser\u00e3o Controlados","author":"Gerson Guelmann","date":"15 de abril de 2021","format":false,"excerpt":"Desde o ano passado nos acostumamos a ver nas redes sociais postagens dos \"curandeiros modernos\", tamb\u00e9m conhecidos como \"m\u00e9dicos formados pela Internet\". S\u00e3o pessoas que mesmo sem jamais terem passado perto de uma Faculdade de Medicina, dedicam-se a recomendar rem\u00e9dios e tratamentos para os infectados pelo Coronav\u00edrus. Mas agora parece\u2026","rel":"","context":"Em &quot;Sem categoria&quot;","block_context":{"text":"Sem categoria","link":"https:\/\/gersonguelmann.com.br\/blog\/category\/sem-categoria\/"},"img":{"alt_text":"","src":"https:\/\/i0.wp.com\/gersonguelmann.com.br\/blog\/wp-content\/uploads\/2021\/04\/yingpis-kalayom-By1szZOVpHg-unsplash-scaled.jpg?fit=1200%2C842&ssl=1&resize=350%2C200","width":350,"height":200,"srcset":"https:\/\/i0.wp.com\/gersonguelmann.com.br\/blog\/wp-content\/uploads\/2021\/04\/yingpis-kalayom-By1szZOVpHg-unsplash-scaled.jpg?fit=1200%2C842&ssl=1&resize=350%2C200 1x, https:\/\/i0.wp.com\/gersonguelmann.com.br\/blog\/wp-content\/uploads\/2021\/04\/yingpis-kalayom-By1szZOVpHg-unsplash-scaled.jpg?fit=1200%2C842&ssl=1&resize=525%2C300 1.5x, https:\/\/i0.wp.com\/gersonguelmann.com.br\/blog\/wp-content\/uploads\/2021\/04\/yingpis-kalayom-By1szZOVpHg-unsplash-scaled.jpg?fit=1200%2C842&ssl=1&resize=700%2C400 2x, https:\/\/i0.wp.com\/gersonguelmann.com.br\/blog\/wp-content\/uploads\/2021\/04\/yingpis-kalayom-By1szZOVpHg-unsplash-scaled.jpg?fit=1200%2C842&ssl=1&resize=1050%2C600 3x"},"classes":[]},{"id":16065,"url":"https:\/\/gersonguelmann.com.br\/blog\/voce-e-louco-por-facebook-ficaria-sem-ele-por-30-dias\/","url_meta":{"origin":12368,"position":5},"title":"Voc\u00ea \u00e9 Louco por Facebook? Ficaria Sem Ele Por 30 Dias?","author":"Gerson Guelmann","date":"2 de mar\u00e7o de 2019","format":false,"excerpt":"Eu uso o Facebook, sim. N\u00e3o d\u00e1 para dizer que sou um man\u00edaco, mas tenho nele uma ferramenta muito \u00fatil para a divulga\u00e7\u00e3o das mat\u00e9rias que escrevo aqui no Blog, al\u00e9m, \u00e9 claro, de interagir com amigos, tanto reais como virtuais e me informar sobre o que est\u00e1 acontecendo. Costumo\u2026","rel":"","context":"Em &quot;Sem categoria&quot;","block_context":{"text":"Sem categoria","link":"https:\/\/gersonguelmann.com.br\/blog\/category\/sem-categoria\/"},"img":{"alt_text":"","src":"https:\/\/i0.wp.com\/gersonguelmann.com.br\/blog\/wp-content\/uploads\/2019\/03\/facebook.jpg?fit=960%2C639&ssl=1&resize=350%2C200","width":350,"height":200,"srcset":"https:\/\/i0.wp.com\/gersonguelmann.com.br\/blog\/wp-content\/uploads\/2019\/03\/facebook.jpg?fit=960%2C639&ssl=1&resize=350%2C200 1x, https:\/\/i0.wp.com\/gersonguelmann.com.br\/blog\/wp-content\/uploads\/2019\/03\/facebook.jpg?fit=960%2C639&ssl=1&resize=525%2C300 1.5x, https:\/\/i0.wp.com\/gersonguelmann.com.br\/blog\/wp-content\/uploads\/2019\/03\/facebook.jpg?fit=960%2C639&ssl=1&resize=700%2C400 2x"},"classes":[]}],"jetpack_sharing_enabled":true,"post_mailing_queue_ids":[],"_links":{"self":[{"href":"https:\/\/gersonguelmann.com.br\/blog\/wp-json\/wp\/v2\/posts\/12368","targetHints":{"allow":["GET"]}}],"collection":[{"href":"https:\/\/gersonguelmann.com.br\/blog\/wp-json\/wp\/v2\/posts"}],"about":[{"href":"https:\/\/gersonguelmann.com.br\/blog\/wp-json\/wp\/v2\/types\/post"}],"author":[{"embeddable":true,"href":"https:\/\/gersonguelmann.com.br\/blog\/wp-json\/wp\/v2\/users\/5"}],"replies":[{"embeddable":true,"href":"https:\/\/gersonguelmann.com.br\/blog\/wp-json\/wp\/v2\/comments?post=12368"}],"version-history":[{"count":0,"href":"https:\/\/gersonguelmann.com.br\/blog\/wp-json\/wp\/v2\/posts\/12368\/revisions"}],"wp:featuredmedia":[{"embeddable":true,"href":"https:\/\/gersonguelmann.com.br\/blog\/wp-json\/wp\/v2\/media\/12369"}],"wp:attachment":[{"href":"https:\/\/gersonguelmann.com.br\/blog\/wp-json\/wp\/v2\/media?parent=12368"}],"wp:term":[{"taxonomy":"category","embeddable":true,"href":"https:\/\/gersonguelmann.com.br\/blog\/wp-json\/wp\/v2\/categories?post=12368"},{"taxonomy":"post_tag","embeddable":true,"href":"https:\/\/gersonguelmann.com.br\/blog\/wp-json\/wp\/v2\/tags?post=12368"}],"curies":[{"name":"wp","href":"https:\/\/api.w.org\/{rel}","templated":true}]}}