    {"id":12371,"date":"2018-05-02T11:18:36","date_gmt":"2018-05-02T14:18:36","guid":{"rendered":"https:\/\/gersonguelmann.com.br\/blog\/?p=12371"},"modified":"2018-05-02T11:18:36","modified_gmt":"2018-05-02T14:18:36","slug":"ney-braga-inaugura-o-palacio-do-cafe-em-paranagua","status":"publish","type":"post","link":"https:\/\/gersonguelmann.com.br\/blog\/ney-braga-inaugura-o-palacio-do-cafe-em-paranagua\/","title":{"rendered":"Ney Braga Inaugura o Pal\u00e1cio do Caf\u00e9 em Paranagu\u00e1"},"content":{"rendered":"<p><img data-recalc-dims=\"1\" fetchpriority=\"high\" decoding=\"async\" data-attachment-id=\"12372\" data-permalink=\"https:\/\/gersonguelmann.com.br\/blog\/ney-braga-inaugura-o-palacio-do-cafe-em-paranagua\/predio\/\" data-orig-file=\"https:\/\/i0.wp.com\/gersonguelmann.com.br\/blog\/wp-content\/uploads\/2018\/05\/Pr%C3%A9dio.png?fit=1110%2C620&amp;ssl=1\" data-orig-size=\"1110,620\" data-comments-opened=\"1\" data-image-meta=\"{&quot;aperture&quot;:&quot;0&quot;,&quot;credit&quot;:&quot;&quot;,&quot;camera&quot;:&quot;&quot;,&quot;caption&quot;:&quot;&quot;,&quot;created_timestamp&quot;:&quot;0&quot;,&quot;copyright&quot;:&quot;&quot;,&quot;focal_length&quot;:&quot;0&quot;,&quot;iso&quot;:&quot;0&quot;,&quot;shutter_speed&quot;:&quot;0&quot;,&quot;title&quot;:&quot;&quot;,&quot;orientation&quot;:&quot;0&quot;}\" data-image-title=\"Pr\u00e9dio\" data-image-description=\"\" data-image-caption=\"\" data-medium-file=\"https:\/\/i0.wp.com\/gersonguelmann.com.br\/blog\/wp-content\/uploads\/2018\/05\/Pr%C3%A9dio.png?fit=300%2C168&amp;ssl=1\" data-large-file=\"https:\/\/i0.wp.com\/gersonguelmann.com.br\/blog\/wp-content\/uploads\/2018\/05\/Pr%C3%A9dio.png?fit=640%2C358&amp;ssl=1\" class=\"size-medium wp-image-12372 aligncenter\" src=\"https:\/\/i0.wp.com\/gersonguelmann.com.br\/blog\/wp-content\/uploads\/2018\/05\/Pr%C3%A9dio.png?resize=300%2C168&#038;ssl=1\" alt=\"\" width=\"300\" height=\"168\" srcset=\"https:\/\/i0.wp.com\/gersonguelmann.com.br\/blog\/wp-content\/uploads\/2018\/05\/Pr%C3%A9dio.png?resize=300%2C168&amp;ssl=1 300w, https:\/\/i0.wp.com\/gersonguelmann.com.br\/blog\/wp-content\/uploads\/2018\/05\/Pr%C3%A9dio.png?resize=768%2C429&amp;ssl=1 768w, https:\/\/i0.wp.com\/gersonguelmann.com.br\/blog\/wp-content\/uploads\/2018\/05\/Pr%C3%A9dio.png?resize=1024%2C572&amp;ssl=1 1024w, https:\/\/i0.wp.com\/gersonguelmann.com.br\/blog\/wp-content\/uploads\/2018\/05\/Pr%C3%A9dio.png?w=1110&amp;ssl=1 1110w\" sizes=\"(max-width: 300px) 100vw, 300px\" \/><\/p>\n<p><span style=\"font-family: georgia, palatino, serif; font-size: 18pt;\">V\u00eddeo hist\u00f3rico, da inaugura\u00e7\u00e3o do edif\u00edcio do Pal\u00e1cio do Caf\u00e9 em Paranagu\u00e1, com a presen\u00e7a do Governador Ney Braga, em 29\/7\/1961.<\/span><\/p>\n<p><span class=\"embed-youtube\" style=\"text-align:center; display: block;\"><iframe class=\"youtube-player\" width=\"640\" height=\"360\" src=\"https:\/\/www.youtube.com\/embed\/KFwHII7RSIo?version=3&#038;rel=1&#038;showsearch=0&#038;showinfo=1&#038;iv_load_policy=1&#038;fs=1&#038;hl=pt-BR&#038;autohide=2&#038;wmode=transparent\" allowfullscreen=\"true\" style=\"border:0;\" sandbox=\"allow-scripts allow-same-origin allow-popups allow-presentation allow-popups-to-escape-sandbox\"><\/iframe><\/span><\/p>\n","protected":false},"excerpt":{"rendered":"<p>V\u00eddeo hist\u00f3rico, da inaugura\u00e7\u00e3o do edif\u00edcio do Pal\u00e1cio do Caf\u00e9 em Paranagu\u00e1, com a presen\u00e7a do Governador Ney Braga, em 29\/7\/1961.<\/p>\n","protected":false},"author":5,"featured_media":12372,"comment_status":"open","ping_status":"open","sticky":false,"template":"","format":"standard","meta":{"_acf_changed":false,"jetpack_post_was_ever_published":false,"_jetpack_newsletter_access":"","_jetpack_dont_email_post_to_subs":false,"_jetpack_newsletter_tier_id":0,"_jetpack_memberships_contains_paywalled_content":false,"_jetpack_memberships_contains_paid_content":false,"footnotes":"","jetpack_publicize_message":"","jetpack_publicize_feature_enabled":true,"jetpack_social_post_already_shared":true,"jetpack_social_options":{"image_generator_settings":{"template":"highway","default_image_id":0,"font":"","enabled":false},"version":2}},"categories":[1],"tags":[],"class_list":["post-12371","post","type-post","status-publish","format-standard","has-post-thumbnail","hentry","category-sem-categoria"],"acf":[],"yoast_head":"<!-- This site is optimized with the Yoast SEO plugin v27.3 - https:\/\/yoast.com\/product\/yoast-seo-wordpress\/ -->\n<title>Ney Braga Inaugura o Pal\u00e1cio do Caf\u00e9 em Paranagu\u00e1 | Blog do Guelmann<\/title>\n<meta name=\"robots\" content=\"index, follow, max-snippet:-1, max-image-preview:large, max-video-preview:-1\" \/>\n<link rel=\"canonical\" href=\"https:\/\/gersonguelmann.com.br\/blog\/ney-braga-inaugura-o-palacio-do-cafe-em-paranagua\/\" \/>\n<meta property=\"og:locale\" content=\"pt_BR\" \/>\n<meta property=\"og:type\" content=\"article\" \/>\n<meta property=\"og:title\" content=\"Ney Braga Inaugura o Pal\u00e1cio do Caf\u00e9 em Paranagu\u00e1 | Blog do Guelmann\" \/>\n<meta property=\"og:description\" content=\"V\u00eddeo hist\u00f3rico, da inaugura\u00e7\u00e3o do edif\u00edcio do Pal\u00e1cio do Caf\u00e9 em Paranagu\u00e1, com a presen\u00e7a do Governador Ney Braga, em 29\/7\/1961.\" \/>\n<meta property=\"og:url\" content=\"https:\/\/gersonguelmann.com.br\/blog\/ney-braga-inaugura-o-palacio-do-cafe-em-paranagua\/\" \/>\n<meta property=\"og:site_name\" content=\"Blog do Guelmann\" \/>\n<meta property=\"article:published_time\" content=\"2018-05-02T14:18:36+00:00\" \/>\n<meta property=\"og:image\" content=\"https:\/\/i0.wp.com\/gersonguelmann.com.br\/blog\/wp-content\/uploads\/2018\/05\/Pr\u00e9dio.png?fit=1110%2C620&ssl=1\" \/>\n\t<meta property=\"og:image:width\" content=\"1110\" \/>\n\t<meta property=\"og:image:height\" content=\"620\" \/>\n\t<meta property=\"og:image:type\" content=\"image\/png\" \/>\n<meta name=\"author\" content=\"Gerson Guelmann\" \/>\n<meta name=\"twitter:card\" content=\"summary_large_image\" \/>\n<meta name=\"twitter:label1\" content=\"Escrito por\" \/>\n\t<meta name=\"twitter:data1\" content=\"Gerson Guelmann\" \/>\n<script type=\"application\/ld+json\" class=\"yoast-schema-graph\">{\"@context\":\"https:\\\/\\\/schema.org\",\"@graph\":[{\"@type\":\"Article\",\"@id\":\"https:\\\/\\\/gersonguelmann.com.br\\\/blog\\\/ney-braga-inaugura-o-palacio-do-cafe-em-paranagua\\\/#article\",\"isPartOf\":{\"@id\":\"https:\\\/\\\/gersonguelmann.com.br\\\/blog\\\/ney-braga-inaugura-o-palacio-do-cafe-em-paranagua\\\/\"},\"author\":{\"name\":\"Gerson Guelmann\",\"@id\":\"https:\\\/\\\/gersonguelmann.com.br\\\/blog\\\/#\\\/schema\\\/person\\\/87e70e2a786888082f941a482c90569e\"},\"headline\":\"Ney Braga Inaugura o Pal\u00e1cio do Caf\u00e9 em Paranagu\u00e1\",\"datePublished\":\"2018-05-02T14:18:36+00:00\",\"mainEntityOfPage\":{\"@id\":\"https:\\\/\\\/gersonguelmann.com.br\\\/blog\\\/ney-braga-inaugura-o-palacio-do-cafe-em-paranagua\\\/\"},\"wordCount\":44,\"commentCount\":0,\"image\":{\"@id\":\"https:\\\/\\\/gersonguelmann.com.br\\\/blog\\\/ney-braga-inaugura-o-palacio-do-cafe-em-paranagua\\\/#primaryimage\"},\"thumbnailUrl\":\"https:\\\/\\\/i0.wp.com\\\/gersonguelmann.com.br\\\/blog\\\/wp-content\\\/uploads\\\/2018\\\/05\\\/Pr%C3%A9dio.png?fit=1110%2C620&ssl=1\",\"inLanguage\":\"pt-BR\",\"potentialAction\":[{\"@type\":\"CommentAction\",\"name\":\"Comment\",\"target\":[\"https:\\\/\\\/gersonguelmann.com.br\\\/blog\\\/ney-braga-inaugura-o-palacio-do-cafe-em-paranagua\\\/#respond\"]}]},{\"@type\":\"WebPage\",\"@id\":\"https:\\\/\\\/gersonguelmann.com.br\\\/blog\\\/ney-braga-inaugura-o-palacio-do-cafe-em-paranagua\\\/\",\"url\":\"https:\\\/\\\/gersonguelmann.com.br\\\/blog\\\/ney-braga-inaugura-o-palacio-do-cafe-em-paranagua\\\/\",\"name\":\"Ney Braga Inaugura o Pal\u00e1cio do Caf\u00e9 em Paranagu\u00e1 | Blog do Guelmann\",\"isPartOf\":{\"@id\":\"https:\\\/\\\/gersonguelmann.com.br\\\/blog\\\/#website\"},\"primaryImageOfPage\":{\"@id\":\"https:\\\/\\\/gersonguelmann.com.br\\\/blog\\\/ney-braga-inaugura-o-palacio-do-cafe-em-paranagua\\\/#primaryimage\"},\"image\":{\"@id\":\"https:\\\/\\\/gersonguelmann.com.br\\\/blog\\\/ney-braga-inaugura-o-palacio-do-cafe-em-paranagua\\\/#primaryimage\"},\"thumbnailUrl\":\"https:\\\/\\\/i0.wp.com\\\/gersonguelmann.com.br\\\/blog\\\/wp-content\\\/uploads\\\/2018\\\/05\\\/Pr%C3%A9dio.png?fit=1110%2C620&ssl=1\",\"datePublished\":\"2018-05-02T14:18:36+00:00\",\"author\":{\"@id\":\"https:\\\/\\\/gersonguelmann.com.br\\\/blog\\\/#\\\/schema\\\/person\\\/87e70e2a786888082f941a482c90569e\"},\"inLanguage\":\"pt-BR\",\"potentialAction\":[{\"@type\":\"ReadAction\",\"target\":[\"https:\\\/\\\/gersonguelmann.com.br\\\/blog\\\/ney-braga-inaugura-o-palacio-do-cafe-em-paranagua\\\/\"]}]},{\"@type\":\"ImageObject\",\"inLanguage\":\"pt-BR\",\"@id\":\"https:\\\/\\\/gersonguelmann.com.br\\\/blog\\\/ney-braga-inaugura-o-palacio-do-cafe-em-paranagua\\\/#primaryimage\",\"url\":\"https:\\\/\\\/i0.wp.com\\\/gersonguelmann.com.br\\\/blog\\\/wp-content\\\/uploads\\\/2018\\\/05\\\/Pr%C3%A9dio.png?fit=1110%2C620&ssl=1\",\"contentUrl\":\"https:\\\/\\\/i0.wp.com\\\/gersonguelmann.com.br\\\/blog\\\/wp-content\\\/uploads\\\/2018\\\/05\\\/Pr%C3%A9dio.png?fit=1110%2C620&ssl=1\",\"width\":1110,\"height\":620},{\"@type\":\"WebSite\",\"@id\":\"https:\\\/\\\/gersonguelmann.com.br\\\/blog\\\/#website\",\"url\":\"https:\\\/\\\/gersonguelmann.com.br\\\/blog\\\/\",\"name\":\"Blog do Guelmann\",\"description\":\"Pitadas da sabedoria e do humor judaicos, assuntos do momento e um pouco das hist\u00f3rias que vivi e testemunhei.\",\"potentialAction\":[{\"@type\":\"SearchAction\",\"target\":{\"@type\":\"EntryPoint\",\"urlTemplate\":\"https:\\\/\\\/gersonguelmann.com.br\\\/blog\\\/?s={search_term_string}\"},\"query-input\":{\"@type\":\"PropertyValueSpecification\",\"valueRequired\":true,\"valueName\":\"search_term_string\"}}],\"inLanguage\":\"pt-BR\"},{\"@type\":\"Person\",\"@id\":\"https:\\\/\\\/gersonguelmann.com.br\\\/blog\\\/#\\\/schema\\\/person\\\/87e70e2a786888082f941a482c90569e\",\"name\":\"Gerson Guelmann\",\"image\":{\"@type\":\"ImageObject\",\"inLanguage\":\"pt-BR\",\"@id\":\"https:\\\/\\\/i0.wp.com\\\/gersonguelmann.com.br\\\/blog\\\/wp-content\\\/uploads\\\/2021\\\/08\\\/BLOG.jpeg?fit=96%2C96&ssl=1\",\"url\":\"https:\\\/\\\/i0.wp.com\\\/gersonguelmann.com.br\\\/blog\\\/wp-content\\\/uploads\\\/2021\\\/08\\\/BLOG.jpeg?fit=96%2C96&ssl=1\",\"contentUrl\":\"https:\\\/\\\/i0.wp.com\\\/gersonguelmann.com.br\\\/blog\\\/wp-content\\\/uploads\\\/2021\\\/08\\\/BLOG.jpeg?fit=96%2C96&ssl=1\",\"caption\":\"Gerson Guelmann\"},\"description\":\"Pitadas da sabedoria e do humor judaicos, assuntos do momento e um pouco das hist\u00f3rias que vivi e testemunhei.\"}]}<\/script>\n<!-- \/ Yoast SEO plugin. -->","yoast_head_json":{"title":"Ney Braga Inaugura o Pal\u00e1cio do Caf\u00e9 em Paranagu\u00e1 | Blog do Guelmann","robots":{"index":"index","follow":"follow","max-snippet":"max-snippet:-1","max-image-preview":"max-image-preview:large","max-video-preview":"max-video-preview:-1"},"canonical":"https:\/\/gersonguelmann.com.br\/blog\/ney-braga-inaugura-o-palacio-do-cafe-em-paranagua\/","og_locale":"pt_BR","og_type":"article","og_title":"Ney Braga Inaugura o Pal\u00e1cio do Caf\u00e9 em Paranagu\u00e1 | Blog do Guelmann","og_description":"V\u00eddeo hist\u00f3rico, da inaugura\u00e7\u00e3o do edif\u00edcio do Pal\u00e1cio do Caf\u00e9 em Paranagu\u00e1, com a presen\u00e7a do Governador Ney Braga, em 29\/7\/1961.","og_url":"https:\/\/gersonguelmann.com.br\/blog\/ney-braga-inaugura-o-palacio-do-cafe-em-paranagua\/","og_site_name":"Blog do Guelmann","article_published_time":"2018-05-02T14:18:36+00:00","og_image":[{"width":1110,"height":620,"url":"https:\/\/i0.wp.com\/gersonguelmann.com.br\/blog\/wp-content\/uploads\/2018\/05\/Pr\u00e9dio.png?fit=1110%2C620&ssl=1","type":"image\/png"}],"author":"Gerson Guelmann","twitter_card":"summary_large_image","twitter_misc":{"Escrito por":"Gerson Guelmann"},"schema":{"@context":"https:\/\/schema.org","@graph":[{"@type":"Article","@id":"https:\/\/gersonguelmann.com.br\/blog\/ney-braga-inaugura-o-palacio-do-cafe-em-paranagua\/#article","isPartOf":{"@id":"https:\/\/gersonguelmann.com.br\/blog\/ney-braga-inaugura-o-palacio-do-cafe-em-paranagua\/"},"author":{"name":"Gerson Guelmann","@id":"https:\/\/gersonguelmann.com.br\/blog\/#\/schema\/person\/87e70e2a786888082f941a482c90569e"},"headline":"Ney Braga Inaugura o Pal\u00e1cio do Caf\u00e9 em Paranagu\u00e1","datePublished":"2018-05-02T14:18:36+00:00","mainEntityOfPage":{"@id":"https:\/\/gersonguelmann.com.br\/blog\/ney-braga-inaugura-o-palacio-do-cafe-em-paranagua\/"},"wordCount":44,"commentCount":0,"image":{"@id":"https:\/\/gersonguelmann.com.br\/blog\/ney-braga-inaugura-o-palacio-do-cafe-em-paranagua\/#primaryimage"},"thumbnailUrl":"https:\/\/i0.wp.com\/gersonguelmann.com.br\/blog\/wp-content\/uploads\/2018\/05\/Pr%C3%A9dio.png?fit=1110%2C620&ssl=1","inLanguage":"pt-BR","potentialAction":[{"@type":"CommentAction","name":"Comment","target":["https:\/\/gersonguelmann.com.br\/blog\/ney-braga-inaugura-o-palacio-do-cafe-em-paranagua\/#respond"]}]},{"@type":"WebPage","@id":"https:\/\/gersonguelmann.com.br\/blog\/ney-braga-inaugura-o-palacio-do-cafe-em-paranagua\/","url":"https:\/\/gersonguelmann.com.br\/blog\/ney-braga-inaugura-o-palacio-do-cafe-em-paranagua\/","name":"Ney Braga Inaugura o Pal\u00e1cio do Caf\u00e9 em Paranagu\u00e1 | Blog do Guelmann","isPartOf":{"@id":"https:\/\/gersonguelmann.com.br\/blog\/#website"},"primaryImageOfPage":{"@id":"https:\/\/gersonguelmann.com.br\/blog\/ney-braga-inaugura-o-palacio-do-cafe-em-paranagua\/#primaryimage"},"image":{"@id":"https:\/\/gersonguelmann.com.br\/blog\/ney-braga-inaugura-o-palacio-do-cafe-em-paranagua\/#primaryimage"},"thumbnailUrl":"https:\/\/i0.wp.com\/gersonguelmann.com.br\/blog\/wp-content\/uploads\/2018\/05\/Pr%C3%A9dio.png?fit=1110%2C620&ssl=1","datePublished":"2018-05-02T14:18:36+00:00","author":{"@id":"https:\/\/gersonguelmann.com.br\/blog\/#\/schema\/person\/87e70e2a786888082f941a482c90569e"},"inLanguage":"pt-BR","potentialAction":[{"@type":"ReadAction","target":["https:\/\/gersonguelmann.com.br\/blog\/ney-braga-inaugura-o-palacio-do-cafe-em-paranagua\/"]}]},{"@type":"ImageObject","inLanguage":"pt-BR","@id":"https:\/\/gersonguelmann.com.br\/blog\/ney-braga-inaugura-o-palacio-do-cafe-em-paranagua\/#primaryimage","url":"https:\/\/i0.wp.com\/gersonguelmann.com.br\/blog\/wp-content\/uploads\/2018\/05\/Pr%C3%A9dio.png?fit=1110%2C620&ssl=1","contentUrl":"https:\/\/i0.wp.com\/gersonguelmann.com.br\/blog\/wp-content\/uploads\/2018\/05\/Pr%C3%A9dio.png?fit=1110%2C620&ssl=1","width":1110,"height":620},{"@type":"WebSite","@id":"https:\/\/gersonguelmann.com.br\/blog\/#website","url":"https:\/\/gersonguelmann.com.br\/blog\/","name":"Blog do Guelmann","description":"Pitadas da sabedoria e do humor judaicos, assuntos do momento e um pouco das hist\u00f3rias que vivi e testemunhei.","potentialAction":[{"@type":"SearchAction","target":{"@type":"EntryPoint","urlTemplate":"https:\/\/gersonguelmann.com.br\/blog\/?s={search_term_string}"},"query-input":{"@type":"PropertyValueSpecification","valueRequired":true,"valueName":"search_term_string"}}],"inLanguage":"pt-BR"},{"@type":"Person","@id":"https:\/\/gersonguelmann.com.br\/blog\/#\/schema\/person\/87e70e2a786888082f941a482c90569e","name":"Gerson Guelmann","image":{"@type":"ImageObject","inLanguage":"pt-BR","@id":"https:\/\/i0.wp.com\/gersonguelmann.com.br\/blog\/wp-content\/uploads\/2021\/08\/BLOG.jpeg?fit=96%2C96&ssl=1","url":"https:\/\/i0.wp.com\/gersonguelmann.com.br\/blog\/wp-content\/uploads\/2021\/08\/BLOG.jpeg?fit=96%2C96&ssl=1","contentUrl":"https:\/\/i0.wp.com\/gersonguelmann.com.br\/blog\/wp-content\/uploads\/2021\/08\/BLOG.jpeg?fit=96%2C96&ssl=1","caption":"Gerson Guelmann"},"description":"Pitadas da sabedoria e do humor judaicos, assuntos do momento e um pouco das hist\u00f3rias que vivi e testemunhei."}]}},"views":135,"jetpack_publicize_connections":[],"jetpack_featured_media_url":"https:\/\/i0.wp.com\/gersonguelmann.com.br\/blog\/wp-content\/uploads\/2018\/05\/Pr%C3%A9dio.png?fit=1110%2C620&ssl=1","jetpack_shortlink":"https:\/\/wp.me\/p96e7O-3dx","jetpack-related-posts":[{"id":162,"url":"https:\/\/gersonguelmann.com.br\/blog\/o-urbanista-amigo-do-jaime-lerner-a-lombada-e-a-lambada\/","url_meta":{"origin":12371,"position":0},"title":"O Urbanista Amigo do Jaime Lerner, a Lombada e a Lambada","author":"Gerson Guelmann","date":"2 de dezembro de 2024","format":false,"excerpt":"Em 1992, j\u00e1 no final do 3\u00ba e \u00faltimo mandato na Prefeitura, o Jaime Lerner recebeu a visita de um grande amigo, o tamb\u00e9m arquiteto Allan Jacobs. Allan \u00e9 professor em\u00e9rito de Planejamento Urbano e Regional na Faculdade de Design Ambiental da Universidade de Berkeley, na Calif\u00f3rnia, e se D'us\u2026","rel":"","context":"Em &quot;Sem categoria&quot;","block_context":{"text":"Sem categoria","link":"https:\/\/gersonguelmann.com.br\/blog\/category\/sem-categoria\/"},"img":{"alt_text":"","src":"https:\/\/i0.wp.com\/gersonguelmann.com.br\/blog\/wp-content\/uploads\/2021\/07\/LOMBADA.jpg?fit=1000%2C563&ssl=1&resize=350%2C200","width":350,"height":200,"srcset":"https:\/\/i0.wp.com\/gersonguelmann.com.br\/blog\/wp-content\/uploads\/2021\/07\/LOMBADA.jpg?fit=1000%2C563&ssl=1&resize=350%2C200 1x, https:\/\/i0.wp.com\/gersonguelmann.com.br\/blog\/wp-content\/uploads\/2021\/07\/LOMBADA.jpg?fit=1000%2C563&ssl=1&resize=525%2C300 1.5x, https:\/\/i0.wp.com\/gersonguelmann.com.br\/blog\/wp-content\/uploads\/2021\/07\/LOMBADA.jpg?fit=1000%2C563&ssl=1&resize=700%2C400 2x"},"classes":[]},{"id":7638,"url":"https:\/\/gersonguelmann.com.br\/blog\/janio-quadros-meu-pai-e-o-mergulho-na-piscina\/","url_meta":{"origin":12371,"position":1},"title":"J\u00e2nio Quadros, Meu Pai e o Mergulho na Piscina","author":"Gerson Guelmann","date":"13 de outubro de 2025","format":false,"excerpt":"Meu pai tinha um primo em S\u00e3o Paulo, chamado Salom\u00e3o Guelman Sobrinho (ele assinava com um \u201cn\u201d s\u00f3). O \u201cSioma\u201d, como o cham\u00e1vamos, nasceu na Europa e veio para c\u00e1 com apenas dois meses de idade. Meu av\u00f4, o Salom\u00e3o \u201coriginal\u201d, chegou ao Brasil em 1913 e, apenas dez anos\u2026","rel":"","context":"Em &quot;Sem categoria&quot;","block_context":{"text":"Sem categoria","link":"https:\/\/gersonguelmann.com.br\/blog\/category\/sem-categoria\/"},"img":{"alt_text":"","src":"https:\/\/i0.wp.com\/gersonguelmann.com.br\/blog\/wp-content\/uploads\/2025\/10\/HojePR-4.jpg?fit=625%2C400&ssl=1&resize=350%2C200","width":350,"height":200,"srcset":"https:\/\/i0.wp.com\/gersonguelmann.com.br\/blog\/wp-content\/uploads\/2025\/10\/HojePR-4.jpg?fit=625%2C400&ssl=1&resize=350%2C200 1x, https:\/\/i0.wp.com\/gersonguelmann.com.br\/blog\/wp-content\/uploads\/2025\/10\/HojePR-4.jpg?fit=625%2C400&ssl=1&resize=525%2C300 1.5x"},"classes":[]},{"id":3665,"url":"https:\/\/gersonguelmann.com.br\/blog\/o-que-e-gratidao-para-voce\/","url_meta":{"origin":12371,"position":2},"title":"O Que \u00c9 Gratid\u00e3o, Para Voc\u00ea?","author":"Gerson Guelmann","date":"22 de setembro de 2019","format":false,"excerpt":"Em 26\/9\/2014 o Professor Doutor Ant\u00f3nio Sampaio da N\u00f3voa, Reitor da Universidade de Lisboa, fez uma confer\u00eancia durante o III Encontro do PIBID UNESPAR realizado nas cidades de Matinhos e Paranagu\u00e1, no Estado do Paran\u00e1. No discurso de encerramento, intitulado \u201cFormar Professores Para o Futuro\u201d, ele mostrou o significado da\u2026","rel":"","context":"Em &quot;Sem categoria&quot;","block_context":{"text":"Sem categoria","link":"https:\/\/gersonguelmann.com.br\/blog\/category\/sem-categoria\/"},"img":{"alt_text":"","src":"https:\/\/i0.wp.com\/gersonguelmann.com.br\/blog\/wp-content\/uploads\/2017\/10\/Gratid%C3%A3o-1.jpg?fit=960%2C605&ssl=1&resize=350%2C200","width":350,"height":200,"srcset":"https:\/\/i0.wp.com\/gersonguelmann.com.br\/blog\/wp-content\/uploads\/2017\/10\/Gratid%C3%A3o-1.jpg?fit=960%2C605&ssl=1&resize=350%2C200 1x, https:\/\/i0.wp.com\/gersonguelmann.com.br\/blog\/wp-content\/uploads\/2017\/10\/Gratid%C3%A3o-1.jpg?fit=960%2C605&ssl=1&resize=525%2C300 1.5x, https:\/\/i0.wp.com\/gersonguelmann.com.br\/blog\/wp-content\/uploads\/2017\/10\/Gratid%C3%A3o-1.jpg?fit=960%2C605&ssl=1&resize=700%2C400 2x"},"classes":[]},{"id":22349,"url":"https:\/\/gersonguelmann.com.br\/blog\/no-parana-lei-estadual-de-liberdade-religiosa\/","url_meta":{"origin":12371,"position":3},"title":"No Paran\u00e1, Lei Estadual de Liberdade Religiosa","author":"Gerson Guelmann","date":"23 de julho de 2021","format":false,"excerpt":"Foto: Patrick Fore - Unsplash Na \u00faltima 5a feira, dia 22\/07, o Deputado Federal licenciado e Secret\u00e1rio da Justi\u00e7a, Fam\u00edlia e Trabalho do Governo do Paran\u00e1, Ney Leprevost, recebeu em seu gabinete o Presidente da Federa\u00e7\u00e3o Israelita do Paran\u00e1, Isac Baril. Na oportunidade o Isac trouxe ao Ney a proposta\u2026","rel":"","context":"Em &quot;Sem categoria&quot;","block_context":{"text":"Sem categoria","link":"https:\/\/gersonguelmann.com.br\/blog\/category\/sem-categoria\/"},"img":{"alt_text":"","src":"https:\/\/i0.wp.com\/gersonguelmann.com.br\/blog\/wp-content\/uploads\/2021\/07\/PAZ-scaled.jpg?fit=1200%2C800&ssl=1&resize=350%2C200","width":350,"height":200,"srcset":"https:\/\/i0.wp.com\/gersonguelmann.com.br\/blog\/wp-content\/uploads\/2021\/07\/PAZ-scaled.jpg?fit=1200%2C800&ssl=1&resize=350%2C200 1x, https:\/\/i0.wp.com\/gersonguelmann.com.br\/blog\/wp-content\/uploads\/2021\/07\/PAZ-scaled.jpg?fit=1200%2C800&ssl=1&resize=525%2C300 1.5x, https:\/\/i0.wp.com\/gersonguelmann.com.br\/blog\/wp-content\/uploads\/2021\/07\/PAZ-scaled.jpg?fit=1200%2C800&ssl=1&resize=700%2C400 2x, https:\/\/i0.wp.com\/gersonguelmann.com.br\/blog\/wp-content\/uploads\/2021\/07\/PAZ-scaled.jpg?fit=1200%2C800&ssl=1&resize=1050%2C600 3x"},"classes":[]},{"id":13527,"url":"https:\/\/gersonguelmann.com.br\/blog\/aqui-esta-o-verdadeiro-dono-de-os-donos-de-curitiba\/","url_meta":{"origin":12371,"position":4},"title":"Aqui Est\u00e1 o Verdadeiro Dono de &#8220;Os Donos de Curitiba&#8221;","author":"Gerson Guelmann","date":"31 de maio de 2018","format":false,"excerpt":"Ao longo dos \u00faltimos dias recebi 17 mensagens de WhatsApp (contadas agora) com o texto \"Os Donos de Curitiba\". Todas elas s\u00e3o iguais e atribuem a autoria \u00e0 mesma pessoa, j\u00e1 falecida. O texto \u00e9 \u00f3timo e pensei em compartilh\u00e1-lo, mas n\u00e3o deu tempo. Quando fosse fazer isso iria pesquisar,\u2026","rel":"","context":"Em &quot;Sem categoria&quot;","block_context":{"text":"Sem categoria","link":"https:\/\/gersonguelmann.com.br\/blog\/category\/sem-categoria\/"},"img":{"alt_text":"","src":"https:\/\/i0.wp.com\/gersonguelmann.com.br\/blog\/wp-content\/uploads\/2018\/05\/dantem22.png?fit=1200%2C863&ssl=1&resize=350%2C200","width":350,"height":200,"srcset":"https:\/\/i0.wp.com\/gersonguelmann.com.br\/blog\/wp-content\/uploads\/2018\/05\/dantem22.png?fit=1200%2C863&ssl=1&resize=350%2C200 1x, https:\/\/i0.wp.com\/gersonguelmann.com.br\/blog\/wp-content\/uploads\/2018\/05\/dantem22.png?fit=1200%2C863&ssl=1&resize=525%2C300 1.5x, https:\/\/i0.wp.com\/gersonguelmann.com.br\/blog\/wp-content\/uploads\/2018\/05\/dantem22.png?fit=1200%2C863&ssl=1&resize=700%2C400 2x, https:\/\/i0.wp.com\/gersonguelmann.com.br\/blog\/wp-content\/uploads\/2018\/05\/dantem22.png?fit=1200%2C863&ssl=1&resize=1050%2C600 3x"},"classes":[]},{"id":2135,"url":"https:\/\/gersonguelmann.com.br\/blog\/fabiano-e-glacy-braga-cortes-ate-os-120-anos\/","url_meta":{"origin":12371,"position":5},"title":"Fabiano e Glacy Braga Cortes: At\u00e9 os 120 Anos!","author":"Gerson Guelmann","date":"28 de setembro de 2017","format":false,"excerpt":"Fabiano e Glacy (Gubert) Braga Cortes hoje est\u00e3o comemorando 60 anos de casamento.\u00a0 Quem os conhece sabe que a eles se aplica o que diz a B\u00edblia, em Salmos 34:12-14: \"12\u00a0Quem \u00e9 o homem que deseja a vida, que quer largos dias para ver o bem? \u00a013\u00a0Guarda a tua l\u00edngua\u2026","rel":"","context":"Em &quot;Sem categoria&quot;","block_context":{"text":"Sem categoria","link":"https:\/\/gersonguelmann.com.br\/blog\/category\/sem-categoria\/"},"img":{"alt_text":"","src":"https:\/\/i0.wp.com\/gersonguelmann.com.br\/blog\/wp-content\/uploads\/2017\/09\/Fabiano.jpg?fit=1200%2C900&ssl=1&resize=350%2C200","width":350,"height":200,"srcset":"https:\/\/i0.wp.com\/gersonguelmann.com.br\/blog\/wp-content\/uploads\/2017\/09\/Fabiano.jpg?fit=1200%2C900&ssl=1&resize=350%2C200 1x, https:\/\/i0.wp.com\/gersonguelmann.com.br\/blog\/wp-content\/uploads\/2017\/09\/Fabiano.jpg?fit=1200%2C900&ssl=1&resize=525%2C300 1.5x, https:\/\/i0.wp.com\/gersonguelmann.com.br\/blog\/wp-content\/uploads\/2017\/09\/Fabiano.jpg?fit=1200%2C900&ssl=1&resize=700%2C400 2x, https:\/\/i0.wp.com\/gersonguelmann.com.br\/blog\/wp-content\/uploads\/2017\/09\/Fabiano.jpg?fit=1200%2C900&ssl=1&resize=1050%2C600 3x"},"classes":[]}],"jetpack_sharing_enabled":true,"post_mailing_queue_ids":[],"_links":{"self":[{"href":"https:\/\/gersonguelmann.com.br\/blog\/wp-json\/wp\/v2\/posts\/12371","targetHints":{"allow":["GET"]}}],"collection":[{"href":"https:\/\/gersonguelmann.com.br\/blog\/wp-json\/wp\/v2\/posts"}],"about":[{"href":"https:\/\/gersonguelmann.com.br\/blog\/wp-json\/wp\/v2\/types\/post"}],"author":[{"embeddable":true,"href":"https:\/\/gersonguelmann.com.br\/blog\/wp-json\/wp\/v2\/users\/5"}],"replies":[{"embeddable":true,"href":"https:\/\/gersonguelmann.com.br\/blog\/wp-json\/wp\/v2\/comments?post=12371"}],"version-history":[{"count":0,"href":"https:\/\/gersonguelmann.com.br\/blog\/wp-json\/wp\/v2\/posts\/12371\/revisions"}],"wp:featuredmedia":[{"embeddable":true,"href":"https:\/\/gersonguelmann.com.br\/blog\/wp-json\/wp\/v2\/media\/12372"}],"wp:attachment":[{"href":"https:\/\/gersonguelmann.com.br\/blog\/wp-json\/wp\/v2\/media?parent=12371"}],"wp:term":[{"taxonomy":"category","embeddable":true,"href":"https:\/\/gersonguelmann.com.br\/blog\/wp-json\/wp\/v2\/categories?post=12371"},{"taxonomy":"post_tag","embeddable":true,"href":"https:\/\/gersonguelmann.com.br\/blog\/wp-json\/wp\/v2\/tags?post=12371"}],"curies":[{"name":"wp","href":"https:\/\/api.w.org\/{rel}","templated":true}]}}