    {"id":12374,"date":"2018-05-02T11:45:47","date_gmt":"2018-05-02T14:45:47","guid":{"rendered":"https:\/\/gersonguelmann.com.br\/blog\/?p=12374"},"modified":"2018-05-02T11:45:47","modified_gmt":"2018-05-02T14:45:47","slug":"ira-vai-transferir-embaixada-para-jerusalem","status":"publish","type":"post","link":"https:\/\/gersonguelmann.com.br\/blog\/ira-vai-transferir-embaixada-para-jerusalem\/","title":{"rendered":"Ir\u00e3 Vai Transferir Embaixada para Jerusal\u00e9m"},"content":{"rendered":"<p><span style=\"font-family: georgia, palatino, serif; font-size: 18pt; color: #000000;\">Piada que come\u00e7ou a circular nas redes ap\u00f3s a revela\u00e7\u00e3o da opera\u00e7\u00e3o feita em janeiro pelo Mossad no Ir\u00e3:<\/span><\/p>\n<p><span style=\"font-family: georgia, palatino, serif; font-size: 18pt; color: #000000;\">&#8211; as autoridades iranianas acabaram de informar que sua embaixada ser\u00e1 transferida para Jerusal\u00e9m.<\/span><\/p>\n<p><span style=\"font-family: georgia, palatino, serif; font-size: 18pt; color: #000000;\">Indagados sobre a raz\u00e3o, justificaram dizendo que \u00e9 para facilitar, j\u00e1 que os arquivos deles est\u00e3o todos l\u00e1.<\/span><\/p>\n<p><img data-recalc-dims=\"1\" fetchpriority=\"high\" decoding=\"async\" data-attachment-id=\"12375\" data-permalink=\"https:\/\/gersonguelmann.com.br\/blog\/ira-vai-transferir-embaixada-para-jerusalem\/jerusalem-900000000-13-1024x768\/\" data-orig-file=\"https:\/\/i0.wp.com\/gersonguelmann.com.br\/blog\/wp-content\/uploads\/2018\/05\/jerusalem-900000000-13-1024x768.jpg?fit=1024%2C768&amp;ssl=1\" data-orig-size=\"1024,768\" data-comments-opened=\"1\" data-image-meta=\"{&quot;aperture&quot;:&quot;0&quot;,&quot;credit&quot;:&quot;&quot;,&quot;camera&quot;:&quot;&quot;,&quot;caption&quot;:&quot;&quot;,&quot;created_timestamp&quot;:&quot;0&quot;,&quot;copyright&quot;:&quot;&quot;,&quot;focal_length&quot;:&quot;0&quot;,&quot;iso&quot;:&quot;0&quot;,&quot;shutter_speed&quot;:&quot;0&quot;,&quot;title&quot;:&quot;&quot;,&quot;orientation&quot;:&quot;0&quot;}\" data-image-title=\"jerusalem-900000000-13-1024&amp;#215;768\" data-image-description=\"\" data-image-caption=\"\" data-medium-file=\"https:\/\/i0.wp.com\/gersonguelmann.com.br\/blog\/wp-content\/uploads\/2018\/05\/jerusalem-900000000-13-1024x768.jpg?fit=300%2C225&amp;ssl=1\" data-large-file=\"https:\/\/i0.wp.com\/gersonguelmann.com.br\/blog\/wp-content\/uploads\/2018\/05\/jerusalem-900000000-13-1024x768.jpg?fit=640%2C480&amp;ssl=1\" class=\"size-medium wp-image-12375 aligncenter\" src=\"https:\/\/i0.wp.com\/gersonguelmann.com.br\/blog\/wp-content\/uploads\/2018\/05\/jerusalem-900000000-13-1024x768.jpg?resize=300%2C225&#038;ssl=1\" alt=\"\" width=\"300\" height=\"225\" srcset=\"https:\/\/i0.wp.com\/gersonguelmann.com.br\/blog\/wp-content\/uploads\/2018\/05\/jerusalem-900000000-13-1024x768.jpg?resize=300%2C225&amp;ssl=1 300w, https:\/\/i0.wp.com\/gersonguelmann.com.br\/blog\/wp-content\/uploads\/2018\/05\/jerusalem-900000000-13-1024x768.jpg?resize=768%2C576&amp;ssl=1 768w, https:\/\/i0.wp.com\/gersonguelmann.com.br\/blog\/wp-content\/uploads\/2018\/05\/jerusalem-900000000-13-1024x768.jpg?resize=1024%2C768&amp;ssl=1 1024w\" sizes=\"(max-width: 300px) 100vw, 300px\" \/><\/p>\n","protected":false},"excerpt":{"rendered":"<p>Piada que come\u00e7ou a circular nas redes ap\u00f3s a revela\u00e7\u00e3o da opera\u00e7\u00e3o feita em janeiro pelo Mossad no Ir\u00e3: &#8211; as autoridades iranianas acabaram de informar que sua embaixada ser\u00e1 transferida para Jerusal\u00e9m. Indagados sobre a raz\u00e3o, justificaram dizendo que \u00e9 para facilitar, j\u00e1 que os arquivos deles est\u00e3o todos l\u00e1.<\/p>\n","protected":false},"author":5,"featured_media":12375,"comment_status":"open","ping_status":"open","sticky":false,"template":"","format":"standard","meta":{"_acf_changed":false,"jetpack_post_was_ever_published":false,"_jetpack_newsletter_access":"","_jetpack_dont_email_post_to_subs":false,"_jetpack_newsletter_tier_id":0,"_jetpack_memberships_contains_paywalled_content":false,"_jetpack_memberships_contains_paid_content":false,"footnotes":"","jetpack_publicize_message":"","jetpack_publicize_feature_enabled":true,"jetpack_social_post_already_shared":true,"jetpack_social_options":{"image_generator_settings":{"template":"highway","default_image_id":0,"font":"","enabled":false},"version":2}},"categories":[1],"tags":[],"class_list":["post-12374","post","type-post","status-publish","format-standard","has-post-thumbnail","hentry","category-sem-categoria"],"acf":[],"yoast_head":"<!-- This site is optimized with the Yoast SEO plugin v27.3 - https:\/\/yoast.com\/product\/yoast-seo-wordpress\/ -->\n<title>Ir\u00e3 Vai Transferir Embaixada para Jerusal\u00e9m | Blog do Guelmann<\/title>\n<meta name=\"robots\" content=\"index, follow, max-snippet:-1, max-image-preview:large, max-video-preview:-1\" \/>\n<link rel=\"canonical\" href=\"https:\/\/gersonguelmann.com.br\/blog\/ira-vai-transferir-embaixada-para-jerusalem\/\" \/>\n<meta property=\"og:locale\" content=\"pt_BR\" \/>\n<meta property=\"og:type\" content=\"article\" \/>\n<meta property=\"og:title\" content=\"Ir\u00e3 Vai Transferir Embaixada para Jerusal\u00e9m | Blog do Guelmann\" \/>\n<meta property=\"og:description\" content=\"Piada que come\u00e7ou a circular nas redes ap\u00f3s a revela\u00e7\u00e3o da opera\u00e7\u00e3o feita em janeiro pelo Mossad no Ir\u00e3: &#8211; as autoridades iranianas acabaram de informar que sua embaixada ser\u00e1 transferida para Jerusal\u00e9m. Indagados sobre a raz\u00e3o, justificaram dizendo que \u00e9 para facilitar, j\u00e1 que os arquivos deles est\u00e3o todos l\u00e1.\" \/>\n<meta property=\"og:url\" content=\"https:\/\/gersonguelmann.com.br\/blog\/ira-vai-transferir-embaixada-para-jerusalem\/\" \/>\n<meta property=\"og:site_name\" content=\"Blog do Guelmann\" \/>\n<meta property=\"article:published_time\" content=\"2018-05-02T14:45:47+00:00\" \/>\n<meta property=\"og:image\" content=\"https:\/\/i0.wp.com\/gersonguelmann.com.br\/blog\/wp-content\/uploads\/2018\/05\/jerusalem-900000000-13-1024x768.jpg?fit=1024%2C768&ssl=1\" \/>\n\t<meta property=\"og:image:width\" content=\"1024\" \/>\n\t<meta property=\"og:image:height\" content=\"768\" \/>\n\t<meta property=\"og:image:type\" content=\"image\/jpeg\" \/>\n<meta name=\"author\" content=\"Gerson Guelmann\" \/>\n<meta name=\"twitter:card\" content=\"summary_large_image\" \/>\n<meta name=\"twitter:label1\" content=\"Escrito por\" \/>\n\t<meta name=\"twitter:data1\" content=\"Gerson Guelmann\" \/>\n<script type=\"application\/ld+json\" class=\"yoast-schema-graph\">{\"@context\":\"https:\\\/\\\/schema.org\",\"@graph\":[{\"@type\":\"Article\",\"@id\":\"https:\\\/\\\/gersonguelmann.com.br\\\/blog\\\/ira-vai-transferir-embaixada-para-jerusalem\\\/#article\",\"isPartOf\":{\"@id\":\"https:\\\/\\\/gersonguelmann.com.br\\\/blog\\\/ira-vai-transferir-embaixada-para-jerusalem\\\/\"},\"author\":{\"name\":\"Gerson Guelmann\",\"@id\":\"https:\\\/\\\/gersonguelmann.com.br\\\/blog\\\/#\\\/schema\\\/person\\\/87e70e2a786888082f941a482c90569e\"},\"headline\":\"Ir\u00e3 Vai Transferir Embaixada para Jerusal\u00e9m\",\"datePublished\":\"2018-05-02T14:45:47+00:00\",\"mainEntityOfPage\":{\"@id\":\"https:\\\/\\\/gersonguelmann.com.br\\\/blog\\\/ira-vai-transferir-embaixada-para-jerusalem\\\/\"},\"wordCount\":64,\"commentCount\":0,\"image\":{\"@id\":\"https:\\\/\\\/gersonguelmann.com.br\\\/blog\\\/ira-vai-transferir-embaixada-para-jerusalem\\\/#primaryimage\"},\"thumbnailUrl\":\"https:\\\/\\\/i0.wp.com\\\/gersonguelmann.com.br\\\/blog\\\/wp-content\\\/uploads\\\/2018\\\/05\\\/jerusalem-900000000-13-1024x768.jpg?fit=1024%2C768&ssl=1\",\"inLanguage\":\"pt-BR\",\"potentialAction\":[{\"@type\":\"CommentAction\",\"name\":\"Comment\",\"target\":[\"https:\\\/\\\/gersonguelmann.com.br\\\/blog\\\/ira-vai-transferir-embaixada-para-jerusalem\\\/#respond\"]}]},{\"@type\":\"WebPage\",\"@id\":\"https:\\\/\\\/gersonguelmann.com.br\\\/blog\\\/ira-vai-transferir-embaixada-para-jerusalem\\\/\",\"url\":\"https:\\\/\\\/gersonguelmann.com.br\\\/blog\\\/ira-vai-transferir-embaixada-para-jerusalem\\\/\",\"name\":\"Ir\u00e3 Vai Transferir Embaixada para Jerusal\u00e9m | Blog do Guelmann\",\"isPartOf\":{\"@id\":\"https:\\\/\\\/gersonguelmann.com.br\\\/blog\\\/#website\"},\"primaryImageOfPage\":{\"@id\":\"https:\\\/\\\/gersonguelmann.com.br\\\/blog\\\/ira-vai-transferir-embaixada-para-jerusalem\\\/#primaryimage\"},\"image\":{\"@id\":\"https:\\\/\\\/gersonguelmann.com.br\\\/blog\\\/ira-vai-transferir-embaixada-para-jerusalem\\\/#primaryimage\"},\"thumbnailUrl\":\"https:\\\/\\\/i0.wp.com\\\/gersonguelmann.com.br\\\/blog\\\/wp-content\\\/uploads\\\/2018\\\/05\\\/jerusalem-900000000-13-1024x768.jpg?fit=1024%2C768&ssl=1\",\"datePublished\":\"2018-05-02T14:45:47+00:00\",\"author\":{\"@id\":\"https:\\\/\\\/gersonguelmann.com.br\\\/blog\\\/#\\\/schema\\\/person\\\/87e70e2a786888082f941a482c90569e\"},\"inLanguage\":\"pt-BR\",\"potentialAction\":[{\"@type\":\"ReadAction\",\"target\":[\"https:\\\/\\\/gersonguelmann.com.br\\\/blog\\\/ira-vai-transferir-embaixada-para-jerusalem\\\/\"]}]},{\"@type\":\"ImageObject\",\"inLanguage\":\"pt-BR\",\"@id\":\"https:\\\/\\\/gersonguelmann.com.br\\\/blog\\\/ira-vai-transferir-embaixada-para-jerusalem\\\/#primaryimage\",\"url\":\"https:\\\/\\\/i0.wp.com\\\/gersonguelmann.com.br\\\/blog\\\/wp-content\\\/uploads\\\/2018\\\/05\\\/jerusalem-900000000-13-1024x768.jpg?fit=1024%2C768&ssl=1\",\"contentUrl\":\"https:\\\/\\\/i0.wp.com\\\/gersonguelmann.com.br\\\/blog\\\/wp-content\\\/uploads\\\/2018\\\/05\\\/jerusalem-900000000-13-1024x768.jpg?fit=1024%2C768&ssl=1\",\"width\":1024,\"height\":768},{\"@type\":\"WebSite\",\"@id\":\"https:\\\/\\\/gersonguelmann.com.br\\\/blog\\\/#website\",\"url\":\"https:\\\/\\\/gersonguelmann.com.br\\\/blog\\\/\",\"name\":\"Blog do Guelmann\",\"description\":\"Pitadas da sabedoria e do humor judaicos, assuntos do momento e um pouco das hist\u00f3rias que vivi e testemunhei.\",\"potentialAction\":[{\"@type\":\"SearchAction\",\"target\":{\"@type\":\"EntryPoint\",\"urlTemplate\":\"https:\\\/\\\/gersonguelmann.com.br\\\/blog\\\/?s={search_term_string}\"},\"query-input\":{\"@type\":\"PropertyValueSpecification\",\"valueRequired\":true,\"valueName\":\"search_term_string\"}}],\"inLanguage\":\"pt-BR\"},{\"@type\":\"Person\",\"@id\":\"https:\\\/\\\/gersonguelmann.com.br\\\/blog\\\/#\\\/schema\\\/person\\\/87e70e2a786888082f941a482c90569e\",\"name\":\"Gerson Guelmann\",\"image\":{\"@type\":\"ImageObject\",\"inLanguage\":\"pt-BR\",\"@id\":\"https:\\\/\\\/i0.wp.com\\\/gersonguelmann.com.br\\\/blog\\\/wp-content\\\/uploads\\\/2021\\\/08\\\/BLOG.jpeg?fit=96%2C96&ssl=1\",\"url\":\"https:\\\/\\\/i0.wp.com\\\/gersonguelmann.com.br\\\/blog\\\/wp-content\\\/uploads\\\/2021\\\/08\\\/BLOG.jpeg?fit=96%2C96&ssl=1\",\"contentUrl\":\"https:\\\/\\\/i0.wp.com\\\/gersonguelmann.com.br\\\/blog\\\/wp-content\\\/uploads\\\/2021\\\/08\\\/BLOG.jpeg?fit=96%2C96&ssl=1\",\"caption\":\"Gerson Guelmann\"},\"description\":\"Pitadas da sabedoria e do humor judaicos, assuntos do momento e um pouco das hist\u00f3rias que vivi e testemunhei.\"}]}<\/script>\n<!-- \/ Yoast SEO plugin. -->","yoast_head_json":{"title":"Ir\u00e3 Vai Transferir Embaixada para Jerusal\u00e9m | Blog do Guelmann","robots":{"index":"index","follow":"follow","max-snippet":"max-snippet:-1","max-image-preview":"max-image-preview:large","max-video-preview":"max-video-preview:-1"},"canonical":"https:\/\/gersonguelmann.com.br\/blog\/ira-vai-transferir-embaixada-para-jerusalem\/","og_locale":"pt_BR","og_type":"article","og_title":"Ir\u00e3 Vai Transferir Embaixada para Jerusal\u00e9m | Blog do Guelmann","og_description":"Piada que come\u00e7ou a circular nas redes ap\u00f3s a revela\u00e7\u00e3o da opera\u00e7\u00e3o feita em janeiro pelo Mossad no Ir\u00e3: &#8211; as autoridades iranianas acabaram de informar que sua embaixada ser\u00e1 transferida para Jerusal\u00e9m. Indagados sobre a raz\u00e3o, justificaram dizendo que \u00e9 para facilitar, j\u00e1 que os arquivos deles est\u00e3o todos l\u00e1.","og_url":"https:\/\/gersonguelmann.com.br\/blog\/ira-vai-transferir-embaixada-para-jerusalem\/","og_site_name":"Blog do Guelmann","article_published_time":"2018-05-02T14:45:47+00:00","og_image":[{"width":1024,"height":768,"url":"https:\/\/i0.wp.com\/gersonguelmann.com.br\/blog\/wp-content\/uploads\/2018\/05\/jerusalem-900000000-13-1024x768.jpg?fit=1024%2C768&ssl=1","type":"image\/jpeg"}],"author":"Gerson Guelmann","twitter_card":"summary_large_image","twitter_misc":{"Escrito por":"Gerson Guelmann"},"schema":{"@context":"https:\/\/schema.org","@graph":[{"@type":"Article","@id":"https:\/\/gersonguelmann.com.br\/blog\/ira-vai-transferir-embaixada-para-jerusalem\/#article","isPartOf":{"@id":"https:\/\/gersonguelmann.com.br\/blog\/ira-vai-transferir-embaixada-para-jerusalem\/"},"author":{"name":"Gerson Guelmann","@id":"https:\/\/gersonguelmann.com.br\/blog\/#\/schema\/person\/87e70e2a786888082f941a482c90569e"},"headline":"Ir\u00e3 Vai Transferir Embaixada para Jerusal\u00e9m","datePublished":"2018-05-02T14:45:47+00:00","mainEntityOfPage":{"@id":"https:\/\/gersonguelmann.com.br\/blog\/ira-vai-transferir-embaixada-para-jerusalem\/"},"wordCount":64,"commentCount":0,"image":{"@id":"https:\/\/gersonguelmann.com.br\/blog\/ira-vai-transferir-embaixada-para-jerusalem\/#primaryimage"},"thumbnailUrl":"https:\/\/i0.wp.com\/gersonguelmann.com.br\/blog\/wp-content\/uploads\/2018\/05\/jerusalem-900000000-13-1024x768.jpg?fit=1024%2C768&ssl=1","inLanguage":"pt-BR","potentialAction":[{"@type":"CommentAction","name":"Comment","target":["https:\/\/gersonguelmann.com.br\/blog\/ira-vai-transferir-embaixada-para-jerusalem\/#respond"]}]},{"@type":"WebPage","@id":"https:\/\/gersonguelmann.com.br\/blog\/ira-vai-transferir-embaixada-para-jerusalem\/","url":"https:\/\/gersonguelmann.com.br\/blog\/ira-vai-transferir-embaixada-para-jerusalem\/","name":"Ir\u00e3 Vai Transferir Embaixada para Jerusal\u00e9m | Blog do Guelmann","isPartOf":{"@id":"https:\/\/gersonguelmann.com.br\/blog\/#website"},"primaryImageOfPage":{"@id":"https:\/\/gersonguelmann.com.br\/blog\/ira-vai-transferir-embaixada-para-jerusalem\/#primaryimage"},"image":{"@id":"https:\/\/gersonguelmann.com.br\/blog\/ira-vai-transferir-embaixada-para-jerusalem\/#primaryimage"},"thumbnailUrl":"https:\/\/i0.wp.com\/gersonguelmann.com.br\/blog\/wp-content\/uploads\/2018\/05\/jerusalem-900000000-13-1024x768.jpg?fit=1024%2C768&ssl=1","datePublished":"2018-05-02T14:45:47+00:00","author":{"@id":"https:\/\/gersonguelmann.com.br\/blog\/#\/schema\/person\/87e70e2a786888082f941a482c90569e"},"inLanguage":"pt-BR","potentialAction":[{"@type":"ReadAction","target":["https:\/\/gersonguelmann.com.br\/blog\/ira-vai-transferir-embaixada-para-jerusalem\/"]}]},{"@type":"ImageObject","inLanguage":"pt-BR","@id":"https:\/\/gersonguelmann.com.br\/blog\/ira-vai-transferir-embaixada-para-jerusalem\/#primaryimage","url":"https:\/\/i0.wp.com\/gersonguelmann.com.br\/blog\/wp-content\/uploads\/2018\/05\/jerusalem-900000000-13-1024x768.jpg?fit=1024%2C768&ssl=1","contentUrl":"https:\/\/i0.wp.com\/gersonguelmann.com.br\/blog\/wp-content\/uploads\/2018\/05\/jerusalem-900000000-13-1024x768.jpg?fit=1024%2C768&ssl=1","width":1024,"height":768},{"@type":"WebSite","@id":"https:\/\/gersonguelmann.com.br\/blog\/#website","url":"https:\/\/gersonguelmann.com.br\/blog\/","name":"Blog do Guelmann","description":"Pitadas da sabedoria e do humor judaicos, assuntos do momento e um pouco das hist\u00f3rias que vivi e testemunhei.","potentialAction":[{"@type":"SearchAction","target":{"@type":"EntryPoint","urlTemplate":"https:\/\/gersonguelmann.com.br\/blog\/?s={search_term_string}"},"query-input":{"@type":"PropertyValueSpecification","valueRequired":true,"valueName":"search_term_string"}}],"inLanguage":"pt-BR"},{"@type":"Person","@id":"https:\/\/gersonguelmann.com.br\/blog\/#\/schema\/person\/87e70e2a786888082f941a482c90569e","name":"Gerson Guelmann","image":{"@type":"ImageObject","inLanguage":"pt-BR","@id":"https:\/\/i0.wp.com\/gersonguelmann.com.br\/blog\/wp-content\/uploads\/2021\/08\/BLOG.jpeg?fit=96%2C96&ssl=1","url":"https:\/\/i0.wp.com\/gersonguelmann.com.br\/blog\/wp-content\/uploads\/2021\/08\/BLOG.jpeg?fit=96%2C96&ssl=1","contentUrl":"https:\/\/i0.wp.com\/gersonguelmann.com.br\/blog\/wp-content\/uploads\/2021\/08\/BLOG.jpeg?fit=96%2C96&ssl=1","caption":"Gerson Guelmann"},"description":"Pitadas da sabedoria e do humor judaicos, assuntos do momento e um pouco das hist\u00f3rias que vivi e testemunhei."}]}},"views":63,"jetpack_publicize_connections":[],"jetpack_featured_media_url":"https:\/\/i0.wp.com\/gersonguelmann.com.br\/blog\/wp-content\/uploads\/2018\/05\/jerusalem-900000000-13-1024x768.jpg?fit=1024%2C768&ssl=1","jetpack_shortlink":"https:\/\/wp.me\/p96e7O-3dA","jetpack-related-posts":[{"id":12915,"url":"https:\/\/gersonguelmann.com.br\/blog\/para-a-historia-ivanka-trump-inaugura-embaixada-norte-americana-em-jerusalem\/","url_meta":{"origin":12374,"position":0},"title":"Para a Hist\u00f3ria: Ivanka Trump Inaugura Embaixada Norte-Americana em Jerusal\u00e9m","author":"Gerson Guelmann","date":"14 de maio de 2018","format":false,"excerpt":"Momento em que Ivanka Trump, a filha do presidente dos Estados Unidos, descerrava a placa da inaugura\u00e7\u00e3o da embaixada daquele pa\u00eds em Jerusal\u00e9m, hoje. https:\/\/youtu.be\/2VMXLZAI6Go","rel":"","context":"Em &quot;Sem categoria&quot;","block_context":{"text":"Sem categoria","link":"https:\/\/gersonguelmann.com.br\/blog\/category\/sem-categoria\/"},"img":{"alt_text":"","src":"https:\/\/i0.wp.com\/gersonguelmann.com.br\/blog\/wp-content\/uploads\/2018\/05\/23-us-consulate-jerusalem.w710.h473.jpg?fit=710%2C473&ssl=1&resize=350%2C200","width":350,"height":200,"srcset":"https:\/\/i0.wp.com\/gersonguelmann.com.br\/blog\/wp-content\/uploads\/2018\/05\/23-us-consulate-jerusalem.w710.h473.jpg?fit=710%2C473&ssl=1&resize=350%2C200 1x, https:\/\/i0.wp.com\/gersonguelmann.com.br\/blog\/wp-content\/uploads\/2018\/05\/23-us-consulate-jerusalem.w710.h473.jpg?fit=710%2C473&ssl=1&resize=525%2C300 1.5x, https:\/\/i0.wp.com\/gersonguelmann.com.br\/blog\/wp-content\/uploads\/2018\/05\/23-us-consulate-jerusalem.w710.h473.jpg?fit=710%2C473&ssl=1&resize=700%2C400 2x"},"classes":[]},{"id":13094,"url":"https:\/\/gersonguelmann.com.br\/blog\/paraguai-e-o-terceiro-pais-a-inaugurar-embaixada-em-jerusalem\/","url_meta":{"origin":12374,"position":1},"title":"Paraguai \u00e9 o Terceiro Pa\u00eds a Inaugurar Embaixada em Jerusal\u00e9m","author":"Gerson Guelmann","date":"21 de maio de 2018","format":false,"excerpt":"Da revista VEJA, publicado h\u00e1 pouco: \u00a0 O presidente paraguaio Horacio Cartes cumprimenta o primeiro-ministro israelense Benjamin Netanyahu durante uma reuni\u00e3o no gabinete do primeiro-ministro em Jerusal\u00e9m, ap\u00f3s a cerim\u00f4nia de inaugura\u00e7\u00e3o da embaixada do Paraguai na capital de Israel - 21\/05\/2018\u00a0(Sebastian Scheiner\/Pool\/Reuters) \u00a0 Mundo Presidente do Paraguai inaugura embaixada\u2026","rel":"","context":"Em &quot;Sem categoria&quot;","block_context":{"text":"Sem categoria","link":"https:\/\/gersonguelmann.com.br\/blog\/category\/sem-categoria\/"},"img":{"alt_text":"","src":"https:\/\/i0.wp.com\/gersonguelmann.com.br\/blog\/wp-content\/uploads\/2018\/05\/mundo-embaixada-paraguaia-jerusalem.jpg?fit=680%2C453&ssl=1&resize=350%2C200","width":350,"height":200,"srcset":"https:\/\/i0.wp.com\/gersonguelmann.com.br\/blog\/wp-content\/uploads\/2018\/05\/mundo-embaixada-paraguaia-jerusalem.jpg?fit=680%2C453&ssl=1&resize=350%2C200 1x, https:\/\/i0.wp.com\/gersonguelmann.com.br\/blog\/wp-content\/uploads\/2018\/05\/mundo-embaixada-paraguaia-jerusalem.jpg?fit=680%2C453&ssl=1&resize=525%2C300 1.5x"},"classes":[]},{"id":12411,"url":"https:\/\/gersonguelmann.com.br\/blog\/embaixador-dos-eua-em-israel-convida-para-abertura-nova-embaixada-jerusalem\/","url_meta":{"origin":12374,"position":2},"title":"O Embaixador dos EUA Em Israel Convida Para a Abertura da Nova Embaixada","author":"Gerson Guelmann","date":"3 de maio de 2018","format":false,"excerpt":"Foto: The New York Times Momento hist\u00f3rico: - o Embaixador dos Estados Unidos em Israel, Sr. David Friedman, est\u00e1 expedindo os convites para a abertura da Embaixada em Jerusal\u00e9m, no pr\u00f3ximo dia 14. \u00a0","rel":"","context":"Em &quot;Sem categoria&quot;","block_context":{"text":"Sem categoria","link":"https:\/\/gersonguelmann.com.br\/blog\/category\/sem-categoria\/"},"img":{"alt_text":"","src":"https:\/\/i0.wp.com\/gersonguelmann.com.br\/blog\/wp-content\/uploads\/2018\/05\/merlin_134540252_d1feccad-2d96-47c7-8b34-188c09990c68-jumbo.jpg?fit=1024%2C672&ssl=1&resize=350%2C200","width":350,"height":200,"srcset":"https:\/\/i0.wp.com\/gersonguelmann.com.br\/blog\/wp-content\/uploads\/2018\/05\/merlin_134540252_d1feccad-2d96-47c7-8b34-188c09990c68-jumbo.jpg?fit=1024%2C672&ssl=1&resize=350%2C200 1x, https:\/\/i0.wp.com\/gersonguelmann.com.br\/blog\/wp-content\/uploads\/2018\/05\/merlin_134540252_d1feccad-2d96-47c7-8b34-188c09990c68-jumbo.jpg?fit=1024%2C672&ssl=1&resize=525%2C300 1.5x, https:\/\/i0.wp.com\/gersonguelmann.com.br\/blog\/wp-content\/uploads\/2018\/05\/merlin_134540252_d1feccad-2d96-47c7-8b34-188c09990c68-jumbo.jpg?fit=1024%2C672&ssl=1&resize=700%2C400 2x"},"classes":[]},{"id":6257,"url":"https:\/\/gersonguelmann.com.br\/blog\/israelense-da-show-na-al-jazeera\/","url_meta":{"origin":12374,"position":3},"title":"Israelense D\u00e1 Show na Al-Jazeera","author":"Gerson Guelmann","date":"28 de dezembro de 2017","format":false,"excerpt":"Aconteceu h\u00e1 pouco mais de 15 dias: - a TV Al-Jazeera promoveu um debate sobre a recente decis\u00e3o do governo Trump em transferir a Embaixada americana para Jerusal\u00e9m, reconhecendo-a efetivamente como a capital de Israel. No debate estavam de um lado o Sheik Abd Al-Rahman Saeed Kuki, professor e pregador\u2026","rel":"","context":"Em &quot;Sem categoria&quot;","block_context":{"text":"Sem categoria","link":"https:\/\/gersonguelmann.com.br\/blog\/category\/sem-categoria\/"},"img":{"alt_text":"","src":"https:\/\/i0.wp.com\/gersonguelmann.com.br\/blog\/wp-content\/uploads\/2017\/12\/MK-300x168.jpg?resize=350%2C200&ssl=1","width":350,"height":200},"classes":[]},{"id":12736,"url":"https:\/\/gersonguelmann.com.br\/blog\/israel-destruiu-a-infraestrutura-militar-do-ira-na-siria\/","url_meta":{"origin":12374,"position":4},"title":"Israel Destruiu a Infraestrutura Militar do Ir\u00e3 na Siria","author":"Gerson Guelmann","date":"10 de maio de 2018","format":false,"excerpt":"Informa\u00e7\u00f5es do portal Menorah Brasil: TODA A INFRAESTRUTURA MILITAR DO IR\u00c3 NA S\u00cdRIA FOI DESTRU\u00cdDA maio 10, 2018\u00a0Jos\u00e9 Roitberg\u00a0 por Jos\u00e9 Roitberg M\u00edssil iraniano Fateh-313, de emprego r\u00e1pido com alcance de 500 km, do sul de Damasco poderia atingir at\u00e9 o Canal de Suez. \u00a0 As for\u00e7as de defesa de\u2026","rel":"","context":"Em &quot;Sem categoria&quot;","block_context":{"text":"Sem categoria","link":"https:\/\/gersonguelmann.com.br\/blog\/category\/sem-categoria\/"},"img":{"alt_text":"","src":"https:\/\/i0.wp.com\/gersonguelmann.com.br\/blog\/wp-content\/uploads\/2018\/05\/1-3.jpg?fit=678%2C381&ssl=1&resize=350%2C200","width":350,"height":200,"srcset":"https:\/\/i0.wp.com\/gersonguelmann.com.br\/blog\/wp-content\/uploads\/2018\/05\/1-3.jpg?fit=678%2C381&ssl=1&resize=350%2C200 1x, https:\/\/i0.wp.com\/gersonguelmann.com.br\/blog\/wp-content\/uploads\/2018\/05\/1-3.jpg?fit=678%2C381&ssl=1&resize=525%2C300 1.5x"},"classes":[]},{"id":14402,"url":"https:\/\/gersonguelmann.com.br\/blog\/casal-brasileiro-preso-em-israel-com-50-capsulas-de-cocaina-no-corpo\/","url_meta":{"origin":12374,"position":5},"title":"Casal Brasileiro Preso Em Israel Com 50 C\u00e1psulas de Coca\u00edna No Corpo","author":"Gerson Guelmann","date":"2 de julho de 2018","format":false,"excerpt":"Mat\u00e9ria divulgada hoje pela Ag\u00eancia EFE: ISRAEL JUSTI\u00c7A Pol\u00edcia de Israel deteve casal brasileiro com 50 c\u00e1psulas de coca\u00edna no corpo EFE\u00a0Jerusal\u00e9m2 jul 2018 A Pol\u00edcia de Israel tornou p\u00fablico nesta segunda-feira a deten\u00e7\u00e3o de um casal procedente do Brasil que tentou entrar no pa\u00eds com 50 pequenas c\u00e1psulas de\u2026","rel":"","context":"Em &quot;Sem categoria&quot;","block_context":{"text":"Sem categoria","link":"https:\/\/gersonguelmann.com.br\/blog\/category\/sem-categoria\/"},"img":{"alt_text":"","src":"https:\/\/i0.wp.com\/gersonguelmann.com.br\/blog\/wp-content\/uploads\/2018\/07\/Cocaina.jpg?resize=350%2C200&ssl=1","width":350,"height":200},"classes":[]}],"jetpack_sharing_enabled":true,"post_mailing_queue_ids":[],"_links":{"self":[{"href":"https:\/\/gersonguelmann.com.br\/blog\/wp-json\/wp\/v2\/posts\/12374","targetHints":{"allow":["GET"]}}],"collection":[{"href":"https:\/\/gersonguelmann.com.br\/blog\/wp-json\/wp\/v2\/posts"}],"about":[{"href":"https:\/\/gersonguelmann.com.br\/blog\/wp-json\/wp\/v2\/types\/post"}],"author":[{"embeddable":true,"href":"https:\/\/gersonguelmann.com.br\/blog\/wp-json\/wp\/v2\/users\/5"}],"replies":[{"embeddable":true,"href":"https:\/\/gersonguelmann.com.br\/blog\/wp-json\/wp\/v2\/comments?post=12374"}],"version-history":[{"count":0,"href":"https:\/\/gersonguelmann.com.br\/blog\/wp-json\/wp\/v2\/posts\/12374\/revisions"}],"wp:featuredmedia":[{"embeddable":true,"href":"https:\/\/gersonguelmann.com.br\/blog\/wp-json\/wp\/v2\/media\/12375"}],"wp:attachment":[{"href":"https:\/\/gersonguelmann.com.br\/blog\/wp-json\/wp\/v2\/media?parent=12374"}],"wp:term":[{"taxonomy":"category","embeddable":true,"href":"https:\/\/gersonguelmann.com.br\/blog\/wp-json\/wp\/v2\/categories?post=12374"},{"taxonomy":"post_tag","embeddable":true,"href":"https:\/\/gersonguelmann.com.br\/blog\/wp-json\/wp\/v2\/tags?post=12374"}],"curies":[{"name":"wp","href":"https:\/\/api.w.org\/{rel}","templated":true}]}}