    {"id":12383,"date":"2018-05-02T13:53:56","date_gmt":"2018-05-02T16:53:56","guid":{"rendered":"https:\/\/gersonguelmann.com.br\/blog\/?p=12383"},"modified":"2018-05-02T14:00:11","modified_gmt":"2018-05-02T17:00:11","slug":"na-tunisia-milhares-de-judeus-peregrinos-lotam-sinagoga","status":"publish","type":"post","link":"https:\/\/gersonguelmann.com.br\/blog\/na-tunisia-milhares-de-judeus-peregrinos-lotam-sinagoga\/","title":{"rendered":"Na Tun\u00edsia, Milhares de Judeus Peregrinos Lotam Sinagoga"},"content":{"rendered":"<p style=\"text-align: center;\"><span style=\"color: #000000;\"><img data-recalc-dims=\"1\" fetchpriority=\"high\" decoding=\"async\" data-attachment-id=\"12384\" data-permalink=\"https:\/\/gersonguelmann.com.br\/blog\/na-tunisia-milhares-de-judeus-peregrinos-lotam-sinagoga\/ghriba\/\" data-orig-file=\"https:\/\/i0.wp.com\/gersonguelmann.com.br\/blog\/wp-content\/uploads\/2018\/05\/Ghriba.jpg?fit=1024%2C683&amp;ssl=1\" data-orig-size=\"1024,683\" data-comments-opened=\"1\" data-image-meta=\"{&quot;aperture&quot;:&quot;0&quot;,&quot;credit&quot;:&quot;&quot;,&quot;camera&quot;:&quot;&quot;,&quot;caption&quot;:&quot;&quot;,&quot;created_timestamp&quot;:&quot;0&quot;,&quot;copyright&quot;:&quot;&quot;,&quot;focal_length&quot;:&quot;0&quot;,&quot;iso&quot;:&quot;0&quot;,&quot;shutter_speed&quot;:&quot;0&quot;,&quot;title&quot;:&quot;&quot;,&quot;orientation&quot;:&quot;0&quot;}\" data-image-title=\"Ghriba\" data-image-description=\"\" data-image-caption=\"\" data-medium-file=\"https:\/\/i0.wp.com\/gersonguelmann.com.br\/blog\/wp-content\/uploads\/2018\/05\/Ghriba.jpg?fit=300%2C200&amp;ssl=1\" data-large-file=\"https:\/\/i0.wp.com\/gersonguelmann.com.br\/blog\/wp-content\/uploads\/2018\/05\/Ghriba.jpg?fit=640%2C427&amp;ssl=1\" class=\"alignnone size-medium wp-image-12384\" src=\"https:\/\/i0.wp.com\/gersonguelmann.com.br\/blog\/wp-content\/uploads\/2018\/05\/Ghriba.jpg?resize=300%2C200&#038;ssl=1\" alt=\"\" width=\"300\" height=\"200\" srcset=\"https:\/\/i0.wp.com\/gersonguelmann.com.br\/blog\/wp-content\/uploads\/2018\/05\/Ghriba.jpg?resize=300%2C200&amp;ssl=1 300w, https:\/\/i0.wp.com\/gersonguelmann.com.br\/blog\/wp-content\/uploads\/2018\/05\/Ghriba.jpg?resize=768%2C512&amp;ssl=1 768w, https:\/\/i0.wp.com\/gersonguelmann.com.br\/blog\/wp-content\/uploads\/2018\/05\/Ghriba.jpg?w=1024&amp;ssl=1 1024w, https:\/\/i0.wp.com\/gersonguelmann.com.br\/blog\/wp-content\/uploads\/2018\/05\/Ghriba.jpg?resize=750%2C500&amp;ssl=1 750w\" sizes=\"(max-width: 300px) 100vw, 300px\" \/><br \/>\n<span style=\"color: #808080;\"><em><strong><span style=\"font-family: georgia, palatino, serif; font-size: 10pt;\">Sinagoga de Ghriba, Ilha de Djerba, Tun\u00edsia<\/span><\/strong><\/em><\/span><\/span><\/p>\n<p><span style=\"color: #000000; font-family: georgia, palatino, serif; font-size: 18pt;\">Mat\u00e9ria publicada hoje no Jornal do Brasil:<\/span><\/p>\n<div id=\"fb-root\" class=\" fb_reset\">\n<div>\n<div><span style=\"font-size: 14pt;\"><strong><span style=\"color: #000000;\">Internacional<\/span><\/strong><\/span><\/div>\n<div><\/div>\n<\/div>\n<\/div>\n<div id=\"geral\">\n<section id=\"content\">\n<header id=\"editoria\" class=\"tit-secao\">\n<aside class=\"patrocinio\" title=\"Patroc\u00ednio\"><\/aside>\n<\/header>\n<article><span style=\"color: #000000; font-size: 14pt;\"><time datetime=\"2018-05-02T10:40\">02\/05 \u00e0s 10h40<\/time><time datetime=\"2018-05-02T10:43\">\u00a0&#8211; Atualizada em 02\/05 \u00e0s 10h43<\/time><\/span><\/p>\n<hgroup>\n<h1><span style=\"font-size: 24pt;\"><strong><span style=\"color: #000000;\">Primeiro dia de peregrina\u00e7\u00e3o de judeus a Ghriba re\u00fane multid\u00e3o<\/span><\/strong><\/span><\/h1>\n<h1><\/h1>\n<\/hgroup>\n<div class=\"infobar\"><span style=\"font-size: 14pt;\"><strong><span style=\"color: #000000;\"><em class=\"author\">Jornal do Brasil<\/em><\/span><\/strong><\/span><\/div>\n<hgroup>\n<h1><\/h1>\n<\/hgroup>\n<aside class=\"publicidade ilha\">\n<div id=\"google_ads_div_JBx_Inter_Ilha_180x150_ad_wrapper\">\n<div id=\"google_ads_div_JBx_Inter_Ilha_180x150_ad_container\"><span style=\"color: #000000; font-size: 14pt;\">Aos milhares, os fi\u00e9is se dirigiam nesta quarta-feira para a mais antiga sinagoga da \u00c1frica, para o festival judeu de Ghriba na ilha tunisiana de Djerba, confirmando o regresso dos peregrinos ap\u00f3s v\u00e1rios anos dif\u00edceis pela falta de seguran\u00e7a.<\/span><\/div>\n<\/div>\n<\/aside>\n<div id=\"HOTWordsTxt\">\n<p><span style=\"color: #000000; font-size: 14pt;\">Cedo pela manh\u00e3, centenas de pessoas j\u00e1 haviam desfilado pelo lugar sagrado, cercado de um importante dispositivo de seguran\u00e7a policial e militar, constatou um fot\u00f3grafo da AFP.<\/span><\/p>\n<p><span style=\"color: #000000; font-size: 14pt;\">Procedentes da pr\u00f3pria Tun\u00edsia, mas tamb\u00e9m da Europa e de Israel, rezaram, acenderam velas e receberam as b\u00ean\u00e7\u00e3os dos rabinos que recitavam o Tor\u00e1.<\/span><\/p>\n<p><span style=\"color: #000000; font-size: 14pt;\">O primeiro-ministro tunisiano, Yussef Shahed, era esperado no local esta tarde.<\/span><\/p>\n<p><span style=\"color: #000000; font-size: 14pt;\">A peregrina\u00e7\u00e3o a Ghriba \u00e9 organizada todos os anos no 33\u00ba dia da P\u00e1scoa judaica e \u00e9 uma das maiores tradi\u00e7\u00f5es dos judeus tunisianos. Essa comunidade conta com cerca de 1.500 membros, instalados em Djerba em sua maioria. Eram mais de 100.000 antes da independ\u00eancia do pa\u00eds, em 1956.<\/span><\/p>\n<p><span style=\"color: #000000; font-size: 14pt;\">Os hot\u00e9is est\u00e3o lotados, e a expectativa \u00e9 de 5.000 a 6.000 pessoas. No ano passado, participaram apenas em torno de 3.000 fi\u00e9is nos dois dias de peregrina\u00e7\u00e3o. S\u00e3o esperados entre 150 e 200 israelenses, segundo os organizadores.<\/span><\/p>\n<p><span style=\"color: #000000; font-size: 14pt;\">Antes de 2002, cerca de 8.000 pessoas faziam a peregrina\u00e7\u00e3o para Ghriba. Naquele ano, 21 pessoas morreram em um atentado suicida contra a sinagoga.<\/span><\/p>\n<p><span style=\"font-family: georgia, palatino, serif; font-size: 18pt;\">A mat\u00e9ria original <span style=\"color: #0000ff;\"><a style=\"color: #0000ff;\" href=\"http:\/\/www.jb.com.br\/internacional\/noticias\/2018\/05\/02\/primeiro-dia-de-peregrinacao-de-judeus-a-ghriba-reune-multidao\/\"><em><strong>est\u00e1 aqui<\/strong><\/em><\/a><\/span><\/span>.<\/p>\n<\/div>\n<hgroup>\n<h1><\/h1>\n<\/hgroup>\n<\/article>\n<\/section>\n<\/div>\n","protected":false},"excerpt":{"rendered":"<p>Sinagoga de Ghriba, Ilha de Djerba, Tun\u00edsia Mat\u00e9ria publicada hoje no Jornal do Brasil: Internacional 02\/05 \u00e0s 10h40\u00a0&#8211; Atualizada em 02\/05 \u00e0s 10h43 Primeiro dia de peregrina\u00e7\u00e3o de judeus a Ghriba re\u00fane multid\u00e3o Jornal do Brasil Aos milhares, os fi\u00e9is se dirigiam nesta quarta-feira para a mais antiga sinagoga da \u00c1frica, para o festival judeu [&hellip;]<\/p>\n","protected":false},"author":5,"featured_media":12384,"comment_status":"open","ping_status":"open","sticky":false,"template":"","format":"standard","meta":{"_acf_changed":false,"jetpack_post_was_ever_published":false,"_jetpack_newsletter_access":"","_jetpack_dont_email_post_to_subs":false,"_jetpack_newsletter_tier_id":0,"_jetpack_memberships_contains_paywalled_content":false,"_jetpack_memberships_contains_paid_content":false,"footnotes":"","jetpack_publicize_message":"","jetpack_publicize_feature_enabled":true,"jetpack_social_post_already_shared":true,"jetpack_social_options":{"image_generator_settings":{"template":"highway","default_image_id":0,"font":"","enabled":false},"version":2}},"categories":[1],"tags":[],"class_list":["post-12383","post","type-post","status-publish","format-standard","has-post-thumbnail","hentry","category-sem-categoria"],"acf":[],"yoast_head":"<!-- This site is optimized with the Yoast SEO plugin v27.3 - https:\/\/yoast.com\/product\/yoast-seo-wordpress\/ -->\n<title>Na Tun\u00edsia, Milhares de Judeus Peregrinos Lotam Sinagoga | Blog do Guelmann<\/title>\n<meta name=\"robots\" content=\"index, follow, max-snippet:-1, max-image-preview:large, max-video-preview:-1\" \/>\n<link rel=\"canonical\" href=\"https:\/\/gersonguelmann.com.br\/blog\/na-tunisia-milhares-de-judeus-peregrinos-lotam-sinagoga\/\" \/>\n<meta property=\"og:locale\" content=\"pt_BR\" \/>\n<meta property=\"og:type\" content=\"article\" \/>\n<meta property=\"og:title\" content=\"Na Tun\u00edsia, Milhares de Judeus Peregrinos Lotam Sinagoga | Blog do Guelmann\" \/>\n<meta property=\"og:description\" content=\"Sinagoga de Ghriba, Ilha de Djerba, Tun\u00edsia Mat\u00e9ria publicada hoje no Jornal do Brasil: Internacional 02\/05 \u00e0s 10h40\u00a0&#8211; Atualizada em 02\/05 \u00e0s 10h43 Primeiro dia de peregrina\u00e7\u00e3o de judeus a Ghriba re\u00fane multid\u00e3o Jornal do Brasil Aos milhares, os fi\u00e9is se dirigiam nesta quarta-feira para a mais antiga sinagoga da \u00c1frica, para o festival judeu [&hellip;]\" \/>\n<meta property=\"og:url\" content=\"https:\/\/gersonguelmann.com.br\/blog\/na-tunisia-milhares-de-judeus-peregrinos-lotam-sinagoga\/\" \/>\n<meta property=\"og:site_name\" content=\"Blog do Guelmann\" \/>\n<meta property=\"article:published_time\" content=\"2018-05-02T16:53:56+00:00\" \/>\n<meta property=\"article:modified_time\" content=\"2018-05-02T17:00:11+00:00\" \/>\n<meta property=\"og:image\" content=\"https:\/\/i0.wp.com\/gersonguelmann.com.br\/blog\/wp-content\/uploads\/2018\/05\/Ghriba.jpg?fit=1024%2C683&ssl=1\" \/>\n\t<meta property=\"og:image:width\" content=\"1024\" \/>\n\t<meta property=\"og:image:height\" content=\"683\" \/>\n\t<meta property=\"og:image:type\" content=\"image\/jpeg\" \/>\n<meta name=\"author\" content=\"Gerson Guelmann\" \/>\n<meta name=\"twitter:card\" content=\"summary_large_image\" \/>\n<meta name=\"twitter:label1\" content=\"Escrito por\" \/>\n\t<meta name=\"twitter:data1\" content=\"Gerson Guelmann\" \/>\n\t<meta name=\"twitter:label2\" content=\"Est. tempo de leitura\" \/>\n\t<meta name=\"twitter:data2\" content=\"1 minuto\" \/>\n<script type=\"application\/ld+json\" class=\"yoast-schema-graph\">{\"@context\":\"https:\\\/\\\/schema.org\",\"@graph\":[{\"@type\":\"Article\",\"@id\":\"https:\\\/\\\/gersonguelmann.com.br\\\/blog\\\/na-tunisia-milhares-de-judeus-peregrinos-lotam-sinagoga\\\/#article\",\"isPartOf\":{\"@id\":\"https:\\\/\\\/gersonguelmann.com.br\\\/blog\\\/na-tunisia-milhares-de-judeus-peregrinos-lotam-sinagoga\\\/\"},\"author\":{\"name\":\"Gerson Guelmann\",\"@id\":\"https:\\\/\\\/gersonguelmann.com.br\\\/blog\\\/#\\\/schema\\\/person\\\/87e70e2a786888082f941a482c90569e\"},\"headline\":\"Na Tun\u00edsia, Milhares de Judeus Peregrinos Lotam Sinagoga\",\"datePublished\":\"2018-05-02T16:53:56+00:00\",\"dateModified\":\"2018-05-02T17:00:11+00:00\",\"mainEntityOfPage\":{\"@id\":\"https:\\\/\\\/gersonguelmann.com.br\\\/blog\\\/na-tunisia-milhares-de-judeus-peregrinos-lotam-sinagoga\\\/\"},\"wordCount\":275,\"commentCount\":1,\"image\":{\"@id\":\"https:\\\/\\\/gersonguelmann.com.br\\\/blog\\\/na-tunisia-milhares-de-judeus-peregrinos-lotam-sinagoga\\\/#primaryimage\"},\"thumbnailUrl\":\"https:\\\/\\\/i0.wp.com\\\/gersonguelmann.com.br\\\/blog\\\/wp-content\\\/uploads\\\/2018\\\/05\\\/Ghriba.jpg?fit=1024%2C683&ssl=1\",\"inLanguage\":\"pt-BR\",\"potentialAction\":[{\"@type\":\"CommentAction\",\"name\":\"Comment\",\"target\":[\"https:\\\/\\\/gersonguelmann.com.br\\\/blog\\\/na-tunisia-milhares-de-judeus-peregrinos-lotam-sinagoga\\\/#respond\"]}]},{\"@type\":\"WebPage\",\"@id\":\"https:\\\/\\\/gersonguelmann.com.br\\\/blog\\\/na-tunisia-milhares-de-judeus-peregrinos-lotam-sinagoga\\\/\",\"url\":\"https:\\\/\\\/gersonguelmann.com.br\\\/blog\\\/na-tunisia-milhares-de-judeus-peregrinos-lotam-sinagoga\\\/\",\"name\":\"Na Tun\u00edsia, Milhares de Judeus Peregrinos Lotam Sinagoga | Blog do Guelmann\",\"isPartOf\":{\"@id\":\"https:\\\/\\\/gersonguelmann.com.br\\\/blog\\\/#website\"},\"primaryImageOfPage\":{\"@id\":\"https:\\\/\\\/gersonguelmann.com.br\\\/blog\\\/na-tunisia-milhares-de-judeus-peregrinos-lotam-sinagoga\\\/#primaryimage\"},\"image\":{\"@id\":\"https:\\\/\\\/gersonguelmann.com.br\\\/blog\\\/na-tunisia-milhares-de-judeus-peregrinos-lotam-sinagoga\\\/#primaryimage\"},\"thumbnailUrl\":\"https:\\\/\\\/i0.wp.com\\\/gersonguelmann.com.br\\\/blog\\\/wp-content\\\/uploads\\\/2018\\\/05\\\/Ghriba.jpg?fit=1024%2C683&ssl=1\",\"datePublished\":\"2018-05-02T16:53:56+00:00\",\"dateModified\":\"2018-05-02T17:00:11+00:00\",\"author\":{\"@id\":\"https:\\\/\\\/gersonguelmann.com.br\\\/blog\\\/#\\\/schema\\\/person\\\/87e70e2a786888082f941a482c90569e\"},\"inLanguage\":\"pt-BR\",\"potentialAction\":[{\"@type\":\"ReadAction\",\"target\":[\"https:\\\/\\\/gersonguelmann.com.br\\\/blog\\\/na-tunisia-milhares-de-judeus-peregrinos-lotam-sinagoga\\\/\"]}]},{\"@type\":\"ImageObject\",\"inLanguage\":\"pt-BR\",\"@id\":\"https:\\\/\\\/gersonguelmann.com.br\\\/blog\\\/na-tunisia-milhares-de-judeus-peregrinos-lotam-sinagoga\\\/#primaryimage\",\"url\":\"https:\\\/\\\/i0.wp.com\\\/gersonguelmann.com.br\\\/blog\\\/wp-content\\\/uploads\\\/2018\\\/05\\\/Ghriba.jpg?fit=1024%2C683&ssl=1\",\"contentUrl\":\"https:\\\/\\\/i0.wp.com\\\/gersonguelmann.com.br\\\/blog\\\/wp-content\\\/uploads\\\/2018\\\/05\\\/Ghriba.jpg?fit=1024%2C683&ssl=1\",\"width\":1024,\"height\":683},{\"@type\":\"WebSite\",\"@id\":\"https:\\\/\\\/gersonguelmann.com.br\\\/blog\\\/#website\",\"url\":\"https:\\\/\\\/gersonguelmann.com.br\\\/blog\\\/\",\"name\":\"Blog do Guelmann\",\"description\":\"Pitadas da sabedoria e do humor judaicos, assuntos do momento e um pouco das hist\u00f3rias que vivi e testemunhei.\",\"potentialAction\":[{\"@type\":\"SearchAction\",\"target\":{\"@type\":\"EntryPoint\",\"urlTemplate\":\"https:\\\/\\\/gersonguelmann.com.br\\\/blog\\\/?s={search_term_string}\"},\"query-input\":{\"@type\":\"PropertyValueSpecification\",\"valueRequired\":true,\"valueName\":\"search_term_string\"}}],\"inLanguage\":\"pt-BR\"},{\"@type\":\"Person\",\"@id\":\"https:\\\/\\\/gersonguelmann.com.br\\\/blog\\\/#\\\/schema\\\/person\\\/87e70e2a786888082f941a482c90569e\",\"name\":\"Gerson Guelmann\",\"image\":{\"@type\":\"ImageObject\",\"inLanguage\":\"pt-BR\",\"@id\":\"https:\\\/\\\/i0.wp.com\\\/gersonguelmann.com.br\\\/blog\\\/wp-content\\\/uploads\\\/2021\\\/08\\\/BLOG.jpeg?fit=96%2C96&ssl=1\",\"url\":\"https:\\\/\\\/i0.wp.com\\\/gersonguelmann.com.br\\\/blog\\\/wp-content\\\/uploads\\\/2021\\\/08\\\/BLOG.jpeg?fit=96%2C96&ssl=1\",\"contentUrl\":\"https:\\\/\\\/i0.wp.com\\\/gersonguelmann.com.br\\\/blog\\\/wp-content\\\/uploads\\\/2021\\\/08\\\/BLOG.jpeg?fit=96%2C96&ssl=1\",\"caption\":\"Gerson Guelmann\"},\"description\":\"Pitadas da sabedoria e do humor judaicos, assuntos do momento e um pouco das hist\u00f3rias que vivi e testemunhei.\"}]}<\/script>\n<!-- \/ Yoast SEO plugin. -->","yoast_head_json":{"title":"Na Tun\u00edsia, Milhares de Judeus Peregrinos Lotam Sinagoga | Blog do Guelmann","robots":{"index":"index","follow":"follow","max-snippet":"max-snippet:-1","max-image-preview":"max-image-preview:large","max-video-preview":"max-video-preview:-1"},"canonical":"https:\/\/gersonguelmann.com.br\/blog\/na-tunisia-milhares-de-judeus-peregrinos-lotam-sinagoga\/","og_locale":"pt_BR","og_type":"article","og_title":"Na Tun\u00edsia, Milhares de Judeus Peregrinos Lotam Sinagoga | Blog do Guelmann","og_description":"Sinagoga de Ghriba, Ilha de Djerba, Tun\u00edsia Mat\u00e9ria publicada hoje no Jornal do Brasil: Internacional 02\/05 \u00e0s 10h40\u00a0&#8211; Atualizada em 02\/05 \u00e0s 10h43 Primeiro dia de peregrina\u00e7\u00e3o de judeus a Ghriba re\u00fane multid\u00e3o Jornal do Brasil Aos milhares, os fi\u00e9is se dirigiam nesta quarta-feira para a mais antiga sinagoga da \u00c1frica, para o festival judeu [&hellip;]","og_url":"https:\/\/gersonguelmann.com.br\/blog\/na-tunisia-milhares-de-judeus-peregrinos-lotam-sinagoga\/","og_site_name":"Blog do Guelmann","article_published_time":"2018-05-02T16:53:56+00:00","article_modified_time":"2018-05-02T17:00:11+00:00","og_image":[{"width":1024,"height":683,"url":"https:\/\/i0.wp.com\/gersonguelmann.com.br\/blog\/wp-content\/uploads\/2018\/05\/Ghriba.jpg?fit=1024%2C683&ssl=1","type":"image\/jpeg"}],"author":"Gerson Guelmann","twitter_card":"summary_large_image","twitter_misc":{"Escrito por":"Gerson Guelmann","Est. tempo de leitura":"1 minuto"},"schema":{"@context":"https:\/\/schema.org","@graph":[{"@type":"Article","@id":"https:\/\/gersonguelmann.com.br\/blog\/na-tunisia-milhares-de-judeus-peregrinos-lotam-sinagoga\/#article","isPartOf":{"@id":"https:\/\/gersonguelmann.com.br\/blog\/na-tunisia-milhares-de-judeus-peregrinos-lotam-sinagoga\/"},"author":{"name":"Gerson Guelmann","@id":"https:\/\/gersonguelmann.com.br\/blog\/#\/schema\/person\/87e70e2a786888082f941a482c90569e"},"headline":"Na Tun\u00edsia, Milhares de Judeus Peregrinos Lotam Sinagoga","datePublished":"2018-05-02T16:53:56+00:00","dateModified":"2018-05-02T17:00:11+00:00","mainEntityOfPage":{"@id":"https:\/\/gersonguelmann.com.br\/blog\/na-tunisia-milhares-de-judeus-peregrinos-lotam-sinagoga\/"},"wordCount":275,"commentCount":1,"image":{"@id":"https:\/\/gersonguelmann.com.br\/blog\/na-tunisia-milhares-de-judeus-peregrinos-lotam-sinagoga\/#primaryimage"},"thumbnailUrl":"https:\/\/i0.wp.com\/gersonguelmann.com.br\/blog\/wp-content\/uploads\/2018\/05\/Ghriba.jpg?fit=1024%2C683&ssl=1","inLanguage":"pt-BR","potentialAction":[{"@type":"CommentAction","name":"Comment","target":["https:\/\/gersonguelmann.com.br\/blog\/na-tunisia-milhares-de-judeus-peregrinos-lotam-sinagoga\/#respond"]}]},{"@type":"WebPage","@id":"https:\/\/gersonguelmann.com.br\/blog\/na-tunisia-milhares-de-judeus-peregrinos-lotam-sinagoga\/","url":"https:\/\/gersonguelmann.com.br\/blog\/na-tunisia-milhares-de-judeus-peregrinos-lotam-sinagoga\/","name":"Na Tun\u00edsia, Milhares de Judeus Peregrinos Lotam Sinagoga | Blog do Guelmann","isPartOf":{"@id":"https:\/\/gersonguelmann.com.br\/blog\/#website"},"primaryImageOfPage":{"@id":"https:\/\/gersonguelmann.com.br\/blog\/na-tunisia-milhares-de-judeus-peregrinos-lotam-sinagoga\/#primaryimage"},"image":{"@id":"https:\/\/gersonguelmann.com.br\/blog\/na-tunisia-milhares-de-judeus-peregrinos-lotam-sinagoga\/#primaryimage"},"thumbnailUrl":"https:\/\/i0.wp.com\/gersonguelmann.com.br\/blog\/wp-content\/uploads\/2018\/05\/Ghriba.jpg?fit=1024%2C683&ssl=1","datePublished":"2018-05-02T16:53:56+00:00","dateModified":"2018-05-02T17:00:11+00:00","author":{"@id":"https:\/\/gersonguelmann.com.br\/blog\/#\/schema\/person\/87e70e2a786888082f941a482c90569e"},"inLanguage":"pt-BR","potentialAction":[{"@type":"ReadAction","target":["https:\/\/gersonguelmann.com.br\/blog\/na-tunisia-milhares-de-judeus-peregrinos-lotam-sinagoga\/"]}]},{"@type":"ImageObject","inLanguage":"pt-BR","@id":"https:\/\/gersonguelmann.com.br\/blog\/na-tunisia-milhares-de-judeus-peregrinos-lotam-sinagoga\/#primaryimage","url":"https:\/\/i0.wp.com\/gersonguelmann.com.br\/blog\/wp-content\/uploads\/2018\/05\/Ghriba.jpg?fit=1024%2C683&ssl=1","contentUrl":"https:\/\/i0.wp.com\/gersonguelmann.com.br\/blog\/wp-content\/uploads\/2018\/05\/Ghriba.jpg?fit=1024%2C683&ssl=1","width":1024,"height":683},{"@type":"WebSite","@id":"https:\/\/gersonguelmann.com.br\/blog\/#website","url":"https:\/\/gersonguelmann.com.br\/blog\/","name":"Blog do Guelmann","description":"Pitadas da sabedoria e do humor judaicos, assuntos do momento e um pouco das hist\u00f3rias que vivi e testemunhei.","potentialAction":[{"@type":"SearchAction","target":{"@type":"EntryPoint","urlTemplate":"https:\/\/gersonguelmann.com.br\/blog\/?s={search_term_string}"},"query-input":{"@type":"PropertyValueSpecification","valueRequired":true,"valueName":"search_term_string"}}],"inLanguage":"pt-BR"},{"@type":"Person","@id":"https:\/\/gersonguelmann.com.br\/blog\/#\/schema\/person\/87e70e2a786888082f941a482c90569e","name":"Gerson Guelmann","image":{"@type":"ImageObject","inLanguage":"pt-BR","@id":"https:\/\/i0.wp.com\/gersonguelmann.com.br\/blog\/wp-content\/uploads\/2021\/08\/BLOG.jpeg?fit=96%2C96&ssl=1","url":"https:\/\/i0.wp.com\/gersonguelmann.com.br\/blog\/wp-content\/uploads\/2021\/08\/BLOG.jpeg?fit=96%2C96&ssl=1","contentUrl":"https:\/\/i0.wp.com\/gersonguelmann.com.br\/blog\/wp-content\/uploads\/2021\/08\/BLOG.jpeg?fit=96%2C96&ssl=1","caption":"Gerson Guelmann"},"description":"Pitadas da sabedoria e do humor judaicos, assuntos do momento e um pouco das hist\u00f3rias que vivi e testemunhei."}]}},"views":57,"jetpack_publicize_connections":[],"jetpack_featured_media_url":"https:\/\/i0.wp.com\/gersonguelmann.com.br\/blog\/wp-content\/uploads\/2018\/05\/Ghriba.jpg?fit=1024%2C683&ssl=1","jetpack_shortlink":"https:\/\/wp.me\/p96e7O-3dJ","jetpack-related-posts":[{"id":5458,"url":"https:\/\/gersonguelmann.com.br\/blog\/atentado-contra-sinagoga-na-suecia\/","url_meta":{"origin":12383,"position":0},"title":"Atentado Contra Sinagoga na Su\u00e9cia","author":"Gerson Guelmann","date":"9 de dezembro de 2017","format":false,"excerpt":"H\u00e1 menos de 1h a Sinagoga de Gotemburgo, na Su\u00e9cia, sofreu atentado atribu\u00eddo a um grupo de 20 Mu\u00e7ulmanos, que jogaram uma bomba incendi\u00e1ria contra o pr\u00e9dio. Mais informa\u00e7\u00f5es em\u00a0 https:\/\/www.israelnationalnews.com\/News\/News.aspx\/239092 \u00a0","rel":"","context":"Em &quot;Sem categoria&quot;","block_context":{"text":"Sem categoria","link":"https:\/\/gersonguelmann.com.br\/blog\/category\/sem-categoria\/"},"img":{"alt_text":"","src":"https:\/\/i0.wp.com\/gersonguelmann.com.br\/blog\/wp-content\/uploads\/2017\/12\/DQo48ubX0AAeLhb.jpg?fit=1200%2C900&ssl=1&resize=350%2C200","width":350,"height":200,"srcset":"https:\/\/i0.wp.com\/gersonguelmann.com.br\/blog\/wp-content\/uploads\/2017\/12\/DQo48ubX0AAeLhb.jpg?fit=1200%2C900&ssl=1&resize=350%2C200 1x, https:\/\/i0.wp.com\/gersonguelmann.com.br\/blog\/wp-content\/uploads\/2017\/12\/DQo48ubX0AAeLhb.jpg?fit=1200%2C900&ssl=1&resize=525%2C300 1.5x, https:\/\/i0.wp.com\/gersonguelmann.com.br\/blog\/wp-content\/uploads\/2017\/12\/DQo48ubX0AAeLhb.jpg?fit=1200%2C900&ssl=1&resize=700%2C400 2x, https:\/\/i0.wp.com\/gersonguelmann.com.br\/blog\/wp-content\/uploads\/2017\/12\/DQo48ubX0AAeLhb.jpg?fit=1200%2C900&ssl=1&resize=1050%2C600 3x"},"classes":[]},{"id":2240,"url":"https:\/\/gersonguelmann.com.br\/blog\/dom-jose-antonio-peruzzo-na-sinagoga\/","url_meta":{"origin":12383,"position":1},"title":"Dom Jos\u00e9 Ant\u00f4nio Peruzzo na Sinagoga","author":"Gerson Guelmann","date":"30 de setembro de 2017","format":false,"excerpt":"Hoje pela manh\u00e3 tive a honra de acompanhar meu amigo e ex-Prefeito Gustavo Fruet na visita a\u00a0Sinagoga Beit Yaacov em\u00a0Curitiba, por ocasi\u00e3o do Yom Kippur. Um pouco antes de nossa sa\u00edda chegou Dom Jos\u00e9 Ant\u00f4nio Peruzzo, o Arcebispo de Curitiba, a quem conheci ano passado, acompanhado do Antonio Carlos Coelho,\u2026","rel":"","context":"Em &quot;Sem categoria&quot;","block_context":{"text":"Sem categoria","link":"https:\/\/gersonguelmann.com.br\/blog\/category\/sem-categoria\/"},"img":{"alt_text":"","src":"https:\/\/i0.wp.com\/gersonguelmann.com.br\/blog\/wp-content\/uploads\/2017\/09\/DJP.jpg?resize=350%2C200&ssl=1","width":350,"height":200},"classes":[]},{"id":16044,"url":"https:\/\/gersonguelmann.com.br\/blog\/a-lista-de-schindler-na-sinagoga-de-budapest\/","url_meta":{"origin":12383,"position":2},"title":"A Lista de Schindler na Sinagoga de Budapest","author":"Gerson Guelmann","date":"28 de fevereiro de 2019","format":false,"excerpt":"A trilha sonora do filme \"A Lista de Schindler\" foi apresentada na maior Sinagoga da Europa, em Budapeste, em 2017. Os m\u00fasicos Csongor Korossy-Khayll ao violino e Xaver Varnus, Balazs Barnkopf e Balazs Elischer, estes tr\u00eas ao \u00f3rg\u00e3o, gravaram ao vivo a m\u00fasica-tema do filme, que pode ser ouvida no\u2026","rel":"","context":"Em &quot;Sem categoria&quot;","block_context":{"text":"Sem categoria","link":"https:\/\/gersonguelmann.com.br\/blog\/category\/sem-categoria\/"},"img":{"alt_text":"","src":"https:\/\/i0.wp.com\/gersonguelmann.com.br\/blog\/wp-content\/uploads\/2019\/02\/filme.png?fit=1200%2C657&ssl=1&resize=350%2C200","width":350,"height":200,"srcset":"https:\/\/i0.wp.com\/gersonguelmann.com.br\/blog\/wp-content\/uploads\/2019\/02\/filme.png?fit=1200%2C657&ssl=1&resize=350%2C200 1x, https:\/\/i0.wp.com\/gersonguelmann.com.br\/blog\/wp-content\/uploads\/2019\/02\/filme.png?fit=1200%2C657&ssl=1&resize=525%2C300 1.5x, https:\/\/i0.wp.com\/gersonguelmann.com.br\/blog\/wp-content\/uploads\/2019\/02\/filme.png?fit=1200%2C657&ssl=1&resize=700%2C400 2x, https:\/\/i0.wp.com\/gersonguelmann.com.br\/blog\/wp-content\/uploads\/2019\/02\/filme.png?fit=1200%2C657&ssl=1&resize=1050%2C600 3x"},"classes":[]},{"id":491,"url":"https:\/\/gersonguelmann.com.br\/blog\/a-honra-de-ser-o-administrador-da-sinagoga\/","url_meta":{"origin":12383,"position":3},"title":"A Honra de Ser o Administrador da Sinagoga","author":"Gerson Guelmann","date":"29 de maio de 2024","format":false,"excerpt":"Um andarilho judeu chegou a uma pequena vila no interior da Pol\u00f4nia em busca de um lugar onde pudesse comer e dormir.\u00a0Como era comum naqueles tempos, a melhor alternativa era recorrer \u00e0 Sinagoga local, na expectativa da indica\u00e7\u00e3o de um patr\u00edcio generoso disposto a acolher o viajante. Ao encontrar o\u2026","rel":"","context":"Em &quot;Sem categoria&quot;","block_context":{"text":"Sem categoria","link":"https:\/\/gersonguelmann.com.br\/blog\/category\/sem-categoria\/"},"img":{"alt_text":"","src":"https:\/\/i0.wp.com\/gersonguelmann.com.br\/blog\/wp-content\/uploads\/2018\/07\/SINAGOGA.jpg?fit=1200%2C900&ssl=1&resize=350%2C200","width":350,"height":200,"srcset":"https:\/\/i0.wp.com\/gersonguelmann.com.br\/blog\/wp-content\/uploads\/2018\/07\/SINAGOGA.jpg?fit=1200%2C900&ssl=1&resize=350%2C200 1x, https:\/\/i0.wp.com\/gersonguelmann.com.br\/blog\/wp-content\/uploads\/2018\/07\/SINAGOGA.jpg?fit=1200%2C900&ssl=1&resize=525%2C300 1.5x, https:\/\/i0.wp.com\/gersonguelmann.com.br\/blog\/wp-content\/uploads\/2018\/07\/SINAGOGA.jpg?fit=1200%2C900&ssl=1&resize=700%2C400 2x, https:\/\/i0.wp.com\/gersonguelmann.com.br\/blog\/wp-content\/uploads\/2018\/07\/SINAGOGA.jpg?fit=1200%2C900&ssl=1&resize=1050%2C600 3x"},"classes":[]},{"id":5629,"url":"https:\/\/gersonguelmann.com.br\/blog\/os-tres-judeus-e-o-assalto-na-saida-da-sinagoga\/","url_meta":{"origin":12383,"position":4},"title":"Os Tr\u00eas Judeus e o Assalto na Sa\u00edda da Sinagoga","author":"Gerson Guelmann","date":"17 de setembro de 2019","format":false,"excerpt":"O rabino, o cantor lit\u00fargico e o presidente da entidade mantenedora de uma Sinagoga estavam saindo do pr\u00e9dio quando foram assaltados, colocados num carro e levados para fora da cidade. Os bandidos pediram que entregassem dinheiro, j\u00f3ias e todos os objetos de valor que tinham no carro. Quando responderam que\u2026","rel":"","context":"Em &quot;Sem categoria&quot;","block_context":{"text":"Sem categoria","link":"https:\/\/gersonguelmann.com.br\/blog\/category\/sem-categoria\/"},"img":{"alt_text":"","src":"https:\/\/i0.wp.com\/gersonguelmann.com.br\/blog\/wp-content\/uploads\/2017\/12\/Assalto-300x166.jpg?resize=350%2C200&ssl=1","width":350,"height":200},"classes":[]},{"id":176,"url":"https:\/\/gersonguelmann.com.br\/blog\/na-sinagoga-caes-nao-sao-admitidos\/","url_meta":{"origin":12383,"position":5},"title":"Na Sinagoga, C\u00e3es N\u00e3o S\u00e3o Admitidos","author":"Gerson Guelmann","date":"19 de fevereiro de 2022","format":false,"excerpt":"Antes de contar a anedota de hoje tenho que fazer uma explica\u00e7\u00e3o: - \u201cOneg Shabbat\u201d \u00e9 uma express\u00e3o hebraica que significa \u201ca alegria do s\u00e1bado\u201d, para ressaltar a import\u00e2ncia que o dia tem para os judeus. Ela designa uma celebra\u00e7\u00e3o que ocorre nas Sinagogas e eventualmente podem ser servidas algumas\u2026","rel":"","context":"Em &quot;Sem categoria&quot;","block_context":{"text":"Sem categoria","link":"https:\/\/gersonguelmann.com.br\/blog\/category\/sem-categoria\/"},"img":{"alt_text":"","src":"https:\/\/i0.wp.com\/gersonguelmann.com.br\/blog\/wp-content\/uploads\/2018\/06\/CACHORRO.jpg?fit=705%2C1012&ssl=1&resize=350%2C200","width":350,"height":200,"srcset":"https:\/\/i0.wp.com\/gersonguelmann.com.br\/blog\/wp-content\/uploads\/2018\/06\/CACHORRO.jpg?fit=705%2C1012&ssl=1&resize=350%2C200 1x, https:\/\/i0.wp.com\/gersonguelmann.com.br\/blog\/wp-content\/uploads\/2018\/06\/CACHORRO.jpg?fit=705%2C1012&ssl=1&resize=525%2C300 1.5x, https:\/\/i0.wp.com\/gersonguelmann.com.br\/blog\/wp-content\/uploads\/2018\/06\/CACHORRO.jpg?fit=705%2C1012&ssl=1&resize=700%2C400 2x"},"classes":[]}],"jetpack_sharing_enabled":true,"post_mailing_queue_ids":[],"_links":{"self":[{"href":"https:\/\/gersonguelmann.com.br\/blog\/wp-json\/wp\/v2\/posts\/12383","targetHints":{"allow":["GET"]}}],"collection":[{"href":"https:\/\/gersonguelmann.com.br\/blog\/wp-json\/wp\/v2\/posts"}],"about":[{"href":"https:\/\/gersonguelmann.com.br\/blog\/wp-json\/wp\/v2\/types\/post"}],"author":[{"embeddable":true,"href":"https:\/\/gersonguelmann.com.br\/blog\/wp-json\/wp\/v2\/users\/5"}],"replies":[{"embeddable":true,"href":"https:\/\/gersonguelmann.com.br\/blog\/wp-json\/wp\/v2\/comments?post=12383"}],"version-history":[{"count":0,"href":"https:\/\/gersonguelmann.com.br\/blog\/wp-json\/wp\/v2\/posts\/12383\/revisions"}],"wp:featuredmedia":[{"embeddable":true,"href":"https:\/\/gersonguelmann.com.br\/blog\/wp-json\/wp\/v2\/media\/12384"}],"wp:attachment":[{"href":"https:\/\/gersonguelmann.com.br\/blog\/wp-json\/wp\/v2\/media?parent=12383"}],"wp:term":[{"taxonomy":"category","embeddable":true,"href":"https:\/\/gersonguelmann.com.br\/blog\/wp-json\/wp\/v2\/categories?post=12383"},{"taxonomy":"post_tag","embeddable":true,"href":"https:\/\/gersonguelmann.com.br\/blog\/wp-json\/wp\/v2\/tags?post=12383"}],"curies":[{"name":"wp","href":"https:\/\/api.w.org\/{rel}","templated":true}]}}