    {"id":12390,"date":"2018-05-02T15:03:56","date_gmt":"2018-05-02T18:03:56","guid":{"rendered":"https:\/\/gersonguelmann.com.br\/blog\/?p=12390"},"modified":"2018-05-02T15:04:38","modified_gmt":"2018-05-02T18:04:38","slug":"a-hora-e-a-vez-do-marketing-politico-digital","status":"publish","type":"post","link":"https:\/\/gersonguelmann.com.br\/blog\/a-hora-e-a-vez-do-marketing-politico-digital\/","title":{"rendered":"A Hora e a Vez do Marketing Pol\u00edtico Digital"},"content":{"rendered":"<p><span style=\"color: #000000; font-family: georgia, palatino, serif; font-size: 18pt;\">O Jos\u00e9 Am\u00e9rico Moreira da Silva \u00e9 um velho amigo e companheiro de campanhas pol\u00edticas que reencontrei gra\u00e7as \u00e0s maravilhas das redes sociais.<\/span><\/p>\n<p><span style=\"color: #000000; font-family: georgia, palatino, serif; font-size: 18pt;\">H\u00e1 pouco tempo ele publicou no Blog &#8220;<em>Cidade Sorocaba<\/em>&#8221; um interessante artigo sobre a for\u00e7a do marketing pol\u00edtico na internet, cuja leitura recomendo aos que t\u00eam interesse no assunto:<\/span><\/p>\n<p>&nbsp;<\/p>\n<p><strong><span style=\"color: #000000; font-size: 24pt;\">A Hora e a Vez do Marketing Pol\u00edtico Digital<\/span><\/strong><\/p>\n<p><span style=\"color: #000000; font-size: 14pt;\">Um relat\u00f3rio sobre economia digital divulgado no final do ano passado pela Confer\u00eancia das Na\u00e7\u00f5es Unidas sobre Com\u00e9rcio e Desenvolvimento (UNCTAD, na sigla em ingl\u00eas) colocou o Brasil em quarto lugar no ranking mundial de usu\u00e1rios de internet, com 120 milh\u00f5es de pessoas conectadas.<\/span><\/p>\n<p><span style=\"color: #000000; font-size: 14pt;\">As \u00faltimas elei\u00e7\u00f5es nos Estados Unidos e Fran\u00e7a mostraram que se comunicar atrav\u00e9s do marketing digital fez a diferen\u00e7a para os candidatos vencedores nestes dois pa\u00edses.<\/span><\/p>\n<p><span style=\"color: #000000; font-size: 14pt;\">As t\u00e9cnicas para a utiliza\u00e7\u00e3o dessa nova maneira de fazer campanha pol\u00edtica ainda s\u00e3o pouco utilizadas no Brasil.<\/span><\/p>\n<p><span style=\"color: #000000; font-size: 14pt;\">Aqui, muitos candidatos acreditam que fazer marketing digital \u00e9 criar uma p\u00e1gina no Facebook, Twitter e ter um n\u00famero de Whatsapp cheio de grupos, os mais variados e publicar, publicar, publicar, para depois ficar contando curtidas.<\/span><\/p>\n<p><span style=\"color: #000000; font-size: 14pt;\">O marketing digital veio para estabelecer canec\u00f5es ativas, interativas, diretas, pessoais. Veio para gerar engajamentos nas mais diversas \u201ccausas\u201d de interesses de grupos ou segmentos da sociedade.<\/span><\/p>\n<p><span style=\"color: #000000; font-size: 14pt;\"><strong>O Uso do Big Data<\/strong><\/span><\/p>\n<p><span style=\"color: #000000; font-size: 14pt;\">A comunica\u00e7\u00e3o na internet nunca esteve t\u00e3o pessoal.<\/span><\/p>\n<p><span style=\"color: #000000; font-size: 14pt;\">O marketing digital praticado atualmente consegue identificar os interesses do consumidor, seus hobbies, trabalho, estilo de vida. No marketing pol\u00edtico digital \u00e9 a mesma coisa, s\u00f3 que voltado ao p\u00fablico eleitor. A ferramenta mais importante para tornar esse marketing t\u00e3o pessoal quanto poss\u00edvel \u00e9 o Big Data.<\/span><\/p>\n<p><span style=\"color: #000000; font-size: 14pt;\">Para Philip Kotler, o papa do marketing moderno, \u00e9 no uso correto do Big Data que as empresas devem investir.<\/span><\/p>\n<p><span style=\"color: #000000; font-size: 14pt;\">Analisando as recomenda\u00e7\u00f5es do professor e fazendo as devidas adapta\u00e7\u00f5es ao marketing eleitoral, observamos que, em se tratando de buscar alcan\u00e7ar mais eleitores e entregar a mensagem pretendida, \u00e9 exatamente isso que os partidos e candidatos devem fazer.<\/span><\/p>\n<p><span style=\"color: #000000; font-size: 14pt;\">O Big Data re\u00fane dados coletados de v\u00e1rias formas que podem ser utilizados em um determinado contexto.<\/span><\/p>\n<p><span style=\"color: #000000; font-size: 14pt;\">As aplica\u00e7\u00f5es do Big Data s\u00e3o ilimitadas e buscam na coleta dos dados de navega\u00e7\u00e3o de um usu\u00e1rio na Internet, montar o seu perfil , gostos, interesses, \u00e1rea de trabalho.<\/span><\/p>\n<p><span style=\"color: #000000; font-size: 14pt;\">Este perfil permite que o sistema Real-Time-Bidding (RTB) identifique a mensagem ideal a ser enviada a este usu\u00e1rio. A busca pelo p\u00fablico alvo na internet ganhou uma precis\u00e3o e efetividade que parecia imposs\u00edvel.<\/span><\/p>\n<p><span style=\"color: #000000; font-size: 14pt;\">As redes sociais tamb\u00e9m est\u00e3o utilizando o Big Data, e o Facebook se destaca entre elas.<\/span><\/p>\n<p><span style=\"color: #000000; font-size: 14pt;\">Utilizando a ferramenta chamada Atlas a rede social coleta os dados de seus usu\u00e1rios e quem atualiza estes dados s\u00e3o os pr\u00f3prios milh\u00f5es de usu\u00e1rios que frequentam o Facebook todos os dias espontaneamente.<\/span><\/p>\n<p><span style=\"color: #000000; font-size: 14pt;\">O feito mais impressionante do Atlas para a aplica\u00e7\u00e3o no marketing pol\u00edtico digital n\u00e3o \u00e9 mostrar o p\u00fablico alvo de uma campanha, mas sim levar a mensagem certa a cada um de seus potenciais eleitores.<\/span><\/p>\n<p><span style=\"color: #000000; font-size: 14pt;\">O Big Data s\u00f3 est\u00e1 come\u00e7ando a mostrar seu potencial. Os processos est\u00e3o sendo simplificados e a tecnologia utilizada est\u00e1 cada vez melhor e mais acess\u00edvel.<\/span><\/p>\n<p><span style=\"color: #000000; font-size: 14pt;\">O uso no marketing pol\u00edtico digital j\u00e1 se mostrou consolidado e em franca evolu\u00e7\u00e3o. Uma ferramenta como o Big Data, tamb\u00e9m, j\u00e1 mostrou que o futuro do marketing \u00e9 a precis\u00e3o.<\/span><\/p>\n<p><span style=\"color: #000000; font-size: 14pt;\">O Big Data demonstra que definitivamente conhecimento \u00e9 poder.<\/span><\/p>\n<p><span style=\"color: #000000; font-size: 14pt;\">Poucas ag\u00eancia re\u00fanem condi\u00e7\u00f5es de prestar este servi\u00e7o de marketing digital para as empresas e no campo pol\u00edtico o n\u00famero ainda \u00e9 bem menor, principalmente, pela especificidade dos conte\u00fados a serem produzidos.<\/span><\/p>\n<p><span style=\"color: #000000; font-size: 14pt;\">Por tudo isso, n\u00e3o tenho d\u00favidas de que chegou a hora e a vez do Marketing Pol\u00edtico Digital.<\/span><\/p>\n<p><span style=\"color: #000000; font-size: 14pt;\"><strong>A ag\u00eancia<em>\u00a0Wys<\/em>\u00a0entra no Marketing Pol\u00edtico Digital<\/strong><\/span><\/p>\n<p><span style=\"color: #000000; font-size: 14pt;\">A decis\u00e3o da\u00a0<strong><em>Wys<\/em><\/strong>\u00a0de entrar no Marketing Pol\u00edtico Digital deu-se em fun\u00e7\u00e3o do cen\u00e1rio atual e, principalmente, do TSE (Tribunal Superior Eleitoral) ter autorizado a\u00a0<a style=\"color: #000000;\" href=\"http:\/\/www1.folha.uol.com.br\/poder\/2017\/10\/1924126-relator-inclui-propaganda-eleitoral-paga-na-internet-na-reforma-politica.shtml\">propaganda eleitoral na internet<\/a>, o que inclui, pagar para exibir an\u00fancios eleitorais ou impulsionar publica\u00e7\u00f5es em plataformas como o Facebook, Instagram, YouTube e o Twitter. \u201cNosso neg\u00f3cio \u00e9 esse e porque n\u00e3o oferecer os servi\u00e7os que dispomos \u00e0s campanhas pol\u00edticas\u201d, afirma Pedro Bruder diretor executivo da empresa.<\/span><\/p>\n<p><span style=\"color: #000000; font-size: 14pt;\">Para coordenar o n\u00facleo, a\u00a0<strong><em>Wys<\/em><\/strong>\u00a0conta com o jornalista e consultor pol\u00edtico, Jos\u00e9 Am\u00e9rico Moreira da Silva, com experi\u00eancia em mais de 20 campanhas pol\u00edticas, no Brasil e no exterior, para candidaturas aos cargos de prefeito, senador, governador e presidente da rep\u00fablica.<\/span><\/p>\n<p><span style=\"color: #000000; font-size: 14pt;\">\u201cCom as mudan\u00e7as na legisla\u00e7\u00e3o e as novas possibilidades do Marketing Pol\u00edtico Digital, as campanhas, hoje, tem que se apropriar de novas t\u00e9cnicas e ferramentas, otimizando custos e melhorando sua capacidade de se comunicar com a sociedade\u201d, afirma Am\u00e9rico.<\/span><\/p>\n<p><span style=\"color: #000000; font-size: 14pt;\">A\u00a0<strong><em>Wys\u00a0<\/em><\/strong>j\u00e1 \u00e9 especializada em cria\u00e7\u00e3o de sites, blogs, m\u00eddia digital, sendo que o seu maior diferencial \u00e9 o SEO (Search Engine Optimization) ou Otimiza\u00e7\u00e3o para mecanismos de busca numa tradu\u00e7\u00e3o livre em portugu\u00eas.<\/span><\/p>\n<p><span style=\"color: #000000; font-size: 14pt;\">O SEO \u00e9 um conjunto de t\u00e9cnicas de otimiza\u00e7\u00e3o para\u00a0sites, blogs e p\u00e1ginas na web. Essas otimiza\u00e7\u00f5es visam alcan\u00e7ar bons rankings org\u00e2nicos gerando tr\u00e1fego e autoridade para um site ou blog, de pessoa f\u00edsica ou jur\u00eddica.<\/span><\/p>\n<p><span style=\"color: #000000; font-size: 14pt;\">Essa estrat\u00e9gia \u00e9 fundamental para sua campanha ganhar destaque e visibilidade no mundo digital e, por consequ\u00eancia, mais\u00a0engajamento.<\/span><\/p>\n<p><span style=\"color: #000000; font-size: 14pt;\">O engajamento \u00e9 fundamental no Marketing Pol\u00edtico Digital. Se um eleitor demonstrou interesse em ouvir propostas ou discutir temas do seu interesse, conhecer candidatos e a partir da\u00ed decidir seu voto, torn\u00e1-lo engajado \u00e9 o principal objetivo.<\/span><\/p>\n<p><span style=\"color: #000000; font-size: 14pt;\">Conquistar novos eleitores e engaj\u00e1-los \u00e9 um dos maiores desafios que os candidatos enfrentam numa elei\u00e7\u00e3o.<\/span><\/p>\n<p><span style=\"color: #000000; font-size: 14pt;\">Toda a estrat\u00e9gia do Marketing Pol\u00edtico Digital \u00e9 focada na gera\u00e7\u00e3o de contatos capazes de transformar um determinado p\u00fablico em eleitores.<\/span><\/p>\n<p><span style=\"color: #000000; font-size: 14pt;\">\u201cAssim, as ideias e propostas dos candidatos alcan\u00e7am maior quantidade de eleitores poss\u00edveis de maneira planejada, direcionando a cada segmento da sociedade um conte\u00fado espec\u00edfico\u201d, conclui Am\u00e9rico.<\/span><\/p>\n<p><span style=\"color: #000000; font-size: 14pt;\">Para Paul Gomes CEO da\u00a0<strong><em>Wys<\/em><\/strong>, o know how da empresa tem capacidade de ativar o potencial de relacionamento dos candidatos e monitorar o seu desempenho com a cria\u00e7\u00e3o desses conte\u00fados, gerenciando as campanhas e\u00a0interagindo com eleitores. E mais: \u201dCom um trabalho t\u00e9cnico de checagem de fatos ou \u2018fact checking\u2019 podemos combater as not\u00edcias falsas os \u2018fake news. Al\u00e9m de apurar a veracidade de informa\u00e7\u00f5es que circulam rapidamente, nosso trabalho busca atingir o mesmo alcance das pr\u00f3prias not\u00edcias falsas que essa atividade tenta desmentir\u201d, explica Paul.<\/span><\/p>\n<p><span style=\"color: #000000; font-size: 14pt;\"><strong><em>As fases da campanha no Marketing Pol\u00edtico Digital<\/em><\/strong><\/span><\/p>\n<p><span style=\"color: #000000; font-size: 14pt;\">Campanha Pol\u00edtica tem come\u00e7o, meio e fim, definidos previamente, destaca Jos\u00e9 Am\u00e9rico, coordenador do N\u00facleo de Marketing Politico da\u00a0<strong><em>Wys<\/em><\/strong>.<\/span><\/p>\n<p><span style=\"color: #000000; font-size: 14pt;\">E, portanto, \u00e9 dividida em duas fases: pr\u00e9-campanha (cujo start \u00e9 definido pelo candidato ou partido) e campanha oficial (dentro dos prazos e normas definidas pelo TSE).<\/span><\/p>\n<p><span style=\"color: #000000; font-size: 14pt;\">Para Jos\u00e9 Am\u00e9rico, o quanto mais cedo o candidato come\u00e7a a fazer uma pr\u00e9-campanha digital, mais forte ele pode chegar ao per\u00edodo oficial de campanha.<\/span><\/p>\n<p><span style=\"color: #000000; font-size: 14pt;\">Com sua estrutura, capacidade criativa e dom\u00ednio das t\u00e9cnicas do marketing digital, a\u00a0<strong><em>Wys<\/em><\/strong>\u00a0entra no mercado do Marketing Pol\u00edtico Digital com o objetivo de atender com \u00e9tica e profissionalismo, considerando as especificidades de cada partido, candidato e seus objetivos.<\/span><\/p>\n<p><span style=\"color: #000000; font-size: 14pt;\"><em><strong>*Jos\u00e9 Am\u00e9rico Moreira da Silva \u00e9 jornalista, publicit\u00e1rio, p\u00f3s-graduado em Gest\u00e3o da Comunica\u00e7\u00e3o e Coordenador do N\u00facleo de Marketing Pol\u00edtico da Ag\u00eancia Wys.<\/strong><\/em><\/span><\/p>\n<p><span style=\"font-family: georgia, palatino, serif; font-size: 18pt; color: #000000;\">A publica\u00e7\u00e3o original pode ser acessada <span style=\"color: #0000ff;\"><em><strong><a style=\"color: #0000ff;\" href=\"http:\/\/cidadesorocaba.com.br\/a-hora-e-a-vez-do-marketing-politico-digital\/\">aqui<\/a><\/strong><\/em><\/span>.<\/span><\/p>\n<p><img data-recalc-dims=\"1\" fetchpriority=\"high\" decoding=\"async\" data-attachment-id=\"12391\" data-permalink=\"https:\/\/gersonguelmann.com.br\/blog\/a-hora-e-a-vez-do-marketing-politico-digital\/mpd\/\" data-orig-file=\"https:\/\/i0.wp.com\/gersonguelmann.com.br\/blog\/wp-content\/uploads\/2018\/05\/MPD.jpg?fit=1880%2C1253&amp;ssl=1\" data-orig-size=\"1880,1253\" data-comments-opened=\"1\" data-image-meta=\"{&quot;aperture&quot;:&quot;0&quot;,&quot;credit&quot;:&quot;&quot;,&quot;camera&quot;:&quot;&quot;,&quot;caption&quot;:&quot;&quot;,&quot;created_timestamp&quot;:&quot;0&quot;,&quot;copyright&quot;:&quot;&quot;,&quot;focal_length&quot;:&quot;0&quot;,&quot;iso&quot;:&quot;0&quot;,&quot;shutter_speed&quot;:&quot;0&quot;,&quot;title&quot;:&quot;&quot;,&quot;orientation&quot;:&quot;0&quot;}\" data-image-title=\"MPD\" data-image-description=\"\" data-image-caption=\"\" data-medium-file=\"https:\/\/i0.wp.com\/gersonguelmann.com.br\/blog\/wp-content\/uploads\/2018\/05\/MPD.jpg?fit=300%2C200&amp;ssl=1\" data-large-file=\"https:\/\/i0.wp.com\/gersonguelmann.com.br\/blog\/wp-content\/uploads\/2018\/05\/MPD.jpg?fit=640%2C426&amp;ssl=1\" class=\"size-medium wp-image-12391 aligncenter\" src=\"https:\/\/i0.wp.com\/gersonguelmann.com.br\/blog\/wp-content\/uploads\/2018\/05\/MPD.jpg?resize=300%2C200&#038;ssl=1\" alt=\"\" width=\"300\" height=\"200\" srcset=\"https:\/\/i0.wp.com\/gersonguelmann.com.br\/blog\/wp-content\/uploads\/2018\/05\/MPD.jpg?resize=300%2C200&amp;ssl=1 300w, https:\/\/i0.wp.com\/gersonguelmann.com.br\/blog\/wp-content\/uploads\/2018\/05\/MPD.jpg?resize=768%2C512&amp;ssl=1 768w, https:\/\/i0.wp.com\/gersonguelmann.com.br\/blog\/wp-content\/uploads\/2018\/05\/MPD.jpg?resize=1024%2C682&amp;ssl=1 1024w, https:\/\/i0.wp.com\/gersonguelmann.com.br\/blog\/wp-content\/uploads\/2018\/05\/MPD.jpg?resize=750%2C500&amp;ssl=1 750w, https:\/\/i0.wp.com\/gersonguelmann.com.br\/blog\/wp-content\/uploads\/2018\/05\/MPD.jpg?w=1880&amp;ssl=1 1880w, https:\/\/i0.wp.com\/gersonguelmann.com.br\/blog\/wp-content\/uploads\/2018\/05\/MPD.jpg?w=1280&amp;ssl=1 1280w\" sizes=\"(max-width: 300px) 100vw, 300px\" \/><\/p>\n","protected":false},"excerpt":{"rendered":"<p>O Jos\u00e9 Am\u00e9rico Moreira da Silva \u00e9 um velho amigo e companheiro de campanhas pol\u00edticas que reencontrei gra\u00e7as \u00e0s maravilhas das redes sociais. H\u00e1 pouco tempo ele publicou no Blog &#8220;Cidade Sorocaba&#8221; um interessante artigo sobre a for\u00e7a do marketing pol\u00edtico na internet, cuja leitura recomendo aos que t\u00eam interesse no assunto: &nbsp; A Hora [&hellip;]<\/p>\n","protected":false},"author":5,"featured_media":12391,"comment_status":"open","ping_status":"open","sticky":false,"template":"","format":"standard","meta":{"_acf_changed":false,"jetpack_post_was_ever_published":false,"_jetpack_newsletter_access":"","_jetpack_dont_email_post_to_subs":false,"_jetpack_newsletter_tier_id":0,"_jetpack_memberships_contains_paywalled_content":false,"_jetpack_memberships_contains_paid_content":false,"footnotes":"","jetpack_publicize_message":"","jetpack_publicize_feature_enabled":true,"jetpack_social_post_already_shared":true,"jetpack_social_options":{"image_generator_settings":{"template":"highway","default_image_id":0,"font":"","enabled":false},"version":2}},"categories":[1],"tags":[],"class_list":["post-12390","post","type-post","status-publish","format-standard","has-post-thumbnail","hentry","category-sem-categoria"],"acf":[],"yoast_head":"<!-- This site is optimized with the Yoast SEO plugin v27.3 - https:\/\/yoast.com\/product\/yoast-seo-wordpress\/ -->\n<title>A Hora e a Vez do Marketing Pol\u00edtico Digital | Blog do Guelmann<\/title>\n<meta name=\"robots\" content=\"index, follow, max-snippet:-1, max-image-preview:large, max-video-preview:-1\" \/>\n<link rel=\"canonical\" href=\"https:\/\/gersonguelmann.com.br\/blog\/a-hora-e-a-vez-do-marketing-politico-digital\/\" \/>\n<meta property=\"og:locale\" content=\"pt_BR\" \/>\n<meta property=\"og:type\" content=\"article\" \/>\n<meta property=\"og:title\" content=\"A Hora e a Vez do Marketing Pol\u00edtico Digital | Blog do Guelmann\" \/>\n<meta property=\"og:description\" content=\"O Jos\u00e9 Am\u00e9rico Moreira da Silva \u00e9 um velho amigo e companheiro de campanhas pol\u00edticas que reencontrei gra\u00e7as \u00e0s maravilhas das redes sociais. H\u00e1 pouco tempo ele publicou no Blog &#8220;Cidade Sorocaba&#8221; um interessante artigo sobre a for\u00e7a do marketing pol\u00edtico na internet, cuja leitura recomendo aos que t\u00eam interesse no assunto: &nbsp; A Hora [&hellip;]\" \/>\n<meta property=\"og:url\" content=\"https:\/\/gersonguelmann.com.br\/blog\/a-hora-e-a-vez-do-marketing-politico-digital\/\" \/>\n<meta property=\"og:site_name\" content=\"Blog do Guelmann\" \/>\n<meta property=\"article:published_time\" content=\"2018-05-02T18:03:56+00:00\" \/>\n<meta property=\"article:modified_time\" content=\"2018-05-02T18:04:38+00:00\" \/>\n<meta property=\"og:image\" content=\"https:\/\/i0.wp.com\/gersonguelmann.com.br\/blog\/wp-content\/uploads\/2018\/05\/MPD.jpg?fit=1880%2C1253&ssl=1\" \/>\n\t<meta property=\"og:image:width\" content=\"1880\" \/>\n\t<meta property=\"og:image:height\" content=\"1253\" \/>\n\t<meta property=\"og:image:type\" content=\"image\/jpeg\" \/>\n<meta name=\"author\" content=\"Gerson Guelmann\" \/>\n<meta name=\"twitter:card\" content=\"summary_large_image\" \/>\n<meta name=\"twitter:label1\" content=\"Escrito por\" \/>\n\t<meta name=\"twitter:data1\" content=\"Gerson Guelmann\" \/>\n\t<meta name=\"twitter:label2\" content=\"Est. tempo de leitura\" \/>\n\t<meta name=\"twitter:data2\" content=\"7 minutos\" \/>\n<script type=\"application\/ld+json\" class=\"yoast-schema-graph\">{\"@context\":\"https:\\\/\\\/schema.org\",\"@graph\":[{\"@type\":\"Article\",\"@id\":\"https:\\\/\\\/gersonguelmann.com.br\\\/blog\\\/a-hora-e-a-vez-do-marketing-politico-digital\\\/#article\",\"isPartOf\":{\"@id\":\"https:\\\/\\\/gersonguelmann.com.br\\\/blog\\\/a-hora-e-a-vez-do-marketing-politico-digital\\\/\"},\"author\":{\"name\":\"Gerson Guelmann\",\"@id\":\"https:\\\/\\\/gersonguelmann.com.br\\\/blog\\\/#\\\/schema\\\/person\\\/87e70e2a786888082f941a482c90569e\"},\"headline\":\"A Hora e a Vez do Marketing Pol\u00edtico Digital\",\"datePublished\":\"2018-05-02T18:03:56+00:00\",\"dateModified\":\"2018-05-02T18:04:38+00:00\",\"mainEntityOfPage\":{\"@id\":\"https:\\\/\\\/gersonguelmann.com.br\\\/blog\\\/a-hora-e-a-vez-do-marketing-politico-digital\\\/\"},\"wordCount\":1343,\"commentCount\":0,\"image\":{\"@id\":\"https:\\\/\\\/gersonguelmann.com.br\\\/blog\\\/a-hora-e-a-vez-do-marketing-politico-digital\\\/#primaryimage\"},\"thumbnailUrl\":\"https:\\\/\\\/i0.wp.com\\\/gersonguelmann.com.br\\\/blog\\\/wp-content\\\/uploads\\\/2018\\\/05\\\/MPD.jpg?fit=1880%2C1253&ssl=1\",\"inLanguage\":\"pt-BR\",\"potentialAction\":[{\"@type\":\"CommentAction\",\"name\":\"Comment\",\"target\":[\"https:\\\/\\\/gersonguelmann.com.br\\\/blog\\\/a-hora-e-a-vez-do-marketing-politico-digital\\\/#respond\"]}]},{\"@type\":\"WebPage\",\"@id\":\"https:\\\/\\\/gersonguelmann.com.br\\\/blog\\\/a-hora-e-a-vez-do-marketing-politico-digital\\\/\",\"url\":\"https:\\\/\\\/gersonguelmann.com.br\\\/blog\\\/a-hora-e-a-vez-do-marketing-politico-digital\\\/\",\"name\":\"A Hora e a Vez do Marketing Pol\u00edtico Digital | Blog do Guelmann\",\"isPartOf\":{\"@id\":\"https:\\\/\\\/gersonguelmann.com.br\\\/blog\\\/#website\"},\"primaryImageOfPage\":{\"@id\":\"https:\\\/\\\/gersonguelmann.com.br\\\/blog\\\/a-hora-e-a-vez-do-marketing-politico-digital\\\/#primaryimage\"},\"image\":{\"@id\":\"https:\\\/\\\/gersonguelmann.com.br\\\/blog\\\/a-hora-e-a-vez-do-marketing-politico-digital\\\/#primaryimage\"},\"thumbnailUrl\":\"https:\\\/\\\/i0.wp.com\\\/gersonguelmann.com.br\\\/blog\\\/wp-content\\\/uploads\\\/2018\\\/05\\\/MPD.jpg?fit=1880%2C1253&ssl=1\",\"datePublished\":\"2018-05-02T18:03:56+00:00\",\"dateModified\":\"2018-05-02T18:04:38+00:00\",\"author\":{\"@id\":\"https:\\\/\\\/gersonguelmann.com.br\\\/blog\\\/#\\\/schema\\\/person\\\/87e70e2a786888082f941a482c90569e\"},\"inLanguage\":\"pt-BR\",\"potentialAction\":[{\"@type\":\"ReadAction\",\"target\":[\"https:\\\/\\\/gersonguelmann.com.br\\\/blog\\\/a-hora-e-a-vez-do-marketing-politico-digital\\\/\"]}]},{\"@type\":\"ImageObject\",\"inLanguage\":\"pt-BR\",\"@id\":\"https:\\\/\\\/gersonguelmann.com.br\\\/blog\\\/a-hora-e-a-vez-do-marketing-politico-digital\\\/#primaryimage\",\"url\":\"https:\\\/\\\/i0.wp.com\\\/gersonguelmann.com.br\\\/blog\\\/wp-content\\\/uploads\\\/2018\\\/05\\\/MPD.jpg?fit=1880%2C1253&ssl=1\",\"contentUrl\":\"https:\\\/\\\/i0.wp.com\\\/gersonguelmann.com.br\\\/blog\\\/wp-content\\\/uploads\\\/2018\\\/05\\\/MPD.jpg?fit=1880%2C1253&ssl=1\",\"width\":1880,\"height\":1253},{\"@type\":\"WebSite\",\"@id\":\"https:\\\/\\\/gersonguelmann.com.br\\\/blog\\\/#website\",\"url\":\"https:\\\/\\\/gersonguelmann.com.br\\\/blog\\\/\",\"name\":\"Blog do Guelmann\",\"description\":\"Pitadas da sabedoria e do humor judaicos, assuntos do momento e um pouco das hist\u00f3rias que vivi e testemunhei.\",\"potentialAction\":[{\"@type\":\"SearchAction\",\"target\":{\"@type\":\"EntryPoint\",\"urlTemplate\":\"https:\\\/\\\/gersonguelmann.com.br\\\/blog\\\/?s={search_term_string}\"},\"query-input\":{\"@type\":\"PropertyValueSpecification\",\"valueRequired\":true,\"valueName\":\"search_term_string\"}}],\"inLanguage\":\"pt-BR\"},{\"@type\":\"Person\",\"@id\":\"https:\\\/\\\/gersonguelmann.com.br\\\/blog\\\/#\\\/schema\\\/person\\\/87e70e2a786888082f941a482c90569e\",\"name\":\"Gerson Guelmann\",\"image\":{\"@type\":\"ImageObject\",\"inLanguage\":\"pt-BR\",\"@id\":\"https:\\\/\\\/i0.wp.com\\\/gersonguelmann.com.br\\\/blog\\\/wp-content\\\/uploads\\\/2021\\\/08\\\/BLOG.jpeg?fit=96%2C96&ssl=1\",\"url\":\"https:\\\/\\\/i0.wp.com\\\/gersonguelmann.com.br\\\/blog\\\/wp-content\\\/uploads\\\/2021\\\/08\\\/BLOG.jpeg?fit=96%2C96&ssl=1\",\"contentUrl\":\"https:\\\/\\\/i0.wp.com\\\/gersonguelmann.com.br\\\/blog\\\/wp-content\\\/uploads\\\/2021\\\/08\\\/BLOG.jpeg?fit=96%2C96&ssl=1\",\"caption\":\"Gerson Guelmann\"},\"description\":\"Pitadas da sabedoria e do humor judaicos, assuntos do momento e um pouco das hist\u00f3rias que vivi e testemunhei.\"}]}<\/script>\n<!-- \/ Yoast SEO plugin. -->","yoast_head_json":{"title":"A Hora e a Vez do Marketing Pol\u00edtico Digital | Blog do Guelmann","robots":{"index":"index","follow":"follow","max-snippet":"max-snippet:-1","max-image-preview":"max-image-preview:large","max-video-preview":"max-video-preview:-1"},"canonical":"https:\/\/gersonguelmann.com.br\/blog\/a-hora-e-a-vez-do-marketing-politico-digital\/","og_locale":"pt_BR","og_type":"article","og_title":"A Hora e a Vez do Marketing Pol\u00edtico Digital | Blog do Guelmann","og_description":"O Jos\u00e9 Am\u00e9rico Moreira da Silva \u00e9 um velho amigo e companheiro de campanhas pol\u00edticas que reencontrei gra\u00e7as \u00e0s maravilhas das redes sociais. H\u00e1 pouco tempo ele publicou no Blog &#8220;Cidade Sorocaba&#8221; um interessante artigo sobre a for\u00e7a do marketing pol\u00edtico na internet, cuja leitura recomendo aos que t\u00eam interesse no assunto: &nbsp; A Hora [&hellip;]","og_url":"https:\/\/gersonguelmann.com.br\/blog\/a-hora-e-a-vez-do-marketing-politico-digital\/","og_site_name":"Blog do Guelmann","article_published_time":"2018-05-02T18:03:56+00:00","article_modified_time":"2018-05-02T18:04:38+00:00","og_image":[{"width":1880,"height":1253,"url":"https:\/\/i0.wp.com\/gersonguelmann.com.br\/blog\/wp-content\/uploads\/2018\/05\/MPD.jpg?fit=1880%2C1253&ssl=1","type":"image\/jpeg"}],"author":"Gerson Guelmann","twitter_card":"summary_large_image","twitter_misc":{"Escrito por":"Gerson Guelmann","Est. tempo de leitura":"7 minutos"},"schema":{"@context":"https:\/\/schema.org","@graph":[{"@type":"Article","@id":"https:\/\/gersonguelmann.com.br\/blog\/a-hora-e-a-vez-do-marketing-politico-digital\/#article","isPartOf":{"@id":"https:\/\/gersonguelmann.com.br\/blog\/a-hora-e-a-vez-do-marketing-politico-digital\/"},"author":{"name":"Gerson Guelmann","@id":"https:\/\/gersonguelmann.com.br\/blog\/#\/schema\/person\/87e70e2a786888082f941a482c90569e"},"headline":"A Hora e a Vez do Marketing Pol\u00edtico Digital","datePublished":"2018-05-02T18:03:56+00:00","dateModified":"2018-05-02T18:04:38+00:00","mainEntityOfPage":{"@id":"https:\/\/gersonguelmann.com.br\/blog\/a-hora-e-a-vez-do-marketing-politico-digital\/"},"wordCount":1343,"commentCount":0,"image":{"@id":"https:\/\/gersonguelmann.com.br\/blog\/a-hora-e-a-vez-do-marketing-politico-digital\/#primaryimage"},"thumbnailUrl":"https:\/\/i0.wp.com\/gersonguelmann.com.br\/blog\/wp-content\/uploads\/2018\/05\/MPD.jpg?fit=1880%2C1253&ssl=1","inLanguage":"pt-BR","potentialAction":[{"@type":"CommentAction","name":"Comment","target":["https:\/\/gersonguelmann.com.br\/blog\/a-hora-e-a-vez-do-marketing-politico-digital\/#respond"]}]},{"@type":"WebPage","@id":"https:\/\/gersonguelmann.com.br\/blog\/a-hora-e-a-vez-do-marketing-politico-digital\/","url":"https:\/\/gersonguelmann.com.br\/blog\/a-hora-e-a-vez-do-marketing-politico-digital\/","name":"A Hora e a Vez do Marketing Pol\u00edtico Digital | Blog do Guelmann","isPartOf":{"@id":"https:\/\/gersonguelmann.com.br\/blog\/#website"},"primaryImageOfPage":{"@id":"https:\/\/gersonguelmann.com.br\/blog\/a-hora-e-a-vez-do-marketing-politico-digital\/#primaryimage"},"image":{"@id":"https:\/\/gersonguelmann.com.br\/blog\/a-hora-e-a-vez-do-marketing-politico-digital\/#primaryimage"},"thumbnailUrl":"https:\/\/i0.wp.com\/gersonguelmann.com.br\/blog\/wp-content\/uploads\/2018\/05\/MPD.jpg?fit=1880%2C1253&ssl=1","datePublished":"2018-05-02T18:03:56+00:00","dateModified":"2018-05-02T18:04:38+00:00","author":{"@id":"https:\/\/gersonguelmann.com.br\/blog\/#\/schema\/person\/87e70e2a786888082f941a482c90569e"},"inLanguage":"pt-BR","potentialAction":[{"@type":"ReadAction","target":["https:\/\/gersonguelmann.com.br\/blog\/a-hora-e-a-vez-do-marketing-politico-digital\/"]}]},{"@type":"ImageObject","inLanguage":"pt-BR","@id":"https:\/\/gersonguelmann.com.br\/blog\/a-hora-e-a-vez-do-marketing-politico-digital\/#primaryimage","url":"https:\/\/i0.wp.com\/gersonguelmann.com.br\/blog\/wp-content\/uploads\/2018\/05\/MPD.jpg?fit=1880%2C1253&ssl=1","contentUrl":"https:\/\/i0.wp.com\/gersonguelmann.com.br\/blog\/wp-content\/uploads\/2018\/05\/MPD.jpg?fit=1880%2C1253&ssl=1","width":1880,"height":1253},{"@type":"WebSite","@id":"https:\/\/gersonguelmann.com.br\/blog\/#website","url":"https:\/\/gersonguelmann.com.br\/blog\/","name":"Blog do Guelmann","description":"Pitadas da sabedoria e do humor judaicos, assuntos do momento e um pouco das hist\u00f3rias que vivi e testemunhei.","potentialAction":[{"@type":"SearchAction","target":{"@type":"EntryPoint","urlTemplate":"https:\/\/gersonguelmann.com.br\/blog\/?s={search_term_string}"},"query-input":{"@type":"PropertyValueSpecification","valueRequired":true,"valueName":"search_term_string"}}],"inLanguage":"pt-BR"},{"@type":"Person","@id":"https:\/\/gersonguelmann.com.br\/blog\/#\/schema\/person\/87e70e2a786888082f941a482c90569e","name":"Gerson Guelmann","image":{"@type":"ImageObject","inLanguage":"pt-BR","@id":"https:\/\/i0.wp.com\/gersonguelmann.com.br\/blog\/wp-content\/uploads\/2021\/08\/BLOG.jpeg?fit=96%2C96&ssl=1","url":"https:\/\/i0.wp.com\/gersonguelmann.com.br\/blog\/wp-content\/uploads\/2021\/08\/BLOG.jpeg?fit=96%2C96&ssl=1","contentUrl":"https:\/\/i0.wp.com\/gersonguelmann.com.br\/blog\/wp-content\/uploads\/2021\/08\/BLOG.jpeg?fit=96%2C96&ssl=1","caption":"Gerson Guelmann"},"description":"Pitadas da sabedoria e do humor judaicos, assuntos do momento e um pouco das hist\u00f3rias que vivi e testemunhei."}]}},"views":24,"jetpack_publicize_connections":[],"jetpack_featured_media_url":"https:\/\/i0.wp.com\/gersonguelmann.com.br\/blog\/wp-content\/uploads\/2018\/05\/MPD.jpg?fit=1880%2C1253&ssl=1","jetpack_shortlink":"https:\/\/wp.me\/p96e7O-3dQ","jetpack-related-posts":[{"id":11861,"url":"https:\/\/gersonguelmann.com.br\/blog\/fhc-sobre-lula-nao-confundam-politico-preso-com-preso-politico\/","url_meta":{"origin":12390,"position":0},"title":"FHC Sobre Lula: N\u00e3o Confundam Pol\u00edtico Preso Com Preso Pol\u00edtico","author":"Gerson Guelmann","date":"20 de abril de 2018","format":false,"excerpt":"Mat\u00e9ria publicada na revista Isto\u00c9: BRASIL \u2018Lula n\u00e3o \u00e9 preso pol\u00edtico, \u00e9 pol\u00edtico preso\u2019, afirma FHC A seis meses das elei\u00e7\u00f5es, o ex-presidente Fernando Henrique Cardoso (PSDB) minimiza o fato de o pr\u00e9-candidato de seu partido ao Pal\u00e1cio do Planalto, o ex-governador de S\u00e3o Paulo Geraldo Alckmin, aparecer estagnado nas\u2026","rel":"","context":"Em &quot;Sem categoria&quot;","block_context":{"text":"Sem categoria","link":"https:\/\/gersonguelmann.com.br\/blog\/category\/sem-categoria\/"},"img":{"alt_text":"","src":"https:\/\/i0.wp.com\/gersonguelmann.com.br\/blog\/wp-content\/uploads\/2018\/04\/FHC.jpg?resize=350%2C200&ssl=1","width":350,"height":200},"classes":[]},{"id":18941,"url":"https:\/\/gersonguelmann.com.br\/blog\/voltaire-os-ladroes-e-os-politicos-que-escolhemos\/","url_meta":{"origin":12390,"position":1},"title":"Voltaire, Os Ladr\u00f5es e os Pol\u00edticos Que Escolhemos","author":"Gerson Guelmann","date":"16 de setembro de 2024","format":false,"excerpt":"Foto: Freepik Em menos de tr\u00eas semanas, dia 6 de outubro, vamos repetir o que fazemos a cada dois anos no Brasil: escolher nossos governantes.\u00a0 Vivendo no meio pol\u00edtico h\u00e1 muitos anos e tendo me aventurado pessoalmente na disputa em 2020, percebo que h\u00e1 uma tend\u00eancia no sentido da 'hierarquiza\u00e7\u00e3o'\u2026","rel":"","context":"Em &quot;Sem categoria&quot;","block_context":{"text":"Sem categoria","link":"https:\/\/gersonguelmann.com.br\/blog\/category\/sem-categoria\/"},"img":{"alt_text":"","src":"https:\/\/i0.wp.com\/gersonguelmann.com.br\/blog\/wp-content\/uploads\/2024\/09\/HojePR-160924-scaled.jpg?fit=1200%2C800&ssl=1&resize=350%2C200","width":350,"height":200,"srcset":"https:\/\/i0.wp.com\/gersonguelmann.com.br\/blog\/wp-content\/uploads\/2024\/09\/HojePR-160924-scaled.jpg?fit=1200%2C800&ssl=1&resize=350%2C200 1x, https:\/\/i0.wp.com\/gersonguelmann.com.br\/blog\/wp-content\/uploads\/2024\/09\/HojePR-160924-scaled.jpg?fit=1200%2C800&ssl=1&resize=525%2C300 1.5x, https:\/\/i0.wp.com\/gersonguelmann.com.br\/blog\/wp-content\/uploads\/2024\/09\/HojePR-160924-scaled.jpg?fit=1200%2C800&ssl=1&resize=700%2C400 2x, https:\/\/i0.wp.com\/gersonguelmann.com.br\/blog\/wp-content\/uploads\/2024\/09\/HojePR-160924-scaled.jpg?fit=1200%2C800&ssl=1&resize=1050%2C600 3x"},"classes":[]},{"id":13895,"url":"https:\/\/gersonguelmann.com.br\/blog\/bolsonaro-e-ciro-gomes-ganharam-com-a-greve-dos-caminhoneiros-veja-porque\/","url_meta":{"origin":12390,"position":2},"title":"Bolsonaro e Ciro Gomes Ganharam Com a Greve dos Caminhoneiros. Veja Porque.","author":"Gerson Guelmann","date":"12 de junho de 2018","format":false,"excerpt":"Minha comadre Cila Schulman fez uma \u00f3tima an\u00e1lise do panorama pol\u00edtico p\u00f3s-greve dos caminhoneiros, \u00e0 luz da pesquisa DataFolha divulgada no \u00faltimo domingo. Em entrevista \u00e0 rede CBN, ela opinou sobre as raz\u00f5es pelas quais Bolsonaro e Ciro Gomes cresceram no cen\u00e1rio. O site da CBN publicou: \"Especialista em marketing\u2026","rel":"","context":"Em &quot;Sem categoria&quot;","block_context":{"text":"Sem categoria","link":"https:\/\/gersonguelmann.com.br\/blog\/category\/sem-categoria\/"},"img":{"alt_text":"","src":"https:\/\/i0.wp.com\/gersonguelmann.com.br\/blog\/wp-content\/uploads\/2018\/06\/ViewImage.jpg?resize=350%2C200&ssl=1","width":350,"height":200},"classes":[]},{"id":13754,"url":"https:\/\/gersonguelmann.com.br\/blog\/temer-esta-comecando-a-adivinhar\/","url_meta":{"origin":12390,"position":3},"title":"Temer Est\u00e1 Come\u00e7ando a Adivinhar","author":"Gerson Guelmann","date":"7 de junho de 2018","format":false,"excerpt":"A manchete do artigo publicado pela revista Isto\u00c9 agora a noite diz tudo: MUNDO Temer diz que den\u00fancias buscam \u2018esquartej\u00e1-lo\u2019 politicamente AFP 07\/06\/18 - 20h41 - Atualizado em 07\/06\/18 - 21h20 O presidente Michel Temer declarou nesta quinta-feira, em entrevista \u00e0 TV Brasil, que as den\u00fancias contra ele s\u00e3o uma\u2026","rel":"","context":"Em &quot;Sem categoria&quot;","block_context":{"text":"Sem categoria","link":"https:\/\/gersonguelmann.com.br\/blog\/category\/sem-categoria\/"},"img":{"alt_text":"","src":"https:\/\/i0.wp.com\/gersonguelmann.com.br\/blog\/wp-content\/uploads\/2018\/06\/Vidente-1.jpg?fit=1200%2C799&ssl=1&resize=350%2C200","width":350,"height":200,"srcset":"https:\/\/i0.wp.com\/gersonguelmann.com.br\/blog\/wp-content\/uploads\/2018\/06\/Vidente-1.jpg?fit=1200%2C799&ssl=1&resize=350%2C200 1x, https:\/\/i0.wp.com\/gersonguelmann.com.br\/blog\/wp-content\/uploads\/2018\/06\/Vidente-1.jpg?fit=1200%2C799&ssl=1&resize=525%2C300 1.5x, https:\/\/i0.wp.com\/gersonguelmann.com.br\/blog\/wp-content\/uploads\/2018\/06\/Vidente-1.jpg?fit=1200%2C799&ssl=1&resize=700%2C400 2x, https:\/\/i0.wp.com\/gersonguelmann.com.br\/blog\/wp-content\/uploads\/2018\/06\/Vidente-1.jpg?fit=1200%2C799&ssl=1&resize=1050%2C600 3x"},"classes":[]},{"id":10578,"url":"https:\/\/gersonguelmann.com.br\/blog\/marielle-franco-como-foi-a-repercussao-nas-redes\/","url_meta":{"origin":12390,"position":4},"title":"Marielle Franco: Como Foi a Repercuss\u00e3o Nas Redes?","author":"Gerson Guelmann","date":"22 de mar\u00e7o de 2018","format":false,"excerpt":"Transcrevo na \u00edntegra artigo extremamente elucidativo acerca do que aconteceu nas redes sociais ap\u00f3s a morte da vereadora Marielle Franco: Como bots e movimentos pol\u00edticos espalham falsas not\u00edcias sobre Marielle Na internet, execu\u00e7\u00e3o de vereadora foi da como\u00e7\u00e3o nacional \u00e0 enxurrada de boatos. Diogo Antonio Rodriguez mar 20 2018, 11:02am\u2026","rel":"","context":"Em &quot;Sem categoria&quot;","block_context":{"text":"Sem categoria","link":"https:\/\/gersonguelmann.com.br\/blog\/category\/sem-categoria\/"},"img":{"alt_text":"","src":"https:\/\/i0.wp.com\/gersonguelmann.com.br\/blog\/wp-content\/uploads\/2018\/03\/MF.jpg?fit=1200%2C675&ssl=1&resize=350%2C200","width":350,"height":200,"srcset":"https:\/\/i0.wp.com\/gersonguelmann.com.br\/blog\/wp-content\/uploads\/2018\/03\/MF.jpg?fit=1200%2C675&ssl=1&resize=350%2C200 1x, https:\/\/i0.wp.com\/gersonguelmann.com.br\/blog\/wp-content\/uploads\/2018\/03\/MF.jpg?fit=1200%2C675&ssl=1&resize=525%2C300 1.5x, https:\/\/i0.wp.com\/gersonguelmann.com.br\/blog\/wp-content\/uploads\/2018\/03\/MF.jpg?fit=1200%2C675&ssl=1&resize=700%2C400 2x, https:\/\/i0.wp.com\/gersonguelmann.com.br\/blog\/wp-content\/uploads\/2018\/03\/MF.jpg?fit=1200%2C675&ssl=1&resize=1050%2C600 3x"},"classes":[]},{"id":20309,"url":"https:\/\/gersonguelmann.com.br\/blog\/no-brasil-sem-vacina-o-roto-aconselha-o-esfarrapado\/","url_meta":{"origin":12390,"position":5},"title":"No Brasil Sem Vacina, o Roto Aconselha o Esfarrapado","author":"Gerson Guelmann","date":"13 de dezembro de 2020","format":false,"excerpt":"N\u00e3o h\u00e1 um \u00fanico brasileiro medianamente informado que n\u00e3o esteja preocupado com a quest\u00e3o da vacina\u00e7\u00e3o contra o Covid-19. H\u00e1 uma verdadeira guerra de (des)informa\u00e7\u00e3o onde n\u00f3s, os cidad\u00e3os comuns, estamos no meio do fogo cruzado e com a sensa\u00e7\u00e3o de que nessa guerra somos o que se chamava de\u2026","rel":"","context":"Em &quot;Sem categoria&quot;","block_context":{"text":"Sem categoria","link":"https:\/\/gersonguelmann.com.br\/blog\/category\/sem-categoria\/"},"img":{"alt_text":"","src":"https:\/\/i0.wp.com\/gersonguelmann.com.br\/blog\/wp-content\/uploads\/2020\/12\/ROTO.jpeg?fit=854%2C720&ssl=1&resize=350%2C200","width":350,"height":200,"srcset":"https:\/\/i0.wp.com\/gersonguelmann.com.br\/blog\/wp-content\/uploads\/2020\/12\/ROTO.jpeg?fit=854%2C720&ssl=1&resize=350%2C200 1x, https:\/\/i0.wp.com\/gersonguelmann.com.br\/blog\/wp-content\/uploads\/2020\/12\/ROTO.jpeg?fit=854%2C720&ssl=1&resize=525%2C300 1.5x, https:\/\/i0.wp.com\/gersonguelmann.com.br\/blog\/wp-content\/uploads\/2020\/12\/ROTO.jpeg?fit=854%2C720&ssl=1&resize=700%2C400 2x"},"classes":[]}],"jetpack_sharing_enabled":true,"post_mailing_queue_ids":[],"_links":{"self":[{"href":"https:\/\/gersonguelmann.com.br\/blog\/wp-json\/wp\/v2\/posts\/12390","targetHints":{"allow":["GET"]}}],"collection":[{"href":"https:\/\/gersonguelmann.com.br\/blog\/wp-json\/wp\/v2\/posts"}],"about":[{"href":"https:\/\/gersonguelmann.com.br\/blog\/wp-json\/wp\/v2\/types\/post"}],"author":[{"embeddable":true,"href":"https:\/\/gersonguelmann.com.br\/blog\/wp-json\/wp\/v2\/users\/5"}],"replies":[{"embeddable":true,"href":"https:\/\/gersonguelmann.com.br\/blog\/wp-json\/wp\/v2\/comments?post=12390"}],"version-history":[{"count":0,"href":"https:\/\/gersonguelmann.com.br\/blog\/wp-json\/wp\/v2\/posts\/12390\/revisions"}],"wp:featuredmedia":[{"embeddable":true,"href":"https:\/\/gersonguelmann.com.br\/blog\/wp-json\/wp\/v2\/media\/12391"}],"wp:attachment":[{"href":"https:\/\/gersonguelmann.com.br\/blog\/wp-json\/wp\/v2\/media?parent=12390"}],"wp:term":[{"taxonomy":"category","embeddable":true,"href":"https:\/\/gersonguelmann.com.br\/blog\/wp-json\/wp\/v2\/categories?post=12390"},{"taxonomy":"post_tag","embeddable":true,"href":"https:\/\/gersonguelmann.com.br\/blog\/wp-json\/wp\/v2\/tags?post=12390"}],"curies":[{"name":"wp","href":"https:\/\/api.w.org\/{rel}","templated":true}]}}