    {"id":12399,"date":"2018-05-02T17:17:21","date_gmt":"2018-05-02T20:17:21","guid":{"rendered":"https:\/\/gersonguelmann.com.br\/blog\/?p=12399"},"modified":"2018-05-02T17:17:21","modified_gmt":"2018-05-02T20:17:21","slug":"12-senadores-e-36-deputados-perdendo-o-sono-com-o-fim-do-foro","status":"publish","type":"post","link":"https:\/\/gersonguelmann.com.br\/blog\/12-senadores-e-36-deputados-perdendo-o-sono-com-o-fim-do-foro\/","title":{"rendered":"12 Senadores e 36 Deputados Perdendo o Sono Com o Fim do F\u00f4ro"},"content":{"rendered":"<p><span style=\"font-family: georgia, palatino, serif; font-size: 18pt; color: #000000;\">Enquanto assisto a retomada do julgamento sobre a restri\u00e7\u00e3o ao f\u00f4ro privilegiado, leio a seguinte mat\u00e9ria do Estado de Minas:<\/span><\/p>\n<p class=\"txt-serif\"><span style=\"font-size: 24pt;\"><strong>Fim do foro amea\u00e7a 12 senadores e 36 deputados<\/strong><\/span><\/p>\n<p class=\"txt-gray mb-0\"><span style=\"font-size: 14pt; color: #000000;\"><strong>A maioria dos inqu\u00e9ritos abertos no STF \u00e9 para investigar recebimento de propina, via caixa 2, para pol\u00edticos que j\u00e1 exerciam mandatos no Congresso e tentavam reelei\u00e7\u00e3o ou novo cargo<\/strong><\/span><\/p>\n<p><span style=\"font-size: 14pt; color: #000000;\">S\u00e3o Paulo, 02 &#8211; Levantamento feito pelo jornal O Estado de S. Paulo mostra que pelo menos 12 senadores e 36 deputados com inqu\u00e9ritos abertos no Supremo Tribunal Federal no \u00e2mbito da Opera\u00e7\u00e3o Lava Jato ficariam sujeitos \u00e0 perda do foro privilegiado, segundo a interpreta\u00e7\u00e3o da nova regra em vota\u00e7\u00e3o no Supremo.\u00a0<\/span><\/p>\n<p><span style=\"font-size: 14pt; color: #000000;\">Isso porque a maioria dos casos envolve investiga\u00e7\u00f5es de recebimento de propina, via caixa 2, para pol\u00edticos que j\u00e1 exerciam mandatos no Congresso e tentavam a reelei\u00e7\u00e3o ou novo cargo no Executivo.<\/span><\/p>\n<p><span style=\"font-size: 14pt; color: #000000;\">\u00c9 o caso, por exemplo, dos senadores A\u00e9cio Neves (PSDB-MG) e Gleisi Hoffmann (PT-PR) e dos deputados Rodrigo Maia (DEM-RJ), Cac\u00e1 Le\u00e3o (PP-BA) e Celso Russomanno (PRB-SP). Todos negam uso de caixa 2 e afirmam que as doa\u00e7\u00f5es foram contabilizadas dentro da legisla\u00e7\u00e3o eleitoral.<\/span><\/p>\n<p><span style=\"font-size: 14pt; color: #000000;\">Especialistas alertam, no entanto, que a perda ou a manuten\u00e7\u00e3o do foro, para as autoridades, n\u00e3o deve ser autom\u00e1tica. A decis\u00e3o &#8211; mesmo que a nova regra seja confirmada nesta quarta-feira, 2, pelo plen\u00e1rio da Corte &#8211; dever\u00e1 ser tomada caso a caso, de acordo com a interpreta\u00e7\u00e3o dos magistrados sobre se o crime tem rela\u00e7\u00e3o com o mandato do investigado. Para analistas, a defini\u00e7\u00e3o de quando se d\u00e1 essa rela\u00e7\u00e3o pode levantar d\u00favidas e dificultar a aplica\u00e7\u00e3o da nova regra.<\/span><\/p>\n<p><span style=\"font-family: georgia, palatino, serif; font-size: 18pt; color: #000000;\">Voc\u00ea encontra a publica\u00e7\u00e3o <span style=\"color: #0000ff;\"><a style=\"color: #0000ff;\" href=\"https:\/\/www.em.com.br\/app\/noticia\/politica\/2018\/05\/02\/interna_politica,955733\/fim-do-foro-ameaca-12-senadores-e-36-deputados.shtml\"><em><strong>original aqui<\/strong><\/em><\/a><\/span>.<\/span><\/p>\n<p style=\"text-align: center;\"><img data-recalc-dims=\"1\" fetchpriority=\"high\" decoding=\"async\" data-attachment-id=\"12400\" data-permalink=\"https:\/\/gersonguelmann.com.br\/blog\/12-senadores-e-36-deputados-perdendo-o-sono-com-o-fim-do-foro\/fp-5\/\" data-orig-file=\"https:\/\/i0.wp.com\/gersonguelmann.com.br\/blog\/wp-content\/uploads\/2018\/05\/FP.jpg?fit=675%2C405&amp;ssl=1\" data-orig-size=\"675,405\" data-comments-opened=\"1\" data-image-meta=\"{&quot;aperture&quot;:&quot;0&quot;,&quot;credit&quot;:&quot;&quot;,&quot;camera&quot;:&quot;&quot;,&quot;caption&quot;:&quot;&quot;,&quot;created_timestamp&quot;:&quot;0&quot;,&quot;copyright&quot;:&quot;&quot;,&quot;focal_length&quot;:&quot;0&quot;,&quot;iso&quot;:&quot;0&quot;,&quot;shutter_speed&quot;:&quot;0&quot;,&quot;title&quot;:&quot;&quot;,&quot;orientation&quot;:&quot;0&quot;}\" data-image-title=\"FP\" data-image-description=\"\" data-image-caption=\"\" data-medium-file=\"https:\/\/i0.wp.com\/gersonguelmann.com.br\/blog\/wp-content\/uploads\/2018\/05\/FP.jpg?fit=300%2C180&amp;ssl=1\" data-large-file=\"https:\/\/i0.wp.com\/gersonguelmann.com.br\/blog\/wp-content\/uploads\/2018\/05\/FP.jpg?fit=640%2C384&amp;ssl=1\" class=\"size-medium wp-image-12400 aligncenter\" src=\"https:\/\/i0.wp.com\/gersonguelmann.com.br\/blog\/wp-content\/uploads\/2018\/05\/FP.jpg?resize=300%2C180&#038;ssl=1\" alt=\"\" width=\"300\" height=\"180\" srcset=\"https:\/\/i0.wp.com\/gersonguelmann.com.br\/blog\/wp-content\/uploads\/2018\/05\/FP.jpg?resize=300%2C180&amp;ssl=1 300w, https:\/\/i0.wp.com\/gersonguelmann.com.br\/blog\/wp-content\/uploads\/2018\/05\/FP.jpg?w=675&amp;ssl=1 675w\" sizes=\"(max-width: 300px) 100vw, 300px\" \/><span style=\"color: #808080;\"><em><strong><span style=\"font-family: georgia, palatino, serif; font-size: 10pt;\">Foto: Beto Novaes\/EM\/DA Press \/ Edesio Ferreira\/EM\/Da Press<br \/>\nJose Varella\/CB\/DA Press \/ Gladyston Rodrigues\/EM\/DA Press<\/span><\/strong><\/em><\/span><\/p>\n","protected":false},"excerpt":{"rendered":"<p>Enquanto assisto a retomada do julgamento sobre a restri\u00e7\u00e3o ao f\u00f4ro privilegiado, leio a seguinte mat\u00e9ria do Estado de Minas: Fim do foro amea\u00e7a 12 senadores e 36 deputados A maioria dos inqu\u00e9ritos abertos no STF \u00e9 para investigar recebimento de propina, via caixa 2, para pol\u00edticos que j\u00e1 exerciam mandatos no Congresso e tentavam [&hellip;]<\/p>\n","protected":false},"author":5,"featured_media":12400,"comment_status":"open","ping_status":"open","sticky":false,"template":"","format":"standard","meta":{"_acf_changed":false,"jetpack_post_was_ever_published":false,"_jetpack_newsletter_access":"","_jetpack_dont_email_post_to_subs":false,"_jetpack_newsletter_tier_id":0,"_jetpack_memberships_contains_paywalled_content":false,"_jetpack_memberships_contains_paid_content":false,"footnotes":"","jetpack_publicize_message":"","jetpack_publicize_feature_enabled":true,"jetpack_social_post_already_shared":true,"jetpack_social_options":{"image_generator_settings":{"template":"highway","default_image_id":0,"font":"","enabled":false},"version":2}},"categories":[1],"tags":[],"class_list":["post-12399","post","type-post","status-publish","format-standard","has-post-thumbnail","hentry","category-sem-categoria"],"acf":[],"yoast_head":"<!-- This site is optimized with the Yoast SEO plugin v27.3 - https:\/\/yoast.com\/product\/yoast-seo-wordpress\/ -->\n<title>12 Senadores e 36 Deputados Perdendo o Sono Com o Fim do F\u00f4ro | Blog do Guelmann<\/title>\n<meta name=\"robots\" content=\"index, follow, max-snippet:-1, max-image-preview:large, max-video-preview:-1\" \/>\n<link rel=\"canonical\" href=\"https:\/\/gersonguelmann.com.br\/blog\/12-senadores-e-36-deputados-perdendo-o-sono-com-o-fim-do-foro\/\" \/>\n<meta property=\"og:locale\" content=\"pt_BR\" \/>\n<meta property=\"og:type\" content=\"article\" \/>\n<meta property=\"og:title\" content=\"12 Senadores e 36 Deputados Perdendo o Sono Com o Fim do F\u00f4ro | Blog do Guelmann\" \/>\n<meta property=\"og:description\" content=\"Enquanto assisto a retomada do julgamento sobre a restri\u00e7\u00e3o ao f\u00f4ro privilegiado, leio a seguinte mat\u00e9ria do Estado de Minas: Fim do foro amea\u00e7a 12 senadores e 36 deputados A maioria dos inqu\u00e9ritos abertos no STF \u00e9 para investigar recebimento de propina, via caixa 2, para pol\u00edticos que j\u00e1 exerciam mandatos no Congresso e tentavam [&hellip;]\" \/>\n<meta property=\"og:url\" content=\"https:\/\/gersonguelmann.com.br\/blog\/12-senadores-e-36-deputados-perdendo-o-sono-com-o-fim-do-foro\/\" \/>\n<meta property=\"og:site_name\" content=\"Blog do Guelmann\" \/>\n<meta property=\"article:published_time\" content=\"2018-05-02T20:17:21+00:00\" \/>\n<meta property=\"og:image\" content=\"https:\/\/i0.wp.com\/gersonguelmann.com.br\/blog\/wp-content\/uploads\/2018\/05\/FP.jpg?fit=675%2C405&ssl=1\" \/>\n\t<meta property=\"og:image:width\" content=\"675\" \/>\n\t<meta property=\"og:image:height\" content=\"405\" \/>\n\t<meta property=\"og:image:type\" content=\"image\/jpeg\" \/>\n<meta name=\"author\" content=\"Gerson Guelmann\" \/>\n<meta name=\"twitter:card\" content=\"summary_large_image\" \/>\n<meta name=\"twitter:label1\" content=\"Escrito por\" \/>\n\t<meta name=\"twitter:data1\" content=\"Gerson Guelmann\" \/>\n\t<meta name=\"twitter:label2\" content=\"Est. tempo de leitura\" \/>\n\t<meta name=\"twitter:data2\" content=\"2 minutos\" \/>\n<script type=\"application\/ld+json\" class=\"yoast-schema-graph\">{\"@context\":\"https:\\\/\\\/schema.org\",\"@graph\":[{\"@type\":\"Article\",\"@id\":\"https:\\\/\\\/gersonguelmann.com.br\\\/blog\\\/12-senadores-e-36-deputados-perdendo-o-sono-com-o-fim-do-foro\\\/#article\",\"isPartOf\":{\"@id\":\"https:\\\/\\\/gersonguelmann.com.br\\\/blog\\\/12-senadores-e-36-deputados-perdendo-o-sono-com-o-fim-do-foro\\\/\"},\"author\":{\"name\":\"Gerson Guelmann\",\"@id\":\"https:\\\/\\\/gersonguelmann.com.br\\\/blog\\\/#\\\/schema\\\/person\\\/87e70e2a786888082f941a482c90569e\"},\"headline\":\"12 Senadores e 36 Deputados Perdendo o Sono Com o Fim do F\u00f4ro\",\"datePublished\":\"2018-05-02T20:17:21+00:00\",\"mainEntityOfPage\":{\"@id\":\"https:\\\/\\\/gersonguelmann.com.br\\\/blog\\\/12-senadores-e-36-deputados-perdendo-o-sono-com-o-fim-do-foro\\\/\"},\"wordCount\":326,\"commentCount\":0,\"image\":{\"@id\":\"https:\\\/\\\/gersonguelmann.com.br\\\/blog\\\/12-senadores-e-36-deputados-perdendo-o-sono-com-o-fim-do-foro\\\/#primaryimage\"},\"thumbnailUrl\":\"https:\\\/\\\/i0.wp.com\\\/gersonguelmann.com.br\\\/blog\\\/wp-content\\\/uploads\\\/2018\\\/05\\\/FP.jpg?fit=675%2C405&ssl=1\",\"inLanguage\":\"pt-BR\",\"potentialAction\":[{\"@type\":\"CommentAction\",\"name\":\"Comment\",\"target\":[\"https:\\\/\\\/gersonguelmann.com.br\\\/blog\\\/12-senadores-e-36-deputados-perdendo-o-sono-com-o-fim-do-foro\\\/#respond\"]}]},{\"@type\":\"WebPage\",\"@id\":\"https:\\\/\\\/gersonguelmann.com.br\\\/blog\\\/12-senadores-e-36-deputados-perdendo-o-sono-com-o-fim-do-foro\\\/\",\"url\":\"https:\\\/\\\/gersonguelmann.com.br\\\/blog\\\/12-senadores-e-36-deputados-perdendo-o-sono-com-o-fim-do-foro\\\/\",\"name\":\"12 Senadores e 36 Deputados Perdendo o Sono Com o Fim do F\u00f4ro | Blog do Guelmann\",\"isPartOf\":{\"@id\":\"https:\\\/\\\/gersonguelmann.com.br\\\/blog\\\/#website\"},\"primaryImageOfPage\":{\"@id\":\"https:\\\/\\\/gersonguelmann.com.br\\\/blog\\\/12-senadores-e-36-deputados-perdendo-o-sono-com-o-fim-do-foro\\\/#primaryimage\"},\"image\":{\"@id\":\"https:\\\/\\\/gersonguelmann.com.br\\\/blog\\\/12-senadores-e-36-deputados-perdendo-o-sono-com-o-fim-do-foro\\\/#primaryimage\"},\"thumbnailUrl\":\"https:\\\/\\\/i0.wp.com\\\/gersonguelmann.com.br\\\/blog\\\/wp-content\\\/uploads\\\/2018\\\/05\\\/FP.jpg?fit=675%2C405&ssl=1\",\"datePublished\":\"2018-05-02T20:17:21+00:00\",\"author\":{\"@id\":\"https:\\\/\\\/gersonguelmann.com.br\\\/blog\\\/#\\\/schema\\\/person\\\/87e70e2a786888082f941a482c90569e\"},\"inLanguage\":\"pt-BR\",\"potentialAction\":[{\"@type\":\"ReadAction\",\"target\":[\"https:\\\/\\\/gersonguelmann.com.br\\\/blog\\\/12-senadores-e-36-deputados-perdendo-o-sono-com-o-fim-do-foro\\\/\"]}]},{\"@type\":\"ImageObject\",\"inLanguage\":\"pt-BR\",\"@id\":\"https:\\\/\\\/gersonguelmann.com.br\\\/blog\\\/12-senadores-e-36-deputados-perdendo-o-sono-com-o-fim-do-foro\\\/#primaryimage\",\"url\":\"https:\\\/\\\/i0.wp.com\\\/gersonguelmann.com.br\\\/blog\\\/wp-content\\\/uploads\\\/2018\\\/05\\\/FP.jpg?fit=675%2C405&ssl=1\",\"contentUrl\":\"https:\\\/\\\/i0.wp.com\\\/gersonguelmann.com.br\\\/blog\\\/wp-content\\\/uploads\\\/2018\\\/05\\\/FP.jpg?fit=675%2C405&ssl=1\",\"width\":675,\"height\":405},{\"@type\":\"WebSite\",\"@id\":\"https:\\\/\\\/gersonguelmann.com.br\\\/blog\\\/#website\",\"url\":\"https:\\\/\\\/gersonguelmann.com.br\\\/blog\\\/\",\"name\":\"Blog do Guelmann\",\"description\":\"Pitadas da sabedoria e do humor judaicos, assuntos do momento e um pouco das hist\u00f3rias que vivi e testemunhei.\",\"potentialAction\":[{\"@type\":\"SearchAction\",\"target\":{\"@type\":\"EntryPoint\",\"urlTemplate\":\"https:\\\/\\\/gersonguelmann.com.br\\\/blog\\\/?s={search_term_string}\"},\"query-input\":{\"@type\":\"PropertyValueSpecification\",\"valueRequired\":true,\"valueName\":\"search_term_string\"}}],\"inLanguage\":\"pt-BR\"},{\"@type\":\"Person\",\"@id\":\"https:\\\/\\\/gersonguelmann.com.br\\\/blog\\\/#\\\/schema\\\/person\\\/87e70e2a786888082f941a482c90569e\",\"name\":\"Gerson Guelmann\",\"image\":{\"@type\":\"ImageObject\",\"inLanguage\":\"pt-BR\",\"@id\":\"https:\\\/\\\/i0.wp.com\\\/gersonguelmann.com.br\\\/blog\\\/wp-content\\\/uploads\\\/2021\\\/08\\\/BLOG.jpeg?fit=96%2C96&ssl=1\",\"url\":\"https:\\\/\\\/i0.wp.com\\\/gersonguelmann.com.br\\\/blog\\\/wp-content\\\/uploads\\\/2021\\\/08\\\/BLOG.jpeg?fit=96%2C96&ssl=1\",\"contentUrl\":\"https:\\\/\\\/i0.wp.com\\\/gersonguelmann.com.br\\\/blog\\\/wp-content\\\/uploads\\\/2021\\\/08\\\/BLOG.jpeg?fit=96%2C96&ssl=1\",\"caption\":\"Gerson Guelmann\"},\"description\":\"Pitadas da sabedoria e do humor judaicos, assuntos do momento e um pouco das hist\u00f3rias que vivi e testemunhei.\"}]}<\/script>\n<!-- \/ Yoast SEO plugin. -->","yoast_head_json":{"title":"12 Senadores e 36 Deputados Perdendo o Sono Com o Fim do F\u00f4ro | Blog do Guelmann","robots":{"index":"index","follow":"follow","max-snippet":"max-snippet:-1","max-image-preview":"max-image-preview:large","max-video-preview":"max-video-preview:-1"},"canonical":"https:\/\/gersonguelmann.com.br\/blog\/12-senadores-e-36-deputados-perdendo-o-sono-com-o-fim-do-foro\/","og_locale":"pt_BR","og_type":"article","og_title":"12 Senadores e 36 Deputados Perdendo o Sono Com o Fim do F\u00f4ro | Blog do Guelmann","og_description":"Enquanto assisto a retomada do julgamento sobre a restri\u00e7\u00e3o ao f\u00f4ro privilegiado, leio a seguinte mat\u00e9ria do Estado de Minas: Fim do foro amea\u00e7a 12 senadores e 36 deputados A maioria dos inqu\u00e9ritos abertos no STF \u00e9 para investigar recebimento de propina, via caixa 2, para pol\u00edticos que j\u00e1 exerciam mandatos no Congresso e tentavam [&hellip;]","og_url":"https:\/\/gersonguelmann.com.br\/blog\/12-senadores-e-36-deputados-perdendo-o-sono-com-o-fim-do-foro\/","og_site_name":"Blog do Guelmann","article_published_time":"2018-05-02T20:17:21+00:00","og_image":[{"width":675,"height":405,"url":"https:\/\/i0.wp.com\/gersonguelmann.com.br\/blog\/wp-content\/uploads\/2018\/05\/FP.jpg?fit=675%2C405&ssl=1","type":"image\/jpeg"}],"author":"Gerson Guelmann","twitter_card":"summary_large_image","twitter_misc":{"Escrito por":"Gerson Guelmann","Est. tempo de leitura":"2 minutos"},"schema":{"@context":"https:\/\/schema.org","@graph":[{"@type":"Article","@id":"https:\/\/gersonguelmann.com.br\/blog\/12-senadores-e-36-deputados-perdendo-o-sono-com-o-fim-do-foro\/#article","isPartOf":{"@id":"https:\/\/gersonguelmann.com.br\/blog\/12-senadores-e-36-deputados-perdendo-o-sono-com-o-fim-do-foro\/"},"author":{"name":"Gerson Guelmann","@id":"https:\/\/gersonguelmann.com.br\/blog\/#\/schema\/person\/87e70e2a786888082f941a482c90569e"},"headline":"12 Senadores e 36 Deputados Perdendo o Sono Com o Fim do F\u00f4ro","datePublished":"2018-05-02T20:17:21+00:00","mainEntityOfPage":{"@id":"https:\/\/gersonguelmann.com.br\/blog\/12-senadores-e-36-deputados-perdendo-o-sono-com-o-fim-do-foro\/"},"wordCount":326,"commentCount":0,"image":{"@id":"https:\/\/gersonguelmann.com.br\/blog\/12-senadores-e-36-deputados-perdendo-o-sono-com-o-fim-do-foro\/#primaryimage"},"thumbnailUrl":"https:\/\/i0.wp.com\/gersonguelmann.com.br\/blog\/wp-content\/uploads\/2018\/05\/FP.jpg?fit=675%2C405&ssl=1","inLanguage":"pt-BR","potentialAction":[{"@type":"CommentAction","name":"Comment","target":["https:\/\/gersonguelmann.com.br\/blog\/12-senadores-e-36-deputados-perdendo-o-sono-com-o-fim-do-foro\/#respond"]}]},{"@type":"WebPage","@id":"https:\/\/gersonguelmann.com.br\/blog\/12-senadores-e-36-deputados-perdendo-o-sono-com-o-fim-do-foro\/","url":"https:\/\/gersonguelmann.com.br\/blog\/12-senadores-e-36-deputados-perdendo-o-sono-com-o-fim-do-foro\/","name":"12 Senadores e 36 Deputados Perdendo o Sono Com o Fim do F\u00f4ro | Blog do Guelmann","isPartOf":{"@id":"https:\/\/gersonguelmann.com.br\/blog\/#website"},"primaryImageOfPage":{"@id":"https:\/\/gersonguelmann.com.br\/blog\/12-senadores-e-36-deputados-perdendo-o-sono-com-o-fim-do-foro\/#primaryimage"},"image":{"@id":"https:\/\/gersonguelmann.com.br\/blog\/12-senadores-e-36-deputados-perdendo-o-sono-com-o-fim-do-foro\/#primaryimage"},"thumbnailUrl":"https:\/\/i0.wp.com\/gersonguelmann.com.br\/blog\/wp-content\/uploads\/2018\/05\/FP.jpg?fit=675%2C405&ssl=1","datePublished":"2018-05-02T20:17:21+00:00","author":{"@id":"https:\/\/gersonguelmann.com.br\/blog\/#\/schema\/person\/87e70e2a786888082f941a482c90569e"},"inLanguage":"pt-BR","potentialAction":[{"@type":"ReadAction","target":["https:\/\/gersonguelmann.com.br\/blog\/12-senadores-e-36-deputados-perdendo-o-sono-com-o-fim-do-foro\/"]}]},{"@type":"ImageObject","inLanguage":"pt-BR","@id":"https:\/\/gersonguelmann.com.br\/blog\/12-senadores-e-36-deputados-perdendo-o-sono-com-o-fim-do-foro\/#primaryimage","url":"https:\/\/i0.wp.com\/gersonguelmann.com.br\/blog\/wp-content\/uploads\/2018\/05\/FP.jpg?fit=675%2C405&ssl=1","contentUrl":"https:\/\/i0.wp.com\/gersonguelmann.com.br\/blog\/wp-content\/uploads\/2018\/05\/FP.jpg?fit=675%2C405&ssl=1","width":675,"height":405},{"@type":"WebSite","@id":"https:\/\/gersonguelmann.com.br\/blog\/#website","url":"https:\/\/gersonguelmann.com.br\/blog\/","name":"Blog do Guelmann","description":"Pitadas da sabedoria e do humor judaicos, assuntos do momento e um pouco das hist\u00f3rias que vivi e testemunhei.","potentialAction":[{"@type":"SearchAction","target":{"@type":"EntryPoint","urlTemplate":"https:\/\/gersonguelmann.com.br\/blog\/?s={search_term_string}"},"query-input":{"@type":"PropertyValueSpecification","valueRequired":true,"valueName":"search_term_string"}}],"inLanguage":"pt-BR"},{"@type":"Person","@id":"https:\/\/gersonguelmann.com.br\/blog\/#\/schema\/person\/87e70e2a786888082f941a482c90569e","name":"Gerson Guelmann","image":{"@type":"ImageObject","inLanguage":"pt-BR","@id":"https:\/\/i0.wp.com\/gersonguelmann.com.br\/blog\/wp-content\/uploads\/2021\/08\/BLOG.jpeg?fit=96%2C96&ssl=1","url":"https:\/\/i0.wp.com\/gersonguelmann.com.br\/blog\/wp-content\/uploads\/2021\/08\/BLOG.jpeg?fit=96%2C96&ssl=1","contentUrl":"https:\/\/i0.wp.com\/gersonguelmann.com.br\/blog\/wp-content\/uploads\/2021\/08\/BLOG.jpeg?fit=96%2C96&ssl=1","caption":"Gerson Guelmann"},"description":"Pitadas da sabedoria e do humor judaicos, assuntos do momento e um pouco das hist\u00f3rias que vivi e testemunhei."}]}},"views":31,"jetpack_publicize_connections":[],"jetpack_featured_media_url":"https:\/\/i0.wp.com\/gersonguelmann.com.br\/blog\/wp-content\/uploads\/2018\/05\/FP.jpg?fit=675%2C405&ssl=1","jetpack_shortlink":"https:\/\/wp.me\/p96e7O-3dZ","jetpack-related-posts":[{"id":4767,"url":"https:\/\/gersonguelmann.com.br\/blog\/fora-com-o-foro-imoral\/","url_meta":{"origin":12399,"position":0},"title":"Fora Com o Foro Imoral!","author":"Gerson Guelmann","date":"22 de novembro de 2017","format":false,"excerpt":"Acabei de assinar a peti\u00e7\u00e3o on-line para acabar com o Foro Privilegiado. A proposta \u00e9 conseguir 250 mil assinaturas e h\u00e1 pouco estava pr\u00f3ximo de 193 mil. Essa mobiliza\u00e7\u00e3o \u00e9 muito importante para evitar que mais de 37 mil pol\u00edticos escapem da a\u00e7\u00e3o da Justi\u00e7a. Sabemos que infelizmente se depender\u2026","rel":"","context":"Em &quot;Sem categoria&quot;","block_context":{"text":"Sem categoria","link":"https:\/\/gersonguelmann.com.br\/blog\/category\/sem-categoria\/"},"img":{"alt_text":"","src":"https:\/\/i0.wp.com\/gersonguelmann.com.br\/blog\/wp-content\/uploads\/2017\/11\/Fim-do-foro-2.jpg?resize=350%2C200&ssl=1","width":350,"height":200},"classes":[]},{"id":11610,"url":"https:\/\/gersonguelmann.com.br\/blog\/senadores-que-nao-podem-ser-reeleitos\/","url_meta":{"origin":12399,"position":1},"title":"Senadores Que N\u00e3o Podem Ser Reeleitos","author":"Gerson Guelmann","date":"14 de abril de 2018","format":false,"excerpt":"Est\u00e1 circulando a lista dos Senadores que t\u00eam condena\u00e7\u00f5es e perder\u00e3o o foro privilegiado caso n\u00e3o sejam reeleitos. A renova\u00e7\u00e3o no Senado este ano ser\u00e1 de 2\/3, ou seja, cada Estado eleger\u00e1 2 Senadores. H\u00e1 pelo menos dois casos em que ambos os Senadores j\u00e1 est\u00e3o condenados. \u00c9 um bom\u2026","rel":"","context":"Em &quot;Sem categoria&quot;","block_context":{"text":"Sem categoria","link":"https:\/\/gersonguelmann.com.br\/blog\/category\/sem-categoria\/"},"img":{"alt_text":"","src":"https:\/\/i0.wp.com\/gersonguelmann.com.br\/blog\/wp-content\/uploads\/2018\/04\/Senadores.jpg?fit=727%2C1200&ssl=1&resize=350%2C200","width":350,"height":200,"srcset":"https:\/\/i0.wp.com\/gersonguelmann.com.br\/blog\/wp-content\/uploads\/2018\/04\/Senadores.jpg?fit=727%2C1200&ssl=1&resize=350%2C200 1x, https:\/\/i0.wp.com\/gersonguelmann.com.br\/blog\/wp-content\/uploads\/2018\/04\/Senadores.jpg?fit=727%2C1200&ssl=1&resize=525%2C300 1.5x, https:\/\/i0.wp.com\/gersonguelmann.com.br\/blog\/wp-content\/uploads\/2018\/04\/Senadores.jpg?fit=727%2C1200&ssl=1&resize=700%2C400 2x"},"classes":[]},{"id":12300,"url":"https:\/\/gersonguelmann.com.br\/blog\/nenhum-deputado-ou-senador-nos-foi-enfiado-goela-abaixo\/","url_meta":{"origin":12399,"position":2},"title":"Nenhum Deputado ou Senador Nos Foi Enfiado Goela Abaixo","author":"Gerson Guelmann","date":"30 de abril de 2018","format":false,"excerpt":"Algumas pessoas ainda n\u00e3o se deram conta da import\u00e2ncia da renova\u00e7\u00e3o do Congresso nas elei\u00e7\u00f5es deste ano. Costumamos colocar toda a responsabilidade pelos rumos da na\u00e7\u00e3o nas m\u00e3os do presidente da Rep\u00fablica, esquecendo que o poder Legislativo precisa ser composto por pessoas s\u00e9rias e com o desejo de colocar o\u2026","rel":"","context":"Em &quot;Sem categoria&quot;","block_context":{"text":"Sem categoria","link":"https:\/\/gersonguelmann.com.br\/blog\/category\/sem-categoria\/"},"img":{"alt_text":"","src":"https:\/\/i0.wp.com\/gersonguelmann.com.br\/blog\/wp-content\/uploads\/2018\/04\/Congresso-1.jpg?fit=500%2C500&ssl=1&resize=350%2C200","width":350,"height":200},"classes":[]},{"id":17917,"url":"https:\/\/gersonguelmann.com.br\/blog\/a-lava-jato-tentou-derrubar-gilmar-mendes\/","url_meta":{"origin":12399,"position":3},"title":"A Lava Jato Tentou Derrubar Gilmar Mendes","author":"Gerson Guelmann","date":"6 de agosto de 2019","format":false,"excerpt":"A edi\u00e7\u00e3o brasileira do El Pa\u00eds traz hoje mat\u00e9ria baseada em informa\u00e7\u00f5es do site Intercept, mostrando como os Procuradores da for\u00e7a-tarefa da Lava Jato em Curitiba buscaram provas para embasar poss\u00edvel pedido de impeachment do Ministro Gilmar Mendes, do STF. O artigo \u00e9 extenso mas merece ser lido: Lava Jato\u2026","rel":"","context":"Em &quot;Sem categoria&quot;","block_context":{"text":"Sem categoria","link":"https:\/\/gersonguelmann.com.br\/blog\/category\/sem-categoria\/"},"img":{"alt_text":"","src":"https:\/\/i0.wp.com\/gersonguelmann.com.br\/blog\/wp-content\/uploads\/2019\/08\/STF.jpeg?fit=1140%2C1000&ssl=1&resize=350%2C200","width":350,"height":200,"srcset":"https:\/\/i0.wp.com\/gersonguelmann.com.br\/blog\/wp-content\/uploads\/2019\/08\/STF.jpeg?fit=1140%2C1000&ssl=1&resize=350%2C200 1x, https:\/\/i0.wp.com\/gersonguelmann.com.br\/blog\/wp-content\/uploads\/2019\/08\/STF.jpeg?fit=1140%2C1000&ssl=1&resize=525%2C300 1.5x, https:\/\/i0.wp.com\/gersonguelmann.com.br\/blog\/wp-content\/uploads\/2019\/08\/STF.jpeg?fit=1140%2C1000&ssl=1&resize=700%2C400 2x, https:\/\/i0.wp.com\/gersonguelmann.com.br\/blog\/wp-content\/uploads\/2019\/08\/STF.jpeg?fit=1140%2C1000&ssl=1&resize=1050%2C600 3x"},"classes":[]},{"id":12325,"url":"https:\/\/gersonguelmann.com.br\/blog\/suores-noturnos-calafrios-e-insonia-delacao-de-palocci-sera-validada-pelo-trf-4\/","url_meta":{"origin":12399,"position":4},"title":"Suores Noturnos, Calafrios e Ins\u00f4nia: Dela\u00e7\u00e3o de Palocci Ser\u00e1 Validada pelo TRF-4","author":"Gerson Guelmann","date":"30 de abril de 2018","format":false,"excerpt":"Mat\u00e9ria do G1, de agora h\u00e1 pouco: \u00a0 OPERA\u00c7\u00c3O LAVA JATO\u00a0 \u00a0 Pol\u00edcia Federal manda dela\u00e7\u00e3o do ex-ministro Antonio Palocci para valida\u00e7\u00e3o pelo TRF-4 Homologa\u00e7\u00e3o caber\u00e1 ao desembargador Gebran Neto, relator da Opera\u00e7\u00e3o Lava Jato no Tribunal Regional Federal da 4\u00aa Regi\u00e3o. Palocci foi condenado a 12 anos de pris\u00e3o\u2026","rel":"","context":"Em &quot;Sem categoria&quot;","block_context":{"text":"Sem categoria","link":"https:\/\/gersonguelmann.com.br\/blog\/category\/sem-categoria\/"},"img":{"alt_text":"","src":"https:\/\/i0.wp.com\/gersonguelmann.com.br\/blog\/wp-content\/uploads\/2018\/04\/Insomnia.jpg?fit=1024%2C793&ssl=1&resize=350%2C200","width":350,"height":200,"srcset":"https:\/\/i0.wp.com\/gersonguelmann.com.br\/blog\/wp-content\/uploads\/2018\/04\/Insomnia.jpg?fit=1024%2C793&ssl=1&resize=350%2C200 1x, https:\/\/i0.wp.com\/gersonguelmann.com.br\/blog\/wp-content\/uploads\/2018\/04\/Insomnia.jpg?fit=1024%2C793&ssl=1&resize=525%2C300 1.5x, https:\/\/i0.wp.com\/gersonguelmann.com.br\/blog\/wp-content\/uploads\/2018\/04\/Insomnia.jpg?fit=1024%2C793&ssl=1&resize=700%2C400 2x"},"classes":[]},{"id":19328,"url":"https:\/\/gersonguelmann.com.br\/blog\/lula-volta-para-a-cadeia-se-a-prisao-em-segunda-instancia-for-aprovada\/","url_meta":{"origin":12399,"position":5},"title":"Lula Volta Para a Cadeia, Se a Pris\u00e3o Em Segunda Inst\u00e2ncia For Aprovada?","author":"Gerson Guelmann","date":"25 de novembro de 2019","format":false,"excerpt":"Essa \u00e9 uma pergunta que muitos fazem. Leia o que a BBC Brasil diz a respeito, em mat\u00e9ria publicada hoje: Se Congresso aprovar pris\u00e3o em segunda inst\u00e2ncia, Lula volta para a cadeia? Andr\u00e9 Shalders - @andreshaldersDa BBC News Brasil em Bras\u00edlia 25 novembro 2019 Na semana passada, a C\u00e2mara e\u2026","rel":"","context":"Em &quot;Sem categoria&quot;","block_context":{"text":"Sem categoria","link":"https:\/\/gersonguelmann.com.br\/blog\/category\/sem-categoria\/"},"img":{"alt_text":"","src":"https:\/\/i0.wp.com\/gersonguelmann.com.br\/blog\/wp-content\/uploads\/2019\/11\/Lula.jpg?fit=929%2C720&ssl=1&resize=350%2C200","width":350,"height":200,"srcset":"https:\/\/i0.wp.com\/gersonguelmann.com.br\/blog\/wp-content\/uploads\/2019\/11\/Lula.jpg?fit=929%2C720&ssl=1&resize=350%2C200 1x, https:\/\/i0.wp.com\/gersonguelmann.com.br\/blog\/wp-content\/uploads\/2019\/11\/Lula.jpg?fit=929%2C720&ssl=1&resize=525%2C300 1.5x, https:\/\/i0.wp.com\/gersonguelmann.com.br\/blog\/wp-content\/uploads\/2019\/11\/Lula.jpg?fit=929%2C720&ssl=1&resize=700%2C400 2x"},"classes":[]}],"jetpack_sharing_enabled":true,"post_mailing_queue_ids":[],"_links":{"self":[{"href":"https:\/\/gersonguelmann.com.br\/blog\/wp-json\/wp\/v2\/posts\/12399","targetHints":{"allow":["GET"]}}],"collection":[{"href":"https:\/\/gersonguelmann.com.br\/blog\/wp-json\/wp\/v2\/posts"}],"about":[{"href":"https:\/\/gersonguelmann.com.br\/blog\/wp-json\/wp\/v2\/types\/post"}],"author":[{"embeddable":true,"href":"https:\/\/gersonguelmann.com.br\/blog\/wp-json\/wp\/v2\/users\/5"}],"replies":[{"embeddable":true,"href":"https:\/\/gersonguelmann.com.br\/blog\/wp-json\/wp\/v2\/comments?post=12399"}],"version-history":[{"count":0,"href":"https:\/\/gersonguelmann.com.br\/blog\/wp-json\/wp\/v2\/posts\/12399\/revisions"}],"wp:featuredmedia":[{"embeddable":true,"href":"https:\/\/gersonguelmann.com.br\/blog\/wp-json\/wp\/v2\/media\/12400"}],"wp:attachment":[{"href":"https:\/\/gersonguelmann.com.br\/blog\/wp-json\/wp\/v2\/media?parent=12399"}],"wp:term":[{"taxonomy":"category","embeddable":true,"href":"https:\/\/gersonguelmann.com.br\/blog\/wp-json\/wp\/v2\/categories?post=12399"},{"taxonomy":"post_tag","embeddable":true,"href":"https:\/\/gersonguelmann.com.br\/blog\/wp-json\/wp\/v2\/tags?post=12399"}],"curies":[{"name":"wp","href":"https:\/\/api.w.org\/{rel}","templated":true}]}}