    {"id":12408,"date":"2018-05-03T14:37:44","date_gmt":"2018-05-03T17:37:44","guid":{"rendered":"https:\/\/gersonguelmann.com.br\/blog\/?p=12408"},"modified":"2018-05-03T14:37:44","modified_gmt":"2018-05-03T17:37:44","slug":"diogo-portugal-em-beneficio-do-hospital-de-clinicas","status":"publish","type":"post","link":"https:\/\/gersonguelmann.com.br\/blog\/diogo-portugal-em-beneficio-do-hospital-de-clinicas\/","title":{"rendered":"Diogo Portugal Em Benef\u00edcio do Hospital de Cl\u00ednicas"},"content":{"rendered":"<p><span style=\"font-family: georgia, palatino, serif; font-size: 18pt; color: #000000;\">Voc\u00ea tem um encontro marcado com Diogo Portugal, o humorista Curitibano que faz o Brasil inteiro rir.<\/span><\/p>\n<p style=\"font-weight: 400;\"><span style=\"font-family: georgia, palatino, serif; font-size: 18pt; color: #000000;\">Ele apresentar\u00e1 o espet\u00e1culo \u201cPortugal \u00e9 Aqui\u201d no pr\u00f3ximo dia 11 de maio, no SESC da Esquina, em que representar\u00e1 seus personagens mais famosos, em formato de stand up comedy. <\/span><\/p>\n<p style=\"font-weight: 400;\"><span style=\"font-family: georgia, palatino, serif; font-size: 18pt; color: #000000;\">Importante: a renda da apresenta\u00e7\u00e3o ser\u00e1 revertida para a compra de equipamentos e melhorias na qualidade do atendimento do Hospital de Cl\u00ednicas da UFPR, por meio do trabalho feito pelos Amigos do HC, que s\u00e3o os organizadores do evento.<\/span><\/p>\n<p style=\"font-weight: 400;\"><span style=\"font-family: georgia, palatino, serif; font-size: 18pt; color: #000000;\">Diogo Portugal diz que \u00e9\u00a0importante que as pessoas se conscientizem de que o show \u00e9 para dar risadas, mas que o mais importante \u00e9 contribuir com o Hospital de Cl\u00ednicas. <em>\u201cO sucesso do show depende muito da divulga\u00e7\u00e3o do espet\u00e1culo e desta consci\u00eancia de que todos que forem estar\u00e3o ajudando uma causa nobre\u201d<\/em>, completa ele.<\/span><\/p>\n<p style=\"font-weight: 400;\"><span style=\"font-family: georgia, palatino, serif; font-size: 18pt; color: #000000;\">Os convites para a apresenta\u00e7\u00e3o do humorista no teatro do SESC da Esquina j\u00e1 est\u00e3o \u00e0 venda nos Amigos do HC e podem ser adquiridos pelos telefones 0800-601-1010 ou pelo (41) 3091-1001. <\/span><\/p>\n<p style=\"font-weight: 400;\"><span style=\"font-family: georgia, palatino, serif; font-size: 18pt; color: #000000;\">A apresenta\u00e7\u00e3o est\u00e1 marcada para \u00e0s 20h do dia 11 de maio e a expectativa \u00e9 de casa cheia. N\u00e3o fique fora dessa e garanta logo seu ingresso.<img data-recalc-dims=\"1\" fetchpriority=\"high\" decoding=\"async\" data-attachment-id=\"12409\" data-permalink=\"https:\/\/gersonguelmann.com.br\/blog\/diogo-portugal-em-beneficio-do-hospital-de-clinicas\/hc\/\" data-orig-file=\"https:\/\/i0.wp.com\/gersonguelmann.com.br\/blog\/wp-content\/uploads\/2018\/05\/HC.jpg?fit=571%2C950&amp;ssl=1\" data-orig-size=\"571,950\" data-comments-opened=\"1\" data-image-meta=\"{&quot;aperture&quot;:&quot;0&quot;,&quot;credit&quot;:&quot;&quot;,&quot;camera&quot;:&quot;&quot;,&quot;caption&quot;:&quot;&quot;,&quot;created_timestamp&quot;:&quot;0&quot;,&quot;copyright&quot;:&quot;&quot;,&quot;focal_length&quot;:&quot;0&quot;,&quot;iso&quot;:&quot;0&quot;,&quot;shutter_speed&quot;:&quot;0&quot;,&quot;title&quot;:&quot;&quot;,&quot;orientation&quot;:&quot;0&quot;}\" data-image-title=\"HC\" data-image-description=\"\" data-image-caption=\"\" data-medium-file=\"https:\/\/i0.wp.com\/gersonguelmann.com.br\/blog\/wp-content\/uploads\/2018\/05\/HC.jpg?fit=180%2C300&amp;ssl=1\" data-large-file=\"https:\/\/i0.wp.com\/gersonguelmann.com.br\/blog\/wp-content\/uploads\/2018\/05\/HC.jpg?fit=571%2C950&amp;ssl=1\" class=\"size-medium wp-image-12409 aligncenter\" src=\"https:\/\/i0.wp.com\/gersonguelmann.com.br\/blog\/wp-content\/uploads\/2018\/05\/HC.jpg?resize=180%2C300&#038;ssl=1\" alt=\"\" width=\"180\" height=\"300\" srcset=\"https:\/\/i0.wp.com\/gersonguelmann.com.br\/blog\/wp-content\/uploads\/2018\/05\/HC.jpg?resize=180%2C300&amp;ssl=1 180w, https:\/\/i0.wp.com\/gersonguelmann.com.br\/blog\/wp-content\/uploads\/2018\/05\/HC.jpg?w=571&amp;ssl=1 571w\" sizes=\"(max-width: 180px) 100vw, 180px\" \/><\/span><\/p>\n<p>&nbsp;<\/p>\n<p>&nbsp;<\/p>\n","protected":false},"excerpt":{"rendered":"<p>Voc\u00ea tem um encontro marcado com Diogo Portugal, o humorista Curitibano que faz o Brasil inteiro rir. Ele apresentar\u00e1 o espet\u00e1culo \u201cPortugal \u00e9 Aqui\u201d no pr\u00f3ximo dia 11 de maio, no SESC da Esquina, em que representar\u00e1 seus personagens mais famosos, em formato de stand up comedy. Importante: a renda da apresenta\u00e7\u00e3o ser\u00e1 revertida para [&hellip;]<\/p>\n","protected":false},"author":5,"featured_media":12409,"comment_status":"open","ping_status":"open","sticky":false,"template":"","format":"standard","meta":{"_acf_changed":false,"jetpack_post_was_ever_published":false,"_jetpack_newsletter_access":"","_jetpack_dont_email_post_to_subs":false,"_jetpack_newsletter_tier_id":0,"_jetpack_memberships_contains_paywalled_content":false,"_jetpack_memberships_contains_paid_content":false,"footnotes":"","jetpack_publicize_message":"","jetpack_publicize_feature_enabled":true,"jetpack_social_post_already_shared":true,"jetpack_social_options":{"image_generator_settings":{"template":"highway","default_image_id":0,"font":"","enabled":false},"version":2}},"categories":[1],"tags":[],"class_list":["post-12408","post","type-post","status-publish","format-standard","has-post-thumbnail","hentry","category-sem-categoria"],"acf":[],"yoast_head":"<!-- This site is optimized with the Yoast SEO plugin v27.3 - https:\/\/yoast.com\/product\/yoast-seo-wordpress\/ -->\n<title>Diogo Portugal Em Benef\u00edcio do Hospital de Cl\u00ednicas | Blog do Guelmann<\/title>\n<meta name=\"robots\" content=\"index, follow, max-snippet:-1, max-image-preview:large, max-video-preview:-1\" \/>\n<link rel=\"canonical\" href=\"https:\/\/gersonguelmann.com.br\/blog\/diogo-portugal-em-beneficio-do-hospital-de-clinicas\/\" \/>\n<meta property=\"og:locale\" content=\"pt_BR\" \/>\n<meta property=\"og:type\" content=\"article\" \/>\n<meta property=\"og:title\" content=\"Diogo Portugal Em Benef\u00edcio do Hospital de Cl\u00ednicas | Blog do Guelmann\" \/>\n<meta property=\"og:description\" content=\"Voc\u00ea tem um encontro marcado com Diogo Portugal, o humorista Curitibano que faz o Brasil inteiro rir. Ele apresentar\u00e1 o espet\u00e1culo \u201cPortugal \u00e9 Aqui\u201d no pr\u00f3ximo dia 11 de maio, no SESC da Esquina, em que representar\u00e1 seus personagens mais famosos, em formato de stand up comedy. Importante: a renda da apresenta\u00e7\u00e3o ser\u00e1 revertida para [&hellip;]\" \/>\n<meta property=\"og:url\" content=\"https:\/\/gersonguelmann.com.br\/blog\/diogo-portugal-em-beneficio-do-hospital-de-clinicas\/\" \/>\n<meta property=\"og:site_name\" content=\"Blog do Guelmann\" \/>\n<meta property=\"article:published_time\" content=\"2018-05-03T17:37:44+00:00\" \/>\n<meta property=\"og:image\" content=\"https:\/\/i0.wp.com\/gersonguelmann.com.br\/blog\/wp-content\/uploads\/2018\/05\/HC.jpg?fit=571%2C950&ssl=1\" \/>\n\t<meta property=\"og:image:width\" content=\"571\" \/>\n\t<meta property=\"og:image:height\" content=\"950\" \/>\n\t<meta property=\"og:image:type\" content=\"image\/jpeg\" \/>\n<meta name=\"author\" content=\"Gerson Guelmann\" \/>\n<meta name=\"twitter:card\" content=\"summary_large_image\" \/>\n<meta name=\"twitter:label1\" content=\"Escrito por\" \/>\n\t<meta name=\"twitter:data1\" content=\"Gerson Guelmann\" \/>\n\t<meta name=\"twitter:label2\" content=\"Est. tempo de leitura\" \/>\n\t<meta name=\"twitter:data2\" content=\"1 minuto\" \/>\n<script type=\"application\/ld+json\" class=\"yoast-schema-graph\">{\"@context\":\"https:\\\/\\\/schema.org\",\"@graph\":[{\"@type\":\"Article\",\"@id\":\"https:\\\/\\\/gersonguelmann.com.br\\\/blog\\\/diogo-portugal-em-beneficio-do-hospital-de-clinicas\\\/#article\",\"isPartOf\":{\"@id\":\"https:\\\/\\\/gersonguelmann.com.br\\\/blog\\\/diogo-portugal-em-beneficio-do-hospital-de-clinicas\\\/\"},\"author\":{\"name\":\"Gerson Guelmann\",\"@id\":\"https:\\\/\\\/gersonguelmann.com.br\\\/blog\\\/#\\\/schema\\\/person\\\/87e70e2a786888082f941a482c90569e\"},\"headline\":\"Diogo Portugal Em Benef\u00edcio do Hospital de Cl\u00ednicas\",\"datePublished\":\"2018-05-03T17:37:44+00:00\",\"mainEntityOfPage\":{\"@id\":\"https:\\\/\\\/gersonguelmann.com.br\\\/blog\\\/diogo-portugal-em-beneficio-do-hospital-de-clinicas\\\/\"},\"wordCount\":220,\"commentCount\":0,\"image\":{\"@id\":\"https:\\\/\\\/gersonguelmann.com.br\\\/blog\\\/diogo-portugal-em-beneficio-do-hospital-de-clinicas\\\/#primaryimage\"},\"thumbnailUrl\":\"https:\\\/\\\/i0.wp.com\\\/gersonguelmann.com.br\\\/blog\\\/wp-content\\\/uploads\\\/2018\\\/05\\\/HC.jpg?fit=571%2C950&ssl=1\",\"inLanguage\":\"pt-BR\",\"potentialAction\":[{\"@type\":\"CommentAction\",\"name\":\"Comment\",\"target\":[\"https:\\\/\\\/gersonguelmann.com.br\\\/blog\\\/diogo-portugal-em-beneficio-do-hospital-de-clinicas\\\/#respond\"]}]},{\"@type\":\"WebPage\",\"@id\":\"https:\\\/\\\/gersonguelmann.com.br\\\/blog\\\/diogo-portugal-em-beneficio-do-hospital-de-clinicas\\\/\",\"url\":\"https:\\\/\\\/gersonguelmann.com.br\\\/blog\\\/diogo-portugal-em-beneficio-do-hospital-de-clinicas\\\/\",\"name\":\"Diogo Portugal Em Benef\u00edcio do Hospital de Cl\u00ednicas | Blog do Guelmann\",\"isPartOf\":{\"@id\":\"https:\\\/\\\/gersonguelmann.com.br\\\/blog\\\/#website\"},\"primaryImageOfPage\":{\"@id\":\"https:\\\/\\\/gersonguelmann.com.br\\\/blog\\\/diogo-portugal-em-beneficio-do-hospital-de-clinicas\\\/#primaryimage\"},\"image\":{\"@id\":\"https:\\\/\\\/gersonguelmann.com.br\\\/blog\\\/diogo-portugal-em-beneficio-do-hospital-de-clinicas\\\/#primaryimage\"},\"thumbnailUrl\":\"https:\\\/\\\/i0.wp.com\\\/gersonguelmann.com.br\\\/blog\\\/wp-content\\\/uploads\\\/2018\\\/05\\\/HC.jpg?fit=571%2C950&ssl=1\",\"datePublished\":\"2018-05-03T17:37:44+00:00\",\"author\":{\"@id\":\"https:\\\/\\\/gersonguelmann.com.br\\\/blog\\\/#\\\/schema\\\/person\\\/87e70e2a786888082f941a482c90569e\"},\"inLanguage\":\"pt-BR\",\"potentialAction\":[{\"@type\":\"ReadAction\",\"target\":[\"https:\\\/\\\/gersonguelmann.com.br\\\/blog\\\/diogo-portugal-em-beneficio-do-hospital-de-clinicas\\\/\"]}]},{\"@type\":\"ImageObject\",\"inLanguage\":\"pt-BR\",\"@id\":\"https:\\\/\\\/gersonguelmann.com.br\\\/blog\\\/diogo-portugal-em-beneficio-do-hospital-de-clinicas\\\/#primaryimage\",\"url\":\"https:\\\/\\\/i0.wp.com\\\/gersonguelmann.com.br\\\/blog\\\/wp-content\\\/uploads\\\/2018\\\/05\\\/HC.jpg?fit=571%2C950&ssl=1\",\"contentUrl\":\"https:\\\/\\\/i0.wp.com\\\/gersonguelmann.com.br\\\/blog\\\/wp-content\\\/uploads\\\/2018\\\/05\\\/HC.jpg?fit=571%2C950&ssl=1\",\"width\":571,\"height\":950},{\"@type\":\"WebSite\",\"@id\":\"https:\\\/\\\/gersonguelmann.com.br\\\/blog\\\/#website\",\"url\":\"https:\\\/\\\/gersonguelmann.com.br\\\/blog\\\/\",\"name\":\"Blog do Guelmann\",\"description\":\"Pitadas da sabedoria e do humor judaicos, assuntos do momento e um pouco das hist\u00f3rias que vivi e testemunhei.\",\"potentialAction\":[{\"@type\":\"SearchAction\",\"target\":{\"@type\":\"EntryPoint\",\"urlTemplate\":\"https:\\\/\\\/gersonguelmann.com.br\\\/blog\\\/?s={search_term_string}\"},\"query-input\":{\"@type\":\"PropertyValueSpecification\",\"valueRequired\":true,\"valueName\":\"search_term_string\"}}],\"inLanguage\":\"pt-BR\"},{\"@type\":\"Person\",\"@id\":\"https:\\\/\\\/gersonguelmann.com.br\\\/blog\\\/#\\\/schema\\\/person\\\/87e70e2a786888082f941a482c90569e\",\"name\":\"Gerson Guelmann\",\"image\":{\"@type\":\"ImageObject\",\"inLanguage\":\"pt-BR\",\"@id\":\"https:\\\/\\\/i0.wp.com\\\/gersonguelmann.com.br\\\/blog\\\/wp-content\\\/uploads\\\/2021\\\/08\\\/BLOG.jpeg?fit=96%2C96&ssl=1\",\"url\":\"https:\\\/\\\/i0.wp.com\\\/gersonguelmann.com.br\\\/blog\\\/wp-content\\\/uploads\\\/2021\\\/08\\\/BLOG.jpeg?fit=96%2C96&ssl=1\",\"contentUrl\":\"https:\\\/\\\/i0.wp.com\\\/gersonguelmann.com.br\\\/blog\\\/wp-content\\\/uploads\\\/2021\\\/08\\\/BLOG.jpeg?fit=96%2C96&ssl=1\",\"caption\":\"Gerson Guelmann\"},\"description\":\"Pitadas da sabedoria e do humor judaicos, assuntos do momento e um pouco das hist\u00f3rias que vivi e testemunhei.\"}]}<\/script>\n<!-- \/ Yoast SEO plugin. -->","yoast_head_json":{"title":"Diogo Portugal Em Benef\u00edcio do Hospital de Cl\u00ednicas | Blog do Guelmann","robots":{"index":"index","follow":"follow","max-snippet":"max-snippet:-1","max-image-preview":"max-image-preview:large","max-video-preview":"max-video-preview:-1"},"canonical":"https:\/\/gersonguelmann.com.br\/blog\/diogo-portugal-em-beneficio-do-hospital-de-clinicas\/","og_locale":"pt_BR","og_type":"article","og_title":"Diogo Portugal Em Benef\u00edcio do Hospital de Cl\u00ednicas | Blog do Guelmann","og_description":"Voc\u00ea tem um encontro marcado com Diogo Portugal, o humorista Curitibano que faz o Brasil inteiro rir. Ele apresentar\u00e1 o espet\u00e1culo \u201cPortugal \u00e9 Aqui\u201d no pr\u00f3ximo dia 11 de maio, no SESC da Esquina, em que representar\u00e1 seus personagens mais famosos, em formato de stand up comedy. Importante: a renda da apresenta\u00e7\u00e3o ser\u00e1 revertida para [&hellip;]","og_url":"https:\/\/gersonguelmann.com.br\/blog\/diogo-portugal-em-beneficio-do-hospital-de-clinicas\/","og_site_name":"Blog do Guelmann","article_published_time":"2018-05-03T17:37:44+00:00","og_image":[{"width":571,"height":950,"url":"https:\/\/i0.wp.com\/gersonguelmann.com.br\/blog\/wp-content\/uploads\/2018\/05\/HC.jpg?fit=571%2C950&ssl=1","type":"image\/jpeg"}],"author":"Gerson Guelmann","twitter_card":"summary_large_image","twitter_misc":{"Escrito por":"Gerson Guelmann","Est. tempo de leitura":"1 minuto"},"schema":{"@context":"https:\/\/schema.org","@graph":[{"@type":"Article","@id":"https:\/\/gersonguelmann.com.br\/blog\/diogo-portugal-em-beneficio-do-hospital-de-clinicas\/#article","isPartOf":{"@id":"https:\/\/gersonguelmann.com.br\/blog\/diogo-portugal-em-beneficio-do-hospital-de-clinicas\/"},"author":{"name":"Gerson Guelmann","@id":"https:\/\/gersonguelmann.com.br\/blog\/#\/schema\/person\/87e70e2a786888082f941a482c90569e"},"headline":"Diogo Portugal Em Benef\u00edcio do Hospital de Cl\u00ednicas","datePublished":"2018-05-03T17:37:44+00:00","mainEntityOfPage":{"@id":"https:\/\/gersonguelmann.com.br\/blog\/diogo-portugal-em-beneficio-do-hospital-de-clinicas\/"},"wordCount":220,"commentCount":0,"image":{"@id":"https:\/\/gersonguelmann.com.br\/blog\/diogo-portugal-em-beneficio-do-hospital-de-clinicas\/#primaryimage"},"thumbnailUrl":"https:\/\/i0.wp.com\/gersonguelmann.com.br\/blog\/wp-content\/uploads\/2018\/05\/HC.jpg?fit=571%2C950&ssl=1","inLanguage":"pt-BR","potentialAction":[{"@type":"CommentAction","name":"Comment","target":["https:\/\/gersonguelmann.com.br\/blog\/diogo-portugal-em-beneficio-do-hospital-de-clinicas\/#respond"]}]},{"@type":"WebPage","@id":"https:\/\/gersonguelmann.com.br\/blog\/diogo-portugal-em-beneficio-do-hospital-de-clinicas\/","url":"https:\/\/gersonguelmann.com.br\/blog\/diogo-portugal-em-beneficio-do-hospital-de-clinicas\/","name":"Diogo Portugal Em Benef\u00edcio do Hospital de Cl\u00ednicas | Blog do Guelmann","isPartOf":{"@id":"https:\/\/gersonguelmann.com.br\/blog\/#website"},"primaryImageOfPage":{"@id":"https:\/\/gersonguelmann.com.br\/blog\/diogo-portugal-em-beneficio-do-hospital-de-clinicas\/#primaryimage"},"image":{"@id":"https:\/\/gersonguelmann.com.br\/blog\/diogo-portugal-em-beneficio-do-hospital-de-clinicas\/#primaryimage"},"thumbnailUrl":"https:\/\/i0.wp.com\/gersonguelmann.com.br\/blog\/wp-content\/uploads\/2018\/05\/HC.jpg?fit=571%2C950&ssl=1","datePublished":"2018-05-03T17:37:44+00:00","author":{"@id":"https:\/\/gersonguelmann.com.br\/blog\/#\/schema\/person\/87e70e2a786888082f941a482c90569e"},"inLanguage":"pt-BR","potentialAction":[{"@type":"ReadAction","target":["https:\/\/gersonguelmann.com.br\/blog\/diogo-portugal-em-beneficio-do-hospital-de-clinicas\/"]}]},{"@type":"ImageObject","inLanguage":"pt-BR","@id":"https:\/\/gersonguelmann.com.br\/blog\/diogo-portugal-em-beneficio-do-hospital-de-clinicas\/#primaryimage","url":"https:\/\/i0.wp.com\/gersonguelmann.com.br\/blog\/wp-content\/uploads\/2018\/05\/HC.jpg?fit=571%2C950&ssl=1","contentUrl":"https:\/\/i0.wp.com\/gersonguelmann.com.br\/blog\/wp-content\/uploads\/2018\/05\/HC.jpg?fit=571%2C950&ssl=1","width":571,"height":950},{"@type":"WebSite","@id":"https:\/\/gersonguelmann.com.br\/blog\/#website","url":"https:\/\/gersonguelmann.com.br\/blog\/","name":"Blog do Guelmann","description":"Pitadas da sabedoria e do humor judaicos, assuntos do momento e um pouco das hist\u00f3rias que vivi e testemunhei.","potentialAction":[{"@type":"SearchAction","target":{"@type":"EntryPoint","urlTemplate":"https:\/\/gersonguelmann.com.br\/blog\/?s={search_term_string}"},"query-input":{"@type":"PropertyValueSpecification","valueRequired":true,"valueName":"search_term_string"}}],"inLanguage":"pt-BR"},{"@type":"Person","@id":"https:\/\/gersonguelmann.com.br\/blog\/#\/schema\/person\/87e70e2a786888082f941a482c90569e","name":"Gerson Guelmann","image":{"@type":"ImageObject","inLanguage":"pt-BR","@id":"https:\/\/i0.wp.com\/gersonguelmann.com.br\/blog\/wp-content\/uploads\/2021\/08\/BLOG.jpeg?fit=96%2C96&ssl=1","url":"https:\/\/i0.wp.com\/gersonguelmann.com.br\/blog\/wp-content\/uploads\/2021\/08\/BLOG.jpeg?fit=96%2C96&ssl=1","contentUrl":"https:\/\/i0.wp.com\/gersonguelmann.com.br\/blog\/wp-content\/uploads\/2021\/08\/BLOG.jpeg?fit=96%2C96&ssl=1","caption":"Gerson Guelmann"},"description":"Pitadas da sabedoria e do humor judaicos, assuntos do momento e um pouco das hist\u00f3rias que vivi e testemunhei."}]}},"views":33,"jetpack_publicize_connections":[],"jetpack_featured_media_url":"https:\/\/i0.wp.com\/gersonguelmann.com.br\/blog\/wp-content\/uploads\/2018\/05\/HC.jpg?fit=571%2C950&ssl=1","jetpack_shortlink":"https:\/\/wp.me\/p96e7O-3e8","jetpack-related-posts":[{"id":13633,"url":"https:\/\/gersonguelmann.com.br\/blog\/diogo-portugal-imigrante-salva-crianca-danny-glover-tenta-salvar-lula\/","url_meta":{"origin":12408,"position":0},"title":"Diogo Portugal: Imigrante Salva Crian\u00e7a, Danny Glover Tenta Salvar Lula","author":"Gerson Guelmann","date":"4 de junho de 2018","format":false,"excerpt":"Foto:\u00a0Ricardo Stuckert No \u00faltimo stand-up, o Diogo Portugal fala sobre temas que estiveram na m\u00eddia na \u00faltima semana: o imigrante que salvou uma crian\u00e7a em Paris, a visita do ator\u00a0Danny Glover ao ex-presidente Lula e a demiss\u00e3o de Pedro Parente da presid\u00eancia da Petrobras. https:\/\/www.youtube.com\/watch?v=Km500DcVw1w&feature=youtu.be","rel":"","context":"Em &quot;Sem categoria&quot;","block_context":{"text":"Sem categoria","link":"https:\/\/gersonguelmann.com.br\/blog\/category\/sem-categoria\/"},"img":{"alt_text":"","src":"https:\/\/i0.wp.com\/gersonguelmann.com.br\/blog\/wp-content\/uploads\/2018\/06\/DG.jpg?fit=900%2C506&ssl=1&resize=350%2C200","width":350,"height":200,"srcset":"https:\/\/i0.wp.com\/gersonguelmann.com.br\/blog\/wp-content\/uploads\/2018\/06\/DG.jpg?fit=900%2C506&ssl=1&resize=350%2C200 1x, https:\/\/i0.wp.com\/gersonguelmann.com.br\/blog\/wp-content\/uploads\/2018\/06\/DG.jpg?fit=900%2C506&ssl=1&resize=525%2C300 1.5x, https:\/\/i0.wp.com\/gersonguelmann.com.br\/blog\/wp-content\/uploads\/2018\/06\/DG.jpg?fit=900%2C506&ssl=1&resize=700%2C400 2x"},"classes":[]},{"id":13859,"url":"https:\/\/gersonguelmann.com.br\/blog\/diogo-portugal-vai-de-silvio-santos-a-ejaculacao-precoce\/","url_meta":{"origin":12408,"position":1},"title":"Diogo Portugal Vai de Silvio Santos a Ejacula\u00e7\u00e3o Precoce","author":"Gerson Guelmann","date":"11 de junho de 2018","format":false,"excerpt":"No stand-up desta semana o nosso Diogo Portugal comenta sobre o Silvio Santos, que chamou Preta Gil de\u00a0 \"gorda\" e fala da mulher que esfaqueou o parceiro que ejaculou antes da hora. https:\/\/www.youtube.com\/watch?v=FuPnJxogLhs&feature=youtu.be","rel":"","context":"Em &quot;Sem categoria&quot;","block_context":{"text":"Sem categoria","link":"https:\/\/gersonguelmann.com.br\/blog\/category\/sem-categoria\/"},"img":{"alt_text":"","src":"https:\/\/i0.wp.com\/gersonguelmann.com.br\/blog\/wp-content\/uploads\/2018\/06\/SilvioSantos.jpg?fit=1200%2C675&ssl=1&resize=350%2C200","width":350,"height":200,"srcset":"https:\/\/i0.wp.com\/gersonguelmann.com.br\/blog\/wp-content\/uploads\/2018\/06\/SilvioSantos.jpg?fit=1200%2C675&ssl=1&resize=350%2C200 1x, https:\/\/i0.wp.com\/gersonguelmann.com.br\/blog\/wp-content\/uploads\/2018\/06\/SilvioSantos.jpg?fit=1200%2C675&ssl=1&resize=525%2C300 1.5x, https:\/\/i0.wp.com\/gersonguelmann.com.br\/blog\/wp-content\/uploads\/2018\/06\/SilvioSantos.jpg?fit=1200%2C675&ssl=1&resize=700%2C400 2x, https:\/\/i0.wp.com\/gersonguelmann.com.br\/blog\/wp-content\/uploads\/2018\/06\/SilvioSantos.jpg?fit=1200%2C675&ssl=1&resize=1050%2C600 3x"},"classes":[]},{"id":11980,"url":"https:\/\/gersonguelmann.com.br\/blog\/diogo-portugal-e-o-dia-de-sao-jorge\/","url_meta":{"origin":12408,"position":2},"title":"Diogo Portugal e o Dia de S\u00e3o Jorge","author":"Gerson Guelmann","date":"23 de abril de 2018","format":false,"excerpt":"Mais uma do genial Diogo Portugal. A de hoje \u00e9 para marcar o Dia de S\u00e3o Jorge. https:\/\/www.youtube.com\/watch?v=cQZ-dgLK_sg","rel":"","context":"Em &quot;Sem categoria&quot;","block_context":{"text":"Sem categoria","link":"https:\/\/gersonguelmann.com.br\/blog\/category\/sem-categoria\/"},"img":{"alt_text":"","src":"https:\/\/i0.wp.com\/gersonguelmann.com.br\/blog\/wp-content\/uploads\/2018\/04\/S%C3%A3o-Jorge.jpg?resize=350%2C200&ssl=1","width":350,"height":200},"classes":[]},{"id":15194,"url":"https:\/\/gersonguelmann.com.br\/blog\/lula-e-a-juiza-por-diogo-portugal\/","url_meta":{"origin":12408,"position":3},"title":"Lula e a Ju\u00edza, Por Diogo Portugal","author":"Gerson Guelmann","date":"17 de novembro de 2018","format":false,"excerpt":"Est\u00e1 dispon\u00edvel o v\u00eddeo do \u00faltimo stand-up do Diogo Portugal, onde ele fala do embate entre o ex-presidente Lula e a Ju\u00edza Gabriela Hardt, que conduziu o depoimento dele h\u00e1 poucos dias: https:\/\/www.youtube.com\/watch?v=q0IW8ay8wcA&feature=youtu.be","rel":"","context":"Em &quot;Sem categoria&quot;","block_context":{"text":"Sem categoria","link":"https:\/\/gersonguelmann.com.br\/blog\/category\/sem-categoria\/"},"img":{"alt_text":"","src":"https:\/\/i0.wp.com\/gersonguelmann.com.br\/blog\/wp-content\/uploads\/2018\/11\/download-1-300x168.jpg?resize=350%2C200&ssl=1","width":350,"height":200},"classes":[]},{"id":11302,"url":"https:\/\/gersonguelmann.com.br\/blog\/a-derrota-do-lula-no-stf-por-diogo-portugal\/","url_meta":{"origin":12408,"position":4},"title":"A Derrota do Lula no STF, Por Diogo Portugal","author":"Gerson Guelmann","date":"5 de abril de 2018","format":false,"excerpt":"Diogo Portugal n\u00e3o perdeu tempo. Ontem mesmo, logo ap\u00f3s o julgamento, incluiu no seu stand-up a an\u00e1lise da sess\u00e3o de ontem do STF. https:\/\/www.youtube.com\/watch?v=yA_lZFSSOIE&feature=youtu.be","rel":"","context":"Em &quot;Sem categoria&quot;","block_context":{"text":"Sem categoria","link":"https:\/\/gersonguelmann.com.br\/blog\/category\/sem-categoria\/"},"img":{"alt_text":"","src":"https:\/\/i0.wp.com\/gersonguelmann.com.br\/blog\/wp-content\/uploads\/2018\/04\/Lula-1.jpg?resize=350%2C200&ssl=1","width":350,"height":200},"classes":[]},{"id":10975,"url":"https:\/\/gersonguelmann.com.br\/blog\/lula-e-os-10-mandamentos-segundo-portugal\/","url_meta":{"origin":12408,"position":5},"title":"Lula e Os 10 Mandamentos, Segundo Diogo Portugal","author":"Gerson Guelmann","date":"28 de mar\u00e7o de 2018","format":false,"excerpt":"Stand-up do Diogo Portugal sobre a j\u00e1 famosa sess\u00e3o do STF que adiou o julgamento do Habeas Corpus do Lula. https:\/\/www.youtube.com\/watch?v=CGYfVOh29FI&feature=youtu.be","rel":"","context":"Em &quot;Sem categoria&quot;","block_context":{"text":"Sem categoria","link":"https:\/\/gersonguelmann.com.br\/blog\/category\/sem-categoria\/"},"img":{"alt_text":"","src":"https:\/\/i0.wp.com\/gersonguelmann.com.br\/blog\/wp-content\/uploads\/2018\/03\/10-Mandamentos.jpg?fit=612%2C612&ssl=1&resize=350%2C200","width":350,"height":200,"srcset":"https:\/\/i0.wp.com\/gersonguelmann.com.br\/blog\/wp-content\/uploads\/2018\/03\/10-Mandamentos.jpg?fit=612%2C612&ssl=1&resize=350%2C200 1x, https:\/\/i0.wp.com\/gersonguelmann.com.br\/blog\/wp-content\/uploads\/2018\/03\/10-Mandamentos.jpg?fit=612%2C612&ssl=1&resize=525%2C300 1.5x"},"classes":[]}],"jetpack_sharing_enabled":true,"post_mailing_queue_ids":[],"_links":{"self":[{"href":"https:\/\/gersonguelmann.com.br\/blog\/wp-json\/wp\/v2\/posts\/12408","targetHints":{"allow":["GET"]}}],"collection":[{"href":"https:\/\/gersonguelmann.com.br\/blog\/wp-json\/wp\/v2\/posts"}],"about":[{"href":"https:\/\/gersonguelmann.com.br\/blog\/wp-json\/wp\/v2\/types\/post"}],"author":[{"embeddable":true,"href":"https:\/\/gersonguelmann.com.br\/blog\/wp-json\/wp\/v2\/users\/5"}],"replies":[{"embeddable":true,"href":"https:\/\/gersonguelmann.com.br\/blog\/wp-json\/wp\/v2\/comments?post=12408"}],"version-history":[{"count":0,"href":"https:\/\/gersonguelmann.com.br\/blog\/wp-json\/wp\/v2\/posts\/12408\/revisions"}],"wp:featuredmedia":[{"embeddable":true,"href":"https:\/\/gersonguelmann.com.br\/blog\/wp-json\/wp\/v2\/media\/12409"}],"wp:attachment":[{"href":"https:\/\/gersonguelmann.com.br\/blog\/wp-json\/wp\/v2\/media?parent=12408"}],"wp:term":[{"taxonomy":"category","embeddable":true,"href":"https:\/\/gersonguelmann.com.br\/blog\/wp-json\/wp\/v2\/categories?post=12408"},{"taxonomy":"post_tag","embeddable":true,"href":"https:\/\/gersonguelmann.com.br\/blog\/wp-json\/wp\/v2\/tags?post=12408"}],"curies":[{"name":"wp","href":"https:\/\/api.w.org\/{rel}","templated":true}]}}