    {"id":12411,"date":"2018-05-03T15:52:37","date_gmt":"2018-05-03T18:52:37","guid":{"rendered":"https:\/\/gersonguelmann.com.br\/blog\/?p=12411"},"modified":"2018-05-03T15:53:00","modified_gmt":"2018-05-03T18:53:00","slug":"embaixador-dos-eua-em-israel-convida-para-abertura-nova-embaixada-jerusalem","status":"publish","type":"post","link":"https:\/\/gersonguelmann.com.br\/blog\/embaixador-dos-eua-em-israel-convida-para-abertura-nova-embaixada-jerusalem\/","title":{"rendered":"O Embaixador dos EUA Em Israel Convida Para a Abertura da Nova Embaixada"},"content":{"rendered":"<p style=\"text-align: center;\"><img data-recalc-dims=\"1\" fetchpriority=\"high\" decoding=\"async\" data-attachment-id=\"12412\" data-permalink=\"https:\/\/gersonguelmann.com.br\/blog\/embaixador-dos-eua-em-israel-convida-para-abertura-nova-embaixada-jerusalem\/merlin_134540252_d1feccad-2d96-47c7-8b34-188c09990c68-jumbo\/\" data-orig-file=\"https:\/\/i0.wp.com\/gersonguelmann.com.br\/blog\/wp-content\/uploads\/2018\/05\/merlin_134540252_d1feccad-2d96-47c7-8b34-188c09990c68-jumbo.jpg?fit=1024%2C672&amp;ssl=1\" data-orig-size=\"1024,672\" data-comments-opened=\"1\" data-image-meta=\"{&quot;aperture&quot;:&quot;0&quot;,&quot;credit&quot;:&quot;&quot;,&quot;camera&quot;:&quot;&quot;,&quot;caption&quot;:&quot;&quot;,&quot;created_timestamp&quot;:&quot;0&quot;,&quot;copyright&quot;:&quot;&quot;,&quot;focal_length&quot;:&quot;0&quot;,&quot;iso&quot;:&quot;0&quot;,&quot;shutter_speed&quot;:&quot;0&quot;,&quot;title&quot;:&quot;&quot;,&quot;orientation&quot;:&quot;0&quot;}\" data-image-title=\"merlin_134540252_d1feccad-2d96-47c7-8b34-188c09990c68-jumbo\" data-image-description=\"\" data-image-caption=\"\" data-medium-file=\"https:\/\/i0.wp.com\/gersonguelmann.com.br\/blog\/wp-content\/uploads\/2018\/05\/merlin_134540252_d1feccad-2d96-47c7-8b34-188c09990c68-jumbo.jpg?fit=300%2C197&amp;ssl=1\" data-large-file=\"https:\/\/i0.wp.com\/gersonguelmann.com.br\/blog\/wp-content\/uploads\/2018\/05\/merlin_134540252_d1feccad-2d96-47c7-8b34-188c09990c68-jumbo.jpg?fit=640%2C420&amp;ssl=1\" class=\"alignnone size-medium wp-image-12412\" src=\"https:\/\/i0.wp.com\/gersonguelmann.com.br\/blog\/wp-content\/uploads\/2018\/05\/merlin_134540252_d1feccad-2d96-47c7-8b34-188c09990c68-jumbo.jpg?resize=300%2C197&#038;ssl=1\" alt=\"\" width=\"300\" height=\"197\" srcset=\"https:\/\/i0.wp.com\/gersonguelmann.com.br\/blog\/wp-content\/uploads\/2018\/05\/merlin_134540252_d1feccad-2d96-47c7-8b34-188c09990c68-jumbo.jpg?resize=300%2C197&amp;ssl=1 300w, https:\/\/i0.wp.com\/gersonguelmann.com.br\/blog\/wp-content\/uploads\/2018\/05\/merlin_134540252_d1feccad-2d96-47c7-8b34-188c09990c68-jumbo.jpg?resize=768%2C504&amp;ssl=1 768w, https:\/\/i0.wp.com\/gersonguelmann.com.br\/blog\/wp-content\/uploads\/2018\/05\/merlin_134540252_d1feccad-2d96-47c7-8b34-188c09990c68-jumbo.jpg?w=1024&amp;ssl=1 1024w\" sizes=\"(max-width: 300px) 100vw, 300px\" \/><br \/>\n<span style=\"font-family: georgia, palatino, serif; font-size: 10pt; color: #808080;\"><em><strong>Foto: The New York Times<\/strong><\/em><\/span><\/p>\n<p><span style=\"font-family: georgia, palatino, serif; font-size: 18pt; color: #000000;\">Momento hist\u00f3rico: <\/span><\/p>\n<p style=\"text-align: left;\"><span style=\"font-family: georgia, palatino, serif; font-size: 18pt; color: #000000;\">&#8211; <em>o Embaixador dos Estados Unidos em Israel, Sr. David Friedman, est\u00e1 expedindo os convites para a abertura da Embaixada em Jerusal\u00e9m, no pr\u00f3ximo dia 14<\/em>.<\/span><\/p>\n<p>&nbsp;<\/p>\n<p><img data-recalc-dims=\"1\" decoding=\"async\" data-attachment-id=\"12413\" data-permalink=\"https:\/\/gersonguelmann.com.br\/blog\/embaixador-dos-eua-em-israel-convida-para-abertura-nova-embaixada-jerusalem\/convite\/\" data-orig-file=\"https:\/\/i0.wp.com\/gersonguelmann.com.br\/blog\/wp-content\/uploads\/2018\/05\/Convite.jpg?fit=730%2C1280&amp;ssl=1\" data-orig-size=\"730,1280\" data-comments-opened=\"1\" data-image-meta=\"{&quot;aperture&quot;:&quot;0&quot;,&quot;credit&quot;:&quot;&quot;,&quot;camera&quot;:&quot;&quot;,&quot;caption&quot;:&quot;&quot;,&quot;created_timestamp&quot;:&quot;0&quot;,&quot;copyright&quot;:&quot;&quot;,&quot;focal_length&quot;:&quot;0&quot;,&quot;iso&quot;:&quot;0&quot;,&quot;shutter_speed&quot;:&quot;0&quot;,&quot;title&quot;:&quot;&quot;,&quot;orientation&quot;:&quot;0&quot;}\" data-image-title=\"Convite\" data-image-description=\"\" data-image-caption=\"\" data-medium-file=\"https:\/\/i0.wp.com\/gersonguelmann.com.br\/blog\/wp-content\/uploads\/2018\/05\/Convite.jpg?fit=171%2C300&amp;ssl=1\" data-large-file=\"https:\/\/i0.wp.com\/gersonguelmann.com.br\/blog\/wp-content\/uploads\/2018\/05\/Convite.jpg?fit=584%2C1024&amp;ssl=1\" class=\"size-medium wp-image-12413 aligncenter\" src=\"https:\/\/i0.wp.com\/gersonguelmann.com.br\/blog\/wp-content\/uploads\/2018\/05\/Convite.jpg?resize=171%2C300&#038;ssl=1\" alt=\"\" width=\"171\" height=\"300\" srcset=\"https:\/\/i0.wp.com\/gersonguelmann.com.br\/blog\/wp-content\/uploads\/2018\/05\/Convite.jpg?resize=171%2C300&amp;ssl=1 171w, https:\/\/i0.wp.com\/gersonguelmann.com.br\/blog\/wp-content\/uploads\/2018\/05\/Convite.jpg?resize=584%2C1024&amp;ssl=1 584w, https:\/\/i0.wp.com\/gersonguelmann.com.br\/blog\/wp-content\/uploads\/2018\/05\/Convite.jpg?w=730&amp;ssl=1 730w\" sizes=\"(max-width: 171px) 100vw, 171px\" \/><\/p>\n","protected":false},"excerpt":{"rendered":"<p>Foto: The New York Times Momento hist\u00f3rico: &#8211; o Embaixador dos Estados Unidos em Israel, Sr. David Friedman, est\u00e1 expedindo os convites para a abertura da Embaixada em Jerusal\u00e9m, no pr\u00f3ximo dia 14. &nbsp;<\/p>\n","protected":false},"author":5,"featured_media":12412,"comment_status":"open","ping_status":"open","sticky":false,"template":"","format":"standard","meta":{"_acf_changed":false,"jetpack_post_was_ever_published":false,"_jetpack_newsletter_access":"","_jetpack_dont_email_post_to_subs":false,"_jetpack_newsletter_tier_id":0,"_jetpack_memberships_contains_paywalled_content":false,"_jetpack_memberships_contains_paid_content":false,"footnotes":"","jetpack_publicize_message":"","jetpack_publicize_feature_enabled":true,"jetpack_social_post_already_shared":true,"jetpack_social_options":{"image_generator_settings":{"template":"highway","default_image_id":0,"font":"","enabled":false},"version":2}},"categories":[1],"tags":[],"class_list":["post-12411","post","type-post","status-publish","format-standard","has-post-thumbnail","hentry","category-sem-categoria"],"acf":[],"yoast_head":"<!-- This site is optimized with the Yoast SEO plugin v27.3 - https:\/\/yoast.com\/product\/yoast-seo-wordpress\/ -->\n<title>O Embaixador dos EUA Em Israel Convida Para a Abertura da Nova Embaixada | Blog do Guelmann<\/title>\n<meta name=\"robots\" content=\"index, follow, max-snippet:-1, max-image-preview:large, max-video-preview:-1\" \/>\n<link rel=\"canonical\" href=\"https:\/\/gersonguelmann.com.br\/blog\/embaixador-dos-eua-em-israel-convida-para-abertura-nova-embaixada-jerusalem\/\" \/>\n<meta property=\"og:locale\" content=\"pt_BR\" \/>\n<meta property=\"og:type\" content=\"article\" \/>\n<meta property=\"og:title\" content=\"O Embaixador dos EUA Em Israel Convida Para a Abertura da Nova Embaixada | Blog do Guelmann\" \/>\n<meta property=\"og:description\" content=\"Foto: The New York Times Momento hist\u00f3rico: &#8211; o Embaixador dos Estados Unidos em Israel, Sr. David Friedman, est\u00e1 expedindo os convites para a abertura da Embaixada em Jerusal\u00e9m, no pr\u00f3ximo dia 14. &nbsp;\" \/>\n<meta property=\"og:url\" content=\"https:\/\/gersonguelmann.com.br\/blog\/embaixador-dos-eua-em-israel-convida-para-abertura-nova-embaixada-jerusalem\/\" \/>\n<meta property=\"og:site_name\" content=\"Blog do Guelmann\" \/>\n<meta property=\"article:published_time\" content=\"2018-05-03T18:52:37+00:00\" \/>\n<meta property=\"article:modified_time\" content=\"2018-05-03T18:53:00+00:00\" \/>\n<meta property=\"og:image\" content=\"https:\/\/i0.wp.com\/gersonguelmann.com.br\/blog\/wp-content\/uploads\/2018\/05\/merlin_134540252_d1feccad-2d96-47c7-8b34-188c09990c68-jumbo.jpg?fit=1024%2C672&ssl=1\" \/>\n\t<meta property=\"og:image:width\" content=\"1024\" \/>\n\t<meta property=\"og:image:height\" content=\"672\" \/>\n\t<meta property=\"og:image:type\" content=\"image\/jpeg\" \/>\n<meta name=\"author\" content=\"Gerson Guelmann\" \/>\n<meta name=\"twitter:card\" content=\"summary_large_image\" \/>\n<meta name=\"twitter:label1\" content=\"Escrito por\" \/>\n\t<meta name=\"twitter:data1\" content=\"Gerson Guelmann\" \/>\n<script type=\"application\/ld+json\" class=\"yoast-schema-graph\">{\"@context\":\"https:\\\/\\\/schema.org\",\"@graph\":[{\"@type\":\"Article\",\"@id\":\"https:\\\/\\\/gersonguelmann.com.br\\\/blog\\\/embaixador-dos-eua-em-israel-convida-para-abertura-nova-embaixada-jerusalem\\\/#article\",\"isPartOf\":{\"@id\":\"https:\\\/\\\/gersonguelmann.com.br\\\/blog\\\/embaixador-dos-eua-em-israel-convida-para-abertura-nova-embaixada-jerusalem\\\/\"},\"author\":{\"name\":\"Gerson Guelmann\",\"@id\":\"https:\\\/\\\/gersonguelmann.com.br\\\/blog\\\/#\\\/schema\\\/person\\\/87e70e2a786888082f941a482c90569e\"},\"headline\":\"O Embaixador dos EUA Em Israel Convida Para a Abertura da Nova Embaixada\",\"datePublished\":\"2018-05-03T18:52:37+00:00\",\"dateModified\":\"2018-05-03T18:53:00+00:00\",\"mainEntityOfPage\":{\"@id\":\"https:\\\/\\\/gersonguelmann.com.br\\\/blog\\\/embaixador-dos-eua-em-israel-convida-para-abertura-nova-embaixada-jerusalem\\\/\"},\"wordCount\":49,\"commentCount\":0,\"image\":{\"@id\":\"https:\\\/\\\/gersonguelmann.com.br\\\/blog\\\/embaixador-dos-eua-em-israel-convida-para-abertura-nova-embaixada-jerusalem\\\/#primaryimage\"},\"thumbnailUrl\":\"https:\\\/\\\/i0.wp.com\\\/gersonguelmann.com.br\\\/blog\\\/wp-content\\\/uploads\\\/2018\\\/05\\\/merlin_134540252_d1feccad-2d96-47c7-8b34-188c09990c68-jumbo.jpg?fit=1024%2C672&ssl=1\",\"inLanguage\":\"pt-BR\",\"potentialAction\":[{\"@type\":\"CommentAction\",\"name\":\"Comment\",\"target\":[\"https:\\\/\\\/gersonguelmann.com.br\\\/blog\\\/embaixador-dos-eua-em-israel-convida-para-abertura-nova-embaixada-jerusalem\\\/#respond\"]}]},{\"@type\":\"WebPage\",\"@id\":\"https:\\\/\\\/gersonguelmann.com.br\\\/blog\\\/embaixador-dos-eua-em-israel-convida-para-abertura-nova-embaixada-jerusalem\\\/\",\"url\":\"https:\\\/\\\/gersonguelmann.com.br\\\/blog\\\/embaixador-dos-eua-em-israel-convida-para-abertura-nova-embaixada-jerusalem\\\/\",\"name\":\"O Embaixador dos EUA Em Israel Convida Para a Abertura da Nova Embaixada | Blog do Guelmann\",\"isPartOf\":{\"@id\":\"https:\\\/\\\/gersonguelmann.com.br\\\/blog\\\/#website\"},\"primaryImageOfPage\":{\"@id\":\"https:\\\/\\\/gersonguelmann.com.br\\\/blog\\\/embaixador-dos-eua-em-israel-convida-para-abertura-nova-embaixada-jerusalem\\\/#primaryimage\"},\"image\":{\"@id\":\"https:\\\/\\\/gersonguelmann.com.br\\\/blog\\\/embaixador-dos-eua-em-israel-convida-para-abertura-nova-embaixada-jerusalem\\\/#primaryimage\"},\"thumbnailUrl\":\"https:\\\/\\\/i0.wp.com\\\/gersonguelmann.com.br\\\/blog\\\/wp-content\\\/uploads\\\/2018\\\/05\\\/merlin_134540252_d1feccad-2d96-47c7-8b34-188c09990c68-jumbo.jpg?fit=1024%2C672&ssl=1\",\"datePublished\":\"2018-05-03T18:52:37+00:00\",\"dateModified\":\"2018-05-03T18:53:00+00:00\",\"author\":{\"@id\":\"https:\\\/\\\/gersonguelmann.com.br\\\/blog\\\/#\\\/schema\\\/person\\\/87e70e2a786888082f941a482c90569e\"},\"inLanguage\":\"pt-BR\",\"potentialAction\":[{\"@type\":\"ReadAction\",\"target\":[\"https:\\\/\\\/gersonguelmann.com.br\\\/blog\\\/embaixador-dos-eua-em-israel-convida-para-abertura-nova-embaixada-jerusalem\\\/\"]}]},{\"@type\":\"ImageObject\",\"inLanguage\":\"pt-BR\",\"@id\":\"https:\\\/\\\/gersonguelmann.com.br\\\/blog\\\/embaixador-dos-eua-em-israel-convida-para-abertura-nova-embaixada-jerusalem\\\/#primaryimage\",\"url\":\"https:\\\/\\\/i0.wp.com\\\/gersonguelmann.com.br\\\/blog\\\/wp-content\\\/uploads\\\/2018\\\/05\\\/merlin_134540252_d1feccad-2d96-47c7-8b34-188c09990c68-jumbo.jpg?fit=1024%2C672&ssl=1\",\"contentUrl\":\"https:\\\/\\\/i0.wp.com\\\/gersonguelmann.com.br\\\/blog\\\/wp-content\\\/uploads\\\/2018\\\/05\\\/merlin_134540252_d1feccad-2d96-47c7-8b34-188c09990c68-jumbo.jpg?fit=1024%2C672&ssl=1\",\"width\":1024,\"height\":672},{\"@type\":\"WebSite\",\"@id\":\"https:\\\/\\\/gersonguelmann.com.br\\\/blog\\\/#website\",\"url\":\"https:\\\/\\\/gersonguelmann.com.br\\\/blog\\\/\",\"name\":\"Blog do Guelmann\",\"description\":\"Pitadas da sabedoria e do humor judaicos, assuntos do momento e um pouco das hist\u00f3rias que vivi e testemunhei.\",\"potentialAction\":[{\"@type\":\"SearchAction\",\"target\":{\"@type\":\"EntryPoint\",\"urlTemplate\":\"https:\\\/\\\/gersonguelmann.com.br\\\/blog\\\/?s={search_term_string}\"},\"query-input\":{\"@type\":\"PropertyValueSpecification\",\"valueRequired\":true,\"valueName\":\"search_term_string\"}}],\"inLanguage\":\"pt-BR\"},{\"@type\":\"Person\",\"@id\":\"https:\\\/\\\/gersonguelmann.com.br\\\/blog\\\/#\\\/schema\\\/person\\\/87e70e2a786888082f941a482c90569e\",\"name\":\"Gerson Guelmann\",\"image\":{\"@type\":\"ImageObject\",\"inLanguage\":\"pt-BR\",\"@id\":\"https:\\\/\\\/i0.wp.com\\\/gersonguelmann.com.br\\\/blog\\\/wp-content\\\/uploads\\\/2021\\\/08\\\/BLOG.jpeg?fit=96%2C96&ssl=1\",\"url\":\"https:\\\/\\\/i0.wp.com\\\/gersonguelmann.com.br\\\/blog\\\/wp-content\\\/uploads\\\/2021\\\/08\\\/BLOG.jpeg?fit=96%2C96&ssl=1\",\"contentUrl\":\"https:\\\/\\\/i0.wp.com\\\/gersonguelmann.com.br\\\/blog\\\/wp-content\\\/uploads\\\/2021\\\/08\\\/BLOG.jpeg?fit=96%2C96&ssl=1\",\"caption\":\"Gerson Guelmann\"},\"description\":\"Pitadas da sabedoria e do humor judaicos, assuntos do momento e um pouco das hist\u00f3rias que vivi e testemunhei.\"}]}<\/script>\n<!-- \/ Yoast SEO plugin. -->","yoast_head_json":{"title":"O Embaixador dos EUA Em Israel Convida Para a Abertura da Nova Embaixada | Blog do Guelmann","robots":{"index":"index","follow":"follow","max-snippet":"max-snippet:-1","max-image-preview":"max-image-preview:large","max-video-preview":"max-video-preview:-1"},"canonical":"https:\/\/gersonguelmann.com.br\/blog\/embaixador-dos-eua-em-israel-convida-para-abertura-nova-embaixada-jerusalem\/","og_locale":"pt_BR","og_type":"article","og_title":"O Embaixador dos EUA Em Israel Convida Para a Abertura da Nova Embaixada | Blog do Guelmann","og_description":"Foto: The New York Times Momento hist\u00f3rico: &#8211; o Embaixador dos Estados Unidos em Israel, Sr. David Friedman, est\u00e1 expedindo os convites para a abertura da Embaixada em Jerusal\u00e9m, no pr\u00f3ximo dia 14. &nbsp;","og_url":"https:\/\/gersonguelmann.com.br\/blog\/embaixador-dos-eua-em-israel-convida-para-abertura-nova-embaixada-jerusalem\/","og_site_name":"Blog do Guelmann","article_published_time":"2018-05-03T18:52:37+00:00","article_modified_time":"2018-05-03T18:53:00+00:00","og_image":[{"width":1024,"height":672,"url":"https:\/\/i0.wp.com\/gersonguelmann.com.br\/blog\/wp-content\/uploads\/2018\/05\/merlin_134540252_d1feccad-2d96-47c7-8b34-188c09990c68-jumbo.jpg?fit=1024%2C672&ssl=1","type":"image\/jpeg"}],"author":"Gerson Guelmann","twitter_card":"summary_large_image","twitter_misc":{"Escrito por":"Gerson Guelmann"},"schema":{"@context":"https:\/\/schema.org","@graph":[{"@type":"Article","@id":"https:\/\/gersonguelmann.com.br\/blog\/embaixador-dos-eua-em-israel-convida-para-abertura-nova-embaixada-jerusalem\/#article","isPartOf":{"@id":"https:\/\/gersonguelmann.com.br\/blog\/embaixador-dos-eua-em-israel-convida-para-abertura-nova-embaixada-jerusalem\/"},"author":{"name":"Gerson Guelmann","@id":"https:\/\/gersonguelmann.com.br\/blog\/#\/schema\/person\/87e70e2a786888082f941a482c90569e"},"headline":"O Embaixador dos EUA Em Israel Convida Para a Abertura da Nova Embaixada","datePublished":"2018-05-03T18:52:37+00:00","dateModified":"2018-05-03T18:53:00+00:00","mainEntityOfPage":{"@id":"https:\/\/gersonguelmann.com.br\/blog\/embaixador-dos-eua-em-israel-convida-para-abertura-nova-embaixada-jerusalem\/"},"wordCount":49,"commentCount":0,"image":{"@id":"https:\/\/gersonguelmann.com.br\/blog\/embaixador-dos-eua-em-israel-convida-para-abertura-nova-embaixada-jerusalem\/#primaryimage"},"thumbnailUrl":"https:\/\/i0.wp.com\/gersonguelmann.com.br\/blog\/wp-content\/uploads\/2018\/05\/merlin_134540252_d1feccad-2d96-47c7-8b34-188c09990c68-jumbo.jpg?fit=1024%2C672&ssl=1","inLanguage":"pt-BR","potentialAction":[{"@type":"CommentAction","name":"Comment","target":["https:\/\/gersonguelmann.com.br\/blog\/embaixador-dos-eua-em-israel-convida-para-abertura-nova-embaixada-jerusalem\/#respond"]}]},{"@type":"WebPage","@id":"https:\/\/gersonguelmann.com.br\/blog\/embaixador-dos-eua-em-israel-convida-para-abertura-nova-embaixada-jerusalem\/","url":"https:\/\/gersonguelmann.com.br\/blog\/embaixador-dos-eua-em-israel-convida-para-abertura-nova-embaixada-jerusalem\/","name":"O Embaixador dos EUA Em Israel Convida Para a Abertura da Nova Embaixada | Blog do Guelmann","isPartOf":{"@id":"https:\/\/gersonguelmann.com.br\/blog\/#website"},"primaryImageOfPage":{"@id":"https:\/\/gersonguelmann.com.br\/blog\/embaixador-dos-eua-em-israel-convida-para-abertura-nova-embaixada-jerusalem\/#primaryimage"},"image":{"@id":"https:\/\/gersonguelmann.com.br\/blog\/embaixador-dos-eua-em-israel-convida-para-abertura-nova-embaixada-jerusalem\/#primaryimage"},"thumbnailUrl":"https:\/\/i0.wp.com\/gersonguelmann.com.br\/blog\/wp-content\/uploads\/2018\/05\/merlin_134540252_d1feccad-2d96-47c7-8b34-188c09990c68-jumbo.jpg?fit=1024%2C672&ssl=1","datePublished":"2018-05-03T18:52:37+00:00","dateModified":"2018-05-03T18:53:00+00:00","author":{"@id":"https:\/\/gersonguelmann.com.br\/blog\/#\/schema\/person\/87e70e2a786888082f941a482c90569e"},"inLanguage":"pt-BR","potentialAction":[{"@type":"ReadAction","target":["https:\/\/gersonguelmann.com.br\/blog\/embaixador-dos-eua-em-israel-convida-para-abertura-nova-embaixada-jerusalem\/"]}]},{"@type":"ImageObject","inLanguage":"pt-BR","@id":"https:\/\/gersonguelmann.com.br\/blog\/embaixador-dos-eua-em-israel-convida-para-abertura-nova-embaixada-jerusalem\/#primaryimage","url":"https:\/\/i0.wp.com\/gersonguelmann.com.br\/blog\/wp-content\/uploads\/2018\/05\/merlin_134540252_d1feccad-2d96-47c7-8b34-188c09990c68-jumbo.jpg?fit=1024%2C672&ssl=1","contentUrl":"https:\/\/i0.wp.com\/gersonguelmann.com.br\/blog\/wp-content\/uploads\/2018\/05\/merlin_134540252_d1feccad-2d96-47c7-8b34-188c09990c68-jumbo.jpg?fit=1024%2C672&ssl=1","width":1024,"height":672},{"@type":"WebSite","@id":"https:\/\/gersonguelmann.com.br\/blog\/#website","url":"https:\/\/gersonguelmann.com.br\/blog\/","name":"Blog do Guelmann","description":"Pitadas da sabedoria e do humor judaicos, assuntos do momento e um pouco das hist\u00f3rias que vivi e testemunhei.","potentialAction":[{"@type":"SearchAction","target":{"@type":"EntryPoint","urlTemplate":"https:\/\/gersonguelmann.com.br\/blog\/?s={search_term_string}"},"query-input":{"@type":"PropertyValueSpecification","valueRequired":true,"valueName":"search_term_string"}}],"inLanguage":"pt-BR"},{"@type":"Person","@id":"https:\/\/gersonguelmann.com.br\/blog\/#\/schema\/person\/87e70e2a786888082f941a482c90569e","name":"Gerson Guelmann","image":{"@type":"ImageObject","inLanguage":"pt-BR","@id":"https:\/\/i0.wp.com\/gersonguelmann.com.br\/blog\/wp-content\/uploads\/2021\/08\/BLOG.jpeg?fit=96%2C96&ssl=1","url":"https:\/\/i0.wp.com\/gersonguelmann.com.br\/blog\/wp-content\/uploads\/2021\/08\/BLOG.jpeg?fit=96%2C96&ssl=1","contentUrl":"https:\/\/i0.wp.com\/gersonguelmann.com.br\/blog\/wp-content\/uploads\/2021\/08\/BLOG.jpeg?fit=96%2C96&ssl=1","caption":"Gerson Guelmann"},"description":"Pitadas da sabedoria e do humor judaicos, assuntos do momento e um pouco das hist\u00f3rias que vivi e testemunhei."}]}},"views":16,"jetpack_publicize_connections":[],"jetpack_featured_media_url":"https:\/\/i0.wp.com\/gersonguelmann.com.br\/blog\/wp-content\/uploads\/2018\/05\/merlin_134540252_d1feccad-2d96-47c7-8b34-188c09990c68-jumbo.jpg?fit=1024%2C672&ssl=1","jetpack_shortlink":"https:\/\/wp.me\/p96e7O-3eb","jetpack-related-posts":[{"id":17599,"url":"https:\/\/gersonguelmann.com.br\/blog\/para-analisar-embaixadores-brasileiros-nos-eua-nos-ultimos-30-anos\/","url_meta":{"origin":12411,"position":0},"title":"Para Analisar: Embaixadores Brasileiros nos EUA nos \u00daltimos 30 Anos","author":"Gerson Guelmann","date":"19 de julho de 2019","format":false,"excerpt":"Em meio \u00e0 celeuma criada pela indica\u00e7\u00e3o do filho do Presidente Bolsonaro para a Embaixada do Brasil junto ao governo norte-americano, recebi a lista dos diplomatas que ocuparam aquele cargo nos \u00faltimos 30 anos. N\u00e3o est\u00e1 em discuss\u00e3o a linha ideol\u00f3gica dos Embaixadores mencionados, sendo natural supor que eles fossem\u2026","rel":"","context":"Em &quot;Sem categoria&quot;","block_context":{"text":"Sem categoria","link":"https:\/\/gersonguelmann.com.br\/blog\/category\/sem-categoria\/"},"img":{"alt_text":"","src":"https:\/\/i0.wp.com\/gersonguelmann.com.br\/blog\/wp-content\/uploads\/2019\/07\/Embaixada.jpg?fit=1200%2C803&ssl=1&resize=350%2C200","width":350,"height":200,"srcset":"https:\/\/i0.wp.com\/gersonguelmann.com.br\/blog\/wp-content\/uploads\/2019\/07\/Embaixada.jpg?fit=1200%2C803&ssl=1&resize=350%2C200 1x, https:\/\/i0.wp.com\/gersonguelmann.com.br\/blog\/wp-content\/uploads\/2019\/07\/Embaixada.jpg?fit=1200%2C803&ssl=1&resize=525%2C300 1.5x, https:\/\/i0.wp.com\/gersonguelmann.com.br\/blog\/wp-content\/uploads\/2019\/07\/Embaixada.jpg?fit=1200%2C803&ssl=1&resize=700%2C400 2x, https:\/\/i0.wp.com\/gersonguelmann.com.br\/blog\/wp-content\/uploads\/2019\/07\/Embaixada.jpg?fit=1200%2C803&ssl=1&resize=1050%2C600 3x"},"classes":[]},{"id":13094,"url":"https:\/\/gersonguelmann.com.br\/blog\/paraguai-e-o-terceiro-pais-a-inaugurar-embaixada-em-jerusalem\/","url_meta":{"origin":12411,"position":1},"title":"Paraguai \u00e9 o Terceiro Pa\u00eds a Inaugurar Embaixada em Jerusal\u00e9m","author":"Gerson Guelmann","date":"21 de maio de 2018","format":false,"excerpt":"Da revista VEJA, publicado h\u00e1 pouco: \u00a0 O presidente paraguaio Horacio Cartes cumprimenta o primeiro-ministro israelense Benjamin Netanyahu durante uma reuni\u00e3o no gabinete do primeiro-ministro em Jerusal\u00e9m, ap\u00f3s a cerim\u00f4nia de inaugura\u00e7\u00e3o da embaixada do Paraguai na capital de Israel - 21\/05\/2018\u00a0(Sebastian Scheiner\/Pool\/Reuters) \u00a0 Mundo Presidente do Paraguai inaugura embaixada\u2026","rel":"","context":"Em &quot;Sem categoria&quot;","block_context":{"text":"Sem categoria","link":"https:\/\/gersonguelmann.com.br\/blog\/category\/sem-categoria\/"},"img":{"alt_text":"","src":"https:\/\/i0.wp.com\/gersonguelmann.com.br\/blog\/wp-content\/uploads\/2018\/05\/mundo-embaixada-paraguaia-jerusalem.jpg?fit=680%2C453&ssl=1&resize=350%2C200","width":350,"height":200,"srcset":"https:\/\/i0.wp.com\/gersonguelmann.com.br\/blog\/wp-content\/uploads\/2018\/05\/mundo-embaixada-paraguaia-jerusalem.jpg?fit=680%2C453&ssl=1&resize=350%2C200 1x, https:\/\/i0.wp.com\/gersonguelmann.com.br\/blog\/wp-content\/uploads\/2018\/05\/mundo-embaixada-paraguaia-jerusalem.jpg?fit=680%2C453&ssl=1&resize=525%2C300 1.5x"},"classes":[]},{"id":17506,"url":"https:\/\/gersonguelmann.com.br\/blog\/os-militares-falam-sobre-o-futuro-embaixador\/","url_meta":{"origin":12411,"position":2},"title":"Os Militares Falam Sobre o Futuro Embaixador","author":"Gerson Guelmann","date":"16 de julho de 2019","format":false,"excerpt":"O assunto do momento no Brasil \u00e9, indiscutivelmente, a indica\u00e7\u00e3o do Deputado Eduardo Bolsonaro para ocupar o posto de Embaixador do Brasil junto aos Estados Unidos, como j\u00e1 foi reiteradamente dito por seu pai, o Presidente. Nas redes d\u00e1 para observar que mesmo havendo opini\u00f5es positivas, \u00e9 crescente o n\u00famero\u2026","rel":"","context":"Em &quot;Sem categoria&quot;","block_context":{"text":"Sem categoria","link":"https:\/\/gersonguelmann.com.br\/blog\/category\/sem-categoria\/"},"img":{"alt_text":"","src":"https:\/\/i0.wp.com\/gersonguelmann.com.br\/blog\/wp-content\/uploads\/2019\/07\/Embaixador-300x162.jpg?resize=350%2C200&ssl=1","width":350,"height":200},"classes":[]},{"id":17444,"url":"https:\/\/gersonguelmann.com.br\/blog\/de-chapeiro-do-mcdonalds-no-maine-a-embaixador-em-washington\/","url_meta":{"origin":12411,"position":3},"title":"De Chapeiro do McDonald&#8217;s no Maine a Embaixador Em Washington","author":"Gerson Guelmann","date":"12 de julho de 2019","format":false,"excerpt":"Tenho amigos (muitos) que costumam achar que tudo o que o Bolsonaro faz \u00e9 uma maravilha. Com o perd\u00e3o deles, quero manifestar minha perplexidade diante da possibilidade da indica\u00e7\u00e3o do filho para a Embaixada do Brasil em Washington. Al\u00e9m do absurdo do posto vir a ser ocupado por Eduardo Bolsonaro,\u2026","rel":"","context":"Em &quot;Sem categoria&quot;","block_context":{"text":"Sem categoria","link":"https:\/\/gersonguelmann.com.br\/blog\/category\/sem-categoria\/"},"img":{"alt_text":"","src":"https:\/\/i0.wp.com\/gersonguelmann.com.br\/blog\/wp-content\/uploads\/2019\/07\/mcdonalds.jpg?fit=957%2C720&ssl=1&resize=350%2C200","width":350,"height":200,"srcset":"https:\/\/i0.wp.com\/gersonguelmann.com.br\/blog\/wp-content\/uploads\/2019\/07\/mcdonalds.jpg?fit=957%2C720&ssl=1&resize=350%2C200 1x, https:\/\/i0.wp.com\/gersonguelmann.com.br\/blog\/wp-content\/uploads\/2019\/07\/mcdonalds.jpg?fit=957%2C720&ssl=1&resize=525%2C300 1.5x, https:\/\/i0.wp.com\/gersonguelmann.com.br\/blog\/wp-content\/uploads\/2019\/07\/mcdonalds.jpg?fit=957%2C720&ssl=1&resize=700%2C400 2x"},"classes":[]},{"id":12915,"url":"https:\/\/gersonguelmann.com.br\/blog\/para-a-historia-ivanka-trump-inaugura-embaixada-norte-americana-em-jerusalem\/","url_meta":{"origin":12411,"position":4},"title":"Para a Hist\u00f3ria: Ivanka Trump Inaugura Embaixada Norte-Americana em Jerusal\u00e9m","author":"Gerson Guelmann","date":"14 de maio de 2018","format":false,"excerpt":"Momento em que Ivanka Trump, a filha do presidente dos Estados Unidos, descerrava a placa da inaugura\u00e7\u00e3o da embaixada daquele pa\u00eds em Jerusal\u00e9m, hoje. https:\/\/youtu.be\/2VMXLZAI6Go","rel":"","context":"Em &quot;Sem categoria&quot;","block_context":{"text":"Sem categoria","link":"https:\/\/gersonguelmann.com.br\/blog\/category\/sem-categoria\/"},"img":{"alt_text":"","src":"https:\/\/i0.wp.com\/gersonguelmann.com.br\/blog\/wp-content\/uploads\/2018\/05\/23-us-consulate-jerusalem.w710.h473.jpg?fit=710%2C473&ssl=1&resize=350%2C200","width":350,"height":200,"srcset":"https:\/\/i0.wp.com\/gersonguelmann.com.br\/blog\/wp-content\/uploads\/2018\/05\/23-us-consulate-jerusalem.w710.h473.jpg?fit=710%2C473&ssl=1&resize=350%2C200 1x, https:\/\/i0.wp.com\/gersonguelmann.com.br\/blog\/wp-content\/uploads\/2018\/05\/23-us-consulate-jerusalem.w710.h473.jpg?fit=710%2C473&ssl=1&resize=525%2C300 1.5x, https:\/\/i0.wp.com\/gersonguelmann.com.br\/blog\/wp-content\/uploads\/2018\/05\/23-us-consulate-jerusalem.w710.h473.jpg?fit=710%2C473&ssl=1&resize=700%2C400 2x"},"classes":[]},{"id":14402,"url":"https:\/\/gersonguelmann.com.br\/blog\/casal-brasileiro-preso-em-israel-com-50-capsulas-de-cocaina-no-corpo\/","url_meta":{"origin":12411,"position":5},"title":"Casal Brasileiro Preso Em Israel Com 50 C\u00e1psulas de Coca\u00edna No Corpo","author":"Gerson Guelmann","date":"2 de julho de 2018","format":false,"excerpt":"Mat\u00e9ria divulgada hoje pela Ag\u00eancia EFE: ISRAEL JUSTI\u00c7A Pol\u00edcia de Israel deteve casal brasileiro com 50 c\u00e1psulas de coca\u00edna no corpo EFE\u00a0Jerusal\u00e9m2 jul 2018 A Pol\u00edcia de Israel tornou p\u00fablico nesta segunda-feira a deten\u00e7\u00e3o de um casal procedente do Brasil que tentou entrar no pa\u00eds com 50 pequenas c\u00e1psulas de\u2026","rel":"","context":"Em &quot;Sem categoria&quot;","block_context":{"text":"Sem categoria","link":"https:\/\/gersonguelmann.com.br\/blog\/category\/sem-categoria\/"},"img":{"alt_text":"","src":"https:\/\/i0.wp.com\/gersonguelmann.com.br\/blog\/wp-content\/uploads\/2018\/07\/Cocaina.jpg?resize=350%2C200&ssl=1","width":350,"height":200},"classes":[]}],"jetpack_sharing_enabled":true,"post_mailing_queue_ids":[],"_links":{"self":[{"href":"https:\/\/gersonguelmann.com.br\/blog\/wp-json\/wp\/v2\/posts\/12411","targetHints":{"allow":["GET"]}}],"collection":[{"href":"https:\/\/gersonguelmann.com.br\/blog\/wp-json\/wp\/v2\/posts"}],"about":[{"href":"https:\/\/gersonguelmann.com.br\/blog\/wp-json\/wp\/v2\/types\/post"}],"author":[{"embeddable":true,"href":"https:\/\/gersonguelmann.com.br\/blog\/wp-json\/wp\/v2\/users\/5"}],"replies":[{"embeddable":true,"href":"https:\/\/gersonguelmann.com.br\/blog\/wp-json\/wp\/v2\/comments?post=12411"}],"version-history":[{"count":0,"href":"https:\/\/gersonguelmann.com.br\/blog\/wp-json\/wp\/v2\/posts\/12411\/revisions"}],"wp:featuredmedia":[{"embeddable":true,"href":"https:\/\/gersonguelmann.com.br\/blog\/wp-json\/wp\/v2\/media\/12412"}],"wp:attachment":[{"href":"https:\/\/gersonguelmann.com.br\/blog\/wp-json\/wp\/v2\/media?parent=12411"}],"wp:term":[{"taxonomy":"category","embeddable":true,"href":"https:\/\/gersonguelmann.com.br\/blog\/wp-json\/wp\/v2\/categories?post=12411"},{"taxonomy":"post_tag","embeddable":true,"href":"https:\/\/gersonguelmann.com.br\/blog\/wp-json\/wp\/v2\/tags?post=12411"}],"curies":[{"name":"wp","href":"https:\/\/api.w.org\/{rel}","templated":true}]}}