    {"id":12416,"date":"2018-05-03T16:38:14","date_gmt":"2018-05-03T19:38:14","guid":{"rendered":"https:\/\/gersonguelmann.com.br\/blog\/?p=12416"},"modified":"2018-05-03T16:38:14","modified_gmt":"2018-05-03T19:38:14","slug":"enrolaram-o-ayrton-senna-na-nota-falsa","status":"publish","type":"post","link":"https:\/\/gersonguelmann.com.br\/blog\/enrolaram-o-ayrton-senna-na-nota-falsa\/","title":{"rendered":"Enrolaram o Ayrton Senna Na Nota Falsa"},"content":{"rendered":"<p><span style=\"color: #000000; font-family: georgia, palatino, serif; font-size: 18pt;\">Provavelmente em raz\u00e3o do anivers\u00e1rio de morte do Ayrton Senna, nos \u00faltimos dois dias as redes foram inundadas com a informa\u00e7\u00e3o de que a Inglaterra homenageou o grande \u00eddola do automobilismo na nota de 10 libras.<\/span><\/p>\n<p><span style=\"color: #000000;\"><span style=\"font-family: georgia, palatino, serif; font-size: 18pt;\">Desde ent\u00e3o respondi a dezenas de mensagens de amigos passando o link de publica\u00e7\u00e3o especializada que, entre outras coisas, diz o seguinte:<\/span><br \/>\n<\/span><br \/>\n<span style=\"font-size: 14pt;\"><em><span style=\"color: #000000;\">&#8211; &#8220;&#8230;Verdade ou mentira?<\/span><\/em><\/span><\/p>\n<p><span style=\"font-size: 14pt;\"><em><span style=\"color: #000000;\">A primeira coisa que fizemos ao deparar com essa \u201cnot\u00edcia\u201d foi procurar no site do Instituto Ayrton Senna a respeito das moedas que j\u00e1 homenagearam o piloto brasileiro. Foi muito legal saber que\u00a0Senna j\u00e1 teve o seu rosto 7 vezes estampado em moedas ao redor do mundo\u00a0(sendo 2 delas aqui no Brasil). Em 1997, foi lan\u00e7ada uma edi\u00e7\u00e3o limitada de moedas para grandes \u00eddolos da F\u00f3rmula 1 e Ayrton Senna foi retratado na cara da moeda de 25 euros:..<\/span><\/em><\/span><br \/>\n<span style=\"font-size: 14pt;\"><em><span style=\"color: #000000;\">&#8230;\u00a0Analisando a imagem da nota espalhada atrav\u00e9s de grupos no WhatsApp podemos perceber que trata-se de uma montagem!<\/span><\/em><\/span><\/p>\n<p><span style=\"font-size: 14pt;\"><em><span style=\"color: #000000;\">A imagem original n\u00e3o tem o rosto do piloto Ayrton Senna, mas de\u00a0Charles Darwin \u2013 naturalista brit\u00e2nico autor da teoria da evolu\u00e7\u00e3o das esp\u00e9cies. A nota comemorativa foi lan\u00e7ada no ano de 2000&#8230;&#8221;<\/span><\/em><\/span><\/p>\n<p><span style=\"color: #000000; font-family: georgia, palatino, serif; font-size: 18pt;\">Ent\u00e3o, pessoal, a not\u00edcia \u00e9 totalmente fake.<\/span><\/p>\n<p><span style=\"color: #000000; font-family: georgia, palatino, serif; font-size: 18pt;\">Para ler a informa\u00e7\u00e3o completa, <span style=\"color: #0000ff;\"><em><strong>clique aqui<\/strong><\/em><\/span>.<\/span><\/p>\n<p><img data-recalc-dims=\"1\" decoding=\"async\" data-attachment-id=\"12418\" data-permalink=\"https:\/\/gersonguelmann.com.br\/blog\/enrolaram-o-ayrton-senna-na-nota-falsa\/senna\/\" data-orig-file=\"https:\/\/i0.wp.com\/gersonguelmann.com.br\/blog\/wp-content\/uploads\/2018\/05\/Senna.jpg?fit=960%2C515&amp;ssl=1\" data-orig-size=\"960,515\" data-comments-opened=\"1\" data-image-meta=\"{&quot;aperture&quot;:&quot;0&quot;,&quot;credit&quot;:&quot;&quot;,&quot;camera&quot;:&quot;&quot;,&quot;caption&quot;:&quot;&quot;,&quot;created_timestamp&quot;:&quot;0&quot;,&quot;copyright&quot;:&quot;&quot;,&quot;focal_length&quot;:&quot;0&quot;,&quot;iso&quot;:&quot;0&quot;,&quot;shutter_speed&quot;:&quot;0&quot;,&quot;title&quot;:&quot;&quot;,&quot;orientation&quot;:&quot;0&quot;}\" data-image-title=\"Senna\" data-image-description=\"\" data-image-caption=\"\" data-medium-file=\"https:\/\/i0.wp.com\/gersonguelmann.com.br\/blog\/wp-content\/uploads\/2018\/05\/Senna.jpg?fit=300%2C161&amp;ssl=1\" data-large-file=\"https:\/\/i0.wp.com\/gersonguelmann.com.br\/blog\/wp-content\/uploads\/2018\/05\/Senna.jpg?fit=640%2C343&amp;ssl=1\" class=\"size-medium wp-image-12418 aligncenter\" src=\"https:\/\/i0.wp.com\/gersonguelmann.com.br\/blog\/wp-content\/uploads\/2018\/05\/Senna.jpg?resize=300%2C161&#038;ssl=1\" alt=\"\" width=\"300\" height=\"161\" srcset=\"https:\/\/i0.wp.com\/gersonguelmann.com.br\/blog\/wp-content\/uploads\/2018\/05\/Senna.jpg?resize=300%2C161&amp;ssl=1 300w, https:\/\/i0.wp.com\/gersonguelmann.com.br\/blog\/wp-content\/uploads\/2018\/05\/Senna.jpg?resize=768%2C412&amp;ssl=1 768w, https:\/\/i0.wp.com\/gersonguelmann.com.br\/blog\/wp-content\/uploads\/2018\/05\/Senna.jpg?w=960&amp;ssl=1 960w\" sizes=\"(max-width: 300px) 100vw, 300px\" \/><\/p>\n<p>&nbsp;<\/p>\n<p>&nbsp;<\/p>\n<p>&nbsp;<\/p>\n<p>&nbsp;<\/p>\n","protected":false},"excerpt":{"rendered":"<p>Provavelmente em raz\u00e3o do anivers\u00e1rio de morte do Ayrton Senna, nos \u00faltimos dois dias as redes foram inundadas com a informa\u00e7\u00e3o de que a Inglaterra homenageou o grande \u00eddola do automobilismo na nota de 10 libras. Desde ent\u00e3o respondi a dezenas de mensagens de amigos passando o link de publica\u00e7\u00e3o especializada que, entre outras coisas, [&hellip;]<\/p>\n","protected":false},"author":5,"featured_media":12418,"comment_status":"open","ping_status":"open","sticky":false,"template":"","format":"standard","meta":{"_acf_changed":false,"jetpack_post_was_ever_published":false,"_jetpack_newsletter_access":"","_jetpack_dont_email_post_to_subs":false,"_jetpack_newsletter_tier_id":0,"_jetpack_memberships_contains_paywalled_content":false,"_jetpack_memberships_contains_paid_content":false,"footnotes":"","jetpack_publicize_message":"","jetpack_publicize_feature_enabled":true,"jetpack_social_post_already_shared":true,"jetpack_social_options":{"image_generator_settings":{"template":"highway","default_image_id":0,"font":"","enabled":false},"version":2}},"categories":[1],"tags":[],"class_list":["post-12416","post","type-post","status-publish","format-standard","has-post-thumbnail","hentry","category-sem-categoria"],"acf":[],"yoast_head":"<!-- This site is optimized with the Yoast SEO plugin v27.3 - https:\/\/yoast.com\/product\/yoast-seo-wordpress\/ -->\n<title>Enrolaram o Ayrton Senna Na Nota Falsa | Blog do Guelmann<\/title>\n<meta name=\"robots\" content=\"index, follow, max-snippet:-1, max-image-preview:large, max-video-preview:-1\" \/>\n<link rel=\"canonical\" href=\"https:\/\/gersonguelmann.com.br\/blog\/enrolaram-o-ayrton-senna-na-nota-falsa\/\" \/>\n<meta property=\"og:locale\" content=\"pt_BR\" \/>\n<meta property=\"og:type\" content=\"article\" \/>\n<meta property=\"og:title\" content=\"Enrolaram o Ayrton Senna Na Nota Falsa | Blog do Guelmann\" \/>\n<meta property=\"og:description\" content=\"Provavelmente em raz\u00e3o do anivers\u00e1rio de morte do Ayrton Senna, nos \u00faltimos dois dias as redes foram inundadas com a informa\u00e7\u00e3o de que a Inglaterra homenageou o grande \u00eddola do automobilismo na nota de 10 libras. Desde ent\u00e3o respondi a dezenas de mensagens de amigos passando o link de publica\u00e7\u00e3o especializada que, entre outras coisas, [&hellip;]\" \/>\n<meta property=\"og:url\" content=\"https:\/\/gersonguelmann.com.br\/blog\/enrolaram-o-ayrton-senna-na-nota-falsa\/\" \/>\n<meta property=\"og:site_name\" content=\"Blog do Guelmann\" \/>\n<meta property=\"article:published_time\" content=\"2018-05-03T19:38:14+00:00\" \/>\n<meta property=\"og:image\" content=\"https:\/\/i0.wp.com\/gersonguelmann.com.br\/blog\/wp-content\/uploads\/2018\/05\/Senna.jpg?fit=960%2C515&ssl=1\" \/>\n\t<meta property=\"og:image:width\" content=\"960\" \/>\n\t<meta property=\"og:image:height\" content=\"515\" \/>\n\t<meta property=\"og:image:type\" content=\"image\/jpeg\" \/>\n<meta name=\"author\" content=\"Gerson Guelmann\" \/>\n<meta name=\"twitter:card\" content=\"summary_large_image\" \/>\n<meta name=\"twitter:label1\" content=\"Escrito por\" \/>\n\t<meta name=\"twitter:data1\" content=\"Gerson Guelmann\" \/>\n\t<meta name=\"twitter:label2\" content=\"Est. tempo de leitura\" \/>\n\t<meta name=\"twitter:data2\" content=\"1 minuto\" \/>\n<script type=\"application\/ld+json\" class=\"yoast-schema-graph\">{\"@context\":\"https:\\\/\\\/schema.org\",\"@graph\":[{\"@type\":\"Article\",\"@id\":\"https:\\\/\\\/gersonguelmann.com.br\\\/blog\\\/enrolaram-o-ayrton-senna-na-nota-falsa\\\/#article\",\"isPartOf\":{\"@id\":\"https:\\\/\\\/gersonguelmann.com.br\\\/blog\\\/enrolaram-o-ayrton-senna-na-nota-falsa\\\/\"},\"author\":{\"name\":\"Gerson Guelmann\",\"@id\":\"https:\\\/\\\/gersonguelmann.com.br\\\/blog\\\/#\\\/schema\\\/person\\\/87e70e2a786888082f941a482c90569e\"},\"headline\":\"Enrolaram o Ayrton Senna Na Nota Falsa\",\"datePublished\":\"2018-05-03T19:38:14+00:00\",\"mainEntityOfPage\":{\"@id\":\"https:\\\/\\\/gersonguelmann.com.br\\\/blog\\\/enrolaram-o-ayrton-senna-na-nota-falsa\\\/\"},\"wordCount\":229,\"commentCount\":0,\"image\":{\"@id\":\"https:\\\/\\\/gersonguelmann.com.br\\\/blog\\\/enrolaram-o-ayrton-senna-na-nota-falsa\\\/#primaryimage\"},\"thumbnailUrl\":\"https:\\\/\\\/i0.wp.com\\\/gersonguelmann.com.br\\\/blog\\\/wp-content\\\/uploads\\\/2018\\\/05\\\/Senna.jpg?fit=960%2C515&ssl=1\",\"inLanguage\":\"pt-BR\",\"potentialAction\":[{\"@type\":\"CommentAction\",\"name\":\"Comment\",\"target\":[\"https:\\\/\\\/gersonguelmann.com.br\\\/blog\\\/enrolaram-o-ayrton-senna-na-nota-falsa\\\/#respond\"]}]},{\"@type\":\"WebPage\",\"@id\":\"https:\\\/\\\/gersonguelmann.com.br\\\/blog\\\/enrolaram-o-ayrton-senna-na-nota-falsa\\\/\",\"url\":\"https:\\\/\\\/gersonguelmann.com.br\\\/blog\\\/enrolaram-o-ayrton-senna-na-nota-falsa\\\/\",\"name\":\"Enrolaram o Ayrton Senna Na Nota Falsa | Blog do Guelmann\",\"isPartOf\":{\"@id\":\"https:\\\/\\\/gersonguelmann.com.br\\\/blog\\\/#website\"},\"primaryImageOfPage\":{\"@id\":\"https:\\\/\\\/gersonguelmann.com.br\\\/blog\\\/enrolaram-o-ayrton-senna-na-nota-falsa\\\/#primaryimage\"},\"image\":{\"@id\":\"https:\\\/\\\/gersonguelmann.com.br\\\/blog\\\/enrolaram-o-ayrton-senna-na-nota-falsa\\\/#primaryimage\"},\"thumbnailUrl\":\"https:\\\/\\\/i0.wp.com\\\/gersonguelmann.com.br\\\/blog\\\/wp-content\\\/uploads\\\/2018\\\/05\\\/Senna.jpg?fit=960%2C515&ssl=1\",\"datePublished\":\"2018-05-03T19:38:14+00:00\",\"author\":{\"@id\":\"https:\\\/\\\/gersonguelmann.com.br\\\/blog\\\/#\\\/schema\\\/person\\\/87e70e2a786888082f941a482c90569e\"},\"inLanguage\":\"pt-BR\",\"potentialAction\":[{\"@type\":\"ReadAction\",\"target\":[\"https:\\\/\\\/gersonguelmann.com.br\\\/blog\\\/enrolaram-o-ayrton-senna-na-nota-falsa\\\/\"]}]},{\"@type\":\"ImageObject\",\"inLanguage\":\"pt-BR\",\"@id\":\"https:\\\/\\\/gersonguelmann.com.br\\\/blog\\\/enrolaram-o-ayrton-senna-na-nota-falsa\\\/#primaryimage\",\"url\":\"https:\\\/\\\/i0.wp.com\\\/gersonguelmann.com.br\\\/blog\\\/wp-content\\\/uploads\\\/2018\\\/05\\\/Senna.jpg?fit=960%2C515&ssl=1\",\"contentUrl\":\"https:\\\/\\\/i0.wp.com\\\/gersonguelmann.com.br\\\/blog\\\/wp-content\\\/uploads\\\/2018\\\/05\\\/Senna.jpg?fit=960%2C515&ssl=1\",\"width\":960,\"height\":515},{\"@type\":\"WebSite\",\"@id\":\"https:\\\/\\\/gersonguelmann.com.br\\\/blog\\\/#website\",\"url\":\"https:\\\/\\\/gersonguelmann.com.br\\\/blog\\\/\",\"name\":\"Blog do Guelmann\",\"description\":\"Pitadas da sabedoria e do humor judaicos, assuntos do momento e um pouco das hist\u00f3rias que vivi e testemunhei.\",\"potentialAction\":[{\"@type\":\"SearchAction\",\"target\":{\"@type\":\"EntryPoint\",\"urlTemplate\":\"https:\\\/\\\/gersonguelmann.com.br\\\/blog\\\/?s={search_term_string}\"},\"query-input\":{\"@type\":\"PropertyValueSpecification\",\"valueRequired\":true,\"valueName\":\"search_term_string\"}}],\"inLanguage\":\"pt-BR\"},{\"@type\":\"Person\",\"@id\":\"https:\\\/\\\/gersonguelmann.com.br\\\/blog\\\/#\\\/schema\\\/person\\\/87e70e2a786888082f941a482c90569e\",\"name\":\"Gerson Guelmann\",\"image\":{\"@type\":\"ImageObject\",\"inLanguage\":\"pt-BR\",\"@id\":\"https:\\\/\\\/i0.wp.com\\\/gersonguelmann.com.br\\\/blog\\\/wp-content\\\/uploads\\\/2021\\\/08\\\/BLOG.jpeg?fit=96%2C96&ssl=1\",\"url\":\"https:\\\/\\\/i0.wp.com\\\/gersonguelmann.com.br\\\/blog\\\/wp-content\\\/uploads\\\/2021\\\/08\\\/BLOG.jpeg?fit=96%2C96&ssl=1\",\"contentUrl\":\"https:\\\/\\\/i0.wp.com\\\/gersonguelmann.com.br\\\/blog\\\/wp-content\\\/uploads\\\/2021\\\/08\\\/BLOG.jpeg?fit=96%2C96&ssl=1\",\"caption\":\"Gerson Guelmann\"},\"description\":\"Pitadas da sabedoria e do humor judaicos, assuntos do momento e um pouco das hist\u00f3rias que vivi e testemunhei.\"}]}<\/script>\n<!-- \/ Yoast SEO plugin. -->","yoast_head_json":{"title":"Enrolaram o Ayrton Senna Na Nota Falsa | Blog do Guelmann","robots":{"index":"index","follow":"follow","max-snippet":"max-snippet:-1","max-image-preview":"max-image-preview:large","max-video-preview":"max-video-preview:-1"},"canonical":"https:\/\/gersonguelmann.com.br\/blog\/enrolaram-o-ayrton-senna-na-nota-falsa\/","og_locale":"pt_BR","og_type":"article","og_title":"Enrolaram o Ayrton Senna Na Nota Falsa | Blog do Guelmann","og_description":"Provavelmente em raz\u00e3o do anivers\u00e1rio de morte do Ayrton Senna, nos \u00faltimos dois dias as redes foram inundadas com a informa\u00e7\u00e3o de que a Inglaterra homenageou o grande \u00eddola do automobilismo na nota de 10 libras. Desde ent\u00e3o respondi a dezenas de mensagens de amigos passando o link de publica\u00e7\u00e3o especializada que, entre outras coisas, [&hellip;]","og_url":"https:\/\/gersonguelmann.com.br\/blog\/enrolaram-o-ayrton-senna-na-nota-falsa\/","og_site_name":"Blog do Guelmann","article_published_time":"2018-05-03T19:38:14+00:00","og_image":[{"width":960,"height":515,"url":"https:\/\/i0.wp.com\/gersonguelmann.com.br\/blog\/wp-content\/uploads\/2018\/05\/Senna.jpg?fit=960%2C515&ssl=1","type":"image\/jpeg"}],"author":"Gerson Guelmann","twitter_card":"summary_large_image","twitter_misc":{"Escrito por":"Gerson Guelmann","Est. tempo de leitura":"1 minuto"},"schema":{"@context":"https:\/\/schema.org","@graph":[{"@type":"Article","@id":"https:\/\/gersonguelmann.com.br\/blog\/enrolaram-o-ayrton-senna-na-nota-falsa\/#article","isPartOf":{"@id":"https:\/\/gersonguelmann.com.br\/blog\/enrolaram-o-ayrton-senna-na-nota-falsa\/"},"author":{"name":"Gerson Guelmann","@id":"https:\/\/gersonguelmann.com.br\/blog\/#\/schema\/person\/87e70e2a786888082f941a482c90569e"},"headline":"Enrolaram o Ayrton Senna Na Nota Falsa","datePublished":"2018-05-03T19:38:14+00:00","mainEntityOfPage":{"@id":"https:\/\/gersonguelmann.com.br\/blog\/enrolaram-o-ayrton-senna-na-nota-falsa\/"},"wordCount":229,"commentCount":0,"image":{"@id":"https:\/\/gersonguelmann.com.br\/blog\/enrolaram-o-ayrton-senna-na-nota-falsa\/#primaryimage"},"thumbnailUrl":"https:\/\/i0.wp.com\/gersonguelmann.com.br\/blog\/wp-content\/uploads\/2018\/05\/Senna.jpg?fit=960%2C515&ssl=1","inLanguage":"pt-BR","potentialAction":[{"@type":"CommentAction","name":"Comment","target":["https:\/\/gersonguelmann.com.br\/blog\/enrolaram-o-ayrton-senna-na-nota-falsa\/#respond"]}]},{"@type":"WebPage","@id":"https:\/\/gersonguelmann.com.br\/blog\/enrolaram-o-ayrton-senna-na-nota-falsa\/","url":"https:\/\/gersonguelmann.com.br\/blog\/enrolaram-o-ayrton-senna-na-nota-falsa\/","name":"Enrolaram o Ayrton Senna Na Nota Falsa | Blog do Guelmann","isPartOf":{"@id":"https:\/\/gersonguelmann.com.br\/blog\/#website"},"primaryImageOfPage":{"@id":"https:\/\/gersonguelmann.com.br\/blog\/enrolaram-o-ayrton-senna-na-nota-falsa\/#primaryimage"},"image":{"@id":"https:\/\/gersonguelmann.com.br\/blog\/enrolaram-o-ayrton-senna-na-nota-falsa\/#primaryimage"},"thumbnailUrl":"https:\/\/i0.wp.com\/gersonguelmann.com.br\/blog\/wp-content\/uploads\/2018\/05\/Senna.jpg?fit=960%2C515&ssl=1","datePublished":"2018-05-03T19:38:14+00:00","author":{"@id":"https:\/\/gersonguelmann.com.br\/blog\/#\/schema\/person\/87e70e2a786888082f941a482c90569e"},"inLanguage":"pt-BR","potentialAction":[{"@type":"ReadAction","target":["https:\/\/gersonguelmann.com.br\/blog\/enrolaram-o-ayrton-senna-na-nota-falsa\/"]}]},{"@type":"ImageObject","inLanguage":"pt-BR","@id":"https:\/\/gersonguelmann.com.br\/blog\/enrolaram-o-ayrton-senna-na-nota-falsa\/#primaryimage","url":"https:\/\/i0.wp.com\/gersonguelmann.com.br\/blog\/wp-content\/uploads\/2018\/05\/Senna.jpg?fit=960%2C515&ssl=1","contentUrl":"https:\/\/i0.wp.com\/gersonguelmann.com.br\/blog\/wp-content\/uploads\/2018\/05\/Senna.jpg?fit=960%2C515&ssl=1","width":960,"height":515},{"@type":"WebSite","@id":"https:\/\/gersonguelmann.com.br\/blog\/#website","url":"https:\/\/gersonguelmann.com.br\/blog\/","name":"Blog do Guelmann","description":"Pitadas da sabedoria e do humor judaicos, assuntos do momento e um pouco das hist\u00f3rias que vivi e testemunhei.","potentialAction":[{"@type":"SearchAction","target":{"@type":"EntryPoint","urlTemplate":"https:\/\/gersonguelmann.com.br\/blog\/?s={search_term_string}"},"query-input":{"@type":"PropertyValueSpecification","valueRequired":true,"valueName":"search_term_string"}}],"inLanguage":"pt-BR"},{"@type":"Person","@id":"https:\/\/gersonguelmann.com.br\/blog\/#\/schema\/person\/87e70e2a786888082f941a482c90569e","name":"Gerson Guelmann","image":{"@type":"ImageObject","inLanguage":"pt-BR","@id":"https:\/\/i0.wp.com\/gersonguelmann.com.br\/blog\/wp-content\/uploads\/2021\/08\/BLOG.jpeg?fit=96%2C96&ssl=1","url":"https:\/\/i0.wp.com\/gersonguelmann.com.br\/blog\/wp-content\/uploads\/2021\/08\/BLOG.jpeg?fit=96%2C96&ssl=1","contentUrl":"https:\/\/i0.wp.com\/gersonguelmann.com.br\/blog\/wp-content\/uploads\/2021\/08\/BLOG.jpeg?fit=96%2C96&ssl=1","caption":"Gerson Guelmann"},"description":"Pitadas da sabedoria e do humor judaicos, assuntos do momento e um pouco das hist\u00f3rias que vivi e testemunhei."}]}},"views":35,"jetpack_publicize_connections":[],"jetpack_featured_media_url":"https:\/\/i0.wp.com\/gersonguelmann.com.br\/blog\/wp-content\/uploads\/2018\/05\/Senna.jpg?fit=960%2C515&ssl=1","jetpack_shortlink":"https:\/\/wp.me\/p96e7O-3eg","jetpack-related-posts":[{"id":20649,"url":"https:\/\/gersonguelmann.com.br\/blog\/mae-dinah-juca-chaves-e-as-previsoes-para-o-ano-novo\/","url_meta":{"origin":12416,"position":0},"title":"M\u00e3e Din\u00e1h, Juca Chaves e as Previs\u00f5es Para o Ano Novo","author":"Gerson Guelmann","date":"31 de dezembro de 2020","format":false,"excerpt":"Hoje lembrei da M\u00e3e Din\u00e1h, j\u00e1 falecida, que ficou famosa por suas previs\u00f5es - quase sempre furadas. Ela previu, p.ex., que o Collor faria um \u00f3timo governo. Um outro progn\u00f3stico, esse relacionado \u00e0 uma fatalidade, foi o de que Ayrton Senna ganharia a corrida na qual acabou se acidentando e\u2026","rel":"","context":"Em &quot;Sem categoria&quot;","block_context":{"text":"Sem categoria","link":"https:\/\/gersonguelmann.com.br\/blog\/category\/sem-categoria\/"},"img":{"alt_text":"","src":"https:\/\/i0.wp.com\/gersonguelmann.com.br\/blog\/wp-content\/uploads\/2020\/12\/Juca_Chaves-206x300.jpg?resize=350%2C200&ssl=1","width":350,"height":200},"classes":[]},{"id":12120,"url":"https:\/\/gersonguelmann.com.br\/blog\/qual-e-a-nota-de-dinheiro-mais-bonita-que-voce-conhece\/","url_meta":{"origin":12416,"position":1},"title":"Qual \u00e9 a Nota de Dinheiro Mais Bonita Que Voc\u00ea Conhece?","author":"Gerson Guelmann","date":"26 de abril de 2018","format":false,"excerpt":"Voc\u00ea sabia que existe um\u00a0concurso mundial para escolher a c\u00e9dula de dinheiro mais bonita? Pois \u00e9, existe. Leia mat\u00e9ria publicada na revista Exame: ECONOMIA Veja quais foram as notas de dinheiro mais bonitas do planeta em 2017 O franco su\u00ed\u00e7o venceu pelo segundo ano consecutivo (mas com margem apertada) o\u2026","rel":"","context":"Em &quot;Sem categoria&quot;","block_context":{"text":"Sem categoria","link":"https:\/\/gersonguelmann.com.br\/blog\/category\/sem-categoria\/"},"img":{"alt_text":"","src":"https:\/\/i0.wp.com\/gersonguelmann.com.br\/blog\/wp-content\/uploads\/2018\/04\/francofinal.jpg?fit=1024%2C683&ssl=1&resize=350%2C200","width":350,"height":200,"srcset":"https:\/\/i0.wp.com\/gersonguelmann.com.br\/blog\/wp-content\/uploads\/2018\/04\/francofinal.jpg?fit=1024%2C683&ssl=1&resize=350%2C200 1x, https:\/\/i0.wp.com\/gersonguelmann.com.br\/blog\/wp-content\/uploads\/2018\/04\/francofinal.jpg?fit=1024%2C683&ssl=1&resize=525%2C300 1.5x, https:\/\/i0.wp.com\/gersonguelmann.com.br\/blog\/wp-content\/uploads\/2018\/04\/francofinal.jpg?fit=1024%2C683&ssl=1&resize=700%2C400 2x"},"classes":[]},{"id":1438,"url":"https:\/\/gersonguelmann.com.br\/blog\/e-preciso-entender-a-situacao-dos-caras\/","url_meta":{"origin":12416,"position":2},"title":"\u00c9 preciso entender a situa\u00e7\u00e3o dos caras","author":"Gerson Guelmann","date":"5 de setembro de 2017","format":false,"excerpt":"O brasileiro m\u00e9dio, aquele que n\u00e3o est\u00e1 acostumado a ver e muito menos a ter essa grana toda foi surpreendido hoje pelas not\u00edcias e imagens de duas grande apreens\u00f5es de dinheiro. A primeira foi na casa do Geddel Vieira Lima, ex-Ministro. Sobre isso comentei mais cedo.\u00a0 O segundo achado foi\u2026","rel":"","context":"Em &quot;Sem categoria&quot;","block_context":{"text":"Sem categoria","link":"https:\/\/gersonguelmann.com.br\/blog\/category\/sem-categoria\/"},"img":{"alt_text":"","src":"https:\/\/i0.wp.com\/gersonguelmann.com.br\/blog\/wp-content\/uploads\/2017\/09\/Dinheiro.jpg?fit=960%2C640&ssl=1&resize=350%2C200","width":350,"height":200,"srcset":"https:\/\/i0.wp.com\/gersonguelmann.com.br\/blog\/wp-content\/uploads\/2017\/09\/Dinheiro.jpg?fit=960%2C640&ssl=1&resize=350%2C200 1x, https:\/\/i0.wp.com\/gersonguelmann.com.br\/blog\/wp-content\/uploads\/2017\/09\/Dinheiro.jpg?fit=960%2C640&ssl=1&resize=525%2C300 1.5x, https:\/\/i0.wp.com\/gersonguelmann.com.br\/blog\/wp-content\/uploads\/2017\/09\/Dinheiro.jpg?fit=960%2C640&ssl=1&resize=700%2C400 2x"},"classes":[]},{"id":22704,"url":"https:\/\/gersonguelmann.com.br\/blog\/nao-da-para-enganar-um-rabino-sabio\/","url_meta":{"origin":12416,"position":3},"title":"N\u00e3o D\u00e1 Para Enganar Um Rabino S\u00e1bio","author":"Gerson Guelmann","date":"24 de fevereiro de 2022","format":false,"excerpt":"Wolf, um pequeno comerciante da Litu\u00e2nia, ouviu extasiado o serm\u00e3o do Rabino num s\u00e1bado na Sinagoga. Naquela noite, em especial, o religioso pregou: - \u201cAquele que \u00e9 pobre nesta vida ser\u00e1 rico no mundo vindouro; quem \u00e9 rico aqui, por decreto de D'us, ser\u00e1 pobre no pr\u00f3ximo mundo, pois todos\u2026","rel":"","context":"Em &quot;Sem categoria&quot;","block_context":{"text":"Sem categoria","link":"https:\/\/gersonguelmann.com.br\/blog\/category\/sem-categoria\/"},"img":{"alt_text":"","src":"https:\/\/i0.wp.com\/gersonguelmann.com.br\/blog\/wp-content\/uploads\/2022\/02\/MOEDAS-scaled.jpg?fit=1200%2C801&ssl=1&resize=350%2C200","width":350,"height":200,"srcset":"https:\/\/i0.wp.com\/gersonguelmann.com.br\/blog\/wp-content\/uploads\/2022\/02\/MOEDAS-scaled.jpg?fit=1200%2C801&ssl=1&resize=350%2C200 1x, https:\/\/i0.wp.com\/gersonguelmann.com.br\/blog\/wp-content\/uploads\/2022\/02\/MOEDAS-scaled.jpg?fit=1200%2C801&ssl=1&resize=525%2C300 1.5x, https:\/\/i0.wp.com\/gersonguelmann.com.br\/blog\/wp-content\/uploads\/2022\/02\/MOEDAS-scaled.jpg?fit=1200%2C801&ssl=1&resize=700%2C400 2x, https:\/\/i0.wp.com\/gersonguelmann.com.br\/blog\/wp-content\/uploads\/2022\/02\/MOEDAS-scaled.jpg?fit=1200%2C801&ssl=1&resize=1050%2C600 3x"},"classes":[]},{"id":11296,"url":"https:\/\/gersonguelmann.com.br\/blog\/a-sessao-do-stf-analisada-por-comentaristas-de-futebol\/","url_meta":{"origin":12416,"position":4},"title":"A Sess\u00e3o do STF Analisada por Comentaristas de Futebol","author":"Gerson Guelmann","date":"5 de abril de 2018","format":false,"excerpt":"Como seria a partida, perd\u00e3o, a sess\u00e3o de ontem no STF, se fosse comentada pelos analistas que cobrem futebol? Fachin L\u00facido. Organizou o time. Soube controlar o jogo no momento de press\u00e3o do advers\u00e1rio com seu toque refinado. Nota: 8,0 Alexandre de Moraes Firme. Jogou s\u00e9rio e transmitiu seguran\u00e7a ao\u2026","rel":"","context":"Em &quot;Sem categoria&quot;","block_context":{"text":"Sem categoria","link":"https:\/\/gersonguelmann.com.br\/blog\/category\/sem-categoria\/"},"img":{"alt_text":"","src":"https:\/\/i0.wp.com\/gersonguelmann.com.br\/blog\/wp-content\/uploads\/2018\/04\/images-2-300x168.jpg?resize=350%2C200&ssl=1","width":350,"height":200},"classes":[]},{"id":22258,"url":"https:\/\/gersonguelmann.com.br\/blog\/jaime-lerner-e-a-namoradeira-do-farid-surugi\/","url_meta":{"origin":12416,"position":5},"title":"Jaime Lerner e a Namoradeira do Farid Surugi","author":"Gerson Guelmann","date":"4 de junho de 2021","format":false,"excerpt":"Desde a partida do Jaime, h\u00e1 pouco mais de uma semana, estou colecionando colabora\u00e7\u00f5es de seus antigos Colaboradores, todos abalados com o desaparecimento do transformador de Curitiba e que firmou o conceito da \"Cidade na escala humana\". Ontem falei sobre a obra que o Jaime mandou cancelar para que os\u2026","rel":"","context":"Em &quot;Sem categoria&quot;","block_context":{"text":"Sem categoria","link":"https:\/\/gersonguelmann.com.br\/blog\/category\/sem-categoria\/"},"img":{"alt_text":"","src":"https:\/\/i0.wp.com\/gersonguelmann.com.br\/blog\/wp-content\/uploads\/2021\/06\/BANCO.jpeg?fit=472%2C752&ssl=1&resize=350%2C200","width":350,"height":200},"classes":[]}],"jetpack_sharing_enabled":true,"post_mailing_queue_ids":[],"_links":{"self":[{"href":"https:\/\/gersonguelmann.com.br\/blog\/wp-json\/wp\/v2\/posts\/12416","targetHints":{"allow":["GET"]}}],"collection":[{"href":"https:\/\/gersonguelmann.com.br\/blog\/wp-json\/wp\/v2\/posts"}],"about":[{"href":"https:\/\/gersonguelmann.com.br\/blog\/wp-json\/wp\/v2\/types\/post"}],"author":[{"embeddable":true,"href":"https:\/\/gersonguelmann.com.br\/blog\/wp-json\/wp\/v2\/users\/5"}],"replies":[{"embeddable":true,"href":"https:\/\/gersonguelmann.com.br\/blog\/wp-json\/wp\/v2\/comments?post=12416"}],"version-history":[{"count":0,"href":"https:\/\/gersonguelmann.com.br\/blog\/wp-json\/wp\/v2\/posts\/12416\/revisions"}],"wp:featuredmedia":[{"embeddable":true,"href":"https:\/\/gersonguelmann.com.br\/blog\/wp-json\/wp\/v2\/media\/12418"}],"wp:attachment":[{"href":"https:\/\/gersonguelmann.com.br\/blog\/wp-json\/wp\/v2\/media?parent=12416"}],"wp:term":[{"taxonomy":"category","embeddable":true,"href":"https:\/\/gersonguelmann.com.br\/blog\/wp-json\/wp\/v2\/categories?post=12416"},{"taxonomy":"post_tag","embeddable":true,"href":"https:\/\/gersonguelmann.com.br\/blog\/wp-json\/wp\/v2\/tags?post=12416"}],"curies":[{"name":"wp","href":"https:\/\/api.w.org\/{rel}","templated":true}]}}