    {"id":12428,"date":"2018-05-03T18:00:09","date_gmt":"2018-05-03T21:00:09","guid":{"rendered":"https:\/\/gersonguelmann.com.br\/blog\/?p=12428"},"modified":"2018-05-03T18:00:09","modified_gmt":"2018-05-03T21:00:09","slug":"gleisi-podera-visitar-lula","status":"publish","type":"post","link":"https:\/\/gersonguelmann.com.br\/blog\/gleisi-podera-visitar-lula\/","title":{"rendered":"Gleisi Poder\u00e1 Visitar Lula"},"content":{"rendered":"<p><span style=\"color: #000000; font-family: georgia, palatino, serif; font-size: 12pt;\">Not\u00edcia que acaba de ser publicada:<\/span><\/p>\n<div class=\"article-category\"><span style=\"font-size: 14pt;\"><strong><span style=\"color: #000000;\">BRASIL<\/span><\/strong><\/span><\/div>\n<p class=\"article-title\"><strong><span style=\"color: #000000; font-size: 24pt;\">Amigos e aliados s\u00e3o autorizados a visitar Lula \u00e0s 5\u00aa feiras<\/span><\/strong><\/p>\n<p class=\"article-subtitle\"><span style=\"font-size: 14pt;\"><strong><span style=\"color: #000000;\">Presidente nacional do PT, senadora Gleisi Hoffmann, e o ex-ministro Jaques Wagner foram autorizados a estar com ex-presidente<\/span><\/strong><\/span><\/p>\n<div class=\"article-author\"><span style=\"color: #000000;\">Por\u00a0<strong>Daniel Weterman, do Estad\u00e3o Conte\u00fado<\/strong><\/span><\/div>\n<div class=\"article-date\"><span style=\"color: #000000;\">3 maio 2018, 17h48<\/span><\/div>\n<div>\n<p><span style=\"color: #000000; font-size: 14pt;\">S\u00e3o Paulo \u2013 A Justi\u00e7a Federal autorizou o ex-presidente\u00a0<strong>Luiz In\u00e1cio Lula da Silva<\/strong>a receber visitas de amigos e aliados pol\u00edticos \u00e0s quintas-feiras, dia reservado para familiares, segundo informa\u00e7\u00f5es da Superintend\u00eancia da Pol\u00edcia Federal em Curitiba.<\/span><\/p>\n<p><span style=\"color: #000000; font-size: 14pt;\">Na tarde desta quinta-feira, 3, a presidente nacional do PT, senadora\u00a0<strong>Gleisi Hoffmann<\/strong>\u00a0(PR), e o ex-ministro\u00a0<strong>Jaques Wagner<\/strong>\u00a0foram autorizados a estar com Lula.<\/span><\/p>\n<p><span style=\"color: #000000; font-size: 14pt;\">A autoriza\u00e7\u00e3o para a visita de amigos e aliados veio da ju\u00edza Carolina Lebbos, da 12\u00aa Vara de Execu\u00e7\u00f5es Penais de Curitiba, de acordo com a PF em Curitiba. Ser\u00e3o permitidas visitas de duas pessoas autorizadas pelo ex-presidente atrav\u00e9s de sua defesa toda quinta-feira, por uma hora de dura\u00e7\u00e3o.<\/span><\/p>\n<p><span style=\"color: #000000; font-size: 14pt;\">Anteriormente, s\u00f3 estavam autorizadas pessoas com v\u00ednculo familiar de primeiro grau por conta de um \u201cper\u00edodo de adapta\u00e7\u00e3o\u201d, segundo a PF. O \u00f3rg\u00e3o esclareceu que as regras j\u00e1 valem para os demais presos.<\/span><\/p>\n<p><span style=\"color: #000000; font-size: 14pt;\">Familiares e aliados pol\u00edticos ter\u00e3o de se revezar para o ver o petista no local onde est\u00e1 preso desde o dia 7 de abril, j\u00e1 que apenas duas pessoas est\u00e3o autorizadas a entrar a cada quinta-feira.<\/span><\/p>\n<p><span style=\"color: #000000; font-size: 14pt;\">Ap\u00f3s visitarem Lula, Gleisi e Wagner devem conceder uma entrevista coletiva \u00e0 imprensa em frente \u00e0 sede da Superintend\u00eancia.<\/span><\/p>\n<p><span style=\"color: #0000ff;\"><span style=\"font-family: georgia, palatino, serif; font-size: 18pt;\"><em><strong><span style=\"color: #000000;\">Mat\u00e9ria publicada original<\/span> <a href=\"https:\/\/exame.abril.com.br\/brasil\/amigos-e-aliados-sao-autorizados-a-visitar-lula-as-5a-feiras\/\">aqui<\/a>.<\/strong><\/em><\/span><\/span><\/p>\n<\/div>\n<p><img data-recalc-dims=\"1\" fetchpriority=\"high\" decoding=\"async\" data-attachment-id=\"12429\" data-permalink=\"https:\/\/gersonguelmann.com.br\/blog\/gleisi-podera-visitar-lula\/a18nzwweqyu2lstclx3lis6rv\/\" data-orig-file=\"https:\/\/i0.wp.com\/gersonguelmann.com.br\/blog\/wp-content\/uploads\/2018\/05\/a18nzwweqyu2lstclx3lis6rv.jpg?fit=652%2C408&amp;ssl=1\" data-orig-size=\"652,408\" data-comments-opened=\"1\" data-image-meta=\"{&quot;aperture&quot;:&quot;0&quot;,&quot;credit&quot;:&quot;&quot;,&quot;camera&quot;:&quot;&quot;,&quot;caption&quot;:&quot;&quot;,&quot;created_timestamp&quot;:&quot;0&quot;,&quot;copyright&quot;:&quot;&quot;,&quot;focal_length&quot;:&quot;0&quot;,&quot;iso&quot;:&quot;0&quot;,&quot;shutter_speed&quot;:&quot;0&quot;,&quot;title&quot;:&quot;&quot;,&quot;orientation&quot;:&quot;0&quot;}\" data-image-title=\"a18nzwweqyu2lstclx3lis6rv\" data-image-description=\"\" data-image-caption=\"\" data-medium-file=\"https:\/\/i0.wp.com\/gersonguelmann.com.br\/blog\/wp-content\/uploads\/2018\/05\/a18nzwweqyu2lstclx3lis6rv.jpg?fit=300%2C188&amp;ssl=1\" data-large-file=\"https:\/\/i0.wp.com\/gersonguelmann.com.br\/blog\/wp-content\/uploads\/2018\/05\/a18nzwweqyu2lstclx3lis6rv.jpg?fit=640%2C400&amp;ssl=1\" class=\"size-medium wp-image-12429 aligncenter\" src=\"https:\/\/i0.wp.com\/gersonguelmann.com.br\/blog\/wp-content\/uploads\/2018\/05\/a18nzwweqyu2lstclx3lis6rv.jpg?resize=300%2C188&#038;ssl=1\" alt=\"\" width=\"300\" height=\"188\" srcset=\"https:\/\/i0.wp.com\/gersonguelmann.com.br\/blog\/wp-content\/uploads\/2018\/05\/a18nzwweqyu2lstclx3lis6rv.jpg?resize=300%2C188&amp;ssl=1 300w, https:\/\/i0.wp.com\/gersonguelmann.com.br\/blog\/wp-content\/uploads\/2018\/05\/a18nzwweqyu2lstclx3lis6rv.jpg?w=652&amp;ssl=1 652w\" sizes=\"(max-width: 300px) 100vw, 300px\" \/><\/p>\n<p>&nbsp;<\/p>\n","protected":false},"excerpt":{"rendered":"<p>Not\u00edcia que acaba de ser publicada: BRASIL Amigos e aliados s\u00e3o autorizados a visitar Lula \u00e0s 5\u00aa feiras Presidente nacional do PT, senadora Gleisi Hoffmann, e o ex-ministro Jaques Wagner foram autorizados a estar com ex-presidente Por\u00a0Daniel Weterman, do Estad\u00e3o Conte\u00fado 3 maio 2018, 17h48 S\u00e3o Paulo \u2013 A Justi\u00e7a Federal autorizou o ex-presidente\u00a0Luiz In\u00e1cio [&hellip;]<\/p>\n","protected":false},"author":5,"featured_media":12429,"comment_status":"open","ping_status":"open","sticky":false,"template":"","format":"standard","meta":{"_acf_changed":false,"jetpack_post_was_ever_published":false,"_jetpack_newsletter_access":"","_jetpack_dont_email_post_to_subs":false,"_jetpack_newsletter_tier_id":0,"_jetpack_memberships_contains_paywalled_content":false,"_jetpack_memberships_contains_paid_content":false,"footnotes":"","jetpack_publicize_message":"","jetpack_publicize_feature_enabled":true,"jetpack_social_post_already_shared":true,"jetpack_social_options":{"image_generator_settings":{"template":"highway","default_image_id":0,"font":"","enabled":false},"version":2}},"categories":[1],"tags":[],"class_list":["post-12428","post","type-post","status-publish","format-standard","has-post-thumbnail","hentry","category-sem-categoria"],"acf":[],"yoast_head":"<!-- This site is optimized with the Yoast SEO plugin v27.3 - https:\/\/yoast.com\/product\/yoast-seo-wordpress\/ -->\n<title>Gleisi Poder\u00e1 Visitar Lula | Blog do Guelmann<\/title>\n<meta name=\"robots\" content=\"index, follow, max-snippet:-1, max-image-preview:large, max-video-preview:-1\" \/>\n<link rel=\"canonical\" href=\"https:\/\/gersonguelmann.com.br\/blog\/gleisi-podera-visitar-lula\/\" \/>\n<meta property=\"og:locale\" content=\"pt_BR\" \/>\n<meta property=\"og:type\" content=\"article\" \/>\n<meta property=\"og:title\" content=\"Gleisi Poder\u00e1 Visitar Lula | Blog do Guelmann\" \/>\n<meta property=\"og:description\" content=\"Not\u00edcia que acaba de ser publicada: BRASIL Amigos e aliados s\u00e3o autorizados a visitar Lula \u00e0s 5\u00aa feiras Presidente nacional do PT, senadora Gleisi Hoffmann, e o ex-ministro Jaques Wagner foram autorizados a estar com ex-presidente Por\u00a0Daniel Weterman, do Estad\u00e3o Conte\u00fado 3 maio 2018, 17h48 S\u00e3o Paulo \u2013 A Justi\u00e7a Federal autorizou o ex-presidente\u00a0Luiz In\u00e1cio [&hellip;]\" \/>\n<meta property=\"og:url\" content=\"https:\/\/gersonguelmann.com.br\/blog\/gleisi-podera-visitar-lula\/\" \/>\n<meta property=\"og:site_name\" content=\"Blog do Guelmann\" \/>\n<meta property=\"article:published_time\" content=\"2018-05-03T21:00:09+00:00\" \/>\n<meta property=\"og:image\" content=\"https:\/\/i0.wp.com\/gersonguelmann.com.br\/blog\/wp-content\/uploads\/2018\/05\/a18nzwweqyu2lstclx3lis6rv.jpg?fit=652%2C408&ssl=1\" \/>\n\t<meta property=\"og:image:width\" content=\"652\" \/>\n\t<meta property=\"og:image:height\" content=\"408\" \/>\n\t<meta property=\"og:image:type\" content=\"image\/jpeg\" \/>\n<meta name=\"author\" content=\"Gerson Guelmann\" \/>\n<meta name=\"twitter:card\" content=\"summary_large_image\" \/>\n<meta name=\"twitter:label1\" content=\"Escrito por\" \/>\n\t<meta name=\"twitter:data1\" content=\"Gerson Guelmann\" \/>\n\t<meta name=\"twitter:label2\" content=\"Est. tempo de leitura\" \/>\n\t<meta name=\"twitter:data2\" content=\"1 minuto\" \/>\n<script type=\"application\/ld+json\" class=\"yoast-schema-graph\">{\"@context\":\"https:\\\/\\\/schema.org\",\"@graph\":[{\"@type\":\"Article\",\"@id\":\"https:\\\/\\\/gersonguelmann.com.br\\\/blog\\\/gleisi-podera-visitar-lula\\\/#article\",\"isPartOf\":{\"@id\":\"https:\\\/\\\/gersonguelmann.com.br\\\/blog\\\/gleisi-podera-visitar-lula\\\/\"},\"author\":{\"name\":\"Gerson Guelmann\",\"@id\":\"https:\\\/\\\/gersonguelmann.com.br\\\/blog\\\/#\\\/schema\\\/person\\\/87e70e2a786888082f941a482c90569e\"},\"headline\":\"Gleisi Poder\u00e1 Visitar Lula\",\"datePublished\":\"2018-05-03T21:00:09+00:00\",\"mainEntityOfPage\":{\"@id\":\"https:\\\/\\\/gersonguelmann.com.br\\\/blog\\\/gleisi-podera-visitar-lula\\\/\"},\"wordCount\":271,\"commentCount\":0,\"image\":{\"@id\":\"https:\\\/\\\/gersonguelmann.com.br\\\/blog\\\/gleisi-podera-visitar-lula\\\/#primaryimage\"},\"thumbnailUrl\":\"https:\\\/\\\/i0.wp.com\\\/gersonguelmann.com.br\\\/blog\\\/wp-content\\\/uploads\\\/2018\\\/05\\\/a18nzwweqyu2lstclx3lis6rv.jpg?fit=652%2C408&ssl=1\",\"inLanguage\":\"pt-BR\",\"potentialAction\":[{\"@type\":\"CommentAction\",\"name\":\"Comment\",\"target\":[\"https:\\\/\\\/gersonguelmann.com.br\\\/blog\\\/gleisi-podera-visitar-lula\\\/#respond\"]}]},{\"@type\":\"WebPage\",\"@id\":\"https:\\\/\\\/gersonguelmann.com.br\\\/blog\\\/gleisi-podera-visitar-lula\\\/\",\"url\":\"https:\\\/\\\/gersonguelmann.com.br\\\/blog\\\/gleisi-podera-visitar-lula\\\/\",\"name\":\"Gleisi Poder\u00e1 Visitar Lula | Blog do Guelmann\",\"isPartOf\":{\"@id\":\"https:\\\/\\\/gersonguelmann.com.br\\\/blog\\\/#website\"},\"primaryImageOfPage\":{\"@id\":\"https:\\\/\\\/gersonguelmann.com.br\\\/blog\\\/gleisi-podera-visitar-lula\\\/#primaryimage\"},\"image\":{\"@id\":\"https:\\\/\\\/gersonguelmann.com.br\\\/blog\\\/gleisi-podera-visitar-lula\\\/#primaryimage\"},\"thumbnailUrl\":\"https:\\\/\\\/i0.wp.com\\\/gersonguelmann.com.br\\\/blog\\\/wp-content\\\/uploads\\\/2018\\\/05\\\/a18nzwweqyu2lstclx3lis6rv.jpg?fit=652%2C408&ssl=1\",\"datePublished\":\"2018-05-03T21:00:09+00:00\",\"author\":{\"@id\":\"https:\\\/\\\/gersonguelmann.com.br\\\/blog\\\/#\\\/schema\\\/person\\\/87e70e2a786888082f941a482c90569e\"},\"inLanguage\":\"pt-BR\",\"potentialAction\":[{\"@type\":\"ReadAction\",\"target\":[\"https:\\\/\\\/gersonguelmann.com.br\\\/blog\\\/gleisi-podera-visitar-lula\\\/\"]}]},{\"@type\":\"ImageObject\",\"inLanguage\":\"pt-BR\",\"@id\":\"https:\\\/\\\/gersonguelmann.com.br\\\/blog\\\/gleisi-podera-visitar-lula\\\/#primaryimage\",\"url\":\"https:\\\/\\\/i0.wp.com\\\/gersonguelmann.com.br\\\/blog\\\/wp-content\\\/uploads\\\/2018\\\/05\\\/a18nzwweqyu2lstclx3lis6rv.jpg?fit=652%2C408&ssl=1\",\"contentUrl\":\"https:\\\/\\\/i0.wp.com\\\/gersonguelmann.com.br\\\/blog\\\/wp-content\\\/uploads\\\/2018\\\/05\\\/a18nzwweqyu2lstclx3lis6rv.jpg?fit=652%2C408&ssl=1\",\"width\":652,\"height\":408},{\"@type\":\"WebSite\",\"@id\":\"https:\\\/\\\/gersonguelmann.com.br\\\/blog\\\/#website\",\"url\":\"https:\\\/\\\/gersonguelmann.com.br\\\/blog\\\/\",\"name\":\"Blog do Guelmann\",\"description\":\"Pitadas da sabedoria e do humor judaicos, assuntos do momento e um pouco das hist\u00f3rias que vivi e testemunhei.\",\"potentialAction\":[{\"@type\":\"SearchAction\",\"target\":{\"@type\":\"EntryPoint\",\"urlTemplate\":\"https:\\\/\\\/gersonguelmann.com.br\\\/blog\\\/?s={search_term_string}\"},\"query-input\":{\"@type\":\"PropertyValueSpecification\",\"valueRequired\":true,\"valueName\":\"search_term_string\"}}],\"inLanguage\":\"pt-BR\"},{\"@type\":\"Person\",\"@id\":\"https:\\\/\\\/gersonguelmann.com.br\\\/blog\\\/#\\\/schema\\\/person\\\/87e70e2a786888082f941a482c90569e\",\"name\":\"Gerson Guelmann\",\"image\":{\"@type\":\"ImageObject\",\"inLanguage\":\"pt-BR\",\"@id\":\"https:\\\/\\\/i0.wp.com\\\/gersonguelmann.com.br\\\/blog\\\/wp-content\\\/uploads\\\/2021\\\/08\\\/BLOG.jpeg?fit=96%2C96&ssl=1\",\"url\":\"https:\\\/\\\/i0.wp.com\\\/gersonguelmann.com.br\\\/blog\\\/wp-content\\\/uploads\\\/2021\\\/08\\\/BLOG.jpeg?fit=96%2C96&ssl=1\",\"contentUrl\":\"https:\\\/\\\/i0.wp.com\\\/gersonguelmann.com.br\\\/blog\\\/wp-content\\\/uploads\\\/2021\\\/08\\\/BLOG.jpeg?fit=96%2C96&ssl=1\",\"caption\":\"Gerson Guelmann\"},\"description\":\"Pitadas da sabedoria e do humor judaicos, assuntos do momento e um pouco das hist\u00f3rias que vivi e testemunhei.\"}]}<\/script>\n<!-- \/ Yoast SEO plugin. -->","yoast_head_json":{"title":"Gleisi Poder\u00e1 Visitar Lula | Blog do Guelmann","robots":{"index":"index","follow":"follow","max-snippet":"max-snippet:-1","max-image-preview":"max-image-preview:large","max-video-preview":"max-video-preview:-1"},"canonical":"https:\/\/gersonguelmann.com.br\/blog\/gleisi-podera-visitar-lula\/","og_locale":"pt_BR","og_type":"article","og_title":"Gleisi Poder\u00e1 Visitar Lula | Blog do Guelmann","og_description":"Not\u00edcia que acaba de ser publicada: BRASIL Amigos e aliados s\u00e3o autorizados a visitar Lula \u00e0s 5\u00aa feiras Presidente nacional do PT, senadora Gleisi Hoffmann, e o ex-ministro Jaques Wagner foram autorizados a estar com ex-presidente Por\u00a0Daniel Weterman, do Estad\u00e3o Conte\u00fado 3 maio 2018, 17h48 S\u00e3o Paulo \u2013 A Justi\u00e7a Federal autorizou o ex-presidente\u00a0Luiz In\u00e1cio [&hellip;]","og_url":"https:\/\/gersonguelmann.com.br\/blog\/gleisi-podera-visitar-lula\/","og_site_name":"Blog do Guelmann","article_published_time":"2018-05-03T21:00:09+00:00","og_image":[{"width":652,"height":408,"url":"https:\/\/i0.wp.com\/gersonguelmann.com.br\/blog\/wp-content\/uploads\/2018\/05\/a18nzwweqyu2lstclx3lis6rv.jpg?fit=652%2C408&ssl=1","type":"image\/jpeg"}],"author":"Gerson Guelmann","twitter_card":"summary_large_image","twitter_misc":{"Escrito por":"Gerson Guelmann","Est. tempo de leitura":"1 minuto"},"schema":{"@context":"https:\/\/schema.org","@graph":[{"@type":"Article","@id":"https:\/\/gersonguelmann.com.br\/blog\/gleisi-podera-visitar-lula\/#article","isPartOf":{"@id":"https:\/\/gersonguelmann.com.br\/blog\/gleisi-podera-visitar-lula\/"},"author":{"name":"Gerson Guelmann","@id":"https:\/\/gersonguelmann.com.br\/blog\/#\/schema\/person\/87e70e2a786888082f941a482c90569e"},"headline":"Gleisi Poder\u00e1 Visitar Lula","datePublished":"2018-05-03T21:00:09+00:00","mainEntityOfPage":{"@id":"https:\/\/gersonguelmann.com.br\/blog\/gleisi-podera-visitar-lula\/"},"wordCount":271,"commentCount":0,"image":{"@id":"https:\/\/gersonguelmann.com.br\/blog\/gleisi-podera-visitar-lula\/#primaryimage"},"thumbnailUrl":"https:\/\/i0.wp.com\/gersonguelmann.com.br\/blog\/wp-content\/uploads\/2018\/05\/a18nzwweqyu2lstclx3lis6rv.jpg?fit=652%2C408&ssl=1","inLanguage":"pt-BR","potentialAction":[{"@type":"CommentAction","name":"Comment","target":["https:\/\/gersonguelmann.com.br\/blog\/gleisi-podera-visitar-lula\/#respond"]}]},{"@type":"WebPage","@id":"https:\/\/gersonguelmann.com.br\/blog\/gleisi-podera-visitar-lula\/","url":"https:\/\/gersonguelmann.com.br\/blog\/gleisi-podera-visitar-lula\/","name":"Gleisi Poder\u00e1 Visitar Lula | Blog do Guelmann","isPartOf":{"@id":"https:\/\/gersonguelmann.com.br\/blog\/#website"},"primaryImageOfPage":{"@id":"https:\/\/gersonguelmann.com.br\/blog\/gleisi-podera-visitar-lula\/#primaryimage"},"image":{"@id":"https:\/\/gersonguelmann.com.br\/blog\/gleisi-podera-visitar-lula\/#primaryimage"},"thumbnailUrl":"https:\/\/i0.wp.com\/gersonguelmann.com.br\/blog\/wp-content\/uploads\/2018\/05\/a18nzwweqyu2lstclx3lis6rv.jpg?fit=652%2C408&ssl=1","datePublished":"2018-05-03T21:00:09+00:00","author":{"@id":"https:\/\/gersonguelmann.com.br\/blog\/#\/schema\/person\/87e70e2a786888082f941a482c90569e"},"inLanguage":"pt-BR","potentialAction":[{"@type":"ReadAction","target":["https:\/\/gersonguelmann.com.br\/blog\/gleisi-podera-visitar-lula\/"]}]},{"@type":"ImageObject","inLanguage":"pt-BR","@id":"https:\/\/gersonguelmann.com.br\/blog\/gleisi-podera-visitar-lula\/#primaryimage","url":"https:\/\/i0.wp.com\/gersonguelmann.com.br\/blog\/wp-content\/uploads\/2018\/05\/a18nzwweqyu2lstclx3lis6rv.jpg?fit=652%2C408&ssl=1","contentUrl":"https:\/\/i0.wp.com\/gersonguelmann.com.br\/blog\/wp-content\/uploads\/2018\/05\/a18nzwweqyu2lstclx3lis6rv.jpg?fit=652%2C408&ssl=1","width":652,"height":408},{"@type":"WebSite","@id":"https:\/\/gersonguelmann.com.br\/blog\/#website","url":"https:\/\/gersonguelmann.com.br\/blog\/","name":"Blog do Guelmann","description":"Pitadas da sabedoria e do humor judaicos, assuntos do momento e um pouco das hist\u00f3rias que vivi e testemunhei.","potentialAction":[{"@type":"SearchAction","target":{"@type":"EntryPoint","urlTemplate":"https:\/\/gersonguelmann.com.br\/blog\/?s={search_term_string}"},"query-input":{"@type":"PropertyValueSpecification","valueRequired":true,"valueName":"search_term_string"}}],"inLanguage":"pt-BR"},{"@type":"Person","@id":"https:\/\/gersonguelmann.com.br\/blog\/#\/schema\/person\/87e70e2a786888082f941a482c90569e","name":"Gerson Guelmann","image":{"@type":"ImageObject","inLanguage":"pt-BR","@id":"https:\/\/i0.wp.com\/gersonguelmann.com.br\/blog\/wp-content\/uploads\/2021\/08\/BLOG.jpeg?fit=96%2C96&ssl=1","url":"https:\/\/i0.wp.com\/gersonguelmann.com.br\/blog\/wp-content\/uploads\/2021\/08\/BLOG.jpeg?fit=96%2C96&ssl=1","contentUrl":"https:\/\/i0.wp.com\/gersonguelmann.com.br\/blog\/wp-content\/uploads\/2021\/08\/BLOG.jpeg?fit=96%2C96&ssl=1","caption":"Gerson Guelmann"},"description":"Pitadas da sabedoria e do humor judaicos, assuntos do momento e um pouco das hist\u00f3rias que vivi e testemunhei."}]}},"views":33,"jetpack_publicize_connections":[],"jetpack_featured_media_url":"https:\/\/i0.wp.com\/gersonguelmann.com.br\/blog\/wp-content\/uploads\/2018\/05\/a18nzwweqyu2lstclx3lis6rv.jpg?fit=652%2C408&ssl=1","jetpack_shortlink":"https:\/\/wp.me\/p96e7O-3es","jetpack-related-posts":[{"id":11794,"url":"https:\/\/gersonguelmann.com.br\/blog\/na-al-jazeera-a-patetica-gleisi-denuncia-a-prisao-de-lula\/","url_meta":{"origin":12428,"position":0},"title":"Na Al-Jazeera, a Pat\u00e9tica Gleisi Denuncia a Pris\u00e3o de Lula","author":"Gerson Guelmann","date":"18 de abril de 2018","format":false,"excerpt":"Um dos epis\u00f3dios mais constrangedores envolvendo a pris\u00e3o do ex-presidente Lula foi protagonizado pela senadora Gleisi Hoffmann. Em entrevista \u00e0 Al-Jazeera, a rede de TV sediada no Catar,\u00a0Gleisi disse ao mundo \u00e1rabe que Lula \u00e9 um preso pol\u00edtico condenado sem provas num processo ilegal conduzido por ju\u00edzes parciais.\u00a0 Ao mesmo\u2026","rel":"","context":"Em &quot;Sem categoria&quot;","block_context":{"text":"Sem categoria","link":"https:\/\/gersonguelmann.com.br\/blog\/category\/sem-categoria\/"},"img":{"alt_text":"","src":"https:\/\/i0.wp.com\/gersonguelmann.com.br\/blog\/wp-content\/uploads\/2018\/04\/download-12.jpg?resize=350%2C200&ssl=1","width":350,"height":200},"classes":[]},{"id":12315,"url":"https:\/\/gersonguelmann.com.br\/blog\/urgente-gleisi-denunciada\/","url_meta":{"origin":12428,"position":1},"title":"Urgente: Gleisi Denunciada","author":"Gerson Guelmann","date":"30 de abril de 2018","format":false,"excerpt":"Acabou de sair n'O Antagonista: URGENTE: PGR DENUNCIA LULA, PALOCCI E GLEISI HOFFMANN Brasil\u00a030.04.18 19:54 Raquel Dodge acaba de denunciar ao STF o ex-presidente Lula, o ex-ministro Antonio Palocci e a senadora Gleisi Hoffmann, al\u00e9m de seu marido Paulo Bernardo, pelos crimes de corrup\u00e7\u00e3o e lavagem de dinheiro. Mat\u00e9ria original\u2026","rel":"","context":"Em &quot;Sem categoria&quot;","block_context":{"text":"Sem categoria","link":"https:\/\/gersonguelmann.com.br\/blog\/category\/sem-categoria\/"},"img":{"alt_text":"","src":"https:\/\/i0.wp.com\/gersonguelmann.com.br\/blog\/wp-content\/uploads\/2018\/04\/gleisi-hoffmann.jpeg?fit=736%2C439&ssl=1&resize=350%2C200","width":350,"height":200,"srcset":"https:\/\/i0.wp.com\/gersonguelmann.com.br\/blog\/wp-content\/uploads\/2018\/04\/gleisi-hoffmann.jpeg?fit=736%2C439&ssl=1&resize=350%2C200 1x, https:\/\/i0.wp.com\/gersonguelmann.com.br\/blog\/wp-content\/uploads\/2018\/04\/gleisi-hoffmann.jpeg?fit=736%2C439&ssl=1&resize=525%2C300 1.5x, https:\/\/i0.wp.com\/gersonguelmann.com.br\/blog\/wp-content\/uploads\/2018\/04\/gleisi-hoffmann.jpeg?fit=736%2C439&ssl=1&resize=700%2C400 2x"},"classes":[]},{"id":13644,"url":"https:\/\/gersonguelmann.com.br\/blog\/o-desastre-de-katia-abreu-apos-apoio-de-lula\/","url_meta":{"origin":12428,"position":2},"title":"O Desastre de Katia Abreu Ap\u00f3s o Apoio de Lula e Gleisi","author":"Gerson Guelmann","date":"4 de junho de 2018","format":false,"excerpt":"O estado de Tocantins teve elei\u00e7\u00f5es para governador ontem. O candidato Mauro Carlesse, que teve mais votos, n\u00e3o conseguiu a maioria, e haver\u00e1 um 2\u00b0 turno entre ele e\u00a0Vicentinho Alves. O vencedor ter\u00e1 um mandato-tamp\u00e3o de 6 meses. O novo pleito\u00a0ocorreu por determina\u00e7\u00e3o do Tribunal Superior Eleitoral, que cassou o\u2026","rel":"","context":"Em &quot;Sem categoria&quot;","block_context":{"text":"Sem categoria","link":"https:\/\/gersonguelmann.com.br\/blog\/category\/sem-categoria\/"},"img":{"alt_text":"","src":"https:\/\/i0.wp.com\/gersonguelmann.com.br\/blog\/wp-content\/uploads\/2018\/06\/KA.jpeg?fit=1200%2C1200&ssl=1&resize=350%2C200","width":350,"height":200,"srcset":"https:\/\/i0.wp.com\/gersonguelmann.com.br\/blog\/wp-content\/uploads\/2018\/06\/KA.jpeg?fit=1200%2C1200&ssl=1&resize=350%2C200 1x, https:\/\/i0.wp.com\/gersonguelmann.com.br\/blog\/wp-content\/uploads\/2018\/06\/KA.jpeg?fit=1200%2C1200&ssl=1&resize=525%2C300 1.5x, https:\/\/i0.wp.com\/gersonguelmann.com.br\/blog\/wp-content\/uploads\/2018\/06\/KA.jpeg?fit=1200%2C1200&ssl=1&resize=700%2C400 2x, https:\/\/i0.wp.com\/gersonguelmann.com.br\/blog\/wp-content\/uploads\/2018\/06\/KA.jpeg?fit=1200%2C1200&ssl=1&resize=1050%2C600 3x"},"classes":[]},{"id":11511,"url":"https:\/\/gersonguelmann.com.br\/blog\/muito-prazer-gleisi-lula-hoffmann\/","url_meta":{"origin":12428,"position":3},"title":"Muito Prazer, Gleisi Lula Hoffmann","author":"Gerson Guelmann","date":"11 de abril de 2018","format":false,"excerpt":"A senadora pelo Paran\u00e1, Gleisi Hoffmann, requereu do presidente do Senado Federal a inclus\u00e3o da palavra \"Lula\" em seu nome parlamentar, solicitando a devida altera\u00e7\u00e3o no painel do Plen\u00e1rio. A partir de agora o nome dela dever\u00e1 aparecer como \"Gleisi Lula Hoffmann\". Parece que outros parlamentares j\u00e1 fizeram ou far\u00e3o\u2026","rel":"","context":"Em &quot;Sem categoria&quot;","block_context":{"text":"Sem categoria","link":"https:\/\/gersonguelmann.com.br\/blog\/category\/sem-categoria\/"},"img":{"alt_text":"","src":"https:\/\/i0.wp.com\/gersonguelmann.com.br\/blog\/wp-content\/uploads\/2018\/04\/unnamed.jpg?fit=675%2C1200&ssl=1&resize=350%2C200","width":350,"height":200,"srcset":"https:\/\/i0.wp.com\/gersonguelmann.com.br\/blog\/wp-content\/uploads\/2018\/04\/unnamed.jpg?fit=675%2C1200&ssl=1&resize=350%2C200 1x, https:\/\/i0.wp.com\/gersonguelmann.com.br\/blog\/wp-content\/uploads\/2018\/04\/unnamed.jpg?fit=675%2C1200&ssl=1&resize=525%2C300 1.5x"},"classes":[]},{"id":12631,"url":"https:\/\/gersonguelmann.com.br\/blog\/ve-se-pode-gilmar-mendes-quer-visitar-lula-na-prisao\/","url_meta":{"origin":12428,"position":4},"title":"V\u00ea se Pode: Gilmar Mendes Quer Visitar Lula na Pris\u00e3o","author":"Gerson Guelmann","date":"8 de maio de 2018","format":false,"excerpt":"Algu\u00e9m deve estar de brincadeira com a gente. Veja o que a jornalista M\u00f4nica Bergamo diz em sua coluna na Folha de S\u00e3o Paulo de hoje: \u00a0 8.mai.2018 \u00e0s 2h00\u00a0 \u00a0 Gilmar Mendes quer entrevistar Lula na pris\u00e3o sobre Constituinte de 1988 Ministro do STF est\u00e1 gravando pessoalmente depoimentos sobre\u2026","rel":"","context":"Em &quot;Sem categoria&quot;","block_context":{"text":"Sem categoria","link":"https:\/\/gersonguelmann.com.br\/blog\/category\/sem-categoria\/"},"img":{"alt_text":"","src":"https:\/\/i0.wp.com\/gersonguelmann.com.br\/blog\/wp-content\/uploads\/2018\/05\/lula-e-gilmar-mendes.jpg?fit=744%2C496&ssl=1&resize=350%2C200","width":350,"height":200,"srcset":"https:\/\/i0.wp.com\/gersonguelmann.com.br\/blog\/wp-content\/uploads\/2018\/05\/lula-e-gilmar-mendes.jpg?fit=744%2C496&ssl=1&resize=350%2C200 1x, https:\/\/i0.wp.com\/gersonguelmann.com.br\/blog\/wp-content\/uploads\/2018\/05\/lula-e-gilmar-mendes.jpg?fit=744%2C496&ssl=1&resize=525%2C300 1.5x, https:\/\/i0.wp.com\/gersonguelmann.com.br\/blog\/wp-content\/uploads\/2018\/05\/lula-e-gilmar-mendes.jpg?fit=744%2C496&ssl=1&resize=700%2C400 2x"},"classes":[]},{"id":13697,"url":"https:\/\/gersonguelmann.com.br\/blog\/gleisi-pede-doacao-para-campanha-do-lula-nao-ria-e-serio\/","url_meta":{"origin":12428,"position":5},"title":"Gleisi Pede Doa\u00e7\u00e3o Para Campanha do Lula (N\u00e3o Ria, \u00e9 S\u00e9rio)","author":"Gerson Guelmann","date":"6 de junho de 2018","format":false,"excerpt":"N\u00e3o vou comentar a respeito. Farei apenas o registro, para an\u00e1lise de todos: - a presidente do PT, Gleisi Hoffmann, est\u00e1 usando as redes sociais para fazer um apelo para arrecada\u00e7\u00e3o de fundos destinados a financiar a campanha do Lula \u00e0 presid\u00eancia da Rep\u00fablica No site, o PT afirma que\u2026","rel":"","context":"Em &quot;Sem categoria&quot;","block_context":{"text":"Sem categoria","link":"https:\/\/gersonguelmann.com.br\/blog\/category\/sem-categoria\/"},"img":{"alt_text":"","src":"https:\/\/i0.wp.com\/gersonguelmann.com.br\/blog\/wp-content\/uploads\/2018\/06\/arte-lula-pre-campanha-780x440.jpeg?fit=540%2C281&ssl=1&resize=350%2C200","width":350,"height":200,"srcset":"https:\/\/i0.wp.com\/gersonguelmann.com.br\/blog\/wp-content\/uploads\/2018\/06\/arte-lula-pre-campanha-780x440.jpeg?fit=540%2C281&ssl=1&resize=350%2C200 1x, https:\/\/i0.wp.com\/gersonguelmann.com.br\/blog\/wp-content\/uploads\/2018\/06\/arte-lula-pre-campanha-780x440.jpeg?fit=540%2C281&ssl=1&resize=525%2C300 1.5x"},"classes":[]}],"jetpack_sharing_enabled":true,"post_mailing_queue_ids":[],"_links":{"self":[{"href":"https:\/\/gersonguelmann.com.br\/blog\/wp-json\/wp\/v2\/posts\/12428","targetHints":{"allow":["GET"]}}],"collection":[{"href":"https:\/\/gersonguelmann.com.br\/blog\/wp-json\/wp\/v2\/posts"}],"about":[{"href":"https:\/\/gersonguelmann.com.br\/blog\/wp-json\/wp\/v2\/types\/post"}],"author":[{"embeddable":true,"href":"https:\/\/gersonguelmann.com.br\/blog\/wp-json\/wp\/v2\/users\/5"}],"replies":[{"embeddable":true,"href":"https:\/\/gersonguelmann.com.br\/blog\/wp-json\/wp\/v2\/comments?post=12428"}],"version-history":[{"count":0,"href":"https:\/\/gersonguelmann.com.br\/blog\/wp-json\/wp\/v2\/posts\/12428\/revisions"}],"wp:featuredmedia":[{"embeddable":true,"href":"https:\/\/gersonguelmann.com.br\/blog\/wp-json\/wp\/v2\/media\/12429"}],"wp:attachment":[{"href":"https:\/\/gersonguelmann.com.br\/blog\/wp-json\/wp\/v2\/media?parent=12428"}],"wp:term":[{"taxonomy":"category","embeddable":true,"href":"https:\/\/gersonguelmann.com.br\/blog\/wp-json\/wp\/v2\/categories?post=12428"},{"taxonomy":"post_tag","embeddable":true,"href":"https:\/\/gersonguelmann.com.br\/blog\/wp-json\/wp\/v2\/tags?post=12428"}],"curies":[{"name":"wp","href":"https:\/\/api.w.org\/{rel}","templated":true}]}}